{"id":41828,"date":"2021-10-27T13:17:50","date_gmt":"2021-10-27T12:17:50","guid":{"rendered":"https:\/\/speyer24news.com\/?p=41828"},"modified":"2021-10-27T15:18:41","modified_gmt":"2021-10-27T14:18:41","slug":"coronavirus-speyer-16","status":"publish","type":"post","link":"https:\/\/speyer24news.com\/?p=41828","title":{"rendered":"Coronavirus Speyer"},"content":{"rendered":"<style type=\"text\/css\">\r\n\t.ads_top_disp{}\r\n\t.ads_top_corner_disp{ float:left; margin:0px 10px 10px 0px; }\r\n\t.ads_first_p_disp{}\r\n\t.ads_bottom_disp{}\r\n\t<\/style>\n<h2 class=\"wp-block-heading\">Tagesaktuelle Fallzahlen f\u00fcr die Stadt Speyer von Montag bis Mittwoch (24.10. \u2013 27.10.2021)<\/h2>\n\n\n\n<h3 class=\"wp-block-heading\">Speyer weiterhin in Warnstufe 1 \/ 32 Neuinfektionen in einem Tag<\/h3>\n\n\n\n<div class=\"wp-block-image\"><figure class=\"aligncenter\"><img decoding=\"async\" loading=\"lazy\" width=\"800\" height=\"400\" src=\"https:\/\/speyer24news.com\/wp-content\/uploads\/2020\/05\/virus-1812092_1920.jpg\" alt=\"\" class=\"wp-image-26778\" srcset=\"https:\/\/speyer24news.com\/wp-content\/uploads\/2020\/05\/virus-1812092_1920.jpg 800w, https:\/\/speyer24news.com\/wp-content\/uploads\/2020\/05\/virus-1812092_1920-300x150.jpg 300w, https:\/\/speyer24news.com\/wp-content\/uploads\/2020\/05\/virus-1812092_1920-768x384.jpg 768w\" sizes=\"(max-width: 800px) 100vw, 800px\" \/><\/figure><\/div>\n\n\n\n<h3 class=\"wp-block-heading\">Mittwoch (27.10.2021)<\/h3>\n\n\n\n<p>Anzahl best\u00e4tigter F\u00e4lle von Coronavirus (SARS-CoV-2)-Infektionen in der Stadt Speyer: 3.594 (\u00a0<strong>+ 32<\/strong>\u00a0)<br>Davon hospitalisiert: 112 (\u00a0+ 4\u00a0)<br>Davon bereits genesen: 3.274<br>Todesf\u00e4lle: 91 (\u00a0unver\u00e4ndert\u00a0)<br>Gemeldete F\u00e4lle der letzten sieben Tage pro 100.000 Einwohner*innen (Inzidenz gem\u00e4\u00df LUA): 181,3 ( <strong>+ 35,5<\/strong> )<\/p>\n\n\n\n<h3 class=\"wp-block-heading\">Dienstag (26.10.2021)<\/h3>\n\n\n\n<p>Anzahl best\u00e4tigter F\u00e4lle von Coronavirus (SARS-CoV-2)-Infektionen in der Stadt Speyer: 3.562 (\u00a0+ 7\u00a0)<br>Davon hospitalisiert: 108 (\u00a0+ 1\u00a0)<br>Davon bereits genesen: 3.269<br>Todesf\u00e4lle: 91 (\u00a0unver\u00e4ndert\u00a0)<br>Gemeldete F\u00e4lle der letzten sieben Tage pro 100.000 Einwohner*innen (Inzidenz gem\u00e4\u00df LUA): 145,8 ( <strong>&#8211; 21,7<\/strong> )<\/p>\n\n\n\n<h3 class=\"wp-block-heading\">Montag (25.10.2021)<\/h3>\n\n\n\n<p>Anzahl best\u00e4tigter F\u00e4lle von Coronavirus (SARS-CoV-2)-Infektionen in der Stadt Speyer: 3.555 (\u00a0+ 11\u00a0)<br>Davon hospitalisiert: 107 (\u00a0unver\u00e4ndert\u00a0)<br>Davon bereits genesen: 3.257<br>Todesf\u00e4lle: 91 (\u00a0unver\u00e4ndert\u00a0)<br>Gemeldete F\u00e4lle der letzten sieben Tage pro 100.000 Einwohner*innen (Inzidenz gem\u00e4\u00df LUA): 167,5 (\u00a0+ 11,8 )<\/p>\n\n\n\n<p><em>Stadtverwaltung Speyer<br>27.10.2021<\/em><\/p>\n\n\n\n<h2 class=\"wp-block-heading\">Leitindikatoren zur Berechnung der Warnstufe<\/h2>\n\n\n\n<div class=\"wp-block-image\"><figure class=\"aligncenter\"><img decoding=\"async\" loading=\"lazy\" width=\"600\" height=\"600\" src=\"https:\/\/speyer24news.com\/wp-content\/uploads\/2021\/09\/Warnstufensystem-2G-.png\" alt=\"\" class=\"wp-image-40457\" srcset=\"https:\/\/speyer24news.com\/wp-content\/uploads\/2021\/09\/Warnstufensystem-2G-.png 600w, https:\/\/speyer24news.com\/wp-content\/uploads\/2021\/09\/Warnstufensystem-2G--300x300.png 300w, https:\/\/speyer24news.com\/wp-content\/uploads\/2021\/09\/Warnstufensystem-2G--150x150.png 150w\" sizes=\"(max-width: 600px) 100vw, 600px\" \/><\/figure><\/div>\n\n\n\n<figure class=\"wp-block-table aligncenter\"><table><tbody><tr><td>&nbsp;<\/td><td>Leitindikator \u201eSieben-Tage-Inzidenz\u201c<\/td><td>Leitindikator \u201eSieben-Tage-Hospitalisierungs-Inzidenz\u201c<\/td><td>Anteil COVID-19 an Intensivkapazit\u00e4t (%)<\/td><\/tr><tr><td>Dienstag,<br>26.10.2021<\/td><td>145,8<\/td><td>3,1<\/td><td>3,85<\/td><\/tr><tr><td>Montag, 25.10.2021<\/td><td>167,5<\/td><td>2,7<\/td><td>4,34<\/td><\/tr><tr><td>Sonntag,<br>24.10.2021<\/td><td>163,6<\/td><td>2,8<\/td><td>4,28<\/td><\/tr><tr><td>Samstag,<br>23.10.2021<\/td><td>167,5<\/td><td>2,7<\/td><td>4,22<\/td><\/tr><tr><td>Freitag,<br>22.10.2021<\/td><td>185,2<\/td><td>2,6<\/td><td>3,97<\/td><\/tr><tr><td>Donnerstag, 21.10.2021<\/td><td>183,3<\/td><td>2,4<\/td><td>3,73<\/td><\/tr><tr><td>Mittwoch, 20.10.2021<\/td><td>173,4<\/td><td>2,6<\/td><td>3,48<\/td><\/tr><\/tbody><\/table><\/figure>\n\n\n\n<p>Der&nbsp;<strong>Leitindikator \u201eSieben-Tage-Inzidenz\u201c<\/strong>&nbsp;gibt an, wie schnell sich das Virus verbreitet. Unter \u201eSieben-Tage-Inzidenz\u201c wird die Anzahl der Neuinfektionen mit dem Coronavirus SARS-CoV-2 je 100&nbsp;000 Einwohnerinnen und Einwohner innerhalb von sieben Tagen f\u00fcr jeden Landkreis und jede kreisfreie Stadt verstanden.<\/p>\n\n\n\n<p>Der&nbsp;<strong>Leitindikator \u201eSieben-Tage-Hospitalisierungs-Inzidenz\u201c&nbsp;<\/strong>zeigt an, wie viele Schwererkrankte innerhalb eines Zeitraums von sieben Tagen neu station\u00e4r aufgenommen wurden. Der Leitindikator \u201eSieben-Tage-Hospitalisierungs-Inzidenz\u201c misst die Anzahl der neu aufgenommenen Hospitalisierungsf\u00e4lle mit COVID-19-Erkrankung je 100 000 Einwohnerinnen und Einwohner im Durchschnitt der letzten sieben Tagen bezogen auf ein Versorgungsgebiet gem\u00e4\u00df Krankenhausplan des Landes Rheinland-Pfalz 2019 bis 2025.<\/p>\n\n\n\n<p>Der&nbsp;<strong>Leitindikator \u201eAnteil Intensivbetten\u201c<\/strong>&nbsp;misst die Belastung des Gesundheitswesens. Er bestimmt sich nach dem prozentualen Anteil der mit COVID-19-Erkrankten belegten Intensivbetten an der Intensivbettenkapazit\u00e4t innerhalb des Landes Rheinland-Pfalz.<\/p>\n\n\n\n<p>Es gilt das&nbsp;<strong>2G+ System<\/strong>: Dieses regelt, wie viele nicht-immunisierte Personen sich gemeinsam im \u00f6ffentlichen Raum aufhalten, auf Veranstaltungen gehen oder \u00f6ffentliche Einrichtungen wie Kinos oder Konzerth\u00e4user besuchen d\u00fcrfen.&nbsp;F\u00fcr immunisierte Personen wird der Zutritt hingegen nicht reduziert.<\/p>\n\n\n\n<p>Speyer befindet sich aktuell in&nbsp;<strong>Warnstufe 1<\/strong>.&nbsp;<\/p>\n\n\n\n<p><em>Robert-Koch-Institut (RKI)<br>27.10.2021<\/em><\/p>\n\n\n\n<h2 class=\"wp-block-heading\">Regelungen und Beschr\u00e4nkungen bei Warnstufe 1<\/h2>\n\n\n\n<div class=\"wp-block-image\"><figure class=\"aligncenter\"><img decoding=\"async\" loading=\"lazy\" width=\"835\" height=\"1024\" src=\"https:\/\/speyer24news.com\/wp-content\/uploads\/2021\/09\/Warnstufe-1-Regelungen-835x1024.jpg\" alt=\"\" class=\"wp-image-40458\" srcset=\"https:\/\/speyer24news.com\/wp-content\/uploads\/2021\/09\/Warnstufe-1-Regelungen-835x1024.jpg 835w, https:\/\/speyer24news.com\/wp-content\/uploads\/2021\/09\/Warnstufe-1-Regelungen-245x300.jpg 245w, https:\/\/speyer24news.com\/wp-content\/uploads\/2021\/09\/Warnstufe-1-Regelungen-768x942.jpg 768w, https:\/\/speyer24news.com\/wp-content\/uploads\/2021\/09\/Warnstufe-1-Regelungen.jpg 862w\" sizes=\"(max-width: 835px) 100vw, 835px\" \/><\/figure><\/div>\n\n\n\n<p><em>Staatskanzlei Rheinland-Pfalz<br>27.10.2021<\/em><\/p>\n\n\n\n<h2 class=\"wp-block-heading\">Drive-Thru-Impfaktion mit BioNTech am Sonntag, 7. November \u2013 Impfungen f\u00fcr rund 500 Personen auch ohne Termin m\u00f6glich<\/h2>\n\n\n\n<div class=\"wp-block-image\"><figure class=\"aligncenter size-large\"><img decoding=\"async\" loading=\"lazy\" width=\"600\" height=\"338\" src=\"https:\/\/speyer24news.com\/wp-content\/uploads\/2021\/06\/Drive-Thru-Impfung-Speyer.jpg\" alt=\"\" class=\"wp-image-37966\" srcset=\"https:\/\/speyer24news.com\/wp-content\/uploads\/2021\/06\/Drive-Thru-Impfung-Speyer.jpg 600w, https:\/\/speyer24news.com\/wp-content\/uploads\/2021\/06\/Drive-Thru-Impfung-Speyer-300x169.jpg 300w\" sizes=\"(max-width: 600px) 100vw, 600px\" \/><\/figure><\/div>\n\n\n\n<p>Am Sonntag, 7. November 2021, zwischen 9:00 und 14:00 Uhr findet auf den Parkpl\u00e4tzen von B\u00d6 Fashion (Hasenpf\u00fchlerweide 1) und EDEKA Stiegler (Am R\u00fcbsamenw\u00fchl 4) wieder eine Drive-Thru-Impfaktion mit dem Impfstoff von BioNTech\/Pfizer statt. Nachdem die St\u00e4ndige Impfkommission Anfang Oktober eine Empfehlung f\u00fcr eine Auffrischungsimpfung mit einem mRNA-Impfstoff f\u00fcr alle Personen ausgegeben hat, die mit dem Vakzin von Johnson &amp; Johnson geimpft wurden, haben Prof. Dr. Gerald Haupt und Peter B\u00f6deker, die bereits mehrere Drive-Thru-Impfaktionen in Speyer initiiert haben, die rund 3.000 Personen, die bei der Aktion im Juni geimpft wurden, zu einer Auffrischungsimpfung mit BioNTech eingeladen. Die Stadtverwaltung und viele weitere Partner unterst\u00fctzen die Aktion in bew\u00e4hrter Weise.<\/p>\n\n\n\n<p>Von der Impfaktion mit Johnson &amp; Johnson im Juni 2021 haben sich allein rund 1.000 Personen f\u00fcr eine Zweitimpfung mit BioNTech durch das MVZ Professor Haupt und Kollegen&nbsp;angemeldet. Zahlreiche weitere haben sich f\u00fcr eine Auffrischungsimpfung durch den eigenen Hausarzt oder die eigene Haus\u00e4rztin entschieden. Um gr\u00f6\u00dfere Verkehrsbeeintr\u00e4chtigungen zu vermeiden, werden Teilnehmenden alphabetisch zu bestimmen Terminslots eingeladen.<\/p>\n\n\n\n<p><strong>Ab 12 Uhr<\/strong>&nbsp;k\u00f6nnen dann auch Personen, die eine BioNTech-Impfung w\u00fcnschen,&nbsp;<strong>ohne Termin&nbsp;<\/strong>zur Aktion kommen. Daf\u00fcr stehen rund 500 Impfdosen zur Verf\u00fcgung. Dies k\u00f6nnen Erst- und Zweitimpfungen sein, aber auch Drittimpfungen f\u00fcr Personen, deren Zweitimpfung mit BioNTech bereits mindestens sechs Monate zur\u00fcckliegt. Die witterungsunabh\u00e4ngige Aktion eignet sich besonders f\u00fcr Impfwillige, die nur schlecht zum Hausarzt oder Impfbus kommen k\u00f6nnen, weil sie beispielsweise nicht so gut zu Fu\u00df sind oder nicht lange stehen k\u00f6nnen, denn wie gehabt k\u00f6nnen die Impflinge die ganze Zeit im Auto bleiben.<\/p>\n\n\n\n<p>Personen, die sich bei der Drive-Thru-Aktion erstimpfen lassen, k\u00f6nnen den Zweittermin entweder bei ihrer Hausarztpraxis anfragen oder direkt im MVZ Professor Haupt und Kollegen. Termine hierf\u00fcr werden ausschlie\u00dflich \u00fcber <a href=\"mailto:impfung@prof-haupt.de\">impfung@prof-haupt.de<\/a> vergeben.<\/p>\n\n\n\n<div class=\"wp-block-image\"><figure class=\"aligncenter size-large\"><img decoding=\"async\" loading=\"lazy\" width=\"800\" height=\"492\" src=\"https:\/\/speyer24news.com\/wp-content\/uploads\/2020\/11\/vaccine-4948463_1920.jpg\" alt=\"\" class=\"wp-image-31277\" srcset=\"https:\/\/speyer24news.com\/wp-content\/uploads\/2020\/11\/vaccine-4948463_1920.jpg 800w, https:\/\/speyer24news.com\/wp-content\/uploads\/2020\/11\/vaccine-4948463_1920-300x185.jpg 300w, https:\/\/speyer24news.com\/wp-content\/uploads\/2020\/11\/vaccine-4948463_1920-768x472.jpg 768w\" sizes=\"(max-width: 800px) 100vw, 800px\" \/><\/figure><\/div>\n\n\n\n<p>Die Auestra\u00dfe wird ab dem Kreisverkehr H\u00f6he Hasenpf\u00fchler Weide bis zum Kreisverkehr Franz-Kirrmeier-Stra\u00dfe in beiden Fahrtrichtungen f\u00fcr den Individualverkehr gesperrt. Die Zufahrt in die Auestra\u00dfe ist von der Franz-Kirrmeier-Stra\u00dfe kommend ausschlie\u00dflich f\u00fcr Teilnehmende der Impfaktion und direkte Anlieger*innen m\u00f6glich, wenn diese von Norden&nbsp;\u00fcber die K2 aus Richtung Otterstadt (Abfahrt von der B9: Rinkenbergerhof\/Otterstadt) anfahren. Die Anfahrt in die Auestra\u00dfe aus Richtung Dom\/S\u00fcden ist grunds\u00e4tzlich&nbsp;<strong>nicht m\u00f6glich<\/strong>. Die Zufahrt zum Parkplatz von B\u00d6 Fashion erfolgt \u00fcber das Gel\u00e4nde der Firma Blumen Risse. Diejenigen Teilnehmenden, die am Aktionstag zuerst vor Ort sind und den Anfang der Warteschlange bilden, werden gebeten, bereits auf der Auestra\u00dfe anzuhalten und&nbsp;<strong>noch nicht<\/strong>&nbsp;das Gel\u00e4nde der Firma Blumen Risse zu befahren. Mit Beginn um 9 Uhr werden die Wartenden dann autoweise eingelassen. Die Abfahrt erfolgt ausschlie\u00dflich \u00fcber die Nachtweide und die Tullastra\u00dfe.&nbsp;<\/p>\n\n\n\n<p>F\u00fcr Verkehrsteilnehmende, die in Richtung Abfallwirtschaftshof, Kl\u00e4ranlage und Deutschhof fahren m\u00f6chten, ist die Anfahrt aus Richtung Dom\/S\u00fcden kommend grunds\u00e4tzlich ohne gr\u00f6\u00dfere Probleme m\u00f6glich. Die Abfahrt aus den o.g. Bereichen wird, solange die Wartesituation andauert, ausschlie\u00dflich in Richtung Otterstadt m\u00f6glich sein.<\/p>\n\n\n\n<p>Verkehrsteilnehmende mit dem Ziel Am R\u00fcbsamenw\u00fchl haben die M\u00f6glichkeit \u00fcber die Route Wormser Landstra\u00dfe \u2013 Auestra\u00dfe \u2013 Kreisverkehr Am R\u00fcbsamenw\u00fchl zum Campingplatz, Badestrand und Restaurant am Steinh\u00e4userw\u00fchlsee zu gelangen und auf diesem Wege auch wieder abzufahren.<\/p>\n\n\n\n<p>Der Kommunale Vollzugsdienst der Stadt Speyer und die Polizei werden den Verkehr sowie die gesperrten Zufahrtswege \u00fcberwachen.<\/p>\n\n\n\n<p>Die Stadt Speyer bittet um Verst\u00e4ndnis f\u00fcr die entstehenden Einschr\u00e4nkungen im Stra\u00dfenverkehr.<\/p>\n\n\n\n<p><em>Stadtverwaltung Speyer<br>27.10.2021<\/em><\/p>\n","protected":false},"excerpt":{"rendered":"<div class=\"mh-excerpt\"><p>Tagesaktuelle Fallzahlen f\u00fcr die Stadt Speyer von Montag bis Mittwoch (24.10. \u2013 27.10.2021) Speyer weiterhin in Warnstufe 1 \/ 32 Neuinfektionen in einem Tag Mittwoch (27.10.2021) Anzahl best\u00e4tigter F\u00e4lle von Coronavirus (SARS-CoV-2)-Infektionen in der Stadt <a class=\"mh-excerpt-more\" href=\"https:\/\/speyer24news.com\/?p=41828\" title=\"Coronavirus Speyer\">[&#8230;]<\/a><\/p>\n<\/div>","protected":false},"author":3,"featured_media":25126,"comment_status":"open","ping_status":"open","sticky":false,"template":"","format":"standard","meta":{"_monsterinsights_skip_tracking":false,"_monsterinsights_sitenote_active":false,"_monsterinsights_sitenote_note":"","_monsterinsights_sitenote_category":0,"footnotes":""},"categories":[11613],"tags":[9145,6401,8404,6367,6940,12873,8725,6359,6370,5904,6358,7003,5801,6342,11590,11591,12874,12881,6],"aioseo_notices":[],"amp_enabled":true,"_links":{"self":[{"href":"https:\/\/speyer24news.com\/index.php?rest_route=\/wp\/v2\/posts\/41828"}],"collection":[{"href":"https:\/\/speyer24news.com\/index.php?rest_route=\/wp\/v2\/posts"}],"about":[{"href":"https:\/\/speyer24news.com\/index.php?rest_route=\/wp\/v2\/types\/post"}],"author":[{"embeddable":true,"href":"https:\/\/speyer24news.com\/index.php?rest_route=\/wp\/v2\/users\/3"}],"replies":[{"embeddable":true,"href":"https:\/\/speyer24news.com\/index.php?rest_route=%2Fwp%2Fv2%2Fcomments&post=41828"}],"version-history":[{"count":3,"href":"https:\/\/speyer24news.com\/index.php?rest_route=\/wp\/v2\/posts\/41828\/revisions"}],"predecessor-version":[{"id":41844,"href":"https:\/\/speyer24news.com\/index.php?rest_route=\/wp\/v2\/posts\/41828\/revisions\/41844"}],"wp:featuredmedia":[{"embeddable":true,"href":"https:\/\/speyer24news.com\/index.php?rest_route=\/wp\/v2\/media\/25126"}],"wp:attachment":[{"href":"https:\/\/speyer24news.com\/index.php?rest_route=%2Fwp%2Fv2%2Fmedia&parent=41828"}],"wp:term":[{"taxonomy":"category","embeddable":true,"href":"https:\/\/speyer24news.com\/index.php?rest_route=%2Fwp%2Fv2%2Fcategories&post=41828"},{"taxonomy":"post_tag","embeddable":true,"href":"https:\/\/speyer24news.com\/index.php?rest_route=%2Fwp%2Fv2%2Ftags&post=41828"}],"curies":[{"name":"wp","href":"https:\/\/api.w.org\/{rel}","templated":true}]}}