{"id":41873,"date":"2021-10-28T06:39:45","date_gmt":"2021-10-28T05:39:45","guid":{"rendered":"https:\/\/speyer24news.com\/?p=41873"},"modified":"2021-10-28T06:39:47","modified_gmt":"2021-10-28T05:39:47","slug":"stadtnotiz-verkehrsnotiz-speyer-4","status":"publish","type":"post","link":"https:\/\/speyer24news.com\/?p=41873","title":{"rendered":"Stadtnotiz &#038; Verkehrsnotiz Speyer"},"content":{"rendered":"<style type=\"text\/css\">\r\n\t.ads_top_disp{}\r\n\t.ads_top_corner_disp{ float:left; margin:0px 10px 10px 0px; }\r\n\t.ads_first_p_disp{}\r\n\t.ads_bottom_disp{}\r\n\t<\/style>\n<h1 class=\"has-text-align-center wp-block-heading\">Stadtnotiz<\/h1>\n\n\n\n<div class=\"wp-block-image\"><figure class=\"aligncenter size-large\"><img decoding=\"async\" loading=\"lazy\" width=\"800\" height=\"600\" src=\"https:\/\/speyer24news.com\/wp-content\/uploads\/2020\/01\/Speyer-Stadtnachrichten-2.jpg\" alt=\"\" class=\"wp-image-23901\" srcset=\"https:\/\/speyer24news.com\/wp-content\/uploads\/2020\/01\/Speyer-Stadtnachrichten-2.jpg 800w, https:\/\/speyer24news.com\/wp-content\/uploads\/2020\/01\/Speyer-Stadtnachrichten-2-300x225.jpg 300w, https:\/\/speyer24news.com\/wp-content\/uploads\/2020\/01\/Speyer-Stadtnachrichten-2-768x576.jpg 768w, https:\/\/speyer24news.com\/wp-content\/uploads\/2020\/01\/Speyer-Stadtnachrichten-2-678x509.jpg 678w, https:\/\/speyer24news.com\/wp-content\/uploads\/2020\/01\/Speyer-Stadtnachrichten-2-326x245.jpg 326w, https:\/\/speyer24news.com\/wp-content\/uploads\/2020\/01\/Speyer-Stadtnachrichten-2-80x60.jpg 80w\" sizes=\"(max-width: 800px) 100vw, 800px\" \/><\/figure><\/div>\n\n\n\n<h2 class=\"wp-block-heading\">\u201eAcht nach 8\u201c endlich wieder live\u00a0vor Ort<\/h2>\n\n\n\n<div class=\"wp-block-image\"><figure class=\"aligncenter size-large\"><img decoding=\"async\" loading=\"lazy\" width=\"800\" height=\"570\" src=\"https:\/\/speyer24news.com\/wp-content\/uploads\/2019\/06\/Bild-Ro\u00dfhirt-Bumb_DSC0027.jpg\" alt=\"\" class=\"wp-image-14649\" srcset=\"https:\/\/speyer24news.com\/wp-content\/uploads\/2019\/06\/Bild-Ro\u00dfhirt-Bumb_DSC0027.jpg 800w, https:\/\/speyer24news.com\/wp-content\/uploads\/2019\/06\/Bild-Ro\u00dfhirt-Bumb_DSC0027-300x214.jpg 300w, https:\/\/speyer24news.com\/wp-content\/uploads\/2019\/06\/Bild-Ro\u00dfhirt-Bumb_DSC0027-768x547.jpg 768w\" sizes=\"(max-width: 800px) 100vw, 800px\" \/><\/figure><\/div>\n\n\n\n<p>Nachdem der beliebte \u201eBuchbesprechungsabend\u201c von und mit Joachim Ro\u00dfhirt im Fr\u00fchsommer pandemiebedingt digital stattfinden musste, freut sich das Team der Stadtbibliothek Soeyer, die Veranstaltung am <strong>Donnerstag, 4. November 2021<\/strong> nun wieder live vor Publikum in den eigenen R\u00e4umlichkeiten pr\u00e4sentieren zu k\u00f6nnen.<\/p>\n\n\n\n<p>In seiner unvergleichlichen Art bespricht Joachim Ro\u00dfhirt acht Neuerscheinungen des Buchmarktes, die ihm besonders aufgefallen sind. Darunter beispielsweise Jenny Erpenbecks Roman \u201eKairos\u201c sowie verschiedene Titel der Longlist des Deutschen Buchpreises. F\u00fcr Lesefreunde findet sich in der Auswahl sicherlich auch die ein oder andere Geschenkidee f\u00fcr das kommende Weihnachtsfest.<\/p>\n\n\n\n<p>Karten sind im Vorverkauf f\u00fcr 4 Euro in der Stadtbibliothek oder an der Abendkasse erh\u00e4ltlich. Die Veranstaltung beginnt um 20 Uhr in der Villa Ecarius, Stadtbibliothek. Es gilt die 2G+-Regel.<\/p>\n\n\n\n<p><em>Text: Stadtverwaltung Speyer Foto: \u00a9 Bernhard Bumb<br>28.10.2021<\/em><\/p>\n\n\n\n<h1 class=\"has-text-align-center wp-block-heading\">Verkehrsnotiz<\/h1>\n\n\n\n<div class=\"wp-block-image\"><figure class=\"aligncenter size-large\"><img decoding=\"async\" loading=\"lazy\" width=\"800\" height=\"565\" src=\"https:\/\/speyer24news.com\/wp-content\/uploads\/2020\/01\/Baustelle-2.jpg\" alt=\"\" class=\"wp-image-23900\" srcset=\"https:\/\/speyer24news.com\/wp-content\/uploads\/2020\/01\/Baustelle-2.jpg 800w, https:\/\/speyer24news.com\/wp-content\/uploads\/2020\/01\/Baustelle-2-300x212.jpg 300w, https:\/\/speyer24news.com\/wp-content\/uploads\/2020\/01\/Baustelle-2-768x542.jpg 768w\" sizes=\"(max-width: 800px) 100vw, 800px\" \/><\/figure><\/div>\n\n\n\n<h2 class=\"wp-block-heading\">R\u00fctzhaubstra\u00dfe gesperrt<\/h2>\n\n\n\n<p>Aufgrund von Leitungsarbeiten im Auftrag der Stadtwerke Speyer wird die R\u00fctzhaubstra\u00dfe zwischen Bahnhofstra\u00dfe und St.-Guido-Stra\u00dfe <strong>ab Dienstag, 2. November bis voraussichtlich Freitag, 26. November 2021<\/strong> f\u00fcr den Individualverkehr gesperrt.<\/p>\n\n\n\n<p>Die Einbahnstra\u00dfenregelung in der St. Guido-Stra\u00dfe wird gedreht und eine Umleitung \u00fcber diese Stra\u00dfe eingerichtet. F\u00fcr R\u00fcckfragen steht die Stra\u00dfenverkehrsbeh\u00f6rde unter der Telefonnummer 142938 zur Verf\u00fcgung.<\/p>\n\n\n\n<p><em>Stadtverwaltung Speyer<br>28.10.2021<\/em><\/p>\n","protected":false},"excerpt":{"rendered":"<div class=\"mh-excerpt\"><p>Stadtnotiz \u201eAcht nach 8\u201c endlich wieder live\u00a0vor Ort Nachdem der beliebte \u201eBuchbesprechungsabend\u201c von und mit Joachim Ro\u00dfhirt im Fr\u00fchsommer pandemiebedingt digital stattfinden musste, freut sich das Team der Stadtbibliothek Soeyer, die Veranstaltung am Donnerstag, 4. <a class=\"mh-excerpt-more\" href=\"https:\/\/speyer24news.com\/?p=41873\" title=\"Stadtnotiz &#038; Verkehrsnotiz Speyer\">[&#8230;]<\/a><\/p>\n<\/div>","protected":false},"author":3,"featured_media":23902,"comment_status":"open","ping_status":"open","sticky":false,"template":"","format":"standard","meta":{"_monsterinsights_skip_tracking":false,"_monsterinsights_sitenote_active":false,"_monsterinsights_sitenote_note":"","_monsterinsights_sitenote_category":0,"footnotes":""},"categories":[47],"tags":[1433,13180,2478,11387,6,387,11388,657,1296,658,1114],"aioseo_notices":[],"amp_enabled":true,"_links":{"self":[{"href":"https:\/\/speyer24news.com\/index.php?rest_route=\/wp\/v2\/posts\/41873"}],"collection":[{"href":"https:\/\/speyer24news.com\/index.php?rest_route=\/wp\/v2\/posts"}],"about":[{"href":"https:\/\/speyer24news.com\/index.php?rest_route=\/wp\/v2\/types\/post"}],"author":[{"embeddable":true,"href":"https:\/\/speyer24news.com\/index.php?rest_route=\/wp\/v2\/users\/3"}],"replies":[{"embeddable":true,"href":"https:\/\/speyer24news.com\/index.php?rest_route=%2Fwp%2Fv2%2Fcomments&post=41873"}],"version-history":[{"count":1,"href":"https:\/\/speyer24news.com\/index.php?rest_route=\/wp\/v2\/posts\/41873\/revisions"}],"predecessor-version":[{"id":41874,"href":"https:\/\/speyer24news.com\/index.php?rest_route=\/wp\/v2\/posts\/41873\/revisions\/41874"}],"wp:featuredmedia":[{"embeddable":true,"href":"https:\/\/speyer24news.com\/index.php?rest_route=\/wp\/v2\/media\/23902"}],"wp:attachment":[{"href":"https:\/\/speyer24news.com\/index.php?rest_route=%2Fwp%2Fv2%2Fmedia&parent=41873"}],"wp:term":[{"taxonomy":"category","embeddable":true,"href":"https:\/\/speyer24news.com\/index.php?rest_route=%2Fwp%2Fv2%2Fcategories&post=41873"},{"taxonomy":"post_tag","embeddable":true,"href":"https:\/\/speyer24news.com\/index.php?rest_route=%2Fwp%2Fv2%2Ftags&post=41873"}],"curies":[{"name":"wp","href":"https:\/\/api.w.org\/{rel}","templated":true}]}}