{"id":41897,"date":"2021-10-29T06:33:40","date_gmt":"2021-10-29T05:33:40","guid":{"rendered":"https:\/\/speyer24news.com\/?p=41897"},"modified":"2021-10-29T06:33:42","modified_gmt":"2021-10-29T05:33:42","slug":"speyer-126","status":"publish","type":"post","link":"https:\/\/speyer24news.com\/?p=41897","title":{"rendered":"Speyer"},"content":{"rendered":"<style type=\"text\/css\">\r\n\t.ads_top_disp{}\r\n\t.ads_top_corner_disp{ float:left; margin:0px 10px 10px 0px; }\r\n\t.ads_first_p_disp{}\r\n\t.ads_bottom_disp{}\r\n\t<\/style>\n<h2 class=\"wp-block-heading\">Begegnungsst\u00e4tte f\u00fcr Familien in Speyer-S\u00fcd darf st\u00e4rker wachsen als geplant<\/h2>\n\n\n\n<div class=\"wp-block-image\"><figure class=\"aligncenter size-large\"><img decoding=\"async\" loading=\"lazy\" width=\"800\" height=\"533\" src=\"https:\/\/speyer24news.com\/wp-content\/uploads\/2021\/10\/Treffen-Meeting-gemuetlich-geschaeftlich.jpg\" alt=\"\" class=\"wp-image-41899\" srcset=\"https:\/\/speyer24news.com\/wp-content\/uploads\/2021\/10\/Treffen-Meeting-gemuetlich-geschaeftlich.jpg 800w, https:\/\/speyer24news.com\/wp-content\/uploads\/2021\/10\/Treffen-Meeting-gemuetlich-geschaeftlich-300x200.jpg 300w, https:\/\/speyer24news.com\/wp-content\/uploads\/2021\/10\/Treffen-Meeting-gemuetlich-geschaeftlich-768x512.jpg 768w\" sizes=\"(max-width: 800px) 100vw, 800px\" \/><\/figure><\/div>\n\n\n\n<p>Durch den Zukauf eines weiteren Ladenlokals durch die Stadtverwaltung kann die Begegnungsst\u00e4tte f\u00fcr Familien am Platz der Stadt Ravenna in gr\u00f6\u00dfere R\u00e4umlichkeiten einziehen, als zun\u00e4chst geplant.<\/p>\n\n\n\n<p>Noch stehen in der ehemaligen Apotheke am Platz der Stadt Ravenna letzte \u00dcberbleibsel des Schnelltestzentrums, das \u00fcbergangsweise dort untergebracht war und zum 11. Oktober 2021 sein Angebot eingestellt hat. Von au\u00dfen ist nicht sichtbar, was sich in den vergangenen Monaten hinter den Kulissen getan hat: \u00dcber das St\u00e4dtebauf\u00f6rderprogramm \u201eSoziale Stadt Speyer-S\u00fcd\u201c konnte die Stadt Speyer zus\u00e4tzlich den seit einiger Zeit leerstehenden Friseurladen auf der R\u00fcckseite des Geb\u00e4udes in der Windthorststra\u00dfe erwerben. \u201eDas war ein Gl\u00fccksgriff! Wir sind froh, dass die F\u00f6rdermittel f\u00fcr den Kauf freigegeben wurden und wir dem Stadtteil im Bereich der Familienbetreuung ein verbessertes Angebot pr\u00e4sentieren k\u00f6nnen\u201c, freut sich Steffen Schwendy, Projektleiter der \u201eSozialen Stadt Speyer-S\u00fcd\u201c.<\/p>\n\n\n\n<p>Neben einem Begegnungsraum mit einem flexibel nutzbaren Beratungsb\u00fcro zur Seite des Platzes hin, kann die Einrichtung nun durch einen separat nutzbaren Gruppenraum erg\u00e4nzt werden. F\u00fcr den Betrieb der Begegnungsst\u00e4tte er\u00f6ffnet das neue M\u00f6glichkeiten: Neben Beratungsangeboten ist zeitgleich die Durchf\u00fchrung von Angeboten wie einem Elterncaf\u00e9, \u201eVorlese-Gro\u00dfeltern\u201c, Krabbelgruppen und Ern\u00e4hrungskursen oder \u00e4hnlichem m\u00f6glich. Mit den Akteur*innen und Tr\u00e4ger*innen sozialer Einrichtungen im Stadtteil wurden bereits viele Ideen gesammelt. \u201eWas davon umgesetzt wird und welche Angebote die Einrichtung mit Leben f\u00fcllen, ist auch abh\u00e4ngig vom Bedarf der Familien vor Ort.\u201c erkl\u00e4rt Inga Zimmermann von der Familienbildung der Stadt Speyer, die k\u00fcnftig die Koordination der Begegnungsst\u00e4tte f\u00fcr Familien in Speyer-S\u00fcd \u00fcbernehmen wird.<\/p>\n\n\n\n<p>Durch die Erweiterung verz\u00f6gert sich die Er\u00f6ffnung der Begegnungsst\u00e4tte nat\u00fcrlich, da die Umbaupl\u00e4ne angepasst werden m\u00fcssen, bevor die Bauma\u00dfnahmen dann starten k\u00f6nnen. Mit der Er\u00f6ffnung ist voraussichtlich im Herbst\/Winter 2022 zu rechnen.<\/p>\n\n\n\n<p><em>Stadtverwaltung Speyer<br>29.10.2021<\/em><\/p>\n","protected":false},"excerpt":{"rendered":"<div class=\"mh-excerpt\"><p>Begegnungsst\u00e4tte f\u00fcr Familien in Speyer-S\u00fcd darf st\u00e4rker wachsen als geplant Durch den Zukauf eines weiteren Ladenlokals durch die Stadtverwaltung kann die Begegnungsst\u00e4tte f\u00fcr Familien am Platz der Stadt Ravenna in gr\u00f6\u00dfere R\u00e4umlichkeiten einziehen, als zun\u00e4chst <a class=\"mh-excerpt-more\" href=\"https:\/\/speyer24news.com\/?p=41897\" title=\"Speyer\">[&#8230;]<\/a><\/p>\n<\/div>","protected":false},"author":3,"featured_media":23902,"comment_status":"open","ping_status":"open","sticky":false,"template":"","format":"standard","meta":{"_monsterinsights_skip_tracking":false,"_monsterinsights_sitenote_active":false,"_monsterinsights_sitenote_note":"","_monsterinsights_sitenote_category":0,"footnotes":""},"categories":[9],"tags":[13187,13186,6051,2316,6053,6,4006],"aioseo_notices":[],"amp_enabled":true,"_links":{"self":[{"href":"https:\/\/speyer24news.com\/index.php?rest_route=\/wp\/v2\/posts\/41897"}],"collection":[{"href":"https:\/\/speyer24news.com\/index.php?rest_route=\/wp\/v2\/posts"}],"about":[{"href":"https:\/\/speyer24news.com\/index.php?rest_route=\/wp\/v2\/types\/post"}],"author":[{"embeddable":true,"href":"https:\/\/speyer24news.com\/index.php?rest_route=\/wp\/v2\/users\/3"}],"replies":[{"embeddable":true,"href":"https:\/\/speyer24news.com\/index.php?rest_route=%2Fwp%2Fv2%2Fcomments&post=41897"}],"version-history":[{"count":1,"href":"https:\/\/speyer24news.com\/index.php?rest_route=\/wp\/v2\/posts\/41897\/revisions"}],"predecessor-version":[{"id":41900,"href":"https:\/\/speyer24news.com\/index.php?rest_route=\/wp\/v2\/posts\/41897\/revisions\/41900"}],"wp:featuredmedia":[{"embeddable":true,"href":"https:\/\/speyer24news.com\/index.php?rest_route=\/wp\/v2\/media\/23902"}],"wp:attachment":[{"href":"https:\/\/speyer24news.com\/index.php?rest_route=%2Fwp%2Fv2%2Fmedia&parent=41897"}],"wp:term":[{"taxonomy":"category","embeddable":true,"href":"https:\/\/speyer24news.com\/index.php?rest_route=%2Fwp%2Fv2%2Fcategories&post=41897"},{"taxonomy":"post_tag","embeddable":true,"href":"https:\/\/speyer24news.com\/index.php?rest_route=%2Fwp%2Fv2%2Ftags&post=41897"}],"curies":[{"name":"wp","href":"https:\/\/api.w.org\/{rel}","templated":true}]}}