{"id":41948,"date":"2021-11-01T05:47:23","date_gmt":"2021-11-01T04:47:23","guid":{"rendered":"https:\/\/speyer24news.com\/?p=41948"},"modified":"2021-11-01T05:49:20","modified_gmt":"2021-11-01T04:49:20","slug":"coronavirus-speyer-18","status":"publish","type":"post","link":"https:\/\/speyer24news.com\/?p=41948","title":{"rendered":"Coronavirus Speyer"},"content":{"rendered":"<style type=\"text\/css\">\r\n\t.ads_top_disp{}\r\n\t.ads_top_corner_disp{ float:left; margin:0px 10px 10px 0px; }\r\n\t.ads_first_p_disp{}\r\n\t.ads_bottom_disp{}\r\n\t<\/style>\n<h2 class=\"wp-block-heading\">Tagesaktuelle Fallzahlen f\u00fcr die Stadt Speyer vom Wochenende (29.10. &#8211; 31.10.2021)<\/h2>\n\n\n\n<h3 class=\"wp-block-heading\">Speyer weiterhin in Warnstufe 1 und dennoch &#8222;Spitzenreiter&#8220; bei der Inzidenz (185,4) in Rheinland-Pfalz, gefolgt von Germersheim (176,7) und Worms (165,4) <\/h3>\n\n\n\n<div class=\"wp-block-image\"><figure class=\"aligncenter\"><img decoding=\"async\" loading=\"lazy\" width=\"800\" height=\"400\" src=\"https:\/\/speyer24news.com\/wp-content\/uploads\/2020\/05\/virus-1812092_1920.jpg\" alt=\"\" class=\"wp-image-26778\" srcset=\"https:\/\/speyer24news.com\/wp-content\/uploads\/2020\/05\/virus-1812092_1920.jpg 800w, https:\/\/speyer24news.com\/wp-content\/uploads\/2020\/05\/virus-1812092_1920-300x150.jpg 300w, https:\/\/speyer24news.com\/wp-content\/uploads\/2020\/05\/virus-1812092_1920-768x384.jpg 768w\" sizes=\"(max-width: 800px) 100vw, 800px\" \/><\/figure><\/div>\n\n\n\n<h3 class=\"wp-block-heading\">Sonntag (31.10.2021)<\/h3>\n\n\n\n<p>Anzahl best\u00e4tigter F\u00e4lle von Coronavirus (SARS-CoV-2)-Infektionen in der Stadt Speyer: 3.646 ( + 8 )<br>Davon hospitalisiert: 114 ( unver\u00e4ndert )<br>Davon bereits genesen: 3.299 ( + 11 )<br>Todesf\u00e4lle: 93 (unver\u00e4ndert )<br>Gemeldete F\u00e4lle der letzten sieben Tage pro 100.000 Einwohner*innen (Inzidenz gem\u00e4\u00df LUA): 185,3 ( + 4 )<\/p>\n\n\n\n<h3 class=\"wp-block-heading\">Samstag (30.10.2021)<\/h3>\n\n\n\n<p>Anzahl best\u00e4tigter F\u00e4lle von Coronavirus (SARS-CoV-2)-Infektionen in der Stadt Speyer: 3.638 ( <strong>+ 10 <\/strong>)<br>Davon hospitalisiert: 114 ( unver\u00e4ndert )<br>Davon bereits genesen: 3.288 ( + 8 )<br>Todesf\u00e4lle: 93 (unver\u00e4ndert )<br>Gemeldete F\u00e4lle der letzten sieben Tage pro 100.000 Einwohner*innen (Inzidenz gem\u00e4\u00df LUA): 181,3 ( + 5,9 )<\/p>\n\n\n\n<h3 class=\"wp-block-heading\">Freitag (29.10.2021)<\/h3>\n\n\n\n<p>Anzahl best\u00e4tigter F\u00e4lle von Coronavirus (SARS-CoV-2)-Infektionen in der Stadt Speyer: 3.628 ( <strong>+ 16<\/strong> )<br>Davon hospitalisiert: 114 ( + 1 )<br>Davon bereits genesen: 3.280<br>Todesf\u00e4lle: 93 ( <strong>+ 1<\/strong> )<br>Gemeldete F\u00e4lle der letzten sieben Tage pro 100.000 Einwohner*innen (Inzidenz gem\u00e4\u00df LUA): 175,4 ( + 4 )<\/p>\n\n\n\n<p><em>Stadtverwaltung Speyer<br>01.11.2021<\/em><\/p>\n\n\n\n<h2 class=\"wp-block-heading\">Leitindikatoren zur Berechnung der Warnstufe<\/h2>\n\n\n\n<div class=\"wp-block-image\"><figure class=\"aligncenter\"><img decoding=\"async\" loading=\"lazy\" width=\"600\" height=\"600\" src=\"https:\/\/speyer24news.com\/wp-content\/uploads\/2021\/09\/Warnstufensystem-2G-.png\" alt=\"\" class=\"wp-image-40457\" srcset=\"https:\/\/speyer24news.com\/wp-content\/uploads\/2021\/09\/Warnstufensystem-2G-.png 600w, https:\/\/speyer24news.com\/wp-content\/uploads\/2021\/09\/Warnstufensystem-2G--300x300.png 300w, https:\/\/speyer24news.com\/wp-content\/uploads\/2021\/09\/Warnstufensystem-2G--150x150.png 150w\" sizes=\"(max-width: 600px) 100vw, 600px\" \/><\/figure><\/div>\n\n\n\n<p><\/p>\n\n\n\n<figure class=\"wp-block-table\"><table><tbody><tr><td>&nbsp;<\/td><td>Leitindikator \u201eSieben-Tage-Inzidenz\u201c<\/td><td>Leitindikator \u201eSieben-Tage-Hospitalisierungs-Inzidenz\u201c<\/td><td>Anteil COVID-19 an Intensivkapazit\u00e4t (%)<\/td><\/tr><tr><td>Sonntag, 31.10.2021<\/td><td>185,3<\/td><td>3<\/td><td>4,28<\/td><\/tr><tr><td>Samstag, 30.10.2021<\/td><td>181,3<\/td><td>3,9<\/td><td>4,15<\/td><\/tr><tr><td>Freitag, 29.10.2021<\/td><td>175,4<\/td><td>4<\/td><td>4,58<\/td><\/tr><tr><td>Donnerstag, 28.10.2021<\/td><td>171,4<\/td><td>3,9<\/td><td>4,40<\/td><\/tr><tr><td>Mittwoch, 27.10.2021<\/td><td>181,3<\/td><td>4,0<\/td><td>4,09<\/td><\/tr><tr><td>Dienstag,<br>26.10.2021<\/td><td>145,8<\/td><td>3,1<\/td><td>3,85<\/td><\/tr><tr><td>Montag, 25.10.2021<\/td><td>167,5<\/td><td>2,7<\/td><td>4,34<\/td><\/tr><\/tbody><\/table><\/figure>\n\n\n\n<p>Der&nbsp;<strong>Leitindikator \u201eSieben-Tage-Inzidenz\u201c<\/strong>&nbsp;gibt an, wie schnell sich das Virus verbreitet. Unter \u201eSieben-Tage-Inzidenz\u201c wird die Anzahl der Neuinfektionen mit dem Coronavirus SARS-CoV-2 je 100&nbsp;000 Einwohnerinnen und Einwohner innerhalb von sieben Tagen f\u00fcr jeden Landkreis und jede kreisfreie Stadt verstanden.<\/p>\n\n\n\n<p>Der&nbsp;<strong>Leitindikator \u201eSieben-Tage-Hospitalisierungs-Inzidenz\u201c&nbsp;<\/strong>zeigt an, wie viele Schwererkrankte innerhalb eines Zeitraums von sieben Tagen neu station\u00e4r aufgenommen wurden. Der Leitindikator \u201eSieben-Tage-Hospitalisierungs-Inzidenz\u201c misst die Anzahl der neu aufgenommenen Hospitalisierungsf\u00e4lle mit COVID-19-Erkrankung je 100 000 Einwohnerinnen und Einwohner im Durchschnitt der letzten sieben Tagen bezogen auf ein Versorgungsgebiet gem\u00e4\u00df Krankenhausplan des Landes Rheinland-Pfalz 2019 bis 2025.<\/p>\n\n\n\n<p>Der&nbsp;<strong>Leitindikator \u201eAnteil Intensivbetten\u201c<\/strong>&nbsp;misst die Belastung des Gesundheitswesens. Er bestimmt sich nach dem prozentualen Anteil der mit COVID-19-Erkrankten belegten Intensivbetten an der Intensivbettenkapazit\u00e4t innerhalb des Landes Rheinland-Pfalz.<\/p>\n\n\n\n<p>Es gilt das&nbsp;<strong>2G+ System<\/strong>: Dieses regelt, wie viele nicht-immunisierte Personen sich gemeinsam im \u00f6ffentlichen Raum aufhalten, auf Veranstaltungen gehen oder \u00f6ffentliche Einrichtungen wie Kinos oder Konzerth\u00e4user besuchen d\u00fcrfen.&nbsp;F\u00fcr immunisierte Personen wird der Zutritt hingegen nicht reduziert.<\/p>\n\n\n\n<p>Speyer befindet sich aktuell in&nbsp;<strong>Warnstufe 1<\/strong>.&nbsp;<\/p>\n\n\n\n<p><em>Robert-Koch-Institut (RKI)<br>27.10.2021<\/em><\/p>\n\n\n\n<h2 class=\"wp-block-heading\">Regelungen und Beschr\u00e4nkungen bei Warnstufe 1<\/h2>\n\n\n\n<div class=\"wp-block-image\"><figure class=\"aligncenter\"><img decoding=\"async\" loading=\"lazy\" width=\"835\" height=\"1024\" src=\"https:\/\/speyer24news.com\/wp-content\/uploads\/2021\/09\/Warnstufe-1-Regelungen-835x1024.jpg\" alt=\"\" class=\"wp-image-40458\" srcset=\"https:\/\/speyer24news.com\/wp-content\/uploads\/2021\/09\/Warnstufe-1-Regelungen-835x1024.jpg 835w, https:\/\/speyer24news.com\/wp-content\/uploads\/2021\/09\/Warnstufe-1-Regelungen-245x300.jpg 245w, https:\/\/speyer24news.com\/wp-content\/uploads\/2021\/09\/Warnstufe-1-Regelungen-768x942.jpg 768w, https:\/\/speyer24news.com\/wp-content\/uploads\/2021\/09\/Warnstufe-1-Regelungen.jpg 862w\" sizes=\"(max-width: 835px) 100vw, 835px\" \/><\/figure><\/div>\n\n\n\n<p><em>Staatskanzlei Rheinland-Pfalz<br>27.10.2021<\/em><\/p>\n","protected":false},"excerpt":{"rendered":"<div class=\"mh-excerpt\"><p>Tagesaktuelle Fallzahlen f\u00fcr die Stadt Speyer vom Wochenende (29.10. &#8211; 31.10.2021) Speyer weiterhin in Warnstufe 1 und dennoch &#8222;Spitzenreiter&#8220; bei der Inzidenz (185,4) in Rheinland-Pfalz, gefolgt von Germersheim (176,7) und Worms (165,4) Sonntag (31.10.2021) Anzahl <a class=\"mh-excerpt-more\" href=\"https:\/\/speyer24news.com\/?p=41948\" title=\"Coronavirus Speyer\">[&#8230;]<\/a><\/p>\n<\/div>","protected":false},"author":3,"featured_media":25126,"comment_status":"open","ping_status":"open","sticky":false,"template":"","format":"standard","meta":{"_monsterinsights_skip_tracking":false,"_monsterinsights_sitenote_active":false,"_monsterinsights_sitenote_note":"","_monsterinsights_sitenote_category":0,"footnotes":""},"categories":[11613],"tags":[6401,8404,6367,9176,6940,12872,12873,8725,6359,6370,5904,6358,7003,5801,6342,12874,12881,6],"aioseo_notices":[],"amp_enabled":true,"_links":{"self":[{"href":"https:\/\/speyer24news.com\/index.php?rest_route=\/wp\/v2\/posts\/41948"}],"collection":[{"href":"https:\/\/speyer24news.com\/index.php?rest_route=\/wp\/v2\/posts"}],"about":[{"href":"https:\/\/speyer24news.com\/index.php?rest_route=\/wp\/v2\/types\/post"}],"author":[{"embeddable":true,"href":"https:\/\/speyer24news.com\/index.php?rest_route=\/wp\/v2\/users\/3"}],"replies":[{"embeddable":true,"href":"https:\/\/speyer24news.com\/index.php?rest_route=%2Fwp%2Fv2%2Fcomments&post=41948"}],"version-history":[{"count":3,"href":"https:\/\/speyer24news.com\/index.php?rest_route=\/wp\/v2\/posts\/41948\/revisions"}],"predecessor-version":[{"id":41952,"href":"https:\/\/speyer24news.com\/index.php?rest_route=\/wp\/v2\/posts\/41948\/revisions\/41952"}],"wp:featuredmedia":[{"embeddable":true,"href":"https:\/\/speyer24news.com\/index.php?rest_route=\/wp\/v2\/media\/25126"}],"wp:attachment":[{"href":"https:\/\/speyer24news.com\/index.php?rest_route=%2Fwp%2Fv2%2Fmedia&parent=41948"}],"wp:term":[{"taxonomy":"category","embeddable":true,"href":"https:\/\/speyer24news.com\/index.php?rest_route=%2Fwp%2Fv2%2Fcategories&post=41948"},{"taxonomy":"post_tag","embeddable":true,"href":"https:\/\/speyer24news.com\/index.php?rest_route=%2Fwp%2Fv2%2Ftags&post=41948"}],"curies":[{"name":"wp","href":"https:\/\/api.w.org\/{rel}","templated":true}]}}