{"id":41954,"date":"2021-11-02T07:29:36","date_gmt":"2021-11-02T06:29:36","guid":{"rendered":"https:\/\/speyer24news.com\/?p=41954"},"modified":"2021-11-02T07:29:40","modified_gmt":"2021-11-02T06:29:40","slug":"polizei-712","status":"publish","type":"post","link":"https:\/\/speyer24news.com\/?p=41954","title":{"rendered":"Polizei"},"content":{"rendered":"<style type=\"text\/css\">\r\n\t.ads_top_disp{}\r\n\t.ads_top_corner_disp{ float:left; margin:0px 10px 10px 0px; }\r\n\t.ads_first_p_disp{}\r\n\t.ads_bottom_disp{}\r\n\t<\/style>\n<h2 class=\"wp-block-heading\">Polizeimeldungen vom Montag (01.11.2021)<\/h2>\n\n\n\n<div class=\"wp-block-image\"><figure class=\"aligncenter size-large\"><img decoding=\"async\" src=\"https:\/\/speyer24news.com\/wp-content\/uploads\/2019\/11\/Aktuelles-Polizeilogo.jpg\" alt=\"\" class=\"wp-image-21845\"\/><\/figure><\/div>\n\n\n\n<h2 class=\"wp-block-heading\">(Speyer) &#8211; Halloweenparty in der Halle 101 endet in K\u00f6rperverletzung<\/h2>\n\n\n\n<p>In der ausverkauften Veranstaltungshalle 101 kam es Montagfr\u00fch w\u00e4hrend der Halloweenparty zu einer Schl\u00e4gerei zwischen zwei Gruppen. Eine dreik\u00f6pfige Gruppe von M\u00e4nnern im Alter zwischen 31-35 Jahren und eine zweik\u00f6pfige Gruppe im Alter von 24 und 31 Jahren gerieten zun\u00e4chst aus ungekl\u00e4rten Gr\u00fcnden in verbale Streitigkeiten. Diese eskalierten und es kam zu Handgreiflichkeiten zwischen den beiden Parteien, bei denen auch Gl\u00e4ser und B\u00e4nke geworfen wurden. Drei Personen wurden bei der Auseinandersetzung leicht verletzt, mussten aber \u00e4rztlich nicht versorgt werden. Den Beteiligten wurde ein Platzverweis ausgesprochen und Anzeigen wegen K\u00f6rperverletzung eingeleitet. Ansonsten verlief die Veranstaltung problemlos, die Stimmung war gut und ausgelassen.<\/p>\n\n\n\n<h2 class=\"wp-block-heading\">(Speyer) &#8211; Randalierer besch\u00e4digt mehrere Fahrzeuge<a href=\"https:\/\/www.facebook.com\/sharer.php?u=https%3A%2F%2Fwww.presseportal.de%2Fblaulicht%2Fpm%2F117688%2F5061050%2F%3Futm_source%3Dfacebook%26utm_medium%3Dsocial\"><\/a><a href=\"https:\/\/twitter.com\/intent\/tweet?text=POL-PDLU%3A%20Randalierer%20besch%C3%A4digt%20mehrere%20Fahrzeuge&amp;url=https%3A%2F%2Fwww.presseportal.de%2Fblaulicht%2Fpm%2F117688%2F5061050%2F%3Futm_source%3Dtwitter%26utm_medium%3Dsocial&amp;hashtags=ots&amp;lang=de\"><\/a><a href=\"https:\/\/web.whatsapp.com\/send?text=POL-PDLU%3A%20Randalierer%20besch%C3%A4digt%20mehrere%20Fahrzeuge%0A%0Ahttps%3A%2F%2Fwww.presseportal.de%2Fblaulicht%2Fpm%2F117688%2F5061050%2F%3Futm_source%3Dwhatsapp%26utm_medium%3Dsocial\"><\/a><a href=\"https:\/\/www.xing.com\/app\/user?op=share;url=https%3A%2F%2Fwww.presseportal.de%2Fblaulicht%2Fpm%2F117688%2F5061050%2F%3Futm_source%3Dxing%26utm_medium%3Dsocial\"><\/a><a href=\"http:\/\/www.linkedin.com\/shareArticle?mini=true&amp;url=https%3A%2F%2Fwww.presseportal.de%2Fblaulicht%2Fpm%2F117688%2F5061050%2F%3Futm_source%3Dlinkedin%26utm_medium%3Dsocial&amp;title=POL-PDLU%3A+Randalierer+besch%C3%A4digt+mehrere+Fahrzeuge\"><\/a><a href=\"mailto:?subject=POL-PDLU%3A%20Randalierer%20besch%C3%A4digt%20mehrere%20Fahrzeuge&amp;body=https:\/\/www.presseportal.de\/blaulicht\/pm\/117688\/5061050\"><\/a><\/h2>\n\n\n\n<p>Durch mehrere Anrufer wurde am Sonntagnachmittag eine m\u00e4nnliche Person gemeldet, die im Bereich Vogelgesang Fahrzeuge besch\u00e4digt, in dem er die Kennzeichen der Fahrzeuge abrei\u00dft. Der 48j\u00e4hrige Mann aus Speyer konnte angetroffen werden. Aufgrund seines Verhaltens und seiner Aussage weitere Fahrzeuge besch\u00e4digen zu wollen, durfte er die Nacht in Gewahrsam verbringen. Anzeigen wegen Sachbesch\u00e4digungen wurden zus\u00e4tzlich gegen ihn eingeleitet, es entstand jedoch nur geringer Sachschaden.<\/p>\n\n\n\n<h2 class=\"wp-block-heading\">(Schifferstadt) &#8211; Einbruch in Einfamilienhaus<\/h2>\n\n\n\n<p>\u00dcber das vergangene Wochenende stiegen bislang unbekannte T\u00e4ter in ein Wohnhaus in der Joseph-Haydn-Stra\u00dfe ein. Dazu verschafften sich die T\u00e4ter \u00fcber den Gartenzaun Zutritt zum Grundst\u00fcck und schlugen anschlie\u00dfend ein Fenster ein. Im Haus wurden mehrere Zimmer durchw\u00fchlt und diverse Gegenst\u00e4nde entwendet. Zeugen, die Angaben zum Tatgeschehen oder T\u00e4tern machen k\u00f6nnen, werden gebeten, sich mit der Polizeiinspektion Schifferstadt unter 06235 495-0 oder\u00a0<a href=\"mailto:pischifferstadt@polizei.rlp.de\">pischifferstadt@polizei.rlp.de<\/a>\u00a0in Verbindung zu setzen.<\/p>\n\n\n\n<h2 class=\"wp-block-heading\">(Germersheim \/ B 9) &#8211; Von Fahrbahn abgekommen<\/h2>\n\n\n\n<div class=\"wp-block-image\"><figure class=\"aligncenter size-large\"><img decoding=\"async\" loading=\"lazy\" width=\"800\" height=\"600\" src=\"https:\/\/speyer24news.com\/wp-content\/uploads\/2021\/11\/InkedIMG_1703_LI.jpg\" alt=\"\" class=\"wp-image-41955\" srcset=\"https:\/\/speyer24news.com\/wp-content\/uploads\/2021\/11\/InkedIMG_1703_LI.jpg 800w, https:\/\/speyer24news.com\/wp-content\/uploads\/2021\/11\/InkedIMG_1703_LI-300x225.jpg 300w, https:\/\/speyer24news.com\/wp-content\/uploads\/2021\/11\/InkedIMG_1703_LI-768x576.jpg 768w, https:\/\/speyer24news.com\/wp-content\/uploads\/2021\/11\/InkedIMG_1703_LI-678x509.jpg 678w, https:\/\/speyer24news.com\/wp-content\/uploads\/2021\/11\/InkedIMG_1703_LI-326x245.jpg 326w, https:\/\/speyer24news.com\/wp-content\/uploads\/2021\/11\/InkedIMG_1703_LI-80x60.jpg 80w\" sizes=\"(max-width: 800px) 100vw, 800px\" \/><\/figure><\/div>\n\n\n\n<p>Ein 32-j\u00e4hriger Autofahrer befuhr am Montag gegen 14:30 Uhr die B9 in Fahrtrichtung Speyer. An der Anschlussstelle Germersheim-Mitte wollte dieser die B9 verlassen. Vermutlich aufgrund nicht angepasster Geschwindigkeit kam er im Ausfahrtsbereich von der Fahrbahn ab, so dass das Fahrzeug auf die Seite kippte. Der Fahrer konnte sich vor dem Eintreffen der ebenfalls alarmierten Feuerwehr alleine aus dem Fahrzeug befreien und wurde lediglich leicht verletzt. Um innere Verletzungen auszuschlie\u00dfen, wurde er mit dem Rettungshubschrauber in eine Klinik gebracht. Die Abfahrt Germersheim-Nord musste in n\u00f6rdlicher Richtung f\u00fcr zirka eine Stunde gesperrt werden. Der Schaden bel\u00e4uft sich auf etwa 10000 Euro.<\/p>\n\n\n\n<h2 class=\"wp-block-heading\">(Germersheim) &#8211; Pkw-Brand <\/h2>\n\n\n\n<p>Auf einem Parkplatz in der M\u00fcnchener Stra\u00dfe in Germersheim wurde Sonntagnacht ein brennender Pkw gemeldet. Bei Eintreffen der Polizeistreife war die Feuerwehr Germersheim bereits mit den L\u00f6scharbeiten besch\u00e4ftigt. Im Motorraum des Pkw war das Feuer ausgebrochen. Ursache d\u00fcrfte ein technischer Defekt gewesen sein.<\/p>\n\n\n\n<h2 class=\"wp-block-heading\">(R\u00fclzheim) &#8211; Gest\u00fcrzter betrunkener Fahrradfahrer<\/h2>\n\n\n\n<p>Ein betrunkener Fahrradfahrer kam Sonntagabend zu Sturz und verletzte sich leicht! Ein 45-j\u00e4hriger Mann aus dem Kreis Germersheim war mit seinem Fahrrad in R\u00fclzheim in der Alten M\u00fchlgasse unterwegs. Einer Verkehrsteilnehmerin fiel der Mann auf, da er nicht mehr in der Lage war auf sein Fahrrad zu steigen. Als die Polizeistreife eintraf, lag der betrunkene Radfahrer mit seinem Fahrrad zwischen den Beinen auf der Stra\u00dfe. Ein Atemalkoholtest ergab einen Wert von 2,52 Promille. Zur Versorgung seinen leichten Verletzungen und zur Blutentnahme wurde er ins Krankenhaus gebracht. Ihn erwartet ein Strafverfahren wegen Trunkenheit im Stra\u00dfenverkehr!!!<\/p>\n\n\n\n<h2 class=\"wp-block-heading\">(Bad Bergzabern) &#8211; Pedelec gestohlen<\/h2>\n\n\n\n<p>Bisher unbekannte T\u00e4ter entwendeten ein in der Kurtalstra\u00dfe vor dem Anwesen Nr. 26 verschlossen abgestelltes Pedelec der Marke &#8222;Raleigh&#8220;, Typ &#8222;Corby&#8220;, Farbe Schwarz, Damenrad mit tiefem Einstieg, mit auff\u00e4lligem Aufkleber. Der Schaden betr\u00e4gt 2399.- EUR. Hinweise bitte an die Polizeiinspektion Bad Bergzabern, Tel.: 06343-93340.<\/p>\n\n\n\n<h2 class=\"wp-block-heading\">(Bad Bergzabern) &#8211; PKW besch\u00e4digt<\/h2>\n\n\n\n<p>Am 30.10.21, in der Zeit von 19.00 &#8211; 23:30 Uhr, wurde ein in der Herzog-Wolfgang-Stra\u00dfe geparkter PKW Hyundai Tucson mit S\u00dcW-Kennzeichen durch ein anderes Fahrzeug erheblich im Frontbereich besch\u00e4digt. Der Verursacher beseitigte anschlie\u00dfend abgerissene Teile und entfernte sich. Der Schaden bel\u00e4uft sich auf ca. 3000.- EUR<\/p>\n\n\n\n<p>Zeugen werden gebeten sich bei der Polizeiinspektion Bad Bergzabern zu melden.<\/p>\n\n\n\n<h2 class=\"wp-block-heading\">(Landau) &#8211; Betrunken auf dem E-Scooter<\/h2>\n\n\n\n<p>Da bei einem 25-j\u00e4hrigen Fahrer eins E-Scooters im Rahmen einer Verkehrskontrolle am fr\u00fchen Morgen des 01.11.2021 ein Atemalkoholwert von 2,68 Promille festgestellt wurde, erwartet den Mann nach Blutprobenentnahme nun ein Strafverfahren wegen Trunkenheit im Stra\u00dfenverkehr und die Pr\u00fcfung durch die Fahrerlaubnisbeh\u00f6rde, ob seine generelle Eignung zur Teilnahme am Stra\u00dfenverkehr noch gegeben ist.<\/p>\n\n\n\n<h2 class=\"wp-block-heading\">(Landau) &#8211; Verkehrsunfall unter Alkohol<\/h2>\n\n\n\n<p>Mit einem gesch\u00e4tzten Totalschaden in H\u00f6he von 23.000 Euro an seinem BMW musste ein 20-J\u00e4hriger aus der Verbandsgemeinde R\u00fclzheim seine alkoholisierte Teilnahme am Stra\u00dfenverkehr bezahlen, nachdem er diesen gegen 04:45 Uhr am Morgen des 01. November im Bereich der Kreuzung L509\/Max Planck-Stra\u00dfe gegen einen Ampelmast setzte, der dadurch ebenfalls nicht unerheblich besch\u00e4digt wurde. Da ein Atemalkoholwert von 1,81 Promille festgestellt wurde, erwartet den Mann nach Blutprobenentnahme nun ein Strafverfahren wegen Stra\u00dfenverkehrsgef\u00e4hrdung und die Pr\u00fcfung durch die Fahrerlaubnisbeh\u00f6rde, ob seine generelle Eignung zur Teilnahme am Stra\u00dfenverkehr noch gegeben ist.<\/p>\n\n\n\n<h2 class=\"wp-block-heading\">(Hainfeld) &#8211; Durch zu viel Alkohol in Streit geraten<\/h2>\n\n\n\n<p>Nachdem ein 51-j\u00e4hriger und sein 34-j\u00e4hriger Bekannter am 31.10.2021 gegen 13:30 Uhr zun\u00e4chst zusammen ausgiebig dem Alkohol zugesprochen hatten, gerieten die beiden M\u00e4nner in Streit, wobei der \u00c4ltere den J\u00fcngeren massiv k\u00f6rperlich anging. Letztendlich konnte der Streit nur die herbeigerufene Streife der Polizei Edenkoben geschlichtet werden, die die Streith\u00e4hne trennte und den \u00e4lteren Mann bei seiner Schwester unterbrachte. Gl\u00fccklicherweise wurde das Opfer nur leicht verletzt. Den Schl\u00e4ger erwartet nun ein Strafverfahren wegen K\u00f6rperverletzung.<\/p>\n\n\n\n<h2 class=\"wp-block-heading\">(Edenkoben) &#8211; Randalierer greift Polizei an \/ Einsatz des Diensthundes \/ Tasereinsatz angedroht<\/h2>\n\n\n\n<p>Nachbarn meldeten am Sonntag, 31.10.2021 gegen 22:55 Uhr einen 34-j\u00e4hrigen aus Edenkoben, der in seiner Wohnung randalieren, herumschreien und M\u00f6bel herumschmei\u00dfen w\u00fcrde. Da der psychisch auff\u00e4llige Mann trotz mehrfacher Aufforderung durch die eingesetzten Beamten der Polizei Edenkoben und der Diensthundestaffel sein Zimmer nicht verlassen wollte, sollte dieser am Arm aus der Wohnung gef\u00fchrt werden. Dabei schlug der Mann pl\u00f6tzlich einem Polizeibeamten ins Gesicht und versuchte sich zudem mit Pfefferspray, welches er in seiner Hosentasche mitf\u00fchrte, zur Wehr zu setzen. Durch Einsatz des Diensthundes konnte die Situation gekl\u00e4rt werden, gleichzeitig wurde auch der Einsatz des Tasers angedroht, so dass der Mann schlie\u00dflich \u00fcberw\u00e4ltigt und gefesselt werden konnte. Durch den Biss des Diensthundes wurde der Mann leicht verletzt und nach \u00e4rztlicher Versorgung ins Pfalzklinikum verbracht. Die eingesetzten Polizeibeamten waren weiter dienstf\u00e4hig. Gegen den Mann wurde ein Strafverfahren wegen t\u00e4tlichen Angriffs auf Polizeibeamte eingeleitet.<\/p>\n\n\n\n<h2 class=\"wp-block-heading\">(Edenkoben) &#8211; Scheibe an Pkw eingeschlagen<\/h2>\n\n\n\n<p>Im Zeitraum vom Samstag, 30.10.2021, 17:30 Uhr bis Sonntag, 31.10.2021, 09:30 Uhr wurde bei einem Pkw VW, der in der Bahnhofstra\u00dfe in Edenkoben abgestellt war, von einem bislang unbekannten T\u00e4ter die Seitenscheibe der Beifahrerseite eingeschlagen. Dadurch entstand ein Schaden von ca. 500 EUR. Zeugen, die Hinweise zum T\u00e4ter geben k\u00f6nnen, melden sich bitte bei der Polizei Edenkoben unter Tel: 06323-9550 oder per Email\u00a0<a href=\"mailto:piedenkoben@polizei.rlp.de\">piedenkoben@polizei.rlp.de<\/a>.<\/p>\n\n\n\n<h2 class=\"wp-block-heading\">(Lambrecht) &#8211; Quad ohne Kennzeichen<\/h2>\n\n\n\n<p>Ein bis zu 80 km\/h schnelles Quad ohne Kennzeichen konnte am Sonntag, den 31.10.2021, gegen 18 Uhr in der Hauptstra\u00dfe in Lambrecht festgestellt und kontrolliert werden. Im Rahmen der Verkehrskontrolle stellte sich heraus, dass der 26-j\u00e4hrige Fahrzeugf\u00fchrer aus Frankeneck nicht im Besitz einer erforderlichen Fahrerlaubnis war. Zudem bestand aufgrund von drogentypischen Auffallerscheinungen der Verdacht, dass der Fahrer sein Quad unter dem Einfluss von Bet\u00e4ubungsmitteln gef\u00fchrt haben k\u00f6nnte. Ihm wurde eine Blutprobe entnommen. In seiner mitgef\u00fchrten Umh\u00e4ngetasche fanden die Polizeibeamten noch eine geringe Menge Marihuana. Den 26-J\u00e4hrigen erwarten Strafanzeigen wegen Verst\u00f6\u00dfen gegen das Pflichtversicherungsgesetz und das Bet\u00e4ubungsmittelgesetz, eine Strafanzeige wegen Fahren ohne Fahrerlaubnis, sowie eine Ordnungswidrigkeitenanzeige.<\/p>\n\n\n\n<h2 class=\"wp-block-heading\">(Ha\u00dfloch) &#8211; Verkehrschaos rund um den Holiday Park<\/h2>\n\n\n\n<div class=\"wp-block-image\"><figure class=\"aligncenter size-large\"><img decoding=\"async\" loading=\"lazy\" width=\"800\" height=\"600\" src=\"https:\/\/speyer24news.com\/wp-content\/uploads\/2021\/10\/Halloween-Kuerbis-Fright-Nights-Holiday-Park.jpg\" alt=\"\" class=\"wp-image-41692\" srcset=\"https:\/\/speyer24news.com\/wp-content\/uploads\/2021\/10\/Halloween-Kuerbis-Fright-Nights-Holiday-Park.jpg 800w, https:\/\/speyer24news.com\/wp-content\/uploads\/2021\/10\/Halloween-Kuerbis-Fright-Nights-Holiday-Park-300x225.jpg 300w, https:\/\/speyer24news.com\/wp-content\/uploads\/2021\/10\/Halloween-Kuerbis-Fright-Nights-Holiday-Park-768x576.jpg 768w, https:\/\/speyer24news.com\/wp-content\/uploads\/2021\/10\/Halloween-Kuerbis-Fright-Nights-Holiday-Park-678x509.jpg 678w, https:\/\/speyer24news.com\/wp-content\/uploads\/2021\/10\/Halloween-Kuerbis-Fright-Nights-Holiday-Park-326x245.jpg 326w, https:\/\/speyer24news.com\/wp-content\/uploads\/2021\/10\/Halloween-Kuerbis-Fright-Nights-Holiday-Park-80x60.jpg 80w\" sizes=\"(max-width: 800px) 100vw, 800px\" \/><\/figure><\/div>\n\n\n\n<p>Wie jedes Jahr zu &#8222;Halloween&#8220;, so erfreute sich der Park auch 2021 einer sehr hohen Anzahl von Besuchern. Dies f\u00fchrte bereits gegen 17 Uhr zu erheblichen Verkehrsbeeintr\u00e4chtigungen durch mehrere hundert Fahrzeuge, wobei es zu langen Wartezeiten der Verkehrsteilnehmer und R\u00fcckstau auf die B 39 kam. Die Polizei und Mitarbeiter des Parks mussten zur Entzerrung umf\u00e4ngliche verkehrslenkende Ma\u00dfnahmen ergreifen. Auch im Abreiseverkehr gegen 22 Uhr kam es wieder zu langen Wartezeiten der Besucher auf dem Parkplatzgel\u00e4nde, wof\u00fcr einige G\u00e4ste nicht das notwendige Nervenkost\u00fcm im Gep\u00e4ck hatten. Dies f\u00fchrte zu mehreren polizeilichen Eins\u00e4tzen aufgrund Beleidigung, Bedrohung, Verkehrsunfall. Zum Teil wurde die Wartezeit auch unn\u00f6tigerweise durch mehrere G\u00e4ste verursacht, welche &#8222;verga\u00dfen&#8220;, ihr Ausfahrtticket am Automaten im Ein- und Ausgangsbereich zu l\u00f6sen. Gegen 00:30 Uhr fanden die Eins\u00e4tze und die Verkehrsbehinderungen ihr Ende.<\/p>\n\n\n\n<h2 class=\"wp-block-heading\">(Bad D\u00fcrkheim) &#8211; Schaden verursacht und sich anschlie\u00dfend entfernt<\/h2>\n\n\n\n<p>In der Zeit vom Samstag, 30.10.2021, 11.00 Uhr bis Sonntag, 31.10.2021, 14.25 Uhr streifte ein bislang unbekannter Pkw, den in der Stra\u00dfe &#8222;Im R\u00f6hrich&#8220; parkenden schwarzen Pkw Hyundai I30. Dieser wurde am vorderen linken Radkasten besch\u00e4digt. Es entstand ein Sachschaden von ca. 1000 EUR. Die Polizei bittet Zeugen, die Hinweise zum Verursacherfahrzeug machen k\u00f6nnen, sich mit der Polizei in Bad D\u00fcrkheim unter Tel.: 06322 963-0 oder via E-Mail an\u00a0<a href=\"mailto:pibadduerkheim@polizei.rlp.de\">pibadduerkheim@polizei.rlp.de<\/a>\u00a0in Verbindung zu setzen.<\/p>\n\n\n\n<h2 class=\"wp-block-heading\">(Herxheim am Berg) &#8211; Einbruch in Weingut \/ Weinstube<a href=\"https:\/\/www.facebook.com\/sharer.php?u=https%3A%2F%2Fwww.presseportal.de%2Fblaulicht%2Fpm%2F117687%2F5061081%2F%3Futm_source%3Dfacebook%26utm_medium%3Dsocial\"><\/a><a href=\"https:\/\/twitter.com\/intent\/tweet?text=POL-PDNW%3A%20%28Herxheim%29%20-%20Einbruch%20in%20Weingut%20%2F%20Weinstube&amp;url=https%3A%2F%2Fwww.presseportal.de%2Fblaulicht%2Fpm%2F117687%2F5061081%2F%3Futm_source%3Dtwitter%26utm_medium%3Dsocial&amp;hashtags=ots&amp;lang=de\"><\/a><a href=\"https:\/\/web.whatsapp.com\/send?text=POL-PDNW%3A%20%28Herxheim%29%20-%20Einbruch%20in%20Weingut%20%2F%20Weinstube%0A%0Ahttps%3A%2F%2Fwww.presseportal.de%2Fblaulicht%2Fpm%2F117687%2F5061081%2F%3Futm_source%3Dwhatsapp%26utm_medium%3Dsocial\"><\/a><a href=\"https:\/\/www.xing.com\/app\/user?op=share;url=https%3A%2F%2Fwww.presseportal.de%2Fblaulicht%2Fpm%2F117687%2F5061081%2F%3Futm_source%3Dxing%26utm_medium%3Dsocial\"><\/a><a href=\"http:\/\/www.linkedin.com\/shareArticle?mini=true&amp;url=https%3A%2F%2Fwww.presseportal.de%2Fblaulicht%2Fpm%2F117687%2F5061081%2F%3Futm_source%3Dlinkedin%26utm_medium%3Dsocial&amp;title=POL-PDNW%3A+%28Herxheim%29+-+Einbruch+in+Weingut+%2F+Weinstube\"><\/a><a href=\"mailto:?subject=POL-PDNW%3A%20%28Herxheim%29%20-%20Einbruch%20in%20Weingut%20%2F%20Weinstube&amp;body=https:\/\/www.presseportal.de\/blaulicht\/pm\/117687\/5061081\"><\/a><\/h2>\n\n\n\n<p>In der Zeit vom Sonntag, 31.10.2021, 22.30 Uhr bis Montag, 01.11.2021, 06.40 Uhr wurde in ein Weingut in Herxheim in der Weisenheimer Stra\u00dfe eingebrochen. Bislang unbekannte T\u00e4ter brachen in die Weinstube und den B\u00fcroraum ein und entwendeten Bargeld und Spirituosen. Der Sachschaden bel\u00e4uft sich auf ca. 4000 EUR.<\/p>\n\n\n\n<p>Die Polizei bittet Zeugen, die Hinweise zur Tat oder zu verd\u00e4chtigen Personen\/Fahrzeugen machen k\u00f6nnen, sich mit der Polizei in Bad D\u00fcrkheim unter Tel.: 06322 963-0 oder via E-Mail an\u00a0<a href=\"mailto:pibadduerkheim@polizei.rlp.de\">pibadduerkheim@polizei.rlp.de<\/a>\u00a0in Verbindung zu setzen.<\/p>\n\n\n\n<h2 class=\"wp-block-heading\">(Gr\u00fcnstadt) &#8211; Ohne Fahrerlaubnis mit nicht zugelassenem Fahrzeug unterwegs<\/h2>\n\n\n\n<p>Zu einer folgenreichen Verkehrskontrolle kam es am 01.11.2021, gegen 15:30 Uhr. Hierbei wurde durch Polizeibeamte der PI Gr\u00fcnstadt ein Mitsubishi in der Hauptstra\u00dfe in Kleinkarlbach einer allgemeinen Verkehrskontrolle unterzogen. Im Rahmen der Kontrolle konnte festgestellt werden, dass die Fahrzeugf\u00fchrerin den Pkw f\u00fchrte, ohne im Besitz einer erforderlichen Fahrerlaubnis zu sein. Zudem war das Fahrzeug aktuell nicht zugelassen und wurde somit ohne Versicherungsschutz sowie unter Umgehung der Kraftfahrzeugsteuer gef\u00fchrt. Gegen die 33-j\u00e4hrige Fahrerin wurden entsprechende Strafverfahren eingeleitet. Da dies nicht das erste verkehrswidrige Verhalten der Dame war, wurde au\u00dferdem das Fahrzeug pr\u00e4ventiv mit dem Ziel der Verwertung sichergestellt. Des Weiteren stellten die Beamten fest, dass gegen den Beifahrer ein aktueller Haftbefehl vorlag. Dieser konnte in der Folge ebenfalls vollstreckt werden.<\/p>\n\n\n\n<h2 class=\"wp-block-heading\">(Bockenheim) &#8211; Verkehrsunfallflucht nach Stra\u00dfenverkehrsgef\u00e4hrdung.<\/h2>\n\n\n\n<p>Am Abend des 01.11.2021 kam es gegen 18:30 Uhr in Bockenheim an der Weinstra\u00dfe zu einer Verkehrsunfallflucht nach einer Stra\u00dfenverkehrsgef\u00e4hrdung. Auf der L450 zwischen Bockenheim und Kindenheim kollidierte eine 61-j\u00e4hrige Fahrerin mit ihrem Audi mit einem Stra\u00dfenschild und einer Mauer. Ausl\u00f6ser f\u00fcr die Kollision war, dass der Frau ein PKW entgegenkam, der Schlangenlinien fuhr. Da der bisher unbekannte PKW-Fahrer auf die Fahrspur der Gesch\u00e4digten kam, musste diese nach rechts ausweichen, wodurch diese von der Fahrbahn abkam. Nach Zeugenaussagen seien hinter dem unbekannten PKW noch weitere Fahrzeuge gefahren, die den Unfallhergang beobachtet h\u00e4tten. Die Polizei Gr\u00fcnstadt sucht nach diesen Unfallzeugen.<\/p>\n\n\n\n<h2 class=\"wp-block-heading\">(Frankenthal) &#8211; Verkehrsgef\u00e4hrdung und Sachbesch\u00e4digung<\/h2>\n\n\n\n<p>Am Abend des 31.10.2021, gegen 19:30 Uhr, wurde in der Leininger Stra\u00dfe in Frankenthal durch unbekannte T\u00e4ter ein Kanaldeckel ausgehoben und anschlie\u00dfend durch die Heckscheibe eines geparkten Pkw geworfen. Der ausgehobene Kanaldeckel konnte im Kofferraum des besch\u00e4digten Pkw aufgefunden werden. Ob weitere Verkehrsteilnehmer durch den ausgehobenen Kanaldeckel gesch\u00e4digt wurden, ist derzeit noch nicht bekannt.<\/p>\n\n\n\n<p>Zeugen werden gebeten sich an die Polizeiinspektion Frankenthal unter der Tel.-Nr.: 06233\/313-0 oder an die Polizeiwache Maxdorf unter der Tel.-Nr.: 06237\/934-1100 zu wenden. Gerne nehmen wir Ihre Hinweise auch per E-Mail unter&nbsp;<a href=\"mailto:pifrankenthal@polizei.rlp.de\">pifrankenthal@polizei.rlp.de<\/a>&nbsp;entgegen.<\/p>\n\n\n\n<h2 class=\"wp-block-heading\">(Frankenthal) &#8211; Sachbesch\u00e4digung an Pkw<\/h2>\n\n\n\n<p>Am 31.10.2021 parkte die Gesch\u00e4digte ihren Pkw auf einem Parkplatz in der Hermann-M\u00fcndler-Stra\u00dfe in Frankenthal. Als sie gegen 14:30 Uhr an ihren Pkw zur\u00fcckkehrte, stellte sie fest, dass ihr Pkw rundherum mit wei\u00dfer Farbe beschmiert wurde. Es entstand ein Sachschaden in H\u00f6he von 200EUR.<\/p>\n\n\n\n<p>Zeugen werden gebeten sich an die Polizeiinspektion Frankenthal unter der Tel.-Nr.: 06233\/313-0 oder an die Polizeiwache Maxdorf unter der Tel.-Nr.: 06237\/934-1100 zu wenden. Gerne nehmen wir Ihre Hinweise auch per E-Mail unter&nbsp;<a href=\"mailto:pifrankenthal@polizei.rlp.de\">pifrankenthal@polizei.rlp.de<\/a>&nbsp;entgegen.<\/p>\n\n\n\n<h2 class=\"wp-block-heading\">(Frankenthal) &#8211; Verkehrsunfallflucht<\/h2>\n\n\n\n<p>Der Gesch\u00e4digte parkte seinen Pkw am 25.10.2021, gegen 17:30 Uhr, in der August-Bebel-Stra\u00dfe in Frankenthal am rechten Fahrbahnrand. Als er gegen 23:59 Uhr an seinen Pkw zur\u00fcckkam, stellte er eine Besch\u00e4digung am vorderen Kotfl\u00fcgel auf der Fahrerseite fest. Es entstand ein Sachschaden in H\u00f6he von 2500EUR.<\/p>\n\n\n\n<p>Zeugen werden gebeten sich an die Polizeiinspektion Frankenthal unter der Tel.-Nr.: 06233\/313-0 oder an die Polizeiwache Maxdorf unter der Tel.-Nr.: 06237\/934-1100 zu wenden. Gerne nehmen wir Ihre Hinweise auch per E-Mail unter\u00a0<a href=\"mailto:pifrankenthal@polizei.rlp.de\">pifrankenthal@polizei.rlp.de<\/a>\u00a0entgegen.<\/p>\n\n\n\n<h2 class=\"wp-block-heading\">(Worms \/ A 61) &#8211; Gemeinsamer Ausflug zum Tuningunternehmen unter Bet\u00e4ubungsmitteleinfluss<\/h2>\n\n\n\n<p>Am 01.11.2021 gegen 10:32 Uhr befuhren ein Lamborghini und ein McLaren die Rastst\u00e4tte Wonnegau-West an der A61. Die aus den Niederlanden stammenden Fahrzeuge wurden auf dem Rastst\u00e4ttengel\u00e4nde einer Kontrolle unterzogen. Der 38-j\u00e4hrige Lamborghini-Fahrer, sowie der 42-j\u00e4hrige McLaren-Fahrer zeigten im Rahmen der Verkehrskontrolle drogentypische Ausfallerscheinungen. Bei beiden Fahrern fiel der Urintest positiv aus. Der 38-j\u00e4hrige konsumierte Cannabis, der 42-j\u00e4hrige Kokain. Beide waren zusammen am Morgen in den Niederlanden gestartet um den McLaren an ein Tuningunternehmen im S\u00fcden Deutschlands zu \u00fcbergeben. Die Fahrt war jedoch auf der Rastst\u00e4tte nach den positiven Urintests beendet. Kurz zuvor, gegen 10:20 Uhr, fiel bereits ein belgisches Fahrzeug auf der A61 in Fahrtrichtung Koblenz auf, welches auf der Rastst\u00e4tte Wonnegau-Ost einer Kontrolle unterzogen wurde. Auch hier konnten beim 44-j\u00e4hrigen Fahrer drogentypische Auffallerscheinungen festgestellt werden, welche durch den auf Amphetamin und Methamphetamin positiven Urintest best\u00e4tigt wurden. Hierbei konnten bei der Fahrzeugdurchsuchung beim Fahrer ebenfalls noch Ecstasy-Tablette, sowie beim 44-j\u00e4hrigen Beifahrer geringe Mengen Marihuana aufgefunden werden. Die 3 Fahrzeugf\u00fchrer erwarten nun Ermittlungsverfahren wegen Versto\u00df gegen das Bet\u00e4ubungsmittelgesetz und Trunkenheit im Verkehr, sowie den Beifahrer ein Ermittlungsverfahren wegen Versto\u00df gegen das Bet\u00e4ubungsmittelgesetz.<\/p>\n\n\n\n<h2 class=\"wp-block-heading\">(Ludwigshafen) &#8211; Fahrt unter Alkohol- und Bet\u00e4ubungsmitteleinflu\u00df<\/h2>\n\n\n\n<p>Am Sonntag, 31.10.2021 um 07:25 Uhr wurde im Rahmen einer Verkehrskontrolle im der Wittelsbachstra\u00dfe bei einem 25 j\u00e4hrigen Fahrzeugf\u00fchrer aus Ludwigshafen deutlicher Alkoholgeruch wahrgenommen. Ein freiwillig durchgef\u00fchrter Alkoholtest ergab einen Wert von 1,1 Promille. Ein anschlie\u00dfend durchgef\u00fchrter Urintest verlief positiv auf Amphetamin und Marihuana. Wie die im Rahmen der anschlie\u00dfend durchgef\u00fchrten Durchsuchung aufgefundenen Bet\u00e4ubungsmittel in das Fahrzeug kamen, konnten oder wollten sich der junge Mann und sein 24-j\u00e4hriger Beifahrer nicht erkl\u00e4ren.<\/p>\n\n\n\n<p>Die Weiterfahrt der beiden jungen M\u00e4nner wurde beendet und das Fahrzeug wurde von einem Abschlepper umgesetzt. Der Fahrzeugf\u00fchrer wurde auf die Dienststelle verbracht, wo ihm eine Blutprobe entnommen wurde. Ihn erwartet nun eine Strafanzeige wegen F\u00fchrens eines Kraftfahrzeugs unter dem Einfluss berauschender Mittel und dem Besitz von Bet\u00e4ubungsmitteln.<\/p>\n\n\n\n<h2 class=\"wp-block-heading\">(Ludwigshafen) &#8211; Verkehrsunfallflucht<\/h2>\n\n\n\n<p>Zwischen dem 29.10.21 und dem 31.10.21 besch\u00e4digte ein bislang unbekannter Autofahrer in der Horst-Schork-Stra\u00dfe einen dort abgestellten Kleinbus (Mercedes Sprinter) und entfernte sich im Anschluss von der \u00d6rtlichkeit ohne sich um den Schaden, welcher auf ca. 1500 Euro gesch\u00e4tzt wird, zu k\u00fcmmern. Zeugen, welche Hinweise zum Verursacher machen k\u00f6nne, werden gebeten sich mit der Polizeiinspektion Ludwigshafen 2 unter der Telefonnummer 0621-963 2222 in Verbindung zu setzen.<\/p>\n\n\n\n<h2 class=\"wp-block-heading\">(Mannheim \/ Heidelberg \/ Rhein-Neckar-Kreis) &#8211; Halloween-Nacht verl\u00e4uft ruhig \/ Polizei zieht positive Bilanz<\/h2>\n\n\n\n<p>Wie auch in den vergangenen Jahren mussten Beamtinnen und Beamte des Polizeipr\u00e4sidiums Mannheim in der Halloween-Nacht vom 31.10.2021 auf 01.11.2021 zu rund 50 Halloween-typischen Eins\u00e4tzen im gesamten Bereich des Pr\u00e4sidiums ausr\u00fccken. Neben zahlreichen Ruhest\u00f6rungen kam es in einzelnen F\u00e4llen zu Streitigkeiten und K\u00f6rperverletzungen sowie halloweentypischen &#8222;Streichen&#8220; wie Eierw\u00fcrfen gegen Hausfassaden.<\/p>\n\n\n\n<p>In den Abendstunden verursachten rund 100 Personen L\u00e4rm mit ihren Motorr\u00e4dern auf dem Parkplatz eines Einkaufsmarktes in der Hebelstra\u00dfe in Heidelberg. Diese sammelten sich offenbar zu einem sogenannten &#8222;Halloween-Ride-Out&#8220;. Beim Eintreffen mehrerer Polizeistreifen entfernte sich bereits ein Teil der Biker. Den \u00fcbrigen Teilnehmern wurde ein Platzverweis f\u00fcr das Stadtgebiet Heidelberg erteilt, woraufhin sich diese \u00fcber den Bismarckplatz und die Uferstra\u00dfe entfernten. Danach kam es zu keinen weiteren Beschwerden mehr.<\/p>\n\n\n\n<p>Insgesamt zieht das Polizeipr\u00e4sidium Mannheim eine positive Bilanz der Halloween-Nacht 2021, die vergleichsweise keine Auff\u00e4lligkeiten gegen\u00fcber einer normalen Wochenendnacht zeigte. Das Konzept von intensiver und offen gezeigter Polizeipr\u00e4senz hat offenbar Wirkung gezeigt.<\/p>\n\n\n\n<h2 class=\"wp-block-heading\">(Mannheim-Sch\u00f6nau) &#8211; 30.000 Euro nach K\u00fcchenbrand \/ Keine Verletzten<\/h2>\n\n\n\n<p>Am Sonntagabend gegen kurz vor 18.00 Uhr wurde der integrierten Leitstelle in Mannheim ein K\u00fcchenbrand in der Rastenburger Stra\u00dfe gemeldet. Beim Eintreffen der ersten Rettungskr\u00e4fte befanden sich bereits mehrere Personen vor dem betroffenen Mehrfamilienhaus. Das Feuer, welches im Bereich der K\u00fcche ausgebrochen war, konnte durch 22 Einsatzkr\u00e4fte der Berufsfeuerwehr Mannheim z\u00fcgig unter Kontrolle gebracht und letztlich gel\u00f6scht werden. Insgesamt hatten 15 Personen aus 10 Wohneinheiten das Geb\u00e4ude verlassen. Sie wurden kurzzeitig rettungsdienstlich versorgt, konnten aber unverletzt wieder in ihre Wohnungen zur\u00fcckkehren. Lediglich die Bewohner der Brandwohnung mussten durch den Wohnungsvermieter anderweitig untergebracht werden. Der durch den Brand entstandene Schaden wird auf ca. 30.000 Euro gesch\u00e4tzt. Zu gr\u00f6\u00dferen Verkehrsbehinderungen kam es nicht. Die weiteren Ermittlungen zur Brandursache f\u00fchrt das Polizeirevier Mannheim-Sandhofen.<\/p>\n\n\n\n<h2 class=\"wp-block-heading\">(Mannheim-Neuostheim) &#8211; Kontrollergebnis anl\u00e4sslich der Time Warp 2021<\/h2>\n\n\n\n<p>Am vergangenen Wochenende fand nach einj\u00e4hriger coronabedingter Pause in der Mannheimer Maimarkthalle unter dem Motto &#8222;Two Days &#8211; One Stage&#8220; die Technoveranstaltung &#8222;Time Warp&#8220; statt.<\/p>\n\n\n\n<p>Nach den Regeln eines 2G-Hygienekonzepts hatten Fans elektronischer Musik die M\u00f6glichkeit, freitags und samstags bis in die fr\u00fchen Morgenstunden zu feiern.<\/p>\n\n\n\n<p>Um die Sicherheit rund um die Veranstaltung zu gew\u00e4hrleisten, war das Polizeipr\u00e4sidium Mannheim am gesamten Wochenende mit \u00fcber 200 Polizistinnen und Polizisten rund um das Veranstaltungsgel\u00e4nde zus\u00e4tzlich im Einsatz. Auf dem Gel\u00e4nde war eine Polizeisonderwache eingerichtet, welche w\u00e4hrend der beiden Einzelveranstaltungen durchg\u00e4ngig besetzt war. Durch mobil und station\u00e4r eingesetzte Kr\u00e4fte der Verkehrspolizei mussten an- und abreisende G\u00e4ste jederzeit mit polizeilichen Kontrollen &#8211; insbesondere auf den Verkehrsrouten rund um das Veranstaltungsgel\u00e4nde &#8211; rechnen. Weiterhin wurden verd\u00e4chtige Personen auf dem Veranstaltungsgel\u00e4nde, wie auch im n\u00e4heren \u00f6rtlichen Umfeld um die Maimarkthalle, kontrolliert.<\/p>\n\n\n\n<p>So kam es insgesamt zu 199 kontrollierten Fahrzeugen und 737 Personenkontrollen. In der Bilanz erfassten die Ermittlerinnen und Ermittler 188 Strafanzeigen. Davon erwarten 170 Personen eine Anzeige wegen des Versto\u00dfes gegen das Bet\u00e4ubungsmittelgesetz, wobei der \u00fcberwiegende Anteil der sichergestellten Drogen auf mehrere Kleinmengen zur\u00fcckzuf\u00fchren ist. 29 Fahrzeugf\u00fchrer bzw. Fahrzeugf\u00fchrerinnen nahmen unter dem Einfluss von Drogen am Stra\u00dfenverkehr teil. Da die Verkehrskontrollen jedoch bereits mehrere Stunden vor dem jeweiligen Veranstaltungsbeginn durchgef\u00fchrt wurden, waren nicht alle drogenbeeinflussten Fahrerinnen und Fahrer auf dem Weg zur Time Warp. Trotzdem mussten nat\u00fcrlich alle Personen eine Blutprobe abgeben und erwarten nun ein Straf- oder Bu\u00dfgeldverfahren. Die Weiterfahrt mit dem Fahrzeug war an der jeweiligen Kontroll\u00f6rtlichkeit beendet.<\/p>\n\n\n\n<p>Neben den Verkehrskontrollen, welche schwerpunktm\u00e4\u00dfig auf alkoholisierte und drogenbeeinflusste Fahrerinnen und Fahrer ausgelegt waren, kontrollierten Beamte am fr\u00fchen Samstagabend kurz nach 18 Uhr au\u00dferdem einen VW an der Tank- und Rastanlage Hockenheim Ost auf der A6. Bei einem 20-j\u00e4hrigen Mitfahrer des VWs fanden die Polizisten ein verbotenes Einhandmesser. Als die Beamten den Mann im polizeilichen Fahndungssystem \u00fcberpr\u00fcften, stellen sie au\u00dferdem fest, dass dieser per Haftbefehl gesucht wird. Der Mann wurde daher festgenommen. Das mitgef\u00fchrte Messer wurde sichergestellt, der Mann muss nun zus\u00e4tzlich mit einem Bu\u00dfgeld rechnen.<\/p>\n\n\n\n<h2 class=\"wp-block-heading\">(Horrenberg \/ Rhein-Neckar-Kreis) &#8211; Fahrzeugf\u00fchrerin kommt alleinbeteiligt von Fahrbahn ab<\/h2>\n\n\n\n<p>Am Sonntagabend gegen 17.10 Uhr meldete sich ein namentlich bekannter Zeuge \u00fcber den Polizeinotruf und gab an, dass ein Fahrzeugf\u00fchrer auf der L612 zwischen Horrenberg und Zuzenhausen scheinbar alleinbeteiligt von der Fahrbahn abgekommen und verunfallt sei. Vor Ort konnte eine Streife des Polizeireviers Wiesloch eine sichtbar aufgel\u00f6ste, aber gl\u00fccklicherweise unverletzte, 42-Jahre alte Frau, neben ihrem Pkw sitzend antreffen. Sie war zuvor mit ihrem Ford Focus von Hoffenheim in Richtung Horrenberg unterwegs und verlor in einer Kurve die Kontrolle \u00fcber ihren Pkw. In der Folge kam sie mit ihrem Pkw von der Fahrbahn ab und kam in einem angrenzenden Graben neben der Fahrbahn zum Stehen. Der verunfallte Ford Focus wurde von der Freiwilligen Feuerwehr Horrenberg aus dem Graben gezogen und war nicht mehr fahrbereit. Er wurde bis zum Abtransport durch einen Abschleppdienst auf einem angrenzenden Feldweg abgestellt. Am Fahrzeug entstand ein Schaden in H\u00f6he von ca. 2.000 Euro. Zu Verkehrsbehinderungen kam es nicht.<\/p>\n\n\n\n<h2 class=\"wp-block-heading\">(A 5 \/ AS Dossenheim \/ Rhein-Neckar-Kreis) &#8211; Sattelzugf\u00fchrer mit mehr als 2 Promille unterwegs<\/h2>\n\n\n\n<p>Am Sonntagnachmittag war ein 53-j\u00e4hriger Mann mit einem Sattelzug auf der Autobahn unterwegs, obwohl er erheblich unter dem Einfluss von Alkohol stand. Gegen 15.00 Uhr kam \u00fcber Polizeinotruf der Hinweis, dass der Fahrer einer Sattelzugmaschine schlangenlinienfahrend auf der BAB 5 in Fahrtrichtung Norden, auf H\u00f6he der AS Dossenheim, unterwegs sei. Nachdem das Fahrzeug durch die eingesetzten Polizeibeamten nicht mehr festgestellt werden konnte, wurde in Zusammenarbeit zwischen dem Polizeipr\u00e4sidium Mannheim und dem Polizeipr\u00e4sidium S\u00fcdhessen in Erfahrung gebracht, dass sich der besagte Sattelzug auf dem Gel\u00e4nde der Aral-Tankstelle der BAB 659 in Fahrtrichtung Mannheim befinde. Bei der anschlie\u00dfenden Kontrolle konnten die Beamten deutlichen Alkoholgeruch beim Fahrzeugf\u00fchrer feststellen. Ein freiwillig durchgef\u00fchrter Atemalkoholtest ergab einen Wert von 2,08 Promille. Daraufhin wurde der 53-J\u00e4hrige auf die Dienststelle des Verkehrsdienstes Mannheim &#8211; Verkehrsgruppe Bundesautobahn verbracht, wo ihm durch einen Arzt eine Blutprobe entnommen wurde. Aufgrund der Tatsache, dass es sich bei dem Fahrer um einen ausl\u00e4ndischen Staatsangeh\u00f6rigen handelte, wurde bei ihm zus\u00e4tzlich eine Sicherheitsleistung erhoben. Sein F\u00fchrerschein wurde beschlagnahmt. Ihn erwartet eine Anzeige wegen Trunkenheit im Stra\u00dfenverkehr.<\/p>\n\n\n\n<h2 class=\"wp-block-heading\">(Weinheim \/ Rhein-Neckar-Kreis) &#8211; Motorenplatzer f\u00fchrt zu Tunnelsperrung<\/h2>\n\n\n\n<p>Am 01.11.2021, um 15.21 Uhr, kam es zu einem Brandvoralarm im Saukopftunnel. Auf der Tunnelkamera konnte auch Qualm wahrgenommen werden, weshalb der Tunnel gesperrt wurde. Urs\u00e4chlich f\u00fcr den Qualm war ein Motorenplatzer an einem Fahrzeug, welches durch den Tunnel und auch weiterfuhr, ohne dass sich der Fahrzeugf\u00fchrer meldete. Als der Tunnel wieder ge\u00f6ffnet werden sollte, kam es zu einem technischen Problem an einer Schranke. Diese konnte durch einen Techniker schnell behoben werden, der Tunnel war ab 17.20 Uhr wieder frei befahrbar.<\/p>\n\n\n\n<h2 class=\"wp-block-heading\">(Hemsbach \/ Rhein-Neckar-Kreis) &#8211; Jugendliche bespr\u00fchen Hauswand eines Supermarktes und posieren f\u00fcr Fotos<\/h2>\n\n\n\n<p>Am 31.10.2021 gegen 19.30 Uhr meldete ein Zeuge eine Gruppe von Jugendlichen, welche an der R\u00fcckseite eines Supermarktes in der Bray-sur-Seine-Stra\u00dfe in Hemsbach, die Hauswand bespr\u00fchten und im Zuge dessen vor ihren &#8222;Kunstwerken&#8220; posierten und Fotos machten. Bei Eintreffen der eingesetzten Beamten des Polizeireviers Weinheim ergriffen die Jugendlichen sofort die Flucht, worauf die Beamten die Verfolgung aufnahmen und einen der Beschuldigten festnehmen konnten. Der 14-J\u00e4hrige konnte aufgrund von Farbresten an seinen H\u00e4nden \u00fcberf\u00fchrt werden. Er wurde nach Abschluss der Ma\u00dfnahmen seinen Eltern \u00fcberstellt. Ihn erwartet eine Anzeige wegen Sachbesch\u00e4digung. Die weiteren Ermittlungen zu m\u00f6glichen Mitt\u00e4tern werden durch das Polizeirevier Weinheim gef\u00fchrt.<\/p>\n","protected":false},"excerpt":{"rendered":"<div class=\"mh-excerpt\"><p>Polizeimeldungen vom Montag (01.11.2021) (Speyer) &#8211; Halloweenparty in der Halle 101 endet in K\u00f6rperverletzung In der ausverkauften Veranstaltungshalle 101 kam es Montagfr\u00fch w\u00e4hrend der Halloweenparty zu einer Schl\u00e4gerei zwischen zwei Gruppen. Eine dreik\u00f6pfige Gruppe von <a class=\"mh-excerpt-more\" href=\"https:\/\/speyer24news.com\/?p=41954\" title=\"Polizei\">[&#8230;]<\/a><\/p>\n<\/div>","protected":false},"author":3,"featured_media":26162,"comment_status":"open","ping_status":"open","sticky":false,"template":"","format":"standard","meta":{"_monsterinsights_skip_tracking":false,"_monsterinsights_sitenote_active":false,"_monsterinsights_sitenote_note":"","_monsterinsights_sitenote_category":0,"footnotes":""},"categories":[12],"tags":[3614,702,61,2555,6955,6986,6263,63,105,11150,6987,53,4854,4683,1548,4905,102,213,55,6368,5261,103,106,2803,2423,427,2625,380,62,104,979,1565],"aioseo_notices":[],"amp_enabled":true,"_links":{"self":[{"href":"https:\/\/speyer24news.com\/index.php?rest_route=\/wp\/v2\/posts\/41954"}],"collection":[{"href":"https:\/\/speyer24news.com\/index.php?rest_route=\/wp\/v2\/posts"}],"about":[{"href":"https:\/\/speyer24news.com\/index.php?rest_route=\/wp\/v2\/types\/post"}],"author":[{"embeddable":true,"href":"https:\/\/speyer24news.com\/index.php?rest_route=\/wp\/v2\/users\/3"}],"replies":[{"embeddable":true,"href":"https:\/\/speyer24news.com\/index.php?rest_route=%2Fwp%2Fv2%2Fcomments&post=41954"}],"version-history":[{"count":1,"href":"https:\/\/speyer24news.com\/index.php?rest_route=\/wp\/v2\/posts\/41954\/revisions"}],"predecessor-version":[{"id":41956,"href":"https:\/\/speyer24news.com\/index.php?rest_route=\/wp\/v2\/posts\/41954\/revisions\/41956"}],"wp:featuredmedia":[{"embeddable":true,"href":"https:\/\/speyer24news.com\/index.php?rest_route=\/wp\/v2\/media\/26162"}],"wp:attachment":[{"href":"https:\/\/speyer24news.com\/index.php?rest_route=%2Fwp%2Fv2%2Fmedia&parent=41954"}],"wp:term":[{"taxonomy":"category","embeddable":true,"href":"https:\/\/speyer24news.com\/index.php?rest_route=%2Fwp%2Fv2%2Fcategories&post=41954"},{"taxonomy":"post_tag","embeddable":true,"href":"https:\/\/speyer24news.com\/index.php?rest_route=%2Fwp%2Fv2%2Ftags&post=41954"}],"curies":[{"name":"wp","href":"https:\/\/api.w.org\/{rel}","templated":true}]}}