{"id":41976,"date":"2021-11-03T08:31:05","date_gmt":"2021-11-03T07:31:05","guid":{"rendered":"https:\/\/speyer24news.com\/?p=41976"},"modified":"2021-11-03T08:54:46","modified_gmt":"2021-11-03T07:54:46","slug":"coronavirus-speyer-20","status":"publish","type":"post","link":"https:\/\/speyer24news.com\/?p=41976","title":{"rendered":"Coronavirus Speyer"},"content":{"rendered":"<style type=\"text\/css\">\r\n\t.ads_top_disp{}\r\n\t.ads_top_corner_disp{ float:left; margin:0px 10px 10px 0px; }\r\n\t.ads_first_p_disp{}\r\n\t.ads_bottom_disp{}\r\n\t<\/style>\n<h2 class=\"wp-block-heading\">Tagesaktuelle Fallzahlen f\u00fcr die Stadt Speyer vom Dienstag (02.11.2021)<\/h2>\n\n\n\n<h3 class=\"wp-block-heading\">Speyer weiterhin in Warnstufe 1 \u2013 Region stark betroffen; Germersheim (162,8), Speyer (161,6) und Landau (149,9)<\/h3>\n\n\n\n<figure class=\"wp-block-image\"><img decoding=\"async\" loading=\"lazy\" width=\"800\" height=\"400\" src=\"https:\/\/speyer24news.com\/wp-content\/uploads\/2020\/05\/virus-1812092_1920.jpg\" alt=\"\" class=\"wp-image-26778\" srcset=\"https:\/\/speyer24news.com\/wp-content\/uploads\/2020\/05\/virus-1812092_1920.jpg 800w, https:\/\/speyer24news.com\/wp-content\/uploads\/2020\/05\/virus-1812092_1920-300x150.jpg 300w, https:\/\/speyer24news.com\/wp-content\/uploads\/2020\/05\/virus-1812092_1920-768x384.jpg 768w\" sizes=\"(max-width: 800px) 100vw, 800px\" \/><\/figure>\n\n\n\n<p>Anzahl best\u00e4tigter F\u00e4lle von Coronavirus (SARS-CoV-2)-Infektionen in der Stadt Speyer: 3.663 ( + 7 )<br>Davon hospitalisiert: 114 ( unver\u00e4ndert )<br>Davon bereits genesen: 3.322 ( + 16 )<br>Todesf\u00e4lle: 93 (unver\u00e4ndert )<br>Gemeldete F\u00e4lle der letzten sieben Tage pro 100.000 Einwohner*innen (Inzidenz gem\u00e4\u00df LUA): 161,6 ( <strong>&#8211; 31,5<\/strong>  )<\/p>\n\n\n\n<p><em>Stadtverwaltung Speyer<br>03.11.2021<\/em><\/p>\n\n\n\n<h2 class=\"wp-block-heading\">Leitindikatoren zur Berechnung der Warnstufe<\/h2>\n\n\n\n<div class=\"wp-block-image\"><figure class=\"aligncenter\"><img decoding=\"async\" loading=\"lazy\" width=\"600\" height=\"600\" src=\"https:\/\/speyer24news.com\/wp-content\/uploads\/2021\/09\/Warnstufensystem-2G-.png\" alt=\"\" class=\"wp-image-40457\" srcset=\"https:\/\/speyer24news.com\/wp-content\/uploads\/2021\/09\/Warnstufensystem-2G-.png 600w, https:\/\/speyer24news.com\/wp-content\/uploads\/2021\/09\/Warnstufensystem-2G--300x300.png 300w, https:\/\/speyer24news.com\/wp-content\/uploads\/2021\/09\/Warnstufensystem-2G--150x150.png 150w\" sizes=\"(max-width: 600px) 100vw, 600px\" \/><\/figure><\/div>\n\n\n\n<figure class=\"wp-block-table\"><table><tbody><tr><td>&nbsp;<\/td><td>Leitindikator \u201eSieben-Tage-Inzidenz\u201c<\/td><td>Leitindikator \u201eSieben-Tage-Hospitalisierungs-Inzidenz\u201c<\/td><td>Anteil COVID-19 an Intensivkapazit\u00e4t (%)<\/td><\/tr><tr><td>Dienstag, 02.11.2021<\/td><td>161,6<\/td><td>2,7<\/td><td>4,76<\/td><\/tr><tr><td>Montag, 01.11.2021<\/td><td>193,1<\/td><td>2,2<\/td><td>3,97<\/td><\/tr><tr><td>Sonntag, 31.10.2021<\/td><td>185,2<\/td><td>3,0<\/td><td>4,28<\/td><\/tr><tr><td>Samstag, 30.10.2021<\/td><td>181,3<\/td><td>3,9<\/td><td>4,15<\/td><\/tr><tr><td>Freitag, 29.10.2021<\/td><td>175,4<\/td><td>4<\/td><td>4,58<\/td><\/tr><tr><td>Donnerstag, 28.10.2021<\/td><td>171,4<\/td><td>3,9<\/td><td>4,40<\/td><\/tr><tr><td>Mittwoch, 27.10.2021<\/td><td>181,3<\/td><td>4,0<\/td><td>4,09<\/td><\/tr><\/tbody><\/table><\/figure>\n\n\n\n<p>Der&nbsp;<strong>Leitindikator \u201eSieben-Tage-Inzidenz\u201c<\/strong>&nbsp;gibt an, wie schnell sich das Virus verbreitet. Unter \u201eSieben-Tage-Inzidenz\u201c wird die Anzahl der Neuinfektionen mit dem Coronavirus SARS-CoV-2 je 100&nbsp;000 Einwohnerinnen und Einwohner innerhalb von sieben Tagen f\u00fcr jeden Landkreis und jede kreisfreie Stadt verstanden.<\/p>\n\n\n\n<p>Der&nbsp;<strong>Leitindikator \u201eSieben-Tage-Hospitalisierungs-Inzidenz\u201c&nbsp;<\/strong>zeigt an, wie viele Schwererkrankte innerhalb eines Zeitraums von sieben Tagen neu station\u00e4r aufgenommen wurden. Der Leitindikator \u201eSieben-Tage-Hospitalisierungs-Inzidenz\u201c misst die Anzahl der neu aufgenommenen Hospitalisierungsf\u00e4lle mit COVID-19-Erkrankung je 100 000 Einwohnerinnen und Einwohner im Durchschnitt der letzten sieben Tagen bezogen auf ein Versorgungsgebiet gem\u00e4\u00df Krankenhausplan des Landes Rheinland-Pfalz 2019 bis 2025.<\/p>\n\n\n\n<p>Der&nbsp;<strong>Leitindikator \u201eAnteil Intensivbetten\u201c<\/strong>&nbsp;misst die Belastung des Gesundheitswesens. Er bestimmt sich nach dem prozentualen Anteil der mit COVID-19-Erkrankten belegten Intensivbetten an der Intensivbettenkapazit\u00e4t innerhalb des Landes Rheinland-Pfalz.<\/p>\n\n\n\n<p>Es gilt das&nbsp;<strong>2G+ System<\/strong>: Dieses regelt, wie viele nicht-immunisierte Personen sich gemeinsam im \u00f6ffentlichen Raum aufhalten, auf Veranstaltungen gehen oder \u00f6ffentliche Einrichtungen wie Kinos oder Konzerth\u00e4user besuchen d\u00fcrfen.&nbsp;F\u00fcr immunisierte Personen wird der Zutritt hingegen nicht reduziert.<\/p>\n\n\n\n<p>Speyer befindet sich aktuell in&nbsp;<strong>Warnstufe 1<\/strong>.&nbsp;<\/p>\n\n\n\n<p><em>Robert-Koch-Institut (RKI)<br>03.11.2021<\/em><\/p>\n\n\n\n<h2 class=\"wp-block-heading\">Regelungen und Beschr\u00e4nkungen bei Warnstufe 1<\/h2>\n\n\n\n<div class=\"wp-block-image\"><figure class=\"aligncenter\"><img decoding=\"async\" loading=\"lazy\" width=\"835\" height=\"1024\" src=\"https:\/\/speyer24news.com\/wp-content\/uploads\/2021\/09\/Warnstufe-1-Regelungen-835x1024.jpg\" alt=\"\" class=\"wp-image-40458\" srcset=\"https:\/\/speyer24news.com\/wp-content\/uploads\/2021\/09\/Warnstufe-1-Regelungen-835x1024.jpg 835w, https:\/\/speyer24news.com\/wp-content\/uploads\/2021\/09\/Warnstufe-1-Regelungen-245x300.jpg 245w, https:\/\/speyer24news.com\/wp-content\/uploads\/2021\/09\/Warnstufe-1-Regelungen-768x942.jpg 768w, https:\/\/speyer24news.com\/wp-content\/uploads\/2021\/09\/Warnstufe-1-Regelungen.jpg 862w\" sizes=\"(max-width: 835px) 100vw, 835px\" \/><\/figure><\/div>\n\n\n\n<p><em>Staatskanzlei Rheinland-Pfalz<br>03.11.2021<\/em><\/p>\n\n\n\n<h2 class=\"wp-block-heading\">Land passt Regeln f\u00fcr Weihnachtsm\u00e4rkte an \u2013 Corona-Schutzma\u00dfnahmen im Freien werden zur\u00fcckgefahren<\/h2>\n\n\n\n<div class=\"wp-block-image\"><figure class=\"aligncenter size-large\"><img decoding=\"async\" loading=\"lazy\" width=\"500\" height=\"667\" src=\"https:\/\/speyer24news.com\/wp-content\/uploads\/2019\/12\/IMG_20191219_161346-1.jpg\" alt=\"\" class=\"wp-image-23309\" srcset=\"https:\/\/speyer24news.com\/wp-content\/uploads\/2019\/12\/IMG_20191219_161346-1.jpg 500w, https:\/\/speyer24news.com\/wp-content\/uploads\/2019\/12\/IMG_20191219_161346-1-225x300.jpg 225w\" sizes=\"(max-width: 500px) 100vw, 500px\" \/><\/figure><\/div>\n\n\n\n<p>Am Dienstag, 2. November 2021 hat das Land Rheinland-Pfalz in einer Pressemitteilung die Regelungen der kommenden 27. Corona-Bek\u00e4mpfungsverordnung des Landes (27. CoBeLVO) bekannt gegeben. Demnach werden die Corona-Schutzma\u00dfnahmen im Freien weiter heruntergefahren.&nbsp;Schutzma\u00dfnahmen sollen ab dem 8. November 2021 nur noch in geschlossenen R\u00e4umlichkeiten oder bei Veranstaltungen im Freien bestehen, bei denen feste Pl\u00e4tze eingenommen werden und bei denen der Zutritt auf Basis einer Einlasskontrolle oder zuvor gekaufter Tickets erfolgt.<\/p>\n\n\n\n<p>F\u00fcr Martinsumz\u00fcge und Weihnachtsm\u00e4rkte bedeuten die Neuerungen der kommenden 27. CoBeLVO, dass diese Veranstaltungen&nbsp;<strong>ohne Schutzma\u00dfnahmen&nbsp;<\/strong>durchgef\u00fchrt werden k\u00f6nnen. Auf dem Speyerer Weihnachts- und Neujahrsmarkt wird demnach, anders als zun\u00e4chst angek\u00fcndigt, keine Maskenpflicht, keine 3G-Regel und keine Personenbegrenzung gelten.<\/p>\n\n\n\n<div class=\"wp-block-image\"><figure class=\"aligncenter size-large\"><img decoding=\"async\" loading=\"lazy\" width=\"800\" height=\"600\" src=\"https:\/\/speyer24news.com\/wp-content\/uploads\/2021\/11\/Weihnachtsmarkt-Speyer-Schllittschuh-Zinnecker-1.jpg\" alt=\"\" class=\"wp-image-41980\" srcset=\"https:\/\/speyer24news.com\/wp-content\/uploads\/2021\/11\/Weihnachtsmarkt-Speyer-Schllittschuh-Zinnecker-1.jpg 800w, https:\/\/speyer24news.com\/wp-content\/uploads\/2021\/11\/Weihnachtsmarkt-Speyer-Schllittschuh-Zinnecker-1-300x225.jpg 300w, https:\/\/speyer24news.com\/wp-content\/uploads\/2021\/11\/Weihnachtsmarkt-Speyer-Schllittschuh-Zinnecker-1-768x576.jpg 768w, https:\/\/speyer24news.com\/wp-content\/uploads\/2021\/11\/Weihnachtsmarkt-Speyer-Schllittschuh-Zinnecker-1-678x509.jpg 678w, https:\/\/speyer24news.com\/wp-content\/uploads\/2021\/11\/Weihnachtsmarkt-Speyer-Schllittschuh-Zinnecker-1-326x245.jpg 326w, https:\/\/speyer24news.com\/wp-content\/uploads\/2021\/11\/Weihnachtsmarkt-Speyer-Schllittschuh-Zinnecker-1-80x60.jpg 80w\" sizes=\"(max-width: 800px) 100vw, 800px\" \/><\/figure><\/div>\n\n\n\n<p>Die Stadt Speyer wird die bisherige Konzeption der gro\u00dffl\u00e4chigeren Verteilung der Standpl\u00e4tze entlang der Maximilianstra\u00dfe trotzdem beibehalten, um die Besuchsstr\u00f6me zu entzerren und f\u00fcr mehr Platz zu sorgen.<\/p>\n\n\n\n<p>\u201eSelbstverst\u00e4ndlich ist die Freude, wieder unseren bekannten und beliebten Weihnachts- und Neujahrsmarkt durchf\u00fchren zu k\u00f6nnen, gro\u00df. Trotzdem m\u00f6chte ich an das Verantwortungsbewusstsein der Menschen appellieren: Auch wenn die Corona-Schutzma\u00dfnahmen f\u00fcr Veranstaltungen unter freiem Himmel aufgehoben werden, ist die Pandemie noch nicht vorbei. Seien Sie sich dessen bewusst und verhalten Sie sich auch bei Ihrem Weihnachtsmarktbesuch umsichtig und nehmen Sie R\u00fccksicht auf Ihre Mitmenschen\u201c, so der Appell von Oberb\u00fcrgermeisterin Stefanie Seiler.<\/p>\n\n\n\n<div class=\"wp-block-image\"><figure class=\"aligncenter size-large\"><img decoding=\"async\" loading=\"lazy\" width=\"800\" height=\"600\" src=\"https:\/\/speyer24news.com\/wp-content\/uploads\/2021\/11\/Weihnachtsmarkt-Speyer-3.jpg\" alt=\"\" class=\"wp-image-41981\" srcset=\"https:\/\/speyer24news.com\/wp-content\/uploads\/2021\/11\/Weihnachtsmarkt-Speyer-3.jpg 800w, https:\/\/speyer24news.com\/wp-content\/uploads\/2021\/11\/Weihnachtsmarkt-Speyer-3-300x225.jpg 300w, https:\/\/speyer24news.com\/wp-content\/uploads\/2021\/11\/Weihnachtsmarkt-Speyer-3-768x576.jpg 768w, https:\/\/speyer24news.com\/wp-content\/uploads\/2021\/11\/Weihnachtsmarkt-Speyer-3-678x509.jpg 678w, https:\/\/speyer24news.com\/wp-content\/uploads\/2021\/11\/Weihnachtsmarkt-Speyer-3-326x245.jpg 326w, https:\/\/speyer24news.com\/wp-content\/uploads\/2021\/11\/Weihnachtsmarkt-Speyer-3-80x60.jpg 80w\" sizes=\"(max-width: 800px) 100vw, 800px\" \/><\/figure><\/div>\n\n\n\n<p>Die Planungen gelten selbstverst\u00e4ndlich weiterhin vorbehaltlich der zum Durchf\u00fchrungszeitpunkt herrschenden Infektionslage sowie der jeweils geltenden Corona-Bek\u00e4mpfungsverordnung und den damit verbundenen Regelungen.<\/p>\n\n\n\n<h3 class=\"wp-block-heading\">Vorgesehene \u00d6ffnungszeiten:<\/h3>\n\n\n\n<h4 class=\"wp-block-heading\">Weihnachts- und Neujahrsmarkt<\/h4>\n\n\n\n<ul><li><strong>Vom 22. November 2021 bis 9. Januar 2022 t\u00e4glich von 11.00 bis 21.00 Uhr<\/strong><\/li><li><strong>24. Dezember 2021: 10.00 bis 13.00 Uhr<br>25. und 26. Dezember 2021: geschlossen<\/strong><\/li><li><strong>31. Dezember 2021: 11.00 bis 15.00 Uhr<\/strong><\/li><li><strong>1. Januar 2021: 13.00 bis 21.00 Uhr<\/strong><\/li><\/ul>\n\n\n\n<h4 class=\"wp-block-heading\">Kunsthandwerkermarkt im Rathausinnenhof<\/h4>\n\n\n\n<ul><li><strong>vom 26. November bis 19. Dezember 2021: freitags von 16.00 bis 20.00 Uhr; samstags und sonntags jeweils von 11.00 bis 20.00 Uhr<\/strong><\/li><\/ul>\n\n\n\n<p><em>Text: Stadtverwaltung Speyer Foto: Speyer 24\/7 News<br>03.11.2021<\/em><\/p>\n","protected":false},"excerpt":{"rendered":"<div class=\"mh-excerpt\"><p>Tagesaktuelle Fallzahlen f\u00fcr die Stadt Speyer vom Dienstag (02.11.2021) Speyer weiterhin in Warnstufe 1 \u2013 Region stark betroffen; Germersheim (162,8), Speyer (161,6) und Landau (149,9) Anzahl best\u00e4tigter F\u00e4lle von Coronavirus (SARS-CoV-2)-Infektionen in der Stadt Speyer: <a class=\"mh-excerpt-more\" href=\"https:\/\/speyer24news.com\/?p=41976\" title=\"Coronavirus Speyer\">[&#8230;]<\/a><\/p>\n<\/div>","protected":false},"author":3,"featured_media":25126,"comment_status":"open","ping_status":"open","sticky":false,"template":"","format":"standard","meta":{"_monsterinsights_skip_tracking":false,"_monsterinsights_sitenote_active":false,"_monsterinsights_sitenote_note":"","_monsterinsights_sitenote_category":0,"footnotes":""},"categories":[11613],"tags":[6401,8404,6367,9176,6940,12872,12873,8725,6359,6370,5904,6358,7003,5801,6342,11269,11270,12874,12881,6,4526,4582,13200],"aioseo_notices":[],"amp_enabled":true,"_links":{"self":[{"href":"https:\/\/speyer24news.com\/index.php?rest_route=\/wp\/v2\/posts\/41976"}],"collection":[{"href":"https:\/\/speyer24news.com\/index.php?rest_route=\/wp\/v2\/posts"}],"about":[{"href":"https:\/\/speyer24news.com\/index.php?rest_route=\/wp\/v2\/types\/post"}],"author":[{"embeddable":true,"href":"https:\/\/speyer24news.com\/index.php?rest_route=\/wp\/v2\/users\/3"}],"replies":[{"embeddable":true,"href":"https:\/\/speyer24news.com\/index.php?rest_route=%2Fwp%2Fv2%2Fcomments&post=41976"}],"version-history":[{"count":3,"href":"https:\/\/speyer24news.com\/index.php?rest_route=\/wp\/v2\/posts\/41976\/revisions"}],"predecessor-version":[{"id":41983,"href":"https:\/\/speyer24news.com\/index.php?rest_route=\/wp\/v2\/posts\/41976\/revisions\/41983"}],"wp:featuredmedia":[{"embeddable":true,"href":"https:\/\/speyer24news.com\/index.php?rest_route=\/wp\/v2\/media\/25126"}],"wp:attachment":[{"href":"https:\/\/speyer24news.com\/index.php?rest_route=%2Fwp%2Fv2%2Fmedia&parent=41976"}],"wp:term":[{"taxonomy":"category","embeddable":true,"href":"https:\/\/speyer24news.com\/index.php?rest_route=%2Fwp%2Fv2%2Fcategories&post=41976"},{"taxonomy":"post_tag","embeddable":true,"href":"https:\/\/speyer24news.com\/index.php?rest_route=%2Fwp%2Fv2%2Ftags&post=41976"}],"curies":[{"name":"wp","href":"https:\/\/api.w.org\/{rel}","templated":true}]}}