{"id":41985,"date":"2021-11-03T09:07:13","date_gmt":"2021-11-03T08:07:13","guid":{"rendered":"https:\/\/speyer24news.com\/?p=41985"},"modified":"2021-11-03T09:07:17","modified_gmt":"2021-11-03T08:07:17","slug":"weihnachtsmarkt-speyer","status":"publish","type":"post","link":"https:\/\/speyer24news.com\/?p=41985","title":{"rendered":"Weihnachtsmarkt \/ Speyer"},"content":{"rendered":"<style type=\"text\/css\">\r\n\t.ads_top_disp{}\r\n\t.ads_top_corner_disp{ float:left; margin:0px 10px 10px 0px; }\r\n\t.ads_first_p_disp{}\r\n\t.ads_bottom_disp{}\r\n\t<\/style>\n<h2 class=\"wp-block-heading\">Land passt Regeln f\u00fcr Weihnachtsm\u00e4rkte an \u2013 Corona-Schutzma\u00dfnahmen im Freien werden zur\u00fcckgefahren<\/h2>\n\n\n\n<div class=\"wp-block-image\"><figure class=\"aligncenter size-large\"><img decoding=\"async\" loading=\"lazy\" width=\"500\" height=\"667\" src=\"https:\/\/speyer24news.com\/wp-content\/uploads\/2021\/11\/Weihnachtsmarkt-Speyer.jpg\" alt=\"\" class=\"wp-image-41996\" srcset=\"https:\/\/speyer24news.com\/wp-content\/uploads\/2021\/11\/Weihnachtsmarkt-Speyer.jpg 500w, https:\/\/speyer24news.com\/wp-content\/uploads\/2021\/11\/Weihnachtsmarkt-Speyer-225x300.jpg 225w\" sizes=\"(max-width: 500px) 100vw, 500px\" \/><\/figure><\/div>\n\n\n\n<p>Am Dienstag, 2. November 2021 hat das Land Rheinland-Pfalz in einer Pressemitteilung die Regelungen der kommenden 27. Corona-Bek\u00e4mpfungsverordnung des Landes (27. CoBeLVO) bekannt gegeben. Demnach werden die Corona-Schutzma\u00dfnahmen im Freien weiter heruntergefahren.&nbsp;Schutzma\u00dfnahmen sollen ab dem 8. November 2021 nur noch in geschlossenen R\u00e4umlichkeiten oder bei Veranstaltungen im Freien bestehen, bei denen feste Pl\u00e4tze eingenommen werden und bei denen der Zutritt auf Basis einer Einlasskontrolle oder zuvor gekaufter Tickets erfolgt.<\/p>\n\n\n\n<p>F\u00fcr Martinsumz\u00fcge und Weihnachtsm\u00e4rkte bedeuten die Neuerungen der kommenden 27. CoBeLVO, dass diese Veranstaltungen\u00a0<strong>ohne Schutzma\u00dfnahmen\u00a0<\/strong>durchgef\u00fchrt werden k\u00f6nnen. Auf dem Speyerer Weihnachts- und Neujahrsmarkt wird demnach, anders als zun\u00e4chst angek\u00fcndigt, keine Maskenpflicht, keine 3G-Regel und keine Personenbegrenzung gelten.<\/p>\n\n\n\n<div class=\"wp-block-image\"><figure class=\"aligncenter size-large\"><img decoding=\"async\" loading=\"lazy\" width=\"800\" height=\"600\" src=\"https:\/\/speyer24news.com\/wp-content\/uploads\/2021\/11\/Weihnachtsmarkt-Speyer-Schllittschuh-Zinnecker-1.jpg\" alt=\"\" class=\"wp-image-41980\" srcset=\"https:\/\/speyer24news.com\/wp-content\/uploads\/2021\/11\/Weihnachtsmarkt-Speyer-Schllittschuh-Zinnecker-1.jpg 800w, https:\/\/speyer24news.com\/wp-content\/uploads\/2021\/11\/Weihnachtsmarkt-Speyer-Schllittschuh-Zinnecker-1-300x225.jpg 300w, https:\/\/speyer24news.com\/wp-content\/uploads\/2021\/11\/Weihnachtsmarkt-Speyer-Schllittschuh-Zinnecker-1-768x576.jpg 768w, https:\/\/speyer24news.com\/wp-content\/uploads\/2021\/11\/Weihnachtsmarkt-Speyer-Schllittschuh-Zinnecker-1-678x509.jpg 678w, https:\/\/speyer24news.com\/wp-content\/uploads\/2021\/11\/Weihnachtsmarkt-Speyer-Schllittschuh-Zinnecker-1-326x245.jpg 326w, https:\/\/speyer24news.com\/wp-content\/uploads\/2021\/11\/Weihnachtsmarkt-Speyer-Schllittschuh-Zinnecker-1-80x60.jpg 80w\" sizes=\"(max-width: 800px) 100vw, 800px\" \/><\/figure><\/div>\n\n\n\n<p>Die Stadt Speyer wird die bisherige Konzeption der gro\u00dffl\u00e4chigeren Verteilung der Standpl\u00e4tze entlang der Maximilianstra\u00dfe trotzdem beibehalten, um die Besuchsstr\u00f6me zu entzerren und f\u00fcr mehr Platz zu sorgen.<\/p>\n\n\n\n<p>\u201eSelbstverst\u00e4ndlich ist die Freude, wieder unseren bekannten und beliebten Weihnachts- und Neujahrsmarkt durchf\u00fchren zu k\u00f6nnen, gro\u00df. Trotzdem m\u00f6chte ich an das Verantwortungsbewusstsein der Menschen appellieren: Auch wenn die Corona-Schutzma\u00dfnahmen f\u00fcr Veranstaltungen unter freiem Himmel aufgehoben werden, ist die Pandemie noch nicht vorbei. Seien Sie sich dessen bewusst und verhalten Sie sich auch bei Ihrem Weihnachtsmarktbesuch umsichtig und nehmen Sie R\u00fccksicht auf Ihre Mitmenschen\u201c, so der Appell von Oberb\u00fcrgermeisterin Stefanie Seiler.<\/p>\n\n\n\n<div class=\"wp-block-image\"><figure class=\"aligncenter size-large\"><img decoding=\"async\" loading=\"lazy\" width=\"800\" height=\"600\" src=\"https:\/\/speyer24news.com\/wp-content\/uploads\/2021\/11\/Weihnachtsmarkt-Speyer-3-1.jpg\" alt=\"\" class=\"wp-image-41994\" srcset=\"https:\/\/speyer24news.com\/wp-content\/uploads\/2021\/11\/Weihnachtsmarkt-Speyer-3-1.jpg 800w, https:\/\/speyer24news.com\/wp-content\/uploads\/2021\/11\/Weihnachtsmarkt-Speyer-3-1-300x225.jpg 300w, https:\/\/speyer24news.com\/wp-content\/uploads\/2021\/11\/Weihnachtsmarkt-Speyer-3-1-768x576.jpg 768w, https:\/\/speyer24news.com\/wp-content\/uploads\/2021\/11\/Weihnachtsmarkt-Speyer-3-1-678x509.jpg 678w, https:\/\/speyer24news.com\/wp-content\/uploads\/2021\/11\/Weihnachtsmarkt-Speyer-3-1-326x245.jpg 326w, https:\/\/speyer24news.com\/wp-content\/uploads\/2021\/11\/Weihnachtsmarkt-Speyer-3-1-80x60.jpg 80w\" sizes=\"(max-width: 800px) 100vw, 800px\" \/><\/figure><\/div>\n\n\n\n<p>Die Planungen gelten selbstverst\u00e4ndlich weiterhin vorbehaltlich der zum Durchf\u00fchrungszeitpunkt herrschenden Infektionslage sowie der jeweils geltenden Corona-Bek\u00e4mpfungsverordnung und den damit verbundenen Regelungen.<\/p>\n\n\n\n<h3 class=\"wp-block-heading\">Vorgesehene \u00d6ffnungszeiten:<\/h3>\n\n\n\n<h4 class=\"wp-block-heading\">Weihnachts- und Neujahrsmarkt<\/h4>\n\n\n\n<ul><li><strong>Vom 22. November 2021 bis 9. Januar 2022 t\u00e4glich von 11.00 bis 21.00 Uhr<\/strong><\/li><li><strong>24. Dezember 2021: 10.00 bis 13.00 Uhr<br>25. und 26. Dezember 2021: geschlossen<\/strong><\/li><li><strong>31. Dezember 2021: 11.00 bis 15.00 Uhr<\/strong><\/li><li><strong>1. Januar 2021: 13.00 bis 21.00 Uhr<\/strong><\/li><\/ul>\n\n\n\n<h4 class=\"wp-block-heading\">Kunsthandwerkermarkt im Rathausinnenhof<\/h4>\n\n\n\n<ul><li><strong>vom 26. November bis 19. Dezember 2021: freitags von 16.00 bis 20.00 Uhr; samstags und sonntags jeweils von 11.00 bis 20.00 Uhr<\/strong><\/li><\/ul>\n\n\n\n<h3 class=\"wp-block-heading\">Fotoalbum &#8222;Weihnachtsmarktimpressionen&#8220;:<\/h3>\n\n\n\n<figure class=\"wp-block-gallery columns-2 wp-block-gallery-1 is-layout-flex wp-block-gallery-is-layout-flex\"><ul class=\"blocks-gallery-grid\"><li class=\"blocks-gallery-item\"><figure><img decoding=\"async\" loading=\"lazy\" width=\"800\" height=\"600\" src=\"https:\/\/speyer24news.com\/wp-content\/uploads\/2021\/11\/Weihnachtsmarkt-Speyer-Schllittschuh-Zinnecker-1-1.jpg\" alt=\"\" data-id=\"41986\" data-link=\"https:\/\/speyer24news.com\/?attachment_id=41986\" class=\"wp-image-41986\" srcset=\"https:\/\/speyer24news.com\/wp-content\/uploads\/2021\/11\/Weihnachtsmarkt-Speyer-Schllittschuh-Zinnecker-1-1.jpg 800w, https:\/\/speyer24news.com\/wp-content\/uploads\/2021\/11\/Weihnachtsmarkt-Speyer-Schllittschuh-Zinnecker-1-1-300x225.jpg 300w, https:\/\/speyer24news.com\/wp-content\/uploads\/2021\/11\/Weihnachtsmarkt-Speyer-Schllittschuh-Zinnecker-1-1-768x576.jpg 768w, https:\/\/speyer24news.com\/wp-content\/uploads\/2021\/11\/Weihnachtsmarkt-Speyer-Schllittschuh-Zinnecker-1-1-678x509.jpg 678w, https:\/\/speyer24news.com\/wp-content\/uploads\/2021\/11\/Weihnachtsmarkt-Speyer-Schllittschuh-Zinnecker-1-1-326x245.jpg 326w, https:\/\/speyer24news.com\/wp-content\/uploads\/2021\/11\/Weihnachtsmarkt-Speyer-Schllittschuh-Zinnecker-1-1-80x60.jpg 80w\" sizes=\"(max-width: 800px) 100vw, 800px\" \/><\/figure><\/li><li class=\"blocks-gallery-item\"><figure><img decoding=\"async\" loading=\"lazy\" width=\"800\" height=\"600\" src=\"https:\/\/speyer24news.com\/wp-content\/uploads\/2021\/11\/Weihnachtsmarkt-Speyer-Schlittschuh-Zinnecker-Feuerzange2.jpg\" alt=\"\" data-id=\"41987\" data-link=\"https:\/\/speyer24news.com\/?attachment_id=41987\" class=\"wp-image-41987\" srcset=\"https:\/\/speyer24news.com\/wp-content\/uploads\/2021\/11\/Weihnachtsmarkt-Speyer-Schlittschuh-Zinnecker-Feuerzange2.jpg 800w, https:\/\/speyer24news.com\/wp-content\/uploads\/2021\/11\/Weihnachtsmarkt-Speyer-Schlittschuh-Zinnecker-Feuerzange2-300x225.jpg 300w, https:\/\/speyer24news.com\/wp-content\/uploads\/2021\/11\/Weihnachtsmarkt-Speyer-Schlittschuh-Zinnecker-Feuerzange2-768x576.jpg 768w, https:\/\/speyer24news.com\/wp-content\/uploads\/2021\/11\/Weihnachtsmarkt-Speyer-Schlittschuh-Zinnecker-Feuerzange2-678x509.jpg 678w, https:\/\/speyer24news.com\/wp-content\/uploads\/2021\/11\/Weihnachtsmarkt-Speyer-Schlittschuh-Zinnecker-Feuerzange2-326x245.jpg 326w, https:\/\/speyer24news.com\/wp-content\/uploads\/2021\/11\/Weihnachtsmarkt-Speyer-Schlittschuh-Zinnecker-Feuerzange2-80x60.jpg 80w\" sizes=\"(max-width: 800px) 100vw, 800px\" \/><\/figure><\/li><li class=\"blocks-gallery-item\"><figure><img decoding=\"async\" loading=\"lazy\" width=\"800\" height=\"600\" src=\"https:\/\/speyer24news.com\/wp-content\/uploads\/2021\/11\/Weihnachtsmarkt-Speyer-4.jpg\" alt=\"\" data-id=\"41988\" data-link=\"https:\/\/speyer24news.com\/?attachment_id=41988\" class=\"wp-image-41988\" srcset=\"https:\/\/speyer24news.com\/wp-content\/uploads\/2021\/11\/Weihnachtsmarkt-Speyer-4.jpg 800w, https:\/\/speyer24news.com\/wp-content\/uploads\/2021\/11\/Weihnachtsmarkt-Speyer-4-300x225.jpg 300w, https:\/\/speyer24news.com\/wp-content\/uploads\/2021\/11\/Weihnachtsmarkt-Speyer-4-768x576.jpg 768w, https:\/\/speyer24news.com\/wp-content\/uploads\/2021\/11\/Weihnachtsmarkt-Speyer-4-678x509.jpg 678w, https:\/\/speyer24news.com\/wp-content\/uploads\/2021\/11\/Weihnachtsmarkt-Speyer-4-326x245.jpg 326w, https:\/\/speyer24news.com\/wp-content\/uploads\/2021\/11\/Weihnachtsmarkt-Speyer-4-80x60.jpg 80w\" sizes=\"(max-width: 800px) 100vw, 800px\" \/><\/figure><\/li><li class=\"blocks-gallery-item\"><figure><img decoding=\"async\" loading=\"lazy\" width=\"800\" height=\"600\" src=\"https:\/\/speyer24news.com\/wp-content\/uploads\/2021\/11\/Weihnachtsmarkt-Speyer-9.jpg\" alt=\"\" data-id=\"41989\" data-link=\"https:\/\/speyer24news.com\/?attachment_id=41989\" class=\"wp-image-41989\" srcset=\"https:\/\/speyer24news.com\/wp-content\/uploads\/2021\/11\/Weihnachtsmarkt-Speyer-9.jpg 800w, https:\/\/speyer24news.com\/wp-content\/uploads\/2021\/11\/Weihnachtsmarkt-Speyer-9-300x225.jpg 300w, https:\/\/speyer24news.com\/wp-content\/uploads\/2021\/11\/Weihnachtsmarkt-Speyer-9-768x576.jpg 768w, https:\/\/speyer24news.com\/wp-content\/uploads\/2021\/11\/Weihnachtsmarkt-Speyer-9-678x509.jpg 678w, https:\/\/speyer24news.com\/wp-content\/uploads\/2021\/11\/Weihnachtsmarkt-Speyer-9-326x245.jpg 326w, https:\/\/speyer24news.com\/wp-content\/uploads\/2021\/11\/Weihnachtsmarkt-Speyer-9-80x60.jpg 80w\" sizes=\"(max-width: 800px) 100vw, 800px\" \/><\/figure><\/li><li class=\"blocks-gallery-item\"><figure><img decoding=\"async\" loading=\"lazy\" width=\"800\" height=\"600\" src=\"https:\/\/speyer24news.com\/wp-content\/uploads\/2021\/11\/Weihnachtsmarkt-Speyer-10.jpg\" alt=\"\" data-id=\"41990\" data-link=\"https:\/\/speyer24news.com\/?attachment_id=41990\" class=\"wp-image-41990\" srcset=\"https:\/\/speyer24news.com\/wp-content\/uploads\/2021\/11\/Weihnachtsmarkt-Speyer-10.jpg 800w, https:\/\/speyer24news.com\/wp-content\/uploads\/2021\/11\/Weihnachtsmarkt-Speyer-10-300x225.jpg 300w, https:\/\/speyer24news.com\/wp-content\/uploads\/2021\/11\/Weihnachtsmarkt-Speyer-10-768x576.jpg 768w, https:\/\/speyer24news.com\/wp-content\/uploads\/2021\/11\/Weihnachtsmarkt-Speyer-10-678x509.jpg 678w, https:\/\/speyer24news.com\/wp-content\/uploads\/2021\/11\/Weihnachtsmarkt-Speyer-10-326x245.jpg 326w, https:\/\/speyer24news.com\/wp-content\/uploads\/2021\/11\/Weihnachtsmarkt-Speyer-10-80x60.jpg 80w\" sizes=\"(max-width: 800px) 100vw, 800px\" \/><\/figure><\/li><li class=\"blocks-gallery-item\"><figure><img decoding=\"async\" loading=\"lazy\" width=\"800\" height=\"600\" src=\"https:\/\/speyer24news.com\/wp-content\/uploads\/2021\/11\/Weihnachtsmarkt-Speyer-7.jpg\" alt=\"\" data-id=\"41991\" data-link=\"https:\/\/speyer24news.com\/?attachment_id=41991\" class=\"wp-image-41991\" srcset=\"https:\/\/speyer24news.com\/wp-content\/uploads\/2021\/11\/Weihnachtsmarkt-Speyer-7.jpg 800w, https:\/\/speyer24news.com\/wp-content\/uploads\/2021\/11\/Weihnachtsmarkt-Speyer-7-300x225.jpg 300w, https:\/\/speyer24news.com\/wp-content\/uploads\/2021\/11\/Weihnachtsmarkt-Speyer-7-768x576.jpg 768w, https:\/\/speyer24news.com\/wp-content\/uploads\/2021\/11\/Weihnachtsmarkt-Speyer-7-678x509.jpg 678w, https:\/\/speyer24news.com\/wp-content\/uploads\/2021\/11\/Weihnachtsmarkt-Speyer-7-326x245.jpg 326w, https:\/\/speyer24news.com\/wp-content\/uploads\/2021\/11\/Weihnachtsmarkt-Speyer-7-80x60.jpg 80w\" sizes=\"(max-width: 800px) 100vw, 800px\" \/><\/figure><\/li><li class=\"blocks-gallery-item\"><figure><img decoding=\"async\" loading=\"lazy\" width=\"800\" height=\"536\" src=\"https:\/\/speyer24news.com\/wp-content\/uploads\/2021\/11\/Weihnachtsmarkt-Speyer-Kontrolle-8.jpg\" alt=\"\" data-id=\"41992\" data-link=\"https:\/\/speyer24news.com\/?attachment_id=41992\" class=\"wp-image-41992\" srcset=\"https:\/\/speyer24news.com\/wp-content\/uploads\/2021\/11\/Weihnachtsmarkt-Speyer-Kontrolle-8.jpg 800w, https:\/\/speyer24news.com\/wp-content\/uploads\/2021\/11\/Weihnachtsmarkt-Speyer-Kontrolle-8-300x201.jpg 300w, https:\/\/speyer24news.com\/wp-content\/uploads\/2021\/11\/Weihnachtsmarkt-Speyer-Kontrolle-8-768x515.jpg 768w\" sizes=\"(max-width: 800px) 100vw, 800px\" \/><\/figure><\/li><li class=\"blocks-gallery-item\"><figure><img decoding=\"async\" loading=\"lazy\" width=\"800\" height=\"603\" src=\"https:\/\/speyer24news.com\/wp-content\/uploads\/2021\/11\/Weihnachtsmarkt-Speyer-Nikolaus-5.jpg\" alt=\"\" data-id=\"41993\" data-link=\"https:\/\/speyer24news.com\/?attachment_id=41993\" class=\"wp-image-41993\" srcset=\"https:\/\/speyer24news.com\/wp-content\/uploads\/2021\/11\/Weihnachtsmarkt-Speyer-Nikolaus-5.jpg 800w, https:\/\/speyer24news.com\/wp-content\/uploads\/2021\/11\/Weihnachtsmarkt-Speyer-Nikolaus-5-300x226.jpg 300w, https:\/\/speyer24news.com\/wp-content\/uploads\/2021\/11\/Weihnachtsmarkt-Speyer-Nikolaus-5-768x579.jpg 768w, https:\/\/speyer24news.com\/wp-content\/uploads\/2021\/11\/Weihnachtsmarkt-Speyer-Nikolaus-5-326x245.jpg 326w, https:\/\/speyer24news.com\/wp-content\/uploads\/2021\/11\/Weihnachtsmarkt-Speyer-Nikolaus-5-80x60.jpg 80w\" sizes=\"(max-width: 800px) 100vw, 800px\" \/><\/figure><\/li><li class=\"blocks-gallery-item\"><figure><img decoding=\"async\" loading=\"lazy\" width=\"800\" height=\"600\" src=\"https:\/\/speyer24news.com\/wp-content\/uploads\/2021\/11\/Weihnachtsmarkt-Speyer-3-1.jpg\" alt=\"\" data-id=\"41994\" data-link=\"https:\/\/speyer24news.com\/?attachment_id=41994\" class=\"wp-image-41994\" srcset=\"https:\/\/speyer24news.com\/wp-content\/uploads\/2021\/11\/Weihnachtsmarkt-Speyer-3-1.jpg 800w, https:\/\/speyer24news.com\/wp-content\/uploads\/2021\/11\/Weihnachtsmarkt-Speyer-3-1-300x225.jpg 300w, https:\/\/speyer24news.com\/wp-content\/uploads\/2021\/11\/Weihnachtsmarkt-Speyer-3-1-768x576.jpg 768w, https:\/\/speyer24news.com\/wp-content\/uploads\/2021\/11\/Weihnachtsmarkt-Speyer-3-1-678x509.jpg 678w, https:\/\/speyer24news.com\/wp-content\/uploads\/2021\/11\/Weihnachtsmarkt-Speyer-3-1-326x245.jpg 326w, https:\/\/speyer24news.com\/wp-content\/uploads\/2021\/11\/Weihnachtsmarkt-Speyer-3-1-80x60.jpg 80w\" sizes=\"(max-width: 800px) 100vw, 800px\" \/><\/figure><\/li><li class=\"blocks-gallery-item\"><figure><img decoding=\"async\" loading=\"lazy\" width=\"800\" height=\"600\" src=\"https:\/\/speyer24news.com\/wp-content\/uploads\/2021\/11\/Weihnachtsmarkt-Speyer-Gluehwein-6.jpg\" alt=\"\" data-id=\"41995\" data-link=\"https:\/\/speyer24news.com\/?attachment_id=41995\" class=\"wp-image-41995\" srcset=\"https:\/\/speyer24news.com\/wp-content\/uploads\/2021\/11\/Weihnachtsmarkt-Speyer-Gluehwein-6.jpg 800w, https:\/\/speyer24news.com\/wp-content\/uploads\/2021\/11\/Weihnachtsmarkt-Speyer-Gluehwein-6-300x225.jpg 300w, https:\/\/speyer24news.com\/wp-content\/uploads\/2021\/11\/Weihnachtsmarkt-Speyer-Gluehwein-6-768x576.jpg 768w, https:\/\/speyer24news.com\/wp-content\/uploads\/2021\/11\/Weihnachtsmarkt-Speyer-Gluehwein-6-678x509.jpg 678w, https:\/\/speyer24news.com\/wp-content\/uploads\/2021\/11\/Weihnachtsmarkt-Speyer-Gluehwein-6-326x245.jpg 326w, https:\/\/speyer24news.com\/wp-content\/uploads\/2021\/11\/Weihnachtsmarkt-Speyer-Gluehwein-6-80x60.jpg 80w\" sizes=\"(max-width: 800px) 100vw, 800px\" \/><\/figure><\/li><li class=\"blocks-gallery-item\"><figure><img decoding=\"async\" loading=\"lazy\" width=\"500\" height=\"667\" src=\"https:\/\/speyer24news.com\/wp-content\/uploads\/2021\/11\/Weihnachtsmarkt-Speyer.jpg\" alt=\"\" data-id=\"41996\" data-full-url=\"https:\/\/speyer24news.com\/wp-content\/uploads\/2021\/11\/Weihnachtsmarkt-Speyer.jpg\" data-link=\"https:\/\/speyer24news.com\/?attachment_id=41996\" class=\"wp-image-41996\" srcset=\"https:\/\/speyer24news.com\/wp-content\/uploads\/2021\/11\/Weihnachtsmarkt-Speyer.jpg 500w, https:\/\/speyer24news.com\/wp-content\/uploads\/2021\/11\/Weihnachtsmarkt-Speyer-225x300.jpg 225w\" sizes=\"(max-width: 500px) 100vw, 500px\" \/><\/figure><\/li><\/ul><\/figure>\n\n\n\n<p><em>Text: Stadtverwaltung Speyer Foto: Speyer 24\/7 News<br>03.11.2021<\/em><\/p>\n","protected":false},"excerpt":{"rendered":"<div class=\"mh-excerpt\"><p>Land passt Regeln f\u00fcr Weihnachtsm\u00e4rkte an \u2013 Corona-Schutzma\u00dfnahmen im Freien werden zur\u00fcckgefahren Am Dienstag, 2. November 2021 hat das Land Rheinland-Pfalz in einer Pressemitteilung die Regelungen der kommenden 27. Corona-Bek\u00e4mpfungsverordnung des Landes (27. CoBeLVO) bekannt <a class=\"mh-excerpt-more\" href=\"https:\/\/speyer24news.com\/?p=41985\" title=\"Weihnachtsmarkt \/ Speyer\">[&#8230;]<\/a><\/p>\n<\/div>","protected":false},"author":3,"featured_media":41835,"comment_status":"open","ping_status":"open","sticky":false,"template":"","format":"standard","meta":{"_monsterinsights_skip_tracking":false,"_monsterinsights_sitenote_active":false,"_monsterinsights_sitenote_note":"","_monsterinsights_sitenote_category":0,"footnotes":""},"categories":[13165],"tags":[6401,13201,6940,6358,6342,13202,6,4526,4582,13200],"aioseo_notices":[],"amp_enabled":true,"_links":{"self":[{"href":"https:\/\/speyer24news.com\/index.php?rest_route=\/wp\/v2\/posts\/41985"}],"collection":[{"href":"https:\/\/speyer24news.com\/index.php?rest_route=\/wp\/v2\/posts"}],"about":[{"href":"https:\/\/speyer24news.com\/index.php?rest_route=\/wp\/v2\/types\/post"}],"author":[{"embeddable":true,"href":"https:\/\/speyer24news.com\/index.php?rest_route=\/wp\/v2\/users\/3"}],"replies":[{"embeddable":true,"href":"https:\/\/speyer24news.com\/index.php?rest_route=%2Fwp%2Fv2%2Fcomments&post=41985"}],"version-history":[{"count":1,"href":"https:\/\/speyer24news.com\/index.php?rest_route=\/wp\/v2\/posts\/41985\/revisions"}],"predecessor-version":[{"id":41998,"href":"https:\/\/speyer24news.com\/index.php?rest_route=\/wp\/v2\/posts\/41985\/revisions\/41998"}],"wp:featuredmedia":[{"embeddable":true,"href":"https:\/\/speyer24news.com\/index.php?rest_route=\/wp\/v2\/media\/41835"}],"wp:attachment":[{"href":"https:\/\/speyer24news.com\/index.php?rest_route=%2Fwp%2Fv2%2Fmedia&parent=41985"}],"wp:term":[{"taxonomy":"category","embeddable":true,"href":"https:\/\/speyer24news.com\/index.php?rest_route=%2Fwp%2Fv2%2Fcategories&post=41985"},{"taxonomy":"post_tag","embeddable":true,"href":"https:\/\/speyer24news.com\/index.php?rest_route=%2Fwp%2Fv2%2Ftags&post=41985"}],"curies":[{"name":"wp","href":"https:\/\/api.w.org\/{rel}","templated":true}]}}