{"id":42000,"date":"2021-11-03T11:03:44","date_gmt":"2021-11-03T10:03:44","guid":{"rendered":"https:\/\/speyer24news.com\/?p=42000"},"modified":"2021-11-03T11:03:45","modified_gmt":"2021-11-03T10:03:45","slug":"stadtnotiz-verkehrsnotiz-speyer-5","status":"publish","type":"post","link":"https:\/\/speyer24news.com\/?p=42000","title":{"rendered":"Stadtnotiz &#038; Verkehrsnotiz Speyer"},"content":{"rendered":"<style type=\"text\/css\">\r\n\t.ads_top_disp{}\r\n\t.ads_top_corner_disp{ float:left; margin:0px 10px 10px 0px; }\r\n\t.ads_first_p_disp{}\r\n\t.ads_bottom_disp{}\r\n\t<\/style>\n<h1 class=\"has-text-align-center wp-block-heading\">Stadtnotiz:<\/h1>\n\n\n\n<div class=\"wp-block-image\"><figure class=\"aligncenter size-large\"><img decoding=\"async\" loading=\"lazy\" width=\"800\" height=\"600\" src=\"https:\/\/speyer24news.com\/wp-content\/uploads\/2020\/01\/Speyer-Stadtnachrichten-2.jpg\" alt=\"\" class=\"wp-image-23901\" srcset=\"https:\/\/speyer24news.com\/wp-content\/uploads\/2020\/01\/Speyer-Stadtnachrichten-2.jpg 800w, https:\/\/speyer24news.com\/wp-content\/uploads\/2020\/01\/Speyer-Stadtnachrichten-2-300x225.jpg 300w, https:\/\/speyer24news.com\/wp-content\/uploads\/2020\/01\/Speyer-Stadtnachrichten-2-768x576.jpg 768w, https:\/\/speyer24news.com\/wp-content\/uploads\/2020\/01\/Speyer-Stadtnachrichten-2-678x509.jpg 678w, https:\/\/speyer24news.com\/wp-content\/uploads\/2020\/01\/Speyer-Stadtnachrichten-2-326x245.jpg 326w, https:\/\/speyer24news.com\/wp-content\/uploads\/2020\/01\/Speyer-Stadtnachrichten-2-80x60.jpg 80w\" sizes=\"(max-width: 800px) 100vw, 800px\" \/><\/figure><\/div>\n\n\n\n<h2 class=\"wp-block-heading\">B\u00fcrgerb\u00fcros \u00f6ffnen f\u00fcr allgemeinen Publikumsverkehr<\/h2>\n\n\n\n<div class=\"wp-block-image\"><figure class=\"aligncenter size-large\"><img decoding=\"async\" loading=\"lazy\" width=\"800\" height=\"600\" src=\"https:\/\/speyer24news.com\/wp-content\/uploads\/2021\/03\/B\u00fcrgerb\u00fcro-Maximilian-Speyer.jpg\" alt=\"\" class=\"wp-image-34500\" srcset=\"https:\/\/speyer24news.com\/wp-content\/uploads\/2021\/03\/B\u00fcrgerb\u00fcro-Maximilian-Speyer.jpg 800w, https:\/\/speyer24news.com\/wp-content\/uploads\/2021\/03\/B\u00fcrgerb\u00fcro-Maximilian-Speyer-300x225.jpg 300w, https:\/\/speyer24news.com\/wp-content\/uploads\/2021\/03\/B\u00fcrgerb\u00fcro-Maximilian-Speyer-768x576.jpg 768w, https:\/\/speyer24news.com\/wp-content\/uploads\/2021\/03\/B\u00fcrgerb\u00fcro-Maximilian-Speyer-678x509.jpg 678w, https:\/\/speyer24news.com\/wp-content\/uploads\/2021\/03\/B\u00fcrgerb\u00fcro-Maximilian-Speyer-326x245.jpg 326w, https:\/\/speyer24news.com\/wp-content\/uploads\/2021\/03\/B\u00fcrgerb\u00fcro-Maximilian-Speyer-80x60.jpg 80w\" sizes=\"(max-width: 800px) 100vw, 800px\" \/><\/figure><\/div>\n\n\n\n<p>Die Stadtverwaltung Speyer informiert, dass die beiden B\u00fcrgerb\u00fcros in der Maximilianstra\u00dfe und in der Industriestra\u00dfe <strong>ab Donnerstag, 4. November 2021<\/strong> wieder durchg\u00e4ngig f\u00fcr den allgemeinen Publikumsverkehr \u00f6ffnen.<\/p>\n\n\n\n<h4 class=\"wp-block-heading\">Es gelten fortan wieder die seit Jahren bekannten \u00d6ffnungszeiten:<\/h4>\n\n\n\n<ul><li><strong>Montag und Dienstag: 7.30 bis 16 Uhr<\/strong><\/li><li><strong>Mittwoch: 7.30 Uhr bis 13 Uhr<\/strong><\/li><li><strong>Donnerstag: 7.30 bis 18 Uhr<\/strong><\/li><li><strong>Freitag: 7.30 bis 13 Uhr<\/strong><\/li><\/ul>\n\n\n\n<p>Zus\u00e4tzlich bieten beide B\u00fcrgerb\u00fcros als Erg\u00e4nzung der allgemeinen Wiederer\u00f6ffnung einen Terminvereinbarungsservice f\u00fcr bestimmte Zeitslots an. Vereinbart werden k\u00f6nnen die Termine unter&nbsp;<a href=\"https:\/\/deref-web.de\/mail\/client\/IcCFx51CTEk\/dereferrer\/?redirectUrl=http%3A%2F%2Fwww.speyer.de%2Ftermine\" target=\"_blank\" rel=\"noreferrer noopener\">www.speyer.de\/termine<\/a>.<\/p>\n\n\n\n<p><em>Text: Stadtverwaltung Speyer Foto: Speyer 24\/7 News<br>03.11.2021<\/em><\/p>\n\n\n\n<h1 class=\"has-text-align-center wp-block-heading\">Verkehrsnotiz:<\/h1>\n\n\n\n<div class=\"wp-block-image\"><figure class=\"aligncenter size-large\"><img decoding=\"async\" loading=\"lazy\" width=\"800\" height=\"565\" src=\"https:\/\/speyer24news.com\/wp-content\/uploads\/2020\/01\/Baustelle-2.jpg\" alt=\"\" class=\"wp-image-23900\" srcset=\"https:\/\/speyer24news.com\/wp-content\/uploads\/2020\/01\/Baustelle-2.jpg 800w, https:\/\/speyer24news.com\/wp-content\/uploads\/2020\/01\/Baustelle-2-300x212.jpg 300w, https:\/\/speyer24news.com\/wp-content\/uploads\/2020\/01\/Baustelle-2-768x542.jpg 768w\" sizes=\"(max-width: 800px) 100vw, 800px\" \/><\/figure><\/div>\n\n\n\n<h2 class=\"wp-block-heading\">Heinkelstra\u00dfe gesperrt<\/h2>\n\n\n\n<p>Aufgrund von Asphaltarbeiten wird die Heinkelstra\u00dfe an der Kreuzung Am neuen Rheinhafen <strong>ab Montag, 8. November bis voraussichtlich Dienstag, 16. November 2021<\/strong> voll gesperrt.Es werden Umleitungen \u00fcber die Joachim-Becher-Stra\u00dfe und die Geibstra\u00dfe eingerichtet.<\/p>\n\n\n\n<p>F\u00fcr R\u00fcckfragen steht die Stra\u00dfenverkehrsbeh\u00f6rde unter der Telefonnummer 14-2938 zur Verf\u00fcgung.<\/p>\n\n\n\n<p><em>Stadtverwaltung Speyer<br>03.11.2021<\/em><\/p>\n","protected":false},"excerpt":{"rendered":"<div class=\"mh-excerpt\"><p>Stadtnotiz: B\u00fcrgerb\u00fcros \u00f6ffnen f\u00fcr allgemeinen Publikumsverkehr Die Stadtverwaltung Speyer informiert, dass die beiden B\u00fcrgerb\u00fcros in der Maximilianstra\u00dfe und in der Industriestra\u00dfe ab Donnerstag, 4. November 2021 wieder durchg\u00e4ngig f\u00fcr den allgemeinen Publikumsverkehr \u00f6ffnen. Es gelten <a class=\"mh-excerpt-more\" href=\"https:\/\/speyer24news.com\/?p=42000\" title=\"Stadtnotiz &#038; Verkehrsnotiz Speyer\">[&#8230;]<\/a><\/p>\n<\/div>","protected":false},"author":3,"featured_media":23902,"comment_status":"open","ping_status":"open","sticky":false,"template":"","format":"standard","meta":{"_monsterinsights_skip_tracking":false,"_monsterinsights_sitenote_active":false,"_monsterinsights_sitenote_note":"","_monsterinsights_sitenote_category":0,"footnotes":""},"categories":[47],"tags":[638,639,10109,6,7262,13124,657,1296,658,1114],"aioseo_notices":[],"amp_enabled":true,"_links":{"self":[{"href":"https:\/\/speyer24news.com\/index.php?rest_route=\/wp\/v2\/posts\/42000"}],"collection":[{"href":"https:\/\/speyer24news.com\/index.php?rest_route=\/wp\/v2\/posts"}],"about":[{"href":"https:\/\/speyer24news.com\/index.php?rest_route=\/wp\/v2\/types\/post"}],"author":[{"embeddable":true,"href":"https:\/\/speyer24news.com\/index.php?rest_route=\/wp\/v2\/users\/3"}],"replies":[{"embeddable":true,"href":"https:\/\/speyer24news.com\/index.php?rest_route=%2Fwp%2Fv2%2Fcomments&post=42000"}],"version-history":[{"count":1,"href":"https:\/\/speyer24news.com\/index.php?rest_route=\/wp\/v2\/posts\/42000\/revisions"}],"predecessor-version":[{"id":42001,"href":"https:\/\/speyer24news.com\/index.php?rest_route=\/wp\/v2\/posts\/42000\/revisions\/42001"}],"wp:featuredmedia":[{"embeddable":true,"href":"https:\/\/speyer24news.com\/index.php?rest_route=\/wp\/v2\/media\/23902"}],"wp:attachment":[{"href":"https:\/\/speyer24news.com\/index.php?rest_route=%2Fwp%2Fv2%2Fmedia&parent=42000"}],"wp:term":[{"taxonomy":"category","embeddable":true,"href":"https:\/\/speyer24news.com\/index.php?rest_route=%2Fwp%2Fv2%2Fcategories&post=42000"},{"taxonomy":"post_tag","embeddable":true,"href":"https:\/\/speyer24news.com\/index.php?rest_route=%2Fwp%2Fv2%2Ftags&post=42000"}],"curies":[{"name":"wp","href":"https:\/\/api.w.org\/{rel}","templated":true}]}}