{"id":42004,"date":"2021-11-03T19:03:01","date_gmt":"2021-11-03T18:03:01","guid":{"rendered":"https:\/\/speyer24news.com\/?p=42004"},"modified":"2021-11-03T19:03:05","modified_gmt":"2021-11-03T18:03:05","slug":"polizei-714","status":"publish","type":"post","link":"https:\/\/speyer24news.com\/?p=42004","title":{"rendered":"Polizei"},"content":{"rendered":"<style type=\"text\/css\">\r\n\t.ads_top_disp{}\r\n\t.ads_top_corner_disp{ float:left; margin:0px 10px 10px 0px; }\r\n\t.ads_first_p_disp{}\r\n\t.ads_bottom_disp{}\r\n\t<\/style>\n<h2 class=\"wp-block-heading\">Polizeimeldungen vom Mittwoch (03.11.2021)<\/h2>\n\n\n\n<div class=\"wp-block-image\"><figure class=\"aligncenter size-large\"><img decoding=\"async\" src=\"https:\/\/speyer24news.com\/wp-content\/uploads\/2019\/11\/Aktuelles-Polizeilogo.jpg\" alt=\"\" class=\"wp-image-21845\"\/><\/figure><\/div>\n\n\n\n<h2 class=\"wp-block-heading\">(Speyer) &#8211; Mehrere Strafverfahren gegen Fahrer eines Transporters<\/h2>\n\n\n\n<p>Am 03.11.2021 gegen 02:35 Uhr stellten Polizeikr\u00e4fte im Eduard-M\u00f6rike-Weg einen blauen Ford Transit im Gr\u00fcnstreifen fest, der durch Zeugen kurze Zeit vorher bei der Fahrt beobachtet worden war. Dessen 33-j\u00e4hriger Fahrer musste durch die Beamten geweckt werden und roch stark nach Alkohol. Ein Atemalkoholtest ergab bei ihm einen Wert von 2,4 Promille. In der Vergangenheit war ihm au\u00dferdem sein F\u00fchrerschein gerichtlich entzogen worden. Im Fahrerraum fanden die Beamten eine verpackte Haschischplatte mit einem Gesamtgewicht von ca. 74 Gramm. Dem 33-J\u00e4hrigen wurde die Weiterfahrt untersagt, sein Fahrzeugschl\u00fcssel wurde sichergestellt. Ihm wurde durch eine \u00c4rztin eine Blutprobe entnommen.<\/p>\n\n\n\n<p>Unweit des vorgenannten Gr\u00fcnstreifens wurde an der Einm\u00fcndung Eduard-M\u00f6rike-Weg \/ Hermann-L\u00f6ns-Weg ein umgeknicktes Verkehrsschild (absolutes Halteverbot) festgestellt, dessen Besch\u00e4digung in Zusammenhang stehen k\u00f6nnte.<\/p>\n\n\n\n<p>Gegen den 33-J\u00e4hrigen wurden Strafverfahren wegen Gef\u00e4hrdung des Stra\u00dfenverkehrs, Fahrens ohne Fahrerlaubnis, Versto\u00dfes gegen das Bet\u00e4ubungsmittelgesetz, und Unerlaubten Entfernens vom Unfallort eingeleitet.<\/p>\n\n\n\n<p>Zeugen, die Angaben zur Fahrt des blauen Ford Transit oder der Entstehung des Schadens am Verkehrsschild machen k\u00f6nnen, werden gebeten, sich bei der Polizei Speyer unter der Rufnummer 06232 \/ 137-0 oder per E-Mail an&nbsp;<a href=\"mailto:pispeyer@polizei.rlp.de\">pispeyer@polizei.rlp.de<\/a>&nbsp;zu melden.<\/p>\n\n\n\n<h2 class=\"wp-block-heading\">(Speyer) &#8211; Kontrollstelle in der Wormser Landstra\u00dfe<\/h2>\n\n\n\n<p>Am 02.11.2021 zwischen 22:50 Uhr und Mitternacht richtete die Polizei Speyer eine Kontrollstelle in der Wormser Landstra\u00dfe ein. Dabei wurden 25 Fahrzeuge kontrolliert. Bei acht Fahrzeugf\u00fchrern wurden M\u00e4ngel festgestellt, deren Behebung unter Fristsetzung angeordnet wurde. Insbesondere auf Beleuchtungsm\u00e4ngel wurde ein Augenmerk gelegt. Solche wurden bei zwei Fahrzeugen festgestellt. Weitere Verst\u00f6\u00dfe beliefen sich auf eine nicht eingehaltene Frist zur Hauptuntersuchung, nicht mitgef\u00fchrte Dokumente, Verbandsk\u00e4sten, Warndreiecke oder Warnwesten.<\/p>\n\n\n\n<h2 class=\"wp-block-heading\">(Speyer) &#8211; Mutma\u00dfliche Fahrraddiebe in Speyer-West<\/h2>\n\n\n\n<p>Am 02.11.2021 um gegen 20:10 Uhr beobachteten Zeugen zwei dunkel bekleidete Personen mit Kapuzenpullovern in der Christoph-Lehmann-Stra\u00dfe dabei, wie diese sich an Fahrradschl\u00f6ssern zu schaffen machten und sich anschlie\u00dfend mit jeweils einem Fahrrad unerkannt in Richtung der Schandeinstra\u00dfe entfernten. Ob es sich bei den gefahrenen Fahrr\u00e4dern um Diebesgut handelte, steht nicht fest.<\/p>\n\n\n\n<p>Wer hat etwas beobachtet oder kann Hinweise zu den unbekannten T\u00e4tern geben? Wer vermisst sein Fahrrad? Gesch\u00e4digte und Zeugen werden gebeten, sachdienliche Hinweise an die die Polizei Speyer unter der Rufnummer 06232 \/ 137-0 oder per E-Mail an&nbsp;<a href=\"mailto:pispeyer@polizei.rlp.de\">pispeyer@polizei.rlp.de<\/a>&nbsp;zu geben.<\/p>\n\n\n\n<h2 class=\"wp-block-heading\">(Speyer) &#8211; Verkehrsunfall nach Benutzung des falschen Radwegs<\/h2>\n\n\n\n<p>Am 02.11.2021 um 15:15 Uhr befuhr eine 51-J\u00e4hrige aus dem Rhein-Pfalz-Kreis mit ihrem Fahrrad verbotswidrig den f\u00fcr sie linken Radweg in der Wormser Landstra\u00dfe in Richtung Speyer-Nord auf H\u00f6he eines Elektronikmarktes. Zeitgleich befuhr ein 52-j\u00e4hriger Mann aus Speyer die Werkstra\u00dfe und bog nach rechts in die Wormser Landstra\u00dfe ab. Dabei \u00fcbersah er die von rechts kommende Radfahrerin. Es kam zum Zusammensto\u00df, wobei die Radfahrerin st\u00fcrzte und sich eine Verletzung am linken Knie zuzog. Sie wurde zur weiteren Untersuchung in ein Krankenhaus verbracht. Es entstand ein Sachschaden an beiden Fahrzeugen in H\u00f6he von ca. jeweils 20 Euro.<\/p>\n\n\n\n<h2 class=\"wp-block-heading\">(Speyer) &#8211; Einbruch am Tag<\/h2>\n\n\n\n<p>Am 02.11.2021 zwischen 08:45 Uhr und 10:45 Uhr gelangten unbekannte T\u00e4ter durch Manipulation des Schlie\u00dfmechanismus eines Hoftors in den Hof eines Einfamilienhauses in der B\u00e4rengasse. Auf dem Grundst\u00fcck setzten diese Werkzeug ein, um die Haust\u00fcr zu \u00f6ffnen. Im Inneren des Hauses entwendeten die T\u00e4ter schlie\u00dflich einen vierstelligen Bargeldbetrag, elf Armbanduhren, eine Goldkette, zwei Armb\u00e4nder und einen Geldbeutel. Die genaue Schadensh\u00f6he steht noch nicht fest. Die Ermittlungen dauern an.<\/p>\n\n\n\n<p>Wer hat etwas beobachtet oder kann Hinweise zu dem oder den unbekannten T\u00e4tern geben? M\u00f6glicherweise sind auch im Vorfeld der Tat verd\u00e4chtige Personen oder Fahrzeuge im n\u00e4heren Tatortumfeld aufgefallen. Sachdienliche Hinweise nimmt die Polizei Speyer unter der Rufnummer 06232 \/ 137-0 oder per E-Mail an&nbsp;<a href=\"mailto:pispeyer@polizei.rlp.de\">pispeyer@polizei.rlp.de<\/a>&nbsp;entgegen.<\/p>\n\n\n\n<h2 class=\"wp-block-heading\">(B\u00f6hl-Iggelheim) &#8211; Sachbesch\u00e4digung<a href=\"https:\/\/www.facebook.com\/sharer.php?u=https%3A%2F%2Fwww.presseportal.de%2Fblaulicht%2Fpm%2F117688%2F5063453%2F%3Futm_source%3Dfacebook%26utm_medium%3Dsocial\"><\/a><a href=\"https:\/\/twitter.com\/intent\/tweet?text=POL-PDLU%3A%20%28B%C3%B6hl-Iggelheim%29%20Sachbesch%C3%A4digung&amp;url=https%3A%2F%2Fwww.presseportal.de%2Fblaulicht%2Fpm%2F117688%2F5063453%2F%3Futm_source%3Dtwitter%26utm_medium%3Dsocial&amp;hashtags=ots&amp;lang=de\"><\/a><a href=\"https:\/\/web.whatsapp.com\/send?text=POL-PDLU%3A%20%28B%C3%B6hl-Iggelheim%29%20Sachbesch%C3%A4digung%0A%0Ahttps%3A%2F%2Fwww.presseportal.de%2Fblaulicht%2Fpm%2F117688%2F5063453%2F%3Futm_source%3Dwhatsapp%26utm_medium%3Dsocial\"><\/a><a href=\"https:\/\/www.xing.com\/app\/user?op=share;url=https%3A%2F%2Fwww.presseportal.de%2Fblaulicht%2Fpm%2F117688%2F5063453%2F%3Futm_source%3Dxing%26utm_medium%3Dsocial\"><\/a><a href=\"http:\/\/www.linkedin.com\/shareArticle?mini=true&amp;url=https%3A%2F%2Fwww.presseportal.de%2Fblaulicht%2Fpm%2F117688%2F5063453%2F%3Futm_source%3Dlinkedin%26utm_medium%3Dsocial&amp;title=POL-PDLU%3A+%28B%C3%B6hl-Iggelheim%29+Sachbesch%C3%A4digung\"><\/a><a href=\"mailto:?subject=POL-PDLU%3A%20%28B%C3%B6hl-Iggelheim%29%20Sachbesch%C3%A4digung&amp;body=https:\/\/www.presseportal.de\/blaulicht\/pm\/117688\/5063453\"><\/a><\/h2>\n\n\n\n<p>Am 30.10.2021, im Zeitraum von 17:00 Uhr bis 23:30 Uhr, wurde die Hauswand und das Hoftor eines Einfamilienhauses in der Eisenbahnstra\u00dfe durch unbekannte T\u00e4ter mit roter Farbe bespr\u00fcht. Zeugen, die Angaben zum Tatgeschehen oder T\u00e4tern machen k\u00f6nnen, werden gebeten, sich mit der Polizeiinspektion Schifferstadt unter 06235 495-0 oder\u00a0<a href=\"mailto:pischifferstadt@polizei.rlp.de\">pischifferstadt@polizei.rlp.de<\/a>\u00a0in Verbindung zu setzen.<\/p>\n\n\n\n<h2 class=\"wp-block-heading\">(Schifferstadt) &#8211; Verkehrs\u00fcberwachung durch die Polizei<\/h2>\n\n\n\n<p>Am 02.11.2021, von 23:30 Uhr bis 00:30 Uhr, haben Polizeibeamte der Polizeiinspektion Schifferstadt in der Speyerer Stra\u00dfe am S\u00fcdbahnhof eine Kontrollstelle eingerichtet. Bei 15 kontrollierten Fahrzeugen wurden insgesamt 3 Verst\u00f6\u00dfe geahndet. Bei zwei Kontrollen wurde der F\u00fchrerschein nicht mitgef\u00fchrt und einmal wurde ein Mangel an der Fahrzeugbeleuchtung festgestellt. Da keine weiteren M\u00e4ngel festgestellt wurden, konnten die Beamten in der Nacht ein positives Fazit ziehen.<\/p>\n\n\n\n<h2 class=\"wp-block-heading\">(Westheim) &#8211; &#8222;Berauscht&#8220; am Steuer<\/h2>\n\n\n\n<p>Am Dienstagmorgen wurde eine 27-j\u00e4hrige Autofahrerin in der Oberen Stra\u00dfe in Westheim kontrolliert. Bei der \u00dcberpr\u00fcfung der Fahrt\u00fcchtigkeit stellten die Beamten fest, dass die junge Frau offenbar kurz zuvor Drogen konsumiert hatte. Einen Urintest verweigerte sie, weshalb auf der Dienststelle eine Blutprobe entnommen wurde. Letztlich gab sie zu, Drogen konsumiert zu haben. Als Strafe erwartet sie ein Bu\u00dfgeld von mindestens 500 Euro. Zudem wurde die F\u00fchrerscheinstelle informiert.<\/p>\n\n\n\n<h2 class=\"wp-block-heading\">(Kuhardt) &#8211; Einbruch in Wohnhaus<\/h2>\n\n\n\n<p>Zwischen Sonntagmittag, dem 31.10.2021, 12:30 Uhr, und Montagmorgen, dem 01.11.2021, 00:45 Uhr, wurde in ein Zweifamilienhaus in der Ringstra\u00dfe in Kuhardt eingebrochen. Der unbekannte T\u00e4ter verschaffte sich durch ein Fenster im r\u00fcckw\u00e4rtigen Bereich des Erdgescho\u00dfes gewaltsam Zugang in den Wohnraum einer Wohnpartei und entwendete dort diverse Gegenst\u00e4nde. Die Gesamtschadensh\u00f6he bel\u00e4uft sich auf wenige tausend Euro. Sachdienliche Hinweise zu der Tat nimmt die Kriminalpolizei Landau unter 06341\/2870 oder\u00a0<a href=\"mailto:kilandau@polizei.rlp.de\">kilandau@polizei.rlp.de<\/a>\u00a0entgegen.<\/p>\n\n\n\n<h2 class=\"wp-block-heading\">(Bad Bergzabern) &#8211; Ohne F\u00fchrerschein, daf\u00fcr mit Bet\u00e4ubungsmittel<\/h2>\n\n\n\n<p>Am 03.11.2021, gegen 07:15 Uhr wurde der 50-j\u00e4hrige PKW Fahrer in Bad Bergzabern einer Verkehrskontrolle unterzogen. Der Fahrer gab direkt an, nicht im Besitz einer Fahrerlaubnis zu sein. Im Zuge der Kontrolle erlangten die Beamten Hinweise auf eine Drogenbeeinflussung, was durch einen Test vor Ort best\u00e4tigt wurde. Gegen den Fahrer wurde ein Strafverfahren eingeleitet.<\/p>\n\n\n\n<h2 class=\"wp-block-heading\">(Bad Bergzabern) &#8211; Fahrrad gestohlen<\/h2>\n\n\n\n<p>In der Nacht vom 2. auf den 3.11.21 wurde in der K\u00f6nigstra\u00dfe ein dort unverschlossen abgestelltes Fahrrad entwendet. Es handelt sich um ein Rad der Marke &#8222;Conway&#8220;, Typ &#8222;MS 429&#8220; in den Farben Rot und Schwarz. Es ist eine Mountainbike Ausf\u00fchrung mit 29 Zoll Reifen. Der Schaden bel\u00e4uft sich auf 500.- EUR.<\/p>\n\n\n\n<p>Zeugen werden gebeten sich bei der Polizeiinspektion Bad Bergzabern zu melden.<\/p>\n\n\n\n<h2 class=\"wp-block-heading\">(Dienstgebiet Landau) &#8211; Aktuelle Warnmeldung der Polizeidirektion Landau<\/h2>\n\n\n\n<p>Die Polizeidirektion Landau m\u00f6chte Sie darauf hinweisen, dass es aktuell im Bereich Landau, Jockgrim und Kandel vermehrt zu Anrufen bei \u00e4lteren Menschen kommt, bei denen es sich um Betrugsversuche im Bereich Schockanrufe (falscher COVID19-Patient innerhalb der Familie) handeln k\u00f6nnte.<\/p>\n\n\n\n<ul><li><strong>Geben Sie am Telefon keine Auskunft \u00fcber Ihre pers\u00f6nlichen und finanziellen Verh\u00e4ltnisse oder andere sensible Daten.<\/strong><\/li><li><strong>\u00d6ffnen Sie unbekannten Personen nicht die T\u00fcr. Ziehen Sie gegebenenfalls eine Vertrauensperson hinzu, z. B. Nachbarn oder nahe Verwandte.<\/strong><\/li><li><strong>\u00dcbergeben Sie unbekannten Personen kein Geld oder Wertsachen.<\/strong><\/li><\/ul>\n\n\n\n<p>Wenden Sie sich an das \u00f6rtliche Polizeirevier. Erz\u00e4hlen Sie der Polizei von den Anrufen. Die Polizeidirektion Landau ist f\u00fcr Sie da! Telefonnummer: 06341-287-0.<\/p>\n\n\n\n<h2 class=\"wp-block-heading\">(Landau) &#8211; Wiederholungst\u00e4ter hinterm Steuer<\/h2>\n\n\n\n<p>Bei der Verkehrskontrolle eines 18-j\u00e4hrigen Autofahrers am Dienstagmittag in Landau stellten die Beamten drogentypische Auff\u00e4lligkeiten fest. Ein Drogenvortest best\u00e4tigte den Verdacht, dass der 18-J\u00e4hrige unter dem Einfluss von Bet\u00e4ubungsmitteln stand. Gegen den 18-J\u00e4hrigen wurde ein Strafverfahren eingeleitet und ihm wurde eine Blutprobe entnommen. Nur etwa eine Woche zuvor war der junge Mann bereits aus dem Verkehr gezogen worden, nachdem bei einer Verkehrskontrolle ein Drogenvortest positiv verlaufen war.<\/p>\n\n\n\n<h2 class=\"wp-block-heading\">(Edenkoben) &#8211; 85-J\u00e4hrige l\u00e4sst Telefonbetr\u00fcger abblitzen<\/h2>\n\n\n\n<p>Einen betr\u00fcgerischen Anruf mit einem Gewinnversprechen von 69.000 Euro erhielt gestern (02.11.2021) eine 85 Jahre alte Frau aus Edenkoben. Da ihr die Betrugsmaschen bekannt waren, erkl\u00e4rte sie dem Anrufer, dass sie die Polizei informieren wird. Kurzerhand beendete der Unbekannte das Telefonat. Die Polizei warnt vor diesen Gaunern. Angeh\u00f6rige oder nahestehende Personen sollten mit \u00e4lteren Menschen \u00fcber die Methoden der Trickbetr\u00fcger sprechen. Die Kriminellen nutzen bewusst die Einsamkeit, die Hilflosigkeit und die Gutgl\u00e4ubigkeit \u00e4lterer Menschen aus. Niemals sollte Geld ausgegeben werden, um einen vermeintlichen Gewinn einzufordern. Zusagen am Telefon sollten in keinem Fall gemacht werden. Auch pers\u00f6nliche Daten wie Kontodaten, Adressen oder \u00c4hnliches sollten telefonisch niemals preisgegeben werden. Im Zweifelsfall sollten sich die Angerufenen mit der Polizei in Verbindung setzen.<\/p>\n\n\n\n<h2 class=\"wp-block-heading\">(Maikammer) &#8211; Alkoholisiert in Unfall verwickelt<\/h2>\n\n\n\n<p>Weil die Fahrerin eines Lieferwagens im &#8222;Aralkreisel&#8220; die Vorfahrt missachtete und es zu einem Verkehrsunfall kam, musste Dienstagabend (02.11.2021, 19.30 Uhr) ein 63 Jahre alter Vorfahrtsberechtigter seine Fahrerlaubnis abgeben. Bei der Unfallaufnahme schlug den Beamten eine Alkoholfahne entgegen und da der Alko-Test 0,68 Promille ergab, musste die Blutentnahme angeordnet werden. Alkohol am Steuer ist eine untersch\u00e4tzte Gefahr. Das Gl\u00e4schen &#8222;in Ehren&#8220; kann Auswirkungen auf die Kfz-Versicherung haben. Bei einem Verkehrsunfall unter Alkoholeinfluss kann der Versicherungsschutz teilweise oder ganz erl\u00f6schen. Wer Alkohol trinkt und sich hinters Steuer setzt, gef\u00e4hrdet nicht nur die eigene Gesundheit, sondern auch die der anderen Verkehrsteilnehmer.<\/p>\n\n\n\n<h2 class=\"wp-block-heading\">(Maxdorf) &#8211; Gefahrgutunfall durch S\u00e4ure<\/h2>\n\n\n\n<div class=\"wp-block-image\"><figure class=\"aligncenter size-large\"><img decoding=\"async\" loading=\"lazy\" width=\"800\" height=\"600\" src=\"https:\/\/speyer24news.com\/wp-content\/uploads\/2021\/11\/IMG_2148.jpeg\" alt=\"\" class=\"wp-image-42005\" srcset=\"https:\/\/speyer24news.com\/wp-content\/uploads\/2021\/11\/IMG_2148.jpeg 800w, https:\/\/speyer24news.com\/wp-content\/uploads\/2021\/11\/IMG_2148-300x225.jpeg 300w, https:\/\/speyer24news.com\/wp-content\/uploads\/2021\/11\/IMG_2148-768x576.jpeg 768w, https:\/\/speyer24news.com\/wp-content\/uploads\/2021\/11\/IMG_2148-678x509.jpeg 678w, https:\/\/speyer24news.com\/wp-content\/uploads\/2021\/11\/IMG_2148-326x245.jpeg 326w, https:\/\/speyer24news.com\/wp-content\/uploads\/2021\/11\/IMG_2148-80x60.jpeg 80w\" sizes=\"(max-width: 800px) 100vw, 800px\" \/><\/figure><\/div>\n\n\n\n<p>Am Mittwoch kam es gegen 15:55 Uhr in Maxdorf bei einem Frachtspeditionsdienst zu einem Arbeitsunfall durch reagierende S\u00e4ure. Polizei, Feuerwehr und Rettungsdienst sind derzeit noch im Einsatz. F\u00fcr die Bev\u00f6lkerung besteht keine Gefahr. 7 Mitarbeiter wurden leicht verletzt und werden \u00e4rztlich versorgt. Die Ermittlungen dauern noch an.<\/p>\n\n\n\n<h2 class=\"wp-block-heading\">(Frankenthal) &#8211; Verkehrsunfallflucht in der Weidstra\u00dfe<\/h2>\n\n\n\n<p>Am Dienstag, den 02.11.2021 zwischen 15:00 Uhr und 19:00 Uhr kam es zu einer Verkehrsunfallflucht in der Weidstra\u00dfe in Frankenthal. Vermutlich im Vorbeifahren touchierte ein bislang unbekannter Verkehrsteilnehmer einen geparkten schwarzen VW. Es entstand Sachschaden im niedrigen vierstelligen Bereich. Anhand der bisherigen Erkenntnisse k\u00f6nnte es sich bei dem unfallverursachenden Fahrzeug um einen Traktor oder Pritschenwagen handeln. Aufgrund der laufenden Ermittlungen sucht die Polizei nach Zeugen des Vorfalls. Zeugen werden gebeten sich an die Polizeiinspektion Frankenthal unter der Tel.-Nr.: 06233\/313-0 oder an die Polizeiwache Maxdorf unter der Tel.-Nr.: 06237\/934-1100 zu wenden. Gerne nehmen wir Ihre Hinweise auch per E-Mail unter\u00a0<a href=\"mailto:pifrankenthal@polizei.rlp.de\">pifrankenthal@polizei.rlp.de<\/a>\u00a0entgegen.<\/p>\n\n\n\n<h2 class=\"wp-block-heading\">(Frankenthal) &#8211; Verkehrsunfallflucht in der Hauptstra\u00dfe<\/h2>\n\n\n\n<p>Am Dienstag, den 02.11.2021 zwischen 09:00 Uhr und 11:00 Uhr kam es zu einer Verkehrsunfallflucht in der Hauptstra\u00dfe Stra\u00dfe in Frankenthal. Vermutlich im Vorbeifahren touchierte ein bislang unbekannter Verkehrsteilnehmer eine Steintreppe und rei\u00dft hierdurch eine Stufe aus der Verankerung. Es entstand Sachschaden im niedrigen dreistelligen Bereich. Aufgrund der laufenden Ermittlungen sucht die Polizei nach Zeugen des Vorfalls. Zeugen werden gebeten sich an die Polizeiinspektion Frankenthal unter der Tel.-Nr.: 06233\/313-0 oder an die Polizeiwache Maxdorf unter der Tel.-Nr.: 06237\/934-1100 zu wenden. Gerne nehmen wir Ihre Hinweise auch per E-Mail unter\u00a0<a href=\"mailto:pifrankenthal@polizei.rlp.de\">pifrankenthal@polizei.rlp.de<\/a>\u00a0entgegen.<\/p>\n\n\n\n<h2 class=\"wp-block-heading\">(Ludwigshafen) &#8211; Einbruch in Gastst\u00e4tte<\/h2>\n\n\n\n<p>Am 03.11.2021, gegen 04:00 Uhr, wurde in eine Gastst\u00e4tte in Leopoldstra\u00dfe eingebrochen. In der Gastst\u00e4tte wurden zwei Spielautomaten aufgebrochen. Durch den Einbruch wurde ein Alarm ausgel\u00f6st und die Polizei verst\u00e4ndigt. Der\/die T\u00e4ter konnten noch vor Eintreffen der Polizei unerkannt fl\u00fcchten. Die Gesamtschadensh\u00f6he wird auf ca. 2000,- Euro gesch\u00e4tzt.<\/p>\n\n\n\n<p>Sachdienliche Hinweise bitte an die Polizeiinspektion Ludwigshafen 2, Telefonnummer 0621 963-2222 oder per E-Mail&nbsp;<a href=\"mailto:piludwigshafen2@polizei.rlp.de\">piludwigshafen2@polizei.rlp.de<\/a>&nbsp;.<\/p>\n\n\n\n<h2 class=\"wp-block-heading\">(Ludwigshafen) &#8211; Brennendes Mofa<\/h2>\n\n\n\n<p>Am fr\u00fchen Mittwochmorgen (03.11.2021), gegen 04:00 Uhr, brannte ein Mofa in der Stra\u00dfe An der Froschlache. Das Mofa brannte durch das Feuer vollst\u00e4ndig aus. Der Schaden wird auf ca. 500,- Euro gesch\u00e4tzt. Die Ermittlungen zur Ursache des Feuers dauern derzeit noch an.<\/p>\n\n\n\n<p>Sachdienliche Hinweise bitte an die Polizeiinspektion Ludwigshafen 1, Telefonnummer 0621 963-2122 oder per E-Mail&nbsp;<a href=\"mailto:piludwigshafen1@polizei.rlp.de\">piludwigshafen1@polizei.rlp.de<\/a>&nbsp;.<\/p>\n\n\n\n<h2 class=\"wp-block-heading\">(Ludwigshafen) &#8211; Einbruch in Wohnung<\/h2>\n\n\n\n<p>Am Dienstagabend (02.11.2021), zwischen 18:00 Uhr und 20:00 Uhr, brachen Unbekannte in eine Wohnung in der Dackenheimer Stra\u00dfe ein, indem sie ein Fenster aufbrachen. Aus der Wohnung wurden Bargeld und Schmuck gestohlen. Der Gesamtschaden bel\u00e4uft sich auf ca. 4000,- Euro.<\/p>\n\n\n\n<p>Sachdienliche Hinweise nimmt die Kriminalpolizei Ludwigshafen unter der Telefonnummer 0621\/963-2773 oder per E-Mail\u00a0<a href=\"mailto:kiludwigshafen.k1.kdd@polizei.rlp.de\">kiludwigshafen.k1.kdd@polizei.rlp.de<\/a>\u00a0entgegen.<\/p>\n\n\n\n<h2 class=\"wp-block-heading\">(Ludwigshafen) &#8211; Bei Auffahrunfall leicht verletzt<\/h2>\n\n\n\n<p>Am Dienstagmittag (02.11.2021), gegen 12:00 Uhr, fuhr eine 28-j\u00e4hrige Autofahrerin an einer roten Ampel in der Heinigstra\u00dfe auf das vor ihr bremsende Auto auf. Die Fahrerin des bremsenden Autos wurde durch den Zusammensto\u00df leicht verletzt und zur Untersuchung vom Rettungsdienst in ein Krankenhaus gebracht. Durch den Unfall entstand ein Sachschaden in H\u00f6he von ca. 5000,- Euro.<\/p>\n\n\n\n<h2 class=\"wp-block-heading\">(Ludwigshafen) &#8211; Zwei Autos besch\u00e4digt<\/h2>\n\n\n\n<p>In der Nacht von Montag auf Dienstag (01. &#8211; 02.11.2021) besch\u00e4digten Unbekannte in Ludwigshafen zwei geparkte Autos. In der Holbeinstra\u00dfe wurden in der Zeit vom 22:00 Uhr bis 09:30 Uhr an einem wei\u00dfen Fiat Punto alle vier Reifen zerstochen. Auf dem Parkplatz Westend wurde in der Zeit von 17:30 Uhr bis 07:30 Uhr ein schwarzer VW Golf zerkratzt.<\/p>\n\n\n\n<p>Durch die Taten entstand ein Schaden in H\u00f6he von ca. 600,- Euro.<\/p>\n\n\n\n<p>Wer hat eine der Taten beobachtet oder kann Hinweise zu den T\u00e4tern geben?<\/p>\n\n\n\n<p>Sachdienliche Hinweise bitte an die Polizeiinspektion Ludwigshafen 1, Telefonnummer 0621 963-2122 oder per E-Mail\u00a0<a href=\"mailto:piludwigshafen1@polizei.rlp.de\">piludwigshafen1@polizei.rlp.de<\/a>\u00a0.<\/p>\n\n\n\n<h2 class=\"wp-block-heading\">(Ludwigshafen) &#8211; Busfahrgast bei Unfall leicht verletzt<\/h2>\n\n\n\n<p>Am Dienstagmorgen (02.11.2021), gegen 08:30 Uhr, wurde eine 43-j\u00e4hrige Frau bei einem Verkehrsunfall in der Bad-Aussee-Stra\u00dfe leicht verletzt. Der Bus, in welchem die Frau mitfuhr, stie\u00df beim Losfahren gegen einen anderen Bus und musste bremsen. Hierdurch st\u00fcrzte die im Bus stehende 43-J\u00e4hrige und verletzte sich leicht. Sie wurde mit dem Rettungsdienst in ein Krankenhaus gebracht.<\/p>\n\n\n\n<h2 class=\"wp-block-heading\">(Ludwigshafen) &#8211; Einbruch in Grundschule<\/h2>\n\n\n\n<p>In der Zeit vom 29.10., 14:00 Uhr bis zum 02.11.2021, 07:15 Uhr brachen Unbekannte in die Ernst-Reuter-Grundschule in der Schlesier Stra\u00dfe ein. Vermutlich gelangten sie \u00fcber ein gekipptes Fenster in die Schule. Nach derzeitigem Ermittlungsstand wurde nichts entwendet oder besch\u00e4digt.<\/p>\n\n\n\n<p>Sachdienliche Hinweise nimmt die Kriminalpolizei Ludwigshafen unter der Telefonnummer 0621\/963-2773 oder per E-Mail\u00a0<a href=\"mailto:kiludwigshafen.k1.kdd@polizei.rlp.de\">kiludwigshafen.k1.kdd@polizei.rlp.de<\/a>\u00a0entgegen.<\/p>\n\n\n\n<h2 class=\"wp-block-heading\">(Ludwigshafen) &#8211; Mofa gestohlen<\/h2>\n\n\n\n<p>In der Zeit vom 01.11., 16:45 Uhr bis zum 02.11.2021, 05:40 Uhr wurde in der Leopoldstra\u00dfe ein schwarzer Piaggio-Roller gestohlen. Der Roller war zu der Zeit auf einem Parkplatz (N\u00e4he Bunker) geparkt.<\/p>\n\n\n\n<p>Wer hat die Tat beobachtet oder kann Hinweise geben?<\/p>\n\n\n\n<p>Sachdienliche Hinweise bitte an die Polizeiinspektion Ludwigshafen 2, Telefonnummer 0621 963-2222 oder per E-Mail&nbsp;<a href=\"mailto:piludwigshafen2@polizei.rlp.de\">piludwigshafen2@polizei.rlp.de<\/a>&nbsp;.<\/p>\n\n\n\n<h2 class=\"wp-block-heading\">(Ludwigshafen) &#8211; Jugendliche sexuell bel\u00e4stigt<\/h2>\n\n\n\n<div class=\"wp-block-image\"><figure class=\"aligncenter size-large\"><img decoding=\"async\" loading=\"lazy\" width=\"801\" height=\"600\" src=\"https:\/\/speyer24news.com\/wp-content\/uploads\/2020\/05\/Zeugen-gesucht-Neutral.jpg\" alt=\"\" class=\"wp-image-26598\" srcset=\"https:\/\/speyer24news.com\/wp-content\/uploads\/2020\/05\/Zeugen-gesucht-Neutral.jpg 801w, https:\/\/speyer24news.com\/wp-content\/uploads\/2020\/05\/Zeugen-gesucht-Neutral-300x225.jpg 300w, https:\/\/speyer24news.com\/wp-content\/uploads\/2020\/05\/Zeugen-gesucht-Neutral-768x575.jpg 768w, https:\/\/speyer24news.com\/wp-content\/uploads\/2020\/05\/Zeugen-gesucht-Neutral-678x509.jpg 678w, https:\/\/speyer24news.com\/wp-content\/uploads\/2020\/05\/Zeugen-gesucht-Neutral-326x245.jpg 326w, https:\/\/speyer24news.com\/wp-content\/uploads\/2020\/05\/Zeugen-gesucht-Neutral-80x60.jpg 80w\" sizes=\"(max-width: 801px) 100vw, 801px\" \/><\/figure><\/div>\n\n\n\n<p>Am fr\u00fchen Montagmorgen (01.11.2021), gegen 03:40 Uhr, wurde eine 17-J\u00e4hrige in der Leuschnerstra\u00dfe von einem Unbekannten sexuell bel\u00e4stigt. Der unbekannte Mann soll sich vor der Jugendlichen entbl\u00f6\u00dft und sie unsittlich ber\u00fchrt haben.<\/p>\n\n\n\n<h4 class=\"wp-block-heading\">Der T\u00e4ter wird wie folgt beschrieben:<\/h4>\n\n\n\n<ul><li><strong>m\u00e4nnlich<\/strong><\/li><li><strong>ca. 170 cm gro\u00df<\/strong><\/li><li><strong>\u00fcber 40 Jahre alt<\/strong><\/li><li><strong>normale Statur<\/strong><\/li><li><strong>trug eine blaue Jeans mit einer auffallend orangefarbenen, \u00e4rmellosen Weste dar\u00fcber<\/strong><\/li><\/ul>\n\n\n\n<ul><li><strong>Zur Tatzeit sollen sich in der N\u00e4he mehrere Jugendliche an der Rupprechtschule aufgehalten haben. Die Polizei bittet Zeuginnen und Zeugen, insbesondere die beschriebenen Jugendlichen, sich zu melden.<\/strong><\/li><\/ul>\n\n\n\n<p>Sachdienliche Hinweise nimmt die Kriminalpolizei Ludwigshafen unter der Telefonnummer 0621\/963-2773 oder per E-Mail\u00a0<a href=\"mailto:kiludwigshafen.k1.kdd@polizei.rlp.de\">kiludwigshafen.k1.kdd@polizei.rlp.de<\/a>\u00a0entgegen.<\/p>\n\n\n\n<h2 class=\"wp-block-heading\">(Mannheim-Schwetzingerstadt) &#8211; Gutm\u00fctigkeit ausgenutzt und Wertsachen gestohlen \/ Zeugen gesucht<\/h2>\n\n\n\n<p>Am Dienstagnachmittag um 16:30 Uhr klingelte eine bisher unbekannte weibliche Person bei einem 77-j\u00e4hrigen Mann in der Seckenheimer Stra\u00dfe und bat diesen um ein Glas Wasser. Hilfsbereit begab sich der Senior in die K\u00fcche, w\u00e4hrend die Verd\u00e4chtige mit einem Komplizen aus dem Wohnzimmer mehrere Wertgegenst\u00e4nde im Wert von 1.000 Euro entwendete. Als der gebrechliche Mann zur\u00fcckkehrte, verlie\u00df die Tatverd\u00e4chtige die Wohnung unter einem Vorwand. Im Nachgang bemerkte der 77-J\u00e4hrige das Fehlen der Gegenst\u00e4nde und erstattete Anzeige bei der Polizei. Das Polizeirevier Mannheim-Oststadt ermittelt nun wegen Diebstahls. Zeugen, welche Hinweise auf die Verd\u00e4chtigen geben k\u00f6nnen, werden gebeten, sich unter 0621\/174-3310 telefonisch zu melden.<\/p>\n\n\n\n<p>Weitere Informationen zum Thema Trickdiebstahl aus Wohnungen finden Sie auf den Seiten der polizeilichen Kriminalpr\u00e4vention:\u00a0<a target=\"_blank\" href=\"https:\/\/www.polizei-beratung.de\/themen-und-tipps\/diebstahl\/trickdiebstahl-in-wohnungen\/\" rel=\"noreferrer noopener\">https:\/\/www.polizei-beratung.de\/themen-und-tipps\/diebstahl\/trickdiebstahl-in-wohnungen\/<\/a><\/p>\n\n\n\n<h2 class=\"wp-block-heading\">(Mannheim-Schwetzingerstadt) &#8211; 60-j\u00e4hriger Mann von Unbekanntem niedergeschlagen \/ Polizei sucht Zeugen<\/h2>\n\n\n\n<p>Wie erst jetzt zur Anzeige gebracht wurde, soll bereits am Samstagnachmittag, 23.10 2021 im Stadtteil Schwetzingerstadt ein unbekannter T\u00e4ter einen 60-J\u00e4hrigen niedergeschlagen und dabei verletzt haben. Der 60-j\u00e4hrige Gesch\u00e4digte und dessen Begleiterin h\u00e4tten sich gegen 16.30 Uhr auf dem Gehweg der Reichskanzler-M\u00fcller-Stra\u00dfe gefunden und wollten diese an der Fu\u00dfg\u00e4ngerampel in H\u00f6he der Heinrich-Lanz-Stra\u00dfe in Richtung Hauptbahnhof \u00fcberqueren. Beim Umschalten der Ampel auf Gr\u00fcnlicht sei der Mann auf die Fahrbahn getreten. In diesem Moment soll ein unbekannter Autofahrer noch die Fu\u00dfg\u00e4ngerfurt passiert und in \u00e4u\u00dferst knappem Abstand an dem 60-J\u00e4hrigen vorbeigefahren sein. Dieser habe sich dabei erschreckt und dem zun\u00e4chst davonfahrenden Fahrzeug hinterhergerufen. Noch beim \u00dcberqueren der Fahrbahn habe der 60-J\u00e4hrige anschlie\u00dfend bemerkt, dass der Autofahrer offenbar doch noch gestoppt hatte und nun auf ihn zukam. Unvermittelt habe er pl\u00f6tzlich einen Tritt gegen die Beine bekommen und sei auf den Boden gest\u00fcrzt. Auch durch das Eingreifen eines Passanten habe sich der Angreifer nicht davon abbringen lassen, auf den 60-J\u00e4hrigen einzuwirken. Erst als dessen Begleiterin die Polizei verst\u00e4ndigte, soll er sich von der \u00d6rtlichkeit entfernt haben.<\/p>\n\n\n\n<h4 class=\"wp-block-heading\">Der Mann wird wie folgt beschrieben:<\/h4>\n\n\n\n<ul><li><strong>Ca. 45 Jahre alt<\/strong><\/li><li><strong>Ca. 175 cm gro\u00df<\/strong><\/li><li><strong>St\u00e4mmig<\/strong><\/li><li><strong>Graumelierte Haare<\/strong><\/li><li><strong>Bekleidet mit dunkelblauen Jeans und einem Langarm-Shirt<\/strong><\/li><li><strong>Hatte eine Bauchtasche in H\u00fcfth\u00f6he<\/strong><\/li><\/ul>\n\n\n\n<ul><li><strong>Bei dem Fahrzeug des Unbekannten soll es sich um einen blauen Pkw gehandelt haben, der mit zwei m\u00e4nnlichen Personen besetzt war.<\/strong><\/li><\/ul>\n\n\n\n<p>Zeugen, die auf den Vorfall aufmerksam geworden waren und sachdienliche Hinweise zu besagtem Fahrzeug und dessen Insassen geben k\u00f6nnen, werden gebeten, sich beim Polizeirevier Mannheim-Oststadt, Tel.: 0621\/174-3310 zu melden.<\/p>\n\n\n\n<h2 class=\"wp-block-heading\">(Mannheim-K\u00e4fertal) &#8211; Bus-Fahrgast bei Verkehrsunfall leicht verletzt \/ Zeugen gesucht<\/h2>\n\n\n\n<p>Bei einem Verkehrsunfall am Dienstagnachmittag im Stadtteil K\u00e4fertal wurde eine 71-j\u00e4hrige Frau leicht verletzt. Eine 31-j\u00e4hrige Frau war gegen 16.30 Uhr mit ihrem Mini auf der Wormser Stra\u00dfe in Richtung Mannheimer Stra\u00dfe unterwegs. In H\u00f6he der Lilienstra\u00dfe kam ihr ein Bus der Linie 53 entgegen. Wegen beidseitig geparkter Fahrzeug war an der \u00d6rtlichkeit eine Engstelle entstanden. Um einen Zusammensto\u00df der beiden Fahrzeuge zu verhindern, leitete der Fahrer des Busses eine Gefahrenbremsung ein. Hierdurch st\u00fcrzte eine 71-j\u00e4hrige Frau im Bus und zog sich eine Platzwunde am Kopf zu. Sie wurde zur Behandlung in ein Krankenhaus eingeliefert.<\/p>\n\n\n\n<p>Da der Unfallhergang noch nicht abschlie\u00dfend gekl\u00e4rt werden konnte, sucht die Polizei Zeugen, die den Unfall beobachtet haben und sachdienliche Hinweise zu dessen Ablauf machen k\u00f6nnen. Diese werden gebeten, sich beim Polizeirevier Mannheim-K\u00e4fertal, Tel.: 0621\/71849-0 zu melden.<\/p>\n\n\n\n<h2 class=\"wp-block-heading\">(Heidelberg-Neuenheimer Feld) &#8211; Unfall im Kreuzungsbereich \/ Eine verletzte Person &#8211; 9.000 EUR Sachschaden &#8211; Polizei sucht Zeugen!<\/h2>\n\n\n\n<p>Zu einem Verkehrsunfall kam es am Dienstag gegen 13:30 Uhr an der Kreuzung Jahnstra\u00dfe\/ Berliner Stra\u00dfe. Ein 60-J\u00e4hriger BMW-Fahrer fuhr zun\u00e4chst auf der Stra\u00dfe &#8222;Im Neuenheimer Feld&#8220;, als er in den Kreuzungsbereich der Berliner Stra\u00dfe einfuhr um geradeaus in die Jahnstra\u00dfe weiterzufahren. Auf H\u00f6he der querenden Gleise musste er sein Fahrzeug aufgrund eines entgegenkommenden Autos anhalten, welches nach links abbiegen wollte, und lie\u00df dieses passieren. Als er anschlie\u00dfend geradeaus weiter fahren m\u00f6chte, kollidiert er mit dem Ford eines 49-J\u00e4hrigen, welcher von der Ernst-Walz-Br\u00fccke auf der Berliner Stra\u00dfe unterwegs war. Die Beifahrerin des Ford-Fahrers wird bei dem Unfall leicht verletzt, der Sachschaden an beiden Autos betr\u00e4gt rund 9.000 EUR. Der BMW ist nicht mehr fahrbereit und musste abgeschleppt werden.<\/p>\n\n\n\n<p>Da der Unfallhergang noch nicht vollst\u00e4ndig gekl\u00e4rt werden konnte, bittet die Polizei um Zeugen, welche Angaben zu dem Unfallgeschehen machen k\u00f6nnen. Wir bitten diese sich beim Verkehrsdienst Heidelberg, unter der Telefonnummer 0621-174-4111, zu melden.<\/p>\n\n\n\n<h2 class=\"wp-block-heading\">(Heidelberg-Weststadt) &#8211; PKW aufgebrochen und durchw\u00fchlt \/ Zeugen gesucht<\/h2>\n\n\n\n<p>Am Dienstagabend kurz nach 20 Uhr stellte ein 60-j\u00e4hriger Mann seinen Mercedes Sprinter in der Kaiserstra\u00dfe ab. Als er am Mittwochmorgen gegen 7 Uhr zu seinem Fahrzeug zur\u00fcckkehrte, bemerkte er, dass sowohl ein Fenster auf der Fahrerseite eingeschlagen, als auch das Fahrzeug durch einen bisher unbekannten T\u00e4ter durchw\u00fchlt worden war. Aus dem Fahrzeug wurden keinerlei Gegenst\u00e4nde entwendet. Durch die eingeschlagene Scheibe entstand ein Sachschaden von 500 Euro. Zeugen, welche Hinweise zum Sachverhalt geben k\u00f6nnen, werden gebeten, sich mit dem Polizeirevier Heidelberg-Mitte (Tel.: 06221\/99-1700) in Verbindung zu setzen.<\/p>\n\n\n\n<h2 class=\"wp-block-heading\">(Heidelberg \/ Sinsheim \/ Rhein-Neckar-Kreis) &#8211; 23-J\u00e4hriger wegen t\u00e4tlichen Angriffs auf und Widerstands gegen Vollstreckungsbeamte in Haft<\/h2>\n\n\n\n<h3 class=\"wp-block-heading\">Gemeinsame Pressemitteilung der Staatsanwaltschaft Heidelberg und des Polizeipr\u00e4sidiums Mannheim<\/h3>\n\n\n\n<div class=\"wp-block-image\"><figure class=\"aligncenter size-large\"><img decoding=\"async\" loading=\"lazy\" width=\"800\" height=\"533\" src=\"https:\/\/speyer24news.com\/wp-content\/uploads\/2020\/06\/Zelle.jpg\" alt=\"\" class=\"wp-image-28203\" srcset=\"https:\/\/speyer24news.com\/wp-content\/uploads\/2020\/06\/Zelle.jpg 800w, https:\/\/speyer24news.com\/wp-content\/uploads\/2020\/06\/Zelle-300x200.jpg 300w, https:\/\/speyer24news.com\/wp-content\/uploads\/2020\/06\/Zelle-768x512.jpg 768w\" sizes=\"(max-width: 800px) 100vw, 800px\" \/><\/figure><\/div>\n\n\n\n<p>Am 03.11.2021 wurde durch das Amtsgericht Heidelberg auf Antrag der Staatsanwaltschaft Heidelberg Haftbefehl gegen einen 23-j\u00e4hrigen Mann aus Freiburg erlassen. Dieser soll am fr\u00fchen Mittwochmorgen gegen 01:25 Uhr in einer Bar in Sinsheim versucht haben, einen Polizeibeamten mittels Fu\u00dftritt gegen den Oberk\u00f6rper zu verletzen. Die Beamten des Polizeireviers Sinsheim waren verst\u00e4ndigt worden, da der Mann in der Bar randaliert und hierbei auch G\u00e4ste beleidigt haben soll. Als der 23-J\u00e4hrige aufgrund des Angriffs festgenommen werden sollte, soll er zudem versucht haben, sich aus den Festhaltegriffen der Polizeibeamten zu winden und sich gegen das Anlegen der Handschlie\u00dfen zu sperren.<\/p>\n\n\n\n<p>Der Mann war bereits wegen anderer Gewaltdelikte zu einer mehrj\u00e4hrigen Jugendstrafe verurteilt worden, deren Vollstreckung zur Bew\u00e4hrung ausgesetzt worden war. Hier droht dem Beschuldigten nun ein Bew\u00e4hrungswiderruf, weshalb die zust\u00e4ndige Ermittlungsrichterin am Amtsgericht Heidelberg aufgrund von Fluchtgefahr den Haftbefehl in Vollzug setzte.<\/p>\n\n\n\n<p>Die Ermittlungen der Staatsanwaltschaft Heidelberg und des Polizeireviers Sinsheim dauern an.<\/p>\n\n\n\n<h2 class=\"wp-block-heading\">(Leimen \/ Rhein-Neckar-Kreis) &#8211; Beim Wenden Pedelec-Fahrer \u00fcbersehen \/ 87-j\u00e4hriger Pedelec-Fahrer verstorben<\/h2>\n\n\n\n<h3 class=\"has-text-align-center wp-block-heading\">Pressemeldung Nr. 2<\/h3>\n\n\n\n<div class=\"wp-block-image\"><figure class=\"aligncenter size-large\"><img decoding=\"async\" loading=\"lazy\" width=\"800\" height=\"533\" src=\"https:\/\/speyer24news.com\/wp-content\/uploads\/2020\/03\/candle-2905395_1920.jpg\" alt=\"\" class=\"wp-image-25905\" srcset=\"https:\/\/speyer24news.com\/wp-content\/uploads\/2020\/03\/candle-2905395_1920.jpg 800w, https:\/\/speyer24news.com\/wp-content\/uploads\/2020\/03\/candle-2905395_1920-300x200.jpg 300w, https:\/\/speyer24news.com\/wp-content\/uploads\/2020\/03\/candle-2905395_1920-768x512.jpg 768w\" sizes=\"(max-width: 800px) 100vw, 800px\" \/><\/figure><\/div>\n\n\n\n<p>Wie bereits berichtet, wurde am 14.10.2021, gegen 16.30 Uhr ein 87-j\u00e4hriger Pedelec-Fahrer bei einem Verkehrsunfall in der Rohrbacher Stra\u00dfe in Leimen schwer verletzt. Er wurde mit schweren Kopfverletzungen in eine Klinik in Heidelberg eingeliefert. Trotz intensivmedizinischer Behandlung erlag er dort am 02.11.2021 seinen schweren Verletzungen.<\/p>\n\n\n\n<h2 class=\"wp-block-heading\">(Leimen \/ St. Ilgen \/ Rhein-Neckar-Kreis) &#8211; Betrunken Schlangenlinien gefahren und Kind gef\u00e4hrdet<a href=\"https:\/\/www.facebook.com\/sharer.php?u=https%3A%2F%2Fwww.presseportal.de%2Fblaulicht%2Fpm%2F14915%2F5063128%2F%3Futm_source%3Dfacebook%26utm_medium%3Dsocial\"><\/a><a href=\"https:\/\/twitter.com\/intent\/tweet?text=POL-MA%3A%20Leimen%2FSt.%20Ilgen%2FRhein-Neckar-Kreis%3A%20Betrunken%20Schlangenlinien%20gefahren%20und%20Kind%20gef%C3%A4hrdet&amp;url=https%3A%2F%2Fwww.presseportal.de%2Fblaulicht%2Fpm%2F14915%2F5063128%2F%3Futm_source%3Dtwitter%26utm_medium%3Dsocial&amp;hashtags=ots&amp;lang=de\"><\/a><a href=\"https:\/\/web.whatsapp.com\/send?text=POL-MA%3A%20Leimen%2FSt.%20Ilgen%2FRhein-Neckar-Kreis%3A%20Betrunken%20Schlangenlinien%20gefahren%20und%20Kind%20gef%C3%A4hrdet%0A%0Ahttps%3A%2F%2Fwww.presseportal.de%2Fblaulicht%2Fpm%2F14915%2F5063128%2F%3Futm_source%3Dwhatsapp%26utm_medium%3Dsocial\"><\/a><a href=\"https:\/\/www.xing.com\/app\/user?op=share;url=https%3A%2F%2Fwww.presseportal.de%2Fblaulicht%2Fpm%2F14915%2F5063128%2F%3Futm_source%3Dxing%26utm_medium%3Dsocial\"><\/a><a href=\"http:\/\/www.linkedin.com\/shareArticle?mini=true&amp;url=https%3A%2F%2Fwww.presseportal.de%2Fblaulicht%2Fpm%2F14915%2F5063128%2F%3Futm_source%3Dlinkedin%26utm_medium%3Dsocial&amp;title=POL-MA%3A+Leimen%2FSt.+Ilgen%2FRhein-Neckar-Kreis%3A+Betrunken+Schlangenlinien+gefahren+und+Kind+gef%C3%A4hrdet\"><\/a><a href=\"mailto:?subject=POL-MA%3A%20Leimen%2FSt.%20Ilgen%2FRhein-Neckar-Kreis%3A%20Betrunken%20Schlangenlinien%20gefahren%20und%20Kind%20gef%C3%A4hrdet&amp;body=https:\/\/www.presseportal.de\/blaulicht\/pm\/14915\/5063128\"><\/a><\/h2>\n\n\n\n<p>Ein aufmerksamer Zeuge folgte am Montagabend gegen 18 Uhr einem Audi-Fahrer, welcher aufgrund seiner unsicheren Fahrweise besonders auffiel. In der Kurpfalzstra\u00dfe fuhr der Fahrer so starke Schlangenlinien, dass er einem Kind auf dem B\u00fcrgersteig gef\u00e4hrlich nahekam. Zu einer Ber\u00fchrung zwischen dem Kind und dem PKW kam es gl\u00fccklicherweise nicht. Beim Eintreffen der Polizei versuchte der Mann zun\u00e4chst zu fl\u00fcchten, konnte jedoch gestellt werden. Im Verlauf der Verkehrskontrolle stellten die Beamten dann einen Atemalkoholwert von fast 1,8 Promille bei dem 68-j\u00e4hrigen Fahrzeugf\u00fchrer fest. Der Mann musste die Beamten schlie\u00dflich auf das Polizeirevier begleiten und dort neben einer Blutprobe auch seinen F\u00fchrerschein abgeben. Gegen ihn wird nun wegen Stra\u00dfenverkehrsgef\u00e4hrdung und Trunkenheit im Stra\u00dfenverkehr ermittelt.<\/p>\n\n\n\n<h2 class=\"wp-block-heading\">(Dielheim \/ Rhein-Neckar-Kreis) &#8211; Vermisstensuche beendet \/ Vermisster Franklin B. wohlauf &#8211; Fahndungsl\u00f6schung<a href=\"https:\/\/www.facebook.com\/sharer.php?u=https%3A%2F%2Fwww.presseportal.de%2Fblaulicht%2Fpm%2F14915%2F5063670%2F%3Futm_source%3Dfacebook%26utm_medium%3Dsocial\"><\/a><a href=\"https:\/\/twitter.com\/intent\/tweet?text=POL-MA%3A%20Dielheim%20%2F%20Rhein-Neckar-Kreis%3A%20Vermisstensuche%20beendet%20-%20Vermisster%20Franklin%20B.%20wohlauf%20-%20Fahndungsl%C3%B6schung&amp;url=https%3A%2F%2Fwww.presseportal.de%2Fblaulicht%2Fpm%2F14915%2F5063670%2F%3Futm_source%3Dtwitter%26utm_medium%3Dsocial&amp;hashtags=ots&amp;lang=de\"><\/a><a href=\"https:\/\/web.whatsapp.com\/send?text=POL-MA%3A%20Dielheim%20%2F%20Rhein-Neckar-Kreis%3A%20Vermisstensuche%20beendet%20-%20Vermisster%20Franklin%20B.%20wohlauf%20-%20Fahndungsl%C3%B6schung%0A%0Ahttps%3A%2F%2Fwww.presseportal.de%2Fblaulicht%2Fpm%2F14915%2F5063670%2F%3Futm_source%3Dwhatsapp%26utm_medium%3Dsocial\"><\/a><a href=\"https:\/\/www.xing.com\/app\/user?op=share;url=https%3A%2F%2Fwww.presseportal.de%2Fblaulicht%2Fpm%2F14915%2F5063670%2F%3Futm_source%3Dxing%26utm_medium%3Dsocial\"><\/a><a href=\"http:\/\/www.linkedin.com\/shareArticle?mini=true&amp;url=https%3A%2F%2Fwww.presseportal.de%2Fblaulicht%2Fpm%2F14915%2F5063670%2F%3Futm_source%3Dlinkedin%26utm_medium%3Dsocial&amp;title=POL-MA%3A+Dielheim+%2F+Rhein-Neckar-Kreis%3A+Vermisstensuche+beendet+-+Vermisster+Franklin+B.+wohlauf+-+Fahndungsl%C3%B6schung\"><\/a><a href=\"mailto:?subject=POL-MA%3A%20Dielheim%20%2F%20Rhein-Neckar-Kreis%3A%20Vermisstensuche%20beendet%20-%20Vermisster%20Franklin%20B.%20wohlauf%20-%20Fahndungsl%C3%B6schung&amp;body=https:\/\/www.presseportal.de\/blaulicht\/pm\/14915\/5063670\"><\/a><\/h2>\n\n\n\n<p>Der seit dem 16.10.2021 als vermisst gemeldete Franklin B. konnte durch Polizeibeamte angetroffen werden und ist wohlauf.<\/p>\n\n\n\n<h2 class=\"wp-block-heading\">(Bammental \/ Rhein-Neckar-Kreis) &#8211; R\u00fccksichtsloser Autofahrer verursacht Unfall und haut ab \/ Zeugen gesucht<\/h2>\n\n\n\n<p>Einen Unfall verursachte bereits am Freitag, 29.10.2021 ein unbekannter Autofahrer auf der B 45 bei Bammental. Der Unbekannte war gegen 13.30 Uhr mit seinem Pkw auf der B 45 in Richtung Wiesenbach unterwegs. Trotz herannahenden Gegenverkehrs \u00fcberholte er ein in gleicher Richtung fahrendes Kleinkraftrad. Dadurch musste ein entgegenkommender mit seinem Fahrzeug eine Gefahrenbremsung einleiten, um einen Zusammensto\u00df zu vermeiden. Der diesem nachfolgende 18-j\u00e4hrige Mercedes-Fahrer konnte sein Fahrzeug ebenfalls noch rechtzeitig abbremsen. Eine dahinter befindliche 17-j\u00e4hrige Leichtkraftradfahrerin konnte trotz Gefahrenbremsung einen Zusammensto\u00df nicht mehr verhindern und fuhr dem Mercedes auf. Dabei kippte sie anschlie\u00dfend auf die Seite, blieb jedoch unverletzt.<\/p>\n\n\n\n<p>Das \u00fcberholende Fahrzeug fuhr anschlie\u00dfend einfach davon. Nach Angaben von Zeugen soll es sich um einen SUV der Marke Chrysler (vermutlich Modell Aspen) gehandelt haben.<\/p>\n\n\n\n<p>Zeugen, die auf den Unfall aufmerksam geworden sind und sachdienliche Hinweise und fl\u00fcchtigen Fahrzeug und dessen Fahrers geben k\u00f6nnen, werden gebeten, sich bei der Verkehrspolizei Heidelberg, Tel.: 0621\/174-4111 zu melden.<\/p>\n\n\n\n<h2 class=\"wp-block-heading\">(Ladenburg \/ Rhein-Neckar-Kreis) &#8211; Unbekannte stehlen eine R\u00fcttelplatte<\/h2>\n\n\n\n<p><a href=\"https:\/\/www.facebook.com\/sharer.php?u=https%3A%2F%2Fwww.presseportal.de%2Fblaulicht%2Fpm%2F14915%2F5063301%2F%3Futm_source%3Dfacebook%26utm_medium%3Dsocial\"><\/a><a href=\"https:\/\/twitter.com\/intent\/tweet?text=POL-MA%3A%20Ladenburg%20%2F%20Rhein-Neckar-Kreis%3A%20Unbekannte%20stehlen%20eine%20R%C3%BCttelplatte&amp;url=https%3A%2F%2Fwww.presseportal.de%2Fblaulicht%2Fpm%2F14915%2F5063301%2F%3Futm_source%3Dtwitter%26utm_medium%3Dsocial&amp;hashtags=ots&amp;lang=de\"><\/a><a href=\"https:\/\/web.whatsapp.com\/send?text=POL-MA%3A%20Ladenburg%20%2F%20Rhein-Neckar-Kreis%3A%20Unbekannte%20stehlen%20eine%20R%C3%BCttelplatte%0A%0Ahttps%3A%2F%2Fwww.presseportal.de%2Fblaulicht%2Fpm%2F14915%2F5063301%2F%3Futm_source%3Dwhatsapp%26utm_medium%3Dsocial\"><\/a><a href=\"https:\/\/www.xing.com\/app\/user?op=share;url=https%3A%2F%2Fwww.presseportal.de%2Fblaulicht%2Fpm%2F14915%2F5063301%2F%3Futm_source%3Dxing%26utm_medium%3Dsocial\"><\/a><a href=\"http:\/\/www.linkedin.com\/shareArticle?mini=true&amp;url=https%3A%2F%2Fwww.presseportal.de%2Fblaulicht%2Fpm%2F14915%2F5063301%2F%3Futm_source%3Dlinkedin%26utm_medium%3Dsocial&amp;title=POL-MA%3A+Ladenburg+%2F+Rhein-Neckar-Kreis%3A+Unbekannte+stehlen+eine+R%C3%BCttelplatte\"><\/a><a href=\"mailto:?subject=POL-MA%3A%20Ladenburg%20%2F%20Rhein-Neckar-Kreis%3A%20Unbekannte%20stehlen%20eine%20R%C3%BCttelplatte&amp;body=https:\/\/www.presseportal.de\/blaulicht\/pm\/14915\/5063301\"><\/a>Durch einen oder mehrere bisher unbekannte T\u00e4ter wurde im Zeitraum vom Sonntagmittag, 12:00 Uhr, bis Dienstagmorgen, 09:00 Uhr eine R\u00fcttelplatte der Marke Wacker Neuson entwendet. Diese war in der Einfahrt zu einem Anwesen im Neugraben abgestellt und mittels Kette und Vorh\u00e4ngeschloss gesichert worden. Die Kette wurde durchtrennt und die R\u00fcttelplatte entwendet. Aufgrund der Gr\u00f6\u00dfe und Schwere des Arbeitsger\u00e4ts k\u00f6nnte dieses mittels eines Fahrzeugs vom Tatort abtransportiert worden sein. Der Sachschaden bel\u00e4uft sich auf mehrere tausend Euro.<\/p>\n\n\n\n<p>Das Polizeirevier Ladenburg hat die Ermittlungen in dieser Sache aufgenommen. Zeugen, die im genannten Zeitraum verd\u00e4chtige Personen oder Fahrzeuge wahrgenommen haben, werden gebeten, sich unter der Rufnummer 06203 9305-0 zu melden.<\/p>\n\n\n\n<h2 class=\"wp-block-heading\">(Ladenburg \/ Rhein-Neckar-Kreis) &#8211; PKW-Fahrerin touchiert Radfahrerin und fl\u00fcchtet \/ Zeugen gesucht<\/h2>\n\n\n\n<p>Am Montagnachmittag kurz nach 16:30 Uhr war eine 13-J\u00e4hrige mit ihrem Fahrrad in der Wallstadter Stra\u00dfe in Richtung Bahnhofstra\u00dfe unterwegs. Eine hinter ihr fahrende Frau in einem silbernen Mercedes fuhr der Radfahrerin zu dicht auf und touchierte deren Hinterrad. Dadurch kam die 13-J\u00e4hrige zu Fall und verletzte sich leicht. Nach dem Unfall fuhr die Unbekannte einfach weiter, ohne sich um die gest\u00fcrzte Radfahrerin zu k\u00fcmmern. Die Polizei ermittelt nun wegen Verkehrsunfallflucht. Hinweise werden beim Polizeirevier Ladenburg unter Tel.: 06203\/9305-0 entgegengenommen.<\/p>\n\n\n\n<h2 class=\"wp-block-heading\">(Heddesheim \/ Hirschberg \/ Viernheim) &#8211; Durch den Verkauf gef\u00e4lschter KFZ-Diagnoseger\u00e4te sechsstelligen Umsatz erzielt<\/h2>\n\n\n\n<p>Bereits am Dienstag, den 19.10.2021, durchsuchten Polizeibeamtinnen und Polizeibeamte des Fachbereichs Gewerbe und Umwelt des Polizeipr\u00e4sidiums Mannheim in Heddesheim, Hirschberg und Viernheim mehrere Wohn- und Firmenobjekte eines 37-j\u00e4hrigen Mannes. Der Tatverd\u00e4chtige soll seit 2017 sogenannte KFZ-Diagnoseger\u00e4te im gr\u00f6\u00dferen Umfang an Autoh\u00e4ndler und Kfz-Werkst\u00e4tten verkauft und dadurch einen Verkaufserl\u00f6s von \u00fcber 400.000 Euro erzielt haben. Den enormen Umsatz erzielte der Mann, indem er Notebooks aus dem Ausland ankaufte und diese mit einer gecrackten Software eines bekannten Automobilherstellers versah, obwohl er hierf\u00fcr keine entsprechende Lizenz besa\u00df. Um seine Kunden weiter in die Irre zu f\u00fchren, beklebte der Mann seine &#8222;Produkte&#8220; mit dem Logo des Automobilkonzerns. Bisherigen Ermittlungen zu Folge soll der Mann bereits \u00fcber 400 Ger\u00e4te auf diese Weise verkauft haben. F\u00fcr die jeweiligen K\u00e4uferinnen und K\u00e4ufer, welche die Ger\u00e4te zum Auslesen von Fahrzeugdaten nutzten, war der Schwindel kaum festzustellen. Letztlich fiel der Verd\u00e4chtige nur auf, da es bei einem Ger\u00e4t zu Unstimmigkeiten kam. Der get\u00e4uschte Kunde wurde skeptisch und informierte die Polizei, welche die weiteren Ermittlungen aufnahm. Bei der Durchsuchung Mitte Oktober stellten die Beamtinnen und Beamten eine Vielzahl an Datentr\u00e4gern, gef\u00e4lschte Markenlogos und weitere Notebooks fest. Die weiteren Ermittlungen, welche wegen des Versto\u00dfes gegen das Urheberrechts- und Markengesetz gef\u00fchrt werden, erstrecken sich nun auf die Auswertung der sichergestellten Beweismittel.<\/p>\n","protected":false},"excerpt":{"rendered":"<div class=\"mh-excerpt\"><p>Polizeimeldungen vom Mittwoch (03.11.2021) (Speyer) &#8211; Mehrere Strafverfahren gegen Fahrer eines Transporters Am 03.11.2021 gegen 02:35 Uhr stellten Polizeikr\u00e4fte im Eduard-M\u00f6rike-Weg einen blauen Ford Transit im Gr\u00fcnstreifen fest, der durch Zeugen kurze Zeit vorher bei <a class=\"mh-excerpt-more\" href=\"https:\/\/speyer24news.com\/?p=42004\" title=\"Polizei\">[&#8230;]<\/a><\/p>\n<\/div>","protected":false},"author":3,"featured_media":26162,"comment_status":"open","ping_status":"open","sticky":false,"template":"","format":"standard","meta":{"_monsterinsights_skip_tracking":false,"_monsterinsights_sitenote_active":false,"_monsterinsights_sitenote_note":"","_monsterinsights_sitenote_category":0,"footnotes":""},"categories":[12],"tags":[3614,702,61,2555,6955,6986,6263,63,105,11150,6987,53,4854,4683,1548,4905,102,213,55,6368,5261,103,106,2803,2423,427,2625,380,62,104,979,1565],"aioseo_notices":[],"amp_enabled":true,"_links":{"self":[{"href":"https:\/\/speyer24news.com\/index.php?rest_route=\/wp\/v2\/posts\/42004"}],"collection":[{"href":"https:\/\/speyer24news.com\/index.php?rest_route=\/wp\/v2\/posts"}],"about":[{"href":"https:\/\/speyer24news.com\/index.php?rest_route=\/wp\/v2\/types\/post"}],"author":[{"embeddable":true,"href":"https:\/\/speyer24news.com\/index.php?rest_route=\/wp\/v2\/users\/3"}],"replies":[{"embeddable":true,"href":"https:\/\/speyer24news.com\/index.php?rest_route=%2Fwp%2Fv2%2Fcomments&post=42004"}],"version-history":[{"count":1,"href":"https:\/\/speyer24news.com\/index.php?rest_route=\/wp\/v2\/posts\/42004\/revisions"}],"predecessor-version":[{"id":42006,"href":"https:\/\/speyer24news.com\/index.php?rest_route=\/wp\/v2\/posts\/42004\/revisions\/42006"}],"wp:featuredmedia":[{"embeddable":true,"href":"https:\/\/speyer24news.com\/index.php?rest_route=\/wp\/v2\/media\/26162"}],"wp:attachment":[{"href":"https:\/\/speyer24news.com\/index.php?rest_route=%2Fwp%2Fv2%2Fmedia&parent=42004"}],"wp:term":[{"taxonomy":"category","embeddable":true,"href":"https:\/\/speyer24news.com\/index.php?rest_route=%2Fwp%2Fv2%2Fcategories&post=42004"},{"taxonomy":"post_tag","embeddable":true,"href":"https:\/\/speyer24news.com\/index.php?rest_route=%2Fwp%2Fv2%2Ftags&post=42004"}],"curies":[{"name":"wp","href":"https:\/\/api.w.org\/{rel}","templated":true}]}}