{"id":42151,"date":"2021-11-05T13:23:53","date_gmt":"2021-11-05T12:23:53","guid":{"rendered":"https:\/\/speyer24news.com\/?p=42151"},"modified":"2021-11-05T13:23:55","modified_gmt":"2021-11-05T12:23:55","slug":"schifferstadt-122","status":"publish","type":"post","link":"https:\/\/speyer24news.com\/?p=42151","title":{"rendered":"Schifferstadt"},"content":{"rendered":"<style type=\"text\/css\">\r\n\t.ads_top_disp{}\r\n\t.ads_top_corner_disp{ float:left; margin:0px 10px 10px 0px; }\r\n\t.ads_first_p_disp{}\r\n\t.ads_bottom_disp{}\r\n\t<\/style>\n<h2 class=\"wp-block-heading\">10-j\u00e4hriges Jubil\u00e4um der Kita am Wald<\/h2>\n\n\n\n<p>Die Kindertagest\u00e4tte am Wald feierte am 17. Oktober 2021 ihr 10-j\u00e4hriges Jubil\u00e4um. Mit Kindercocktail, Luftballons, vielen lustigen Spielen und einer Geburtstagstorte in Form einer \u201e10\u201c wurde bei gro\u00dfartigem Wetter im Garten gemeinsam gefeiert. Die Kinder durften das Mittagessen aussuchen \u2013 Schupfnudeln mit Apfelmus &#8211; und \u201eEdelsteinsieben, Dosenwerfen, Zapfenweitwurf und Seilklettern waren die Highlights auf unserer Geburtstagsfeier\u201c, sagt die Leiterin Diana Gr\u00e4dler.<\/p>\n\n\n\n<p>Als Andenken und f\u00fcr den Heimweg gab es f\u00fcr die Kinder noch Seifenblasen. Rundum verbrachten die Kinder und das Team der Kita am Wald einen wundersch\u00f6nen Tag.<\/p>\n\n\n\n<figure class=\"wp-block-gallery columns-2 is-cropped wp-block-gallery-1 is-layout-flex wp-block-gallery-is-layout-flex\"><ul class=\"blocks-gallery-grid\"><li class=\"blocks-gallery-item\"><figure><img decoding=\"async\" loading=\"lazy\" width=\"800\" height=\"612\" src=\"https:\/\/speyer24news.com\/wp-content\/uploads\/2021\/11\/Aussenansicht-KITA.jpg\" alt=\"\" data-id=\"42164\" data-link=\"https:\/\/speyer24news.com\/?attachment_id=42164\" class=\"wp-image-42164\" srcset=\"https:\/\/speyer24news.com\/wp-content\/uploads\/2021\/11\/Aussenansicht-KITA.jpg 800w, https:\/\/speyer24news.com\/wp-content\/uploads\/2021\/11\/Aussenansicht-KITA-300x230.jpg 300w, https:\/\/speyer24news.com\/wp-content\/uploads\/2021\/11\/Aussenansicht-KITA-768x588.jpg 768w, https:\/\/speyer24news.com\/wp-content\/uploads\/2021\/11\/Aussenansicht-KITA-80x60.jpg 80w\" sizes=\"(max-width: 800px) 100vw, 800px\" \/><\/figure><\/li><li class=\"blocks-gallery-item\"><figure><img decoding=\"async\" loading=\"lazy\" width=\"500\" height=\"667\" src=\"https:\/\/speyer24news.com\/wp-content\/uploads\/2021\/11\/Jubilaeum2.jpg\" alt=\"\" data-id=\"42165\" data-link=\"https:\/\/speyer24news.com\/?attachment_id=42165\" class=\"wp-image-42165\" srcset=\"https:\/\/speyer24news.com\/wp-content\/uploads\/2021\/11\/Jubilaeum2.jpg 500w, https:\/\/speyer24news.com\/wp-content\/uploads\/2021\/11\/Jubilaeum2-225x300.jpg 225w\" sizes=\"(max-width: 500px) 100vw, 500px\" \/><\/figure><\/li><li class=\"blocks-gallery-item\"><figure><img decoding=\"async\" loading=\"lazy\" width=\"800\" height=\"600\" src=\"https:\/\/speyer24news.com\/wp-content\/uploads\/2021\/11\/Jubilaeum1.jpg\" alt=\"\" data-id=\"42166\" data-link=\"https:\/\/speyer24news.com\/?attachment_id=42166\" class=\"wp-image-42166\" srcset=\"https:\/\/speyer24news.com\/wp-content\/uploads\/2021\/11\/Jubilaeum1.jpg 800w, https:\/\/speyer24news.com\/wp-content\/uploads\/2021\/11\/Jubilaeum1-300x225.jpg 300w, https:\/\/speyer24news.com\/wp-content\/uploads\/2021\/11\/Jubilaeum1-768x576.jpg 768w, https:\/\/speyer24news.com\/wp-content\/uploads\/2021\/11\/Jubilaeum1-678x509.jpg 678w, https:\/\/speyer24news.com\/wp-content\/uploads\/2021\/11\/Jubilaeum1-326x245.jpg 326w, https:\/\/speyer24news.com\/wp-content\/uploads\/2021\/11\/Jubilaeum1-80x60.jpg 80w\" sizes=\"(max-width: 800px) 100vw, 800px\" \/><\/figure><\/li><li class=\"blocks-gallery-item\"><figure><img decoding=\"async\" loading=\"lazy\" width=\"800\" height=\"600\" src=\"https:\/\/speyer24news.com\/wp-content\/uploads\/2021\/11\/Kindercocktail.jpg\" alt=\"\" data-id=\"42167\" data-full-url=\"https:\/\/speyer24news.com\/wp-content\/uploads\/2021\/11\/Kindercocktail.jpg\" data-link=\"https:\/\/speyer24news.com\/?attachment_id=42167\" class=\"wp-image-42167\" srcset=\"https:\/\/speyer24news.com\/wp-content\/uploads\/2021\/11\/Kindercocktail.jpg 800w, https:\/\/speyer24news.com\/wp-content\/uploads\/2021\/11\/Kindercocktail-300x225.jpg 300w, https:\/\/speyer24news.com\/wp-content\/uploads\/2021\/11\/Kindercocktail-768x576.jpg 768w, https:\/\/speyer24news.com\/wp-content\/uploads\/2021\/11\/Kindercocktail-678x509.jpg 678w, https:\/\/speyer24news.com\/wp-content\/uploads\/2021\/11\/Kindercocktail-326x245.jpg 326w, https:\/\/speyer24news.com\/wp-content\/uploads\/2021\/11\/Kindercocktail-80x60.jpg 80w\" sizes=\"(max-width: 800px) 100vw, 800px\" \/><\/figure><\/li><\/ul><\/figure>\n\n\n\n<p><em>Stadtverwaltung Schifferstadt<br>05.11.2021<\/em><\/p>\n\n\n\n<h2 class=\"wp-block-heading\">Vollsperrung Speyerer Stra\u00dfe (Teilst\u00fcck Hauptstr. \/ Kreuzgasse)<\/h2>\n\n\n\n<p>Die Speyerer Stra\u00dfe muss <strong>ab Mittwoch, dem 10.11.2021 bis einschlie\u00dflich Freitag, dem 12. November<\/strong> im Teilst\u00fcck zwischen der Hauptstra\u00dfe und der Kreuzgasse voll gesperrt werden. Grund f\u00fcr die Vollsperrung sind Arbeiten der Stadtg\u00e4rtnerei an den Pflanzen und B\u00e4umen des Kreuzplatzes. Der Verkehr wird \u00fcber die Hauptstra\u00dfe, Bahnhofstra\u00dfe, Ludwigstra\u00dfe und Zwerchgasse hin zur Burgstra\u00dfe umgeleitet. Fu\u00dfg\u00e4nger k\u00f6nnen das Teilst\u00fcck \u00fcber den vom Kreuzplatz gegen\u00fcberliegenden Gehweg weiterhin passieren.<\/p>\n\n\n\n<p><em>Stadtverwaltung Schifferstadt<br>05.11.2021<\/em><\/p>\n\n\n\n<h2 class=\"wp-block-heading\">15. November: Grundbesitzabgaben und Gewerbesteuer f\u00e4llig <\/h2>\n\n\n\n<p>Am 15. November sind die Teilzahlungen f\u00fcr die Grundbesitzabgaben und die Gewerbesteuer f\u00e4llig. Bei Abgabepflichtigen, die der Stadtkasse ein SEPA-Lastschriftmandat (Einzugserm\u00e4chtigung) erteilt haben, werden die f\u00e4lligen Betr\u00e4ge eingezogen. Selbstzahler werden gebeten, den F\u00e4lligkeitstermin zu beachten.<\/p>\n\n\n\n<p>Die Stadtkasse bittet alle betroffenen B\u00fcrgerinnen und B\u00fcrger auf die Banklaufzeiten zu achten und das Geld rechtzeitig \u201eauf den Weg zu bringen\u201c, sodass es sp\u00e4testens am 15. November eingeht. Nach dem F\u00e4lligkeitstermin m\u00fcssten f\u00fcr dann noch offene bzw. r\u00fcckst\u00e4ndige Forderungen Mahngeb\u00fchren und S\u00e4umniszuschl\u00e4ge erhoben werden. Nach erfolgloser Mahnung sind Vollstreckungsma\u00dfnahmen mit zus\u00e4tzlichen Pf\u00e4ndungsgeb\u00fchren vorgeschrieben. F\u00fcr jeden angefangenen Monat fallen auch weitere S\u00e4umniszuschl\u00e4ge an.<\/p>\n\n\n\n<p>Sie m\u00f6chten sich in Zukunft den Aufwand und eventuelle Mahngeb\u00fchren sparen? Wenn Sie der Stadtkasse eine Einzugserm\u00e4chtigung erteilen, wird die Forderung zum F\u00e4lligkeitszeitpunkt automatisch eingezogen und keine F\u00e4lligkeit mehr vers\u00e4umt. Die Formulare f\u00fcr die Einzugserm\u00e4chtigung finden Sie auf <a href=\"http:\/\/www.schifferstadt.de\">www.schifferstadt.de<\/a>.<\/p>\n\n\n\n<p><em>Stadtverwaltung Schifferstadt<br>05.11.2021<\/em><\/p>\n\n\n\n<h2 class=\"wp-block-heading\">Gedenkfeier zum Volkstrauertag 2021<\/h2>\n\n\n\n<p>Die j\u00e4hrliche Gedenkversammlung f\u00fcr die Opfer der Weltkriege findet anl\u00e4sslich des Volkstrauertages am <strong>Sonntag, 14. November 2021<\/strong>, um 11:15 Uhr am Kriegerdenkmal auf dem Waldfriedhof Schifferstadt statt.<\/p>\n\n\n\n<p>Die Gedenkansprache von Pfarrer Michael Erlenwein wird vom Chor der MGV Eintracht und der Stadtkapelle musikalisch umrahmt.<\/p>\n\n\n\n<p>Hierzu ist die Bev\u00f6lkerung ganz herzlich eingeladen.<\/p>\n\n\n\n<p>Die Bekanntmachung finden Sie auch auf unserer Homepage <a href=\"www.schifferstadt.de\">www.schifferstadt.de<\/a>.<\/p>\n\n\n\n<p><em>Stadtverwaltung Schifferstadt<br>05.11.2021<\/em><\/p>\n\n\n\n<h2 class=\"wp-block-heading\">Stolpersteinputzaktion und Gedenken am Synagogenstein<\/h2>\n\n\n\n<div class=\"wp-block-image\"><figure class=\"aligncenter size-large\"><img decoding=\"async\" loading=\"lazy\" width=\"800\" height=\"533\" src=\"https:\/\/speyer24news.com\/wp-content\/uploads\/2021\/03\/04-03-2021-Info-Stolpersteine_3.jpg\" alt=\"\" class=\"wp-image-33991\" srcset=\"https:\/\/speyer24news.com\/wp-content\/uploads\/2021\/03\/04-03-2021-Info-Stolpersteine_3.jpg 800w, https:\/\/speyer24news.com\/wp-content\/uploads\/2021\/03\/04-03-2021-Info-Stolpersteine_3-300x200.jpg 300w, https:\/\/speyer24news.com\/wp-content\/uploads\/2021\/03\/04-03-2021-Info-Stolpersteine_3-768x512.jpg 768w\" sizes=\"(max-width: 800px) 100vw, 800px\" \/><\/figure><\/div>\n\n\n\n<p>Im Rahmen der Reihe \u201e1700 Jahre J\u00fcdisches Leben in Deutschland und Schifferstadt\u201c findet am <strong>Dienstag, 9. November<\/strong>, um 12 Uhr die Stolpersteinputzaktion statt. Treffpunkt ist am Alten Rathaus in Schifferstadt.<\/p>\n\n\n\n<p>Das gemeinsame Blank putzen der Steine sowie das Gedenken am Synagogenstein in der Bahnhofstra\u00dfe 52 um 18 Uhr dient als Geste der Erinnerung an die Opfer des Nationalsozialismus.<\/p>\n\n\n\n<p>Au\u00dferdem findet anl\u00e4sslich der Reihe eine Stadtf\u00fchrung zum Thema \u201eJ\u00fcdisches Leben in Speyer\u201c am Samstag, 13. November, um 15 Uhr statt. Im Mittelpunkt der F\u00fchrung steht nicht nur der mittelalterliche Judenhof der SchUM-Gemeinde als UNESCO-Weltkulturerbe mit der bedeutenden Ruine der Synagoge, dem Frauenbetraum und Mikwe (Ritualbad). Auch auf die Gemeinde an sich wird vom 18. Jahrhundert bis zu ihrer Vernichtung aus Biografien j\u00fcdischer Mitb\u00fcrger eingegangen.<\/p>\n\n\n\n<p>Treffpunkt ist hier die Tourist-Information Speyer, Maximilianstra\u00dfe 13. Da die Teilnehmerzahl beschr\u00e4nkt ist, wird um Anmeldung gebeten unter: <a href=\"mailto:stadtmarketing@schifferstadt.de\">stadtmarketing@schifferstadt.de<\/a> oder Tel. 06235 44-126. Die Teilnahme ist kostenlos. Es gibt noch einige wenige Pl\u00e4tze.<\/p>\n\n\n\n<p>Am Sonntag, 14. November, gibt es in Schifferstadt selbst ebenfalls eine Stadtf\u00fchrung zu ausgew\u00e4hlten Stolpersteinen. Schifferstadter Stadtf\u00fchrer informieren \u00fcber die Geschichten hinter den Steinen und den Menschen, f\u00fcr die sie stehen. Anschlie\u00dfend kann die Ausstellung \u201eJ\u00fcdische K\u00f6pfe\u201c im Alten Rathaus besichtigt werden. Eine Anmeldung ist nicht notwendig, die Teilnahme ist kostenlos.<\/p>\n\n\n\n<p>Bei allen Veranstaltungen gelten die aktuellen Corona- und Hygieneregeln. Das bedeutet bei Veranstaltungen, dass in geschlossenen R\u00e4umen der Zugang nur mit Kontakterfassung und Zertifikatskontrolle oder tagesaktuellen Test m\u00f6glich ist.<\/p>\n\n\n\n<p><em>Stadtverwaltung Schifferstadt<br>05.11.2021<\/em><\/p>\n\n\n\n<h2 class=\"wp-block-heading\">Klezmer Quartett Heidelberg spielt in Schifferstadt<\/h2>\n\n\n\n<div class=\"wp-block-image\"><figure class=\"aligncenter size-large\"><img decoding=\"async\" loading=\"lazy\" width=\"600\" height=\"593\" src=\"https:\/\/speyer24news.com\/wp-content\/uploads\/2021\/11\/Klezmer-Quartett.jpg\" alt=\"\" class=\"wp-image-42163\" srcset=\"https:\/\/speyer24news.com\/wp-content\/uploads\/2021\/11\/Klezmer-Quartett.jpg 600w, https:\/\/speyer24news.com\/wp-content\/uploads\/2021\/11\/Klezmer-Quartett-300x297.jpg 300w\" sizes=\"(max-width: 600px) 100vw, 600px\" \/><\/figure><\/div>\n\n\n\n<p>Am <strong>Montag, den 08. November 2021<\/strong> tritt das Klezmer Quartett Heidelberg in der Aula des Paul-von-Denis-Schulzentrums, Neust\u00fcckweg 12, in Schifferstadt auf. Das Konzert beginnt um 19:30 Uhr, der Eintritt ist frei. Kontakterfassung und Kontrolle des Zertifikates (Geimpft, Genesen oder tagesaktuelles Testergebnis) werden vor Ort durchgef\u00fchrt.<\/p>\n\n\n\n<p>Das Klezmer Quartett Heidelberg greift den aktuellen Stil europ\u00e4ischer und amerikanischer Klezmer-Interpreten auf und schafft zugleich die Spielweise der alten Klezmorim aus Osteuropa wieder aufleben zu lassen.<\/p>\n\n\n\n<p>In mehr als 10 Jahren der Zusammenarbeit hat sich die Gruppe ein Repertoire erspielt, das sich zwar vorrangig der Klezmermusik widmet, aber auch \u2013 wie es schon fr\u00fcher bei den Klezmorim \u00fcblich war \u2013 die Musik anderer ethnischer Gruppen integriert. Traditionelle Melodien dienen als Grundlage f\u00fcr eigene weltoffene Arrangements oder als Inspiration f\u00fcr Eigenkompositionen. So klingt in jedem Lied eine eigene Welt an \u2013 mal geht es rau und explosiv zu, im n\u00e4chsten Moment sind es die sanften und z\u00e4rtlichen T\u00f6ne, die die Seele ber\u00fchren.<\/p>\n\n\n\n<p>Es spielen Holger Teichert \u2013 Klarinette, Johannes Stange \u2013 Trompete, J\u00f6rg Teichert \u2013 Gitarre und Gesang, Roland D\u00f6ringer \u2013 Kontrabass.<\/p>\n\n\n\n<p>Die Veranstaltung ist Bestandteil der Reihe \u201e1700 Jahre J\u00fcdisches Leben in Schifferstadt\u201c. Mit den Veranstaltungen will Schifferstadt das Gedenken an die immer wieder erfolgte Diskriminierung und Ausgrenzung j\u00fcdischer Menschen und ihrer Kultur lebendig erhalten und gegen Hass und Diskriminierung sensibilisieren. Die Veranstaltung wird von der Sparkasse Vorderpfalz finanziell unterst\u00fctzt.<\/p>\n\n\n\n<p><em>Stadtverwaltung Schifferstadt<br>05.11.2021<\/em><\/p>\n\n\n\n<h2 class=\"wp-block-heading\">Sammlung f\u00fcr die Kriegsgr\u00e4berf\u00fcrsorge<\/h2>\n\n\n\n<p>Seit 31. Oktober bis 25. November findet wieder die landesweite Sammlung des Volksbundes Deutsche Kriegsgr\u00e4berf\u00fcrsorge statt. Mit den Spenden sollen die Aufwendungen f\u00fcr die Pflege der Kriegsgr\u00e4ber finanziert werden. Aber auch die zukunftsorientierte Jugend-, Schul- und Bildungsarbeit zur Erhaltung eines dauerhaften Friedens ist Aufgabe des Volksbundes.<\/p>\n\n\n\n<p>Aus diesem Grund findet am Freitag, 12.11.2021 zwischen 10 Uhr und 12 Uhr, auf dem Schillerplatz, eine Sammlung statt. B\u00fcrgermeisterin Ilona Volk und der Beigeordnete Hans Schwind bitten um eine Spende. Jeder Beitrag, sei er auch noch so klein, hilft.<\/p>\n\n\n\n<p><em>Stadtverwaltung Schifferstadt<br>05.11.2021<\/em><\/p>\n\n\n\n<h2 class=\"wp-block-heading\">Wasserabstellung auf den Friedh\u00f6fen<\/h2>\n\n\n\n<p>Zur Vermeidung von Frostsch\u00e4den ist seit Donnerstag, 4. November, das Wasser auf den Friedh\u00f6fen abgestellt. Die Friedhofsbesucher werden um Verst\u00e4ndnis gebeten, dass die Wasserentnahmestellen erst wieder im kommenden Fr\u00fchjahr \u2013 nach Ende der Frostperiode \u2013 in Betrieb genommen werden k\u00f6nnen.<\/p>\n\n\n\n<p><em>Stadtverwaltung Schifferstadt<br>05.11.2021<\/em><\/p>\n\n\n\n<h2 class=\"wp-block-heading\">Seniorennachmittag in der Adlerstube<\/h2>\n\n\n\n<p>Am <strong>Dienstag, 16.11.2021<\/strong> um 14 Uhr findet nach langer coronabedingter Pause, das erste Treffen in der Adlerstube statt. Diese werden dann im 14-t\u00e4gigen Rhythmus wiederholt.<\/p>\n\n\n\n<p>Alle Schifferstadter Seniorinnen und Senioren und sind herzlich eingeladen.<\/p>\n\n\n\n<p>Da die Zahl der Teilnehmerinnen und Teilnehmer beschr\u00e4nkt ist, bitten wir um telefonische Anmeldung bei Frau Blesinger (Tel.: 06235 44318) vormittags.<\/p>\n\n\n\n<p>Aufgrund der aktuellen Corona-Situation k\u00f6nnen nur Geimpfte und Genesene teilnehmen und die allgemein g\u00fcltigen Hygieneregeln sind einzuhalten.<\/p>\n\n\n\n<p><em>Stadtverwaltung Schifferstadt<br>05.11.2021<\/em><\/p>\n\n\n\n<h2 class=\"wp-block-heading\">33 Jahre Stadtb\u00fccherei Schifferstadt, digitale Geschenke f\u00fcr die Leser*innen<\/h2>\n\n\n\n<p>Am 2. November feiert die Stadtb\u00fccherei Schifferstadt ihren 33zigsten Geburtstag. Und p\u00fcnktlich zu diesem Jubil\u00e4um hat die Stadtb\u00fccherei Geschenke f\u00fcr Ihre Leserinnen und Leser geordert:<\/p>\n\n\n\n<div class=\"wp-block-image\"><figure class=\"aligncenter size-large\"><img decoding=\"async\" loading=\"lazy\" width=\"534\" height=\"250\" src=\"https:\/\/speyer24news.com\/wp-content\/uploads\/2021\/11\/brockhaus-de-banner-wissen-klick.jpg\" alt=\"\" class=\"wp-image-42159\" srcset=\"https:\/\/speyer24news.com\/wp-content\/uploads\/2021\/11\/brockhaus-de-banner-wissen-klick.jpg 534w, https:\/\/speyer24news.com\/wp-content\/uploads\/2021\/11\/brockhaus-de-banner-wissen-klick-300x140.jpg 300w\" sizes=\"(max-width: 534px) 100vw, 534px\" \/><\/figure><\/div>\n\n\n\n<p>Ab 1.11.2021 sind zwei neue digitale Angebote \u00fcber die B\u00fcchereikarte freigeschaltet. Unter <a href=\"http:\/\/www.brockhaus.de\">www.brockhaus.de<\/a> steht ein umfangreiches Rechercheportal mit zus\u00e4tzlichen Kursangeboten zur Verf\u00fcgung. Mit der Brockhaus Enzyklop\u00e4die f\u00fcr Erwachsene und dem Jugend- und Kinderlexikon ist ein Zugriff auf den umfassendsten redaktionell betreuten lexikalischen Bestand im deutschsprachigen Raum gegeben. Und das rund um die Uhr auf jedem Endger\u00e4t via Browser oder \u00fcber die App. Au\u00dferdem beinhaltet das Angebot die Online-Kurse \u201eSicher im Web f\u00fcr Jugendliche\u201c und \u201eFit im Internet f\u00fcr Erwachsene\u201c. F\u00fcr Sch\u00fcler wird zus\u00e4tzlich ein Sch\u00fclertraining f\u00fcr die Klassen 5- 10 in den F\u00e4chern Deutsch, Franz\u00f6sisch, Englisch, Latein und Mathematik angeboten. F\u00fcr die Klimadiskussion in der heutigen Zeit ist auch das Wissensportal \u201eKlima der Welt\u201c sehr hilfreich. Es wird erstellt in Zusammenarbeit mit zwei bekannten und international anerkannten schwedischen Klimaforschern.<\/p>\n\n\n\n<div class=\"wp-block-image\"><figure class=\"aligncenter size-large\"><img decoding=\"async\" loading=\"lazy\" width=\"600\" height=\"600\" src=\"https:\/\/speyer24news.com\/wp-content\/uploads\/2021\/11\/tigerbooks_icon_rund.png\" alt=\"\" class=\"wp-image-42160\" srcset=\"https:\/\/speyer24news.com\/wp-content\/uploads\/2021\/11\/tigerbooks_icon_rund.png 600w, https:\/\/speyer24news.com\/wp-content\/uploads\/2021\/11\/tigerbooks_icon_rund-300x300.png 300w, https:\/\/speyer24news.com\/wp-content\/uploads\/2021\/11\/tigerbooks_icon_rund-150x150.png 150w\" sizes=\"(max-width: 600px) 100vw, 600px\" \/><\/figure><\/div>\n\n\n\n<p>Und Kinder d\u00fcrfen sich auf die App Tigerbooks freuen: In der App stehen \u00fcber 8.000 eMedien f\u00fcr Kinder zwischen ca. zwei und zehn Jahren zur Verf\u00fcgung, darunter eBooks zum Selbstlesen, H\u00f6rb\u00fccher, H\u00f6rspiele und Kinderlieder sowie Bilderb\u00fccher. In der Kategorie \u201eTigerbooks\u201c finden sich zudem auch Bilderb\u00fccher mit Vorlesefunktion, Animationen, zus\u00e4tzlichen Lern- und Lesespielen und Audiorekorder zum Aufnehmen. Viele beliebte Figuren aus den gedruckten B\u00fcchern erwachen zum Leben, darunter Conni, Bibi &amp; Tina, Yakari, das Sams, der Regenbogenfisch, die kleine Raupe Nimmersatt, Prinzessin Lilifee, Pettersson &amp; Findus und die Olchis. F\u00fcr die Qualit\u00e4t der Inhalte stehen Kinderbuchverlage wie Oetinger, Ravensburger, Carlsen oder Kiddinx. Die App ist kindersicher, werbefrei und bietet keine Kaufm\u00f6glichkeiten und -anreize. Da die digitalen Kinderb\u00fccher online oder offline genutzt werden k\u00f6nnen, ist Tigerbooks auch ideal f\u00fcr unterwegs und kann auf bis zu drei Ger\u00e4ten gleichzeitig genutzt werden. Die kostenlose App gibt es f\u00fcr Mobilger\u00e4te bei Google Play oder im Apple AppStore. F\u00fcr die Anmeldung klickt man \u201eBibliotheks-Log-in\u201c an, w\u00e4hlt das Bundesland Rheinland-Pfalz und den Ort der Heimatbibliothek aus und loggt sich dann mit Nummer und Passwort des B\u00fcchereiausweises ein.<\/p>\n\n\n\n<div class=\"wp-block-image\"><figure class=\"aligncenter size-large\"><img decoding=\"async\" loading=\"lazy\" width=\"400\" height=\"400\" src=\"https:\/\/speyer24news.com\/wp-content\/uploads\/2021\/11\/qrcode_Android.png\" alt=\"\" class=\"wp-image-42161\" srcset=\"https:\/\/speyer24news.com\/wp-content\/uploads\/2021\/11\/qrcode_Android.png 400w, https:\/\/speyer24news.com\/wp-content\/uploads\/2021\/11\/qrcode_Android-300x300.png 300w, https:\/\/speyer24news.com\/wp-content\/uploads\/2021\/11\/qrcode_Android-150x150.png 150w\" sizes=\"(max-width: 400px) 100vw, 400px\" \/><figcaption>QR Code f\u00fcr Android<\/figcaption><\/figure><\/div>\n\n\n\n<div class=\"wp-block-image\"><figure class=\"aligncenter size-large\"><img decoding=\"async\" loading=\"lazy\" width=\"400\" height=\"400\" src=\"https:\/\/speyer24news.com\/wp-content\/uploads\/2021\/11\/qrcode_iOS.png\" alt=\"\" class=\"wp-image-42162\" srcset=\"https:\/\/speyer24news.com\/wp-content\/uploads\/2021\/11\/qrcode_iOS.png 400w, https:\/\/speyer24news.com\/wp-content\/uploads\/2021\/11\/qrcode_iOS-300x300.png 300w, https:\/\/speyer24news.com\/wp-content\/uploads\/2021\/11\/qrcode_iOS-150x150.png 150w\" sizes=\"(max-width: 400px) 100vw, 400px\" \/><figcaption>QR Code f\u00fcr IOS<\/figcaption><\/figure><\/div>\n\n\n\n<p>Das Team der Stadtb\u00fccherei w\u00fcnscht viel Freude mit den neuen Angeboten.<\/p>\n\n\n\n<p><em>Stadtverwaltung Schifferstadt<br>05.11.2021<\/em><\/p>\n\n\n\n<h2 class=\"wp-block-heading\">Sitzung des Seniorenbeirats<\/h2>\n\n\n\n<p>Am <strong>Donnerstag, 11. November<\/strong> findet um 9.15 Uhr die 16. Sitzung des Seniorenbeirats der Stadt Schifferstadt in der Adlerstube statt.<\/p>\n\n\n\n<p>Interessierte B\u00fcrgerinnen und B\u00fcrger sind besonders herzlich eingeladen, da sich der Beirat in der Sitzung auch um neu zu planende Aktivit\u00e4ten, wie die Teilnahme am Deutschen Seniorentag oder die Vorbereitung zum Forum \u201eGut \u00c4lterwerden in Schifferstadt \u2013 Alter hat Zukunft\u201c uvm. austauschen m\u00f6chte. Es gilt die 3G Regel, bitte Nachweise mitbringen.<\/p>\n\n\n\n<p><em>Stadtverwaltung Schifferstadt<br>05.11.2021<\/em><\/p>\n\n\n\n<h2 class=\"wp-block-heading\">Ausstellung \u201eJ\u00fcdische K\u00f6pfe\u201c im Alten Rathaus<\/h2>\n\n\n\n<p>Bis einschlie\u00dflich Sonntag, 21. November werden im ersten Obergeschoss des Alten Rathauses Portraits j\u00fcdischer K\u00fcnstlerinnen und K\u00fcnstler des 20. Jahrhunderts gezeigt. Die Ausstellung ist donnerstags von 16 bis 18 Uhr sowie samstags und sonntags, jeweils von 11 bis 16 Uhr, kostenfrei zug\u00e4nglich. Zu den \u00d6ffnungszeiten gilt die 3G-Regel \u2013 Geimpfte, Genesene und Getestete haben Zugang zur Ausstellung. Es gilt die Maskenpflicht. Die Kontaktdaten werden via Luca-App oder in Papierform erfasst.<\/p>\n\n\n\n<p>Ob als Schriftsteller, Bildende K\u00fcnstler, Theater- und Musikschaffende, Philosophen oder auch als M\u00e4zene und Sammler waren Juden jahrzehntelang tragende S\u00e4ulen des Kulturbetriebs in Deutschland. Mit dem Machtantritt der Nationalsozialisten im Jahr 1933 wurden sie jedoch entrechtet, verfolgt, vertrieben oder sogar ermordet.<\/p>\n\n\n\n<p>Die Schifferstadter Ausstellung mit Zeichnungen und Skulpturen aus internationalen Privatsammlungen arbeitet diesen Kulturbruch auf und will die j\u00fcdischen Protagonistinnen und Protagonisten des kulturellen Lebens in unserem Land in Erinnerung zu rufen.<\/p>\n\n\n\n<p>Neben hervorstechenden j\u00fcdischen Pers\u00f6nlichkeiten der damaligen Zeit wie Max Liebermann, Ludwig Meidner und Hermann Struck, die mit Kunstwerken oder durch ihre Darstellungen im Portr\u00e4t vertreten sein werden, zeigt die Ausstellung auch die Werke moderner Kunstschaffender, wie etwa Alfred Hrdlicka, Georg Eisler und Thomas Duttenhoefer. So entsteht ein Panorama des einstmaligen von Juden an vorderster Stelle gepr\u00e4gten Kulturlebens in Deutschland.<\/p>\n\n\n\n<p><em>Stadtverwaltung Schifferstadt<br>05.11.2021<\/em><\/p>\n\n\n\n<h2 class=\"wp-block-heading\">Schmagges-Gutscheine f\u00fcr sechs Heimat shoppen-Lose<\/h2>\n\n\n\n<div class=\"wp-block-image\"><figure class=\"aligncenter size-large\"><img decoding=\"async\" loading=\"lazy\" width=\"500\" height=\"666\" src=\"https:\/\/speyer24news.com\/wp-content\/uploads\/2021\/11\/Gewinnerziehung02.jpg\" alt=\"\" class=\"wp-image-42157\" srcset=\"https:\/\/speyer24news.com\/wp-content\/uploads\/2021\/11\/Gewinnerziehung02.jpg 500w, https:\/\/speyer24news.com\/wp-content\/uploads\/2021\/11\/Gewinnerziehung02-225x300.jpg 225w\" sizes=\"(max-width: 500px) 100vw, 500px\" \/><figcaption>B\u00fcrgermeisterin Ilona Volk und Schmagges-Gesch\u00e4ftsf\u00fchrerin Katrin Pardall beim auslosen.<\/figcaption><\/figure><\/div>\n\n\n\n<p>\u00dcber Gutscheine im Wert von je 50 Euro d\u00fcrfen sich die sechs Gewinner der Heimat shoppen-Losaktion freuen. Die Gl\u00fccksfeen, B\u00fcrgermeisterin Ilona Volk und Schmagges-Gesch\u00e4ftsf\u00fchrerin Katrin Pardall, haben am Dienstag (12.10.21) folgende Nummern aus der Lostrommel gezogen:<\/p>\n\n\n\n<ul><li>102575<\/li><li>103698<\/li><li>103704<\/li><li>103739<\/li><li>104243<\/li><li>107907<\/li><\/ul>\n\n\n\n<p>Ihre Nummer ist dabei? Dann melden Sie sich bitte bis zum 6. November 2021 beim Stadtmarketing (Stadtverwaltung Schifferstadt, Marktplatz 2, <a href=\"mailto:stadtmarketing@schifferstadt.de\">stadtmarketing@schifferstadt.de<\/a>) und bringen Sie zur Abholung Ihres Gewinns das passendes Gegenst\u00fcck des Loses mit.\u00a0<\/p>\n\n\n\n<div class=\"wp-block-image\"><figure class=\"aligncenter size-large\"><img decoding=\"async\" loading=\"lazy\" width=\"800\" height=\"727\" src=\"https:\/\/speyer24news.com\/wp-content\/uploads\/2021\/11\/Gewinnerziehung01.jpg\" alt=\"\" class=\"wp-image-42158\" srcset=\"https:\/\/speyer24news.com\/wp-content\/uploads\/2021\/11\/Gewinnerziehung01.jpg 800w, https:\/\/speyer24news.com\/wp-content\/uploads\/2021\/11\/Gewinnerziehung01-300x273.jpg 300w, https:\/\/speyer24news.com\/wp-content\/uploads\/2021\/11\/Gewinnerziehung01-768x698.jpg 768w\" sizes=\"(max-width: 800px) 100vw, 800px\" \/><figcaption>Die 6 Gewinnerlose wurden gezogen.<\/figcaption><\/figure><\/div>\n\n\n\n<h4 class=\"wp-block-heading\">Losaktion zum Heimat shoppen<\/h4>\n\n\n\n<p>Wer lokal einkauft, unterst\u00fctzt die Betriebe vor Ort. Das wollte die Stadtverwaltung zusammen mit der Schifferstadt Marketing-Gemeinschaft e.V. \u201eSchmagges\u201c belohnen. W\u00e4hrend den zweieinhalb Wochen \u201eHeimat shoppen\u201c im September gab es deshalb bei rund 30 Schifferstadter Gesch\u00e4ften ab einem Einkaufswert von zehn Euro ein Los dazu. \u201eWir sind richtig begeistert, wie viele Lose zusammengekommen sind \u2013 das zeigt wie wichtig der Einzelhandel vor Ort ist\u201c, freut sich Volk, \u201eein gro\u00dfes Danksch\u00f6n geht an alle teilnehmenden Betriebe und den gl\u00fccklichen Gewinnern unserer Los-Aktion w\u00fcnsche ich viel Spa\u00df beim Heimatshoppen mit ihren Schmagges-Gutscheinen!\u201c<\/p>\n\n\n\n<p><em>Stadtverwaltung Schifferstadt<br>05.11.2021<\/em><\/p>\n\n\n\n<h2 class=\"wp-block-heading\">20 Gruppen sammeln rund f\u00fcnf Kubikmeter M\u00fcll<\/h2>\n\n\n\n<h3 class=\"wp-block-heading\">Res\u00fcmee zur Aktion \u201eSauberes Schifferstadt\u201c<\/h3>\n\n\n\n<div class=\"wp-block-image\"><figure class=\"aligncenter size-large\"><img decoding=\"async\" loading=\"lazy\" width=\"600\" height=\"600\" src=\"https:\/\/speyer24news.com\/wp-content\/uploads\/2021\/11\/Collage-Sauberes-Schifferstadt.jpg\" alt=\"\" class=\"wp-image-42154\" srcset=\"https:\/\/speyer24news.com\/wp-content\/uploads\/2021\/11\/Collage-Sauberes-Schifferstadt.jpg 600w, https:\/\/speyer24news.com\/wp-content\/uploads\/2021\/11\/Collage-Sauberes-Schifferstadt-300x300.jpg 300w, https:\/\/speyer24news.com\/wp-content\/uploads\/2021\/11\/Collage-Sauberes-Schifferstadt-150x150.jpg 150w\" sizes=\"(max-width: 600px) 100vw, 600px\" \/><\/figure><\/div>\n\n\n\n<p>Von der Kita, \u00fcber die Parteien bis hin zu den J\u00e4gern \u2013 von Donnerstag, 30. September bis Samstag, 2. Oktober waren knapp 20 Gruppen aus engagierten B\u00fcrgerinnen und B\u00fcrgern f\u00fcr die Aktion \u201eSauberes Schifferstadt\u201c unterwegs. Gemeinsam sammelten sie rund f\u00fcnf Kubikmeter Abfall. Anschlie\u00dfend durften sie sich \u00fcber eine St\u00e4rkung in der Waldfesthalle \u2013 bereitgestellt vom MGV 1854 e.V. \u2013 inklusive einer Ausstellung mit Werken von Kita- und Schulkinder freuen. &nbsp;<\/p>\n\n\n\n<p>Knapp 20 Millionen Tonnen Abfall landeten 2018 in den 719 Entsorgungsanlagen in Rheinland-Pfalz \u2013 das sind 5,3% mehr als noch 2007. Ein noch viel gr\u00f6\u00dferes Problem ist der M\u00fcll, der nicht in die Entsorgung geht, sondern in der Natur oder auch mitten im Stadtgebiet abgelegt wird. Genau hier setzt die Aktion \u201eSauberes Schifferstadt\u201c an. M\u00fclls\u00e4cke gibt es dabei kostenfrei im Rathaus oder beim Bauhof. Die prall gef\u00fcllten S\u00e4cke sammelte der Stadtservice ein.<\/p>\n\n\n\n<div class=\"wp-block-image\"><figure class=\"aligncenter size-large\"><img decoding=\"async\" loading=\"lazy\" width=\"800\" height=\"600\" src=\"https:\/\/speyer24news.com\/wp-content\/uploads\/2021\/11\/Sessel-am-Bahnweiher.jpg\" alt=\"\" class=\"wp-image-42155\" srcset=\"https:\/\/speyer24news.com\/wp-content\/uploads\/2021\/11\/Sessel-am-Bahnweiher.jpg 800w, https:\/\/speyer24news.com\/wp-content\/uploads\/2021\/11\/Sessel-am-Bahnweiher-300x225.jpg 300w, https:\/\/speyer24news.com\/wp-content\/uploads\/2021\/11\/Sessel-am-Bahnweiher-768x576.jpg 768w, https:\/\/speyer24news.com\/wp-content\/uploads\/2021\/11\/Sessel-am-Bahnweiher-678x509.jpg 678w, https:\/\/speyer24news.com\/wp-content\/uploads\/2021\/11\/Sessel-am-Bahnweiher-326x245.jpg 326w, https:\/\/speyer24news.com\/wp-content\/uploads\/2021\/11\/Sessel-am-Bahnweiher-80x60.jpg 80w\" sizes=\"(max-width: 800px) 100vw, 800px\" \/><\/figure><\/div>\n\n\n\n<p>Ob an den B\u00e4chen im Neubaugebiet, am Schwanenweiher oder am Ranschgraben \u2013 in diesem Jahr stand die Aktion \u201eSauberes Schifferstadt\u201c ganz im Zeichen der Gew\u00e4sser. Passend dazu haben Kindergarten- und Sch\u00fclergruppen Poster, Fotos und Zeichnungen angefertigt und in der Waldfesthalle pr\u00e4sentiert. \u201eEs ist toll zu sehen, dass auch wir Erwachsenen von den Kindern lernen k\u00f6nnen\u201c, freut sich die Erste Beigeordnete Ulla Behrendt-Roden. Sie selbst unterst\u00fctzte die flei\u00dfigen Sammlerinnen und Sammler am Schwanenweiher. Neben Schnapsflaschen und Plastikm\u00fcll sei sogar ein Sessel unter den Fundst\u00fccken gewesen.<\/p>\n\n\n\n<p>Zwei S\u00e4cke in zehn Minuten \u2013 auch B\u00fcrgermeisterin Ilona Volk packte kr\u00e4ftig mit an: \u201eEs ist ersch\u00fctternd zu sehen, wie viel M\u00fcll liegenbleibt.\u201c Vor allem \u00fcber die zahllosen Kippenstummel unter den Sitzb\u00e4nken habe sie sich ge\u00e4rgert. \u201eWieviel jeder einzelne raucht, bleibt ihm selbst \u00fcberlassen, aber es gibt keinen Grund, den M\u00fcll danach \u00fcberall liegen zu lassen\u201c, findet Volk. Doch sie sieht auch Positives: \u201eEs ist sch\u00f6n, dass auch in diesem Jahr wieder so viele Schifferstadterinnen und Schifferstadter zusammengekommen sind, um unsere Stadt sauberer und zu machen.\u201c<\/p>\n\n\n\n<div class=\"wp-block-image\"><figure class=\"aligncenter size-large\"><img decoding=\"async\" loading=\"lazy\" width=\"500\" height=\"680\" src=\"https:\/\/speyer24news.com\/wp-content\/uploads\/2021\/11\/Ilona-Volk-Sauberes-Schifferstadt.jpg\" alt=\"\" class=\"wp-image-42156\" srcset=\"https:\/\/speyer24news.com\/wp-content\/uploads\/2021\/11\/Ilona-Volk-Sauberes-Schifferstadt.jpg 500w, https:\/\/speyer24news.com\/wp-content\/uploads\/2021\/11\/Ilona-Volk-Sauberes-Schifferstadt-221x300.jpg 221w\" sizes=\"(max-width: 500px) 100vw, 500px\" \/><\/figure><\/div>\n\n\n\n<p><strong>Meldoo<\/strong><\/p>\n\n\n\n<p>Die Aktion \u201eSauberes Schifferstadt\u201c ist zwar vorbei, wer aber weiter Handlungsbedarf sieht, kann \u00fcber die kostenfreie App \u201eMeldoo\u201c illegale M\u00fcllablagestellen ans Ordnungsamt melden: Einfach ein Foto von der Stelle machen, dann per Klick den Standort angeben und schlie\u00dflich die passende Schadenskategorie aus einer Liste ausw\u00e4hlen. Der Vorteil dabei ist, dass die Information direkt an den zust\u00e4ndigen Verwaltungsmitarbeiter geleitet wird.<\/p>\n\n\n\n<p><em>Stadtverwaltung Schifferstadt<br>05.11.2021<\/em><\/p>\n\n\n\n<h2 class=\"wp-block-heading\">B\u00fcrgermeisterin Ilona Volk \u00fcbernimmt den Vorsitz von \u201eSchmagges\u201c <\/h2>\n\n\n\n<div class=\"wp-block-image\"><figure class=\"aligncenter size-large\"><img decoding=\"async\" loading=\"lazy\" width=\"800\" height=\"600\" src=\"https:\/\/speyer24news.com\/wp-content\/uploads\/2021\/11\/Verabschiedung-Schleicher-Frank.jpg\" alt=\"\" class=\"wp-image-42153\" srcset=\"https:\/\/speyer24news.com\/wp-content\/uploads\/2021\/11\/Verabschiedung-Schleicher-Frank.jpg 800w, https:\/\/speyer24news.com\/wp-content\/uploads\/2021\/11\/Verabschiedung-Schleicher-Frank-300x225.jpg 300w, https:\/\/speyer24news.com\/wp-content\/uploads\/2021\/11\/Verabschiedung-Schleicher-Frank-768x576.jpg 768w, https:\/\/speyer24news.com\/wp-content\/uploads\/2021\/11\/Verabschiedung-Schleicher-Frank-678x509.jpg 678w, https:\/\/speyer24news.com\/wp-content\/uploads\/2021\/11\/Verabschiedung-Schleicher-Frank-326x245.jpg 326w, https:\/\/speyer24news.com\/wp-content\/uploads\/2021\/11\/Verabschiedung-Schleicher-Frank-80x60.jpg 80w\" sizes=\"(max-width: 800px) 100vw, 800px\" \/><\/figure><\/div>\n\n\n\n<p>Bei der j\u00fcngsten Mitgliederversammlung der Schifferstadt-Marketing-Gemeinschaft \u201eSchmagges\u201c e.V. wurde satzungsgem\u00e4\u00df B\u00fcrgermeisterin Ilona Volk zur ersten Vorsitzenden gew\u00e4hlt. Sie \u00fcbernimmt damit kommissarisch den Vorsitz von Marion Schleicher-Frank, die krankheitsbedingt k\u00fcrzertreten wollte.<\/p>\n\n\n\n<p>Dem Vorstand geh\u00f6ren f\u00fcr die n\u00e4chsten zwei Jahre zudem Gabi Mirgeler (Bilderhaus Gabi Mirgeler) als zweite Vorsitzende, Jan Slotman (Th\u00fcga Energie Gmbh) als Schriftf\u00fchrer, Axel Schellenberger (Vereinigte Volksbank Kur- und Rheinpfalz) als Kassenwart und Kornelia Gl\u00fcck (Kosmetikstudio Amethyst) als Beisitzerin an. Marion Schleicher-Frank (Schleicher Immobilien) bleibt dem Verein als Beisitzerin erhalten.<\/p>\n\n\n\n<p>Ilona Volk dankte Marion Schleicher-Frank f\u00fcr die jahrelange intensive Arbeit f\u00fcr die Gewerbetreibenden in Schifferstadt. \u201eMit gro\u00dfartigem Engagement hat Marion Schleicher-Frank immer ein offenes Ohr f\u00fcr den \u00f6rtlichen Handel gehabt und war ein hervorragendes Bindeglied zwischen Gewerbe und Verwaltung\u201c, so Volk.<\/p>\n\n\n\n<p>Als besondere H\u00f6hepunkte bezeichnet Schleicher-Frank die Podiumsdiskussion mit den B\u00fcrgermeisterkandidaten im Jahr 2019, die enge Zusammenarbeit mit der Verwaltung, die erfolgreiche Umsetzung des Einkaufsgutscheins sowie die Zusammenarbeit mit dem Bund der Selbstst\u00e4ndigen, dem Schmagges vor einigen Jahren beigetreten ist.<\/p>\n\n\n\n<p>\u201eDie aktuelle L\u00f6sung ist eine kommissarische \u00dcbergangsl\u00f6sung, damit wir den Verein aufrechterhalten konnten\u201c, so Ilona Volk. Um den Verein zukunftsf\u00e4hig aufzustellen, wird eine Vorsitzende bzw. ein Vorsitzender aus den Reihen der Gewerbebetriebe gesucht, um die Interessen, W\u00fcnsche und N\u00f6te aus dem Gewerbe umzusetzen und an die Verwaltung zu kommunizieren. Wer Interesse hat, sollte sich unbedingt unter <a href=\"mailto:info@schmagges.de\">info@schmagges.de<\/a> melden.<\/p>\n\n\n\n<p><em>Stadtverwaltung Schifferstadt<br>05.11.2021<\/em><\/p>\n\n\n\n<h2 class=\"wp-block-heading\">42 Teams radelten gemeinsam f\u00fcr gutes Klima<\/h2>\n\n\n\n<h3 class=\"wp-block-heading\">Res\u00fcmee zum STADTRADELN 2021<\/h3>\n\n\n\n<div class=\"wp-block-image\"><figure class=\"aligncenter size-large\"><img decoding=\"async\" loading=\"lazy\" width=\"800\" height=\"613\" src=\"https:\/\/speyer24news.com\/wp-content\/uploads\/2021\/11\/Stadtradeln-Team.jpg\" alt=\"\" class=\"wp-image-42152\" srcset=\"https:\/\/speyer24news.com\/wp-content\/uploads\/2021\/11\/Stadtradeln-Team.jpg 800w, https:\/\/speyer24news.com\/wp-content\/uploads\/2021\/11\/Stadtradeln-Team-300x230.jpg 300w, https:\/\/speyer24news.com\/wp-content\/uploads\/2021\/11\/Stadtradeln-Team-768x588.jpg 768w, https:\/\/speyer24news.com\/wp-content\/uploads\/2021\/11\/Stadtradeln-Team-80x60.jpg 80w\" sizes=\"(max-width: 800px) 100vw, 800px\" \/><figcaption>v.l.: Der st\u00e4dtische Radfahrer- und Fu\u00dfg\u00e4ngerbeauftragte Martin Moritz, B\u00fcrgermeisterin Ilona Volk und der st\u00e4dtische Klimaschutzmanager Felix Herrmann<\/figcaption><\/figure><\/div>\n\n\n\n<p>448 Schifferstadterinnen und Schifferstadter haben sich f\u00fcr die Aktion STADTRADELN vom 6. bis einschlie\u00dflich 26. September auf ihre Fahrr\u00e4der geschwungen und gemeinsam in insgesamt 42 Teams sagenhafte 91.686 Kilometer erstrampelt. Damit blieben sie nur knapp unter dem Vorjahresergebnis. Sie d\u00fcrfen sich \u00fcber die grandiose CO2-Ersparnis von 13 Tonnen freuen.<\/p>\n\n\n\n<p>Das Paul-von-Denis-Gymnasiums hatte in der Team-Wertung die Nase vorne. Zusammen kommen die knapp 100 Radlerinnen und Radler auf 17.164 Kilometer und toppen damit ihr Ergebnis aus dem letzten Jahr. Fast genauso viele Kilometer \u2013 n\u00e4mlich 14.510 \u2013 konnte das 80-k\u00f6pfige Team Sportabzeichen erradeln.<\/p>\n\n\n\n<p>Spitzenreiter in der Einzelwertung sind \u2013 auf Platz 1 \u2013 Sebastian Seitel von den \u201eFirefighters\u201c mit herausragenden 1.677 gefahrenen Kilometern und \u2013 auf Platz 2 und ganz knapp hintendran \u2013 mit 1.660,1 km ein Mitglied aus dem Team \u201eOldies60 plus\u201c. Auf Platz 3 landete J\u00fcrgen Basler von den \u201eVierkantjunkies\u201c mit 1.404 km.<\/p>\n\n\n\n<p>\u201eAuch, wenn wir dieses Jahr weniger Teilnehmende als im Vorjahr verzeichneten, konnten wir unser Ergebnis fast halten\u201c, freut sich B\u00fcrgermeisterin Ilona Volk. \u201eIch bin sehr stolz, dass so viele so leidenschaftlich f\u00fcr den Klimaschutz in die Pedale getreten sind.\u201c Ein gro\u00dfes Dankesch\u00f6n gehe auch an die Sponsoren der STADTRADEL-P\u00e4ckchen. Zum STADTRADELN-Startschuss am Samstag, 11. September hatte Volk auf dem Rathausvorplatz P\u00e4ckchen mit allem, was man f\u00fcr eine gelungene Radtour gebrauchen kann, ausgegeben. \u201eDie Er\u00f6ffnungstour auf dem Schifferstadter Radrundweg war trotz eines ausgiebigen Regenschauers eine gelungene Auftaktveranstaltung, Klein und Gro\u00df konnten wir mit unseren P\u00e4ckchen eine Freude bereiten und sie so f\u00fcr die n\u00e4chste Radtour motivieren.\u201c<\/p>\n\n\n\n<p><strong>STADTRADELN<\/strong><\/p>\n\n\n\n<p>Seit 2008 schwingen sich Kommunalpolitiker*innen und B\u00fcrger*innen f\u00fcr Klima- und Umweltschutz aufs Fahrrad. 2021 war Schifferstadt zum dritten Mal mit von der Partie. In diesem Zeitraum konnten alle, die in Schifferstadt leben, arbeiten, einem Verein angeh\u00f6ren oder eine Schule besuchen, bei der Kampagne STADTRADELN des Klima-B\u00fcndnis mitmachen und m\u00f6glichst viele Radkilometer sammeln. 2019 hat Schifferstadt erstmals am STADTRADELN teilgenommen.<\/p>\n\n\n\n<p><em>Stadtverwaltung Schifferstadt<br>05.11.2021<\/em><\/p>\n\n\n\n<h1 class=\"has-text-align-center wp-block-heading\">Volkshochschule (VHS) Schifferstadt<\/h1>\n\n\n\n<div class=\"wp-block-image\"><figure class=\"aligncenter size-large\"><img decoding=\"async\" loading=\"lazy\" width=\"640\" height=\"295\" src=\"https:\/\/speyer24news.com\/wp-content\/uploads\/2020\/03\/VHS-1.png\" alt=\"\" class=\"wp-image-25692\" srcset=\"https:\/\/speyer24news.com\/wp-content\/uploads\/2020\/03\/VHS-1.png 640w, https:\/\/speyer24news.com\/wp-content\/uploads\/2020\/03\/VHS-1-300x138.png 300w\" sizes=\"(max-width: 640px) 100vw, 640px\" \/><\/figure><\/div>\n\n\n\n<h2 class=\"wp-block-heading\">Vorbereitung auf die Abiturpr\u00fcfung Mathematik (Leistungskurs mit WTR)<\/h2>\n\n\n\n<p>Am <strong>Samstag, 06. November 2021<\/strong> beginnt um 09:00 Uhr der Kurs \u201eVorbereitung auf die Abiturpr\u00fcfung Mathematik (Leistungskurs mit WTR)\u201c im Schifferstadter vhs-Bildungszentrum, Neust\u00fcckweg 2. Der Kurs findet an zwei Wochenenden jeweils Samstag und Sonntag von 09:00 Uhr bis 13:00 Uhr statt.<\/p>\n\n\n\n<p>Der Kurs richtet sich an Sch\u00fclerinnen und Sch\u00fcler allgemeinbildender Gymnasien, die ihre Chancen auf ein gutes Mathematikabitur verbessern wollen. Er soll &#8211; kurz vor der Abiturpr\u00fcfung &#8211; entstandene L\u00fccken schlie\u00dfen und bestehendes Wissen festigen. Durch die ausf\u00fchrliche Bearbeitung fr\u00fcherer Abitur- und pr\u00fcfungs\u00e4hnlicher Aufgaben wird eine zus\u00e4tzliche Sicherheit geschaffen, die es erm\u00f6glicht, die schriftliche Pr\u00fcfung besser zu absolvieren.<\/p>\n\n\n\n<p>Der Kurs wird schwerpunktm\u00e4\u00dfig das zentral gestellte Thema Analysis (mit WTR) behandeln. Inhalte der Analysis sind ganzrationale und gebrochenrationale Funktionen, trigonometrische Funktionen, Exponentialfunktionen, erweiterte Differential- und Integralrechnung, Produktregel, Kettenregel, Quotientenregel, Funktionsuntersuchungen mit Nullstellen, Monotonie, Extremstellen, Wendestellen, Tangenten, Symmetrie, Fl\u00e4chenberechnungen, Integralfunktion, unbegrenzte Fl\u00e4chen, Mittelwerte von Funktionen, Rotationsvolumen&#8230;<\/p>\n\n\n\n<p>Weitere Kursinhalte sind die Grundlagen der Stochastik und der Geometrie \/ lineare Algebra. Je nach Bedarf und Zusammensetzung des Kurses k\u00f6nnen die Wahlpflicht-Themen der Pr\u00fcfung auch st\u00e4rker eingebunden werden.<\/p>\n\n\n\n<p>Anmeldungen sind online unter <a href=\"http:\/\/www.vhs-rpk.de\">www.vhs-rpk.de<\/a> m\u00f6glich. F\u00fcr weitere Informationen k\u00f6nnen sich Interessierte bei der Stadtverwaltung Schifferstadt vormittags unter der Telefonnummer 06235\/44302 oder 44305 melden.<\/p>\n\n\n\n<p><em>Stadtverwaltung Schifferstadt \/ VHS Schifferstadt<br>05.11.2021<\/em><\/p>\n","protected":false},"excerpt":{"rendered":"<div class=\"mh-excerpt\"><p>10-j\u00e4hriges Jubil\u00e4um der Kita am Wald Die Kindertagest\u00e4tte am Wald feierte am 17. Oktober 2021 ihr 10-j\u00e4hriges Jubil\u00e4um. Mit Kindercocktail, Luftballons, vielen lustigen Spielen und einer Geburtstagstorte in Form einer \u201e10\u201c wurde bei gro\u00dfartigem Wetter <a class=\"mh-excerpt-more\" href=\"https:\/\/speyer24news.com\/?p=42151\" title=\"Schifferstadt\">[&#8230;]<\/a><\/p>\n<\/div>","protected":false},"author":3,"featured_media":25696,"comment_status":"open","ping_status":"open","sticky":false,"template":"","format":"standard","meta":{"_monsterinsights_skip_tracking":false,"_monsterinsights_sitenote_active":false,"_monsterinsights_sitenote_note":"","_monsterinsights_sitenote_category":0,"footnotes":""},"categories":[126],"tags":[2297,13259,13258,2233,13256,13252,6901,6900,13250,10014,13254,13255,4209,6321,127,4106,5224,3890,13257,5563,5665,1221,12302,2223,1521,459,2582,13251],"aioseo_notices":[],"amp_enabled":true,"_links":{"self":[{"href":"https:\/\/speyer24news.com\/index.php?rest_route=\/wp\/v2\/posts\/42151"}],"collection":[{"href":"https:\/\/speyer24news.com\/index.php?rest_route=\/wp\/v2\/posts"}],"about":[{"href":"https:\/\/speyer24news.com\/index.php?rest_route=\/wp\/v2\/types\/post"}],"author":[{"embeddable":true,"href":"https:\/\/speyer24news.com\/index.php?rest_route=\/wp\/v2\/users\/3"}],"replies":[{"embeddable":true,"href":"https:\/\/speyer24news.com\/index.php?rest_route=%2Fwp%2Fv2%2Fcomments&post=42151"}],"version-history":[{"count":1,"href":"https:\/\/speyer24news.com\/index.php?rest_route=\/wp\/v2\/posts\/42151\/revisions"}],"predecessor-version":[{"id":42168,"href":"https:\/\/speyer24news.com\/index.php?rest_route=\/wp\/v2\/posts\/42151\/revisions\/42168"}],"wp:featuredmedia":[{"embeddable":true,"href":"https:\/\/speyer24news.com\/index.php?rest_route=\/wp\/v2\/media\/25696"}],"wp:attachment":[{"href":"https:\/\/speyer24news.com\/index.php?rest_route=%2Fwp%2Fv2%2Fmedia&parent=42151"}],"wp:term":[{"taxonomy":"category","embeddable":true,"href":"https:\/\/speyer24news.com\/index.php?rest_route=%2Fwp%2Fv2%2Fcategories&post=42151"},{"taxonomy":"post_tag","embeddable":true,"href":"https:\/\/speyer24news.com\/index.php?rest_route=%2Fwp%2Fv2%2Ftags&post=42151"}],"curies":[{"name":"wp","href":"https:\/\/api.w.org\/{rel}","templated":true}]}}