{"id":42227,"date":"2021-11-08T09:31:17","date_gmt":"2021-11-08T08:31:17","guid":{"rendered":"https:\/\/speyer24news.com\/?p=42227"},"modified":"2021-11-08T09:31:19","modified_gmt":"2021-11-08T08:31:19","slug":"coronavirus-speyer-23","status":"publish","type":"post","link":"https:\/\/speyer24news.com\/?p=42227","title":{"rendered":"Coronavirus Speyer"},"content":{"rendered":"<style type=\"text\/css\">\r\n\t.ads_top_disp{}\r\n\t.ads_top_corner_disp{ float:left; margin:0px 10px 10px 0px; }\r\n\t.ads_first_p_disp{}\r\n\t.ads_bottom_disp{}\r\n\t<\/style>\n<h2 class=\"wp-block-heading\">Fallzahlen f\u00fcr die Stadt Speyer vom Wochenende (06.11. &amp; 07.11.2021)<\/h2>\n\n\n\n<h3 class=\"wp-block-heading\">Gesamte Region stark betroffen: Germersheim (221,7), Rhein-Pfalz-Kreis (191,3), S\u00fcdliche Weinstra\u00dfe (178,7), Neustadt (178,2) Frankenthal (168,2), Pirmasens (164,3) und Landau (158,8)<\/h3>\n\n\n\n<figure class=\"wp-block-image\"><img decoding=\"async\" loading=\"lazy\" width=\"800\" height=\"400\" src=\"https:\/\/speyer24news.com\/wp-content\/uploads\/2020\/05\/virus-1812092_1920.jpg\" alt=\"\" class=\"wp-image-26778\" srcset=\"https:\/\/speyer24news.com\/wp-content\/uploads\/2020\/05\/virus-1812092_1920.jpg 800w, https:\/\/speyer24news.com\/wp-content\/uploads\/2020\/05\/virus-1812092_1920-300x150.jpg 300w, https:\/\/speyer24news.com\/wp-content\/uploads\/2020\/05\/virus-1812092_1920-768x384.jpg 768w\" sizes=\"(max-width: 800px) 100vw, 800px\" \/><\/figure>\n\n\n\n<h3 class=\"has-text-align-center wp-block-heading\">Sonntag (07.11.2021)<\/h3>\n\n\n\n<p>Anzahl best\u00e4tigter F\u00e4lle von Coronavirus (SARS-CoV-2)-Infektionen in der Stadt Speyer: 3.719 ( + 3 )<br>Davon hospitalisiert: 119 ( + 2 )<br>Davon bereits genesen: 3.380 ( + 19 )<br>Todesf\u00e4lle: 93 (unver\u00e4ndert )<br>Gemeldete F\u00e4lle der letzten sieben Tage pro 100.000 Einwohner*innen (Inzidenz gem\u00e4\u00df LUA): 124,2 ( + 2 )<\/p>\n\n\n\n<h3 class=\"has-text-align-center wp-block-heading\">Samstag (06.11.2021)<\/h3>\n\n\n\n<p>Anzahl best\u00e4tigter F\u00e4lle von Coronavirus (SARS-CoV-2)-Infektionen in der Stadt Speyer: 3.716 ( + 15 )<br>Davon hospitalisiert: 117 ( + 1 )<br>Davon bereits genesen: 3.361 ( + 18 )<br>Todesf\u00e4lle: 93 (unver\u00e4ndert )<br>Gemeldete F\u00e4lle der letzten sieben Tage pro 100.000 Einwohner*innen (Inzidenz gem\u00e4\u00df LUA): 122,2 ( + 5,9 )<\/p>\n\n\n\n<p><em>Stadtverwaltung Speyer<br>08.11.2021<\/em><\/p>\n\n\n\n<h2 class=\"wp-block-heading\">Leitindikatoren zur Berechnung der Warnstufe<\/h2>\n\n\n\n<div class=\"wp-block-image\"><figure class=\"aligncenter\"><img decoding=\"async\" loading=\"lazy\" width=\"600\" height=\"600\" src=\"https:\/\/speyer24news.com\/wp-content\/uploads\/2021\/09\/Warnstufensystem-2G-.png\" alt=\"\" class=\"wp-image-40457\" srcset=\"https:\/\/speyer24news.com\/wp-content\/uploads\/2021\/09\/Warnstufensystem-2G-.png 600w, https:\/\/speyer24news.com\/wp-content\/uploads\/2021\/09\/Warnstufensystem-2G--300x300.png 300w, https:\/\/speyer24news.com\/wp-content\/uploads\/2021\/09\/Warnstufensystem-2G--150x150.png 150w\" sizes=\"(max-width: 600px) 100vw, 600px\" \/><\/figure><\/div>\n\n\n\n<figure class=\"wp-block-table\"><table><tbody><tr><td>&nbsp;<\/td><td>Leitindikator \u201eSieben-Tage-Inzidenz\u201c<\/td><td>Leitindikator \u201eSieben-Tage-Hospitalisierungs-Inzidenz\u201c<\/td><td>Anteil COVID-19 an Intensivkapazit\u00e4t (%)<\/td><\/tr><tr><td>Sonntag, 07.11.2021<\/td><td>124,2<\/td><td>3,7<\/td><td>5,13<\/td><\/tr><tr><td>Samstag, 06.11.2021<\/td><td>122,2<\/td><td>3,8<\/td><td>5,31<\/td><\/tr><tr><td>Freitag, 05.11.2021<\/td><td>110,3<\/td><td>3,3<\/td><td>5,31<\/td><\/tr><tr><td>Donnerstag,<br>04.11.2021<\/td><td>116,3<\/td><td>3,1<\/td><td>4,89<\/td><\/tr><tr><td>Mittwoch, 03.11.2021<\/td><td>124,2<\/td><td>2,2<\/td><td>4,83<\/td><\/tr><tr><td>Dienstag, 02.11.2021<\/td><td>161,6<\/td><td>2,7<\/td><td>4,76<\/td><\/tr><tr><td>Montag, 01.11.2021<\/td><td>193,1<\/td><td>2,2<\/td><td>3,97<\/td><\/tr><\/tbody><\/table><\/figure>\n\n\n\n<p>Der&nbsp;<strong>Leitindikator \u201eSieben-Tage-Inzidenz\u201c<\/strong>&nbsp;gibt an, wie schnell sich das Virus verbreitet. Unter \u201eSieben-Tage-Inzidenz\u201c wird die Anzahl der Neuinfektionen mit dem Coronavirus SARS-CoV-2 je 100&nbsp;000 Einwohnerinnen und Einwohner innerhalb von sieben Tagen f\u00fcr jeden Landkreis und jede kreisfreie Stadt verstanden.<\/p>\n\n\n\n<p>Der&nbsp;<strong>Leitindikator \u201eSieben-Tage-Hospitalisierungs-Inzidenz\u201c&nbsp;<\/strong>zeigt an, wie viele Schwererkrankte innerhalb eines Zeitraums von sieben Tagen neu station\u00e4r aufgenommen wurden. Der Leitindikator \u201eSieben-Tage-Hospitalisierungs-Inzidenz\u201c misst die Anzahl der neu aufgenommenen Hospitalisierungsf\u00e4lle mit COVID-19-Erkrankung je 100 000 Einwohnerinnen und Einwohner im Durchschnitt der letzten sieben Tagen bezogen auf ein Versorgungsgebiet gem\u00e4\u00df Krankenhausplan des Landes Rheinland-Pfalz 2019 bis 2025.<\/p>\n\n\n\n<p>Der&nbsp;<strong>Leitindikator \u201eAnteil Intensivbetten\u201c<\/strong>&nbsp;misst die Belastung des Gesundheitswesens. Er bestimmt sich nach dem prozentualen Anteil der mit COVID-19-Erkrankten belegten Intensivbetten an der Intensivbettenkapazit\u00e4t innerhalb des Landes Rheinland-Pfalz.<\/p>\n\n\n\n<p>Es gilt das&nbsp;<strong>2G+ System<\/strong>: Dieses regelt, wie viele nicht-immunisierte Personen sich gemeinsam im \u00f6ffentlichen Raum aufhalten, auf Veranstaltungen gehen oder \u00f6ffentliche Einrichtungen wie Kinos oder Konzerth\u00e4user besuchen d\u00fcrfen.&nbsp;F\u00fcr immunisierte Personen wird der Zutritt hingegen nicht reduziert.<\/p>\n\n\n\n<p>Speyer befindet sich aktuell in&nbsp;<strong>Warnstufe 1<\/strong>.&nbsp;<\/p>\n\n\n\n<p><em>Robert-Koch-Institut (RKI)<br>08.11.2021<\/em><\/p>\n\n\n\n<h2 class=\"wp-block-heading\">Regelungen und Beschr\u00e4nkungen bei Warnstufe 1<\/h2>\n\n\n\n<div class=\"wp-block-image\"><figure class=\"aligncenter\"><img decoding=\"async\" loading=\"lazy\" width=\"835\" height=\"1024\" src=\"https:\/\/speyer24news.com\/wp-content\/uploads\/2021\/09\/Warnstufe-1-Regelungen-835x1024.jpg\" alt=\"\" class=\"wp-image-40458\" srcset=\"https:\/\/speyer24news.com\/wp-content\/uploads\/2021\/09\/Warnstufe-1-Regelungen-835x1024.jpg 835w, https:\/\/speyer24news.com\/wp-content\/uploads\/2021\/09\/Warnstufe-1-Regelungen-245x300.jpg 245w, https:\/\/speyer24news.com\/wp-content\/uploads\/2021\/09\/Warnstufe-1-Regelungen-768x942.jpg 768w, https:\/\/speyer24news.com\/wp-content\/uploads\/2021\/09\/Warnstufe-1-Regelungen.jpg 862w\" sizes=\"(max-width: 835px) 100vw, 835px\" \/><\/figure><\/div>\n\n\n\n<p><em>Staatskanzlei Rheinland-Pfalz<br>08.11.2021<\/em><\/p>\n\n\n\n<h2 class=\"wp-block-heading\">27. Corona-Bek\u00e4mpfungsverordnung ver\u00f6ffentlicht<\/h2>\n\n\n\n<h3 class=\"wp-block-heading\">Schutzma\u00dfnahmen im Au\u00dfenbereich fallen \u2013 Kontrollma\u00dfnahmen des Vollzugsdienst mit durchwachsenem Ergebnis<\/h3>\n\n\n\n<div class=\"wp-block-image\"><figure class=\"aligncenter\"><img decoding=\"async\" loading=\"lazy\" width=\"500\" height=\"500\" src=\"https:\/\/speyer24news.com\/wp-content\/uploads\/2020\/04\/virus-4810549_1920.png\" alt=\"\" class=\"wp-image-26186\" srcset=\"https:\/\/speyer24news.com\/wp-content\/uploads\/2020\/04\/virus-4810549_1920.png 500w, https:\/\/speyer24news.com\/wp-content\/uploads\/2020\/04\/virus-4810549_1920-150x150.png 150w, https:\/\/speyer24news.com\/wp-content\/uploads\/2020\/04\/virus-4810549_1920-300x300.png 300w\" sizes=\"(max-width: 500px) 100vw, 500px\" \/><\/figure><\/div>\n\n\n\n<div class=\"wp-block-image\"><figure class=\"alignleft\"><img decoding=\"async\" loading=\"lazy\" width=\"500\" height=\"681\" src=\"https:\/\/speyer24news.com\/wp-content\/uploads\/2021\/03\/Steffi-mit-Maske-1.jpg\" alt=\"\" class=\"wp-image-34474\" srcset=\"https:\/\/speyer24news.com\/wp-content\/uploads\/2021\/03\/Steffi-mit-Maske-1.jpg 500w, https:\/\/speyer24news.com\/wp-content\/uploads\/2021\/03\/Steffi-mit-Maske-1-220x300.jpg 220w\" sizes=\"(max-width: 500px) 100vw, 500px\" \/><\/figure><\/div>\n\n\n\n<p>Am 5. November 2021 hat das Land Rheinland-Pfalz die 27. Corona-Bek\u00e4mpfungsverordnung ver\u00f6ffentlicht, die am Montag, 8. November 2021 in Kraft tritt und bis einschlie\u00dflich 28. November 2021 gilt. Wie bereits vorab angek\u00fcndigt, sieht diese f\u00fcr den Au\u00dfenbereich in weiten Teilen keine Schutzma\u00dfnahmen mehr vor. Nur bei Veranstaltungen im Freien, bei denen feste Pl\u00e4tze eingenommen werden und bei denen der Zutritt auf Basis einer Einlasskontrolle oder zuvor gekaufter Tickets erfolgt, gilt die Testpflicht und die Pflicht zur Vorhaltung eines Hygienekonzepts. F\u00fcr solche Veranstaltungen gilt k\u00fcnftig keine Begrenzung der Teilnehmendenzahl mehr. Die \u00c4nderungen bedeuten auch, dass auf Wochenm\u00e4rkten im Au\u00dfenbereich k\u00fcnftig keine Maskenpflicht mehr gelten wird.&nbsp;F\u00fcr den Innenbereich bleiben die bisher bekannten Regelungen unver\u00e4ndert bestehen.&nbsp;<\/p>\n\n\n\n<p>\u201eWir befinden uns aktuell in der paradoxen Situation, dass bundesweit die Infektionszahlen in die H\u00f6he schnellen und gleichzeitig Schutzma\u00dfnahmen gelockert werden. So entsteht schnell der Eindruck, die Pandemie sei \u00fcberstanden, was leider keineswegs der Fall ist. Angesichts der Infektionszahlen ist es umso wichtiger, dass die Menschen weiterhin Vorsicht walten lassen und sich r\u00fccksichtsvoll verhalten. Am wichtigsten ist jedoch, dass wir&nbsp;daran arbeiten, die Impfquote zu steigern. Ich appelliere daher an all jene, die bislang noch nicht gegen das Coronavirus immunisiert sind, ihre Entscheidung zu \u00fcberdenken und sich impfen zu lassen. Nutzen Sie unsere vielf\u00e4ltigen Angebote und sch\u00fctzen Sie sich und Ihre Mitmenschen\u201c, so der Appell von Oberb\u00fcrgermeisterin Stefanie Seiler.&nbsp;<\/p>\n\n\n\n<div class=\"wp-block-image\"><figure class=\"aligncenter\"><img decoding=\"async\" loading=\"lazy\" width=\"800\" height=\"540\" src=\"https:\/\/speyer24news.com\/wp-content\/uploads\/2021\/02\/Speyer-Maskenpflicht.jpg\" alt=\"\" class=\"wp-image-33181\" srcset=\"https:\/\/speyer24news.com\/wp-content\/uploads\/2021\/02\/Speyer-Maskenpflicht.jpg 800w, https:\/\/speyer24news.com\/wp-content\/uploads\/2021\/02\/Speyer-Maskenpflicht-300x203.jpg 300w, https:\/\/speyer24news.com\/wp-content\/uploads\/2021\/02\/Speyer-Maskenpflicht-768x518.jpg 768w\" sizes=\"(max-width: 800px) 100vw, 800px\" \/><\/figure><\/div>\n\n\n\n<p>Weiterhin wurden mit der neuen Verordnung&nbsp;die Personenbegrenzung von einer Person pro f\u00fcnf Quadratmeter Verkaufs- oder Besuchsfl\u00e4che und die Personenh\u00f6chstzahl beim Aufenthalt in geschlossenen R\u00e4umen im \u00f6ffentlichen Raum ersatzlos gestrichen. Auch das Verbot des Verzehrs von alkoholischen Getr\u00e4nken im \u00d6PNV ist weggefallen. Nicht-geimpfte Sch\u00fcler*innen und Lehrkr\u00e4fte m\u00fcssen sich k\u00fcnftig nur noch einmal zu Beginn der Schulwoche testen lassen. F\u00fcr ungeimpfte Mitarbeitende von bestimmten Einrichtungen der Pflege, beispielsweise Krankenh\u00e4user und Hospize, gilt k\u00fcnftig eine t\u00e4gliche Testpflicht.&nbsp;<\/p>\n\n\n\n<div class=\"wp-block-image\"><figure class=\"aligncenter\"><img decoding=\"async\" loading=\"lazy\" width=\"800\" height=\"535\" src=\"https:\/\/speyer24news.com\/wp-content\/uploads\/2021\/03\/Coroan-Schnelltest-Grundschule-GER.jpg\" alt=\"\" class=\"wp-image-34550\" srcset=\"https:\/\/speyer24news.com\/wp-content\/uploads\/2021\/03\/Coroan-Schnelltest-Grundschule-GER.jpg 800w, https:\/\/speyer24news.com\/wp-content\/uploads\/2021\/03\/Coroan-Schnelltest-Grundschule-GER-300x201.jpg 300w, https:\/\/speyer24news.com\/wp-content\/uploads\/2021\/03\/Coroan-Schnelltest-Grundschule-GER-768x514.jpg 768w\" sizes=\"(max-width: 800px) 100vw, 800px\" \/><\/figure><\/div>\n\n\n\n<p>Ferner hat der Kommunale Vollzugsdienst in dieser Woche eine gro\u00df angelegte Gastst\u00e4ttenkontrolle durchgef\u00fchrt, bei der sechs Beamt*innen in Zivil insgesamt 13 Gastronomiebetriebe in der Innenstadt bez\u00fcglich der Einhaltung der Corona-Schutzma\u00dfnahmen kontrolliert haben. W\u00e4hrend der Gro\u00dfteil die Auflagen vorbildblich erf\u00fcllt hat, mussten drei Betriebe beanstandet werden, weil die Kontrolle der erforderlichen Impf- oder Testnachweise und\/oder die Kontaktdatenerfassung komplett ausblieben. Seitens der Stadtverwaltung werden nun Ordnungswidrigkeitenverfahren eingeleitet. Die Bu\u00dfgeldh\u00f6he bemisst sich nach den Vorgaben des Landes und wird sich f\u00fcr die beiden Tatbest\u00e4nde jeweils im Bereich von 1.000 Euro bewegen.<\/p>\n\n\n\n<p><em>Text: Stadtverwaltung Speyer Foto: Speyer 24\/7 News<br>08.11.2021<\/em><\/p>\n","protected":false},"excerpt":{"rendered":"<div class=\"mh-excerpt\"><p>Fallzahlen f\u00fcr die Stadt Speyer vom Wochenende (06.11. &amp; 07.11.2021) Gesamte Region stark betroffen: Germersheim (221,7), Rhein-Pfalz-Kreis (191,3), S\u00fcdliche Weinstra\u00dfe (178,7), Neustadt (178,2) Frankenthal (168,2), Pirmasens (164,3) und Landau (158,8) Sonntag (07.11.2021) Anzahl best\u00e4tigter F\u00e4lle <a class=\"mh-excerpt-more\" href=\"https:\/\/speyer24news.com\/?p=42227\" title=\"Coronavirus Speyer\">[&#8230;]<\/a><\/p>\n<\/div>","protected":false},"author":3,"featured_media":25126,"comment_status":"open","ping_status":"open","sticky":false,"template":"","format":"standard","meta":{"_monsterinsights_skip_tracking":false,"_monsterinsights_sitenote_active":false,"_monsterinsights_sitenote_note":"","_monsterinsights_sitenote_category":0,"footnotes":""},"categories":[11613],"tags":[6401,8404,6902,6648,6367,6940,7076,12873,8725,6359,6429,6370,5904,6323,6358,7003,5801,6903,6634,6342,13278,8139,6681,7245,60,210,58,12874,12881,59,10659,427,6,359],"aioseo_notices":[],"amp_enabled":true,"_links":{"self":[{"href":"https:\/\/speyer24news.com\/index.php?rest_route=\/wp\/v2\/posts\/42227"}],"collection":[{"href":"https:\/\/speyer24news.com\/index.php?rest_route=\/wp\/v2\/posts"}],"about":[{"href":"https:\/\/speyer24news.com\/index.php?rest_route=\/wp\/v2\/types\/post"}],"author":[{"embeddable":true,"href":"https:\/\/speyer24news.com\/index.php?rest_route=\/wp\/v2\/users\/3"}],"replies":[{"embeddable":true,"href":"https:\/\/speyer24news.com\/index.php?rest_route=%2Fwp%2Fv2%2Fcomments&post=42227"}],"version-history":[{"count":1,"href":"https:\/\/speyer24news.com\/index.php?rest_route=\/wp\/v2\/posts\/42227\/revisions"}],"predecessor-version":[{"id":42229,"href":"https:\/\/speyer24news.com\/index.php?rest_route=\/wp\/v2\/posts\/42227\/revisions\/42229"}],"wp:featuredmedia":[{"embeddable":true,"href":"https:\/\/speyer24news.com\/index.php?rest_route=\/wp\/v2\/media\/25126"}],"wp:attachment":[{"href":"https:\/\/speyer24news.com\/index.php?rest_route=%2Fwp%2Fv2%2Fmedia&parent=42227"}],"wp:term":[{"taxonomy":"category","embeddable":true,"href":"https:\/\/speyer24news.com\/index.php?rest_route=%2Fwp%2Fv2%2Fcategories&post=42227"},{"taxonomy":"post_tag","embeddable":true,"href":"https:\/\/speyer24news.com\/index.php?rest_route=%2Fwp%2Fv2%2Ftags&post=42227"}],"curies":[{"name":"wp","href":"https:\/\/api.w.org\/{rel}","templated":true}]}}