{"id":42296,"date":"2021-11-09T10:14:21","date_gmt":"2021-11-09T09:14:21","guid":{"rendered":"https:\/\/speyer24news.com\/?p=42296"},"modified":"2021-11-09T10:14:23","modified_gmt":"2021-11-09T09:14:23","slug":"weihnachten-speyer-2","status":"publish","type":"post","link":"https:\/\/speyer24news.com\/?p=42296","title":{"rendered":"Weihnachten \/ Speyer"},"content":{"rendered":"<style type=\"text\/css\">\r\n\t.ads_top_disp{}\r\n\t.ads_top_corner_disp{ float:left; margin:0px 10px 10px 0px; }\r\n\t.ads_first_p_disp{}\r\n\t.ads_bottom_disp{}\r\n\t<\/style>\n<h2 class=\"wp-block-heading\">Weihnachtsmarkt sucht Kunsthandwerkende \u2013 Kreative K\u00f6pfe gefragt<\/h2>\n\n\n\n<div class=\"wp-block-image\"><figure class=\"aligncenter size-large\"><img decoding=\"async\" loading=\"lazy\" width=\"800\" height=\"592\" src=\"https:\/\/speyer24news.com\/wp-content\/uploads\/2021\/11\/Kunsthandwerkermarkt-Speyer-@-Klaus-Venus.jpg\" alt=\"\" class=\"wp-image-42297\" srcset=\"https:\/\/speyer24news.com\/wp-content\/uploads\/2021\/11\/Kunsthandwerkermarkt-Speyer-@-Klaus-Venus.jpg 800w, https:\/\/speyer24news.com\/wp-content\/uploads\/2021\/11\/Kunsthandwerkermarkt-Speyer-@-Klaus-Venus-300x222.jpg 300w, https:\/\/speyer24news.com\/wp-content\/uploads\/2021\/11\/Kunsthandwerkermarkt-Speyer-@-Klaus-Venus-768x568.jpg 768w, https:\/\/speyer24news.com\/wp-content\/uploads\/2021\/11\/Kunsthandwerkermarkt-Speyer-@-Klaus-Venus-80x60.jpg 80w\" sizes=\"(max-width: 800px) 100vw, 800px\" \/><figcaption>Im Rahmen des Weihnachtsmarkt Speyer pr\u00e4sentieren sich an den vier Adventswochenenden verschiedene Kunsthandwerker aus der Region mit ihren Waren und Kunstwerken auf dem Kunsthandwerkermarkt im Rathausinnenhof.<br><em>Foto: \u00a9 Klaus Venus<\/em><\/figcaption><\/figure><\/div>\n\n\n\n<p>Bald ist es wieder so weit: An den vier Adventswochenenden \u00f6ffnet der bekannte und beliebte Kunsthandwerkermarkt im Rathausinnenhof endlich wieder seine Tore. Ein Jahr der pandemiebedingten Pause hat aber leider dazu gef\u00fchrt, dass einige Traditionsbeschicker*innen 2021 nicht wie gewohnt am Kunsthandwerkermarkt teilnehmen und ihre Werke ausstellen werden. Das hat unterschiedliche Gr\u00fcnde: einige haben ihr Handwerk aufgegeben, andere haben nicht genug Ware f\u00fcr einen Markt produziert, weil man von einer Absage ausging und wieder andere geh\u00f6ren selbst zur Risikogruppe und m\u00f6chten sich nicht dem Kontakt mit einer Vielzahl an unterschiedlichen Menschen aussetzen.<\/p>\n\n\n\n<p>\u201eDamit unsere Kunsthandwerkerzelte an den Ausstellungswochenenden nicht in Teilen leer stehen bleiben, sind wir nun auf der Suche nach Kunsthandwerkenden, Bastlerinnen und Bastlern und kreativen K\u00f6pfen, die Lust haben, ihre Werke im Hof des Rathausensembles den Besucherinnen und Besuchern zu pr\u00e4sentierten. Auch Neulinge sind herzlich eingeladen, die Chance, den Speyerer Weihnachtsmarkt mitzugestalten, zu nutzen\u201c, unterstreicht Marktmeisterin Heidi Jester.<\/p>\n\n\n\n<p>Es bestehen noch Kapazit\u00e4ten an allen vier Adventswochenenden \u2013 vom 26. bis 28. November, vom 3. bis 5. Dezember, vom 10. bis 12. Dezember sowie vom 17. bis 19. Dezember 2021. Ge\u00f6ffnet ist jeweils freitags von 16 bis 20 Uhr und samstags und sonntags von 11 bis 20 Uhr. Interessierte m\u00fcssen immer mindestens ein volles Wochenende ausstellen. Die Standgeb\u00fchr bel\u00e4uft sich in diesem Jahr \u2013 pandemiebedingt reduziert \u2013 auf 82,50 Euro f\u00fcr das Zelt sowie rund 60 Euro f\u00fcr den Stromanschluss. Die Zelte sind mindestens 3&#215;3 Meter gro\u00df, teilweise auch 4&#215;3 Meter.<\/p>\n\n\n\n<p>Interessierte wenden sich bitte&nbsp;<strong>bis sp\u00e4testens Freitag, 19. November 2021<\/strong>&nbsp;direkt an Markmeisterin Heidi Jester unter Tel. 0 62 32 \u2013 14 27 48 oder per E-Mail an&nbsp;<a href=\"mailto:heidi.jester@stadt-speyer.de\" target=\"_blank\" rel=\"noreferrer noopener\">heidi.jester@stadt-speyer.de<\/a>.<\/p>\n\n\n\n<p><em>Text: Stadt Speyer Foto: \u00a9 Klaus Venus<br>09.11.2021<\/em><\/p>\n","protected":false},"excerpt":{"rendered":"<div class=\"mh-excerpt\"><p>Weihnachtsmarkt sucht Kunsthandwerkende \u2013 Kreative K\u00f6pfe gefragt Bald ist es wieder so weit: An den vier Adventswochenenden \u00f6ffnet der bekannte und beliebte Kunsthandwerkermarkt im Rathausinnenhof endlich wieder seine Tore. Ein Jahr der pandemiebedingten Pause hat <a class=\"mh-excerpt-more\" href=\"https:\/\/speyer24news.com\/?p=42296\" title=\"Weihnachten \/ Speyer\">[&#8230;]<\/a><\/p>\n<\/div>","protected":false},"author":3,"featured_media":41835,"comment_status":"open","ping_status":"open","sticky":false,"template":"","format":"standard","meta":{"_monsterinsights_skip_tracking":false,"_monsterinsights_sitenote_active":false,"_monsterinsights_sitenote_note":"","_monsterinsights_sitenote_category":0,"footnotes":""},"categories":[9,13165],"tags":[13311,13310,4585,4586,13309,6,3827,5031,4526,4582],"aioseo_notices":[],"amp_enabled":true,"_links":{"self":[{"href":"https:\/\/speyer24news.com\/index.php?rest_route=\/wp\/v2\/posts\/42296"}],"collection":[{"href":"https:\/\/speyer24news.com\/index.php?rest_route=\/wp\/v2\/posts"}],"about":[{"href":"https:\/\/speyer24news.com\/index.php?rest_route=\/wp\/v2\/types\/post"}],"author":[{"embeddable":true,"href":"https:\/\/speyer24news.com\/index.php?rest_route=\/wp\/v2\/users\/3"}],"replies":[{"embeddable":true,"href":"https:\/\/speyer24news.com\/index.php?rest_route=%2Fwp%2Fv2%2Fcomments&post=42296"}],"version-history":[{"count":1,"href":"https:\/\/speyer24news.com\/index.php?rest_route=\/wp\/v2\/posts\/42296\/revisions"}],"predecessor-version":[{"id":42298,"href":"https:\/\/speyer24news.com\/index.php?rest_route=\/wp\/v2\/posts\/42296\/revisions\/42298"}],"wp:featuredmedia":[{"embeddable":true,"href":"https:\/\/speyer24news.com\/index.php?rest_route=\/wp\/v2\/media\/41835"}],"wp:attachment":[{"href":"https:\/\/speyer24news.com\/index.php?rest_route=%2Fwp%2Fv2%2Fmedia&parent=42296"}],"wp:term":[{"taxonomy":"category","embeddable":true,"href":"https:\/\/speyer24news.com\/index.php?rest_route=%2Fwp%2Fv2%2Fcategories&post=42296"},{"taxonomy":"post_tag","embeddable":true,"href":"https:\/\/speyer24news.com\/index.php?rest_route=%2Fwp%2Fv2%2Ftags&post=42296"}],"curies":[{"name":"wp","href":"https:\/\/api.w.org\/{rel}","templated":true}]}}