{"id":42303,"date":"2021-11-09T10:26:06","date_gmt":"2021-11-09T09:26:06","guid":{"rendered":"https:\/\/speyer24news.com\/?p=42303"},"modified":"2021-11-09T10:26:08","modified_gmt":"2021-11-09T09:26:08","slug":"speyer-127","status":"publish","type":"post","link":"https:\/\/speyer24news.com\/?p=42303","title":{"rendered":"Speyer"},"content":{"rendered":"<style type=\"text\/css\">\r\n\t.ads_top_disp{}\r\n\t.ads_top_corner_disp{ float:left; margin:0px 10px 10px 0px; }\r\n\t.ads_first_p_disp{}\r\n\t.ads_bottom_disp{}\r\n\t<\/style>\n<h2 class=\"wp-block-heading\">Abendshopping im Lichterglanz<\/h2>\n\n\n\n<div class=\"wp-block-image\"><figure class=\"aligncenter size-large\"><img decoding=\"async\" loading=\"lazy\" width=\"800\" height=\"600\" src=\"https:\/\/speyer24news.com\/wp-content\/uploads\/2021\/11\/Weihnachtsmarkt-Speyer-Beleuchtung-Innenstadt-1.jpg\" alt=\"\" class=\"wp-image-42304\" srcset=\"https:\/\/speyer24news.com\/wp-content\/uploads\/2021\/11\/Weihnachtsmarkt-Speyer-Beleuchtung-Innenstadt-1.jpg 800w, https:\/\/speyer24news.com\/wp-content\/uploads\/2021\/11\/Weihnachtsmarkt-Speyer-Beleuchtung-Innenstadt-1-300x225.jpg 300w, https:\/\/speyer24news.com\/wp-content\/uploads\/2021\/11\/Weihnachtsmarkt-Speyer-Beleuchtung-Innenstadt-1-768x576.jpg 768w, https:\/\/speyer24news.com\/wp-content\/uploads\/2021\/11\/Weihnachtsmarkt-Speyer-Beleuchtung-Innenstadt-1-678x509.jpg 678w, https:\/\/speyer24news.com\/wp-content\/uploads\/2021\/11\/Weihnachtsmarkt-Speyer-Beleuchtung-Innenstadt-1-326x245.jpg 326w, https:\/\/speyer24news.com\/wp-content\/uploads\/2021\/11\/Weihnachtsmarkt-Speyer-Beleuchtung-Innenstadt-1-80x60.jpg 80w\" sizes=\"(max-width: 800px) 100vw, 800px\" \/><\/figure><\/div>\n\n\n\n<p>Die dunkle Jahreszeit hat uns eingeholt und lockt mit kuscheligen Abenden vor dem w\u00e4rmenden Kamin oder auf dem Sofa. Nicht jedoch am Freitag, 12. November 2021, denn an diesem Abend erstrahlt die Speyerer Innenstadt in einer Vielzahl bunter Lichter und l\u00e4dt in dieser besonderen Atmosph\u00e4re zum abendlichen Stadtbummel ein.<\/p>\n\n\n\n<div class=\"wp-block-image\"><figure class=\"alignleft size-large is-resized\"><img decoding=\"async\" loading=\"lazy\" src=\"https:\/\/speyer24news.com\/wp-content\/uploads\/2021\/11\/Weihnachtsmarkt-Speyer-Beleuchtung-Innenstadt-2.jpg\" alt=\"\" class=\"wp-image-42305\" width=\"402\" height=\"536\" srcset=\"https:\/\/speyer24news.com\/wp-content\/uploads\/2021\/11\/Weihnachtsmarkt-Speyer-Beleuchtung-Innenstadt-2.jpg 500w, https:\/\/speyer24news.com\/wp-content\/uploads\/2021\/11\/Weihnachtsmarkt-Speyer-Beleuchtung-Innenstadt-2-225x300.jpg 225w\" sizes=\"(max-width: 402px) 100vw, 402px\" \/><\/figure><\/div>\n\n\n\n<p>An der von der Stadt und den Einzelh\u00e4ndler*innen organisierten Aktion nehmen 18 Gesch\u00e4fte in der Innenstadt teil \u2013 auf der Maximilianstra\u00dfe, in der Korngasse, in der Wormser Stra\u00dfe, in der Ro\u00dfmarktstra\u00dfe und am Postplatz. Die Beleuchtung wird durch eine Fachfirma installiert. Hinzu kommen noch einige weitere Gesch\u00e4fte, die mit eigener Beleuchtung an der Aktion teilnehmen.<\/p>\n\n\n\n<p>Ge\u00f6ffnet sind alle teilnehmenden Gesch\u00e4fte bis zum Ende der Aktion um 20 Uhr.<\/p>\n\n\n\n<p>Christoph Krzeslak wird als wandernder Saxophonist f\u00fcr eine stimmungsvolle musikalische Umrahmung sorgen und ist zwischen 15 und 20 Uhr in der Innenstadt unterwegs.<\/p>\n\n\n\n<p>Warum also nicht das Angenehme mit den N\u00fctzlichen verbinden und die diesj\u00e4hrigen Weihnachtsgeschenke in besonders stimmungsvoller Atmosph\u00e4re im station\u00e4ren Einzelhandel besorgen? Die teilnehmenden Gesch\u00e4fte freuen sich auf Ihr Erscheinen!<\/p>\n\n\n\n<p><em>Text: Stadt Speyer Foto: \u00a9 Speyer 24\/7 News<br>09.11.2021<\/em><\/p>\n","protected":false},"excerpt":{"rendered":"<div class=\"mh-excerpt\"><p>Abendshopping im Lichterglanz Die dunkle Jahreszeit hat uns eingeholt und lockt mit kuscheligen Abenden vor dem w\u00e4rmenden Kamin oder auf dem Sofa. Nicht jedoch am Freitag, 12. November 2021, denn an diesem Abend erstrahlt die <a class=\"mh-excerpt-more\" href=\"https:\/\/speyer24news.com\/?p=42303\" title=\"Speyer\">[&#8230;]<\/a><\/p>\n<\/div>","protected":false},"author":3,"featured_media":23902,"comment_status":"open","ping_status":"open","sticky":false,"template":"","format":"standard","meta":{"_monsterinsights_skip_tracking":false,"_monsterinsights_sitenote_active":false,"_monsterinsights_sitenote_note":"","_monsterinsights_sitenote_category":0,"footnotes":""},"categories":[9],"tags":[13315,13313,13317,13316,13312,5005,13314,6],"aioseo_notices":[],"amp_enabled":true,"_links":{"self":[{"href":"https:\/\/speyer24news.com\/index.php?rest_route=\/wp\/v2\/posts\/42303"}],"collection":[{"href":"https:\/\/speyer24news.com\/index.php?rest_route=\/wp\/v2\/posts"}],"about":[{"href":"https:\/\/speyer24news.com\/index.php?rest_route=\/wp\/v2\/types\/post"}],"author":[{"embeddable":true,"href":"https:\/\/speyer24news.com\/index.php?rest_route=\/wp\/v2\/users\/3"}],"replies":[{"embeddable":true,"href":"https:\/\/speyer24news.com\/index.php?rest_route=%2Fwp%2Fv2%2Fcomments&post=42303"}],"version-history":[{"count":1,"href":"https:\/\/speyer24news.com\/index.php?rest_route=\/wp\/v2\/posts\/42303\/revisions"}],"predecessor-version":[{"id":42306,"href":"https:\/\/speyer24news.com\/index.php?rest_route=\/wp\/v2\/posts\/42303\/revisions\/42306"}],"wp:featuredmedia":[{"embeddable":true,"href":"https:\/\/speyer24news.com\/index.php?rest_route=\/wp\/v2\/media\/23902"}],"wp:attachment":[{"href":"https:\/\/speyer24news.com\/index.php?rest_route=%2Fwp%2Fv2%2Fmedia&parent=42303"}],"wp:term":[{"taxonomy":"category","embeddable":true,"href":"https:\/\/speyer24news.com\/index.php?rest_route=%2Fwp%2Fv2%2Fcategories&post=42303"},{"taxonomy":"post_tag","embeddable":true,"href":"https:\/\/speyer24news.com\/index.php?rest_route=%2Fwp%2Fv2%2Ftags&post=42303"}],"curies":[{"name":"wp","href":"https:\/\/api.w.org\/{rel}","templated":true}]}}