{"id":42315,"date":"2021-11-10T07:03:05","date_gmt":"2021-11-10T06:03:05","guid":{"rendered":"https:\/\/speyer24news.com\/?p=42315"},"modified":"2021-11-10T07:03:05","modified_gmt":"2021-11-10T06:03:05","slug":"polizei-719","status":"publish","type":"post","link":"https:\/\/speyer24news.com\/?p=42315","title":{"rendered":"Polizei"},"content":{"rendered":"<style type=\"text\/css\">\r\n\t.ads_top_disp{}\r\n\t.ads_top_corner_disp{ float:left; margin:0px 10px 10px 0px; }\r\n\t.ads_first_p_disp{}\r\n\t.ads_bottom_disp{}\r\n\t<\/style>\n<h2 class=\"wp-block-heading\">Polizeimeldungen vom Dienstag (09.11.2021)<\/h2>\n\n\n\n<div class=\"wp-block-image\"><figure class=\"aligncenter size-large\"><img decoding=\"async\" src=\"https:\/\/speyer24news.com\/wp-content\/uploads\/2019\/11\/Aktuelles-Polizeilogo.jpg\" alt=\"\" class=\"wp-image-21845\"\/><\/figure><\/div>\n\n\n\n<h2 class=\"wp-block-heading\">(Speyer) &#8211; 69-J\u00e4hriger verursacht mit 2,6 Promille Verkehrsunfall<\/h2>\n\n\n\n<p>Weil er einem entgegenkommenden PKW ausweichen musste, kollidierte am Montag gegen 16:00 Uhr ein 69-j\u00e4hriger PKW-Fahrer mit einem parkenden PKW. Der Mann war auf dem St.-Klara-Kloster-Weg in Richtung Wormser Stra\u00dfe unterwegs, als es in einer Engstelle zu dem Ausweichman\u00f6ver kam. Bei dem Unfall entstand ein Gesamtschaden von sch\u00e4tzungsweise 2000 Euro. Die eingesetzte Polizeistreife nahm bei dem Mann aus Speyer Atemalkohol wahr und f\u00fchrte daher einen Alkoholtest durch. Da dieser einen Wert von 2,6 Promille ergab, wurde der Speyerer mit zur Dienststelle genommen, um ihn eine Blutprobe entnehmen zu lassen. Neben der Sicherstellung seines F\u00fchrerscheins zieht der Vorfall eine Strafanzeige wegen Gef\u00e4hrdung des Stra\u00dfenverkehrs nach sich.<\/p>\n\n\n\n<h2 class=\"wp-block-heading\">(Schwegenheim) &#8211; Schulwegkontrolle<\/h2>\n\n\n\n<p>Am Montag f\u00fchrte die Polizei in Schwegenheim eine Schulwegkontrolle durch. Erfreulicherweise stellten die kontrollierenden Beamten keine Verst\u00f6\u00dfe fest, auch das &#8222;Anliefer- und Parkverhalten&#8220; der Elterntaxis gab in den meisten F\u00e4llen keinen Anlass zur Kritik.<\/p>\n\n\n\n<h2 class=\"wp-block-heading\">(A 65 bei Rohrbach) &#8211; LKW auf Schlangenlinien unterwegs<\/h2>\n\n\n\n<p>Montagabend (08.11.21, 19:20h) meldeten mehrere Verkehrsteilnehmer einen LKW, der mit leichten Schlangenlinien auf der A65 von Rohrbach in Richtung Landau unterwegs sei. Nach Aufnahme durch die Polizei konnte bei dem Fahrer ein Atem-Alkoholwert von 0,78 Promille gemessen werden. Den Fahrer erwartet nun ein Bu\u00dfgeld in H\u00f6he von 500 EUR, 2 Pkt. im Fahrzeugregister (Flensburg), sowie einen Monat Fahrverbot.<\/p>\n\n\n\n<h2 class=\"wp-block-heading\">(Landau) &#8211; Gedenkkranz besch\u00e4digt \/ Zeugen gesucht<\/h2>\n\n\n\n<div class=\"wp-block-image\"><figure class=\"aligncenter size-large\"><img decoding=\"async\" loading=\"lazy\" width=\"801\" height=\"600\" src=\"https:\/\/speyer24news.com\/wp-content\/uploads\/2020\/05\/Zeugen-gesucht-Neutral.jpg\" alt=\"\" class=\"wp-image-26598\" srcset=\"https:\/\/speyer24news.com\/wp-content\/uploads\/2020\/05\/Zeugen-gesucht-Neutral.jpg 801w, https:\/\/speyer24news.com\/wp-content\/uploads\/2020\/05\/Zeugen-gesucht-Neutral-300x225.jpg 300w, https:\/\/speyer24news.com\/wp-content\/uploads\/2020\/05\/Zeugen-gesucht-Neutral-768x575.jpg 768w, https:\/\/speyer24news.com\/wp-content\/uploads\/2020\/05\/Zeugen-gesucht-Neutral-678x509.jpg 678w, https:\/\/speyer24news.com\/wp-content\/uploads\/2020\/05\/Zeugen-gesucht-Neutral-326x245.jpg 326w, https:\/\/speyer24news.com\/wp-content\/uploads\/2020\/05\/Zeugen-gesucht-Neutral-80x60.jpg 80w\" sizes=\"(max-width: 801px) 100vw, 801px\" \/><\/figure><\/div>\n\n\n\n<p>Am Dienstagnachmittag, um 15:10 Uhr besch\u00e4digte ein unbekannter T\u00e4ter einen, in der Friedrich-Ebert-Stra\u00dfe am Synagogen-Mahnmal abgelegten Gedenkkranz. Der Unbekannte schnitt einen Teil der Schleife ab und fl\u00fcchtete nach der Tat fu\u00dfl\u00e4ufig in Richtung Mozartstra\u00dfe. <\/p>\n\n\n\n<h4 class=\"wp-block-heading\">Er soll ca. 40 Jahre alt sein und wird wie folgt beschrieben: <\/h4>\n\n\n\n<ul><li><strong>ca. 1,80m gro\u00df<\/strong><\/li><li><strong>schlanke Statur<\/strong><\/li><li><strong>bekleidet mit einer schwarzen Jacke, dunkelblauen Jeans und einer schwarzen M\u00fctze. <\/strong><\/li><\/ul>\n\n\n\n<p>Eine sofort durchgef\u00fchrte Fahndung verlief ergebnislos, die Ermittlungen wurden aufgenommen. Zeugen, welche den Vorfall beobachtet haben werden gebeten sich telefonisch unter 06341\/2870 oder per Mail an\u00a0<a href=\"mailto:pilandau@polizei.rlp.de\">pilandau@polizei.rlp.de<\/a>\u00a0bei der Polizeiinspektion Landau zu melden.<\/p>\n\n\n\n<h2 class=\"wp-block-heading\">(Edesheim) &#8211; Erneut Kontrollen auf den Wirtschafts- und Feldwegen<\/h2>\n\n\n\n<p>Auch am Montag (08.11.21) wurden am fr\u00fchen Abend wieder Kontrollen zur \u00dcberwachung des Durchfahrtsverbotes auf den Wirtschafts- und Feldwegen zwischen Edesheim und Edenkoben durchgef\u00fchrt. Es konnte dabei ein Versto\u00df festgestellt werden. Aufgrund der Novellierung des Bu\u00dfgeldkataloges m\u00fcssen PKW-Fahrer bei einem Versto\u00df gegen das Durchfahrtsverbot nun mit einer Sanktion in H\u00f6he von 50 EUR rechnen (vorher 20 EUR).<\/p>\n\n\n\n<h2 class=\"wp-block-heading\">(Edenkoben) &#8211; Das h\u00e4tte auch anders enden k\u00f6nnen<\/h2>\n\n\n\n<div class=\"wp-block-image\"><figure class=\"aligncenter size-large\"><img decoding=\"async\" loading=\"lazy\" width=\"800\" height=\"600\" src=\"https:\/\/speyer24news.com\/wp-content\/uploads\/2021\/11\/IMG_2680.jpg\" alt=\"\" class=\"wp-image-42316\" srcset=\"https:\/\/speyer24news.com\/wp-content\/uploads\/2021\/11\/IMG_2680.jpg 800w, https:\/\/speyer24news.com\/wp-content\/uploads\/2021\/11\/IMG_2680-300x225.jpg 300w, https:\/\/speyer24news.com\/wp-content\/uploads\/2021\/11\/IMG_2680-768x576.jpg 768w, https:\/\/speyer24news.com\/wp-content\/uploads\/2021\/11\/IMG_2680-678x509.jpg 678w, https:\/\/speyer24news.com\/wp-content\/uploads\/2021\/11\/IMG_2680-326x245.jpg 326w, https:\/\/speyer24news.com\/wp-content\/uploads\/2021\/11\/IMG_2680-80x60.jpg 80w\" sizes=\"(max-width: 800px) 100vw, 800px\" \/><\/figure><\/div>\n\n\n\n<p>Gl\u00fcck im Ungl\u00fcck hatte am Dienstagmorgen gegen 08:30 Uhr ein 31- j\u00e4hriger Fahrer aus dem Bereich Neustadt. Dieser befuhr mit seinem PKW den rechten Fahrstreifen auf der A65 mit Fahrtrichtung Karlsruhe. Aufgrund einer Reifenpanne hielt kurz vor der Anschlussstelle Edenkoben ein LKW-Fahrer auf dem Standstreifen. Vermutlich aus Unachtsamkeit touchierte der PKW-Fahrer den auf dem Standstreifen ordnungsgem\u00e4\u00df gesicherten Pannen-LKW. Im Anschluss verlor der PKW-Fahrer die Kontrolle \u00fcber sein Fahrzeug, drehte sich mehrfach um die eigene Achse und kam mehrere Meter weiter auf dem linken Fahrstreifen zum Stehen. Durch die Kollision wurde der PKW auf der rechten Beifahrerseite massiv besch\u00e4digt. <\/p>\n\n\n\n<div class=\"wp-block-image\"><figure class=\"aligncenter size-large\"><img decoding=\"async\" loading=\"lazy\" width=\"800\" height=\"600\" src=\"https:\/\/speyer24news.com\/wp-content\/uploads\/2021\/11\/IMG_2682.jpg\" alt=\"\" class=\"wp-image-42317\" srcset=\"https:\/\/speyer24news.com\/wp-content\/uploads\/2021\/11\/IMG_2682.jpg 800w, https:\/\/speyer24news.com\/wp-content\/uploads\/2021\/11\/IMG_2682-300x225.jpg 300w, https:\/\/speyer24news.com\/wp-content\/uploads\/2021\/11\/IMG_2682-768x576.jpg 768w, https:\/\/speyer24news.com\/wp-content\/uploads\/2021\/11\/IMG_2682-678x509.jpg 678w, https:\/\/speyer24news.com\/wp-content\/uploads\/2021\/11\/IMG_2682-326x245.jpg 326w, https:\/\/speyer24news.com\/wp-content\/uploads\/2021\/11\/IMG_2682-80x60.jpg 80w\" sizes=\"(max-width: 800px) 100vw, 800px\" \/><\/figure><\/div>\n\n\n\n<p>Gl\u00fccklicherweise wurden sowohl PKW-Fahrer, als auch LKW-Fahrer durch den Verkehrsunfall nicht verletzt. W\u00e4hrend der Unfallaufnahme musste der linke Fahrstreifen f\u00fcr circa eine Stunde gesperrt werden. Aufgrund des Verkehrsunfalls kam es zu erheblichen Verkehrsbehinderungen.<\/p>\n\n\n\n<h2 class=\"wp-block-heading\">(Maikammer) &#8211; PKW im Vorgarten<\/h2>\n\n\n\n<div class=\"wp-block-image\"><figure class=\"aligncenter size-large\"><img decoding=\"async\" loading=\"lazy\" width=\"800\" height=\"600\" src=\"https:\/\/speyer24news.com\/wp-content\/uploads\/2021\/11\/IMG_2699.jpg\" alt=\"\" class=\"wp-image-42318\" srcset=\"https:\/\/speyer24news.com\/wp-content\/uploads\/2021\/11\/IMG_2699.jpg 800w, https:\/\/speyer24news.com\/wp-content\/uploads\/2021\/11\/IMG_2699-300x225.jpg 300w, https:\/\/speyer24news.com\/wp-content\/uploads\/2021\/11\/IMG_2699-768x576.jpg 768w, https:\/\/speyer24news.com\/wp-content\/uploads\/2021\/11\/IMG_2699-678x509.jpg 678w, https:\/\/speyer24news.com\/wp-content\/uploads\/2021\/11\/IMG_2699-326x245.jpg 326w, https:\/\/speyer24news.com\/wp-content\/uploads\/2021\/11\/IMG_2699-80x60.jpg 80w\" sizes=\"(max-width: 800px) 100vw, 800px\" \/><\/figure><\/div>\n\n\n\n<p>Am Dienstagvormittag gegen 11:45 Uhr kollidierte im Ortsbereich von Maikammer eine 80- j\u00e4hrige PKW-Fahrerin aus der VG Maikammer vermutlich aus Unachtsamkeit mit einem entgegenkommenden PKW. Zuvor fuhr die PKW-Fahrerin an einem seitlich zur Fahrbahn geparkten PKW vorbei. Im Anschluss kam es zur Kollision mit dem entgegenkommenden PKW. Durch den Aufprall verlor die PKW-Fahrerin die Kontrolle \u00fcber ihr Fahrzeug und kam nach rechts von der Fahrbahn ab. Anschlie\u00dfend durchbrach die PKW-Fahrerin einen Gartenzaun eines angrenzenden Einfamilienhauses und kam im Vorgarten zum Stehen. An beiden Fahrzeugen entstand nicht unerheblicher Sachschaden. Gl\u00fccklicherweise wurden beide Verkehrsunfallbeteiligten nicht verletzt. Der PKW der Unfallverursacherin war nicht mehr fahrbereit und musste durch ein Abschleppunternehmen abgeschleppt werden.<\/p>\n\n\n\n<h2 class=\"wp-block-heading\">(Neustadt) &#8211; Defekt an Maschine verursacht Verkehrsbehinderungen<\/h2>\n\n\n\n<p>Ausgelaufenes \u00d6l an einer selbstfahrenden Arbeitsmaschine war der Grund warum es Dienstagmorgen im Bereich der Brachweilerhofstra\u00dfe\/Schlachthofstra\u00dfe zu Stra\u00dfensperrungen und Verkehrsbehinderungen kam. Der Bauhof der Stadt Neustadt nahm sich rasch der Verunreinigungen an und gab nach entsprechenden Gegenma\u00dfnahmen die Stra\u00dfen wieder frei.<\/p>\n\n\n\n<h2 class=\"wp-block-heading\">(Neustadt) &#8211; Rollerfahrer ohne Fahrerlaubnis und unter Drogeneinfluss<\/h2>\n\n\n\n<p>Am 9. November wurde um 00:15 Uhr ein Rollerfahrer in der Martin-Luther-Stra\u00dfe einer Verkehrskontrolle unterzogen. Der 38-J\u00e4hrige verf\u00fcgte jedoch nicht \u00fcber eine f\u00fcr das Kleinkraftrad erforderliche Fahrerlaubnis. Im Rahmen der Kontrolle stellten die Beamten drogentypische Auff\u00e4lligkeiten beim Fahrzeugf\u00fchrer fest. Dem Mann wurde eine Blutprobe entnommen. Ihn erwartet ein Strafverfahren.<\/p>\n\n\n\n<h2 class=\"wp-block-heading\">(Neustadt) &#8211; Ohne Fahrerlaubnis und unter Drogeneinfluss<\/h2>\n\n\n\n<p>Am 8. November wurde kurz vor Mitternacht ein 34-j\u00e4hriger Autofahrer einer Verkehrskontrolle in der Martin-Luther-Stra\u00dfe in Neustadt unterzogen. Dabei konnte er keine g\u00fcltige Fahrerlaubnis vorweisen. Als Grund gab er an, dass er keinen F\u00fchrerschein besitze. Im weiteren Verlauf der Kontrolle stellten die Beamten deutliche drogentypische Auff\u00e4lligkeiten bei dem Fahrzeugf\u00fchrer fest. Ein Drogenschnelltest reagierte positiv auf THC und Amphetamin. Dem Mann wurde eine Blutprobe entnommen.<\/p>\n\n\n\n<h2 class=\"wp-block-heading\">(Ludwigshafen) &#8211; Mercedes gestohlen \/ Zeugen gesucht<\/h2>\n\n\n\n<p>In der Nacht vom 08.11.2021 auf den 09.11.2021 stahlen unbekannte T\u00e4ter einen wei\u00dfen Mercedes, der vor einem Wohnhaus in der Marie-Juchacz-Allee geparkt war. Sie hatten das Funksignal des Autoschl\u00fcssels abgefangen und das Auto mit den ausgesp\u00e4hten Daten ge\u00f6ffnet (Key-Less-Entry). Das Auto hat einen Zeitwert von etwa 40.000 Euro.<\/p>\n\n\n\n<p>Wer Hinweise zu den T\u00e4tern oder zum Verbleib des Mercedes geben kann, wird gebeten, sich an die Polizeiinspektion Ludwigshafen 1, Telefonnummer 0621 963-2122 oder per E-Mail&nbsp;<a href=\"mailto:piludwigshafen1@polizei.rlp.de\">piludwigshafen1@polizei.rlp.de<\/a>&nbsp;zu wenden.<\/p>\n\n\n\n<h4 class=\"wp-block-heading\">Beachten Sie die Tipps Ihrer Polizei, wenn Sie ein Fahrzeug mit Keyless Komfortsystem besitzen:<\/h4>\n\n\n\n<p>Legen Sie den Schl\u00fcssel nie in der N\u00e4he der Haus- oder Wohnungst\u00fcr ab bzw. versuchen Sie das Funksignal durch geeignete Ma\u00dfnahmen (z. B. Aluminiumh\u00fcllen) abzuschirmen. Machen Sie vorher den Selbsttest. Nur wenn das Fahrzeug sich nicht einmal dann \u00f6ffnet, wenn Sie den &#8222;abgeschirmten&#8220; Schl\u00fcssel direkt neben die Fahrzeugt\u00fcr halten, haben auch die Diebe mit der \u00dcberlistung dieser Technik keine Chance.<\/p>\n\n\n\n<p>Zudem gibt es funkdichte H\u00fcllen f\u00fcr Keyless-Schl\u00fcssel.<\/p>\n\n\n\n<p>Weitere Informationen finden Sie unter&nbsp;<a target=\"_blank\" href=\"http:\/\/www.polizei-beratung.de\/\" rel=\"noreferrer noopener\">www.polizei-beratung.de<\/a><\/p>\n\n\n\n<h2 class=\"wp-block-heading\">(Ludwigshafen) &#8211; 23-J\u00e4hriger nach Diebst\u00e4hlen in Rhein Galerie gefasst<\/h2>\n\n\n\n<p>Am 08.11.2021, gegen 17:50 Uhr, wurde ein 23-J\u00e4hriger von einem Ladendetektiv in einem Bekleidungsgesch\u00e4ft in der Rhein Galerie beobachtet, wie er einige Kleidungsst\u00fccke entwendete, in dem er diese mit in die Umkleidekabine nahm und sie dort unter seine eigene Kleidung zog. Als er das Gesch\u00e4ft verlie\u00df, verfolgte der Ladendetektiv ihn unauff\u00e4llig und sah, dass er in einen Drogeriemarkt ging und dort einige Parfumflacons an sich nahm. Kurz darauf verlie\u00df der 21-J\u00e4hrige auch den Drogeriemarkt, ohne die Ware zu bezahlen und konnte von den zwischenzeitlich alarmierten Polizeibeamten festgenommen werden. Bei seiner Durchsuchung fanden sie die gestohlenen Kleidungsst\u00fccke sowie die Parfumflacons. Der 23-J\u00e4hrige wurde mit zur Dienststelle genommen. Nach Abschluss der polizeilichen Ma\u00dfnahmen wurde er wieder entlassen.<\/p>\n\n\n\n<h2 class=\"wp-block-heading\">(Ludwigshafen) &#8211; 45-J\u00e4hrige f\u00e4llt nicht auf Anruf von falschem BKA Beamten rein<\/h2>\n\n\n\n<p>Am 08.11.2021, gegen 13:30 Uhr, erhielt eine 45-j\u00e4hrige Ludwigshafenerin zwei Anrufe, bei dem eine Bandansage ihr mitteilte, dass das BKA kriminelle Aktivit\u00e4ten in Bezug auf ihren Personalausweis festgestellt habe. Sie solle durch dr\u00fccken der Taste 1 sich mit einem Beamten verbinden lassen. Beim zweiten Anruf tat sie dies tats\u00e4chlich und es meldete sich ein unbekannter Mann. Als die 45-J\u00e4hrige fragte, was vorliegen w\u00fcrde, erkl\u00e4rte er ihr, dass man ihr zweimal Post geschickt habe und sie nie darauf reagiert habe. Die 45-J\u00e4hrige erwiderte daraufhin, dass sie nie Post vom BKA erhalten habe. Daraufhin wollte der Unbekannte die Daten der 45-J\u00e4hrigen, damit er sie identifizieren k\u00f6nne. Als diese sagte, dass ihm die Daten doch bereits bekannt sein m\u00fcssten, erwiderte der Anrufer, dass sie so nicht mit einem Beamten reden k\u00f6nne. Als sie daraufhin entgegnete, dass er doch \u00fcber ihren Namen auch ihre Adresse erfahren k\u00f6nne, legte der unbekannte Anrufer auf.<\/p>\n\n\n\n<h2 class=\"wp-block-heading\">(Ludwigshafen) &#8211; Einbr\u00fcche in Gartenh\u00e4user<\/h2>\n\n\n\n<p>In der Zeit zwischen dem 07.11.2021, gegen 17:00 Uhr und dem 08.11.2021, gegen 08:00 Uhr, versuchten unbekannte T\u00e4ter, mehrere Gartenh\u00e4user in einer Kleingartenanlage in der Langgartenstra\u00dfe aufzubrechen, teilweise mit Erfolg. Sie stahlen verschiedene Arbeitsger\u00e4te. Die genaue H\u00f6he des Schadens steht derzeit noch nicht fest.<\/p>\n\n\n\n<p>Wer etwas beobachtet hat, wird gebeten, sich an die Polizeiinspektion Ludwigshafen 2, Telefonnummer 0621 963-2222 oder per E-Mail&nbsp;<a href=\"mailto:piludwigshafen2@polizei.rlp.de\">piludwigshafen2@polizei.rlp.de<\/a>&nbsp;zu wenden.<\/p>\n\n\n\n<h2 class=\"wp-block-heading\">(Ludwigshafen) &#8211; Einbruch in Kellerr\u00e4ume eines Hotels<\/h2>\n\n\n\n<p>In der Zeit zwischen dem 07.11.2021, gegen 15:00 Uhr und dem 08.11.2021, gegen 07:00 Uhr, brachen unbekannte T\u00e4ter in das Kellergeschoss eines Hotels in der Pasadenaallee ein. Sie durchw\u00fchlten Spinde, Schr\u00e4nke und Schubladen in mehreren R\u00e4umen. Ob und was gestohlen wurde, steht bislang noch nicht fest.<\/p>\n\n\n\n<p>Sachdienliche Hinweise nimmt die Kriminalpolizei Ludwigshafen unter der Telefonnummer 0621\/963-2773 oder per E-Mail&nbsp;<a href=\"mailto:kiludwigshafen.k1.kdd@polizei.rlp.de\">kiludwigshafen.k1.kdd@polizei.rlp.de<\/a>&nbsp;entgegen.<\/p>\n\n\n\n<h2 class=\"wp-block-heading\">(Ludwigshafen) &#8211; 80-J\u00e4hrige f\u00e4llt nicht auf Schockanruf rein<\/h2>\n\n\n\n<p>Am 05.11.2021, gegen 14:00 Uhr, wurde eine 80-j\u00e4hrige Ludwigshafenerin von einer unbekannten Frau angerufen, die ihr mitteilte, dass ihre Tochter einen schweren Unfall gehabt habe und nicht selber sprechen k\u00f6nne. Im Hintergrund h\u00f6rte die Seniorin eine weinende Frau. Als die unbekannte Anruferin das Gespr\u00e4ch dann an eine weitere unbekannte Frau weitergab, die sich gegen\u00fcber der 81-J\u00e4hrigen als Polizeibeamtin ausgab, bat die Seniorin die angebliche Polizeibeamtin, dass sie ihre Tochter beschreiben sollte. Als die Anruferin dies nicht konnte, legte die Seniorin vorbildlich auf.<\/p>\n\n\n\n<h2 class=\"wp-block-heading\">(Ludwigshafen) &#8211; Unbekannter fasst 16-J\u00e4hrige unsittlich an \/ Hinweis auf Zeugin<\/h2>\n\n\n\n<h3 class=\"wp-block-heading\">Nachtrag zur Pressemeldung vom 30.09.2021:&nbsp;<a href=\"https:\/\/s.rlp.de\/TreNM\">https:\/\/s.rlp.de\/TreNM<\/a><\/h3>\n\n\n\n<p>Nachdem am 29.09.2021, gegen 20:35 Uhr, eine 16-J\u00e4hrige in der Rohrlachstra\u00dfe\/Frankenthaler Stra\u00dfe von einem Unbekannten sexuell bel\u00e4stigt wurde, konnten im Rahmen der Ermittlungen Hinweise auf eine m\u00f6gliche Augenzeugin erlangt werden.<\/p>\n\n\n\n<p>Die Gesch\u00e4digte sei unmittelbar nach der Tat von einer anderen Jugendlichen gefragt worden, ob es ihr gut gehe. Vermutlich hatte die Zeugin die Tat zuvor beobachtet. Sie wird wie folgt beschrieben:<\/p>\n\n\n\n<ul><li><strong>weiblich<\/strong><\/li><li><strong>ca. 15 &#8211; 16 Jahre alt<\/strong><\/li><li><strong>hatte langes braunes Haar<\/strong><\/li><\/ul>\n\n\n\n<ul><li><strong>Die Zeugin soll an der Ampel an der Bushaltestelle Rohrlachstra\u00dfe gestanden haben und in Begleitung einer m\u00e4nnlichen Person gewesen sein.<\/strong><\/li><\/ul>\n\n\n\n<p>Die Zeugin wird gebeten sich bei der Kriminalpolizei Ludwigshafen unter der Telefonnummer 0621\/963-2773 oder per E-Mail\u00a0<a href=\"mailto:kiludigshafen.k2@polizei.rlp.de\">kiludigshafen.k2@polizei.rlp.de<\/a>\u00a0zu melden.<\/p>\n\n\n\n<h2 class=\"wp-block-heading\">(Mannheim) &#8211; Auseinandersetzung im Auto \/ Wer kann weitere Hinweise geben?<\/h2>\n\n\n\n<p>Eine k\u00f6rperliche Auseinandersetzung zwischen einem Mann und einer Frau w\u00e4hrend der Fahrt in einem Auto sorgte am Montagnachmittag zu einer augenscheinlich unsicheren Fahrt. Eine aufmerksame Zeugin verst\u00e4ndigte die Polizei, nachdem das Auto durch die Fahrweise auffiel und es dadurch beinahe zu einem Unfall gekommen sein soll. Dabei soll der Beifahrer die Fahrerin k\u00f6rperlich angegangen haben. Die Beiden sollen gegen 14:55 Uhr nahe der Kapuzinerplanken in eine wei\u00dfe Mercedes A-Klasse eingestiegen und anschlie\u00dfend in Richtung Wasserturm gefahren sein. Die Fahrt endete anschlie\u00dfend nahe eines Autoh\u00e4ndlers im Stadtteil Fahrlach. Die alarmierten Beamten des Polizeireviers Mannheim-Oststadt stellten, nach einem Anruf eines weiteren Zeugen, die Frau und den Mann in der Gottlieb-Daimler-Stra\u00dfe. Gegen den Beifahrer, einen 25-J\u00e4hrigen, wird nun wegen des Verdachts des gef\u00e4hrlichen Eingriffs in den Stra\u00dfenverkehr sowie K\u00f6rperverletzung ermittelt. Da er auch die Beamten w\u00e4hrend der polizeilichen Ma\u00dfnahmen beleidigte, muss er sich nun auch strafrechtlichen wegen des Vorwurfs der Beleidigung verantworten.<\/p>\n\n\n\n<p>F\u00fcr die weiteren Ermittlungen, insbesondere des Hergangs w\u00e4hrend der Fahrt, sucht das Polizeirevier Mannheim-Oststadt nach Zeugen, die das Geschehen ebenfalls beobachteten. Diese werden gebeten, sich unter 0621 174-3310 zu melden.<\/p>\n\n\n\n<h2 class=\"wp-block-heading\">(Mannheim-Innenstadt) &#8211; Technischer Defekt verursacht Fahrzeugbrand<\/h2>\n\n\n\n<p>Am Montag, gegen 08:45 Uhr, geriet im Quadrat S1 ein Suzuki aufgrund eines technischen Defekts in Brand. Ein Zeuge, der den Ausbruch des Feuers beobachtete, konnte Schlimmeres verhindern, indem er es mit einem Feuerl\u00f6scher l\u00f6schte. Nachdem die alarmierte Feuerwehr das Auto gesichert hat, musste es abgeschleppt werden. Die H\u00f6he des Schadens ist derzeit noch unklar.<\/p>\n\n\n\n<h2 class=\"wp-block-heading\">(Mannheim-Oststadt) &#8211; Zweimal nach Unfall gefl\u00fcchtet \/ Polizei sucht Zeugen<\/h2>\n\n\n\n<p>Am Montag verursachte ein bisher unbekannter Fahrzeugf\u00fchrer gegen 18:50 Uhr gleich zwei Verkehrsunf\u00e4lle in unmittelbarer N\u00e4he zueinander und entfernte sich danach unerlaubt von den Unfallstellen.<\/p>\n\n\n\n<p>Zun\u00e4chst informierte ein 52-j\u00e4hriger Toyota-Fahrer die Beamten des Polizeireviers Mannheim-Oststadt \u00fcber einen Verkehrsunfall in der Viehhofstra\u00dfe auf H\u00f6he der Schwetzinger Stra\u00dfe. Der 52-J\u00e4hrige habe dort mit seinem Toyota auf dem linken der beiden Fahrstreifen an der f\u00fcr ihn &#8222;rot&#8220; zeigenden Ampel in Fahrtrichtung Reichskanzler-M\u00fcller-Stra\u00dfe gestanden. Hier sei ihm ein unbekanntes Fahrzeug hinten aufgefahren. Nachdem der 52-J\u00e4hrige ausgestiegen war, um Bilder der beiden Unfallfahrzeuge zu machen, sei der Unfallverursacher, der sein Fahrzeug zur Seite fahren wollte, dann in Richtung Schwetzinger Stra\u00dfe gefl\u00fcchtet. Kurze Zeit sp\u00e4ter meldete sich ein weiterer Fahrzeughalter und teilte mit, dass ein unbekannter Fahrzeugf\u00fchrer seinen in der Krappm\u00fchlstra\u00dfe geparkten Ford Mustang beim Vorbeifahren &#8211; entgegen der Fahrtrichtung &#8211; besch\u00e4digt habe und anschlie\u00dfend in Richtung Schwetzinger Stra\u00dfe \/ Kaiserring gefl\u00fcchtet sei.<\/p>\n\n\n\n<p>Bei dem Fahrzeug des Unfallverursachers soll es sich um einen dunklen Kombi handeln. Weiteres zum Fahrer oder dem Fahrzeug ist nicht bekannt. An dem Toyota entstand ein Sachschaden in H\u00f6he von 3.000.- Euro. Zudem wurde der 52-J\u00e4hrige bei dem Zusammensto\u00df leicht verletzt. Am Ford Mustang des 33-J\u00e4hrigen entstand ebenfalls ein Schaden in H\u00f6he von 3.000.- Euro.<\/p>\n\n\n\n<p>Das Polizeirevier Mannheim-Oststadt ermittelt nun unter anderem wegen Verkehrsunfallflucht sowie fahrl\u00e4ssiger K\u00f6rperverletzung gegen den Unbekannten. Zeugen, die sachdienliche Hinweise zu den Unf\u00e4llen oder dem Fahrer, bzw. dem Fahrzeug geben k\u00f6nnen, werden gebeten, sich unter der Rufnummer 0621 174-3310 zu melden.<\/p>\n\n\n\n<h2 class=\"wp-block-heading\">(Mannheim-Oststadt) &#8211; Verkehrsunfall mit Unfallflucht \/ Polizei sucht Zeugen!<\/h2>\n\n\n\n<p>Zu einem Verkehrsunfall kam es am Freitag, 05.11.2021, zwischen 12 Uhr und 13 Uhr in der Stra\u00dfe &#8222;Am Oberen Luisenpark&#8220;, bei dem der Verursacher anschlie\u00dfend das Weite suchte. Ein bislang unbekannter Fahrzeugf\u00fchrer besch\u00e4digte einen auf H\u00f6he der Hausnummer 10, in Fahrtrichtung Carl-Benz-Stadion, geparkten Mini und entfernte sich danach einfach vom Unfallort ohne seinen Festellungspflichten nachzukommen. Am Mini entstand ein Schaden von rund 6.000 EUR.<\/p>\n\n\n\n<p>Zeugen, die Hinweise auf den Unfallverursacher geben k\u00f6nnen, werden gebeten sich beim Polizeiposten Mannheim-Schwetzingerstadt, unter der Telefonnummer 0621-441125, zu melden.<\/p>\n\n\n\n<h2 class=\"wp-block-heading\">(Mannheim-Feudenheim) &#8211; Geldautomat besch\u00e4digt<\/h2>\n\n\n\n<p>Am fr\u00fchen Montagmorgen zwischen 03:00 Uhr und 04:00 versuchten Unbekannte mittels eines Hebelwerkzeuges einen Geldautomaten im Foyer einer Bank in der Hauptstra\u00dfe aus der Verankerung zu hebeln oder diesen aufzubrechen. Der entstandene Sachschaden ist nicht bekannt.<\/p>\n\n\n\n<p>Hinweise auf den Verursacher nimmt der Kriminaldauerdienst unter der Tel. 0621 174-4444 entgegen.<\/p>\n\n\n\n<h2 class=\"wp-block-heading\">(Hockenheim \/ Rhein-Neckar-Kreis) &#8211; In Haus eingebrochen \/ Polizei sucht Zeugen<\/h2>\n\n\n\n<p>Am Montagnachmittag zwischen 15:30 Uhr und 18:50 Uhr verschafften sich ein oder mehrere unbekannte T\u00e4ter Zutritt zu einem Haus im Dreisamweg. Diese hatten zun\u00e4chst versucht, \u00fcber den Wintergarten in das Anwesen einzudringen. Da ihnen dies nicht gelang, stiegen der oder die T\u00e4ter dann \u00fcber einen Sockel auf einen Balkon im 1. OG und hebelten dort ein Fenster auf. Anschlie\u00dfend durchw\u00fchlten der oder die Unbekannten s\u00e4mtliche Zimmer des Hauses. Der Diebstahlsschaden l\u00e4sst sich zum aktuellen Zeitpunkt nicht beziffern. Der entstandene Sachschaden bel\u00e4uft sich auf mehrere tausend Euro.<\/p>\n\n\n\n<p>Die Ermittlungen wurden durch die Ermittlungsgruppe Eigentum der Kriminalpolizeidirektion Heidelberg \u00fcbernommen. Zeugen, die sachdienliche Hinweise zur Tat geben k\u00f6nnen, werden gebeten, sich unter der Rufnummer 0621 174-4444 beim Kriminaldauerdienst zu melden<\/p>\n\n\n\n<h2 class=\"wp-block-heading\">(Hockenheim \/ A 6 \/ Rhein-Neckar-Kreis) &#8211; Gro\u00dfkontrolle der Verkehrspolizei an der Tank- und Rastanlage Hockenheim West<\/h2>\n\n\n\n<div class=\"wp-block-image\"><figure class=\"aligncenter size-large\"><img decoding=\"async\" loading=\"lazy\" width=\"800\" height=\"599\" src=\"https:\/\/speyer24news.com\/wp-content\/uploads\/2020\/06\/Polizeikontrolle.jpg\" alt=\"\" class=\"wp-image-28255\" srcset=\"https:\/\/speyer24news.com\/wp-content\/uploads\/2020\/06\/Polizeikontrolle.jpg 800w, https:\/\/speyer24news.com\/wp-content\/uploads\/2020\/06\/Polizeikontrolle-300x225.jpg 300w, https:\/\/speyer24news.com\/wp-content\/uploads\/2020\/06\/Polizeikontrolle-768x575.jpg 768w, https:\/\/speyer24news.com\/wp-content\/uploads\/2020\/06\/Polizeikontrolle-678x509.jpg 678w, https:\/\/speyer24news.com\/wp-content\/uploads\/2020\/06\/Polizeikontrolle-326x245.jpg 326w, https:\/\/speyer24news.com\/wp-content\/uploads\/2020\/06\/Polizeikontrolle-80x60.jpg 80w\" sizes=\"(max-width: 800px) 100vw, 800px\" \/><\/figure><\/div>\n\n\n\n<p>Am Montag f\u00fchrten Beamtinnen und Beamte der Verkehrspolizeiinspektion des Polizeipr\u00e4sidiums Mannheim zwischen 10 und 15 Uhr ganzheitliche Verkehrskontrollen an der Tank- und Rastanlage Hockenheim West durch. Unterst\u00fctzt wurden die 63 Beamtinnen und Beamten des Polizeipr\u00e4sidiums Mannheim durch das Polizeipr\u00e4sidium Einsatz sowie Verkehrspolizistinnen und -polizisten der Polizeipr\u00e4sidien Heilbronn, Ludwigsburg und Stuttgart. Im Rahmen der Sicherheitskooperation nahmen au\u00dferdem Beamtinnen und Beamte der hessischen Landespolizei an der Kontrollma\u00dfnahme teil.<\/p>\n\n\n\n<p>Insgesamt 113 Einsatzkr\u00e4fte kontrollierten im Laufe des Tages 372 Personen und 165 Fahrzeuge und stellten 29 Straftaten und 40 Ordnungswidrigkeiten fest. Besonders auff\u00e4llig: Bei 41 kontrollierten LKW bzw. Sprintern wurden in 63 Prozent der F\u00e4lle Beanstandungen festgestellt. So kam es beispielsweise zu 15 Verst\u00f6\u00dfen gegen Sozialvorschriften (z.B. Lenk- und Ruhezeiten nicht eingehalten), 8 Verst\u00f6\u00dfen gegen die Ladungssicherung und 3 Beanstandungen wegen \u00dcberschreitung des zul\u00e4ssigen Gesamtgewichts.<\/p>\n\n\n\n<h4 class=\"wp-block-heading\">Im Verlauf des Kontrolltages eingeleitete Strafverfahren:<\/h4>\n\n\n\n<ul><li><strong>11 Verst\u00f6\u00dfe gegen das Bet\u00e4ubungsmittelgesetz<\/strong><\/li><li><strong>8 Verfahren wegen Fahrens ohne Fahrerlaubnis<\/strong><\/li><li><strong>7 Verst\u00f6\u00dfe gegen das Waffengesetz<\/strong><\/li><li><strong>2 Verst\u00f6\u00dfe gegen das Pflichtversicherungsgesetz<\/strong><\/li><li><strong>ein Versto\u00df gegen das Aufenthaltsgesetz<\/strong><\/li><li><strong>eine Urkundenf\u00e4lschung<\/strong><\/li><li><strong>ein Strafverfahren wegen Trunkenheit im Stra\u00dfenverkehr<\/strong><\/li><\/ul>\n\n\n\n<p>Dar\u00fcber hinaus wurden sieben weitere Personen unter dem Einfluss von Bet\u00e4ubungsmitteln im Stra\u00dfenverkehr festgestellt. Allen Fahrzeugf\u00fchrern wurden Blutproben entnommen und die Weiterfahrt untersagt.<\/p>\n\n\n\n<p>Im Gesamten stellten die Beamtinnen und Beamten rund 13 Gramm Amphetamine, 8 Gramm Marihuana und 2 Gramm Haschisch sicher.<\/p>\n\n\n\n<p>Ein Kraftfahrzeugf\u00fchrer und dessen Beifahrer, welche im Laufe der Kontrolle in den Fokus der Ermittlerinnen und Ermittler gerieten, m\u00fcssen sich wegen Verst\u00f6\u00dfen gegen das Waffengesetz verantworten. Die M\u00e4nner hatten zwar einen Waffenschein, f\u00fchrten ihre Langwaffen samt Munition allerdings ohne jegliche Sicherung zugriffsbereit im Fahrzeug mit. Nach entsprechenden \u00dcberpr\u00fcfungen und ordnungsgem\u00e4\u00dfer Sicherung konnten die M\u00e4nner ihre Fahrt wieder fortsetzen.<\/p>\n\n\n\n<p>Die Kontrollen an der Tank- und Rastanlage haben sich erneut bew\u00e4hrt. Die Ergebnisse zeigen, dass sie einen wichtigen Beitrag zur Steigerung der Verkehrssicherheit leisten und werden daher auch in Zukunft intensiv fortgesetzt.<\/p>\n\n\n\n<h2 class=\"wp-block-heading\">(Hockenheim \/ Neulu\u00dfheim \/ Reilingen \/ Rhein-Neckar-Kreis) &#8211; Fahrr\u00e4der bei Durchsuchung sichergestellt \/ Gesch\u00e4digte bzw. Eigent\u00fcmer gesucht<\/h2>\n\n\n\n<div class=\"wp-block-image\"><figure class=\"aligncenter size-large\"><img decoding=\"async\" loading=\"lazy\" width=\"500\" height=\"722\" src=\"https:\/\/speyer24news.com\/wp-content\/uploads\/2021\/11\/Plakat1.jpg\" alt=\"\" class=\"wp-image-42319\" srcset=\"https:\/\/speyer24news.com\/wp-content\/uploads\/2021\/11\/Plakat1.jpg 500w, https:\/\/speyer24news.com\/wp-content\/uploads\/2021\/11\/Plakat1-208x300.jpg 208w\" sizes=\"(max-width: 500px) 100vw, 500px\" \/><\/figure><\/div>\n\n\n\n<p>Am vergangenen Donnerstag stellten Beamtinnen und Beamte des Polizeipostens Neulu\u00dfheim bei einer Wohnungsdurchsuchung wegen des Verdachts des Diebstahls in einer Garage in Reilingen mehrere Fahrr\u00e4der sicher.<\/p>\n\n\n\n<p>Aufgrund der bisherigen Ermittlungen ist davon auszugehen, dass die Fahrr\u00e4der zuvor im Bereich Reilingen bzw. den umliegenden Ortschaften gestohlen wurden. Zehn der sichergestellten Fahrr\u00e4der konnten ihren Eigent\u00fcmern bisher nicht zugeordnet werden. Sofern Sie auf einem der beigef\u00fcgten Bilder ihr gestohlenes Fahrrad wiedererkennen, k\u00f6nnen Sie sich beim Polizeiposten Neulu\u00dfheim (Tel.: 06205\/31129) oder beim Polizeirevier Hockenheim (Tel.: 06205\/2860-0) melden.<\/p>\n\n\n\n<div class=\"wp-block-image\"><figure class=\"aligncenter size-large\"><img decoding=\"async\" loading=\"lazy\" width=\"500\" height=\"722\" src=\"https:\/\/speyer24news.com\/wp-content\/uploads\/2021\/11\/Plakat2.jpg\" alt=\"\" class=\"wp-image-42320\" srcset=\"https:\/\/speyer24news.com\/wp-content\/uploads\/2021\/11\/Plakat2.jpg 500w, https:\/\/speyer24news.com\/wp-content\/uploads\/2021\/11\/Plakat2-208x300.jpg 208w\" sizes=\"(max-width: 500px) 100vw, 500px\" \/><\/figure><\/div>\n\n\n\n<p>Eine Herausgabe kann nur durch Vorlage eines eindeutigen Eigentumsnachweises (z.B. Rechnungsbeleg mit Rahmennummer, Unterlagen zur Fahrradcodierung etc.) erfolgen.<\/p>\n\n\n\n<h2 class=\"wp-block-heading\">(B 39 \/ M\u00fchlhausen \/ Rhein-Neckar-Kreis) &#8211; 3 Verletzte und 20.000 Euro Schaden nach Verkehrsunfall<\/h2>\n\n\n\n<p>Am Montagnachmittag gegen 16:30 Uhr fuhr ein 27-j\u00e4hriger Mann mit seinem Ford von M\u00fchlhausen kommend auf die B39 auf. Dabei missachtete der Mann die Vorfahrt eines auf der B39 in Richtung Rauenberg fahrenden 78-j\u00e4hrigen Ford-Fahrers. Durch die Kollision schleuderte das Fahrzeug des 27-J\u00e4hrigen auf einen Mercedes, welcher ebenfalls gerade auf die B39 auffuhr. Alle Fahrzeuge wurden erheblich besch\u00e4digt. F\u00fcr die Dauer der Unfallaufnahme musste die Fahrbahn f\u00fcr zwei Stunden gesperrt werden. Der Verkehr wurde in dieser Zeit \u00f6rtlich umgeleitet. Der Gesamtschaden an den PKW liegt bei rund 20.000 Euro. Der 22-j\u00e4hrige Mercedes-Fahrer blieb unverletzt. Die beiden Ford-Fahrer wurden schwer verletzt und befinden sich in umliegenden Krankenh\u00e4usern. Neben dem Rettungsdienst und der Polizei waren mehrere Fahrzeuge der freiwilligen Feuerwehr im Einsatz.<\/p>\n\n\n\n<h2 class=\"wp-block-heading\">(Sinsheim \/ Rhein-Neckar-Kreis) &#8211; Brandausbruch in Wohnung<\/h2>\n\n\n\n<p>Wegen eines ausgel\u00f6sten Brandmelders wurden am Montagabend gleich mehrere Bewohner eines Mehrfamilienhauses in der Dresdener Stra\u00dfe auf einen Brand in einer Wohnung im zweiten Obergeschoss aufmerksam und verst\u00e4ndigten Polizei und Feuerwehr. Aus bislang ungekl\u00e4rter Ursache entfachte sich in der Abwesenheit der Inhaber gegen 21:30 Uhr ein Feuer in deren Wohnungsflur, was den Rauchmelder ausl\u00f6ste. Ein Nachbar \u00f6ffnete daraufhin gewaltsam die Wohnungst\u00fcre und versuchte den Brand zu l\u00f6schen, was ihm jedoch nicht gelang. Alle anderen Bewohner des Hauses verlie\u00dfen derweil das Haus. Die alarmierten Wehrleute der Freiwilligen Feuerwehr Sinsheim konnten den Brand schnell l\u00f6schen und eine Gef\u00e4hrdung f\u00fcr die Hausbewohner nach Messungen ausschlie\u00dfen. Die betroffene Wohnung bleibt jedoch aufgrund der Ru\u00dfbildungen und des entstandenen Brandschadens vorerst unbewohnbar. Die Brandermittler des Polizeireviers Sinsheim haben die Ermittlungen zur Ursache des Feuers aufgenommen.<\/p>\n\n\n\n<h2 class=\"wp-block-heading\">(Sinsheim \/ Rhein-Neckar-Kreis) &#8211; Garage aufgebrochen und Werkzeuge entwendet<\/h2>\n\n\n\n<p>Zwischen Sonntag, 23:00 Uhr, und Montag, 09:00 Uhr, verschafften sich im Sinsheimer Stadtteil Hilsbach ein oder mehrere unbekannte T\u00e4ter Zutritt zur Garage eines Hauses und entwendeten verschiedene Werkzeuge und elektronische Ger\u00e4te. Hierunter befanden sich u.a. ein hochwertiger Hochdruckreiniger, ein Stromerzeuger und ein Navigationsger\u00e4t. Der Diebstahlsschaden bel\u00e4uft sich auf rund 4.000.- Euro. Laut bisheriger Ermittlungen des zust\u00e4ndigen Polizeiposten Angelbachtal wurde das Diebesgut wahrscheinlich mittels eines Fahrzeuges abtransportiert.<\/p>\n\n\n\n<p>Zeugen, die im genannten Zeitraum verd\u00e4chtige Personen oder Fahrzeuge im Bereich Hilsbach beobachtet haben, werden gebeten, sich an den Polizeiposten Angelbachtal unter der Rufnummer 07265 911200 zu wenden.<\/p>\n\n\n\n<h2 class=\"wp-block-heading\">(Bammental \/ Rhein-Neckar-Kreis) &#8211; Unfall durch Wendeman\u00f6ver<\/h2>\n\n\n\n<p>Am Montagmorgen kurz nach 7 Uhr kam es in der Oberdorfstra\u00dfe zu einem Verkehrsunfall zwischen einem PKW und einem Radfahrer. Eine 64-j\u00e4hrige Volvo-Fahrerin wendete ihr Fahrzeug auf der Stra\u00dfe, um in Richtung Ortsmitte zu fahren. Dabei \u00fcbersah sie einen Fahrradfahrer, welcher von Waldhilsbach kommend ebenfalls in Richtung Ortskern fuhr. Durch die Kollision mit dem Fahrzeug zog sich der Radfahrer leichte Verletzungen zu und wurde durch den Rettungsdienst in ein nahegelegenes Krankenhaus gebracht. Der Sachschaden liegt bei 2.000 Euro.<\/p>\n\n\n\n<h2 class=\"wp-block-heading\">(Weinheim \/ Rhein-Neckar-Kreis) &#8211; Aktuell Verkehrsunfall unter Beteiligung zweier PKW im Kreuzungsbereich Multring\/ Cavaillonstra\u00dfe<\/h2>\n\n\n\n<h3 class=\"has-text-align-center wp-block-heading\">Pressemitteilung Nr. 1<\/h3>\n\n\n\n<p>Am Dienstag gegen 18.00 Uhr ereignete sich im Bereich der Kreuzung Multring\/ Cavaillonstra\u00dfe ein Verkehrsunfall unter Beteiligung zweier PKW. Aufgrund der Rettungsma\u00dfnahmen sowie Unfallaufnahme vor Ort ist der Multring daher in Richtung Breslauer Stra\u00dfe zurzeit vollgesperrt. Das Polizeirevier Weinheim hat vor Ort die Ermittlungen zur Unfallursache aufgenommen.<\/p>\n\n\n\n<h2 class=\"wp-block-heading\">(Weinheim \/ Rhein-Neckar-Kreis) &#8211; Verkehrsunfall unter Beteiligung zweier PKW im Kreuzungsbereich Multring \/ Cavaillonstra\u00dfe<\/h2>\n\n\n\n<h3 class=\"has-text-align-center wp-block-heading\">Pressemitteilung Nr. 2<\/h3>\n\n\n\n<p>Nach bisherigem Ermittlungsstand befuhr die 35-j\u00e4hrige Fahrerin eines PKW BMW die Cavaillonstra\u00dfe in Fahrtrichtung H\u00e4ndelstra\u00dfe und wollte im Kreuzungsbereich Cavaillonstra\u00dfe\/ Multring in den Multring abbiegen. Hierbei \u00fcbersah sie den entgegenkommenden PKW VW eines 30-j\u00e4hrigen Fahrers, der die Cavaillonstra\u00dfe in Richtung Leberstra\u00dfe befahren wollte. Bei dem Verkehrsunfall wurde eine Person leichtverletzt und zur weiteren Untersuchung in ein nahegelegenes Krankenhaus verbracht. Der Gesamtschaden wird auf ca. 50.000 Euro gesch\u00e4tzt. Aktuell laufen vor Ort Aufr\u00e4umarbeiten. Abschleppdienste sind zur Bergung der Fahrzeuge im Einsatz. Der Verkehr auf dem Multring in Richtung Stadtmitte ist noch f\u00fcr ca. 30 Minuten gesperrt. Eine \u00f6rtliche Umleitung ist eingerichtet.<\/p>\n","protected":false},"excerpt":{"rendered":"<div class=\"mh-excerpt\"><p>Polizeimeldungen vom Dienstag (09.11.2021) (Speyer) &#8211; 69-J\u00e4hriger verursacht mit 2,6 Promille Verkehrsunfall Weil er einem entgegenkommenden PKW ausweichen musste, kollidierte am Montag gegen 16:00 Uhr ein 69-j\u00e4hriger PKW-Fahrer mit einem parkenden PKW. Der Mann war <a class=\"mh-excerpt-more\" href=\"https:\/\/speyer24news.com\/?p=42315\" title=\"Polizei\">[&#8230;]<\/a><\/p>\n<\/div>","protected":false},"author":3,"featured_media":26162,"comment_status":"open","ping_status":"open","sticky":false,"template":"","format":"standard","meta":{"_monsterinsights_skip_tracking":false,"_monsterinsights_sitenote_active":false,"_monsterinsights_sitenote_note":"","_monsterinsights_sitenote_category":0,"footnotes":""},"categories":[12],"tags":[3614,702,61,2555,6955,6986,6263,63,105,11150,6987,53,4854,4683,1548,4905,102,213,55,6368,5261,103,106,2803,2423,427,2625,380,62,104,979,1565],"aioseo_notices":[],"amp_enabled":true,"_links":{"self":[{"href":"https:\/\/speyer24news.com\/index.php?rest_route=\/wp\/v2\/posts\/42315"}],"collection":[{"href":"https:\/\/speyer24news.com\/index.php?rest_route=\/wp\/v2\/posts"}],"about":[{"href":"https:\/\/speyer24news.com\/index.php?rest_route=\/wp\/v2\/types\/post"}],"author":[{"embeddable":true,"href":"https:\/\/speyer24news.com\/index.php?rest_route=\/wp\/v2\/users\/3"}],"replies":[{"embeddable":true,"href":"https:\/\/speyer24news.com\/index.php?rest_route=%2Fwp%2Fv2%2Fcomments&post=42315"}],"version-history":[{"count":1,"href":"https:\/\/speyer24news.com\/index.php?rest_route=\/wp\/v2\/posts\/42315\/revisions"}],"predecessor-version":[{"id":42321,"href":"https:\/\/speyer24news.com\/index.php?rest_route=\/wp\/v2\/posts\/42315\/revisions\/42321"}],"wp:featuredmedia":[{"embeddable":true,"href":"https:\/\/speyer24news.com\/index.php?rest_route=\/wp\/v2\/media\/26162"}],"wp:attachment":[{"href":"https:\/\/speyer24news.com\/index.php?rest_route=%2Fwp%2Fv2%2Fmedia&parent=42315"}],"wp:term":[{"taxonomy":"category","embeddable":true,"href":"https:\/\/speyer24news.com\/index.php?rest_route=%2Fwp%2Fv2%2Fcategories&post=42315"},{"taxonomy":"post_tag","embeddable":true,"href":"https:\/\/speyer24news.com\/index.php?rest_route=%2Fwp%2Fv2%2Ftags&post=42315"}],"curies":[{"name":"wp","href":"https:\/\/api.w.org\/{rel}","templated":true}]}}