{"id":42354,"date":"2021-11-13T09:51:35","date_gmt":"2021-11-13T08:51:35","guid":{"rendered":"https:\/\/speyer24news.com\/?p=42354"},"modified":"2021-11-13T10:06:14","modified_gmt":"2021-11-13T09:06:14","slug":"stadtnotizen-verkehrsnotizen-speyer-11","status":"publish","type":"post","link":"https:\/\/speyer24news.com\/?p=42354","title":{"rendered":"Stadtnotizen &#038; Verkehrsnotizen Speyer"},"content":{"rendered":"<style type=\"text\/css\">\r\n\t.ads_top_disp{}\r\n\t.ads_top_corner_disp{ float:left; margin:0px 10px 10px 0px; }\r\n\t.ads_first_p_disp{}\r\n\t.ads_bottom_disp{}\r\n\t<\/style>\n<h1 class=\"has-text-align-center wp-block-heading\">Stadtnotizen<\/h1>\n\n\n\n<div class=\"wp-block-image\"><figure class=\"aligncenter size-large\"><img decoding=\"async\" loading=\"lazy\" width=\"800\" height=\"600\" src=\"https:\/\/speyer24news.com\/wp-content\/uploads\/2020\/01\/Speyer-Stadtnachrichten-2.jpg\" alt=\"\" class=\"wp-image-23901\" srcset=\"https:\/\/speyer24news.com\/wp-content\/uploads\/2020\/01\/Speyer-Stadtnachrichten-2.jpg 800w, https:\/\/speyer24news.com\/wp-content\/uploads\/2020\/01\/Speyer-Stadtnachrichten-2-300x225.jpg 300w, https:\/\/speyer24news.com\/wp-content\/uploads\/2020\/01\/Speyer-Stadtnachrichten-2-768x576.jpg 768w, https:\/\/speyer24news.com\/wp-content\/uploads\/2020\/01\/Speyer-Stadtnachrichten-2-678x509.jpg 678w, https:\/\/speyer24news.com\/wp-content\/uploads\/2020\/01\/Speyer-Stadtnachrichten-2-326x245.jpg 326w, https:\/\/speyer24news.com\/wp-content\/uploads\/2020\/01\/Speyer-Stadtnachrichten-2-80x60.jpg 80w\" sizes=\"(max-width: 800px) 100vw, 800px\" \/><\/figure><\/div>\n\n\n\n<h2 class=\"wp-block-heading\"><strong>Dienstagsmarkt zieht vor\u00fcbergehend auf den K\u00f6nigsplatz<\/strong><\/h2>\n\n\n\n<div class=\"wp-block-image\"><figure class=\"aligncenter size-large\"><img decoding=\"async\" loading=\"lazy\" width=\"375\" height=\"500\" src=\"https:\/\/speyer24news.com\/wp-content\/uploads\/2021\/03\/Wochenmarkt.jpg\" alt=\"\" class=\"wp-image-34433\" srcset=\"https:\/\/speyer24news.com\/wp-content\/uploads\/2021\/03\/Wochenmarkt.jpg 375w, https:\/\/speyer24news.com\/wp-content\/uploads\/2021\/03\/Wochenmarkt-225x300.jpg 225w\" sizes=\"(max-width: 375px) 100vw, 375px\" \/><\/figure><\/div>\n\n\n\n<p>Der Dienstagsmarkt, der unterj\u00e4hrig auf dem Platz vor dem B\u00fcrgerb\u00fcro Maximilianstra\u00dfe stattfindet, zieht aufgrund des anstehenden Weihnachtsmarkts f\u00fcr die kommenden Wochen auf den K\u00f6nigplatz um. Um die zentrale Nahversorgung der Bev\u00f6lkerung wie gewohnt zu gew\u00e4hrleisten, werden die Metzgerei Morgenstern und der Gem\u00fcsehandel Weiler ihre St\u00e4nde <strong>ab Dienstag, 16. November 2021 bis einschlie\u00dflich Dienstag, 11. Januar 2022<\/strong> im s\u00fcd\u00f6stlichen Bereich des K\u00f6nigsplatzes aufstellen (Ecke Schustergasse\/Ludwigsstra\u00dfe).<\/p>\n\n\n\n<p><em>Text: Stadtverwaltung Speyer Foto: \u00a9 Speyer 24\/7 News<br>13.11.2021<\/em><\/p>\n\n\n\n<h1 class=\"has-text-align-center wp-block-heading\">Verkehrsnotizen<\/h1>\n\n\n\n<div class=\"wp-block-image\"><figure class=\"aligncenter size-large\"><img decoding=\"async\" loading=\"lazy\" width=\"800\" height=\"565\" src=\"https:\/\/speyer24news.com\/wp-content\/uploads\/2020\/01\/Baustelle-2.jpg\" alt=\"\" class=\"wp-image-23900\" srcset=\"https:\/\/speyer24news.com\/wp-content\/uploads\/2020\/01\/Baustelle-2.jpg 800w, https:\/\/speyer24news.com\/wp-content\/uploads\/2020\/01\/Baustelle-2-300x212.jpg 300w, https:\/\/speyer24news.com\/wp-content\/uploads\/2020\/01\/Baustelle-2-768x542.jpg 768w\" sizes=\"(max-width: 800px) 100vw, 800px\" \/><\/figure><\/div>\n\n\n\n<h2 class=\"wp-block-heading\">Windthorststra\u00dfe gesperrt<\/h2>\n\n\n\n<p>Aufgrund von Arbeiten im Auftrag der Stadtwerke Speyer wird die Windthorststra\u00dfe auf H\u00f6he der Hausnummer 26 <strong>vom 22. November bis voraussichtlich 21. Dezember 2021<\/strong> f\u00fcr den Durchgangsverkehr voll gesperrt.<br>F\u00fcr die Dauer der Ma\u00dfnahme wird der betroffene Stra\u00dfenteil beidseitig als Sackgasse ausgewiesen und eine Umleitung eingerichtet.<\/p>\n\n\n\n<p>F\u00fcr R\u00fcckfragen steht die Stra\u00dfenverkehrsbeh\u00f6rde unter der Rufnummer 14-2938 zur Verf\u00fcgung.<\/p>\n\n\n\n<h2 class=\"wp-block-heading\">Waldseer Stra\u00dfe halbseitig gesperrt<\/h2>\n\n\n\n<p>Aufgrund notwendiger Leitungsarbeiten im Auftrag der Stadtwerke Speyer wird die Waldseer Stra\u00dfe zwischen der Tullastra\u00dfe und der Wormser Landstra\u00dfe <strong>von Montag, 15. November bis voraussichtlich 6. Dezember 2021<\/strong> halbseitig gesperrt.<\/p>\n\n\n\n<p>Der Verkehr aus Richtung Spaldinger Stra\u00dfe \/ Waldseer Stra\u00dfe wird \u00fcber die Tullastra\u00dfe und die Stra\u00dfe Im Neudeck umgeleitet. Die Fahrspur aus Richtung Zentrum in Richtung Otterstadt bleibt weiterhin befahrbar.<\/p>\n\n\n\n<p>F\u00fcr R\u00fcckfragen steht die Stra\u00dfenverkehrsbeh\u00f6rde unter der Rufnummer 14-2938 zur Verf\u00fcgung.<\/p>\n\n\n\n<h3 class=\"wp-block-heading\">Eine \u00dcbersicht der aktuell laufenden Gro\u00dfbaustellen finden Sie hier:<\/h3>\n\n\n\n<p><a href=\"https:\/\/www.speyer.de\/de\/standort\/verkehr\/baustellen\/laufende-baustellen\/\">Laufende Baustellen | Stadt Speyer<\/a><\/p>\n\n\n\n<p><em>Stadtverwaltung Speyer<br>13.11.2021<\/em><\/p>\n","protected":false},"excerpt":{"rendered":"<div class=\"mh-excerpt\"><p>Stadtnotizen Dienstagsmarkt zieht vor\u00fcbergehend auf den K\u00f6nigsplatz Der Dienstagsmarkt, der unterj\u00e4hrig auf dem Platz vor dem B\u00fcrgerb\u00fcro Maximilianstra\u00dfe stattfindet, zieht aufgrund des anstehenden Weihnachtsmarkts f\u00fcr die kommenden Wochen auf den K\u00f6nigplatz um. Um die zentrale <a class=\"mh-excerpt-more\" href=\"https:\/\/speyer24news.com\/?p=42354\" title=\"Stadtnotizen &#038; Verkehrsnotizen Speyer\">[&#8230;]<\/a><\/p>\n<\/div>","protected":false},"author":3,"featured_media":23902,"comment_status":"open","ping_status":"open","sticky":false,"template":"","format":"standard","meta":{"_monsterinsights_skip_tracking":false,"_monsterinsights_sitenote_active":false,"_monsterinsights_sitenote_note":"","_monsterinsights_sitenote_category":0,"footnotes":""},"categories":[47],"tags":[13325,6520,6,657,1296,658,1114,5041,10656,46],"aioseo_notices":[],"amp_enabled":true,"_links":{"self":[{"href":"https:\/\/speyer24news.com\/index.php?rest_route=\/wp\/v2\/posts\/42354"}],"collection":[{"href":"https:\/\/speyer24news.com\/index.php?rest_route=\/wp\/v2\/posts"}],"about":[{"href":"https:\/\/speyer24news.com\/index.php?rest_route=\/wp\/v2\/types\/post"}],"author":[{"embeddable":true,"href":"https:\/\/speyer24news.com\/index.php?rest_route=\/wp\/v2\/users\/3"}],"replies":[{"embeddable":true,"href":"https:\/\/speyer24news.com\/index.php?rest_route=%2Fwp%2Fv2%2Fcomments&post=42354"}],"version-history":[{"count":2,"href":"https:\/\/speyer24news.com\/index.php?rest_route=\/wp\/v2\/posts\/42354\/revisions"}],"predecessor-version":[{"id":42361,"href":"https:\/\/speyer24news.com\/index.php?rest_route=\/wp\/v2\/posts\/42354\/revisions\/42361"}],"wp:featuredmedia":[{"embeddable":true,"href":"https:\/\/speyer24news.com\/index.php?rest_route=\/wp\/v2\/media\/23902"}],"wp:attachment":[{"href":"https:\/\/speyer24news.com\/index.php?rest_route=%2Fwp%2Fv2%2Fmedia&parent=42354"}],"wp:term":[{"taxonomy":"category","embeddable":true,"href":"https:\/\/speyer24news.com\/index.php?rest_route=%2Fwp%2Fv2%2Fcategories&post=42354"},{"taxonomy":"post_tag","embeddable":true,"href":"https:\/\/speyer24news.com\/index.php?rest_route=%2Fwp%2Fv2%2Ftags&post=42354"}],"curies":[{"name":"wp","href":"https:\/\/api.w.org\/{rel}","templated":true}]}}