{"id":42406,"date":"2021-11-15T08:59:48","date_gmt":"2021-11-15T07:59:48","guid":{"rendered":"https:\/\/speyer24news.com\/?p=42406"},"modified":"2021-11-15T09:05:10","modified_gmt":"2021-11-15T08:05:10","slug":"coronavirus-speyer-28","status":"publish","type":"post","link":"https:\/\/speyer24news.com\/?p=42406","title":{"rendered":"Coronavirus Speyer"},"content":{"rendered":"<style type=\"text\/css\">\r\n\t.ads_top_disp{}\r\n\t.ads_top_corner_disp{ float:left; margin:0px 10px 10px 0px; }\r\n\t.ads_first_p_disp{}\r\n\t.ads_bottom_disp{}\r\n\t<\/style>\n<h2 class=\"wp-block-heading\">Fallzahlen f\u00fcr die Stadt Speyer vom Sonntag (14.11.2021)<\/h2>\n\n\n\n<h3 class=\"wp-block-heading\">Warnstufe 2 sehr wahrscheinlich: Nach Germersheim mit einer Inzidenz von 353,5 nun auch Worms mit 317,5 \u00fcber der 300er Marke. Leider aber die gesamte Metropolregion sehr stark betroffen<\/h3>\n\n\n\n<div class=\"wp-block-image\"><figure class=\"aligncenter\"><img decoding=\"async\" loading=\"lazy\" width=\"800\" height=\"400\" src=\"https:\/\/speyer24news.com\/wp-content\/uploads\/2020\/05\/virus-1812092_1920.jpg\" alt=\"\" class=\"wp-image-26778\" srcset=\"https:\/\/speyer24news.com\/wp-content\/uploads\/2020\/05\/virus-1812092_1920.jpg 800w, https:\/\/speyer24news.com\/wp-content\/uploads\/2020\/05\/virus-1812092_1920-300x150.jpg 300w, https:\/\/speyer24news.com\/wp-content\/uploads\/2020\/05\/virus-1812092_1920-768x384.jpg 768w\" sizes=\"(max-width: 800px) 100vw, 800px\" \/><\/figure><\/div>\n\n\n\n<p>Anzahl best\u00e4tigter F\u00e4lle von Coronavirus (SARS-CoV-2)-Infektionen in der Stadt Speyer: 3.847 ( + 14 )<br>Davon hospitalisiert: 130 ( unver\u00e4ndert&nbsp;)<br>Davon bereits genesen: 3.475 ( + 14 )<br>Todesf\u00e4lle: 95 ( unver\u00e4ndert&nbsp;)<br>Gemeldete F\u00e4lle der letzten sieben Tage pro 100.000 Einwohner*innen (Inzidenz gem\u00e4\u00df LUA): 197,1 ( unver\u00e4ndert&nbsp;) <\/p>\n\n\n\n<p><em>Stadtverwaltung Speyer<br>15.11.2021<\/em><\/p>\n\n\n\n<h2 class=\"wp-block-heading\">Leitindikatoren zur Berechnung der Warnstufe<\/h2>\n\n\n\n<div class=\"wp-block-image\"><figure class=\"aligncenter\"><img decoding=\"async\" loading=\"lazy\" width=\"600\" height=\"600\" src=\"https:\/\/speyer24news.com\/wp-content\/uploads\/2021\/09\/Warnstufensystem-2G-.png\" alt=\"\" class=\"wp-image-40457\" srcset=\"https:\/\/speyer24news.com\/wp-content\/uploads\/2021\/09\/Warnstufensystem-2G-.png 600w, https:\/\/speyer24news.com\/wp-content\/uploads\/2021\/09\/Warnstufensystem-2G--300x300.png 300w, https:\/\/speyer24news.com\/wp-content\/uploads\/2021\/09\/Warnstufensystem-2G--150x150.png 150w\" sizes=\"(max-width: 600px) 100vw, 600px\" \/><\/figure><\/div>\n\n\n\n<figure class=\"wp-block-table\"><table><tbody><tr><td>&nbsp;<\/td><td>Leitindikator \u201eSieben-Tage-Inzidenz\u201c<\/td><td>Leitindikator \u201eSieben-Tage-Hospitalisierungs-Inzidenz\u201c<\/td><td>Anteil COVID-19 an Intensivkapazit\u00e4t (%)<\/td><\/tr><tr><td>Sonntag, 14.11.2021<\/td><td>197,1<\/td><td>3,2<\/td><td>5,80<\/td><\/tr><tr><td>Samstag, 13.11.2021<\/td><td>197,1<\/td><td>3,3<\/td><td>5,68<\/td><\/tr><tr><td>Freitag, 12.11.2021<\/td><td>179,3<\/td><td>3,6<\/td><td>5,86<\/td><\/tr><tr><td>Donnerstag, 11.11.2021<\/td><td>159,6<\/td><td>4,7<\/td><td>5,93<\/td><\/tr><tr><td>Mittwoch, 10.11.2021<\/td><td>183,3<\/td><td>4,8<\/td><td>5,62<\/td><\/tr><tr><td>Dienstag, 09.11.2021<\/td><td>183,3<\/td><td>4,9<\/td><td>5,31<\/td><\/tr><tr><td>Montag, 08.11.2021<\/td><td>114,3<\/td><td>3,9<\/td><td>5,44<\/td><\/tr><\/tbody><\/table><\/figure>\n\n\n\n<p>Der&nbsp;<strong>Leitindikator \u201eSieben-Tage-Inzidenz\u201c<\/strong>&nbsp;gibt an, wie schnell sich das Virus verbreitet. Unter \u201eSieben-Tage-Inzidenz\u201c wird die Anzahl der Neuinfektionen mit dem Coronavirus SARS-CoV-2 je 100&nbsp;000 Einwohnerinnen und Einwohner innerhalb von sieben Tagen f\u00fcr jeden Landkreis und jede kreisfreie Stadt verstanden.<\/p>\n\n\n\n<p>Der&nbsp;<strong>Leitindikator \u201eSieben-Tage-Hospitalisierungs-Inzidenz\u201c&nbsp;<\/strong>zeigt an, wie viele Schwererkrankte innerhalb eines Zeitraums von sieben Tagen neu station\u00e4r aufgenommen wurden. Der Leitindikator \u201eSieben-Tage-Hospitalisierungs-Inzidenz\u201c misst die Anzahl der neu aufgenommenen Hospitalisierungsf\u00e4lle mit COVID-19-Erkrankung je 100 000 Einwohnerinnen und Einwohner im Durchschnitt der letzten sieben Tagen bezogen auf ein Versorgungsgebiet gem\u00e4\u00df Krankenhausplan des Landes Rheinland-Pfalz 2019 bis 2025.<\/p>\n\n\n\n<p>Der&nbsp;<strong>Leitindikator \u201eAnteil Intensivbetten\u201c<\/strong>&nbsp;misst die Belastung des Gesundheitswesens. Er bestimmt sich nach dem prozentualen Anteil der mit COVID-19-Erkrankten belegten Intensivbetten an der Intensivbettenkapazit\u00e4t innerhalb des Landes Rheinland-Pfalz.<\/p>\n\n\n\n<p>Es gilt das&nbsp;<strong>2G+ System<\/strong>: Dieses regelt, wie viele nicht-immunisierte Personen sich gemeinsam im \u00f6ffentlichen Raum aufhalten, auf Veranstaltungen gehen oder \u00f6ffentliche Einrichtungen wie Kinos oder Konzerth\u00e4user besuchen d\u00fcrfen.&nbsp;F\u00fcr immunisierte Personen wird der Zutritt hingegen nicht reduziert.<\/p>\n\n\n\n<p>Speyer befindet sich aktuell in&nbsp;<strong>Warnstufe 1<\/strong>.&nbsp;<\/p>\n\n\n\n<p><em>Robert-Koch-Institut (RKI)<br>15.11.2021<\/em><\/p>\n\n\n\n<h2 class=\"wp-block-heading\">Regelungen und Beschr\u00e4nkungen bei Warnstufe 1<\/h2>\n\n\n\n<div class=\"wp-block-image\"><figure class=\"aligncenter\"><img decoding=\"async\" loading=\"lazy\" width=\"835\" height=\"1024\" src=\"https:\/\/speyer24news.com\/wp-content\/uploads\/2021\/09\/Warnstufe-1-Regelungen-835x1024.jpg\" alt=\"\" class=\"wp-image-40458\" srcset=\"https:\/\/speyer24news.com\/wp-content\/uploads\/2021\/09\/Warnstufe-1-Regelungen-835x1024.jpg 835w, https:\/\/speyer24news.com\/wp-content\/uploads\/2021\/09\/Warnstufe-1-Regelungen-245x300.jpg 245w, https:\/\/speyer24news.com\/wp-content\/uploads\/2021\/09\/Warnstufe-1-Regelungen-768x942.jpg 768w, https:\/\/speyer24news.com\/wp-content\/uploads\/2021\/09\/Warnstufe-1-Regelungen.jpg 862w\" sizes=\"(max-width: 835px) 100vw, 835px\" \/><\/figure><\/div>\n\n\n\n<p><em>Staatskanzlei Rheinland-Pfalz<br>15.11.2021<\/em><\/p>\n\n\n\n<h2 class=\"wp-block-heading\">Einfach impfen lassen: Aktuelle Impfaktionen in Speyer<\/h2>\n\n\n\n<h3 class=\"wp-block-heading\">Die Stadtverwaltung Speyer weitet ihr Angebot an niedrigschwelligen Impfaktionen weiter aus.<\/h3>\n\n\n\n<div class=\"wp-block-image\"><figure class=\"aligncenter\"><img decoding=\"async\" loading=\"lazy\" width=\"800\" height=\"248\" src=\"https:\/\/speyer24news.com\/wp-content\/uploads\/2021\/11\/Impfbus-RLP-Speyer.png\" alt=\"\" class=\"wp-image-42376\" srcset=\"https:\/\/speyer24news.com\/wp-content\/uploads\/2021\/11\/Impfbus-RLP-Speyer.png 800w, https:\/\/speyer24news.com\/wp-content\/uploads\/2021\/11\/Impfbus-RLP-Speyer-300x93.png 300w, https:\/\/speyer24news.com\/wp-content\/uploads\/2021\/11\/Impfbus-RLP-Speyer-768x238.png 768w\" sizes=\"(max-width: 800px) 100vw, 800px\" \/><\/figure><\/div>\n\n\n\n<h4 class=\"wp-block-heading\">Donnerstag, 18. November 2021 \u2013 Impfbus des Landes Rheinland-Pfalz auf dem Berliner Platz<\/h4>\n\n\n\n<p>Zwischen 9 und 17 Uhr ohne Termin vorbeikommen, Personalausweis vorzeigen und impfen lassen. Es stehen die Impfstoffe von Johnson &amp; Johnson und BioNTech sowie teilweise von Moderna zur Verf\u00fcgung. Geimpft werden k\u00f6nnen alle ab 12 Jahren (bis 18 mit sorgeberechtigter Person). Durchgef\u00fchrt werden Erst-, Zweit- und Drittimpfungen \u2013 letztere, sofern die Zweitimpfung bereits mehr als sechs Monate zur\u00fcckliegt.<\/p>\n\n\n\n<p><em>Text: Stadtverwaltung Speyer Foto: \u00a9 Staatskanzlei RheinlandPfalz<br>14.11.2021<\/em><\/p>\n\n\n\n<h2 class=\"wp-block-heading\">Fallzahlen f\u00fcr Rheinland-Pfalz<\/h2>\n\n\n\n<figure class=\"wp-block-image size-large\"><img decoding=\"async\" loading=\"lazy\" width=\"800\" height=\"575\" src=\"https:\/\/speyer24news.com\/wp-content\/uploads\/2020\/04\/AdobeStock_320368431.jpeg\" alt=\"\" class=\"wp-image-26313\" srcset=\"https:\/\/speyer24news.com\/wp-content\/uploads\/2020\/04\/AdobeStock_320368431.jpeg 800w, https:\/\/speyer24news.com\/wp-content\/uploads\/2020\/04\/AdobeStock_320368431-300x216.jpeg 300w, https:\/\/speyer24news.com\/wp-content\/uploads\/2020\/04\/AdobeStock_320368431-768x552.jpeg 768w\" sizes=\"(max-width: 800px) 100vw, 800px\" \/><\/figure>\n\n\n\n<figure class=\"wp-block-table\"><table><tbody><tr><td><strong>Kreis, Stand 14.11.2021<\/strong><\/td><td><strong>Laborbest\u00e4tigt, seit Beginn der Pandemie<\/strong><strong><\/strong><\/td><td><strong>Gemeldet, die letzten 7 Tage<\/strong><\/td><td><strong>Landkreis<\/strong><\/td><\/tr><tr><td><strong>Gesamt<\/strong><\/td><td><strong>Differenz zum<br>Vortag<\/strong><\/td><td><strong>Hospitalisiert<\/strong><\/td><td><strong>Verstorben<\/strong><\/td><td><strong>Genesen<sup>A<\/sup><\/strong><\/td><td><strong>aktuelle F\u00e4lle<sup>B<\/sup><\/strong><\/td><td><strong>Gesamt<\/strong><\/td><td><strong>Inzidenz pro 100.000<sup>C<\/sup><\/strong><\/td><\/tr><tr><td><strong>Rheinland-Pfalz<\/strong><\/td><td><strong>+USAF<sup>D<\/sup><\/strong><\/td><td><strong>&lt;20 Jahre<\/strong><\/td><td><strong>20-59 Jahre<sup>E<\/sup><\/strong><\/td><td><strong>\u2265 60 Jahre<\/strong><\/td><\/tr><tr><td>Ahrweiler<\/td><td>6356<\/td><td>17<\/td><td>237<\/td><td>65<\/td><td>5859<\/td><td>432<\/td><td>196<\/td><td>150,2<\/td><td>150,2<\/td><td>202,0<\/td><td>160,3<\/td><td>107,4<\/td><td>Ahrweiler<\/td><\/tr><tr><td>Altenkirchen<\/td><td>6413<\/td><td>14<\/td><td>489<\/td><td>106<\/td><td>5891<\/td><td>416<\/td><td>197<\/td><td>152,6<\/td><td>152,6<\/td><td>312,2<\/td><td>146,2<\/td><td>66,0<\/td><td>Altenkirchen<\/td><\/tr><tr><td>Alzey-Worms<\/td><td>6952<\/td><td>16<\/td><td>406<\/td><td>143<\/td><td>6338<\/td><td>471<\/td><td>263<\/td><td>201,2<\/td><td>201,2<\/td><td>360,6<\/td><td>197,6<\/td><td>100,9<\/td><td>Alzey-Worms<\/td><\/tr><tr><td>Bad D\u00fcrkheim<\/td><td>5938<\/td><td>12<\/td><td>383<\/td><td>162<\/td><td>5189<\/td><td>587<\/td><td>260<\/td><td>195,5<\/td><td>195,5<\/td><td>267,9<\/td><td>206,0<\/td><td>141,5<\/td><td>Bad D\u00fcrkheim<\/td><\/tr><tr><td>Bad Kreuznach<\/td><td>7793<\/td><td>0<\/td><td>213<\/td><td>149<\/td><td>7191<\/td><td>453<\/td><td>227<\/td><td>143,0<\/td><td>143,0<\/td><td>247,7<\/td><td>159,6<\/td><td>55,9<\/td><td>Bad Kreuznach<\/td><\/tr><tr><td>Bernkastel-Wittlich<\/td><td>4255<\/td><td>12<\/td><td>345<\/td><td>67<\/td><td>3866<\/td><td>322<\/td><td>107<\/td><td>95,0<\/td><td>93,6<\/td><td>181,0<\/td><td>94,7<\/td><td>45,4<\/td><td>Bernkastel-Wittlich<\/td><\/tr><tr><td>Birkenfeld<\/td><td>4670<\/td><td>32<\/td><td>381<\/td><td>98<\/td><td>4254<\/td><td>318<\/td><td>165<\/td><td>204,1<\/td><td>197,5<\/td><td>276,5<\/td><td>234,2<\/td><td>120,1<\/td><td>Birkenfeld<\/td><\/tr><tr><td>Bitburg-Pr\u00fcm<\/td><td>4308<\/td><td>17<\/td><td>183<\/td><td>34<\/td><td>4020<\/td><td>254<\/td><td>113<\/td><td>112,9<\/td><td>109,2<\/td><td>154,1<\/td><td>123,9<\/td><td>66,0<\/td><td>Bitburg-Pr\u00fcm<\/td><\/tr><tr><td>Cochem-Zell<\/td><td>2623<\/td><td>0<\/td><td>172<\/td><td>70<\/td><td>2263<\/td><td>290<\/td><td>148<\/td><td>240,3<\/td><td>240,2<\/td><td>476,8<\/td><td>248,0<\/td><td>107,6<\/td><td>Cochem-Zell<\/td><\/tr><tr><td>Donnersbergkreis<\/td><td>3287<\/td><td>0<\/td><td>224<\/td><td>76<\/td><td>2983<\/td><td>228<\/td><td>106<\/td><td>140,3<\/td><td>139,0<\/td><td>277,3<\/td><td>141,5<\/td><td>55,8<\/td><td>Donnersbergkreis<\/td><\/tr><tr><td>Germersheim<\/td><td>8114<\/td><td>0<\/td><td>464<\/td><td>129<\/td><td>7153<\/td><td>832<\/td><td>456<\/td><td>353,5<\/td><td>353,4<\/td><td>1488,4<\/td><td>101,4<\/td><td>55,1<\/td><td>Germersheim<\/td><\/tr><tr><td>Kaiserslautern<\/td><td>5304<\/td><td>0<\/td><td>287<\/td><td>87<\/td><td>4760<\/td><td>457<\/td><td>170<\/td><td>159,9<\/td><td>136,8<\/td><td>329,9<\/td><td>162,8<\/td><td>43,4<\/td><td>Kaiserslautern<\/td><\/tr><tr><td>Kusel<\/td><td>2752<\/td><td>2<\/td><td>226<\/td><td>72<\/td><td>2495<\/td><td>185<\/td><td>112<\/td><td>159,8<\/td><td>151,4<\/td><td>171,0<\/td><td>192,1<\/td><td>106,5<\/td><td>Kusel<\/td><\/tr><tr><td>Mainz-Bingen<\/td><td>9617<\/td><td>21<\/td><td>509<\/td><td>233<\/td><td>8746<\/td><td>638<\/td><td>265<\/td><td>125,3<\/td><td>125,2<\/td><td>195,1<\/td><td>138,4<\/td><td>55,4<\/td><td>Mainz-Bingen<\/td><\/tr><tr><td>Mayen-Koblenz<\/td><td>9453<\/td><td>0<\/td><td>366<\/td><td>186<\/td><td>8503<\/td><td>764<\/td><td>222<\/td><td>103,4<\/td><td>103,4<\/td><td>118,5<\/td><td>113,2<\/td><td>77,3<\/td><td>Mayen-Koblenz<\/td><\/tr><tr><td>Neuwied<\/td><td>10658<\/td><td>55<\/td><td>387<\/td><td>200<\/td><td>9753<\/td><td>705<\/td><td>340<\/td><td>185,7<\/td><td>185,7<\/td><td>310,8<\/td><td>181,4<\/td><td>113,6<\/td><td>Neuwied<\/td><\/tr><tr><td>Rhein-Hunsr\u00fcck<\/td><td>5084<\/td><td>40<\/td><td>409<\/td><td>107<\/td><td>4382<\/td><td>595<\/td><td>221<\/td><td>213,7<\/td><td>213,7<\/td><td>308,0<\/td><td>257,4<\/td><td>89,2<\/td><td>Rhein-Hunsr\u00fcck<\/td><\/tr><tr><td>Rhein-Lahn-Kreis<\/td><td>5114<\/td><td>0<\/td><td>398<\/td><td>103<\/td><td>4734<\/td><td>277<\/td><td>136<\/td><td>111,0<\/td><td>111,0<\/td><td>232,0<\/td><td>106,7<\/td><td>49,0<\/td><td>Rhein-Lahn-Kreis<\/td><\/tr><tr><td>Rhein-Pfalz-Kreis<\/td><td>9046<\/td><td>31<\/td><td>280<\/td><td>236<\/td><td>7831<\/td><td>979<\/td><td>370<\/td><td>239,1<\/td><td>239,1<\/td><td>443,2<\/td><td>232,8<\/td><td>124,3<\/td><td>Rhein-Pfalz-Kreis<\/td><\/tr><tr><td>S\u00fcdliche Weinstr.<\/td><td>5258<\/td><td>71<\/td><td>428<\/td><td>122<\/td><td>4422<\/td><td>714<\/td><td>360<\/td><td>325,0<\/td><td>325,0<\/td><td>576,6<\/td><td>336,9<\/td><td>166,8<\/td><td>S\u00fcdliche Weinstr.<\/td><\/tr><tr><td>S\u00fcdwestpfalz<\/td><td>3365<\/td><td>20<\/td><td>320<\/td><td>90<\/td><td>2951<\/td><td>324<\/td><td>163<\/td><td>171,7<\/td><td>169,5<\/td><td>345,7<\/td><td>179,9<\/td><td>79,0<\/td><td>S\u00fcdwestpfalz<\/td><\/tr><tr><td>Trier-Saarburg<\/td><td>5878<\/td><td>25<\/td><td>307<\/td><td>102<\/td><td>5240<\/td><td>536<\/td><td>223<\/td><td>148,1<\/td><td>148,0<\/td><td>175,2<\/td><td>150,1<\/td><td>126,8<\/td><td>Trier-Saarburg<\/td><\/tr><tr><td>Vulkaneifel<\/td><td>2589<\/td><td>4<\/td><td>208<\/td><td>63<\/td><td>2355<\/td><td>171<\/td><td>66<\/td><td>109,1<\/td><td>109,1<\/td><td>194,4<\/td><td>116,8<\/td><td>54,4<\/td><td>Vulkaneifel<\/td><\/tr><tr><td>Westerwaldkreis<\/td><td>9528<\/td><td>45<\/td><td>740<\/td><td>172<\/td><td>8790<\/td><td>566<\/td><td>246<\/td><td>121,3<\/td><td>121,3<\/td><td>229,7<\/td><td>115,8<\/td><td>60,8<\/td><td>Westerwaldkreis<\/td><\/tr><tr><td>KS Frankenthal<\/td><td>3103<\/td><td>13<\/td><td>77<\/td><td>56<\/td><td>2759<\/td><td>288<\/td><td>98<\/td><td>201,0<\/td><td>201,0<\/td><td>430,8<\/td><td>189,0<\/td><td>75,3<\/td><td>KS Frankenthal<\/td><\/tr><tr><td>KS Kaiserslautern<\/td><td>4858<\/td><td>0<\/td><td>365<\/td><td>122<\/td><td>4528<\/td><td>208<\/td><td>113<\/td><td>113,4<\/td><td>106,3<\/td><td>164,7<\/td><td>126,3<\/td><td>55,1<\/td><td>KS Kaiserslautern<\/td><\/tr><tr><td>KS Koblenz<\/td><td>5740<\/td><td>0<\/td><td>205<\/td><td>164<\/td><td>5264<\/td><td>312<\/td><td>86<\/td><td>75,8<\/td><td>75,8<\/td><td>84,5<\/td><td>81,6<\/td><td>59,4<\/td><td>KS Koblenz<\/td><\/tr><tr><td>KS Landau i.d.Pf.<\/td><td>2468<\/td><td>20<\/td><td>224<\/td><td>44<\/td><td>2131<\/td><td>293<\/td><td>123<\/td><td>263,5<\/td><td>263,5<\/td><td>482,6<\/td><td>262,5<\/td><td>121,8<\/td><td>KS Landau i.d.Pf.<\/td><\/tr><tr><td>KS Ludwigshafen<\/td><td>13985<\/td><td>31<\/td><td>408<\/td><td>344<\/td><td>12704<\/td><td>937<\/td><td>368<\/td><td>213,3<\/td><td>213,3<\/td><td>377,6<\/td><td>201,9<\/td><td>102,4<\/td><td>KS Ludwigshafen<\/td><\/tr><tr><td>KS Mainz<\/td><td>13029<\/td><td>21<\/td><td>602<\/td><td>224<\/td><td>12099<\/td><td>706<\/td><td>297<\/td><td>136,8<\/td><td>136,7<\/td><td>220,5<\/td><td>147,3<\/td><td>49,5<\/td><td>KS Mainz<\/td><\/tr><tr><td>KS Neustadt a.d.W.<\/td><td>2576<\/td><td>6<\/td><td>163<\/td><td>44<\/td><td>2280<\/td><td>252<\/td><td>121<\/td><td>227,0<\/td><td>227,0<\/td><td>418,5<\/td><td>224,5<\/td><td>126,0<\/td><td>KS Neustadt a.d.W.<\/td><\/tr><tr><td>KS Pirmasens<\/td><td>1785<\/td><td>3<\/td><td>200<\/td><td>59<\/td><td>1606<\/td><td>120<\/td><td>46<\/td><td>114,5<\/td><td>114,5<\/td><td>115,4<\/td><td>132,2<\/td><td>88,4<\/td><td>KS Pirmasens<\/td><\/tr><tr><td>KS Speyer<\/td><td>3847<\/td><td>14<\/td><td>130<\/td><td>95<\/td><td>3475<\/td><td>277<\/td><td>100<\/td><td>197,1<\/td><td>197,1<\/td><td>274,2<\/td><td>202,4<\/td><td>142,5<\/td><td>KS Speyer<\/td><\/tr><tr><td>KS Trier<\/td><td>3751<\/td><td>9<\/td><td>177<\/td><td>38<\/td><td>3454<\/td><td>259<\/td><td>87<\/td><td>78,6<\/td><td>78,6<\/td><td>163,6<\/td><td>68,5<\/td><td>45,0<\/td><td>KS Trier<\/td><\/tr><tr><td>KS Worms<\/td><td>5753<\/td><td>20<\/td><td>330<\/td><td>99<\/td><td>5245<\/td><td>409<\/td><td>265<\/td><td>317,5<\/td><td>317,5<\/td><td>437,4<\/td><td>395,8<\/td><td>86,0<\/td><td>KS Worms<\/td><\/tr><tr><td>KS Zweibr\u00fccken<\/td><td>1153<\/td><td>3<\/td><td>89<\/td><td>9<\/td><td>1053<\/td><td>91<\/td><td>31<\/td><td>91,2<\/td><td>91,1<\/td><td>133,6<\/td><td>104,0<\/td><td>46,7<\/td><td>KS Zweibr\u00fccken<\/td><\/tr><tr><td><strong>Rheinland-Pfalz<\/strong><\/td><td><strong>206403<\/strong><\/td><td><strong>574<\/strong><\/td><td><strong>11332<\/strong><\/td><td><strong>4170<\/strong><\/td><td><strong>186567 #<\/strong><\/td><td><strong>15666<\/strong><\/td><td><strong>6867<\/strong><\/td><td><strong>167,6<\/strong><\/td><td><strong>166,0<\/strong><\/td><td><strong>308,9<\/strong><\/td><td><strong>165,6<\/strong><\/td><td><strong>84,1<\/strong><\/td><td><strong>Rheinland-Pfalz<\/strong><\/td><\/tr><\/tbody><\/table><\/figure>\n\n\n\n<h3 class=\"wp-block-heading\">Anmerkungen zur Tabelle<\/h3>\n\n\n\n<p>Dargestellt sind ausschlie\u00dflich mittels PCR laborbest\u00e4tigte Meldef\u00e4lle.<\/p>\n\n\n\n<p>Als \u201everstorben\u201c gelten F\u00e4lle, die als \u201ean\u201c und \u201emit\u201c COVID-19 verstorben \u00fcbermittelt wurden.<\/p>\n\n\n\n<p><sup>A<\/sup>&nbsp;Genesen wurde wie folgt definiert:<\/p>\n\n\n\n<p>a) nicht-verstorben, nicht-hospitalisiert und vor mehr als 21 Tagen ab Datenstichtag erkrankt<\/p>\n\n\n\n<p>b) nicht-verstorben, hospitalisiert gemeldet und vor mehr als 28 Tagen ab Datenstichtag erkrankt<\/p>\n\n\n\n<p>c) nicht-verstorben, Hospitalisierung unbekannt und vor mehr als 28 ab Datenstichtag Tagen erkrankt<\/p>\n\n\n\n<p>Sofern kein Erkrankungsdatum vorliegt, wird das gesch\u00e4tzte Erkrankungsdatum aus Meldedatum minus mittlerem Meldeverzug von derzeit 5 Tagen verwendet.<\/p>\n\n\n\n<p><sup>B<\/sup>&nbsp;Errechnet als Differenz aus Gesamtzahl der laborbest\u00e4tigten F\u00e4lle, Verstorbenen und Genesenen.<\/p>\n\n\n\n<p><sup>C<\/sup>&nbsp;COVID-19 Erkrankungen mit Meldedatum der letzten 7 Tage ab Datenstichtag, pro 100.000 Einwohner. Bitte beachten Sie, dass die Gesamtinzidenz der Meldungen in den letzten 7 Tagen f\u00fcr Rheinland-Pfalz \/100.000 Einwohner das mit der Bev\u00f6lkerungszahl der Gebietseinheit gewichtete Mittel und&nbsp;nicht&nbsp;deren arithmetisches Mittel ist.<\/p>\n\n\n\n<p><sup>D<\/sup>&nbsp;USAF = U.S. Armed Forces; Berechnung der Inzidenz \/100.000 unter Ber\u00fccksichtigung der mit Stand vom 30.6.2020 in der Gebietseinheit stationierten U.S. Streitkr\u00e4fte<\/p>\n\n\n\n<p><sup>E<\/sup>&nbsp;beinhaltet &lt;1% F\u00e4lle ohne Altersangabe<\/p>\n\n\n\n<p># Die Summe der in Rheinland-Pfalz bereits von COVID-19 Genesenen kann aufgrund eines unterschiedlichen Datenstandes und Bewertungsalgorithmus von der auf dem RKI-Dashboard abweichen.<\/p>\n\n\n\n<p><em>Landesuntersuchungsamt (LUA) Rheinland-Pfalz<br>15.11.2021<\/em><\/p>\n","protected":false},"excerpt":{"rendered":"<div class=\"mh-excerpt\"><p>Fallzahlen f\u00fcr die Stadt Speyer vom Sonntag (14.11.2021) Warnstufe 2 sehr wahrscheinlich: Nach Germersheim mit einer Inzidenz von 353,5 nun auch Worms mit 317,5 \u00fcber der 300er Marke. Leider aber die gesamte Metropolregion sehr stark <a class=\"mh-excerpt-more\" href=\"https:\/\/speyer24news.com\/?p=42406\" title=\"Coronavirus Speyer\">[&#8230;]<\/a><\/p>\n<\/div>","protected":false},"author":3,"featured_media":25126,"comment_status":"open","ping_status":"open","sticky":false,"template":"","format":"standard","meta":{"_monsterinsights_skip_tracking":false,"_monsterinsights_sitenote_active":false,"_monsterinsights_sitenote_note":"","_monsterinsights_sitenote_category":0,"footnotes":""},"categories":[11613],"tags":[6401,8404,6902,6367,9176,6940,7076,13335,12873,8725,6359,6370,5904,6323,6358,7003,5801,6903,6634,6342,8139,9379,7245,13336,210,12797,12798,12801,11269,13337,13338,12874,12881,6,2304],"aioseo_notices":[],"amp_enabled":true,"_links":{"self":[{"href":"https:\/\/speyer24news.com\/index.php?rest_route=\/wp\/v2\/posts\/42406"}],"collection":[{"href":"https:\/\/speyer24news.com\/index.php?rest_route=\/wp\/v2\/posts"}],"about":[{"href":"https:\/\/speyer24news.com\/index.php?rest_route=\/wp\/v2\/types\/post"}],"author":[{"embeddable":true,"href":"https:\/\/speyer24news.com\/index.php?rest_route=\/wp\/v2\/users\/3"}],"replies":[{"embeddable":true,"href":"https:\/\/speyer24news.com\/index.php?rest_route=%2Fwp%2Fv2%2Fcomments&post=42406"}],"version-history":[{"count":2,"href":"https:\/\/speyer24news.com\/index.php?rest_route=\/wp\/v2\/posts\/42406\/revisions"}],"predecessor-version":[{"id":42410,"href":"https:\/\/speyer24news.com\/index.php?rest_route=\/wp\/v2\/posts\/42406\/revisions\/42410"}],"wp:featuredmedia":[{"embeddable":true,"href":"https:\/\/speyer24news.com\/index.php?rest_route=\/wp\/v2\/media\/25126"}],"wp:attachment":[{"href":"https:\/\/speyer24news.com\/index.php?rest_route=%2Fwp%2Fv2%2Fmedia&parent=42406"}],"wp:term":[{"taxonomy":"category","embeddable":true,"href":"https:\/\/speyer24news.com\/index.php?rest_route=%2Fwp%2Fv2%2Fcategories&post=42406"},{"taxonomy":"post_tag","embeddable":true,"href":"https:\/\/speyer24news.com\/index.php?rest_route=%2Fwp%2Fv2%2Ftags&post=42406"}],"curies":[{"name":"wp","href":"https:\/\/api.w.org\/{rel}","templated":true}]}}