{"id":42428,"date":"2021-11-15T20:01:25","date_gmt":"2021-11-15T19:01:25","guid":{"rendered":"https:\/\/speyer24news.com\/?p=42428"},"modified":"2021-11-15T20:01:27","modified_gmt":"2021-11-15T19:01:27","slug":"weihnachten-speyer-3","status":"publish","type":"post","link":"https:\/\/speyer24news.com\/?p=42428","title":{"rendered":"Weihnachten \/ Speyer"},"content":{"rendered":"<style type=\"text\/css\">\r\n\t.ads_top_disp{}\r\n\t.ads_top_corner_disp{ float:left; margin:0px 10px 10px 0px; }\r\n\t.ads_first_p_disp{}\r\n\t.ads_bottom_disp{}\r\n\t<\/style>\n<h2 class=\"wp-block-heading\">Programm des Weihnachts- und Neujahrsmarkts vorgestellt \u2013 Stadt bittet um Einvernehmen des Landes f\u00fcr Corona-Schutzma\u00dfnahmen<\/h2>\n\n\n\n<div class=\"wp-block-image\"><figure class=\"aligncenter size-large\"><img decoding=\"async\" loading=\"lazy\" width=\"800\" height=\"600\" src=\"https:\/\/speyer24news.com\/wp-content\/uploads\/2021\/11\/DSC01848-1.jpg\" alt=\"\" class=\"wp-image-42430\" srcset=\"https:\/\/speyer24news.com\/wp-content\/uploads\/2021\/11\/DSC01848-1.jpg 800w, https:\/\/speyer24news.com\/wp-content\/uploads\/2021\/11\/DSC01848-1-300x225.jpg 300w, https:\/\/speyer24news.com\/wp-content\/uploads\/2021\/11\/DSC01848-1-768x576.jpg 768w, https:\/\/speyer24news.com\/wp-content\/uploads\/2021\/11\/DSC01848-1-678x509.jpg 678w, https:\/\/speyer24news.com\/wp-content\/uploads\/2021\/11\/DSC01848-1-326x245.jpg 326w, https:\/\/speyer24news.com\/wp-content\/uploads\/2021\/11\/DSC01848-1-80x60.jpg 80w\" sizes=\"(max-width: 800px) 100vw, 800px\" \/><figcaption>Oberb\u00fcrgermeisterin Stefanie Seiler, gemeinsam mit der Eisk\u00f6nig Elsa, bei der Er\u00f6ffnung des Weihnachtsmarktes 2017. <br><em>Foto: Speyer 24\/7 News<\/em><\/figcaption><\/figure><\/div>\n\n\n\n<p>Am heutigen Montag, 15. November 2021 haben Oberb\u00fcrgermeisterin Stefanie Seiler, Marktmeisterin Heidi Jester und Veranstaltungskoordinator Christian K\u00f6lsch das Programm des diesj\u00e4hrigen Weihnachts- und Neujahrsmarkts vorgestellt. Dieser \u00f6ffnet am Montag, 22. November 2021 erstmal seine Tore. Anders als in den Vorjahren wird es an diesem Tag ein sogenanntes Soft-Opening geben \u2013 die zentrale, offizielle Er\u00f6ffnung kann pandemiebedingt nicht stattfinden.<\/p>\n\n\n\n<p>Vom Dom bis zum Altp\u00f6rtel werden 19 Verkaufs-, 22 Verzehrst\u00e4nde sowie zwei Kinderkarussells, eine Kindereisenbahn und die Schlittschuhbahn aufgestellt. Die Verzehrst\u00e4nde werden zwischen Dom und Alter M\u00fcnze sowie am Altp\u00f6rtel aufgebaut, die Verkaufsst\u00e4nde entlang der Maximilianstra\u00dfe.<\/p>\n\n\n\n<p>\u201eWir befinden uns aktuell in einer schwierigen Phase, in der wir abw\u00e4gen m\u00fcssen, was wir angesichts steigender Infektionszahlen vertreten k\u00f6nnen und was nicht\u201c, unterstreicht Oberb\u00fcrgermeisterin Stefanie Seiler. \u201eIn der aktuellen Situation ist es nicht sinnvoll, einen Weihnachtsmarkt, wie vom Land Rheinland-Pfalz vor wenigen Wochen angek\u00fcndigt, ganz ohne Corona-Schutzma\u00dfnahmen durchzuf\u00fchren. Die Stadt Speyer wird daher eine Allgemeinverf\u00fcgung entwerfen und diese mit dem Land abstimmen, um gewisse Schutzma\u00dfnahmen zu erlassen, die f\u00fcr alle eine sicherere Durchf\u00fchrung des Marktes erm\u00f6glicht\u201c.<\/p>\n\n\n\n<div class=\"wp-block-image\"><figure class=\"aligncenter size-large\"><img decoding=\"async\" loading=\"lazy\" width=\"800\" height=\"600\" src=\"https:\/\/speyer24news.com\/wp-content\/uploads\/2021\/11\/DSC02186-1.jpg\" alt=\"\" class=\"wp-image-42433\" srcset=\"https:\/\/speyer24news.com\/wp-content\/uploads\/2021\/11\/DSC02186-1.jpg 800w, https:\/\/speyer24news.com\/wp-content\/uploads\/2021\/11\/DSC02186-1-300x225.jpg 300w, https:\/\/speyer24news.com\/wp-content\/uploads\/2021\/11\/DSC02186-1-768x576.jpg 768w, https:\/\/speyer24news.com\/wp-content\/uploads\/2021\/11\/DSC02186-1-678x509.jpg 678w, https:\/\/speyer24news.com\/wp-content\/uploads\/2021\/11\/DSC02186-1-326x245.jpg 326w, https:\/\/speyer24news.com\/wp-content\/uploads\/2021\/11\/DSC02186-1-80x60.jpg 80w\" sizes=\"(max-width: 800px) 100vw, 800px\" \/><figcaption>Die Schlittschuhbahn und das &#8222;Weihnachtsdorf&#8220; der Schaustellerfamilie Zinnecker.<br><em>Foto: Speyer 24\/7 News<\/em><\/figcaption><\/figure><\/div>\n\n\n\n<p>Konkret soll \u00fcberall dort, wo der Abstand von 1,5 Metern zu anderen, fremden Personen nicht eingehalten werden kann, die Pflicht gelten, eine medizinische Maske zu tragen, insbesondere also in Wartesituationen vor Verkaufs- oder Verzehrst\u00e4nden sowie, wegen der r\u00e4umlichen Enge, generell im Bereich des Kunsthandwerkermarktes im Rathausinnenhof und im Kulturhof Flachsgasse. Im Bereich der Verzehr- und Verweilpl\u00e4tze soll au\u00dferdem die 3G-Regel angewandt werden, die in einem ersten Schritt von den Schaustellerbetrieben beim Verkauf von Speisen oder Getr\u00e4nken und im zweiten Schritt stichprobenartig durch den Kommunalen Vollzugsdienst kontrolliert wird. Der Kauf von Speisen \u201eto go\u201c wird demnach auch ohne Impf-, Genesenen- oder Testnachweis m\u00f6glich sein. M\u00f6chten sich die Besucher*innen im Bereich der St\u00e4nde aufhalten und dort essen und trinken, ist der entsprechende Nachweis erforderlich. Auch f\u00fcr die Schlittschuhbahn gilt die 3G-Regel \u2013 allerdings nur f\u00fcr Personen ab 12 Jahren. Kinder bis einschlie\u00dflich elf Jahren sind von der Testpflicht befreit.\u00a0<\/p>\n\n\n\n<div class=\"wp-block-image\"><figure class=\"aligncenter size-large\"><img decoding=\"async\" loading=\"lazy\" width=\"800\" height=\"600\" src=\"https:\/\/speyer24news.com\/wp-content\/uploads\/2021\/11\/DSC01853-1.jpg\" alt=\"\" class=\"wp-image-42432\" srcset=\"https:\/\/speyer24news.com\/wp-content\/uploads\/2021\/11\/DSC01853-1.jpg 800w, https:\/\/speyer24news.com\/wp-content\/uploads\/2021\/11\/DSC01853-1-300x225.jpg 300w, https:\/\/speyer24news.com\/wp-content\/uploads\/2021\/11\/DSC01853-1-768x576.jpg 768w, https:\/\/speyer24news.com\/wp-content\/uploads\/2021\/11\/DSC01853-1-678x509.jpg 678w, https:\/\/speyer24news.com\/wp-content\/uploads\/2021\/11\/DSC01853-1-326x245.jpg 326w, https:\/\/speyer24news.com\/wp-content\/uploads\/2021\/11\/DSC01853-1-80x60.jpg 80w\" sizes=\"(max-width: 800px) 100vw, 800px\" \/><\/figure><\/div>\n\n\n\n<p>Weiterhin wird die Sperrstunde vorverlegt und der Weihnachtsmarkt wird zun\u00e4chst an allen Wochentagen nur bis 20 Uhr, statt wie bisher bis 21 oder sogar 22 Uhr, ge\u00f6ffnet sein. Sollte sich die Infektionslage weiter versch\u00e4rfen, werden gegebenenfalls weitere Ma\u00dfnahmen mit den Schaustellerbetrieben abgestimmt und umgesetzt.<\/p>\n\n\n\n<p>Sobald das Einvernehmen mit dem Land Rheinland-Pfalz hergestellt ist, wird die Stadt Speyer nochmals gesondert \u00fcber das Inkrafttreten der Allgemeinverf\u00fcgung informieren.<\/p>\n\n\n\n<p>Das beliebte Feuerwerksspektakel \u201eAltp\u00f6rtel in Flammen\u201c kann in diesem Jahr pandemiebedingt leider nicht stattfinden. Auch die Kinderbackstube und der Weihnachtsmarkt der Partnerst\u00e4dte werden in diesem Jahr leider nicht Teil des Programms sein.<\/p>\n\n\n\n<div class=\"wp-block-image\"><figure class=\"aligncenter size-large\"><img decoding=\"async\" loading=\"lazy\" width=\"500\" height=\"667\" src=\"https:\/\/speyer24news.com\/wp-content\/uploads\/2021\/11\/DSC02292-1.jpg\" alt=\"\" class=\"wp-image-42431\" srcset=\"https:\/\/speyer24news.com\/wp-content\/uploads\/2021\/11\/DSC02292-1.jpg 500w, https:\/\/speyer24news.com\/wp-content\/uploads\/2021\/11\/DSC02292-1-225x300.jpg 225w\" sizes=\"(max-width: 500px) 100vw, 500px\" \/><figcaption>Altp\u00f6rtel in Flammen, Teil I, im Jahre 2017 vom Domturm aus Aufgenommen. Hier sind die Menschenmassen aber zumindest zu erahnen. <br><em>Foto: Speyer 24\/7 News<\/em><\/figcaption><\/figure><\/div>\n\n\n\n<h4 class=\"wp-block-heading\">Alle weiteren Programmpunkte, insbesondere die Neuerungen im Bereich der \u201eKinderweihnacht\u201c, entnehmen Sie bitte beigef\u00fcgtem Flyer.<\/h4>\n\n\n\n<div class=\"wp-block-file\"><a href=\"https:\/\/speyer24news.com\/wp-content\/uploads\/2021\/11\/Folder-Weihnachten-in-Speyer-2021-red.pdf\">Folder-Weihnachten-in-Speyer-2021-red<\/a><a href=\"https:\/\/speyer24news.com\/wp-content\/uploads\/2021\/11\/Folder-Weihnachten-in-Speyer-2021-red.pdf\" class=\"wp-block-file__button\" download>Herunterladen<\/a><\/div>\n\n\n\n<p><em>Text: Stadt Speyer Foto: Speyer 24\/7 News<br>15.11.2021<\/em><\/p>\n","protected":false},"excerpt":{"rendered":"<div class=\"mh-excerpt\"><p>Programm des Weihnachts- und Neujahrsmarkts vorgestellt \u2013 Stadt bittet um Einvernehmen des Landes f\u00fcr Corona-Schutzma\u00dfnahmen Am heutigen Montag, 15. November 2021 haben Oberb\u00fcrgermeisterin Stefanie Seiler, Marktmeisterin Heidi Jester und Veranstaltungskoordinator Christian K\u00f6lsch das Programm des <a class=\"mh-excerpt-more\" href=\"https:\/\/speyer24news.com\/?p=42428\" title=\"Weihnachten \/ Speyer\">[&#8230;]<\/a><\/p>\n<\/div>","protected":false},"author":3,"featured_media":41835,"comment_status":"open","ping_status":"open","sticky":false,"template":"","format":"standard","meta":{"_monsterinsights_skip_tracking":false,"_monsterinsights_sitenote_active":false,"_monsterinsights_sitenote_note":"","_monsterinsights_sitenote_category":0,"footnotes":""},"categories":[13165],"tags":[13346,13349,13345,13348,4583,13347,6,3827,5031,4526,4582],"aioseo_notices":[],"amp_enabled":true,"_links":{"self":[{"href":"https:\/\/speyer24news.com\/index.php?rest_route=\/wp\/v2\/posts\/42428"}],"collection":[{"href":"https:\/\/speyer24news.com\/index.php?rest_route=\/wp\/v2\/posts"}],"about":[{"href":"https:\/\/speyer24news.com\/index.php?rest_route=\/wp\/v2\/types\/post"}],"author":[{"embeddable":true,"href":"https:\/\/speyer24news.com\/index.php?rest_route=\/wp\/v2\/users\/3"}],"replies":[{"embeddable":true,"href":"https:\/\/speyer24news.com\/index.php?rest_route=%2Fwp%2Fv2%2Fcomments&post=42428"}],"version-history":[{"count":1,"href":"https:\/\/speyer24news.com\/index.php?rest_route=\/wp\/v2\/posts\/42428\/revisions"}],"predecessor-version":[{"id":42434,"href":"https:\/\/speyer24news.com\/index.php?rest_route=\/wp\/v2\/posts\/42428\/revisions\/42434"}],"wp:featuredmedia":[{"embeddable":true,"href":"https:\/\/speyer24news.com\/index.php?rest_route=\/wp\/v2\/media\/41835"}],"wp:attachment":[{"href":"https:\/\/speyer24news.com\/index.php?rest_route=%2Fwp%2Fv2%2Fmedia&parent=42428"}],"wp:term":[{"taxonomy":"category","embeddable":true,"href":"https:\/\/speyer24news.com\/index.php?rest_route=%2Fwp%2Fv2%2Fcategories&post=42428"},{"taxonomy":"post_tag","embeddable":true,"href":"https:\/\/speyer24news.com\/index.php?rest_route=%2Fwp%2Fv2%2Ftags&post=42428"}],"curies":[{"name":"wp","href":"https:\/\/api.w.org\/{rel}","templated":true}]}}