{"id":42466,"date":"2021-11-16T12:41:02","date_gmt":"2021-11-16T11:41:02","guid":{"rendered":"https:\/\/speyer24news.com\/?p=42466"},"modified":"2021-11-16T12:41:03","modified_gmt":"2021-11-16T11:41:03","slug":"historisches-museum-der-pfalz-speyer-15","status":"publish","type":"post","link":"https:\/\/speyer24news.com\/?p=42466","title":{"rendered":"Historisches Museum der Pfalz Speyer"},"content":{"rendered":"<style type=\"text\/css\">\r\n\t.ads_top_disp{}\r\n\t.ads_top_corner_disp{ float:left; margin:0px 10px 10px 0px; }\r\n\t.ads_first_p_disp{}\r\n\t.ads_bottom_disp{}\r\n\t<\/style>\n<div class=\"wp-block-image\"><figure class=\"aligncenter size-large\"><img decoding=\"async\" loading=\"lazy\" width=\"800\" height=\"600\" src=\"https:\/\/speyer24news.com\/wp-content\/uploads\/2021\/11\/Historisches-Museum-Speyer-Expedition-Erde-2021.jpg\" alt=\"\" class=\"wp-image-42470\" srcset=\"https:\/\/speyer24news.com\/wp-content\/uploads\/2021\/11\/Historisches-Museum-Speyer-Expedition-Erde-2021.jpg 800w, https:\/\/speyer24news.com\/wp-content\/uploads\/2021\/11\/Historisches-Museum-Speyer-Expedition-Erde-2021-300x225.jpg 300w, https:\/\/speyer24news.com\/wp-content\/uploads\/2021\/11\/Historisches-Museum-Speyer-Expedition-Erde-2021-768x576.jpg 768w, https:\/\/speyer24news.com\/wp-content\/uploads\/2021\/11\/Historisches-Museum-Speyer-Expedition-Erde-2021-678x509.jpg 678w, https:\/\/speyer24news.com\/wp-content\/uploads\/2021\/11\/Historisches-Museum-Speyer-Expedition-Erde-2021-326x245.jpg 326w, https:\/\/speyer24news.com\/wp-content\/uploads\/2021\/11\/Historisches-Museum-Speyer-Expedition-Erde-2021-80x60.jpg 80w\" sizes=\"(max-width: 800px) 100vw, 800px\" \/><\/figure><\/div>\n\n\n\n<h2 class=\"wp-block-heading\">Erinnerungen an die Kindheit<\/h2>\n\n\n\n<h3 class=\"wp-block-heading\">G\u00e4ste aus Frankreich besuchen Rendezvous-Ausstellung im Historischen Museum der Pfalz<\/h3>\n\n\n\n<div class=\"wp-block-image\"><figure class=\"aligncenter size-large\"><img decoding=\"async\" loading=\"lazy\" width=\"800\" height=\"570\" src=\"https:\/\/speyer24news.com\/wp-content\/uploads\/2021\/11\/BesuchZeitzeugen.jpg\" alt=\"\" class=\"wp-image-42469\" srcset=\"https:\/\/speyer24news.com\/wp-content\/uploads\/2021\/11\/BesuchZeitzeugen.jpg 800w, https:\/\/speyer24news.com\/wp-content\/uploads\/2021\/11\/BesuchZeitzeugen-300x214.jpg 300w, https:\/\/speyer24news.com\/wp-content\/uploads\/2021\/11\/BesuchZeitzeugen-768x547.jpg 768w\" sizes=\"(max-width: 800px) 100vw, 800px\" \/><figcaption>v.l.: Professor Christian F\u00fchrer, Isabelle Gandit, Dr. Ludger Tekampe und Dominique Gandit in der Ausstellung im Historischen Museum der Pfalz Speyer.<br><em>Foto: Historisches Museum der Pfalz Speyer \/ Klaus Landry<\/em><\/figcaption><\/figure><\/div>\n\n\n\n<p>Zu den zentralen Leihgebern der Ausstellung \u201eRendezvous. Frankreichs Milit\u00e4r in der Pfalz 1945-1999\u201c, die noch bis zum 29. Januar im Historischen Museum der Pfalz zu sehen ist, z\u00e4hlt die franz\u00f6sische Familie Gandit. Roger Gandit war als Berufsoffiziers in Speyer stationiert und brachte seine Familie mit nach Deutschland. Zusammen mit seiner Frau Georgette, die in Speyer als Lehrerin an der franz\u00f6sischen Grundschule arbeitete, und seinen zwei T\u00f6chtern Dominique und Isabelle lebte er von 1961 bis 1968 in der Domstadt. Jetzt Jahren besuchten die Schwestern noch einmal ihren einstigen Wohnort. Um die Ausstellung im Historischen Museum der Pfalz zu sehen, nahmen sie den weiten Weg von ihrer Heimat im D\u00e9partement Hautes-Pyr\u00e9n\u00e9es nahe der spanischen Grenze bis nach Speyer in Kauf. Gastkurator und Autor Professor Christian F\u00fchrer begleitete sie durch die Schau.\u00a0<\/p>\n\n\n\n<p>\u201eDas gro\u00dfe Wandbild mit dem Blick auf die Kaserne, der Jeep und das Gendamerie-Schild vermitteln mir das Gef\u00fchl, die Stadt meiner Kindheit zu betreten\u201c, sagte Dominique Gandit. Ihre Erinnerungen an Speyer seien sehr vielf\u00e4ltig und sch\u00f6n. Besonders gerne denke sie an die vielen Feste vom Brezelfest bis zum Karneval, an den eindrucksvollen Dom und an das deutsche Essen. Ihr Vater habe die Angewohnheit gehabt alles vom offiziellen Formular bis zum Reiseticket aufzuheben. Es sei ein besonderes und bewegendes Erlebnis einen Teil dieser Erinnerungsst\u00fccke jetzt in der Ausstellung zu sehen.\u00a0<\/p>\n\n\n\n<p>Die von der Familie Gandit zur Verf\u00fcgung gestellten Dokumente und Exponate illustrieren zentrale Aspekte des Alltagslebens franz\u00f6sischer Familien w\u00e4hrend der Besatzungszeit in Deutschland. Dazu z\u00e4hlen Fotos von Familienfeiern und Ausfl\u00fcgen in die Umgebung oder Bilder aus der franz\u00f6sischen Grundschule in Speyer. Gleichzeitig zeugen die Dokumente von interkulturellen Begegnungen wie Tanzauff\u00fchrungen der M\u00e4dchen in einer Speyerer Ballettschule.\u00a0<\/p>\n\n\n\n<p>Dank solcher pers\u00f6nlichen Erinnerungsst\u00fccke verschiedener Zeitzeugen gelingt es der Ausstellung eindrucksvoll von der schrittweisen Auss\u00f6hnung zwischen den franz\u00f6sischen Streitkr\u00e4ften und der deutschen Bev\u00f6lkerung sowie den daraus entstehenden Freundschaften in der Nachkriegszeit zu erz\u00e4hlen. Bis zu ihrem endg\u00fcltigen Abzug im Jahr 1999 bildeten die franz\u00f6sischen Streitkr\u00e4fte in der Pfalz eine abgeschlossene Gesellschaft. Gleichzeitig gab es mannigfaltige Ber\u00fchrungspunkte zwischen dem franz\u00f6sischen Milit\u00e4r, zivilem Servicepersonal und den Einwohnern.\u00a0<\/p>\n\n\n\n<h3 class=\"wp-block-heading\">\u00d6ffnungszeiten<\/h3>\n\n\n\n<p>Die Ausstellung ist dienstags bis sonntags von 10 bis 18 Uhr ge\u00f6ffnet, an Feiertagen sowie in den rheinland-pf\u00e4lzischen, baden-w\u00fcrttembergischen und hessischen Schulferien auch montags von 10 bis 18 Uhr. Aktuelle Informationen zu den jeweils g\u00fcltigen Corona-Vorgaben unter\u00a0<a href=\"https:\/\/deref-web.de\/mail\/client\/O8hjddZLn4E\/dereferrer\/?redirectUrl=http%3A%2F%2Fwww.museum.speyer.de\" target=\"_blank\" rel=\"noreferrer noopener\">www.museum.speyer.de<\/a>.<\/p>\n\n\n\n<p><em>Text: Historisches Museum der Pfalz Speyer Foto: Historisches Museum der Pfalz \/ Klaus Landry<br>16.11.2021<\/em><\/p>\n\n\n\n<h2 class=\"wp-block-heading\">Fachgerecht restauriert<\/h2>\n\n\n\n<h3 class=\"wp-block-heading\">Historische Schriften zur pf\u00e4lzischen Geschichte jetzt wieder der \u00d6ffentlichkeit zug\u00e4nglich<\/h3>\n\n\n\n<div class=\"wp-block-image\"><figure class=\"aligncenter size-large\"><img decoding=\"async\" loading=\"lazy\" width=\"800\" height=\"575\" src=\"https:\/\/speyer24news.com\/wp-content\/uploads\/2021\/11\/UebergabeBroschueren.jpg\" alt=\"\" class=\"wp-image-42467\" srcset=\"https:\/\/speyer24news.com\/wp-content\/uploads\/2021\/11\/UebergabeBroschueren.jpg 800w, https:\/\/speyer24news.com\/wp-content\/uploads\/2021\/11\/UebergabeBroschueren-300x216.jpg 300w, https:\/\/speyer24news.com\/wp-content\/uploads\/2021\/11\/UebergabeBroschueren-768x552.jpg 768w\" sizes=\"(max-width: 800px) 100vw, 800px\" \/><figcaption>Die \u00dcbergabe der restaurierten Schriften fand im Historischen Museum der Pfalz statt: (v.l.) Buchrestauratorin Petra Brickmann, Werner Schineller, Vorsitzender des Stiftungsvorstands der Stiftung des Historischen Museums der Pfalz und Vorsitzender des Historischen Vereins der Pfalz, Dr. Armin Schlechter, Leiter der Abteilung Sammlung im Landesbibliothekszentrum Rheinland-Pfalz und Vorsitzender der Bezirksgruppe Speyer des Historischen Vereins der Pfalz und Oliver Kolb, Vorstandsmitglied der Sparkasse Vorderpfalz und Vorstandsvorsitzender der Stiftung der ehemaligen Kreis- und Stadtsparkasse Speyer.<br><em>Foto: Historisches Museum der Pfalz \/ Klaus Venus<\/em><\/figcaption><\/figure><\/div>\n\n\n\n<p>Seltene Druckschriften zur pf\u00e4lzischen Geschichte wie Publikationen aus der Zeit des Hambacher Festes oder der badisch-pf\u00e4lzischen Revolution von 1848\/49 sind ab sofort wieder der \u00d6ffentlichkeit zug\u00e4nglich und k\u00f6nnen in der Pf\u00e4lzischen Landesbibliothek im Lesesaal eingesehen werden. Die B\u00fccher und Brosch\u00fcren aus der Sammlung des Historischen Vereins der Pfalz befanden sich zum Teil in \u00e4u\u00dfert fragilem Zustand. Mit Hilfe der finanziellen Unterst\u00fctzung durch die Stiftung der ehemaligen Kreis- und Stadtsparkasse Speyer konnte der Verein 30 Schriftst\u00fccke restaurieren lassen und \u00fcbergab sie nun wieder der Pf\u00e4lzischen Landesbibliothek.\u00a0<\/p>\n\n\n\n<p>Die historischen Schriftst\u00fccke haben eine bewegte Geschichte hinter sich. Der Historische Verein der Pfalz baute ab den sechziger Jahren des 19. Jahrhunderts eine eigene Bibliothek auf, in deren Bestand sich sehr seltene oder sogar unikale Werke zur pf\u00e4lzischen Geschichte befanden. 1921 \u00fcbergab der Historische Verein seine Sammlung mit insgesamt rund 6000 Buchtiteln der neu gegr\u00fcndeten Pf\u00e4lzischen Landesbibliothek als Dauerleihgabe. Um die Druckwerke vor Bombenangriffen zu sch\u00fctzen, wurden sie in den ersten Jahren des Zweiten Weltkriegs in die Seyssel-Kaserne nach Germersheim gebracht. Als nach Kriegsende die franz\u00f6sische Besatzungsmacht die Kaserne \u00fcbernahm, landeten die Schriften im Bellheimer Wald. Feuchtigkeit und N\u00e4sse setzen dem Papier zu. Einige B\u00e4nde wurden unwiderruflich zerst\u00f6rt, andere waren von Schimmel befallen, deformiert und aus dem Leim gegangen. In der Folgezeit nahmen die B\u00fccher dar\u00fcberhinaus durch unsachgem\u00e4\u00dfe Reparaturen mit Klebestreifen Schaden.\u00a0<\/p>\n\n\n\n<p>Nun wurden die B\u00e4nde in einem aufwendigen Restaurierungsprozess fachgerecht gereinigt. Die alten Klebestreifen wurden entfernt und die Broschuren in ihre Einzelbl\u00e4tter zerlegt, gew\u00e4ssert, nachgeleimt und mit Japanpapier und Weizenst\u00e4rkekleister ausgebessert und stabilisiert. Im Anschluss erhielten alle B\u00e4nde einen funktionalen, festen Konservierungseinband. Bei den verwendeten Materialien handelt es sich ausnahmslos um alterungsbest\u00e4ndige und s\u00e4urefreie, moderne Pappen und Papiere. Damit ist die Langzeiterhaltung dieser f\u00fcr die Geschichte der Pfalz besonders wertvollen Best\u00e4nde gesichert. Die Bearbeitung weiterer, \u00e4hnlich gesch\u00e4digter B\u00e4nde soll folgen.<\/p>\n\n\n\n<div class=\"wp-block-image\"><figure class=\"aligncenter size-large\"><img decoding=\"async\" loading=\"lazy\" width=\"800\" height=\"533\" src=\"https:\/\/speyer24news.com\/wp-content\/uploads\/2021\/11\/RestaurierteSchriften.jpg\" alt=\"\" class=\"wp-image-42468\" srcset=\"https:\/\/speyer24news.com\/wp-content\/uploads\/2021\/11\/RestaurierteSchriften.jpg 800w, https:\/\/speyer24news.com\/wp-content\/uploads\/2021\/11\/RestaurierteSchriften-300x200.jpg 300w, https:\/\/speyer24news.com\/wp-content\/uploads\/2021\/11\/RestaurierteSchriften-768x512.jpg 768w\" sizes=\"(max-width: 800px) 100vw, 800px\" \/><figcaption>Die restaurierten B\u00e4nde sind vor dem Verfall bewahrt und f\u00fcr die Zukunft gesichert.<br><em>Foto: Historisches Museum der Pfalz \/ Klaus Venus<\/em><\/figcaption><\/figure><\/div>\n\n\n\n<h3 class=\"wp-block-heading\">Zitate<\/h3>\n\n\n\n<p>\u201eDie Sparkasse Vorderpfalz und auch die Sparkassenstiftung der ehemaligen Kreis- und Stadtsparkasse Speyer unterst\u00fctzten und f\u00f6rdern das Historische Museum der Pfalz Speyer schon seit vielen Jahren. Mit dem Historischen Museum der Pfalz und dem aktuellen Projekt der Restaurierung von Druckschriften f\u00f6rdern wir die Kultur in Speyer &#8211; und eines der Aush\u00e4ngeschilder unserer Stadt. Das ist mir wichtig, denn das Museum begeistert Gro\u00df und Klein mit einzigartigen Exponaten, spektakul\u00e4ren Sonder-, Sammelausstellungen und Inszenierungen und geh\u00f6rt seit vielen Jahren zu den bedeutendsten H\u00e4usern in Deutschland. Die wertvolle Arbeit des Historischen Museums der Pfalz verdient unser aller Anerkennung, Lob und Unterst\u00fctzung. Ich sehe Kultur nicht als Kosten, sondern als Investition in die Zukunft die den Standort Speyer und damit auch unsere Region st\u00e4rkt\u201c.<br><strong><em>Oliver Kolb, Vorstandsmitglied der Sparkasse Vorderpfalz und Vorstandsvorsitzender der Stiftung der ehemaligen Kreis- und Stadtsparkasse Speyer<\/em><\/strong><\/p>\n\n\n\n<p>\u201eMit Archiven und Museen geh\u00f6ren Bibliotheken zu den gro\u00dfen kulturtragenden Institutionen. Der Historische Verein der Pfalz unterst\u00fctzte schon im 19. Jahrhundert Bestrebungen zur Schaffung einer wissenschaftlichen Bibliothek f\u00fcr die Pfalz, die aber erst 1921 umgesetzt werden konnten. Die Bibliothek des Historischen Vereins der Pfalz geh\u00f6rt heute zu den besonderen Sch\u00e4tzen des Landesbibliothekszentrums\/Pf\u00e4lzische Landesbibliothek Speyer. In B\u00fccher, wie auch in andere Formen des Kulturguts, muss aber immer wieder investiert werden, um eine Langzeitsicherung zu erreichen. Es ist \u00fcberaus erfreulich, dass nun mit Mitteln der Sparkassenstiftung der ehemaligen Kreis- und Stadtsparkasse Speyer 30 Brosch\u00fcren und B\u00fccher, die in der Nachkriegszeit schwere Sch\u00e4den davontrugen, so restauriert wurden, dass sie in diesem Zustand f\u00fcr einen sehr langen Zeitraum nachhaltig gesichert sind. Die Restaurierung setzt Ma\u00dfst\u00e4be f\u00fcr k\u00fcnftige, schon in Planung befindliche Projekte dieser Art.\u201c<br><strong><em>Dr. Armin Schlechter, Leiter der Abteilung Sammlung im Landesbibliothekszentrum Rheinland-Pfalz und Vorsitzender der Bezirksgruppe Speyer des Historischen Vereins der Pfalz<\/em><\/strong><\/p>\n\n\n\n<p>\u201eDie fr\u00fchere Kreis-und Stadtsparkasse Speyer ist immer eng mit dem Historischen Verein der Pfalz verbunden gewesen. Direktor Herbert Hack war \u00fcber zwei Jahrzehnte Schatzmeister des Vereins\u00a0 und hat daf\u00fcr gesorgt, dass sich die finanzielle Situation von Verein und Stiftung gut entwickelt hat. Ich bin deshalb sehr froh, dass auch nach der Fusion Sparkasse und Sparkassenstiftung Verein und Museum nachhaltig f\u00f6rdern. Ich erinnerte in diesem Zusammenhang an die \u00dcbergabe des Richtschwertes im Rahmen der Ausstellung &#8218;150 Jahre Historisches Museum der Pfalz. 1869-2019&#8216;, die in der Hauptstelle Speyer der Sparkasse Vorderpfalz stattfand. Die jetzige Spende hat dazu beigetragen, wertvolle Buchbest\u00e4nde des Historischen Vereins auch f\u00fcr die Zukunft zu erhalten.&#8220;<br><strong><em>Werner Schineller, Vorsitzender des Stiftungsvorstands der Stiftung des Historischen Museums der Pfalz und Vorsitzender des Historischen Vereins der Pfalz<\/em><\/strong><\/p>\n\n\n\n<p><em>Text: Historisches Museum der Pfalz Speyer Foto: Historisches Museum der Pfalz \/ Klaus Venus<br>16.11.2021<\/em><\/p>\n","protected":false},"excerpt":{"rendered":"<div class=\"mh-excerpt\"><p>Erinnerungen an die Kindheit G\u00e4ste aus Frankreich besuchen Rendezvous-Ausstellung im Historischen Museum der Pfalz Zu den zentralen Leihgebern der Ausstellung \u201eRendezvous. Frankreichs Milit\u00e4r in der Pfalz 1945-1999\u201c, die noch bis zum 29. Januar im Historischen <a class=\"mh-excerpt-more\" href=\"https:\/\/speyer24news.com\/?p=42466\" title=\"Historisches Museum der Pfalz Speyer\">[&#8230;]<\/a><\/p>\n<\/div>","protected":false},"author":3,"featured_media":31878,"comment_status":"open","ping_status":"open","sticky":false,"template":"","format":"standard","meta":{"_monsterinsights_skip_tracking":false,"_monsterinsights_sitenote_active":false,"_monsterinsights_sitenote_note":"","_monsterinsights_sitenote_category":0,"footnotes":""},"categories":[14],"tags":[52,13358,861,1191,540,577,2200],"aioseo_notices":[],"amp_enabled":true,"_links":{"self":[{"href":"https:\/\/speyer24news.com\/index.php?rest_route=\/wp\/v2\/posts\/42466"}],"collection":[{"href":"https:\/\/speyer24news.com\/index.php?rest_route=\/wp\/v2\/posts"}],"about":[{"href":"https:\/\/speyer24news.com\/index.php?rest_route=\/wp\/v2\/types\/post"}],"author":[{"embeddable":true,"href":"https:\/\/speyer24news.com\/index.php?rest_route=\/wp\/v2\/users\/3"}],"replies":[{"embeddable":true,"href":"https:\/\/speyer24news.com\/index.php?rest_route=%2Fwp%2Fv2%2Fcomments&post=42466"}],"version-history":[{"count":1,"href":"https:\/\/speyer24news.com\/index.php?rest_route=\/wp\/v2\/posts\/42466\/revisions"}],"predecessor-version":[{"id":42471,"href":"https:\/\/speyer24news.com\/index.php?rest_route=\/wp\/v2\/posts\/42466\/revisions\/42471"}],"wp:featuredmedia":[{"embeddable":true,"href":"https:\/\/speyer24news.com\/index.php?rest_route=\/wp\/v2\/media\/31878"}],"wp:attachment":[{"href":"https:\/\/speyer24news.com\/index.php?rest_route=%2Fwp%2Fv2%2Fmedia&parent=42466"}],"wp:term":[{"taxonomy":"category","embeddable":true,"href":"https:\/\/speyer24news.com\/index.php?rest_route=%2Fwp%2Fv2%2Fcategories&post=42466"},{"taxonomy":"post_tag","embeddable":true,"href":"https:\/\/speyer24news.com\/index.php?rest_route=%2Fwp%2Fv2%2Ftags&post=42466"}],"curies":[{"name":"wp","href":"https:\/\/api.w.org\/{rel}","templated":true}]}}