{"id":42512,"date":"2021-11-18T09:08:56","date_gmt":"2021-11-18T08:08:56","guid":{"rendered":"https:\/\/speyer24news.com\/?p=42512"},"modified":"2021-11-18T09:08:59","modified_gmt":"2021-11-18T08:08:59","slug":"coronavirus-speyer-rheinland-pfalz-3","status":"publish","type":"post","link":"https:\/\/speyer24news.com\/?p=42512","title":{"rendered":"Coronavirus Speyer \/ Rheinland-Pfalz"},"content":{"rendered":"<style type=\"text\/css\">\r\n\t.ads_top_disp{}\r\n\t.ads_top_corner_disp{ float:left; margin:0px 10px 10px 0px; }\r\n\t.ads_first_p_disp{}\r\n\t.ads_bottom_disp{}\r\n\t<\/style>\n<h2 class=\"wp-block-heading\">Fallzahlen f\u00fcr die Stadt Speyer vom Mittwoch (17.11.2021)<\/h2>\n\n\n\n<h3 class=\"wp-block-heading\">Germersheim 494,6; S\u00fcdliche Weinstra\u00dfe 336,7; Landau 310,6 traurige \u201eSpitzenreiter\u201c, gefolgt von Speyer, mit der 4. h\u00f6chstens Inzidenz in RLP.. Leider aber die gesamte Metropolregion sehr stark betroffen. Warnstufe 2 steht unmittelbar bevor!<\/h3>\n\n\n\n<div class=\"wp-block-image\"><figure class=\"aligncenter\"><img decoding=\"async\" loading=\"lazy\" width=\"800\" height=\"400\" src=\"https:\/\/speyer24news.com\/wp-content\/uploads\/2020\/05\/virus-1812092_1920.jpg\" alt=\"\" class=\"wp-image-26778\" srcset=\"https:\/\/speyer24news.com\/wp-content\/uploads\/2020\/05\/virus-1812092_1920.jpg 800w, https:\/\/speyer24news.com\/wp-content\/uploads\/2020\/05\/virus-1812092_1920-300x150.jpg 300w, https:\/\/speyer24news.com\/wp-content\/uploads\/2020\/05\/virus-1812092_1920-768x384.jpg 768w\" sizes=\"(max-width: 800px) 100vw, 800px\" \/><\/figure><\/div>\n\n\n\n<p>Anzahl best\u00e4tigter F\u00e4lle von Coronavirus (SARS-CoV-2)-Infektionen in der Stadt Speyer: 3.943 (\u00a0<strong>+ 35<\/strong>\u00a0)<br>Davon hospitalisiert: 134 ( + 1\u00a0)<br>Davon bereits genesen: 3.507 ( + 6 )<br>Todesf\u00e4lle: 95 ( unver\u00e4ndert\u00a0)<br>Gemeldete F\u00e4lle der letzten sieben Tage pro 100.000 Einwohner*innen (Inzidenz gem\u00e4\u00df LUA): 297,6 (\u00a0<strong>+ 43,4<\/strong> )<\/p>\n\n\n\n<p><em>Stadtverwaltung Speyer<br>18.11.2021<\/em><\/p>\n\n\n\n<h2 class=\"wp-block-heading\">Leitindikatoren zur Berechnung der Warnstufe<\/h2>\n\n\n\n<div class=\"wp-block-image\"><figure class=\"aligncenter\"><img decoding=\"async\" loading=\"lazy\" width=\"600\" height=\"600\" src=\"https:\/\/speyer24news.com\/wp-content\/uploads\/2021\/09\/Warnstufensystem-2G-.png\" alt=\"\" class=\"wp-image-40457\" srcset=\"https:\/\/speyer24news.com\/wp-content\/uploads\/2021\/09\/Warnstufensystem-2G-.png 600w, https:\/\/speyer24news.com\/wp-content\/uploads\/2021\/09\/Warnstufensystem-2G--300x300.png 300w, https:\/\/speyer24news.com\/wp-content\/uploads\/2021\/09\/Warnstufensystem-2G--150x150.png 150w\" sizes=\"(max-width: 600px) 100vw, 600px\" \/><\/figure><\/div>\n\n\n\n<figure class=\"wp-block-table\"><table><tbody><tr><td>&nbsp;<\/td><td>Leitindikator \u201eSieben-Tage-Inzidenz\u201c<\/td><td>Leitindikator \u201eSieben-Tage-Hospitalisierungs-Inzidenz\u201c<\/td><td>Anteil COVID-19 an Intensivkapazit\u00e4t (%)<\/td><\/tr><tr><td>Mittwoch, 17.11.2021<\/td><td>297,5<\/td><td>3,3<\/td><td>5,99<\/td><\/tr><tr><td>Dienstag, 16.11.2021<\/td><td>254,2<\/td><td>3,3<\/td><td>5,62<\/td><\/tr><tr><td>Montag, 15.11.2021<\/td><td>236,5<\/td><td>2,9<\/td><td>5,86<\/td><\/tr><tr><td>Sonntag, 14.11.2021<\/td><td>197,1<\/td><td>3,2<\/td><td>5,80<\/td><\/tr><tr><td>Samstag, 13.11.2021<\/td><td>197,1<\/td><td>3,3<\/td><td>5,68<\/td><\/tr><tr><td>Freitag, 12.11.2021<\/td><td>179,3<\/td><td>3,6<\/td><td>5,86<\/td><\/tr><tr><td>Donnerstag, 11.11.2021<\/td><td>159,6<\/td><td>4,7<\/td><td>5,93<\/td><\/tr><\/tbody><\/table><\/figure>\n\n\n\n<p>Der&nbsp;<strong>Leitindikator \u201eSieben-Tage-Inzidenz\u201c<\/strong>&nbsp;gibt an, wie schnell sich das Virus verbreitet. Unter \u201eSieben-Tage-Inzidenz\u201c wird die Anzahl der Neuinfektionen mit dem Coronavirus SARS-CoV-2 je 100&nbsp;000 Einwohnerinnen und Einwohner innerhalb von sieben Tagen f\u00fcr jeden Landkreis und jede kreisfreie Stadt verstanden.<\/p>\n\n\n\n<p>Der&nbsp;<strong>Leitindikator \u201eSieben-Tage-Hospitalisierungs-Inzidenz\u201c&nbsp;<\/strong>zeigt an, wie viele Schwererkrankte innerhalb eines Zeitraums von sieben Tagen neu station\u00e4r aufgenommen wurden. Der Leitindikator \u201eSieben-Tage-Hospitalisierungs-Inzidenz\u201c misst die Anzahl der neu aufgenommenen Hospitalisierungsf\u00e4lle mit COVID-19-Erkrankung je 100 000 Einwohnerinnen und Einwohner im Durchschnitt der letzten sieben Tagen bezogen auf ein Versorgungsgebiet gem\u00e4\u00df Krankenhausplan des Landes Rheinland-Pfalz 2019 bis 2025.<\/p>\n\n\n\n<p>Der&nbsp;<strong>Leitindikator \u201eAnteil Intensivbetten\u201c<\/strong>&nbsp;misst die Belastung des Gesundheitswesens. Er bestimmt sich nach dem prozentualen Anteil der mit COVID-19-Erkrankten belegten Intensivbetten an der Intensivbettenkapazit\u00e4t innerhalb des Landes Rheinland-Pfalz.<\/p>\n\n\n\n<p>Es gilt das&nbsp;<strong>2G+ System<\/strong>: Dieses regelt, wie viele nicht-immunisierte Personen sich gemeinsam im \u00f6ffentlichen Raum aufhalten, auf Veranstaltungen gehen oder \u00f6ffentliche Einrichtungen wie Kinos oder Konzerth\u00e4user besuchen d\u00fcrfen.&nbsp;F\u00fcr immunisierte Personen wird der Zutritt hingegen nicht reduziert.<\/p>\n\n\n\n<p>Speyer befindet sich aktuell in&nbsp;<strong>Warnstufe 1<\/strong>.&nbsp;<\/p>\n\n\n\n<p><em>Robert-Koch-Institut (RKI)<br>18.11.2021<\/em><\/p>\n\n\n\n<h2 class=\"wp-block-heading\">Regelungen und Beschr\u00e4nkungen bei Warnstufe 1<\/h2>\n\n\n\n<div class=\"wp-block-image\"><figure class=\"aligncenter\"><img decoding=\"async\" loading=\"lazy\" width=\"835\" height=\"1024\" src=\"https:\/\/speyer24news.com\/wp-content\/uploads\/2021\/09\/Warnstufe-1-Regelungen-835x1024.jpg\" alt=\"\" class=\"wp-image-40458\" srcset=\"https:\/\/speyer24news.com\/wp-content\/uploads\/2021\/09\/Warnstufe-1-Regelungen-835x1024.jpg 835w, https:\/\/speyer24news.com\/wp-content\/uploads\/2021\/09\/Warnstufe-1-Regelungen-245x300.jpg 245w, https:\/\/speyer24news.com\/wp-content\/uploads\/2021\/09\/Warnstufe-1-Regelungen-768x942.jpg 768w, https:\/\/speyer24news.com\/wp-content\/uploads\/2021\/09\/Warnstufe-1-Regelungen.jpg 862w\" sizes=\"(max-width: 835px) 100vw, 835px\" \/><\/figure><\/div>\n\n\n\n<p><em>Staatskanzlei Rheinland-Pfalz<br>18.11.2021<\/em><\/p>\n\n\n\n<h2 class=\"wp-block-heading\">Einfach impfen lassen: Aktuelle Impfaktionen in Speyer<\/h2>\n\n\n\n<h3 class=\"wp-block-heading\">Die Stadtverwaltung Speyer weitet ihr Angebot an niedrigschwelligen Impfaktionen weiter aus.<\/h3>\n\n\n\n<div class=\"wp-block-image\"><figure class=\"aligncenter\"><img decoding=\"async\" loading=\"lazy\" width=\"800\" height=\"248\" src=\"https:\/\/speyer24news.com\/wp-content\/uploads\/2021\/11\/Impfbus-RLP-Speyer.png\" alt=\"\" class=\"wp-image-42376\" srcset=\"https:\/\/speyer24news.com\/wp-content\/uploads\/2021\/11\/Impfbus-RLP-Speyer.png 800w, https:\/\/speyer24news.com\/wp-content\/uploads\/2021\/11\/Impfbus-RLP-Speyer-300x93.png 300w, https:\/\/speyer24news.com\/wp-content\/uploads\/2021\/11\/Impfbus-RLP-Speyer-768x238.png 768w\" sizes=\"(max-width: 800px) 100vw, 800px\" \/><\/figure><\/div>\n\n\n\n<h4 class=\"wp-block-heading\">Donnerstag, 18. November 2021 \u2013 Impfbus des Landes Rheinland-Pfalz auf dem Berliner Platz<\/h4>\n\n\n\n<p>Zwischen 9 und 17 Uhr ohne Termin vorbeikommen, Personalausweis vorzeigen und impfen lassen. Es stehen die Impfstoffe von Johnson &amp; Johnson und BioNTech sowie teilweise von Moderna zur Verf\u00fcgung. Geimpft werden k\u00f6nnen alle ab 12 Jahren (bis 18 mit sorgeberechtigter Person). Durchgef\u00fchrt werden Erst-, Zweit- und Drittimpfungen \u2013 letztere, sofern die Zweitimpfung bereits mehr als sechs Monate zur\u00fcckliegt.<\/p>\n\n\n\n<p><em>Text: Stadtverwaltung Speyer Foto: \u00a9 Staatskanzlei RheinlandPfalz<br>14.11.2021<\/em><\/p>\n\n\n\n<h2 class=\"wp-block-heading\">Impfbus des Landes Rheinland-Pfalz: Stadt stellt \u201eWartezimmer\u201c bereit<\/h2>\n\n\n\n<p>Am Donnerstag, 18. Oktober 2021 steht der Impfbus des Landes Rheinland-Pfalz in Speyer auf dem Berliner Platz zur Verf\u00fcgung. Von 9.00 bis 17.00 Uhr k\u00f6nnen alle B\u00fcrger*innen kostenlos neben Erst- und Zweitimpfungen auch Booster-Impfungen erhalten. Letzteres gilt f\u00fcr den Fall, dass die Zweitimpfung bereits sechs Monate bzw. bei einer Impfung mit dem Impfstoff von Johnson &amp; Johnson vier Wochen zur\u00fcckliegt.<\/p>\n\n\n\n<p>Aufgrund der vorhergesagten Witterungsverh\u00e4ltnisse stellt die Stadt Speyer am Donnerstag neben Zelten zwei Linienbusse der DB Regio AG zur Verf\u00fcgung, die f\u00fcr die 15-min\u00fctige Wartezeit im Anschluss an die Impfung genutzt werden k\u00f6nnen. Diese sollen den Impflingen nicht nur Schutz vor N\u00e4sse, sondern auch die M\u00f6glichkeit bieten, sich aufzuw\u00e4rmen und die empfohlene Ruhezeit nach der Impfung wahrzunehmen.<\/p>\n\n\n\n<p>Die Stadtverwaltung bittet darum, die Parksituation vor Ort und die Regelungen der Stra\u00dfenverkehrsordnung zu beachten.<\/p>\n\n\n\n<p>Informationen zu aktuellen Impfaktionen sind der st\u00e4dtischen Homepage unter\u00a0<a href=\"https:\/\/deref-web.de\/mail\/client\/j6zzgp-tXs4\/dereferrer\/?redirectUrl=http%3A%2F%2Fwww.speyer.de%2Fimpfaktionen-speyer\" target=\"_blank\" rel=\"noreferrer noopener\">www.speyer.de\/impfaktionen-speyer<\/a>\u00a0zu entnehmen.<\/p>\n\n\n\n<p><em>Stadtverwaltung Speyer<br>18.11.2021<\/em><\/p>\n\n\n\n<h2 class=\"wp-block-heading\">Fallzahlen f\u00fcr Rheinland-Pfalz<\/h2>\n\n\n\n<div class=\"wp-block-image\"><figure class=\"aligncenter\"><img decoding=\"async\" loading=\"lazy\" width=\"800\" height=\"575\" src=\"https:\/\/speyer24news.com\/wp-content\/uploads\/2020\/04\/AdobeStock_320368431.jpeg\" alt=\"\" class=\"wp-image-26313\" srcset=\"https:\/\/speyer24news.com\/wp-content\/uploads\/2020\/04\/AdobeStock_320368431.jpeg 800w, https:\/\/speyer24news.com\/wp-content\/uploads\/2020\/04\/AdobeStock_320368431-300x216.jpeg 300w, https:\/\/speyer24news.com\/wp-content\/uploads\/2020\/04\/AdobeStock_320368431-768x552.jpeg 768w\" sizes=\"(max-width: 800px) 100vw, 800px\" \/><\/figure><\/div>\n\n\n\n<p><\/p>\n\n\n\n<figure class=\"wp-block-table\"><table><tbody><tr><td><strong>Kreis, Stand 17.11.2021<\/strong><\/td><td><strong>Laborbest\u00e4tigt, seit Beginn der Pandemie<\/strong><\/td><td><strong>Gemeldet, die letzten 7 Tage<\/strong><\/td><td><strong>Landkreis<\/strong><\/td><\/tr><tr><td><strong>Gesamt<\/strong><\/td><td><strong>Differenz zum<br>Vortag<\/strong><\/td><td><strong>Hospitali-siert<\/strong><\/td><td><strong>Verstor-ben<\/strong><\/td><td><strong>Genesen<sup>A<\/sup><\/strong><\/td><td><strong>aktuelle F\u00e4lle<sup>B<\/sup><\/strong><\/td><td><strong>Gesamt<\/strong><\/td><td><strong>Inzidenz pro 100.000<sup>C<\/sup><\/strong><\/td><\/tr><tr><td><strong>Rheinland-Pfalz<\/strong><\/td><td><strong>+USAF<sup>D<\/sup><\/strong><\/td><td><strong>&lt;20 Jahre<\/strong><\/td><td><strong>20-59 Jahre<sup>E<\/sup><\/strong><\/td><td><strong>\u2265 60 Jahre<\/strong><\/td><\/tr><tr><td>Ahrweiler<\/td><td>6469<\/td><td>74<\/td><td>238<\/td><td>67<\/td><td>5905<\/td><td>497<\/td><td>219<\/td><td>167,8<\/td><td>167,8<\/td><td>281,1<\/td><td>168,0<\/td><td>107,4<\/td><td>Ahrweiler<\/td><\/tr><tr><td>Altenkirchen<\/td><td>6557<\/td><td>76<\/td><td>496<\/td><td>106<\/td><td>5943<\/td><td>508<\/td><td>240<\/td><td>185,9<\/td><td>185,9<\/td><td>299,7<\/td><td>204,0<\/td><td>86,3<\/td><td>Altenkirchen<\/td><\/tr><tr><td>Alzey-Worms<\/td><td>7114<\/td><td>41<\/td><td>413<\/td><td>143<\/td><td>6407<\/td><td>564<\/td><td>286<\/td><td>218,8<\/td><td>218,7<\/td><td>455,7<\/td><td>202,1<\/td><td>90,2<\/td><td>Alzey-Worms<\/td><\/tr><tr><td>Bad D\u00fcrkheim<\/td><td>6062<\/td><td>49<\/td><td>389<\/td><td>163<\/td><td>5237<\/td><td>662<\/td><td>267<\/td><td>200,7<\/td><td>200,7<\/td><td>259,2<\/td><td>227,2<\/td><td>130,1<\/td><td>Bad D\u00fcrkheim<\/td><\/tr><tr><td>Bad Kreuznach<\/td><td>7965<\/td><td>45<\/td><td>214<\/td><td>149<\/td><td>7254<\/td><td>562<\/td><td>269<\/td><td>169,5<\/td><td>169,4<\/td><td>292,4<\/td><td>186,0<\/td><td>71,9<\/td><td>Bad Kreuznach<\/td><\/tr><tr><td>Bernkastel-Wittlich<\/td><td>4321<\/td><td>38<\/td><td>347<\/td><td>67<\/td><td>3921<\/td><td>333<\/td><td>121<\/td><td>107,4<\/td><td>105,9<\/td><td>195,7<\/td><td>110,5<\/td><td>51,1<\/td><td>Bernkastel-Wittlich<\/td><\/tr><tr><td>Birkenfeld<\/td><td>4738<\/td><td>37<\/td><td>382<\/td><td>99<\/td><td>4293<\/td><td>346<\/td><td>150<\/td><td>185,6<\/td><td>179,6<\/td><td>241,9<\/td><td>188,9<\/td><td>150,1<\/td><td>Birkenfeld<\/td><\/tr><tr><td>Bitburg-Pr\u00fcm<\/td><td>4390<\/td><td>34<\/td><td>185<\/td><td>34<\/td><td>4058<\/td><td>298<\/td><td>137<\/td><td>136,9<\/td><td>132,4<\/td><td>223,2<\/td><td>146,8<\/td><td>62,5<\/td><td>Bitburg-Pr\u00fcm<\/td><\/tr><tr><td>Cochem-Zell<\/td><td>2715<\/td><td>30<\/td><td>172<\/td><td>70<\/td><td>2302<\/td><td>343<\/td><td>141<\/td><td>229,0<\/td><td>228,8<\/td><td>524,5<\/td><td>238,2<\/td><td>63,6<\/td><td>Cochem-Zell<\/td><\/tr><tr><td>Donnersbergkreis<\/td><td>3366<\/td><td>41<\/td><td>225<\/td><td>77<\/td><td>3004<\/td><td>285<\/td><td>107<\/td><td>141,6<\/td><td>140,3<\/td><td>170,7<\/td><td>172,9<\/td><td>72,9<\/td><td>Donnersbergkreis<\/td><\/tr><tr><td>Germersheim<\/td><td>8589<\/td><td>172<\/td><td>468<\/td><td>131<\/td><td>7219<\/td><td>1239<\/td><td>638<\/td><td>494,6<\/td><td>494,5<\/td><td>&#8211;*<\/td><td>&#8211;*<\/td><td>&#8211;*<\/td><td>Germersheim<\/td><\/tr><tr><td>Kaiserslautern<\/td><td>5431<\/td><td>67<\/td><td>288<\/td><td>87<\/td><td>4775<\/td><td>569<\/td><td>176<\/td><td>165,5<\/td><td>141,6<\/td><td>287,5<\/td><td>168,4<\/td><td>80,6<\/td><td>Kaiserslautern<\/td><\/tr><tr><td>Kusel<\/td><td>2828<\/td><td>44<\/td><td>229<\/td><td>72<\/td><td>2508<\/td><td>248<\/td><td>128<\/td><td>182,6<\/td><td>173,0<\/td><td>122,1<\/td><td>238,7<\/td><td>132,1<\/td><td>Kusel<\/td><\/tr><tr><td>Mainz-Bingen<\/td><td>9799<\/td><td>60<\/td><td>513<\/td><td>233<\/td><td>8810<\/td><td>756<\/td><td>325<\/td><td>153,6<\/td><td>153,6<\/td><td>202,4<\/td><td>175,0<\/td><td>83,1<\/td><td>Mainz-Bingen<\/td><\/tr><tr><td>Mayen-Koblenz<\/td><td>9690<\/td><td>98<\/td><td>373<\/td><td>190<\/td><td>8556<\/td><td>944<\/td><td>298<\/td><td>138,7<\/td><td>138,7<\/td><td>196,7<\/td><td>152,1<\/td><td>80,4<\/td><td>Mayen-Koblenz<\/td><\/tr><tr><td>Neuwied<\/td><td>10777<\/td><td>62<\/td><td>389<\/td><td>202<\/td><td>9868<\/td><td>707<\/td><td>347<\/td><td>189,5<\/td><td>189,5<\/td><td>270,8<\/td><td>194,4<\/td><td>129,8<\/td><td>Neuwied<\/td><\/tr><tr><td>Rhein-Hunsr\u00fcck<\/td><td>5176<\/td><td>58<\/td><td>412<\/td><td>108<\/td><td>4423<\/td><td>645<\/td><td>201<\/td><td>194,4<\/td><td>194,4<\/td><td>286,8<\/td><td>226,7<\/td><td>89,2<\/td><td>Rhein-Hunsr\u00fcck<\/td><\/tr><tr><td>Rhein-Lahn-Kreis<\/td><td>5218<\/td><td>49<\/td><td>404<\/td><td>103<\/td><td>4779<\/td><td>336<\/td><td>157<\/td><td>128,1<\/td><td>128,1<\/td><td>177,4<\/td><td>150,4<\/td><td>64,5<\/td><td>Rhein-Lahn-Kreis<\/td><\/tr><tr><td>Rhein-Pfalz-Kreis<\/td><td>9266<\/td><td>72<\/td><td>283<\/td><td>237<\/td><td>7894<\/td><td>1135<\/td><td>368<\/td><td>237,8<\/td><td>237,8<\/td><td>395,1<\/td><td>241,7<\/td><td>134,8<\/td><td>Rhein-Pfalz-Kreis<\/td><\/tr><tr><td>S\u00fcdliche Weinstr.<\/td><td>5461<\/td><td>67<\/td><td>434<\/td><td>123<\/td><td>4479<\/td><td>859<\/td><td>373<\/td><td>336,7<\/td><td>336,7<\/td><td>607,2<\/td><td>354,8<\/td><td>158,3<\/td><td>S\u00fcdliche Weinstr.<\/td><\/tr><tr><td>S\u00fcdwestpfalz<\/td><td>3512<\/td><td>60<\/td><td>322<\/td><td>92<\/td><td>2976<\/td><td>444<\/td><td>225<\/td><td>237,1<\/td><td>234,0<\/td><td>417,4<\/td><td>274,2<\/td><td>100,3<\/td><td>S\u00fcdwestpfalz<\/td><\/tr><tr><td>Trier-Saarburg<\/td><td>5977<\/td><td>51<\/td><td>309<\/td><td>103<\/td><td>5301<\/td><td>573<\/td><td>229<\/td><td>152,1<\/td><td>152,0<\/td><td>182,2<\/td><td>150,1<\/td><td>136,1<\/td><td>Trier-Saarburg<\/td><\/tr><tr><td>Vulkaneifel<\/td><td>2641<\/td><td>26<\/td><td>209<\/td><td>63<\/td><td>2378<\/td><td>200<\/td><td>85<\/td><td>140,5<\/td><td>140,5<\/td><td>252,7<\/td><td>153,5<\/td><td>64,2<\/td><td>Vulkaneifel<\/td><\/tr><tr><td>Westerwaldkreis<\/td><td>9650<\/td><td>49<\/td><td>744<\/td><td>174<\/td><td>8874<\/td><td>602<\/td><td>251<\/td><td>123,7<\/td><td>123,7<\/td><td>292,4<\/td><td>105,4<\/td><td>47,3<\/td><td>Westerwaldkreis<\/td><\/tr><tr><td>KS Frankenthal<\/td><td>3162<\/td><td>28<\/td><td>77<\/td><td>57<\/td><td>2784<\/td><td>321<\/td><td>97<\/td><td>199,0<\/td><td>199,0<\/td><td>301,6<\/td><td>233,3<\/td><td>75,3<\/td><td>KS Frankenthal<\/td><\/tr><tr><td>KS Kaiserslautern<\/td><td>4989<\/td><td>74<\/td><td>367<\/td><td>123<\/td><td>4535<\/td><td>331<\/td><td>171<\/td><td>171,6<\/td><td>160,9<\/td><td>282,3<\/td><td>184,0<\/td><td>77,2<\/td><td>KS Kaiserslautern<\/td><\/tr><tr><td>KS Koblenz<\/td><td>5860<\/td><td>29<\/td><td>208<\/td><td>164<\/td><td>5292<\/td><td>404<\/td><td>153<\/td><td>134,9<\/td><td>134,9<\/td><td>142,5<\/td><td>163,3<\/td><td>75,1<\/td><td>KS Koblenz<\/td><\/tr><tr><td>KS Landau i.d.Pf.<\/td><td>2565<\/td><td>29<\/td><td>231<\/td><td>46<\/td><td>2159<\/td><td>360<\/td><td>145<\/td><td>310,6<\/td><td>310,6<\/td><td>556,8<\/td><td>304,3<\/td><td>162,4<\/td><td>KS Landau i.d.Pf.<\/td><\/tr><tr><td>KS Ludwigshafen<\/td><td>14202<\/td><td>110<\/td><td>412<\/td><td>345<\/td><td>12779<\/td><td>1078<\/td><td>366<\/td><td>212,1<\/td><td>212,1<\/td><td>374,8<\/td><td>199,8<\/td><td>104,7<\/td><td>KS Ludwigshafen<\/td><\/tr><tr><td>KS Mainz<\/td><td>13262<\/td><td>73<\/td><td>610<\/td><td>223<\/td><td>12173<\/td><td>866<\/td><td>394<\/td><td>181,5<\/td><td>181,3<\/td><td>270,1<\/td><td>184,8<\/td><td>109,0<\/td><td>KS Mainz<\/td><\/tr><tr><td>KS Neustadt a.d.W.<\/td><td>2648<\/td><td>17<\/td><td>163<\/td><td>44<\/td><td>2311<\/td><td>293<\/td><td>131<\/td><td>245,8<\/td><td>245,7<\/td><td>387,2<\/td><td>304,3<\/td><td>80,2<\/td><td>KS Neustadt a.d.W.<\/td><\/tr><tr><td>KS Pirmasens<\/td><td>1830<\/td><td>22<\/td><td>206<\/td><td>61<\/td><td>1613<\/td><td>156<\/td><td>64<\/td><td>159,3<\/td><td>159,3<\/td><td>230,7<\/td><td>188,1<\/td><td>81,0<\/td><td>KS Pirmasens<\/td><\/tr><tr><td>KS Speyer<\/td><td>3943<\/td><td>35<\/td><td>134<\/td><td>95<\/td><td>3507<\/td><td>341<\/td><td>151<\/td><td>297,6<\/td><td>297,5<\/td><td>438,7<\/td><td>317,0<\/td><td>181,3<\/td><td>KS Speyer<\/td><\/tr><tr><td>KS Trier<\/td><td>3795<\/td><td>17<\/td><td>179<\/td><td>38<\/td><td>3470<\/td><td>287<\/td><td>92<\/td><td>83,1<\/td><td>83,1<\/td><td>136,3<\/td><td>79,2<\/td><td>56,3<\/td><td>KS Trier<\/td><\/tr><tr><td>KS Worms<\/td><td>5886<\/td><td>31<\/td><td>336<\/td><td>101<\/td><td>5291<\/td><td>494<\/td><td>245<\/td><td>293,6<\/td><td>293,6<\/td><td>480,6<\/td><td>341,2<\/td><td>73,1<\/td><td>KS Worms<\/td><\/tr><tr><td>KS Zweibr\u00fccken<\/td><td>1196<\/td><td>13<\/td><td>90<\/td><td>9<\/td><td>1072<\/td><td>115<\/td><td>61<\/td><td>179,4<\/td><td>179,3<\/td><td>200,3<\/td><td>190,6<\/td><td>149,5<\/td><td>KS Zweibr\u00fccken<\/td><\/tr><tr><td><strong>Rheinland-Pfalz<\/strong><\/td><td><strong>211050<\/strong><\/td><td><strong>1878<\/strong><\/td><td><strong>11451<\/strong><\/td><td><strong>4199<\/strong><\/td><td><strong>188150 #<\/strong><\/td><td><strong>18701<\/strong><\/td><td><strong>7808<\/strong><\/td><td><strong>190,5<\/strong><\/td><td><strong>188,7<\/strong><\/td><td><strong>290,1<\/strong><\/td><td><strong>208,2<\/strong><\/td><td><strong>98,3<\/strong><\/td><td><strong>Rheinland-Pfalz<\/strong><\/td><\/tr><\/tbody><\/table><\/figure>\n\n\n\n<h3 class=\"wp-block-heading\">Anmerkungen zur Tabelle<\/h3>\n\n\n\n<p>Dargestellt sind ausschlie\u00dflich mittels PCR laborbest\u00e4tigte Meldef\u00e4lle.<\/p>\n\n\n\n<p>Als \u201everstorben\u201c gelten F\u00e4lle, die als \u201ean\u201c und \u201emit\u201c COVID-19 verstorben \u00fcbermittelt wurden.<\/p>\n\n\n\n<p><sup>A<\/sup>&nbsp;Genesen wurde wie folgt definiert:<\/p>\n\n\n\n<p>a) nicht-verstorben, nicht-hospitalisiert und vor mehr als 21 Tagen ab Datenstichtag erkrankt<\/p>\n\n\n\n<p>b) nicht-verstorben, hospitalisiert gemeldet und vor mehr als 28 Tagen ab Datenstichtag erkrankt<\/p>\n\n\n\n<p>c) nicht-verstorben, Hospitalisierung unbekannt und vor mehr als 28 ab Datenstichtag Tagen erkrankt<\/p>\n\n\n\n<p>Sofern kein Erkrankungsdatum vorliegt, wird das gesch\u00e4tzte Erkrankungsdatum aus Meldedatum minus mittlerem Meldeverzug von derzeit 5 Tagen verwendet.<\/p>\n\n\n\n<p><sup>B<\/sup>&nbsp;Errechnet als Differenz aus Gesamtzahl der laborbest\u00e4tigten F\u00e4lle, Verstorbenen und Genesenen.<\/p>\n\n\n\n<p><sup>C<\/sup>&nbsp;COVID-19 Erkrankungen mit Meldedatum der letzten 7 Tage ab Datenstichtag, pro 100.000 Einwohner. Bitte beachten Sie, dass die Gesamtinzidenz der Meldungen in den letzten 7 Tagen f\u00fcr Rheinland-Pfalz \/100.000 Einwohner das mit der Bev\u00f6lkerungszahl der Gebietseinheit gewichtete Mittel und&nbsp;nicht&nbsp;deren arithmetisches Mittel ist.<\/p>\n\n\n\n<p><sup>D<\/sup>&nbsp;USAF = U.S. Armed Forces; Berechnung der Inzidenz \/100.000 unter Ber\u00fccksichtigung der mit Stand vom 30.6.2020 in der Gebietseinheit stationierten U.S. Streitkr\u00e4fte<\/p>\n\n\n\n<p><sup>E<\/sup>&nbsp;beinhaltet &lt;1% F\u00e4lle ohne Altersangabe<\/p>\n\n\n\n<p># Die Summe der in Rheinland-Pfalz bereits von COVID-19 Genesenen kann aufgrund eines unterschiedlichen Datenstandes und Bewertungsalgorithmus von der auf dem RKI-Dashboard abweichen.<\/p>\n\n\n\n<p><em>Landesuntersuchungsamt (LUA) Rheinland-Pfalz<br>18.11.2021<\/em><\/p>\n","protected":false},"excerpt":{"rendered":"<div class=\"mh-excerpt\"><p>Fallzahlen f\u00fcr die Stadt Speyer vom Mittwoch (17.11.2021) Germersheim 494,6; S\u00fcdliche Weinstra\u00dfe 336,7; Landau 310,6 traurige \u201eSpitzenreiter\u201c, gefolgt von Speyer, mit der 4. h\u00f6chstens Inzidenz in RLP.. Leider aber die gesamte Metropolregion sehr stark betroffen. <a class=\"mh-excerpt-more\" href=\"https:\/\/speyer24news.com\/?p=42512\" title=\"Coronavirus Speyer \/ Rheinland-Pfalz\">[&#8230;]<\/a><\/p>\n<\/div>","protected":false},"author":3,"featured_media":25126,"comment_status":"open","ping_status":"open","sticky":false,"template":"","format":"standard","meta":{"_monsterinsights_skip_tracking":false,"_monsterinsights_sitenote_active":false,"_monsterinsights_sitenote_note":"","_monsterinsights_sitenote_category":0,"footnotes":""},"categories":[11613],"tags":[6401,10288,8404,6902,6648,6367,9176,6940,6913,7076,12872,12873,8725,6359,6370,5904,6323,6358,7003,5801,6903,7251,6342,8139,6681,9379,9394,7245,210,12797,12798,12801,11269,13337,10763,11270,13373,12874,12881,6,359],"aioseo_notices":[],"amp_enabled":true,"_links":{"self":[{"href":"https:\/\/speyer24news.com\/index.php?rest_route=\/wp\/v2\/posts\/42512"}],"collection":[{"href":"https:\/\/speyer24news.com\/index.php?rest_route=\/wp\/v2\/posts"}],"about":[{"href":"https:\/\/speyer24news.com\/index.php?rest_route=\/wp\/v2\/types\/post"}],"author":[{"embeddable":true,"href":"https:\/\/speyer24news.com\/index.php?rest_route=\/wp\/v2\/users\/3"}],"replies":[{"embeddable":true,"href":"https:\/\/speyer24news.com\/index.php?rest_route=%2Fwp%2Fv2%2Fcomments&post=42512"}],"version-history":[{"count":1,"href":"https:\/\/speyer24news.com\/index.php?rest_route=\/wp\/v2\/posts\/42512\/revisions"}],"predecessor-version":[{"id":42513,"href":"https:\/\/speyer24news.com\/index.php?rest_route=\/wp\/v2\/posts\/42512\/revisions\/42513"}],"wp:featuredmedia":[{"embeddable":true,"href":"https:\/\/speyer24news.com\/index.php?rest_route=\/wp\/v2\/media\/25126"}],"wp:attachment":[{"href":"https:\/\/speyer24news.com\/index.php?rest_route=%2Fwp%2Fv2%2Fmedia&parent=42512"}],"wp:term":[{"taxonomy":"category","embeddable":true,"href":"https:\/\/speyer24news.com\/index.php?rest_route=%2Fwp%2Fv2%2Fcategories&post=42512"},{"taxonomy":"post_tag","embeddable":true,"href":"https:\/\/speyer24news.com\/index.php?rest_route=%2Fwp%2Fv2%2Ftags&post=42512"}],"curies":[{"name":"wp","href":"https:\/\/api.w.org\/{rel}","templated":true}]}}