{"id":42529,"date":"2021-11-19T07:26:24","date_gmt":"2021-11-19T06:26:24","guid":{"rendered":"https:\/\/speyer24news.com\/?p=42529"},"modified":"2021-11-21T07:14:04","modified_gmt":"2021-11-21T06:14:04","slug":"oeffentlichkeitsfahndung-personensuche","status":"publish","type":"post","link":"https:\/\/speyer24news.com\/?p=42529","title":{"rendered":"\u00d6ffentlichkeitsfahndung \/ Personensuche"},"content":{"rendered":"<style type=\"text\/css\">\r\n\t.ads_top_disp{}\r\n\t.ads_top_corner_disp{ float:left; margin:0px 10px 10px 0px; }\r\n\t.ads_first_p_disp{}\r\n\t.ads_bottom_disp{}\r\n\t<\/style>\n<h2 class=\"wp-block-heading\">62-J\u00e4hriger Vermisster Johann G. wieder aufgefunden \/ Fahndung erledigt<\/h2>\n\n\n\n<p><strong>(Wiesloch \/ Rhein-Neckar-Kreis) \u2013<\/strong> Seit Mittwochnachmittag den 17.11.2021 wurde der 62-j\u00e4hrige Johann G., welcher in einer Therapiestation des Psychiatrischen Zentrums Nordbaden behandelt wird vermisst. Er konnte heute wohlbehalten im Bereich Bruchsal aufgefunden werden und wird aktuell in die Einrichtung zur\u00fcckgef\u00fchrt. Die Fahndung ist somit erledigt. Das Polizeipr\u00e4sidium Mannheim bedankt sich f\u00fcr die Hinweise und Mithilfe bei der Suche.<\/p>\n\n\n\n<p><em>Polizeipr\u00e4sidium Mannheim<br>21.11.2021<\/em><\/p>\n\n\n\n<h2 class=\"wp-block-heading\">62-J\u00e4hriger vermisst; hilflose Lage nicht ausgeschlossen \/ \u00d6ffentlichkeitsfahndung der Polizei<\/h2>\n\n\n\n<p><strong>(Wiesloch \/ Rhein-Neckar-Kreis) \u2013 <\/strong>Seit Mittwochnachmittag wird der 62-j\u00e4hrige Johann G. vermisst. Er wurde zuletzt auf einer Therapiestation im Krankenhaus des Psychiatrischen Zentrums Nordbaden in Wiesloch behandelt. Der Vermisste, wurde am Mittwoch gegen 13:30 Uhr zuletzt dort gesehen. Die bisherige Vermisstensuche f\u00fchrte noch nicht zum Auffinden von Johann G. Da nicht ausgeschlossen werden kann, dass sich der Vermisste in einer hilflosen Lage befindet, wird die Bev\u00f6lkerung um Mithilfe gebeten.<\/p>\n\n\n\n<h3 class=\"wp-block-heading\">Beschreibung:<\/h3>\n\n\n\n<ul><li><strong>M\u00e4nnlich<\/strong><\/li><li><strong>ca.170 cm gro\u00df<\/strong><\/li><li><strong>kr\u00e4ftige Statur<\/strong><\/li><li><strong>braune Augen<\/strong><\/li><li><strong>dunkle\/ schmutzig wirkende Jeans-Hose, Pullover, schwarze Winterjacke und schwarze Schuhe.<\/strong><\/li><li><strong>Entgegen des Lichtbilds hat Johann G mittlerweile ca. 10 cm langes\/graues Haar und einen grauen Vollbart, der m\u00f6glicherweise ungepflegt erscheint<\/strong><\/li><\/ul>\n\n\n\n<p>Wer Johann G. gesehen hat oder Hinweise zu seinem Aufenthaltsort geben kann, wird gebeten, sich unter der Tel.: 0621 174 4444 an die Kriminalpolizei oder unter 110 an den Polizeinotruf zu wenden. Au\u00dferdem nimmt auch jede andere Polizeidienststelle Hinweise entgegen.<\/p>\n\n\n\n<p><em>Polizeipr\u00e4sidium Mannheim<br>19.11.2021<\/em><\/p>\n","protected":false},"excerpt":{"rendered":"<div class=\"mh-excerpt\"><p>62-J\u00e4hriger Vermisster Johann G. wieder aufgefunden \/ Fahndung erledigt (Wiesloch \/ Rhein-Neckar-Kreis) \u2013 Seit Mittwochnachmittag den 17.11.2021 wurde der 62-j\u00e4hrige Johann G., welcher in einer Therapiestation des Psychiatrischen Zentrums Nordbaden behandelt wird vermisst. Er konnte <a class=\"mh-excerpt-more\" href=\"https:\/\/speyer24news.com\/?p=42529\" title=\"\u00d6ffentlichkeitsfahndung \/ Personensuche\">[&#8230;]<\/a><\/p>\n<\/div>","protected":false},"author":3,"featured_media":29028,"comment_status":"open","ping_status":"open","sticky":false,"template":"","format":"standard","meta":{"_monsterinsights_skip_tracking":false,"_monsterinsights_sitenote_active":false,"_monsterinsights_sitenote_note":"","_monsterinsights_sitenote_category":0,"footnotes":""},"categories":[12],"tags":[2388,13384,2578,1117,12434,619,618,5516,226],"aioseo_notices":[],"amp_enabled":true,"_links":{"self":[{"href":"https:\/\/speyer24news.com\/index.php?rest_route=\/wp\/v2\/posts\/42529"}],"collection":[{"href":"https:\/\/speyer24news.com\/index.php?rest_route=\/wp\/v2\/posts"}],"about":[{"href":"https:\/\/speyer24news.com\/index.php?rest_route=\/wp\/v2\/types\/post"}],"author":[{"embeddable":true,"href":"https:\/\/speyer24news.com\/index.php?rest_route=\/wp\/v2\/users\/3"}],"replies":[{"embeddable":true,"href":"https:\/\/speyer24news.com\/index.php?rest_route=%2Fwp%2Fv2%2Fcomments&post=42529"}],"version-history":[{"count":2,"href":"https:\/\/speyer24news.com\/index.php?rest_route=\/wp\/v2\/posts\/42529\/revisions"}],"predecessor-version":[{"id":42556,"href":"https:\/\/speyer24news.com\/index.php?rest_route=\/wp\/v2\/posts\/42529\/revisions\/42556"}],"wp:featuredmedia":[{"embeddable":true,"href":"https:\/\/speyer24news.com\/index.php?rest_route=\/wp\/v2\/media\/29028"}],"wp:attachment":[{"href":"https:\/\/speyer24news.com\/index.php?rest_route=%2Fwp%2Fv2%2Fmedia&parent=42529"}],"wp:term":[{"taxonomy":"category","embeddable":true,"href":"https:\/\/speyer24news.com\/index.php?rest_route=%2Fwp%2Fv2%2Fcategories&post=42529"},{"taxonomy":"post_tag","embeddable":true,"href":"https:\/\/speyer24news.com\/index.php?rest_route=%2Fwp%2Fv2%2Ftags&post=42529"}],"curies":[{"name":"wp","href":"https:\/\/api.w.org\/{rel}","templated":true}]}}