{"id":42545,"date":"2021-11-20T09:02:41","date_gmt":"2021-11-20T08:02:41","guid":{"rendered":"https:\/\/speyer24news.com\/?p=42545"},"modified":"2021-11-21T07:19:53","modified_gmt":"2021-11-21T06:19:53","slug":"coronavirus-speyer-rheinland-pfalz-4","status":"publish","type":"post","link":"https:\/\/speyer24news.com\/?p=42545","title":{"rendered":"Coronavirus Speyer \/ Rheinland-Pfalz"},"content":{"rendered":"<style type=\"text\/css\">\r\n\t.ads_top_disp{}\r\n\t.ads_top_corner_disp{ float:left; margin:0px 10px 10px 0px; }\r\n\t.ads_first_p_disp{}\r\n\t.ads_bottom_disp{}\r\n\t<\/style>\n<h2 class=\"wp-block-heading\">Fallzahlen f\u00fcr die Stadt Speyer vom Donnerstag (18.11.2021) und Freitag (19.11.2021)<\/h2>\n\n\n\n<ul><li><strong>Germersheim 555,8; Landau 428,4; Neustadt 373,3; <strong>S\u00fcdliche Weinstra\u00dfe 362,9<\/strong>: Worms 335,5 und Rhein-Pfalz-Kreis 308,9 traurige \u201eSpitzenreiter\u201c, mit der h\u00f6chstens Inzidenz, in RLP.<\/strong><\/li><li><strong>Leider aber die gesamte Metropolregion sehr stark betroffen. Sollte Speyer auch am Samstag 2 der Leitindikatoren mit 2 erf\u00fcllen gilt Warnstufe 2!<\/strong><\/li><\/ul>\n\n\n\n<div class=\"wp-block-image\"><figure class=\"aligncenter\"><img decoding=\"async\" loading=\"lazy\" width=\"800\" height=\"400\" src=\"https:\/\/speyer24news.com\/wp-content\/uploads\/2020\/05\/virus-1812092_1920.jpg\" alt=\"\" class=\"wp-image-26778\" srcset=\"https:\/\/speyer24news.com\/wp-content\/uploads\/2020\/05\/virus-1812092_1920.jpg 800w, https:\/\/speyer24news.com\/wp-content\/uploads\/2020\/05\/virus-1812092_1920-300x150.jpg 300w, https:\/\/speyer24news.com\/wp-content\/uploads\/2020\/05\/virus-1812092_1920-768x384.jpg 768w\" sizes=\"(max-width: 800px) 100vw, 800px\" \/><\/figure><\/div>\n\n\n\n<p>Anzahl best\u00e4tigter F\u00e4lle von Coronavirus (SARS-CoV-2)-Infektionen in der Stadt Speyer: 4.003 (&nbsp;<strong>+ 49<\/strong>&nbsp;)<br>Davon hospitalisiert: 134 ( + 4&nbsp;)<br>Davon bereits genesen: 3.529 ( + 7 )<br>Todesf\u00e4lle: 95 ( unver\u00e4ndert&nbsp;)<br>Gemeldete F\u00e4lle der letzten sieben Tage pro 100.000 Einwohner*innen (Inzidenz gem\u00e4\u00df LUA): 291,7 (&nbsp;<strong>+ 47,3<\/strong>&nbsp;)<\/p>\n\n\n\n<p>Anzahl best\u00e4tigter F\u00e4lle von Coronavirus (SARS-CoV-2)-Infektionen in der Stadt Speyer: 3.954 (&nbsp;+ 11 )<br>Davon hospitalisiert: 134 ( unver\u00e4ndert&nbsp;)<br>Davon bereits genesen: 3.522 ( + 15 )<br>Todesf\u00e4lle: 95 ( unver\u00e4ndert&nbsp;)<br>Gemeldete F\u00e4lle der letzten sieben Tage pro 100.000 Einwohner*innen (Inzidenz gem\u00e4\u00df LUA): 244,4 (&nbsp;<strong>&#8211; 53,2<\/strong>&nbsp;)<\/p>\n\n\n\n<p><em>Stadtverwaltung Speyer<br>20.11.2021<\/em><\/p>\n\n\n\n<h2 class=\"wp-block-heading\">Leitindikatoren zur Berechnung der Warnstufe<\/h2>\n\n\n\n<div class=\"wp-block-image\"><figure class=\"aligncenter\"><img decoding=\"async\" loading=\"lazy\" width=\"600\" height=\"600\" src=\"https:\/\/speyer24news.com\/wp-content\/uploads\/2021\/09\/Warnstufensystem-2G-.png\" alt=\"\" class=\"wp-image-40457\" srcset=\"https:\/\/speyer24news.com\/wp-content\/uploads\/2021\/09\/Warnstufensystem-2G-.png 600w, https:\/\/speyer24news.com\/wp-content\/uploads\/2021\/09\/Warnstufensystem-2G--300x300.png 300w, https:\/\/speyer24news.com\/wp-content\/uploads\/2021\/09\/Warnstufensystem-2G--150x150.png 150w\" sizes=\"(max-width: 600px) 100vw, 600px\" \/><\/figure><\/div>\n\n\n\n<figure class=\"wp-block-table\"><table><tbody><tr><td>&nbsp;<\/td><td>Leitindikator \u201eSieben-Tage-Inzidenz\u201c<\/td><td>Leitindikator \u201eSieben-Tage-Hospitalisierungs-Inzidenz\u201c<\/td><td>Anteil COVID-19 an Intensivkapazit\u00e4t (%)<\/td><\/tr><tr><td>Freitag, 19.11.2921<\/td><td>291,7<\/td><td>4,6<\/td><td>6,54<\/td><\/tr><tr><td>Donnerstag, 18.11.2021<\/td><td>244,3<\/td><td>3,9<\/td><td>6,48<\/td><\/tr><tr><td>Mittwoch, 17.11.2021<\/td><td>297,5<\/td><td>3,3<\/td><td>5,99<\/td><\/tr><tr><td>Dienstag, 16.11.2021<\/td><td>254,2<\/td><td>3,3<\/td><td>5,62<\/td><\/tr><tr><td>Montag, 15.11.2021<\/td><td>236,5<\/td><td>2,9<\/td><td>5,86<\/td><\/tr><tr><td>Sonntag, 14.11.2021<\/td><td>197,1<\/td><td>3,2<\/td><td>5,80<\/td><\/tr><tr><td>Samstag, 13.11.2021<\/td><td>197,1<\/td><td>3,3<\/td><td>5,68<\/td><\/tr><\/tbody><\/table><\/figure>\n\n\n\n<p>Der&nbsp;<strong>Leitindikator \u201eSieben-Tage-Inzidenz\u201c<\/strong>&nbsp;gibt an, wie schnell sich das Virus verbreitet. Unter \u201eSieben-Tage-Inzidenz\u201c wird die Anzahl der Neuinfektionen mit dem Coronavirus SARS-CoV-2 je 100&nbsp;000 Einwohnerinnen und Einwohner innerhalb von sieben Tagen f\u00fcr jeden Landkreis und jede kreisfreie Stadt verstanden.<\/p>\n\n\n\n<p>Der&nbsp;<strong>Leitindikator \u201eSieben-Tage-Hospitalisierungs-Inzidenz\u201c&nbsp;<\/strong>zeigt an, wie viele Schwererkrankte innerhalb eines Zeitraums von sieben Tagen neu station\u00e4r aufgenommen wurden. Der Leitindikator \u201eSieben-Tage-Hospitalisierungs-Inzidenz\u201c misst die Anzahl der neu aufgenommenen Hospitalisierungsf\u00e4lle mit COVID-19-Erkrankung je 100 000 Einwohnerinnen und Einwohner im Durchschnitt der letzten sieben Tagen bezogen auf ein Versorgungsgebiet gem\u00e4\u00df Krankenhausplan des Landes Rheinland-Pfalz 2019 bis 2025.<\/p>\n\n\n\n<p>Der&nbsp;<strong>Leitindikator \u201eAnteil Intensivbetten\u201c<\/strong>&nbsp;misst die Belastung des Gesundheitswesens. Er bestimmt sich nach dem prozentualen Anteil der mit COVID-19-Erkrankten belegten Intensivbetten an der Intensivbettenkapazit\u00e4t innerhalb des Landes Rheinland-Pfalz.<\/p>\n\n\n\n<p>Es gilt das&nbsp;<strong>2G+ System<\/strong>: Dieses regelt, wie viele nicht-immunisierte Personen sich gemeinsam im \u00f6ffentlichen Raum aufhalten, auf Veranstaltungen gehen oder \u00f6ffentliche Einrichtungen wie Kinos oder Konzerth\u00e4user besuchen d\u00fcrfen.&nbsp;F\u00fcr immunisierte Personen wird der Zutritt hingegen nicht reduziert.<\/p>\n\n\n\n<p>Speyer befindet sich aktuell in&nbsp;<strong>Warnstufe 1<\/strong>.&nbsp;<\/p>\n\n\n\n<p><em>Robert-Koch-Institut (RKI)<br>20.11.2021<\/em><\/p>\n\n\n\n<h2 class=\"wp-block-heading\">Regelungen und Beschr\u00e4nkungen bei Warnstufe 1<\/h2>\n\n\n\n<div class=\"wp-block-image\"><figure class=\"aligncenter\"><img decoding=\"async\" loading=\"lazy\" width=\"835\" height=\"1024\" src=\"https:\/\/speyer24news.com\/wp-content\/uploads\/2021\/09\/Warnstufe-1-Regelungen-835x1024.jpg\" alt=\"\" class=\"wp-image-40458\" srcset=\"https:\/\/speyer24news.com\/wp-content\/uploads\/2021\/09\/Warnstufe-1-Regelungen-835x1024.jpg 835w, https:\/\/speyer24news.com\/wp-content\/uploads\/2021\/09\/Warnstufe-1-Regelungen-245x300.jpg 245w, https:\/\/speyer24news.com\/wp-content\/uploads\/2021\/09\/Warnstufe-1-Regelungen-768x942.jpg 768w, https:\/\/speyer24news.com\/wp-content\/uploads\/2021\/09\/Warnstufe-1-Regelungen.jpg 862w\" sizes=\"(max-width: 835px) 100vw, 835px\" \/><\/figure><\/div>\n\n\n\n<p><em>Staatskanzlei Rheinland-Pfalz<br>20.11.2021<\/em><\/p>\n\n\n\n<h2 class=\"wp-block-heading\">Stadt erl\u00e4sst Allgemeinverf\u00fcgung f\u00fcr den Weihnachts- und Neujahrsmarkt<\/h2>\n\n\n\n<div class=\"wp-block-image\"><figure class=\"aligncenter size-large\"><img decoding=\"async\" loading=\"lazy\" width=\"500\" height=\"500\" src=\"https:\/\/speyer24news.com\/wp-content\/uploads\/2020\/04\/virus-4810549_1920.png\" alt=\"\" class=\"wp-image-26186\" srcset=\"https:\/\/speyer24news.com\/wp-content\/uploads\/2020\/04\/virus-4810549_1920.png 500w, https:\/\/speyer24news.com\/wp-content\/uploads\/2020\/04\/virus-4810549_1920-150x150.png 150w, https:\/\/speyer24news.com\/wp-content\/uploads\/2020\/04\/virus-4810549_1920-300x300.png 300w\" sizes=\"(max-width: 500px) 100vw, 500px\" \/><\/figure><\/div>\n\n\n\n<p>Basierend auf der 27. Corona-Bek\u00e4mpfungsverordnung (27. CoBeLVO) des Landes Rheinland-Pfalz vom 4. November 2021 erl\u00e4sst die Stadt Speyer nach Unterrichtung der zust\u00e4ndigen Landesbeh\u00f6rden eine Allgemeinverf\u00fcgung, welche&nbsp;die Rechtsgrundlage f\u00fcr die Durchf\u00fchrung des Weihnachts- und Neujahrmarktes bildet. Sie tritt mit der Er\u00f6ffnung des Weihnachtsmarktes <strong>am Montag, 22. November 2021 in Kraft und gilt bis zum Ablauf des 9. Januar 2022<\/strong>.<\/p>\n\n\n\n<p>\u201eDurch die Regelungen, die wir mit der Allgemeinverf\u00fcgung erlassen, begegnen wir der besorgniserregenden Infektionslage, die sich in den letzten Wochen leider immer weiter zugespitzt hat. Zugleich m\u00f6chten wir einen Weihnachtsmarkt erm\u00f6glichen, der im Einklang mit den erforderlichen Schutzma\u00dfnahmen steht und den Besucherinnen und Besuchern gr\u00f6\u00dftm\u00f6gliche Sicherheit bietet\u201c, erl\u00e4utert Oberb\u00fcrgermeisterin Stefanie Seiler und f\u00fcgt hinzu: \u201e\u00dcber die Regularien hinaus kommt es aber auch auf die Eigenverantwortlichkeit und die Solidarit\u00e4t eines jeden Einzelnen an. Das gilt f\u00fcr den Weihnachtsmarkt, wie auch in allen anderen Lebenslagen. Denn der Winter ist noch lang und Momente wie einen Bummel \u00fcber den Weihnachtsmarkt k\u00f6nnen wir nur dann genie\u00dfen, wenn wir als Gesellschaft an einem Strang ziehen und aufeinander achtgeben.\u201c<\/p>\n\n\n\n<div class=\"wp-block-image\"><figure class=\"aligncenter size-large\"><img decoding=\"async\" loading=\"lazy\" width=\"600\" height=\"603\" src=\"https:\/\/speyer24news.com\/wp-content\/uploads\/2021\/06\/Maskenpflicht.jpeg\" alt=\"\" class=\"wp-image-37618\" srcset=\"https:\/\/speyer24news.com\/wp-content\/uploads\/2021\/06\/Maskenpflicht.jpeg 600w, https:\/\/speyer24news.com\/wp-content\/uploads\/2021\/06\/Maskenpflicht-150x150.jpeg 150w\" sizes=\"(max-width: 600px) 100vw, 600px\" \/><\/figure><\/div>\n\n\n\n<p>Gem\u00e4\u00df der Allgemeinverf\u00fcgung besteht f\u00fcr die Zeit des Weihnachts- und Neujahrsmarktes t\u00e4glich zwischen 11.00 und 20.00 Uhr die Verpflichtung, in der Fu\u00dfg\u00e4ngerzone \u00fcberall dort eine medizinische Gesichtsmaske zu tragen, wo der Mindestabstand von 1,5 Metern zwischen Personen verschiedener Hausst\u00e4nde nicht eingehalten werden kann. Die Maskenpflicht sowie das Abstandsgebot gelten auch in s\u00e4mtlichen zum Weihnachtsmarkt geh\u00f6renden allseitig geschlossenen Buden oder sonstigen an mindestens drei Seiten geschlossenen R\u00e4umen des Weihnachtsmarktes.<br>Der r\u00e4umliche Geltungsbereich dieser Regelungen ist dem der Allgemeinverf\u00fcgung beigef\u00fcgten Lageplan zu entnehmen.<\/p>\n\n\n\n<p>Zudem besteht im Bereich der Schlittschuhbahn sowie an den Verzehr- und Verweilpl\u00e4tzen die 3G-Regel. Diese wird in einem ersten Schritt von den Schaustellerbetrieben beim Verkauf von Speisen oder Getr\u00e4nken und im zweiten Schritt stichprobenartig durch den Kommunalen Vollzugsdienst kontrolliert. M\u00f6chten sich die Besucher*innen im Bereich der St\u00e4nde aufhalten und dort essen und trinken, ist der entsprechende Nachweis erforderlich, wobei Schnelltests nicht \u00e4lter als 24 Stunden und PCR-Tests nicht \u00e4lter als 48 Stunden sein d\u00fcrfen. Selbsttests werden nicht anerkannt. Kinder bis einschlie\u00dflich elf Jahre sowie Sch\u00fcler*innen unter 18 Jahre, die im Rahmen ihres Schulbesuches regelm\u00e4\u00dfigen Testungen unterliegen, sind von der Testpflicht befreit. Sch\u00fcler*innen sollten einen g\u00fcltigen Sch\u00fclerausweis o.\u00c4. bereithalten.<\/p>\n\n\n\n<p>Der Kauf von Speisen \u201eto go\u201c ist ohne Impf-, Genesenen- oder Testnachweis m\u00f6glich.<\/p>\n\n\n\n<div class=\"wp-block-image\"><figure class=\"aligncenter size-large\"><img decoding=\"async\" loading=\"lazy\" width=\"800\" height=\"540\" src=\"https:\/\/speyer24news.com\/wp-content\/uploads\/2021\/02\/Speyer-Maskenpflicht.jpg\" alt=\"\" class=\"wp-image-33181\" srcset=\"https:\/\/speyer24news.com\/wp-content\/uploads\/2021\/02\/Speyer-Maskenpflicht.jpg 800w, https:\/\/speyer24news.com\/wp-content\/uploads\/2021\/02\/Speyer-Maskenpflicht-300x203.jpg 300w, https:\/\/speyer24news.com\/wp-content\/uploads\/2021\/02\/Speyer-Maskenpflicht-768x518.jpg 768w\" sizes=\"(max-width: 800px) 100vw, 800px\" \/><\/figure><\/div>\n\n\n\n<p>In zum Weihnachtsmarkt geh\u00f6renden Buden und R\u00e4umen d\u00fcrfen nur dann Bewirtungsleistungen erbracht sowie Essen und Getr\u00e4nke verzehrt werden, wenn diese mindestens zu einer Seite hin komplett ge\u00f6ffnet sind.<\/p>\n\n\n\n<p>Verst\u00f6\u00dfe der Weihnachtsmarktbesucher*innen gegen die oben genannten Regelungen werden mit einem Bu\u00dfgeld in H\u00f6he von 50 Euro geahndet.<\/p>\n\n\n\n<p>Die Stadt beh\u00e4lt sich vor, bei Versch\u00e4rfung der Infektionslage gegebenenfalls weitere Ma\u00dfnahmen mit den Schaustellerbetrieben abzustimmen und umzusetzen.<\/p>\n\n\n\n<p><em>Text: Stadt Speyer Foto: Speyer 24\/7 News<br>20.11.2021<\/em><\/p>\n\n\n\n<h2 class=\"wp-block-heading\">Fallzahlen f\u00fcr Rheinland-Pfalz<\/h2>\n\n\n\n<div class=\"wp-block-image\"><figure class=\"aligncenter\"><img decoding=\"async\" loading=\"lazy\" width=\"800\" height=\"575\" src=\"https:\/\/speyer24news.com\/wp-content\/uploads\/2020\/04\/AdobeStock_320368431.jpeg\" alt=\"\" class=\"wp-image-26313\" srcset=\"https:\/\/speyer24news.com\/wp-content\/uploads\/2020\/04\/AdobeStock_320368431.jpeg 800w, https:\/\/speyer24news.com\/wp-content\/uploads\/2020\/04\/AdobeStock_320368431-300x216.jpeg 300w, https:\/\/speyer24news.com\/wp-content\/uploads\/2020\/04\/AdobeStock_320368431-768x552.jpeg 768w\" sizes=\"(max-width: 800px) 100vw, 800px\" \/><\/figure><\/div>\n\n\n\n<figure class=\"wp-block-table\"><table><tbody><tr><td><strong>Kreis, Stand 19.11.2021<\/strong><\/td><td><strong>Laborbest\u00e4tigt, seit Beginn der Pandemie<\/strong><\/td><td><strong>Gemeldet, die letzten 7 Tage<\/strong><\/td><td><strong>Landkreis<\/strong><\/td><\/tr><tr><td><strong>Gesamt<\/strong><\/td><td><strong>Differenz zum<br>Vortag<\/strong><\/td><td><strong>Hospitali-siert<\/strong><\/td><td><strong>Verstor-ben<\/strong><\/td><td><strong>Genesen<sup>A<\/sup><\/strong><\/td><td><strong>aktuelle F\u00e4lle<sup>B<\/sup><\/strong><\/td><td><strong>Gesamt<\/strong><\/td><td><strong>Inzidenz pro 100.000<sup>C<\/sup><\/strong><\/td><\/tr><tr><td><strong>Rheinland-Pfalz<\/strong><\/td><td><strong>+USAF<sup>D<\/sup><\/strong><\/td><td><strong>&lt;20 Jahre<\/strong><\/td><td><strong>20-59 Jahre<sup>E<\/sup><\/strong><\/td><td><strong>\u2265 60 Jahre<\/strong><\/td><\/tr><tr><td>Ahrweiler<\/td><td>6550<\/td><td>55<\/td><td>242<\/td><td>68<\/td><td>5947<\/td><td>535<\/td><td>225<\/td><td>172,4<\/td><td>172,4<\/td><td>272,3<\/td><td>172,6<\/td><td>119,1<\/td><td>Ahrweiler<\/td><\/tr><tr><td>Altenkirchen<\/td><td>6678<\/td><td>76<\/td><td>503<\/td><td>106<\/td><td>5963<\/td><td>609<\/td><td>279<\/td><td>216,1<\/td><td>216,1<\/td><td>358,0<\/td><td>239,1<\/td><td>91,4<\/td><td>Altenkirchen<\/td><\/tr><tr><td>Alzey-Worms<\/td><td>7217<\/td><td>56<\/td><td>418<\/td><td>143<\/td><td>6457<\/td><td>617<\/td><td>284<\/td><td>217,3<\/td><td>217,2<\/td><td>376,4<\/td><td>206,5<\/td><td>130,1<\/td><td>Alzey-Worms<\/td><\/tr><tr><td>Bad D\u00fcrkheim<\/td><td>6259<\/td><td>75<\/td><td>391<\/td><td>163<\/td><td>5280<\/td><td>816<\/td><td>348<\/td><td>261,6<\/td><td>261,6<\/td><td>306,7<\/td><td>313,5<\/td><td>159,7<\/td><td>Bad D\u00fcrkheim<\/td><\/tr><tr><td>Bad Kreuznach<\/td><td>8056<\/td><td>39<\/td><td>214<\/td><td>149<\/td><td>7297<\/td><td>610<\/td><td>286<\/td><td>180,2<\/td><td>180,1<\/td><td>295,8<\/td><td>197,3<\/td><td>85,8<\/td><td>Bad Kreuznach<\/td><\/tr><tr><td>Bernkastel-Wittlich<\/td><td>4392<\/td><td>33<\/td><td>352<\/td><td>67<\/td><td>3956<\/td><td>369<\/td><td>150<\/td><td>133,1<\/td><td>131,2<\/td><td>205,5<\/td><td>149,1<\/td><td>65,3<\/td><td>Bernkastel-Wittlich<\/td><\/tr><tr><td>Birkenfeld<\/td><td>4821<\/td><td>56<\/td><td>385<\/td><td>99<\/td><td>4310<\/td><td>412<\/td><td>191<\/td><td>236,3<\/td><td>228,7<\/td><td>331,8<\/td><td>239,2<\/td><td>180,1<\/td><td>Birkenfeld<\/td><\/tr><tr><td>Bitburg-Pr\u00fcm<\/td><td>4437<\/td><td>9<\/td><td>187<\/td><td>34<\/td><td>4073<\/td><td>330<\/td><td>153<\/td><td>152,9<\/td><td>147,9<\/td><td>239,2<\/td><td>165,8<\/td><td>73,0<\/td><td>Bitburg-Pr\u00fcm<\/td><\/tr><tr><td>Cochem-Zell<\/td><td>2782<\/td><td>39<\/td><td>173<\/td><td>70<\/td><td>2329<\/td><td>383<\/td><td>154<\/td><td>250,1<\/td><td>249,9<\/td><td>457,8<\/td><td>313,3<\/td><td>48,9<\/td><td>Cochem-Zell<\/td><\/tr><tr><td>Donnersbergkreis<\/td><td>3413<\/td><td>21<\/td><td>230<\/td><td>77<\/td><td>3018<\/td><td>318<\/td><td>122<\/td><td>161,5<\/td><td>160,0<\/td><td>234,7<\/td><td>193,9<\/td><td>64,4<\/td><td>Donnersbergkreis<\/td><\/tr><tr><td>Germersheim<\/td><td>8831<\/td><td>156<\/td><td>471<\/td><td>133<\/td><td>7284<\/td><td>1414<\/td><td>717<\/td><td>555,8<\/td><td>555,7<\/td><td>754,3<\/td><td>573,3<\/td><td>388,2<\/td><td>Germersheim<\/td><\/tr><tr><td>Kaiserslautern<\/td><td>5554<\/td><td>72<\/td><td>289<\/td><td>87<\/td><td>4833<\/td><td>634<\/td><td>244<\/td><td>229,5<\/td><td>196,4<\/td><td>362,9<\/td><td>229,0<\/td><td>142,6<\/td><td>Kaiserslautern<\/td><\/tr><tr><td>Kusel<\/td><td>2893<\/td><td>37<\/td><td>231<\/td><td>72<\/td><td>2517<\/td><td>304<\/td><td>150<\/td><td>214,0<\/td><td>202,8<\/td><td>211,7<\/td><td>244,5<\/td><td>170,4<\/td><td>Kusel<\/td><\/tr><tr><td>Mainz-Bingen<\/td><td>9891<\/td><td>44<\/td><td>520<\/td><td>233<\/td><td>8860<\/td><td>798<\/td><td>328<\/td><td>155,1<\/td><td>155,0<\/td><td>221,9<\/td><td>170,4<\/td><td>83,1<\/td><td>Mainz-Bingen<\/td><\/tr><tr><td>Mayen-Koblenz<\/td><td>9823<\/td><td>76<\/td><td>376<\/td><td>192<\/td><td>8601<\/td><td>1030<\/td><td>355<\/td><td>165,3<\/td><td>165,3<\/td><td>234,6<\/td><td>185,6<\/td><td>88,1<\/td><td>Mayen-Koblenz<\/td><\/tr><tr><td>Neuwied<\/td><td>10893<\/td><td>60<\/td><td>389<\/td><td>202<\/td><td>9904<\/td><td>787<\/td><td>327<\/td><td>178,6<\/td><td>178,6<\/td><td>262,3<\/td><td>187,9<\/td><td>110,0<\/td><td>Neuwied<\/td><\/tr><tr><td>Rhein-Hunsr\u00fcck<\/td><td>5276<\/td><td>54<\/td><td>416<\/td><td>108<\/td><td>4454<\/td><td>714<\/td><td>235<\/td><td>227,3<\/td><td>227,3<\/td><td>355,8<\/td><td>247,8<\/td><td>120,0<\/td><td>Rhein-Hunsr\u00fcck<\/td><\/tr><tr><td>Rhein-Lahn-Kreis<\/td><td>5305<\/td><td>53<\/td><td>406<\/td><td>103<\/td><td>4802<\/td><td>400<\/td><td>190<\/td><td>155,0<\/td><td>155,0<\/td><td>222,9<\/td><td>177,9<\/td><td>80,0<\/td><td>Rhein-Lahn-Kreis<\/td><\/tr><tr><td>Rhein-Pfalz-Kreis<\/td><td>9520<\/td><td>202<\/td><td>288<\/td><td>237<\/td><td>7954<\/td><td>1329<\/td><td>478<\/td><td>308,9<\/td><td>308,9<\/td><td>518,8<\/td><td>318,5<\/td><td>164,3<\/td><td>Rhein-Pfalz-Kreis<\/td><\/tr><tr><td>S\u00fcdliche Weinstr.<\/td><td>5635<\/td><td>100<\/td><td>441<\/td><td>123<\/td><td>4519<\/td><td>993<\/td><td>402<\/td><td>362,9<\/td><td>362,9<\/td><td>602,1<\/td><td>369,1<\/td><td>220,5<\/td><td>S\u00fcdliche Weinstr.<\/td><\/tr><tr><td>S\u00fcdwestpfalz<\/td><td>3629<\/td><td>47<\/td><td>330<\/td><td>92<\/td><td>2999<\/td><td>538<\/td><td>284<\/td><td>299,2<\/td><td>295,3<\/td><td>534,8<\/td><td>332,0<\/td><td>142,9<\/td><td>S\u00fcdwestpfalz<\/td><\/tr><tr><td>Trier-Saarburg<\/td><td>6084<\/td><td>69<\/td><td>317<\/td><td>104<\/td><td>5308<\/td><td>672<\/td><td>235<\/td><td>156,1<\/td><td>156,0<\/td><td>241,7<\/td><td>148,8<\/td><td>113,0<\/td><td>Trier-Saarburg<\/td><\/tr><tr><td>Vulkaneifel<\/td><td>2691<\/td><td>30<\/td><td>210<\/td><td>63<\/td><td>2398<\/td><td>230<\/td><td>116<\/td><td>191,8<\/td><td>191,7<\/td><td>281,8<\/td><td>223,6<\/td><td>98,8<\/td><td>Vulkaneifel<\/td><\/tr><tr><td>Westerwaldkreis<\/td><td>9796<\/td><td>68<\/td><td>747<\/td><td>175<\/td><td>8928<\/td><td>693<\/td><td>306<\/td><td>150,9<\/td><td>150,9<\/td><td>334,1<\/td><td>145,2<\/td><td>42,2<\/td><td>Westerwaldkreis<\/td><\/tr><tr><td>KS Frankenthal<\/td><td>3247<\/td><td>74<\/td><td>79<\/td><td>58<\/td><td>2806<\/td><td>383<\/td><td>143<\/td><td>293,3<\/td><td>293,3<\/td><td>506,2<\/td><td>329,8<\/td><td>95,9<\/td><td>KS Frankenthal<\/td><\/tr><tr><td>KS Kaiserslautern<\/td><td>5083<\/td><td>52<\/td><td>373<\/td><td>123<\/td><td>4550<\/td><td>410<\/td><td>223<\/td><td>223,8<\/td><td>209,8<\/td><td>370,5<\/td><td>209,2<\/td><td>161,7<\/td><td>KS Kaiserslautern<\/td><\/tr><tr><td>KS Koblenz<\/td><td>5922<\/td><td>29<\/td><td>210<\/td><td>165<\/td><td>5325<\/td><td>432<\/td><td>173<\/td><td>152,6<\/td><td>152,6<\/td><td>153,1<\/td><td>195,3<\/td><td>68,8<\/td><td>KS Koblenz<\/td><\/tr><tr><td>KS Landau i.d.Pf.<\/td><td>2664<\/td><td>62<\/td><td>233<\/td><td>46<\/td><td>2175<\/td><td>443<\/td><td>200<\/td><td>428,4<\/td><td>428,4<\/td><td>705,3<\/td><td>422,2<\/td><td>259,8<\/td><td>KS Landau i.d.Pf.<\/td><\/tr><tr><td>KS Ludwigshafen<\/td><td>14452<\/td><td>178<\/td><td>418<\/td><td>346<\/td><td>12842<\/td><td>1264<\/td><td>455<\/td><td>263,7<\/td><td>263,7<\/td><td>436,7<\/td><td>258,3<\/td><td>132,6<\/td><td>KS Ludwigshafen<\/td><\/tr><tr><td>KS Mainz<\/td><td>13365<\/td><td>48<\/td><td>612<\/td><td>224<\/td><td>12230<\/td><td>911<\/td><td>403<\/td><td>185,6<\/td><td>185,5<\/td><td>248,1<\/td><td>194,1<\/td><td>118,9<\/td><td>KS Mainz<\/td><\/tr><tr><td>KS Neustadt a.d.W.<\/td><td>2757<\/td><td>55<\/td><td>165<\/td><td>44<\/td><td>2329<\/td><td>384<\/td><td>199<\/td><td>373,3<\/td><td>373,3<\/td><td>648,7<\/td><td>410,9<\/td><td>166,1<\/td><td>KS Neustadt a.d.W.<\/td><\/tr><tr><td>KS Pirmasens<\/td><td>1845<\/td><td>7<\/td><td>210<\/td><td>61<\/td><td>1627<\/td><td>157<\/td><td>63<\/td><td>156,8<\/td><td>156,8<\/td><td>201,9<\/td><td>183,0<\/td><td>95,8<\/td><td>KS Pirmasens<\/td><\/tr><tr><td>KS Speyer<\/td><td>4003<\/td><td>49<\/td><td>138<\/td><td>95<\/td><td>3529<\/td><td>379<\/td><td>148<\/td><td>291,7<\/td><td>291,6<\/td><td>405,8<\/td><td>320,9<\/td><td>174,8<\/td><td>KS Speyer<\/td><\/tr><tr><td>KS Trier<\/td><td>3842<\/td><td>22<\/td><td>182<\/td><td>38<\/td><td>3486<\/td><td>318<\/td><td>100<\/td><td>90,4<\/td><td>90,3<\/td><td>152,7<\/td><td>83,7<\/td><td>63,8<\/td><td>KS Trier<\/td><\/tr><tr><td>KS Worms<\/td><td>6007<\/td><td>77<\/td><td>342<\/td><td>103<\/td><td>5322<\/td><td>582<\/td><td>280<\/td><td>335,5<\/td><td>335,5<\/td><td>499,0<\/td><td>375,3<\/td><td>146,2<\/td><td>KS Worms<\/td><\/tr><tr><td>KS Zweibr\u00fccken<\/td><td>1243<\/td><td>20<\/td><td>92<\/td><td>9<\/td><td>1090<\/td><td>144<\/td><td>93<\/td><td>273,5<\/td><td>273,4<\/td><td>417,4<\/td><td>294,6<\/td><td>158,9<\/td><td>KS Zweibr\u00fccken<\/td><\/tr><tr><td><strong>Rheinland-Pfalz<\/strong><\/td><td><strong>214856<\/strong><\/td><td><strong>2200<\/strong><\/td><td><strong>11580<\/strong><\/td><td><strong>4212<\/strong><\/td><td><strong>189302 #<\/strong><\/td><td><strong>21342<\/strong><\/td><td><strong>9039<\/strong><\/td><td><strong>220,5<\/strong><\/td><td><strong>218,5<\/strong><\/td><td><strong>341,8<\/strong><\/td><td><strong>233,8<\/strong><\/td><td><strong>122,7<\/strong><\/td><td><strong>Rheinland-Pfalz<\/strong><\/td><\/tr><\/tbody><\/table><\/figure>\n\n\n\n<h3 class=\"wp-block-heading\">Anmerkungen zur Tabelle<\/h3>\n\n\n\n<p>Dargestellt sind ausschlie\u00dflich mittels PCR laborbest\u00e4tigte Meldef\u00e4lle.<\/p>\n\n\n\n<p>Als \u201everstorben\u201c gelten F\u00e4lle, die als \u201ean\u201c und \u201emit\u201c COVID-19 verstorben \u00fcbermittelt wurden.<\/p>\n\n\n\n<p><sup>A<\/sup>&nbsp;Genesen wurde wie folgt definiert:<\/p>\n\n\n\n<p>a) nicht-verstorben, nicht-hospitalisiert und vor mehr als 21 Tagen ab Datenstichtag erkrankt<\/p>\n\n\n\n<p>b) nicht-verstorben, hospitalisiert gemeldet und vor mehr als 28 Tagen ab Datenstichtag erkrankt<\/p>\n\n\n\n<p>c) nicht-verstorben, Hospitalisierung unbekannt und vor mehr als 28 ab Datenstichtag Tagen erkrankt<\/p>\n\n\n\n<p>Sofern kein Erkrankungsdatum vorliegt, wird das gesch\u00e4tzte Erkrankungsdatum aus Meldedatum minus mittlerem Meldeverzug von derzeit 5 Tagen verwendet.<\/p>\n\n\n\n<p><sup>B<\/sup>&nbsp;Errechnet als Differenz aus Gesamtzahl der laborbest\u00e4tigten F\u00e4lle, Verstorbenen und Genesenen.<\/p>\n\n\n\n<p><sup>C<\/sup>&nbsp;COVID-19 Erkrankungen mit Meldedatum der letzten 7 Tage ab Datenstichtag, pro 100.000 Einwohner. Bitte beachten Sie, dass die Gesamtinzidenz der Meldungen in den letzten 7 Tagen f\u00fcr Rheinland-Pfalz \/100.000 Einwohner das mit der Bev\u00f6lkerungszahl der Gebietseinheit gewichtete Mittel und&nbsp;nicht&nbsp;deren arithmetisches Mittel ist.<\/p>\n\n\n\n<p><sup>D<\/sup>&nbsp;USAF = U.S. Armed Forces; Berechnung der Inzidenz \/100.000 unter Ber\u00fccksichtigung der mit Stand vom 30.6.2020 in der Gebietseinheit stationierten U.S. Streitkr\u00e4fte<\/p>\n\n\n\n<p><sup>E<\/sup>&nbsp;beinhaltet &lt;1% F\u00e4lle ohne Altersangabe<\/p>\n\n\n\n<p># Die Summe der in Rheinland-Pfalz bereits von COVID-19 Genesenen kann aufgrund eines unterschiedlichen Datenstandes und Bewertungsalgorithmus von der auf dem RKI-Dashboard abweichen.<\/p>\n\n\n\n<p><em>Landesuntersuchungsamt (LUA) Rheinland-Pfalz<br>20.11.2021<\/em><\/p>\n","protected":false},"excerpt":{"rendered":"<div class=\"mh-excerpt\"><p>Fallzahlen f\u00fcr die Stadt Speyer vom Donnerstag (18.11.2021) und Freitag (19.11.2021) Germersheim 555,8; Landau 428,4; Neustadt 373,3; S\u00fcdliche Weinstra\u00dfe 362,9: Worms 335,5 und Rhein-Pfalz-Kreis 308,9 traurige \u201eSpitzenreiter\u201c, mit der h\u00f6chstens Inzidenz, in RLP. Leider aber <a class=\"mh-excerpt-more\" href=\"https:\/\/speyer24news.com\/?p=42545\" title=\"Coronavirus Speyer \/ Rheinland-Pfalz\">[&#8230;]<\/a><\/p>\n<\/div>","protected":false},"author":3,"featured_media":25126,"comment_status":"open","ping_status":"open","sticky":false,"template":"","format":"standard","meta":{"_monsterinsights_skip_tracking":false,"_monsterinsights_sitenote_active":false,"_monsterinsights_sitenote_note":"","_monsterinsights_sitenote_category":0,"footnotes":""},"categories":[11613],"tags":[13394,8975,8828,7629,6401,8404,6902,6648,6367,8600,11658,6940,6913,7076,7400,13335,12873,8725,13365,6359,6429,6370,5904,6323,6358,7003,5801,6903,6634,13392,13393,6342,13391,8139,6681,9394,7245,13336,11269,13337,11783,10763,11655,11270,13338,6],"aioseo_notices":[],"amp_enabled":true,"_links":{"self":[{"href":"https:\/\/speyer24news.com\/index.php?rest_route=\/wp\/v2\/posts\/42545"}],"collection":[{"href":"https:\/\/speyer24news.com\/index.php?rest_route=\/wp\/v2\/posts"}],"about":[{"href":"https:\/\/speyer24news.com\/index.php?rest_route=\/wp\/v2\/types\/post"}],"author":[{"embeddable":true,"href":"https:\/\/speyer24news.com\/index.php?rest_route=\/wp\/v2\/users\/3"}],"replies":[{"embeddable":true,"href":"https:\/\/speyer24news.com\/index.php?rest_route=%2Fwp%2Fv2%2Fcomments&post=42545"}],"version-history":[{"count":2,"href":"https:\/\/speyer24news.com\/index.php?rest_route=\/wp\/v2\/posts\/42545\/revisions"}],"predecessor-version":[{"id":42558,"href":"https:\/\/speyer24news.com\/index.php?rest_route=\/wp\/v2\/posts\/42545\/revisions\/42558"}],"wp:featuredmedia":[{"embeddable":true,"href":"https:\/\/speyer24news.com\/index.php?rest_route=\/wp\/v2\/media\/25126"}],"wp:attachment":[{"href":"https:\/\/speyer24news.com\/index.php?rest_route=%2Fwp%2Fv2%2Fmedia&parent=42545"}],"wp:term":[{"taxonomy":"category","embeddable":true,"href":"https:\/\/speyer24news.com\/index.php?rest_route=%2Fwp%2Fv2%2Fcategories&post=42545"},{"taxonomy":"post_tag","embeddable":true,"href":"https:\/\/speyer24news.com\/index.php?rest_route=%2Fwp%2Fv2%2Ftags&post=42545"}],"curies":[{"name":"wp","href":"https:\/\/api.w.org\/{rel}","templated":true}]}}