{"id":42550,"date":"2021-11-21T06:56:29","date_gmt":"2021-11-21T05:56:29","guid":{"rendered":"https:\/\/speyer24news.com\/?p=42550"},"modified":"2021-11-21T06:56:32","modified_gmt":"2021-11-21T05:56:32","slug":"polizeimeldungen-vom-samstag-20-11-2021","status":"publish","type":"post","link":"https:\/\/speyer24news.com\/?p=42550","title":{"rendered":"Polizeimeldungen vom Samstag (20.11.2021)"},"content":{"rendered":"<style type=\"text\/css\">\r\n\t.ads_top_disp{}\r\n\t.ads_top_corner_disp{ float:left; margin:0px 10px 10px 0px; }\r\n\t.ads_first_p_disp{}\r\n\t.ads_bottom_disp{}\r\n\t<\/style>\n<div class=\"wp-block-image\"><figure class=\"aligncenter size-large\"><img decoding=\"async\" src=\"https:\/\/speyer24news.com\/wp-content\/uploads\/2019\/11\/Aktuelles-Polizeilogo.jpg\" alt=\"\" class=\"wp-image-21845\"\/><\/figure><\/div>\n\n\n\n<h2 class=\"wp-block-heading\">(Speyer) &#8211; Verdacht der Brandstiftung<\/h2>\n\n\n\n<p>Am Freitag, dem 19.11.2021 gg. 23.40h kam es in Speyer in einem Mehrfamilienanwesen in der Windthorststra\u00dfe zu einem Kellerbrand. Dieser konnte von der Feuerwehr gel\u00f6scht werden. Bei der Begehung wurde festgestellt dass Sperrm\u00fcll in Brand geraten war. Aufgrund der gef\u00fchrten polizeilichen Ermittlungen vor Ort ergaben sich Hinweise auf eine Brandstiftung. Die H\u00f6he des Sachschadens steht momentan noch nicht fest. Die Ermittlungen durch die Kriminalpolizei dauern an.<\/p>\n\n\n\n<h2 class=\"wp-block-heading\">(Dudenhofen) &#8211; Dem Platzverweis nicht nachgekommen und in Gewahrsam gelandet<\/h2>\n\n\n\n<div class=\"wp-block-image\"><figure class=\"aligncenter size-large\"><img decoding=\"async\" loading=\"lazy\" width=\"800\" height=\"600\" src=\"https:\/\/speyer24news.com\/wp-content\/uploads\/2019\/06\/Ausn\u00fcchterungszelle.jpg\" alt=\"\" class=\"wp-image-15212\" srcset=\"https:\/\/speyer24news.com\/wp-content\/uploads\/2019\/06\/Ausn\u00fcchterungszelle.jpg 800w, https:\/\/speyer24news.com\/wp-content\/uploads\/2019\/06\/Ausn\u00fcchterungszelle-300x225.jpg 300w, https:\/\/speyer24news.com\/wp-content\/uploads\/2019\/06\/Ausn\u00fcchterungszelle-768x576.jpg 768w, https:\/\/speyer24news.com\/wp-content\/uploads\/2019\/06\/Ausn\u00fcchterungszelle-678x509.jpg 678w, https:\/\/speyer24news.com\/wp-content\/uploads\/2019\/06\/Ausn\u00fcchterungszelle-326x245.jpg 326w, https:\/\/speyer24news.com\/wp-content\/uploads\/2019\/06\/Ausn\u00fcchterungszelle-80x60.jpg 80w\" sizes=\"(max-width: 800px) 100vw, 800px\" \/><\/figure><\/div>\n\n\n\n<p>Am Freitagnachmittag wurde der Polizei Speyer eine m\u00e4nnliche, aggressive Person gemeldet, welcher auf einem  Kundenparkplatz eines Einkaufmarktes in Dudenhofen Passanten anp\u00f6beln w\u00fcrde. Der Mann weigerte sich zun\u00e4chst den Aufforderungen des Filialleiters zu folgen und den Parkplatz zu verlassen. Auch den eingesetzten Polizisten gegen\u00fcber zeigte er sich aggressiv, uneinsichtig und kam einem Platzverweis auch auf mehrfache Aufforderung nicht nach. Nachdem auch die Androhung der Ingewahrsamnahme bei der offensichtlich unter Alkoholeinfluss stehenden Person keine Wirkung zeigte, musste er die n\u00e4chsten Stunden auf der Polizeiwache verbringen.<\/p>\n\n\n\n<h2 class=\"wp-block-heading\">(R\u00f6merberg) &#8211; Verkehrsunfallflucht<\/h2>\n\n\n\n<p>Am Freitag, gegen 13.15 Uhr, nahm eine Zeugin ein lautes Unfallger\u00e4usch und gleichzeitig ein vorbeifahrendes gelbes  Postfahrzeug in der Mechtersheimer Stra\u00dfe in R\u00f6merberg wahr. Es stellte sich in der Folge heraus, dass ein an dieser Stelle ordnungsgem\u00e4\u00df geparkter PKW einen frischen Streifschaden mit gelben Lackanhaftungen an seiner zur Stra\u00dfe gewandten Seite hatte. Der Verursacher entfernte sich unerlaubt von der Unfallstelle, weshalb nun nach Zeugen gesucht wird, die Hinweise auf das m\u00f6glicherweise am Unfall beteiligte Postfahrzeug geben k\u00f6nnten. An dem geparkten Fahrzeug entstand ein Schaden von derzeit gesch\u00e4tzten 2000 Euro. Personen die Hinweise zu der Sache geben k\u00f6nnen werden gebeten sich bei der Polizei Speyer unter der Telefonnummer 06232-1370 oder per Email an <a href=\"mailto:pispeyer@polizei.rlp.de\">pispeyer@polizei.rlp.de<\/a> zu melden.<\/p>\n\n\n\n<h2 class=\"wp-block-heading\">(Germersheim) &#8211; Verhinderte Trunkenheitsfahrt<\/h2>\n\n\n\n<p>Eine Polizeistreife der Polizeiinspektion traf am Samstag, den 20.11.2021, um 3.50 Uhr einen 21-j\u00e4hrigen S\u00fcdpf\u00e4lzer in seinem Pkw auf dem Fahrersitz sitzend ohne laufenden Motor an. Bei der anschlie\u00dfenden Kontrolle stellten die Polizeibeamten Atemalkoholgeruch bei dem jungen Mann fest. Ein Test ergab einen Wert von 0,57 Promille. Um Schlimmeres zu verhindern wurde ihm vorsorglich die Fahrt untersagt.<\/p>\n\n\n\n<h2 class=\"wp-block-heading\">(Bellheim) &#8211; Verkehrsunfallflucht<a href=\"https:\/\/www.facebook.com\/sharer.php?u=https%3A%2F%2Fwww.presseportal.de%2Fblaulicht%2Fpm%2F117686%2F5078194%2F%3Futm_source%3Dfacebook%26utm_medium%3Dsocial\"><\/a><a href=\"https:\/\/twitter.com\/intent\/tweet?text=POL-PDLD%3A%20Verkehrsunfallflucht%20Bellheim%2C%20Hauptstra%C3%9Fe%20Freitag%2C%20den%2019.11.2021%2C%20zwischen%201830%20Uhr%20und%2020.30%20Uhr&amp;url=https%3A%2F%2Fwww.presseportal.de%2Fblaulicht%2Fpm%2F117686%2F5078194%2F%3Futm_source%3Dtwitter%26utm_medium%3Dsocial&amp;hashtags=ots&amp;lang=de\"><\/a><a href=\"https:\/\/web.whatsapp.com\/send?text=POL-PDLD%3A%20Verkehrsunfallflucht%20Bellheim%2C%20Hauptstra%C3%9Fe%20Freitag%2C%20den%2019.11.2021%2C%20zwischen%201830%20Uhr%20und%2020.30%20Uhr%0A%0Ahttps%3A%2F%2Fwww.presseportal.de%2Fblaulicht%2Fpm%2F117686%2F5078194%2F%3Futm_source%3Dwhatsapp%26utm_medium%3Dsocial\"><\/a><a href=\"https:\/\/www.xing.com\/app\/user?op=share;url=https%3A%2F%2Fwww.presseportal.de%2Fblaulicht%2Fpm%2F117686%2F5078194%2F%3Futm_source%3Dxing%26utm_medium%3Dsocial\"><\/a><a href=\"http:\/\/www.linkedin.com\/shareArticle?mini=true&amp;url=https%3A%2F%2Fwww.presseportal.de%2Fblaulicht%2Fpm%2F117686%2F5078194%2F%3Futm_source%3Dlinkedin%26utm_medium%3Dsocial&amp;title=POL-PDLD%3A+Verkehrsunfallflucht+Bellheim%2C+Hauptstra%C3%9Fe+Freitag%2C+den+19.11.2021%2C+zwischen+1830+Uhr+und+20.30+Uhr\"><\/a><a href=\"mailto:?subject=POL-PDLD%3A%20Verkehrsunfallflucht%20Bellheim%2C%20Hauptstra%C3%9Fe%20Freitag%2C%20den%2019.11.2021%2C%20zwischen%201830%20Uhr%20und%2020.30%20Uhr&amp;body=https:\/\/www.presseportal.de\/blaulicht\/pm\/117686\/5078194\"><\/a><\/h2>\n\n\n\n<p>An geparktem Lkw h\u00e4ngen geblieben und anschlie\u00dfend abgehauen ist am Freitag, den 19.11.2021, zwischen 18:30 Uhr und 20:30 Uhr ein unbekannter Verkehrsteilnehmer. Dabei richtete er\/sie in Bellheim, Hauptstra\u00dfe einen Heck- und seitlich einen Streifschaden an einem geparkten Lkw an. Anschlie\u00dfend setzte der Verkehrsteilnehmer seine Fahrt fort, ohne sich um den Schaden zu k\u00fcmmern. Die Polizei Germersheim nimmt Zeugenhinweise unter 07274-9580 oder unter Email:\u00a0<a href=\"mailto:pigermersheim@polizei.rlp.de\">pigermersheim@polizei.rlp.de<\/a>\u00a0entgegen.<\/p>\n\n\n\n<h2 class=\"wp-block-heading\">(Neupotz) &#8211; Brand<\/h2>\n\n\n\n<p>Am 19.11.2021 kam es gegen 09:30 Uhr im Rahmen von Br\u00fcckensanierungsarbeiten unter der Zufahrtsstra\u00dfe zum Anglerheim in Neupotz zu einem Generatorbrand. Der Generator wurde zum Antrieb von Wasserpumpen verwendet. Dieser fing vermutlich aufgrund eines technischen Defekts an zu brennen. Sowohl der Generator, als auch der Anh\u00e4nger auf welchem der Generator stand, brannte vollst\u00e4ndig aus. Der Brand wurde durch die Feuerwehren Neupotz und Rheinzabern vollst\u00e4ndig gel\u00f6scht. Verletzt wurde niemand. Der entstandene Sachschaden wird auf ca. 20.000 Euro gesch\u00e4tzt.<\/p>\n\n\n\n<h2 class=\"wp-block-heading\">(Berg) &#8211; Dieseldiebstahl<\/h2>\n\n\n\n<p>Am 19.11.2021 gegen 16:00 Uhr wurden durch einen Spazierg\u00e4nger im Waldgebiet nahe der L554 auf einem Forstweg, mehrere mit Diesel bef\u00fcllte Kanister aufgefunden. Durch die Polizeiinspektion W\u00f6rth konnte auf diesem Weg ein Fahrzeug mit drei m\u00e4nnlichen Personen kontrolliert werden. Im Fahrzeug konnte deutlicher Dieselgeruch festgestellt werden. Die 13 Kanister mit insgesamt 390 Liter Dieselkraftstoff, wurden durch eine Spezialfirma sichergestellt. Eine entsprechende Strafanzeige gegen die drei m\u00e4nnlichen Personen wurde aufgenommen. Wo der Dieselkraftstoff entwendet wurde, konnte bisher nicht gekl\u00e4rt werden. Zeugenhinweise werden jederzeit gerne bei der Polizei W\u00f6rth unter der Rufnummer 07271-92210 oder unter\u00a0<a href=\"mailto:piwoerth@polizei.rlp.de\">piwoerth@polizei.rlp.de<\/a>\u00a0entgegen genommen.<\/p>\n\n\n\n<h2 class=\"wp-block-heading\">(Heuchelheim-Klingen \/ L 493) &#8211; Verkehrsunfall unter Alkohol- und Drogeneinfluss<\/h2>\n\n\n\n<p>In den fr\u00fchen Morgenstunden des 20.11.2021 ereignete sich auf der L493, zwischen Heuchelheim-Klingen und Klingenm\u00fcnster, ein Verkehrsunfall. Hierbei geriet ein 21-j\u00e4hriger Fahrzeugf\u00fchrer, unter anderem auf Grund nicht angepasster Geschwindigkeit, von der Fahrbahn ab und kollidierte in dessen Folge mit einer Reihe von B\u00e4umen am Fahrbahnrand. Im Rahmen der Verkehrsunfallaufnahme konnte durch die eingesetzten Beamten auch Alkoholgeruch wahrgenommen werden. Ein durchgef\u00fchrter Atemalkoholtest ergab schlie\u00dflich eine Atemalkoholkonzentration von 0,79 Promille. Da zudem auch die Pupillen des Fahrzeugf\u00fchrers auff\u00e4llig erschienen, wurde weiterhin ein Drogenschnelltest vor Ort durchgef\u00fchrt &#8211; auch dieser reagierte schlussendlich positiv auf Bet\u00e4ubungsmittel. Neben der Einleitung eines Strafverfahrens musste der junge Fahrzeugf\u00fchrer eine Blutprobe \u00fcber sich ergehen lassen. Zudem wurde auch der F\u00fchrerschein sichergestellt.<\/p>\n\n\n\n<h2 class=\"wp-block-heading\">(Landau) &#8211; Verkehrskontrollen im Dienstgebiet<\/h2>\n\n\n\n<p>Am Freitag, den 19.11.2021, wurden im Dienstgebiet der Polizeiinspektion Landau, in der Zeit von 07:00 Uhr bis 13:00 Uhr, mehrere Verkehrskontrollen durchgef\u00fchrt. So mussten bei den betriebenen Kontrollstellen in Landau und in Offenbach an der Queich insgesamt acht Fahrzeugf\u00fchrer verwarnt werden, welche w\u00e4hrend der Fahrt den vorgeschriebenen Sicherheitsgurt nicht angelegt hatten. Eine weitere Verkehrsteilnehmerin wurde beanstandet, da diese w\u00e4hrend der Fahrt ihr Mobiltelefon verbotswidrig nutzte. Zudem konnten bei f\u00fcnf Fahrzeugen unter anderem Beleuchtungsm\u00e4ngel, sowie weitere andere M\u00e4ngel, festgestellt werden.<\/p>\n\n\n\n<h2 class=\"wp-block-heading\">(Flemlingen) &#8211; Einbruch in Wohnhaus<\/h2>\n\n\n\n<p>Einen Einbruch in ihr Wohnhaus bemerkte eine 61-J\u00e4hrige aus Flemlingen am Freitag (19.11.21) gegen 17:45 Uhr. Sie stellte hierbei fest, dass die Terrassent\u00fcr des Hauses zuvor durch unbekannte T\u00e4ter aufgehebelt worden war. Anschlie\u00dfend wurden mehrere R\u00e4ume nach Wertsachen durchsucht.<\/p>\n\n\n\n<p>Zeugen, die in den Tagen zuvor verd\u00e4chtige Wahrnehmungen im Bereich der Stra\u00dfe &#8222;Am wei\u00dfen Kreuz&#8220; und Umgebung gemacht haben, werden gebeten, sich mit hiesiger Dienststelle in Verbindung zu setzen.<\/p>\n\n\n\n<p>Durch die Polizei werden Grundschutzberatungen durchgef\u00fchrt, um Ihr Zuhause m\u00f6glichst einbruchsicher zu gestalten. Sollten Sie Interesse an einer solchen Beratung haben, melden Sie sich bitte ebenfalls bei uns beziehungsweise bei Ihrer \u00f6rtlich zust\u00e4ndigen Polizeidienststelle.<\/p>\n\n\n\n<h2 class=\"wp-block-heading\">(Neustadt) &#8211; Alkoholisiert und ohne g\u00fcltige Fahrerlaubnis&#8230;<\/h2>\n\n\n\n<p>&#8230; war ein 53-j\u00e4hriger Mann aus R\u00f6dersheim-Gronau am 21.11.2021 um 00:15 Uhr mit seinem Fahrzeug unterwegs, als er von Beamten der Polizei Neustadt vor der hiesigen Dienststelle einer Verkehrskontrolle unterzogen wurde. Der Fahrzeugf\u00fchrer h\u00e4ndigte auf Verlangen n\u00e4mlich seinen ukrainischen F\u00fchrerschein aus. Da dieser jedoch schon seit 2019 ordnungsbeh\u00f6rdlich in der Bundesrepublik Deutschland gemeldet ist, h\u00e4tte dieser seinen F\u00fchrerschein umschreiben m\u00fcssen. Da er dies nicht tat, muss er sich nun in einem Strafverfahren wegen des Fahrens ohne Fahrerlaubnis verantworten. Im Rahmen der \u00dcberpr\u00fcfung der Verkehrst\u00fcchtigkeit des 53-J\u00e4hrigen konnte zudem starker Atemalkoholgeruch festgestellt werden. Ein Vortest ergab einen Wert von 1,29 Promille. Dem Mann wurde letztlich im weiteren Verlauf eine Blutprobe entnommen und dessen F\u00fchrerschein sichergestellt. Den Heimweg musste dieser zu Fu\u00df antreten, da die Fahrzeugschl\u00fcssel seines Fahrzeuges pr\u00e4ventiv sichergestellt wurden. Zu der Strafanzeige wegen Fahren ohne Fahrerlaubnis kommt daher nun noch eine Anzeige wegen der begangenen Trunkenheitsfahrt hinzu. Des Weiteren wird die zust\u00e4ndige F\u00fchrerscheinstelle \u00fcber den Vorfall in Kenntnis gesetzt. Die Polizei weist daraufhin, dass Besitzer eines Nicht-EU-F\u00fchrerscheines nach Begr\u00fcndung eines Wohnsitzes in Deutschland innerhalb einer Frist von sechs Monaten ihren F\u00fchrerschein umschreiben m\u00fcssen.<\/p>\n\n\n\n<h2 class=\"wp-block-heading\">(Neustadt) &#8211; Mit 2,91 Promille&#8230;<\/h2>\n\n\n\n<p>&#8230;verursachte eine 37-j\u00e4hrige Frau aus Neustadt am Samstag, den 20.11.2021 um 19:02 Uhr, mit ihrem Fahrzeug in der B\u00f6hlstra\u00dfe in Neustadt\/W. einen Verkehrsunfall. Die Neustadterin befuhr zun\u00e4chst die Robert-Stolz-Stra\u00dfe und bog in die B\u00f6hlstra\u00dfe ein. Hierbei \u00fcbersah sie vermutlich aufgrund ihres Alkoholkonsums, ein am rechten Fahrbahnrand ordnungsgem\u00e4\u00df geparktes Fahrzeug und fuhr auf dieses auf. Durch den Zusammensto\u00df wurde das geparkte Fahrzeug auf ein vor diesem ebenfalls ordnungsgem\u00e4\u00df geparkten Fahrzeug geschoben. An allen drei Fahrzeugen entstand durch die Kollision ein Gesamtschaden in H\u00f6he von 13000 Euro. Im Rahmen der Verkehrsunfallaufnahme durch Beamte der Polizei Neustadt\/W. konnte bei der 37-j\u00e4hrigen starker Atemalkoholgeruch festgestellt werden. Ein durchgef\u00fchrter Atemalkoholtest ergab einen Wert von 2,91 Promille. Die Unfallverursacherin musste daher im Anschluss eine Blutprobe abgeben, ihr F\u00fchrerschein wurde vorl\u00e4ufig eingezogen. Die Neustadterin muss sich nun in einem Strafverfahren wegen Gef\u00e4hrdung des Stra\u00dfenverkehrs verantworten. Des Weiteren wird die zust\u00e4ndige F\u00fchrerscheinstelle \u00fcber den Vorfall in Kenntnis gesetzt.<\/p>\n\n\n\n<h2 class=\"wp-block-heading\">(Neustadt) &#8211; Einbruch in Tabakgesch\u00e4ft<\/h2>\n\n\n\n<div class=\"wp-block-image\"><figure class=\"aligncenter size-large\"><img decoding=\"async\" loading=\"lazy\" width=\"800\" height=\"600\" src=\"https:\/\/speyer24news.com\/wp-content\/uploads\/2021\/11\/Presse-2.jpg\" alt=\"\" class=\"wp-image-42551\" srcset=\"https:\/\/speyer24news.com\/wp-content\/uploads\/2021\/11\/Presse-2.jpg 800w, https:\/\/speyer24news.com\/wp-content\/uploads\/2021\/11\/Presse-2-300x225.jpg 300w, https:\/\/speyer24news.com\/wp-content\/uploads\/2021\/11\/Presse-2-768x576.jpg 768w, https:\/\/speyer24news.com\/wp-content\/uploads\/2021\/11\/Presse-2-678x509.jpg 678w, https:\/\/speyer24news.com\/wp-content\/uploads\/2021\/11\/Presse-2-326x245.jpg 326w, https:\/\/speyer24news.com\/wp-content\/uploads\/2021\/11\/Presse-2-80x60.jpg 80w\" sizes=\"(max-width: 800px) 100vw, 800px\" \/><\/figure><\/div>\n\n\n\n<p>Am 20.11.2021, um 05:12 Uhr, zerschlugen zwei m\u00e4nnliche Personen eine Schaufensterscheibe eines Tabakgesch\u00e4fts in der Friedrichstra\u00dfe, in 67433 Neustadt\/W. Durch die bis dato unbekannten T\u00e4ter wurde die Fensterscheibe auf ca. 1&#215;2 Meter besch\u00e4digt und durch die eingeschlagene Scheibe wurden Feuerzeuge entwendet. Der Schaden wird auf ca. 1000 Euro gesch\u00e4tzt, das Diebesgut hat einen Wert von 50 Euro. Trotz einer sofort durchgef\u00fchrten Nahbereichsfahndung konnten die T\u00e4ter nicht mehr festgestellt werden. <\/p>\n\n\n\n<p><strong>Zur T\u00e4terbeschreibung ist bekannt, dass beide T\u00e4ter schwarze\/graue Hoodies getragen haben. <\/strong><\/p>\n\n\n\n<p>Zeugen, welche Hinweise auf die fl\u00fcchtigen T\u00e4ter geben k\u00f6nnen, werden gebeten sich mit der Polizei Neustadt\/Weinstra\u00dfe unter 06321 854-0 oder\u00a0<a href=\"mailto:pineustadt@polizei.rlp.de\">pineustadt@polizei.rlp.de<\/a>\u00a0in Verbindung zu setzen.<\/p>\n\n\n\n<h2 class=\"wp-block-heading\">(Neustadt) &#8211; Sachbesch\u00e4digung in der Innenstadt<\/h2>\n\n\n\n<div class=\"wp-block-image\"><figure class=\"aligncenter size-large\"><img decoding=\"async\" loading=\"lazy\" width=\"800\" height=\"600\" src=\"https:\/\/speyer24news.com\/wp-content\/uploads\/2021\/11\/Presse-1-1.jpg\" alt=\"\" class=\"wp-image-42552\" srcset=\"https:\/\/speyer24news.com\/wp-content\/uploads\/2021\/11\/Presse-1-1.jpg 800w, https:\/\/speyer24news.com\/wp-content\/uploads\/2021\/11\/Presse-1-1-300x225.jpg 300w, https:\/\/speyer24news.com\/wp-content\/uploads\/2021\/11\/Presse-1-1-768x576.jpg 768w, https:\/\/speyer24news.com\/wp-content\/uploads\/2021\/11\/Presse-1-1-678x509.jpg 678w, https:\/\/speyer24news.com\/wp-content\/uploads\/2021\/11\/Presse-1-1-326x245.jpg 326w, https:\/\/speyer24news.com\/wp-content\/uploads\/2021\/11\/Presse-1-1-80x60.jpg 80w\" sizes=\"(max-width: 800px) 100vw, 800px\" \/><\/figure><\/div>\n\n\n\n<p>Am 20.11.2021, gegen 01:15 Uhr, wurde durch bis dato unbekannte T\u00e4ter eine Schaufensterscheibe an einem Gesch\u00e4ft in der Badstubengasse besch\u00e4digt. Durch die bis dato unbekannten T\u00e4ter wurde ein Stuhl gegen die Schaufensterscheibe geworfen, sodass diese besch\u00e4digt wurde. Der Schaden wird auf ca. 600 Euro gesch\u00e4tzt. Trotz einer sofort durchgef\u00fchrten Nahbereichsfahndung konnten der\/die unbekannte T\u00e4ter nicht mehr festgestellt werden. Zeugen, welche Hinweise geben k\u00f6nnen, werden gebeten sich mit der Polizei Neustadt\/Weinstra\u00dfe unter 06321 854-0 oder\u00a0<a href=\"mailto:pineustadt@polizei.rlp.de\">pineustadt@polizei.rlp.de<\/a>\u00a0in Verbindung zu setzen.<\/p>\n\n\n\n<h2 class=\"wp-block-heading\">(Neustadt) &#8211; Verkehrsunfall unter Alkoholeinfluss<\/h2>\n\n\n\n<p>Am 19.11.2021, gegen 19:50 Uhr, verursachte ein 59-j\u00e4hriger Neustadter einen Verkehrsunfall in der Gartenstra\u00dfe, in 67433 Neustadt\/Weinstra\u00dfe. Der 59-j\u00e4hrige stie\u00df mit seinem PKW beim Einparken gegen einen hinter ihm wartenden PKW eines 23-j\u00e4hrigen Neustadters. Beim Zusammensto\u00df entstand ein Sachschaden in H\u00f6he von ca. 1500 Euro. Im Rahmen der Unfallaufnahme konnte beim 59-j\u00e4hrigen Fahrer starker Alkoholgeruch festgestellt werden. Ein vor Ort durchgef\u00fchrter Atemalkoholtest ergab einen Wert von 0,7 Promille. Dem Unfallverursacher wurde eine Blutprobe entnommen und der F\u00fchrerschein wurde mit dem Ziel der vorl\u00e4ufigen Entziehung der Fahrerlaubnis sichergestellt. Ein Strafverfahren wegen Gef\u00e4hrdung des Stra\u00dfenverkehrs wurde eingeleitet.<\/p>\n\n\n\n<h2 class=\"wp-block-heading\">(Niederkirchen bei Deidesheim) &#8211; Einbruchsdiebstahl in Gastst\u00e4tte<\/h2>\n\n\n\n<p>In der Nacht von Freitag, 19.11.21, auf den Samstag, 20.11.21, verschaffte sich ein bislang unbekannter T\u00e4ter gewaltsam Zutritt zu der Gastst\u00e4tte am Sportplatz in Niederkirchen. Nach ersten Erkenntnissen, wurde aus den R\u00e4umlichkeiten des Sportvereins ein Ger\u00e4t der Unterhaltungs- und Gebrauchselektronik sowie ein Schl\u00fcssel entwendet. Der verursachte Sachschaden wird auf einen hohen dreistelligen Bereich gesch\u00e4tzt.<\/p>\n\n\n\n<p>Die Polizei Ha\u00dfloch bittet um sachdienliche Hinweise.<\/p>\n\n\n\n<h2 class=\"wp-block-heading\">(Bad D\u00fcrkheim) &#8211; Radfahrer unter Alkoholeinfluss<\/h2>\n\n\n\n<p>Am 20.11.2021, gegen 04:12 Uhr wurde der Polizeiinspektion Bad D\u00fcrkheim ein betrunkener Radfahrer in Bad D\u00fcrkheim, in der Mannheimer Stra\u00dfe gemeldet. Die Polizeibeamten trafen den 47 j\u00e4hrigen Radfahrer aus dem Kreis Bad D\u00fcrkheim wie gemeldet an. F\u00fcr die Beamten war deutlich zu erkennen, dass die Person nicht mehr fahrtauglich war, weshalb ein Atemalkoholtest vor Ort durchgef\u00fchrt werden sollte. Die betroffene Person war jedoch derart betrunken, dass die Durchf\u00fchrung des Testes nicht mehr m\u00f6glich war. Die Weiterfahrt des Radfahrers wurde untersagt und ihm wurde eine Blutprobe entnommen. Ein Strafverfahren wegen Trunkenheit im Verkehr wurde eingeleitet.<\/p>\n\n\n\n<h2 class=\"wp-block-heading\">(Bad D\u00fcrkheim) &#8211; Unfallflucht vor der Kreisverwaltung<\/h2>\n\n\n\n<p>Am 18.11.2021 im Zeitraum von 07:30 Uhr bis 10:30 Uhr kam es auf dem Parkplatz vor dem Kreisverwaltungsgeb\u00e4ude Bad D\u00fcrkheim zu einer Verkehrsunfallflucht. Ein derzeit unbekannter Fahrzeugf\u00fchrer hat demnach, vermutlich beim Ein- oder Ausparken einen daneben befindlichen PKW der Marke BMW, Modell Mini Cooper, in der Farbe grau\/schwarz an der Fahrzeugfront besch\u00e4digt. Es entstand ein Schaden in H\u00f6he von circa 750 Euro.<\/p>\n\n\n\n<p>Zeugenhinweise nimmt die Polizeiinspektion Bad D\u00fcrkheim unter Tel. 06322-9630 oder per Mail an\u00a0<a href=\"mailto:pibadduerkheim@polizei.rlp.de\">pibadduerkheim@polizei.rlp.de<\/a>\u00a0entgegen.<\/p>\n\n\n\n<h2 class=\"wp-block-heading\">(Gr\u00fcnstadt) &#8211; Mit 2,54 Promille am Steuer<\/h2>\n\n\n\n<p>Am 21.11.2021, gegen 01:00 Uhr, fiel Beamten der PI Gr\u00fcnstadt ein Pkw der Marke Ford auf, welcher einer allgemeinen Verkehrskontrolle unterzogen werden sollte. Anscheinend bemerkte auch der 35-j\u00e4hrige Fahrer, dass er die Aufmerksamkeit der Beamten auf sich gezogen hatte. Noch w\u00e4hrend das Polizeifahrzeug auf der Stra\u00dfe gewendet wurde, versuchte dieser sich unauff\u00e4llig mit seinem Pkw auf einem Parkplatz in der Industriestra\u00dfe zu verstecken und so einer Kontrolle zu entgehen. Der Grund f\u00fcr das &#8211; nicht ganz so unauff\u00e4llige &#8211; Fahrman\u00f6ver konnte bei der anschlie\u00dfenden \u00dcberpr\u00fcfung des Fahrzeugs schnell gefunden werden: Die Beamten konnten bei dem 35-j\u00e4hrigen Mann aus Gr\u00fcnstadt eine Atemalkoholkonzentration von 2,54 Promille feststellen. Ein entsprechendes Strafverfahren wurde eingeleitet. Der F\u00fchrerschein des Mannes wurde sichergestellt.<\/p>\n\n\n\n<h2 class=\"wp-block-heading\">(Maxdorf) &#8211; Trunkenheitsfahrt<\/h2>\n\n\n\n<p>Durch einen Zeugenhinweis konnte am Freitagabend gegen 19:15 Uhr in der Hauptstra\u00dfe in Maxdorf ein alkoholisierter Fahrzeugf\u00fchrer kontrolliert werden. Der 83-j\u00e4hrige Mann aus Mannheim war zuvor einem Zeugen aufgrund seiner unsicheren Fahrweise aufgefallen. Bei der anschlie\u00dfenden Kontrolle des Fahrzeugf\u00fchrers fiel den Beamten dann auch eine verwaschene Aussprache auf. Ein Alkoholtest ergab schlie\u00dflich einen Wert von 1,86 Promille, weshalb die Entnahme einer Blutprobe angeordnet und der F\u00fchrerschein sichergestellt wurde. Der Einfluss von Alkohol oder anderen berauschenden Mitteln stellt eine Hauptunfallursache dar. Wer berauscht f\u00e4hrt, gef\u00e4hrdet nicht nur sich, sondern auch Andere. Gegen den unter Alkoholeinfluss stehenden Fahrzeugf\u00fchrer wurde ein Ermittlungsverfahren wegen Trunkenheit im Verkehr\/Trunkenheitsfahrt eingeleitet.<\/p>\n\n\n\n<h2 class=\"wp-block-heading\">(Ludwigshafen) &#8211; Nach Verkehrsunfall Drogenbeeinflussung festgestellt<\/h2>\n\n\n\n<p>Am Samstag, den 20.11.2021 wurde gegen 04:25 Uhr ein Verkehrsunfall in der Wegelnburgstra\u00dfe gemeldet. Ein PKW war im Bereich des Franz-Heller-Platzes gegen einen Absperrpfosten gefahren. Im Rahmen der Verkehrsunfallaufnahme konnte bei dem 22-j\u00e4hrigen Fahrer drogentypische Auffallerscheinungen und Atemalkoholgeruch festgestellt werden. Ein durchgef\u00fchrter Atemalkoholtest ergab einen Wert von 2,94 Promille. Der durchgef\u00fchrte Drogenschnelltest verlief zudem positiv auf Kokain. Der Fahrer wurde zwecks Entnahme einer Blutprobe zur Dienststelle verbracht. Den 22-j\u00e4hrigen Fahrer erwartet nun eine Strafanzeige wegen Gef\u00e4hrdung des Stra\u00dfenverkehrs. Sein F\u00fchrerschein wurde sichergestellt. Der PKW war nicht mehr fahrbereit und musste abgeschleppt werden.<\/p>\n\n\n\n<h2 class=\"wp-block-heading\">(Ludwigshafen) &#8211; Trunkenheitsfahrt mit Kleinkraftrad<\/h2>\n\n\n\n<p>Am Freitag, dem 19.11.2021, gegen 21:27 Uhr, fiel einer Funkstreife ein 39j\u00e4hriger Mann auf, welcher mit seinem Kleinkraftrad den Gehweg der Mannheimer Stra\u00dfe in Fahrtrichtung Frankenthaler Stra\u00dfe befuhr. Hierbei verlor der Fahrer beinahe die Kontrolle \u00fcber sein Fahrzeug und wendete im Anschluss zus\u00e4tzlich noch verbotswidrig auf der Fahrbahn. Bei der sich anschlie\u00dfenden Verkehrskontrolle konnte Alkoholgeruch bei dem Fahrer festgestellt werden. Ein entsprechender Test ergab einen Wert von 1,03 Promille. Der Mann wurde als Beschuldigter im Strafverfahren belehrt. Im Anschluss wurde ihm eine Blutprobe entnommen und der F\u00fchrerschein zun\u00e4chst pr\u00e4ventiv sichergestellt.<\/p>\n\n\n\n<h2 class=\"wp-block-heading\">(Ludwigshafen) &#8211; Verkehrsunfallflucht<\/h2>\n\n\n\n<p>Am Freitag, dem 19.11.2021, zwischen 14:15 Uhr und 18:00 Uhr, stellte eine 56j\u00e4hrige Fahrzeugf\u00fchrerin ihren schwarzen PKW Audi in L\u00e4ngsaufstellung zur Fahrbahn der Ren\u00e9-Bohn-Stra\u00dfe ab. Bei ihrer R\u00fcckkehr stellte sie einen Schaden am linken Kotfl\u00fcgel fest. Der oder die Unfallverursacher\/in entfernte sich unerlaubt vom Unfallort.<\/p>\n\n\n\n<p>Zeugen, welche Angaben zum Sachverhalt t\u00e4tigen k\u00f6nnen, werden gebeten sich mit der Polizeiinspektion Ludwigshafen 2 unter der 0621\/9632222 in Verbindung zu setzen.<\/p>\n\n\n\n<h2 class=\"wp-block-heading\">(Ludwigshafen) &#8211; Raub auf Kiosk mit T\u00e4terfestnahme<\/h2>\n\n\n\n<p>Am Freitag, dem 19.11.2021, gegen 16:26 Uhr, wurde die Polizei \u00fcber einen Raub\u00fcberfall auf einen Kiosk in der Schillerstra\u00dfe informiert. Hierbei forderte eine m\u00e4nnliche Person die Mitarbeiterin auf, ihm Bargeld auszuh\u00e4ndigen. Da diese sich weigerte betrat der T\u00e4ter den Kassenbereich. Hierbei kam es zu einer k\u00f6rperlichen Auseinandersetzung, in deren Rahmen der T\u00e4ter die Mitarbeiterin wegstie\u00df und nach einem Griff in die Kasse mit Bargeld fl\u00fcchtete. Auf Grund der T\u00e4terbeschreibung konnte ein 37j\u00e4hriger dringend tatverd\u00e4chtiger Mann kurze Zeit nach der Tat vorl\u00e4ufig festgenommen werden. Hierbei wurde festgestellt, dass die Jacke die der Mann trug noch ein Preisschild des zugeh\u00f6rigen Gesch\u00e4ftes enthielt. Da der Verdacht bestand, dass die Jacke im Vorfeld aus dem Gesch\u00e4ft entwendet worden war, wurde diese durch die Polizei sichergestellt. Das erbeutete Bargeld konnte indessen zun\u00e4chst nicht aufgefunden werden. Der Tatverd\u00e4chtige stand augenscheinlich unter dem Einfluss von Bet\u00e4ubungsmitteln. Nach einer erkennungsdienstlichen Behandlung und Entnahme einer Blutprobe wurde der Mann aus den polizeilichen Ma\u00dfnahmen entlassen.<\/p>\n\n\n\n<h2 class=\"wp-block-heading\">(Ludwigshafen) &#8211; Verkehrsunfallflucht<\/h2>\n\n\n\n<p>Im Zeitraum zwischen Sonntag dem 14.11.2021, 22:30 Uhr, und Freitag, dem 19.11.2021, 10:30 Uhr, parkte ein 63j\u00e4hriger Fahrzeugf\u00fchrer seinen gr\u00fcnfarbenen PKW Opel auf einem Parkplatz in der Brunckstra\u00dfe, H\u00f6he Hausnummer 43, ab. Bei seiner R\u00fcckkehr bemerkte er einen Schaden am Frontsto\u00dff\u00e4nger des Fahrzeugs. Augenscheinlich wurde der Schaden beim Ein- oder Ausparken eines unbekannten Fahrzeugs verursacht. Der oder die Schadensverursacher\/in entfernte sich im Anschluss unerlaubt vom Unfallort.<\/p>\n\n\n\n<p>Zeugen, welche Angaben zum Sachverhalt t\u00e4tigen k\u00f6nnen, werden gebeten sich mit der Polizeiinspektion Ludwigshafen 2 unter der 0621\/9632222 in Verbindung zu setzen.<\/p>\n\n\n\n<h2 class=\"has-text-align-left wp-block-heading\">(Mannheim-Innenstadt) &#8211; Unter Alkohol- und Drogeneinfluss entgegen einer Einbahnstra\u00dfe gefahren und Unfall verursacht<\/h2>\n\n\n\n<p>Am Samstagmorgen gegen 04:50 Uhr staunten Beamten des Polizeireviers Mannheim-Innenstadt nicht schlecht. Nachdem sie einen lauten Knall wahrgenommen hatten und sich in Richtung Unfallstelle aufmachten wurde das Ausma\u00df des Geschehens offenbar. Ein PKW VW stand mit erheblichen Besch\u00e4digungen im Unfallendstand neben drei ebenfalls besch\u00e4digten Fahrzeugen. Der 26-j\u00e4hrige Fahrer des VW und Beschuldigter stand ebenso, wie ein Zeuge des Vorfalles daneben. Nach ersten Ermittlungen vor Ort fuhr der Beschuldigte im Bereich Luisenring entgegen der vorgeschriebenen Fahrtrichtung in die Einbahnstra\u00dfe zwischen G7 und H7. An der Einm\u00fcndung G5\/ G4 versuchte er nach rechts abzubiegen und kollidierte dabei mit mehreren Fahrzeugen. Hierbei wurde gl\u00fccklicherweise niemand verletzt, es entstand ein Sachschaden in H\u00f6he von ca. 12.000 Euro. Bei der Kontrolle des 26-j\u00e4hrigen Fahrers stellten die Beamten eine Atemalkoholkonzentration von knapp 2,3 Promille fest. Ein Drogenvortest reagierte zudem positiv auf Kokain. Der 26-J\u00e4hrige sieht nun einer Anzeige wegen des Verdachts der Stra\u00dfenverkehrsgef\u00e4hrdung unter Einfluss von Drogen und Alkohol, sowie des Versto\u00dfes gegen das Bet\u00e4ubungsmittelgesetz entgegen.<\/p>\n\n\n\n<h2 class=\"wp-block-heading\">(Mannheim-Gartenstadt) &#8211; Verkehrsunfall \/ Fu\u00dfg\u00e4ngerin kollidiert mit Stra\u00dfenbahn &#8211; Rettungsfahrzeuge im Einsatz<\/h2>\n\n\n\n<h3 class=\"has-text-align-center wp-block-heading\">Pressemeldung Nr. 1<\/h3>\n\n\n\n<p>Aktuell wird ein Verkehrsunfall unter Beteiligung einer Stra\u00dfenbahn im Stadtteil MA-Gartenstadt gemeldet. Ersten Informationen zufolge ist eine Fu\u00dfg\u00e4ngerin unter eine Stra\u00dfenbahn geraten. Rettungsfahrzeuge sind derzeit im Einsatz. \u00dcber die Schwere der Verletzungen liegen noch keine Informationen vor.<\/p>\n\n\n\n<h2 class=\"wp-block-heading\">(Mannheim-Gartenstadt) &#8211; Nach Verkehrsunfall zwischen einer Stra\u00dfenbahn und einem 16-j\u00e4hrigen Fu\u00dfg\u00e4nger werden Zeugen gesucht<\/h2>\n\n\n\n<h3 class=\"has-text-align-center wp-block-heading\">Pressemeldung Nr. 2<\/h3>\n\n\n\n<div class=\"wp-block-image\"><figure class=\"aligncenter size-large\"><img decoding=\"async\" loading=\"lazy\" width=\"801\" height=\"600\" src=\"https:\/\/speyer24news.com\/wp-content\/uploads\/2020\/05\/Zeugen-gesucht-Neutral.jpg\" alt=\"\" class=\"wp-image-26598\" srcset=\"https:\/\/speyer24news.com\/wp-content\/uploads\/2020\/05\/Zeugen-gesucht-Neutral.jpg 801w, https:\/\/speyer24news.com\/wp-content\/uploads\/2020\/05\/Zeugen-gesucht-Neutral-300x225.jpg 300w, https:\/\/speyer24news.com\/wp-content\/uploads\/2020\/05\/Zeugen-gesucht-Neutral-768x575.jpg 768w, https:\/\/speyer24news.com\/wp-content\/uploads\/2020\/05\/Zeugen-gesucht-Neutral-678x509.jpg 678w, https:\/\/speyer24news.com\/wp-content\/uploads\/2020\/05\/Zeugen-gesucht-Neutral-326x245.jpg 326w, https:\/\/speyer24news.com\/wp-content\/uploads\/2020\/05\/Zeugen-gesucht-Neutral-80x60.jpg 80w\" sizes=\"(max-width: 801px) 100vw, 801px\" \/><\/figure><\/div>\n\n\n\n<p>Nachdem bei Eingang des Notrufes zun\u00e4chst von einer Fu\u00dfg\u00e4ngerin die Rede war, stellten die ersten Einsatzkr\u00e4fte vor Ort fest, dass es sich bei dem Verletzten um einen 16-j\u00e4hrigen Jugendlichen handelte. Nach ersten Ermittlungen der Beamten vor Ort lief der 16-j\u00e4hrige Fu\u00dfg\u00e4nger zun\u00e4chst am Fahrbahnrand auf der Stra\u00dfe Waldpforte in Richtung Waldfriedhof. Kurz nach der Einm\u00fcndung der Stra\u00dfe Waldfrieden \u00fcberquerte er unachtsam die Stra\u00dfe sowie die Schienen und wurde von der in gleicher Richtung fahrenden Stra\u00dfenbahn im vorderen Bereich erfasst. Hierbei wurde er zu Boden geschleudert und schwer jedoch nicht lebensgef\u00e4hrlich verletzt. An der Stra\u00dfenbahn entstand lediglich geringer Sachschaden. Nach erfolgter Erstversorgung wurde er durch den Rettungsdienst in ein Mannheimer Krankenhaus verbracht. Der Verkehrsdienst Heidelberg hat vor Ort die Ermittlungen aufgenommen. Nach Abschluss der Unfallaufnahme konnte der Stra\u00dfenbahnverkehr, sowie die Fahrbahn der Stra\u00dfe Waldpforte am Samstag gegen 19:30 Uhr wieder komplett freigegeben werden. Zeugen, die den Unfall beobachtet haben werden gebeten sich mit den Verkehrsdiensten Heidelberg oder Mannheim unter 0621\/174-4111 oder 0621\/174-4222 in Verbindung zu setzen.<\/p>\n\n\n\n<h2 class=\"wp-block-heading\">(Heidelberg) &#8211; E-Scooter Fahrer unter Alkoholeinfluss<\/h2>\n\n\n\n<p>In der Nacht von Freitag auf Samstag kurz nach 3 Uhr wurde in der Thibautstra\u00dfe ein 18-j\u00e4hriger Mann mit einem E-Scooter einer Verkehrskontrolle unterzogen. Hierbei konnte festgestellt werden, dass der Fahrzeugf\u00fchrer unter Alkoholeinfluss stand. Ein freiwilliger Alkoholtest ergab 1,3 Promille. Er muss sich nun wegen Trunkenheit im Stra\u00dfenverkehr verantworten.<\/p>\n\n\n\n<p>In diesem Zusammenhang weist die Polizei nochmal ausdr\u00fccklich darauf hin, dass es sich bei einem E-Scooter um ein Kraftfahrzeug handelt und somit die Vorschriften und Alkoholgrenzwerte wie bei PKW&#8217;s und Kraftr\u00e4dern gelten, mit den gleichen f\u00fchrerscheinrechtlichen Konsequenzen.<\/p>\n\n\n\n<h2 class=\"wp-block-heading\">(Schwetzingen) &#8211; Wohnungsbrand mit einem Leichtverletzten<\/h2>\n\n\n\n<p>Bei einem Wohnungsbrand in der Nacht von Freitag auf Samstag wurde eine Person leicht verletzt. Kurz vor 23 Uhr brach aus bislang unbekannter Ursache in einer Wohnung in der Siedlerstra\u00dfe ein Brand aus. Die Flammen breiteten sich rasch in der Wohnung aus. Der Brand konnte durch die freiwillige Feuerwehr Schwetzingen\/Br\u00fchl unter Kontrolle gebracht und gel\u00f6scht werden. Durch die entstandenen Rauchgase und die damit verbundene Hitzeentwicklung wurde die Wohnung v\u00f6llig zerst\u00f6rt.<\/p>\n\n\n\n<p>Zum Zeitpunkt des Brandausbruchs befand sich eine Person in der Brandwohnung. Der 78-j\u00e4hrige Bewohner wurde mit Verdacht auf Rauchgasvergiftung in ein Krankenhaus eingeliefert.<\/p>\n\n\n\n<p>Die Ermittlungen zur Brandursache durch die Brandermittler dauern an.<\/p>\n\n\n\n<h2 class=\"wp-block-heading\">(Wiesloch \/ Rhein-Neckar-Kreis) &#8211; 62-J\u00e4hriger Vermisster Johann G. wieder aufgefunden \/ Fahndung erledigt<\/h2>\n\n\n\n<p>Seit Mittwochnachmittag den 17.11.2021 wurde der 62-j\u00e4hrige Johann G., welcher in einer Therapiestation des Psychiatrischen Zentrums Nordbaden behandelt wird vermisst. Er konnte am Samstag wohlbehalten im Bereich Bruchsal aufgefunden werden und wird aktuell in die Einrichtung zur\u00fcckgef\u00fchrt. Die Fahndung ist somit erledigt. Das Polizeipr\u00e4sidium Mannheim bedankt sich f\u00fcr die Hinweise und Mithilfe bei der Suche.<\/p>\n\n\n\n<h2 class=\"wp-block-heading\">(A 5 bei Dossenheim \/ Rhein-Neckar-Kreis) &#8211; Wildunfall mit mehreren PKW und drei verendeten Wildschweinen \/ Fahrbahn in Richtung Darmstadt teilweise gesperrt<\/h2>\n\n\n\n<h3 class=\"has-text-align-center wp-block-heading\">Pressemeldung Nr. 1<\/h3>\n\n\n\n<div class=\"wp-block-image\"><figure class=\"aligncenter size-large\"><img decoding=\"async\" loading=\"lazy\" width=\"800\" height=\"436\" src=\"https:\/\/speyer24news.com\/wp-content\/uploads\/2021\/03\/Wildschweine.jpg\" alt=\"\" class=\"wp-image-33715\" srcset=\"https:\/\/speyer24news.com\/wp-content\/uploads\/2021\/03\/Wildschweine.jpg 800w, https:\/\/speyer24news.com\/wp-content\/uploads\/2021\/03\/Wildschweine-300x164.jpg 300w, https:\/\/speyer24news.com\/wp-content\/uploads\/2021\/03\/Wildschweine-768x419.jpg 768w\" sizes=\"(max-width: 800px) 100vw, 800px\" \/><\/figure><\/div>\n\n\n\n<p>Die BAB 5 war nach zwischen den Anschlussstellen Dossenheim und Ladenburg in Fahrtrichtung Darmstadt nach einem Wildunfall kurzzeitig vollgesperrt. Nach bisherigem Erkenntnisstand kam es am Sonntag gegen 02:00 Uhr durch eine Rotte Wildschweine, die an der \u00d6rtlichkeit die Fahrbahn \u00fcberqueren wollte zu einem Verkehrsunfall mit drei beteiligten Fahrzeugen. Drei Wildschweine wurden beim Zusammensto\u00df mit den Fahrzeugen t\u00f6dlich verletzt. Die Insassen der beteiligten Fahrzeuge wurden bei dem Unfall nicht verletzt. Die H\u00f6he des Sachschadens ist derzeit noch nicht bekannt. Aktuell wird der Verkehr einspurig an der Unfallstelle vorbeigeleitet. Die Autobahnpolizei Mannheim ist im Rahmen der Unfallaufnahme vor Ort.<\/p>\n\n\n\n<h2 class=\"wp-block-heading\">(A 5 bei Dossenheim \/ Rhein-Neckar-Kreis) &#8211; Fahrbahn in Richtung Darmstadt nach Wildunfall mit drei verendeten Wildschweinen wieder frei<\/h2>\n\n\n\n<h3 class=\"has-text-align-center wp-block-heading\">Pressemeldung Nr. 2<\/h3>\n\n\n\n<p>Die BAB 5 ist nach dem Unfall mit drei verendeten Wildschweinen seit 03:30 Uhr wieder frei befahrbar. Entgegen der ersten Meldung war nur ein PKW an diesem Unfall beteiligt. Zwei weitere Fahrzeuge hatten lediglich angehalten, um vor Ort Erste-Hilfe zu leisten. Nach derzeitigem Ermittlungsstand befuhr der 36-j\u00e4hrige Fahrer eines PKW Kia den rechten Fahrstreifen der BAB 5 aus Richtung Dossenheim kommend in Fahrtrichtung Darmstadt. Kurz vor der Anschlussstelle Ladenburg \u00fcberquerte eine Rotte Wildschweine die Fahrbahn unvermittelt von rechts nach links. Der 36-J\u00e4hrige konnte einen Zusammensto\u00df mit drei Tieren nicht mehr verhindern. Alle drei Wildschweine wurden bei dem Aufprall so schwer verletzt, dass sie vor Ort verendeten. Der PKW Kia war nach dem Unfall nicht mehr fahrbereit und musste durch einen Abschleppdienst geborgen werden. Es entstand ein Totalschaden am Fahrzeug in H\u00f6he von ca. 5000 Euro. Die Wildschweine wurden im Anschhluss durch Mitarbeiter der Autobahnmeisterei geborgen.<\/p>\n","protected":false},"excerpt":{"rendered":"<div class=\"mh-excerpt\"><p>(Speyer) &#8211; Verdacht der Brandstiftung Am Freitag, dem 19.11.2021 gg. 23.40h kam es in Speyer in einem Mehrfamilienanwesen in der Windthorststra\u00dfe zu einem Kellerbrand. Dieser konnte von der Feuerwehr gel\u00f6scht werden. Bei der Begehung wurde <a class=\"mh-excerpt-more\" href=\"https:\/\/speyer24news.com\/?p=42550\" title=\"Polizeimeldungen vom Samstag (20.11.2021)\">[&#8230;]<\/a><\/p>\n<\/div>","protected":false},"author":3,"featured_media":26162,"comment_status":"open","ping_status":"open","sticky":false,"template":"","format":"standard","meta":{"_monsterinsights_skip_tracking":false,"_monsterinsights_sitenote_active":false,"_monsterinsights_sitenote_note":"","_monsterinsights_sitenote_category":0,"footnotes":""},"categories":[12],"tags":[7243,7244,3614,702,61,2555,6955,6986,6263,63,105,11150,6987,53,4854,4683,1548,4905,102,213,55,6368,5261,103,106,2803,2423,427,2625,380,62,104,979,1565],"aioseo_notices":[],"amp_enabled":true,"_links":{"self":[{"href":"https:\/\/speyer24news.com\/index.php?rest_route=\/wp\/v2\/posts\/42550"}],"collection":[{"href":"https:\/\/speyer24news.com\/index.php?rest_route=\/wp\/v2\/posts"}],"about":[{"href":"https:\/\/speyer24news.com\/index.php?rest_route=\/wp\/v2\/types\/post"}],"author":[{"embeddable":true,"href":"https:\/\/speyer24news.com\/index.php?rest_route=\/wp\/v2\/users\/3"}],"replies":[{"embeddable":true,"href":"https:\/\/speyer24news.com\/index.php?rest_route=%2Fwp%2Fv2%2Fcomments&post=42550"}],"version-history":[{"count":1,"href":"https:\/\/speyer24news.com\/index.php?rest_route=\/wp\/v2\/posts\/42550\/revisions"}],"predecessor-version":[{"id":42553,"href":"https:\/\/speyer24news.com\/index.php?rest_route=\/wp\/v2\/posts\/42550\/revisions\/42553"}],"wp:featuredmedia":[{"embeddable":true,"href":"https:\/\/speyer24news.com\/index.php?rest_route=\/wp\/v2\/media\/26162"}],"wp:attachment":[{"href":"https:\/\/speyer24news.com\/index.php?rest_route=%2Fwp%2Fv2%2Fmedia&parent=42550"}],"wp:term":[{"taxonomy":"category","embeddable":true,"href":"https:\/\/speyer24news.com\/index.php?rest_route=%2Fwp%2Fv2%2Fcategories&post=42550"},{"taxonomy":"post_tag","embeddable":true,"href":"https:\/\/speyer24news.com\/index.php?rest_route=%2Fwp%2Fv2%2Ftags&post=42550"}],"curies":[{"name":"wp","href":"https:\/\/api.w.org\/{rel}","templated":true}]}}