{"id":42578,"date":"2021-11-22T08:22:08","date_gmt":"2021-11-22T07:22:08","guid":{"rendered":"https:\/\/speyer24news.com\/?p=42578"},"modified":"2021-11-22T08:22:10","modified_gmt":"2021-11-22T07:22:10","slug":"stadtnotizen-verkehrsnotizen-speyer-13","status":"publish","type":"post","link":"https:\/\/speyer24news.com\/?p=42578","title":{"rendered":"Stadtnotizen &#038; Verkehrsnotizen Speyer"},"content":{"rendered":"<style type=\"text\/css\">\r\n\t.ads_top_disp{}\r\n\t.ads_top_corner_disp{ float:left; margin:0px 10px 10px 0px; }\r\n\t.ads_first_p_disp{}\r\n\t.ads_bottom_disp{}\r\n\t<\/style>\n<h1 class=\"has-text-align-center wp-block-heading\">Stadtnotizen<\/h1>\n\n\n\n<div class=\"wp-block-image\"><figure class=\"aligncenter size-large\"><img decoding=\"async\" loading=\"lazy\" width=\"800\" height=\"600\" src=\"https:\/\/speyer24news.com\/wp-content\/uploads\/2020\/01\/Speyer-Stadtnachrichten-2.jpg\" alt=\"\" class=\"wp-image-23901\" srcset=\"https:\/\/speyer24news.com\/wp-content\/uploads\/2020\/01\/Speyer-Stadtnachrichten-2.jpg 800w, https:\/\/speyer24news.com\/wp-content\/uploads\/2020\/01\/Speyer-Stadtnachrichten-2-300x225.jpg 300w, https:\/\/speyer24news.com\/wp-content\/uploads\/2020\/01\/Speyer-Stadtnachrichten-2-768x576.jpg 768w, https:\/\/speyer24news.com\/wp-content\/uploads\/2020\/01\/Speyer-Stadtnachrichten-2-678x509.jpg 678w, https:\/\/speyer24news.com\/wp-content\/uploads\/2020\/01\/Speyer-Stadtnachrichten-2-326x245.jpg 326w, https:\/\/speyer24news.com\/wp-content\/uploads\/2020\/01\/Speyer-Stadtnachrichten-2-80x60.jpg 80w\" sizes=\"(max-width: 800px) 100vw, 800px\" \/><\/figure><\/div>\n\n\n\n<h2 class=\"wp-block-heading\">St\u00e4dtische Kitas kehren in feste Stammgruppen zur\u00fcck<\/h2>\n\n\n\n<figure class=\"wp-block-image size-large\"><img decoding=\"async\" loading=\"lazy\" width=\"800\" height=\"600\" src=\"https:\/\/speyer24news.com\/wp-content\/uploads\/2019\/05\/2019-05-08-Kinderg\u00e4rten_Park-Kindergarten_Bild-2.jpg\" alt=\"\" class=\"wp-image-14198\" srcset=\"https:\/\/speyer24news.com\/wp-content\/uploads\/2019\/05\/2019-05-08-Kinderg\u00e4rten_Park-Kindergarten_Bild-2.jpg 800w, https:\/\/speyer24news.com\/wp-content\/uploads\/2019\/05\/2019-05-08-Kinderg\u00e4rten_Park-Kindergarten_Bild-2-300x225.jpg 300w, https:\/\/speyer24news.com\/wp-content\/uploads\/2019\/05\/2019-05-08-Kinderg\u00e4rten_Park-Kindergarten_Bild-2-768x576.jpg 768w, https:\/\/speyer24news.com\/wp-content\/uploads\/2019\/05\/2019-05-08-Kinderg\u00e4rten_Park-Kindergarten_Bild-2-678x509.jpg 678w, https:\/\/speyer24news.com\/wp-content\/uploads\/2019\/05\/2019-05-08-Kinderg\u00e4rten_Park-Kindergarten_Bild-2-326x245.jpg 326w, https:\/\/speyer24news.com\/wp-content\/uploads\/2019\/05\/2019-05-08-Kinderg\u00e4rten_Park-Kindergarten_Bild-2-80x60.jpg 80w\" sizes=\"(max-width: 800px) 100vw, 800px\" \/><\/figure>\n\n\n\n<p>Aufgrund des zuletzt&nbsp;erh\u00f6hten Infektionsgeschehens in mehreren Kindertagesst\u00e4tten hat die Stadt beschlossen, dass alle&nbsp;st\u00e4dtischen Kitas ab&nbsp;sofort&nbsp;ausnahmslos&nbsp;in festen, voneinander getrennten Stammgruppen betreuen.<br>Das bedeutet, dass wie schon im Fr\u00fchjahr zu komplett voneinander unabh\u00e4ngigen Betreuungssettings zur\u00fcckgekehrt wird.<br>Demnach werden Kinder und p\u00e4dagogische Fachkr\u00e4fte festen Gruppen zugeordnet, sodass ein Wechsel zwischen den Gruppen nicht mehr m\u00f6glich sein wird.<br>Im Falle eines Infektionsgeschehens muss so nicht die ganze Einrichtung geschlossen, sondern lediglich die betroffene Gruppe isoliert werden.<\/p>\n\n\n\n<p>Durch die Arbeit in festen, voneinander getrennten Gruppen kann es unter Umst\u00e4nden zu Einschr\u00e4nkungen des Betreuungsangebotes (u.a. Fr\u00fch- und Sp\u00e4tdienst) kommen. Hierf\u00fcr bittet die Stadtverwaltung die Eltern und Sorgeberechtigten schon vorab um Verst\u00e4ndnis und Unterst\u00fctzung.<\/p>\n\n\n\n<p><em>Stadt Speyer<br>22.11.2021<\/em><\/p>\n\n\n\n<h2 class=\"wp-block-heading\">\u201eEinfach lesen\u201c Oberb\u00fcrgermeisterin Seiler und B\u00fcrgermeisterin Kabs beteiligen sich am Vorlesetag 2021<\/h2>\n\n\n\n<div class=\"wp-block-image\"><figure class=\"aligncenter size-large\"><img decoding=\"async\" loading=\"lazy\" width=\"800\" height=\"600\" src=\"https:\/\/speyer24news.com\/wp-content\/uploads\/2021\/11\/IMG_9370.jpg\" alt=\"\" class=\"wp-image-42581\" srcset=\"https:\/\/speyer24news.com\/wp-content\/uploads\/2021\/11\/IMG_9370.jpg 800w, https:\/\/speyer24news.com\/wp-content\/uploads\/2021\/11\/IMG_9370-300x225.jpg 300w, https:\/\/speyer24news.com\/wp-content\/uploads\/2021\/11\/IMG_9370-768x576.jpg 768w, https:\/\/speyer24news.com\/wp-content\/uploads\/2021\/11\/IMG_9370-678x509.jpg 678w, https:\/\/speyer24news.com\/wp-content\/uploads\/2021\/11\/IMG_9370-326x245.jpg 326w, https:\/\/speyer24news.com\/wp-content\/uploads\/2021\/11\/IMG_9370-80x60.jpg 80w\" sizes=\"(max-width: 800px) 100vw, 800px\" \/><\/figure><\/div>\n\n\n\n<p>Am 19. November 2021 wurde der Bundesweite Vorlesetag begangen. In Kooperation mit dem Deutschen Volkshochschul-Verband e.V. und den \u00f6rtlichen Volkshochschulen findet er in diesem Jahr unter dem Motto \u201eEinfach Lesen. (Ober-)B\u00fcrgermeisterinnen und (Ober-)B\u00fcrgermeister lesen vor\u201c statt und soll zeigen, dass es f\u00fcr das Lesenlernen nie zu sp\u00e4t ist.<\/p>\n\n\n\n<p>\u201eEs ist uns wichtig, dass alle Menschen in unserer Stadt, auch wenn sie Schwierigkeiten beim Lesen haben, am Leben und an unserer reichen Historie teilhaben k\u00f6nnen. Deshalb ist es uns ein Anliegen, unsere Angebote in leichter und einfacher Sprache ebenso bekannt zu machen, wie die bestehenden Unterst\u00fctzungsangebote f\u00fcr all jene, die als Erwachsene Lesen und Schreiben lernen m\u00f6chten\u201c, betonen Oberb\u00fcrgermeisterin Stefanie Seiler und Bildungsdezernentin Monika Kabs unisono.<\/p>\n\n\n\n<p>In Deutschland gibt es rund 6,2 Millionen Menschen, die nicht richtig lesen und schreiben k\u00f6nnen. Gesellschaftliche Teilhabe und ein unabh\u00e4ngiges Leben sind ohne Lese- und Schreibkompetenzen schwer. Um f\u00fcr das Thema zu sensibilisieren und Betroffenen Mut zu machen, sind Stefanie Seiler und Monika Kabs dem Aufruf des Deutschen St\u00e4dtetags gefolgt und haben in einem Video anl\u00e4sslich des Vorlesetages aus dem inklusiven Stadtf\u00fchrer \u201eEinfach Speyer\u201c vorgelesen. Dieser ist in leichter Sprache verfasst ist und ist ein verst\u00e4ndlicher und hilfreicher Leitfaden, mit dem sich Menschen mit Behinderung selbstst\u00e4ndig durch die Stadt bewegen und diese kennenlernen k\u00f6nnen. Das Video ist auf dem YouTube-Kanal der Stadt Speyer unter\u00a0<a href=\"https:\/\/deref-web.de\/mail\/client\/ibBIzZBWu5k\/dereferrer\/?redirectUrl=https%3A%2F%2Fwww.youtube.com%2Fstadtspeyer\" target=\"_blank\" rel=\"noreferrer noopener\">https:\/\/www.youtube.com\/stadtspeyer<\/a>\u00a0abrufbar.<\/p>\n\n\n\n<p>In der Stadtbibliothek Speyer k\u00f6nnen zahlreiche B\u00fccher in leichter und einfacher Sprache ausgeliehen werden, sodass auch Menschen, die noch Schwierigkeiten mit der deutschen Sprache oder dem Alphabet an sich haben, einen schnellen und frustfreien Einstieg in die Welt des Lesens finden k\u00f6nnen.<\/p>\n\n\n\n<p>Auch in der Volkshochschule Speyer gibt es eine Vielzahl an Kursen f\u00fcr Menschen, die Deutsch lernen m\u00f6chten, aber auch f\u00fcr Erwachsene, die Lesen und Schreiben \u00fcben oder ganz frisch lernen m\u00f6chten. F\u00fcr R\u00fcckfragen steht das Team der Volkshochschule Speyer unter der Telefonnummer 0 62 32 \u2013 14 13 60 gerne zur Verf\u00fcgung.<\/p>\n\n\n\n<p><em>Stadt Speyer<br>22.11.2021<\/em><\/p>\n\n\n\n<h2 class=\"wp-block-heading\">Schlachtabf\u00e4lle illegal entsorgt \u2013 Stadt bittet um Hilfe aus der Bev\u00f6lkerung<\/h2>\n\n\n\n<div class=\"wp-block-image\"><figure class=\"aligncenter size-large\"><img decoding=\"async\" loading=\"lazy\" width=\"800\" height=\"627\" src=\"https:\/\/speyer24news.com\/wp-content\/uploads\/2021\/11\/Image.jpg\" alt=\"\" class=\"wp-image-42579\" srcset=\"https:\/\/speyer24news.com\/wp-content\/uploads\/2021\/11\/Image.jpg 800w, https:\/\/speyer24news.com\/wp-content\/uploads\/2021\/11\/Image-300x235.jpg 300w, https:\/\/speyer24news.com\/wp-content\/uploads\/2021\/11\/Image-768x602.jpg 768w\" sizes=\"(max-width: 800px) 100vw, 800px\" \/><\/figure><\/div>\n\n\n\n<p>Am Donnerstag, 18. November 2021 wurde die Stadtverwaltung gegen 7:45 Uhr \u00fcber illegal abgestellte und entsorgte Schlachtabf\u00e4lle in Speyer Nord informiert. Derartige Funde sind in den letzten Monaten bereits mehrfach vorgekommen \u2013 ein Verantwortlicher konnte bislang aber nicht ermittelt werden. <\/p>\n\n\n\n<div class=\"wp-block-image\"><figure class=\"aligncenter size-large\"><img decoding=\"async\" loading=\"lazy\" width=\"500\" height=\"667\" src=\"https:\/\/speyer24news.com\/wp-content\/uploads\/2021\/11\/Image1.jpg\" alt=\"\" class=\"wp-image-42580\" srcset=\"https:\/\/speyer24news.com\/wp-content\/uploads\/2021\/11\/Image1.jpg 500w, https:\/\/speyer24news.com\/wp-content\/uploads\/2021\/11\/Image1-225x300.jpg 225w\" sizes=\"(max-width: 500px) 100vw, 500px\" \/><\/figure><\/div>\n\n\n\n<p>Die Stadtverwaltung bittet deshalb um Mithilfe aus der Bev\u00f6lkerung. Wer etwas gesehen hat und sachdienliche Hinweise zum Verursacher oder der Verursacherin geben kann, m\u00f6ge sich bitte an Dirk Bachmann, Dienstgruppenleiter des\u00a0Kommunalen Vollzugsdiensts, wenden. Telefonisch unter 0 62 32 \u2013 14 28 28 oder per E-Mail an\u00a0<a href=\"mailto:dirk.bachmann@stadt-speyer.de\" target=\"_blank\" rel=\"noreferrer noopener\">dirk.bachmann@stadt-speyer.de<\/a>.<\/p>\n\n\n\n<p><em>Stadt Speyer<br>22.11.2021<\/em><\/p>\n\n\n\n<h1 class=\"has-text-align-center wp-block-heading\">Verkehrsnotizen<\/h1>\n\n\n\n<div class=\"wp-block-image\"><figure class=\"aligncenter size-large\"><img decoding=\"async\" loading=\"lazy\" width=\"800\" height=\"565\" src=\"https:\/\/speyer24news.com\/wp-content\/uploads\/2020\/01\/Baustelle-2.jpg\" alt=\"\" class=\"wp-image-23900\" srcset=\"https:\/\/speyer24news.com\/wp-content\/uploads\/2020\/01\/Baustelle-2.jpg 800w, https:\/\/speyer24news.com\/wp-content\/uploads\/2020\/01\/Baustelle-2-300x212.jpg 300w, https:\/\/speyer24news.com\/wp-content\/uploads\/2020\/01\/Baustelle-2-768x542.jpg 768w\" sizes=\"(max-width: 800px) 100vw, 800px\" \/><\/figure><\/div>\n\n\n\n<h2 class=\"wp-block-heading\">Kutschergasse gesperrt<\/h2>\n\n\n\n<p>Aufgrund von Arbeiten im Auftrag der Stadtwerke Speyer ist die Kutschergasse in H\u00f6he der Hausnummer 7 seit <strong>Donnerstag, 18. November bis voraussichtlich 23. Dezember 2021<\/strong> f\u00fcr den kompletten Fahrzeugverkehr voll gesperrt.<\/p>\n\n\n\n<p>Die Kutschergasse wird aus Richtung Heydenreichstra\u00dfe als Sackgasse ausgewiesen. Eine Einfahrt in die Kutschergasse \u00fcber die Gro\u00dfe S\u00e4mergasse wird eingerichtet.<\/p>\n\n\n\n<p>F\u00fcr R\u00fcckfragen steht die Stra\u00dfenverkehrsbeh\u00f6rde unter der Telefonnummer 14-2938 zur Verf\u00fcgung.<\/p>\n\n\n\n<p><em>Stadt Speyer<br>22.11.2021<\/em><\/p>\n\n\n\n<h2 class=\"wp-block-heading\">Bordsteinsanierungsarbeiten in der Stra\u00dfe Am Technik Museum<\/h2>\n\n\n\n<p>Aufgrund von Bordsteinsanierungsarbeiten in der Stra\u00dfe Am Technik Museum wird die Fahrbahn auf H\u00f6he der Einm\u00fcndung Geibstra\u00dfe, Fahrtrichtung Industriestra\u00dfe, <strong>vom 23. November bis 2. Dezember 2021<\/strong> voll gesperrt.<\/p>\n\n\n\n<p>Die Umleitung erfolgt \u00fcber die Geibstra\u00dfe, Am Neuen Rheinhafen, Heinkelstra\u00dfe und Industriestra\u00dfe. Die Einfahrt in die Stra\u00dfe Am Technik Museum ist von der Industriestra\u00dfe aus kommend\u00a0m\u00f6glich.<\/p>\n\n\n\n<p><em>Stadt Speyer<br>22.11.2021<\/em><\/p>\n","protected":false},"excerpt":{"rendered":"<div class=\"mh-excerpt\"><p>Stadtnotizen St\u00e4dtische Kitas kehren in feste Stammgruppen zur\u00fcck Aufgrund des zuletzt&nbsp;erh\u00f6hten Infektionsgeschehens in mehreren Kindertagesst\u00e4tten hat die Stadt beschlossen, dass alle&nbsp;st\u00e4dtischen Kitas ab&nbsp;sofort&nbsp;ausnahmslos&nbsp;in festen, voneinander getrennten Stammgruppen betreuen.Das bedeutet, dass wie schon im Fr\u00fchjahr zu <a class=\"mh-excerpt-more\" href=\"https:\/\/speyer24news.com\/?p=42578\" title=\"Stadtnotizen &#038; Verkehrsnotizen Speyer\">[&#8230;]<\/a><\/p>\n<\/div>","protected":false},"author":3,"featured_media":23902,"comment_status":"open","ping_status":"open","sticky":false,"template":"","format":"standard","meta":{"_monsterinsights_skip_tracking":false,"_monsterinsights_sitenote_active":false,"_monsterinsights_sitenote_note":"","_monsterinsights_sitenote_category":0,"footnotes":""},"categories":[47],"tags":[8523,9346,8411,13399,13400,6,802,10732,657,1296,658,1114,13397,13398],"aioseo_notices":[],"amp_enabled":true,"_links":{"self":[{"href":"https:\/\/speyer24news.com\/index.php?rest_route=\/wp\/v2\/posts\/42578"}],"collection":[{"href":"https:\/\/speyer24news.com\/index.php?rest_route=\/wp\/v2\/posts"}],"about":[{"href":"https:\/\/speyer24news.com\/index.php?rest_route=\/wp\/v2\/types\/post"}],"author":[{"embeddable":true,"href":"https:\/\/speyer24news.com\/index.php?rest_route=\/wp\/v2\/users\/3"}],"replies":[{"embeddable":true,"href":"https:\/\/speyer24news.com\/index.php?rest_route=%2Fwp%2Fv2%2Fcomments&post=42578"}],"version-history":[{"count":1,"href":"https:\/\/speyer24news.com\/index.php?rest_route=\/wp\/v2\/posts\/42578\/revisions"}],"predecessor-version":[{"id":42582,"href":"https:\/\/speyer24news.com\/index.php?rest_route=\/wp\/v2\/posts\/42578\/revisions\/42582"}],"wp:featuredmedia":[{"embeddable":true,"href":"https:\/\/speyer24news.com\/index.php?rest_route=\/wp\/v2\/media\/23902"}],"wp:attachment":[{"href":"https:\/\/speyer24news.com\/index.php?rest_route=%2Fwp%2Fv2%2Fmedia&parent=42578"}],"wp:term":[{"taxonomy":"category","embeddable":true,"href":"https:\/\/speyer24news.com\/index.php?rest_route=%2Fwp%2Fv2%2Fcategories&post=42578"},{"taxonomy":"post_tag","embeddable":true,"href":"https:\/\/speyer24news.com\/index.php?rest_route=%2Fwp%2Fv2%2Ftags&post=42578"}],"curies":[{"name":"wp","href":"https:\/\/api.w.org\/{rel}","templated":true}]}}