{"id":42656,"date":"2021-11-24T09:57:34","date_gmt":"2021-11-24T08:57:34","guid":{"rendered":"https:\/\/speyer24news.com\/?p=42656"},"modified":"2021-11-24T09:57:40","modified_gmt":"2021-11-24T08:57:40","slug":"polizei-730","status":"publish","type":"post","link":"https:\/\/speyer24news.com\/?p=42656","title":{"rendered":"Polizei"},"content":{"rendered":"<style type=\"text\/css\">\r\n\t.ads_top_disp{}\r\n\t.ads_top_corner_disp{ float:left; margin:0px 10px 10px 0px; }\r\n\t.ads_first_p_disp{}\r\n\t.ads_bottom_disp{}\r\n\t<\/style>\n<h2 class=\"wp-block-heading\">Polizeimeldungen vom Dienstag (23.11.2021)<\/h2>\n\n\n\n<div class=\"wp-block-image\"><figure class=\"aligncenter size-large\"><img decoding=\"async\" src=\"https:\/\/speyer24news.com\/wp-content\/uploads\/2019\/11\/Aktuelles-Polizeilogo.jpg\" alt=\"\" class=\"wp-image-21845\"\/><\/figure><\/div>\n\n\n\n<h2 class=\"wp-block-heading\">(Speyer) &#8211; Falscher Polizist scheitert mit Betrugsmasche<\/h2>\n\n\n\n<p>Als Sicherheitsbeauftragter der Polizei gab sich am Montag gegen 19:30 Uhr ein Unbekannter gegen\u00fcber einer 81-J\u00e4hrigen am Telefon aus. Der Betr\u00fcger gab vor, mehrere Haushalte zu kontaktieren, um deren Sicherheitsstandards abzufragen. Da die Gesch\u00e4digte bereits mehrfach sogenannte Schockanrufe erhielt, wurde sie auch dieses Mal stutzig und beendete das Gespr\u00e4ch. Somit konnte die Seniorin einen Verm\u00f6gensverlust verhindern.<\/p>\n\n\n\n<p>Sollten Sie einen solchen Anruf erhalten, empfiehlt die Polizei: -Lassen Sie sich den Namen nennen, legen Sie auf, rufen Sie Ihre \u00f6rtliche Polizeibeh\u00f6rde an und schildern Sie den Sachverhalt. -Geben Sie unbekannten Personen keine Ausk\u00fcnfte \u00fcber Ihre Verm\u00f6gensverh\u00e4ltnisse oder andere sensible Daten. -\u00d6ffnen Sie unbekannten Personen nicht die T\u00fcr. -\u00dcbergeben Sie niemals Geld oder Wertsachen an unbekannte Personen, -Denken Sie daran. Die Polizei wird Sie niemals um Geldbetr\u00e4ge bitten oder dazu auffordern, Geld oder Wertsachen herauszugeben -Wenn Sie Opfer eines solchen Anrufes geworden sind, wenden Sie sich in jedem Fall an die Polizei und erstatten Sie eine Anzeige.<\/p>\n\n\n\n<h2 class=\"wp-block-heading\">(Speyer) &#8211; Seniorin wird beim Einkaufen bestohlen \/  Zeugenaufruf<\/h2>\n\n\n\n<div class=\"wp-block-image\"><figure class=\"aligncenter size-large\"><img decoding=\"async\" loading=\"lazy\" width=\"640\" height=\"426\" src=\"https:\/\/speyer24news.com\/wp-content\/uploads\/2020\/12\/Taschendiebstahl.jpg\" alt=\"\" class=\"wp-image-31455\" srcset=\"https:\/\/speyer24news.com\/wp-content\/uploads\/2020\/12\/Taschendiebstahl.jpg 640w, https:\/\/speyer24news.com\/wp-content\/uploads\/2020\/12\/Taschendiebstahl-300x200.jpg 300w\" sizes=\"(max-width: 640px) 100vw, 640px\" \/><\/figure><\/div>\n\n\n\n<p>W\u00e4hrend des Einkaufs bestohlen wurde am Montag gegen 14:45 Uhr eine 76-j\u00e4hrige Rollstuhlfahrerin in einem Drogeriemarkt in der Maximilianstra\u00dfe. Die Gesch\u00e4digte befand sich gerade vor einem Regal, als eine unbekannte Frau die Geldb\u00f6rse der Seniorin aus der am Rollstuhl h\u00e4ngenden Tasche nahm. Durch das Mitwirken einer weiteren T\u00e4terin gelang dies unbemerkt, wodurch beide Frauen mit ihrer Beute fl\u00fcchten konnten. Die H\u00f6he des Diebesgutes steht bislang noch nicht fest.<\/p>\n\n\n\n<h4 class=\"wp-block-heading\">Die beiden Diebinnen k\u00f6nnen wie folgt beschrieben werden:<\/h4>\n\n\n\n<h5 class=\"wp-block-heading\"><strong>1.Frau:<\/strong><\/h5>\n\n\n\n<p><strong>ca. 25 bis 40 Jahre alt, normale Statur, braune Haare, teilwei\u00dfe blond gef\u00e4rbt, zum Zopf gebunden. Sie trug wei\u00dfe Turnschuhe, schwarze Hosen, schwarze Jacke, schwarze Mund-Nasen-Bedeckung sowie eine schwarze Umh\u00e4ngetasche.<\/strong><\/p>\n\n\n\n<h5 class=\"wp-block-heading\">2.Frau:<\/h5>\n\n\n\n<p><strong>vermutlich \u00e4lter als 40 Jahre, etwas kr\u00e4ftigere Statur, Haare aufgrund einer schwarzen M\u00fctze nicht erkennbar, schwarze Mund-Nasen-Bedeckung, schwarze Stiefel &#8222;Boots&#8220;, helle Jeans, welche aufgrund eines hellen langen Mantels (grau, beige) kaum sichtbar waren. \u00dcber dem Mantel trug sie eine schwarze \u00e4rmellose Jacke<\/strong><\/p>\n\n\n\n<p>Zeugen, welche die Frauen bei ihrer Tat bzw. ihrer Flucht beobachtet haben oder sachdienliche Hinweise geben k\u00f6nnen, werden gebeten sich unter der Tel. 06232\/137-0 oder per Email (<a href=\"mailto:pispeyer@polizei.rlp.de\">pispeyer@polizei.rlp.de<\/a>) bei der Polizei in Speyer zu melden.<\/p>\n\n\n\n<h2 class=\"wp-block-heading\">(Speyer) &#8211; Beim Abbiegen Radfahrer \u00fcbersehen<\/h2>\n\n\n\n<p>Mit einem Radfahrer kollidierte am Montag um 06:50 Uhr eine 48-J\u00e4hrige PKW-Fahrerin. Als sie von der Franz-Kirrmeier-Stra\u00dfe nach rechts in den Ziegelofenweg abbog, \u00fcbersah sie den von links nach rechts querenden 32-J\u00e4hrigen Radfahrer, der auf dem Radweg in Richtung Auestra\u00dfe unterwegs war. Der Radweg ist an dieser Stelle f\u00fcr beide Fahrtrichtungen freigegeben. Infolge der Kollision kam der Radfahrer zu Fall und zog sich hierbei leichte Verletzungen zu.<\/p>\n\n\n\n<h2 class=\"wp-block-heading\">(B\u00f6hl-Iggelheim) &#8211; Angeblicher Paketbote<\/h2>\n\n\n\n<p>Am 20.11.2021, gegen 15:00 Uhr, klingelte ein angeblicher Paketzusteller in der Schulstra\u00dfe an der Haust\u00fcr einer 87-J\u00e4hrigen. Laut dem Zusteller habe er ein Paket f\u00fcr den Ehemann der 87-J\u00e4hrigen. Zur Annahme des Pakets m\u00fcsse die Dame jedoch 80 Euro bezahlen. Nachdem die 87-J\u00e4hrige die Annahme verweigerte, verlie\u00df der Mann die \u00d6rtlichkeit und stieg in einen wei\u00dfen Kombi mit Germersheimer Kennzeichen ein. Beschreibung des Mannes: ca. 25 Jahre alt, ca. 1,70m gro\u00df, sprach gebrochen Deutsch und trug schwarze Bekleidung. Zeugen, die Angaben zu dem beschriebenen Mann machen k\u00f6nnen, werden gebeten, sich mit der Polizeiinspektion Schifferstadt unter 06235 495-0 oder\u00a0<a href=\"mailto:pischifferstadt@polizei.rlp.de\">pischifferstadt@polizei.rlp.de<\/a>\u00a0in Verbindung zu setzen.<\/p>\n\n\n\n<h2 class=\"wp-block-heading\">(Schifferstadt) &#8211; Sachbesch\u00e4digung an Kirche<\/h2>\n\n\n\n<p>In dem Zeitraum vom 17.11.2021 (19:30 Uhr) bis 21.11.2021 (10:20 Uhr) wurde die Fassade der katholischen Kirche in der J\u00e4gerstra\u00dfe teilweise mit Graffiti bespr\u00fcht. Neben der Fassade wurde auch eine Informationstafel durch unbekannte T\u00e4ter bespr\u00fcht. Zeugen, die Angaben zum Tatgeschehen oder T\u00e4tern machen k\u00f6nnen, werden gebeten, sich mit der Polizeiinspektion Schifferstadt unter 06235 495-0 oder&nbsp;<a href=\"mailto:pischifferstadt@polizei.rlp.de\">pischifferstadt@polizei.rlp.de<\/a>&nbsp;in Verbindung zu setzen.<\/p>\n\n\n\n<h2 class=\"wp-block-heading\">(Schifferstadt) &#8211; Bilanz der Verkehrssicherheitswoche<\/h2>\n\n\n\n<p>Am Freitag (19.11.2021) wurden im Dienstgebiet der Polizeiinspektion Schifferstadt erneut Geschwindigkeitskontrollen durchgef\u00fchrt. Diesmal wurden von 07:30 Uhr &#8211; 08:15 Uhr in der Rehh\u00fctter Stra\u00dfe in Waldsee (Tempo 50, 2 Verst\u00f6\u00dfe), von 09:00 Uhr &#8211; 11:00 Uhr im Pfalzring und der Schifferstadter Stra\u00dfe in Mutterstadt (je Tempo 30, insgesamt 15 Verst\u00f6\u00dfe), von 12:50 &#8211; 13:50 Uhr in der Ha\u00dflocher Stra\u00dfe in B\u00f6hl-Iggelheim (Tempo 30, 8 Verst\u00f6\u00dfe) und von 14:15 &#8211; 14:50 Uhr in der Altenhofstra\u00dfe in Schifferstadt (Tempo 30, 1 Versto\u00df) Schwerpunkte gesetzt. Der &#8222;Schnellste&#8220; war mit 51 km\/h im Pfalzring unterwegs. Dies zieht nach Abzug der Toleranz ein Bu\u00dfgeld von 70 Euro nach sich. W\u00e4hrend der Verkehrssicherheitswoche wurden insgesamt 244 Geschwindigkeits\u00fcberschreitungen festgestellt und geahndet. Weiterhin wurden w\u00e4hrend den Kontrollen f\u00fcnf Gurtverst\u00f6\u00dfe und drei Handyverst\u00f6\u00dfe sanktioniert, sowie zwei Haftbefehle vollstreckt. Gegen drei Fahrzeugf\u00fchrer wird wegen Fahrens ohne Fahrerlaubnis ermittelt. Zwei Fahrer f\u00fchrten ihren PKW unter dem Einfluss von Bet\u00e4ubungsmitteln, ein Fahrzeugf\u00fchrer war betrunken unterwegs. Aufgrund von vorgenommen \u00c4nderungen am PKW erlosch die Betriebserlaubnis und dem Fahrer konnte nur noch die kurze Fahrt bis zur Wohnanschrift gestattet werden. Auch nach der Verkehrssicherheitswoche wird die Polizei im Rahmen der Verkehrssicherheitsarbeit weiterhin Kontrollen durchf\u00fchren.<\/p>\n\n\n\n<h2 class=\"wp-block-heading\">(Limburgerhof) &#8211; Verkehrsunfall mit leicht verletzter Radfahrerin<\/h2>\n\n\n\n<p>Am Montagmorgen, gegen 08:00 Uhr, befuhr eine 19-j\u00e4hrige PKW-Fahrerin die Speyerer Stra\u00dfe in Richtung Rehh\u00fctte. Beim Abbiegen auf ein Tankstellengel\u00e4nde stie\u00df die Fahrerin mit einer auf dem Radweg in Fahrtrichtung Ortsmitte fahrenden, 55-j\u00e4hrigen Radfahrerin zusammen. Die Radfahrerin verletzte sich leicht am Fu\u00df. Eine medizinische Behandlung war vor Ort nicht notwendig. Gegen die PKW-Fahrerin wird wegen Fahrl\u00e4ssiger K\u00f6rperverletzung ermittelt.<\/p>\n\n\n\n<h2 class=\"wp-block-heading\">(Neuhofen) &#8211; Verkehrsunfall mit leicht verletzter Person<\/h2>\n\n\n\n<p>Am Sonntagabend, gegen 19:15 Uhr, ereignete sich im Kreisverkehr Speyerer Stra\u00dfe \/ Woogstra\u00dfe ein Unfall mit einem verletzten Motorradfahrer. Ein 41-j\u00e4hriger PKW-Fahrer befuhr die Woogstra\u00dfe in Richtung des Kreisverkehrs. Beim Einfahren in den Kreisverkehr missachtete der PKW-Fahrer die Vorfahrt des im Kreisverkehr befindlichen 17-j\u00e4hrigen Motorradfahrers. Durch den Sturz verletzte sich der 17-J\u00e4hrige leicht und wurde durch den Rettungsdienst in ein Krankenhaus verbracht. An beiden Fahrzeugen entstand ein Sachschaden von insgesamt etwa 1.600 Euro. Gegen den PKW-Fahrer wird wegen Fahrl\u00e4ssiger K\u00f6rperverletzung ermittelt.<\/p>\n\n\n\n<h2 class=\"wp-block-heading\">(Neuhofen) &#8211; Einbruch in Vereinsheim<\/h2>\n\n\n\n<p>In dem Zeitraum vom 20.11.2021 (09:45 Uhr) bis 21.11.2021 (05:30 Uhr) sind unbekannte T\u00e4ter durch das Aufhebeln eines Fensters in ein Vereinsheim in der Jahnstra\u00dfe eingedrungen. Aus dem Inneren wurden eine Wechselkasse mit einem niedrigen, zweistelligen Betrag, sowie S\u00fc\u00dfigkeiten entwendet. Zeugen, die Angaben zum Tatgeschehen oder T\u00e4tern machen k\u00f6nnen, werden gebeten, sich mit der Polizeiinspektion Schifferstadt unter 06235 495-0 oder\u00a0<a href=\"mailto:pischifferstadt@polizei.rlp.de\">pischifferstadt@polizei.rlp.de<\/a>\u00a0in Verbindung zu setzen.<\/p>\n\n\n\n<h2 class=\"wp-block-heading\">(Germersheim) &#8211; Zwei Trunkenheitsfahrten und Fahren ohne F\u00fchrerschein<\/h2>\n\n\n\n<p>Ein 61-j\u00e4hriger Pkw-Fahrer aus dem Kreis Germersheim fiel sowohl am Vormittag, als auch am Nachmittag wegen Trunkenheit im Stra\u00dfenverkehr auf. Der 61-j\u00e4hrige lernte beim ersten Mal scheinbar nichts dazu und setzte sich nachmittags wieder betrunken hinters Steuer. Dabei fiel er einer Augenzeugin vom Morgen auf, nachdem er mittags in seinem Zustand auf einen vorausfahrenden wei\u00dfen Transporter mit GER-Kennzeichen am Ortseingang Kuhardt auffuhr. Nach kurzem Gespr\u00e4ch setzten die Fahrzeugf\u00fchrer unerwartet ihre Fahrt fort. Sp\u00e4ter konnte der 61-j\u00e4hrige zuhause angetroffen werden. Er war stark betrunken. Ein Atemalkoholtest ergab einen Wert von 2,16 Promille. Ihn erwartet neben dem ersten Strafverfahren ein weiteres Strafverfahren wegen Trunkenheit im Verkehr und Fahrens ohne Fahrerlaubnis.<\/p>\n\n\n\n<p>Die Polizeiinspektion Germersheim bittet Zeugen des Vorfalls, insbesondere den Fahrer des Transporter sich unter Tel.: 07274-9580 oder Email:&nbsp;<a href=\"mailto:pigermersheim@polizei.rlp.de\">pigermersheim@polizei.rlp.de<\/a>&nbsp;zu melden.<\/p>\n\n\n\n<h2 class=\"wp-block-heading\">(Germersheim) &#8211; Ladendieb mit Avocado im Geb\u00fcsch<\/h2>\n\n\n\n<div class=\"wp-block-image\"><figure class=\"aligncenter size-large\"><img decoding=\"async\" loading=\"lazy\" width=\"800\" height=\"580\" src=\"https:\/\/speyer24news.com\/wp-content\/uploads\/2021\/11\/Avocado.jpg\" alt=\"\" class=\"wp-image-42657\" srcset=\"https:\/\/speyer24news.com\/wp-content\/uploads\/2021\/11\/Avocado.jpg 800w, https:\/\/speyer24news.com\/wp-content\/uploads\/2021\/11\/Avocado-300x218.jpg 300w, https:\/\/speyer24news.com\/wp-content\/uploads\/2021\/11\/Avocado-768x557.jpg 768w\" sizes=\"(max-width: 800px) 100vw, 800px\" \/><figcaption>Schmeckt gut und ist Gesund&#8230; mu\u00df aber dennoch bezahlt werden!<\/figcaption><\/figure><\/div>\n\n\n\n<p>Montagmorgen wurde die Polizei Germersheim von einem Supermarktmitarbeiter \u00fcber einen gefl\u00fcchteten Ladendieb informiert. Im Rahmen der Fahndungsma\u00dfnahmen konnte der Dieb zwischen Germersheim und Sondernheim gesichtet werden. Er fl\u00fcchtete in ein angrenzendes Geb\u00fcsch und versuchte sich dort vergeblich zu verstecken. Nach seiner Festnahme wurde der 62-j\u00e4hrige Dieb durchsucht. Dabei wurde das Diebesgut in Form einer Avocado aufgefunden und an den Supermarkt ausgeh\u00e4ndigt. Ein entsprechendes Strafverfahren wurde eingeleitet.<\/p>\n\n\n\n<h2 class=\"wp-block-heading\">(H\u00f6rdt) &#8211; Ausf\u00e4lliger und betrunkener E Scooter Fahrer<\/h2>\n\n\n\n<p>Montagabend stellten Germersheimer Polizisten auf dem Radweg zwischen Sondernheim und H\u00f6rdt einen auff\u00e4llig fahrenden E-Scooter Fahrer fest. Bei der anschlie\u00dfenden Verkehrskontrolle wurde festgestellt, dass der 22-j\u00e4hrige Fahrer deutlich unter dem Einfluss von Alkohol stand. Zudem lie\u00df er w\u00e4hrend der Kontrolle eine geringe Menge Cannabis fallen. Zu allem \u00dcberfluss beleidigte er die Beamten massiv. Ihm wurde auf der Dienststelle eine Blutprobe entnommen. In gleich drei Strafverfahren muss sich der junge Mann nun verantworten. Auch die F\u00fchrerscheinstelle wurde \u00fcber den Vorfall informiert.<\/p>\n\n\n\n<h2 class=\"wp-block-heading\">(Jockgrim) &#8211; Geparktes Fahrzeug aus Supermarktparkplatz besch\u00e4digt<\/h2>\n\n\n\n<p>Als am 22.11.2021 ein Fahrer gegen 12:00 Uhr zur\u00fcck zu seinem Fahrzeug kam, stellte er eine frische Besch\u00e4digung an der hinteren Sto\u00dfstange fest. Der Unfallverursacher war jedoch nicht mehr vor Ort.<\/p>\n\n\n\n<h2 class=\"wp-block-heading\">(Kandel) &#8211; Aus Unachtsamkeit von der Stra\u00dfe abgekommen<\/h2>\n\n\n\n<div class=\"wp-block-image\"><figure class=\"aligncenter size-large\"><img decoding=\"async\" loading=\"lazy\" width=\"800\" height=\"533\" src=\"https:\/\/speyer24news.com\/wp-content\/uploads\/2021\/11\/Kandel-mobilkran.jpg\" alt=\"\" class=\"wp-image-42658\" srcset=\"https:\/\/speyer24news.com\/wp-content\/uploads\/2021\/11\/Kandel-mobilkran.jpg 800w, https:\/\/speyer24news.com\/wp-content\/uploads\/2021\/11\/Kandel-mobilkran-300x200.jpg 300w, https:\/\/speyer24news.com\/wp-content\/uploads\/2021\/11\/Kandel-mobilkran-768x512.jpg 768w\" sizes=\"(max-width: 800px) 100vw, 800px\" \/><\/figure><\/div>\n\n\n\n<p>Unachtsamkeit oder Ablenkung d\u00fcrfte wohl die Ursache daf\u00fcr gewesen sein, dass am 22.11.2021 um 09:05 Uhr auf der L554 von Kandel in Richtung Steinweiler von der Fahrbahn abgekommen ist. Der Fahrer des Mobilkrans hatte noch Gl\u00fcck im Ungl\u00fcck, dass sein Gef\u00e4hrt in dem aufgeweichten Grund nicht umgekippt ist.<\/p>\n\n\n\n<h2 class=\"wp-block-heading\">(Berg &amp; W\u00f6rth) &#8211; Gleich zwei Fahrer mit zu viel Alkohol im Blut<\/h2>\n\n\n\n<p>Knapp 3 Promille war das Ergebnis eines Atemalkoholtestes eines 69-j\u00e4hrigen PKW Fahrers, der am 22.10.21 um 18:20 Uhr in der Bruchbergstra\u00dfe kontrolliert wurde. Ein weiterer Verkehrsteilnehmer wurde um 19:50 Uhr mit seinem E Scooter in der Eisenbahnstra\u00dfe festgestellt. Sein Ergebnis war etwas geringer, aber mit 2,1 Promille immer noch deutlich zu viel. Beiden Fahrern wurde der F\u00fchrerschein sichergestellt.<\/p>\n\n\n\n<h2 class=\"wp-block-heading\">(Pleisweiler-Oberhofen \/ Bad Bergzabern \/ Steinfeld) &#8211;\u00a0Drei berauschte Verkehrsteilnehmer an einem Tag<\/h2>\n\n\n\n<p>Drei Verkehrsteilnehmer wurden am Montag, 22.11.2021, wegen Trunkenheit im Stra\u00dfenverkehr aus dem Verkehr gezogen. Um 08:10 Uhr wurde der Fahrer eines Pkw BMW in Pleisweiler-Oberhofen einer Verkehrskontrolle unterzogen. Bei der Kontrolle konnte Cannabisgeruch wahrgenommen werden. Der 35-J\u00e4hrige zeigte zudem bet\u00e4ubungsmittel-typische Auffallerscheinungen. Gegen 16:10 Uhr kontrollierten die Beamten in der Marktstra\u00dfe in Bad Bergzabern einen Mofafahrer. Der Alkoholtest ergab bei dem 61-J\u00e4hrigen einen Wert von knapp \u00fcber 1 Promille. Bei einem 65-j\u00e4hrigen PKW-Fahrer ergab eine Kontrolle um 19:10 Uhr in Steinfeld, einen Atemalkoholwert von 1,2 Promille. Den beiden Pkw-Fahrern wurde eine Blutprobe entnommen und ein Strafverfahren eingeleitet. Der Mofafahrer f\u00fchrte einen gerichtsverwertbaren Evidentialtest durch. Gegen ihn wurde ein Bu\u00dfgeldverfahren eingeleitet.<\/p>\n\n\n\n<h2 class=\"wp-block-heading\">(Bad Bergzabern) &#8211; Vorfahrt missachtet<\/h2>\n\n\n\n<div class=\"wp-block-image\"><figure class=\"aligncenter size-large\"><img decoding=\"async\" loading=\"lazy\" width=\"800\" height=\"600\" src=\"https:\/\/speyer24news.com\/wp-content\/uploads\/2021\/11\/VUWeinst.jpg\" alt=\"\" class=\"wp-image-42659\" srcset=\"https:\/\/speyer24news.com\/wp-content\/uploads\/2021\/11\/VUWeinst.jpg 800w, https:\/\/speyer24news.com\/wp-content\/uploads\/2021\/11\/VUWeinst-300x225.jpg 300w, https:\/\/speyer24news.com\/wp-content\/uploads\/2021\/11\/VUWeinst-768x576.jpg 768w, https:\/\/speyer24news.com\/wp-content\/uploads\/2021\/11\/VUWeinst-678x509.jpg 678w, https:\/\/speyer24news.com\/wp-content\/uploads\/2021\/11\/VUWeinst-326x245.jpg 326w, https:\/\/speyer24news.com\/wp-content\/uploads\/2021\/11\/VUWeinst-80x60.jpg 80w\" sizes=\"(max-width: 800px) 100vw, 800px\" \/><\/figure><\/div>\n\n\n\n<p>Am Abend des 23.11.2021 befuhr die 36- j\u00e4hrige PKW Fahrerin aus dem Kreis S\u00dcW mit ihrem PKW die Poststra\u00dfe in Bad Bergzabern. Dort wollte sie in die Weinstra\u00dfe einbiegen, wobei sie die 30- j\u00e4hrige PKW Fahrerin auf der Weinstra\u00dfe \u00fcbersehen hat. Durch den Zusammensto\u00df waren beide Fahrzeuge nicht mehr fahrbereit und mussten abgeschleppt werden. Es entstand vermutlich ein Sachschaden von ca. 7000EUR. Verletzt wurde gl\u00fccklicherweise niemand. Durch den Unfall kam es zu leichten Verkehrsbehinderungen auf der Weinstra\u00dfe.<\/p>\n\n\n\n<h2 class=\"wp-block-heading\">(Bad Bergzabern) &#8211; Berauscht zur Polizei gefahren<\/h2>\n\n\n\n<p>Am 23.11.2021, gegen 13:00Uhr fuhr der 56-j\u00e4hrige mit seinem Roller zur Polizei um dort eine Anzeige zu erstatten. W\u00e4hrend der Anzeigenaufnahme konnten bei ihm typische Auff\u00e4lligkeiten festgestellt werden, welche auf eine Verkehrsuntauglichkeit hindeuten. Darauf angesprochen r\u00e4umte er selbst die Einnahme von Medikamenten ein. Ihm wurde eine Blutprobe entnommen und sein F\u00fchrerschein sichergestellt.<\/p>\n\n\n\n<h2 class=\"wp-block-heading\">(Landau) &#8211; Vandalismus in Landau<\/h2>\n\n\n\n<h3 class=\"wp-block-heading\"><a href=\"https:\/\/www.facebook.com\/sharer.php?u=https%3A%2F%2Fwww.presseportal.de%2Fblaulicht%2Fpm%2F117686%2F5080953%2F%3Futm_source%3Dfacebook%26utm_medium%3Dsocial\"><\/a><a href=\"https:\/\/twitter.com\/intent\/tweet?text=POL-PDLD%3A%20Gemeinsame%20Presseerkl%C3%A4rung%20der%20Staatsanwaltschaft%20Landau%20und%20der%20Polizeiinspektion%20Landau%20-%20Vandalismus%20in%20Landau&amp;url=https%3A%2F%2Fwww.presseportal.de%2Fblaulicht%2Fpm%2F117686%2F5080953%2F%3Futm_source%3Dtwitter%26utm_medium%3Dsocial&amp;hashtags=ots&amp;lang=de\"><\/a><a href=\"https:\/\/web.whatsapp.com\/send?text=POL-PDLD%3A%20Gemeinsame%20Presseerkl%C3%A4rung%20der%20Staatsanwaltschaft%20Landau%20und%20der%20Polizeiinspektion%20Landau%20-%20Vandalismus%20in%20Landau%0A%0Ahttps%3A%2F%2Fwww.presseportal.de%2Fblaulicht%2Fpm%2F117686%2F5080953%2F%3Futm_source%3Dwhatsapp%26utm_medium%3Dsocial\"><\/a><a href=\"https:\/\/www.xing.com\/app\/user?op=share;url=https%3A%2F%2Fwww.presseportal.de%2Fblaulicht%2Fpm%2F117686%2F5080953%2F%3Futm_source%3Dxing%26utm_medium%3Dsocial\"><\/a><a href=\"http:\/\/www.linkedin.com\/shareArticle?mini=true&amp;url=https%3A%2F%2Fwww.presseportal.de%2Fblaulicht%2Fpm%2F117686%2F5080953%2F%3Futm_source%3Dlinkedin%26utm_medium%3Dsocial&amp;title=POL-PDLD%3A+Gemeinsame+Presseerkl%C3%A4rung+der+Staatsanwaltschaft+Landau+und+der+Polizeiinspektion+Landau+-+Vandalismus+in+Landau\"><\/a><a href=\"mailto:?subject=POL-PDLD%3A%20Gemeinsame%20Presseerkl%C3%A4rung%20der%20Staatsanwaltschaft%20Landau%20und%20der%20Polizeiinspektion%20Landau%20-%20Vandalismus%20in%20Landau&amp;body=https:\/\/www.presseportal.de\/blaulicht\/pm\/117686\/5080953\"><\/a>Gemeinsame Presseerkl\u00e4rung der Staatsanwaltschaft Landau und der Polizeiinspektion Landau<\/h3>\n\n\n\n<div class=\"wp-block-image\"><figure class=\"aligncenter size-large\"><img decoding=\"async\" loading=\"lazy\" width=\"500\" height=\"630\" src=\"https:\/\/speyer24news.com\/wp-content\/uploads\/2021\/11\/Vandalismus-Landau.jpg\" alt=\"\" class=\"wp-image-42660\" srcset=\"https:\/\/speyer24news.com\/wp-content\/uploads\/2021\/11\/Vandalismus-Landau.jpg 500w, https:\/\/speyer24news.com\/wp-content\/uploads\/2021\/11\/Vandalismus-Landau-238x300.jpg 238w\" sizes=\"(max-width: 500px) 100vw, 500px\" \/><\/figure><\/div>\n\n\n\n<p>Einen Sachschaden von circa 20.000 Euro verursachten vermutlich sechs junge M\u00e4nner in der Nacht vom 13.11.2021 auf den 14.11.2021 in Landau, als sie mehrere Fahrzeuge, Blumenk\u00fcbel und Verkehrszeichen besch\u00e4digten (siehe Pressemitteilungen vom 14. und 15.11.2021). Im Rahmen umfangreicher Ermittlungen hat sich ein Anfangsverdacht gegen f\u00fcnf junge M\u00e4nner im Alter von 18 und 19 Jahren ergeben. Bei diesen wurden am Dienstagmorgen Wohnungsdurchsuchungen durchgef\u00fchrt und Beweismaterial sichergestellt, das nun ausgewertet wird. Die Ermittlungen dauern an.<\/p>\n\n\n\n<h2 class=\"wp-block-heading\">(Landau) &#8211; Dreister Diebstahl eines Graupapageien aus Landauer Zoo<\/h2>\n\n\n\n<div class=\"wp-block-image\"><figure class=\"aligncenter size-large\"><img decoding=\"async\" loading=\"lazy\" width=\"500\" height=\"667\" src=\"https:\/\/speyer24news.com\/wp-content\/uploads\/2021\/11\/Graupapagei.jpg\" alt=\"\" class=\"wp-image-42607\" srcset=\"https:\/\/speyer24news.com\/wp-content\/uploads\/2021\/11\/Graupapagei.jpg 500w, https:\/\/speyer24news.com\/wp-content\/uploads\/2021\/11\/Graupapagei-225x300.jpg 225w\" sizes=\"(max-width: 500px) 100vw, 500px\" \/><\/figure><\/div>\n\n\n\n<p>Am Sonntag, 21 November, in der Zeit zwischen 10:00 bis 16:00 Uhr, entwendeten Unbekannte durch gewaltsames \u00d6ffnen einer Voliere einen Kongo-Graupapageien aus dem Landauer Zoo. Das Fehlen des Vogels hat eine Tierpflegerin bei ihrem nachmitt\u00e4glichen Kontrollgang in dem ausschlie\u00dflich f\u00fcr Zoobedienstete zug\u00e4nglichen Bereich bemerkt. Das weibliche Tier wird als sehr menschenorientiert und zahm beschrieben, was dem dreisten Dieb in die H\u00e4nde gespielt haben d\u00fcrfte. Durch einen Mikrochip ist der Papagei individuell gekennzeichnet. Kongo-Graupapageien geh\u00f6ren zu den streng gesch\u00fctzten Tierarten, Besitz und Weitergabe sind nur mit entsprechenden Herkunftsnachweisen legal und m\u00f6glich. Die Kriminalinspektion Landau hat die Ermittlungen aufgenommen und bittet um Hinweise unter 06341\/2870 oder\u00a0<a href=\"mailto:kilandau@polizei.rlp.de\">kilandau@polizei.rlp.de<\/a>.<\/p>\n\n\n\n<h4 class=\"wp-block-heading\"><strong>Anmerkung der Redaktion:<\/strong> Lesen sie hierzu auch den Artikel des Zoo`s Landau unter <a href=\"https:\/\/l.facebook.com\/l.php?u=https%3A%2F%2Fspeyer24news.com%2F%3Fp%3D42606%26fbclid%3DIwAR19uAcOCt8hl2ZeM86x0Tpy_qz7kr0SwIzwDI9YcOJK7ON2Yz_oSX_lId8&amp;h=AT2rh3lnKYWHRlm_Tf99gBHk4SLBoRMX1j4o1oviPlWyZVyyY6uaS-SsHNycnHyW7SigfQg0koXW27HzIeRrxcGzDWn2hAOsnf6CY6MZxjy7eudiZH_smV-QYL4Yy2AmlAfacE929K4XH0C8Oq7Z&amp;__tn__=-UK-R&amp;c[0]=AT0PBG0ZJpbSop9hmFAT8rQ8y6lZCYs6LWseYxkPDgtJawlnqR5Z-jMRnR8Kj7mEiE5jjJrWke8qrEqDrBgLGkeNHBp69D5_X42jEDz4P-HPPiN5AB3IjoaQ1V5ZQBkGbgHX5oe9agLclqjjxiVgsm0fRP1cQ8Ll7Iuva_4K8II-glxsHnktwXHyqEAYkr_pC7jiM82FknTriEIEBx6Evg\" rel=\"noreferrer noopener\" target=\"_blank\">https:\/\/speyer24news.com\/?p=42606<\/a><\/h4>\n\n\n\n<h2 class=\"wp-block-heading\">(Landau) &#8211; Einbruch in Lebensmittelhandel<\/h2>\n\n\n\n<p>Am Freitag, dem 19.11.2021, gegen 21:00 Uhr, brachen Unbekannte in das Firmengeb\u00e4ude eines Lebensmittelgro\u00dfhandels in der Albert-Einstein-Stra\u00dfe in Landau ein. Die beiden m\u00e4nnlichen T\u00e4ter hebelten im r\u00fcckw\u00e4rtigen Bereich ein Fenster auf, gelangten so in das Innere des Firmenanwesens und entwendeten einen massiven Tresor. Die genaue Schadensh\u00f6he kann zum derzeitigen Ermittlungsstand noch nicht beziffert werden. Die Kriminalinspektion Landau hat die Ermittlungen aufgenommen und bittet um Hinweise unter 06341\/2870 oder&nbsp;<a href=\"mailto:kilandau@polizei.rlp.de\">kilandau@polizei.rlp.de<\/a>.<\/p>\n\n\n\n<h2 class=\"wp-block-heading\">(Hochstadt \/ Essingen) &#8211; Geschwindigkeitskontrollen<\/h2>\n\n\n\n<p>Am Montag wurden in der Neustadter Stra\u00dfe in Hochstadt und in der Kirchstra\u00dfe in Essingen Geschwindigkeitskontrollen durchgef\u00fchrt. In der Neustadter Stra\u00dfe wurden 50 Fahrzeuge gemessen, sieben davon waren zu schnell unterwegs. Der Spitzenreiter wurde mit einer Geschwindigkeit von 55 km\/h gemessen. Bei der Kontrolle in der Kirchstra\u00dfe waren drei der 25 gemessenen Fahrzeuge zu schnell unterwegs, der Schnellste war mit einer Geschwindigkeit von 44km\/h bei erlaubten 30 km\/h unterwegs.<\/p>\n\n\n\n<h2 class=\"wp-block-heading\">(Bad D\u00fcrkheim) &#8211; Versammlungen in Bad D\u00fcrkheim<\/h2>\n\n\n\n<p>Am Montagabend (22.11.2021) begann ab 18 Uhr auf dem Wurstmarktplatz eine Versammlung &#8222;Miteinander reden, gemeinsam Wege finden&#8220; mit rund 200 Teilnehmenden.<\/p>\n\n\n\n<p>Eine Rednerin missachtete die bei der Versammlung auferlegte Maskenpflicht. Als die Versammlungsleiterin auf den Versto\u00df hingewiesen und zur Einhaltung der Auflagen aufgefordert wurde, beendete diese von sich aus um 18:17 Uhr die Versammlung.<\/p>\n\n\n\n<p>Daraufhin riefen die Rednerin und eine 64-J\u00e4hrige zu einem Marsch durch die Stadt auf, an dem sich rund 150 Personen beteiligten. Noch auf dem Wurstmarktplatz wurde der Aufzug von Einsatzkr\u00e4ften gestoppt. Die Personalien der Rednerin sollten festgestellt werden. Dagegen wehrte sich diese und es kam es zu Widerstandshandlungen gegen die einschreitenden Polizeikr\u00e4fte. Da die Identit\u00e4tsfeststellung vor Ort wegen der aufgebrachten Menschenmenge nicht m\u00f6glich war, musste die Frau mit einem Polizeibus zur Polizeidienststelle gebracht werden. Dabei versuchten weitere Personen, die Frau gewaltsam zu befreien und schlugen massiv auf den Polizeibus ein. Nach Abschluss der Ma\u00dfnahmen konnte die 61-J\u00e4hrige die Polizeidienststelle wieder verlassen.<\/p>\n\n\n\n<p>An vier Einsatzfahrzeugen wurden unter anderem die Reifen besch\u00e4digt.<\/p>\n\n\n\n<p>Polizeikr\u00e4fte wurden nicht verletzt.<\/p>\n\n\n\n<p>Der Polizei wurden keine Verletzten bekannt.<\/p>\n\n\n\n<p>Neben mehreren Vergehen und Ordnungswidrigkeiten gegen das Versammlungsgesetz wurden Ermittlungen wegen Sachbesch\u00e4digung, Widerstand gegen Vollstreckungsbeamte, Gefangenenbefreiung und Landfriedensbruch aufgenommen.<\/p>\n\n\n\n<p>Zur Aufkl\u00e4rung der Straftaten und Ermittlung der Tatverd\u00e4chtigen wurde eine Ermittlungsgruppe eingerichtet.<\/p>\n\n\n\n<p>Bereits ab 17:30 Uhr fand ebenfalls auf dem Wurstmarktplatz eine Gegenversammlung des Aktionsb\u00fcndnisses f\u00fcr Toleranz und Vielfalt mit rund 60 Teilnehmenden statt, welche friedlich und ohne besondere Vorkommnisse verlief.<\/p>\n\n\n\n<h2 class=\"wp-block-heading\">(Wattenheim \/ Lochberg) &#8211; \u00d6ltank f\u00e4ngt Feuer<\/h2>\n\n\n\n<p>Bei Demontagearbeiten an einem \u00d6ltank in einem Anwesen am Lochberg kam es am 22.11.2021 zu einem Feuerwehreinsatz. Ein Verantwortlicher hatte einen Stahltank mit einer Flex aufgeschnitten, als sich eine Restmenge \u00d6l entz\u00fcndete. Die Feuerwehren Hettenleidelheim-Wattenheim, Tiefenthal und Carlsberg waren im Einsatz und konnten das Feuer rasch unter Kontrolle bringen. Es entstand weder Personen- noch Geb\u00e4udeschaden.<\/p>\n\n\n\n<h2 class=\"wp-block-heading\">(Maxdorf) &#8211; Unfallflucht \/ Geparkten PKW gestreift<\/h2>\n\n\n\n<p>Im Zeitraum 22.11.2021, 18:00 Uhr bis 23.11.2021, 11:30 Uhr kam es in der Jahnstra\u00dfe in Maxdorf zu einer Verkehrsunfallflucht. Der PKW des Gesch\u00e4digten war am rechten Fahrbahnrand geparkt. Der bisher unbekannte Unfallverursacher streifte wahrscheinlich beim Vorbeifahren den Au\u00dfenspiegel des geparkten PKW, so dass dieser einklappte und das Spiegelglas gegen die Fahrerscheibe schlug. Auch die Spiegelabdeckung wurde zerst\u00f6rt. Der Schaden liegt bei etwa 250EUR<\/p>\n\n\n\n<p>Zeugen werden gebeten, sich mit der Polizeiwache Maxdorf, 06237 \/ 934-1100, in Verbindung zu setzen.<\/p>\n\n\n\n<p>Die Polizei weist darauf hin, dass Unerlaubtes Entfernen vom Unfallort kein Kavaliersdelikt ist! Der fl\u00fcchtige Fahrer muss mit einer Geld- oder Freiheitsstrafe bis zu 3 Jahren und evtl. mit einem F\u00fchrerscheinentzug rechnen. Au\u00dferdem kann der Fl\u00fcchtige den Kaskoschutz seiner Kfz-Versicherung verlieren und von seiner Versicherung an der Begleichung des Fremdschadens beteiligt werden. Die Polizei r\u00e4t deshalb jeden Unfall zu melden.<\/p>\n\n\n\n<p>Wer sachdienliche Hinweise zu dem genannten Fall geben kann, wird gebeten sich mit der Polizeiwache Maxdorf unter der Rufnummer 06237 \/ 934-1100 oder der Polizeiinspektion Frankenthal unter der Rufnummer 06233 \/ 313-0 in Verbindung zu setzen. Hinweise k\u00f6nnen auch per E-Mail unter\u00a0<a href=\"mailto:pwmaxdorf@polizei.rlp.de\">pwmaxdorf@polizei.rlp.de<\/a>\u00a0\u00fcbermittelt werden.<\/p>\n\n\n\n<h2 class=\"wp-block-heading\">(Frankenthal) &#8211; Verkehrsunfall mit zwei leichtverletzten Personen<\/h2>\n\n\n\n<p>Am 23.11.2021, gegen 17.20 Uhr, befuhr ein 78-j\u00e4hriger Mann aus Frankenthal mit seinem Pkw die Benderstra\u00dfe in Richtung Foltzring. In H\u00f6he der Kreuzung zum Meergartenweg wurde ihm durch einen entgegenkommenden 22-j\u00e4hrigen Mann aus Ludwigshafen, welcher mit seinem Pkw in den Meergartenweg einbiegen wollte, die Vorfahrt genommen und es kam zum Zusammensto\u00df. Hierbei wurde der Pkw des 22-J\u00e4hrigen auf den hinter ihm fahrenden Pkw eines 40-j\u00e4hrigen Mannes geschoben. Alle drei Fahrzeuge waren durch den Unfall nicht mehr fahrbereit und mussten abgeschleppt werden. Es entstand ein gesch\u00e4tzter Gesamtschaden von etwa 40.000 Euro. Der 78-j\u00e4hrige Mann und seine gleichaltrige Beifahrerin wurden zur \u00dcberpr\u00fcfung ihrer Verletzungen durch den Rettungsdienst in ein Krankenhaus verbracht.<\/p>\n\n\n\n<p>Zeugen werden gebeten sich an die Polizeiinspektion Frankenthal unter der Tel.-Nr.: 06233\/313-0 oder an die Polizeiwache Maxdorf unter der Tel.-Nr.: 06237\/934-1100 zu wenden. Gerne nehmen wir Ihre Hinweise auch per E-Mail unter\u00a0<a href=\"mailto:pifrankenthal@polizei.rlp.de\">pifrankenthal@polizei.rlp.de<\/a>\u00a0entgegen.<\/p>\n\n\n\n<h2 class=\"wp-block-heading\">(Frankenthal) &#8211; Verkehrsunfallflucht<\/h2>\n\n\n\n<p>Am 23.11.2021, gegen 16.00 Uhr, befuhr ein Mann mit seinem Krankenfahrstuhl den Gehweg in der Hanns-Fay-Stra\u00dfe. Etwa in H\u00f6he der Hausnummer 5 touchierte er zun\u00e4chst ein etwa 5-j\u00e4hriges M\u00e4dchen, welches den Gehweg mutma\u00dflich in Begleitung ihrer Mutter benutzte, sodass dieses zu Boden st\u00fcrzte, hiernach touchierte er noch einen am Stra\u00dfenrand abgestellten Pkw Hyundai, an welchem ein gesch\u00e4tzter Schaden von etwa 750 Euro entstand. Hiernach entfernte er sich unerlaubt von der Unfallstelle. Durch zwei Zeugen konnte der Unfall beobachtet werden, diese halfen zun\u00e4chst dem M\u00e4dchen wieder auf die Beine, hiernach entfernte sich dieses mit seiner Begleitung ebenfalls von der Unfallstelle. In diesem Zusammenhang sucht die Polizei Frankenthal nach dem gesch\u00e4digten etwa 5-J\u00e4hrigen M\u00e4dchen und der weiblichen Begleitung, mutma\u00dflich die Mutter des M\u00e4dchens.<\/p>\n\n\n\n<p>Zeugen werden gebeten sich an die Polizeiinspektion Frankenthal unter der Tel.-Nr.: 06233\/313-0 oder an die Polizeiwache Maxdorf unter der Tel.-Nr.: 06237\/934-1100 zu wenden. Gerne nehmen wir Ihre Hinweise auch per E-Mail unter&nbsp;<a href=\"mailto:pifrankenthal@polizei.rlp.de\">pifrankenthal@polizei.rlp.de<\/a>&nbsp;entgegen.<\/p>\n\n\n\n<h2 class=\"wp-block-heading\">(Frankenthal) &#8211; Schwerer Verkehrsunfall zwischen Fu\u00dfg\u00e4ngerin und LKW<\/h2>\n\n\n\n<div class=\"wp-block-image\"><figure class=\"aligncenter size-large\"><img decoding=\"async\" loading=\"lazy\" width=\"800\" height=\"524\" src=\"https:\/\/speyer24news.com\/wp-content\/uploads\/2021\/11\/20211123_Verkehrsunfall_WormserStrasse_Internet_pressefrei.jpg\" alt=\"\" class=\"wp-image-42661\" srcset=\"https:\/\/speyer24news.com\/wp-content\/uploads\/2021\/11\/20211123_Verkehrsunfall_WormserStrasse_Internet_pressefrei.jpg 800w, https:\/\/speyer24news.com\/wp-content\/uploads\/2021\/11\/20211123_Verkehrsunfall_WormserStrasse_Internet_pressefrei-300x197.jpg 300w, https:\/\/speyer24news.com\/wp-content\/uploads\/2021\/11\/20211123_Verkehrsunfall_WormserStrasse_Internet_pressefrei-768x503.jpg 768w\" sizes=\"(max-width: 800px) 100vw, 800px\" \/><\/figure><\/div>\n\n\n\n<p>Eine 83-j\u00e4hrige Frankenthalerin wurde am Dienstagnachmittag gegen 15:30 Uhr bei der Kollision mit einem LKW schwer verletzt. Die \u00e4ltere Dame war als Fu\u00dfg\u00e4ngerin auf dem Gehweg in der Wormser Stra\u00dfe in Rtg. Nordbr\u00fccke unterwegs, als sie von einem LKW (Gliederzug), welcher vom Parkplatz eines dortigen Discountmarktes auf die Wormser Stra\u00dfe einfahren wollte, angefahren wurde. Die Dame wurde durch zuf\u00e4llig vorbeikommende Kr\u00e4fte einer Frankenthaler Hilfsorganisation bis zum Eintreffen des Rettungswagens und des Notarztes vom Rettungshubschraubers bereits erstversorgt und anschlie\u00dfend in ein Krankenhaus verbracht. Der 32-j\u00e4hrige LKW-Fahrer erlitt einen Schock. F\u00fcr die Unfallaufnahme wurde in Absprache mit der Staatsanwaltschaft Frankenthal ein Sachverst\u00e4ndiger hinzugezogen. Die Wormser Stra\u00dfe war bis ca. 19:30 Uhr zwischen der Nordbr\u00fccke (Nordring) und Eisenbahnstra\u00dfe (Einfahrt zu einem dortigen Baumarkt) voll gesperrt.<\/p>\n\n\n\n<p>Zeugen werden gebeten sich an die Polizeiinspektion Frankenthal unter der Tel.-Nr.: 06233\/313-0 oder an die Polizeiwache Maxdorf unter der Tel.-Nr.: 06237\/934-1100 zu wenden. Gerne nehmen wir Ihre Hinweise auch per E-Mail unter\u00a0<a href=\"mailto:pifrankenthal@polizei.rlp.de\">pifrankenthal@polizei.rlp.de<\/a>\u00a0entgegen.<\/p>\n\n\n\n<h2 class=\"wp-block-heading\">(Ludwigshafen) &#8211; Zusammensto\u00df zwischen E-Bike Fahrer und Fu\u00dfg\u00e4ngerin<\/h2>\n\n\n\n<p>Am 22.11.2021, gegen 18:45 Uhr, fuhr ein 60-J\u00e4hriger mit seinem E-Bike auf der Hochfeldstra\u00dfe. An der Kreuzung Hochfeldstra\u00dfe \/ Maudacher Stra\u00dfe verlie\u00df er den Radweg vor der Ampel und bog auf dem Fu\u00dfg\u00e4ngerweg nach rechts in die Maudacher Stra\u00dfe ab. Aufgrund eines dichten Geb\u00fcsches sah er die dahinter gehende 71-j\u00e4hrige Fu\u00dfg\u00e4ngerin sehr sp\u00e4t. Er konnte zwar noch bremsen, st\u00fcrzte daraufhin allerdings \u00fcber seinen Lenker und riss dabei riss die 71-J\u00e4hrige mit zu Boden. Sie verletzte sich und wurde ins Krankenhaus gebracht.<\/p>\n\n\n\n<h2 class=\"wp-block-heading\">(Ludwigshafen) &#8211; Mehrere Anrufe von falschen Polizeibeamtinnen \/ Ludwigshafener Seniorinnen und Senioren haben alle vorbildlich reagiert<\/h2>\n\n\n\n<p>Am 22.11.2021 wurden der Polizei von Ludwigshafener Seniorinnen und Senioren f\u00fcnf Anrufe von falschen Polizeibeamtinnen gemeldet in der Zeit zwischen 13:30 Uhr und 18:00 Uhr.<\/p>\n\n\n\n<p>Bei einer 77-J\u00e4hrigen rief eine unbekannte Frau an, die sich mit &#8222;Oberkommissarin&#8220; vorstellte und fragte, ob alles in Ordnung sei. Als die Seniorin nachfragte, was die Anruferin genau wolle, beendete diese das Gespr\u00e4ch.<\/p>\n\n\n\n<p>Bei einem 65-J\u00e4hrigen gab sich eine Anruferin als Polizistin aus Mannheim aus. Sie erz\u00e4hlte, dass es in der Nachbarschaft zu einem Einbruch gekommen sei, bei dem eine Frau verletzt und 20.000 Euro gestohlen worden seien. Daraufhin l\u00f6cherte der 65-J\u00e4hrige die Anruferin derma\u00dfen mit Fragen, dass diese das Telefonat letztendlich beendete.<\/p>\n\n\n\n<p>Bei einer 81-J\u00e4hrigen stellte sich eine Anruferin ebenfalls als Polizistin aus Mannheim vor und fragte sie, ob sie mitbekommen h\u00e4tte, dass in der Nachbarschaft eingebrochen worden sei. Als die Seniorin dies verneinte und erkl\u00e4rte, dass sie in so einem Falle sofort die Polizei rufen w\u00fcrde, beendete die Anruferin das Telefonat.<\/p>\n\n\n\n<p>Bei einem 89-J\u00e4hrigen meldete sich die Anruferin mit &#8222;Kriminalpolizei&#8220;. Sie erkl\u00e4rte, dass es in seiner Stra\u00dfe zu einem Einbruch gekommen sei und fragte ihn, ob er Bargeld oder M\u00fcnzen zu Hause habe und ob sie bei ihm vorbeikommen k\u00f6nne, um sich seine Wertsachen anzuschauen. Daraufhin beendet der Senior vorbildlich das Telefonat.<\/p>\n\n\n\n<p>Bei einer 77-J\u00e4hrigen gab die Anruferin an, von der Polizei in Ludwigshafen zu sein. Sie erz\u00e4hlte, dass die Polizei vor kurzem zwei Verbrecher in Ludwigshafen festgenommen habe und zwei weitere T\u00e4ter noch fl\u00fcchtig seien. In diesem Zusammenhang fragte die Anruferin die Seniorin, ob diese ihre Fenster und T\u00fcren verschlossen habe. Dies bejahte die 77-J\u00e4hrige, aber da ihr der Anruf seltsam vorkam, erkundigte sie sich, ob es sich bei der Anruferin tats\u00e4chlich um eine Polizeibeamtin handelte. Daraufhin best\u00e4tigte die Anruferin dies und sagte, dass die Seniorin gerne die 110 w\u00e4hlen k\u00f6nne, wenn sie ihr nicht glaube. Dies tat die Seniorin dann auch, nachdem sie vorbildlich das Telefonat mit der falschen Polizeibeamtin beendet hatte.<\/p>\n\n\n\n<p>Ob es sich bei den f\u00fcnf Anruferinnen um die gleiche Anruferin handelte, steht nicht fest.<\/p>\n\n\n\n<p>Die Polizei weist darauf hin, bei solchen Anrufen von angeblichen Polizeibeamten oder Kriminalbeamten keine Ausk\u00fcnfte am Telefon zu erteilen und niemandem Gegenst\u00e4nde zu \u00fcbergeben. Die Polizei wird sich niemals am Telefon nach Wertgegenst\u00e4nden, Geld oder Aufbewahrungsorte erkundigen. Sollten Sie einen solchen Anruf erhalten, beenden sie das Gespr\u00e4ch. Lassen Sie sich nicht einsch\u00fcchtern. Rufen Sie anschlie\u00dfend Ihre Polizeidienststelle oder die 110 an und erstatten Sie Anzeige.<\/p>\n\n\n\n<h2 class=\"wp-block-heading\">(Ludwigshafen) &#8211; Mit dem Auto in den Graben gefahren und abgehauen \/ Zeugen gesucht<\/h2>\n\n\n\n<p>Zeugen meldeten Montagmorgen, dass im sogenannten &#8222;Affengraben&#8220; neben der Fu\u00dfg\u00f6nnheimer Stra\u00dfe ein Auto liegt. Personen waren nicht dabei.<\/p>\n\n\n\n<p>Nach ersten Ermittlungen kam in der Nacht von Sonntag (21.11.2021) auf Montag (22.11.2021) zwischen 0 und 7:45 Uhr eine unbekannte Person mit dem roten Honda Civic am Ortseingang von Ruchheim von der Fu\u00dfg\u00f6nnheimer Stra\u00dfe ab, fuhr \u00fcber den dortigen Acker und landete im &#8222;Affengraben&#8220;. An dem Pkw l\u00f6sten sowohl der Fahrer- als auch der Beifahrerairbag aus.<\/p>\n\n\n\n<p>An dem Auto entstand wirtschaftlicher Totalschaden (gesch\u00e4tzt ca. 6.000 Euro). Es war nicht mehr fahrbereit und musste abgeschleppt werden.<\/p>\n\n\n\n<p>Die Polizei sucht nun die Person, die den roten Honda Civic zum Unfallzeitpunkt gefahren hat.<\/p>\n\n\n\n<p>Sachdienliche Hinweise bitte an die Polizeiwache Oggersheim unter Tel. 0621 963 &#8211; 2403 oder per E-Mail&nbsp;<a href=\"mailto:pwoggersheim@polizei.rlp.de\">pwoggersheim@polizei.rlp.de<\/a>&nbsp;.<\/p>\n\n\n\n<h2 class=\"wp-block-heading\">(Ludwigshafen) -Einbr\u00fcche in Kleingartenanlage<\/h2>\n\n\n\n<p>In der Nacht vom 21.11.2021 auf den 22.11.2021, brachen unbekannte T\u00e4ter in mehrere Kleing\u00e4rten des Kleingartenvereins Bastenhorstweg ein. Sie hebelten mehrere Gartenh\u00e4user und Ger\u00e4teschuppen auf. Was genau gestohlen wurde und wie hoch die Schadenssumme ist, steht derzeit noch nicht fest.<\/p>\n\n\n\n<p>Wer etwas gesehen hat und Hinweise auf die T\u00e4ter geben kann, wird gebeten, sich bei der Polizeiinspektion Ludwigshafen 2, Telefonnummer 0621 963-2222 oder per E-Mail\u00a0<a href=\"mailto:piludwigshafen2@polizei.rlp.de\">piludwigshafen2@polizei.rlp.de<\/a>\u00a0zu melden.<\/p>\n\n\n\n<h2 class=\"wp-block-heading\">(Mannheim-Innenstadt) &#8211; Verkehrsunfall mit Stra\u00dfenbahn \/ Ein Fahrgast verletzt &#8211; Verursacher gefl\u00fcchtet &#8211; Polizei sucht Zeugen<\/h2>\n\n\n\n<p>Bei einem Verkehrsunfall mit einer Stra\u00dfenbahn am Montagabend in der Mannheimer Innenstadt wurde ein Fahrgast leicht verletzt. Eine Stra\u00dfenbahn der Linie 3 befuhr kurz vor 19 Uhr die Fu\u00dfg\u00e4ngerzone &#8222;Breite Stra\u00dfe&#8220; in Richtung Kurpfalzbr\u00fccke. Beim Einfahren in die Haltestelle &#8222;Abendakademie&#8220; querte ein Fu\u00dfg\u00e4nger so knapp vor dem Stra\u00dfenbahnzug die Gleise, dass der Fahrer eine Gefahrenbremsung durchf\u00fchren musste, um einen Zusammensto\u00df zu verhindern. Hierdurch st\u00fcrzte jedoch ein Fahrgast der Bahn und zog sich leichte Verletzungen zu. Der Fu\u00dfg\u00e4nger setzte seinen Weg anschlie\u00dfend fort.<\/p>\n\n\n\n<h4 class=\"wp-block-heading\">Der Fu\u00dfg\u00e4nger wird wie folgt beschrieben:<\/h4>\n\n\n\n<ul><li><strong>M\u00e4nnliche Person<\/strong><\/li><li><strong>Dunkle kurze Haare<\/strong><\/li><li><strong>Trug eine schwarze Maske unter dem Kinn<\/strong><\/li><li><strong>Bekleidet mit schwarzer Hose<\/strong><\/li><li><strong>Trug eine beigefarbene Jacke mit wei\u00dfem Fellkragen<\/strong><\/li><li><strong>Trug wei\u00dfe Turnschuhe<\/strong><\/li><\/ul>\n\n\n\n<p>Zeugen, die den Unfall beobachtet haben und sachdienliche Hinweise zum unfallverursachenden Fu\u00dfg\u00e4nger geben k\u00f6nnen, werden gebeten, sich bei der Verkehrspolizei Mannheim, Tel.: 0621\/174-4222 zu melden.<\/p>\n\n\n\n<h2 class=\"wp-block-heading\">(Mannheim-Innenstadt) &#8211; Auffahrunfall mit zwei leicht verletzten Personen<\/h2>\n\n\n\n<p>Zu einem Verkehrsunfall kam es am Montag gegen 12 Uhr auf der Stra\u00dfe zwischen den Quadraten K2 und K3. Ein 46-J\u00e4hriger Seat-Fahrer war auf der Stra\u00dfe in Fahrtrichtung Luisenring unterwegs, als sich der Verkehr staute. In Folge dessen fuhr der Mann einer 42-J\u00e4hrigen Nissan-Fahrerin auf. Die Frau, sowie ihre Beifahrerin wurden bei dem Unfall leicht verletzt. Beide Fahrzeuge waren trotz des Unfalls noch fahrbereit, der Sachschaden betr\u00e4gt rund 3.000 EUR.<\/p>\n\n\n\n<h2 class=\"wp-block-heading\">(Mannheim-Herzogenried) &#8211; Autofahrer kollidiert mit Radfahrer und haut ab \/ Radfahrer leicht verletzt &#8211; Zeugen gesucht<\/h2>\n\n\n\n<p>Bei einem Verkehrsunfall am Montagnachmittag zwischen einem Auto und einem Radfahrer wurde ein 22-j\u00e4hriger Fahrradfahrer leicht verletzt. Der Unfallverursacher entfernte sich von der Unfallstelle. Der Unbekannte wollte aus der verkehrsberuhigten Stra\u00dfe &#8222;Am Schulgarten&#8220; auf die Herzogenriedstra\u00dfe einfahren. Dabei \u00fcbersah er den 22-J\u00e4hrigen, der mit seinem Fahrrad auf dem entlang der Herzogenriedstra\u00dfe verlaufenden Radweg in Richtung Waldhofstra\u00dfe unterwegs war. Der Radler schlug zun\u00e4chst mit dem Kopf auf der Motorhaube des Fahrzeugs auf und st\u00fcrzte anschlie\u00dfend zu Boden. Dabei zog er sich leichte Verletzungen am Kopf und Bein zu. Der Unbekannte fragte kurz, ob alles in Ordnung sei und setzte anschlie\u00dfend seine Fahrt fort, ohne sich weiter um den Verletzten zu k\u00fcmmern. Nach Auskunft eines Zeugen handelte es sich bei dem Unfallverursacher um einen Mercedes-A-Klasse-Fahrer, der noch zweimal die Unfallstelle passierte, ohne jedoch anzuhalten.<\/p>\n\n\n\n<p>Der 22-J\u00e4hrige wurde zur Behandlung seiner Verletzungen in ein Krankenhaus eingeliefert.<\/p>\n\n\n\n<p>Zeugen, die sachdienliche Hinweise zum fl\u00fcchtigen Fahrzeug und dessen Fahrer geben k\u00f6nnen, werden gebeten, sich bei der Verkehrspolizei Mannheim, Tel.: 0621\/174-4222 zu melden.<\/p>\n\n\n\n<h2 class=\"wp-block-heading\">(Mannheim-Schwetzingerstadt) &#8211; Unfall zwischen E-Scooter und Fu\u00dfg\u00e4nger \/ Zeugen gesucht<\/h2>\n\n\n\n<p>Am Montag um 13:30 Uhr kam es in der Seckenheimer Stra\u00dfe auf H\u00f6he der Einm\u00fcndung Bachstra\u00dfe zu einem Verkehrsunfall, bei dem ein 57-j\u00e4hriger Fu\u00dfg\u00e4nger leicht verletzt wurde. Zwei bisher unbekannte M\u00e4nner fuhren gemeinsam mit einem E-Scooter auf dem Gehweg und \u00fcbersahen den Fu\u00dfg\u00e4nger, wodurch es zum Zusammensto\u00df kam. In der Folge st\u00fcrzte der Fu\u00dfg\u00e4nger zu Boden und verletzte sich leicht. Die Unbekannten auf dem E-Scooter verlie\u00dfen nach einem verbalen Streit mit dem 57-J\u00e4hrigen die Unfallstelle. <\/p>\n\n\n\n<h4 class=\"wp-block-heading\">Die M\u00e4nner werden wie folgt beschrieben: <\/h4>\n\n\n\n<ul><li><strong>Beide zwischen 18 und 22 Jahre, ungef\u00e4hr 180 cm gro\u00df, dunkle Haare und Bart. <\/strong><\/li><li><strong>Einer der M\u00e4nner trug eine blau\/wei\u00df\/rote Jacke und hatte ein Paket unter den Arm geklemmt. <\/strong><\/li><\/ul>\n\n\n\n<p>Zeugen, welche den Unfall beobachtet haben oder Hinweise auf die E-Scooter-Fahrer geben k\u00f6nnen, werden gebeten, sich beim Polizeirevier Mannheim-Oststadt unter 0621\/174-3310 telefonisch zu melden.<\/p>\n\n\n\n<h2 class=\"wp-block-heading\">(Mannheim-Neckarstadt) &#8211; Unfall zwischen Auto und Stra\u00dfenbahn<\/h2>\n\n\n\n<p>Ein Verkehrsunfall zwischen einem Auto und einer Stra\u00dfenbahn ereignete sich am Montagabend im Stadtteil Neckarstadt. Ein 44-j\u00e4hriger Mann war kurz vor Mitternacht mit seinem Taxi in der K\u00e4fertaler Stra\u00dfe von der R\u00f6ntgenstra\u00dfe kommend stadteinw\u00e4rts unterwegs. Beim Einbiegen in die Friedrich-Ebert-Stra\u00dfe verwechselte er die Fahrstreifen und geriet in den Gegenverkehr. Hierbei stie\u00df er mit einer Stra\u00dfenbahn zusammen, die ebenfalls gerade in die Kreuzung eingefahren war. Verletzt wurde niemand. Es entstand Sachschaden in H\u00f6he von fast 10.000 Euro.<\/p>\n\n\n\n<h2 class=\"wp-block-heading\">(Mannheim-Neckarstadt) &#8211; Verkehrsunfall \/ PKW liegt auf dem Dach<\/h2>\n\n\n\n<h3 class=\"has-text-align-center wp-block-heading\">Pressemitteilung Nr. 2<\/h3>\n\n\n\n<p>Der Mercedes-Fahrer befuhr am Montag gegen 12 Uhr die Eisenlohrstra\u00dfe in Fahrtrichtung stadtausw\u00e4rts. An einer dortigen Fahrbahnverengung fuhr er aus bislang nicht bekannten Gr\u00fcnden auf eine Fahrbahnbegrenzung auf und verlor folglich die Kontrolle \u00fcber seinen Wagen. Der PKW \u00fcberschlug sich daraufhin und blieb wenige Meter weiter auf dem Dach liegen. Der Unfallverursacher konnte sich selbstst\u00e4ndig aus seinem Fahrzeug befreien. Er blieb gl\u00fccklicherweise unverletzt. Die H\u00f6he des Sachschadens ist derzeit noch nicht bekannt. Der Verkehr wurde zeitweise umgeleitet. Da zudem Betriebsstoffe ausgelaufen waren, wurde die Feuerwehr verst\u00e4ndigt. Die Fahrbahn konnte nach Beendigung der polizeilichen Ma\u00dfnahmen gegen 14:15 Uhr wieder freigegeben werden.<\/p>\n\n\n\n<h2 class=\"wp-block-heading\">(Mannheim-Gartenstadt) &#8211; LKW besch\u00e4digt zwei Fahrzeuge \/ 6.500 EUR Schaden<\/h2>\n\n\n\n<p>Am Montag wurden gegen 15:50 in der Karlsternstra\u00dfe zwei Autos besch\u00e4digt. Ein 47-J\u00e4hriger LKW-Fahrer befuhr die Karlsternstra\u00dfe in Fahrtrichtung Karlstern. Auf H\u00f6he der Waldschule \u00f6ffnete sich am Aufbau des LKWs ein Seitenteil. Dieses stie\u00df beim Vorbeifahren an einen KIA und einen Golf und besch\u00e4digte diese. Der Sachschaden betr\u00e4gt rund 6.500 EUR.<\/p>\n\n\n\n<h2 class=\"wp-block-heading\">(Mannheim-Almenhof) &#8211; Vorfahrt missachtet, Fahrradfahrer verletzt<\/h2>\n\n\n\n<p>Am Montagnachmittag kam es im Kreuzungsbereich der Neckarauer und der Paul-Wittsack-Stra\u00dfe zu einem Unfall zwischen einem Fahrrad- und einem Autofahrer. Der 20-j\u00e4hrige Fahrer eines Nissan \u00fcbersah dabei beim Anfahren gegen 13:40 Uhr einen 22-J\u00e4hrigen der auf dem Fahrradweg der Neckarauer Stra\u00dfe fuhr. Bei der sofort eingeleiteten Bremsung des Zweirradfahrers fiel dieser dabei \u00fcber die Lenkstange auf den Boden, w\u00e4hrend sein Fahrrad gegen den Nissan prallte. Neben geringen Sachschaden, verletzte sich der 22-J\u00e4hrige bei dem Sturz leicht. Das Polizeirevier Mannheim-Neckarau hat die Unfallermittlungen gegen den Autofahrer aufgenommen.<\/p>\n\n\n\n<h2 class=\"wp-block-heading\">(Mannheim-K\u00e4fertal) &#8211; Frontalzusammensto\u00df auf Weinheimer Stra\u00dfe<\/h2>\n\n\n\n<h3 class=\"has-text-align-center wp-block-heading\">Korrektur<\/h3>\n\n\n\n<p>Am Montagabend kam es in der Weinheimer Stra\u00dfe zu einem Frontalzusammensto\u00df, dabei wurde eine Person verletzt. Ein 26-j\u00e4hriger Renault-Fahrer fuhr gegen 19:45 Uhr von der Mannheimer Stra\u00dfe kommend auf der Weinheimer Stra\u00dfe als er aus bislang ungekl\u00e4rter Ursache nach links auf die entgegensetzte Fahrbahn abkam. Dabei kollidierte er mit einem entgegenkommenden Audi. Der Renault wurde durch die Wucht des Aufpralls nach rechts von der Fahrbahn abgewiesen und stie\u00df dabei frontal gegen eine Stra\u00dfenlaterne. Der 26-j\u00e4hrige Verursacher, der bei dem Unfall verletzt wurde, kam zur Behandlung in ein Krankenhaus. Beide Fahrzeuge mussten abgeschleppt werden.Der entstandene Sachschaden kann derzeit nicht beziffert werden. W\u00e4hrend der Unfallaufnahme sowie der anschlie\u00dfenden Bergungs- und Reinigungsarbeiten musste die Stra\u00dfe teilweise von den Beamten des Polizeireviers Mannheim-K\u00e4fertal gesperrt werden.<\/p>\n\n\n\n<h2 class=\"wp-block-heading\">(Heidelberg-Handschuhsheim) &#8211; Fu\u00dfg\u00e4nger tritt auf Fahrbahn und bringt Radfahrerin zu Fall \/ Zeugen gesucht<\/h2>\n\n\n\n<p>Am Montagvormittag um 10 Uhr trat ein bisher unbekannter Fu\u00dfg\u00e4nger zwischen zwei geparkten Fahrzeugen auf die Tr\u00fcbnerstra\u00dfe, ohne auf den flie\u00dfenden Verkehr zu achten. Eine 64-j\u00e4hrige Radfahrerin, welche von der M\u00fchlingstra\u00dfe in Richtung Karl-Philipp-Fohr-Stra\u00dfe fuhr, konnte zwar einen Zusammensto\u00df durch eine Ausweichbewegung verhindern, verlor im weiteren Verlauf jedoch das Gleichgewicht und st\u00fcrzte vom Rad. Dadurch zog sich die Frau eine Fraktur zu. Der Fu\u00dfg\u00e4nger fl\u00fcchtete von der Unfallstelle, ohne sich um die verletzte Frau zu k\u00fcmmern. Die Polizei ermittelt nun wegen Verkehrsunfallflucht. Zeugen, welche den Unfall beobachtet haben, werden gebeten, sich telefonisch unter 06221\/4569-0 beim Polizeirevier Heidelberg-Nord zu melden.<\/p>\n\n\n\n<h2 class=\"wp-block-heading\">(Heidelberg-Pfaffengrund) &#8211; Frontalzusammensto\u00df \/ Drei leicht Verletzt<\/h2>\n\n\n\n<p>Am Dienstagabend gegen kurz vor 20.00 Uhr ereignete sich auf dem Kurpfalzring in Heidelberg ein Verkehrsunfall, bei welchem drei Personen leicht verletzt wurden. Eine 52-j\u00e4hrige Fahrzeugf\u00fchrerin befuhr mit ihrem Mitsubishi die L637 vom Hornbach-Baumarkt kommend in Richtung des Kurpfalzrings. An der Einm\u00fcndung L637 \/ Kurpfalzring kam sie nach links in den Gegenverkehr, wo sie frontal mit dem Pkw einer 20-J\u00e4hrigen kollidierte. Die Unfallverursacherin blieb unverletzt. Die 20-J\u00e4hrige, sowie deren beiden 19-Jahre alten Mitfahrerrinnen wurden bei dem Unfall leicht verletzt. Sie kamen im Anschluss zur weiteren medizinischen Versorgung in umliegende Krankenh\u00e4user. Im Rahmen der Unfallaufnahme konnten die Beamten, ausgehend von der Fahrzeugf\u00fchrerin des Mitsubishi Eclipse Cross, Alkoholgeruch wahrnehmen. Ein daraufhin freiwillig durchgef\u00fchrter Atemalkoholtest ergab einen Wert von \u00fcber 2,2 Promille, weshalb der 52-J\u00e4hrigen auf der Dienststelle eine Blutprobe entnommen wurde. Ihr F\u00fchrerschein wurde sichergestellt. Der Sachschaden an beiden Pkw betr\u00e4gt ca. 20.000 Euro. Sowohl der VW Polo als auch der Mitsubishi waren im Anschluss an die Kollision nicht mehr fahrbereit und mussten abgeschleppt werden. Aufgrund ausgelaufener Betriebsstoffe wurde die Fahrbahn durch eine Spezialfirma gereinigt. Zu gr\u00f6\u00dferen Verkehrsbehinderungen kam es hierdurch nicht. Die Unfallaufnahme erfolgte durch Beamte des Verkehrsdienstes Heidelberg.<\/p>\n\n\n\n<h2 class=\"wp-block-heading\">(A 6 \/ Schwetzingen \/ Rhein-Neckar-Kreis) &#8211; LKW Unfall \/ Fahrbahn gesperrt<\/h2>\n\n\n\n<h3 class=\"has-text-align-center wp-block-heading\">Pressemitteilung Nr. 1<\/h3>\n\n\n\n<p>Wegen eines Unfalls unter Beteiligung von zwei Lkw auf der BAB 6 ist derzeit (23.11.2021 \u2013 15:29) die Fahrbahn in Richtung Mannheim vollgesperrt. Am Ende eines Staus kam es um 14.30 Uhr in H\u00f6he der Anschlussstelle Mannheim\/Schwetzingen zu dem Unfallgeschehen, bei dem ein beteiligter Fahrer in seinem Fahrzeug eingeklemmt wurde. Der Verkehr wird \u00fcber die Parallelfahrbahn geleitet. Die Beamten des Autobahnpolizeireviers Mannheim sind derzeit f\u00fcr die Unfallaufnahme eingesetzt.<\/p>\n\n\n\n<h2 class=\"wp-block-heading\">(A 6 \/ Schwetzingen \/ Rhein-Neckar-Kreis) &#8211; LKW Unfall<\/h2>\n\n\n\n<h3 class=\"has-text-align-center wp-block-heading\">Pressemitteilung Nr. 2<\/h3>\n\n\n\n<p>Die Sperrung der BAB 6 konnte in dem besagten Autobahnabschnitt mittlerweile wieder aufgehoben werden. Seit ca. 15:30 Uhr wird der Verkehr auf der Parallelfahrbahn an der Unfallstelle vorbeigeleitet. Derzeit ist der Verkehrsdienst Mannheim noch mit der Unfallaufnahme besch\u00e4ftigt. Die Beamten werden hierbei von einem Sachverst\u00e4ndigen unterst\u00fctzt. Die Bergungsma\u00dfnahmen dauern derzeit noch an.<\/p>\n\n\n\n<h2 class=\"wp-block-heading\">(Leimen \/ Rhein-Neckar-Kreis) &#8211; 48-J\u00e4hriger l\u00f6st zwei Feuerwehreins\u00e4tze aus<\/h2>\n\n\n\n<p>Am Montag l\u00f6ste ein 48-J\u00e4hriger Mann in einer Kleingartenanlage Am Fischwasser innerhalb eines Tages gleich zwei Feuerwehreins\u00e4tze aus, indem er unerlaubt Unrat verbannte. Der Mann hatte bereits am Morgen bei der \u00f6rtlichen Feuerwehr um Erlaubnis eines Nutzfeuers gebeten, jedoch erfolglos. Trotzdem entz\u00fcndete er ein Feuer und verbrannte Abf\u00e4lle sowie lackierte Holzbretter. Ein Zeuge beobachtete die starke Rauchentwicklung und l\u00f6ste gegen 14:15 Uhr den ersten Feuerwehreinsatz aus. Der 48-J\u00e4hrige musste das Feuer l\u00f6schen, wonach die Einsatzkr\u00e4fte wieder abr\u00fcckten. Doch zu beginnender D\u00e4mmerung entz\u00fcndete der Mann das Feuer erneut, was auch einer Polizeistreife des Polizeiposten Sandhausen nicht entging. Einsatzkr\u00e4fte der Freiwilligen Feuerwehr Leimen konnten das Feuer wiederum rasch l\u00f6schen. Den Mann erwartet nun eine Anzeige wegen des Versto\u00dfes gegen das Kreislaufwirtschaftsgesetz.<\/p>\n\n\n\n<h2 class=\"wp-block-heading\">(A 5 \/ Sandhausen \/ Rhein-Neckar-Kreis) &#8211; Unbekannter bricht PKW auf und entwendet Wertgegenst\u00e4nde \/ Zeugen gesucht; Hinweise der Polizei<\/h2>\n\n\n\n<p>Rund zehn Minuten reichten einem bislang unbekannten T\u00e4ter am Montagmorgen aus, um einen PKW gewaltsam aufzubrechen und Wertgegenst\u00e4nde aus diesem zu entwenden.<\/p>\n\n\n\n<p>Ein 66-J\u00e4hriger suchte um kurz vor 10 Uhr mit seinem Mercedes die Tank-und Rastanlage &#8222;Hardtwald-Ost&#8220; auf. Als er seinen PKW geparkt hatte, verschloss er diesen und entfernte sich kurzzeitig. Diesen unbeobachteten Moment nutzte der unbekannter T\u00e4ter offenbar aus und schlug mit einem bislang nicht bekannten Gegenstand eine Fensterscheibe am Auto ein. Anschlie\u00dfend entwendete er eine auf dem Beifahrersitz liegende Laptoptasche samt Inhalt sowie ein Handyladekabel und pers\u00f6nliche Dokumente des 66-J\u00e4hrigen. Als der Mercedes-Fahrer rund zehn Minuten sp\u00e4ter zu seinem Fahrzeug zur\u00fcckkehrte, war der T\u00e4ter samt Wertsachen weg. Die H\u00f6he des entstandenen Sachschadens sowie der Wert des Diebesguts sind bislang nicht bekannt.<\/p>\n\n\n\n<p>Das Autobahnpolizeirevier Mannheim-Seckenheim hat die weiteren Ermittlungen aufgenommen und sucht nun nach Zeugen, die m\u00f6glicherweise verd\u00e4chtige Personen im Bereich des silberfarbenen Mercedes gesehen haben sowie dar\u00fcber hinaus sachdienliche Angaben machen k\u00f6nnen. Diese werden gebeten, sich unter der Tel.: 0621 470930 zu melden.<\/p>\n\n\n\n<h4 class=\"wp-block-heading\">So sch\u00fctzen Sie sich vor Diebst\u00e4hlen rund um das Auto:<\/h4>\n\n\n\n<ul><li><strong>Lassen Sie Ihr mobiles Navigationsger\u00e4t, Ihr Mobiltelefon oder andere Wertgegenst\u00e4nde nicht im Fahrzeug.<\/strong><\/li><li><strong>Stellen Sie Ihr Fahrzeug m\u00f6glichst auf bewachten Parkpl\u00e4tzen oder wenigstens an einer beleuchteten Stelle ab.<\/strong><\/li><li><strong>Ist Ihr Fahrzeug mit einer Diebstahlwarnanlage ausgestattet,  nehmen Sie diese auch in Betrieb.<\/strong><\/li><\/ul>\n\n\n\n<p>Weitere Informationen sowie Tipps und Tricks rund um das Thema &#8222;Diebstahl rund ums KFZ&#8220; finden Sie auch auf der Homepage der Polizeilichen Kriminalpr\u00e4vention unter:\u00a0<a target=\"_blank\" href=\"https:\/\/www.polizei-beratung.de\/\" rel=\"noreferrer noopener\">https:\/\/www.polizei-beratung.de<\/a><\/p>\n\n\n\n<h2 class=\"wp-block-heading\">(A 6 \/ Hockenheim \/ Rhein-Neckar-Kreis) &#8211; Kontrollstelle an der Tank- und Rastanlage Hockenheim West &#8211; Ergebnis<\/h2>\n\n\n\n<div class=\"wp-block-image\"><figure class=\"aligncenter size-large\"><img decoding=\"async\" loading=\"lazy\" width=\"800\" height=\"599\" src=\"https:\/\/speyer24news.com\/wp-content\/uploads\/2020\/06\/Polizeikontrolle.jpg\" alt=\"\" class=\"wp-image-28255\" srcset=\"https:\/\/speyer24news.com\/wp-content\/uploads\/2020\/06\/Polizeikontrolle.jpg 800w, https:\/\/speyer24news.com\/wp-content\/uploads\/2020\/06\/Polizeikontrolle-300x225.jpg 300w, https:\/\/speyer24news.com\/wp-content\/uploads\/2020\/06\/Polizeikontrolle-768x575.jpg 768w, https:\/\/speyer24news.com\/wp-content\/uploads\/2020\/06\/Polizeikontrolle-678x509.jpg 678w, https:\/\/speyer24news.com\/wp-content\/uploads\/2020\/06\/Polizeikontrolle-326x245.jpg 326w, https:\/\/speyer24news.com\/wp-content\/uploads\/2020\/06\/Polizeikontrolle-80x60.jpg 80w\" sizes=\"(max-width: 800px) 100vw, 800px\" \/><\/figure><\/div>\n\n\n\n<p>Am Montagvormittag zwischen 7 und 12 Uhr kontrollierten insgesamt 26 Beamtinnen und Beamte der Verkehrspolizeiinspektion des Polizeipr\u00e4sidiums Mannheim an einer Kontrollstelle an der Tank- und Rastanlage Hockenheim West den gewerblichen G\u00fcterverkehr auf der Autobahn. Weiterhin legten die Einsatzkr\u00e4fte ein besonderes Augenmerk auf Tiertransporte. Das Veterin\u00e4ramt des Landratsamtes Rhein-Neckar-Kreis unterst\u00fctzte daher die Kontrollstelle mit 4 Amts\u00e4rztinnen, einem Veterin\u00e4r und einer Veterin\u00e4rin.<\/p>\n\n\n\n<p>Im Wesentlichen kontrollierten die Einsatzkr\u00e4fte im Verlauf des Vormittags Kleintransporter und LKW. Bei 48 kontrollierten Fahrzeugen ahndeten die Verkehrsermittlerinnen und -ermittler in 21 F\u00e4llen diverse Verst\u00f6\u00dfe.<\/p>\n\n\n\n<p>In zehn F\u00e4llen war die Ladung mangelhaft oder unzureichend gesichert. F\u00fcnf Fahrzeuge waren \u00fcberladen, wobei ein Fahrzeug eine \u00dcberladung von \u00fcber 32 Prozent aufwies. Ein \u00fcberbreites Fahrzeug hatte keine entsprechende Genehmigung, bei einem weiteren Fahrzeug waren erforderliche Ausr\u00fcstungselemente f\u00fcr den ordnungsgem\u00e4\u00dfen Gefahrguttransport nicht vorhanden. Dar\u00fcber hinaus kam es zu zwei Verst\u00f6\u00dfen gegen das Fahrpersonalgesetz, einem Versto\u00df wegen falscher Kennzeichnung tierischer Nebenprodukte und einem weiteren Versto\u00df wegen falscher Bedienung eines sogenannten EG-Kontrollger\u00e4tes, welches die Lenk- und Ruhezeiten des Fahrers aufzeichnet.<\/p>\n\n\n\n<p>Dem \u00fcberbreiten Fahrzeug wurde aufgrund einer fehlenden Genehmigung die Weiterfahrt untersagt. Ein Fahrer eines Kleintransporters musste aufgrund von \u00dcberladung sein Fahrzeug auf der Rastanlage stehen lassen. Bis zur Wiederherstellung der Verkehrssicherheit war auch f\u00fcr diesen Fahrer keine Weiterfahrt m\u00f6glich.<\/p>\n\n\n\n<p>Gegen 10 Uhr kontrollierten die Einsatzkr\u00e4fte einen Tiertransport, welcher eine Vielzahl an Schlachtferkeln geladen hatte. Erst letzten Montag hatte die Verkehrspolizei das Fahrzeug auf der Autobahn kontrolliert und festgestellt, dass mehrere Ablaufstutzen am LKW nicht korrekt geschlossen waren, wodurch die Ladefl\u00e4che durchn\u00e4sst war. Am heutigen Kontrolltag kam es jedoch zu keinen Beanstandungen, weshalb der LKW seine Fahrt fortsetzen konnte.<\/p>\n\n\n\n<p>Bereits am vergangenen Montag, den 15.11.2021 stellten die Beamtinnen und Beamten ebenfalls an einer Kontrollstelle an der Tank- und Rastanlage Hockenheim West, mit gleicher Zielrichtung und mit Unterst\u00fctzung des Veterin\u00e4ramts des Landratsamtes Rhein-Neckar-Kreis, bei 34 kontrollierten Fahrzeugen insgesamt 22 Ordnungswidrigkeiten fest.<\/p>\n\n\n\n<h4 class=\"wp-block-heading\">Davon handelte es sich um:<\/h4>\n\n\n\n<ul><li><strong>6 Verst\u00f6\u00dfe wegen \u00dcberladung<\/strong><\/li><li><strong>2 Verst\u00f6\u00dfe gegen Sozialvorschriften<\/strong><\/li><li><strong>2 Verst\u00f6\u00dfe gegen gefahrgutrechtliche Vorschriften<\/strong><\/li><\/ul>\n\n\n\n<p>Gegen einen drogenbeeinflussten Fahrer wurde ein Strafverfahren wegen Trunkenheit im Stra\u00dfenverkehr eingeleitet. Des Weiteren wurde ein Strafverfahren eingeleitet, da ein LKW mit Muscheln keine ausreichende K\u00fchlung f\u00fcr die geladenen Lebensmittel vorweisen konnte.<\/p>\n\n\n\n<p>Die Kontrollen an der Tank- und Rastanlage haben sich erneut bew\u00e4hrt. Die Ergebnisse zeigen, dass sie einen wichtigen Beitrag zur Steigerung der Verkehrssicherheit leisten und werden daher auch in Zukunft intensiv fortgesetzt.<\/p>\n\n\n\n<h2 class=\"wp-block-heading\">(Dielheim \/ Rhein-Neckar-Kreis) &#8211; Beim Vorbeifahren geparktes Fahrzeug besch\u00e4digt und abgehauen \/ Zeugen gesucht<\/h2>\n\n\n\n<p>Einen Verkehrsunfall verursachte am Montagmittag ein unbekannter Verkehrsteilnehmer im Dielheim. Der Unbekannte streifte vermutlich beim Vorbeifahrern in der Stra\u00dfe &#8222;Wiesengrund&#8220; einen in Fahrtrichtung Hoffenheim am Fahrbahnrand geparkten Toyota Avensis. Dabei besch\u00e4digte er den Au\u00dfenspiegel. Anschlie\u00dfend fuhr er einfach weiter, ohne sich um den entstandenen Schaden zu k\u00fcmmern. Es war Sachschaden in H\u00f6he von rund 2.000 Euro entstanden.<\/p>\n\n\n\n<p>Zeugen, die auf den Unfall aufmerksam geworden sind und sachdienliche Hinweise zum fl\u00fcchtigen Unfallverursacher geben k\u00f6nnen, werden gebeten, sich beim Polizeirevier Wiesloch, Tel.: 06222\/5709-0 zu melden.<\/p>\n\n\n\n<h2 class=\"wp-block-heading\">(Eschelbach \/ Rhein-Neckar-Kreis) &#8211; Kellerbrand \/ Sechs Personen leicht verletzt<\/h2>\n\n\n\n<p>Am Montagabend gegen 19 Uhr wurden Polizei und Feuerwehr verst\u00e4ndigt, nachdem im Keller eines Mehrfamilienhauses in der Hirschhornstra\u00dfe ein Brand ausgebrochen war. Als die Einsatzkr\u00e4fte vor Ort eintrafen, stand ein au\u00dferhalb des Wohngeb\u00e4udes gelegener Kellerteil in Vollbrand. Die Bewohner des Hauses konnten sich bereits selbstst\u00e4ndig in Sicherheit bringen und das Geb\u00e4ude verlassen. Sechs Personen wurden durch die Rauchgase leicht verletzt und mit hinzugerufenen Rettungsw\u00e4gen in umliegende Kliniken gebracht. Nachdem die rund 29 Feuerwehrleute der Freiwilligen Feuerwehr Sinsheim-Eschelbach sowie der Freiwilligen Feuerwehr Sinsheim-D\u00fchren den Brand gel\u00f6scht hatten und so ein \u00dcbergreifen der Flammen auf den Wohnbereich verhinderten, konnten die Bewohner wieder in ihre Wohnungen zur\u00fcckkehren. Zur Brandursache sowie zur H\u00f6he des entstandenen Sachschadens ist derzeit noch nichts bekannt. Die Ermittlungen dauern weiter an.<\/p>\n\n\n\n<h2 class=\"wp-block-heading\">(Eschelbach \/ Rhein-Neckar-Kreis) &#8211; Kellerbrand \/ sechs Personen leicht verletzt<\/h2>\n\n\n\n<h3 class=\"has-text-align-center wp-block-heading\">Erg\u00e4nzung<\/h3>\n\n\n\n<p>Nachdem am Montagabend in einem Keller in Eschelbach ein Brand ausgebrochen war, gingen die Ermittlungen der Brandexperten des Polizeireviers Sinsheim am Dienstagmorgen weiter. Die sechs Personen, die durch die Rauchgase leicht verletzt wurden, konnten mittlerweile alle wieder aus den Kliniken entlassen werden. Der Gesamtsachschaden wird derzeit auf rund 40.000 Euro gesch\u00e4tzt. Nach derzeitigem Ermittlungsstand gehen die Brandermittler davon aus, dass wom\u00f6glich ein technischer Defekt brandurs\u00e4chlich gewesen sein k\u00f6nnte. Zur Verifizierung wurde ein Sachverst\u00e4ndiger hinzugezogen, der den Brandort gemeinsam mit den Brandexperten des Polizeireviers Sinsheim in den kommenden Tagen begutachten wird.<\/p>\n\n\n\n<h2 class=\"wp-block-heading\">(Weinheim \/ Mannheim \/ Rhein-Neckar-Kreis) &#8211; Anrufe von &#8222;Falschen Polizeibeamten&#8220; gehen weiter<\/h2>\n\n\n\n<p>Die bei der Polizei eingehenden Meldungen von verd\u00e4chtigen Anrufen im Zusammenhang mit der Betrugsmasche &#8222;Falsche Polizeibeamte&#8220; rei\u00dfen nicht ab. Erst gestern versuchten wieder Trickbetr\u00fcger Betroffene um ihr Verm\u00f6gen zu bringen. Versucht haben die Unbekannten es dieses Mal in Weinheim und in mehreren Mannheimer Stadtteilen.<\/p>\n\n\n\n<p>Den gesamten Montag \u00fcber, im Zeitraum von 11 Uhr bis 22:30 Uhr, erhielten 16 Betroffene, im Alter zwischen 61 Jahren und 95 Jahren, derart verd\u00e4chtige Anrufe. In allen genannten F\u00e4llen gaben die Trickbetr\u00fcger vor, Polizeibeamte zu sein. Die Unbekannten wollten die Betroffenen \u00fcber Einbr\u00fcche in der Nachbarschaft und die damit verbundenen, angeblichen T\u00e4terfestnahmen informieren. Nachdem sich die &#8222;Falschen Polizeibeamten&#8220; dann allerdings nach dem Verm\u00f6gen der Betroffenen erkundigten, flogen sie auf. Alle Betroffenen erkannten den dreisten Betrugsversuch und beendeten umgehend das Gespr\u00e4ch. Zu einem Schadenseintritt kam es gl\u00fccklicherweise nicht.<\/p>\n\n\n\n<p>Das Fachdezernat f\u00fcr Betrugsdelikte bei der Kriminalpolizeidirektion Heidelberg hat die weiteren Ermittlungen aufgenommen.<\/p>\n\n\n\n<h2 class=\"wp-block-heading\">(Weinheim \/ Rhein-Neckar-Kreis) &#8211; Technischer Defekt an Auto l\u00f6st Brand aus<\/h2>\n\n\n\n<p>Am Montag, gegen 15:30 Uhr, geriet in der Bahnhofstra\u00dfe ein Auto aufgrund eines technischen Defekts in Brand. Nachdem die 55-j\u00e4hrige Peugeot-Fahrerin ungew\u00f6hnliche Fahrger\u00e4usche feststellte und die Elektrik versagte, parkte sie das Auto ab und bemerkte die Rauchentwicklung im Motorraum. Kurz darauf entz\u00fcndete sich die Batterie des Peugeots. Sofort eilten Passanten mit einem Feuerl\u00f6scher zu Hilfe und konnten den Brand l\u00f6schen. Bei den L\u00f6schversuchen verletzte sich einer der Helfenden leicht und musste mit einem Rettungswagen in ein nahegelegenes Krankenhaus gebracht werden. Das Fahrzeug wurde abgeschleppt. Die H\u00f6he des entstandenen Sachschadens ist noch nicht bekannt.<\/p>\n\n\n\n<h2 class=\"wp-block-heading\">(Weinheim-Sulzbach \/ Rhein-Neckar-Kreis) -T\u00e4terfestnahme nach Wohnungseinbruch<\/h2>\n\n\n\n<h3 class=\"has-text-align-center wp-block-heading\">Pressemitteilung Nr. 1<\/h3>\n\n\n\n<div class=\"wp-block-image\"><figure class=\"aligncenter size-large\"><img decoding=\"async\" loading=\"lazy\" width=\"800\" height=\"533\" src=\"https:\/\/speyer24news.com\/wp-content\/uploads\/2020\/06\/Zelle.jpg\" alt=\"\" class=\"wp-image-28203\" srcset=\"https:\/\/speyer24news.com\/wp-content\/uploads\/2020\/06\/Zelle.jpg 800w, https:\/\/speyer24news.com\/wp-content\/uploads\/2020\/06\/Zelle-300x200.jpg 300w, https:\/\/speyer24news.com\/wp-content\/uploads\/2020\/06\/Zelle-768x512.jpg 768w\" sizes=\"(max-width: 800px) 100vw, 800px\" \/><\/figure><\/div>\n\n\n\n<p>Nach einer Verfolgungsfahrt mit 14 Streifenw\u00e4gen wurden am Dienstagmittag zwei fl\u00fcchtige Einbrecher auf BAB 5 festgenommen.<\/p>\n\n\n\n<p>Die beiden T\u00e4ter wurden zuvor von einem heimkehrenden Bewohner eines Hauses in der N\u00f6rdlichen Bergstra\u00dfe \u00fcberrascht und ergriffen daraufhin gegen 12:20 Uhr samt Beute die Flucht in einem Pkw. Die sofort alarmierten Beamten des Polizeireviers Weinheim sowie der umliegenden Polizeireviere nahmen daraufhin die Verfolgung des Pkw auf. Letztlich stoppten die Uniformierten die Fl\u00fcchtigen auf der Autobahn 5 auf H\u00f6he der Rastst\u00e4tte Hardtwald. Die beiden T\u00e4ter wurden widerstandslos festgenommen. Die Beute, ein Tresor samt Inhalt, wurde im Fluchtfahrzeug sichergestellt. W\u00e4hrend der polizeiliche Ma\u00dfnahmen am Festnahmeort war die Autobahn in Fahrtrichtung Karlsruhe kurzzeitig vollgesperrt. Die Ermittlungsgruppe Eigentum der Kriminalpolizeidirektion Heidelberg hat die Ermittlungen aufgenommen.<\/p>\n\n\n\n<h2 class=\"wp-block-heading\">(Weinheim-Rippenweier \/ Rhein-Neckar-Kreis) &#8211; Autofahrerin \u00fcberschl\u00e4gt sich und kommt auf Dach zum Liegen<\/h2>\n\n\n\n<p>Am Dienstagvormittag gegen 10:30 Uhr \u00fcberschlug sich auf der Odenwaldstra\u00dfe eine 42-j\u00e4hrige VW-Fahrerin und blieb auf dem Dach liegen, nachdem sie mit einem am Fahrbahnrand geparkten Hyundai kollidierte. Die 42-J\u00e4hrige war von Weinheim kommend in Richtung Ursenbach unterwegs, als sie ersten Ermittlungen zufolge durch die tiefstehende Sonne geblendet wurde. Sie kam nach rechts von der Fahrbahn ab, stie\u00df mit dem hier abgestellten Hyundai zusammen und \u00fcberschlug sich. Schwer verletzt musste die Frau von der Feuerwehr aus dem Auto befreit und mit einem Rettungshubschrauber in ein Krankenhaus geflogen werden. W\u00e4hrend der Rettungs- und Bergungsma\u00dfnahmen war die Ortsdurchfahrt von 12:00 Uhr bis 12:30 Uhr voll gesperrt.<\/p>\n","protected":false},"excerpt":{"rendered":"<div class=\"mh-excerpt\"><p>Polizeimeldungen vom Dienstag (23.11.2021) (Speyer) &#8211; Falscher Polizist scheitert mit Betrugsmasche Als Sicherheitsbeauftragter der Polizei gab sich am Montag gegen 19:30 Uhr ein Unbekannter gegen\u00fcber einer 81-J\u00e4hrigen am Telefon aus. Der Betr\u00fcger gab vor, mehrere <a class=\"mh-excerpt-more\" href=\"https:\/\/speyer24news.com\/?p=42656\" title=\"Polizei\">[&#8230;]<\/a><\/p>\n<\/div>","protected":false},"author":3,"featured_media":26162,"comment_status":"open","ping_status":"open","sticky":false,"template":"","format":"standard","meta":{"_monsterinsights_skip_tracking":false,"_monsterinsights_sitenote_active":false,"_monsterinsights_sitenote_note":"","_monsterinsights_sitenote_category":0,"footnotes":""},"categories":[12],"tags":[7243,7244,3614,702,61,2555,6955,6986,6263,63,105,11150,6987,53,4854,4683,1548,4905,102,213,55,6368,5261,103,106,2803,2423,427,2625,380,62,104,979,1565],"aioseo_notices":[],"amp_enabled":true,"_links":{"self":[{"href":"https:\/\/speyer24news.com\/index.php?rest_route=\/wp\/v2\/posts\/42656"}],"collection":[{"href":"https:\/\/speyer24news.com\/index.php?rest_route=\/wp\/v2\/posts"}],"about":[{"href":"https:\/\/speyer24news.com\/index.php?rest_route=\/wp\/v2\/types\/post"}],"author":[{"embeddable":true,"href":"https:\/\/speyer24news.com\/index.php?rest_route=\/wp\/v2\/users\/3"}],"replies":[{"embeddable":true,"href":"https:\/\/speyer24news.com\/index.php?rest_route=%2Fwp%2Fv2%2Fcomments&post=42656"}],"version-history":[{"count":1,"href":"https:\/\/speyer24news.com\/index.php?rest_route=\/wp\/v2\/posts\/42656\/revisions"}],"predecessor-version":[{"id":42662,"href":"https:\/\/speyer24news.com\/index.php?rest_route=\/wp\/v2\/posts\/42656\/revisions\/42662"}],"wp:featuredmedia":[{"embeddable":true,"href":"https:\/\/speyer24news.com\/index.php?rest_route=\/wp\/v2\/media\/26162"}],"wp:attachment":[{"href":"https:\/\/speyer24news.com\/index.php?rest_route=%2Fwp%2Fv2%2Fmedia&parent=42656"}],"wp:term":[{"taxonomy":"category","embeddable":true,"href":"https:\/\/speyer24news.com\/index.php?rest_route=%2Fwp%2Fv2%2Fcategories&post=42656"},{"taxonomy":"post_tag","embeddable":true,"href":"https:\/\/speyer24news.com\/index.php?rest_route=%2Fwp%2Fv2%2Ftags&post=42656"}],"curies":[{"name":"wp","href":"https:\/\/api.w.org\/{rel}","templated":true}]}}