{"id":42697,"date":"2021-11-26T10:50:56","date_gmt":"2021-11-26T09:50:56","guid":{"rendered":"https:\/\/speyer24news.com\/?p=42697"},"modified":"2021-11-26T10:50:58","modified_gmt":"2021-11-26T09:50:58","slug":"stadtnotizen-speyer-25","status":"publish","type":"post","link":"https:\/\/speyer24news.com\/?p=42697","title":{"rendered":"Stadtnotizen Speyer"},"content":{"rendered":"<style type=\"text\/css\">\r\n\t.ads_top_disp{}\r\n\t.ads_top_corner_disp{ float:left; margin:0px 10px 10px 0px; }\r\n\t.ads_first_p_disp{}\r\n\t.ads_bottom_disp{}\r\n\t<\/style>\n<h2 class=\"wp-block-heading\">Verkaufsoffener\u00a0Sonntag am 28. November<\/h2>\n\n\n\n<div class=\"wp-block-image\"><figure class=\"aligncenter size-large\"><img decoding=\"async\" loading=\"lazy\" width=\"800\" height=\"569\" src=\"https:\/\/speyer24news.com\/wp-content\/uploads\/2021\/10\/Shopping-Frauen-Einkaufen.jpg\" alt=\"\" class=\"wp-image-41290\" srcset=\"https:\/\/speyer24news.com\/wp-content\/uploads\/2021\/10\/Shopping-Frauen-Einkaufen.jpg 800w, https:\/\/speyer24news.com\/wp-content\/uploads\/2021\/10\/Shopping-Frauen-Einkaufen-300x213.jpg 300w, https:\/\/speyer24news.com\/wp-content\/uploads\/2021\/10\/Shopping-Frauen-Einkaufen-768x546.jpg 768w\" sizes=\"(max-width: 800px) 100vw, 800px\" \/><\/figure><\/div>\n\n\n\n<p>Die Stadtverwaltung Speyer informiert, dass am Sonntag, 28. November 2021 anl\u00e4sslich des Weihnachtsmarkts ein verkaufsoffener Sonntag in Speyer stattfindet. Die teilnehmenden Gesch\u00e4fte haben von 13 bis 18 Uhr ge\u00f6ffnet.<\/p>\n\n\n\n<p>Grunds\u00e4tzlich sind&nbsp;keine Verkehrsbeschr\u00e4nkungen&nbsp;f\u00fcr den Individualverkehr vorgesehen. Allerdings ist f\u00fcr den Fall, dass das Verkehrsaufkommen im Bereich des Domplatzes das vertretbare Ma\u00df \u00fcbersteigt, eine Teilsperrung des Domplatzes erforderlich. Geregelt w\u00e4re diese wie folgt:<\/p>\n\n\n\n<p>Die Zufahrt zu den Gastst\u00e4tten \u201eDomnapf\u201c und \u201eDomhof\u201c bleibt gew\u00e4hrleistet. Der \u00fcbrige Verkehr wird \u00fcber die Kleine Pfaffengasse umgeleitet.<\/p>\n\n\n\n<p>Der Busverkehr der Linien 564, 565 ist ohnehin schon wegen des stattfindenden Weihnachtsmarktes grunds\u00e4tzlich umgeleitet.<\/p>\n\n\n\n<p>Auch der Taxenstand in der Maximilianstra\u00dfe ist wegen des Weihnachtsmarktes in den Bereich des Postplatzes umgezogen und verbleibt auch dort.<\/p>\n\n\n\n<p>Um ein zu hohes Verkaufsaufkommen zu vermeiden, bittet die Stadtverwaltung die Besucher*innen m\u00f6glichst mit dem \u00d6PNV anzureisen.<\/p>\n\n\n\n<p><em>Stadtverwaltung Speyer<br>26.11.2021<\/em><\/p>\n\n\n\n<h2 class=\"wp-block-heading\">Speyer steigt ein: Quartiersworkshops und Coffee-Bike-Aktion zum neuen Speyerer Nahverkehrsplan abgeschlossen<\/h2>\n\n\n\n<p>Austausch, Diskussion und jede Menge Input \u2013 Das ist das Resultat der f\u00fcnf Quartiersworkshops zum neuen Nahverkehrsplan der Stadt. Unter dem Motto \u201eSpeyer steigt ein\u201d konnten Interessierte quartiersbezogen mitwirken.<\/p>\n\n\n\n<p>\u201eKlar ist: Busfahren in Speyer muss schneller und einfacher werden, um die Attraktivit\u00e4t f\u00fcr den \u00d6ffentlichen Nahverkehr zu steigern. Die wertvollen R\u00fcckmeldungen aus der B\u00fcrgerschaft werden daher definitiv in k\u00fcnftige Planung mit einflie\u00dfen\u201c, verk\u00fcndet Oberb\u00fcrgermeisterin Stefanie Seiler.<\/p>\n\n\n\n<p>Nach mehreren Aktionen im Sommer konnten vom 20. September bis 7. Oktober 2021 dank der Workshops zu den Quartieren Nord, Ost, S\u00fcd und West sowie der Kernstadt die einzelnen Quartiere detaillierter betrachtet und Schwerpunkte identifiziert werden.&nbsp;&nbsp;&nbsp;&nbsp;&nbsp;&nbsp;&nbsp;&nbsp; &nbsp;&nbsp;&nbsp;&nbsp;&nbsp;&nbsp;&nbsp;<br>Dabei wurden insbesondere die Themen Takt- und Betriebszeiten der Busse, ihre Linienf\u00fchrung sowie die Ausstattung und Verteilung der Bushaltestellen behandelt. Im Kernstadt-Workshop wurde zudem auf den Postplatz eingegangen und potenzielle Varianten herausgearbeitet.<\/p>\n\n\n\n<p>Zusammen mit den st\u00e4dtischen Verkehrsplanern Manuel Kitzmann und Christian Lorenz sowie dem begleitenden B\u00fcro Stadtberatung Dr. Sven Fries diskutierten insgesamt rund 50 Personen \u00fcber den Busverkehr der einzelnen Quartiere.&nbsp;So wurde deutlich, dass die Verbindung zwischen den Quartieren besser ausgebaut werden sollte. Auch die Taktung wird dichter als jetzt gew\u00fcnscht.<\/p>\n\n\n\n<p>Bei der Coffee-Bike-Aktion Anfang November an verschiedenen Standorten im Industriegebiet S\u00fcd konnten Mitarbeitende vor Ort sowie aus anderen St\u00e4dten und Gemeinden bei einer guten Tasse Kaffee diverse Aspekte zum Bedarf nach einer besseren Verbindung des Gebietes \u00e4u\u00dfern: u.a. nicht vorhandene Bushaltestellen und fehlende Buslinien zu den Randzeiten, beispielsweise nach Schichtende ab 22 Uhr.&nbsp;&nbsp;&nbsp;&nbsp; &nbsp;&nbsp;&nbsp;<br>Eine Online-Umfrage f\u00fcr die Mitarbeitenden erg\u00e4nzte die Gespr\u00e4che vor Ort.<\/p>\n\n\n\n<p>Unter Einbezug der gewonnenen Erkenntnisse geht es nun an die Entwurfsplanung des Nahverkehrsplans. Dieser soll endg\u00fcltig im Fr\u00fchjahr 2022 vom Stadtrat beschlossen werden, bevor er europaweit ausgeschrieben wird. Ende 2023 soll der Busverkehr nach den neuen Vorgaben in Speyer verkehren.<\/p>\n\n\n\n<p>Informationen zum Nahverkehrsplan und die ausf\u00fchrliche Ergebnis-Darstellung der Beteiligung sind unter\u00a0<a href=\"https:\/\/deref-web.de\/mail\/client\/-EkpFBWE23Q\/dereferrer\/?redirectUrl=http%3A%2F%2Fwww.speyer.de%2Fsteigtein\" target=\"_blank\" rel=\"noreferrer noopener\">www.speyer.de\/steigtein<\/a>\u00a0zu finden.<\/p>\n\n\n\n<p><em>Stadtverwaltung Speyer<br>26.11.2021<\/em><\/p>\n\n\n\n<h2 class=\"wp-block-heading\">Spendenlauf der Siedlungsschule Realschule Plus war ein voller Erfolg<\/h2>\n\n\n\n<p>In einem zweiw\u00f6chigen Spendenlauf-Aktionszeitraum haben die Sch\u00fclerinnen und Sch\u00fcler der RS+ Siedlungsschule in Speyer einen Spendenbetrag von insgesamt 10.000 Euro erlaufen. Zahlreiche private und gesch\u00e4ftlich Sponsoren haben pro gelaufener Runde der 261 teilnehmenden Sch\u00fcler*innen einen gewissen Geldbetrag gespendet.<\/p>\n\n\n\n<p>Neben Speyerer Firmen wie Thor GmbH, Therapiezentrum Die Gesundheitswerkstatt, Jester Zimmerei &amp; Ger\u00fcstbau, PM International und Round Table Speyer haben auch ausw\u00e4rtige Firmen die L\u00e4ufer*innen unterst\u00fctzt. So wurden beispielsweise das Kompetenzteam Thomas aus Schwegenheim und die Firma cjt \u2013Systemsoftware AG aus Karlsruhe als Laufpaten gewonnen. Ein Vertreter der Firma cjt \u2013Systemsoftware AG kam sogar selbst vor Ort, um die L\u00e4ufer*innen anzufeuern und ihr soziales Engagement zu unterst\u00fctzen.&nbsp;<\/p>\n\n\n\n<p>Zahlreiche weitere Sponsoren wurden von den Lernenden selbst angesprochen und akquiriert. Eltern, Familienmitglieder, Freunde, Lehrer*innen, Nachbar*innen und viele weitere Betriebe des Speyerer Einzelhandels fanden sich auf den Laufzetteln der Sch\u00fclerinnen und Sch\u00fcler als Sponsoren wieder.<\/p>\n\n\n\n<p>\u201eWir freuen uns \u00fcber die riesige Unterst\u00fctzung unserer Schulkinder und das tolle Laufergebnis unserer Schule. Selbstverst\u00e4ndlich danken wird allen Unterst\u00fctzenden und allen Sch\u00fclerinnen und Sch\u00fclern f\u00fcr ihren Einsatz. Ohne euch w\u00e4re so ein tolles Ergebnis nicht m\u00f6glich gewesen!\u201c, kommentierte die Schulleitung das tolle Ergebnis.<\/p>\n\n\n\n<p>Die erlaufende Spendensumme kommt den Lernenden der Barbarossaschule in Sinzig zu Gute, einer integrativen Realschule plus mit Ganztagsschule in Angebotsform. Die \u00dcbergabe der Spende soll mit Mitgliedern der Sch\u00fcler*innenvertretung und der Schulleitung vor Ort in Sinzig sattfinden.<\/p>\n\n\n\n<p><em>Stadtverwaltung Speyer<br>26.11.2021<\/em><\/p>\n","protected":false},"excerpt":{"rendered":"<div class=\"mh-excerpt\"><p>Verkaufsoffener\u00a0Sonntag am 28. November Die Stadtverwaltung Speyer informiert, dass am Sonntag, 28. November 2021 anl\u00e4sslich des Weihnachtsmarkts ein verkaufsoffener Sonntag in Speyer stattfindet. Die teilnehmenden Gesch\u00e4fte haben von 13 bis 18 Uhr ge\u00f6ffnet. Grunds\u00e4tzlich sind&nbsp;keine <a class=\"mh-excerpt-more\" href=\"https:\/\/speyer24news.com\/?p=42697\" title=\"Stadtnotizen Speyer\">[&#8230;]<\/a><\/p>\n<\/div>","protected":false},"author":3,"featured_media":23901,"comment_status":"open","ping_status":"open","sticky":false,"template":"","format":"standard","meta":{"_monsterinsights_skip_tracking":false,"_monsterinsights_sitenote_active":false,"_monsterinsights_sitenote_note":"","_monsterinsights_sitenote_category":0,"footnotes":""},"categories":[47],"tags":[12104,13434,7913,13435,6,657,1296,777,6568],"aioseo_notices":[],"amp_enabled":true,"_links":{"self":[{"href":"https:\/\/speyer24news.com\/index.php?rest_route=\/wp\/v2\/posts\/42697"}],"collection":[{"href":"https:\/\/speyer24news.com\/index.php?rest_route=\/wp\/v2\/posts"}],"about":[{"href":"https:\/\/speyer24news.com\/index.php?rest_route=\/wp\/v2\/types\/post"}],"author":[{"embeddable":true,"href":"https:\/\/speyer24news.com\/index.php?rest_route=\/wp\/v2\/users\/3"}],"replies":[{"embeddable":true,"href":"https:\/\/speyer24news.com\/index.php?rest_route=%2Fwp%2Fv2%2Fcomments&post=42697"}],"version-history":[{"count":1,"href":"https:\/\/speyer24news.com\/index.php?rest_route=\/wp\/v2\/posts\/42697\/revisions"}],"predecessor-version":[{"id":42698,"href":"https:\/\/speyer24news.com\/index.php?rest_route=\/wp\/v2\/posts\/42697\/revisions\/42698"}],"wp:featuredmedia":[{"embeddable":true,"href":"https:\/\/speyer24news.com\/index.php?rest_route=\/wp\/v2\/media\/23901"}],"wp:attachment":[{"href":"https:\/\/speyer24news.com\/index.php?rest_route=%2Fwp%2Fv2%2Fmedia&parent=42697"}],"wp:term":[{"taxonomy":"category","embeddable":true,"href":"https:\/\/speyer24news.com\/index.php?rest_route=%2Fwp%2Fv2%2Fcategories&post=42697"},{"taxonomy":"post_tag","embeddable":true,"href":"https:\/\/speyer24news.com\/index.php?rest_route=%2Fwp%2Fv2%2Ftags&post=42697"}],"curies":[{"name":"wp","href":"https:\/\/api.w.org\/{rel}","templated":true}]}}