{"id":43057,"date":"2021-12-08T12:36:10","date_gmt":"2021-12-08T11:36:10","guid":{"rendered":"https:\/\/speyer24news.com\/?p=43057"},"modified":"2021-12-08T12:36:13","modified_gmt":"2021-12-08T11:36:13","slug":"polizei-741","status":"publish","type":"post","link":"https:\/\/speyer24news.com\/?p=43057","title":{"rendered":"Polizei"},"content":{"rendered":"<style type=\"text\/css\">\r\n\t.ads_top_disp{}\r\n\t.ads_top_corner_disp{ float:left; margin:0px 10px 10px 0px; }\r\n\t.ads_first_p_disp{}\r\n\t.ads_bottom_disp{}\r\n\t<\/style>\n<h2 class=\"wp-block-heading\">Polizeimeldungen vom Dienstag (07.12.2021)<\/h2>\n\n\n\n<div class=\"wp-block-image\"><figure class=\"aligncenter size-full\"><img decoding=\"async\" src=\"https:\/\/speyer24news.com\/wp-content\/uploads\/2019\/11\/Aktuelles-Polizeilogo.jpg\" alt=\"\" class=\"wp-image-21845\"\/><\/figure><\/div>\n\n\n\n<h2 class=\"wp-block-heading\">(Speyer) &#8211; Mercedes Fahrer\/-in nach Verkehrsunfall gesucht<\/h2>\n\n\n\n<p>Im Kreisverkehr von einem schwarzen Mercedes \u00fcberholt wurde am Montag um 17:50 Uhr eine 55-j\u00e4hrige Radfahrerin. Als der\/die unbekannte Fahrer\/-in des PKW den Kreisverkehr in Richtung St.-German-Stra\u00dfe verlie\u00df, kollidierte das Fahrzeugheck mit der Radfahrerin, wodurch diese zu Fall kam und sich leichte Verletzungen zuzog. Der oder die Mercedes-Fahrer\/-in fuhr im Anschluss weiter, sodass die Personalien bislang unbekannt sind.<\/p>\n\n\n\n<p>Der oder die Fahrer\/-in des schwarzen Mercedes sowie Zeugen, die den Unfall beobachtet haben, werden gebeten, sich unter der Tel. 06232\/137-0 oder per Email (<a target=\"_blank\" rel=\"noreferrer noopener\" href=\"mailto:pispeyer@polizei.rlp.de\">pispeyer@polizei.rlp.de<\/a>) bei der Polizei Speyer zu melden.<\/p>\n\n\n\n<h2 class=\"wp-block-heading\">(Speyer) &#8211; Kontrollstelle im Stadtgebiet<\/h2>\n\n\n\n<div class=\"wp-block-image\"><figure class=\"aligncenter size-full\"><img decoding=\"async\" src=\"https:\/\/speyer24news.com\/wp-content\/uploads\/2021\/03\/Kontrolle-2.jpg\" alt=\"\" class=\"wp-image-34584\"\/><\/figure><\/div>\n\n\n\n<p>Bei einer Kontrollstelle in der Geibstra\u00dfe fiel am Montag um 09:50 Uhr ein 33-J\u00e4hriger auf, weil er an seinem Ford Focus Felgen montiert hatte, jedoch keine \u00c4nderungsabnahme vorweisen konnte. Da hierdurch die Betriebserlaubnis erloschen ist, erging eine Mitteilung an die Zulassungsstelle. Zudem wurde gegen den 33-J\u00e4hrigen ein Ordnungswidrigkeitenverfahren eingeleitet.<\/p>\n\n\n\n<p>Gegen 11:00 Uhr fuhr ein 27-J\u00e4hriger in die Kontrollstelle, der gegen das Pflichtversicherungsgesetz versto\u00dfen hatte, da f\u00fcr seinen VW Golf keine Haftpflichtversicherung bestand. Auch hier werden die Zulassungsstelle sowie die F\u00fchrerscheinstelle \u00fcber den Vorfall in Kenntnis gesetzt.<\/p>\n\n\n\n<h2 class=\"wp-block-heading\">(B\u00f6hl-Iggelheim) &#8211; T\u00f6dlicher Verkehrsunfall<\/h2>\n\n\n\n<div class=\"wp-block-image\"><figure class=\"aligncenter size-full\"><img decoding=\"async\" loading=\"lazy\" width=\"800\" height=\"533\" src=\"https:\/\/speyer24news.com\/wp-content\/uploads\/2020\/03\/candle-2905395_1920.jpg\" alt=\"\" class=\"wp-image-25905\" srcset=\"https:\/\/speyer24news.com\/wp-content\/uploads\/2020\/03\/candle-2905395_1920.jpg 800w, https:\/\/speyer24news.com\/wp-content\/uploads\/2020\/03\/candle-2905395_1920-300x200.jpg 300w, https:\/\/speyer24news.com\/wp-content\/uploads\/2020\/03\/candle-2905395_1920-768x512.jpg 768w\" sizes=\"(max-width: 800px) 100vw, 800px\" \/><\/figure><\/div>\n\n\n\n<p>Am Montag, 06.12.2021, gegen 21.15 Uhr, kam es auf der Landstra\u00dfe 528 zwischen B\u00f6hl und Iggelheim, auf der Bahn\u00fcberf\u00fchrung zu einem schweren Verkehrsunfall. Ein 40-j\u00e4hriger Mercedes-Fahrer befuhr die L 528 aus Richtung Meckenheim kommend in Richtung Speyer. Auf der dortigen Bahn\u00fcberf\u00fchrung im Bereich der leichten Rechtskurve kam der Mercedes aus noch ungekl\u00e4rter Ursache, m\u00f6glicherweise nicht angepasster und\/oder \u00fcberh\u00f6hter Geschwindigkeit, nach links von der Fahrbahn ab und geriet auf die Gegenfahrbahn. Hier befuhr eine 60-j\u00e4hrige VW Golf-Fahrerin die L 528 aus Richtung Speyer kommend in Richtung Meckenheim und es kam zum Frontalzusammensto\u00df der beiden Pkw. Die Golf-Fahrerin wurde in ihrem Pkw eingeklemmt und musste von der Feuerwehr aus dem Fahrzeug befreit werden. Nach der Bergung wurde sie dem Rettungsdienst \u00fcbergeben. Trotz intensiver Rettungs- und Reanimationsma\u00dfnahmen erlag die 60-J\u00e4hrige noch vor Ort ihren schweren Verletzungen. Der Mercedes-Fahrer wurde ebenfalls schwer verletzt und in ein Krankenhaus eingeliefert. Er erlitt Frakturen an einem Beim und Arm sowie eine Kopflatzwunde. An beiden Fahrzeugen entstand Totalschaden. Am Mercedes ca. 25.000,- EUR, am Golf ca. 20.000,- EUR. An der Schutzplanke entstand ein Schaden von ca. 4000,- EUR. Die Freiwillige Feuerwehr war mit acht Fahrzeugen und 26 Kr\u00e4ften, der Rettungsdienst mit zwei Rettungswagen und einem Notarzt im Einsatz. Aufgrund ausgelaufener Betriebsstoffe musste die Fahrbahn durch ein Spezialfahrzeug der Stra\u00dfenmeisterei gereinigt werden. Zur Feststellung der Unfallursache wurde auch ein Gutachterb\u00fcro hinzugezogen. Wegen der Unfallaufnahme sowie den Bergungs- und Reinigungsma\u00dfnahmen war die L 528 in diesem Bereich f\u00fcr 4 \u00bd Stunden voll gesperrt.<\/p>\n\n\n\n<h2 class=\"wp-block-heading\">(Mutterstadt) &#8211; Unfall mit zwei leicht verletzten Personen<\/h2>\n\n\n\n<p>Am 06.12.2021, gegen 12:50 Uhr, fuhr ein 59-j\u00e4hriger PKW-Fahrer die L524 von Mutterstadt in Richtung Schifferstadt. An der Einm\u00fcndung zum Gewerbegebiet (An der Fohlenweide) bog der Fahrer nach links ab. Hierbei stie\u00df er mit einem aus Schifferstadt kommenden PKW eines 69-J\u00e4hrigen zusammen. Die Beifahrerin des 69-J\u00e4hrigen, sowie der 59-j\u00e4hrige PKW-Fahrer wurden leicht verletzt. Eine \u00e4rztliche Behandlung war vor Ort nicht notwendig. Beide Fahrzeuge waren nicht mehr fahrbereit und wurden abgeschleppt. F\u00fcr die Unfallaufnahme wurde die Fahrbahn teilweise gesperrt.<\/p>\n\n\n\n<h2 class=\"wp-block-heading\">(Harthausen) &#8211; Ohne Fahrerlaubnis mit Kleinkraftrad unterwegs<\/h2>\n\n\n\n<p>Weil sie mit bis zu 65 km\/h bzw. 80 km\/h unterwegs waren, wurden am Montag zwei Rollerfahrer in der Speyerer Stra\u00dfe von einer Polizeistreife kontrolliert. Da die beiden Jugendlichen im Alter von 15 Jahren nicht in Besitz einer erforderlichen Fahrerlaubnis waren, wurde ein Strafverfahren eingeleitet und die F\u00fchrerscheinstelle informiert. Da der Vater einer der Jugendlichen Fahrzeughalter ist, erwartet auch diesen ein Strafverfahren hinsichtlich des Zulassens des F\u00fchrens eines Kraftfahrzeuges ohne Fahrerlaubnis.<\/p>\n\n\n\n<h2 class=\"wp-block-heading\">(Schwegenheim \/ Germersheim) &#8211; Geschwindigkeitsmessungen<\/h2>\n\n\n\n<p>Am Montag f\u00fchrten Germersheimer Polizisten insgesamt drei Lasermessungen durch. Bei mittlerem Verkehrsaufkommen kam es in der Neustadter Stra\u00dfe in Schwegenheim lediglich zu einem Geschwindigkeitsversto\u00df. Dazu kam ein Autofahrer mit dem Handy am Ohr. Danach wurde der Verkehr in der Josef-Probst-Stra\u00dfe in Germersheim \u00fcberwacht. Hier waren insgesamt sieben Autofahrer zu schnell und hielten sich nicht an die erlaubten 50 km\/h. Abschlie\u00dfend wurde die Kontrolle in der Stra\u00dfe &#8222;Am Unkenfunk&#8220; in Germersheim fortgesetzt. Hier fuhren nochmal zwei Autofahrer zu schnell. Der Spitzenreiter wurde mit 47 km\/h gemessen. F\u00fcr ihn sieht der neue Tatbestandskatalog ein Bu\u00dfgeld in H\u00f6he von 70 Euro vor. Insgesamt sorgten die neuen Bu\u00dfgelder bei dem \u00fcberwiegenden Teil der Autofahrer f\u00fcr erstaunte Gesichter.<\/p>\n\n\n\n<h2 class=\"wp-block-heading\">(Bad Bergzabern\/ Bellheim) &#8211; Aktuelle Warnmeldung der Polizeidirektion Landau<\/h2>\n\n\n\n<div class=\"wp-block-image\"><figure class=\"aligncenter size-full\"><img decoding=\"async\" loading=\"lazy\" width=\"594\" height=\"400\" src=\"https:\/\/speyer24news.com\/wp-content\/uploads\/2021\/01\/Achtung-Wichtig.png\" alt=\"\" class=\"wp-image-32274\" srcset=\"https:\/\/speyer24news.com\/wp-content\/uploads\/2021\/01\/Achtung-Wichtig.png 594w, https:\/\/speyer24news.com\/wp-content\/uploads\/2021\/01\/Achtung-Wichtig-300x202.png 300w\" sizes=\"(max-width: 594px) 100vw, 594px\" \/><\/figure><\/div>\n\n\n\n<p><a href=\"https:\/\/www.facebook.com\/sharer.php?u=https%3A%2F%2Fwww.presseportal.de%2Fblaulicht%2Fpm%2F117686%2F5093435%2F%3Futm_source%3Dfacebook%26utm_medium%3Dsocial\"><\/a><a href=\"https:\/\/twitter.com\/intent\/tweet?text=POL-PDLD%3A%20Aktuelle%20Warnmeldung%20der%20Polizeidirektion%20Landau&amp;url=https%3A%2F%2Fwww.presseportal.de%2Fblaulicht%2Fpm%2F117686%2F5093435%2F%3Futm_source%3Dtwitter%26utm_medium%3Dsocial&amp;hashtags=ots&amp;lang=de\"><\/a><a href=\"https:\/\/web.whatsapp.com\/send?text=POL-PDLD%3A%20Aktuelle%20Warnmeldung%20der%20Polizeidirektion%20Landau%0A%0Ahttps%3A%2F%2Fwww.presseportal.de%2Fblaulicht%2Fpm%2F117686%2F5093435%2F%3Futm_source%3Dwhatsapp%26utm_medium%3Dsocial\"><\/a><a href=\"https:\/\/www.xing.com\/app\/user?op=share;url=https%3A%2F%2Fwww.presseportal.de%2Fblaulicht%2Fpm%2F117686%2F5093435%2F%3Futm_source%3Dxing%26utm_medium%3Dsocial\"><\/a><a href=\"http:\/\/www.linkedin.com\/shareArticle?mini=true&amp;url=https%3A%2F%2Fwww.presseportal.de%2Fblaulicht%2Fpm%2F117686%2F5093435%2F%3Futm_source%3Dlinkedin%26utm_medium%3Dsocial&amp;title=POL-PDLD%3A+Aktuelle+Warnmeldung+der+Polizeidirektion+Landau\"><\/a><a href=\"mailto:?subject=POL-PDLD%3A%20Aktuelle%20Warnmeldung%20der%20Polizeidirektion%20Landau&amp;body=https:\/\/www.presseportal.de\/blaulicht\/pm\/117686\/5093435\"><\/a>Die Polizeidirektion Landau m\u00f6chte Sie darauf hinweisen, dass es aktuell im Bereich Bad Bergzabern und Germersheim vermehrt zu Anrufen bei \u00e4lteren Menschen kommt, bei denen es sich um Betrugsversuche im Bereich Enkeltrick handeln k\u00f6nnte.<\/p>\n\n\n\n<ul><li><strong>Geben Sie am Telefon keine Auskunft \u00fcber Ihre pers\u00f6nlichen und finanziellen Verh\u00e4ltnisse oder andere sensible Daten.<\/strong><\/li><li><strong>\u00d6ffnen Sie unbekannten Personen nicht die T\u00fcr. Ziehen Sie gegebenenfalls eine Vertrauensperson hinzu, z. B. Nachbarn oder nahe Verwandte.<\/strong><\/li><li><strong>\u00dcbergeben Sie unbekannten Personen kein Geld oder Wertsachen.<\/strong><\/li><\/ul>\n\n\n\n<p>Wenden Sie sich an das \u00f6rtliche Polizeirevier. Erz\u00e4hlen Sie der Polizei von den Anrufen. Die Polizeidirektion Landau ist f\u00fcr Sie da! Telefonnummer: 06341-287-0 oder 06341-287-2010.<\/p>\n\n\n\n<h2 class=\"wp-block-heading\">(Bad Bergzabern) &#8211; Christbaumkugeln gestohlen<\/h2>\n\n\n\n<p>In der Nacht von 04.12. auf 05.12.2021 entwendeten bisher unbekannte T\u00e4ter mehrere Christbaumkugeln von zwei Weihnachtsb\u00e4umen, welche vor einem Gesch\u00e4ft in der K\u00f6nigstra\u00dfe standen. Zeugenhinweise nimmt die Polizeiinspektion Bad Bergzabern telefonisch unter 06343\/9334-0 oder per Mail unter\u00a0<a target=\"_blank\" rel=\"noreferrer noopener\" href=\"mailto:pibadbergzabern@polizei.rlp.de\">pibadbergzabern@polizei.rlp.de<\/a>\u00a0entgegen.<\/p>\n\n\n\n<h2 class=\"wp-block-heading\">(Landau) &#8211; G\u00fcnstig ist nicht immer gut<\/h2>\n\n\n\n<p>&#8222;In Griechenland sei es g\u00fcnstig einen F\u00fchrerschein zu bekommen.&#8220; Weil er diesen Rat befolgte, war ein 29-j\u00e4hriger nach Griechenland gereist und fragte dort in einer Shisha Bar nach einem F\u00fchrerschein. Sechs Fahrstunden, eine kleine Pr\u00fcfung und ein Fragebogen sp\u00e4ter erhielt der 29-J\u00e4hrige eigenen Angaben zufolge f\u00fcr insgesamt 400 Euro seinen F\u00fchrerschein. In der Nacht von Montag auf Dienstag geriet er nun in Landau in eine Verkehrskontrolle und die Beamten stellten fest, dass der F\u00fchrerschein gef\u00e4lscht sein d\u00fcrfte. Gegen den 29-J\u00e4hrigen wurde deshalb ein Strafverfahren wegen Urkundenf\u00e4lschung und Fahren ohne Fahrerlaubnis eingeleitet. Der F\u00fchrerschein wurde sichergestellt und wird zur weiteren \u00dcberpr\u00fcfung an das Landeskriminalamt geschickt.<\/p>\n\n\n\n<h2 class=\"wp-block-heading\">(Landau) &#8211; Radfahrerin bei Unfall leicht verletzt<\/h2>\n\n\n\n<p>Leicht verletzt wurde eine 12-j\u00e4hrige Radfahrerin als sie am Montagmorgen mit einer 65-j\u00e4hrigen Autofahrerin in Landau zusammenstie\u00df. Die 12-J\u00e4hrige war von der Boelckestra\u00dfe nach links in die Hindenburgstra\u00dfe eingebogen und hatte hierbei Vorfahrt der von rechts kommenden Autofahrerin missachtet. Durch den Zusammensto\u00df zog sich die Radfahrerin Prellungen zu und wurde zur Untersuchung in ein Krankenhaus gebracht.<\/p>\n\n\n\n<h2 class=\"wp-block-heading\">(Burrweiler) &#8211; Rotte Wildschweine queren die Fahrbahn<\/h2>\n\n\n\n<div class=\"wp-block-image\"><figure class=\"aligncenter size-full\"><img decoding=\"async\" loading=\"lazy\" width=\"800\" height=\"436\" src=\"https:\/\/speyer24news.com\/wp-content\/uploads\/2021\/03\/Wildschweine.jpg\" alt=\"\" class=\"wp-image-33715\" srcset=\"https:\/\/speyer24news.com\/wp-content\/uploads\/2021\/03\/Wildschweine.jpg 800w, https:\/\/speyer24news.com\/wp-content\/uploads\/2021\/03\/Wildschweine-300x164.jpg 300w, https:\/\/speyer24news.com\/wp-content\/uploads\/2021\/03\/Wildschweine-768x419.jpg 768w\" sizes=\"(max-width: 800px) 100vw, 800px\" \/><\/figure><\/div>\n\n\n\n<p>Vor einer Rotte Wildschweine erschrak eine 31 Jahre alte Autofahrerin am fr\u00fchen Morgen (07.12.2021, 02.30 Uhr) auf der L 507 zwischen Hainfeld und Burrweiler, als diese pl\u00f6tzlich die Fahrbahn querten. Trotz Vollbremsung kollidierte die Frau mit einem der Tiere, welches anschlie\u00dfend in den Burrweilerer Wald fl\u00fcchtete. Wichtig f\u00fcr Autofahrer: Ein Tier kommt selten allein. Jeder Autofahrer muss damit rechnen, dass weitere Tiere folgen. Wenn es zum Wildunfall kommt, sofort den Warnblinker einschalten, die Unfallstelle absichern und die Polizei verst\u00e4ndigen. Vorsicht bei angefahrenen oder noch lebenden Tieren! Sie k\u00f6nnen zur Gefahr werden.<\/p>\n\n\n\n<h2 class=\"wp-block-heading\">(Edenkoben) &#8211; Einbruch in Apotheke<a href=\"https:\/\/www.facebook.com\/sharer.php?u=https%3A%2F%2Fwww.presseportal.de%2Fblaulicht%2Fpm%2F117686%2F5093092%2F%3Futm_source%3Dfacebook%26utm_medium%3Dsocial\"><\/a><a href=\"https:\/\/twitter.com\/intent\/tweet?text=POL-PDLD%3A%20Edenkoben%20-%20Einbruch%20in%20Apotheke&amp;url=https%3A%2F%2Fwww.presseportal.de%2Fblaulicht%2Fpm%2F117686%2F5093092%2F%3Futm_source%3Dtwitter%26utm_medium%3Dsocial&amp;hashtags=ots&amp;lang=de\"><\/a><a href=\"https:\/\/web.whatsapp.com\/send?text=POL-PDLD%3A%20Edenkoben%20-%20Einbruch%20in%20Apotheke%0A%0Ahttps%3A%2F%2Fwww.presseportal.de%2Fblaulicht%2Fpm%2F117686%2F5093092%2F%3Futm_source%3Dwhatsapp%26utm_medium%3Dsocial\"><\/a><a href=\"https:\/\/www.xing.com\/app\/user?op=share;url=https%3A%2F%2Fwww.presseportal.de%2Fblaulicht%2Fpm%2F117686%2F5093092%2F%3Futm_source%3Dxing%26utm_medium%3Dsocial\"><\/a><a href=\"http:\/\/www.linkedin.com\/shareArticle?mini=true&amp;url=https%3A%2F%2Fwww.presseportal.de%2Fblaulicht%2Fpm%2F117686%2F5093092%2F%3Futm_source%3Dlinkedin%26utm_medium%3Dsocial&amp;title=POL-PDLD%3A+Edenkoben+-+Einbruch+in+Apotheke\"><\/a><a href=\"mailto:?subject=POL-PDLD%3A%20Edenkoben%20-%20Einbruch%20in%20Apotheke&amp;body=https:\/\/www.presseportal.de\/blaulicht\/pm\/117686\/5093092\"><\/a><\/h2>\n\n\n\n<p>Unbekannte sind in der Nacht von Montag auf Dienstag in eine Apotheke in der Weinstra\u00dfe eingebrochen. \u00dcber den Haupeingang gelangten sie in den Verkaufsraum sowie in das engrenzende B\u00fcro, wo sie ersten Ermittlungen zufolge Bargeld entwendeten. Zu den T\u00e4tern fehlt bislang jede Spur. Hinweise oder verd\u00e4chtige Wahrnehmungen nimmt die Polizei Edenkoben unter der Telefonnummer 06323 9550 entgegen.<\/p>\n\n\n\n<h2 class=\"wp-block-heading\">(Edenkoben) &#8211; Langfinger unterwegs<a href=\"https:\/\/www.facebook.com\/sharer.php?u=https%3A%2F%2Fwww.presseportal.de%2Fblaulicht%2Fpm%2F117686%2F5093087%2F%3Futm_source%3Dfacebook%26utm_medium%3Dsocial\"><\/a><a href=\"https:\/\/twitter.com\/intent\/tweet?text=POL-PDLD%3A%20Edenkoben%20-%20Langfinger%20unterwegs&amp;url=https%3A%2F%2Fwww.presseportal.de%2Fblaulicht%2Fpm%2F117686%2F5093087%2F%3Futm_source%3Dtwitter%26utm_medium%3Dsocial&amp;hashtags=ots&amp;lang=de\"><\/a><a href=\"https:\/\/web.whatsapp.com\/send?text=POL-PDLD%3A%20Edenkoben%20-%20Langfinger%20unterwegs%0A%0Ahttps%3A%2F%2Fwww.presseportal.de%2Fblaulicht%2Fpm%2F117686%2F5093087%2F%3Futm_source%3Dwhatsapp%26utm_medium%3Dsocial\"><\/a><a href=\"https:\/\/www.xing.com\/app\/user?op=share;url=https%3A%2F%2Fwww.presseportal.de%2Fblaulicht%2Fpm%2F117686%2F5093087%2F%3Futm_source%3Dxing%26utm_medium%3Dsocial\"><\/a><a href=\"http:\/\/www.linkedin.com\/shareArticle?mini=true&amp;url=https%3A%2F%2Fwww.presseportal.de%2Fblaulicht%2Fpm%2F117686%2F5093087%2F%3Futm_source%3Dlinkedin%26utm_medium%3Dsocial&amp;title=POL-PDLD%3A+Edenkoben+-+Langfinger+unterwegs\"><\/a><a href=\"mailto:?subject=POL-PDLD%3A%20Edenkoben%20-%20Langfinger%20unterwegs&amp;body=https:\/\/www.presseportal.de\/blaulicht\/pm\/117686\/5093087\"><\/a><\/h2>\n\n\n\n<p>In einem Lebensmitteldiscounter in der Luitpoldstra\u00dfe wurde Montagvormittag einem 67 und 72 Jahre alten Mann das Portemonnaie gestohlen. Bislang unbekannte T\u00e4ter hatten sich unbemerkt an den Jackentaschen der beiden M\u00e4nnern zu schaffen gemacht und die Geldb\u00f6rsen mit Bargeld und diversen Bankkarten herausgezogen. Vermutungen zufolge d\u00fcrfte es sich bei den Unbekannten um eine Frau mit blonden Haaren sowie deren Partner gehandelt haben. Eine n\u00e4here Personenbeschreibung liegt derzeit nicht vor. Hinweise erbittet die Polizei Edenkoben unter der Telefonnummer 06323 9550. Im Menschenget\u00fcmmel haben Taschendiebe oft ein leichtes Spiel, weshalb wir zu erh\u00f6hter Vorsicht mahnen.<\/p>\n\n\n\n<h2 class=\"wp-block-heading\">(B 39 \/ Neustadt) &#8211; Geschwindigkeitskontrolle auf der B 39<\/h2>\n\n\n\n<p>Am 06.12.2021 zwischen 11:45 Uhr und 13:00 Uhr wurde auf der B39 H\u00f6he Sportplatz Geinsheim eine Geschwindigkeitskontrolle durchgef\u00fchrt. Insgesamt waren sechs Autofahrerinnen und Autofahrer zu schnell unterwegs. Die h\u00f6chste gemessene Geschwindigkeit lag bei 92 km\/h bei zul\u00e4ssiger H\u00f6chstgeschwindigkeit von 70 km\/h.<\/p>\n\n\n\n<h2 class=\"wp-block-heading\">(A 61 \/ Dienstgebiet Neustadt) &#8211; Polizei &#8222;bremst&#8220; Schwerlastverkehr aus und holt ernsthafte Gefahren f\u00fcr die Verkehrssicherheit von der Stra\u00dfe<\/h2>\n\n\n\n<div class=\"wp-block-image\"><figure class=\"aligncenter size-full\"><img decoding=\"async\" loading=\"lazy\" width=\"800\" height=\"533\" src=\"https:\/\/speyer24news.com\/wp-content\/uploads\/2021\/12\/SVKT.jpg\" alt=\"\" class=\"wp-image-43058\" srcset=\"https:\/\/speyer24news.com\/wp-content\/uploads\/2021\/12\/SVKT.jpg 800w, https:\/\/speyer24news.com\/wp-content\/uploads\/2021\/12\/SVKT-300x200.jpg 300w, https:\/\/speyer24news.com\/wp-content\/uploads\/2021\/12\/SVKT-768x512.jpg 768w\" sizes=\"(max-width: 800px) 100vw, 800px\" \/><\/figure><\/div>\n\n\n\n<p>Im Rahmen einer polizeilichen Kontrolle am 06.12.2021 auf der BAB 61 stellten die Kontrollkr\u00e4fte des Schwerverkehrskontrolltrupps der Polizeidirektion Neustadt gleich bei mehreren Fahrzeugen des gewerblichen G\u00fcterverkehrs erhebliche M\u00e4ngel fest, die zu einem verkehrsunsicheren Zustand des Fahrzeugs f\u00fchrten. &#8222;Just in time&#8220; wurde ein Gefahrguttransporter in die Kontrollstelle geleitet. Dieser befand sich zielbewusst auf Anfahrt zur Beladung mit hochentz\u00fcndlichem Gut. Bei der technischen Kontrolle fiel bei einem der Reifen ein bis zur Karkasse reichender, tiefer Einschnitt auf. Schwer beladen mit Gefahrstoffen h\u00e4tten bereits kleine Hindernisse auf der Fahrbahn ausgereicht, um diesen Reifen zu einer gro\u00dfen Gefahr f\u00fcr den Fahrer und weitere Verkehrsteilnehmer erwachsen zu lassen. Gl\u00fccklicherweise konnte dieser Mangel rechtzeitig entdeckt und ein Reifenwechsel noch vor Beladung veranlasst werden. Der Fahrer eines deutschen Sattelzugs hatte beim Ankoppeln des sieben Tonnen schweren Anh\u00e4ngers offenbar vergessen, die Druckluftkabel der Bremsanlage zu verbinden und f\u00fchrte den Zug ohne jegliche Bremsfunktion des Anh\u00e4ngers \u00fcber die Autobahn. Bei einer Gefahrenbremsung h\u00e4tte ihm das zum Verh\u00e4ngnis werden k\u00f6nnen. Dass einer der Reifen des Anh\u00e4ngers zudem vollkommen abgefahren war, machte das Gesamtbild, das sich den Kontrolleuren offenbarte, nicht besser. Konnte der Bremsmangel zwar schnell behoben und die Gefahr damit beseitigt werden, verhinderte jedoch der mangelhafte Reifen die Fortsetzung der Fahrt. Die 4,17 m H\u00f6he eines spanischen Sattelschleppers waren den Kontrollkr\u00e4ften des Schwerverkehrskontrolltrupps bei Vermessung eindeutig zu hoch. 4,00 m Maximalh\u00f6he sind genehmigungsfrei zul\u00e4ssig. Eine Genehmigung konnte der Fahrer des 40-Tonners nicht vorlegen. Das Fahrzeug befand sich auf dem Weg von Spanien ins hessische Bad Hersfeld. Nach Beanstandung des oberen Fahrzeugendes folgte die technische Kontrolle von unten. Hier traf ein Techniker der Kontrolleinheit noch viel verheerendere Feststellungen. Die Bremsen des Sattelzugs waren defekt. Anstatt diese jedoch reparieren zu lassen, wurden die Bremsschl\u00e4uche abgeklemmt, um das Entweichen von Druckluft zu verhindern, dem System eine intakte Bremsanlage vorzut\u00e4uschen und das Fahrzeug trotz des verkehrsunsicheren Zustands im Stra\u00dfenverkehr f\u00fchren zu k\u00f6nnen. Eine Vorsatztat! Hierf\u00fcr werden sich Fahrer und Unternehmer verantworten m\u00fcssen. Den Fahrer erwartet ein hohes Bu\u00dfgeld, den Unternehmer die Einziehung des gesamten Transportertrags. Die Fahrt endete an Ort und Stelle. Gl\u00fccklicherweise konnten all diese Feststellungen noch rechtzeitig vor einem Schadenseintritt getroffen werden.<\/p>\n\n\n\n<h2 class=\"wp-block-heading\">(Wachenheim) &#8211; Posten umgefahren<\/h2>\n\n\n\n<p>Im Zeitraum von 05.12.2021 17:00 Uhr bis 06.12.2021, 11:00 Uhr wurde ein im Boden einbetonierter Begrenzungsposten Am Anger in Wachenheim besch\u00e4digt. Ein bislang unbekannter Verkehrsteilnehmer besch\u00e4digte vermutlich beim Rangieren, aufgrund ungen\u00fcgenden Abstandes, den Pfosten und entfernte sich anschlie\u00dfend unerlaubt von der Unfallstelle. Es entstand ein Sachschaden in H\u00f6he von 300 Euro. Es liegen keinerlei Hinweise auf den Verursacher vor. Die Polizei Bad D\u00fcrkheim bittet um Hinweise unter 06322 963 0 oder per E-Mail an\u00a0<a target=\"_blank\" rel=\"noreferrer noopener\" href=\"mailto:pibadduerkheim@polizei.rlp.de\">pibadduerkheim@polizei.rlp.de<\/a><\/p>\n\n\n\n<h2 class=\"wp-block-heading\">(Ellerstadt) &#8211; Einbruchsversuch<\/h2>\n\n\n\n<p>Am 07.12.2021 gegen 00:30 Uhr kam es in der Bruchstra\u00dfe in Ellerstadt zu einem Einbruchsversuch in eine dortige Garage. Ein bislang unbekannter T\u00e4ter \u00f6ffnete die geschlossene aber nicht abgeschlossene Garage. Der Hausbesitzer h\u00f6rte dies und ging in seine Garage. Daraufhin rannte der unbekannte T\u00e4ter davon. Eine sofort eingeleitete Personenfahndung verlief negativ. Der T\u00e4ter war ca. 185 cm gro\u00df und hatte sein Gesicht verdeckt. Er trug einen hellen Hoodie, schwarze Hosen und Turnschuhe. Die Kriminalpolizei Bad D\u00fcrkheim hat die Ermittlungen aufgenommen und bittet um Hinweise unter 06322 963 0 oder per E-Mail an\u00a0<a target=\"_blank\" rel=\"noreferrer noopener\" href=\"mailto:pibadduerkheim@polizei.rlp.de\">pibadduerkheim@polizei.rlp.de<\/a><\/p>\n\n\n\n<h2 class=\"wp-block-heading\">(Weisenheim a.S.) &#8211; Brand eines M\u00fclleimers<\/h2>\n\n\n\n<p>Am 07.12.2021 gegen 01:30 Uhr wurde ein brennender M\u00fclleimer in der Beethovenstra\u00dfe in Weisenheim am Sand gemeldet. Bislang unbekannte T\u00e4ter entz\u00fcndeten die von der Stra\u00dfe aus frei zug\u00e4ngliche Biom\u00fclltonne, die direkt an der Hauswand des mit zwei Personen bewohnten Einfamilienhauses stand. Die Biom\u00fclltonne schmolz komplett, an der Hausfassade entstanden eine 3 Meter hohe Ru\u00dfspur. Die brennende M\u00fclltonne wurde durch einen Nachbar festgestellt, der die Flammen der Tonne noch vor Alarmierung der Feuerwehr mit Erde erstickte und die Bewohner informierte. Nach jetzigem Stand der Ermittlungen wird eine Selbstentz\u00fcndung ausgeschlossen. Fahndungsma\u00dfnahmen nach dem T\u00e4ter verliefen negativ. Die freiwillige Feuerwehr kam ebenfalls vor Ort. Verursacher und Grund f\u00fcr das Feuer sind derzeit nicht bekannt. Es entstand ein Sachschaden von 1000 Euro. Die Polizei Bad D\u00fcrkheim bittet um Hinweise unter 06322 963 0 oder per E-Mail an\u00a0<a target=\"_blank\" rel=\"noreferrer noopener\" href=\"mailto:pibadduerkheim@polizei.rlp.de\">pibadduerkheim@polizei.rlp.de<\/a><\/p>\n\n\n\n<h2 class=\"wp-block-heading\">(Weisenheim a.S.) &#8211; Fahrzeug besch\u00e4digt und gefl\u00fcchtet<\/h2>\n\n\n\n<p>Im Zeitraum von 04.12.2021 14:00 Uhr bis 06.12.2021, 08:00 Uhr wurde ein im Westring in Weisenheim am Sand abgestellter PKW besch\u00e4digt. Ein bislang unbekannter Verkehrsteilnehmer besch\u00e4digte vermutlich beim Vorbeifahren aufgrund ungen\u00fcgenden Abstandes das Fahrzeug und entfernte sich anschlie\u00dfend unerlaubt von der Unfallstelle. Es entstand ein Sachschaden in H\u00f6he von 1000 Euro. Es liegen keinerlei Hinweise auf den Verursacher vor. Die Polizei Bad D\u00fcrkheim bittet um Hinweise unter 06322 963 0 oder per E-Mail an\u00a0<a target=\"_blank\" rel=\"noreferrer noopener\" href=\"mailto:pibadduerkheim@polizei.rlp.de\">pibadduerkheim@polizei.rlp.de<\/a><\/p>\n\n\n\n<h2 class=\"wp-block-heading\">(Frankenthal) &#8211; Verkehrskontrollen im Dienstgebiet<\/h2>\n\n\n\n<p>Am Montag wurden im Zeitraum von 14:00 Uhr bis 20:00 Uhr durch die Polizeiinspektion Frankenthal an zwei \u00d6rtlichkeiten im Dienstgebiet insgesamt \u00fcber 80 Fahrzeuge und Fahrzeugf\u00fchrer kontrolliert.<\/p>\n\n\n\n<p>Hierbei ist aufgefallen, dass an einer Vielzahl der Fahrzeuge die lichttechnischen Einrichtungen defekt waren.<\/p>\n\n\n\n<p>Insbesondere in der dunklen Jahreszeit kann dies sowohl den betroffenen Fahrer als auch andere Verkehrsteilnehmer gef\u00e4hrden. Verkehrsteilnehmer k\u00f6nnen zum Beispiel \u00fcbersehen oder als Zweirad wahrgenommen werden.<\/p>\n\n\n\n<p>Gegen die betroffenen Fahrzeugf\u00fchrer wurde ein Ordnungswidrigkeitenverfahren eingeleitet und diese wurden angewiesen ihr Fahrzeug innerhalb einer bestimmten Frist reparieren zu lassen.<\/p>\n\n\n\n<p>Wir wollen, dass Sie sicher Leben &#8211; Ihre Polizei Frankenthal.<\/p>\n\n\n\n<h2 class=\"wp-block-heading\">(Frankenthal) &#8211; Zahlreiche betr\u00fcgerische Anrufe<\/h2>\n\n\n\n<p>Am Montag kam es im Stadtgebiet Frankenthal zu zahlreichen Telefonaten, bei denen sich die Anrufer als Polizeibeamte oder sonstige Personen ausgegeben haben und mitteilten, dass ein naher Angeh\u00f6riger einen schweren Verkehrsunfall verursacht habe. Hierdurch bef\u00e4nde sich der Angeh\u00f6rige in einer Notlage und br\u00e4uchte umgehend eine hohe Summe an Geld.<\/p>\n\n\n\n<p>Die Angerufenen reagierten richtig und beendeten das Gespr\u00e4ch ohne auf die Forderungen einzugehen.<\/p>\n\n\n\n<p>Immer wieder t\u00e4uschen Betr\u00fcger eine vermeintliche Notlage eines Familienangeh\u00f6rigen und eine damit verbundene finanzielle Notlage vor. So erschleichen sie sich das Vertrauen der ahnungslosen Angerufenen und nutzen deren Gutgl\u00e4ubigkeit und Hilfsbereitschaft gnadenlos aus.<\/p>\n\n\n\n<p>Lassen Sie sich nicht t\u00e4uschen und seien Sie misstrauisch. Wenn Ihnen ein Anruf seltsam erscheint rufen Sie uns an. Wir sind unter der 110 oder der 06233 3130 f\u00fcr Sie da.<\/p>\n\n\n\n<h2 class=\"wp-block-heading\">(Ludwigshafen) &#8211; Betrunkener 31-J\u00e4hriger f\u00e4hrt ohne Fahrerlaubnis gegen Verkehrsschild<\/h2>\n\n\n\n<p>Am 07.12.2021, gegen 01:15 Uhr, fuhr ein 31-J\u00e4hriger mit seinem Auto auf der Dammstra\u00dfe von der B37 kommend in Richtung Wredestra\u00dfe. Im Kurvenbereich verlor er die Kontrolle \u00fcber sein Auto und fuhr \u00fcber eine am rechten Fahrbahnrand befindliche Verkehrsinsel. Dabei stie\u00df er gegen ein Verkehrsschild und \u00fcberfuhr dieses. Dadurch wurde die \u00d6lwanne seines Autos aufgerissen. Ein Zeuge h\u00f6rte zun\u00e4chst einen Knall und sah im Anschluss, wie der 31-J\u00e4hrige aus seinem Auto ausstieg. Auf Nachfrage antwortete der 31-J\u00e4hrige, dass es ihm gut gehe. Danach sei er wieder in sein Auto eingestiegen und habe seine Fahrt fortgesetzt. In der Lutherstra\u00dfe blieb das Auto letztendlich aufgrund des \u00d6lverlustes stehen. Als die von Zeugen benachrichtigten Polizeibeamten eintrafen, stellten sie starken Alkoholgeruch bei dem 31-J\u00e4hrigen fest. Er wurde mit auf die Dienststelle genommen. Ein Atemalkoholtest ergab 2,1 Promille. Zudem stellten sie fest, dass er Auto gefahren war, obwohl seine Fahrerlaubnis bereits entzogen worden war. Die \u00d6lspur wurde von einer Spezialfirma beseitigt und das Auto wurde abgeschleppt.<\/p>\n\n\n\n<h2 class=\"wp-block-heading\">(Ludwigshafen) &#8211; Getr\u00e4nke aus Kleingartenanlage gestohlen<\/h2>\n\n\n\n<p>In der Zeit zwischen dem 05.12.2021, gegen 13:30 Uhr und dem 06.12.2021, gegen 13:00 Uhr, warfen unbekannte T\u00e4ter das Fenster eines Gartenhauses in der Kleingartenanlage Werre in der Brunckstra\u00dfe ein und stahlen zwei Kisten Bier sowie mehrere Flaschen Cola und Fanta.<\/p>\n\n\n\n<p>Wer etwas gesehen hat, wird gebeten, sich bei der Polizeiinspektion Ludwigshafen 2, Telefonnummer 0621 963-2222 oder per E-Mail\u00a0<a target=\"_blank\" rel=\"noreferrer noopener\" href=\"mailto:piludwigshafen2@polizei.rlp.de\">piludwigshafen2@polizei.rlp.de<\/a>\u00a0zu melden .<\/p>\n\n\n\n<h2 class=\"wp-block-heading\">(Ludwigshafen) &#8211; 75-j\u00e4hriger Fahrradfahrer erschreckt sich und st\u00fcrzt<\/h2>\n\n\n\n<p>Am 06.12.2021, gegen 09:00 Uhr, fuhr ein 75-j\u00e4hriger mit seinem Fahrrad auf dem Fahrradstreifen von der Halbergstra\u00dfe kommend in Richtung Wittelsbachstra\u00dfe. Als pl\u00f6tzlich ein 20-J\u00e4hriger, der gerade in einer Parkbucht eingeparkt hatte, aus seinem Auto steigen wollte und die Fahrert\u00fcr \u00f6ffnete, erschrak der 75-J\u00e4hrige und kam aufgrund eines Ausweichman\u00f6vers zu Fall. Er verletzte sich und wurde ins Krankenhaus gebracht.<\/p>\n\n\n\n<h2 class=\"wp-block-heading\">(Ludwigshafen) &#8211; Versuchter Einbruch in ein B\u00fcrokomplex<\/h2>\n\n\n\n<p>In der Zeit zwischen dem 03.12.2021, gegen 00:00 Uhr und dem 06.12.2021, gegen 07:30 Uhr, versuchten unbekannte T\u00e4ter in einen B\u00fcrokomplex am Rathausplatz einzubrechen. Es gelang ihnen jedoch nicht, die T\u00fcr aufzuhebeln. Der Schaden an der T\u00fcr wird auf etwa 1.500 Euro gesch\u00e4tzt.<\/p>\n\n\n\n<p>Wer etwas gesehen hat, wird gebeten, sich an die Kriminalpolizei Ludwigshafen unter der Telefonnummer 0621\/963-2773 oder per E-Mail\u00a0<a target=\"_blank\" rel=\"noreferrer noopener\" href=\"mailto:kiludwigshafen.k1.kdd@polizei.rlp.de\">kiludwigshafen.k1.kdd@polizei.rlp.de<\/a>\u00a0zu wenden.<\/p>\n\n\n\n<h2 class=\"wp-block-heading\">(Ludwigshafen) &#8211; Versuchter Einbruch in ein Institut<\/h2>\n\n\n\n<p>In der Nacht vom 05.12.2021 auf den 06.12.2021 versuchten unbekannte T\u00e4ter, in ein Institut im Hedwig-Laudien-Ring einzubrechen. Es gelang ihnen jedoch nicht, die T\u00fcr aufzuhebeln.<\/p>\n\n\n\n<p>Wer etwas gesehen hat, wird gebeten, sich an die Kriminalpolizei Ludwigshafen unter der Telefonnummer 0621\/963-2773 oder per E-Mail&nbsp;<a target=\"_blank\" rel=\"noreferrer noopener\" href=\"mailto:kiludwigshafen.k1.kdd@polizei.rlp.de\">kiludwigshafen.k1.kdd@polizei.rlp.de<\/a>&nbsp;zu wenden.<\/p>\n\n\n\n<h2 class=\"wp-block-heading\">(Ludwigshafen) &#8211; Werkzeuge aus Baustellencontainer gestohlen<\/h2>\n\n\n\n<p>In der Zeit zwischen dem 03.12.2021, gegen 13:00 Uhr und dem 06.12.2021, gegen 07:00 Uhr, versuchten unbekannte T\u00e4ter mehrere Baustellencontainer auf dem Baustellengel\u00e4nde am Klinikum Ludwigshafen in der Bremserstra\u00dfe aufzubrechen. Bei mehreren Containern gelang es ihnen nicht, diese aufzubrechen. Aus einem Container, den sie aufbrechen konnten, stahlen sie einen Akku-Bohrschrauber und einen Akku-Bohrhammer im Gesamtwert von etwa 2.000 Euro.<\/p>\n\n\n\n<p>Wer etwas gesehen hat, wird gebeten, sich bei der Polizeiinspektion Ludwigshafen 2, Telefonnummer 0621 963-2222 oder per E-Mail\u00a0<a target=\"_blank\" rel=\"noreferrer noopener\" href=\"mailto:piludwigshafen2@polizei.rlp.de\">piludwigshafen2@polizei.rlp.de<\/a>\u00a0zu melden .<\/p>\n\n\n\n<h2 class=\"wp-block-heading\">(Mannheim) &#8211; Betrug durch sogenanntes &#8222;Enkeltrick-Ph\u00e4nomen&#8220;<\/h2>\n\n\n\n<p>Opfer des sogenannten &#8222;Enkeltrick-Ph\u00e4nomens&#8220; wurde am Montag eine 61-j\u00e4hrige Frau aus dem Stadtteil Sandhofen.<\/p>\n\n\n\n<p>Am Vormittag hatte sie eine Whatsapp auf ihrem Handy erhalten, in der angeblich ihre Tochter wegen Zahlungsschwierigkeiten beim Hauskauf um Geld bat. Die Kommunikation zog sich \u00fcber mehrere Stunden bis in die Abendstunden hinein, in denen die Mannheimerin sich zu mehreren \u00dcberweisungen mit einer Gesamtsumme von \u00fcber 5.000.- Euro \u00fcberreden lie\u00df.<\/p>\n\n\n\n<p>Als ihr das Verhalten ihrer &#8222;Tochter&#8220; doch &#8222;Spanisch&#8220; vorkam, rief sie sie unter der regul\u00e4ren Nummer an und konnte so den Betrug erkennen, weitere Teilzahlungen stoppen und Anzeige erstatten.<\/p>\n\n\n\n<p>Das Betrugsdezernat der Kriminalpolizeidirektion Heidelberg hat die weiteren Ermittlungen \u00fcbernommen.<\/p>\n\n\n\n<h2 class=\"wp-block-heading\">(Mannheim) &#8211; Zwei hochwertige E-Biks bei Einbruch gestohlen; Zeugen gesucht<\/h2>\n\n\n\n<p>Zwei hochwertige E-Bikes der Marke Winora wurden in der Nacht zum Montag in der Neckarstadt-Ost gestohlen.<\/p>\n\n\n\n<p>Der oder die T\u00e4ter brachen hierzu \u00fcber ein Fenster in die Garage eines Wohnhauses in der Siegstra\u00dfe ein und transportierten anschlie\u00dfend die R\u00e4der wom\u00f6glich mit einem Transporter ab. Hausbewohner h\u00f6rten zumindest am Montagmorgen gegen 06.30 Uhr einen Transporter vor dem Anwesen starten und davonfahren.<\/p>\n\n\n\n<p>Der Gesamtschaden bel\u00e4uft sich auf \u00fcber 5.000. Euro.<\/p>\n\n\n\n<p>Zeugen, die in den fr\u00fchen Morgenstunden des 6. Dezember verd\u00e4chtige Wahrnehmungen rund um die Siegstra\u00dfe gemacht haben, denen insbesondere auch ein Transporter oder Sprinter auffiel, werden gebeten, sich beim Polizeirevier Mannheim-Innenstadt, Tel.: 0621\/3301-0 zu melden.<\/p>\n\n\n\n<h2 class=\"wp-block-heading\">(Mannheim-Innenstadt) &#8211; Auto aufgebrochen und Rucksack entwendet<\/h2>\n\n\n\n<p>Am Montag zwischen 13:15 Uhr und 13:35 Uhr schlug ein bislang unbekannter T\u00e4ter im Quadrat E 4 die Seitenscheibe eines Fiat ein und entwendete daraus einen Rucksack. In dem Rucksack befanden sich neben pers\u00f6nlichen Dokumenten und Bankkarten auch 120 Euro Bargeld. Zeugen, die die Tat beobachtet oder verd\u00e4chtige Wahrnehmungen gemacht haben, werden gebeten, sich unter der Telefonnummer 0621\/1258-0 beim Polizeirevier Mannheim-Innenstadt zu melden.<\/p>\n\n\n\n<h2 class=\"wp-block-heading\">(Mannheim-Neckarstadt) &#8211; Unfall mit drei Fahrzeugen; zwei Personen verletzt \/ Aktuelle Verkehrsbehinderungen und R\u00fcckstau<\/h2>\n\n\n\n<h3 class=\"has-text-align-center wp-block-heading\">Pressemeldung Nr.1<\/h3>\n\n\n\n<p>Am Dienstagmorgen gegen 07:30 Uhr stie\u00df ein Sprinter aus bislang nicht bekannten Gr\u00fcnden in der Ludwig-Jolly-Stra\u00dfe (B44) gegen einen PKW und schob diesen auf ein weiteres Fahrzeug. Nach aktuellem Kenntnisstand wurden zwei Personen verletzt. Aufgrund der Unfallaufnahme und den Bergungsarbeiten kommt es derzeit zu Verkehrsbehinderungen und R\u00fcckstau bis zur Jungbuschbr\u00fccke.<\/p>\n\n\n\n<h3 class=\"has-text-align-center wp-block-heading\">Pressemeldung Nr. 2<\/h3>\n\n\n\n<p>Am Dienstagmorgen gegen 07:30 Uhr befuhr ein 52-J\u00e4hriger mit seinem Sprinter die Jungbuschbr\u00fccke in Richtung Unterm\u00fchlaustra\u00dfe. Aus bislang nicht bekannter Ursache bemerkte der 52-J\u00e4hrige die an der roten Ampel warteten Fahrzeuge in der Ludwig-Jolly-Stra\u00dfe zu sp\u00e4t und fuhr vermutlich ungebremst auf einen Mazda auf. In der Folge wurde dieser wiederum auf einen vor ihm wartenden Ford geschoben. Bei dem Mazda l\u00f6sten daraufhin die Airbags aus. W\u00e4hrend der Fahrer des Sprinters unverletzt blieb, mussten die 57-j\u00e4hrige Mazda-Fahrerin und deren 59-j\u00e4hriger Beifahrer in eine Klinik gebracht werden. \u00dcber die Schwere der Verletzungen ist bislang nichts bekannt. Der 39-j\u00e4hrige Fahrer des Fords wurde bei dem Zusammensto\u00df schwer verletzt. Auch er wurde mit einem Rettungswagen in ein Krankenhaus gebracht. Insgesamt entstand ein Sachschaden in H\u00f6he von rund 24.000 Euro. Der Mazda war in der Folge nicht mehr fahrbereit und musste abgeschleppt werden. Zum Zeitpunkt der Unfallaufnahme war die rechte Fahrspur zeitweise gesperrt. Es kam es zu erheblichen Verkehrsbehinderungen und Staubildung. Gegen 9:15 Uhr war die Unfallstelle ger\u00e4umt und die Fahrbahn konnte wieder freigegeben werden.<\/p>\n\n\n\n<p>Das Polizeirevier Mannheim-Neckarstadt hat die weiteren Ermittlungen aufgenommen.<\/p>\n\n\n\n<h2 class=\"wp-block-heading\">(Mannheim-Sch\u00f6nau) &#8211; Raub auf Stra\u00dfe \/ Zeugen gesucht<\/h2>\n\n\n\n<div class=\"wp-block-image\"><figure class=\"aligncenter size-full\"><img decoding=\"async\" loading=\"lazy\" width=\"801\" height=\"600\" src=\"https:\/\/speyer24news.com\/wp-content\/uploads\/2020\/05\/Zeugen-gesucht-Neutral.jpg\" alt=\"\" class=\"wp-image-26598\" srcset=\"https:\/\/speyer24news.com\/wp-content\/uploads\/2020\/05\/Zeugen-gesucht-Neutral.jpg 801w, https:\/\/speyer24news.com\/wp-content\/uploads\/2020\/05\/Zeugen-gesucht-Neutral-300x225.jpg 300w, https:\/\/speyer24news.com\/wp-content\/uploads\/2020\/05\/Zeugen-gesucht-Neutral-768x575.jpg 768w, https:\/\/speyer24news.com\/wp-content\/uploads\/2020\/05\/Zeugen-gesucht-Neutral-678x509.jpg 678w, https:\/\/speyer24news.com\/wp-content\/uploads\/2020\/05\/Zeugen-gesucht-Neutral-326x245.jpg 326w, https:\/\/speyer24news.com\/wp-content\/uploads\/2020\/05\/Zeugen-gesucht-Neutral-80x60.jpg 80w\" sizes=\"(max-width: 801px) 100vw, 801px\" \/><\/figure><\/div>\n\n\n\n<p>Am Montagabend wurde ein 24-J\u00e4hriger in der Friedrich-D\u00fcrr-Stra\u00dfe von einem bislang unbekannten T\u00e4ter beraubt. Der junge Mann ging zu Fu\u00df, als er um 18:15 Uhr von einem Mann auf Bargeld angesprochen wurde. Also dieser die Herausgabe verneinte, z\u00fcckte der T\u00e4ter ein Messer und drohte dem 24-J\u00e4hrigen damit. Hierauf \u00fcbergab er mehr als 100 Euro Bargeld &#8211; der R\u00e4uber fl\u00fcchtete anschlie\u00dfend mit der Beute. Die Kriminalpolizei hat die Ermittlungen aufgenommen und sucht in diesem Zusammenhang nach Zeugen. <\/p>\n\n\n\n<h4 class=\"wp-block-heading\">Der m\u00e4nnliche T\u00e4ter kann wie folgt beschrieben werden: <\/h4>\n\n\n\n<ul><li><strong>30-35 Jahre alt<\/strong><\/li><li><strong>ca. 1,90 m gro\u00df<\/strong><\/li><li><strong>schwarzer Vollbart<\/strong><\/li><li><strong>trug eine schwarze Wollm\u00fctze<\/strong><\/li><\/ul>\n\n\n\n<p>Zeugen des Vorfalls oder Hinweisgeber werden gebeten, sich unter 0621 174-4444 an die Ermittler zu wenden.<\/p>\n\n\n\n<h2 class=\"wp-block-heading\">(Mannheim-Sch\u00f6nau) &#8211; Bahnarbeiter finden herrenloses Auto \/ Polizei sucht Zeugen<\/h2>\n\n\n\n<p>Am Montagabend verst\u00e4ndigte ein Bahnarbeiter die Polizei, da ihm im Stadtteil Sch\u00f6nau ein herrenloses Auto mit eingeschaltem Warnblinklicht aufgefallen war. Beim Eintreffen einer Polizeistreife fanden die Beamten den Peugeot in der Sonderburger Stra\u00dfe unterhalb der Walter-Pahl-Br\u00fccke mit eingeschaltetem Warnblinklicht. Der linke vordere Reifen war besch\u00e4digt und beide Airbags hatten ausgel\u00f6st. Der Fahrzeugschl\u00fcssel steckte im Z\u00fcndschloss, vom Fahrer fehlte jede Spur. Nach derzeitigem Erkenntnisstand hatte der Fahrer des Fahrzeugs offenbar die Kontrolle \u00fcber sein Fahrzeug verloren und war gegen den Bordstein gesto\u00dfen, wodurch der Reifen besch\u00e4digt wurde und eine Weiterfahrt nicht mehr m\u00f6glich war. Unter Zur\u00fccklassung des Fahrzeugs hatte sich der Fahrer dann offensichtlich von der Unfallstelle entfernt.<\/p>\n\n\n\n<p>Bei der \u00dcberpr\u00fcfung der angebrachten Kennzeichenschilder stellten die Polizisten fest, dass diese f\u00fcr ein anderes Fahrzeug ausgegeben waren und bereits im Juni als gestohlen gemeldet worden waren.<\/p>\n\n\n\n<p>Anhand der Fahrgestellnummer wurde der letzte eingetragene Halter des Fahrzeugs ermittelt. Diese hatte das Fahrzeug jedoch kurz zuvor an einen 19-j\u00e4hrigen Mann verkauft. Die Ermittlungen des Polizeireviers Mannheim-Sandhofen gegen den Mann, der nicht im Besitz einer Fahrerlaubnis ist, dauern an. Die Beamten ermitteln nun wegen Verdacht des Diebstahls von Kennzeichen, wegen Kennzeichenmissbrauchs, Fahrens ohne Fahrerlaubnis, Unfallflucht, Versto\u00df gegen das Pflichtversicherungsgesetz und das Kraftfahrzeugsteuergesetz.<\/p>\n\n\n\n<h2 class=\"wp-block-heading\">(A 6 \/ Mannheim-Rheinau) &#8211; Fahrzeugbrand auf dem rechten Fahrstreifen<\/h2>\n\n\n\n<h3 class=\"has-text-align-center wp-block-heading\">Pressemitteilung Nr. 1<\/h3>\n\n\n\n<p>Am Dienstag gegen 16:05 Uhr geriet auf der A6 kurz nach der Anschlussstelle Mannheim\/Schwetzingen in Fahrtrichtung Heilbronn ein Auto in Vollbrand. Die Brandursache ist derzeit noch unklar. Die Einsatzkr\u00e4fte der Feuerwehr konnten das Feuer jedoch schnell l\u00f6schen. Verletzt wurde gl\u00fccklicherweise niemand. F\u00fcr den Zeitraum der L\u00f6sch- und Bergungsarbeiten ist der rechte Fahrstreifen gesperrt. Der Verkehr wir \u00fcber den linken Fahrstreifen an der Einsatz\u00f6rtlichkeit vorbeigeleitet.<\/p>\n\n\n\n<h3 class=\"has-text-align-center wp-block-heading\">Pressemitteilung Nr. 2<\/h3>\n\n\n\n<p>Nachdem die Bergungs- und Reinigungsarbeiten nach einem Fahrzeugvollbrand abgeschlossen sind, konnte der rechte Fahrstreifen seit 17.48 Uhr wieder f\u00fcr den Fahrzeugverker freigegeben werden. Nach derzeitigem Ermittlungsstand ist ein technischer Defekt f\u00fcr die Brandausl\u00f6sung verantwortlich. Aufgrund der Sperrung bildete sich ein R\u00fcckstau bis l\u00e4ngstens 12 km. Verletzte waren nicht zu verzeichnen. \u00dcber die Schadensh\u00f6he k\u00f6nnen bislang noch keine Angaben gemacht werden.<\/p>\n\n\n\n<h2 class=\"wp-block-heading\">(Mannheim-Feudenheim) &#8211; Verkehrsunfall mit schwerverletztem Fu\u00dfg\u00e4nger<\/h2>\n\n\n\n<p>Ein Fu\u00dfg\u00e4nger wurde bei einem Verkehrsunfall am Montagabend im Stadtteil Feudenheim schwer verletzt. Eine 56-j\u00e4hrige Frau war mit ihrem Pkw auf der Stra\u00dfe &#8222;Am Aubuckel&#8220; in Richtung Wingertsbuckel unterwegs. In H\u00f6he der Ampel an der Stra\u00dfenbahnhaltestelle &#8222;Adolf-Damaschke-Ring&#8220; \u00fcberquerte ein 30-j\u00e4hriger Mann bei Rotlicht die Ampel. Die Autofahrerin versuchte noch durch eine Gefahrenbremsung einen Zusammensto\u00df zu vermeiden, erfasste jedoch dennoch den Fu\u00dfg\u00e4nger, der durch den Zusammensto\u00df auf die Fahrbahn st\u00fcrzte. Dabei zog er sich schwere Verletzungen zu und wurde nach not\u00e4rztlicher Erstversorgung in eine Klinik eingeliefert, wo er station\u00e4r aufgenommen wurde. Lebensgefahr wurde durch die behandelnden \u00c4rzte ausgeschlossen.<\/p>\n\n\n\n<h2 class=\"wp-block-heading\">(Heidelberg \/ Mannheim) &#8211; Kontrollma\u00dfnahmen f\u00fcr eine sichere und gesunde Weihnachtszeit<\/h2>\n\n\n\n<div class=\"wp-block-image\"><figure class=\"aligncenter size-full\"><img decoding=\"async\" loading=\"lazy\" width=\"500\" height=\"500\" src=\"https:\/\/speyer24news.com\/wp-content\/uploads\/2020\/04\/virus-4810549_1920.png\" alt=\"\" class=\"wp-image-26186\" srcset=\"https:\/\/speyer24news.com\/wp-content\/uploads\/2020\/04\/virus-4810549_1920.png 500w, https:\/\/speyer24news.com\/wp-content\/uploads\/2020\/04\/virus-4810549_1920-150x150.png 150w, https:\/\/speyer24news.com\/wp-content\/uploads\/2020\/04\/virus-4810549_1920-300x300.png 300w\" sizes=\"(max-width: 500px) 100vw, 500px\" \/><\/figure><\/div>\n\n\n\n<p>Am vergangenen Wochenende waren wieder Beamtinnen und Beamte des Polizeipr\u00e4sidiums Mannheim zur Kontrolle und Durchsetzung der geltenden Corona-Regeln im Einsatz. Aufgrund der zu erwartenden Besucherzahl in der Vorweihnachtszeit, lag der Schwerpunkt der Ma\u00dfnahmen auf den Fu\u00dfg\u00e4ngerzonen in Heidelberg und Mannheim. So waren alleine in den beiden kreisfreien St\u00e4dten am Samstag \u00fcber 50 Beamtinnen und Beamte zus\u00e4tzlich zu Fu\u00df unterwegs. Mit vor Ort waren auch wieder die speziell geschulten Kommunikationsteams. Ziel der Ma\u00dfnahmen war, wie bereits bei vorangegangenen Eins\u00e4tzen, die Sensibilisierung zur Einhaltung der g\u00fcltigen Corona-Regeln. Den Beamtinnen und Beamten lag hierbei insbesondere das Einhalten der Abst\u00e4nde untereinander sowie das Tragen der Mund-Nasen-Bedeckung am Herzen. Dabei wurden mehr als 1100 Kontaktgespr\u00e4che gef\u00fchrt. Der \u00fcberwiegende Anteil der Stadtbesucher hielt sich an die g\u00fcltigen Regelungen. 504 Personen wurden auf einen zu geringen Abstand oder die fehlende Maske hingewiesen und reagierten in der gro\u00dfen Masse mit Verst\u00e4ndnis. Lediglich zwei Personen gelangten aufgrund von Verst\u00f6\u00dfen zur Anzeige. Viele B\u00fcrger suchten von sich aus das Gespr\u00e4ch mit den Beamtinnen und Beamten um sich \u00fcber die g\u00fcltigen Regelungen zu informieren. Die polizeilichen Ma\u00dfnahmen stie\u00dfen nicht nur auf Verst\u00e4ndnis, sondern vielmehr auf breite Zustimmung.<\/p>\n\n\n\n<p>In der laufenden Woche sind weitere Kontrollen geplant. So soll zum einen in Heidelberg in einer gro\u00df angelegten Schwerpunktaktion die Maskentragepflicht im \u00d6ffentlichen Personennahverkehr kontrolliert werden. Die Kontrollen finden gemeinsam mit der Stadt Heidelberg sowie der RNV statt. Zum anderen soll in Mannheim, gemeinsam mit der Stadt Mannheim, in einer weiteren Schwerpunktaktion die Einhaltung der Ausgangssperre f\u00fcr nichtimmunisierte Personen \u00fcberpr\u00fcft werden. Ziel aller Ma\u00dfnahmen ist es, zur Einhaltung der g\u00fcltigen Regelungen zu ermahnen und zum Brechen der aktuellen, vierten Corona-Welle beizutragen.<\/p>\n\n\n\n<h2 class=\"wp-block-heading\">(Heidelberg) &#8211; Einhaltung Maskenpflicht und 3-G-Regel; gemeinsame Schwerpunktkontrollen von rnv, Stadt Heidelberg und Polizeipr\u00e4sidium Mannheim in \u00f6ffentlichen Verkehrsmitteln; Bilanz<\/h2>\n\n\n\n<div class=\"wp-block-image\"><figure class=\"aligncenter size-full\"><img decoding=\"async\" loading=\"lazy\" width=\"600\" height=\"603\" src=\"https:\/\/speyer24news.com\/wp-content\/uploads\/2021\/06\/Maskenpflicht.jpeg\" alt=\"\" class=\"wp-image-37618\" srcset=\"https:\/\/speyer24news.com\/wp-content\/uploads\/2021\/06\/Maskenpflicht.jpeg 600w, https:\/\/speyer24news.com\/wp-content\/uploads\/2021\/06\/Maskenpflicht-150x150.jpeg 150w\" sizes=\"(max-width: 600px) 100vw, 600px\" \/><\/figure><\/div>\n\n\n\n<p>Am fr\u00fchen Dienstagabend f\u00fchrten die rnv, der Kommunale Ordnungsdienst der Stadt Heidelberg sowie das Polizeipr\u00e4sidium Mannheim umfangreiche Kontrollen im \u00d6ffentlichen Personennahverkehr durch. Der Schwerpunkt lag hierbei auf der Einhaltung der Maskentragepflicht sowie der 3-G-Regel in \u00f6ffentlichen Verkehrsmitteln.<\/p>\n\n\n\n<p>Zwanzig gemeinsame Kontrollteams, mit insgesamt \u00fcber 100 Polizeibeamtinnen und -beamten sowie Besch\u00e4ftigten der beteiligten Organisationen, kontrollierten Busse und Stra\u00dfenbahnen an mehreren Haltestellen im gesamten Stadtgebiet. Hauptaugenmerk lag dabei auf einem der wichtigsten Verkehrsknotenpunkte Heidelbergs, dem Bismarckplatz.<\/p>\n\n\n\n<p>Zwischen 16.00 und 20.00 Uhr wurden insgesamt 5232 Personen in 184 Stra\u00dfenbahnen und 27 Bussen stichpunktartig \u00fcberpr\u00fcft. Hierbei wurden 166 Verst\u00f6\u00dfe gegen die Maskentragepflicht und 26 Verst\u00f6\u00dfe gegen die 3-G-Regel festgestellt. Laut Einsatzleiter Alexander Ulmer &#8222;war der \u00fcberwiegende Anteil der kontrollierten Personen einsichtig und zeigte Verst\u00e4ndnis f\u00fcr die Beschr\u00e4nkungen und die damit einhergehenden Kontrollen&#8220;. In den meisten F\u00e4llen blieb es daher zun\u00e4chst bei einer m\u00fcndlichen Verwarnung. Lediglich 26 Verst\u00f6\u00dfe gegen die 3-G-Regel werden zur Anzeige gebracht. Dies entspricht einer Beanstandungsquote von 0,49 Prozent (Verh\u00e4ltnis kontrollierte Personen zu Anzeigen.)<\/p>\n\n\n\n<p>Auch in den kommenden Wochen wird das Polizeipr\u00e4sidium Mannheim mit seinen Kooperationspartnern pr\u00e4sidiumsweit einen deutlichen Schwerpunkt bei der Durchsetzung der Einhaltung der Maskenpflicht und der 3-G-Regel in \u00f6ffentlichen Verkehrsmitteln setzen. Polizeipr\u00e4sident Siegfried Kollmar: &#8222;Bei unseren Ma\u00dfnahmen stehen prim\u00e4r die Kommunikation, die notwendige Aufkl\u00e4rung und die F\u00f6rderung der Akzeptanz f\u00fcr die aktuellen Regelungen im Vordergrund. Wir m\u00fcssen alle dazu beitragen, die aktuell hohen Infektionszahlen signifikant zu senken.&#8220;<\/p>\n\n\n\n<p>Die n\u00e4chsten Kontrollen, auch hinsichtlich der in Mannheim g\u00fcltigen Ausgangssperre, sind bereits in der Planungsphase.<\/p>\n\n\n\n<h2 class=\"wp-block-heading\">(Heidelberg-Altstadt) &#8211; Unfallflucht \/ Radfahrerin wird von Auto umgefahren &#8211; Polizei sucht Zeugen!<\/h2>\n\n\n\n<p>Zu einem Verkehrsunfall kam es am Montag gegen 11:20 Uhr in der Sofienstra\u00dfe. Eine 54-J\u00e4hrige Radfahrerin befuhr den Radweg der Sofienstra\u00dfe in Fahrtrichtung Neckar, als sie beim \u00dcberholen einer anderen Radfahrerin durch ein Auto angefahren wurde und zu Fall kam. Der bzw. die unbekannte Autofahrer\/in fuhr nach dem Unfall einfach weiter, ohne den Feststellungspflichten nachzukommen. Die 54-J\u00e4hrige wurde bei dem Unfall leicht verletzt, Sachschaden entstand keiner.<\/p>\n\n\n\n<p>Zeugen, die Hinweise auf den Unfallhergang und den Unfallverursacher geben k\u00f6nnen, werden gebeten sich beim Verkehrsdienst Heidelberg, unter der Telefonnummer 0621-174-4111, zu melden.<\/p>\n\n\n\n<h2 class=\"wp-block-heading\">(Schwetzingen \/ Rhein-Neckar-Kreis) &#8211; Zielloses Fahrverhalten entlarvt alkoholisierten PKW-Fahrer<\/h2>\n\n\n\n<p>Am fr\u00fchen Dienstagmorgen gegen 3 Uhr wurden Beamte des Polizeireviers Schwetzingen im Rahmen der Streifenfahrt auf einen Mitsubishi aufmerksam, welcher scheinbar ziellos und mehrmals von der Erfurter Stra\u00dfe in den Sudetenring und wieder zur\u00fcck in die Erfurter Stra\u00dfe fuhr. Bei der anschlie\u00dfenden Verkehrskontrolle stellten die Beamten den Grund der Irrfahrt fest: Der 56-j\u00e4hrige Fahrer war mit 2,28 Promille stark alkoholisiert. Im Ergebnis musste der Mann die Beamten auf das Revier begleiten und dort eine Blutprobe und seinen F\u00fchrerschein abgeben. Gegen ihn wird nun wegen Trunkenheit im Stra\u00dfenverkehr ermittelt.<\/p>\n\n\n\n<h2 class=\"wp-block-heading\">(Schwetzingen \/ Rhein-Neckar-Kreis) &#8211; Verkehrsunfall mit Unfallflucht \/ Polizei sucht Zeugen!<\/h2>\n\n\n\n<p>Zu einem Verkehrsunfall kam es am Montag zwischen 07:40 Uhr und 15:15 Uhr an der Kreuzung Lessingstra\u00dfe \/ Bruchh\u00e4user Stra\u00dfe. Ein bislang unbekannter Fahrzeugf\u00fchrer besch\u00e4digte, vermutlich beim Vorbeifahren, einen geparkten Renault Clio und fl\u00fcchtete anschlie\u00dfend ohne seinen Feststellungspflichten nachzukommen. Dee Schaden liegt bei rund 2.000 EUR.<\/p>\n\n\n\n<p>Zeugen, die sachdienliche Hinweise auf den Unfallverursacher geben k\u00f6nnen, werden gebeten sich beim Polizeirevier Schwetzingen, unter der Telefonnummer 06202-2880, zu melden.<\/p>\n\n\n\n<h2 class=\"wp-block-heading\">(A 6 \/ Hockenheim \/ Rhein-Neckar-Kreis) &#8211; Unter Drogeneinfluss auf der Autobahn<\/h2>\n\n\n\n<p>Am Donnerstagabend gegen 18 Uhr kontrollierten Beamte der Autobahnpolizei Walldorf einen 33-j\u00e4hrigen Renault-Fahrer auf der Tank- und Rastanlage Hockenheim West. Der Mann war zuvor auf der Autobahn von Hockenheim Richtung Walldorf gefahren. Im Verlauf der Kontrolle stellten die Polizisten bei dem Fahrzeugf\u00fchrer Hinweise auf eine Drogenbeeinflussung fest. Ein Test ergab schlie\u00dflich ein positives Ergebnis auf Cannabis. Bei der weiteren Durchsuchung des PKWs fanden die Beamten auch noch eine geringe Menge weiterer Bet\u00e4ubungsmittel, welche der Mann in einer Tasche im Kofferraum aufbewahrte. Der 33-J\u00e4hrige musste auf dem Revier eine Blutprobe abgeben. Dar\u00fcber hinaus erwartet ihn eine Strafanzeige wegen illegalen Drogenbesitzes. Er muss sich au\u00dferdem wegen der Trunkenheitsfahrt verantworten und mit weiteren f\u00fchrerscheinrechtlichen Konsequenzen rechnen.<\/p>\n\n\n\n<h2 class=\"wp-block-heading\">(Nu\u00dfloch \/ Rhein-Neckar-Kreis) &#8211; Tankstellen\u00fcberfall gescheitert \/ Zeugen gesucht<\/h2>\n\n\n\n<div class=\"wp-block-image\"><figure class=\"aligncenter size-full\"><img decoding=\"async\" loading=\"lazy\" width=\"801\" height=\"600\" src=\"https:\/\/speyer24news.com\/wp-content\/uploads\/2020\/05\/Zeugen-gesucht-Neutral.jpg\" alt=\"\" class=\"wp-image-26598\" srcset=\"https:\/\/speyer24news.com\/wp-content\/uploads\/2020\/05\/Zeugen-gesucht-Neutral.jpg 801w, https:\/\/speyer24news.com\/wp-content\/uploads\/2020\/05\/Zeugen-gesucht-Neutral-300x225.jpg 300w, https:\/\/speyer24news.com\/wp-content\/uploads\/2020\/05\/Zeugen-gesucht-Neutral-768x575.jpg 768w, https:\/\/speyer24news.com\/wp-content\/uploads\/2020\/05\/Zeugen-gesucht-Neutral-678x509.jpg 678w, https:\/\/speyer24news.com\/wp-content\/uploads\/2020\/05\/Zeugen-gesucht-Neutral-326x245.jpg 326w, https:\/\/speyer24news.com\/wp-content\/uploads\/2020\/05\/Zeugen-gesucht-Neutral-80x60.jpg 80w\" sizes=\"(max-width: 801px) 100vw, 801px\" \/><\/figure><\/div>\n\n\n\n<p>Wie erst jetzt bekannt wurde, kam es am Sonntagabend zu einem \u00dcberfall auf eine Tankstelle in der Hauptstra\u00dfe &#8211; der T\u00e4ter fl\u00fcchtete ohne Beute.<\/p>\n\n\n\n<p>Gegen 17:40 Uhr betrat der bislang unbekannte Mann den Verkaufsraum der Tankstelle und bedrohte dabei die allein anwesende Kassiererin mit einer schwarzen Pistole. Er forderte die Frau mehrfach zur Herausgabe von Bargeld auf, was jedoch aufgrund des gesicherten Kassensystems scheiterte. Der T\u00e4ter fl\u00fcchtete daraufhin ohne Beute. Die Kriminalpolizeidirektion Heidelberg hat nach Bekanntwerden des Vorgangs die Ermittlungen aufgenommen. Die Auswertung der sichergestellten Spuren dauert bislang an. Zeugen des Vorfalls oder Hinweisgeber, die Verd\u00e4chtiges beobachtet haben, werden gebeten, sich unter 0621 174-4444 an die Kriminalermittler zu wenden.<\/p>\n\n\n\n<h2 class=\"wp-block-heading\">(Wiesloch \/ Rhein-Neckar-Kreis) &#8211; Ohne F\u00fchrerschein unterwegs \/ Autofahrer fl\u00fcchtet<\/h2>\n\n\n\n<p>Eine Streife des Polizeireviers Wiesloch wollte am Montagabend gegen 22:00 Uhr in der Baiertaler Stra\u00dfe einen VW-Fahrer im Rahmen einer Verkehrskontrolle anhalten. Dieser fl\u00fcchtete jedoch, stellte sein Auto auf einem Parkplatz ab und rannte dann zu Fu\u00df davon. Beim Verlassen seines Autos schlug er die Fahrert\u00fcr an einen geparkten PKW, an dem hierdurch Sachschaden entstand. Die Beamtinnen und Beamten konnten noch vor Ort ermitteln, dass es sich bei dem Fl\u00fcchtenden um den 24-j\u00e4hrigen Halter des Fahrzeugs handelt, der aktuell nicht im Besitz einer g\u00fcltigen Fahrerlaubnis ist. Noch w\u00e4hrend der Ma\u00dfnahmen vor Ort kam eine weitere Person hinzu, welche sich als Fahrer des VW ausgab. Es stellte sich heraus, dass es sich um einen Bekannten des 24-J\u00e4hrigen handelt, der vermutlich durch seine Aussage eine Strafverfolgung f\u00fcr diesen abwenden wollte.<\/p>\n\n\n\n<p>Das Polizeirevier Wiesloch ermittelt nun in dieser Sache. Der 24-j\u00e4hrige Fahrer muss sich unter anderem wegen Verkehrsunfallflucht und Fahren ohne Fahrerlaubnis verantworten. Seinen 41-j\u00e4hrigen Bekannten erwartet eine Strafanzeige wegen Strafvereitelung. An dem unbeteiligten, geparkten PKW entstand Sachschaden in H\u00f6he von mehreren hundert Euro.<\/p>\n\n\n\n<h2 class=\"wp-block-heading\">(Wiesloch \/ Rhein-Neckar-Kreis) &#8211; Schwerer Verkehrsunfall; B 3 zwischen den Auffahrten zur L 723 und zur Parkstra\u00dfe voll gesperrt<\/h2>\n\n\n\n<h3 class=\"has-text-align-center wp-block-heading\">Pressemitteilung Nr. 1<\/h3>\n\n\n\n<p>Wegen eines schweren Verkehrsunfalls auf der B 3 bei Wiesloch ist die Bundesstra\u00dfe zwischen den Auffahrten zur L 723 und zur Parkstra\u00dfe in beide Richtungen voll gesperrt. Der Unfall ereignete sich am Dienstag kurz nach 14.30 Uhr.<\/p>\n\n\n\n<p>Nach derzeit vorliegenden Erkenntnissen kam es bei einem \u00dcberholvorgang zu einem Frontalzusammensto\u00df zweier Fahrzeuge. Ein drittes Fahrzeug soll ebenfalls am Unfallgeschehen beteiligt sein.<\/p>\n\n\n\n<p>Mindestens eine Person wurde verletzt.<\/p>\n\n\n\n<h3 class=\"has-text-align-center wp-block-heading\">Pressemitteilung Nr. 2<\/h3>\n\n\n\n<p>Nach einem schweren Verkehrsunfall auf der Bundesstra\u00dfe 3 zwischen den Auffahrten zur L 723 und zur Parkstra\u00dfe ist der Streckenabschnitt wieder freigegeben.<\/p>\n\n\n\n<p>Nach den ersten Ermittlungen des Verkehrsdienstes Heidelberg \u00fcberholte ein Autofahrer einen vor ihm fahrenden Pkw in Fahrtrichtung Heidelberg. Ein Autofahrer im Gegenverkehr konnte dem entgegenkommenden \u00dcberholer noch rechtzeitig ausweichen, stie\u00df dabei jedoch mit dem \u00fcberholten Pkw zusammen. Im Unfallgeschehen wurden alle drei Fahrzeuge nicht unerheblich besch\u00e4digt, wobei ein Sachschaden von mehreren 10.000 Euro anzunehmen ist. Die Fahrzeuge wurden abgeschleppt. Der Unfallverursacher wurde dabei leicht verletzt und kam zu weiteren Behandlung in ein Krankenhaus. W\u00e4hrend der Unfallaufnahme sowie der Bergungs- und Rettungsarbeiten war der betroffene Streckenabschnitt gesperrt. Die Sperrung wurde um 16:15 Uhr aufgehoben.<\/p>\n\n\n\n<h2 class=\"wp-block-heading\">(Gaiberg \/ Rhein-Neckar-Kreis) &#8211; Handbremse nicht gezogen &#8211; f\u00fcnfstelliger Sachschaden<\/h2>\n\n\n\n<p>Am Montagvormittag um 9:30 Uhr parkte ein 64-j\u00e4hriger Mann seinen VW in der Schillerstra\u00dfe. Da er gleich wieder zum Fahrzeug zur\u00fcckkehren wollte, sicherte der Mann es nicht weiter ab. W\u00e4hrend seiner kurzen Abwesenheit machte sich der PKW allerdings selbstst\u00e4ndig und rollte die absch\u00fcssige Schillerstra\u00dfe hinunter. Unterwegs besch\u00e4digte der fahrerlose PKW ein Garagentor und schlug schlie\u00dflich an einer Hausfassade auf. Der Gesamtschaden liegt bei 25.000 Euro. Gl\u00fccklicherweise wurden keine Personen verletzt.<\/p>\n\n\n\n<h2 class=\"wp-block-heading\">(Sinsheim \/ Rhein-Neckar-Kreis) &#8211; 19-J\u00e4hriger durch Messerstich schwer verletzt; Staatsanwaltschaft Heidelberg erwirkt Haftbefehl gegen 18-j\u00e4hrigen Heranwachsenden<\/h2>\n\n\n\n<h3 class=\"wp-block-heading\">Gemeinsame Pressemitteilung der Staatsanwaltschaft Heidelberg und des Polizeipr\u00e4sidiums Mannheim<\/h3>\n\n\n\n<h3 class=\"has-text-align-center wp-block-heading\">Pressemitteilung Nr. 2<\/h3>\n\n\n\n<div class=\"wp-block-image\"><figure class=\"aligncenter size-full\"><img decoding=\"async\" loading=\"lazy\" width=\"800\" height=\"600\" src=\"https:\/\/speyer24news.com\/wp-content\/uploads\/2019\/06\/Ausn\u00fcchterungszelle.jpg\" alt=\"\" class=\"wp-image-15212\" srcset=\"https:\/\/speyer24news.com\/wp-content\/uploads\/2019\/06\/Ausn\u00fcchterungszelle.jpg 800w, https:\/\/speyer24news.com\/wp-content\/uploads\/2019\/06\/Ausn\u00fcchterungszelle-300x225.jpg 300w, https:\/\/speyer24news.com\/wp-content\/uploads\/2019\/06\/Ausn\u00fcchterungszelle-768x576.jpg 768w, https:\/\/speyer24news.com\/wp-content\/uploads\/2019\/06\/Ausn\u00fcchterungszelle-678x509.jpg 678w, https:\/\/speyer24news.com\/wp-content\/uploads\/2019\/06\/Ausn\u00fcchterungszelle-326x245.jpg 326w, https:\/\/speyer24news.com\/wp-content\/uploads\/2019\/06\/Ausn\u00fcchterungszelle-80x60.jpg 80w\" sizes=\"(max-width: 800px) 100vw, 800px\" \/><\/figure><\/div>\n\n\n\n<p>Auf Antrag der Staatsanwaltschaft Heidelberg wurde Haftbefehl gegen einen 18-j\u00e4hrigen Heranwachsenden erlassen.<\/p>\n\n\n\n<p>Er steht im dringenden Verdacht, am Montag gegen 11.20 Uhr in der Alla-Hopp!-Freizeitanlage in Sinsheim einen 19-J\u00e4hrigen im Laufe einer Auseinandersetzung mit einem Messerstich so schwer verletzt zu haben, dass ihm nur ein unverz\u00fcglicher Notarzteinsatz das Leben rettete.<\/p>\n\n\n\n<p>Der Tatverd\u00e4chtige entfernte sich zun\u00e4chst vom Tatort, stellte sich kurz darauf selbst der Polizei und wurde vorl\u00e4ufig festgenommen. Die Tatwaffe, ein Einhandmesser, wurde sichergestellt.<\/p>\n\n\n\n<p>Am Dienstagvormittag wurde der Beschuldigte der Ermittlungsrichterin vorgef\u00fchrt, die einen Haftbefehl wegen des Verdachts des versuchten Totschlags in Tateinheit mit gef\u00e4hrlicher K\u00f6rperverletzung aus dem Haftgrund der Fluchtgefahr erlie\u00df. Anschlie\u00dfend wurde der 18-J\u00e4hrige in eine Jugendvollzugsanstalt eingeliefert.<\/p>\n\n\n\n<p>Nach derzeitigem Stand der Ermittlungen der Staatsanwaltschaft Heidelberg und des Dezernats Kapitalverbrechen der Kriminalpolizeidirektion Heidelberg sollen sich der Verd\u00e4chtige und das sp\u00e4tere Opfer in der Alla-Hopp!-Anlage verabredet gehabt haben, um sich wegen eines M\u00e4dchens auszusprechen.<\/p>\n\n\n\n<h2 class=\"wp-block-heading\">(Heiligkreuzsteinach \/ Rhein-Neckar-Kreis) &#8211; Ungl\u00fccksfall \/ Mann gest\u00fcrzt und von PKW erfasst<\/h2>\n\n\n\n<h3 class=\"has-text-align-center wp-block-heading\">KORREKTUR<\/h3>\n\n\n\n<p>Entgegen der ersten Meldung vom 06.12.2021 war der 74-J\u00e4hrige am Ende der Zufahrt der Schreinerei und nicht auf dem Gehweg in der Weinheimer Stra\u00dfe gest\u00fcrzt. Hier wurde er von dem PKW erfasst, dessen 62-J\u00e4hriger Fahrer gerade von der Weinheimer Stra\u00dfe auf die stark abfallende Grundst\u00fcckseinfahrt einbog und den Mann dabei \u00fcbersah. Der Fu\u00dfg\u00e4nger st\u00fcrzte nach ersten Erkenntnissen vermutlich aufgrund einer k\u00f6rperlichen Ursache. N\u00e4heres zu den Verletzungen ist zum Berichtszeitpunkt nicht bekannt. Der Verkehrsdienst Heidelberg ermittelt wegen fahrl\u00e4ssiger K\u00f6rperverletzung. Zeugen des Unfalls k\u00f6nnen sich unter der Rufnummer 0621 174-4111 an diesen wenden.<\/p>\n\n\n\n<h2 class=\"wp-block-heading\">(Schriesheim \/ Rhein-Neckar-Kreis) &#8211; Nachtrag zur Pressemitteilung &#8222;Postfiliale \u00fcberfallen \/ Zeugen gesucht&#8220;<\/h2>\n\n\n\n<div class=\"wp-block-image\"><figure class=\"aligncenter size-large\"><img decoding=\"async\" loading=\"lazy\" width=\"1024\" height=\"941\" src=\"https:\/\/speyer24news.com\/wp-content\/uploads\/2020\/07\/Maskierter-T\u00e4ter-1024x941-1024x941.jpg\" alt=\"\" class=\"wp-image-28719\" srcset=\"https:\/\/speyer24news.com\/wp-content\/uploads\/2020\/07\/Maskierter-T\u00e4ter-1024x941.jpg 1024w, https:\/\/speyer24news.com\/wp-content\/uploads\/2020\/07\/Maskierter-T\u00e4ter-1024x941-300x276.jpg 300w, https:\/\/speyer24news.com\/wp-content\/uploads\/2020\/07\/Maskierter-T\u00e4ter-1024x941-768x706.jpg 768w\" sizes=\"(max-width: 1024px) 100vw, 1024px\" \/><\/figure><\/div>\n\n\n\n<p>Nachdem am Montag, den 31. Mai 2021, gegen 08:00 Uhr eine Postfiliale in der Talstra\u00dfe in Schriesheim \u00fcberfallen wurde, wird die Fahndung nach einem unbekannten T\u00e4ter am Mittwoch, den 08.12.2021, bei der Fernsehsendung &#8222;Aktenzeichen XY &#8230; ungel\u00f6st&#8220; ausgestrahlt.<\/p>\n\n\n\n<p>Der bzw. die T\u00e4ter waren mit einem hellen Kastenwagen, \u00e4hnlich eines Sprinters, vor das Schreibwarengesch\u00e4ft mit der Postfiliale gefahren. Gegen 8:00 Uhr lie\u00df die Angestellte den Mann in der Annahme, es handle sich um einen Paketzusteller, der die Briefpost zustellen will, in die Filiale. Dort \u00fcberw\u00e4ltigte der Unbekannte die Angestellte und lie\u00df sich Bargeld in H\u00f6he von mehreren Zehntausend Euro aush\u00e4ndigen. Anschlie\u00dfend fesselte er die Frau und fl\u00fcchtete mit einem \/ einer Komplizin in dem Kleintransporter in unbekannte Richtung. Nachdem sich die Frau befreit hatte, verst\u00e4ndigte sie die Polizei.<\/p>\n\n\n\n<h4 class=\"wp-block-heading\">Der T\u00e4ter war:<\/h4>\n\n\n\n<ul><li><strong>ca. 40 Jahre alt<\/strong><\/li><li><strong>ca. 170 bis 175 cm gro\u00df<\/strong><\/li><li><strong>st\u00e4mmig\/ muskul\u00f6s<\/strong><\/li><li><strong>soll deutsch mit osteurop\u00e4ischem Akzent gesprochen haben<\/strong><\/li><li><strong>Er war mit einer blauen Jeans, einer schwarzen Jacke und einer orangefarbenen Warnweste bekleidet. Au\u00dfer hellen Sportschuhen, trug er eine helle Wollm\u00fctze, einen schwarz-wei\u00df gemusterten Schal, auff\u00e4llige schwarz-wei\u00dfe Handschuhe und eine blau-wei\u00dfe (medizinische) Mund-Nasen-Schutz-Maske. <\/strong><\/li><li><strong>\u00dcber die unbekannte Person, die auf dem Fahrersitz des Transporters sa\u00df, ist nur wenig bekannt. Der Angestellten der Postfiliale zufolge soll es sich um eine Frau gehandelt haben.<\/strong><\/li><\/ul>\n\n\n\n<p>Die Staatsanwaltschaft Mannheim und das Kriminalkommissariat des Polizeipr\u00e4sidiums Mannheim haben die Ermittlungen \u00fcbernommen. Diese dauern an.<\/p>\n\n\n\n<p>Im Anschluss an die Sendung &#8222;Aktenzeichen XY&#8230; ungel\u00f6st&#8220; am Mittwoch, den 6. Dezember 2021, 20.15 Uhr, ist im Kriminalkommissariat in Mannheim ein Hinweistelefon eingerichtet. Zuschauer, die Hinweise zum ausgestrahlten Fall des Polizeipr\u00e4sidiums Mannheim geben k\u00f6nnen, werden gebeten, sich unter der Telefonnummer 0621\/174-4444 zu melden.<\/p>\n\n\n\n<p>Auf die in dieser Ermittlungssache bisher ver\u00f6ffentlichten Pressemitteilungen darf verwiesen werden:<\/p>\n\n\n\n<p><a target=\"_blank\" rel=\"noreferrer noopener\" href=\"https:\/\/www.presseportal.de\/blaulicht\/pm\/14915\/4928181\">https:\/\/www.presseportal.de\/blaulicht\/pm\/14915\/4928181<\/a>\u00a0<\/p>\n\n\n\n<p><a target=\"_blank\" rel=\"noreferrer noopener\" href=\"https:\/\/www.presseportal.de\/blaulicht\/pm\/14915\/4928472\">https:\/\/www.presseportal.de\/blaulicht\/pm\/14915\/4928472<\/a>\u00a0<\/p>\n\n\n\n<p><a target=\"_blank\" rel=\"noreferrer noopener\" href=\"https:\/\/www.presseportal.de\/blaulicht\/pm\/14915\/4930435\">https:\/\/www.presseportal.de\/blaulicht\/pm\/14915\/4930435<\/a><\/p>\n\n\n\n<h2 class=\"wp-block-heading\">(Weinheim \/ Rhein-Neckar-Kreis) &#8211; PKWs aufgebrochen und Gegenst\u00e4nde entwendet \/ Zeugen gesucht<\/h2>\n\n\n\n<p>Im Zeitraum von Sonntag, 18:00 Uhr, bis Montag, 10:00 Uhr, wurden aus zwei Fahrzeugen Gegenst\u00e4nde entwendet.<\/p>\n\n\n\n<p>An einem in der Werderstra\u00dfe, in H\u00f6he Hausnr. 2 abgestellten PKW schlug eine bisher unbekannte Person auf unbekannte Weise die Scheibe der Beifahrert\u00fcr ein und entwendete eine schwarze Laptoptasche mit sich darin befindlichem Laptop, sowie eine braune Umh\u00e4ngetasche, in der sich pers\u00f6nliche Gegenst\u00e4nde und Bargeld befanden. Der entstandene Schaden ist bisher nicht bekannt. Die entwendete Umh\u00e4ngetasche wurde ohne Inhalt am Montagvormittag in der Hermannstra\u00dfe aufgefunden.<\/p>\n\n\n\n<p>An einem in der Fichtestra\u00dfe, H\u00f6he Hausnr. 37, geparkten Ford schlug eine bisher unbekannte Person die hintere linke Scheibe auf unbekannte Weise ein und entwendete einen auf der R\u00fcckbank abgelegten Rucksack, in dem sich Sportschuhe befanden. Auch hier ist der Diebstahlsschaden bisher nicht bekannt.<\/p>\n\n\n\n<p>An beiden PKW entstand Sachschaden in H\u00f6he mehrerer hundert Euro.<\/p>\n\n\n\n<p>Das Polizeirevier Weinheim hat die Ermittlungen hierzu aufgenommen, ob ein Zusammenhang zwischen den beiden Taten besteht ist bisher nicht bekannt. Zeugen, die sachdienliche Hinweise geben k\u00f6nnen, werden gebeten, sich unter der Rufnummer 06201 1003-0 zu melden.<\/p>\n\n\n\n<h2 class=\"wp-block-heading\">(Weinheim \/ Rhein-Neckar-Kreis) &#8211; Einbr\u00fcche in Privath\u00e4user \/ Polizei sucht Zeugen<\/h2>\n\n\n\n<p>In Weinheim kam es zu gleich zwei Einbr\u00fcchen: 1. Im Ortsteil L\u00fctzelsachsen kam es zu einem Einbruchsversuch in ein Einfamilienhaus im G\u00e4sselweg im Zeitraum von Freitag, 07:00 Uhr bis Montag, 09:00 Uhr. Es konnten Einbruchspuren an der Balkont\u00fcr des Anwesens festgestellt werden. Ob der oder die T\u00e4ter bei der Tatausf\u00fchrung gest\u00f6rt wurden, bzw. ob es dem oder den T\u00e4tern nicht gelang, in das Anwesen einzudringen, ist nicht bekannt. 2. Am Montag, zwischen 10:30 Uhr und 17:45 Uhr, gelang es einem oder mehreren T\u00e4tern sich Zutritt in ein Einfamilienhaus in der Ortsstra\u00dfe im Weinheimer Stadtteil Steinklingen zu verschaffen. Hierzu zerst\u00f6rten der oder die T\u00e4ter ein Fenster im Erdgeschoss des Anwesens. Es wurde ein Tresor mit Bargeld und eine hochwertige Uhrensammlung entwendet. Der Diebstahlsschaden bel\u00e4uft sich auf eine sechsstellige Summe, der Sachschaden auf mehrere tausend Euro.<\/p>\n\n\n\n<p>Die Ermittlungsgruppe Eigentum der Kriminalpolizeidirektion Heidelberg hat die Ermittlungen zu den T\u00e4tern aufgenommen. Ob ein Zusammenhang zwischen beiden Taten besteht, ist bisher nicht bekannt. Zeugen, die in den genannten Zeitr\u00e4umen in den Ortsteilen L\u00fctzelsachsen und Steinklingen verd\u00e4chtige Personen oder Fahrzeuge beobachtet haben, k\u00f6nnen sich an den Kriminaldauerdienst unter der Rufnummer 0621 174 &#8211; 4444 wenden.<\/p>\n","protected":false},"excerpt":{"rendered":"<div class=\"mh-excerpt\"><p>Polizeimeldungen vom Dienstag (07.12.2021) (Speyer) &#8211; Mercedes Fahrer\/-in nach Verkehrsunfall gesucht Im Kreisverkehr von einem schwarzen Mercedes \u00fcberholt wurde am Montag um 17:50 Uhr eine 55-j\u00e4hrige Radfahrerin. Als der\/die unbekannte Fahrer\/-in des PKW den Kreisverkehr <a class=\"mh-excerpt-more\" href=\"https:\/\/speyer24news.com\/?p=43057\" title=\"Polizei\">[&#8230;]<\/a><\/p>\n<\/div>","protected":false},"author":3,"featured_media":26162,"comment_status":"open","ping_status":"open","sticky":false,"template":"","format":"standard","meta":{"_monsterinsights_skip_tracking":false,"_monsterinsights_sitenote_active":false,"_monsterinsights_sitenote_note":"","_monsterinsights_sitenote_category":0,"footnotes":""},"categories":[12],"tags":[7243,7244,3614,702,61,2555,6955,6986,6263,63,105,11150,6987,53,4854,4683,1548,4905,102,213,55,6368,5261,103,106,2803,2423,427,2625,380,62,104,979,1565],"aioseo_notices":[],"amp_enabled":true,"_links":{"self":[{"href":"https:\/\/speyer24news.com\/index.php?rest_route=\/wp\/v2\/posts\/43057"}],"collection":[{"href":"https:\/\/speyer24news.com\/index.php?rest_route=\/wp\/v2\/posts"}],"about":[{"href":"https:\/\/speyer24news.com\/index.php?rest_route=\/wp\/v2\/types\/post"}],"author":[{"embeddable":true,"href":"https:\/\/speyer24news.com\/index.php?rest_route=\/wp\/v2\/users\/3"}],"replies":[{"embeddable":true,"href":"https:\/\/speyer24news.com\/index.php?rest_route=%2Fwp%2Fv2%2Fcomments&post=43057"}],"version-history":[{"count":1,"href":"https:\/\/speyer24news.com\/index.php?rest_route=\/wp\/v2\/posts\/43057\/revisions"}],"predecessor-version":[{"id":43059,"href":"https:\/\/speyer24news.com\/index.php?rest_route=\/wp\/v2\/posts\/43057\/revisions\/43059"}],"wp:featuredmedia":[{"embeddable":true,"href":"https:\/\/speyer24news.com\/index.php?rest_route=\/wp\/v2\/media\/26162"}],"wp:attachment":[{"href":"https:\/\/speyer24news.com\/index.php?rest_route=%2Fwp%2Fv2%2Fmedia&parent=43057"}],"wp:term":[{"taxonomy":"category","embeddable":true,"href":"https:\/\/speyer24news.com\/index.php?rest_route=%2Fwp%2Fv2%2Fcategories&post=43057"},{"taxonomy":"post_tag","embeddable":true,"href":"https:\/\/speyer24news.com\/index.php?rest_route=%2Fwp%2Fv2%2Ftags&post=43057"}],"curies":[{"name":"wp","href":"https:\/\/api.w.org\/{rel}","templated":true}]}}