{"id":43096,"date":"2021-12-09T09:11:24","date_gmt":"2021-12-09T08:11:24","guid":{"rendered":"https:\/\/speyer24news.com\/?p=43096"},"modified":"2021-12-09T09:18:24","modified_gmt":"2021-12-09T08:18:24","slug":"polizei-742","status":"publish","type":"post","link":"https:\/\/speyer24news.com\/?p=43096","title":{"rendered":"Polizei"},"content":{"rendered":"<style type=\"text\/css\">\r\n\t.ads_top_disp{}\r\n\t.ads_top_corner_disp{ float:left; margin:0px 10px 10px 0px; }\r\n\t.ads_first_p_disp{}\r\n\t.ads_bottom_disp{}\r\n\t<\/style>\n<h2 class=\"wp-block-heading\">Polizeimeldungen vom Mittwoch (08.12.2021)<\/h2>\n\n\n\n<div class=\"wp-block-image\"><figure class=\"aligncenter size-full\"><img decoding=\"async\" src=\"https:\/\/speyer24news.com\/wp-content\/uploads\/2019\/11\/Aktuelles-Polizeilogo.jpg\" alt=\"\" class=\"wp-image-21845\"\/><\/figure><\/div>\n\n\n\n<h2 class=\"wp-block-heading\">(Speyer) &#8211; Eine Leichtverletzte und 10.000 Sachschaden nach Auffahrunfall<\/h2>\n\n\n\n<p>Leicht verletzt wurde am Dienstag gegen 09:00 Uhr eine 22-j\u00e4hrige PKW-Fahrerin, die in der Landauer Stra\u00dfe r\u00fcckw\u00e4rts l\u00e4ngs zur Fahrbahn einparken wollte. Da eine 36-j\u00e4hrige PKW-Fahrerin den Einparkvorgang der vor ihr fahrenden 22-J\u00e4hrigen zu sp\u00e4t bemerkte, kam es zum Auffahrunfall. Beide Fahrzeuge waren nicht mehr fahrbereit und musste abgeschleppt werden. Der Sachschaden bel\u00e4uft sich auf circa 10.000 Euro.<\/p>\n\n\n\n<h2 class=\"wp-block-heading\">(Limburgerhof) &#8211; Betrunkener Rollerfahrer<\/h2>\n\n\n\n<p>Am 07.12.2021, gegen 19:00 Uhr, wurde ein 57-j\u00e4hriger Rollerfahrer in der Schifferstadter Stra\u00dfe einer Verkehrskontrolle unterzogen. Im Rahmen der Kontrolle wurde bei dem Fahrer Alkoholgeruch wahrgenommen. Ein freiwillig durchgef\u00fchrter Atemalkoholtest ergab einen Wert von 1,5 Promille. Auf der Dienststelle wurde dem Fahrer durch eine \u00c4rztin Blut entnommen. Der Fahrzeugschl\u00fcssel wurde einer Angeh\u00f6rigen \u00fcbergeben. Die F\u00fchrerscheinstelle wurde \u00fcber den Vorfall in Kenntnis gesetzt. Gegen den 57-J\u00e4hrigen wird wegen Trunkenheit im Verkehr ermittelt.<\/p>\n\n\n\n<h2 class=\"wp-block-heading\">(Zeiskam) &#8211; Zu stark gebremst<\/h2>\n\n\n\n<p>Dienstagmittag befuhr eine 49-j\u00e4hrige Fahrradfahrerin mit ihrem Pedelec die Raiffeisenstra\u00dfe in Zeiskam. Aufgrund eines Bremsbelag Wechsels an ihrem Pedelec verz\u00f6gerte dieses \u00fcberraschend stark. Dies f\u00fchrte dazu, dass sie beim Bremsen von ihrem Fahrrad st\u00fcrzte und sich dabei leicht verletzte. Zur weiteren medizinischen Abkl\u00e4rung wurde sie in ein Krankenhaus gebracht.<\/p>\n\n\n\n<h2 class=\"wp-block-heading\">(Germersheim) &#8211; Schlechter Start in die Fahrpraxis<\/h2>\n\n\n\n<p>Einen wirklich schlechten Start in die Fahrpraxis hatte am Dienstag eine 18-j\u00e4hrige Fahranf\u00e4ngerin aus Germersheim. Nachdem sie am 06.12.2021 stolz ihren F\u00fchrerschein in Empfang nahm, verursachte sie nur einen Tag sp\u00e4ter einen Verkehrsunfall in der Ludwig-Erhard-Stra\u00dfe. Offenbar aufgrund nicht angepasster Geschwindigkeit kam sie von der Fahrbahn ab und kollidierte mit einer Stra\u00dfenlaterne. Dabei wurde sie gl\u00fccklicherweise nicht verletzt, der Sachschaden bel\u00e4uft sich auf etwa 7000 EUR.<\/p>\n\n\n\n<h2 class=\"wp-block-heading\">(Rheinzabern) &#8211; Ins Jugendzentrum eingebrochen<\/h2>\n\n\n\n<p>In der Nacht auf den 06.12.2021 verschafften sich unbekannte T\u00e4ter Zugang zu den R\u00e4umlichkeiten des Jugendzentrums neben dem Rathaus. Es wurden mehrere Schr\u00e4nke und Schubladen durchw\u00fchlt und letztlich ein kleiner Tresor entwendet. Die Tat k\u00f6nnte im Zusammenhang mit einem Einbruch in die B\u00fccherei und das Jugendzentrum in Jockgrim stehen. Die Ermittlungen hierzu dauern an.<\/p>\n\n\n\n<h2 class=\"wp-block-heading\">(Berg) &#8211; Bei Verkehrskontrolle Auff\u00e4lligkeiten gezeigt<\/h2>\n\n\n\n<p>Am 07.12.2021 wurde um 18:45 Uhr ein PKW Fahrer am Ortseingang Berg kontrolliert. Im Rahmen der Kontrolle wurden deutliche Anzeigen auf eine aktuelle Beeinflussung von Bet\u00e4ubungsmitteln festgestellt. Ein Vortest zeigte ein positives Ergebnis auf einen Amfetaminkonsum. Dem 26-j\u00e4hrigen Fahrer wurde eine Blutprobe entnommen und der F\u00fchrerschein sichergestellt.<\/p>\n\n\n\n<h2 class=\"wp-block-heading\">(Edenkoben) &#8211; Die Polizei warnt aktuell vor Bettler<a href=\"https:\/\/www.facebook.com\/sharer.php?u=https%3A%2F%2Fwww.presseportal.de%2Fblaulicht%2Fpm%2F117686%2F5093552%2F%3Futm_source%3Dfacebook%26utm_medium%3Dsocial\"><\/a><a href=\"https:\/\/twitter.com\/intent\/tweet?text=POL-PDLD%3A%20Edenkoben%20-%20Die%20Polizei%20warnt%20aktuell%20vor%20Bettler&amp;url=https%3A%2F%2Fwww.presseportal.de%2Fblaulicht%2Fpm%2F117686%2F5093552%2F%3Futm_source%3Dtwitter%26utm_medium%3Dsocial&amp;hashtags=ots&amp;lang=de\"><\/a><a href=\"https:\/\/web.whatsapp.com\/send?text=POL-PDLD%3A%20Edenkoben%20-%20Die%20Polizei%20warnt%20aktuell%20vor%20Bettler%0A%0Ahttps%3A%2F%2Fwww.presseportal.de%2Fblaulicht%2Fpm%2F117686%2F5093552%2F%3Futm_source%3Dwhatsapp%26utm_medium%3Dsocial\"><\/a><a href=\"https:\/\/www.xing.com\/app\/user?op=share;url=https%3A%2F%2Fwww.presseportal.de%2Fblaulicht%2Fpm%2F117686%2F5093552%2F%3Futm_source%3Dxing%26utm_medium%3Dsocial\"><\/a><a href=\"http:\/\/www.linkedin.com\/shareArticle?mini=true&amp;url=https%3A%2F%2Fwww.presseportal.de%2Fblaulicht%2Fpm%2F117686%2F5093552%2F%3Futm_source%3Dlinkedin%26utm_medium%3Dsocial&amp;title=POL-PDLD%3A+Edenkoben+-+Die+Polizei+warnt+aktuell+vor+Bettler\"><\/a><a href=\"mailto:?subject=POL-PDLD%3A%20Edenkoben%20-%20Die%20Polizei%20warnt%20aktuell%20vor%20Bettler&amp;body=https:\/\/www.presseportal.de\/blaulicht\/pm\/117686\/5093552\"><\/a><\/h2>\n\n\n\n<p>In Weyher, St. Martin und Edenkoben wurden gestern (07.12.2021) in der Mittagszeit Personen gemeldet, die von Haus zu Haus zogen und mit einem Zettel in der Hand nach Geld bettelten. Eine im Stadtgebiet Edenkoben angetroffene Frau wurde nach einer Personenkontrolle ein Platzverweis erteilt. Die Polizei bittet die B\u00fcrger um erh\u00f6hte Wachsamkeit. Bei Auff\u00e4lligkeiten sollte die Polizei umgehend verst\u00e4ndigt werden. Gem\u00e4\u00df der Gefahrenabwehrverordnung ist das Betteln verboten. Die zust\u00e4ndige Verbandsgemeinde wurde in Kenntnis gesetzt.<\/p>\n\n\n\n<h2 class=\"wp-block-heading\">(Neustadt) &#8211; Fr\u00fch alkoholisiert auf Fahrrad<a href=\"https:\/\/www.facebook.com\/sharer.php?u=https%3A%2F%2Fwww.presseportal.de%2Fblaulicht%2Fpm%2F117687%2F5094048%2F%3Futm_source%3Dfacebook%26utm_medium%3Dsocial\"><\/a><a href=\"https:\/\/twitter.com\/intent\/tweet?text=POL-PDNW%3A%20Fr%C3%BCh%20alkoholisiert%20auf%20Fahrrad&amp;url=https%3A%2F%2Fwww.presseportal.de%2Fblaulicht%2Fpm%2F117687%2F5094048%2F%3Futm_source%3Dtwitter%26utm_medium%3Dsocial&amp;hashtags=ots&amp;lang=de\"><\/a><a href=\"https:\/\/web.whatsapp.com\/send?text=POL-PDNW%3A%20Fr%C3%BCh%20alkoholisiert%20auf%20Fahrrad%0A%0Ahttps%3A%2F%2Fwww.presseportal.de%2Fblaulicht%2Fpm%2F117687%2F5094048%2F%3Futm_source%3Dwhatsapp%26utm_medium%3Dsocial\"><\/a><a href=\"https:\/\/www.xing.com\/app\/user?op=share;url=https%3A%2F%2Fwww.presseportal.de%2Fblaulicht%2Fpm%2F117687%2F5094048%2F%3Futm_source%3Dxing%26utm_medium%3Dsocial\"><\/a><a href=\"http:\/\/www.linkedin.com\/shareArticle?mini=true&amp;url=https%3A%2F%2Fwww.presseportal.de%2Fblaulicht%2Fpm%2F117687%2F5094048%2F%3Futm_source%3Dlinkedin%26utm_medium%3Dsocial&amp;title=POL-PDNW%3A+Fr%C3%BCh+alkoholisiert+auf+Fahrrad\"><\/a><a href=\"mailto:?subject=POL-PDNW%3A%20Fr%C3%BCh%20alkoholisiert%20auf%20Fahrrad&amp;body=https:\/\/www.presseportal.de\/blaulicht\/pm\/117687\/5094048\"><\/a><\/h2>\n\n\n\n<p>Am 08.12.2021 gegen 10:00 Uhr wurde in der Landauer Stra\u00dfe in Neustadt\/W. ein Fahrradfahrer durch eine Streife einer allgemeinen Verkehrskontrolle unterzogen. W\u00e4hrend der Kontrolle stellten die Beamten starken Atemalkoholgeruch bei dem Fahrradfahrer fest. Ein anschlie\u00dfend durchgef\u00fchrter Atemalkoholtest bei dem 64-j\u00e4hrigen Mann ergab einen Wert von 2,22 Promille. Daher wurde dieser in die Polizeidienststelle Neustadt\/W. verbracht, wo ihm eine Blutprobe entnommen wurde. Der 64-J\u00e4hrige muss sich nun in einem Strafverfahren wegen Trunkenheit im Verkehr verantworten. Au\u00dferdem wird die zust\u00e4ndige F\u00fchrerscheinstelle \u00fcber den Vorfall informiert.<\/p>\n\n\n\n<h2 class=\"wp-block-heading\">(Bad D\u00fcrkheim) &#8211; Spiegel besch\u00e4digt und gefl\u00fcchtet<\/h2>\n\n\n\n<p>Am 07.12.2021 gegen 15:00 Uhr wurde ein auf einem Supermarktparkplatz in der Bruchstra\u00dfe in Bad D\u00fcrkheim abgestellter Mercedes SLK besch\u00e4digt. Ein zu diesem Zeitpunkt unbekannter Fahrer eines Mercedes CLK besch\u00e4digte beim \u00d6ffnen der Fahrert\u00fcr den linken Au\u00dfenspiegel des ordnungsgem\u00e4\u00df geparkten SLK. Als er von der Fahrerin, die gerade etwas aus ihrem Kofferraum holen wollte, angesprochen wurde sagte er nur &#8222;Wenn man so bl\u00f6d parkt&#8220; und entfernte sich anschlie\u00dfend unerlaubt von der Unfallstelle. Die Frau informierte unverz\u00fcglich die Polizei und konnte sowohl das Kennzeichen des CLK als auch eine gute Beschreibung des Fahrers abgeben. Dadurch konnte der Fahrer an seiner Wohnanschrift ermittelt werden. Gegen ihn wird nun wegen Verkehrsunfallflucht ermittelt.<\/p>\n\n\n\n<h2 class=\"wp-block-heading\">(Frankenthal) &#8211; K\u00f6rperverletzung<\/h2>\n\n\n\n<p>Am 07.12.2021, gegen 11:30 Uhr, eskalierte ein Streit zwischen einem Fu\u00dfg\u00e4nger und einem Fahrradfahrer auf dem Rad-\/Gehweg parallel zur Lambsheimer Stra\u00dfe.<\/p>\n\n\n\n<p>Kurz hinter dem Ortsausgangsschild Frankenthal kam es zun\u00e4chst zu einer verbalen Auseinandersetzung aufgrund verschiedener Ansichten zur Nutzung des Weges. Im Verlauf der Argumentation schlug der unbekannte Fahrradfahrer sodann dem 69-j\u00e4hrigen Gesch\u00e4digten mit der Faust auf die Nase und entfernte sich anschlie\u00dfend in Richtung Lambsheim.<\/p>\n\n\n\n<p>Der Gesch\u00e4digte erlitt eine stark blutende Nasenverletzung und musste \u00e4rztlich versorgt werden.<\/p>\n\n\n\n<h4 class=\"wp-block-heading\">Der unbekannte Fahrradfahrer konnte wie folgt beschrieben werden:<\/h4>\n\n\n\n<ul><li>ca<strong>. 30 Jahre alt<\/strong><\/li><li><strong>ca. 170cm gro\u00df<\/strong><\/li><li><strong>mitteleurop\u00e4isches Erscheinungsbild<\/strong><\/li><li><strong>bekleidet mit einer Jeans, einer blauen M\u00fctze, einem blauen Parker und einem graubraunen Rucksack.<\/strong><\/li><\/ul>\n\n\n\n<p>Zeugen werden gebeten sich an die Polizeiinspektion Frankenthal unter der Tel.-Nr.: 06233\/313-0 oder an die Polizeiwache Maxdorf unter der Tel.-Nr.: 06237\/934-1100 zu wenden. Gerne nehmen wir Ihre Hinweise auch per E-Mail unter&nbsp;<a target=\"_blank\" rel=\"noreferrer noopener\" href=\"mailto:pifrankenthal@polizei.rlp.de\">pifrankenthal@polizei.rlp.de<\/a>&nbsp;entgegen.<\/p>\n\n\n\n<h2 class=\"wp-block-heading\">(Frankenthal) &#8211; Verkehrsunfallflucht<\/h2>\n\n\n\n<p>Der Gesch\u00e4digte parkte seinen schwarzen Audi in der Zeit von 06.12.2021, 13:50 Uhr, bis 07.12.2021, 06:15 Uhr, in der Westlichen Ringstra\u00dfe in den Parkreihen auf H\u00f6he der Hausnummer 30.<\/p>\n\n\n\n<p>Als er zu seinem Fahrzeug zur\u00fcckkehrte, musste er feststellen, dass dieses durch einen bislang unbekannten Fahrzeugf\u00fchrer an dem Hecksto\u00dff\u00e4nger linksseitig besch\u00e4digt wurde.<\/p>\n\n\n\n<p>Aufgrund des Schadenbildes k\u00f6nnte es sich bei dem fl\u00fcchtigen Fahrzeug um einen wei\u00dfen SUV handeln. Der entstandene Schaden wird auf etwa 500 Euro gesch\u00e4tzt.<\/p>\n\n\n\n<p>Zeugen werden gebeten sich an die Polizeiinspektion Frankenthal unter der Tel.-Nr.: 06233\/313-0 oder an die Polizeiwache Maxdorf unter der Tel.-Nr.: 06237\/934-1100 zu wenden. Gerne nehmen wir Ihre Hinweise auch per E-Mail unter&nbsp;<a target=\"_blank\" rel=\"noreferrer noopener\" href=\"mailto:pifrankenthal@polizei.rlp.de\">pifrankenthal@polizei.rlp.de<\/a>&nbsp;entgegen.<\/p>\n\n\n\n<h2 class=\"wp-block-heading\">(Ludwigshafen) &#8211; Polizei beschreitet neue Wege \/ Kooperationsprojekt mit den &#8218;Eulen Ludwigshafen&#8216;<a href=\"https:\/\/www.facebook.com\/sharer.php?u=https%3A%2F%2Fwww.presseportal.de%2Fblaulicht%2Fpm%2F117696%2F5094497%2F%3Futm_source%3Dfacebook%26utm_medium%3Dsocial\"><\/a><a href=\"https:\/\/twitter.com\/intent\/tweet?text=POL-PPRP%3A%20Polizei%20beschreitet%20neue%20Wege%20-%20Kooperationsprojekt%20mit%20den%20%27Eulen%20Ludwigshafen%27&amp;url=https%3A%2F%2Fwww.presseportal.de%2Fblaulicht%2Fpm%2F117696%2F5094497%2F%3Futm_source%3Dtwitter%26utm_medium%3Dsocial&amp;hashtags=ots&amp;lang=de\"><\/a><a href=\"https:\/\/web.whatsapp.com\/send?text=POL-PPRP%3A%20Polizei%20beschreitet%20neue%20Wege%20-%20Kooperationsprojekt%20mit%20den%20%27Eulen%20Ludwigshafen%27%0A%0Ahttps%3A%2F%2Fwww.presseportal.de%2Fblaulicht%2Fpm%2F117696%2F5094497%2F%3Futm_source%3Dwhatsapp%26utm_medium%3Dsocial\"><\/a><a href=\"https:\/\/www.xing.com\/app\/user?op=share;url=https%3A%2F%2Fwww.presseportal.de%2Fblaulicht%2Fpm%2F117696%2F5094497%2F%3Futm_source%3Dxing%26utm_medium%3Dsocial\"><\/a><a href=\"http:\/\/www.linkedin.com\/shareArticle?mini=true&amp;url=https%3A%2F%2Fwww.presseportal.de%2Fblaulicht%2Fpm%2F117696%2F5094497%2F%3Futm_source%3Dlinkedin%26utm_medium%3Dsocial&amp;title=POL-PPRP%3A+Polizei+beschreitet+neue+Wege+-+Kooperationsprojekt+mit+den+%27Eulen+Ludwigshafen%27\"><\/a><a href=\"mailto:?subject=POL-PPRP%3A%20Polizei%20beschreitet%20neue%20Wege%20-%20Kooperationsprojekt%20mit%20den%20%27Eulen%20Ludwigshafen%27&amp;body=https:\/\/www.presseportal.de\/blaulicht\/pm\/117696\/5094497\"><\/a><\/h2>\n\n\n\n<figure class=\"wp-block-gallery columns-2 is-cropped wp-block-gallery-1 is-layout-flex wp-block-gallery-is-layout-flex\"><ul class=\"blocks-gallery-grid\"><li class=\"blocks-gallery-item\"><figure><img decoding=\"async\" loading=\"lazy\" width=\"300\" height=\"200\" src=\"https:\/\/speyer24news.com\/wp-content\/uploads\/2021\/12\/Pressefoto1-300x200.jpg\" alt=\"\" data-id=\"43097\" data-link=\"https:\/\/speyer24news.com\/?attachment_id=43097\" class=\"wp-image-43097\" srcset=\"https:\/\/speyer24news.com\/wp-content\/uploads\/2021\/12\/Pressefoto1-300x200.jpg 300w, https:\/\/speyer24news.com\/wp-content\/uploads\/2021\/12\/Pressefoto1-768x512.jpg 768w, https:\/\/speyer24news.com\/wp-content\/uploads\/2021\/12\/Pressefoto1.jpg 800w\" sizes=\"(max-width: 300px) 100vw, 300px\" \/><\/figure><\/li><li class=\"blocks-gallery-item\"><figure><img decoding=\"async\" loading=\"lazy\" width=\"300\" height=\"200\" src=\"https:\/\/speyer24news.com\/wp-content\/uploads\/2021\/12\/Pressefoto2-300x200.jpg\" alt=\"\" data-id=\"43098\" data-link=\"https:\/\/speyer24news.com\/?attachment_id=43098\" class=\"wp-image-43098\" srcset=\"https:\/\/speyer24news.com\/wp-content\/uploads\/2021\/12\/Pressefoto2-300x200.jpg 300w, https:\/\/speyer24news.com\/wp-content\/uploads\/2021\/12\/Pressefoto2-768x512.jpg 768w, https:\/\/speyer24news.com\/wp-content\/uploads\/2021\/12\/Pressefoto2.jpg 800w\" sizes=\"(max-width: 300px) 100vw, 300px\" \/><\/figure><\/li><li class=\"blocks-gallery-item\"><figure><img decoding=\"async\" loading=\"lazy\" width=\"300\" height=\"200\" src=\"https:\/\/speyer24news.com\/wp-content\/uploads\/2021\/12\/Pressefoto3-300x200.jpg\" alt=\"\" data-id=\"43099\" data-link=\"https:\/\/speyer24news.com\/?attachment_id=43099\" class=\"wp-image-43099\" srcset=\"https:\/\/speyer24news.com\/wp-content\/uploads\/2021\/12\/Pressefoto3-300x200.jpg 300w, https:\/\/speyer24news.com\/wp-content\/uploads\/2021\/12\/Pressefoto3-768x512.jpg 768w, https:\/\/speyer24news.com\/wp-content\/uploads\/2021\/12\/Pressefoto3.jpg 800w\" sizes=\"(max-width: 300px) 100vw, 300px\" \/><\/figure><\/li><li class=\"blocks-gallery-item\"><figure><img decoding=\"async\" loading=\"lazy\" width=\"300\" height=\"200\" src=\"https:\/\/speyer24news.com\/wp-content\/uploads\/2021\/12\/Pressefoto4-300x200.jpg\" alt=\"\" data-id=\"43100\" data-link=\"https:\/\/speyer24news.com\/?attachment_id=43100\" class=\"wp-image-43100\" srcset=\"https:\/\/speyer24news.com\/wp-content\/uploads\/2021\/12\/Pressefoto4-300x200.jpg 300w, https:\/\/speyer24news.com\/wp-content\/uploads\/2021\/12\/Pressefoto4-768x512.jpg 768w, https:\/\/speyer24news.com\/wp-content\/uploads\/2021\/12\/Pressefoto4.jpg 800w\" sizes=\"(max-width: 300px) 100vw, 300px\" \/><\/figure><\/li><li class=\"blocks-gallery-item\"><figure><img decoding=\"async\" loading=\"lazy\" width=\"500\" height=\"602\" src=\"https:\/\/speyer24news.com\/wp-content\/uploads\/2021\/12\/LogoKooperation.jpg\" alt=\"\" data-id=\"43101\" data-full-url=\"https:\/\/speyer24news.com\/wp-content\/uploads\/2021\/12\/LogoKooperation.jpg\" data-link=\"https:\/\/speyer24news.com\/?attachment_id=43101\" class=\"wp-image-43101\" srcset=\"https:\/\/speyer24news.com\/wp-content\/uploads\/2021\/12\/LogoKooperation.jpg 500w, https:\/\/speyer24news.com\/wp-content\/uploads\/2021\/12\/LogoKooperation-249x300.jpg 249w\" sizes=\"(max-width: 500px) 100vw, 500px\" \/><\/figure><\/li><\/ul><\/figure>\n\n\n\n<p>Was w\u00e4re die Polizei ohne B\u00fcrgerinnen und B\u00fcrger? Neun von zehn Strafanzeigen werden nur durch Meldungen aus der Bev\u00f6lkerung bei der Polizei bekannt. Damit tragen diese wesentlich zur Bek\u00e4mpfung der Kriminalit\u00e4t bei. Ein wichtiger Grund warum Polizei und B\u00fcrgerinnen und B\u00fcrger ins Gespr\u00e4ch kommen sollten. Denn nur, wenn man ins Gespr\u00e4ch kommt, kann man etwas bewegen.<\/p>\n\n\n\n<p>Um den vertrauensvollen Austausch mit den Einwohnerinnen und Einwohnern der Stadt Ludwigshafen zu intensivieren, das Sicherheitsgef\u00fchl und auch das Vertrauen in die Polizei zu st\u00e4rken, hat die Leiterin der Polizeiinspektion Ludwigshafen 2, Polizeir\u00e4tin Katja Brill, ein neues Projekt ins Leben gerufen:<\/p>\n\n\n\n<p>Gemeinsam mit dem Handballbundesligisten &#8218;Eulen Ludwigshafen&#8216; sollen im n\u00e4chsten Jahr mehrere Kampagnen unter dem Motto &#8218;Wir gemeinsam f\u00fcr LU&#8216; stattfinden. Nicht nur die Handballleidenschaft von Katja Brill verbinden die &#8218;Eulen Ludwigshafen&#8216; mit der Polizeiinspektion Ludwigshafen 2, sondern auch gemeinsame Werte, wie Teamgeist, Vertrauen, Respekt und Verantwortung teilen Beide &#8211; somit beste Voraussetzungen f\u00fcr eine Kooperation!<\/p>\n\n\n\n<p>Heute stellten Katja Brill und Julia Ost, die Verantwortliche f\u00fcr Veranstaltungsmanagement und Marketing des Handballbundesligisten &#8218;Eulen Ludwigshafen&#8216;, bei einer gemeinsamen Pressekonferenz das Projekt vor und unterzeichneten die Kooperationsvereinbarung. Bei der Veranstaltung gab es auch einen eigens f\u00fcr dieses Projekt produzierten Werbefilm zu sehen. Dieser kann auf der Internetseite der Polizeiinspektion Ludwigshafen 2 unter&nbsp;<a target=\"_blank\" rel=\"noreferrer noopener\" href=\"https:\/\/s.rlp.de\/TLzM8\">https:\/\/s.rlp.de\/TLzM8<\/a>&nbsp;oder unter dem Artikel angesehen werden.<\/p>\n\n\n\n<p>Mit dem Thema Seniorensicherheit wird das Projekt Anfang 2022 starten. Die Planungen hierzu laufen auf Hochtouren. Wir halten Sie auf dem Laufenden.<\/p>\n\n\n\n<figure class=\"wp-block-embed is-type-video is-provider-youtube wp-block-embed-youtube wp-embed-aspect-16-9 wp-has-aspect-ratio\"><div class=\"wp-block-embed__wrapper\">\n<iframe loading=\"lazy\" title=\"Wir gemeinsam f\u00fcr LU!\" width=\"500\" height=\"281\" src=\"https:\/\/www.youtube.com\/embed\/Pvsg9hJdMlg?feature=oembed\" frameborder=\"0\" allow=\"accelerometer; autoplay; clipboard-write; encrypted-media; gyroscope; picture-in-picture\" allowfullscreen><\/iframe>\n<\/div><\/figure>\n\n\n\n<h2 class=\"wp-block-heading\">(Ludwigshafen) &#8211; Brand in einem Mehrfamilienhaus<\/h2>\n\n\n\n<p>Am Mittwoch, den 08.12.2021, gegen 0 Uhr kam es in der Knollstra\u00dfe in Ludwigshafen am Rhein zu einem Brandereignis in einem Mehrfamilienhaus. Verletzt wurde niemand. Es entstand geringer Sachschaden. Die genaue Brandursache ist bis dato ungekl\u00e4rt. Die Kriminalpolizei hat die Ermittlungen \u00fcbernommen.<\/p>\n\n\n\n<h2 class=\"wp-block-heading\">(Ludwigshafen) &#8211; Vorsicht vor Betr\u00fcgern auf Parkpl\u00e4tzen<\/h2>\n\n\n\n<p>Am 07.12.2021, gegen 12:00 Uhr, wurden einem 78-J\u00e4hrigen auf dem Parkplatz eines Einkaufsmarktes in der Oderstra\u00dfe von zwei unbekannten M\u00e4nnern vier Uhren zun\u00e4chst als Geschenk angeboten. Durch geschickte Gespr\u00e4chsf\u00fchrung gelang es den unbekannten T\u00e4tern letztendlich, dass der Senior ihnen 100 Euro gab, nachdem er die Uhren erhalten hatte. Danach stiegen die Unbekannten in ein Auto und fuhren vom Parkplatzgel\u00e4nde in unbekannte Richtung davon.<\/p>\n\n\n\n<p>Der Beifahrer, der den 78-J\u00e4hrigen angesprochen hatte, war:<\/p>\n\n\n\n<ul><li><strong>etwa 22-24 Jahre alt <\/strong><\/li><li><strong>1,70 m gro\u00df<\/strong><\/li><li><strong> Er hatte kurze dunkle Haare<\/strong><\/li><li><strong>einen dunklen drei Tage Bart<\/strong><\/li><li><strong>Bekleidet war er mit einem wei\u00dfen Pullover. <\/strong><\/li><li><strong>Er hatte ein s\u00fcdl\u00e4ndisches Erscheinungsbild und einen s\u00fcdl\u00e4ndischen Akzent.<\/strong><\/li><\/ul>\n\n\n\n<ul><li><strong>Der Fahrer war ebenfalls etwa ca. 22-24 Jahre alt. Er hatte l\u00e4ngere dunkle nach hinten gek\u00e4mmte Haare.<\/strong><\/li><\/ul>\n\n\n\n<p>Die Polizei r\u00e4t, wachsam zu sein und auf keine &#8222;Gesch\u00e4fte&#8220; auf Parkpl\u00e4tzen einzugehen.<\/p>\n\n\n\n<p>Wer etwas Auff\u00e4lliges auf dem Einkaufsmarkt Parkplatz beobachtet hat oder Angaben zu den beiden unbekannten M\u00e4nnern machen kann, wird gebeten, sich bei der Kriminalpolizei Ludwigshafen unter der Telefonnummer 0621\/963-2773 oder per E-Mail&nbsp;<a target=\"_blank\" rel=\"noreferrer noopener\" href=\"mailto:kiludwigshafen.k1.kdd@polizei.rlp.de\">kiludwigshafen.k1.kdd@polizei.rlp.de<\/a>&nbsp;zu melden.<\/p>\n\n\n\n<h2 class=\"wp-block-heading\">(Ludwigshafen) &#8211; Vorsicht vor Bettelbetr\u00fcgern an der Haust\u00fcr<\/h2>\n\n\n\n<p>Am 07.12.2021 klingelte eine 68-J\u00e4hrige bei einer 42-j\u00e4hrigen Ludwigshafenerin an der T\u00fcr und erz\u00e4hlte, dass der Sohn einer Freundin verstorben sei und man nun Geld f\u00fcr die Beerdigung sammeln w\u00fcrde. Kurz zuvor hatte dieselbe Frau auch bei einem 51-J\u00e4hrigen geklingelt und erkl\u00e4rt, dass ihr Mann verstorben sei und sie Geld f\u00fcr das Essen ihrer Kinder ben\u00f6tige. Zu einer Geld\u00fcbergabe kam es in beiden F\u00e4llen nicht.<\/p>\n\n\n\n<p>Nachdem die 68-J\u00e4hrige bei der 44-J\u00e4hrigen geklingelt hatte, stieg sie in ihr Auto und die 42-J\u00e4hrige schrieb sich vorbildlich das Kennzeichen des Autos auf. Zudem gab sie bei der Polizei eine Personenbeschreibung ab, so dass die Betr\u00fcgerin identifiziert werden konnte. Nach Durchf\u00fchrung von erkennungsdienstlichen Ma\u00dfnahmen wurde die 68-J\u00e4hrige wieder entlassen.<\/p>\n\n\n\n<p>Die Polizei warnt B\u00fcrgerinnen und B\u00fcrger, bei Bettelbetr\u00fcgern an der Haust\u00fcr wachsam zu sein und nicht darauf reinzufallen.<\/p>\n\n\n\n<h2 class=\"wp-block-heading\">(Ludwigshafen) &#8211; Unfall in der Brunckstra\u00dfe \/ Zeugen gesucht<\/h2>\n\n\n\n<p>Am 07.12.2021, gegen 09:30 Uhr, fuhr ein 61-J\u00e4hriger mit seinem Mercedes-Benz Sprinter auf der Friesenheimer Stra\u00dfe in Richtung Brunckstra\u00dfe (L523). Zur gleichen Zeit fuhr ein 44-J\u00e4hriger mit seinem Lkw (MAN Sattelschlepper) auf der L523 stadteinw\u00e4rts in Richtung Brunckstra\u00dfe. An der Kreuzung fuhr der 61-J\u00e4hrige \u00fcber die f\u00fcr ihn zust\u00e4ndige Ampel in den Kreuzungsbereich auf die Brunckstra\u00dfe ein. Und auch der 44-J\u00e4hrige fuhr \u00fcber die f\u00fcr ihn zust\u00e4ndige Ampel in die nach links abknickende Stra\u00dfe und somit in den Kreuzungsbereich ein, so dass es im Kurvenbereich des Kreuzungsbereichs zum Zusammensto\u00df beider Fahrzeuge kam.<\/p>\n\n\n\n<p>Beide Fahrer gaben an, dass ihre jeweilige Ampel gr\u00fcn anzeigte. Der 44-J\u00e4hrige erkl\u00e4rte zudem, dass nach ihm zwei weitere Fahrzeuge \u00fcber die Ampel gefahren seien. Beide betroffenen Ampeln wurden \u00fcberpr\u00fcft und funktionierten vorschriftsm\u00e4\u00dfig.<\/p>\n\n\n\n<p>Die Polizei sucht nun Zeugen, die jeweils hinter dem 61-J\u00e4hrigen und dem 44-J\u00e4hrigen gefahren sind oder auch andere Zeugen, die den Unfall gesehen haben und Angaben zu den Ampelschaltungen machen k\u00f6nnen. Sie werden gebeten, sich an die Polizeiinspektion Ludwigshafen 2, Telefonnummer 0621 963-2222 oder per E-Mail&nbsp;<a target=\"_blank\" rel=\"noreferrer noopener\" href=\"mailto:piludwigshafen2@polizei.rlp.de\">piludwigshafen2@polizei.rlp.de<\/a>&nbsp;zu wenden.<\/p>\n\n\n\n<h2 class=\"wp-block-heading\">(Ludwigshafen) &#8211; Auffahrunfall in der Bruchwiesenstra\u00dfe<\/h2>\n\n\n\n<p>Am 07.12.2021, gegen 07:15 Uhr, fuhren ein 28-J\u00e4hriger, eine 31-J\u00e4hrige sowie ein 20-J\u00e4hriger hintereinander mit ihren Autos auf der rechten Fahrspur der Bruchwiesenstra\u00dfe in Richtung Sch\u00e4nzeldamm. Als der 28-J\u00e4hrige aufgrund des verkehrsbedingten R\u00fcckstaus abbremste, fuhr die 31-J\u00e4hrige auf sein Auto auf und der 20-J\u00e4hrige auf das Auto der 31-J\u00e4hrigen. Alle drei Fahrer verletzten sich bei dem Aufprall. Der 28-J\u00e4hrige wurde in ein Krankenhaus gebracht. Das Auto der 31-J\u00e4hrigen war nicht mehr fahrbereit und wurde abgeschleppt.<\/p>\n\n\n\n<p>W\u00e4hrend der Unfallaufnahme musste die rechte Fahrspur der Bruchwiesenstra\u00dfe gesperrt werden.<\/p>\n\n\n\n<h2 class=\"wp-block-heading\">(Ludwigshafen) &#8211; \u00dcberfall auf Tankstelle \/ Zwei T\u00e4ter vorl\u00e4ufig festgenommen<\/h2>\n\n\n\n<h3 class=\"wp-block-heading\">Gemeinsame Pressemitteilung der Staatsanwaltschaft Frankenthal (Pfalz) und des Polizeipr\u00e4sidiums Rheinpfalz<\/h3>\n\n\n\n<div class=\"wp-block-image\"><figure class=\"aligncenter size-full\"><img decoding=\"async\" loading=\"lazy\" width=\"800\" height=\"533\" src=\"https:\/\/speyer24news.com\/wp-content\/uploads\/2020\/06\/Zelle.jpg\" alt=\"\" class=\"wp-image-28203\" srcset=\"https:\/\/speyer24news.com\/wp-content\/uploads\/2020\/06\/Zelle.jpg 800w, https:\/\/speyer24news.com\/wp-content\/uploads\/2020\/06\/Zelle-300x200.jpg 300w, https:\/\/speyer24news.com\/wp-content\/uploads\/2020\/06\/Zelle-768x512.jpg 768w\" sizes=\"(max-width: 800px) 100vw, 800px\" \/><\/figure><\/div>\n\n\n\n<p>Am Montag (06.12.2021), gegen 22:00 Uhr, betraten in der Hauptstra\u00dfe zwei mit einer Pistole bewaffnete T\u00e4ter den Verkaufsraum einer Tankstelle und forderten vom Kassierer Bargeld.<\/p>\n\n\n\n<p>Noch im Tankstellengeb\u00e4ude wurden die beiden 22-j\u00e4hrigen Tatverd\u00e4chtigen von alarmierten Polizeikr\u00e4ften vorl\u00e4ufig festgenommen. Die mitgef\u00fchrte Pistole wurde sichergestellt. Es handelte sich um eine Schreckschusswaffe.<\/p>\n\n\n\n<p>Die beiden Tatverd\u00e4chtigen wurden am Dienstag (07.12.2021) dem Haftrichter vorgef\u00fchrt. Dieser erlie\u00df auf Antrag der Staatsanwaltschaft Frankenthal Untersuchungshaftbefehle wegen des dringenden Verdachts der versuchten schweren r\u00e4uberischen Erpressung.<\/p>\n\n\n\n<p>Mit der Anordnung von Meldeauflagen wurde bei einem der Tatverd\u00e4chtigen der Untersuchungshaftbefehl au\u00dfer Vollzug gesetzt; der andere kam in eine Justizvollzugsanstalt.<\/p>\n\n\n\n<h2 class=\"wp-block-heading\">(Mannheim-Jungbusch) &#8211; Unfallflucht \/ Zeugen gesucht<\/h2>\n\n\n\n<p>Einen Verkehrsunfall mit erheblichem Sachschaden verursachte ein unbekannter Verkehrsteilnehmer in der Zeit zwischen Samstagmorgen und Montagnachmittag im Stadtteil Jungbusch. Der Fahrzeughalter hatte den Audi am fr\u00fchen Samstagmorgen, gegen 3 Uhr in der Hafenstra\u00dfe am Fahrbahnrand abgestellt. Als er am Montagabend, gegen 17.30 Uhr zu seinem Fahrzeug zur\u00fcckkehrte, war es am Heck erheblich besch\u00e4digt und war mit dem rechten Hinterrad \u00fcber den Bordstein hinweg auf den Gehweg geschoben. Offenbar war ein unbekannter Verkehrsteilnehmer bei Vorbeifahren gegen das Fahrzeug gesto\u00dfen und ist anschlie\u00dfend einfach davongefahren. Der Schaden wird auf rund 8.000 Euro gesch\u00e4tzt.<\/p>\n\n\n\n<p>Zeugen, die auf den Unfall aufmerksam geworden sind und sachdienliche Hinweise um Unfallverursacher geben k\u00f6nnen, werden gebeten, sich beim Polizeirevier Mannheim-Innenstadt, Tel.: 0621\/1258-0 zu melden.<\/p>\n\n\n\n<h2 class=\"wp-block-heading\">(Mannheim-Friedrichsfeld) &#8211; Felgendiebe auf frischer Tat ertappt<\/h2>\n\n\n\n<p>Am fr\u00fchen Mittwochmorgen gegen 02:10 Uhr konnten mehrere Streifen des Polizeireviers Ladenburg zwei mutma\u00dfliche Felgendiebe festnehmen. Auf dem Video der \u00dcberwachungskamera eines Autohauses in der Elsa-Br\u00e4ndstr\u00f6m-Stra\u00dfe war eine Person zu sehen, die gerade im Begriff war, Felgen zu entwenden. Als die Streifen des Reviers das Autohaus erreichten, fuhr gerade ein mit zwei Personen besetzter Peugeot von dem Gel\u00e4nde. Eine Person war zudem gerade dabei, in den Peugeot einzusteigen. Als diese, sowie der Fahrer die Polizei erkannte, fl\u00fcchtete die Person zu Fu\u00df, der Fahrer fuhr davon. Nach einer kurzen Verfolgungsfahrt konnte der Peugeot gestoppt und der Fahrer festgenommen werden. Der Beifahrer versuchte noch zu Fu\u00df zu entkommen, konnte jedoch ebenfalls festgenommen werden. Die beiden 21-J\u00e4hrigen wurden zun\u00e4chst f\u00fcr weitere Ma\u00dfnahmen zu einem Polizeirevier gebracht und anschlie\u00dfend auf freien Fu\u00df entlassen. In dem Peugeot befanden sich vier hochwertige Reifen samt Felgen. Diese, sowie der Peugeot wurden sichergestellt.<\/p>\n\n\n\n<p>Der Polizeiposten Mannheim-Seckenheim hat die Ermittlungen, insbesondere zu der dritten, noch unbekannten Person, in dieser Sache \u00fcbernommen.<\/p>\n\n\n\n<h2 class=\"wp-block-heading\">(Mannheim-Vogelstang) &#8211; Fu\u00dfg\u00e4nger von Pkw erfasst \/ 58-J\u00e4hriger Fu\u00dfg\u00e4nger im Krankenhaus verstorben<\/h2>\n\n\n\n<h3 class=\"has-text-align-center wp-block-heading\">Pressemeldung Nr. 3 &#8211; Korrektur<\/h3>\n\n\n\n<div class=\"wp-block-image\"><figure class=\"aligncenter size-full\"><img decoding=\"async\" loading=\"lazy\" width=\"800\" height=\"533\" src=\"https:\/\/speyer24news.com\/wp-content\/uploads\/2020\/03\/candle-2905395_1920.jpg\" alt=\"\" class=\"wp-image-25905\" srcset=\"https:\/\/speyer24news.com\/wp-content\/uploads\/2020\/03\/candle-2905395_1920.jpg 800w, https:\/\/speyer24news.com\/wp-content\/uploads\/2020\/03\/candle-2905395_1920-300x200.jpg 300w, https:\/\/speyer24news.com\/wp-content\/uploads\/2020\/03\/candle-2905395_1920-768x512.jpg 768w\" sizes=\"(max-width: 800px) 100vw, 800px\" \/><\/figure><\/div>\n\n\n\n<p>Wie bereits am Montag berichtet, ereignete sich am Montagnachmittag im Stadtteil Vogelstang ein Verkehrsunfall, bei dem ein 58-j\u00e4hriger Fu\u00dfg\u00e4nger lebensgef\u00e4hrliche Verletzungen erlitten hatte. Der Mann hatte gegen 17 Uhr in der Magdeburger Stra\u00dfe an der Fu\u00dfg\u00e4ngerampel in H\u00f6he der Weimarer Stra\u00dfe bei Rotlicht die Fahrbahn zwischen sich auf der rechten Fahrspur stauenden Fahrzeugen \u00fcberquert. Dabei wurde er von einem auf der linken Fahrspur fahrenden VW Touran eines 32-j\u00e4hrigen Mannes erfasst und auf die Fahrbahn geschleudert.<\/p>\n\n\n\n<p>Der 58-J\u00e4hrige wurde zur Behandlung in eine Klinik eingeliefert, wo er am Folgetag seinen lebensbedrohlichen Verletzungen erlag.<\/p>\n\n\n\n<h2 class=\"wp-block-heading\">(A 5 \/ Heidelberg) &#8211; Aufgefahren und abgehauen \/ Polizei sucht Zeugen<\/h2>\n\n\n\n<p>Einen Verkehrsunfall verursachte am Mittwochnachmittag, den 24.11.2021, ein unbekannter Lastwagenfahrer auf der A 5 bei Heidelberg. Eine 29-j\u00e4hrige Frau war gegen 14.45 Uhr mit ihrem VW Golf auf der A 5 von Karlsruhe in Richtung Frankfurt unterwegs. An der Anschlussstelle &#8222;Heidelberg\/Schwetzingen&#8220; wechselte sie auf die Ausfahrtspur, um auf die B 535 zu wechseln. Dort fuhr ihr ein nachfolgender Lastwagen dreimal in kurzer Folge hinten auf. Ohne anzuhalten, fuhr er anschlie\u00dfend einfach weiter in Richtung Heidelberg. Am Auto der 29-J\u00e4hrigen entstand Sachschaden in H\u00f6he von rund 3.500 Euro.<\/p>\n\n\n\n<p>Bei dem unfallverursachenden Fahrzeug soll es sich um einen blauen Lastwagen gehandelt haben. Mehr ist hierzu nicht bekannt.<\/p>\n\n\n\n<p>Zeugen, die den Unfall beobachtet haben und sachdienliche Hinweise zum fl\u00fcchtigen Lkw und dessen Fahrer geben k\u00f6nnen, werden gebeten, sich bei der Autobahnpolizei in Mannheim, Tel.: 0621\/47093-216 (Mo. &#8211; Fr. 8:00 Uhr bis 15.30 Uhr) oder 0621\/47093-0 (rund um die Uhr) zu melden.<\/p>\n\n\n\n<h2 class=\"wp-block-heading\">(Heidelberg-Weststadt) &#8211; Festnahme nach Pkw-Aufbruch<\/h2>\n\n\n\n<p>Zeugen wurden am sp\u00e4ten Dienstagabend auf einen Mann aufmerksam, der um 22:45 Uhr mit einem Nothammer die Scheibe eines geparkten Pkw in der Gaisbergstra\u00dfe einschlug und den Innenraum durchsuchte. Dank der schnellen Alarmierung stellten Beamte des Polizeireviers Heidelberg-Mitte einen Verd\u00e4chtigen in Tatortn\u00e4he fest, der nach einer Verfolgung zu Fu\u00df festgenommen wurde. Bei einer Durchsuchung des 38-J\u00e4hrigen wurde neben dem Nothammer auch Reste der eingeschlagenen Pkw-Scheibe in seinem Rucksack sichergestellt. Beute machte der Festgenommene keine. Gegen diesen wird nun wegen des Versuchs des besonders schweren Falls des Diebstahls ermittelt.<\/p>\n\n\n\n<h2 class=\"wp-block-heading\">(Br\u00fchl \/ Rhein-Neckar-Kreis) &#8211; Supermarkt mit Messer \u00fcberfallen \/ Zeugen gesucht<\/h2>\n\n\n\n<div class=\"wp-block-image\"><figure class=\"aligncenter size-full\"><img decoding=\"async\" loading=\"lazy\" width=\"801\" height=\"600\" src=\"https:\/\/speyer24news.com\/wp-content\/uploads\/2020\/05\/Zeugen-gesucht-Neutral.jpg\" alt=\"\" class=\"wp-image-26598\" srcset=\"https:\/\/speyer24news.com\/wp-content\/uploads\/2020\/05\/Zeugen-gesucht-Neutral.jpg 801w, https:\/\/speyer24news.com\/wp-content\/uploads\/2020\/05\/Zeugen-gesucht-Neutral-300x225.jpg 300w, https:\/\/speyer24news.com\/wp-content\/uploads\/2020\/05\/Zeugen-gesucht-Neutral-768x575.jpg 768w, https:\/\/speyer24news.com\/wp-content\/uploads\/2020\/05\/Zeugen-gesucht-Neutral-678x509.jpg 678w, https:\/\/speyer24news.com\/wp-content\/uploads\/2020\/05\/Zeugen-gesucht-Neutral-326x245.jpg 326w, https:\/\/speyer24news.com\/wp-content\/uploads\/2020\/05\/Zeugen-gesucht-Neutral-80x60.jpg 80w\" sizes=\"(max-width: 801px) 100vw, 801px\" \/><\/figure><\/div>\n\n\n\n<p>Am Dienstagabend bedrohte ein bislang unbekannter T\u00e4ter die Kassiererin eines Supermarkts in der Rheinauer Stra\u00dfe und raubte mehrere tausend Euro &#8211; die Kriminalpolizei hat die Ermittlungen aufgenommen.<\/p>\n\n\n\n<p>Der unbekannte Mann betrat gegen 19.20 Uhr den Verkaufsraum und begab sich im Anschluss mit mehreren Artikeln zur Kasse. Nachdem der T\u00e4ter die Waren in seiner Tasche verstaut hatte, zog er ein Messer und forderte das Geld in der Kasse. Die eingesch\u00fcchterte Kassiererin \u00fcbergab dem Mann daraufhin das Bargeld. Hiernach fl\u00fcchtete der Mann samt Beute. Trotz sofortiger Alarmierung verlief eine Fahndung nach dem Fl\u00fcchtigen ohne Ergebnis.<\/p>\n\n\n\n<h3 class=\"wp-block-heading\">Der T\u00e4ter kann wie folgt beschrieben werden: <\/h3>\n\n\n\n<ul><li><strong>m\u00e4nnlich<\/strong><\/li><li><strong>30 bis 40 Jahre alt<\/strong><\/li><li><strong>zwischen 1,70 m und 1,75 m gro\u00df<\/strong><\/li><li><strong>schlanke Figur<\/strong><\/li><li><strong>schwarze mittellange Haare<\/strong><\/li><li><strong>dunkle Augen<\/strong><\/li><li><strong>trug eine dunkle Wollm\u00fctze und dunkle Kleidung<\/strong><\/li><li><strong>blaue medizinische Maske auf Drei- bis F\u00fcnf-Tage-Bart<\/strong><\/li><li><strong>trug eine abgenutzte Plastikt\u00fcte mit sich<\/strong><\/li><\/ul>\n\n\n\n<p>Zeugen, die Verd\u00e4chtiges beobachtet haben oder Hinweise zum T\u00e4ter geben k\u00f6nnen, werden gebeten, sich unter 0621 174-4444 an die Kriminalermittler zu wenden.<\/p>\n\n\n\n<h2 class=\"wp-block-heading\">(Schwetzingen \/ Rhein-Neckar-Kreis) &#8211; 13-J\u00e4hrige vermisst \/ \u00d6ffentlichkeitsfahndung der Polizei; Person nach Zeugenhinweis angetroffen<\/h2>\n\n\n\n<h3 class=\"has-text-align-center wp-block-heading\">Pressemeldung Nr.3<\/h3>\n\n\n\n<div class=\"wp-block-image\"><figure class=\"aligncenter size-full\"><img decoding=\"async\" loading=\"lazy\" width=\"800\" height=\"533\" src=\"https:\/\/speyer24news.com\/wp-content\/uploads\/2021\/11\/Daumen-OK-Perfekt.png\" alt=\"\" class=\"wp-image-42705\" srcset=\"https:\/\/speyer24news.com\/wp-content\/uploads\/2021\/11\/Daumen-OK-Perfekt.png 800w, https:\/\/speyer24news.com\/wp-content\/uploads\/2021\/11\/Daumen-OK-Perfekt-300x200.png 300w, https:\/\/speyer24news.com\/wp-content\/uploads\/2021\/11\/Daumen-OK-Perfekt-768x512.png 768w\" sizes=\"(max-width: 800px) 100vw, 800px\" \/><\/figure><\/div>\n\n\n\n<p>Die seit Sonntagnachmittag, den 05.12.2021 in Schwetzingen vermisste 13-j\u00e4hrige Leonie D. konnte am sp\u00e4ten Dienstagabend, nach einem Zeugenhinweis, wohlbehalten in der N\u00e4he von Frankenthal (Rheinland-Pfalz) angetroffen werden. Leonie D. wurde in die Obhut ihrer Eltern gegeben. Die Hintergr\u00fcnde ihres Verschwindens sind derzeit noch unklar und Gegenstand der weiteren Ermittlungen des Kriminalkommissariats Mannheim.<\/p>\n\n\n\n<h2 class=\"wp-block-heading\">(Sandhausen \/ Rhein-Neckar-Kreis) &#8211; Unter Alkoholeinfluss Unfall verursacht<\/h2>\n\n\n\n<p>Eine 38-j\u00e4hrige Frau verursachte am Dienstagabend in Sandhausen unter Alkoholeinfluss einen Verkehrsunfall. Die Frau war gegen 21.30 Uhr mit ihrem Renault in der Hauptstra\u00dfe von der L 598 kommend in Richtung Ortsmitte unterwegs. In H\u00f6he der Friedrichstra\u00dfe kam sie an einer Engstelle zu weit nach links, sodass ein entgegenkommender 59-j\u00e4hriger VW-Fahrer versuchte, nach rechts auszuweichen. Allerdings konnte er einen Zusammensto\u00df nicht mehr vermeiden. Bei der Unfallaufnahme bemerkten die Beamten, dass die 38-J\u00e4hrige stark schwankte und deutliche Artikulierungsprobleme zeigte. Zudem war deutlicher Alkoholgeruch in ihrem Atem feststellbar. Ein Alkoholtest ergab einen Wert von rund 2,5 Promille. Ihr wurde daraufhin eine Blutprobe entnommen. Gegen sie wird nun wegen Stra\u00dfenverkehrsgef\u00e4hrdung ermittelt. Ihr F\u00fchrerschein wurde einbehalten.<\/p>\n\n\n\n<h2 class=\"wp-block-heading\">(Sandhausen \/ Rhein-Neckar-Kreis) &#8211; Alte Autoreifen illegal im Wald entsorgt \/ Polizei sucht Zeugen<\/h2>\n\n\n\n<div class=\"wp-block-image\"><figure class=\"aligncenter size-full\"><img decoding=\"async\" loading=\"lazy\" width=\"800\" height=\"533\" src=\"https:\/\/speyer24news.com\/wp-content\/uploads\/2021\/12\/Autoreifen-Sandhausen.jpg\" alt=\"\" class=\"wp-image-43102\" srcset=\"https:\/\/speyer24news.com\/wp-content\/uploads\/2021\/12\/Autoreifen-Sandhausen.jpg 800w, https:\/\/speyer24news.com\/wp-content\/uploads\/2021\/12\/Autoreifen-Sandhausen-300x200.jpg 300w, https:\/\/speyer24news.com\/wp-content\/uploads\/2021\/12\/Autoreifen-Sandhausen-768x512.jpg 768w\" sizes=\"(max-width: 800px) 100vw, 800px\" \/><\/figure><\/div>\n\n\n\n<p>Zeugen teilten der Polizei am Samstag, 04.12.2021 mit, dass auf einem Walddweg bei Sandhausen eine gr\u00f6\u00dfere Menge Altreifen abgelagert sei. Nach derzeitigem Ermittlungsstand hatte ein Unbekannter in der Zeit zwischen Freitag, 03.12.2021 und Samstag, 04.12.2021 auf einem Waldweg zwischen dem Parkplatz an der Umgehungsstra\u00dfe und dem Abzweig zur Hauptstra\u00dfe zahlreiche alte Autoreifen abgelagert.<\/p>\n\n\n\n<p>Die Gemeinde Sandhausen wurde verst\u00e4ndigt, der Polizeiposten Sandhausen ermittelt wegen widerrechtlicher Abfallablagerung au\u00dferhalb einer zugelassenen Abfallbeseitigungsanlage.<\/p>\n\n\n\n<p>Zeugen, die verd\u00e4chtige Wahrnehmungen gemacht haben und sachdienliche Hinweise zum Verursacher der Reifenablagerung geben k\u00f6nnen, werden gebeten, sich beim Polizeirevier Wiesloch, Tel.: 06222\/5709-0 zu melden.<\/p>\n\n\n\n<h2 class=\"wp-block-heading\">(Leimen-St.Ilgen \/ Rhein-Neckar-Kreis) &#8211; Unbekannter greift 46-J\u00e4hrigen unvermittelt an \/ Polizei sucht dringend nach Zeugen<\/h2>\n\n\n\n<div class=\"wp-block-image\"><figure class=\"aligncenter size-full\"><img decoding=\"async\" loading=\"lazy\" width=\"801\" height=\"600\" src=\"https:\/\/speyer24news.com\/wp-content\/uploads\/2020\/05\/Zeugen-gesucht-Neutral.jpg\" alt=\"\" class=\"wp-image-26598\" srcset=\"https:\/\/speyer24news.com\/wp-content\/uploads\/2020\/05\/Zeugen-gesucht-Neutral.jpg 801w, https:\/\/speyer24news.com\/wp-content\/uploads\/2020\/05\/Zeugen-gesucht-Neutral-300x225.jpg 300w, https:\/\/speyer24news.com\/wp-content\/uploads\/2020\/05\/Zeugen-gesucht-Neutral-768x575.jpg 768w, https:\/\/speyer24news.com\/wp-content\/uploads\/2020\/05\/Zeugen-gesucht-Neutral-678x509.jpg 678w, https:\/\/speyer24news.com\/wp-content\/uploads\/2020\/05\/Zeugen-gesucht-Neutral-326x245.jpg 326w, https:\/\/speyer24news.com\/wp-content\/uploads\/2020\/05\/Zeugen-gesucht-Neutral-80x60.jpg 80w\" sizes=\"(max-width: 801px) 100vw, 801px\" \/><\/figure><\/div>\n\n\n\n<p>Am Dienstagabend gegen 18 Uhr wurde ein 46-J\u00e4hriger auf dem Vorplatz des Bahnhofs Leimen\/St.Ilgen, aus bislang nicht bekannten Gr\u00fcnden, von einem ihm unbekannten Mann, angep\u00f6belt und in der Folge k\u00f6rperlich angegriffen. Noch bevor der 46-J\u00e4hrige reagieren konnte, zog der Unbekannte dann pl\u00f6tzlich ein Messer und bedrohte diesen damit. Kurz darauf steckte der Unbekannte das Messer wieder weg und stieg in den Ortsbus Sandhausen ein. Der 46-J\u00e4hrige, der gl\u00fccklicherweise unverletzt blieb, verst\u00e4ndigte daraufhin sofort die Polizei, die wiederum Fahndungsma\u00dfnahmen nach dem Unbekannten einleiteten. In diesem Zusammenhang konnte \u00fcber den Busfahrer in Erfahrung gebracht werden, dass der Gesuchte wenig sp\u00e4ter an der Haltestelle &#8222;Lattweg&#8220; ausgestiegen war und sich anschlie\u00dfend in unbekannte Richtung entfernt hatte. Die genauen Hintergr\u00fcnde der Tat sind derzeit noch unklar. Der Polizeiposten Leimen hat die weiteren Ermittlungen aufgenommen und sucht nun dringend nach Zeugen, die den Mann gesehen haben und\/oder dar\u00fcber hinaus sachdienliche Hinweise geben k\u00f6nnen. Sie werden gebeten, sich unter der Tel.: 06224 17490 zu melden.<\/p>\n\n\n\n<h3 class=\"wp-block-heading\">Der Mann kann wie folgt beschrieben werden: <\/h3>\n\n\n\n<ul><li><strong>ca. 35-45 Jahre alt <\/strong><\/li><li><strong>ca. 175 cm gro\u00df<\/strong><\/li><li><strong>Der Mann trug eine hellbraune\/\u00e4rmellose Jacke sowie ein rot kariertes Hemd und eine Winterm\u00fctze. <\/strong><\/li><li><strong>Au\u00dferdem trug er eine Brille und einen Bart.<\/strong><\/li><\/ul>\n\n\n\n<h2 class=\"wp-block-heading\">(Walldorf \/ Rhein-Neckar-Kreis) &#8211; Unfall nach Abbiegevorgang \/ Zwei Personen verletzt<\/h2>\n\n\n\n<p>Am Dienstagmorgen gegen 7 Uhr fuhr ein 62-J\u00e4hriger mit seinem LKW auf H\u00f6he eines dortigen Autohauses von der L723 ab, um an der Einm\u00fcndung zur &#8222;Wieslocher Stra\u00dfe&#8220; in Richtung Walldorf abzubiegen. Hierbei \u00fcbersah er eine 57-J\u00e4hrige, die mit ihrem Peugeot aus Wiesloch kommend in Richtung L723 unterwegs war und vorfahrtsberechtigt gewesen w\u00e4re. Als die 57-J\u00e4hrige den Einm\u00fcndungsbereich passieren wollte und der 62-J\u00e4hrige nach links zum Abbiegen ansetzte, kam es zu dem Zusammensto\u00df beider Fahrzeuge. Der 62-J\u00e4hrige sowie die 57-J\u00e4hrige wurden bei dem Aufprall leicht verletzt. Hinzugerufene Rettungsw\u00e4gen brachten die Beiden in eine Klinik. Die Fahrzeuge waren nicht mehr fahrbereit und mussten abgeschleppt werden. Der Gesamtsachschaden wird derzeit auf rund 30.000 Euro gesch\u00e4tzt.<\/p>\n\n\n\n<p>Das Polizeirevier Wiesloch hat die weiteren Ermittlungen aufgenommen. Der LKW-Fahrer muss nun mit einer Strafanzeige wegen des Verdachts der fahrl\u00e4ssigen K\u00f6rperverletzung rechnen sowie mit einem Bu\u00dfgeldbescheid und einem Punkt.<\/p>\n\n\n\n<h2 class=\"wp-block-heading\">(Sinsheim  \/ Rhein-Neckar-Kreis) &#8211; Betr\u00fcgerische Anrufe rei\u00dfen nicht ab; Sinsheimerin erliegt falschem Gewinnversprechen<\/h2>\n\n\n\n<p>Betr\u00fcgerische Anrufe in Sinsheim und mehreren Ortsteilen rei\u00dfen nicht ab.<\/p>\n\n\n\n<p>Auch am 6. Und 7. Dezember klingelten die Telefone bei meist betagten Seniorinnen und Senioren im Alter zwischen 57-92 Jahren in Sinsheim, Eschelbach, Hoffenheim und Angelbachtal-Eichtersheim.<\/p>\n\n\n\n<p>Alleine f\u00fcnf Anrufe wurden am Dienstag dem Polizeirevier Sinsheim bekannt, wobei von einer wesentlich h\u00f6heren Dunkelziffer ausgegangen wird.<\/p>\n\n\n\n<p>Am anderen Ende der Leitungen stellten sich Unbekannte als Polizeibeamte (3) oder nahe Angeh\u00f6rige (1) sowie in einem Fall als Mitarbeiterin der Deutschen Bundesbank vor.<\/p>\n\n\n\n<p>W\u00e4hrend die &#8222;falschen Polizeibeamten&#8220; mit Schockanrufen -nahe Angeh\u00f6rige sollen einen schweren Unfall verursacht haben und zur Abwendung einer Haftstra\u00dfe soll eine Kautionszahlung erfolgen-, ben\u00f6tigte ein angeblicher Ekel von seiner Gro\u00dfmutter in Eichtersheim Geld zur Regelung eines Unfalls. In allen F\u00e4llen lie\u00dfen sich die Angerufenen nicht beeindrucken und legten auf.<\/p>\n\n\n\n<p>Allerdings waren Betr\u00fcger bei einer 60-j\u00e4hrigen Frau erfolgreich. Die angebliche Bundesbank-Mitarbeiterin gab vor, die 60-J\u00e4hrige h\u00e4tte fast 40.000.- Euro gewonnen. Zur Abwicklung der Auszahlung solle sie eine Google Playstore Karte in einem Einkaufsmarkt \u00fcber 300.- Euro erwerben und den freigerubbelten Code (- ist barem Geld gleichzusetzen) \u00fcbermitteln. Bei Auszahlung des Gewinns sei nochmals ein Betrag von 200.- Euro f\u00e4llig. Die Sinsheimerin bemerkte schlie\u00dflich den Betrug und erstattete Anzeige.<\/p>\n\n\n\n<p>Wie von den Ermittlern des Betrugsdezernats der Kriminalpolizeidirektion Heidelberg bef\u00fcrchtet, setzt sich die Betrugsserie in unterschiedlichen Ausformungen in Sinsheim und den Umlandgemeinden fort.<\/p>\n\n\n\n<p>Deshalb wird nochmals eindringlich darauf hingewiesen, keine Geldbetr\u00e4ge vor der Haust\u00fcr an fremde Menschen zu \u00fcbergeben oder vor der T\u00fcr zu hinterlegen. Die Polizei holt weder Geld noch Schmuck an der Haust\u00fcr ab oder l\u00e4sst dies von Boten abholen.<\/p>\n\n\n\n<p>Im Falle von Gewinnversprechen soll sich jeder, der solche Anrufe erh\u00e4lt, zun\u00e4chst die Frage stellen, ob er an einem Preisausschreiben oder einem Gewinnspiel teilgenommen hat. Sollte dies nicht der Fall sein, ist es ausgeschlossen, dass, von woher auch immer, ein Gewinn ins Haus flattert. Durch die teils enormen Summen, die die unbekannten Anrufer versprechen, wird bei vielen Menschen offenbar das logische Denken ausgeschaltet und wie in diesem Fall, eine Gegenrechnung aufgemacht &#8211; wenige hundert Euro &#8222;investieren&#8220;, um mehrere zehntausend Euro zu bekommen. Das b\u00f6se Erwachen kommt erst hinterher, wenn einem bewusst wird, dass man einem Betrug aufgesessen ist. Meist sind dann Betr\u00e4ge von mehreren hundert bis zu mehreren zehntausend Euro futsch.<\/p>\n\n\n\n<h3 class=\"wp-block-heading\">Dar\u00fcber hinaus gelten folgende Hinweise:<\/h3>\n\n\n\n<pre class=\"wp-block-preformatted\">   - Geben Sie keine Details zu Ihren famili\u00e4ren und finanziellen   \n     Verh\u00e4ltnissen preis.<\/pre>\n\n\n\n<pre class=\"wp-block-preformatted\">   - Lassen Sie sich nicht dr\u00e4ngen und unter Druck setzen.<\/pre>\n\n\n\n<pre class=\"wp-block-preformatted\">   - Nehmen Sie sich Zeit, um die Angaben des Anrufers zu \u00fcberpr\u00fcfen.\n     Rufen Sie die jeweilige Person unter der Ihnen lange bekannten  \n     Nummer an und lassen Sie sich den Sachverhalt best\u00e4tigen.<\/pre>\n\n\n\n<pre class=\"wp-block-preformatted\">   - Wenn ein Anrufer Geld oder andere Wertsachen von Ihnen fordert: \n     Besprechen Sie dies mit Familienangeh\u00f6rigen oder anderen Ihnen \n     nahestehende Personen.<\/pre>\n\n\n\n<pre class=\"wp-block-preformatted\">   - Keine Codes von bsplw. Playstore-Karten telefonisch \u00fcbermitteln.\n     Diese Codes sind bares Geld.<\/pre>\n\n\n\n<pre class=\"wp-block-preformatted\">   - Kommt Ihnen ein Anruf verd\u00e4chtig vor, informieren Sie \n     unverz\u00fcglich die Polizei unter der Nummer 110.<\/pre>\n\n\n\n<pre class=\"wp-block-preformatted\">   - Sind Sie bereits Opfer einer Betrugsmasche geworden, zeigen Sie \n     die Tat unbedingt bei der Polizei an. Dies kann der Polizei \n     helfen, Zusammenh\u00e4nge zu erkennen, andere Personen entsprechend \n     zu sensibilisieren und die T\u00e4ter zu \u00fcberf\u00fchren.<\/pre>\n\n\n\n<pre class=\"wp-block-preformatted\">   - Lassen Sie Ihren Vornamen im Telefonbuch abk\u00fcrzen (aus Herta    \n     Schmidt wird beispielsweise H. Schmidt). So k\u00f6nnen die T\u00e4ter Sie\n     gar nicht mehr ausfindig machen. Zum \u00c4ndern eines \n     Telefonbucheintrags wenden Sie sich an die Telekom.<\/pre>\n\n\n\n<pre class=\"wp-block-preformatted\">   - Bewahren Sie Ihre Wertsachen, z.B. h\u00f6here Geldbetr\u00e4ge und andere\n     Wertgegenst\u00e4nde nicht zuhause auf, sondern auf der Bank oder im \n     Bankschlie\u00dffach.<\/pre>\n\n\n\n<p>Dar\u00fcber hinaus informieren die Kriminalpolizeilichen Beratungsstellen des Polizeipr\u00e4sidiums Mannheim in Mannheim, Tel.: 0621\/174-1212 und in Heidelberg, Tel.: 06221\/99-1234, wie man sich am besten vor Trickbetr\u00fcgern jedweder Art am besten sch\u00fctzen kann. Die Beratungen sind kostenlos!!!<\/p>\n\n\n\n<p>Im Internet sind Information \u00fcber alle g\u00e4ngigen Betrugsmaschen unter&nbsp;<a target=\"_blank\" rel=\"noreferrer noopener\" href=\"http:\/\/www.polizei-beratung.de\/\">www.polizei-beratung.de<\/a>&nbsp;abrufbar.<\/p>\n\n\n\n<h2 class=\"wp-block-heading\">(Edingen-Neckarhausen \/ Rhein-Neckar-Kreis) &#8211; Streifenwagen kollidiert bei Einsatzfahrt mit Opel-Fahrerin<\/h2>\n\n\n\n<p>Am Mittwochmorgen um kurz nach 06 Uhr kollidierte im Kreuzungsbereich Mannheimer Stra\u00dfe \/ Wichernstra\u00dfe ein Streifenwagen mit einer 50-j\u00e4hrigen Opel-Fahrerin. Die 26-j\u00e4hrige Polizistin war mit Blaulicht auf der Mannheimer Stra\u00dfe zu einem Einbruchsalarm in Ilvesheim unterwegs, als sie in das Heck der 50-J\u00e4hrigen fuhr, welche von der Wichernstra\u00dfe auf die Mannheimer Stra\u00dfe ebenfalls in Richtung Seckenheim auffuhr. Nach dem Zusammensto\u00df prallte der Streifenwagen an einen Ampelmast und kam kurz danach zum Stehen. Durch den Unfall verletzte sich die 50-J\u00e4hrige leicht und musste mit einem Rettungswagen in ein nahegelegenes Krankenhaus gebracht werden. Beide Fahrzeuge mussten abgeschleppt werden. Es entstand ein Gesamtschaden von mehr als 30.000 Euro. Die Ermittlungen zum Unfallhergang dauern an.<\/p>\n\n\n\n<h2 class=\"wp-block-heading\">(Schriesheim \/ Rhein-Neckar-Kreis) &#8211; Unfallflucht; Zeugen gesucht<\/h2>\n\n\n\n<p>Am Dienstag, in der Zeit von 13 bis 15:30 Uhr, war der bislang unbekannter Fahrer eines roten Autos im Sp\u00e4nningweg unterwegs. An der Einm\u00fcndung Dossenheimer Weg besch\u00e4digte er einen am rechten Fahrbahnrand geparkten schwarzen Seat an der Fahrerseite und fl\u00fcchtete anschlie\u00dfend. Der Sachschaden wird auf ca. 5.000 Euro beziffert. Das Fahrzeug des Verursachers muss auf der Beifahrerseite deutlich besch\u00e4digt sein. Zeugen werden gebeten, sich beim Polizeiposten Schriesheim, Tel.: 06203\/ 61301 zu melden.<\/p>\n\n\n\n<h2 class=\"wp-block-heading\">(Heddesheim \/ Rhein-Neckar-Kreis) &#8211; Zwei M\u00e4nner im Alter von 32 und 37 Jahren wegen versuchten Diebstahls im besonders schweren Fall in Untersuchungshaft<\/h2>\n\n\n\n<h3 class=\"wp-block-heading\">Gemeinsame Presseerkl\u00e4rung der Staatsanwaltschaft Mannheim und des Polizeipr\u00e4sidiums Mannheim:<\/h3>\n\n\n\n<div class=\"wp-block-image\"><figure class=\"aligncenter size-full\"><img decoding=\"async\" loading=\"lazy\" width=\"800\" height=\"600\" src=\"https:\/\/speyer24news.com\/wp-content\/uploads\/2019\/06\/Ausn\u00fcchterungszelle.jpg\" alt=\"\" class=\"wp-image-15212\" srcset=\"https:\/\/speyer24news.com\/wp-content\/uploads\/2019\/06\/Ausn\u00fcchterungszelle.jpg 800w, https:\/\/speyer24news.com\/wp-content\/uploads\/2019\/06\/Ausn\u00fcchterungszelle-300x225.jpg 300w, https:\/\/speyer24news.com\/wp-content\/uploads\/2019\/06\/Ausn\u00fcchterungszelle-768x576.jpg 768w, https:\/\/speyer24news.com\/wp-content\/uploads\/2019\/06\/Ausn\u00fcchterungszelle-678x509.jpg 678w, https:\/\/speyer24news.com\/wp-content\/uploads\/2019\/06\/Ausn\u00fcchterungszelle-326x245.jpg 326w, https:\/\/speyer24news.com\/wp-content\/uploads\/2019\/06\/Ausn\u00fcchterungszelle-80x60.jpg 80w\" sizes=\"(max-width: 800px) 100vw, 800px\" \/><\/figure><\/div>\n\n\n\n<p>Auf Antrag der Staatsanwaltschaft Mannheim wurde durch das Amtsgericht Mannheim Haftbefehl gegen zwei bulgarische Staatsangeh\u00f6rige im Alter von 32 und 37 Jahren erlassen. Sie stehen im dringenden Verdacht, versucht zu haben, am Montag, den 06.12.2021 gegen 20:40 Uhr in die Gesch\u00e4ftsr\u00e4ume eines Kfz-Betriebs in Heddesheim einzubrechen.<\/p>\n\n\n\n<p>Die beiden Tatverd\u00e4chtigen sollen gegen 20:40 Uhr eine Glasscheibe aus dem Tor zur Werkstatt des Betriebs in der Mannheimer Stra\u00dfe herausgedr\u00fcckt haben, um in den R\u00e4umlichkeiten Buntmetall, Bargeld und weitere stehlenswerte Gegenst\u00e4nde zu entwenden. Nachdem jedoch die Alarmanlage ausl\u00f6ste, fl\u00fcchteten die beiden M\u00e4nner. Sie wurden wenig sp\u00e4ter unweit des Tatorts unter Einsatz eines Polizeihubschraubers von Polizeikr\u00e4ften vorl\u00e4ufig festgenommen.<\/p>\n\n\n\n<p>Die beiden Tatverd\u00e4chtigen wurden am Dienstagnachmittag dem Haft- und Ermittlungsrichter des Amtsgerichts Mannheim zur Er\u00f6ffnung der Haftbefehle wegen Fluchtgefahr vorgef\u00fchrt, anschlie\u00dfend wurden sie in Justizvollzugsanstalten eingeliefert.<\/p>\n\n\n\n<p>Inwiefern die Tatverd\u00e4chtigen f\u00fcr weitere gleichgelagerte Straftaten in Betracht kommen, ist Gegenstand der weiteren Ermittlungen der Staatsanwaltschaft Mannheim und des Fachdezernats der Kriminalpolizeidirektion Heidelberg.<\/p>\n\n\n\n<h2 class=\"wp-block-heading\">(Heddesheim \/ Rhein-Neckar-Kreis) &#8211; Unfallflucht; Zeugen gesucht<\/h2>\n\n\n\n<p>Ein bislang unbekannter Autofahrer fuhr am Dienstagmorgen, nach bisherigen Erkenntnissen zwischen 8 und 9 Uhr, die Schillerstra\u00dfe vermutlich in Fahrtrichtung Stra\u00dfenheimer Stra\u00dfe und bog dort nach rechts ab. Vermutlich beim Ausscheren besch\u00e4digte der mitgef\u00fchrte Anh\u00e4nger des unfallfl\u00fcchtigen Fahrzeuges einen am linken Fahrbahnrand geparkten BMW. Dieser wurde entlang der rechten Fahrzeugseite besch\u00e4digt. Es konnten dort gr\u00fcnliche und gelbliche Lackabtragungen festgestellt werden. Der entstandene Sachschaden wird auf rund 8.000 Euro beziffert. Zeugen werden gebeten, sich beim Polizeirevier Ladenburg, Tel.: 06203\/ 9305-0 zu melden.<\/p>\n\n\n\n<h2 class=\"wp-block-heading\">(Weinheim \/ Rhein-Neckar-Kreis) &#8211; Verkehrsunfall mit hohem Sachschaden; keine Verletzte<\/h2>\n\n\n\n<p>Am Dienstag, gegen 11 Uhr, war ein 76-j\u00e4hriger Ford-Fahrer in der Bl\u00fccherstra\u00dfe unterwegs. An der Einm\u00fcndung Weststra\u00dfe \u00fcbersah er einen von rechts kommenden 87-j\u00e4hrigen Mitsubishi-Fahrer. Beide Autos stie\u00dfen zusammen, wodurch ein Sachschaden von \u00fcber 10.000 EUR entstand. Aufgrund des starken Aufpralls waren beide Fahrzeuge nicht mehr fahrbereit und mussten abgeschleppt werden. Durch auslaufende Betriebsstoffe wurde die Fahrbahn verunreinigt und musste von einer Fachfirma gereinigt werden. Gl\u00fccklicherweise wurden niemand verletzt. W\u00e4hrend der Unfallaufnahme kam es zu geringen Verkehrsbeeintr\u00e4chtigungen.<\/p>\n\n\n\n<h2 class=\"wp-block-heading\">(A 659 \/ Weinheim \/ Rhein-Neckar-Kreis) &#8211; Unfall verursacht, Fahrzeug zur\u00fcckgelassen und abgehauen \/ Polizei sucht Zeugen.<\/h2>\n\n\n\n<p>Am Dienstagmorgen verursachte ein unbekannter Kleintransporter-Fahrer in Weinheim einen Unfall und fl\u00fcchtete von der Unfallstelle.<\/p>\n\n\n\n<p>Am Autobahnende, in H\u00f6he der Mannheimer Stra\u00dfe, fuhr der Unbekannte gegen 7.45 Uhr mit seinem VW-Transporter einer voranfahrenden 59-J\u00e4hrigen auf deren Citroen auf. Nachdem beide Beteiligten am rechten Fahrbahnrand angehalten hatten, stieg der Unbekannte aus dem Transporter und entfernte sich unter Zur\u00fccklassung seines Fahrzeugs zu Fu\u00df von der Unfallstelle. Der entstandene Sachschaden wird auf rund 10.000 Euro gesch\u00e4tzt. Der VW-Transporter wurde sichergestellt.<\/p>\n\n\n\n<h3 class=\"wp-block-heading\">Der unbekannte Fahrer des Transporters wird wie folgt beschrieben:<\/h3>\n\n\n\n<ul><li><strong>Ca. 35 Jahre alt<\/strong><\/li><li><strong>Dunkle kurze Haare<\/strong><\/li><li><strong>S\u00fcd- bis s\u00fcdosteurop\u00e4isches Erscheinungsbild<\/strong><\/li><\/ul>\n\n\n\n<p>Zeugen, die auf den Unfall aufmerksam geworden sind und weitere sachdienliche Hinweise zum Fahrer des unfallverursachenden Fahrzeugs geben k\u00f6nnen, werden gebeten, sich bei der Verkehrspolizei Mannheim, Tel.: 0621\/174-4222 zu melden.<\/p>\n","protected":false},"excerpt":{"rendered":"<div class=\"mh-excerpt\"><p>Polizeimeldungen vom Mittwoch (08.12.2021) (Speyer) &#8211; Eine Leichtverletzte und 10.000 Sachschaden nach Auffahrunfall Leicht verletzt wurde am Dienstag gegen 09:00 Uhr eine 22-j\u00e4hrige PKW-Fahrerin, die in der Landauer Stra\u00dfe r\u00fcckw\u00e4rts l\u00e4ngs zur Fahrbahn einparken wollte. <a class=\"mh-excerpt-more\" href=\"https:\/\/speyer24news.com\/?p=43096\" title=\"Polizei\">[&#8230;]<\/a><\/p>\n<\/div>","protected":false},"author":3,"featured_media":26162,"comment_status":"open","ping_status":"open","sticky":false,"template":"","format":"standard","meta":{"_monsterinsights_skip_tracking":false,"_monsterinsights_sitenote_active":false,"_monsterinsights_sitenote_note":"","_monsterinsights_sitenote_category":0,"footnotes":""},"categories":[12],"tags":[7243,7244,3614,702,61,2555,6955,6986,6263,63,105,11150,6987,53,4854,4683,1548,4905,102,213,55,8277,6368,5261,103,106,2803,2423,427,2625,380,62,104,979,1565],"aioseo_notices":[],"amp_enabled":true,"_links":{"self":[{"href":"https:\/\/speyer24news.com\/index.php?rest_route=\/wp\/v2\/posts\/43096"}],"collection":[{"href":"https:\/\/speyer24news.com\/index.php?rest_route=\/wp\/v2\/posts"}],"about":[{"href":"https:\/\/speyer24news.com\/index.php?rest_route=\/wp\/v2\/types\/post"}],"author":[{"embeddable":true,"href":"https:\/\/speyer24news.com\/index.php?rest_route=\/wp\/v2\/users\/3"}],"replies":[{"embeddable":true,"href":"https:\/\/speyer24news.com\/index.php?rest_route=%2Fwp%2Fv2%2Fcomments&post=43096"}],"version-history":[{"count":2,"href":"https:\/\/speyer24news.com\/index.php?rest_route=\/wp\/v2\/posts\/43096\/revisions"}],"predecessor-version":[{"id":43105,"href":"https:\/\/speyer24news.com\/index.php?rest_route=\/wp\/v2\/posts\/43096\/revisions\/43105"}],"wp:featuredmedia":[{"embeddable":true,"href":"https:\/\/speyer24news.com\/index.php?rest_route=\/wp\/v2\/media\/26162"}],"wp:attachment":[{"href":"https:\/\/speyer24news.com\/index.php?rest_route=%2Fwp%2Fv2%2Fmedia&parent=43096"}],"wp:term":[{"taxonomy":"category","embeddable":true,"href":"https:\/\/speyer24news.com\/index.php?rest_route=%2Fwp%2Fv2%2Fcategories&post=43096"},{"taxonomy":"post_tag","embeddable":true,"href":"https:\/\/speyer24news.com\/index.php?rest_route=%2Fwp%2Fv2%2Ftags&post=43096"}],"curies":[{"name":"wp","href":"https:\/\/api.w.org\/{rel}","templated":true}]}}