{"id":43111,"date":"2021-12-09T15:20:08","date_gmt":"2021-12-09T14:20:08","guid":{"rendered":"https:\/\/speyer24news.com\/?p=43111"},"modified":"2021-12-09T15:20:10","modified_gmt":"2021-12-09T14:20:10","slug":"weihnachten-speyer-4","status":"publish","type":"post","link":"https:\/\/speyer24news.com\/?p=43111","title":{"rendered":"Weihnachten \/ Speyer"},"content":{"rendered":"<style type=\"text\/css\">\r\n\t.ads_top_disp{}\r\n\t.ads_top_corner_disp{ float:left; margin:0px 10px 10px 0px; }\r\n\t.ads_first_p_disp{}\r\n\t.ads_bottom_disp{}\r\n\t<\/style>\n<h2 class=\"wp-block-heading\">Weihnachtsmarkt endet am 18. Dezember<\/h2>\n\n\n\n<div class=\"wp-block-image\"><figure class=\"aligncenter size-full\"><img decoding=\"async\" loading=\"lazy\" width=\"800\" height=\"600\" src=\"https:\/\/speyer24news.com\/wp-content\/uploads\/2021\/11\/Weihnachtsmarkt-Speyer-Gluehwein-6.jpg\" alt=\"\" class=\"wp-image-41995\" srcset=\"https:\/\/speyer24news.com\/wp-content\/uploads\/2021\/11\/Weihnachtsmarkt-Speyer-Gluehwein-6.jpg 800w, https:\/\/speyer24news.com\/wp-content\/uploads\/2021\/11\/Weihnachtsmarkt-Speyer-Gluehwein-6-300x225.jpg 300w, https:\/\/speyer24news.com\/wp-content\/uploads\/2021\/11\/Weihnachtsmarkt-Speyer-Gluehwein-6-768x576.jpg 768w, https:\/\/speyer24news.com\/wp-content\/uploads\/2021\/11\/Weihnachtsmarkt-Speyer-Gluehwein-6-678x509.jpg 678w, https:\/\/speyer24news.com\/wp-content\/uploads\/2021\/11\/Weihnachtsmarkt-Speyer-Gluehwein-6-326x245.jpg 326w, https:\/\/speyer24news.com\/wp-content\/uploads\/2021\/11\/Weihnachtsmarkt-Speyer-Gluehwein-6-80x60.jpg 80w\" sizes=\"(max-width: 800px) 100vw, 800px\" \/><\/figure><\/div>\n\n\n\n<p>In der Beschickerversammlung am Mittwoch haben sich die Stadt und die beteiligten Schaustellerfamilien darauf verst\u00e4ndigt, dass der Speyerer Weihnachtsmarkt noch bis einschlie\u00dflich Samstag, 18. Dezember 2021 unter den bereits geltenden Voraussetzungen weiterlaufen kann.<\/p>\n\n\n\n<div class=\"wp-block-image\"><figure class=\"alignleft size-full is-resized\"><img decoding=\"async\" loading=\"lazy\" src=\"https:\/\/speyer24news.com\/wp-content\/uploads\/2021\/11\/Weihnachtsmarkt-Speyer.jpg\" alt=\"\" class=\"wp-image-41996\" width=\"438\" height=\"584\" srcset=\"https:\/\/speyer24news.com\/wp-content\/uploads\/2021\/11\/Weihnachtsmarkt-Speyer.jpg 500w, https:\/\/speyer24news.com\/wp-content\/uploads\/2021\/11\/Weihnachtsmarkt-Speyer-225x300.jpg 225w\" sizes=\"(max-width: 438px) 100vw, 438px\" \/><\/figure><\/div>\n\n\n\n<p>\u201eF\u00fcr die Schaustellerfamilien war und ist es wichtig, Planungssicherheit zu haben, damit sie sich richten und Waren entsprechend ordern k\u00f6nnen, ohne immer zu f\u00fcrchten, dass schon innerhalb weniger Tage Schluss sein k\u00f6nnte. Mit dem vorgegebenen Zeithorizont l\u00e4sst sich gut arbeiten und unsere Schaustellerinnen und Schausteller haben noch einige Tage, um Waren zu verkaufen und Einnahmen zu generieren. In der Woche vor Weihnachten k\u00f6nnen sie dann in Ruhe ihre St\u00e4nde abbauen und das Weihnachtsfest \u2013 hoffentlich mit einem besseren Gef\u00fchl als im letzten Jahr \u2013 mit ihren Familien verbringen\u201c, f\u00fchrt Oberb\u00fcrgermeisterin Stefanie Seiler aus.<\/p>\n\n\n\n<p>Die getroffene Regelung erm\u00f6glicht auch allen Aussteller*innen des Kunsthandwerkermarktes wie geplant ihre Waren anzubieten \u2013 allerdings mit der bereits bekannten Verk\u00fcrzung der \u00d6ffnungszeiten bis 18 Uhr an Freitagen und Samstagen und der Schlie\u00dfung an Sonntagen. Ge\u00f6ffnet ist demnach freitags von 16 bis 18 Uhr und samstags von 11 bis 18 Uhr.<\/p>\n\n\n\n<p>Die von den Schausteller*innen nach der Kontrolle des 2G-Nachweises ausgegebenen bunten Verzehrb\u00e4ndchen gelten indes auch f\u00fcr den Zugang zum Speyerer Einzelhandel. Damit muss nicht mehr beim Eintritt in jedes Gesch\u00e4ft der Impfnachweis vorgezeigt und gescannt werden \u2013 das Vorzeigen des Verzehrb\u00e4ndchens gen\u00fcgt als Nachweis.&nbsp;&nbsp;<\/p>\n\n\n\n<p>Der Weihnachtsmarkt l\u00e4uft noch bis Samstag, 18. Dezember 2021 von Montag bis Samstag jeweils von 11 bis 18 Uhr.<\/p>\n\n\n\n<p><em>Text: Stadtverwaltung Speyer Foto: Speyer 24\/7 News<br>09.12.2021<\/em><\/p>\n","protected":false},"excerpt":{"rendered":"<div class=\"mh-excerpt\"><p>Weihnachtsmarkt endet am 18. Dezember In der Beschickerversammlung am Mittwoch haben sich die Stadt und die beteiligten Schaustellerfamilien darauf verst\u00e4ndigt, dass der Speyerer Weihnachtsmarkt noch bis einschlie\u00dflich Samstag, 18. Dezember 2021 unter den bereits geltenden <a class=\"mh-excerpt-more\" href=\"https:\/\/speyer24news.com\/?p=43111\" title=\"Weihnachten \/ Speyer\">[&#8230;]<\/a><\/p>\n<\/div>","protected":false},"author":3,"featured_media":651,"comment_status":"open","ping_status":"open","sticky":false,"template":"","format":"standard","meta":{"_monsterinsights_skip_tracking":false,"_monsterinsights_sitenote_active":false,"_monsterinsights_sitenote_note":"","_monsterinsights_sitenote_category":0,"footnotes":""},"categories":[9,13165],"tags":[6401,6,3827,4526,4582,13200],"aioseo_notices":[],"amp_enabled":true,"_links":{"self":[{"href":"https:\/\/speyer24news.com\/index.php?rest_route=\/wp\/v2\/posts\/43111"}],"collection":[{"href":"https:\/\/speyer24news.com\/index.php?rest_route=\/wp\/v2\/posts"}],"about":[{"href":"https:\/\/speyer24news.com\/index.php?rest_route=\/wp\/v2\/types\/post"}],"author":[{"embeddable":true,"href":"https:\/\/speyer24news.com\/index.php?rest_route=\/wp\/v2\/users\/3"}],"replies":[{"embeddable":true,"href":"https:\/\/speyer24news.com\/index.php?rest_route=%2Fwp%2Fv2%2Fcomments&post=43111"}],"version-history":[{"count":1,"href":"https:\/\/speyer24news.com\/index.php?rest_route=\/wp\/v2\/posts\/43111\/revisions"}],"predecessor-version":[{"id":43112,"href":"https:\/\/speyer24news.com\/index.php?rest_route=\/wp\/v2\/posts\/43111\/revisions\/43112"}],"wp:featuredmedia":[{"embeddable":true,"href":"https:\/\/speyer24news.com\/index.php?rest_route=\/wp\/v2\/media\/651"}],"wp:attachment":[{"href":"https:\/\/speyer24news.com\/index.php?rest_route=%2Fwp%2Fv2%2Fmedia&parent=43111"}],"wp:term":[{"taxonomy":"category","embeddable":true,"href":"https:\/\/speyer24news.com\/index.php?rest_route=%2Fwp%2Fv2%2Fcategories&post=43111"},{"taxonomy":"post_tag","embeddable":true,"href":"https:\/\/speyer24news.com\/index.php?rest_route=%2Fwp%2Fv2%2Ftags&post=43111"}],"curies":[{"name":"wp","href":"https:\/\/api.w.org\/{rel}","templated":true}]}}