{"id":43178,"date":"2022-01-07T09:37:00","date_gmt":"2022-01-07T08:37:00","guid":{"rendered":"https:\/\/speyer24news.com\/?p=43178"},"modified":"2022-01-07T09:54:39","modified_gmt":"2022-01-07T08:54:39","slug":"coronavirus-speyer-rheinland-pfalz-9","status":"publish","type":"post","link":"https:\/\/speyer24news.com\/?p=43178","title":{"rendered":"Coronavirus Speyer \/ Rheinland-Pfalz"},"content":{"rendered":"<style type=\"text\/css\">\r\n\t.ads_top_disp{}\r\n\t.ads_top_corner_disp{ float:left; margin:0px 10px 10px 0px; }\r\n\t.ads_first_p_disp{}\r\n\t.ads_bottom_disp{}\r\n\t<\/style>\n<h2 class=\"wp-block-heading\">Tagesaktuelle Fallzahlen f\u00fcr die Stadt Speyer<\/h2>\n\n\n\n<h4 class=\"wp-block-heading\">(<em>Quelle: Landesuntersuchungsamt Rheinland-Pfalz<\/em>,<em>\u00a0Stand: 06.01.2022<\/em>)<\/h4>\n\n\n\n<div class=\"wp-block-image\"><figure class=\"aligncenter size-full\"><img decoding=\"async\" loading=\"lazy\" width=\"800\" height=\"400\" src=\"https:\/\/speyer24news.com\/wp-content\/uploads\/2020\/05\/virus-1812092_1920.jpg\" alt=\"\" class=\"wp-image-26778\" srcset=\"https:\/\/speyer24news.com\/wp-content\/uploads\/2020\/05\/virus-1812092_1920.jpg 800w, https:\/\/speyer24news.com\/wp-content\/uploads\/2020\/05\/virus-1812092_1920-300x150.jpg 300w, https:\/\/speyer24news.com\/wp-content\/uploads\/2020\/05\/virus-1812092_1920-768x384.jpg 768w\" sizes=\"(max-width: 800px) 100vw, 800px\" \/><\/figure><\/div>\n\n\n\n<p>Anzahl best\u00e4tigter F\u00e4lle von Coronavirus (SARS-CoV-2)-Infektionen in der Stadt Speyer:\u00a05.678 (+ 21)<br>Davon bereits genesen:\u00a05.100<br>Todesf\u00e4lle: 104<br><strong>Sieben-Tage-Inzidenz<\/strong>\u00a0(Gemeldete F\u00e4lle der letzten sieben Tage pro 100.000 Einwohner*innen in Speyer):\u00a0<strong>230,6<br>Sieben-Tage-Hospitalisierungs-Inzidenz<\/strong>\u00a0(Anzahl der neu aufgenommenen Hospitalisierungsf\u00e4lle pro 100.000 Einwohner*innen der letzten sieben Tagen in Rheinland-Pfalz):<strong>\u00a02,06<\/strong><\/p>\n\n\n\n<p><em>Stadt Speyer \/ LUA Rheinland-Pfalz<br>06.01.2022<\/em><\/p>\n\n\n\n<h2 class=\"wp-block-heading\">Coronavirus &#8211; Fallzahlen im Landkreis Germersheim<\/h2>\n\n\n\n<div class=\"wp-block-image\"><figure class=\"aligncenter size-full\"><img decoding=\"async\" loading=\"lazy\" width=\"800\" height=\"575\" src=\"https:\/\/speyer24news.com\/wp-content\/uploads\/2020\/04\/AdobeStock_320368431.jpeg\" alt=\"\" class=\"wp-image-26313\" srcset=\"https:\/\/speyer24news.com\/wp-content\/uploads\/2020\/04\/AdobeStock_320368431.jpeg 800w, https:\/\/speyer24news.com\/wp-content\/uploads\/2020\/04\/AdobeStock_320368431-300x216.jpeg 300w, https:\/\/speyer24news.com\/wp-content\/uploads\/2020\/04\/AdobeStock_320368431-768x552.jpeg 768w\" sizes=\"(max-width: 800px) 100vw, 800px\" \/><\/figure><\/div>\n\n\n\n<p>Aktuell gibt es im Landkreis Germersheim 802 best\u00e4tigte positive F\u00e4lle, die Gesamtzahl bel\u00e4uft sich auf 12.792 mit dem Coronavirus infizierte Menschen seit Beginn der Pandemie. Seit gestern (Mittwoch, 05.01.2022) wurden 66 neue F\u00e4lle registriert. Leider gibt es zwei weitere Todesf\u00e4lle. Die Gesamtzahl der Todesf\u00e4lle erh\u00f6ht sich somit auf 180 seit Beginn der Pandemie (Stand 6. Januar, 12.15 Uhr).<\/p>\n\n\n\n<figure class=\"wp-block-table\"><table><tbody><tr><td><strong><u>VG \/ Stadt<\/u><\/strong><\/td><td><strong><u>Ort<\/u><\/strong><\/td><td><strong><u>Infizierte seit Beginn der Pandemie<\/u><\/strong><\/td><td><strong><u>Aktuell infizierte Personen<\/u><\/strong><\/td><td><strong><u>Gesundete bzw. nicht mehr infizierte Personen<\/u><\/strong><\/td><td><strong><u>Leider an oder mit Covid-19 verstorbene Personen<\/u><\/strong><\/td><\/tr><tr><td><strong>&nbsp;<\/strong><\/td><td>&nbsp;<\/td><td>&nbsp;<\/td><td>&nbsp;<\/td><td>&nbsp;<\/td><td>&nbsp;<\/td><\/tr><tr><td>VG Hagenbach<\/td><td>Berg<\/td><td>137<\/td><td>5<\/td><td>132<\/td><td>0<\/td><\/tr><tr><td>&nbsp;<\/td><td>Hagenbach<\/td><td>412<\/td><td>29<\/td><td>367<\/td><td>16<\/td><\/tr><tr><td>&nbsp;<\/td><td>Neuburg<\/td><td>218<\/td><td>24<\/td><td>187<\/td><td>7<\/td><\/tr><tr><td>&nbsp;<\/td><td>Scheibenhardt<\/td><td>24<\/td><td>1<\/td><td>23<\/td><td>0<\/td><\/tr><tr><td><strong>&nbsp;<\/strong><\/td><td><strong>Summen<\/strong><strong><\/strong><\/td><td><strong>791<\/strong><strong><\/strong><\/td><td><strong>59<\/strong><strong><\/strong><\/td><td><strong>709<\/strong><strong><\/strong><\/td><td><strong>23<\/strong><strong><\/strong><\/td><\/tr><tr><td>W\u00f6rth<\/td><td>Maximiliansau<\/td><td>513<\/td><td>19<\/td><td>489<\/td><td>5<\/td><\/tr><tr><td>&nbsp;<\/td><td>Schaidt<\/td><td>124<\/td><td>3<\/td><td>121<\/td><td>0<\/td><\/tr><tr><td>&nbsp;<\/td><td>W\u00f6rth, Stadt<\/td><td>975<\/td><td>81<\/td><td>887<\/td><td>7<\/td><\/tr><tr><td>&nbsp;<\/td><td>B\u00fcchelberg<\/td><td>54<\/td><td>1<\/td><td>52<\/td><td>1<\/td><\/tr><tr><td><strong>&nbsp;<\/strong><\/td><td><strong>Summen<\/strong><strong><\/strong><\/td><td><strong>1666<\/strong><strong><\/strong><\/td><td><strong>104<\/strong><strong><\/strong><\/td><td><strong>1549<\/strong><strong><\/strong><\/td><td><strong>13<\/strong><strong><\/strong><\/td><\/tr><tr><td>VG Kandel<\/td><td>Erlenbach<\/td><td>37<\/td><td>1<\/td><td>36<\/td><td>0<\/td><\/tr><tr><td>&nbsp;<\/td><td>Freckenfeld<\/td><td>128<\/td><td>7<\/td><td>121<\/td><td>0<\/td><\/tr><tr><td>&nbsp;<\/td><td>Kandel<\/td><td>676<\/td><td>46<\/td><td>620<\/td><td>10<\/td><\/tr><tr><td>&nbsp;<\/td><td>Minfeld<\/td><td>93<\/td><td>2<\/td><td>91<\/td><td>0<\/td><\/tr><tr><td>&nbsp;<\/td><td>Steinweiler<\/td><td>173<\/td><td>11<\/td><td>160<\/td><td>2<\/td><\/tr><tr><td>&nbsp;<\/td><td>Vollmersweiler<\/td><td>12<\/td><td>1<\/td><td>11<\/td><td>0<\/td><\/tr><tr><td>&nbsp;<\/td><td>Winden<\/td><td>90<\/td><td>3<\/td><td>86<\/td><td>1<\/td><\/tr><tr><td>&nbsp;<\/td><td><strong>Summen<\/strong><strong><\/strong><\/td><td><strong>1209<\/strong><strong><\/strong><\/td><td><strong>71<\/strong><strong><\/strong><\/td><td><strong>1125<\/strong><strong><\/strong><\/td><td><strong>13<\/strong><strong><\/strong><\/td><\/tr><tr><td>VG Jockgrim<\/td><td>Hatzenb\u00fchl<\/td><td>310<\/td><td>19<\/td><td>288<\/td><td>3<\/td><\/tr><tr><td>&nbsp;<\/td><td>Jockgrim<\/td><td>684<\/td><td>70<\/td><td>594<\/td><td>20<\/td><\/tr><tr><td>&nbsp;<\/td><td>Neupotz<\/td><td>139<\/td><td>7<\/td><td>129<\/td><td>3<\/td><\/tr><tr><td>&nbsp;<\/td><td>Rheinzabern<\/td><td>394<\/td><td>36<\/td><td>355<\/td><td>3<\/td><\/tr><tr><td>&nbsp;<\/td><td><strong>Summen<\/strong><strong><\/strong><\/td><td><strong>1527<\/strong><strong><\/strong><\/td><td><strong>132<\/strong><strong><\/strong><\/td><td><strong>1366<\/strong><strong><\/strong><\/td><td><strong>29<\/strong><strong><\/strong><\/td><\/tr><tr><td>VG R\u00fclzheim<\/td><td>H\u00f6rdt<\/td><td>249<\/td><td>20<\/td><td>227<\/td><td>2<\/td><\/tr><tr><td>&nbsp;<\/td><td>Kuhardt<\/td><td>153<\/td><td>10<\/td><td>142<\/td><td>1<\/td><\/tr><tr><td>&nbsp;<\/td><td>Leimersheim<\/td><td>215<\/td><td>18<\/td><td>196<\/td><td>1<\/td><\/tr><tr><td>&nbsp;<\/td><td>R\u00fclzheim<\/td><td>730<\/td><td>75<\/td><td>646<\/td><td>9<\/td><\/tr><tr><td>&nbsp;<\/td><td><strong>Summen<\/strong><strong><\/strong><\/td><td><strong>1347<\/strong><strong><\/strong><\/td><td><strong>123<\/strong><strong><\/strong><\/td><td><strong>1211<\/strong><strong><\/strong><\/td><td><strong>13<\/strong><strong><\/strong><\/td><\/tr><tr><td>VG Bellheim<\/td><td>Bellheim<\/td><td>918<\/td><td>35<\/td><td>851<\/td><td>32<\/td><\/tr><tr><td>&nbsp;<\/td><td>Knittelsheim<\/td><td>106<\/td><td>5<\/td><td>101<\/td><td>0<\/td><\/tr><tr><td>&nbsp;<\/td><td>Ottersheim<\/td><td>183<\/td><td>4<\/td><td>179<\/td><td>0<\/td><\/tr><tr><td>&nbsp;<\/td><td>Zeiskam<\/td><td>230<\/td><td>7<\/td><td>220<\/td><td>3<\/td><\/tr><tr><td>&nbsp;<\/td><td><strong>Summen<\/strong><strong><\/strong><\/td><td><strong>1437<\/strong><strong><\/strong><\/td><td><strong>51<\/strong><strong><\/strong><\/td><td><strong>1351<\/strong><strong><\/strong><\/td><td><strong>35<\/strong><strong><\/strong><\/td><\/tr><tr><td>Germersheim + So<\/td><td>&nbsp;<\/td><td>2983<\/td><td>173<\/td><td>2784<\/td><td>26<\/td><\/tr><tr><td>&nbsp;<\/td><td><strong>Summen<\/strong><strong><\/strong><\/td><td><strong>2983<\/strong><strong><\/strong><\/td><td><strong>173<\/strong><strong><\/strong><\/td><td><strong>2784<\/strong><strong><\/strong><\/td><td><strong>26<\/strong><strong><\/strong><\/td><\/tr><tr><td>VG Lingenfeld<\/td><td>Freisbach<\/td><td>135<\/td><td>5<\/td><td>129<\/td><td>1<\/td><\/tr><tr><td>&nbsp;<\/td><td>Lingenfeld<\/td><td>563<\/td><td>18<\/td><td>536<\/td><td>9<\/td><\/tr><tr><td>&nbsp;<\/td><td>Lustadt<\/td><td>305<\/td><td>14<\/td><td>285<\/td><td>6<\/td><\/tr><tr><td>&nbsp;<\/td><td>Schwegenheim<\/td><td>351<\/td><td>37<\/td><td>312<\/td><td>2<\/td><\/tr><tr><td>&nbsp;<\/td><td>Weingarten<\/td><td>265<\/td><td>3<\/td><td>261<\/td><td>1<\/td><\/tr><tr><td>&nbsp;<\/td><td>Westheim<\/td><td>213<\/td><td>12<\/td><td>192<\/td><td>9<\/td><\/tr><tr><td>&nbsp;<\/td><td><strong>Summen<\/strong><strong><\/strong><\/td><td><strong>1832<\/strong><strong><\/strong><\/td><td><strong>89<\/strong><strong><\/strong><\/td><td><strong>1715<\/strong><strong><\/strong><\/td><td><strong>28<\/strong><strong><\/strong><\/td><\/tr><tr><td>&nbsp;<\/td><td>&nbsp;<\/td><td>&nbsp;<\/td><td>&nbsp;<\/td><td>&nbsp;<\/td><td>&nbsp;<\/td><\/tr><tr><td>&nbsp;<\/td><td><strong>Endsummen<\/strong><strong><\/strong><\/td><td><strong>12792<\/strong><strong><\/strong><\/td><td><strong>802<\/strong><strong><\/strong><\/td><td><strong>11810<\/strong><strong><\/strong><\/td><td><strong>180<\/strong><strong><\/strong><\/td><\/tr><\/tbody><\/table><\/figure>\n\n\n\n<p><em>Kreisverwaltung Germersheim<br>06.01.2022<\/em><\/p>\n\n\n\n<h2 class=\"wp-block-heading\">Fallzahlen f\u00fcr Rheinland-Pfalz<\/h2>\n\n\n\n<div class=\"wp-block-image\"><figure class=\"aligncenter size-full\"><img decoding=\"async\" loading=\"lazy\" width=\"800\" height=\"533\" src=\"https:\/\/speyer24news.com\/wp-content\/uploads\/2020\/02\/coronavirus-4810201_1920.jpg\" alt=\"\" class=\"wp-image-25125\" srcset=\"https:\/\/speyer24news.com\/wp-content\/uploads\/2020\/02\/coronavirus-4810201_1920.jpg 800w, https:\/\/speyer24news.com\/wp-content\/uploads\/2020\/02\/coronavirus-4810201_1920-300x200.jpg 300w, https:\/\/speyer24news.com\/wp-content\/uploads\/2020\/02\/coronavirus-4810201_1920-768x512.jpg 768w\" sizes=\"(max-width: 800px) 100vw, 800px\" \/><\/figure><\/div>\n\n\n\n<figure class=\"wp-block-table\"><table><tbody><tr><td><strong>Kreis, Stand 6.1.2022<\/strong><\/td><td><strong>Laborbest\u00e4tigt, seit Beginn der Pandemie<\/strong><strong><\/strong><\/td><td><strong>Gemeldet, die letzten 7 Tage<\/strong><\/td><td><strong>Landkreis<\/strong><\/td><\/tr><tr><td><strong>Gesamt<\/strong><\/td><td><strong>Differenz zum<br>Vortag<\/strong><\/td><td><strong>Hospitalisiert<\/strong><\/td><td><strong>Verstorben<\/strong><\/td><td><strong>Genesen<sup>A<\/sup><\/strong><\/td><td><strong>aktuelle F\u00e4lle<sup>B<\/sup><\/strong><\/td><td><strong>Gesamt<\/strong><\/td><td><strong>Inzidenz pro 100.000<sup>C<\/sup><\/strong><\/td><td><strong>Inzidenz Hospitalisierung in RLP<sup>F<br><\/sup>\/100.000 +USAF<sup>D<\/sup><\/strong><\/td><\/tr><tr><td><strong>Rheinland-Pfalz<\/strong><\/td><td><strong>+USAF<sup>D<\/sup><\/strong><\/td><td><strong>&lt;20 Jahre<\/strong><\/td><td><strong>20-59 Jahre<sup>E<\/sup><\/strong><\/td><td><strong>\u2265 60 Jahre<\/strong><\/td><\/tr><tr><td>Ahrweiler<\/td><td>8362<\/td><td>67<\/td><td>310<\/td><td>82<\/td><td>7733<\/td><td>547<\/td><td>278<\/td><td>213,1<\/td><td>213,1<\/td><td>276,7<\/td><td>277,4<\/td><td>81,7<\/td><td>2,06<\/td><td>Ahrweiler<\/td><\/tr><tr><td>Altenkirchen<\/td><td>8716<\/td><td>75<\/td><td>569<\/td><td>116<\/td><td>7995<\/td><td>605<\/td><td>296<\/td><td>229,3<\/td><td>229,3<\/td><td>403,7<\/td><td>269,5<\/td><td>55,9<\/td><td>2,06<\/td><td>Altenkirchen<\/td><\/tr><tr><td>Alzey-Worms<\/td><td>9763<\/td><td>80<\/td><td>491<\/td><td>155<\/td><td>9012<\/td><td>596<\/td><td>215<\/td><td>164,5<\/td><td>164,4<\/td><td>233,8<\/td><td>197,6<\/td><td>58,4<\/td><td>2,06<\/td><td>Alzey-Worms<\/td><\/tr><tr><td>Bad D\u00fcrkheim<\/td><td>8602<\/td><td>65<\/td><td>463<\/td><td>187<\/td><td>7747<\/td><td>668<\/td><td>271<\/td><td>203,8<\/td><td>203,7<\/td><td>397,5<\/td><td>219,6<\/td><td>77,6<\/td><td>2,06<\/td><td>Bad D\u00fcrkheim<\/td><\/tr><tr><td>Bad Kreuznach<\/td><td>10356<\/td><td>105<\/td><td>280<\/td><td>154<\/td><td>9329<\/td><td>873<\/td><td>497<\/td><td>313,1<\/td><td>313,0<\/td><td>481,6<\/td><td>410,9<\/td><td>59,9<\/td><td>2,06<\/td><td>Bad Kreuznach<\/td><\/tr><tr><td>Bernkastel-Wittlich<\/td><td>6003<\/td><td>42<\/td><td>400<\/td><td>75<\/td><td>5290<\/td><td>638<\/td><td>247<\/td><td>219,2<\/td><td>216,1<\/td><td>337,6<\/td><td>277,2<\/td><td>56,8<\/td><td>2,06<\/td><td>Bernkastel-Wittlich<\/td><\/tr><tr><td>Birkenfeld<\/td><td>6055<\/td><td>35<\/td><td>455<\/td><td>119<\/td><td>5570<\/td><td>366<\/td><td>191<\/td><td>236,3<\/td><td>229,4<\/td><td>290,3<\/td><td>319,8<\/td><td>82,6<\/td><td>2,06<\/td><td>Birkenfeld<\/td><\/tr><tr><td>Bitburg-Pr\u00fcm<\/td><td>5617<\/td><td>2<\/td><td>230<\/td><td>46<\/td><td>5174<\/td><td>397<\/td><td>146<\/td><td>145,9<\/td><td>141,3<\/td><td>223,2<\/td><td>167,8<\/td><td>55,6<\/td><td>2,06<\/td><td>Bitburg-Pr\u00fcm<\/td><\/tr><tr><td>Cochem-Zell<\/td><td>3747<\/td><td>47<\/td><td>196<\/td><td>84<\/td><td>3336<\/td><td>327<\/td><td>203<\/td><td>329,7<\/td><td>329,4<\/td><td>696,2<\/td><td>368,8<\/td><td>83,1<\/td><td>2,06<\/td><td>Cochem-Zell<\/td><\/tr><tr><td>Donnersbergkreis<\/td><td>4661<\/td><td>45<\/td><td>267<\/td><td>90<\/td><td>4224<\/td><td>347<\/td><td>149<\/td><td>197,2<\/td><td>195,4<\/td><td>362,7<\/td><td>217,5<\/td><td>64,4<\/td><td>2,06<\/td><td>Donnersbergkreis<\/td><\/tr><tr><td>Germersheim<\/td><td>12740<\/td><td>14<\/td><td>677<\/td><td>181<\/td><td>11424<\/td><td>1135<\/td><td>297<\/td><td>230,2<\/td><td>230,2<\/td><td>292,0<\/td><td>286,7<\/td><td>82,6<\/td><td>2,06<\/td><td>Germersheim<\/td><\/tr><tr><td>Kaiserslautern<\/td><td>8243<\/td><td>242<\/td><td>344<\/td><td>101<\/td><td>6798<\/td><td>1344<\/td><td>504<\/td><td>474,0<\/td><td>407,3<\/td><td>721,0<\/td><td>620,7<\/td><td>71,3<\/td><td>2,06<\/td><td>Kaiserslautern<\/td><\/tr><tr><td>Kusel<\/td><td>4021<\/td><td>38<\/td><td>282<\/td><td>81<\/td><td>3628<\/td><td>312<\/td><td>137<\/td><td>195,4<\/td><td>185,4<\/td><td>350,1<\/td><td>232,9<\/td><td>59,6<\/td><td>2,06<\/td><td>Kusel<\/td><\/tr><tr><td>Mainz-Bingen<\/td><td>12802<\/td><td>128<\/td><td>588<\/td><td>251<\/td><td>11396<\/td><td>1155<\/td><td>662<\/td><td>313,0<\/td><td>312,8<\/td><td>461,0<\/td><td>382,1<\/td><td>91,2<\/td><td>2,06<\/td><td>Mainz-Bingen<\/td><\/tr><tr><td>Mayen-Koblenz<\/td><td>12859<\/td><td>136<\/td><td>429<\/td><td>206<\/td><td>11226<\/td><td>1427<\/td><td>450<\/td><td>209,5<\/td><td>209,5<\/td><td>315,3<\/td><td>256,2<\/td><td>64,9<\/td><td>2,06<\/td><td>Mayen-Koblenz<\/td><\/tr><tr><td>Neuwied<\/td><td>14040<\/td><td>116<\/td><td>484<\/td><td>217<\/td><td>12817<\/td><td>1006<\/td><td>304<\/td><td>166,0<\/td><td>166,0<\/td><td>262,3<\/td><td>191,2<\/td><td>63,1<\/td><td>2,06<\/td><td>Neuwied<\/td><\/tr><tr><td>Rhein-Hunsr\u00fcck<\/td><td>6990<\/td><td>37<\/td><td>454<\/td><td>118<\/td><td>6271<\/td><td>601<\/td><td>182<\/td><td>176,0<\/td><td>176,0<\/td><td>233,7<\/td><td>228,6<\/td><td>58,4<\/td><td>2,06<\/td><td>Rhein-Hunsr\u00fcck<\/td><\/tr><tr><td>Rhein-Lahn-Kreis<\/td><td>6978<\/td><td>48<\/td><td>465<\/td><td>109<\/td><td>6312<\/td><td>557<\/td><td>259<\/td><td>211,3<\/td><td>211,3<\/td><td>345,7<\/td><td>247,4<\/td><td>77,4<\/td><td>2,06<\/td><td>Rhein-Lahn-Kreis<\/td><\/tr><tr><td>Rhein-Pfalz-Kreis<\/td><td>13501<\/td><td>55<\/td><td>388<\/td><td>257<\/td><td>12073<\/td><td>1171<\/td><td>309<\/td><td>199,7<\/td><td>199,7<\/td><td>268,0<\/td><td>244,3<\/td><td>84,3<\/td><td>2,06<\/td><td>Rhein-Pfalz-Kreis<\/td><\/tr><tr><td>S\u00fcdliche Weinstr.<\/td><td>8705<\/td><td>59<\/td><td>536<\/td><td>138<\/td><td>7901<\/td><td>666<\/td><td>301<\/td><td>271,7<\/td><td>271,7<\/td><td>377,6<\/td><td>354,8<\/td><td>82,0<\/td><td>2,06<\/td><td>S\u00fcdliche Weinstr.<\/td><\/tr><tr><td>S\u00fcdwestpfalz<\/td><td>5380<\/td><td>44<\/td><td>410<\/td><td>104<\/td><td>4792<\/td><td>484<\/td><td>170<\/td><td>179,1<\/td><td>176,9<\/td><td>260,9<\/td><td>212,1<\/td><td>94,2<\/td><td>2,06<\/td><td>S\u00fcdwestpfalz<\/td><\/tr><tr><td>Trier-Saarburg<\/td><td>8133<\/td><td>102<\/td><td>361<\/td><td>111<\/td><td>7285<\/td><td>737<\/td><td>324<\/td><td>215,2<\/td><td>215,0<\/td><td>304,8<\/td><td>267,1<\/td><td>62,3<\/td><td>2,06<\/td><td>Trier-Saarburg<\/td><\/tr><tr><td>Vulkaneifel<\/td><td>3579<\/td><td>28<\/td><td>244<\/td><td>69<\/td><td>3214<\/td><td>296<\/td><td>130<\/td><td>214,9<\/td><td>214,9<\/td><td>398,4<\/td><td>256,9<\/td><td>59,3<\/td><td>2,06<\/td><td>Vulkaneifel<\/td><\/tr><tr><td>Westerwaldkreis<\/td><td>12498<\/td><td>91<\/td><td>853<\/td><td>192<\/td><td>11549<\/td><td>757<\/td><td>327<\/td><td>161,2<\/td><td>161,2<\/td><td>266,3<\/td><td>177,5<\/td><td>64,2<\/td><td>2,06<\/td><td>Westerwaldkreis<\/td><\/tr><tr><td>KS Frankenthal<\/td><td>4629<\/td><td>17<\/td><td>105<\/td><td>73<\/td><td>4046<\/td><td>510<\/td><td>99<\/td><td>203,1<\/td><td>203,1<\/td><td>312,4<\/td><td>249,3<\/td><td>54,8<\/td><td>2,06<\/td><td>KS Frankenthal<\/td><\/tr><tr><td>KS Kaiserslautern<\/td><td>7742<\/td><td>237<\/td><td>435<\/td><td>149<\/td><td>6213<\/td><td>1380<\/td><td>479<\/td><td>480,6<\/td><td>451,2<\/td><td>594,0<\/td><td>622,2<\/td><td>121,3<\/td><td>2,06<\/td><td>KS Kaiserslautern<\/td><\/tr><tr><td>KS Koblenz<\/td><td>7724<\/td><td>73<\/td><td>230<\/td><td>174<\/td><td>6604<\/td><td>946<\/td><td>311<\/td><td>274,3<\/td><td>274,3<\/td><td>364,3<\/td><td>339,3<\/td><td>93,8<\/td><td>2,06<\/td><td>KS Koblenz<\/td><\/tr><tr><td>KS Landau i.d.Pf.<\/td><td>3853<\/td><td>31<\/td><td>280<\/td><td>58<\/td><td>3507<\/td><td>288<\/td><td>153<\/td><td>327,7<\/td><td>327,7<\/td><td>383,6<\/td><td>433,7<\/td><td>65,0<\/td><td>2,06<\/td><td>KS Landau i.d.Pf.<\/td><\/tr><tr><td>KS Ludwigshafen<\/td><td>18748<\/td><td>89<\/td><td>551<\/td><td>369<\/td><td>16746<\/td><td>1633<\/td><td>477<\/td><td>276,4<\/td><td>276,4<\/td><td>417,0<\/td><td>314,6<\/td><td>76,8<\/td><td>2,06<\/td><td>KS Ludwigshafen<\/td><\/tr><tr><td>KS Mainz<\/td><td>16931<\/td><td>225<\/td><td>690<\/td><td>234<\/td><td>15051<\/td><td>1646<\/td><td>965<\/td><td>444,4<\/td><td>444,1<\/td><td>600,9<\/td><td>537,7<\/td><td>91,2<\/td><td>2,06<\/td><td>KS Mainz<\/td><\/tr><tr><td>KS Neustadt a.d.W.<\/td><td>4239<\/td><td>33<\/td><td>217<\/td><td>52<\/td><td>3826<\/td><td>361<\/td><td>138<\/td><td>258,9<\/td><td>258,8<\/td><td>366,2<\/td><td>331,0<\/td><td>91,6<\/td><td>2,06<\/td><td>KS Neustadt a.d.W.<\/td><\/tr><tr><td>KS Pirmasens<\/td><td>2616<\/td><td>21<\/td><td>248<\/td><td>71<\/td><td>2281<\/td><td>264<\/td><td>71<\/td><td>176,7<\/td><td>176,7<\/td><td>259,6<\/td><td>244,0<\/td><td>36,8<\/td><td>2,06<\/td><td>KS Pirmasens<\/td><\/tr><tr><td>KS Speyer<\/td><td>5678<\/td><td>21<\/td><td>185<\/td><td>104<\/td><td>5100<\/td><td>474<\/td><td>117<\/td><td>230,6<\/td><td>230,6<\/td><td>405,8<\/td><td>252,1<\/td><td>90,7<\/td><td>2,06<\/td><td>KS Speyer<\/td><\/tr><tr><td>KS Trier<\/td><td>5261<\/td><td>96<\/td><td>211<\/td><td>42<\/td><td>4505<\/td><td>714<\/td><td>334<\/td><td>301,8<\/td><td>301,6<\/td><td>376,2<\/td><td>370,0<\/td><td>82,5<\/td><td>2,06<\/td><td>KS Trier<\/td><\/tr><tr><td>KS Worms<\/td><td>7975<\/td><td>53<\/td><td>404<\/td><td>112<\/td><td>7394<\/td><td>469<\/td><td>159<\/td><td>190,5<\/td><td>190,5<\/td><td>271,1<\/td><td>220,6<\/td><td>77,4<\/td><td>2,06<\/td><td>KS Worms<\/td><\/tr><tr><td>KS Zweibr\u00fccken<\/td><td>1884<\/td><td>5<\/td><td>118<\/td><td>9<\/td><td>1612<\/td><td>263<\/td><td>61<\/td><td>179,4<\/td><td>179,3<\/td><td>267,1<\/td><td>225,3<\/td><td>56,1<\/td><td>2,06<\/td><td>KS Zweibr\u00fccken<\/td><\/tr><tr><td><strong>Rheinland-Pfalz<\/strong><\/td><td><strong>289631<\/strong><\/td><td><strong>2602<\/strong><\/td><td><strong>13850<\/strong><\/td><td><strong>4690<\/strong><\/td><td><strong>258981 #<\/strong><\/td><td><strong>25960<\/strong><\/td><td><strong>10213<\/strong><\/td><td><strong>249,2<\/strong><\/td><td><strong>246,9<\/strong><\/td><td><strong>368,0<\/strong><\/td><td><strong>307,7<\/strong><\/td><td><strong>73,7<\/strong><\/td><td><strong>2,06<\/strong><\/td><td><strong>Rheinland-Pfalz<\/strong><\/td><\/tr><\/tbody><\/table><\/figure>\n\n\n\n<h3 class=\"wp-block-heading\">Anmerkungen zur Tabelle<\/h3>\n\n\n\n<p>Dargestellt sind ausschlie\u00dflich mittels PCR laborbest\u00e4tigte Meldef\u00e4lle.<\/p>\n\n\n\n<p><sup>A<\/sup>&nbsp;Genesen wurde wie folgt definiert:<\/p>\n\n\n\n<p>a) nicht-verstorben, nicht-hospitalisiert und vor mehr als 21 Tagen ab Datenstichtag erkrankt<\/p>\n\n\n\n<p>b) nicht-verstorben, hospitalisiert gemeldet und vor mehr als 28 Tagen ab Datenstichtag erkrankt<\/p>\n\n\n\n<p>c) nicht-verstorben, Hospitalisierung unbekannt und vor mehr als 28 ab Datenstichtag Tagen erkrankt<\/p>\n\n\n\n<p>Sofern kein Erkrankungsdatum vorliegt, wird das gesch\u00e4tzte Erkrankungsdatum aus Meldedatum minus mittlerem Meldeverzug von derzeit 5 Tagen verwendet.<\/p>\n\n\n\n<p><sup>B<\/sup>&nbsp;Errechnet als Differenz aus Gesamtzahl der laborbest\u00e4tigten F\u00e4lle, Verstorbenen und Genesenen.<\/p>\n\n\n\n<p><sup>C<\/sup>&nbsp;COVID-19 Erkrankungen mit Meldedatum der letzten 7 Tage ab Datenstichtag, pro 100.000 Einwohner. Bitte beachten Sie, dass die Gesamtinzidenz der Meldungen in den letzten 7 Tagen f\u00fcr Rheinland-Pfalz \/100.000 Einwohner das mit der Bev\u00f6lkerungszahl der Gebietseinheit gewichtete Mittel und&nbsp;nicht&nbsp;deren arithmetisches Mittel ist.<\/p>\n\n\n\n<p><sup>D<\/sup>&nbsp;USAF = U.S. Armed Forces; Berechnung der Inzidenz \/100.000 unter Ber\u00fccksichtigung der mit Stand vom 18.10.2021 in der Gebietseinheit stationierten U.S. Streitkr\u00e4fte<\/p>\n\n\n\n<p><sup>E<\/sup>&nbsp;beinhaltet &lt;1% F\u00e4lle ohne Altersangabe<\/p>\n\n\n\n<p><sup>F<\/sup>&nbsp;F\u00fcr die 7-Tage-Hospitalisierungsinzidenz (Schutzwert) wird ein landesweiter Wert berichtet. Die 7-Tages-Hospitalisierungsinzidenz bestimmt sich nach der Zahl der Hospitalisierungen unter den SARS-CoV-2-F\u00e4llen mit Meldedatum innerhalb der letzten 7 Tage je 100.000 Einwohnerinnen und Einwohner im Land Rheinland-Pfalz. Eine Hospitalisierung ist die station\u00e4re Aufnahme in ein Akutkrankenhaus aufgrund von COVID-19, unbekannter oder anderer bekannter Ursache.<\/p>\n\n\n\n<p># Die Summe der in Rheinland-Pfalz bereits von COVID-19 Genesenen kann aufgrund eines unterschiedlichen Datenstandes und Bewertungsalgorithmus von der auf dem RKI-Dashboard abweichen.<\/p>\n\n\n\n<p>* Fehlende Werte in den \u00fcbermittelten Angaben zum Impfstatus wurden altersstratifiziert auf Basis der vorhandenen Angaben gesch\u00e4tzt. Quelle f\u00fcr die Impfquote in Rheinland-Pfalz:&nbsp;<a href=\"https:\/\/deref-web.de\/mail\/client\/IrEDlCu-vwM\/dereferrer\/?redirectUrl=https%3A%2F%2Fwww.rki.de%2FDE%2FContent%2FInfAZ%2FN%2FNeuartiges_Coronavirus%2FDaten%2FImpfquoten-Tab.html\" target=\"_blank\" rel=\"noreferrer noopener\">https:\/\/www.rki.de\/DE\/Content\/InfAZ\/N\/Neuartiges_Coronavirus\/Daten\/Impfquoten-Tab.html<\/a><\/p>\n\n\n\n<p>KS = kreisfreie Stadt<\/p>\n\n\n\n<h3 class=\"wp-block-heading\">Wichtiger Hinweis zu Omikron<\/h3>\n\n\n\n<p>Das LUA hat seine w\u00f6chentliche Berichterstattung zum Vorkommen von besorgniserregenden Corona-Virusmutationen (Variants of Concern (VOC)) in Rheinland-Pfalz wieder aufgenommen. Die \u00dcbersicht erscheint immer am Montagnachmittag&nbsp;<a href=\"https:\/\/deref-web.de\/mail\/client\/m99BDoeWtsI\/dereferrer\/?redirectUrl=https%3A%2F%2Flua.rlp.de%2Fde%2Funsere-themen%2Finfektionsschutz%2Fmeldedaten-coronavirus%2F\" target=\"_blank\" rel=\"noreferrer noopener\"><strong>auf der LUA-Homepage<\/strong><\/a><strong>.&nbsp;<\/strong>Berichtet wird wieder das Verh\u00e4ltnis der Corona-Virusmutationen (Verdachtsf\u00e4lle und best\u00e4tigte F\u00e4lle) untereinander.Diese Form der Berichterstattung ersetzt die bisherige Aufstellung einzelner Verdachtsf\u00e4lle und best\u00e4tigter F\u00e4lle der Omikron-Virusvariante an Werktagen von Montag bis Freitag.<\/p>\n\n\n\n<h3 class=\"wp-block-heading\">Corona-Lage in Rheinland-Pfalz<\/h3>\n\n\n\n<p>Weitere Informationen und Rechtsgrundlagen finden Sie auf der zentralen Info-Plattform der rheinland-pf\u00e4lzischen Landesregierung unter&nbsp;<a href=\"https:\/\/deref-web.de\/mail\/client\/mYcRR1-0G30\/dereferrer\/?redirectUrl=http%3A%2F%2Fwww.corona.rlp.de\" target=\"_blank\" rel=\"noreferrer noopener\">www.corona.rlp.de<\/a>.<\/p>\n\n\n\n<h3 class=\"wp-block-heading\">Weitere Meldedaten zur Corona-Pandemie<\/h3>\n\n\n\n<p>Weitere rheinland-pf\u00e4lzische Meldedaten zum Coronavirus finden Sie auf\u00a0<a href=\"https:\/\/deref-web.de\/mail\/client\/xwlTu4OJbc0\/dereferrer\/?redirectUrl=http%3A%2F%2Fwww.lua.rlp.de\" target=\"_blank\" rel=\"noreferrer noopener\">www.lua.rlp.de<\/a>.<\/p>\n\n\n\n<p><em>Landesuntersuchungsamt (LUA) Rheinland-Pfalz<br>06.01.2022<\/em><\/p>\n\n\n\n<h2 class=\"wp-block-heading\">Aktueller COVID-19-Wochenbericht f\u00fcr Rheinland-Pfalz jetzt online<\/h2>\n\n\n\n<p>Der neue COVID-19-Wochenbericht des Landesuntersuchungsamtes (LUA) f\u00fcr die 1. Kalenderwoche 2022 ist online. Der Bericht erscheint immer donnerstags und soll dazu beitragen, die Corona-Lage in Rheinland-Pfalz differenziert bewerten zu k\u00f6nnen. Diesen und alle weiteren Wochenberichte als PDF sowie die zugeh\u00f6rigen Daten im Excelformat finden Sie auf der Homepage des LUA.<\/p>\n\n\n\n<p>Der&nbsp;<strong><a href=\"https:\/\/deref-web.de\/mail\/client\/Pmx_XaPsk74\/dereferrer\/?redirectUrl=https%3A%2F%2Flua.rlp.de%2Fde%2Funsere-themen%2Finfektionsschutz%2Fmeldedaten-coronavirus%2Fcovid-19-wochenberichte%2F\" target=\"_blank\" rel=\"noreferrer noopener\">COVID-19-Wochenbericht<\/a><\/strong>&nbsp;schl\u00fcsselt die von den rheinland-pf\u00e4lzischen Gesundheits\u00e4mtern erfassten und \u00fcbermittelten Corona-F\u00e4lle beispielsweise nach Altersgruppen und Impfstatus auf; au\u00dferdem unterscheidet er die F\u00e4lle danach, ob Personen \u201emit\u201c oder \u201eaufgrund von\u201c Corona ins Krankenhaus eingeliefert wurden, auf der Intensivstation behandelt wurden oder verstorben sind. Er gibt zudem Aufschluss dar\u00fcber, wie alt die Menschen sind, die an einer Corona-Erkrankung litten, und wie schwer ihre Erkrankung war.<\/p>\n\n\n\n<p>Ein wesentlicher Bestandteil des Wochenberichts ist die Absch\u00e4tzung der Impfeffektivit\u00e4t. Dazu betrachten die Epidemiologinnen und Epidemiologen des LUA die Corona-F\u00e4lle des gesamten Jahres sowie der zur\u00fcckliegenden Wochen dahingehend, ob Personen vollst\u00e4ndig geimpft waren oder nicht. Ausgewertet werden diejenigen F\u00e4lle, bei denen Angaben zu Symptomen vorliegen, die hospitalisiert wurden, auf einer Intensivstation behandelt wurden oder verstorben sind.<\/p>\n\n\n\n<p><em>Landesuntersuchungsamt (LUA) Rheinland-Pfalz<br>06.01.2022<\/em><\/p>\n","protected":false},"excerpt":{"rendered":"<div class=\"mh-excerpt\"><p>Tagesaktuelle Fallzahlen f\u00fcr die Stadt Speyer (Quelle: Landesuntersuchungsamt Rheinland-Pfalz,\u00a0Stand: 06.01.2022) Anzahl best\u00e4tigter F\u00e4lle von Coronavirus (SARS-CoV-2)-Infektionen in der Stadt Speyer:\u00a05.678 (+ 21)Davon bereits genesen:\u00a05.100Todesf\u00e4lle: 104Sieben-Tage-Inzidenz\u00a0(Gemeldete F\u00e4lle der letzten sieben Tage pro 100.000 Einwohner*innen in Speyer):\u00a0230,6Sieben-Tage-Hospitalisierungs-Inzidenz\u00a0(Anzahl <a class=\"mh-excerpt-more\" href=\"https:\/\/speyer24news.com\/?p=43178\" title=\"Coronavirus Speyer \/ Rheinland-Pfalz\">[&#8230;]<\/a><\/p>\n<\/div>","protected":false},"author":3,"featured_media":25126,"comment_status":"open","ping_status":"open","sticky":false,"template":"","format":"standard","meta":{"_monsterinsights_skip_tracking":false,"_monsterinsights_sitenote_active":false,"_monsterinsights_sitenote_note":"","_monsterinsights_sitenote_category":0,"footnotes":""},"categories":[11613],"tags":[6401,8404,6902,6367,8600,6940,6370,5904,6323,6358,7003,5801,6903,6342,210,5569,2625,380],"aioseo_notices":[],"amp_enabled":true,"_links":{"self":[{"href":"https:\/\/speyer24news.com\/index.php?rest_route=\/wp\/v2\/posts\/43178"}],"collection":[{"href":"https:\/\/speyer24news.com\/index.php?rest_route=\/wp\/v2\/posts"}],"about":[{"href":"https:\/\/speyer24news.com\/index.php?rest_route=\/wp\/v2\/types\/post"}],"author":[{"embeddable":true,"href":"https:\/\/speyer24news.com\/index.php?rest_route=\/wp\/v2\/users\/3"}],"replies":[{"embeddable":true,"href":"https:\/\/speyer24news.com\/index.php?rest_route=%2Fwp%2Fv2%2Fcomments&post=43178"}],"version-history":[{"count":2,"href":"https:\/\/speyer24news.com\/index.php?rest_route=\/wp\/v2\/posts\/43178\/revisions"}],"predecessor-version":[{"id":43182,"href":"https:\/\/speyer24news.com\/index.php?rest_route=\/wp\/v2\/posts\/43178\/revisions\/43182"}],"wp:featuredmedia":[{"embeddable":true,"href":"https:\/\/speyer24news.com\/index.php?rest_route=\/wp\/v2\/media\/25126"}],"wp:attachment":[{"href":"https:\/\/speyer24news.com\/index.php?rest_route=%2Fwp%2Fv2%2Fmedia&parent=43178"}],"wp:term":[{"taxonomy":"category","embeddable":true,"href":"https:\/\/speyer24news.com\/index.php?rest_route=%2Fwp%2Fv2%2Fcategories&post=43178"},{"taxonomy":"post_tag","embeddable":true,"href":"https:\/\/speyer24news.com\/index.php?rest_route=%2Fwp%2Fv2%2Ftags&post=43178"}],"curies":[{"name":"wp","href":"https:\/\/api.w.org\/{rel}","templated":true}]}}