{"id":43214,"date":"2022-01-18T13:05:54","date_gmt":"2022-01-18T12:05:54","guid":{"rendered":"https:\/\/speyer24news.com\/?p=43214"},"modified":"2022-03-15T08:56:58","modified_gmt":"2022-03-15T07:56:58","slug":"vermisste-person-vermissten-suche","status":"publish","type":"post","link":"https:\/\/speyer24news.com\/?p=43214","title":{"rendered":"Vermisste Person \/ Vermissten Suche"},"content":{"rendered":"<style type=\"text\/css\">\r\n\t.ads_top_disp{}\r\n\t.ads_top_corner_disp{ float:left; margin:0px 10px 10px 0px; }\r\n\t.ads_first_p_disp{}\r\n\t.ads_bottom_disp{}\r\n\t<\/style>\n<h2 class=\"wp-block-heading\">Vermisste 17-j\u00e4hrige &#8211; \u00d6ffentlichkeitsfahndung<\/h2>\n\n\n\n<div class=\"wp-block-image\"><figure class=\"aligncenter size-full\"><img decoding=\"async\" loading=\"lazy\" width=\"533\" height=\"600\" src=\"https:\/\/speyer24news.com\/wp-content\/uploads\/2022\/01\/csm_Mandy_94c97e8532.jpg\" alt=\"\" class=\"wp-image-43215\" srcset=\"https:\/\/speyer24news.com\/wp-content\/uploads\/2022\/01\/csm_Mandy_94c97e8532.jpg 533w, https:\/\/speyer24news.com\/wp-content\/uploads\/2022\/01\/csm_Mandy_94c97e8532-267x300.jpg 267w\" sizes=\"(max-width: 533px) 100vw, 533px\" \/><\/figure><\/div>\n\n\n\n<p><strong>(Edesheim \/ B\u00f6chingen) <\/strong>&#8211; Seit Sonntag, 16.01.2022, 15.30 Uhr, wird die 17-j\u00e4hrige Mandy aus B\u00f6chingen vermisst. Sie wurde zuletzt im Bereich Edesheim gesehen und es ist nicht auszuschlie\u00dfen, dass sie sich in einer hilflosen Lage befindet. Die bisher durchgef\u00fchrten Suchma\u00dfnahmen blieben ohne Erfolg. <\/p>\n\n\n\n<h3 class=\"wp-block-heading\">Mandy ist:<\/h3>\n\n\n\n<ul><li><strong>ca. 160cm gro\u00df<\/strong><\/li><li><strong>hat dunkle Harre mit roten Str\u00e4hnen<\/strong><\/li><li><strong>tr\u00e4gt eine \u00fcbergro\u00dfe dunkelblaue Daunen-Jacke<\/strong><\/li><li><strong>eine schwarze Hose mit violetten Sternen und <\/strong><\/li><li><strong>dunkle Sneaker<\/strong><\/li><\/ul>\n\n\n\n<p>Hinweise zum Aufenthaltsort der Vermissten nimmt die Polizei Landau unter 06341\/2870 oder&nbsp;<a target=\"_blank\" rel=\"noreferrer noopener\" href=\"mailto:kilandau@polizei.rlp.de\">kilandau@polizei.rlp.de<\/a>&nbsp;oder auch jede andere Polizeidienststelle entgegen.<\/p>\n\n\n\n<p><em>Polizeidirektion Landau<br>18.01.2021<\/em><\/p>\n","protected":false},"excerpt":{"rendered":"<div class=\"mh-excerpt\"><p>Vermisste 17-j\u00e4hrige &#8211; \u00d6ffentlichkeitsfahndung (Edesheim \/ B\u00f6chingen) &#8211; Seit Sonntag, 16.01.2022, 15.30 Uhr, wird die 17-j\u00e4hrige Mandy aus B\u00f6chingen vermisst. Sie wurde zuletzt im Bereich Edesheim gesehen und es ist nicht auszuschlie\u00dfen, dass sie sich <a class=\"mh-excerpt-more\" href=\"https:\/\/speyer24news.com\/?p=43214\" title=\"Vermisste Person \/ Vermissten Suche\">[&#8230;]<\/a><\/p>\n<\/div>","protected":false},"author":3,"featured_media":29028,"comment_status":"open","ping_status":"open","sticky":false,"template":"","format":"standard","meta":{"_monsterinsights_skip_tracking":false,"_monsterinsights_sitenote_active":false,"_monsterinsights_sitenote_note":"","_monsterinsights_sitenote_category":0,"footnotes":""},"categories":[12],"tags":[13525,2161,2388,13533,13532,1117,13529,13528,13531,618,13526,13527,13530],"aioseo_notices":[],"amp_enabled":true,"_links":{"self":[{"href":"https:\/\/speyer24news.com\/index.php?rest_route=\/wp\/v2\/posts\/43214"}],"collection":[{"href":"https:\/\/speyer24news.com\/index.php?rest_route=\/wp\/v2\/posts"}],"about":[{"href":"https:\/\/speyer24news.com\/index.php?rest_route=\/wp\/v2\/types\/post"}],"author":[{"embeddable":true,"href":"https:\/\/speyer24news.com\/index.php?rest_route=\/wp\/v2\/users\/3"}],"replies":[{"embeddable":true,"href":"https:\/\/speyer24news.com\/index.php?rest_route=%2Fwp%2Fv2%2Fcomments&post=43214"}],"version-history":[{"count":2,"href":"https:\/\/speyer24news.com\/index.php?rest_route=\/wp\/v2\/posts\/43214\/revisions"}],"predecessor-version":[{"id":43475,"href":"https:\/\/speyer24news.com\/index.php?rest_route=\/wp\/v2\/posts\/43214\/revisions\/43475"}],"wp:featuredmedia":[{"embeddable":true,"href":"https:\/\/speyer24news.com\/index.php?rest_route=\/wp\/v2\/media\/29028"}],"wp:attachment":[{"href":"https:\/\/speyer24news.com\/index.php?rest_route=%2Fwp%2Fv2%2Fmedia&parent=43214"}],"wp:term":[{"taxonomy":"category","embeddable":true,"href":"https:\/\/speyer24news.com\/index.php?rest_route=%2Fwp%2Fv2%2Fcategories&post=43214"},{"taxonomy":"post_tag","embeddable":true,"href":"https:\/\/speyer24news.com\/index.php?rest_route=%2Fwp%2Fv2%2Ftags&post=43214"}],"curies":[{"name":"wp","href":"https:\/\/api.w.org\/{rel}","templated":true}]}}