{"id":43232,"date":"2022-01-18T19:14:05","date_gmt":"2022-01-18T18:14:05","guid":{"rendered":"https:\/\/speyer24news.com\/?p=43232"},"modified":"2022-01-18T19:14:08","modified_gmt":"2022-01-18T18:14:08","slug":"widerstand-waehrend-nicht-angemeldeter-versammlung","status":"publish","type":"post","link":"https:\/\/speyer24news.com\/?p=43232","title":{"rendered":"Widerstand w\u00e4hrend nicht angemeldeter Versammlung"},"content":{"rendered":"<style type=\"text\/css\">\r\n\t.ads_top_disp{}\r\n\t.ads_top_corner_disp{ float:left; margin:0px 10px 10px 0px; }\r\n\t.ads_first_p_disp{}\r\n\t.ads_bottom_disp{}\r\n\t<\/style>\n<h3 class=\"wp-block-heading\">Aufgrund unserer Nachfragen bei der Polizeiinspektion Speyer und dem Polizeipr\u00e4sidium Speyer erhielten wir folgende Antwort:<\/h3>\n\n\n\n<p>Sehr geehrter Herr Kemmerich,<\/p>\n\n\n\n<p>vielen Dank f\u00fcr Ihre Anfrage, welche uns von der PI Speyer zugeleitet wurde. Aufgrund der Ver\u00f6ffentlichung des Videos haben wir uns entschlossen eine etwas ausf\u00fchrlichere Pressemeldung dazu zu ver\u00f6ffentlichen. Diese k\u00f6nnen Sie hier abrufen:&nbsp;<a href=\"https:\/\/deref-web.de\/mail\/client\/QzTeD9TOoCA\/dereferrer\/?redirectUrl=https%3A%2F%2Fwww.presseportal.de%2Fblaulicht%2Fpm%2F117696%2F5124765\" target=\"_blank\" rel=\"noreferrer noopener\">\u25b7&nbsp;POL-PPRP: Widerstand w\u00e4hrend nicht angemeldeter Versammlung | Presseportal<\/a><\/p>\n\n\n\n<p>F\u00fcr R\u00fcckfragen stehe ich Ihnen gerne zur Verf\u00fcgung.<\/p>\n\n\n\n<p>Mit freundlichen Gr\u00fc\u00dfen<\/p>\n\n\n\n<p>Im Auftrag<\/p>\n\n\n\n<p>Ghislaine Wymar<\/p>\n\n\n\n<p>Pressestelle<\/p>\n\n\n\n<p>POLIZEIPR\u00c4SIDIUM RHEINPFALZ<\/p>\n\n\n\n<h2 class=\"wp-block-heading\">Widerstand w\u00e4hrend nicht angemeldeter Versammlung<\/h2>\n\n\n\n<h3 class=\"wp-block-heading\">Nachtrag zu&nbsp;<a target=\"_blank\" rel=\"noreferrer noopener\" href=\"https:\/\/www.presseportal.de\/blaulicht\/pm\/117696\/5123820\">https:\/\/www.presseportal.de\/blaulicht\/pm\/117696\/5123820<\/a><\/h3>\n\n\n\n<p><strong>(Speyer) &#8211;<\/strong> Im Zuge der polizeilichen Einsatzma\u00dfnahmen anl\u00e4sslich einer nicht angemeldeten Versammlung in Speyer am 17.01.2022, leisteten ein 62-J\u00e4hriger und eine 53-J\u00e4hrige aus Speyer w\u00e4hrend der Personalienfeststellung Widerstand. Diese Zwangsma\u00dfnahme wurden von Unbeteiligten gefilmt und in den sozialen Medien ver\u00f6ffentlicht. In diesen kurzen Videosequenzen sind allerdings nur Teile und nicht der gesamte Geschehensablauf ersichtlich.<\/p>\n\n\n\n<p>Nach derzeitigem Ermittlungsstand sollte eine Gruppe von circa sieben Personen im Bereich der Maximilianstra\u00dfe\/Flachsgasse kontrolliert werden, da diese w\u00e4hrend der nicht angemeldeten Versammlungen keinen Mund-Nasen-Schutz trugen und keine Mindestabst\u00e4nde einhielten. Beim Erblicken der Polizei ergriffen ein 62-J\u00e4hriger und eine 53-J\u00e4hrige die Flucht. Der polizeilichen Aufforderung stehen zu bleiben, kamen die beiden Personen nicht nach und fl\u00fcchten zu Fu\u00df in die Maximilianstra\u00dfe, wo sie von Einsatzkr\u00e4ften gestellt wurden. Zur Fixierung mussten die Personen zu Boden gebracht werden. Gegen die anschlie\u00dfende Fesselung wehrten sie sich mit Tritten und Schl\u00e4gen. Dar\u00fcber hinaus beleidigten sie die Einsatzkr\u00e4fte mehrfach.<\/p>\n\n\n\n<p>Bei der Anwendung unmittelbaren Zwangs gegen Personen befindet sich die Polizei regelm\u00e4\u00dfig in einem Spannungsfeld. Auf der einen Seite ist die Durchsetzung einer polizeilichen Ma\u00dfnahme mit unmittelbarem Zwang f\u00fcr Au\u00dfenstehende oft schwer nachvollziehbar, insbesondere, wenn man als Unbeteiligter auf kurze Handyvideos in sozialen Medien st\u00f6\u00dft. Auf der anderen Seite muss die Polizei zur Erf\u00fcllung ihres gesetzlichen Auftrags auch Ma\u00dfnahmen durchsetzen, notfalls zwangsweise.<\/p>\n\n\n\n<p>Die Polizei darf unmittelbaren Zwang nur einsetzen, wenn sie gesetzlich dazu erm\u00e4chtigt ist und sie die Ma\u00dfnahmen nicht auf andere Weise durchsetzen kann. Dies ist beispielsweise zur Feststellung der Identit\u00e4t m\u00f6glich, in dem eine Person fixiert und durchsucht wird. Gegen den 62-J\u00e4hrigen und die 53-J\u00e4hrige wurden Ermittlungsverfahren wegen Widerstandes gegen Vollstreckungsbeamte und wegen Beleidigung eingeleitet. Die eingesetzten Polizeikr\u00e4fte wurden durch die Widerstandshandlung nicht verletzt.<\/p>\n\n\n\n<p><em>Polizeipr\u00e4sidium Rheinpfalz<br>18.01.2021<\/em><\/p>\n\n\n\n<h3 class=\"wp-block-heading\"><a href=\"https:\/\/speyer24news.com\/?p=43220\" title=\"Lesen Sie auch Polizeiliche Einsatzma\u00dfnahmen anl\u00e4sslich sogenannter \u201eMontagsspazierg\u00e4nge\u201c, in diesem ist auch besagter Videoclip verlinkt.\">Lesen Sie auch Polizeiliche Einsatzma\u00dfnahmen anl\u00e4sslich sogenannter \u201eMontagsspazierg\u00e4nge\u201c, in diesem ist auch besagter Videoclip verlinkt.<\/a><\/h3>\n","protected":false},"excerpt":{"rendered":"<div class=\"mh-excerpt\"><p>Aufgrund unserer Nachfragen bei der Polizeiinspektion Speyer und dem Polizeipr\u00e4sidium Speyer erhielten wir folgende Antwort: Sehr geehrter Herr Kemmerich, vielen Dank f\u00fcr Ihre Anfrage, welche uns von der PI Speyer zugeleitet wurde. Aufgrund der Ver\u00f6ffentlichung <a class=\"mh-excerpt-more\" href=\"https:\/\/speyer24news.com\/?p=43232\" title=\"Widerstand w\u00e4hrend nicht angemeldeter Versammlung\">[&#8230;]<\/a><\/p>\n<\/div>","protected":false},"author":3,"featured_media":35265,"comment_status":"open","ping_status":"open","sticky":false,"template":"","format":"standard","meta":{"_monsterinsights_skip_tracking":false,"_monsterinsights_sitenote_active":false,"_monsterinsights_sitenote_note":"","_monsterinsights_sitenote_category":0,"footnotes":""},"categories":[12],"tags":[13537,13538,13546,13543,13545,13536,53,13534,102,213,106,104,6],"aioseo_notices":[],"amp_enabled":true,"_links":{"self":[{"href":"https:\/\/speyer24news.com\/index.php?rest_route=\/wp\/v2\/posts\/43232"}],"collection":[{"href":"https:\/\/speyer24news.com\/index.php?rest_route=\/wp\/v2\/posts"}],"about":[{"href":"https:\/\/speyer24news.com\/index.php?rest_route=\/wp\/v2\/types\/post"}],"author":[{"embeddable":true,"href":"https:\/\/speyer24news.com\/index.php?rest_route=\/wp\/v2\/users\/3"}],"replies":[{"embeddable":true,"href":"https:\/\/speyer24news.com\/index.php?rest_route=%2Fwp%2Fv2%2Fcomments&post=43232"}],"version-history":[{"count":1,"href":"https:\/\/speyer24news.com\/index.php?rest_route=\/wp\/v2\/posts\/43232\/revisions"}],"predecessor-version":[{"id":43233,"href":"https:\/\/speyer24news.com\/index.php?rest_route=\/wp\/v2\/posts\/43232\/revisions\/43233"}],"wp:featuredmedia":[{"embeddable":true,"href":"https:\/\/speyer24news.com\/index.php?rest_route=\/wp\/v2\/media\/35265"}],"wp:attachment":[{"href":"https:\/\/speyer24news.com\/index.php?rest_route=%2Fwp%2Fv2%2Fmedia&parent=43232"}],"wp:term":[{"taxonomy":"category","embeddable":true,"href":"https:\/\/speyer24news.com\/index.php?rest_route=%2Fwp%2Fv2%2Fcategories&post=43232"},{"taxonomy":"post_tag","embeddable":true,"href":"https:\/\/speyer24news.com\/index.php?rest_route=%2Fwp%2Fv2%2Ftags&post=43232"}],"curies":[{"name":"wp","href":"https:\/\/api.w.org\/{rel}","templated":true}]}}