{"id":43314,"date":"2022-03-10T13:53:28","date_gmt":"2022-03-10T12:53:28","guid":{"rendered":"https:\/\/speyer24news.com\/?p=43314"},"modified":"2022-03-10T13:53:30","modified_gmt":"2022-03-10T12:53:30","slug":"speyer-134","status":"publish","type":"post","link":"https:\/\/speyer24news.com\/?p=43314","title":{"rendered":"Speyer"},"content":{"rendered":"<style type=\"text\/css\">\r\n\t.ads_top_disp{}\r\n\t.ads_top_corner_disp{ float:left; margin:0px 10px 10px 0px; }\r\n\t.ads_first_p_disp{}\r\n\t.ads_bottom_disp{}\r\n\t<\/style>\n<h2 class=\"wp-block-heading\">Girls\u2019- und Boys\u2019Day: Werde, was Du willst!<\/h2>\n\n\n\n<div class=\"wp-block-image\"><figure class=\"aligncenter size-full\"><img decoding=\"async\" loading=\"lazy\" width=\"800\" height=\"451\" src=\"https:\/\/speyer24news.com\/wp-content\/uploads\/2022\/03\/girls_boys_2021.jpg\" alt=\"\" class=\"wp-image-43322\" srcset=\"https:\/\/speyer24news.com\/wp-content\/uploads\/2022\/03\/girls_boys_2021.jpg 800w, https:\/\/speyer24news.com\/wp-content\/uploads\/2022\/03\/girls_boys_2021-300x169.jpg 300w, https:\/\/speyer24news.com\/wp-content\/uploads\/2022\/03\/girls_boys_2021-768x433.jpg 768w, https:\/\/speyer24news.com\/wp-content\/uploads\/2022\/03\/girls_boys_2021-678x381.jpg 678w\" sizes=\"(max-width: 800px) 100vw, 800px\" \/><\/figure><\/div>\n\n\n\n<p>Am 28. April 2022 ist es wieder soweit! Die Stadtverwaltung Speyer und viele ortsans\u00e4ssige Unternehmen und Beh\u00f6rden laden Sch\u00fclerinnen und Sch\u00fcler ab der 6. Klasse nach zweij\u00e4hriger Pause wieder zum Girls\u2019Day und Boys\u2019Day ein.<\/p>\n\n\n\n<p>Obwohl M\u00e4dchen und junge Frauen die Schule oftmals mit guten bis sehr guten Schulabschl\u00fcssen beenden, f\u00e4llt die Berufswahl sehr h\u00e4ufig auf Berufe oder Studienf\u00e4cher, in denen Frauen bereits \u00fcberrepr\u00e4sentiert sind. W\u00e4hrend sich Sch\u00fclerinnen vermehrt f\u00fcr die sozialen und geisteswissenschaftlichen Berufe interessieren, entscheiden sich Jungs nach der Schule \u00fcberwiegend f\u00fcr eine Ausbildung oder ein Studium im handwerklichen oder technischen\/naturwissenschaftlichen Bereich.&nbsp;&nbsp;<\/p>\n\n\n\n<p>Bis heute wird die Berufswahl durch Geschlechterklischees beeinflusst und das Feld der Berufe, die \u00fcberhaupt in Betracht gezogenen werden, ist f\u00fcr Sch\u00fclerinnen und Sch\u00fcler oft sehr \u00fcberschaubar. W\u00e4hrend sich in der \u201em\u00e4nnlichen\u201c Berufswelt vieles um Herstellung, Konstruktion und Produktion dreht, wo eine gewisse H\u00e4rte und Durchsetzungsst\u00e4rke als positive Eigenschaften gelten, geht es in der \u201eweiblichen\u201c Berufswelt h\u00e4ufig um den Umgang mit Menschen oder das \u201eHelfen-Wollen\u201c.<\/p>\n\n\n\n<p>Damit M\u00e4dchen und Jungen ihre Berufsm\u00f6glichkeiten jedoch frei von Geschlechterklischees und veralteten Rollenbildern treffen und damit ihre Zukunftschancen voll aussch\u00f6pfen k\u00f6nnen, bietet der Girls\u2018- und Boys\u2019Day praktische Einblicke in Berufsbereiche, in denen jeweils eigene Geschlecht noch nicht so stark vertreten ist.<\/p>\n\n\n\n<p>Auch in Speyer besteht die M\u00f6glichkeit in viele spannende Berufsfelder hinein zu schnuppern. So haben Sch\u00fclerinnen in Speyer unter anderem die M\u00f6glichkeit den beruflichen Alltag einer Feuerwehrfrau, Polizistin, Architektin oder Filmemacherin kennenzulernen. Sch\u00fcler hingegen k\u00f6nnen an diesen Tagen Einblicke in Berufe des Standesbeamten, Klimaschutzmanagers oder Erziehers erlangen.<\/p>\n\n\n\n<p>Die Stadtverwaltung Speyer bietet in diesem Jahr 22 Pl\u00e4tze f\u00fcr M\u00e4dchen und 11 Pl\u00e4tze f\u00fcr Jungen an. Dabei sind drei der Pl\u00e4tze direkt im Stadtvorstand angesiedelt. Oberb\u00fcrgermeisterin Stefanie Seiler, B\u00fcrgermeisterin Monika Kabs und Beigeordnete Irmgard M\u00fcnch-Weinmann werden jeweils einer Sch\u00fclerin spannende Einblicke in ihre interessanten Arbeiten und Aufgaben geben.<\/p>\n\n\n\n<p>Das ganze Angebot und Anmeldem\u00f6glichkeiten gibt es tagesaktuell im Internet unter \u201eRadar\u201c bei\u00a0<a href=\"https:\/\/deref-web.de\/mail\/client\/mkOH2jazZ8w\/dereferrer\/?redirectUrl=http%3A%2F%2Fwww.girls-day.de\" target=\"_blank\" rel=\"noreferrer noopener\">www.girls-day.de<\/a>\u00a0und\u00a0<a href=\"https:\/\/deref-web.de\/mail\/client\/NqjPKYy8M2A\/dereferrer\/?redirectUrl=http%3A%2F%2Fwww.boys-day.de\" target=\"_blank\" rel=\"noreferrer noopener\">www.boys-day.de<\/a>. Alle weiterf\u00fchrenden Schulen in Speyer unterst\u00fctzen die Initiative und stellen die teilnehmenden Sch\u00fclerinnen und Sch\u00fcler an diesem Tag vom Unterricht frei.<\/p>\n\n\n\n<p><em>Text: Stadt Speyer Foto: \u00a9 Kompetenzzentrum Technik-Diversity-Chancengleichheit e. V.<br>08.03.2022<\/em><\/p>\n\n\n\n<h2 class=\"wp-block-heading\">Speyer hilft: 39 Menschen aus der Ukraine in Speyer angekommen<\/h2>\n\n\n\n<div class=\"wp-block-image\"><figure class=\"aligncenter size-full\"><img decoding=\"async\" loading=\"lazy\" width=\"800\" height=\"600\" src=\"https:\/\/speyer24news.com\/wp-content\/uploads\/2022\/03\/image-g1b34b2b14_1920.jpg\" alt=\"\" class=\"wp-image-43320\" srcset=\"https:\/\/speyer24news.com\/wp-content\/uploads\/2022\/03\/image-g1b34b2b14_1920.jpg 800w, https:\/\/speyer24news.com\/wp-content\/uploads\/2022\/03\/image-g1b34b2b14_1920-300x225.jpg 300w, https:\/\/speyer24news.com\/wp-content\/uploads\/2022\/03\/image-g1b34b2b14_1920-768x576.jpg 768w, https:\/\/speyer24news.com\/wp-content\/uploads\/2022\/03\/image-g1b34b2b14_1920-678x509.jpg 678w, https:\/\/speyer24news.com\/wp-content\/uploads\/2022\/03\/image-g1b34b2b14_1920-326x245.jpg 326w, https:\/\/speyer24news.com\/wp-content\/uploads\/2022\/03\/image-g1b34b2b14_1920-80x60.jpg 80w\" sizes=\"(max-width: 800px) 100vw, 800px\" \/><\/figure><\/div>\n\n\n\n<p>Gegen 8 Uhr ist Montagmorgen der Speyerer Hilfskonvoi von der polnisch-ukrainischen Grenze in Korczowa-Krakowiec zur\u00fcckgekehrt. An Bord des von der Firma Gabis in Kooperation mit dem Speyerer Busunternehmen Wydra organisierten Busses waren 39 Frauen und Kinder, die durch die Stadt Speyer nun zun\u00e4chst in der Jugendherberge untergebracht wurden. Notfallseelsorger*innen und \u00c4rzt*innen sind vor Ort und k\u00fcmmern sich um die Gefl\u00fcchteten.<\/p>\n\n\n\n<p>\u201eWir sind froh, diese Menschen nun in Sicherheit und gut versorgt zu wissen\u201c, betont Oberb\u00fcrgermeisterin Stefanie Seiler. \u201eDer Zusammenhalt unserer Stadtgesellschaft und die enorme Hilfsbereitschaft von Privatpersonen, Hilfsorganisationen und Firmen sind \u00fcberw\u00e4ltigend und machen mich sehr stolz. Wir konnten dank der Sachspendenaktion auf dem Festplatz am vergangenen Freitag genau die Dinge ins Grenzgebiet bringen, die dort gerade dringend gebraucht werden. Dar\u00fcber hinaus haben uns schon zahlreiche Geldspenden und auch einige Wohnungsangebote erreicht. Daf\u00fcr m\u00f6chte ich mich herzlich bedanken, aber auch unterstreichen, dass wir weiterhin auf Ihre Hilfe angewiesen sind. Lassen Sie uns weiterhin zusammenhalten und den Menschen helfen, die ihre Heimat aufgrund des schrecklichen Krieges \u00fcberst\u00fcrzt verlassen mussten\u201c, so Seilers Appell.<\/p>\n\n\n\n<p>\u201eDie Schicksale der Menschen, die wir in Speyer aufgenommen haben, sind schwer zu ertragen\u201c, zeigt sich Sozialdezernentin Monika Kabs betroffen. \u201eDa perspektivisch weitere Menschen aus der Ukraine in Speyer Schutz suchen werden, sind wir aktuell dabei R\u00e4umlichkeiten in der ehemaligen Kurpfalzkaserne im Birkenweg und im ehemaligen Stiftungskrankenhaus als Unterbringungsm\u00f6glichkeiten herzurichten. Das wird voraussichtlich noch einige Tage dauern. Parallel dazu loten wir bereits aus, wie wir zus\u00e4tzliche Hilfe leisten k\u00f6nnen\u201c, so Kabs weiter.<\/p>\n\n\n\n<div class=\"wp-block-image\"><figure class=\"aligncenter size-full\"><a href=\"www.speyer.de\/speyerhilft\"><img decoding=\"async\" loading=\"lazy\" width=\"800\" height=\"430\" src=\"https:\/\/speyer24news.com\/wp-content\/uploads\/2022\/03\/we-standwithukraine.png\" alt=\"\" class=\"wp-image-43321\" srcset=\"https:\/\/speyer24news.com\/wp-content\/uploads\/2022\/03\/we-standwithukraine.png 800w, https:\/\/speyer24news.com\/wp-content\/uploads\/2022\/03\/we-standwithukraine-300x161.png 300w, https:\/\/speyer24news.com\/wp-content\/uploads\/2022\/03\/we-standwithukraine-768x413.png 768w\" sizes=\"(max-width: 800px) 100vw, 800px\" \/><\/a><\/figure><\/div>\n\n\n\n<p>Um die Vielzahl an eingehenden Hilfsangeboten besser zu koordinieren, hat die Speyerer Freiwilligenagentur unter&nbsp;<a href=\"https:\/\/deref-web.de\/mail\/client\/vJNKKsC_Vz4\/dereferrer\/?redirectUrl=http%3A%2F%2Fwww.speyer.de%2Fspeyerhilft\" target=\"_blank\" rel=\"noreferrer noopener\">www.speyer.de\/speyerhilft<\/a>&nbsp;ein Online-Portal eingerichtet, \u00fcber das einerseits Freiwillige ihre Hilfe in Form von Wohnungen, \u00dcbersetzungst\u00e4tigkeiten o.\u00e4. anbieten k\u00f6nnen und \u00fcber das andererseits Organisationen und Privatpersonen, die Fl\u00fcchtlingen aus der Ukraine helfen, gezielt Hilfsgesuche schalten k\u00f6nnen. Die Speyerer Freiwilligenagentur nimmt dann gegebenenfalls Kontakt auf und hilft, wo n\u00f6tig, bei der Vernetzung.<\/p>\n\n\n\n<p>In Bezug auf private Initiativen, die Menschen von der polnisch-ukrainischen Grenzen abholen, bittet die Stadt Speyer darum, das alle Helfer*innen bedenken, dass die Unterbringung dieser Menschen m\u00f6glichst schon im Voraus geregelt sein sollte, da es der Stadtverwaltung nicht zu jeder Tages- und Nachtzeit m\u00f6glich ist, spontan auf Unterbringungsanfragen zu reagieren. Die erste Anlaufstelle f\u00fcr Privatinitiativen sollte daher die Erstaufnahmeeinrichtung f\u00fcr Asylbegehrende (AfA) in der Spaldinger Stra\u00dfe 100 sein, wo die Menschen registriert und untergebracht werden und auch medizinische Versorgung erhalten k\u00f6nnen.<\/p>\n\n\n\n<p><em>Stadt Speyer<br>07.03.2022<\/em><\/p>\n\n\n\n<h2 class=\"wp-block-heading\">Speyer hilft: Gemeinsame Erkl\u00e4rung des Stadtvorstands und der Mitglieder des Stadtrats<\/h2>\n\n\n\n<div class=\"wp-block-image\"><figure class=\"aligncenter size-full\"><img decoding=\"async\" loading=\"lazy\" width=\"800\" height=\"376\" src=\"https:\/\/speyer24news.com\/wp-content\/uploads\/2022\/03\/Stand-with-Ukraine.jpg\" alt=\"\" class=\"wp-image-43319\" srcset=\"https:\/\/speyer24news.com\/wp-content\/uploads\/2022\/03\/Stand-with-Ukraine.jpg 800w, https:\/\/speyer24news.com\/wp-content\/uploads\/2022\/03\/Stand-with-Ukraine-300x141.jpg 300w, https:\/\/speyer24news.com\/wp-content\/uploads\/2022\/03\/Stand-with-Ukraine-768x361.jpg 768w\" sizes=\"(max-width: 800px) 100vw, 800px\" \/><\/figure><\/div>\n\n\n\n<p>Die Stadt Speyer unterst\u00fctzt die Aufnahme von ukrainischen Staatsb\u00fcrger*innen sowie allen Menschen, die aufgrund des durch Wladimir Putin entfachten Krieges aus ihrer Heimat fliehen m\u00fcssen. Auf Initiative des Stadtratsmitglieds Aurel Popescu, Die LINKE, haben sich zahlreiche Stadtr\u00e4tinnen und Stadtr\u00e4te sowie der gesamte Speyerer Stadtvorstand einer Erkl\u00e4rung angeschlossen, die im Rahmen der kommenden Stadtratssitzung am Donnerstag, 10. M\u00e4rz 2022 verabschiedet werden soll.<\/p>\n\n\n\n<p>\u201eDie Erkl\u00e4rung bekr\u00e4ftigt unser Selbstverst\u00e4ndnis, Menschen, die vor Krieg fliehen, zu unterst\u00fctzen, ihnen zu helfen sowie f\u00fcr Demokratie und Freiheit einzustehen. Wir verurteilen den v\u00f6lkerrechtswidrigen Angriff der russischen Armee auf die Ukraine und hoffen auf die Unterst\u00fctzung und Solidarit\u00e4t der Menschen in Speyer und der Umgebung\u201c, so Oberb\u00fcrgermeisterin Stefanie Seiler in Vertretung des gesamten Speyerer Stadtvorstandes.<\/p>\n\n\n\n<p>Zudem appelliert die Stadt Speyer eindringlich an die Bev\u00f6lkerung, auch leerstehenden oder in K\u00fcrze freiwerdenden privaten Wohnraum zur Nutzung f\u00fcr die aus der Ukraine geflohenen Menschen zur Verf\u00fcgung zu stellen. Diesbez\u00fcgliche Angebote k\u00f6nnen per E-Mail an die Speyerer Freiwilligenagentur unter&nbsp;<a href=\"mailto:ehrenamt@stadt-speyer.de\" target=\"_blank\" rel=\"noreferrer noopener\">ehrenamt@stadt-speyer.de<\/a>&nbsp;gesendet werden. F\u00fcr eventuelle R\u00fcckfragen und kurzfristige Kontaktaufnahme sollte unbedingt eine Telefonnummer angegeben werden.<\/p>\n\n\n\n<p>Einige Angebote dieser Art sind bereits bei der Stadtverwaltung eingegangen, wof\u00fcr sich die Stadt Speyer schon jetzt herzlich bedankt.<\/p>\n\n\n\n<p>Dar\u00fcber hinaus besteht dringend Bedarf an Dolmetscher*innen f\u00fcr Deutsch-Ukrainisch, die gegebenenfalls auch kurzfristig und auf Abruf zur Verf\u00fcgung st\u00fcnden. Angebote hierzu nimmt ebenfalls die Speyerer Freiwilligenagentur unter&nbsp;<a href=\"mailto:ehrenamt@stadt-speyer.de\" target=\"_blank\" rel=\"noreferrer noopener\">ehrenamt@stadt-speyer.de<\/a>&nbsp;entgegen.<\/p>\n\n\n\n<h3 class=\"wp-block-heading\">Geldspenden f\u00fcr jene Menschen aus der Ukraine, die in Speyer unterkommen werden, k\u00f6nnen unter der Angabe des Verwendungszwecks<\/h3>\n\n\n\n<ul><li><strong>\u201eHilfe f\u00fcr Ukraine 31300-3794200\u201c<\/strong><\/li><li><strong>auf das Konto der Stadt Speyer bei der Sparkasse Vorderpfalz<\/strong><\/li><li><strong>IBAN:\u00a0 DE20 545 500 100 000 001 586, BIC: LUHSDE6AXXX<\/strong><\/li><\/ul>\n\n\n\n<p>geleistet werden. Das Geld kommt vollumf\u00e4nglich der Unterbringung und Verpflegung der ukrainischen Kriegsfl\u00fcchtlinge zugute. Spendenquittungen werden automatisch erstellt, sofern der Stadtverwaltung die Adresse des Spenders oder der Spenderin vorliegt.<\/p>\n\n\n\n<p>Die Stadt Speyer empfiehlt den Menschen aus der Ukraine f\u00fcr den Moment, so schnell als m\u00f6glich einen Asylantrag zu stellen, damit sie Sozialleistungen und eine Krankenversicherung erhalten k\u00f6nnen. Die Europ\u00e4ische Union pr\u00fcft derzeit, f\u00fcr ukrainische Staatsangeh\u00f6rigen ein erleichtertes Verfahren f\u00fcr den weiteren Aufenthalt einzuf\u00fchren. Die Regelungen f\u00fcr einen \u201eMassenzustrom\u201c Vertriebener w\u00fcrden einen Aufenthalt von bis zu drei Jahren ohne Asylverfahren erm\u00f6glichen. Sobald der Stadt Speyer hierzu weitere Informationen vorliegen, wird sie entsprechend informieren.<\/p>\n\n\n\n<p>Aufgrund der besonderen Situation kann eine visumsfreie Einreise f\u00fcr maximal 90 Tage einmalig um weitere 90 Tage verl\u00e4ngert werden. Dies kann bei der \u00f6rtlich zust\u00e4ndigen Ausl\u00e4nderbeh\u00f6rde beantragt werden.<\/p>\n\n\n\n<p>Weitere Informationen zur Einreise aus der Ukraine sind auf der Website des Bundesinnenministeriums zu finden:\u00a0<a href=\"https:\/\/deref-web.de\/mail\/client\/6skLQkCw4UE\/dereferrer\/?redirectUrl=https%3A%2F%2Fwww.bmi.bund.de%2FSharedDocs%2Ffaqs%2FDE%2Fthemen%2Fministerium%2Fukraine-krieg%2Ffaq-liste-ukraine-krieg.html\" target=\"_blank\" rel=\"noreferrer noopener\">https:\/\/www.bmi.bund.de\/SharedDocs\/faqs\/DE\/themen\/ministerium\/ukraine-krieg\/faq-liste-ukraine-krieg.html<\/a><\/p>\n\n\n\n<div class=\"wp-block-file\"><object class=\"wp-block-file__embed\" data=\"https:\/\/speyer24news.com\/wp-content\/uploads\/2022\/03\/Gemeinsame-Erklaerung-des-Speyerer-Stadtrats-und-der-Stadtspitze-final.pdf\" type=\"application\/pdf\" style=\"width:100%;height:600px\" aria-label=\"Einbettung von Einbettung von Gemeinsame-Erklaerung-des-Speyerer-Stadtrats-und-der-Stadtspitze-final..\"><\/object><a href=\"https:\/\/speyer24news.com\/wp-content\/uploads\/2022\/03\/Gemeinsame-Erklaerung-des-Speyerer-Stadtrats-und-der-Stadtspitze-final.pdf\">Gemeinsame-Erklaerung-des-Speyerer-Stadtrats-und-der-Stadtspitze-final<\/a><a href=\"https:\/\/speyer24news.com\/wp-content\/uploads\/2022\/03\/Gemeinsame-Erklaerung-des-Speyerer-Stadtrats-und-der-Stadtspitze-final.pdf\" class=\"wp-block-file__button\" download>Herunterladen<\/a><\/div>\n\n\n\n<p><em>Stadt Speyer<br>02.03.2022<\/em><\/p>\n\n\n\n<h2 class=\"wp-block-heading\">Soziale Projekte im Fokus: \u00dcbergabe Weihnachtsspende Rotary Club Speyer<\/h2>\n\n\n\n<div class=\"wp-block-image\"><figure class=\"aligncenter size-full\"><img decoding=\"async\" loading=\"lazy\" width=\"800\" height=\"596\" src=\"https:\/\/speyer24news.com\/wp-content\/uploads\/2022\/03\/\u00a9-Klaus-Venus.jpg\" alt=\"\" class=\"wp-image-43316\" srcset=\"https:\/\/speyer24news.com\/wp-content\/uploads\/2022\/03\/\u00a9-Klaus-Venus.jpg 800w, https:\/\/speyer24news.com\/wp-content\/uploads\/2022\/03\/\u00a9-Klaus-Venus-300x224.jpg 300w, https:\/\/speyer24news.com\/wp-content\/uploads\/2022\/03\/\u00a9-Klaus-Venus-768x572.jpg 768w, https:\/\/speyer24news.com\/wp-content\/uploads\/2022\/03\/\u00a9-Klaus-Venus-80x60.jpg 80w\" sizes=\"(max-width: 800px) 100vw, 800px\" \/><figcaption><em>v.l.: <\/em>Alexandra Stumpp (Vorstand F\u00f6rderverein K.E.K.S. plus e.V.), Andreas Kreimeyer (Pr\u00e4sident RC Speyer), Lisa Fedun (Haus der Familie), Jennifer May (Tsala ya Africa), Monika Kabs (B\u00fcrgermeisterin) <br><em>Foto: \u00a9 Klaus Venus<\/em><\/figcaption><\/figure><\/div>\n\n\n\n<p>\u201eMenschen helfen\u201c \u2013 das ist das Motto, unter&nbsp;das&nbsp;Pr\u00e4sident Andreas Kreimeyer sein Amtsjahr gestellt hat. Bei der Weihnachtsspende 2021 haben die Mitglieder des Rotary Clubs Speyer bewiesen, dass sie hinter dem Motto ihres Pr\u00e4sidenten stehen: 23.000 Euro&nbsp;sind f\u00fcr die beiden Spendenprojekte Kontakte f\u00fcr Eltern und Kinder in Speyer, kurz \u201eK.E.K.S.\u201c und \u201eTsala ya Africa\u201c zusammen gekommen. Beide Projekte&nbsp;verf\u00fcgen \u00fcber&nbsp;tatkr\u00e4ftige und \u00fcberzeugende&nbsp;F\u00fcrsprecherinnen.<\/p>\n\n\n\n<p>Lisa Fedun, die p\u00e4dagogische Koordinatorin im Familienhaus, hatte den rotarischen Freundinnen und Freunden die f\u00fcr 2022\/23 geplanten Projekte\u00a0von\u00a0K.E.K.S. im November 2021 vorgestellt. Familien mit Kindern zwischen 0 und 6 Jahren k\u00f6nnen sich jetzt u.a. auf die Versch\u00f6nerung des Au\u00dfengel\u00e4ndes der Quartiersmensa freuen. Zusammen mit der Vorstandsvorsitzenden des F\u00f6rdervereins K.E.K.S. plus e.V. Alexandra Stumpp, bedankte\u00a0sich\u00a0Lisa Fedun f\u00fcr die\u00a0unerwartet\u00a0hohe\u00a0Spendensumme\u00a0von 11.500 Euro. B\u00fcrgermeisterin Monika Kabs\u00a0zeigte sich erfreut, dass die wertvolle Arbeit im Familienhaus so gro\u00dfe Wertsch\u00e4tzung durch den Rotary Club Speyer erfahre. F\u00fcr die Stadt\u00a0sei\u00a0klar gewesen,\u00a0die 2001 in ehrenamtlicher Arbeit gegr\u00fcndete Struktur aufrecht zu erhalten. 2021 hat die Stadt die Tr\u00e4gerschaft f\u00fcr das Haus der Familie \u00fcbernommen, das niedrigschwellige Angebote wie \u201eFamiliencaf\u00e9\u201c, \u201eBaby-Caf\u00e9\u201c, \u201ePapa-Treff\u201c und vieles mehr zur Verf\u00fcgung stellt.<\/p>\n\n\n\n<div class=\"wp-block-image\"><figure class=\"aligncenter size-full\"><img decoding=\"async\" loading=\"lazy\" width=\"600\" height=\"600\" src=\"https:\/\/speyer24news.com\/wp-content\/uploads\/2022\/03\/\u00a9-Jennifer-May.jpg\" alt=\"\" class=\"wp-image-43317\" srcset=\"https:\/\/speyer24news.com\/wp-content\/uploads\/2022\/03\/\u00a9-Jennifer-May.jpg 600w, https:\/\/speyer24news.com\/wp-content\/uploads\/2022\/03\/\u00a9-Jennifer-May-300x300.jpg 300w, https:\/\/speyer24news.com\/wp-content\/uploads\/2022\/03\/\u00a9-Jennifer-May-150x150.jpg 150w\" sizes=\"(max-width: 600px) 100vw, 600px\" \/><figcaption>Gl\u00fcckliche Kinder in S\u00fcdafrika danken den Rotary Club Speyer f\u00fcr seine gro\u00dfz\u00fcgige Spende.<br><em>Foto: \u00a9\u00a0Jennifer May<\/em><\/figcaption><\/figure><\/div>\n\n\n\n<p>Jennifer May, die 29-j\u00e4hrige Mitbegr\u00fcnderin des 2014 gegr\u00fcndeten Vereins \u201eTsala ya Africa\u201c (Freund von Afrika)\u00a0war\u00a0\u00fcberw\u00e4ltigt, dass\u00a0das Spendenergebnis 2021 nach der gro\u00dfen Unterst\u00fctzung durch die Weihnachtsspende 2020 noch einmal \u00fcbertroffen\u00a0wurde:\u00a0mit der Summe von\u00a011.500 Euro\u00a0kann der Verein weiterhin\u00a0Bildungsprojekte f\u00fcr Kinder in S\u00fcdafrika unterst\u00fctzen, sich aber auch\u00a0f\u00fcr\u00a0Nachhaltigkeit in der\u00a0Landwirtschaft einsetzen. Das internationale Projekt mit Sitz in Speyer ist in einer l\u00e4ndlichen Region rund 200 Kilometer nordwestlich von Johannesburg aktiv. Dort unterst\u00fctzt der Verein die Bildungsarbeit in Kindergarten, Schule und Beruf, aber auch in Landwirtschaft und Klimaschutz.\u00a0Ein wichtiges Projekt sei derzeit die Finanzierung des Homeschooling von Vorschulkindern und Kindern im Alter bis zur 4. Klasse; so k\u00f6nne der bisher ehrenamtlich t\u00e4tigen sehr aktiven Lehrerin mehr als nur eine Aufwandsentsch\u00e4digung gezahlt werden.\u00a0Rotary-Pr\u00e4sident\u00a0Kreimeyer\u00a0freute sich \u00fcber die gro\u00dfe Spendenbereitschaft der \u00fcber 70 Club-Mitglieder\u00a0und k\u00fcndigte die Fortsetzung der Unterst\u00fctzung von lokalen und internationalen Projekten an.<\/p>\n\n\n\n<p><em>Text: Stadt Speyer Foto: (1) \u00a9 Klaus Venus; (2) \u00a9\u00a0Jennifer May<br>24.02.2022<\/em><\/p>\n\n\n\n<h2 class=\"wp-block-heading\">Lesef\u00f6rderung trotz Pandemie: Sophie Reichelt gewinnt Regionalentscheid\u00a0beim Vorlesewettbewerb 2021\/22<\/h2>\n\n\n\n<div class=\"wp-block-image\"><figure class=\"aligncenter size-full\"><img decoding=\"async\" loading=\"lazy\" width=\"800\" height=\"532\" src=\"https:\/\/speyer24news.com\/wp-content\/uploads\/2022\/03\/Vorlesen-Lesen-Kinder.jpg\" alt=\"\" class=\"wp-image-43315\" srcset=\"https:\/\/speyer24news.com\/wp-content\/uploads\/2022\/03\/Vorlesen-Lesen-Kinder.jpg 800w, https:\/\/speyer24news.com\/wp-content\/uploads\/2022\/03\/Vorlesen-Lesen-Kinder-300x200.jpg 300w, https:\/\/speyer24news.com\/wp-content\/uploads\/2022\/03\/Vorlesen-Lesen-Kinder-768x511.jpg 768w\" sizes=\"(max-width: 800px) 100vw, 800px\" \/><\/figure><\/div>\n\n\n\n<p>Die Jury hat entschieden: Sophie Reichelt vom Hans-Purrmann-Gymnasium ist die beste Vorleserin der Stadt Speyer. Sie geh\u00f6rt zu den 555 besten Vorleser*innen Deutschlands, die nun auf Bezirksebene weiter um die Wette lesen werden. Der Regionalentscheid des 63. Vorlesewettbewerbs des Deutschen Buchhandels wurde auch in diesem Jahr von der Stadtbibliothek Speyer organisiert. Wie im Vorjahr begegnete der Wettbewerb den Pandemiebedingungen flexibel, sodass er trotz Corona weiterlaufen kann: Die f\u00fcnf Schulsieger*innen der Stadt konnten ihren Vorlesebeitrag bis zum 10. Februar aufzeichnen und \u00fcber das Video-Portal des Wettbewerbs hochladen. Die Jury, bestehend aus&nbsp;Kerstin B\u00fcrger und J\u00f6rg Zech von der Stadtbibliothek, Ulf Weber, Realschullehrer, sowie Hannah Heller, Fraktionsvorsitzende f\u00fcr B90\/Die Gr\u00fcnen in Speyer und ehemalige Teilnehmerin am Vorlesewettbewerb, sichtete und bewertete alle eingereichten Video-Beitr\u00e4ge.<\/p>\n\n\n\n<p>In die Vorlese-Entscheide der St\u00e4dte und Landkreise zogen in diesem Jahr bundesweit mehr als 6.000 Schulsieger*innen ein. Alle teilnehmenden Kinder erhalten eine Urkunde und eine Sonderauflage von \u201eDas Universum ist verdammt gro\u00df und supermystisch\u201c von Lisa Krusche (Beltz).&nbsp; Alle Gewinner*innen der Stadt- und Kreisentscheide erhalten zus\u00e4tzlich ein Exemplar von &#8222;Calypsos Irrfahrt&#8220; von Cornelia Franz (Carlsen). 480.000 Kinder nahmen insgesamt am 63. Vorlesewettbewerb teil. Damit kommt der Wettbewerb nahezu auf das Niveau eines Vor-Corona-Jahres.<\/p>\n\n\n\n<p>Der seit 1959 stattfindende Vorlesewettbewerb ist einer der gr\u00f6\u00dften Sch\u00fclerwettbewerbe Deutschlands. Er wird von der Stiftung Buchkultur und Lesef\u00f6rderung des B\u00f6rsenvereins des Deutschen Buchhandels veranstaltet und steht unter der Schirmherrschaft des Bundespr\u00e4sidenten. Der Wettbewerb soll die Begeisterung f\u00fcr B\u00fccher in die \u00d6ffentlichkeit tragen, Freude am Lesen wecken und die Lesekompetenz von Kindern st\u00e4rken. Das Bundesministerium f\u00fcr Familie, Senioren, Frauen und Jugend f\u00f6rdert den Vorlesewettbewerb. Auch in diesem Jahr unterst\u00fctzen dar\u00fcber hinaus vier Sparda-Regionalbanken die Aktion.<\/p>\n\n\n\n<p>Die Etappen f\u00fchren von der Schule \u00fcber Stadt-\/Kreis-, Bezirks- und L\u00e4nderebene bis zum Bundesfinale, das am 21. Juni 2022 in Berlin stattfinden wird. Die 555 Regionalwettbewerbe der St\u00e4dte und Kreise werden von Buchhandlungen, Bibliotheken, Schulen oder anderen kulturellen Einrichtungen organisiert.&nbsp;&nbsp;<\/p>\n\n\n\n<p>Aktuelles zum 63. Vorlesewettbewerbs sowie alle Infos, Termine und Teilnehmerschulen sind auf der Internetseite&nbsp;<a href=\"https:\/\/deref-web.de\/mail\/client\/tdQIQtboriU\/dereferrer\/?redirectUrl=http%3A%2F%2Fwww.vorlesewettbewerb.de\" target=\"_blank\" rel=\"noreferrer noopener\">www.vorlesewettbewerb.de<\/a>&nbsp;zu finden.&nbsp;&nbsp;<\/p>\n\n\n\n<h4 class=\"wp-block-heading\">Social Media\u00a0<\/h4>\n\n\n\n<p>Facebook:\u00a0\u00a0<a href=\"https:\/\/deref-web.de\/mail\/client\/2DLgwNl_l-Q\/dereferrer\/?redirectUrl=http%3A%2F%2Fwww.facebook.com%2Fvorlesewettbewerb.de\" target=\"_blank\" rel=\"noreferrer noopener\">www.facebook.com\/vorlesewettbewerb.de<\/a><br>Instagram: \u00a0<a href=\"https:\/\/deref-web.de\/mail\/client\/oqozhx0peyA\/dereferrer\/?redirectUrl=http%3A%2F%2Fwww.instagram.com%2Fvorlesewettbewerb\" target=\"_blank\" rel=\"noreferrer noopener\">www.instagram.com\/vorlesewettbewerb<\/a><\/p>\n\n\n\n<h3 class=\"wp-block-heading\">Information zum Regionalentscheid:&nbsp;&nbsp;&nbsp;<\/h3>\n\n\n\n<h4 class=\"wp-block-heading\">Entscheidung im Vorlesewettbewerb 2021\/2022\u00a0<\/h4>\n\n\n\n<p>Stadt\/Landkreis<strong>:&nbsp;<\/strong>Stadt Speyer<\/p>\n\n\n\n<p>Ort:&nbsp;Speyer<\/p>\n\n\n\n<p>Veranstalter:&nbsp;Stadtbibliothek Speyer<\/p>\n\n\n\n<p>Kontakt: Lea Zander (06232\/141388 oder&nbsp;<a href=\"mailto:lea.zander@stadt-speyer.de\" target=\"_blank\" rel=\"noreferrer noopener\">lea.zander@stadt-speyer.de<\/a>&nbsp;)&nbsp;&nbsp;<\/p>\n\n\n\n<h4 class=\"wp-block-heading\">Weitere Informationen:\u00a0<\/h4>\n\n\n\n<p>B\u00f6rsenverein des Deutschen Buchhandels, Frankfurt, +49 (0)69 \/ 1306-368,\u00a0\u00a0<br>E-Mail:\u00a0<a href=\"mailto:info@vorlesewettbewerb.de\" target=\"_blank\" rel=\"noreferrer noopener\">info@vorlesewettbewerb.de<\/a>.<\/p>\n\n\n\n<p><em>Text: Stadt Speyer Foto: \u00a9 pixabay<br>23.02.2022<\/em><\/p>\n","protected":false},"excerpt":{"rendered":"<div class=\"mh-excerpt\"><p>Girls\u2019- und Boys\u2019Day: Werde, was Du willst! Am 28. April 2022 ist es wieder soweit! Die Stadtverwaltung Speyer und viele ortsans\u00e4ssige Unternehmen und Beh\u00f6rden laden Sch\u00fclerinnen und Sch\u00fcler ab der 6. Klasse nach zweij\u00e4hriger Pause <a class=\"mh-excerpt-more\" href=\"https:\/\/speyer24news.com\/?p=43314\" title=\"Speyer\">[&#8230;]<\/a><\/p>\n<\/div>","protected":false},"author":3,"featured_media":23902,"comment_status":"open","ping_status":"open","sticky":false,"template":"","format":"standard","meta":{"_monsterinsights_skip_tracking":false,"_monsterinsights_sitenote_active":false,"_monsterinsights_sitenote_note":"","_monsterinsights_sitenote_category":0,"footnotes":""},"categories":[9],"tags":[13572,13574,10904,13573,11268,8965,13579,13580,13583,6,13557,13578,13582,13575,13576,1685,10479,13581],"aioseo_notices":[],"amp_enabled":true,"_links":{"self":[{"href":"https:\/\/speyer24news.com\/index.php?rest_route=\/wp\/v2\/posts\/43314"}],"collection":[{"href":"https:\/\/speyer24news.com\/index.php?rest_route=\/wp\/v2\/posts"}],"about":[{"href":"https:\/\/speyer24news.com\/index.php?rest_route=\/wp\/v2\/types\/post"}],"author":[{"embeddable":true,"href":"https:\/\/speyer24news.com\/index.php?rest_route=\/wp\/v2\/users\/3"}],"replies":[{"embeddable":true,"href":"https:\/\/speyer24news.com\/index.php?rest_route=%2Fwp%2Fv2%2Fcomments&post=43314"}],"version-history":[{"count":1,"href":"https:\/\/speyer24news.com\/index.php?rest_route=\/wp\/v2\/posts\/43314\/revisions"}],"predecessor-version":[{"id":43323,"href":"https:\/\/speyer24news.com\/index.php?rest_route=\/wp\/v2\/posts\/43314\/revisions\/43323"}],"wp:featuredmedia":[{"embeddable":true,"href":"https:\/\/speyer24news.com\/index.php?rest_route=\/wp\/v2\/media\/23902"}],"wp:attachment":[{"href":"https:\/\/speyer24news.com\/index.php?rest_route=%2Fwp%2Fv2%2Fmedia&parent=43314"}],"wp:term":[{"taxonomy":"category","embeddable":true,"href":"https:\/\/speyer24news.com\/index.php?rest_route=%2Fwp%2Fv2%2Fcategories&post=43314"},{"taxonomy":"post_tag","embeddable":true,"href":"https:\/\/speyer24news.com\/index.php?rest_route=%2Fwp%2Fv2%2Ftags&post=43314"}],"curies":[{"name":"wp","href":"https:\/\/api.w.org\/{rel}","templated":true}]}}