{"id":43406,"date":"2022-03-14T09:37:17","date_gmt":"2022-03-14T08:37:17","guid":{"rendered":"https:\/\/speyer24news.com\/?p=43406"},"modified":"2022-03-14T09:43:33","modified_gmt":"2022-03-14T08:43:33","slug":"polizei-753","status":"publish","type":"post","link":"https:\/\/speyer24news.com\/?p=43406","title":{"rendered":"Polizei"},"content":{"rendered":"<style type=\"text\/css\">\r\n\t.ads_top_disp{}\r\n\t.ads_top_corner_disp{ float:left; margin:0px 10px 10px 0px; }\r\n\t.ads_first_p_disp{}\r\n\t.ads_bottom_disp{}\r\n\t<\/style>\n<h1 class=\"wp-block-heading\">Polizeimeldungen vom Wochenende (11.03 &#8211; 13.03.2022)<\/h1>\n\n\n\n<div class=\"wp-block-image\"><figure class=\"aligncenter size-full\"><img decoding=\"async\" src=\"https:\/\/speyer24news.com\/wp-content\/uploads\/2019\/11\/Aktuelles-Polizeilogo.jpg\" alt=\"\" class=\"wp-image-21845\"\/><\/figure><\/div>\n\n\n\n<h2 class=\"wp-block-heading\">(Speyer) &#8211; Einbruch in Tanzschule<\/h2>\n\n\n\n<p>In der Nacht auf Sonntag kam es zu einem Einbruch in eine Tanzschule in der Raiffeisenstra\u00dfe in Speyer. Hier hebelten unbekannte T\u00e4ter ein Fenster auf und drangen in die R\u00e4ume ein. Im Bereich der Garderobe und im Bistro wurden zwei Kassen entwendet. Hinweise auf verd\u00e4chtige Personen oder Fahrzeuge in dieser Zeit im Bereich der Raiffeisenstra\u00dfe nimmt die Polizei Speyer unter der Rufnummer 06232\/137-0 oder per E-Mail (pispeyer@polizei.rlp.de) entgegen.<\/p>\n\n\n\n<h2 class=\"wp-block-heading\">(Speyer) &#8211; Verkehrsunfall mit verletztem Motorradfahrer<\/h2>\n\n\n\n<p>Am fr\u00fchen Samstagabend kam es im Schillerweg in Speyer zu einem Verkehrsunfall mit einem verletzten Motorradfahrer. Ein 41-j\u00e4hriger PKW Fahrer \u00fcbersah beim Einfahren vom Domparkplatz in den Schillerweg den 18-j\u00e4hrigen Motorradfahrer, welcher in Richtung Hafenstra\u00dfe fuhr. Dieser st\u00fcrzte nach der Kollision zu Boden und verletzte sich durch den Sturz leicht am Bein. Er wurde anschlie\u00dfend durch das DRK vorsorglich in ein nahegelegenes Krankenhaus gebracht.<\/p>\n\n\n\n<h2 class=\"wp-block-heading\">(Speyer) &#8211; Unfall unter Alkoholeinwirkung<\/h2>\n\n\n\n<p>Am Freitag, den 11. M\u00e4rz um 18:50 Uhr ereignete sich in der Remlingstra\u00dfe in Speyer ein Unfall zwischen einem hochmotorisierten BMW, zwei geparkten Fahrzeugen und einem Baum. Der 26-j\u00e4hrige Fahrzeugf\u00fchrer verlor bei einem Wendeman\u00f6ver, mit vermutlich \u00fcberh\u00f6hter Geschwindigkeit, die Kontrolle \u00fcber sein Fahrzeug und prallte gegen ein geparktes Fahrzeug, welches auf ein weiteres Fahrzeug und letztendlich gegen einen Baum geschoben wurde. Ein Atemalkoholtest ergab einen Wert von 0,52 Promille, was zur Folge hatte, dass der F\u00fchrerschein einbehalten wurde. Der Gesamtschaden wird auf etwa 32.000 Euro gesch\u00e4tzt. Verletzt wurde bei dem Unfall weder der Fahrer, noch der Beifahrer.<\/p>\n\n\n\n<h2 class=\"wp-block-heading\">(Speyer) &#8211; Trunkenheit im Verkehr<\/h2>\n\n\n\n<p>Am Freitag, den 11. M\u00e4rz um 17:20 Uhr wurde in der Sch\u00fctzenstra\u00dfe ein 33-j\u00e4hriger F\u00fchrer eines Ford Galaxy einer allgemeinen Verkehrskontrolle unterzogen. Hierbei konnte direkt starker Alkoholgeruch wahrgenommen werden. Auf Nachfrage gab der Fahrer an 1-2 Bier getrunken zu haben. Ein freiwillig durchgef\u00fchrter Atemalkohol-Test ergab jedoch einen Wert von 2,09 Promille. Es wurde eine Blutprobe entnommen. Fahrzeugschl\u00fcssel, sowie F\u00fchrerschein wurden sichergestellt.<\/p>\n\n\n\n<h2 class=\"wp-block-heading\">(Speyer) &#8211; Verkehrskontrollen: Trunkenheit im Verkehr und fehlender Versicherungsschutz<\/h2>\n\n\n\n<p>Vier Strafanzeigen waren die Folge von Verkehrskontrollen, die zwischen 10.03.2022, 10:00 Uhr und 11.03.2022, 03:00 Uhr von Beamtinnen und Beamte der Polizei Speyer durchgef\u00fchrt wurden.<\/p>\n\n\n\n<p>Um 10:15 Uhr geriet ein 40-J\u00e4hriger PKW-Fahrer mit knapp 1 Promille in der Auestra\u00dfe in eine Verkehrskontrolle, knapp \u00fcber 1 Promille. Dem Mann aus Speyer wurde eine Blutprobe entnommen und die Weiterfahrt untersagt. Er muss sich wegen Trunkenheit im Stra\u00dfenverkehr verantworten.<\/p>\n\n\n\n<p>Mit E-Scooter ohne Versicherungskennzeichen unterwegs waren um 12:30 Uhr in der Wormser Ladstra\u00dfe ein 43-J\u00e4hriger sowie um 13:30 Uhr in der Kurt-Schumacher-Stra\u00dfe ein 28-J\u00e4hriger. Gegen die M\u00e4nner aus Speyer wurden Ermittlungsverfahren wegen des Versto\u00dfes gegen das Pflichtversicherungsgesetz eingeleitet.<\/p>\n\n\n\n<p>Am 11.03.2022. um 02:15 Uhr stellten die Beamte in der Karl-Spindler-Stra\u00dfe fest, dass f\u00fcr den Mercedes eines 42-J\u00e4hrigen kein Versicherungsschutz bestand. Der Mannheimer musste sein Fahrzeug stehen lassen und sich nun strafrechtlich verantworten<\/p>\n\n\n\n<h2 class=\"wp-block-heading\">(Speyer) &#8211; Kindertagesst\u00e4tten Ziel von Einbrechern<\/h2>\n\n\n\n<p>In der Nacht vom 10. auf den 11. M\u00e4rz kam es zu einem Einbruch in die Kindertagesst\u00e4tte &#8222;M\u00e4useburg&#8220; in Speyer. Hier hebelten unbekannte T\u00e4ter im r\u00fcckw\u00e4rtigen Bereich ein Fenster auf und drangen in die R\u00e4ume ein. S\u00e4mtliche Schr\u00e4nke wurden durchsucht und ein dreistelliger Geldbetrag entwendet. Die H\u00f6he des entstandenen Sachschadens ist Gegenstand laufender Ermittlungen. Zu einem weiteren Einbruchversuch kam es bei der Kindertagesst\u00e4tte &#8222;WoLa, ein Haus f\u00fcr Kinder&#8220; die Metallt\u00fcr. Auch hier wurde versucht im r\u00fcckw\u00e4rtigen Bereich eine T\u00fcr aufzuhebeln. Da das Schloss standhielt, misslang der Versuch. Wer hat im Tatzeitraum verd\u00e4chtige Personen oder Fahrzeuge im Bereich der Wormser Landstra\u00dfe\/Mausbergweg beobachtet oder kann sachdienliche Hinweise geben? Zeugen werden gebeten, sich unter der Rufnummer 06232\/137-0 oder per E-Mail (<a href=\"mailto:pispeyer@polizei.rlp.de\">pispeyer@polizei.rlp.de<\/a>) bei der Polizei Speyer zu melden.<\/p>\n\n\n\n<h2 class=\"wp-block-heading\">(Speyer) &#8211; Ohne F\u00fchrerschein und unter Drogeneinfluss Verkehrsunfall verursacht und gefl\u00fcchtet<\/h2>\n\n\n\n<p>Einen Verkehrsunfall verursacht und gefl\u00fcchtet ist am Donnerstag gegen 16:00 Uhr ein 17-j\u00e4hriger PKW-Fahrer. Der junge Mann war auf der Wormser Landstra\u00dfe in Richtung Innenstadt unterwegs, als er aus bislang unbekannten Gr\u00fcnden nach rechts von der Fahrbahn abkam und mit einem parkenden PKW kollidierte. Durch den Aufprall entstand ein Sachschaden von insgesamt circa 5000 Euro. Verletzt wurde niemand. Anstatt sich um den Schaden zu k\u00fcmmern, fl\u00fcchtete er. Ermittlungen f\u00fchrte die Polizeistreife zu dem 17-J\u00e4hrigen aus Otterstadt, der nicht in Besitz einer Fahrerlaubnis war und zudem unter dem Einfluss von Cannabis stand. Er muss sich nun wegen Gef\u00e4hrdung des Stra\u00dfenverkehrs, Unfallflucht, Fahren ohne Fahrerlaubnis sowie Fahrens unter Drogeneinfluss verantworten.<\/p>\n\n\n\n<h2 class=\"wp-block-heading\">(Speyer) &#8211; Keine Verst\u00f6\u00dfe bei Schulweg\u00fcberwachung<\/h2>\n\n\n\n<p>Sowohl am Mittwoch als auch am Donnerstagmorgen wurde in der Vincentiusstra\u00dfe der Schulweg \u00fcberwacht. An beiden Tagen verhielten sich die Verkehrsteilnehmenden vorbildlich. Es mussten keinerlei verkehrsrechtlichen Verst\u00f6\u00dfe geahndet werden.<\/p>\n\n\n\n<h2 class=\"wp-block-heading\">(B\u00f6hl-Iggelheim) &#8211; Gemeinsch\u00e4dliche Sachbesch\u00e4digung \/ Zeugen gesucht<\/h2>\n\n\n\n<p>Am 12.02.2022 wurde in der Dresdener Stra\u00dfe, Ecke Oppelsweg, ein augenscheinlich mithilfe eigener K\u00f6rperkraft umgebogenes Stra\u00dfenschild festgestellt. Ein Verkehrsunfall wird aufgrund der Spurenlage als unwahrscheinlich angesehen. Zeugen, die Angaben zu dem Tatgeschehen oder verd\u00e4chtigen Wahrnehmungen diesbez\u00fcglich machen k\u00f6nnen, werden gebeten, sich mit der Polizeiinspektion Schifferstadt unter 06235 495-0 oder&nbsp;<a href=\"mailto:pischifferstadt@polizei.rlp.de\">pischifferstadt@polizei.rlp.de<\/a>&nbsp;in Verbindung zu setzen.<\/p>\n\n\n\n<h2 class=\"wp-block-heading\">(Schifferstadt) &#8211; Kontrollstelle<\/h2>\n\n\n\n<p>Am 11.03.2022, zwischen 22:30 Uhr &#8211; 00:00 Uhr, wurde in der Speyerer Stra\u00dfe am S\u00fcdbahnhof eine Kontrollstelle eingerichtet. Im Rahmen dessen wurde ein Fahrzeugf\u00fchrer eines BMW festgestellt, welcher keine g\u00fcltige Fahrerlaubnis vorweisen konnte. Aufgrund dessen wurde ein Strafverfahren eingeleitet und die Weiterfahrt untersagt. Die Fahrerlaubnisbeh\u00f6rde wurde \u00fcber den Sachverhalt in Kenntnis gesetzt.<\/p>\n\n\n\n<h2 class=\"wp-block-heading\">(Altrip) &#8211; Geschwindigkeits\u00fcberwachung<\/h2>\n\n\n\n<p>Am 11.03.2022, zwischen 11:50 Uhr und 13:30 Uhr, f\u00fchrten Beamte der Polizeiinspektion Schifferstadt auf der K13 im Bereich der Sandbahn Geschwindigkeitsmessungen durch. Bei erlaubten 70 km\/h wurden 19 Verst\u00f6\u00dfe festgestellt. Die gemessene H\u00f6chstgeschwindigkeit lag bei 124 km\/h. Dies zieht nach Abzug der Toleranz ein Bu\u00dfgeld in H\u00f6he von 480 Euro, zwei Punkten, sowie einen Monat Fahrverbot nach sich.<\/p>\n\n\n\n<h2 class=\"wp-block-heading\">(Dudenhofen) &#8211; Verkehrsunfall zwischen Fu\u00dfg\u00e4ngerin und Radfahrer \/ Zeugen gesucht<\/h2>\n\n\n\n<p>Zu einer Kollision zwischen einem Radfahrer und einer Fu\u00dfg\u00e4ngerin kam es am Donnerstag gegen 10:30 Uhr auf dem Rad-\/Gehweg der Iggelheimer Stra\u00dfe in Richtung Ortsmitte. Die Umst\u00e4nde, die zur Kollision zwischen der 66-j\u00e4hrigen Fu\u00dfg\u00e4ngerin und dem 56-j\u00e4hriegn Radfahrer gef\u00fchrt haben, sind Gegenstand laufender Ermittlungen. Beide Beteiligten erlitten Verletzungen. Zeugen, die den Unfall beobachtet haben, werden gebeten, sich unter der Rufnummer 06232\/137-0 oder per Email (<a href=\"mailto:pispeyer@polizei.rlp.de\">pispeyer@polizei.rlp.de<\/a>) bei der Polizeiinspektion Speyer zu melden.<\/p>\n\n\n\n<h2 class=\"wp-block-heading\">(Weingarten) &#8211; Verkehrsunfall mit Baum<\/h2>\n\n\n\n<div class=\"wp-block-image\"><figure class=\"aligncenter size-full\"><img decoding=\"async\" loading=\"lazy\" width=\"800\" height=\"600\" src=\"https:\/\/speyer24news.com\/wp-content\/uploads\/2022\/03\/poMMes_public.image_2022-03-13_08-09-23_1.jpeg\" alt=\"\" class=\"wp-image-43407\" srcset=\"https:\/\/speyer24news.com\/wp-content\/uploads\/2022\/03\/poMMes_public.image_2022-03-13_08-09-23_1.jpeg 800w, https:\/\/speyer24news.com\/wp-content\/uploads\/2022\/03\/poMMes_public.image_2022-03-13_08-09-23_1-300x225.jpeg 300w, https:\/\/speyer24news.com\/wp-content\/uploads\/2022\/03\/poMMes_public.image_2022-03-13_08-09-23_1-768x576.jpeg 768w, https:\/\/speyer24news.com\/wp-content\/uploads\/2022\/03\/poMMes_public.image_2022-03-13_08-09-23_1-678x509.jpeg 678w, https:\/\/speyer24news.com\/wp-content\/uploads\/2022\/03\/poMMes_public.image_2022-03-13_08-09-23_1-326x245.jpeg 326w, https:\/\/speyer24news.com\/wp-content\/uploads\/2022\/03\/poMMes_public.image_2022-03-13_08-09-23_1-80x60.jpeg 80w\" sizes=\"(max-width: 800px) 100vw, 800px\" \/><\/figure><\/div>\n\n\n\n<p>Die Fahrt eines bislang unbekannten PKW-Fahrers endete in der Nacht von Samstag auf Sonntag in der N\u00e4he des Sportplatzes in Weingarten an einem Baum. Der PKW-Fahrer kam von der Stra\u00dfe ab und kollidierte derart mit dem Baum, dass sein Fahrzeug nicht mehr fahrbereit war und wirtschaftlicher Totalschaden entstand. Die Spurenlage vor Ort spricht weiter daf\u00fcr, dass sich der Fahrer bei dem Unfall verletzt haben d\u00fcrfte. Eine Mitteilung an die Polizei oder den Rettungsdienst unterblieb jedoch, bis ein aufmerksamer Spazierg\u00e4nger den PKW in den Morgenstunden feststellte. Die Fahrereigenschaft und der genaue Unfallhergang sind nun Teil polizeilicher Ermittlungen. Zeugenhinweise nimmt die Polizei Germersheim unter 07274\/9580 oder&nbsp;<a href=\"mailto:pigermersheim@polizei.rlp.de\">pigermersheim@polizei.rlp.de<\/a>&nbsp;entgegen.<\/p>\n\n\n\n<h2 class=\"wp-block-heading\">(Germersheim) &#8211; Schulweg\u00fcberwachung<\/h2>\n\n\n\n<p>Am Vormittag des 11.03.2022 f\u00fchrten Polizisten der Polizeiinspektion Germersheim an der Eduard-Orth-Grundschule in Germersheim eine &#8222;Schulweg\u00fcberwachung&#8220; durch. Bei geringem Fahrzeugverkehr wurde ein Verkehrsteilnehmer aufgrund des Verbotes der Durchfahrt verwarnt. Ein weiterer Verkehrsteilnehmer war mit einer seit 10 Monaten abgelaufenen T\u00dcV-Plakette unterwegs. Ihn erwartet ein Bu\u00dfgeld, sowie ein Punkt.<\/p>\n\n\n\n<h2 class=\"wp-block-heading\">(Germersheim) &#8211; Kontrollen Schwerpunkt &#8222;Ablenkung&#8220;<\/h2>\n\n\n\n<p>Am Vormittag des 10.03.2022 f\u00fchrten Polizisten im Dienstgebiet der Polizeiinspektion Germersheim Verkehrskontrollen zum Thema &#8222;Ablenkung&#8220; durch. Dabei wurden insgesamt f\u00fcnf Autofahrer mit dem Handy am Ohr erwischt. Auf sie kommt nun ein entsprechendes Bu\u00dfgeld zu.<\/p>\n\n\n\n<h2 class=\"wp-block-heading\">(R\u00fclzheim) &#8211; Erste Motorradausfahrt endet nach 50 Metern<\/h2>\n\n\n\n<p>Donnerstagmittag wollte ein 49-j\u00e4hriger Motorradfahrer das sch\u00f6ne Wetter f\u00fcr eine erste Motorradausfahrt nutzen. Die Fahrt endete jedoch bereits nach etwa 50 Metern an einer Kreuzung in R\u00fclzheim. Er verlor die Kontrolle \u00fcber sein Motorrad und st\u00fcrzte. Mit einer Fraktur des Schl\u00fcsselbeins musste er in ein Krankenhaus gebracht werden. Pr\u00fcfen Sie vor der ersten Saisonfahrt Ihr Motorrad und bereiten Sie sich mental und k\u00f6rperlich auf die erste Tour vor.<\/p>\n\n\n\n<h2 class=\"wp-block-heading\">(Kapsweyer) &#8211; M\u00fclltonnenbr\u00e4nde<\/h2>\n\n\n\n<div class=\"wp-block-image\"><figure class=\"aligncenter size-full\"><img decoding=\"async\" loading=\"lazy\" width=\"800\" height=\"596\" src=\"https:\/\/speyer24news.com\/wp-content\/uploads\/2022\/03\/Muelltonnenbrand.jpg\" alt=\"\" class=\"wp-image-43411\" srcset=\"https:\/\/speyer24news.com\/wp-content\/uploads\/2022\/03\/Muelltonnenbrand.jpg 800w, https:\/\/speyer24news.com\/wp-content\/uploads\/2022\/03\/Muelltonnenbrand-300x224.jpg 300w, https:\/\/speyer24news.com\/wp-content\/uploads\/2022\/03\/Muelltonnenbrand-768x572.jpg 768w, https:\/\/speyer24news.com\/wp-content\/uploads\/2022\/03\/Muelltonnenbrand-80x60.jpg 80w\" sizes=\"(max-width: 800px) 100vw, 800px\" \/><\/figure><\/div>\n\n\n\n<p>Aus bislang noch ungekl\u00e4rter Ursache gerieten am Donnerstagabend, 10.03.22, gegen 20:30 Uhr und \u00fcber das vergangene Wochenende 05.-07.03.2022, in der Raiffeisenstra\u00dfe insgesamt vier M\u00fclltonnen in Brand. Die Br\u00e4nde konnten jeweils durch die Feuerwehr gel\u00f6scht werden. Der Sachschaden wird auf 350.- Euro gesch\u00e4tzt. Die Ermittlungen zur Brandursache dauern an. Zeugen, die Angaben zu den beiden Br\u00e4nden machen k\u00f6nnen werden gebeten sich unter 06343-93340 oder per Email unter&nbsp;<a href=\"mailto:pibadbergzabern@polizei.rlp.de\">pibadbergzabern@polizei.rlp.de<\/a>&nbsp;mit der Polizeiinspektion Bad Bergzabern in Verbindung zu setzen.<\/p>\n\n\n\n<h2 class=\"wp-block-heading\">(Bad Bergzabern) &#8211; Brand in einem Mehrfamilienhaus<\/h2>\n\n\n\n<p>Am 11.03.22 kam es in den fr\u00fchen Abendstunden in der Sudetenstra\u00dfe in Bad Bergzabern zu einem Wohnungsbrand in einem Mehrfamilienhaus. Alle Bewohner des Anwesens konnten unverletzt das Anwesen verlassen. Durch die Feuerwehr Bad Bergzabern wurde der Brand gel\u00f6scht. Im Obergeschoss des Anwesens d\u00fcrfte durch den Brand ein Schaden von mehreren zehntausend Euro entstanden sein. Ermittlungen hinsichtlich der Brandursache wurden durch die Polizei aufgenommen.<\/p>\n\n\n\n<h2 class=\"wp-block-heading\">(Bad Bergzabern) &#8211; PKW zerkratzt<\/h2>\n\n\n\n<div class=\"wp-block-image\"><figure class=\"aligncenter size-full\"><img decoding=\"async\" loading=\"lazy\" width=\"800\" height=\"612\" src=\"https:\/\/speyer24news.com\/wp-content\/uploads\/2022\/03\/1.jpg\" alt=\"\" class=\"wp-image-43408\" srcset=\"https:\/\/speyer24news.com\/wp-content\/uploads\/2022\/03\/1.jpg 800w, https:\/\/speyer24news.com\/wp-content\/uploads\/2022\/03\/1-300x230.jpg 300w, https:\/\/speyer24news.com\/wp-content\/uploads\/2022\/03\/1-768x588.jpg 768w, https:\/\/speyer24news.com\/wp-content\/uploads\/2022\/03\/1-80x60.jpg 80w\" sizes=\"(max-width: 800px) 100vw, 800px\" \/><\/figure><\/div>\n\n\n\n<p>Wie erst jetzt bekannt wurde, wurde bereits am letzten Donnerstag ein auf dem gro\u00dfen Parkplatz im Woodbachweg abgestellter roter PKW mit franz\u00f6sischem Kennzeichen besch\u00e4digt. Hierbei zerkratzte der bisher unbekannte T\u00e4ter tags\u00fcber die Beifahrerseite mittels eines spitzen Gegenstandes. besch\u00e4digte wurde die T\u00fcr und der hintere Kotfl\u00fcgel. Die Gesch\u00e4digte bemerkte den Schaden erst sp\u00e4ter. Dieser d\u00fcrfte zw. 800-1000 EUR liegen.<\/p>\n\n\n\n<h2 class=\"wp-block-heading\">(Pleisweiler-Oberhofen) &#8211; Fl\u00e4chenbrand<a href=\"https:\/\/www.facebook.com\/sharer.php?u=https%3A%2F%2Fwww.presseportal.de%2Fblaulicht%2Fpm%2F117686%2F5169064%2F%3Futm_source%3Dfacebook%26utm_medium%3Dsocial\"><\/a><a href=\"https:\/\/twitter.com\/intent\/tweet?text=POL-PDLD%3A%20Fl%C3%A4chenbrand&amp;url=https%3A%2F%2Fwww.presseportal.de%2Fblaulicht%2Fpm%2F117686%2F5169064%2F%3Futm_source%3Dtwitter%26utm_medium%3Dsocial&amp;hashtags=ots&amp;lang=de\"><\/a><a href=\"https:\/\/web.whatsapp.com\/send?text=POL-PDLD%3A%20Fl%C3%A4chenbrand%0A%0Ahttps%3A%2F%2Fwww.presseportal.de%2Fblaulicht%2Fpm%2F117686%2F5169064%2F%3Futm_source%3Dwhatsapp%26utm_medium%3Dsocial\"><\/a><a href=\"https:\/\/www.xing.com\/app\/user?op=share;url=https%3A%2F%2Fwww.presseportal.de%2Fblaulicht%2Fpm%2F117686%2F5169064%2F%3Futm_source%3Dxing%26utm_medium%3Dsocial\"><\/a><a href=\"http:\/\/www.linkedin.com\/shareArticle?mini=true&amp;url=https%3A%2F%2Fwww.presseportal.de%2Fblaulicht%2Fpm%2F117686%2F5169064%2F%3Futm_source%3Dlinkedin%26utm_medium%3Dsocial&amp;title=POL-PDLD%3A+Fl%C3%A4chenbrand\"><\/a><a href=\"mailto:?subject=POL-PDLD%3A%20Fl%C3%A4chenbrand&amp;body=https:\/\/www.presseportal.de\/blaulicht\/pm\/117686\/5169064\"><\/a><\/h2>\n\n\n\n<div class=\"wp-block-image\"><figure class=\"aligncenter size-full\"><img decoding=\"async\" loading=\"lazy\" width=\"800\" height=\"600\" src=\"https:\/\/speyer24news.com\/wp-content\/uploads\/2022\/03\/Waldbereich.jpg\" alt=\"\" class=\"wp-image-43409\" srcset=\"https:\/\/speyer24news.com\/wp-content\/uploads\/2022\/03\/Waldbereich.jpg 800w, https:\/\/speyer24news.com\/wp-content\/uploads\/2022\/03\/Waldbereich-300x225.jpg 300w, https:\/\/speyer24news.com\/wp-content\/uploads\/2022\/03\/Waldbereich-768x576.jpg 768w, https:\/\/speyer24news.com\/wp-content\/uploads\/2022\/03\/Waldbereich-678x509.jpg 678w, https:\/\/speyer24news.com\/wp-content\/uploads\/2022\/03\/Waldbereich-326x245.jpg 326w, https:\/\/speyer24news.com\/wp-content\/uploads\/2022\/03\/Waldbereich-80x60.jpg 80w\" sizes=\"(max-width: 800px) 100vw, 800px\" \/><figcaption>Bereich Brache mit Baumbestand<\/figcaption><\/figure><\/div>\n\n\n\n<p>Einen Fl\u00e4chenbrand verursachte ein 56 Jahre alter Mann aus Pleisweiler-Oberhofen am Samstag, den 12.3.22. Gg. 12.00 Uhr sahen Anwohner eine gro\u00dfe Rauchentwicklung im Bereich Unterer und Mittlerer Schlossberg. Dort brannte augenscheinlich ein Wiesengel\u00e4nde mit Baumbestand. Die Feuerwehr wurde alarmiert und erschien mit 34 Mann vor Ort. Das Feuer konnte recht schnell gel\u00f6scht werden. Der Verursacher war noch vor Ort und gab an, dass er auf seinem Grundst\u00fcck mit einer Motorsense gearbeitet habe. Gg. Mittag habe er sie abgelegt. <\/p>\n\n\n\n<div class=\"wp-block-image\"><figure class=\"aligncenter size-full\"><img decoding=\"async\" loading=\"lazy\" width=\"800\" height=\"600\" src=\"https:\/\/speyer24news.com\/wp-content\/uploads\/2022\/03\/Weinberg.jpg\" alt=\"\" class=\"wp-image-43410\" srcset=\"https:\/\/speyer24news.com\/wp-content\/uploads\/2022\/03\/Weinberg.jpg 800w, https:\/\/speyer24news.com\/wp-content\/uploads\/2022\/03\/Weinberg-300x225.jpg 300w, https:\/\/speyer24news.com\/wp-content\/uploads\/2022\/03\/Weinberg-768x576.jpg 768w, https:\/\/speyer24news.com\/wp-content\/uploads\/2022\/03\/Weinberg-678x509.jpg 678w, https:\/\/speyer24news.com\/wp-content\/uploads\/2022\/03\/Weinberg-326x245.jpg 326w, https:\/\/speyer24news.com\/wp-content\/uploads\/2022\/03\/Weinberg-80x60.jpg 80w\" sizes=\"(max-width: 800px) 100vw, 800px\" \/><figcaption>Rebfl\u00e4che<\/figcaption><\/figure><\/div>\n\n\n\n<p>Durch den hei\u00dfen Motor, die Trockenheit und leichten Wind habe sich das trockene Gras blitzschnell entz\u00fcndet und den Brand ausgel\u00f6st. Durch diesen wurde nicht nur das Grundst\u00fcck des Verursachers, sondern auch Nachbargrundst\u00fccke entz\u00fcndet. Hierbei wurde neben mehreren hundert Quadratmetern Wiese mit Baumbestand auch eine Rebfl\u00e4che besch\u00e4digt. Die genauen Sch\u00e4den m\u00fcssen noch erhoben werden, da noch nicht alle Eigent\u00fcmer feststehen. Ein Strafverfahren wegen der fahrl\u00e4ssigen Herbeif\u00fchrung einer Brandgefahr wurde eingeleitet. Die Ermittlungen dauern noch an.<\/p>\n\n\n\n<h2 class=\"wp-block-heading\">(Klingenm\u00fcnster) &#8211; Suchaktion nach zwei 14-j\u00e4hrigen M\u00e4dchen im Raum Klingenm\u00fcnster <\/h2>\n\n\n\n<h3 class=\"has-text-align-center wp-block-heading\">Nachtragsmeldung<\/h3>\n\n\n\n<p>Die beiden M\u00e4dchen wurden am Donnerstagabend im Raum Klingenm\u00fcnster gefunden und unversehrt in die Klink zur\u00fcckgebracht.<\/p>\n\n\n\n<p>Klingenm\u00fcnster Seit dem sp\u00e4ten Nachmittag sucht die Polizei nach zwei 14j\u00e4hrigen M\u00e4dchen, die freiwillig in der Klinik f\u00fcr Kinder- und Jugendpsychiatrie des Pfalzklinikums behandelt werden. W\u00e4hrend eines begleiteten Spaziergangs entfernten sich die beiden M\u00e4dchen von der Gruppe. Zurzeit sucht die Polizei mit Unterst\u00fctzung der Feuerwehr unter Einsatz eines Hubschraubers in der Umgebung des Pfalzklinikums in Klingenm\u00fcnster.<\/p>\n\n\n\n<h2 class=\"wp-block-heading\">(Landau \/ B 10) &#8211; Verkehrsbehinderungen durch Verkehrsunfall auf der B10<\/h2>\n\n\n\n<p>Am Samstag, 12.03.2022 befuhr eine 40j\u00e4hrige aus der S\u00fcdpfalz gegen 14:00 Uhr gemeinsam mit ihren 3 Kindern mit ihrem Pkw die B10 in Fahrtrichtung Landau. Zwischen den Anschlussstellen Birkweiler und Landau-Godramstein war die Fahrzeugf\u00fchrerin durch die Kinder kurz abgelenkt und kam nach rechts von der Fahrbahn ab auf den Gr\u00fcnstreifen. Sie konnte ihren Pkw nicht mehr zur\u00fcck auf die Fahrbahn lenken und kippte schlie\u00dflich auf die rechte Seite. Durch zahlreiche Ersthelfer an der Unfall\u00f6rtlichkeit konnte die Mutter mit ihren Kindern nahezu unverletzt aus dem Kleinwagen geborgen werden. F\u00fcr die Bergung des Pkw kam es kurzzeitig zu Verkehrsbehinderungen, da der Verkehr \u00fcber den linken Fahrstreifen der Richtungsfahrbahn Pirmasens an der Unfallstelle vorbeigeleitet wurde.<\/p>\n\n\n\n<h2 class=\"wp-block-heading\">(Landau) &#8211; Katalysator entwendet<\/h2>\n\n\n\n<p>Durch enorm laute Fahrger\u00e4usche wurde eine 24-J\u00e4hrige Autofahrerin darauf aufmerksam, dass an ihrem Fahrzeug etwas nicht stimmte. Bei einer genauen Nachschau musste sie feststellen, dass der Katalysator ihres Autos entwendet worden war. Das Auto war in der Tatzeit, am Donnerstagabend in der Zeit zwischen 20:30 Uhr und 22:30 Uhr auf einem Parkplatz in der Albert-Einstein-Stra\u00dfe abgestellt gewesen. Dieser Parkplatz sei gut frequentiert gewesen, deshalb hofft die Polizei nun auf Hinweise zur Tataufkl\u00e4rung. Die Polizei bittet Zeugen, die Beobachtungen in diesem Zusammenhang gemacht haben sich per Email an&nbsp;<a href=\"mailto:pilandau@polizei.rlp.de\">pilandau@polizei.rlp.de<\/a>&nbsp;oder telefonisch unter 06341\/2870 bei der Polizei in Landau melden.<\/p>\n\n\n\n<h2 class=\"wp-block-heading\">(Landau) &#8211; Diebst\u00e4hle aus PKW im Stadtgebiet<\/h2>\n\n\n\n<p>In der Stadt Landau kommt es in den letzten Tagen immer wieder zu Diebst\u00e4hlen aus geparkten Fahrzeugen. Ein bislang unbekannter T\u00e4ter schl\u00e4gt bei Erkennen von augenscheinlichen Wertsachen im Fahrzeuginneren eine Scheibe des PKW ein und entwendet die entsprechenden Gegenst\u00e4nde. Erst am Freitag wurde auf diese Art und Weise eine Tragetasche aus einem PKW im Ostring und am Samstag Morgen eine Geldb\u00f6rse im Bereich Emma-Geenen-Stra\u00dfe entwendet. Hinweis der Polizei Landau: Um sich vor gr\u00f6\u00dferem Schaden zu bewahren, gilt es, Wertsachen in einem Fahrzeug nicht unbeaufsichtigt zur\u00fcckzulassen! Offen sichtbare Gegenst\u00e4nde im Fahrzeuginneren k\u00f6nnen ein Tatanreiz f\u00fcr Diebe sein. R\u00e4umen Sie daher Ihr Auto aus &#8211; bevor es Andere tun.<\/p>\n\n\n\n<h2 class=\"wp-block-heading\">(Offenbach an der Queich) &#8211; Einbrecher fl\u00fcchtet<\/h2>\n\n\n\n<p>Am Donnerstag, 10.03.2022, kam es zwischen 17.00 Uhr und 17:30 Uhr in Offenbach an der Queich zu zwei Wohnungseinbr\u00fcchen. Die Tatobjekte befinden sich in der Obergasse bzw. in der Stra\u00dfe Am Sonderbach. Durch aufmerksame Zeugen konnte eine m\u00e4nnliche Person beim Verlassen eines betroffenen Anwesens beobachtet werden. Die Person fl\u00fcchtete in unbekannte Richtung. Die unverz\u00fcglich eingeleiteten Fahndungsma\u00dfnahmen der Polizei f\u00fchrten zu weiteren Ermittlungsans\u00e4tzen. Die Kriminalinspektion Landau bittet erg\u00e4nzend um Hinweise und Zeugenmeldungen unter 06341\/287-0 oder&nbsp;<a href=\"mailto:kilandau@polizei.rlp.de\">kilandau@polizei.rlp.de<\/a>.<\/p>\n\n\n\n<h2 class=\"wp-block-heading\">(Edenkoben) &#8211; Verschollen auf der Mandelmeile<\/h2>\n\n\n\n<div class=\"wp-block-image\"><figure class=\"aligncenter size-full\"><img decoding=\"async\" loading=\"lazy\" width=\"800\" height=\"581\" src=\"https:\/\/speyer24news.com\/wp-content\/uploads\/2022\/03\/Mandelbluete.jpg\" alt=\"\" class=\"wp-image-43412\" srcset=\"https:\/\/speyer24news.com\/wp-content\/uploads\/2022\/03\/Mandelbluete.jpg 800w, https:\/\/speyer24news.com\/wp-content\/uploads\/2022\/03\/Mandelbluete-300x218.jpg 300w, https:\/\/speyer24news.com\/wp-content\/uploads\/2022\/03\/Mandelbluete-768x558.jpg 768w\" sizes=\"(max-width: 800px) 100vw, 800px\" \/><\/figure><\/div>\n\n\n\n<p>Am Samstag, 12.03.2022 meldete ein 58-j\u00e4hriger Baden-W\u00fcrttemberger gegen 21:00 Uhr seine 51-j\u00e4hrige Ehefrau bei der Polizei Edenkoben als vermisst. Es stellte sich heraus, dass das Ehepaar tags\u00fcber die Mandelmeile in Edenkoben besucht und sich gegen 18:30 Uhr dort aus den Augen verloren hatte. Da die Frau weder im Bereich der Mandelmeile aufgefunden werden konnte noch \u00fcber ihr Handy erreichbar war, wurden Suchma\u00dfnahmen eingeleitet. Durch Kontakt zu den Familienmitgliedern in Baden-W\u00fcrttemberg konnte schlie\u00dflich in Erfahrung gebracht werden, dass das Ehepaar geplant hatte, in einem Hotel in Edenkoben zu \u00fcbernachten. Bei der Absuche in den ortsans\u00e4ssigen Hotels wurde die Frau in einem der Hotels wohlbehalten angetroffen, so dass das Ehepaar gegen 23:00 Uhr wieder zusammengef\u00fchrt werden konnte.<\/p>\n\n\n\n<h2 class=\"wp-block-heading\">(Kirrweiler \/ A 65) &#8211; Stein von der Br\u00fccke geworfen und Pkw besch\u00e4digt<\/h2>\n\n\n\n<p>Am 13.03.2022 gegen 12:15 Uhr befuhr eine Fahrzeugf\u00fchrerin die A65 in Fahrtrichtung Ludwigshafen. Zwischen den Anschlussstellen Edenkoben und Neustadt-S\u00fcd konnte sie auf der ersten Br\u00fccke nach der Anschlussstelle Edenkoben drei unbekannte Personen wahrnehmen, welche nach dem derzeitigen Stand der Ermittlungen einen Stein von der Br\u00fccke fallen lie\u00dfen, wodurch die Windschutzscheibe des Pkw besch\u00e4digt wurde.<\/p>\n\n\n\n<p>Die Polizeiinspektion Edenkoben bittet darum, verd\u00e4chtige Wahrnehmungen, die hiermit in Zusammenhang stehen k\u00f6nnten, telefonisch oder per E-Mail an&nbsp;<a href=\"mailto:piedenkoben@polizei.rlp.de\">piedenkoben@polizei.rlp.de<\/a>&nbsp;zu melden.<\/p>\n\n\n\n<h2 class=\"wp-block-heading\">(Neustadt) &#8211; E-Scooter-Fahrer alkoholisiert unterwegs<\/h2>\n\n\n\n<p>Am Samstagabend gegen 23:00 Uhr wurde eine Streifenwagenbesatzung der Polizeiinspektion Neustadt auf den Fahrer eines E-Scooters in der Landauer Stra\u00dfe aufmerksam. Im Rahmen der durchgef\u00fchrten Verkehrskontrolle konnte Alkoholgeruch bei dem 24-J\u00e4hrigen aus dem Landkreis Bad D\u00fcrkheim festgestellt werden. Ein freiwilliger Atemalkoholtest ergab eine Atemalkoholkonzentration von 0,86 Promille. Einige Stunden sp\u00e4ter, gegen 03:30 Uhr, befuhr eine 32-J\u00e4hrige Neust\u00e4dterin, ebenfalls mit einem E-Scooter wiederum die Landauer Stra\u00dfe. Auch sie wurde durch eine Streife einer Verkehrskontrolle unterzogen und auch hier konnten die Beamten Alkoholgeruch feststellen. Ein Atemalkoholtest ergab diesmal 1,97 Promille. F\u00fcr beide Fahrzeugf\u00fchrer war die Fahrt beendet. Gegen den 24-J\u00e4hrigen wurde ein Ordnungswidrigkeitenverfahren eingeleitet. Ihn erwarten eine Geldbu\u00dfe von 500 EUR, 2 Punkte im Fahrerlaubnisregister und ein Fahrverbot von einem Monat. Gegen die 32-J\u00e4hrige wurde ein Strafverfahren wegen Trunkenheit im Verkehr eingeleitet und ihr wurde eine Blutprobe entnommen. In beiden F\u00e4llen wurden die zust\u00e4ndigen F\u00fchrerscheinstellen in Kenntnis gesetzt. In diesem Zusammenhang weist die Polizei darauf hin, dass es sich bei sogenannten E-Scootern um Kraftfahrzeuge handelt, f\u00fcr welche die gesetzlich bestimmten Promillegrenzen gelten.<\/p>\n\n\n\n<h2 class=\"wp-block-heading\">(Neustadt) &#8211; Sprengung eines Geldausgabeautomaten<\/h2>\n\n\n\n<div class=\"wp-block-image\"><figure class=\"aligncenter size-full\"><img decoding=\"async\" loading=\"lazy\" width=\"640\" height=\"427\" src=\"https:\/\/speyer24news.com\/wp-content\/uploads\/2021\/04\/Gesprengter-Geldautomat-Beispielfoto.jpg\" alt=\"\" class=\"wp-image-35942\" srcset=\"https:\/\/speyer24news.com\/wp-content\/uploads\/2021\/04\/Gesprengter-Geldautomat-Beispielfoto.jpg 640w, https:\/\/speyer24news.com\/wp-content\/uploads\/2021\/04\/Gesprengter-Geldautomat-Beispielfoto-300x200.jpg 300w\" sizes=\"(max-width: 640px) 100vw, 640px\" \/><figcaption>Beispielfoto eines gesprengten Geldautomatens<\/figcaption><\/figure><\/div>\n\n\n\n<p>Unbekannte T\u00e4ter sprengten am Samstag, 12.03.2022, um 02:30 Uhr, einen Geldausgabeautomaten im Globus-Einkaufsmarkt. Ob die unbekannten T\u00e4ter an das Geld des Automaten gelangten, wird derzeit noch ermittelt. \u00dcber die Schadensh\u00f6he kann noch keine Aussage getroffen werden. Die Kriminalpolizei Ludwigshafen hat die Ermittlungen aufgenommen. Sachdienliche Hinweise nimmt die Kriminalpolizei Ludwigshafen unter der Telefonnummer 0621 963-2773 oder per Email&nbsp;<a href=\"mailto:kiludwigshafen.k1.kdd@polizei.rlp.de\">kiludwigshafen.k1.kdd@polizei.rlp.de<\/a>&nbsp;entgegen.<\/p>\n\n\n\n<h2 class=\"wp-block-heading\">(Ruppertsberg) &#8211; Nur zwei Bier habe er getrunken&#8230;<\/h2>\n\n\n\n<p>&#8230; erkl\u00e4rte ein 53-j\u00e4hriger PKW-F\u00fchrer aus Neustadt a.d.W. einer Funkstreife der Polizei Ha\u00dfloch, als dieser am 12.03.2022 gegen 01:10 Uhr in Ruppertsberg einer Verkehrskontrolle unterzogen wurde. Doch nicht nur die zuvor festgestellte unsichere Fahrweise und die verwaschene Aussprache deuteten auf mehr als zwei Bier hin, sondern auch die vor Ort festgestellte Atemalkoholkonzentration von 3,13 Promille. Das Fahrzeug wurde an der Kontroll\u00f6rtlichkeit verschlossen und der Neust\u00e4dter musste neben einer Blutprobe auch seinen F\u00fchrerschein abgeben.<\/p>\n\n\n\n<p>Ihn erwarten aufgrund der hohen Alkoholisierung, neben einem Strafverfahren wegen Trunkenheit im Verkehr, entsprechende fahrerlaubnisrechtliche Konsequenzen.<\/p>\n\n\n\n<h2 class=\"wp-block-heading\">(Wachenheim) &#8211; 10 besch\u00e4digte Tablets in Kanal gefunden<\/h2>\n\n\n\n<div class=\"wp-block-image\"><figure class=\"aligncenter size-full\"><img decoding=\"async\" loading=\"lazy\" width=\"800\" height=\"600\" src=\"https:\/\/speyer24news.com\/wp-content\/uploads\/2022\/03\/1-1.jpg\" alt=\"\" class=\"wp-image-43413\" srcset=\"https:\/\/speyer24news.com\/wp-content\/uploads\/2022\/03\/1-1.jpg 800w, https:\/\/speyer24news.com\/wp-content\/uploads\/2022\/03\/1-1-300x225.jpg 300w, https:\/\/speyer24news.com\/wp-content\/uploads\/2022\/03\/1-1-768x576.jpg 768w, https:\/\/speyer24news.com\/wp-content\/uploads\/2022\/03\/1-1-678x509.jpg 678w, https:\/\/speyer24news.com\/wp-content\/uploads\/2022\/03\/1-1-326x245.jpg 326w, https:\/\/speyer24news.com\/wp-content\/uploads\/2022\/03\/1-1-80x60.jpg 80w\" sizes=\"(max-width: 800px) 100vw, 800px\" \/><\/figure><\/div>\n\n\n\n<p><a href=\"https:\/\/www.facebook.com\/sharer.php?u=https%3A%2F%2Fwww.presseportal.de%2Fblaulicht%2Fpm%2F117687%2F5169300%2F%3Futm_source%3Dfacebook%26utm_medium%3Dsocial\"><\/a><a href=\"https:\/\/twitter.com\/intent\/tweet?text=POL-PDNW%3A%20%28Wachenheim%20an%20der%20Weinstra%C3%9Fe%29%2010%20besch%C3%A4digte%20Tablets%20in%20Kanal%20gefunden&amp;url=https%3A%2F%2Fwww.presseportal.de%2Fblaulicht%2Fpm%2F117687%2F5169300%2F%3Futm_source%3Dtwitter%26utm_medium%3Dsocial&amp;hashtags=ots&amp;lang=de\"><\/a><a href=\"https:\/\/web.whatsapp.com\/send?text=POL-PDNW%3A%20%28Wachenheim%20an%20der%20Weinstra%C3%9Fe%29%2010%20besch%C3%A4digte%20Tablets%20in%20Kanal%20gefunden%0A%0Ahttps%3A%2F%2Fwww.presseportal.de%2Fblaulicht%2Fpm%2F117687%2F5169300%2F%3Futm_source%3Dwhatsapp%26utm_medium%3Dsocial\"><\/a><a href=\"https:\/\/www.xing.com\/app\/user?op=share;url=https%3A%2F%2Fwww.presseportal.de%2Fblaulicht%2Fpm%2F117687%2F5169300%2F%3Futm_source%3Dxing%26utm_medium%3Dsocial\"><\/a><a href=\"http:\/\/www.linkedin.com\/shareArticle?mini=true&amp;url=https%3A%2F%2Fwww.presseportal.de%2Fblaulicht%2Fpm%2F117687%2F5169300%2F%3Futm_source%3Dlinkedin%26utm_medium%3Dsocial&amp;title=POL-PDNW%3A+%28Wachenheim+an+der+Weinstra%C3%9Fe%29+10+besch%C3%A4digte+Tablets+in+Kanal+gefunden\"><\/a><a href=\"mailto:?subject=POL-PDNW%3A%20%28Wachenheim%20an%20der%20Weinstra%C3%9Fe%29%2010%20besch%C3%A4digte%20Tablets%20in%20Kanal%20gefunden&amp;body=https:\/\/www.presseportal.de\/blaulicht\/pm\/117687\/5169300\"><\/a><\/p>\n\n\n\n<p>Durch einen Spazierg\u00e4nger wurde am Samstag, dem 12.03.2022, um 17.50 Uhr gemeldet, dass in einem Kanal in der N\u00e4he der Bahnlinie zwischen Bad D\u00fcrkheim und Wachenheim mehrere Tablets liegen w\u00fcrden. Die Polizei suchte die \u00d6rtlichkeit auf und konnte 10 besch\u00e4digte Tablets der Marke Samsung finden. Diese wurden sichergestellt.<\/p>\n\n\n\n<p>Zeugen, die Hinweise geben k\u00f6nnen, sollen sich bei der Polizei Bad D\u00fcrkheim unter Tel. 06322\/963-0 oder&nbsp;<a href=\"mailto:pibadduerkheim@polizei.rlp.de\">pibadduerkheim@polizei.rlp.de<\/a>&nbsp;melden.<\/p>\n\n\n\n<h2 class=\"wp-block-heading\">(Wachenheim) &#8211; Fahren ohne Fahrerlaubnis<\/h2>\n\n\n\n<p>Bei einer Standkontrolle zur \u00dcberwachung des Durchfahrtsverbots der Kr\u00f6tenwanderung auf der K 16 wurde am Freitag, dem 11.03.2022, um 19.15 Uhr der Pkw Hyundai mit einem 30-j\u00e4hrigen Fahrer festgestellt und kontrolliert werden. Hierbei wurde bei der \u00dcberpr\u00fcfung des F\u00fchrerscheins festgestellt, dass der Fahrer derzeit, aufgrund eines Fahrverbots, keine f\u00fchrerscheinpflichtigen Kraftfahrzeuge f\u00fchren darf. Die Weiterfahrt wurde untersagt. Den 30-j\u00e4hrigen Fahrer erwartet nun ein Strafverfahren wegen Fahrens ohne Fahrerlaubnis.<\/p>\n\n\n\n<h2 class=\"wp-block-heading\">(Wachenheim) &#8211; Beim Versuch eines Trickdiebstahls zwei Tatverd\u00e4chtige festgenommen<\/h2>\n\n\n\n<p>Am Donnerstag,10.03.2022, klingelten eine 37-j\u00e4hrige Frau und ihr gleich alter Bekannter gegen 10:00 Uhr an verschiedenen Haust\u00fcren in Wachenheim. Einem 90 Jahre alten Senior, der seine T\u00fcr \u00f6ffnete, bot die Frau eine Obdachlosenzeitung zum Kauf an, was der \u00e4ltere Herr jedoch ablehnte. Danach bat die Dame um ein Glas Wasser und huschte an dem betagten Hausbewohner vorbei in die K\u00fcche, w\u00e4hrend sich ihr m\u00e4nnlicher Begleiter, vom Wohnungsbesitzer unbemerkt, ins Obergeschoss begab.<\/p>\n\n\n\n<p>Ein aufmerksamer Nachbar beobachtete die Situation, begab sich zum Haus und stellte beide Eindringlinge zur Rede, die daraufhin die Flucht ergriffen. Der Nachbar verst\u00e4ndigte die Polizei, die im Zuge der Fahndung beide Tatverd\u00e4chtige mit mehreren Obdachlosenzeitungen im Gep\u00e4ck festnehmen konnte. In den anschlie\u00dfenden Beschuldigtenvernehmungen r\u00e4umten beide ein, sich in der Wohnung des Gesch\u00e4digten aufgehalten zu haben. Zu einer Wegnahme von Wertgegenst\u00e4nden war es nicht gekommen.<\/p>\n\n\n\n<p>Die Vorgehensweise des Klingelns an den Haust\u00fcren zur Abwicklung eines Haust\u00fcrgesch\u00e4ftes in Verbindung mit dem sogenannten Glas-Wasser-Trick ist aus kriminalistischer Erfahrung der Einstieg f\u00fcr das Ausbaldowern und der Versuch in einem unbeobachteten Moment durch Ablenkungsman\u00f6ver in arbeitsteiliger Vorgehensweise Wertgegenst\u00e4nde wie Bargeld und Schmuck aus der Wohnung zu entwenden, ohne dass die Lebens \u00e4lteren Menschen sofort die strafbare Handlung bemerken.<\/p>\n\n\n\n<h2 class=\"wp-block-heading\">(Bad D\u00fcrkheim) &#8211; Mit dem Fahrrad Unfall verursacht, zu Fu\u00df gefl\u00fcchtet und Fahrrad zur\u00fcckgelassen<\/h2>\n\n\n\n<div class=\"wp-block-image\"><figure class=\"aligncenter size-full\"><img decoding=\"async\" loading=\"lazy\" width=\"800\" height=\"600\" src=\"https:\/\/speyer24news.com\/wp-content\/uploads\/2022\/03\/1ohnekz.jpg\" alt=\"\" class=\"wp-image-43414\" srcset=\"https:\/\/speyer24news.com\/wp-content\/uploads\/2022\/03\/1ohnekz.jpg 800w, https:\/\/speyer24news.com\/wp-content\/uploads\/2022\/03\/1ohnekz-300x225.jpg 300w, https:\/\/speyer24news.com\/wp-content\/uploads\/2022\/03\/1ohnekz-768x576.jpg 768w, https:\/\/speyer24news.com\/wp-content\/uploads\/2022\/03\/1ohnekz-678x509.jpg 678w, https:\/\/speyer24news.com\/wp-content\/uploads\/2022\/03\/1ohnekz-326x245.jpg 326w, https:\/\/speyer24news.com\/wp-content\/uploads\/2022\/03\/1ohnekz-80x60.jpg 80w\" sizes=\"(max-width: 800px) 100vw, 800px\" \/><\/figure><\/div>\n\n\n\n<p>Am Sonntag, dem 13.03.2022, um 07.45 Uhr staunte der Halter eines Dacia Duster nicht schlecht, als er an seinen Pkw kam. Der Pkw war in Bad D\u00fcrkheim in der Stra\u00dfe &#8222;An der Dornhecke&#8220; geparkt, jedoch war ein BMX-Rad an dem Pkw eingekeilt. Der bislang unbekannte Fahrer des BMX-Rads befuhr den Holzweg und wollte nach links in die Stra\u00dfe &#8222;An der Dornhecke&#8220; abbiegen. Hierbei fuhr er wahrscheinlich mit nicht angepasster Geschwindigkeit und fuhr direkt auf den dort geparkten Dacia. Das BMX-Rad belie\u00df der Fahrer vor Ort. Er selbst entfernte sich von der Unfallstelle. Das Fahrrad wurde durch die Polizei sichergestellt. Es entstand Sachschaden am Pkw in H\u00f6he von ca. 800 EUR.<\/p>\n\n\n\n<p>Der Radfahrer oder Zeugen, die Hinweise geben k\u00f6nnen, sollen sich bei der Polizei Bad D\u00fcrkheim unter Tel. 06322\/963-0 oder&nbsp;<a href=\"mailto:pibadduerkheim@polizei.rlp.de\">pibadduerkheim@polizei.rlp.de<\/a>&nbsp;melden.<\/p>\n\n\n\n<h2 class=\"wp-block-heading\">(G\u00f6nnheim) &#8211; Brand von einem Stapel von Rebst\u00f6cken<\/h2>\n\n\n\n<p>Am Samstag, dem 12.03.2022, um 10.50 Uhr wurde eine Rauchentwicklung an der Bahnlinie zwischen G\u00f6nnheim und Ellerstadt gemeldet. Durch die Feuerwehr und Polizei konnte ein riesiger aufget\u00fcrmter Stapel von Rebst\u00f6cken, direkt neben den Bahngleisen, festgestellt werden, der aus bislang unerkl\u00e4rlichen Gr\u00fcnden zu brennen begann. Die Feuerwehr konnte das Feuer direkt und kontrolliert l\u00f6schen. Ein Eigent\u00fcmer konnte bislang nicht ermitteln. Dieser oder Zeugen, die Hinweise zum in Brand setzen geben k\u00f6nnen, sollen sich bei der Polizei Bad D\u00fcrkheim unter Tel. 06322\/963-0 oder&nbsp;<a href=\"mailto:pibadduerkheim@polizei.rlp.de\">pibadduerkheim@polizei.rlp.de<\/a>&nbsp;melden.<\/p>\n\n\n\n<h2 class=\"wp-block-heading\">(Ellerstadt) &#8211; Rettungseinsatz der anderen Art<\/h2>\n\n\n\n<p>Am Freitag, dem 11.03.2022, um 15.00 Uhr wurde durch den Rettungsdienst die Polizei hinzugerufen, da diese durch eine zun\u00e4chst hilflose Person angegriffen wurden. Der 62-j\u00e4hrige Mann sollte, da er am Boden lag und nicht ansprechbar war, durch den Rettungsdienst und den Notarzt untersucht werden. Als dieser zu sich kam, wurde dieser aggressiv und schlug und trat nach den Einsatzkr\u00e4ften. Diese konnten den Mann bis zum Eintreffen der Polizei festhalten. Im Anschluss wurde der Mann in eine Fachklinik verbracht.<\/p>\n\n\n\n<h2 class=\"wp-block-heading\">(Freinsheim) &#8211; Brand eines Gartenhauses<\/h2>\n\n\n\n<div class=\"wp-block-image\"><figure class=\"aligncenter size-full\"><img decoding=\"async\" loading=\"lazy\" width=\"800\" height=\"600\" src=\"https:\/\/speyer24news.com\/wp-content\/uploads\/2022\/03\/Brand.jpg\" alt=\"\" class=\"wp-image-43415\" srcset=\"https:\/\/speyer24news.com\/wp-content\/uploads\/2022\/03\/Brand.jpg 800w, https:\/\/speyer24news.com\/wp-content\/uploads\/2022\/03\/Brand-300x225.jpg 300w, https:\/\/speyer24news.com\/wp-content\/uploads\/2022\/03\/Brand-768x576.jpg 768w, https:\/\/speyer24news.com\/wp-content\/uploads\/2022\/03\/Brand-678x509.jpg 678w, https:\/\/speyer24news.com\/wp-content\/uploads\/2022\/03\/Brand-326x245.jpg 326w, https:\/\/speyer24news.com\/wp-content\/uploads\/2022\/03\/Brand-80x60.jpg 80w\" sizes=\"(max-width: 800px) 100vw, 800px\" \/><\/figure><\/div>\n\n\n\n<p>Am Freitagmorgen, gegen 05:52 Uhr, kam es im Riedweg in Freinsheim zu einem Brand eines Gartenhauses.<\/p>\n\n\n\n<p>Die Feuerwehr konnte das brennende Gartenhaus auf dem Gartengrundst\u00fcck kontrolliert und sofort l\u00f6schen.<\/p>\n\n\n\n<p>Der Eigent\u00fcmer gab an, dass man die Nacht im Gartenh\u00e4uschen verbracht hatte. Hierbei war der vorhandene Holzofen dauerhaft in Betrieb. Das Ofenrohr, welches durchs Dach nach Au\u00dfen gelangt, fing im Au\u00dfenbereich Feuer.<\/p>\n\n\n\n<p>Es wurde niemand verletzt. Es entstand ein Sachschaden von ca. 3000EUR.<\/p>\n\n\n\n<h2 class=\"wp-block-heading\">(Lambsheim) &#8211; Vollendeter Trickbetrug mit hohem Schaden<\/h2>\n\n\n\n<div class=\"wp-block-image\"><figure class=\"aligncenter size-full\"><img decoding=\"async\" loading=\"lazy\" width=\"801\" height=\"600\" src=\"https:\/\/speyer24news.com\/wp-content\/uploads\/2020\/05\/Zeugen-gesucht-Neutral.jpg\" alt=\"\" class=\"wp-image-26598\" srcset=\"https:\/\/speyer24news.com\/wp-content\/uploads\/2020\/05\/Zeugen-gesucht-Neutral.jpg 801w, https:\/\/speyer24news.com\/wp-content\/uploads\/2020\/05\/Zeugen-gesucht-Neutral-300x225.jpg 300w, https:\/\/speyer24news.com\/wp-content\/uploads\/2020\/05\/Zeugen-gesucht-Neutral-768x575.jpg 768w, https:\/\/speyer24news.com\/wp-content\/uploads\/2020\/05\/Zeugen-gesucht-Neutral-678x509.jpg 678w, https:\/\/speyer24news.com\/wp-content\/uploads\/2020\/05\/Zeugen-gesucht-Neutral-326x245.jpg 326w, https:\/\/speyer24news.com\/wp-content\/uploads\/2020\/05\/Zeugen-gesucht-Neutral-80x60.jpg 80w\" sizes=\"(max-width: 801px) 100vw, 801px\" \/><\/figure><\/div>\n\n\n\n<p>Am 11.03.2022, gegen 08:30 Uhr, wurde der 81-j\u00e4hrige Gesch\u00e4digte von einer Person angerufen, welche sich als Richter des Oberlandesgerichtes \u00d6sterreich ausgab. Hierbei wurde dem Gesch\u00e4digten mitgeteilt, dass seine Tochter einen Verkehrsunfall gehabt habe, bei welchem eine Person ums Leben gekommen sei. Um zu verhindern, dass seine Tochter in Untersuchungshaft komme, soll der Gesch\u00e4digte eine Kaution in H\u00f6he von 30.100EUR, sowie zudem anfallende Gerichtskosten und Mehrwertsteuer, zahlen. Im Nachgang folgten weitere Anrufe, bei welchen sie die Anrufer als ein Oberstaatsanwalt, sowie als Tochter des Gesch\u00e4digten ausgaben. Durch die T\u00e4ter wurde mit dem Gesch\u00e4digten eine \u00dcbergabe des Geldes vereinbart. Diese fand schlie\u00dflich gegen 14:10 Uhr in der Gartenstra\u00dfe in Lambsheim statt. \u00dcbergeben wurden 38.000EUR Bargeld, sowie 12 Kr\u00fcgerrand Goldm\u00fcnzen. <\/p>\n\n\n\n<ul><li><strong>Bei dem Abholer des Geldes soll es sich um eine m\u00e4nnliche Person mit europ\u00e4ischem Erscheinungsbild gehandelt haben. <\/strong><\/li><li><strong>Diese sei ca. 165cm gro\u00df gewesen und habe eine dunkelgraue Schirmm\u00fctze, sowie eine Steppjacke in unbekannter Farbe getragen.<\/strong><\/li><\/ul>\n\n\n\n<p>Der Gesamtschaden bel\u00e4uft sich auf ca. 59 700EUR.<\/p>\n\n\n\n<p>Immer wieder t\u00e4uschen Betr\u00fcger eine vermeintliche Familienangeh\u00f6rigkeit und meist eine damit verbundene finanzielle Notlage vor. So erschleichen sie sich das Vertrauen der ahnungslosen Angerufenen und nutzen deren Gutgl\u00e4ubigkeit und Hilfsbereitschaft gnadenlos aus. Lassen Sie sich nicht t\u00e4uschen und seien Sie misstrauisch. Wenn Ihnen ein Anruf seltsam erscheint rufen Sie uns an. Wir sind unter der 110 oder der 06233 3130 f\u00fcr Sie da.<\/p>\n\n\n\n<p>Zeugen werden gebeten sich an die Polizeiinspektion Frankenthal unter der Tel.-Nr.: 06233\/313-0 oder an die Polizeiwache Maxdorf unter der Tel.-Nr.: 06237\/934-1100 zu wenden. Gerne nehmen wir Ihre Hinweise auch per E-Mail unter&nbsp;<a href=\"mailto:pifrankenthal@polizei.rlp.de\">pifrankenthal@polizei.rlp.de<\/a>&nbsp;entgegen.<\/p>\n\n\n\n<h2 class=\"wp-block-heading\">(Frankenthal) &#8211; Trunkenheitsfahrt und Fahren ohne Fahrerlaubnis<\/h2>\n\n\n\n<p>Am 13.03.2022, gegen 02:45 Uhr, wurde im Europaring in Frankenthal ein PKW einer Verkehrskontrolle unterzogen. Durch die eingesetzten Beamten konnten bei dem 35-j\u00e4hrigen Fahrer alkoholtypische Auffallerscheinungen festgestellt werden. Ein durchgef\u00fchrter Atemalkoholtest bei dem Fahrer ergab 1,65 Promille. Im Rahmen der Kontrolle stellte sich weiterhin heraus, dass der Fahrer nicht im Besitz einer erforderlichen Fahrerlaubnis war. Gegen den 35-J\u00e4hrigen wurde ein Strafverfahren wegen Trunkenheit im Verkehr, sowie Fahren ohne Fahrerlaubnis eingeleitet.<\/p>\n\n\n\n<h2 class=\"wp-block-heading\">(Frankenthal) &#8211; Einbruchdiebstahl in Kleingartenanlage<\/h2>\n\n\n\n<p>In der Nacht vom 10.03.2022 auf den 11.03.2022 kam es zu mehreren Einbr\u00fcchen in einer Kleingartenanlage zwischen Flomersheim und Lambsheim. Bislang unbekannte T\u00e4ter betraten das Gel\u00e4nde und drangen in insgesamt vier Parzellen ein. Die Schadensh\u00f6he kann bislang noch nicht beziffert werden.<\/p>\n\n\n\n<p>Zeugen werden gebeten sich an die Polizeiinspektion Frankenthal unter der Tel.-Nr.: 06233\/313-0 oder an die Polizeiwache Maxdorf unter der Tel.-Nr.: 06237\/934-1100 zu wenden. Gerne nehmen wir Ihre Hinweise auch per E-Mail unter&nbsp;<a href=\"mailto:pifrankenthal@polizei.rlp.de\">pifrankenthal@polizei.rlp.de<\/a>&nbsp;entgegen.<\/p>\n\n\n\n<h2 class=\"wp-block-heading\">(Ludwigshafen) &#8211; Brennender PKW in einer Tiefgarage<\/h2>\n\n\n\n<p>Am Sonntagmorgen, den 13.03.2022 kam es gegen 08:00h zum Brand eines PKW in einer Tiefgarage in der Wredestra\u00dfe in Ludwigshafen. Verletzt wurde niemand, am PKW d\u00fcrfte ein Totalschaden vorliegen. Die Kriminalpolizei hat die Ermittlungen zur Brandursache aufgenommen. Zeugen werden gebeten sich bei der Kriminalpolizei Ludwigshafen zu melden unter Telefon 0621 963-2773 oder per Mail an&nbsp;<a href=\"mailto:kiludwigshafen.k1.kdd@polizei.rlp.de\">kiludwigshafen.k1.kdd@polizei.rlp.de<\/a><\/p>\n\n\n\n<h2 class=\"wp-block-heading\">(Ludwigshafen) &#8211; Mit zwei Promille unterwegs<\/h2>\n\n\n\n<p>Am Samstagabend des 12.03.2022 verunfallte gegen 23:15 Uhr ein Auto in der Bgm.-Gr\u00fcnzweig-Stra\u00dfe im Ludwigshafener Stadtteil Hemshof. Der 46-j\u00e4hrige Fahrer eines PKW verlor hierbei an der Einm\u00fcndung zur Gr\u00e4fenaustra\u00dfe die Kontrolle \u00fcber sein Fahrzeug und kollidierte \u00fcber eine Bordsteinkante mit einem Verkehrsschild auf einer Gr\u00fcnfl\u00e4che. Ein Alkoholtest bei dem Fahrer vor Ort ergab einen Wert von 2,00 Promille. Dem Fahrer, welcher unverletzt blieb, wurde eine Blutprobe entnommen. Der F\u00fchrerschein wurde zudem beschlagnahmt.<\/p>\n\n\n\n<h2 class=\"wp-block-heading\">(Ludwigshafen \/ A 650 FR D\u00dcW) &#8211; Verkehrsunfall mit Flucht auf der A650<\/h2>\n\n\n\n<p>Am 12.03.2022, zwischen 15:10 Uhr und 15:25 Uhr, kam es auf der A650, Fahrtrichtung Bad D\u00fcrkheim, zu einer Verkehrsunfallflucht mit bislang unbekanntem Verursacher. Die 22-j\u00e4hrige Gesch\u00e4digte befuhr die A650 auf dem mittleren Fahrstreifen mit ihrem braunen Fiat Punto in Fahrtrichtung Bad D\u00fcrkheim. Kurz vor dem Oggersheimer Kreuz wechselte ein bislang unbekanntes Fahrzeug von der rechten auf die mittlere Fahrspur. Hierbei kam es zu Kollision mit dem sich auf der mittleren Spur befindlichen PKW der Gesch\u00e4digten. Im Anschluss entfernte sich das unbekannte Fahrzeug von der Unfall\u00f6rtlichkeit. Aufgrund der Spurenlage d\u00fcrfte es sich bei dem fl\u00fcchtigen Fahrzeug um ein helles Fahrzeug handeln. Der Schaden am PKW der Gesch\u00e4digten bel\u00e4uft sich auf ca. 3000EUR.<\/p>\n\n\n\n<p>Zeugen werden gebeten sich an die Polizeiinspektion Frankenthal unter der Tel.-Nr.: 06233\/313-0 oder an die Polizeiwache Maxdorf unter der Tel.-Nr.: 06237\/934-1100 zu wenden. Gerne nehmen wir Ihre Hinweise auch per E-Mail unter&nbsp;<a href=\"mailto:pifrankenthal@polizei.rlp.de\">pifrankenthal@polizei.rlp.de<\/a>&nbsp;entgegen.<\/p>\n\n\n\n<h2 class=\"wp-block-heading\">(Ludwigshafen) &#8211; Versuchte Sachbesch\u00e4digung durch Feuer<\/h2>\n\n\n\n<p>Unbekannte T\u00e4ter setzten am fr\u00fchen Samstagabend einen M\u00fclleimer, der auf dem Gel\u00e4nde der Rupprechtschule (Grundschule) angebracht war, in Brand. Die alarmierte Feuerwehr konnte den Brand schnell l\u00f6schen. T\u00e4terhinweise liegen aktuell nicht vor.<\/p>\n\n\n\n<p>In diesem Zusammenhang sucht die Polizei nach Zeugen, welche am vergangenen Freitag, gegen 18:30 Uhr Wahrnehmungen im Bereich der Nietzschestra\u00dfe 30 machen konnten. Wer hat unmittelbar vor dem Einsatz der Feuerwehr Personen auf dem Schulhof der dortigen Grundschule beobachtet? Hinweise nimmt die Polizeiinspektion Ludwigshafen 2, Friesenheimer Stra\u00dfe 55, 67069 Ludwigshafen am Rhein, Tel.: 0621-963-2222 entgegen.<\/p>\n\n\n\n<h2 class=\"wp-block-heading\">(Ludwigshafen) &#8211; Besch\u00e4digte Autos in der R\u00fcckertstra\u00dfe<\/h2>\n\n\n\n<p>In der Nacht von Freitag auf Samstag den 12.03.2022 wurden im Zeitraum von 20:00 bis 08:00 Uhr mehrere geparkte Fahrzeuge in der R\u00fcckertstra\u00dfe im Ludwigshafener Stadtteil Friesenheim besch\u00e4digt. Bei zwei Fahrzeugen wurde jeweils ein Au\u00dfenspiegel abgeschlagen. Bei einem dritten Fahrzeug wurde die rechte Fahrzeugseite zerkratzt. Zeugen und Gesch\u00e4digte werden gebeten sich bei der Polizeiinspektion 2 unter der 0621-9632222 zu melden.<\/p>\n\n\n\n<h2 class=\"wp-block-heading\">(Ludwigshafen) &#8211; 2x Einbruch in Ladengesch\u00e4ft<\/h2>\n\n\n\n<p>Bislang unbekannte T\u00e4ter brachen am sp\u00e4ten Freitagabend, den 11.03.2022, gegen 22:30 Uhr in zwei Ladengesch\u00e4fte im Gesundheitszentrum in der Yorckstra\u00dfe ein.<\/p>\n\n\n\n<p>Die Polizei Ludwigshafen hat die Ermittlungen aufgenommen.<\/p>\n\n\n\n<p>Sachdienliche Hinweise nimmt die Polizeiinspektion Ludwigshafen 1 unter Telefon 0621 963-2122 oder per Email an&nbsp;<a href=\"mailto:piludwigshafen1@polizei.rlp.de\">piludwigshafen1@polizei.rlp.de<\/a>&nbsp;entgegen.<\/p>\n\n\n\n<h2 class=\"wp-block-heading\">(Ludwigshafen) &#8211; Verkehrsunfall<\/h2>\n\n\n\n<p>Am Freitagabend, den 11.03.2022 kam es in Ludwigshafen-Hemshof, in der Kanalstra\u00dfe zu einem Verkehrsunfall zwischen zwei Fahrzeugen. Der Unfallverursacher achtete beim Ausparken nicht auf den Flie\u00dfverkehr und stie\u00df mit dem PKW eines 29-J\u00e4hrigen zusammen. Im Zuge der Unfallaufnahme, wurde festgestellt, dass der 29-J\u00e4hrige nicht im Besitz eines F\u00fchrerscheins war. Gegen ihn wurde ein Strafverfahren eingeleitet.<\/p>\n\n\n\n<h2 class=\"wp-block-heading\">(Ludwigshafen) &#8211; Verkehrsunfall \/ Zeugen gesucht<\/h2>\n\n\n\n<p>Am Freitagabend, den 11.03.2022, kam es gegen 20:00 Uhr in Ludwigshafen-Friesenheim an der Kreuzung Sternstra\u00dfe \/ Von-Stephan-Stra\u00dfe zu einem Verkehrsunfall mit drei beteiligten Fahrzeugen. Durch den Aufprall wurden neben zwei Fahrzeugen auch mehrere Stra\u00dfenpoller auf einer Verkehrsinsel besch\u00e4digt. Zeugen des Unfalls werden gebeten sich mit der Polizeiinspektion 2 in Verbindung zu setzen unter Telefon 0621 963-2222 oder per Mail an&nbsp;<a href=\"mailto:piludwigshafen2@polizei.rlp.de\">piludwigshafen2@polizei.rlp.de<\/a><\/p>\n\n\n\n<h2 class=\"wp-block-heading\">(Ludwigshafen) &#8211; Sachbesch\u00e4digung durch Reifenstecher<\/h2>\n\n\n\n<p>Unbekannte Personen besch\u00e4digten einen grauen PKW VW Polo, in dem sie den hinteren rechten Reifen durch einen spitzen Gegenstand aufstachen. Der PKW war am vergangenen Freitag im Zeitraum zwischen 07:30 Uhr und 15:40 Uhr in der Hohenzollernstra\u00dfe\/Einm\u00fcndung Ebertstra\u00dfe abgeparkt worden und muss in diesem Zeitraum besch\u00e4digt worden sein.<\/p>\n\n\n\n<p>In diesem Zusammenhang sucht die Polizei in Ludwigshafen nach Zeugen, welche im genannten Zeitraum Beobachtungen im Bereich der Hohenzollernstra\u00dfe\/Ebertstra\u00dfe machten. Hinweisgeber k\u00f6nnen sich direkt mit der Polizeiinspektion Ludwigshafen 2 (0621-963-2222) in Verbindung setzen.<\/p>\n\n\n\n<h2 class=\"wp-block-heading\">(Ludwigshafen) &#8211; Streit unter Hundebesitzern \/ Zeugen gesucht<\/h2>\n\n\n\n<p>Am Freitagmittag, den 11.03.2022, gegen 15:00 Uhr kam es in Ludwigshafen-Oppau, auf dem Bremmenweg zu einem Streit zwischen zwei Hundebesitzern. Ausl\u00f6ser sei ein Vorfall zwischen Hunden gewesen. Im Zuge des Streits, wurde eine 55-J\u00e4hrige von einer \u00e4lteren m\u00e4nnlichen Person zu Boden gesto\u00dfen. Der Mann entfernte sich im Anschluss in Richtung Stadtteil Melm. Zeugen des Vorfalls werden gebeten, sich bei der Polizeiinspektion 2 zu melden unter Telefon 0621 963-2222 bzw. per Email an&nbsp;<a href=\"mailto:piludwigshafen2@polizei.rlp.de\">piludwigshafen2@polizei.rlp.de<\/a><\/p>\n\n\n\n<h2 class=\"wp-block-heading\">(Ludwigshafen) &#8211; Verkehrsunfall mit leichtverletzter Person<\/h2>\n\n\n\n<p>Am Freitagmorgen, den 11.03.2022, 07:30 Uhr kam es in Ludwigshafen-Mundenheim, zu einem Verkehrsunfall zwischen zwei Fahrzeugen. Beide fuhren hintereinander, von der Saarlandstra\u00dfe kommend \u00fcber den Sch\u00e4nzeldamm in Richtung Bruchwiesenstra\u00dfe. Verkehrsbedingt musste die vorausfahrende 26-J\u00e4hrige abbremsen. Ein hinter ihr fahrender 18-J\u00e4hrige konnte, vermutlich aufgrund zu geringem Sicherheitsabstand, nicht mehr anhalten und fuhr auf. Die 26-J\u00e4hrige wurde durch den Aufprall leicht verletzt und durch den Rettungsdienst in ein Krankenhaus eingeliefert. Der Sachschaden an den beiden PKW bel\u00e4uft sich auf ca. 1000EUR.<\/p>\n\n\n\n<h2 class=\"wp-block-heading\">(Ludwigshafen) &#8211; Unfall in der Wollstra\u00dfe<\/h2>\n\n\n\n<p>Am Donnerstag, 10.03.2022, fuhr gegen 14:00 Uhr eine 23-j\u00e4hrige KIA-Fahrerin die Wollstra\u00dfe entlang. Eine 33-J\u00e4hrige wollte mit ihrem Opel Corsa auf die Wollstra\u00dfe auffahren und missachtete die Vorfahrt der KIA-Fahrerin. Die Opel-Fahrerin wurde leicht verletzt. Beide Fahrzeuge waren nicht mehr fahrbereit und mussten abgeschleppt werden. Es entstand ein Gesamtschaden von ca. 12.000 Euro.<\/p>\n\n\n\n<h2 class=\"wp-block-heading\">(Ludwigshafen) &#8211; Versuchter Telefonbetrug \/ Falscher Microsoft-Mitarbeiter<\/h2>\n\n\n\n<p>Am Donnerstag, 10. M\u00e4rz 2022, rief am Vormittag zweimal ein falscher Microsoft-Mitarbeiter bei einem 67-j\u00e4hrigen Oggersheimer an und wollte einen Fernzugriff zu dessen Computer. Der 67-J\u00e4hrige gab an, selbst im Securitybereich zu arbeiten. Das Gespr\u00e4ch wurde beendet. Es kam zu keinem Schaden.<\/p>\n\n\n\n<p>Wieder einmal kam es zu einem betr\u00fcgerischen Anruf angeblicher Microsoft-Mitarbeiter, die behaupten, der PC sei virenverseucht.<\/p>\n\n\n\n<p>Microsoft f\u00fchrt nach eigenen Angaben keine unaufgeforderten Telefonanrufe durch, um schadhafte Ger\u00e4te zu reparieren. Selbst auf offizielle Support-Anfragen erfolgen Hilfestellungen fast ausschlie\u00dflich per E-Mail.<\/p>\n\n\n\n<p>Wenn Sie einen solchen Anruf erhalten, legen Sie auf und melden Sie diesen bei Ihrer \u00f6rtlichen Polizeidienststelle. Ihre zust\u00e4ndige Polizeidienststelle finden Sie \u00fcber unsere Dienststellensuche&nbsp;<a target=\"_blank\" rel=\"noreferrer noopener\" href=\"https:\/\/www.polizei.rlp.de\/de\/dienststellensuche\/\">https:\/\/www.polizei.rlp.de\/de\/dienststellensuche\/<\/a>. Oder erstatten Sie direkt online eine Anzeige bei der Onlinewache&nbsp;<a target=\"_blank\" rel=\"noreferrer noopener\" href=\"https:\/\/www.polizei.rlp.de\/de\/onlinewache\/\">https:\/\/www.polizei.rlp.de\/de\/onlinewache\/<\/a><\/p>\n\n\n\n<p>Auf der Internet-Seite&nbsp;<a target=\"_blank\" rel=\"noreferrer noopener\" href=\"http:\/\/www.polizei-beratung.de\/\">www.polizei-beratung.de<\/a>&nbsp;finden Sie umfangreiche Informationen zu diesem Thema.<\/p>\n\n\n\n<p>Schauen Sie auch auf der Seite der Kriminalpr\u00e4vention zum Thema falscher Microsoft-Mitarbeiter:&nbsp;<a target=\"_blank\" rel=\"noreferrer noopener\" href=\"https:\/\/s.rlp.de\/1Pr2E\">https:\/\/s.rlp.de\/1Pr2E<\/a><\/p>\n\n\n\n<h2 class=\"wp-block-heading\">(Ludwigshafen) &#8211; Versuchter Telefonbetrug \/ Europol-Masche<\/h2>\n\n\n\n<p>Am Donnerstag, 10. M\u00e4rz 2022, erhielt um 9 Uhr eine 29-J\u00e4hrige einen Telefonanruf mit einer Bandansage angeblich von Europol. Noch bevor es zu Geldforderungen kam, legte die 29-J\u00e4hrige auf.<\/p>\n\n\n\n<h2 class=\"wp-block-heading\">(Ludwigshafen) &#8211; Unfallflucht in der Mannheimer Stra\u00dfe<\/h2>\n\n\n\n<p>Am Mittwoch, 09.03.2022, parkte um 16:15 Uhr ein 66-J\u00e4hriger mit seinem wei\u00dfen Mini-Clubman in einer Parkbucht vor einem Fitness-Studio. Als der 66-J\u00e4hrige um 18:15 Uhr wieder mit seinem Mini wegfahren wollte, musste er feststellen, dass Unbekannte beim Ein-\/Ausparken den hinteren linken Sto\u00dff\u00e4nger besch\u00e4digten und sich vom Unfallort entfernte, ohne sich um den entstandenen Schaden zu k\u00fcmmern. Der Schaden liegt bei 3.000 Euro.<\/p>\n\n\n\n<p>Wer hat den Unfall beobachtet und kann Angaben zum Verursacher machen? Hinweise werden an die Polizeiwache Oggersheim unter Tel. 0621 963 &#8211; 2403 oder per Mail&nbsp;<a href=\"mailto:pwoggersheim@polizei.rlp.de\">pwoggersheim@polizei.rlp.de<\/a>&nbsp;erbeten.<\/p>\n\n\n\n<p>Die Polizei weist daraufhin, dass Unerlaubtes Entfernen von Unfallort kein Kavaliersdelikt ist! Der fl\u00fcchtige Fahrer muss mit einer Geld- oder Freiheitsstrafe bis zu 3 Jahren und evtl. mit einem F\u00fchrerscheinentzug rechnen. Au\u00dferdem kann der Fl\u00fcchtige den Kaskoschutz seiner Kfz-Versicherung verlieren und von seiner Versicherung an der Beteiligung des Fremdschadens beteiligt werden. Die Polizei r\u00e4t deshalb, jeden Unfall bei der Polizei zu melden.<\/p>\n\n\n\n<h2 class=\"wp-block-heading\">(Mannheim \/ A 6) &#8211; Fahren ohne Fahrerlaubnis<\/h2>\n\n\n\n<p>Am Donnerstag, gegen 15 Uhr fuhr ein 21-j\u00e4hriger Fahrer mit seinem Kleinbus Ford Transit auf der Autobahn A6 in Fahrrichtung Heilbronn.<\/p>\n\n\n\n<p>Im weiteren Verlauf fand auf der A656 eine allgemeine Verkehrskontrolle statt. Dabei stellten die Polizeibeamten des Verkehrsdienstes Mannheim fest, dass dem 21-J\u00e4hrigen die Fahrerlaubnis entzogen war und er kein f\u00fchrerscheinpflichtiges Fahrzeug fahren darf.<\/p>\n\n\n\n<p>Der Ford Transit wurde verkehrssicher abgestellt und der Fahrer musste die Fahrzeugschl\u00fcssel den Polizeibeamten \u00fcbergeben.<\/p>\n\n\n\n<h2 class=\"wp-block-heading\">(Mannheim-Innenstadt) &#8211; Zwei M\u00fclltonnen in Brand gesetzt \/ Zeugen gesucht!<\/h2>\n\n\n\n<p>Am fr\u00fchen Freitagmorgen gegen 04:30 Uhr setzte ein bislang unbekannter T\u00e4ter zwei M\u00fclltonnen im Quadrat K4 in Brand und fl\u00fcchtete unerkannt. Ein Zeuge bemerkte den Brand und verst\u00e4ndigte die Einsatzkr\u00e4fte. Eine Polizeistreife des Polizeireviers Mannheim-Innenstadt konnte bis zum Eintreffen der Berufsfeuerwehr Mannheim die Flammen mittels Feuerl\u00f6sche eind\u00e4mmen und so ein \u00dcbergreifen auf ein angrenzendes Wohnhaus verhindern. Durch die weiteren L\u00f6scharbeiten der Feuerwehr kam es zu Verschmutzungen in den Kellerr\u00e4umen des Wohnhauses, da die Brand\u00f6rtlichkeit in der N\u00e4her zweier ge\u00f6ffneter Kellerfenster lag. Es entstand ein Sachschaden von mehreren Hundert Euro. Hinweise auf einen T\u00e4ter liegen derzeit keine vor. Zeugen, die verd\u00e4chtige Wahrnehmungen gemacht haben, werden gebeten, sich unter der Telefonnummer 0621\/1258-0 beim Polizeirevier mannheim-Innenstadt zu melden.<\/p>\n\n\n\n<h2 class=\"wp-block-heading\">(Mannheim-Innenstadt) &#8211; Dreister Dieb im Supermarkt<\/h2>\n\n\n\n<p>Ein dreister Dieb schlug am Donnerstagvormittag in einem Lebensmittelmarkt in den Mannheimer Innenstadt-Quadraten zu. Der Mann gelangte unbemerkt in das B\u00fcro der Filialleiterin des Marktes im Quadrat D 3 und entwendeten aus deren Handtasche den Geldbeutel und das Mobiltelefon. Anschlie\u00dfend begab er sich wieder in den Verkaufsraum. Hier fiel er der Filialleiterin auf, da er keinen Mund-Nasen-Schutz trug. Erst nachdem sie ihn darauf angesprochen hatte und er gerade den Markt verlie\u00df, bemerkte sie ihren Geldbeutel und ihr Mobiltelefon in dessen H\u00e4nden. W\u00e4hrend sich dieser nun eilig die \u00d6rtlichkeit verlie\u00df, warf er den Geldbeutel der Filialleiterin und weitere Gegenst\u00e4nde unter geparkte Autos. Das Mobiltelefon behielt er weiter in seinem Besitz und ihm gelang die Flucht in Richtung Paradeplatz.<\/p>\n\n\n\n<p>Bei einer \u00dcberpr\u00fcfung der weggeworfenen Gegenst\u00e4nde konnte der Entlassbrief einer Klinik aufgefunden werden, der an einen 23-j\u00e4hrigen Mann adressiert war. Die weiteren Ermittlungen ergaben, dass die Person mit der Personenbeschreibung des fl\u00fcchtigen T\u00e4ters \u00fcbereinstimmte und dass er bereits mehrfach wegen gleichgelagerter Sachverhalte zur Anzeige gelangt war. Gegen den 23-J\u00e4hrigen wird jetzt wegen Diebstahls ermittelt, nach ihm wird indessen gefahndet.<\/p>\n\n\n\n<h2 class=\"wp-block-heading\">(Mannheim-Innenstadt) &#8211; 32-J\u00e4hriger wegen Widerstands gegen Vollstreckungsbeamte und weiterer Delikte in Untersuchungshaft<\/h2>\n\n\n\n<p>Am vergangenen Dienstag leistete ein 32-J\u00e4hriger gleich zweimal Widerstand gegen Vollstreckungsbeamte und befindet sich daher seit Mittwoch in Untersuchungshaft. Zun\u00e4chst soll es zwischen dem Tatverd\u00e4chtigen und seiner Lebensgef\u00e4hrtin zu einer t\u00e4tlichen Auseinandersetzung in deren Wohnung gekommen sein. Der Mann soll versucht haben, von seiner Lebensgef\u00e4hrtin mittels k\u00f6rperlicher Gewalt Bargeld und deren EC-Karte zu erpressen. Anwohner hatten gegen 16:45 Uhr die Polizei verst\u00e4ndigt, da sie Hilferufe geh\u00f6rt hatten. Als eine Streifenwagenbesatzung des Polizeireviers Mannheim-Oststadt eingetroffen war, soll der Tatverd\u00e4chtige den Beamten zun\u00e4chst den Zutritt in die Wohnung verwehrt haben, so dass diese gewaltsam eindringen mussten. Hier soll sich der 32-J\u00e4hrige seiner vorl\u00e4ufigen Festnahme widersetzt haben. Zur Durchf\u00fchrung weiterer strafprozessualer Ma\u00dfnahmen wurde er zun\u00e4chst zum Polizeirevier Mannheim-Oststadt gebracht und dort nach Abschluss der Ma\u00dfnahmen auf freien Fu\u00df entlassen. Auf seinem R\u00fcckweg soll der Tatverd\u00e4chtige dann zun\u00e4chst gegen 17:50 Uhr ein geparktes Auto besch\u00e4digt und sich dann wieder zu der Wohnung seiner Lebensgef\u00e4hrtin begeben haben, f\u00fcr die er einen Platzverweis erhalten hatte. Gegen 18:20 Uhr traf ihn dort eine weitere Streifenwagenbesatzung der Polizei an. Hier soll er erneut versucht haben, in die Wohnung einzudringen, so dass ihm die eingesetzten Beamten die Ingewahrsamnahme erkl\u00e4rten. Sodann soll der 32-J\u00e4hrige eine kampfbereite Stellung eingenommen und mit der Faust in Richtung eines Beamten geschlagen haben. Der Beamte konnte dem Schlag ausweichen und den Mann mit einem weiteren Beamten zu Boden bringen, wo er erneut vorl\u00e4ufig festgenommen werden sollte. Auch hiergegen soll er sich erneut gewehrt haben. Der Mann soll unter Einfluss von Bet\u00e4ubungsmittel gestanden haben, weshalb ihm eine Blutprobe entnommen wurde.<\/p>\n\n\n\n<p>Nachdem die zust\u00e4ndige Ermittlungsrichterin des Amtsgerichts Mannheim am Mittwoch den durch die Staatsanwaltschaft Mannheim beantragten Haftbefehl aufgrund von Fluchtgefahr in Vollzug gesetzt hatte, wurde er in eine Justizvollzugsanstalt eingeliefert. Erst im Januar war er nach Verb\u00fc\u00dfung einer Haftstrafe aus einer solchen entlassen worden.<\/p>\n\n\n\n<p>Die Staatsanwaltschaft Mannheim und das Kriminalkommissariat Mannheim ermitteln nun gegen den Mann wegen versuchter r\u00e4uberischer Erpressung, Sachbesch\u00e4digung, Widerstand gegen Vollstreckungsbeamte, t\u00e4tlichen Angriffs auf Vollstreckungsbeamte und versuchter K\u00f6rperverletzung. Die Ermittlungen dauern derzeit noch an.<\/p>\n\n\n\n<h2 class=\"wp-block-heading\">(Mannheim-Oststadt) &#8211; 42-j\u00e4hriger Mann nach mehreren Auto-Einbr\u00fcchen festgenommen \/ Weitere Gesch\u00e4digte gesucht<\/h2>\n\n\n\n<p>Ein 42-j\u00e4hriger Mann wurde bereits am Freitagabend, 11.02.2022 nach Auto-Einbr\u00fcchen im Stadtteil Oststadt auf dem Parkplatz eines Autohauses in der Gottlieb-Daimler-Stra\u00dfe festgenommen. Bei seiner Festnahme f\u00fchrte der Mann mutma\u00dfliches Diebesgut mit sich. Die Durchsuchung seiner Wohnung in Ludwigshafen f\u00f6rderte zahlreiches weiteres mutma\u00dfliches Diebesgut zutage. Gegen den Mann wurde auf Antrag der Staatsanwaltschaft Mannheim zwischenzeitlich durch das Amtsgericht Mannheim Haftbefehl erlassen und der 42-J\u00e4hrige wurde in eine Justizvollzugsanstalt eingeliefert.<\/p>\n\n\n\n<p>Ein Teil der aufgefundenen Gegenst\u00e4nde konnte zwischenzeitlich mehreren weiteren gleichgelagerten Straftaten zugeordnet werden. Die Herkunft weiterer Gegenst\u00e4nde ist nach wie vor unklar.<\/p>\n\n\n\n<p>Zur Zuordnung ist auf der Internet-Pr\u00e4senz des Polizeipr\u00e4sidiums Mannheim unter folgendem Link eine \u00dcbersicht der aufgefundenen Gegenst\u00e4nde ver\u00f6ffentlicht:<\/p>\n\n\n\n<figure class=\"wp-block-embed is-type-wp-embed is-provider-polizeiprasidium-mannheim wp-block-embed-polizeiprasidium-mannheim\"><div class=\"wp-block-embed__wrapper\">\n<blockquote class=\"wp-embedded-content\" data-secret=\"cdiLzHZa4S\"><a href=\"https:\/\/ppmannheim.polizei-bw.de\/eigentuemer-gesucht-nach-festnahme-eines-autoaufbrechers-weiteres-diebesgut-bei-wohnungsdurchsuchung-sichergestellt\/\">Eigent\u00fcmer gesucht: Nach Festnahme eines Autoaufbrechers weiteres Diebesgut bei Wohnungsdurchsuchung sichergestellt<\/a><\/blockquote><iframe class=\"wp-embedded-content\" sandbox=\"allow-scripts\" security=\"restricted\" style=\"position: absolute; clip: rect(1px, 1px, 1px, 1px);\" title=\"&#8222;Eigent\u00fcmer gesucht: Nach Festnahme eines Autoaufbrechers weiteres Diebesgut bei Wohnungsdurchsuchung sichergestellt&#8220; &#8212; Polizeipr\u00e4sidium Mannheim\" src=\"https:\/\/ppmannheim.polizei-bw.de\/eigentuemer-gesucht-nach-festnahme-eines-autoaufbrechers-weiteres-diebesgut-bei-wohnungsdurchsuchung-sichergestellt\/embed\/#?secret=cdiLzHZa4S\" data-secret=\"cdiLzHZa4S\" width=\"500\" height=\"282\" frameborder=\"0\" marginwidth=\"0\" marginheight=\"0\" scrolling=\"no\"><\/iframe>\n<\/div><\/figure>\n\n\n\n<p>Gesch\u00e4digte, denen einer oder mehrere der aufgef\u00fchrten Gegenst\u00e4nde entwendet wurde, werden gebeten, sich beim Polizeiposten Mannheim-Schwetzingerstadt, Tel.: 0621\/441125 oder dem Polizeirevier Mannheim-Oststadt, Tel.: 0621\/174-3310 zu melden.<\/p>\n\n\n\n<h2 class=\"wp-block-heading\">(Mannheim-Schwetzingerstadt) &#8211; Betrunkene Autofahrerin verursacht Unfall<\/h2>\n\n\n\n<p>Eine betrunkene Autofahrerin verursachte am Freitagmorgen im Stadtteil Schwetzingerstadt einen Verkehrsunfall. Die 58-j\u00e4hrige Frau war mit ihrem Mercedes zun\u00e4chst auf der Stotzstra\u00dfe in Richtung Viehhofstra\u00dfe unterwegs. An der dortigen Einm\u00fcndung bog sie falsch ab, sodass sie in der Viehhofstra\u00dfe in den Gegenverkehr geriet. Dort blieb sie zun\u00e4chst rund 30 Sekunden entgegen der Fahrtrichtung mitten auf der Fahrbahn stehen. Anschlie\u00dfend wendete sie ihr Fahrzeug und beschleunigte in Fahrtrichtung Ludwigshafener Stra\u00dfe. Dabei verlor sie die Kontrolle \u00fcber ihren Mercedes und prallte gegen die dortige Ampel. Bei dem Zusammensto\u00df zogen sich die 53-j\u00e4hrige Fahrerin des Mercedes sowie ihr 47-j\u00e4hriger Beifahrer leichte Verletzungen zu und wurden von Rettungskr\u00e4ften in Krankenh\u00e4user eingeliefert.<\/p>\n\n\n\n<p>Der Mercedes war nicht mehr fahrbereit und musste abgeschleppt werden. Die Ampel wurde ebenfalls besch\u00e4digt. Die H\u00f6he des Sachschadens l\u00e4sst sich derzeit noch nicht beziffern.<\/p>\n\n\n\n<p>Noch an der Unfallstelle bemerkten die Beamten deutlichen Alkoholgeruch im Atem der 58-J\u00e4hrigen. Ein Alkoholtest ergab einen Wert von fast 3,3 Promille. Ihr wurde im Krankenhaus eine Blutprobe entnommen. Gegen die Frau wird nun wegen Stra\u00dfenverkehrsgef\u00e4hrdung und fahrl\u00e4ssiger K\u00f6rperverletzung ermittelt. Ihr F\u00fchrerschein wurde einbehalten.<\/p>\n\n\n\n<h2 class=\"wp-block-heading\">(Mannheim-Neckarau) &#8211; Autofahrerin verursacht Unfall mit 2 Promille!<\/h2>\n\n\n\n<p>Am Freitagabend, gegen 19.00 Uhr, verursachte eine betrunkene Autofahrerin in der Neckarauer Stra\u00dfe einen Verkehrsunfall. Die 33-J\u00e4hrige Frau war mit ihrem Ford in der Neckarauer Sta\u00dfe in Fahrtrichtung Innenstadt unterwegs. In H\u00f6he des Bahnhof Neckarau kam die Frau nach rechts von der Fahrbahn ab und besch\u00e4digte zwei geparkte Fahrzeuge. Hierbei entstand ein Sachschaden von ca. 10.000EUR. W\u00e4hrend der Unfallaufnahme bemerkten die Beamten deutlichen Alkoholgeruch im Atem der 33-J\u00e4hrigen. Ein durchgef\u00fchrter Alkoholtest ergab einen Wert von 2 Promille. Die Frau muss sich nun wegen Trunkenheit im Stra\u00dfenverkehr strafrechtlich verantworten. Ihr F\u00fchrerschein wurde beschlagnahmt.<\/p>\n\n\n\n<h2 class=\"wp-block-heading\">(Mannheim-Rheinau) &#8211; Verkehrsunfall mit erheblichem Sachschaden<\/h2>\n\n\n\n<p>Erheblicher Sachschaden entstand bei einem Verkehrsunfall am Donnerstagabend im Stadtteil Rheinau.<\/p>\n\n\n\n<p>Ein 49-j\u00e4hriger Mann war gegen 23 Uhr mit seinem 5er-BMW auf der Relaisstra\u00dfe in Richtung Karlsplatz unterwegs. Am Kreisverkehr am Karlsplatz nahm er einem 26-j\u00e4hrigen Ford-Fahrer, der den Kreisverkehr in Richtung Rheinauer Ring befuhr, die Vorfahrt und stie\u00df mit ihm zusammen. Dabei erlitt der Fahrer des Ford leichte Verletzungen, eine sofortige medizinische Versorgung vor Ort war jedoch nicht erforderlich.<\/p>\n\n\n\n<p>Sowohl der BMW als auch der Ford waren so stark besch\u00e4digt, dass sie abgeschleppt werden mussten. Der Sachschaden wird auf rund 15.000 Euro gesch\u00e4tzt.<\/p>\n\n\n\n<h2 class=\"wp-block-heading\">(Mannheim-Sandhofen) &#8211; Schwerer Unfall auf der B44 \/ Fahrbahn gesperrt<\/h2>\n\n\n\n<p>Aufgrund eines Verkehrsunfalls mit einer verletzten Person auf der B44, Fahrtrichtung Lampertheim, mit zwei Beteiligten ist die Ausfahrt der BAB 6 in Richtung MA-Sandhofen gesperrt. Weiterhin ist die B44 von Lampertheim kommend gesperrt.<\/p>\n\n\n\n<p>Zum Unfallhergang und zum Verletzungsgrad liegen noch keine genauen Informationen vor.<\/p>\n\n\n\n<h3 class=\"has-text-align-center wp-block-heading\">Pressemitteilung Nr. 2<\/h3>\n\n\n\n<p>Am Samstag morgen, gegen 05.00 Uhr, verursachte der 36-j\u00e4hrige Fahrer eines VW Golf einen schweren Verkehrsunfall. Der Golf befuhr die B44 in Richtung Lampertheim und missachtete in H\u00f6he der Anschlussstelle der BAB 6 eine rote Ampel. Im Kreuzungsbereich kam es dann zu einem frontalen Zusammensto\u00df mit einem entgegenkommenden VW Crafter. Durch den Aufprall wurden beide Fahrzeugf\u00fchrer schwer verletzt und mussten in umliegenden Krankenh\u00e4usern versorgt werden. Es entstand ein Sachschaden von ca. 23.000 Euro. Wegen Abschlepp- und Reinigungsarbeiten war die Fahrbahn bis ca. 08.10 Uhr gesperrt.<\/p>\n\n\n\n<h2 class=\"wp-block-heading\">(Heidelberg) &#8211; Betrunken vor Polizeirevier ausgeparkt<\/h2>\n\n\n\n<p>Am Samstagmorgen, gegen 02.40 Uhr, versuchte eine 28-J\u00e4hrige Frau mit ihrem Audi aus einem Parkplatz gegen\u00fcber des Polizeirevier HD-Mitte auszuparken und touchierte hierbei ein Fahrzeug. Durch Polizeibeamte die den Vorgang beobachtet hatten wurde ein Kontrollgespr\u00e4ch durchgef\u00fchrt und dabei ein deutlicher Alkoholgeruch bei der Dame festgestellt. Ein Alkoholtest ergab einen Wert von 0,9 Promille. Auf dem zust\u00e4ndigen Polizeirevier wurde ihr eine Blutprobe entnommen. Der F\u00fchrerschein der Beschuldigten wurde beschlagnahmt. Die 28-J\u00e4hrige muss sich nun wegen Trunkenheit im Stra\u00dfenverkehr strafrechtlich verantworten.<\/p>\n\n\n\n<h2 class=\"wp-block-heading\">(Heidelberg) &#8211; Zwei Autos aufgebrochen; Zeugen gesucht<a href=\"https:\/\/www.facebook.com\/sharer.php?u=https%3A%2F%2Fwww.presseportal.de%2Fblaulicht%2Fpm%2F14915%2F5168651%2F%3Futm_source%3Dfacebook%26utm_medium%3Dsocial\"><\/a><a href=\"https:\/\/twitter.com\/intent\/tweet?text=POL-MA%3A%20Heidelberg%3A%20Zwei%20Autos%20aufgebrochen%3B%20Zeugen%20gesucht&amp;url=https%3A%2F%2Fwww.presseportal.de%2Fblaulicht%2Fpm%2F14915%2F5168651%2F%3Futm_source%3Dtwitter%26utm_medium%3Dsocial&amp;hashtags=ots&amp;lang=de\"><\/a><a href=\"https:\/\/web.whatsapp.com\/send?text=POL-MA%3A%20Heidelberg%3A%20Zwei%20Autos%20aufgebrochen%3B%20Zeugen%20gesucht%0A%0Ahttps%3A%2F%2Fwww.presseportal.de%2Fblaulicht%2Fpm%2F14915%2F5168651%2F%3Futm_source%3Dwhatsapp%26utm_medium%3Dsocial\"><\/a><a href=\"https:\/\/www.xing.com\/app\/user?op=share;url=https%3A%2F%2Fwww.presseportal.de%2Fblaulicht%2Fpm%2F14915%2F5168651%2F%3Futm_source%3Dxing%26utm_medium%3Dsocial\"><\/a><a href=\"http:\/\/www.linkedin.com\/shareArticle?mini=true&amp;url=https%3A%2F%2Fwww.presseportal.de%2Fblaulicht%2Fpm%2F14915%2F5168651%2F%3Futm_source%3Dlinkedin%26utm_medium%3Dsocial&amp;title=POL-MA%3A+Heidelberg%3A+Zwei+Autos+aufgebrochen%3B+Zeugen+gesucht\"><\/a><a href=\"mailto:?subject=POL-MA%3A%20Heidelberg%3A%20Zwei%20Autos%20aufgebrochen%3B%20Zeugen%20gesucht&amp;body=https:\/\/www.presseportal.de\/blaulicht\/pm\/14915\/5168651\"><\/a><\/h2>\n\n\n\n<p>In der Nacht von Donnerstag auf Freitag wurden im Stadtteil Kirchheim zwei Autos aufgebrochen.<\/p>\n\n\n\n<p>Ein bislang unbekannter T\u00e4ter schlug mit einem Stein eine Seitenscheibe des Fahrzeuges ein, das vor dem Anwesen Hegenichstr. 58 geparkt war. Aus dem Auto wurde eine Sporttasche mit Sportutensilien sowie ein Pr\u00e4sentkorb mit Lebensmitteln gestohlen.<\/p>\n\n\n\n<p>Dieser Aufbruch d\u00fcrfte mit einem weiteren Autoaufbruch im Kirchheimer Weg zusammenh\u00e4ngen. Dort wurde eine Seitenscheibe eines Mercedes eingeschlagen, der vor dem Anwesen Nr. 67 stand. Aus dem Fahrzeug wurde offenbar nichts entwendet.<\/p>\n\n\n\n<p>Der Gesamtschaden beider Autoaufbr\u00fcche d\u00fcrfte bei \u00fcber 1.000.- Euro liegen.<\/p>\n\n\n\n<p>Hinweise bitte an das Polizeirevier HD-S\u00fcd, Tel.: 06221\/3418-0.<\/p>\n\n\n\n<h2 class=\"wp-block-heading\">(Heidelberg-Altstadt) &#8211; Brand einer Grillh\u00fctte<\/h2>\n\n\n\n<h3 class=\"has-text-align-center wp-block-heading\">Pressemeldung Nr. 1<\/h3>\n\n\n\n<p>Aktuell (12.03.2022 \u2013 09:26) befinden sich Einsatzkr\u00e4fte von Polizei und Feuerwehr im Johannes-Hoops-Weg. Dort brennt eine Grillh\u00fctte. Es wird nachberichtet.<\/p>\n\n\n\n<h3 class=\"has-text-align-center wp-block-heading\">Pressemeldung Nr. 2<\/h3>\n\n\n\n<p>Bei dem Brand einer Grillh\u00fctte im Heidelberger Stadtwald oberhalb der Weststadt entstand am Samstagmorgen gegen 09.00 Uhr Sachschaden in H\u00f6he von ca. 50.000 Euro. Die H\u00fctte brannte hierbei vollst\u00e4ndig aus. Ein 68-J\u00e4hriger, der in der H\u00fctte \u00fcbernachtet hatte, steht im Verdacht, das Feuer beim Zubereiten einer Mahlzeit unabsichtlich verursacht zu haben. Die weiteren Ermittlungen hierzu dauern an. Zu einem Personenschaden kam es nicht.<\/p>\n\n\n\n<h2 class=\"wp-block-heading\">(Heidelberg-Handschuhsheim) &#8211; Streifenwagen besch\u00e4digt \/ Zeugen gesucht<\/h2>\n\n\n\n<p>Am Freitagabend, gegen 23.00 Uhr, befand sich eine Streifenbesatzung des Polizeirevier HD-Nord zur Aufnahme eines Sachverhalts beim Heidelbeach in der Tiergartenstra\u00dfe. Der Streifenwagen wurde auf dem Parkplatz des dortigen Tiergartenschwimmbads abgestellt. Als die Beamten gegen 23.30 Uhr zu dem Fahrzeug zur\u00fcckkamen war der linke Au\u00dfenspiegel besch\u00e4digt. Zeugen die den Vorfall beobachtet haben oder die Hinweise zu dem T\u00e4ter geben k\u00f6nnen werden gebeten sich mit dem Polizeirevier HD-Nord unter der Telefonnummer 06221-45690 in Verbindung zu setzen.<\/p>\n\n\n\n<h2 class=\"wp-block-heading\">(Heidelberg-Emmertsgrund) &#8211; T\u00e4uschung \u00fcber F\u00fchrerschein gescheitert<\/h2>\n\n\n\n<p>Am Donnerstagnachmittag gegen 14 Uhr kontrollierten Polizeibeamte des Verkehrsdienstes Heidelberg einen 39-j\u00e4hrigen Mann in der Otto-Hahn-Stra\u00dfe. Der KIA-Fahrer gab an, dass er seinen F\u00fchrerschein vergessen habe und teilte den Beamten seine angeblichen Personalien mit. Bei der n\u00e4heren \u00dcberpr\u00fcfung der Angaben ergaben sich Unstimmigkeiten. Hiermit konfrontiert r\u00e4umte der 39-J\u00e4hrige schlie\u00dflich ein, dass er \u00fcber keine Fahrerlaubnis verf\u00fcgt. Die Fahrt f\u00fcr den Mann war daher beendet. Ihn erwartet nun eine Strafanzeige wegen Fahrens ohne Fahrerlaubnis. Seine Frau muss ebenfalls mit einer Anzeige rechnen, da sie ihm als Halterin des Fahrzeuges die Fahrt ohne F\u00fchrerschein erm\u00f6glichte.<\/p>\n\n\n\n<h2 class=\"wp-block-heading\">(Plankstadt \/ Rhein-Neckar-Kreis) &#8211; Angebliche Krankenkassenmitarbeiter entwenden Bargeld \/ Zeugen gesucht<\/h2>\n\n\n\n<p>Am Donnerstagvormittag gegen 10:30 Uhr klingelten zwei bisher unbekannte T\u00e4ter an einem Einfamilienhaus in der Eppelheimer Stra\u00dfe. Die M\u00e4nner gaben an, als Mitarbeiter einer Krankenkasse den Impfstatus der Bewohner zu \u00fcberpr\u00fcfen. Das Rentnerpaar gew\u00e4hrte den Verd\u00e4chtigen Zutritt zum Anwesen. W\u00e4hrend die angebliche \u00dcberpr\u00fcfung im Wohnzimmer stattfand, bemerkte die Bewohnerin, dass sich ein dritter Mann in der K\u00fcche aufhielt. Als die Seniorin den Mann ansprach, erkl\u00e4rte dieser seine Anwesenheit damit, dass er den Wasserstand ablesen m\u00fcsse. Danach fl\u00fcchteten die T\u00e4ter aus dem Haus. Eine aufmerksame Zeugin, welche die Verd\u00e4chtigen beim Verlassen des Hauses beobachtet hatte, informierte schlie\u00dflich die Polizei. Diese ermittelt nun wegen besonders schweren Falls des Diebstahls. Insgesamt entwendeten die T\u00e4ter Bargeld im mittleren vierstelligen Bereich. Die T\u00e4ter werden als m\u00e4nnlich beschrieben. Einer der M\u00e4nner trug eine Kopfbedeckung. Zwei Verd\u00e4chtige trugen einen wei\u00dfen Mund-Nasenschutz. Hinweise auf die T\u00e4ter werden beim Polizeirevier Schwetzingen unter 06202\/288-0 telefonisch entgegengenommen.<\/p>\n\n\n\n<h2 class=\"wp-block-heading\">(Schwetzingen \/ Rhein-Neckar-Kreis) &#8211; Sachbesch\u00e4digung an Waschanlage<\/h2>\n\n\n\n<p>Am 11.03.2022 gegen 22:15 Uhr besch\u00e4digte ein bislang unbekannter T\u00e4ter an einer SB-Waschanlage in der Essener Stra\u00dfe s\u00e4mtliche Saug- und Waschschl\u00e4uche, indem er diese offenbar mutwillig durchschnitt. Die Tat wurde von einer \u00dcberwachungskamera aufgezeichnet. Die Ermittlungen zu dem Sachverhalt hat das Polizeirevier Schwetzingen aufgenommen. Zeugen, die zum fraglichen Zeitpunkt etwas beobachtet haben, werden gebeten sich beim Polizeirevier Schwetzingen (Tel.: 06202\/288-0) zu melden.<\/p>\n\n\n\n<h2 class=\"wp-block-heading\">(Hockenheim \/ B 39 \/ Rhein-Neckar-Kreis) &#8211; Verkehrsunfall auf B39 \/ Fahrzeug \u00fcberschlagen &#8211; ein PKW-Fahrer verletzt<\/h2>\n\n\n\n<p>Am 13.03.2022 kam es gegen ca. 13:45 Uhr auf der B39 in H\u00f6he Hockenheim zu einem Verkehrsunfall, bei dem eine Person verletzt wurde. Aus bislang nicht bekannten Gr\u00fcnden kam der Fahrer eines Mitsubishi, welcher die B39 in Fahrtrichtung Mannheim befuhr, in H\u00f6he Hockenheim alleinbeteiligt nach rechts von der Fahrbahn ab. Das Fahrzeug \u00fcberschlug sich in der Folge mehrfach und kam schlie\u00dflich im Gr\u00fcnstreifen zum Stillstand. Der Fahrer wurde durch Rettungskr\u00e4fte versorgt und in ein Krankenhaus eingeliefert. Zu seinen Verletzungen liegen aktuell keine n\u00e4heren Informationen vor. Die Richtungsfahrbahn der B39 in Fahrtrichtung Mannheim musste f\u00fcr ca. 35 Minuten aufgrund des Einsatzes eines Rettungshubschraubers voll gesperrt werden. Um ca. 14:45 Uhr konnte die Unfallaufnahme beendet und die Fahrbahn wieder freigegeben werden. Die Ermittlungen zur Unfallursache dauern an.<\/p>\n\n\n\n<h2 class=\"wp-block-heading\">(Hockenheim \/ Rhein-Neckar-Kreis) &#8211; Gemeinschaftliche gef\u00e4hrliche K\u00f6rperverletzung<\/h2>\n\n\n\n<p>Am Sonntag den 13.03.2022 kam es in den fr\u00fchen Morgenstunden in einer Gastst\u00e4tte in Hockenheim zu verbalen Streitigkeiten unter den G\u00e4sten. Nachdem ein 44-j\u00e4hriger Gast des Lokals verwiesen wurde, verlie\u00dfen der Beschuldigte sowie seine Begleitung ebenfalls das Lokal. Auf dem Parkplatz kam es dann zu einem Angriff auf den 44-j\u00e4hrigen Gesch\u00e4digten durch diese Gruppe. Als Zeugen auf die Tat aufmerksam wurden, fl\u00fcchteten die T\u00e4ter zu Fu\u00df in verschiedene Richtungen. Anhand der Zeugenaussagen wurde umgehend die Fahndung nach den T\u00e4tern aufgenommen, welche aber negativ verlief. Im Rahmen der ersten Ermittlungen konnten Hinweise auf einen der Tatverd\u00e4chtigen gewonnen werden. Der Gesch\u00e4digte wurde durch den Angriff nicht schwerer verletzt und konnte nach einer ambulanten Behandlung durch den Rettungsdienst vor Ort wieder entlassen werden.<\/p>\n\n\n\n<p>Zeugen werden gebeten, sich beim Polizeirevier Hockenheim (Tel. 06205\/28600) zu melden.<\/p>\n\n\n\n<h2 class=\"wp-block-heading\">(Hockenheim \/ A 6 \/ Rhein-Neckar-Kreis) &#8211;  Alkoholisierter Mercedes-Fahrer verursacht Auffahrunfall<\/h2>\n\n\n\n<p>Am Donnerstagabend um 19:15 Uhr fuhr ein 36-j\u00e4hriger Mann mit seinem Mercedes Sprinter auf den Sattelzug eines 32-J\u00e4hrigen auf. Beide Fahrzeuge waren zuvor auf der BAB6 von Heilbronn Richtung Mannheim auf der mittleren Spur unterwegs. Bei der Unfallaufnahme stellten die Beamten der Autobahnpolizei Walldorf eine Alkoholisierung von \u00fcber 1,9 Promille bei dem 36-j\u00e4hrigen Mann fest. Er musste die Beamten daher auf das Autobahnpolizeirevier begleiten und eine Blutprobe abgeben. Sein F\u00fchrerschein wurde ebenfalls einbehalten. Durch den Unfall entstand Sachschaden in H\u00f6he von 10.000 Euro. Der Rettungsdienst brachte den 46-j\u00e4hrigen Beifahrer des Mercedes mit leichten Verletzungen in ein nahegelegenes Krankenhaus.<\/p>\n\n\n\n<h2 class=\"wp-block-heading\">(Sandhausen \/ Rhein-Neckar-Kreis) &#8211; Einbruch in Rastanlage \/ Polizei sucht Zeugen<\/h2>\n\n\n\n<p>In der Nacht von Donnerstag auf Freitag brachen unbekannte T\u00e4ter in die Tank- und Rastanlage &#8222;Hardtwald Ost&#8220; an der Autobahn A 5 (Fahrtrichtung Frankfurt) ein. Gegen 1.30 Uhr \u00f6ffneten die Einbrecher an dem Rastst\u00e4tten-Geb\u00e4ude auf unbekannte Art ein Fenster und drangen in den Verkaufsraum ein. Dabei lie\u00dfen sie zun\u00e4chst mehrere Schachteln mit Zigaretten mitgehen und verlie\u00dfen den Raum anschlie\u00dfend wieder. Sie wurden dabei von einer \u00dcberwachungskamera aufgenommen. Wenig sp\u00e4ter kehrten die Einbrecher zum Verkaufsraum zur\u00fcck und begaben sich in den Keller, wo sie mit brachialer Gewalt einen Lagerraum aufbrachen. Nach Aufbruch weiterer R\u00e4ume gelangten die Unbekannten in den Tresorraum und brachen hier mehrere Metallschr\u00e4nke und Tresore, vermutlich mittels einer mitgebrachten Flex, auf. Hierbei erbeuteten die Einbrecher Bargeld in noch unbekannter H\u00f6he und fl\u00fcchteten anschlie\u00dfend vom Tatort.<\/p>\n\n\n\n<p>Zeugen, die verd\u00e4chtige Wahrnehmungen gemacht haben und sachdienliche Hinweise zu den T\u00e4tern geben k\u00f6nnen, werden gebeten, sich beim Kriminaldauerdienst der Kriminalpolizeidirektion Heidelberg, Tel.: 0621\/174-4444 zu melden.<\/p>\n\n\n\n<h2 class=\"wp-block-heading\">(Sandhausen \/ A 5 \/ Rhein-Neckar-Kreis) &#8211; Fahren ohne Fahrerlaubnis<\/h2>\n\n\n\n<p>Am Donnerstag, gegen 14 Uhr fuhr ein 34-j\u00e4hriger Fahrer mit seinem Mercedes-Benz auf der Autobahn A5 zwischen den Anschlussstellen Heidelberg\/ Schwetzingen und Walldorf\/ Wiesloch.<\/p>\n\n\n\n<p>Bei einer allgemeinen Verkehrskontrolle stellten die Polizeibeamten des Verkehrsdienstes Heidelberg fest, dass der 34-J\u00e4hrige keinen F\u00fchrerschein hat.<\/p>\n\n\n\n<p>Der Mercedes-Benz wurde verkehrssicher abgestellt und die Fahrzeugschl\u00fcssel wurden polizeirechtlich beschlagnahmt.<\/p>\n\n\n\n<h2 class=\"wp-block-heading\">(Sandhausen \/ Rhein-Neckar-Kreis) &#8211; Multifunktionslenkr\u00e4der, Navigationssysteme und Elektronikmodule aus zwei Autos gestohlen; Zeugen gesucht<\/h2>\n\n\n\n<p>In der Nacht zum Donnerstag wurden zwei BMWs aufgebrochen, die in der R\u00f6ntgenstra\u00dfe und in der abgestellt waren. Aus ihnen wurden die Multifunktionslenkr\u00e4der, die Navigationssysteme Elektronikmodule sowie aus einem der Fahrzeuge zus\u00e4tzlich auch noch die gesamte Tacho-Einheit im Armaturenbrett ausgebaut.<\/p>\n\n\n\n<p>Der Gesamtschaden d\u00fcrfte sich hierbei auf weit \u00fcber 10.000.- Euro belaufen.<\/p>\n\n\n\n<p>Nach ersten Erkenntnissen d\u00fcrften die Taten zwischen 03.00-05.30 Uhr am fr\u00fchen Donnerstagmorgen begangen worden sein. Ersten Hinweisen zufolge d\u00fcrften zwei T\u00e4tern am Werk gewesen sein.<\/p>\n\n\n\n<p>Ob ein Tatzusammenhang zu zwei \u00e4hnlich gelagerten F\u00e4llen in der Nacht zum Dienstag in Schwetzingen besteht, ist Gegenstand weiterer Ermittlungen.<\/p>\n\n\n\n<p>Zeugen, die Hinweise geben k\u00f6nnen, werden gebeten, sich mit dem Kriminaldauerdienst, Tel.: 0621\/174-4444, mit dem Polizeirevier Wiesloch, Tel.: 06222\/5709-0 oder mit dem Polizeiposten Sandhausen, Tel.: 06224\/2481 in Verbindung zu setzen.<\/p>\n\n\n\n<h2 class=\"wp-block-heading\">(Walldorf \/ Rhein-Neckar-Kreis) &#8211; Verkehrsunfallflucht; Zeugenaufruf<\/h2>\n\n\n\n<p>Am gestrigen Donnerstag, zwischen 10 und 16 Uhr besch\u00e4digte ein bislang unbekannter Fahrzeugf\u00fchrer vermutlich beim Vorbeifahren einen auf dem P+R Parkplatz, Am Friedhof, ordnungsgem\u00e4\u00df geparkten Pkw Opel und entfernte sich anschlie\u00dfend ohne seiner Feststellungspflicht nachgekommen zu sein.<\/p>\n\n\n\n<p>Aufgrund der Spurenlage wurde der Unfallschaden m\u00f6glicherweise von einem Anh\u00e4nger oder einem Lkw mit niedrigem Aufbau verursacht.<\/p>\n\n\n\n<p>Der geparkte Pkw wurde an der linken Seite von der Front bis Heck in einer H\u00f6he von 45 &#8211; 70 cm erheblich besch\u00e4digt. Der Lack wurde bis auf das Blech abgekratzt. Lackantragungen konnten nicht festgestellt werden.<\/p>\n\n\n\n<p>Zeugen werden gebeten, sich mit dem Polizeirevier Wiesloch, Tel.: 06222. 5709-0, in Verbindung zu setzen.<\/p>\n\n\n\n<h2 class=\"wp-block-heading\">(Wiesloch \/ Rhein-Neckar-Kreis) &#8211; Betrunkener verursacht Unfall und fl\u00fcchtet von der Unfallstelle<\/h2>\n\n\n\n<p>Zu tief ins Glas geschaut hatte der 27-j\u00e4hrige Fahrer eines Renault Megane, der in der Nacht von Samstag auf Sonntag gegen 00.30 Uhr in der Schlo\u00dfstra\u00dfe in Wiesloch mit seinem Fahrzeug ein Verkehrsschild umfuhr und sich dann vom Unfallort entfernte, ohne seiner Feststellungspflicht nachzukommen. Eine aufmerksame Zeugin sah den Mann noch den Schaden begutachten und dann zu seinem Fahrzeug zur\u00fccktorkeln und davonfahren. Sie verst\u00e4ndigte daraufhin die Polizei. Die Beamten des Polizeireviers Wiesloch fanden an der Unfallstelle noch ein Nummernschild des Verursacherfahrzeugs und konnten den Fahrer dann an seiner Wohnanschrift antreffen. Der Mann stand mit knapp 1,8 Promille sichtlich unter Alkoholeinfluss und r\u00e4umte die Tat ein. Ihm wurde eine Blutprobe entnommen und er musste seinen F\u00fchrerschein abgeben.<\/p>\n\n\n\n<h2 class=\"wp-block-heading\">(Wiesloch \/ Rhein-Neckar-Kreis) &#8211; Wildtierunfall; zwei Wildschweine verenden an der Unfallstelle<\/h2>\n\n\n\n<p>Am Donnerstagabend, kurz nach 20 Uhr fuhr ein 55-j\u00e4hriger Passat-Fahrer die L594 aus Richtung Wiesloch in Fahrtrichtung Rot-Malsch. Auf H\u00f6he der Autobahnbr\u00fccke A6 \u00fcberquerten pl\u00f6tzlich von rechts zwei Wildschweine die Fahrbahn und rannten zun\u00e4chst in den Passat. Im Anschluss kollidierte ein nachfolgender 35-j\u00e4hriger Fahrer mit seinem Seat mit einem der beiden Wildtiere.<\/p>\n\n\n\n<p>An den beiden Fahrzeugen entstand Sachschaden von insgesamt circa 3.000 Euro. Die beiden Autofahrer wurden nicht verletzt. Die Wildschweine verendeten noch an der Unfallstelle und wurden von dem Jagdp\u00e4chter abtransportiert.<\/p>\n\n\n\n<h2 class=\"wp-block-heading\">(St. Leon-Rot \/ A 5 \/ Rhein-Neckar-Kreis) &#8211; Verkehrsunfall mit verletztem Motorradfahrer auf BAB A5<\/h2>\n\n\n\n<h3 class=\"has-text-align-center wp-block-heading\">Pressemitteilung Nr. 1<\/h3>\n\n\n\n<p>Am 13.03.2022 gegen 12:20 Uhr kam es auf der BAB A5 zwischen der AS Kronau und dem AK Walldorf in Fahrtrichtung Heidelberg zu einem Verkehrsunfall zwischen mehreren Fahrzeugen, bei dem ein Motorradfahrer verletzt wurde. Polizei und Rettungskr\u00e4fte befinden sich aktuell vor Ort im Einsatz. Der Verkehr wird einspurig an der Unfallstelle vorbeigeleitet.<\/p>\n\n\n\n<h2 class=\"has-text-align-center wp-block-heading\">Pressemitteilung Nr. 2<\/h2>\n\n\n\n<p>Am 13.03.2022 gegen 12:20 Uhr kam es auf der BAB A5 zwischen der AS Kronau und dem AK Walldorf auf H\u00f6he St. Leon-Rot zu einem Verkehrsunfall zwischen drei Fahrzeugen, bei dem ein Motorradfahrer schwer verletzt wurde. Aufgrund pl\u00f6tzlich stockenden Verkehrs musste ein 53-j\u00e4hriger Volvo-Fahrer eine Gefahrenbremsung einleiten um zum Stehen zu kommen. Ein dahinter befindlicher Fahrer eines Kleintransporters konnte daraufhin nicht mehr rechtzeitig bremsen und fuhr auf den Volvo auf. Gleiches geschah einem 61-j\u00e4hrigen Motorradfahrer, der in der Folge auf den vor ihm fahrenden Kleintransporter auffuhr. Durch den Zusammenprall wurde der Motorradfahrer schwer verletzt und verlor kurzzeitig das Bewusstsein. Er wurde anschlie\u00dfend durch Rettungskr\u00e4fte versorgt und in ein Krankenhaus eingeliefert. N\u00e4here Informationen zum Gesundheitszustand des Motorradfahrers liegen aktuell nicht vor. Die Richtungsfahrbahn der BAB A5 in Fahrtrichtung Heidelberg musste f\u00fcr die Dauer der Unfallaufnahme bis ca. 13:40 Uhr teilweise gesperrt werden. Der Verkehr wurde auf dem linken Fahrstreifen an der Unfallstelle vorbeigeleitet. Insgesamt entstand ein Sachschaden von ca. 23.000 Euro.<\/p>\n\n\n\n<h2 class=\"wp-block-heading\">(Sinsheim \/ Rhein-Neckar-Kreis) &#8211; Rollerfahrer bei Unfall verletzt<\/h2>\n\n\n\n<p>Opfer eines Verkehrsunfalls wurde am Donnerstagnachmittag ein 39-j\u00e4hriger Rollerfahrer. Der Mann war gegen 15.30 Uhr auf der Sinsheimer Stra\u00dfe im Ortsteil Hoffenheim in Richtung Sinsheim unterwegs, als er in H\u00f6he &#8222;Beim Damm&#8220; vor ihm, wegen eines R\u00fcckstaus abbremsende Fahrzeuge \u00fcbersah. Dies hatte zur Folge, dass er auf das Auto eines 31-J\u00e4hrigen auffuhr. Verletzt wurde zum Gl\u00fcck niemand. Der Roller musste abgeschleppt werden. Der Gesamtschaden bel\u00e4uft sich auf rund 4.000.- Euro.<\/p>\n\n\n\n<h2 class=\"wp-block-heading\">(Sinsheim \/ Rhein-Neckar-Kreis) &#8211; Rollerfahrer bei Unfall verletzt \u00dcber 2,5 Promille am helllichten Tag<\/h2>\n\n\n\n<p>Einen &#8222;m\u00e4chtig in der Krone&#8220; hatte am Donnerstag ein 59-j\u00e4hriger Autofahrer, als er um die Mittagszeit in der Neulandstra\u00dfe kontrolliert wurde. \u00dcber 2,5 Promille ergab ein erster Test, weshalb eine Blutprobe auf dem Revier durchgef\u00fchrt wurde. Seinen F\u00fchrerschein musste er sofort abgeben.<\/p>\n\n\n\n<p>Der Mann war einer Streife kurz nach 12 Uhr aufgefallen, als er vom Parkplatz eines Discountmarktes auf die Neulandstra\u00dfe einbiegen wollte. Die vorbeifahrenden Beamten erkannten, dass der Mann keinen Gurt angelegt hatte und kontrollierten ihn daraufhin.<\/p>\n\n\n\n<h2 class=\"wp-block-heading\">(Waibstadt \/ Rhein-Neckar-Kreis) &#8211; Ladung verloren und Unfall verursacht \/ Zeugen gesucht<\/h2>\n\n\n\n<p>Am Freitagmorgen gegen 8.15 Uhr bog ein bisher unbekannter Klein-LKW von der Hauptstra\u00dfe nach rechts auf die Helmstadter Stra\u00dfe (L549) in Richtung B292 ein. Hierbei verlor der LKW von der Ladefl\u00e4che seines Anh\u00e4ngers ein Metallgitter. Dieses fiel auf den BMW eines 27-j\u00e4hrigen Mannes, welcher dem LKW entgegenfuhr. Der Fahrer des LKW setzte seine Fahrt fort, ohne sich um die herabgefallene Ladung oder den entstandenen Schaden zu k\u00fcmmern. Am BMW entstand Sachschaden in H\u00f6he von 2.000 Euro. Das Polizeirevier Sinsheim ermittelt nun wegen Verkehrsunfallflucht. Zeugen, welche den Unfall beobachtet haben oder Hinweise auf den Fahrzeugf\u00fchrer bzw. die Fahrzeugf\u00fchrerin geben k\u00f6nnen, werden gebeten, sich telefonisch unter 07261\/690-0 zu melden.<\/p>\n\n\n\n<h2 class=\"wp-block-heading\">(Spechbach \/ Rhein-Neckar-Kreis) &#8211; Brandursache in Mehrfamilienhaus noch unklar<\/h2>\n\n\n\n<h3 class=\"has-text-align-center wp-block-heading\">Pressemitteilung Nr. 2<\/h3>\n\n\n\n<p>Was den Brand in einem Mehrfamilienhaus in der Epfenbergstra\u00dfe am sp\u00e4ten Donnerstagnachmittag ausl\u00f6ste, ist nach wie vor unklar.<\/p>\n\n\n\n<p>Die Brandexperten des Polizeirevier Neckargem\u00fcnd haben die weiteren Ermittlungen \u00fcbernommen.<\/p>\n\n\n\n<p>Das Feuer brach gegen 17.30 Uhr im Dachgeschoss des Hauses aus und richtete einen Schaden von rund 50.000.- Euro an. Verletzt wurde niemand.<\/p>\n\n\n\n<h2 class=\"wp-block-heading\">(Eberbach \/ Rhein-Neckar-Kreis) &#8211; Yamaha Fahrer kommt von Fahrbahn ab und verletzt sich schwer \/ Rettungshubschrauber im Einsatz<\/h2>\n\n\n\n<p>Am Freitagnachmittag, gegen 15.50 Uhr, befuhr ein 28-j\u00e4hriger mit seinem Motorrad der Marke Yamaha die L 595 von Neckarwimmersbach kommend in Richtung Pleutersbach. In einer Linkskurve verlor der 28-J\u00e4hrige aus noch unklarer Ursache die Kontrolle \u00fcber sein Krad, kam von der Fahrbahn ab und blieb im Bereich eines Feldweges liegen. Durch den Sturz zog er sich schwere Verletzungen zu. Er wurde zur weiteren medizinischen Behandlung mit einem Rettungshubschrauber in eine Klinik geflogen. Der Verkehrsdienst Heidelberg hat die Ermittlungen aufgenommen.<\/p>\n\n\n\n<h2 class=\"has-text-align-center wp-block-heading\">Pressemitteilung Nr. 2<\/h2>\n\n\n\n<div class=\"wp-block-image\"><figure class=\"aligncenter size-full\"><img decoding=\"async\" loading=\"lazy\" width=\"800\" height=\"533\" src=\"https:\/\/speyer24news.com\/wp-content\/uploads\/2021\/01\/Ruhe-in-Frieden.jpg\" alt=\"\" class=\"wp-image-32361\" srcset=\"https:\/\/speyer24news.com\/wp-content\/uploads\/2021\/01\/Ruhe-in-Frieden.jpg 800w, https:\/\/speyer24news.com\/wp-content\/uploads\/2021\/01\/Ruhe-in-Frieden-300x200.jpg 300w, https:\/\/speyer24news.com\/wp-content\/uploads\/2021\/01\/Ruhe-in-Frieden-768x512.jpg 768w\" sizes=\"(max-width: 800px) 100vw, 800px\" \/><\/figure><\/div>\n\n\n\n<p>Bei einem Verkehrsunfall am Freitagnachmittag um 15.50 Uhr auf der L 595, zwischen Neckarwimmersbach und Pleutersbach, erlitt ein 28-j\u00e4hriger Yamaha-Fahrer zun\u00e4chst schwere Verletzungen. Er wurde unter notfallmedizinischer Behandlung mit einem Rettungshubschrauber in eine Mannheimer Klinik eingeliefert. Dort erlag er in den Abendstunden seinen schweren Verletzungen. Zeugen oder Verkehrsteilnehmer, die sachdienliche Angaben zum Unfallhergang machen k\u00f6nnen, werden gebeten, sich unter Telefon 0621\/174-4111 bei der Verkehrspolizei in Heidelberg zu melden.<\/p>\n\n\n\n<h2 class=\"wp-block-heading\">(Eberbach \/ Rhein-Neckar-Kreis) &#8211; Illegale M\u00fcllentsorgung \/ Zeugen gesucht!<\/h2>\n\n\n\n<p>Am Donnerstagnachmittag gegen 17 Uhr stellte ein aufmerksamer Verkehrsteilnehmer auf einem Waldparkplatz der K4105 zwischen Moosbrunn und Hirschhorn illegal abgelagerten M\u00fcll fest und verst\u00e4ndigte das Polizeirevier Eberbach. Die alarmierte Polizeistreife konnte schlie\u00dflich auf dem Parkplatz &#8222;Bassgeige&#8220; Haushaltsm\u00fcll auf einer Fl\u00e4che von etwa 25 qm auffinden. Nach einer Durchschau des M\u00fclls erlangten die Beamten erste Hinweise, die auf eine m\u00f6gliche Verursacherin schlie\u00dfen lie\u00dfen. Die Ermittlungen hierzu dauern noch an. Die Gemeinde Sch\u00f6nbrunn veranlasste umgehend die fachgerechte Entsorgung des Abfalls. Das Polizeirevier Eberbach sucht Zeugen, die Hinweise zu der Verursacherin oder dem Verursacher geben k\u00f6nnen oder verd\u00e4chtige Wahrnehmungen gemacht haben und bittet diese, sich unter der Telefonnummer 06271\/9210-0 zu melden<\/p>\n\n\n\n<h2 class=\"wp-block-heading\">(Eberbach \/ Rhein-Neckar-Kreis) &#8211; Elektrorollstuhl aus Garage gestohlen \/ Zeugen gesucht!<\/h2>\n\n\n\n<p>Zwischen Mittwoch, 09:00 Uhr, und Donnerstag, 08:30 Uhr, entwendete ein oder mehrere unbekannte T\u00e4ter in der K\u00f6nig-Heinrich-Stra\u00dfe einen Elektrorollstuhl aus einer offenstehenden Garage. Hinweise auf den oder die T\u00e4ter liegen derzeit keine vor. Zeugen, die verd\u00e4chtige Wahrnehmungen gemacht haben, werden gebeten, sich unter der Telefonnummer 06271\/9210-0 beim Polizeirevier Eberbach zu melden.<\/p>\n\n\n\n<h2 class=\"wp-block-heading\">(Neckargem\u00fcnd \/ Rhein-Neckar-Kreis) &#8211; Zeugin beobachtete Unfallflucht; weitere Zeugen gesucht<\/h2>\n\n\n\n<p>Bereits am Donnerstagabend beobachtete eine Zeugin, wie die Fahrerin eines dunklen Cabrio- Kleinwagens, \u00e4hnlich eines Peugeot 206 CC oder Opel Tigra, um 19.50\/19.55 Uhr, beim r\u00fcckw\u00e4rts Ausparken gegen einen Skoda stie\u00df, der auf dem Parkplatz &#8222;Lohplatz&#8220; in der Schiffsgasse geparkt war. Dabei entstand ein Sachschaden von \u00fcber 2.000.- Euro.<\/p>\n\n\n\n<p>Anschlie\u00dfend waren die Fahrerin und ihr Beifahrer ausgestiegen, sahen sich den Schaden am Skoda an, stiegen wieder ein und fuhren davon.<\/p>\n\n\n\n<p>Eine Beschreibungen des P\u00e4rchens liegt bislang noch nicht vor.<\/p>\n\n\n\n<p>Weitere Zeugen, die Hinweise auf die Verursacherin und ihren Beifahrer, sowie zu ihrem Fahrzeug geben k\u00f6nnen, werden gebeten, sich beim Polizeirevier Neckargem\u00fcnd, Tel.: 06223\/9254-0 zu melden.<\/p>\n\n\n\n<h2 class=\"wp-block-heading\">(Bammental \/ Rhein-Neckar-Kreis) &#8211; Unfallflucht; Zeugen gesucht<\/h2>\n\n\n\n<p>Wegen des Verdachts der Unfallflucht ermittelt das Polizeirevier Neckargem\u00fcnd gegen den Fahrer\/die Fahrerin eines silbernen Kleinwagens, der\/die einen Skoda beim Vorbeifahren streifte, der am Freitagvormittag vor einer B\u00e4ckerei in der Reilsheimer Stra\u00dfe parkte.<\/p>\n\n\n\n<p>Die Fahrerin des Skoda hatte gegen 08.45 Uhr gerade die hintere, linke T\u00fcr ge\u00f6ffnet, um ihren kleinen Sohn abzuschnallen. In diesem Moment fuhr der Kleinwagen vorbei, streifte die ge\u00f6ffnete T\u00fcr, fuhr weiter und bog in die Stra\u00dfe &#8222;In den Brunnenwiesen&#8220; ab.<\/p>\n\n\n\n<p>Eine Fahndung nach dem Fahrzeug wenig sp\u00e4ter blieb ohne Ergebnis.<\/p>\n\n\n\n<p>Der Schaden wird auf nahezu 1.000.- Euro gesch\u00e4tzt.<\/p>\n\n\n\n<p>Zeugen, die Hinweise auf den fl\u00fcchtigen silbernen Kleinwagen und oder dessen Fahrer\/Fahrerin geben k\u00f6nnen, werden gebeten, sich mit dem Polizeirevier Neckargem\u00fcnd, Tel.: 06223\/9254-0 in Verbindung zu setzen.<\/p>\n\n\n\n<h2 class=\"wp-block-heading\">(Schriesheim, \/ L 536 \/ Rhein-Neckar-Kreis) &#8211; Schwerer Unfall auf der L 536 zwischen Schriesheim und Wilhelmsfeld, Frontalzusammensto\u00df<\/h2>\n\n\n\n<p>Derzeit (12.03.2022 \u2013 13:00) sind Polizei und der Rettungsdienst bei einem schweren Unfall auf der L 536 im Einsatz. Bei einem Frontalzusammensto\u00df wurde eine Person lebensgef\u00e4hrlich verletzt. Die Rettungsarbeiten dauern an. Die Stra\u00dfe ist derzeit voll gesperrt.<\/p>\n\n\n\n<h3 class=\"has-text-align-center wp-block-heading\">Pressemeldung Nr. 2<\/h3>\n\n\n\n<div class=\"wp-block-image\"><figure class=\"aligncenter size-full\"><img decoding=\"async\" loading=\"lazy\" width=\"800\" height=\"533\" src=\"https:\/\/speyer24news.com\/wp-content\/uploads\/2021\/02\/candle-2038736_1920.jpg\" alt=\"\" class=\"wp-image-33582\" srcset=\"https:\/\/speyer24news.com\/wp-content\/uploads\/2021\/02\/candle-2038736_1920.jpg 800w, https:\/\/speyer24news.com\/wp-content\/uploads\/2021\/02\/candle-2038736_1920-300x200.jpg 300w, https:\/\/speyer24news.com\/wp-content\/uploads\/2021\/02\/candle-2038736_1920-768x512.jpg 768w\" sizes=\"(max-width: 800px) 100vw, 800px\" \/><\/figure><\/div>\n\n\n\n<p>Nach bisherigem Ermittlungsstand befuhr gegen 12:37 Uhr ein 31-j\u00e4hriger Mann mit seiner Beifahrerin in einem Audi A4 die L 536 von Schriesheim kommend in Richtung Wilhelmsfeld. Aus bisher unbekannter Ursache kam er mit seinem Fahrzeug ins Schleudern. Er bekam das Fahrzeug nicht mehr unter Kontrolle und geriet daraufhin mit seinem PKW in den Gegenverkehr. Dort befuhr eine 29-j\u00e4hrige Frau mit ihrem Ford Fiesta die Gegenfahrbahn. Sie versuchte offensichtlich noch zu bremsen, konnte aber dem Audi nicht mehr ausweichen, so dass es zu einem Frontalzusammensto\u00df kam. Die Frau wurde lebensgef\u00e4hrlich verletzt und verstarb trotz sofort eingeleiteter Rettungsma\u00dfnahmen in einer nahe gelegenen Klinik. Der 31-j\u00e4hrige Unfallverursacher und seine 63-j\u00e4hrige Beifahrerin wurden schwer verletzt. Eine Lebensgefahr besteht nach derzeitigem Kenntnisstand bei beiden Personen aber nicht. Die L 536 war f\u00fcr die Rettungsma\u00dfnahmen ca. 4 Stunden voll gesperrt. Der Verkehrsdienst Mannheim hat die Ermittlungen zu dem Unfallhergang aufgenommen. Die Beamten werden hierbei von einem Sachverst\u00e4ndigen unterst\u00fctzt.<\/p>\n\n\n\n<h2 class=\"wp-block-heading\">(Weinheim \/ Rhein-Neckar-Kreis) &#8211; Fahren unter Drogeneinfluss, Handybeschlagnahme wegen verbotener Aufzeichnung<\/h2>\n\n\n\n<div class=\"wp-block-image\"><figure class=\"aligncenter size-full\"><img decoding=\"async\" loading=\"lazy\" width=\"800\" height=\"600\" src=\"https:\/\/speyer24news.com\/wp-content\/uploads\/2019\/09\/Drogtentest.jpg\" alt=\"\" class=\"wp-image-18467\" srcset=\"https:\/\/speyer24news.com\/wp-content\/uploads\/2019\/09\/Drogtentest.jpg 800w, https:\/\/speyer24news.com\/wp-content\/uploads\/2019\/09\/Drogtentest-300x225.jpg 300w, https:\/\/speyer24news.com\/wp-content\/uploads\/2019\/09\/Drogtentest-768x576.jpg 768w, https:\/\/speyer24news.com\/wp-content\/uploads\/2019\/09\/Drogtentest-678x509.jpg 678w, https:\/\/speyer24news.com\/wp-content\/uploads\/2019\/09\/Drogtentest-326x245.jpg 326w, https:\/\/speyer24news.com\/wp-content\/uploads\/2019\/09\/Drogtentest-80x60.jpg 80w\" sizes=\"(max-width: 800px) 100vw, 800px\" \/><\/figure><\/div>\n\n\n\n<p>Ein 27-j\u00e4hriger Mann fuhr mit &#8222;\u00e4rztlichem Drogen-Rezept&#8220; unter Drogeneinfluss mit seinem Auto. Auf dem Weg zur Blutentnahme l\u00e4sst er sich zu Boden fallen und &#8222;str\u00e4ubte&#8220; sich, in den Funkwagen einzusteigen. Sein 28-j\u00e4hriger Bruder filmte dabei die Polizeikontrolle mit seinem Mobiltelefon, das daraufhin von der Polizei beschlagnahmt wurde.<\/p>\n\n\n\n<p>Am gestrigen Donnerstagabend, kurz vor 21 Uhr fuhr ein 27-J\u00e4hriger mit seinem Auto in der Breslauer Stra\u00dfe. Gemeinsam mit seinem 28-j\u00e4hrigen Bruder und einen Freund wollten sie eine Shisha Bar besuchen.<\/p>\n\n\n\n<p>W\u00e4hrend der Verkehrskontrolle in der Breslauer Stra\u00dfe stellten die Polizeibeamten bei dem Auto-Fahrer Hinweise auf Drogenkonsum fest. Auf Vorhalt r\u00e4umte der 27-J\u00e4hrige auch ein, auf \u00e4rztliche Anordnung morgens Cannabis konsumiert zu haben. Das Rezept legte er den Beamten gleich mit vor.<\/p>\n\n\n\n<p>Das Rezept war allerdings fehlerhaft ausgef\u00fcllt und lie\u00df viele Fragen offen.<\/p>\n\n\n\n<p>Da der 27-J\u00e4hrige unter Drogeneinfluss mit seinem Auto unterwegs war, wurde von den Beamten eine Blutentnahme angeordnet. Der Mann weigerte sich aber vehement und wollte sogar in sein eigenes Auto einsteigen und wieder weiterfahren. Er wurde zunehmend aggressiver und die Kontrollsituation drohe zu eskalieren.<\/p>\n\n\n\n<p>Als sein 28-j\u00e4hriger Bruder die Verkehrskontrolle und die Kontrollgespr\u00e4che filmte, wurde der Mann mehrfach von den Beamten darauf hingewiesen, dies zu lassen und die nicht \u00f6ffentlich gesprochenen Worte auf seinem Mobiltelefon wieder zu l\u00f6schen.<\/p>\n\n\n\n<p>Da er dies ablehnte und st\u00e4ndig das Filmen der Kontrolle fortf\u00fchrte, wurde sein Handy beschlagnahmt.<\/p>\n\n\n\n<p>Weitere Funkstreifen wurden angefordert und kamen in die Weststadt zur Unterst\u00fctzung an die Kontrollstelle.<\/p>\n\n\n\n<p>Der 27-j\u00e4hrige weigerte sich weiterhin und lie\u00df sich auf dem Weg zum Polizeiauto zu Boden fallen. Letztendlich wurde er dann doch mit dem Funkwagen zum Polizeirevier verbracht und dort konnte die Blutentnahme durch einen Polizeivertragsarzt durchgef\u00fchrt werden.<\/p>\n\n\n\n<p>Auch die Polizeibeamten filmten den Ablauf. Sie nahmen ihre dienstlichen Bodycams in Betrieb. Die Aufnahmen werden nun ausgewertet und flie\u00dfen in den Ermittlungsvorgang ein.<\/p>\n\n\n\n<p>Der 27-J\u00e4hrige erh\u00e4lt nun eine Anzeige u. a. wegen Fahren eines Kraftfahrzeuges &#8222;unter Wirkung berauschender Mittel&#8220;. Des Weiteren wird sein 28-j\u00e4hriger Bruder, der das nicht \u00f6ffentliche Wort aufgezeichnet hat, ebenfalls angezeigt. Und auch der Arzt erh\u00e4lt eine Anzeige wegen dem fehlerhaft ausgef\u00fcllten Rezept.<\/p>\n\n\n\n<h2 class=\"wp-block-heading\">(Hemsbach \/ Rhein-Neckar-Kreis) &#8211; 33-J\u00e4hriger mit Drogen erwischt<\/h2>\n\n\n\n<div class=\"wp-block-image\"><figure class=\"aligncenter size-full\"><img decoding=\"async\" loading=\"lazy\" width=\"800\" height=\"600\" src=\"https:\/\/speyer24news.com\/wp-content\/uploads\/2019\/06\/Ausn\u00fcchterungszelle.jpg\" alt=\"\" class=\"wp-image-15212\" srcset=\"https:\/\/speyer24news.com\/wp-content\/uploads\/2019\/06\/Ausn\u00fcchterungszelle.jpg 800w, https:\/\/speyer24news.com\/wp-content\/uploads\/2019\/06\/Ausn\u00fcchterungszelle-300x225.jpg 300w, https:\/\/speyer24news.com\/wp-content\/uploads\/2019\/06\/Ausn\u00fcchterungszelle-768x576.jpg 768w, https:\/\/speyer24news.com\/wp-content\/uploads\/2019\/06\/Ausn\u00fcchterungszelle-678x509.jpg 678w, https:\/\/speyer24news.com\/wp-content\/uploads\/2019\/06\/Ausn\u00fcchterungszelle-326x245.jpg 326w, https:\/\/speyer24news.com\/wp-content\/uploads\/2019\/06\/Ausn\u00fcchterungszelle-80x60.jpg 80w\" sizes=\"(max-width: 800px) 100vw, 800px\" \/><\/figure><\/div>\n\n\n\n<p>Ein 33-j\u00e4hriger Mann wurde am Donnerstagnachmittag in Hemsbach mit einer gr\u00f6\u00dferen Menge Rauschgift erwischt. Der Mann fiel einer Polizeistreife kurz nach 15 Uhr auf, als sich dieser am Kurpfalzkreisel aufhielt. Beim Erblicken des Streifenwagens beschleunigte er seinen Schritt und rannte los, als der Streifenwagen stoppte. W\u00e4hrend seiner Flucht zu Fu\u00df warf er mehrere Gegenst\u00e4nde fort. Er konnte schlie\u00dflich in der K\u00f6nigsberger Stra\u00dfe eingeholt und festgenommen werden. Bei der Absuche des Fluchtweges fanden die Beamten einen Beutel mit rund 26 Gramm Amphetamin und zwei Marihuana-Joints. Der Mann wurde zum Polizeirevier Weinheim gebracht.<\/p>\n\n\n\n<p>Im Rahmen der weiteren Ermittlungen wegen des Verdachts des Drogenhandels stellte sich heraus, dass der 33-J\u00e4hrige mehrmals unentschuldigt einer gegen ihn gef\u00fchrten Gerichtsverhandlung fernblieb. Um seine Anwesenheit zum n\u00e4chsten anberaumten Verhandlungstermin sicherzustellen, wurde durch das Amtsgericht Weinheim Haftbefehl (sog. Sitzungshaftbefehl) gegen ihn erlassen. Er wurde anschlie\u00dfend in eine Justizvollzugsanstalt eingeliefert.<\/p>\n","protected":false},"excerpt":{"rendered":"<div class=\"mh-excerpt\"><p>Polizeimeldungen vom Wochenende (11.03 &#8211; 13.03.2022) (Speyer) &#8211; Einbruch in Tanzschule In der Nacht auf Sonntag kam es zu einem Einbruch in eine Tanzschule in der Raiffeisenstra\u00dfe in Speyer. Hier hebelten unbekannte T\u00e4ter ein Fenster <a class=\"mh-excerpt-more\" href=\"https:\/\/speyer24news.com\/?p=43406\" title=\"Polizei\">[&#8230;]<\/a><\/p>\n<\/div>","protected":false},"author":3,"featured_media":26162,"comment_status":"open","ping_status":"open","sticky":false,"template":"","format":"standard","meta":{"_monsterinsights_skip_tracking":false,"_monsterinsights_sitenote_active":false,"_monsterinsights_sitenote_note":"","_monsterinsights_sitenote_category":0,"footnotes":""},"categories":[12],"tags":[3614,702,61,2555,6955,6986,6263,63,105,11150,6987,53,4854,13534,4683,1548,4905,102,213,13541,55,6368,5261,103,106,2803,2423,427,2625,380,62,104,979,1565],"aioseo_notices":[],"amp_enabled":true,"_links":{"self":[{"href":"https:\/\/speyer24news.com\/index.php?rest_route=\/wp\/v2\/posts\/43406"}],"collection":[{"href":"https:\/\/speyer24news.com\/index.php?rest_route=\/wp\/v2\/posts"}],"about":[{"href":"https:\/\/speyer24news.com\/index.php?rest_route=\/wp\/v2\/types\/post"}],"author":[{"embeddable":true,"href":"https:\/\/speyer24news.com\/index.php?rest_route=\/wp\/v2\/users\/3"}],"replies":[{"embeddable":true,"href":"https:\/\/speyer24news.com\/index.php?rest_route=%2Fwp%2Fv2%2Fcomments&post=43406"}],"version-history":[{"count":3,"href":"https:\/\/speyer24news.com\/index.php?rest_route=\/wp\/v2\/posts\/43406\/revisions"}],"predecessor-version":[{"id":43420,"href":"https:\/\/speyer24news.com\/index.php?rest_route=\/wp\/v2\/posts\/43406\/revisions\/43420"}],"wp:featuredmedia":[{"embeddable":true,"href":"https:\/\/speyer24news.com\/index.php?rest_route=\/wp\/v2\/media\/26162"}],"wp:attachment":[{"href":"https:\/\/speyer24news.com\/index.php?rest_route=%2Fwp%2Fv2%2Fmedia&parent=43406"}],"wp:term":[{"taxonomy":"category","embeddable":true,"href":"https:\/\/speyer24news.com\/index.php?rest_route=%2Fwp%2Fv2%2Fcategories&post=43406"},{"taxonomy":"post_tag","embeddable":true,"href":"https:\/\/speyer24news.com\/index.php?rest_route=%2Fwp%2Fv2%2Ftags&post=43406"}],"curies":[{"name":"wp","href":"https:\/\/api.w.org\/{rel}","templated":true}]}}