{"id":43578,"date":"2022-03-21T09:32:12","date_gmt":"2022-03-21T08:32:12","guid":{"rendered":"https:\/\/speyer24news.com\/?p=43578"},"modified":"2022-03-21T09:39:36","modified_gmt":"2022-03-21T08:39:36","slug":"polizeimeldungen-vom-wochenende-19-20-03-2022","status":"publish","type":"post","link":"https:\/\/speyer24news.com\/?p=43578","title":{"rendered":"Polizeimeldungen vom Wochenende (19. &#038; 20.03.2022)"},"content":{"rendered":"<style type=\"text\/css\">\r\n\t.ads_top_disp{}\r\n\t.ads_top_corner_disp{ float:left; margin:0px 10px 10px 0px; }\r\n\t.ads_first_p_disp{}\r\n\t.ads_bottom_disp{}\r\n\t<\/style>\n<div class=\"wp-block-image\"><figure class=\"aligncenter size-full\"><img decoding=\"async\" src=\"https:\/\/speyer24news.com\/wp-content\/uploads\/2019\/11\/Aktuelles-Polizeilogo.jpg\" alt=\"\" class=\"wp-image-21845\"\/><\/figure><\/div>\n\n\n\n<h2 class=\"wp-block-heading\">(Speyer) &#8211; Dank aufmerksamen Zeugen T\u00e4ter bei PKW Aufbruch auf frischer Tat ertappt<\/h2>\n\n\n\n<div class=\"wp-block-image\"><figure class=\"aligncenter size-full\"><img decoding=\"async\" loading=\"lazy\" width=\"800\" height=\"533\" src=\"https:\/\/speyer24news.com\/wp-content\/uploads\/2021\/10\/Festnahme-Handschellen.jpg\" alt=\"\" class=\"wp-image-41224\" srcset=\"https:\/\/speyer24news.com\/wp-content\/uploads\/2021\/10\/Festnahme-Handschellen.jpg 800w, https:\/\/speyer24news.com\/wp-content\/uploads\/2021\/10\/Festnahme-Handschellen-300x200.jpg 300w, https:\/\/speyer24news.com\/wp-content\/uploads\/2021\/10\/Festnahme-Handschellen-768x512.jpg 768w\" sizes=\"(max-width: 800px) 100vw, 800px\" \/><\/figure><\/div>\n\n\n\n<p>In der Nacht zum Sonntag versuchte eine m\u00e4nnliche Person mehrere Fahrzeuge im Bereich Speyer\/Nord, Bahnhof Speyer Nord\/West aufzubrechen. Im L\u00e4rchenweg konnte er gegen 02:00 Uhr von einem 19j\u00e4hrigen Zeugen dabei beobachtet werden wie er bei einem dort parkenden Cabrio der Marke Audi mit einem mitgef\u00fchrten Klappmesser das Dach aufschlitzte. Als der T\u00e4ter sich vom Fahrzeug entfernen wollte, wollte ihn der Zeuge davon abhalten. Der T\u00e4ter bedrohte ihn daraufhin mit dem Messer, stach in seine Richtung und entfernte sich dann fluchtartig vom Tatort. Der couragierte Zeuge, der unverletzt blieb, folgte ihm und informierte die Polizei. Der 32j\u00e4hrige T\u00e4ter konnte dadurch im Rahmen der polizeilichen Fahndungsma\u00dfnahme festgestellt und festgenommen werden. Bei der Durchsuchung der Person konnten etliche Wertgegenst\u00e4nde aufgefunden werden, die den PKW-Aufbr\u00fcchen zuzuordnen sind. Er wurde zur Dienststelle verbracht und ihm wurde eine Blutprobe entnommen. Gegen den 32j\u00e4hrige wurden mehrere Strafverfahren unter anderem wegen Diebstahl und versuchter K\u00f6rperverletzung eingeleitet. Zum jetzigen Zeitpunkt konnten zwei aufgebrochene Fahrzeuge in dem oben genannten Bereich festgestellt werden, die Schadensh\u00f6he ist hierbei noch nicht bekannt.<\/p>\n\n\n\n<p>Zeugenhinweise zu verd\u00e4chtigen Beobachtungen in der Nacht zum Sonntag im Bereich Speyer Nord\/Nord-West nimmt die Polizei Speyer unter der Tel. 06232\/137-0 oder per Email (<a href=\"mailto:pispeyer@polizei.rlp.de\">pispeyer@polizei.rlp.de<\/a>) entgegen.<\/p>\n\n\n\n<h2 class=\"wp-block-heading\">(Speyer) &#8211; Steinewerfer leistet Widerstand gegen Polizeibeamte<\/h2>\n\n\n\n<p>Ein 44j\u00e4hriger Mann aus Singen warf in der Landauerstra\u00dfe in Speyer Steine gegen dort parkende Fahrzeuge. Beim Eintreffen der eingesetzten Beamten hielt er immer noch einen Stein in der Hand und bedrohte damit die Polizeibeamten. Trotz mehrfacher Aufforderung wurde der Stein nicht abgelegt weshalb er von den Beamten zu Boden gebracht und gefesselt werden musste. Hierbei wurden sowohl der 44 j\u00e4hrige wie auch einer der eingesetzten Beamten leicht verletzt. Beide erlitten Sch\u00fcrfwunden. Der Mann wurde zwecks weiterer Ma\u00dfnahmen zur Dienststelle verbracht, ein Strafverfahren wegen Widerstand gegen Vollstreckungsbeamten und weiterhin wegen Sachbesch\u00e4digung wurde eingeleitet, da an zwei parkenden Fahrzeugen durch das Steinewerfen Schaden in noch unbekannter H\u00f6he entstand.<\/p>\n\n\n\n<h2 class=\"wp-block-heading\">(A 61 \/ Hockenheim FR Speyer) &#8211; Schlangenlinienfahrender PKW<\/h2>\n\n\n\n<p>Eine 45j\u00e4hrige Autofahrerin meldet ein schlangenlinienfahrendes Fahrzeug auf der A61 Hockenheim in Fahrtrichtung Speyer. Bei einem \u00dcberholvorgang musste die 45 j\u00e4hrige abbremsen um einen Zusammensto\u00df zu vermeiden, ob weitere Verkehrsteilnehmer durch das Fahrverhalten gef\u00e4hrdet wurden, ist unklar. Der 36j\u00e4hriger Hyundaifahrer konnte festgestellt und einer Verkehrskontrolle unterzogen werden. Ein freiwillig durchgef\u00fchrter Atemalkoholtest ergab einen Wert von 2,25 Promille. Er wurde zur Dienststelle verbracht, Blutprobe wurde entnommen und ein Strafverfahren eingeleitet.<\/p>\n\n\n\n<p>Zeugen der Fahrt bzw. m\u00f6gliche weiterer Gesch\u00e4digte\/Gef\u00e4hrdete werden gebeten sich unter der Tel. 06232\/137-0 oder per Email (<a href=\"mailto:pispeyer@polizei.rlp.de\">pispeyer@polizei.rlp.de<\/a>) mit der Polizei Speyer in Verbindung zu setzen.<\/p>\n\n\n\n<h2 class=\"wp-block-heading\">(Speyer) &#8211; Nach Ablenkung Geldbeutel entwendet<a href=\"https:\/\/www.facebook.com\/sharer.php?u=https%3A%2F%2Fwww.presseportal.de%2Fblaulicht%2Fpm%2F117688%2F5174955%2F%3Futm_source%3Dfacebook%26utm_medium%3Dsocial\"><\/a><a href=\"https:\/\/twitter.com\/intent\/tweet?text=POL-PDLU%3A%20Nach%20Ablenkung%20Geldbeutel%20entwendet&amp;url=https%3A%2F%2Fwww.presseportal.de%2Fblaulicht%2Fpm%2F117688%2F5174955%2F%3Futm_source%3Dtwitter%26utm_medium%3Dsocial&amp;hashtags=ots&amp;lang=de\"><\/a><a href=\"https:\/\/web.whatsapp.com\/send?text=POL-PDLU%3A%20Nach%20Ablenkung%20Geldbeutel%20entwendet%0A%0Ahttps%3A%2F%2Fwww.presseportal.de%2Fblaulicht%2Fpm%2F117688%2F5174955%2F%3Futm_source%3Dwhatsapp%26utm_medium%3Dsocial\"><\/a><a href=\"https:\/\/www.xing.com\/app\/user?op=share;url=https%3A%2F%2Fwww.presseportal.de%2Fblaulicht%2Fpm%2F117688%2F5174955%2F%3Futm_source%3Dxing%26utm_medium%3Dsocial\"><\/a><a href=\"http:\/\/www.linkedin.com\/shareArticle?mini=true&amp;url=https%3A%2F%2Fwww.presseportal.de%2Fblaulicht%2Fpm%2F117688%2F5174955%2F%3Futm_source%3Dlinkedin%26utm_medium%3Dsocial&amp;title=POL-PDLU%3A+Nach+Ablenkung+Geldbeutel+entwendet\"><\/a><a href=\"mailto:?subject=POL-PDLU%3A%20Nach%20Ablenkung%20Geldbeutel%20entwendet&amp;body=https:\/\/www.presseportal.de\/blaulicht\/pm\/117688\/5174955\"><\/a><\/h2>\n\n\n\n<p>Eine 73j\u00e4hrige Frau aus Speyer befand sich Freitagvormittag auf dem Parkplatz eines Einkaufmarktes in der Iggelheimer Stra\u00dfe in Speyer. Sie legte ihren Geldbeutel kurzzeitig sichtbar in ihren Einkaufswagen ab. Unvermittelt wurde sie von einer m\u00e4nnlichen Person angerempelt, dieser entschuldigte sich bei der Frau und ging weiter. Kurze Zeit sp\u00e4ter bemerkte sie den Diebstahl ihres Geldbeutels. <\/p>\n\n\n\n<h4 class=\"wp-block-heading\">Den Mann beschreibt die Gesch\u00e4digte als:<\/h4>\n\n\n\n<ul><li><strong>ca. 20-30 Jahre alt<\/strong><\/li><li><strong>1,85m gro\u00df <\/strong><\/li><li><strong>schlank<\/strong><\/li><\/ul>\n\n\n\n<p>Es entstand ein Schaden von ca. 70 Euro.<\/p>\n\n\n\n<p>Wer zum oben genannten Zeitraum verd\u00e4chtige Personen oder Wahrnehmungen auf den Parkpl\u00e4tzen der Einkaufsm\u00e4rkte in der Iggelheimerstra\u00dfe gemacht hat, wird gebeten sich mit der Polizei Speyer unter der Tel. 06232\/137-0 oder per Email (<a href=\"mailto:pispeyer@polizei.rlp.de\">pispeyer@polizei.rlp.de<\/a>) in Verbindung zu setzen.<\/p>\n\n\n\n<p>Die Polizei r\u00e4t niemals Wertgegenst\u00e4nde auch nicht kurzzeitig unbeaufsichtigt zu lassen und vor allem Geldbeutel und andere Wertgegenst\u00e4nde bzw. Taschen, in denen sich die Wertgegenst\u00e4nde befinden, immer am K\u00f6rper zu tragen.<\/p>\n\n\n\n<h2 class=\"wp-block-heading\">(Waldsee) &#8211; Undankbarer Zecher<\/h2>\n\n\n\n<p>Am Freitag, 18.03.2022, gegen 22.55 Uhr, stolperte ein deutlich alkoholisierter 25-j\u00e4hriger Mann in der Neuhofener Stra\u00dfe und st\u00fcrzte auf den Gehweg. Ein Passant kam zu Hilfe und sollte auf Bitten des Gest\u00fcrzten die Freundin anrufen. Diese verst\u00e4ndigte den Rettungsdienst und kam mit ihrer Mutter hinzu. Nachdem ein Rettungssanit\u00e4ter vorschlug, vorsorglich den Gest\u00fcrzten ins Krankenhaus zu bringen, wurde dieser aggressiv und schlug dem Helfer ins Gesicht. Bei Eintreffen der Polizeibeamten war der mittlerweile hochaggressive Zecher auch diesen gegen\u00fcber aufbrausend und nicht zu beruhigen. Zum Schutz aller Beteiligen musste der Aggressor gefesselt werden. Ein Transport ins Krankenhaus war wohl nicht mehr notwendig. Durch das Verhalten ihres Freundes war die Freundin so geschockt, dass sie und ihre Mutter diesen nicht mehr mitnehmen wollten. Da der Randalierer nicht zu beruhigen war, musste er bis zur Ausn\u00fcchterung zum Schutz anderer Personen in polizeilichen Gewahrsam. Ein Atemalkoholtest ergab 1,85 Promille. Da Rettungskr\u00e4fte im Einsatz Polizeivollzugsbeamten gleichgestellt sind, erwartet den aggressiven Zecher eine Strafanzeige wegen t\u00e4tlichen Angriffs auf Vollstreckungsbeamte. Zur Feststellung seiner strafrechtlichen Verantwortlichkeit wurde dem Schl\u00e4ger durch eine \u00c4rztin eine Blutprobe entnommen, die auch seine Gewahrsamsf\u00e4higkeit bescheinigte.<\/p>\n\n\n\n<h2 class=\"wp-block-heading\">(Schifferstadt) &#8211; Mehrere Fahrzeuge aufgebrochen<\/h2>\n\n\n\n<p>In der Nacht von Freitag, 18.03.2022, 20.00 Uhr auf Samstag, 19.03.2022, 09.30 Uhr, wurden in der Ebertstra\u00dfe und Anton-Bruckner-Stra\u00dfe an einem Wohnmobil, einem Skoda Fabia und Opel Astra jeweils eine Scheibe eingeschlagen, bei einem Rover Defender und Nissan 350 Z wurde versucht Scheiben aufzuhebeln. Die ge\u00f6ffneten Fahrzeuge wurden durch den oder die unbekannten T\u00e4ter durchsucht. Aus dem Wohnmobil wurden Gegenst\u00e4nde im Wert von ca. 500,- EUR entwendet. Insgesamt entstand Sachschaden in H\u00f6he von ca. 2800,- EUR. Hinweise auf die T\u00e4ter oder verd\u00e4chtige Wahrnehmungen bitte an die Polizei Schifferstadt unter Tel. 06235 \/ 495-0 oder Email&nbsp;<a href=\"mailto:pischifferstadt@polizei.rlp.de\">pischifferstadt@polizei.rlp.de<\/a>.<\/p>\n\n\n\n<h2 class=\"wp-block-heading\">(Schifferstadt) &#8211; Weiterer Diebstahl aus Pkw<\/h2>\n\n\n\n<p>Am fr\u00fchen Donnerstagmorgen, in der Zeit von 01.25 Uhr bis 01.30 Uhr, manipulierten unbekannte T\u00e4ter Im Bachgarten vermutlich mittels technischer Hilfsmittel das KeylessGO-System eines BMW X6 und \u00f6ffneten so das Fahrzeug. Das Starten des Fahrzeugs gelang jedoch nicht. Daraufhin durchw\u00fchlten die T\u00e4ter den Pkw und entwendeten daraus eine Kleingeldkassette und zwei Jacken. Hinweise auf die T\u00e4ter oder verd\u00e4chtige Wahrnehmungen bitte an die Polizei Schifferstadt unter Tel. 06235 \/ 495-0 oder Email&nbsp;<a href=\"mailto:pischifferstadt@polizei.rlp.de\">pischifferstadt@polizei.rlp.de<\/a>.<\/p>\n\n\n\n<h2 class=\"wp-block-heading\">(Altrip) &#8211; Pkw-Fahrer unter Drogeneinfluss<\/h2>\n\n\n\n<p>Am fr\u00fchen Samstagmorgen, 20.03.2022, gegen 01.05 Uhr, wurde der 18-j\u00e4hrige Fahrer eines Pkw in der Adriastra\u00dfe einer Verkehrskontrolle unterzogen. hierbei fielen bei dem jungen Mann drogentypische Auffallerscheinungen, vor allem an den Augen auf. Einen Urintest konnte der 18-J\u00e4hrige nicht durchf\u00fchren, weswegen er zur Dienststelle gebracht wurde, wo ihm durch eine \u00c4rztin zur Feststellung der konsumierten Drogenart und Grad der Drogenbeeinflussung entnommen wurden. Der F\u00fchrerschein und die Fahrzeugschl\u00fcssel wurden bis zur N\u00fcchternheit auf der Dienststelle sichergestellt. Vor Ablauf von 24 bis 36 Stunden werden diese ihm nicht ausgeh\u00e4ndigt werden k\u00f6nnen. Beim Verlassen der Dienststelle r\u00e4umte Fahrer ein, am Vortag Extasy konsumiert zu haben. Den Betroffenen erwartet eine Geldbu\u00dfe i. H. v. 500,- EUR, einen Punkt in Flensburg sowie ein Fahrverbot von einem Monat. Die F\u00fchrerscheinstelle wird ebenfalls in Kenntnis gesetzt. Obwohl die Probezeit erst vor Kurzem abgelaufen war, kann diese dennoch noch Ma\u00dfnahmen in eigener Zust\u00e4ndigkeit anordnen.<\/p>\n\n\n\n<h2 class=\"wp-block-heading\">(Germersheim) &#8211; Pkw-Teile an 3 BMW geklaut<\/h2>\n\n\n\n<p>3 BMW-Besitzer beklagten am Freitagvormittag bei der PI Germersheim den Diebstahl von Pkw-Teilen an ihren Fahrzeugen. An den BMW wurden jeweils die Heckspoiler und die Radnabenkappen entwendet. Alle 3 Pkw waren auf dem Kirchplatz abgestellt. Sachdienliche Hinweise nimmt die Polizeiinspektion unter Telefon: 07274-9580 oder Email:&nbsp;<a href=\"mailto:pigermersheim@polizei.rlp.de\">pigermersheim@polizei.rlp.de<\/a>&nbsp;entgegen.<\/p>\n\n\n\n<h2 class=\"wp-block-heading\">(Germersheim) &#8211; Abifeier endet im Polizeigewahrsam<\/h2>\n\n\n\n<p>Nach einer Abifeier schlug und trat am Freitagmorgen ein 21-j\u00e4hriger auf seinen 19-j\u00e4hrigen Mitsch\u00fcler ein. Grund f\u00fcr die Auseinandersetzung war ein Streit, weil der 21-j\u00e4hrige im Pkw des 19-j\u00e4hrigen n\u00e4chtigte und trotz mehrfacher Aufforderungen den Pkw nicht verlassen wollte. Selbst die hinzugerufene Polizei stie\u00df bei dem 21-j\u00e4hrigen auf taube Ohren. Der junge Mann wurde schlie\u00dflich durch die Polizeibeamten aus dem Auto geholt und in Gewahrsam genommen. Anschlie\u00dfend wurde der betrunkene junge Mann nach Hause gebracht und an seine Eltern \u00fcbergeben.<\/p>\n\n\n\n<h2 class=\"wp-block-heading\">(W\u00f6rth) &#8211; Einbruch in B\u00e4ckereifiliale<\/h2>\n\n\n\n<p>In der Nacht vom 18.02.2022 auf den 19.03.2022 brachen unbekannte T\u00e4ter in eine B\u00e4ckereifiliale im Ortsteil Maximiliansau ein. Hierzu drangen sie zun\u00e4chst in das leerstehende Geb\u00e4ude eines ehemaligen Einkaufsmarktes ein und konnten so zu der B\u00e4ckereifiliale vordringen. In dem dazugeh\u00f6rigen Personalraum hebelten die T\u00e4ter mit brachialer Gewalt einen kleinen Tresor aus der Wand und entwendeten diesen. Die genauere Gesamtschadensh\u00f6he l\u00e4sst sich zum jetzigen Zeitpunkt noch nicht beziffern.<\/p>\n\n\n\n<h2 class=\"wp-block-heading\">(W\u00f6rth) &#8211; Schwerer Verkehrsunfall mit mehreren Verletzten<\/h2>\n\n\n\n<div class=\"wp-block-image\"><figure class=\"aligncenter size-full\"><img decoding=\"async\" loading=\"lazy\" width=\"800\" height=\"590\" src=\"https:\/\/speyer24news.com\/wp-content\/uploads\/2022\/03\/VUK15.jpg\" alt=\"\" class=\"wp-image-43579\" srcset=\"https:\/\/speyer24news.com\/wp-content\/uploads\/2022\/03\/VUK15.jpg 800w, https:\/\/speyer24news.com\/wp-content\/uploads\/2022\/03\/VUK15-300x221.jpg 300w, https:\/\/speyer24news.com\/wp-content\/uploads\/2022\/03\/VUK15-768x566.jpg 768w, https:\/\/speyer24news.com\/wp-content\/uploads\/2022\/03\/VUK15-80x60.jpg 80w\" sizes=\"(max-width: 800px) 100vw, 800px\" \/><\/figure><\/div>\n\n\n\n<p>Am Sonntagnachmittag kam es auf der K15 zwischen Langenberg und Schaidt zu einem schweren Verkehrsunfall mit zwei beteiligten Fahrzeugen. Der 75-j\u00e4hrige Unfallverursacher aus dem Landkreis Ludwigsburg befuhr mit seinem PKW die K15 in Richtung Schaidt und wollte unmittelbar nach der Einm\u00fcndung zur K24 nach links auf einen Waldparkplatz abbiegen. Hierbei \u00fcbersah er den, mit einer vierk\u00f6pfigen Familie besetzten, herankommenden PKW im Gegenverkehr. In der Folge kam es zu einem Frontalzusammensto\u00df der beiden Fahrzeuge. Alle unfallbeteiligten Personen wurden zum Teil schwer verletzt und wurden zur weiteren Behandlung in umliegende Krankenh\u00e4user verbracht. Zur Unfallaufnahme wurde ein Gutachter hinzugezogen. Die K15 war bis 16:40 Uhr in beide Fahrtrichtungen voll gesperrt. Der Gesamtschaden bel\u00e4uft sich auf ca. 90.000 Euro.<\/p>\n\n\n\n<h2 class=\"wp-block-heading\">(Schweigen-Rechtenbach) &#8211; Motorroller Piaggio entwendet<\/h2>\n\n\n\n<p>Im Zeitraum vom 13. &#8211; 19.03.22, wurde ein Motorroller der Marke Piaggio Vespa GTS 300 entwendet, welcher auf einem Betriebsgel\u00e4nde in der Kirchstra\u00dfe abgestellt war. Die Vespa hatte ein S\u00dcW-Kennzeichen und einen Zeitwert von ca. 2000 Euro. Hinweise nimmt die Polizeiinspektion Bad Bergzabern unter 06343\/93340 oder&nbsp;<a href=\"mailto:pibadbergzabern@polizei.rlp.de\">pibadbergzabern@polizei.rlp.de<\/a>&nbsp;entgegen.<\/p>\n\n\n\n<h2 class=\"wp-block-heading\">(Birkenh\u00f6rdt) &#8211; Motorradfahrer gest\u00fcrzt<\/h2>\n\n\n\n<p>Ein 26-J\u00e4hriger aus dem Kreis Germersheim befuhr am 20.03.22, gegen 16.50 Uhr, mit seinem Krad die K11 von Vorderweidenthal kommend in Richtung Birkenh\u00f6rdt. Vermutlich aufgrund nicht angepasster Geschwindigkeit verlor er in eine Rechtskurve die Kontrolle \u00fcber sein Krad, kam im Kurvenausgang nach links von der Fahrbahn ab und st\u00fcrzte. Dabei zog er sich Verletzungen am Oberk\u00f6rperbereich zu und wurde zu weiteren Untersuchungen vorsorglich in ein Krankenhaus gebracht. Am Motorrad entstand ein Sachschaden von etwa 1000.- Euro. Zum Zeitpunkt des Verkehrsunfalls befand sich zuf\u00e4llig ein Rettungshubschrauber in der N\u00e4he der Unfall\u00f6rtlichkeit. Dieser war auf dem R\u00fcckflug von einem Einsatz und wurde gl\u00fccklicherweise vor Ort nicht ben\u00f6tigt.<\/p>\n\n\n\n<h2 class=\"wp-block-heading\">(Bad Bergzabern) &#8211; Harley-Davidson entwendet<\/h2>\n\n\n\n<p>In der Nacht vom 17. auf den 18.03.22, wurde ein auf dem Gel\u00e4nde eines Hotels in der Kurtalstra\u00dfe geparktes Motorrad der Marke Harley-Davidson entwendet. Die Maschine hatte ein MZ-Kennzeichen. Der Wert wird auf ca. 35 000 Euro beziffert. Hinweise nimmt die Polizeiinspektion Bad Bergzabern unter 06343\/93340 oder&nbsp;<a href=\"mailto:pibadbergzabern@polizei.rlp.de\">pibadbergzabern@polizei.rlp.de<\/a>&nbsp;entgegen.<\/p>\n\n\n\n<h2 class=\"wp-block-heading\">(Billigheim-Ingenheim) &#8211; Berauscht auf E-Roller unterwegs<\/h2>\n\n\n\n<p>Am Samstag, den 19.03.2022, um 23:45 Uhr, wurde ein 42-j\u00e4hriger Fahrer eines Elektrorollers in der Obergasse in Billigheim-Ingenheim einer Verkehrskontrolle unterzogen werden. Hierbei stellte sich heraus, dass er unter dem Einfluss von Drogen stand. Ihm wurde eine Blutprobe entnommen. Auf ihn kommt nun ein Strafverfahren wegen Trunkenheit im Verkehr zu.<\/p>\n\n\n\n<h2 class=\"wp-block-heading\">(Landau) &#8211; Diebstahl von E-Scooter<a href=\"https:\/\/www.facebook.com\/sharer.php?u=https%3A%2F%2Fwww.presseportal.de%2Fblaulicht%2Fpm%2F117686%2F5175262%2F%3Futm_source%3Dfacebook%26utm_medium%3Dsocial\"><\/a><a href=\"https:\/\/twitter.com\/intent\/tweet?text=POL-PDLD%3A%20Landau-%20Diebstahl%20von%20E-Scooter&amp;url=https%3A%2F%2Fwww.presseportal.de%2Fblaulicht%2Fpm%2F117686%2F5175262%2F%3Futm_source%3Dtwitter%26utm_medium%3Dsocial&amp;hashtags=ots&amp;lang=de\"><\/a><a href=\"https:\/\/web.whatsapp.com\/send?text=POL-PDLD%3A%20Landau-%20Diebstahl%20von%20E-Scooter%0A%0Ahttps%3A%2F%2Fwww.presseportal.de%2Fblaulicht%2Fpm%2F117686%2F5175262%2F%3Futm_source%3Dwhatsapp%26utm_medium%3Dsocial\"><\/a><a href=\"https:\/\/www.xing.com\/app\/user?op=share;url=https%3A%2F%2Fwww.presseportal.de%2Fblaulicht%2Fpm%2F117686%2F5175262%2F%3Futm_source%3Dxing%26utm_medium%3Dsocial\"><\/a><a href=\"http:\/\/www.linkedin.com\/shareArticle?mini=true&amp;url=https%3A%2F%2Fwww.presseportal.de%2Fblaulicht%2Fpm%2F117686%2F5175262%2F%3Futm_source%3Dlinkedin%26utm_medium%3Dsocial&amp;title=POL-PDLD%3A+Landau-+Diebstahl+von+E-Scooter\"><\/a><a href=\"mailto:?subject=POL-PDLD%3A%20Landau-%20Diebstahl%20von%20E-Scooter&amp;body=https:\/\/www.presseportal.de\/blaulicht\/pm\/117686\/5175262\"><\/a><\/h2>\n\n\n\n<p>Bislang unbekannte T\u00e4terschaft entwendete am Sonntag, den 20.03.2022, zwischen 00:00 Uhr- 01:00 Uhr, einen in der Meerweibchenstra\u00dfe in Landau abgestellten E-Scooter der Marke Doc Green, Typ Esa 1919 in schwarz. Der E-Scooter wurde von dem Gesch\u00e4digten verschlossen vor der Hausnummer 11 abgestellt. Sachdienliche Hinweise bitte an die Polizeiinspektion Landau, unter der Telefonnummer 06341-2870 oder per E-Mail an&nbsp;<a href=\"mailto:pilandau@polizei.rlp.de\">pilandau@polizei.rlp.de<\/a>.<\/p>\n\n\n\n<h2 class=\"wp-block-heading\">(Landau) &#8211; Zeugen gesucht zu entwendetem Motorroller<\/h2>\n\n\n\n<p>Am Samstag, den 19.03.2022, in der Zeit von 08:00 Uhr- 10:00 Uhr, wurde ein silberfarbener Motorroller in der Sudetenstra\u00dfe gegen\u00fcber der Hausnummer 22 in Landau entwendet. Sachdienliche Hinweise bitte an die Polizeiinspektion Landau, unter der Telefonnummer 06341-2870 oder per E-Mail an&nbsp;<a href=\"mailto:pilandau@polizei.rlp.de\">pilandau@polizei.rlp.de<\/a>.<\/p>\n\n\n\n<h2 class=\"wp-block-heading\">(Landau) &#8211; Spritztour auf Parkplatz unter Alkoholeinfluss<\/h2>\n\n\n\n<p>Mehrere Zeugen meldeten, am 18.03.2022, gegen 14:30 Uhr, einen Fahrzeugf\u00fchrer, der auf einem Supermarkt-Parkplatz in Landau Alkohol konsumierte, mit seinem Pkw sodann auf dem Parkplatz herumfuhr und anschlie\u00dfend in eine Parkl\u00fccke einparkte. Durch die eingesetzten Polizeibeamten konnte der 61-j\u00e4hrige m\u00e4nnliche Fahrzeugf\u00fchrer auf dem Fahrersitz im Fahrzeug angetroffen werden. Bei dem Fahrzeugf\u00fchrer konnte starker Alkoholgeruch wahrgenommen werden. Da die Durchf\u00fchrung eines Alkohol-Tests bei dem Fahrzeugf\u00fchrer nicht m\u00f6glich war, wurde er zur Entnahme einer Blutprobe auf die Dienststelle verbracht. Sein F\u00fchrerschein wurde sichergestellt. Auf ihn kommt nun ein Strafverfahren wegen Trunkenheit im Verkehr zu.<\/p>\n\n\n\n<h2 class=\"wp-block-heading\">(Landau) &#8211; Entwendeter Gabelstapler aufgefunden<\/h2>\n\n\n\n<p>Durch einen Zeugen wurde, am 18.03.2022, ein Gabelstapler im Feld in der N\u00e4he des Triftwegs in Landau gemeldet. Wie aufgrund des Presseaufrufes vermutet, handelt es sich um den in der Nacht zum 18.03.2022 bei einem Einbruchsdiebstahl entwendeten Gabelstapler. Dieser wurde vor Ort sichergestellt.<\/p>\n\n\n\n<h2 class=\"wp-block-heading\">(L 519 \/ Burrweiler) &#8211; Alleinunfall mit leichtverletzter Person<\/h2>\n\n\n\n<p>Am Sonntagabend, gegen 20:50 Uhr, befuhr ein 18-j\u00e4hriger Mann aus dem Kreis S\u00fcdliche Weinstra\u00dfe die L519 von Frankweiler in Richtung Burrweiler. Kurz vor dem Ortseingang Burrweiler kam der 18-J\u00e4hrige in einer Linkskurve, wahrscheinlich aufgrund nicht angepasster Geschwindigkeit, nach rechts von der Fahrbahn ab und verlor die Kontrolle \u00fcber seinen PKW. Der PKW kam ins Schleudern, touchierte mit der hinteren T\u00fcr der Fahrerseite einen Baum und kam anschlie\u00dfend in der nahegelegenen Wingertszeile zum Stehen, wobei der PKW mit dem Heck noch einen Rebpfosten touchierte. Der 18-j\u00e4hrige Fahrer wurde bei dem Unfall leicht verletzt und kam zur weiteren Beobachtung in ein nahegelegenes Krankenhaus. Am PKW entstand Totalschaden und er musste durch ein Abschleppunternehmen abgeschleppt werden. Insgesamt entstand ein Sachschaden von ca. 9.000 Euro.<\/p>\n\n\n\n<h2 class=\"wp-block-heading\">(Edenkoben \/ Gimmeldingen) &#8211; Mandelbl\u00fcte<\/h2>\n\n\n\n<div class=\"wp-block-image\"><figure class=\"aligncenter size-full\"><img decoding=\"async\" loading=\"lazy\" width=\"500\" height=\"709\" src=\"https:\/\/speyer24news.com\/wp-content\/uploads\/2022\/03\/Mandelmeile.jpg\" alt=\"\" class=\"wp-image-43580\" srcset=\"https:\/\/speyer24news.com\/wp-content\/uploads\/2022\/03\/Mandelmeile.jpg 500w, https:\/\/speyer24news.com\/wp-content\/uploads\/2022\/03\/Mandelmeile-212x300.jpg 212w\" sizes=\"(max-width: 500px) 100vw, 500px\" \/><\/figure><\/div>\n\n\n\n<p>Die Polizei zieht eine absolut positive Bilanz f\u00fcr dieses Wochenende die Einsatzlagen im Zusammenhang mit der Mandelbl\u00fcte betreffend. Zwar war die Meile und Gimmeldingen gut besucht, jedoch kam es weder bei der An- bzw. Abfahrt, noch im Ort selbst, zu Problemen. Einsatzanl\u00e4sse, die polizeiliches Einschreiten erfordert h\u00e4tten, wurden nicht bekannt. Um ein Verkehrschaos im Ortskern zu vermeiden wurden die Anreisenden rechtzeitig auf Parkpl\u00e4tze au\u00dferhalb der Ortsbebauung geleitet.<\/p>\n\n\n\n<p>Vor allem in den engen Stra\u00dfen von Gimmeldingen und den Wirtschaftswegen war die Fahrradstreife der Polizeiinspektion Neustadt im Einsatz. Hierbei absolvierten die sportlichen Beamten eine Fahrtstrecke von circa 21 Kilometern. Besonderes Augenmerk legten sie auf die Funktionst\u00fcchtigkeit der Fahrr\u00e4der und der Verkehrst\u00fcchtigkeit der Fahrradfahrenden. In zahlreichen B\u00fcrgergespr\u00e4chen wurde das Verhalten im Zusammenhang mit der Verkehrssicherheit des Fahrradverkehrs thematisiert. Die Kontrollen der Fahrradstreife werden an den kommenden Wochenenden fortgesetzt.<\/p>\n\n\n\n<h2 class=\"wp-block-heading\">(Ha\u00dfloch) &#8211; Verkehrsunfallflucht \/ Zeugen gesucht<\/h2>\n\n\n\n<p>Am 19.03.2022 in der Zeit zwischen 13:00 Uhr und 14:30 Uhr kam es auf dem Parkplatz des Vogelsparks in der Rennbahnstra\u00dfe in Ha\u00dfloch zu einer Verkehrsunfallflucht. Ein bislang unbekannter T\u00e4ter besch\u00e4digte einen auf dem Parkplatz geparkten schwarzen BMW und entfernte sich anschlie\u00dfend unerlaubt von dem Unfallort. Der Sachschaden bel\u00e4uft sich auf etwa 1000 Euro.<\/p>\n\n\n\n<p>Zeugen des Vorfalls werden gebeten sich mit der Polizeiinspektion Ha\u00dfloch in Verbindung zu setzen.<\/p>\n\n\n\n<h2 class=\"wp-block-heading\">(Bad D\u00fcrkheim) &#8211; Zeugenaufruf nach Trunkenheitsfahrt<\/h2>\n\n\n\n<p>Durch eine Schlangenlinienfahrt fiel am 19.03.2022 gegen 20:20 Uhr ein 75-j\u00e4hriger Autofahrer aus dem Rhein-Pfalz-Kreis mit seinem grauen Volkswagen im Bereich der Bruchsta\u00dfe in Bad D\u00fcrkheim auf. Der alkoholisierte Mann fuhr in Weisenheim am Berg los, hierbei wurde er durch eine aufmerksame Zeugin aufgrund seiner unsicheren Fahrweise beobachtet. Eine durch die Zeugin verst\u00e4ndigte Funkstreifenwagenbesatzung konnte bei einer im Anschluss durchgef\u00fchrten Verkehrskontrolle Alkoholgeruch in der Atemluft des Fahrers feststellen. Ein Atemalkoholtest verlief positiv, sodass dem Mann eine Blutprobe entnommen werden musste. Ihn erwartet nun eine Strafanzeige wegen Trunkenheit im Verkehr.<\/p>\n\n\n\n<p>Zeug*innen, welche die Fahrt beobachtet haben oder Hinweise geben k\u00f6nnen, werden gebeten sich bei der Polizeiinspektion Bad D\u00fcrkheim unter der Telefonnummer 06322-9630 zu melden.<\/p>\n\n\n\n<h2 class=\"wp-block-heading\">(Bad D\u00fcrkheim) &#8211; Verkehrsunfall mit hohem Sachschaden<\/h2>\n\n\n\n<div class=\"wp-block-image\"><figure class=\"aligncenter size-full\"><img decoding=\"async\" loading=\"lazy\" width=\"500\" height=\"667\" src=\"https:\/\/speyer24news.com\/wp-content\/uploads\/2022\/03\/Presse1.jpg\" alt=\"\" class=\"wp-image-43581\" srcset=\"https:\/\/speyer24news.com\/wp-content\/uploads\/2022\/03\/Presse1.jpg 500w, https:\/\/speyer24news.com\/wp-content\/uploads\/2022\/03\/Presse1-225x300.jpg 225w\" sizes=\"(max-width: 500px) 100vw, 500px\" \/><\/figure><\/div>\n\n\n\n<p>Am Samstag den 19.03.2022 gegen 11:45 Uhr verwechselte ein 79-j\u00e4hriger Autofahrer aus Frankenthal beim Einparken offensichtlich das Gaspedal mit dem Bremspedal. Daraufhin fuhr er ungebremst gegen zwei auf der gegen\u00fcberliegenden Seite geparkten PKW. Diese wurden durch den Aufprall verschoben, sodass ein weiteres geparktes Auto, sowie eine Stra\u00dfenlaterne, besch\u00e4digt wurden. Das Fahrzeug des Verkehrsunfallverursachers kam letztendlich an einer Hauswand zum Stehen. Insgesamt wurden vier Fahrzeuge besch\u00e4digt, es entstand ein Sachschaden von mindestens 60.000 Euro. Zwei PKW mussten zudem abgeschleppt werden. Gl\u00fccklicherweise wurden bei dem Zusammensto\u00df keine Personen verletzt.<\/p>\n\n\n\n<h2 class=\"wp-block-heading\">(Bad D\u00fcrkheim) &#8211; PKW ohne erforderliche Fahrerlaubnis gef\u00fchrt<\/h2>\n\n\n\n<p>Am 18.03.2022 gegen 13:25 Uhr wurde durch eine Funkstreifenwagenbesatzung der Polizeiinspektion Bad D\u00fcrkheim im Bereich des Schlossplatzes in Bad D\u00fcrkheim eine allgemeine Verkehrskontrolle mit einem PKW der Marke Mercedes-Benz mit Pforzheimer Kennzeichen durchgef\u00fchrt. Im Rahmen dieser Verkehrskontrolle konnte festgestellt werden, dass der 23-j\u00e4hrige Fahrer aus Weinheim keine g\u00fcltige Fahrerlaubnis besitzt. Die Weiterfahrt wurde an Ort und Stelle untersagt und der Fahrzeugschl\u00fcssel sichergestellt. Neben dem Fahrer erwartet auch den Halter eine Strafanzeige.<\/p>\n\n\n\n<h2 class=\"wp-block-heading\">(Weisenheim am Sand) &#8211; Zeugenaufruf: Vandalismus nach Trinkgelage<\/h2>\n\n\n\n<div class=\"wp-block-image\"><figure class=\"aligncenter size-full\"><img decoding=\"async\" loading=\"lazy\" width=\"801\" height=\"600\" src=\"https:\/\/speyer24news.com\/wp-content\/uploads\/2020\/05\/Zeugen-gesucht-Neutral.jpg\" alt=\"\" class=\"wp-image-26598\" srcset=\"https:\/\/speyer24news.com\/wp-content\/uploads\/2020\/05\/Zeugen-gesucht-Neutral.jpg 801w, https:\/\/speyer24news.com\/wp-content\/uploads\/2020\/05\/Zeugen-gesucht-Neutral-300x225.jpg 300w, https:\/\/speyer24news.com\/wp-content\/uploads\/2020\/05\/Zeugen-gesucht-Neutral-768x575.jpg 768w, https:\/\/speyer24news.com\/wp-content\/uploads\/2020\/05\/Zeugen-gesucht-Neutral-678x509.jpg 678w, https:\/\/speyer24news.com\/wp-content\/uploads\/2020\/05\/Zeugen-gesucht-Neutral-326x245.jpg 326w, https:\/\/speyer24news.com\/wp-content\/uploads\/2020\/05\/Zeugen-gesucht-Neutral-80x60.jpg 80w\" sizes=\"(max-width: 801px) 100vw, 801px\" \/><\/figure><\/div>\n\n\n\n<p>In der Nacht vom 19.03.2022 auf den 20.03.2022 kam es im Bereich der Kulturb\u00fchne und dem Reitverein in Weisenheim am Sand zu mehreren Sachbesch\u00e4digungen. Nach einem ausgiebigen Trinkgelage wurden durch unbekannte T\u00e4ter*innen mehrere Holzschilder, eine Tafel und ein Stra\u00dfenschild besch\u00e4digt. Weiterhin wurden auf dem gesamten Gel\u00e4nde Glasflaschen, Plastikm\u00fcll und Scherben verteilt. Der bisher bekannte Sachschaden bel\u00e4uft sich auf mindestens 300 Euro.<\/p>\n\n\n\n<p>Zeug*innen, die den Tathergang gesehen haben, Hinweise zu den T\u00e4ter*innen geben k\u00f6nnen oder durch die T\u00e4tergruppe gesch\u00e4digt wurden, werden gebeten sich bei der Polizeiinspektion Bad D\u00fcrkheim unter der Telefonnummer 06322-9630 zu melden.<\/p>\n\n\n\n<h2 class=\"wp-block-heading\">(Weisenheim am Sand) &#8211; Motorradfahrer bei Verkehrsunfall schwerverletzt<\/h2>\n\n\n\n<p>Zu einem schweren Verkehrsunfall kam es am 19.03.2022 gegen 17:22 Uhr auf der Ritter-von-Geisler-Stra\u00dfe in Weisenheim am Sand. Bei tiefstehender Sonne fuhr ein 28-j\u00e4hriger Motorradfahrer aus der Verbandsgemeinde Freinsheim aufgrund zu geringen Sicherheitsabstandes auf einen bremsenden PKW auf, st\u00fcrzte und rutschte gegen ein Verkehrsschild. Der Fahrer musste durch den Rettungsdienst mit schweren Verletzungen in ein umliegendes Krankenhaus verbracht werden. Es entstand ein Gesamtschaden in H\u00f6he von ca. 3500 Euro.<\/p>\n\n\n\n<h2 class=\"wp-block-heading\">(Gr\u00fcnstadt) &#8211; Festnahme nach Verfolgungsfahrt<\/h2>\n\n\n\n<p>Am Sonntag, 20.03.2022 gegen 00:20 Uhr sollte der Fahrer eines Mercedes in der Industriestra\u00dfe in Gr\u00fcnstadt einer Verkehrskontrolle unterzogen werden, was ihm durch entsprechende Anhaltesignale vermittelt wurde. Der Fahrer des Mercedes beschleunigte daraufhin stark und versuchte sich durch stark \u00fcberh\u00f6hte Geschwindigkeit und einer r\u00fccksichtlosen Fahrweise der Kontrolle zu entziehen. Die Flucht erstreckte sich \u00fcber mehrere Stra\u00dfenz\u00fcge in Gr\u00fcnstadt und endete schlie\u00dflich in einer Sackgasse, wo der Fahrer aus seinem noch rollenden Pkw ausstieg und weiter zu Fu\u00df fl\u00fcchtete. Der Pkw rollte gegen den Zaun eines Spielplatzes, wo er schlie\u00dflich zum Sillstand kam. Der Fl\u00fcchtige wurde von den Beamten noch mehrere hundert Meter zu Fu\u00df verfolgt. Er konnte schlie\u00dflich eingeholt und widerstandslos festgenommen werden. Der 25-J\u00e4hrige ist nicht im Besitz einer Fahrerlaubnis. Weiterhin besteht f\u00fcr das Fahrzeug kein aktueller Versicherungsschutz und der Fahrzeughalter wusste zudem nichts \u00fcber die Spritztour. Entsprechende Ermittlungsverfahren wegen illegalem Kraftfahrzeugrennen, Fahren ohne Fahrerlaubnis, Versto\u00df gegen das Pflichtversicherungsgesetz, Verkehrsunfallflucht sowie des unbefugten Gebrauchs eines Fahrzeugs wurden eingeleitet. Der Gesamtschaden bel\u00e4uft sich auf etwa 5000EUR.<\/p>\n\n\n\n<h2 class=\"wp-block-heading\">(Frankenthal) &#8211; R\u00e4uberische Erpressung<\/h2>\n\n\n\n<p>Eine Gruppe von 4 Kindern geriet am 19.03.2022, gegen 17:15 Uhr, in der Willy-Brandt-Anlage in Frankenthal mit einer Gruppe von 4-6 Jugendlichen in Streit. Nachdem die Jugendlichen die Kinder geschubst hatten, entfernten sich die Kinder von der \u00d6rtlichkeit. Wenig sp\u00e4ter trafen zwei der Kinder in der Unterf\u00fchrung der Gleise am Hauptbahnhof in Frankenthal erneut auf die Gruppe Jugendlicher. Ein Jugendlicher aus der Gruppe schlug den beiden 10 und 11-j\u00e4hrigen Gesch\u00e4digten aus He\u00dfheim ins Gesicht und forderte deren Geld. Au\u00dferdem beleidigte der unbekannte Jugendliche die gesch\u00e4digten Kinder. Anschlie\u00dfend teilte sich die Gruppe Jugendlicher und entfernte sich vom Hauptbahnhof. <\/p>\n\n\n\n<h4 class=\"wp-block-heading\">Der unbekannte Jugendliche konnte wie folgt beschrieben werden: <\/h4>\n\n\n\n<ul><li><strong>ca. 13-16 Jahre alt<\/strong><\/li><li><strong>schmale Figur<\/strong><\/li><li><strong>dunkelh\u00e4utig<\/strong><\/li><li><strong>dunkle lockige Haare<\/strong><\/li><li><strong>Narbe am Hals<\/strong><\/li><li><strong>Er war mit einer blauen \u00e4rmellosen Weste und einer schwarzen Jogginghose bekleidet. <\/strong><\/li><\/ul>\n\n\n\n<p>Die beiden Gesch\u00e4digten erlitten Schwellungen und Schmerzen im Gesicht.<\/p>\n\n\n\n<p>Zeugen werden gebeten sich an die Polizeiinspektion Frankenthal unter der Tel.-Nr.: 06233\/313-0 oder an die Polizeiwache Maxdorf unter der Tel.-Nr.: 06237\/934-1100 zu wenden. Gerne nehmen wir Ihre Hinweise auch per E-Mail unter&nbsp;<a href=\"mailto:pifrankenthal@polizei.rlp.de\">pifrankenthal@polizei.rlp.de<\/a>&nbsp;entgegen.<\/p>\n\n\n\n<h2 class=\"wp-block-heading\">(Frankenthal) &#8211; R\u00e4uberische Erpressung II<\/h2>\n\n\n\n<p>Am 19.03.2022, gegen 16:30 Uhr, begegnete der 10-j\u00e4hrige Gesch\u00e4digte aus Frankenthal in einem Parkhaus in der Eisenbahnstra\u00dfe in Frankenthal einer ihm unbekannten m\u00e4nnlichen Person. Der Unbekannte forderte unter Vorhalt eines schwarzen Klappmessers das Geld des Kindes. Als der 10-J\u00e4hrige versuchte mit seinem Fahrrad wegzufahren, zerstach der Unbekannte den Hinterreifen des Fahrrads. Der Gesch\u00e4digte fl\u00fcchtete daraufhin zu Fu\u00df nach Hause. <\/p>\n\n\n\n<h4 class=\"wp-block-heading\">Die unbekannte m\u00e4nnliche Person wurde wie folgt beschrieben: <\/h4>\n\n\n\n<ul><li>16-18 Jahre alt<\/li><li><strong>dunkelh\u00e4utig<\/strong><\/li><li><strong>schwarzer Hoodie mit Kapuze, schwarze Jogginghose, schwarze Schuhe und schwarze Umh\u00e4ngetasche der Marke Nike<\/strong><\/li><\/ul>\n\n\n\n<p>Zeugen werden gebeten sich an die Polizeiinspektion Frankenthal unter der Tel.-Nr.: 06233\/313-0 oder an die Polizeiwache Maxdorf unter der Tel.-Nr.: 06237\/934-1100 zu wenden. Gerne nehmen wir Ihre Hinweise auch per E-Mail unter&nbsp;<a href=\"mailto:pifrankenthal@polizei.rlp.de\">pifrankenthal@polizei.rlp.de<\/a>&nbsp;entgegen.<\/p>\n\n\n\n<h2 class=\"wp-block-heading\">(Frankenthal) &#8211; Brandstiftung an M\u00fcllcontainern<\/h2>\n\n\n\n<p>Am 19.03.2022, gegen 02:30 Uhr, wurden in der Mahlastra\u00dfe in Frankenthal M\u00fcllcontainer auf bisher unbekannte Weise in Brand gesetzt. Neben den M\u00fcllcontainern wurden zwei in unmittelbarer N\u00e4he geparkte Pkw ebenfalls besch\u00e4digt. Die genaue Schadensh\u00f6he ist derzeit noch nicht bekannt.<\/p>\n\n\n\n<p>Zeugen werden gebeten sich an die Polizeiinspektion Frankenthal unter der Tel.-Nr.: 06233\/313-0 oder an die Polizeiwache Maxdorf unter der Tel.-Nr.: 06237\/934-1100 zu wenden. Gerne nehmen wir Ihre Hinweise auch per E-Mail unter&nbsp;<a href=\"mailto:pifrankenthal@polizei.rlp.de\">pifrankenthal@polizei.rlp.de<\/a>&nbsp;entgegen.<\/p>\n\n\n\n<h2 class=\"wp-block-heading\">(Frankenthal) &#8211; Sachbesch\u00e4digung<\/h2>\n\n\n\n<p>Am Abend des 18.03.2022 meldeten Anwohner, dass eine Gruppe Jugendlicher die Bepflanzung der Willy-Brandt-Anlage in Frankenthal besch\u00e4digen w\u00fcrde. Beim Eintreffen der eingesetzten Beamten war die Gruppe nicht mehr vor Ort. Es konnten Besch\u00e4digungen der Pflanzen und mehrerer Lampen festgestellt werden. Der Schaden bel\u00e4uft sich auf ca. 100EUR.<\/p>\n\n\n\n<p>Zeugen werden gebeten sich an die Polizeiinspektion Frankenthal unter der Tel.-Nr.: 06233\/313-0 oder an die Polizeiwache Maxdorf unter der Tel.-Nr.: 06237\/934-1100 zu wenden. Gerne nehmen wir Ihre Hinweise auch per E-Mail unter&nbsp;<a href=\"mailto:pifrankenthal@polizei.rlp.de\">pifrankenthal@polizei.rlp.de<\/a>&nbsp;entgegen.<\/p>\n\n\n\n<h2 class=\"wp-block-heading\">(Frankenthal) &#8211; Fahren ohne Versicherungsschutz<\/h2>\n\n\n\n<p>Im Rahmen der Streifent\u00e4tigkeit wurden in den letzten Wochen vermehrt E-Scooter mit abgelaufenem Versicherungskennzeichen kontrolliert.<\/p>\n\n\n\n<p>Die G\u00fcltigkeit eines Versicherungskennzeichens betr\u00e4gt ein Jahr. Das Versicherungsjahr beginnt am 01.03. des laufenden Jahres und endet am 28.\/29.02. Wer ohne den n\u00f6tigen Versicherungsschutz f\u00e4hrt, macht sich eines Versto\u00dfes gegen das Pflichtversicherungsgesetz strafbar.<\/p>\n\n\n\n<h2 class=\"wp-block-heading\">(Ludwigshafen) &#8211; Alkoholisierte PKW-Fahrerin<\/h2>\n\n\n\n<p>In der Nacht auf Sonntag, 20.03.22 um 03:50 Uhr fiel einer Streifenbesatzung ein PKW mit nicht eingeschaltetem Licht in der Yorckstra\u00dfe in Ludwigshafen auf. Als die 27-j\u00e4hrige Fahrerin aus B\u00f6hl-Iggelheim einer Kontrolle unterzogen wurde, konnte ein deutlicher Alkoholgeruch festgestellt werden. Ein anschlie\u00dfend durchgef\u00fchrter Atemalkoholtest ergab einen Wert von 1,00 Promille. Die Fahrerin wurde anschlie\u00dfend auf die Dienstelle verbracht, wo ihr eine Blutprobe entnommen wurde. Der F\u00fchrerschein wurde sichergestellt. Ein Strafverfahren wegen Trunkenheit im Verkehr wurde eingeleitet.<\/p>\n\n\n\n<h2 class=\"wp-block-heading\">(Ludwigshafen) &#8211; M\u00fclltonnenbrand<\/h2>\n\n\n\n<p>Am Samstag, 19.03.2021, gegen 23:15 Uhr, brannte in der Bgm.-Fries-Stra\u00dfe in Edigheim aus bislang ungekl\u00e4rte Ursache eine M\u00fclltonne . Durch das Einschreiten von Anwohnern, welche den Brand bereits vor Eintreffen der Feuerwehr l\u00f6schten, konnte ein m\u00f6gliches Ausweiten des Feuers auf das Wohngeb\u00e4ude verhindert werden. Personen wurden nicht verletzt.<\/p>\n\n\n\n<h2 class=\"wp-block-heading\">(Ludwigshafen) &#8211; Betrunkener Autofahrer verursacht Unfall<a href=\"https:\/\/www.facebook.com\/sharer.php?u=https%3A%2F%2Fwww.presseportal.de%2Fblaulicht%2Fpm%2F117696%2F5175243%2F%3Futm_source%3Dfacebook%26utm_medium%3Dsocial\"><\/a><a href=\"https:\/\/twitter.com\/intent\/tweet?text=POL-PPRP%3A%20Betrunkener%20Autofahrer%20verursacht%20Unfall&amp;url=https%3A%2F%2Fwww.presseportal.de%2Fblaulicht%2Fpm%2F117696%2F5175243%2F%3Futm_source%3Dtwitter%26utm_medium%3Dsocial&amp;hashtags=ots&amp;lang=de\"><\/a><a href=\"https:\/\/web.whatsapp.com\/send?text=POL-PPRP%3A%20Betrunkener%20Autofahrer%20verursacht%20Unfall%0A%0Ahttps%3A%2F%2Fwww.presseportal.de%2Fblaulicht%2Fpm%2F117696%2F5175243%2F%3Futm_source%3Dwhatsapp%26utm_medium%3Dsocial\"><\/a><a href=\"https:\/\/www.xing.com\/app\/user?op=share;url=https%3A%2F%2Fwww.presseportal.de%2Fblaulicht%2Fpm%2F117696%2F5175243%2F%3Futm_source%3Dxing%26utm_medium%3Dsocial\"><\/a><a href=\"http:\/\/www.linkedin.com\/shareArticle?mini=true&amp;url=https%3A%2F%2Fwww.presseportal.de%2Fblaulicht%2Fpm%2F117696%2F5175243%2F%3Futm_source%3Dlinkedin%26utm_medium%3Dsocial&amp;title=POL-PPRP%3A+Betrunkener+Autofahrer+verursacht+Unfall\"><\/a><a href=\"mailto:?subject=POL-PPRP%3A%20Betrunkener%20Autofahrer%20verursacht%20Unfall&amp;body=https:\/\/www.presseportal.de\/blaulicht\/pm\/117696\/5175243\"><\/a><\/h2>\n\n\n\n<p>Am Samstag, 19.03.2022, gegen 22:20 Uhr befuhr ein 27-j\u00e4hriger Autofahrer aus Mannheim mit einem Range Rover die Siemensstra\u00dfe in Friesenheim. Hierbei kam er von der Fahrbahn ab und stie\u00df gegen einen am Fahrbahnrand geparkten BMW X1. Durch die Wucht des Aufpralls kollidierte das Auto des 27-j\u00e4hrigen daraufhin mit einem gegen\u00fcber geparkten Mazda 5 und kam im Anschluss auf dem Dach zum Liegen. Der Fahrer musste durch die Feuerwehr aus dem Auto befreit werden. Er verletzte sich bei dem Unfall leicht. Zudem konnte bei dem Mann Alkoholgeruch festgestellt werden. Ein Test ergab einen Wert von 1,94 Promille. Den Fahrer erwartet nun ein Strafverfahren. Sein F\u00fchrerschein wurde sichergestellt. Der Sachschaden wird auf 82.000 Euro gesch\u00e4tzt.<\/p>\n\n\n\n<h2 class=\"wp-block-heading\">(Ludwigshafen) &#8211; Streit eskaliert \/ Ehemann wird der Wohnung verwiesen<\/h2>\n\n\n\n<p>Am Samstag, 19.03.2022, gegen 21:00 Uhr gerieten eine 37-j\u00e4hrige Frau aus Ludwigshafen und ihr 41-j\u00e4hriger Lebensgef\u00e4hrte in Streit. Nachdem der Mann zun\u00e4chst die Wohnung verlie\u00df, erschien er kurze Zeit sp\u00e4ter erneut und trat die Wohnzimmert\u00fcre ein. Seine Lebensgef\u00e4hrtin schlug er mehrfach gegen den Arm. Der alkoholisierte Mann (1,11 Promille) wurde schlie\u00dflich von der Polizei der Wohnung verwiesen. Zudem darf er sich die n\u00e4chsten 10 Tage seiner Lebensgef\u00e4hrtin nicht n\u00e4hern. Ein entsprechendes Strafverfahren wurde eingeleitet.<\/p>\n\n\n\n<h2 class=\"wp-block-heading\">(Ludwigshafen) &#8211; Verkehrsunfallflucht unter Alkoholeinfluss<\/h2>\n\n\n\n<p>Am 19.03.2022, gegen 12:00 Uhr, kam es auf der Saarlandstra\u00dfe in Ludwigshafen am Rhein zu einem Verkehrsunfall mit einer leicht verletzter Person. Aufgrund von alkoholbedingter Fahrunsicherheit kollidierte der 75-j\u00e4hriger Fahrer eines Fiat Panda aus Ludwigshafen mit insgesamt vier am Fahrbahnrand geparkten Fahrzeugen und setzte seine Fahrt fort. Hierbei wurde ein 50-j\u00e4hriger Mann an der H\u00fcfte leicht verletzt, welcher gerade dabei war in seinen PKW einzusteigen. Zwei weitere Zeugen verfolgten den Fahrer und konnten ihn in der Stra\u00dfe Am Bubenpfad bis zum Eintreffen der Polizei festhalten. Ein anschlie\u00dfend durchgef\u00fchrter Atemalkoholtest ergab einen Wert von 1,27 Promille. Der Fahrer wurde anschlie\u00dfend auf die Dienststelle verbracht, wo ihm eine Blutprobe entnommen wurde. Der F\u00fchrerschein wurde beschlagnahmt und ein Verfahren wegen Stra\u00dfenverkehrsgef\u00e4hrdung, Unfallflucht und fahrl\u00e4ssiger K\u00f6rperverletzung eingeleitet. An den Fahrzeugen entstand Sachschaden in einer H\u00f6he von ca. 16.000 Euro.<\/p>\n\n\n\n<h2 class=\"wp-block-heading\">(Ludwigshafen) &#8211; Streitigkeiten f\u00fchren zu einer Trunkenheitsfahrt<\/h2>\n\n\n\n<p>In der Nacht zum Samstag, 19.03.2022 wurden gegen 03:30 Uhr mehrere Streifenwagenbesatzungen der Polizei in die Lutherstra\u00dfe zu einer randalierenden Person beordert. Beim Eintreffen der Beamten befand sich der Randalierer nicht mehr vor Ort, konnte jedoch namentlich benannt werden. Da man sich vorab um den Schl\u00fcssel eines Fahrzeugs gestritten habe, welches nun nicht mehr vor Ort stand, wurde die ebenfalls in Ludwigshafen befindliche Wohnanschrift des Mannes durch die Beamten aufgesucht. Dort konnte neben dem Fahrzeug der 33-J\u00e4hrige in Begleitung einer 34-j\u00e4hrigen Frau angetroffen werden. Da beide dem Alkohol zugesprochen hatten und die Fahrereigenschaft zun\u00e4chst nicht gekl\u00e4rt werden konnte, wurden beide auf die Polizeidienststelle verbracht, wo ihnen eine Blutprobe entnommen wurde. Ein Strafverfahren wegen Trunkenheit im Verkehr wurde eingeleitet.<\/p>\n\n\n\n<h2 class=\"wp-block-heading\">(Ludwigshafen) &#8211; Verkehrsunfall mit verletzter Person unter Alkoholeinfluss<\/h2>\n\n\n\n<p>Am Freitag, 18.03.2022, gegen 23:15 Uhr, befuhr ein 25-j\u00e4hriger Mann mit seinem PKW die Maxdorfer Stra\u00dfe Fahrtrichtung A650. Da sich der Mann w\u00e4hrend der Fahrt \u00fcbergeben musste, lehnte er sich aus dem Seitenfenster und verlor hierbei augenscheinlich die Kontrolle \u00fcber das Fahrzeug. Hierdurch fuhr er einer an einer Lichtzeichenanlage wartenden 32-j\u00e4hrigen Frau hinten auf. Die Frau klagte im Anschluss \u00fcber Schmerzen im Kopfbereich. Das ebenfalls im Fahrzeug befindliche 2-j\u00e4hrige Kind der Frau blieb augenscheinlich unverletzt. Im Rahmen der Verkehrsunfallaufnahme ergaben sich Hinweise auf eine Alkoholisierung des verantwortlichen Fahrers; ein entsprechender Atemalkoholtest ergab einen Wert von 1,69 Promille. Dem Fahrer wurde eine Blutprobe entnommen und der F\u00fchrerschein beschlagnahmt. Gegen ihn wird nun wegen Gef\u00e4hrdung des Stra\u00dfenverkehrs und fahrl\u00e4ssiger K\u00f6rperverletzung ermittelt.<\/p>\n\n\n\n<p>Die beiden nicht mehr fahrbereiten Fahrzeuge mussten abgeschleppt werden. Der Sachschaden wird auf ca. 35.000 Euro gesch\u00e4tzt.<\/p>\n\n\n\n<h2 class=\"wp-block-heading\">(Mannheim) &#8211; 70-J\u00e4hriger bei Verkehrsunfall in der Schwetzinger Stra\u00dfe schwer verletzt<\/h2>\n\n\n\n<p>Am 18.03.2022 kam es gegen 15:00 Uhr an der Kreuzung Schwetzinger Stra\u00dfe \/ Kopernikusstra\u00dfe in Mannheim zu einem Verkehrsunfall bei dem ein Fu\u00dfg\u00e4nger schwer verletzt wurde. Der 26-j\u00e4hrige Fahrer eines Opel wollte von der Kopernikusstra\u00dfe in die Schwetzinger Stra\u00dfe einbiegen und \u00fcbersah hierbei vermutlich aufgrund der tiefstehenden Sonne einen 70-j\u00e4hrigen Fu\u00dfg\u00e4nger, welcher zu diesem Zeitpunkt die Schwetzinger Stra\u00dfe \u00fcberquerte. Durch den Zusammensto\u00df wurde der Fu\u00dfg\u00e4nger in Form mehrerer Knochenbr\u00fcche verletzt und musste in ein nahegelegenes Krankenhaus eingeliefert werden.<\/p>\n\n\n\n<p>Zeugen, die den Unfall beobachtet haben und sachdienliche Informationen zum Unfallhergang geben k\u00f6nnen, werden gebeten, sich unter der Telefonnummer 0621\/174-4220 mit der Verkehrspolizei Mannheim in Verbindung zu setzen.<\/p>\n\n\n\n<h2 class=\"wp-block-heading\">(Mannheim-Neckarstadt-Ost) &#8211; Schwerer Verkehrsunfall \/ Radfahrer lebensgef\u00e4hrlich verletzt<\/h2>\n\n\n\n<h3 class=\"has-text-align-center wp-block-heading\">Pressemeldung Nr. 1<\/h3>\n\n\n\n<p>Am Samstagmittag, gegen 11:45 Uhr, kam es in der Lange R\u00f6tterstra\u00dfe zu einem schweren Verkehrsunfall zwischen einem Radfahrer und einem Pkw-F\u00fchrer. Ersten Ermittlungen zu Folge \u00f6ffnete der Pkw-F\u00fchrer die T\u00fcr seines Fahrzeugs ohne auf den r\u00fcckw\u00e4rtigen Verkehr zu achten. Ein \u00fcberholender Radfahrer kollidierte daraufhin mit der ge\u00f6ffneten T\u00fcr und st\u00fcrzte im Anschluss mit dem Rad und fiel auf den Kopf. Hierbei zog er sich schwere Kopfverletzungen zu. Durch die alarmierten Rettungskr\u00e4fte war die erste Versorgung vor Ort gew\u00e4hrleistet. Der Radfahrer kam zur weiteren Behandlung in ein nahegelegenes Krankenhaus.<\/p>\n\n\n\n<p>\u00dcber die Schadensh\u00f6he an den beiden Fahrzeugen ist bislang noch nichts N\u00e4heres bekannt. Die Lange R\u00f6tterstra\u00dfe ist zum jetzigen Zeitpunkt noch zwischen Pozzistra\u00dfe und K\u00e4fertaler Stra\u00dfe gesperrt.<\/p>\n\n\n\n<p>Der Verkehrsunfalldienst hat die weiteren Ermittlungen an der Unfallstelle \u00fcbernommen.<\/p>\n\n\n\n<h3 class=\"has-text-align-center wp-block-heading\">Pressemeldung Nr. 2<\/h3>\n\n\n\n<p>Am Samstagmittag, gegen 11:45 Uhr, kam es in der Lange R\u00f6tterstra\u00dfe zu einem schweren Verkehrsunfall zwischen einem 50-j\u00e4hrigen Radfahrer und einem 80-j\u00e4hrigen Pkw-F\u00fchrer. Details zum Unfallhergang k\u00f6nnen der Pressemitteilung Nr. 1 entnommen werden. Der Radfahrer kam zur weiteren Behandlung in ein nahegelegenes Krankenhaus. Zum Berichtszeitpunkt besteht noch immer Lebensgefahr. Insgesamt entstand ein Sachschaden von ca. 3000 Euro. Die Lange R\u00f6tterstra\u00dfe musste f\u00fcr die Dauer der Unfallaufnahme zwischen der Pozzistra\u00dfe und der K\u00e4fertaler Stra\u00dfe bis ca. 15:00 Uhr gesperrt werden.<\/p>\n\n\n\n<p>Der Verkehrsunfalldienst des Polizeipr\u00e4sidiums Mannheim hat die Ermittlungen zum Unfallhergang \u00fcbernommen.<\/p>\n\n\n\n<h2 class=\"wp-block-heading\">(Mannheim-K\u00e4fertal) &#8211; Alkoholisierter Jugendlicher auf E-Scooter unterwegs<\/h2>\n\n\n\n<p>In der Nacht von Freitag auf Samstag, gegen 02.15 Uhr, fiel einer Streifenwagenbesatzung in der Rollb\u00fchlstra\u00dfe ein jugendlicher E-Scooter-Fahrer auf. Bei seiner Kontrolle wurde starker Alkoholgeruch festgestellt. Das Ergebnis des durchgef\u00fchrten Atemalkoholtests ergab einen Wert von 1,4 Promille. Der 16-j\u00e4hrige junge Mann musste die Beamten zur Blutentnahme aufs Polizeirevier K\u00e4fertal begleiten und wurde dann in die Obhut seiner Eltern \u00fcberstellt. Ihn erwartet nun ein Strafverfahren wegen Trunkenheit im Stra\u00dfenverkehr.<\/p>\n\n\n\n<h2 class=\"wp-block-heading\">(Mannheim-K\u00e4fertal) &#8211; Verletzter M\u00e4usebussard auf Kinderspielplatz<\/h2>\n\n\n\n<p>Am Freitagnachmittag, gegen 17.30 Uhr, wurde ein verletzter Vogel auf dem Kinderspielplatz &#8222;Am Neckarkanal&#8220; gemeldet. Es handelte sich dabei um einen verletzten M\u00e4usebussard, der durch die eingesetzten Beamten einfangen und einer Tier\u00e4rztin \u00fcbergeben werden konnte. Von dort erfolgte die weitere Versorgung.<\/p>\n\n\n\n<h2 class=\"wp-block-heading\">(Heidelberg-Neuenheim) &#8211; Radfahrer mit 1,74 Promille unterwegs<\/h2>\n\n\n\n<p>Am fr\u00fchen Sonntagmorgen, gegen 02.00 Uhr, fiel einer Polizeistreife des Polizeireviers Heidelberg-Nord ein 20-j\u00e4hriger Radfahrer auf, der die Handschuhsheimer Landstra\u00dfe in Schlangenlinien befuhr. Nachdem die Beamten den 20-J\u00e4hrigen einer Kontrolle unterzogen konnten sie bei diesem deutlichen Alkoholgeruch feststellen. Ein durchgef\u00fchrter Atemalkoholtest f\u00f6rderte einen Atemalkoholwert von 1,74 Promille zu Tage. Dem 20-J\u00e4hrigen wurde eine Blutprobe entnommen. Er sieht sich nun einer Anzeige wegen der Trunkenheit im Verkehr entgegen und muss weiter mit f\u00fchrerscheinrechtlichen Konsequenzen rechnen.<\/p>\n\n\n\n<h2 class=\"wp-block-heading\">(Sandhausen \/ Rhein-Neckar-Kreis) &#8211; Einfamilienhaus in Brand geraten<\/h2>\n\n\n\n<h3 class=\"has-text-align-center wp-block-heading\">Pressemeldung Nr. 1<\/h3>\n\n\n\n<p>Derzeit sind die Feuerwehr, Polizei und Rettungskr\u00e4fte in Sandhausen im Buchenweg im Einsatz. Aus bisher unbekannter Ursache ist in einem Einfamilienhaus ein Brand ausgebrochen. Die Rettungsarbeiten dauern an.<\/p>\n\n\n\n<h2 class=\"wp-block-heading\">(Sandhausen \/ Rhein-Neckar-Kreis) &#8211; Brand eines Reihenhauses \/ hoher Sachschaden<\/h2>\n\n\n\n<h3 class=\"has-text-align-center wp-block-heading\">Pressemeldung Nr. 2<\/h3>\n\n\n\n<p>Aus bisher unbekannten Gr\u00fcnden kam es Sonntagnacht gegen 23:21 Uhr in Sandhofen im Buchenweg an einem Reihenhaus zu einem Brand. Dieser griff nach ersten Ermittlungen schnell auf die Fassade und dann auf das Dach des Hauses \u00fcber. Von hier aus konnte sich das Feuer auf die beiden angrenzenden Reihenh\u00e4user ausbreiten. Der Feuerwehr gelang es schlie\u00dflich den Brand einzud\u00e4mmen und so ein weiteres \u00dcbergreifen auf benachbarte H\u00e4user zu verhindern. Sicherheitshalber wurden die Bewohner von insgesamt 5 Reihenh\u00e4usern evakuiert und im weiteren Verlauf durch den Rettungsdienst betreut. Durch den Brand wurden keine Personen gesch\u00e4digt. Die ersten Sch\u00e4tzungen der Feuerwehr zum entstandenen Sachschaden belaufen sich auf ca. 500.000 Euro. Die Ermittlungen zur Brandursache hat das Polizeirevier Wiesloch mit Unterst\u00fctzung des Kriminaldauerdienstes aufgenommen.<\/p>\n\n\n\n<h2 class=\"wp-block-heading\">(Leimen-St. Ilgen \/ Rhein-Neckar-Kreis) &#8211; Brand in einem Restaurant in der Bahnhofstra\u00dfe<\/h2>\n\n\n\n<h3 class=\"has-text-align-center wp-block-heading\">Pressemeldung Nr. 1<\/h3>\n\n\n\n<p>Zur Zeit ist die Feuerwehr, der Rettungsdienst und die Polizei aufgrund eines Brandes in einem Restaurant in der Bahnhofstra\u00dfe in Leimen im Einsatz. Ersten Erkenntnissen nach, brach in einem Restaurant zun\u00e4chst ein Feuer aus, das sich im Anschluss auf den Kamin au\u00dferhalb des Geb\u00e4udes ausbreitete. \u00dcber Verletzte und den Sachschaden ist bislang noch nichts bekannt.<\/p>\n\n\n\n<h3 class=\"has-text-align-center wp-block-heading\">Pressemeldung Nr. 2<\/h3>\n\n\n\n<p>Am Sonntagabend, gegen 20:40 Uhr, kam es in einem Restaurant in der Bahnhofstra\u00dfe in Leimen, Ortsteil St. Ilgen, bei Reinigungsarbeiten aus bislang noch nicht gekl\u00e4rten Gr\u00fcnden zu einer Stichflamme im Bereich des Herdes. Hierdurch geriet die dar\u00fcber liegende Abzugshaube in Brand. Die Angestellten konnten mit eigenen Mitteln den Brand im Restaurant l\u00f6schen. Jedoch hatte sich der Brand zwischenzeitlich auf den angeschlossenen Kamin ausgebreitet. Die Feuerwehr Leimen kam mit einem gr\u00f6\u00dferen Aufgebot vor Ort und konnte schlussendlich auch den Brand im Kamin l\u00f6schen. Eine Anwohnerin atmete Rauch ein und wurde vorsorglich zur weiteren Versorgung in ein nahe gelegenes Krankenhaus gebracht. Am Inventar des Restaurants entstand Sachschaden in H\u00f6he von 5.000 EUR.<\/p>\n\n\n\n<p>Das Polizeirevier Wiesloch hat die weiteren Ermittlungen \u00fcbernommen.<\/p>\n\n\n\n<h2 class=\"wp-block-heading\">(St. Leon-Rot \/ Rhein-Neckar-Kreis) &#8211; Raub\u00fcberfall auf Lebensmitteldiscounter \/ Polizei sucht Zeugen<\/h2>\n\n\n\n<div class=\"wp-block-image\"><figure class=\"aligncenter size-full\"><img decoding=\"async\" loading=\"lazy\" width=\"800\" height=\"554\" src=\"https:\/\/speyer24news.com\/wp-content\/uploads\/2021\/03\/Fahndung.jpg\" alt=\"\" class=\"wp-image-34196\" srcset=\"https:\/\/speyer24news.com\/wp-content\/uploads\/2021\/03\/Fahndung.jpg 800w, https:\/\/speyer24news.com\/wp-content\/uploads\/2021\/03\/Fahndung-300x208.jpg 300w, https:\/\/speyer24news.com\/wp-content\/uploads\/2021\/03\/Fahndung-768x532.jpg 768w\" sizes=\"(max-width: 800px) 100vw, 800px\" \/><\/figure><\/div>\n\n\n\n<p>Am Samstagabend, kurz nach 20:30 Uhr, betrat ein bislang noch unbekannter T\u00e4ter einen, in der Stra\u00dfe Im Schiff ans\u00e4ssigen Lebensmitteldiscounter in Sankt-Leon-Rot im Ortsteil St. Leon. Nachdem er ein paar Artikel an der Kasse bezahlte, zog er pl\u00f6tzlich eine schwarz-silberne Pistole aus seinem Hosenbund und bedrohte damit die Kassiererin. Um seiner Forderung nach Bargeld Nachdruck zu verleihen, ging er die Kassiererin noch k\u00f6rperlich an. Im Anschluss griff der T\u00e4ter in die offene Kasse und entnahm aus dieser ca. 1.200 EUR Bargeld. Hiernach verlie\u00df der T\u00e4ter den Discounter und ging unerkannt fl\u00fcchtig.<\/p>\n\n\n\n<p>Die sofort eingeleiteten Fahndungsma\u00dfnahmen mit starken Polizeikr\u00e4ften nach dem unbekannten Mann f\u00fchrten bislang nicht zu dessen Ergreifung.<\/p>\n\n\n\n<h4 class=\"wp-block-heading\">Beschreibung des T\u00e4ters:<\/h4>\n\n\n\n<ul><li><strong>m\u00e4nnlich<\/strong><\/li><li><strong>ca. 30 Jahre<\/strong><\/li><li><strong>ca. 180 cm gro\u00df<\/strong><\/li><li><strong>s\u00fcdl\u00e4ndische Erscheinung<\/strong><\/li><li><strong>schlanke bis normale Figur<\/strong><\/li><li><strong>sprach deutsch mit Akzent<\/strong><\/li><li><strong>bekleidet mit einer schwarz\/orangefarbenen Jacke, darunter einen blauen Kapuzenpullover, dunkles Golf-K\u00e4ppi, blaue Jeans und dunkle Sportschuhe<\/strong><\/li><\/ul>\n\n\n\n<p>Zeugen, die Hinweise auf den T\u00e4ter und seine weitere Flucht nach dem \u00dcberfall geben k\u00f6nnen, werden gebeten sich beim Kriminaldauerdienst der Kriminalpolizeidirektion Heidelberg unter 0621\/174-4444 zu melden.<\/p>\n\n\n\n<p>Der Kriminaldauerdienst hat die Ermittlungen wegen schweren Raubes aufgenommen.<\/p>\n\n\n\n<h2 class=\"wp-block-heading\">(Angelbachtal \/ Rhein-Neckar-Kreis) &#8211; Trick-Betr\u00fcger erbeuten ca. 1700 Euro bei 60-j\u00e4hriger Frau<\/h2>\n\n\n\n<p>Am Freitag-Nachmittag nahm ein bislang unbekannter T\u00e4ter \u00fcber Whatsapp Kontakt zu einer 60-j\u00e4hrigen Frau aus Angelbachtal auf und gab sich als deren Tochter aus, die sich aktuell in Geldnot bef\u00e4nde. Unter einem Vorwand bat die falsche Tochter die Frau um eine \u00dcberweisung in H\u00f6he von ca. 1700 Euro, welche diese, im Glauben, ihrer Tochter zu helfen, im Anschluss vornahm. Der Betrug flog erst auf, als sich die Frau am gleichen Abend mit ihrer tats\u00e4chlichen Tochter traf und ihr die Quittung f\u00fcr die \u00dcberweisung \u00fcbergeben wollte. Die beiden Frauen begaben sich daraufhin umgehend zum Polizeirevier Sinsheim und erstattet Strafanzeige.<\/p>\n\n\n\n<h2 class=\"wp-block-heading\">(Sinsheim-Hilsbach \/ Rhein-Neckar-Kreis) &#8211; Unbekannte stehlen aus einem Radbagger 100 l Diesel \/ Zeugen gesucht<\/h2>\n\n\n\n<p>Bereits am Freitagnachmittag den 18.03.2022, um 16.30 Uhr, musste der Besitzer eines Radbaggers, den er am Montagnachmittag den 11.03.2022, um 15.00 Uhr, auf dem Rei\u00dfigplatz abgestellt hatte, feststellen, dass Unbekannte ca. 100 Liter Dieselkraftstoff aus dem Tank entwendeten. Hierzu brachen die Unbekannten den Tankdeckel aufbrechen und richteten einen Schaden von ca. 300,- Euro am Tank an. Der Diebstahlsschaden selbst liegt bei ca. 225,- Euro. Zeugen und\/oder Anwohner, die Hinweise auf Tat oder verd\u00e4chtiges beobachtet haben werden gebeten sich mit dem Polizeirevier Sinsheim Tel: 07261\/690-0 in Verbindung zu setzen.<\/p>\n\n\n\n<h2 class=\"wp-block-heading\">(Eberbach \/ Rhein-Neckar-Kreis) &#8211; Wildunfall \/ Renault Fahrer erfasst Wildschwein<\/h2>\n\n\n\n<p>Am Samstagabend, gegen 21.35 Uhr, befuhr ein 23-j\u00e4hriger Renault Fahrer die Landesstra\u00dfe 524, von Eberbach kommend, in Richtung Unterdielbach. 200 Meter vor der Ortseinfahrt Unterdielbach querte unvermittelt ein Wildschwein die Fahrbahn. Der 23-J\u00e4hrige konnten eine Kollision nicht mehr vermeiden und erfasste das Tier. W\u00e4hrend das Wildschwein am Unfallort verendete blieb der Fahrzeuglenker unverletzt. Jedoch entstand an seinem Pkw ein erheblicher Sachschaden, der auf ca. 5000,- Euro gesch\u00e4tzt wird. Da das Fahrzeug nicht mehr fahrbereit war musste es abgeschleppt werden.<\/p>\n\n\n\n<h2 class=\"wp-block-heading\">(Neckargem\u00fcnd \/ Rhein-Neckar-Kreis) &#8211; Betrunkener Autofahrer aus dem Verkehr gezogen<\/h2>\n\n\n\n<p>Am Freitagabend gegen 21:30 Uhr wurde eine Streife des Polizeireviers Neckargem\u00fcnd auf einen Skoda-Fahrer aufmerksam, der trotz beabsichtigter Kontrolle zun\u00e4chst nicht auf die Anhaltesignale des Streifenwagens reagierte. Nachdem das Fahrzeug schlie\u00dflich in der Bahnhofstra\u00dfe angehalten und der 52-j\u00e4hrige Fahrer einer Kontrolle unterzogen werden konnte, wurde durch die Beamten deutlicher Alkoholgeruch wahrgenommen. Ein anschlie\u00dfend durchgef\u00fchrter Alkoholtest ergab einen Wert von \u00fcber 1,6 Promille. Der Mann musste die Beamten in der Folge zum Revier begleiten, wo eine Blutentnahme durchgef\u00fchrt wurde. Ihn erwartet nun eine Strafanzeige wegen Trunkenheit im Verkehr. Sein F\u00fchrerschein wurde durch die Beamten einbehalten.<\/p>\n\n\n\n<h2 class=\"wp-block-heading\">(Weinheim \/ Rhein-Neckar-Kreis) &#8211; Bei Pkw Scheibe eingeschlagen und Notebook entwendet \/ Zeugen gesucht<\/h2>\n\n\n\n<p>Ein oder mehrere Unbekannte schlugen am Samstagabend in der Zeit zwischen 17.00 und 20.30 Uhr, die Fensterscheibe eines in einer Tiefgarage der Institutstra\u00dfe geparkten Pkw ein. Aus dem Fahrzeuginneren entwendeten der oder die Unbekannten ein Notebook, ein Tablet und einen Rucksack im Gesamtwert von ca. 2500,- Euro. Der Sachschaden am Pkw wird auf ca. 400,- Euro gesch\u00e4tzt. Zeugen und\/oder Anwohner, die zur fraglichen Zeit verd\u00e4chtige Wahrnehmungen gemacht haben oder Hinweise auf die Tat geben k\u00f6nnen, werden gebeten Kontakt mit dem Polizeirevier Weinheim, Tel.: 06201\/1003-0, aufzunehmen.<\/p>\n\n\n\n<h2 class=\"wp-block-heading\">(Weinheim \/ Rhein-Neckar-Kreis) &#8211; K\u00f6rperliche Auseinandersetzung im Schlosspark \/ Zeugen gesucht<\/h2>\n\n\n\n<p>Am sp\u00e4ten Freitagabend, um 23.00 Uhr, wurden Beamte des Polizeireviers Weinheim zum Weinheimer Schlosspark gerufen, nachdem es dort zu einer k\u00f6rperlichen Auseinandersetzung zwischen mehreren Personen gekommen war. Wie sich vor Ort herausstellte, wurden ein 17- und 18-J\u00e4hriger von einer unbekannten Personengruppe k\u00f6rperlich angegangen und mit Tritten und Schl\u00e4gen traktiert. Erst nachdem Zeugen auf den Vorfall aufmerksam wurden und den Gesch\u00e4digten zur Hilfe kamen, fl\u00fcchteten die unbekannten Angreifer aus dem Schlosspark. Im Zuge der darauf eingeleiteten Fahndungsma\u00dfnahmen konnte ein 18-j\u00e4hriger Beteiligter aus der fl\u00fcchtigen Personengruppe in der Weinheimer Innenstadt durch eine Streife des PRev Weinheim festgestellt werden. Die beiden Gesch\u00e4digten wurden bei der Auseinandersetzung nur leicht verletzt und mussten durch einen hinzugezogenen Rettungswagen nicht behandelt werden. Die Hintergr\u00fcnde des Geschehens sind noch unklar. Das Polizeirevier Weinheim hat die Ermittlungen aufgenommen und bittet Zeugen, die sachdienliche Hinweise zur Auseinandersetzung geben k\u00f6nnen, sich mit diesen unter Telefon 06201-10030, in Verbindung zu setzten.<\/p>\n","protected":false},"excerpt":{"rendered":"<div class=\"mh-excerpt\"><p>(Speyer) &#8211; Dank aufmerksamen Zeugen T\u00e4ter bei PKW Aufbruch auf frischer Tat ertappt In der Nacht zum Sonntag versuchte eine m\u00e4nnliche Person mehrere Fahrzeuge im Bereich Speyer\/Nord, Bahnhof Speyer Nord\/West aufzubrechen. Im L\u00e4rchenweg konnte er <a class=\"mh-excerpt-more\" href=\"https:\/\/speyer24news.com\/?p=43578\" title=\"Polizeimeldungen vom Wochenende (19. &#038; 20.03.2022)\">[&#8230;]<\/a><\/p>\n<\/div>","protected":false},"author":3,"featured_media":26162,"comment_status":"open","ping_status":"open","sticky":false,"template":"","format":"standard","meta":{"_monsterinsights_skip_tracking":false,"_monsterinsights_sitenote_active":false,"_monsterinsights_sitenote_note":"","_monsterinsights_sitenote_category":0,"footnotes":""},"categories":[12],"tags":[702,61,2555,6955,6986,6263,63,105,11150,6987,53,4854,13534,4683,1548,4905,11592,102,213,13541,55,8277,6368,5261,103,106,2803,2423,427,2625,380,62,104,979,1565],"aioseo_notices":[],"amp_enabled":true,"_links":{"self":[{"href":"https:\/\/speyer24news.com\/index.php?rest_route=\/wp\/v2\/posts\/43578"}],"collection":[{"href":"https:\/\/speyer24news.com\/index.php?rest_route=\/wp\/v2\/posts"}],"about":[{"href":"https:\/\/speyer24news.com\/index.php?rest_route=\/wp\/v2\/types\/post"}],"author":[{"embeddable":true,"href":"https:\/\/speyer24news.com\/index.php?rest_route=\/wp\/v2\/users\/3"}],"replies":[{"embeddable":true,"href":"https:\/\/speyer24news.com\/index.php?rest_route=%2Fwp%2Fv2%2Fcomments&post=43578"}],"version-history":[{"count":2,"href":"https:\/\/speyer24news.com\/index.php?rest_route=\/wp\/v2\/posts\/43578\/revisions"}],"predecessor-version":[{"id":43584,"href":"https:\/\/speyer24news.com\/index.php?rest_route=\/wp\/v2\/posts\/43578\/revisions\/43584"}],"wp:featuredmedia":[{"embeddable":true,"href":"https:\/\/speyer24news.com\/index.php?rest_route=\/wp\/v2\/media\/26162"}],"wp:attachment":[{"href":"https:\/\/speyer24news.com\/index.php?rest_route=%2Fwp%2Fv2%2Fmedia&parent=43578"}],"wp:term":[{"taxonomy":"category","embeddable":true,"href":"https:\/\/speyer24news.com\/index.php?rest_route=%2Fwp%2Fv2%2Fcategories&post=43578"},{"taxonomy":"post_tag","embeddable":true,"href":"https:\/\/speyer24news.com\/index.php?rest_route=%2Fwp%2Fv2%2Ftags&post=43578"}],"curies":[{"name":"wp","href":"https:\/\/api.w.org\/{rel}","templated":true}]}}