{"id":43642,"date":"2022-03-25T09:29:08","date_gmt":"2022-03-25T08:29:08","guid":{"rendered":"https:\/\/speyer24news.com\/?p=43642"},"modified":"2022-03-25T09:29:10","modified_gmt":"2022-03-25T08:29:10","slug":"veranstaltungen-speyer","status":"publish","type":"post","link":"https:\/\/speyer24news.com\/?p=43642","title":{"rendered":"Veranstaltungen \/ Speyer"},"content":{"rendered":"<style type=\"text\/css\">\r\n\t.ads_top_disp{}\r\n\t.ads_top_corner_disp{ float:left; margin:0px 10px 10px 0px; }\r\n\t.ads_first_p_disp{}\r\n\t.ads_bottom_disp{}\r\n\t<\/style>\n<h2 class=\"wp-block-heading\">Sommertagszug Speyer am Sonntag, 27.3.22<\/h2>\n\n\n\n<div class=\"wp-block-image\"><figure class=\"aligncenter\"><img decoding=\"async\" loading=\"lazy\" width=\"800\" height=\"600\" src=\"https:\/\/speyer24news.com\/wp-content\/uploads\/2022\/03\/Sommertagsumzug-Speyer-2019-2.jpg\" alt=\"\" class=\"wp-image-43604\" srcset=\"https:\/\/speyer24news.com\/wp-content\/uploads\/2022\/03\/Sommertagsumzug-Speyer-2019-2.jpg 800w, https:\/\/speyer24news.com\/wp-content\/uploads\/2022\/03\/Sommertagsumzug-Speyer-2019-2-300x225.jpg 300w, https:\/\/speyer24news.com\/wp-content\/uploads\/2022\/03\/Sommertagsumzug-Speyer-2019-2-768x576.jpg 768w, https:\/\/speyer24news.com\/wp-content\/uploads\/2022\/03\/Sommertagsumzug-Speyer-2019-2-678x509.jpg 678w, https:\/\/speyer24news.com\/wp-content\/uploads\/2022\/03\/Sommertagsumzug-Speyer-2019-2-326x245.jpg 326w, https:\/\/speyer24news.com\/wp-content\/uploads\/2022\/03\/Sommertagsumzug-Speyer-2019-2-80x60.jpg 80w\" sizes=\"(max-width: 800px) 100vw, 800px\" \/><\/figure><\/div>\n\n\n\n<p>Der Verkehrsverein Speyer weist darauf hin, dass am kommenden<strong> Sonntag, dem 27.3.2022<\/strong> der traditionelle Sommertagszug stattfindet. Der riesige Schneemann wartet um <strong>14 Uhr vorm Altp\u00f6rtel<\/strong> auf alle Teilnehmenden, die ihn auf die Wiese unterhalb des Doms begleiten. Ab <strong>ca. 14.30 Uhr<\/strong> beginnt der Umzug sowie im Anschluss das kleine Fest zum Beginn des Fr\u00fchlings.<\/p>\n\n\n\n<div class=\"wp-block-image\"><figure class=\"aligncenter\"><img decoding=\"async\" loading=\"lazy\" width=\"800\" height=\"600\" src=\"https:\/\/speyer24news.com\/wp-content\/uploads\/2022\/03\/Sommertagsumzug-Speyer-2019-3.jpg\" alt=\"\" class=\"wp-image-43603\" srcset=\"https:\/\/speyer24news.com\/wp-content\/uploads\/2022\/03\/Sommertagsumzug-Speyer-2019-3.jpg 800w, https:\/\/speyer24news.com\/wp-content\/uploads\/2022\/03\/Sommertagsumzug-Speyer-2019-3-300x225.jpg 300w, https:\/\/speyer24news.com\/wp-content\/uploads\/2022\/03\/Sommertagsumzug-Speyer-2019-3-768x576.jpg 768w, https:\/\/speyer24news.com\/wp-content\/uploads\/2022\/03\/Sommertagsumzug-Speyer-2019-3-678x509.jpg 678w, https:\/\/speyer24news.com\/wp-content\/uploads\/2022\/03\/Sommertagsumzug-Speyer-2019-3-326x245.jpg 326w, https:\/\/speyer24news.com\/wp-content\/uploads\/2022\/03\/Sommertagsumzug-Speyer-2019-3-80x60.jpg 80w\" sizes=\"(max-width: 800px) 100vw, 800px\" \/><\/figure><\/div>\n\n\n\n<p>Schulklassen, Kindertagesst\u00e4tten-Gruppen und viele G\u00e4ste freuen sich nach zwei Jahren Pause wieder auf den symboltr\u00e4chtigen \u00dcbergang des Winters in den Fr\u00fchling. Das Wetter passt dazu.\u00a0Der Veranstalter weist ausdr\u00fccklich darauf hin, dass die g\u00fcltigen Abstandsregelungen und die Maskenpflicht f\u00fcr Zuschauer bestehen, auch wenn es sich um eine Freiluftveranstaltung handelt.<\/p>\n\n\n\n<p><em>Text: Verkehrsverein Speyer Esther Wedekind-Razvi Foto: Speyer 24\/7 News, dak<br>24.03.2022<\/em><\/p>\n\n\n\n<h2 class=\"wp-block-heading\">Verkehrslenkung zum Sommertagszug<\/h2>\n\n\n\n<div class=\"wp-block-image\"><figure class=\"aligncenter\"><img decoding=\"async\" loading=\"lazy\" width=\"800\" height=\"600\" src=\"https:\/\/speyer24news.com\/wp-content\/uploads\/2022\/03\/Sommertagsumzug-Speyer-2019-4.jpg\" alt=\"\" class=\"wp-image-43605\" srcset=\"https:\/\/speyer24news.com\/wp-content\/uploads\/2022\/03\/Sommertagsumzug-Speyer-2019-4.jpg 800w, https:\/\/speyer24news.com\/wp-content\/uploads\/2022\/03\/Sommertagsumzug-Speyer-2019-4-300x225.jpg 300w, https:\/\/speyer24news.com\/wp-content\/uploads\/2022\/03\/Sommertagsumzug-Speyer-2019-4-768x576.jpg 768w, https:\/\/speyer24news.com\/wp-content\/uploads\/2022\/03\/Sommertagsumzug-Speyer-2019-4-678x509.jpg 678w, https:\/\/speyer24news.com\/wp-content\/uploads\/2022\/03\/Sommertagsumzug-Speyer-2019-4-326x245.jpg 326w, https:\/\/speyer24news.com\/wp-content\/uploads\/2022\/03\/Sommertagsumzug-Speyer-2019-4-80x60.jpg 80w\" sizes=\"(max-width: 800px) 100vw, 800px\" \/><\/figure><\/div>\n\n\n\n<p>Die Stadtverwaltung informiert, dass anl\u00e4sslich des Sommertagszuges in Speyer am&nbsp;<strong>Sonntag, 27. M\u00e4rz 2022 in der Zeit von 13.30 bis 16 Uhr<\/strong>&nbsp;Ma\u00dfnahmen zur Verkehrslenkung notwendig sind.<\/p>\n\n\n\n<p>Der Umzug stellt sich um 14 Uhr auf der Maximilianstra\u00dfe zwischen Altp\u00f6rtel und Heydenreichstra\u00dfe \/ Wormser Stra\u00dfe auf.<\/p>\n\n\n\n<p>Um 14.30 Uhr laufen die Teilnehmer*innen des Umzuges \u00fcber die Maximilianstra\u00dfe in Richtung Domplatz, Klipfelsau, Schillerweg, Rheinallee bis zur Domwiese.<\/p>\n\n\n\n<p>Aufgrund der dadurch erforderlichen Stra\u00dfensperrungen wird der Busverkehr der Linien 564 und 565 in der Zeit von 13.30 Uhr bis 16 Uhr umgeleitet.<\/p>\n\n\n\n<p>Die Haltestelle des BRN am Domplatz \/ Historisches Museum kann zwischen 14.30 und 15.30 Uhr nicht angefahren werden.<\/p>\n\n\n\n<div class=\"wp-block-image\"><figure class=\"aligncenter size-full\"><img decoding=\"async\" loading=\"lazy\" width=\"800\" height=\"600\" src=\"https:\/\/speyer24news.com\/wp-content\/uploads\/2022\/03\/Sommertagsumzug-Speyer-2019-5.jpg\" alt=\"\" class=\"wp-image-43643\" srcset=\"https:\/\/speyer24news.com\/wp-content\/uploads\/2022\/03\/Sommertagsumzug-Speyer-2019-5.jpg 800w, https:\/\/speyer24news.com\/wp-content\/uploads\/2022\/03\/Sommertagsumzug-Speyer-2019-5-300x225.jpg 300w, https:\/\/speyer24news.com\/wp-content\/uploads\/2022\/03\/Sommertagsumzug-Speyer-2019-5-768x576.jpg 768w, https:\/\/speyer24news.com\/wp-content\/uploads\/2022\/03\/Sommertagsumzug-Speyer-2019-5-678x509.jpg 678w, https:\/\/speyer24news.com\/wp-content\/uploads\/2022\/03\/Sommertagsumzug-Speyer-2019-5-326x245.jpg 326w, https:\/\/speyer24news.com\/wp-content\/uploads\/2022\/03\/Sommertagsumzug-Speyer-2019-5-80x60.jpg 80w\" sizes=\"(max-width: 800px) 100vw, 800px\" \/><\/figure><\/div>\n\n\n\n<p>Die \u00f6ffentlichen Verkehrstr\u00e4ger werden an den Haltestellen entsprechende Hinweise zu Ersatzhaltestellen anbringen.<\/p>\n\n\n\n<p>Parkplatzsuchende erhalten \u00fcber das Parkleitsystem entsprechende Informationen und werden zu den ausgewiesenen Besucherparkpl\u00e4tzen gef\u00fchrt.<\/p>\n\n\n\n<p>Als solche stehen die Parkpl\u00e4tze Festplatz, Naturfreundehaus, am Technik Museum, am Dom sowie das bademaxx-Parkgel\u00e4nde zur Verf\u00fcgung.<\/p>\n\n\n\n<p>Schwerbehinderte mit entsprechendem Parkausweis k\u00f6nnen die direkt an der Umzugsstrecke liegenden Parkpl\u00e4tze am Dom und der Gro\u00dfen Pfaffengasse nutzen.<\/p>\n\n\n\n<p><em>Text: Stadt Speyer Foto: Speyer24\/7News, dak<br>21.03.2022<\/em><\/p>\n","protected":false},"excerpt":{"rendered":"<div class=\"mh-excerpt\"><p>Sommertagszug Speyer am Sonntag, 27.3.22 Der Verkehrsverein Speyer weist darauf hin, dass am kommenden Sonntag, dem 27.3.2022 der traditionelle Sommertagszug stattfindet. Der riesige Schneemann wartet um 14 Uhr vorm Altp\u00f6rtel auf alle Teilnehmenden, die ihn <a class=\"mh-excerpt-more\" href=\"https:\/\/speyer24news.com\/?p=43642\" title=\"Veranstaltungen \/ Speyer\">[&#8230;]<\/a><\/p>\n<\/div>","protected":false},"author":3,"featured_media":43644,"comment_status":"open","ping_status":"open","sticky":false,"template":"","format":"standard","meta":{"_monsterinsights_skip_tracking":false,"_monsterinsights_sitenote_active":false,"_monsterinsights_sitenote_note":"","_monsterinsights_sitenote_category":0,"footnotes":""},"categories":[9,13],"tags":[625,13641,13642,10887,561,13643,13644,562,13645,6,786],"aioseo_notices":[],"amp_enabled":true,"_links":{"self":[{"href":"https:\/\/speyer24news.com\/index.php?rest_route=\/wp\/v2\/posts\/43642"}],"collection":[{"href":"https:\/\/speyer24news.com\/index.php?rest_route=\/wp\/v2\/posts"}],"about":[{"href":"https:\/\/speyer24news.com\/index.php?rest_route=\/wp\/v2\/types\/post"}],"author":[{"embeddable":true,"href":"https:\/\/speyer24news.com\/index.php?rest_route=\/wp\/v2\/users\/3"}],"replies":[{"embeddable":true,"href":"https:\/\/speyer24news.com\/index.php?rest_route=%2Fwp%2Fv2%2Fcomments&post=43642"}],"version-history":[{"count":1,"href":"https:\/\/speyer24news.com\/index.php?rest_route=\/wp\/v2\/posts\/43642\/revisions"}],"predecessor-version":[{"id":43645,"href":"https:\/\/speyer24news.com\/index.php?rest_route=\/wp\/v2\/posts\/43642\/revisions\/43645"}],"wp:featuredmedia":[{"embeddable":true,"href":"https:\/\/speyer24news.com\/index.php?rest_route=\/wp\/v2\/media\/43644"}],"wp:attachment":[{"href":"https:\/\/speyer24news.com\/index.php?rest_route=%2Fwp%2Fv2%2Fmedia&parent=43642"}],"wp:term":[{"taxonomy":"category","embeddable":true,"href":"https:\/\/speyer24news.com\/index.php?rest_route=%2Fwp%2Fv2%2Fcategories&post=43642"},{"taxonomy":"post_tag","embeddable":true,"href":"https:\/\/speyer24news.com\/index.php?rest_route=%2Fwp%2Fv2%2Ftags&post=43642"}],"curies":[{"name":"wp","href":"https:\/\/api.w.org\/{rel}","templated":true}]}}