{"id":43819,"date":"2022-04-04T07:42:17","date_gmt":"2022-04-04T06:42:17","guid":{"rendered":"https:\/\/speyer24news.com\/?p=43819"},"modified":"2022-04-04T07:42:19","modified_gmt":"2022-04-04T06:42:19","slug":"politik-ukrainekrieg","status":"publish","type":"post","link":"https:\/\/speyer24news.com\/?p=43819","title":{"rendered":"Politik \/ Ukrainekrieg"},"content":{"rendered":"<style type=\"text\/css\">\r\n\t.ads_top_disp{}\r\n\t.ads_top_corner_disp{ float:left; margin:0px 10px 10px 0px; }\r\n\t.ads_first_p_disp{}\r\n\t.ads_bottom_disp{}\r\n\t<\/style>\n<h2 class=\"wp-block-heading\">Informationen zur Einreise f\u00fcr Gefl\u00fcchtete aus der Ukraine \u2013 Ge\u00e4nderte Vorgehensweise<\/h2>\n\n\n\n<div class=\"wp-block-image\"><figure class=\"aligncenter size-full\"><img decoding=\"async\" loading=\"lazy\" width=\"800\" height=\"430\" src=\"https:\/\/speyer24news.com\/wp-content\/uploads\/2022\/03\/we-standwithukraine.png\" alt=\"\" class=\"wp-image-43321\" srcset=\"https:\/\/speyer24news.com\/wp-content\/uploads\/2022\/03\/we-standwithukraine.png 800w, https:\/\/speyer24news.com\/wp-content\/uploads\/2022\/03\/we-standwithukraine-300x161.png 300w, https:\/\/speyer24news.com\/wp-content\/uploads\/2022\/03\/we-standwithukraine-768x413.png 768w\" sizes=\"(max-width: 800px) 100vw, 800px\" \/><\/figure><\/div>\n\n\n\n<p>Der Europ\u00e4ische Rat hat am 4. M\u00e4rz 2022 den&nbsp;<a href=\"https:\/\/deref-web.de\/mail\/client\/NdM126noRtw\/dereferrer\/?redirectUrl=https%3A%2F%2Feur-lex.europa.eu%2Flegal-content%2FDE%2FTXT%2F%3Furi%3Duriserv%253AOJ.L_.2022.071.01.0001.01.DEU%26toc%3DOJ%253AL%253A2022%253A071%253ATOC\" target=\"_blank\" rel=\"noreferrer noopener\">Beschluss zur Aufnahme von Vertriebenen<\/a>&nbsp;getroffen. Dieser ist am gleichen Tag in Kraft getreten und \u00f6ffnet f\u00fcr Kriegsfl\u00fcchtlinge aus der Ukraine das vereinfachte Aufnahmeverfahren nach der EU- Richtlinie \u00fcber den vor\u00fcbergehenden Schutz. Damit m\u00fcssen Vertriebene aus der Ukraine<strong>&nbsp;kein Asylverfahren&nbsp;<\/strong>durchlaufen. Ein Asylantrag ist nicht mehr erforderlich.<\/p>\n\n\n\n<p>Um die stark geforderte Ausl\u00e4nderbeh\u00f6rden zu entlasten, erfolgt der Erstkontakt der Gefl\u00fcchteten mit der Stadtverwaltung Speyer ab sofort beim B\u00fcrgerb\u00fcro. Alle Gefl\u00fcchteten aus der Ukraine mit Wohnraum im Stadtgebiet Speyer \u2013 au\u00dfer in der Aufnahmeeinrichtung f\u00fcr Asylbegehrende (AfA) \u2013&nbsp;sind angehalten, zu den allgemeinen \u00d6ffnungszeiten ohne Termin in einem der beiden B\u00fcrgerb\u00fcros der Stadt Speyer vorstellig zu werden. Bei diesem Erstkontakt werden die Mitarbeitenden, nach M\u00f6glichkeit in der Muttersprache, erste wichtige Fragen kl\u00e4ren, beispielsweise:<\/p>\n\n\n\n<ul><li>Gibt es einen g\u00fcltigen Pass?<\/li><li>Gibt es Passfotos? (Falls nicht wird ein Gutschein f\u00fcr die Anfertigung biometrischer Passfotos ausgeh\u00e4ndigt)<\/li><li>Ist eine Wohnungsgeberbescheinigung vorhanden?<\/li><li>Sind die Urkunden (Ehe, etc.) zur Erstellung famili\u00e4rer Verkn\u00fcpfungen bei der sp\u00e4teren Anmeldung vorhanden?<\/li><\/ul>\n\n\n\n<h3 class=\"wp-block-heading\">Anmeldeverfahren bei vorhandenem Pass<\/h3>\n\n\n\n<p>Wenn ein Pass vorhanden ist, erfolgt die Anmeldung und die Vergabe der Steuer ID umgehend im B\u00fcrgerb\u00fcro. Dar\u00fcber hinaus wird ein FAQ-Bogen mit wichtigen Informationen und Orientierungshilfen ausgegeben. Bei einer Anmeldung im B\u00fcrgerb\u00fcro Maximilianstra\u00dfe werden die Gefl\u00fcchteten anschlie\u00dfend direkt zur Ausl\u00e4nderbeh\u00f6rde gebracht, wo ihr Fall weiterbearbeitet wird. F\u00fcr den Fall, dass die Anmeldung im B\u00fcrgerb\u00fcro Industriestra\u00dfe erfolgt, ist zu beachten, dass sich die Gefl\u00fcchteten anschlie\u00dfend selbstst\u00e4ndig zur Ausl\u00e4nderbeh\u00f6rde in der Gro\u00dfen Himmelsgasse 10 begeben m\u00fcssten.&nbsp;&nbsp;<\/p>\n\n\n\n<p>Bei der Ausl\u00e4nderbeh\u00f6rde k\u00f6nnen alle Personen mit g\u00fcltigem Pass eine Aufenthaltserlaubnis nach \u00a7 24 AufenthG beantragen und erhalten f\u00fcr die \u00dcbergangszeit eine sogenannte Fiktionsbescheinigung. Familienmitglieder ohne Pass werden registriert und erhalten eine sogenannte Anlaufbescheinigung. Sowohl Anlaufbescheinigung als auch Fiktionsbescheinigung f\u00fchren zur Bezugsberechtigung von Asylbewerberleistungen. Ein entsprechender Antrag wird den Fl\u00fcchtlingen von der Ausl\u00e4nderbeh\u00f6rde direkt mit an die Hand gegeben. Familienmitglieder ohne Pass werden nach der Registrierung von der Ausl\u00e4nderbeh\u00f6rde an das B\u00fcrgerb\u00fcro gemeldet. Eine erneute Vorsprache zur Anmeldung ist&nbsp;nicht&nbsp;erforderlich.<\/p>\n\n\n\n<h3 class=\"wp-block-heading\">Anmeldeverfahren ohne vorhandenen Pass<\/h3>\n\n\n\n<p>Ist kein Pass vorhanden, leitet das B\u00fcrgerb\u00fcro die Gefl\u00fcchteten direkt an die Ausl\u00e4nderbeh\u00f6rde weiter. Die Gefl\u00fcchteten werden dort per PIK-Station registriert und erhalten eine Anlaufbescheinigung. Ebenfalls wird der FAQ-Bogen und der Antrag auf Asylbewerberleistungen ausgeh\u00e4ndigt.<\/p>\n\n\n\n<p>Anschlie\u00dfend erfolgt auch hier&nbsp;ohne&nbsp;weitere Vorsprache beim B\u00fcrgerb\u00fcro die Anmeldung bei selbigem \u00fcber die Ausl\u00e4nderbeh\u00f6rde. M\u00f6glicherweise wird das Einwohnermeldeamt beim Fehlen einer Wohnungsgeberbest\u00e4tigung diese zu einem sp\u00e4teren Zeitpunkt nachfordern. Gefl\u00fcchtete, die in kommunalen Unterk\u00fcnften wohnen, ben\u00f6tigen auf Dauer keine Wohnungsgeberbest\u00e4tigung.<\/p>\n\n\n\n<p>Die nachgelagerte Bearbeitung weiterer Themen wie z.B. von Asylbewerberleistungen erfolgt dann \u00fcber den Fachbereich Jugend, Familie, Senioren und Soziales.<\/p>\n\n\n\n<p>Die Gefl\u00fcchteten sollten direkt beim Erstbesuch die ausgef\u00fcllte Wohnungsgeberbest\u00e4tigung sowie den vollst\u00e4ndig ausgef\u00fcllten Antrag auf Aufenthaltserlaubnis mit zur Ausl\u00e4nderbeh\u00f6rde bringen. Beide Formulare k\u00f6nnen auf der Website der Stadtverwaltung Speyer unter&nbsp;<a href=\"https:\/\/deref-web.de\/mail\/client\/p4KaYZ8lHe0\/dereferrer\/?redirectUrl=http%3A%2F%2Fwww.speyer.de%2Fukraine\" target=\"_blank\" rel=\"noreferrer noopener\">www.speyer.de\/ukraine<\/a>&nbsp;heruntergeladen werden.<\/p>\n\n\n\n<h3 class=\"wp-block-heading\">\u00d6ffnungszeiten des B\u00fcrgerb\u00fcros<\/h3>\n\n\n\n<ul><li><strong>Montag: 07:30\u00a0&#8211;\u00a016:00 Uhr<\/strong><\/li><li><strong>Dienstag: 07:30\u00a0&#8211;\u00a016:00 Uhr<\/strong><\/li><li><strong>Mittwoch 07:30\u00a0&#8211;\u00a013:00 Uhr<\/strong><\/li><li><strong>Donnerstag: 07:30\u00a0&#8211;\u00a018:00 Uhr<\/strong><\/li><li><strong>Freitag: 07:30\u00a0&#8211;\u00a013:00 Uhr<\/strong><\/li><\/ul>\n\n\n\n<p><em>Stadtverwaltung Speyer<br>21.03.2022<\/em><\/p>\n","protected":false},"excerpt":{"rendered":"<div class=\"mh-excerpt\"><p>Informationen zur Einreise f\u00fcr Gefl\u00fcchtete aus der Ukraine \u2013 Ge\u00e4nderte Vorgehensweise Der Europ\u00e4ische Rat hat am 4. M\u00e4rz 2022 den&nbsp;Beschluss zur Aufnahme von Vertriebenen&nbsp;getroffen. Dieser ist am gleichen Tag in Kraft getreten und \u00f6ffnet f\u00fcr <a class=\"mh-excerpt-more\" href=\"https:\/\/speyer24news.com\/?p=43819\" title=\"Politik \/ Ukrainekrieg\">[&#8230;]<\/a><\/p>\n<\/div>","protected":false},"author":3,"featured_media":39175,"comment_status":"open","ping_status":"open","sticky":false,"template":"","format":"standard","meta":{"_monsterinsights_skip_tracking":false,"_monsterinsights_sitenote_active":false,"_monsterinsights_sitenote_note":"","_monsterinsights_sitenote_category":0,"footnotes":""},"categories":[1529],"tags":[13579,3,6,13557,13575,13576,13558],"aioseo_notices":[],"amp_enabled":true,"_links":{"self":[{"href":"https:\/\/speyer24news.com\/index.php?rest_route=\/wp\/v2\/posts\/43819"}],"collection":[{"href":"https:\/\/speyer24news.com\/index.php?rest_route=\/wp\/v2\/posts"}],"about":[{"href":"https:\/\/speyer24news.com\/index.php?rest_route=\/wp\/v2\/types\/post"}],"author":[{"embeddable":true,"href":"https:\/\/speyer24news.com\/index.php?rest_route=\/wp\/v2\/users\/3"}],"replies":[{"embeddable":true,"href":"https:\/\/speyer24news.com\/index.php?rest_route=%2Fwp%2Fv2%2Fcomments&post=43819"}],"version-history":[{"count":1,"href":"https:\/\/speyer24news.com\/index.php?rest_route=\/wp\/v2\/posts\/43819\/revisions"}],"predecessor-version":[{"id":43820,"href":"https:\/\/speyer24news.com\/index.php?rest_route=\/wp\/v2\/posts\/43819\/revisions\/43820"}],"wp:featuredmedia":[{"embeddable":true,"href":"https:\/\/speyer24news.com\/index.php?rest_route=\/wp\/v2\/media\/39175"}],"wp:attachment":[{"href":"https:\/\/speyer24news.com\/index.php?rest_route=%2Fwp%2Fv2%2Fmedia&parent=43819"}],"wp:term":[{"taxonomy":"category","embeddable":true,"href":"https:\/\/speyer24news.com\/index.php?rest_route=%2Fwp%2Fv2%2Fcategories&post=43819"},{"taxonomy":"post_tag","embeddable":true,"href":"https:\/\/speyer24news.com\/index.php?rest_route=%2Fwp%2Fv2%2Ftags&post=43819"}],"curies":[{"name":"wp","href":"https:\/\/api.w.org\/{rel}","templated":true}]}}