{"id":43823,"date":"2022-04-04T07:57:14","date_gmt":"2022-04-04T06:57:14","guid":{"rendered":"https:\/\/speyer24news.com\/?p=43823"},"modified":"2022-04-04T07:57:16","modified_gmt":"2022-04-04T06:57:16","slug":"speyer-137","status":"publish","type":"post","link":"https:\/\/speyer24news.com\/?p=43823","title":{"rendered":"Speyer"},"content":{"rendered":"<style type=\"text\/css\">\r\n\t.ads_top_disp{}\r\n\t.ads_top_corner_disp{ float:left; margin:0px 10px 10px 0px; }\r\n\t.ads_first_p_disp{}\r\n\t.ads_bottom_disp{}\r\n\t<\/style>\n<h2 class=\"wp-block-heading\">Willkommensgru\u00df auf dem Weg in die Stadt: Stadtvorstand pflanzt Zier\u00e4pfel<\/h2>\n\n\n\n<div class=\"wp-block-image\"><figure class=\"aligncenter size-full\"><img decoding=\"async\" loading=\"lazy\" width=\"800\" height=\"524\" src=\"https:\/\/speyer24news.com\/wp-content\/uploads\/2022\/04\/Baumpflanzaktion-Stadtvorstand.jpg\" alt=\"\" class=\"wp-image-43824\" srcset=\"https:\/\/speyer24news.com\/wp-content\/uploads\/2022\/04\/Baumpflanzaktion-Stadtvorstand.jpg 800w, https:\/\/speyer24news.com\/wp-content\/uploads\/2022\/04\/Baumpflanzaktion-Stadtvorstand-300x197.jpg 300w, https:\/\/speyer24news.com\/wp-content\/uploads\/2022\/04\/Baumpflanzaktion-Stadtvorstand-768x503.jpg 768w\" sizes=\"(max-width: 800px) 100vw, 800px\" \/><\/figure><\/div>\n\n\n\n<p>Unz\u00e4hlige rosa \u00fcberlaufene Bl\u00fcten, aromatische Fr\u00fcchte und ein zarter Duft \u2013 der Zierapfel, der seit dieser Woche den Unteren Domgarten bereichert, bietet zahlreiche Vorz\u00fcge. &nbsp;<\/p>\n\n\n\n<p>Aus diesem Grund hat sich der Stadtvorstand dazu entschlossen, je einen Baum der Sorte Malus \u201eEvereste\u201c zu pflanzen, sodass der Baumbestand im Domgarten um insgesamt vier B\u00e4ume erweitert wurde. Die Initiative dazu gab Oberb\u00fcrgermeisterin Stefanie Seiler.<\/p>\n\n\n\n<p>\u201eWir m\u00f6chten damit einen signifikanten Beitrag f\u00fcr ein noch gr\u00fcneres Speyer leisten und zugleich die Speyererinnen und Speyerer motivieren, auch der Tier- und Pflanzenwelt im heimischen Garten etwas Gutes zu tun. Denn der Zierapfel ist nicht nur sch\u00f6n anzusehen, er bietet auch der Insektenwelt eine wichtige Nahrungsquelle\u201c, ist sich die Stadtspitze einig. \u201eSo bildet die Baumgruppe einen \u00f6kologischen und mit seinem Bl\u00fcten- und Fruchtschmuck ebenso sch\u00f6nen Willkommensgru\u00df vom Festplatz auf dem Weg in die Stadt.\u201c<\/p>\n\n\n\n<p>Die vier prachtvollen Zier\u00e4pfel, die jeweils eine Wuchsbreite von etwa f\u00fcnf Metern und eine H\u00f6he von bis zu acht Metern erreichen k\u00f6nnen, f\u00fcgen sich mit ihrer kegelf\u00f6rmigen Krone optimal in die Kulisse des Domgartens ein.<\/p>\n\n\n\n<div class=\"wp-block-image\"><figure class=\"aligncenter size-full\"><img decoding=\"async\" loading=\"lazy\" width=\"800\" height=\"601\" src=\"https:\/\/speyer24news.com\/wp-content\/uploads\/2022\/04\/Zierapfel.jpg\" alt=\"\" class=\"wp-image-43825\" srcset=\"https:\/\/speyer24news.com\/wp-content\/uploads\/2022\/04\/Zierapfel.jpg 800w, https:\/\/speyer24news.com\/wp-content\/uploads\/2022\/04\/Zierapfel-300x225.jpg 300w, https:\/\/speyer24news.com\/wp-content\/uploads\/2022\/04\/Zierapfel-768x577.jpg 768w, https:\/\/speyer24news.com\/wp-content\/uploads\/2022\/04\/Zierapfel-678x509.jpg 678w, https:\/\/speyer24news.com\/wp-content\/uploads\/2022\/04\/Zierapfel-326x245.jpg 326w, https:\/\/speyer24news.com\/wp-content\/uploads\/2022\/04\/Zierapfel-80x60.jpg 80w\" sizes=\"(max-width: 800px) 100vw, 800px\" \/><\/figure><\/div>\n\n\n\n<p>Steffen Schwendy, der f\u00fcr die Planung der Gr\u00fcnfl\u00e4chen in Speyer zust\u00e4ndig ist, und Sabine Wilke, Leiterin der Abteilung Stadtgr\u00fcn, haben den Zierbaum aufgrund seiner vielf\u00e4ltigen positiven Eigenschaften ausgew\u00e4hlt. Die robuste, langlebige Pflanze ist winterhart sowie mehltau- und schorfresistent und ein gro\u00dfartiger Pollenspender, was ihn f\u00fcr Flora und Fauna besonders attraktiv macht. Obwohl es sich beim Malus \u201eEvereste\u201c um eine Zierpflanze handelt, lassen sich die aromatischen Fr\u00fcchte sehr gut zu Kompott oder Marmelade verarbeiten, und bieten ansonsten Nahrung f\u00fcr V\u00f6gel und Kleins\u00e4uger.<\/p>\n\n\n\n<p>Die wei\u00df-rosa Bl\u00fcten im Fr\u00fchsommer und das in Gelb- und Rott\u00f6nen gl\u00e4nzende Herbstlaub machen ihn \u00fcberdies zu einem wahren Hingucker.<\/p>\n\n\n\n<p>B\u00fcrger*innen, die Interesse an einer Baumspende haben, k\u00f6nnen sich telefonisch unter 06232 14-2491 an die Stadtverwaltung wenden.<\/p>\n\n\n\n<p>Wer den eigenen Garten um einen Zierapfel erg\u00e4nzen m\u00f6chte, sollte auf einen geeigneten Standort achten: Ein frischer bis feuchter, tiefgr\u00fcndiger Gartenboden, welcher humus- und n\u00e4hrstoffreich ist, mit sonniger Lage ist ideal.<\/p>\n\n\n\n<p><em>Stadtverwaltung Speyer<br>22.03.2022<\/em><\/p>\n","protected":false},"excerpt":{"rendered":"<div class=\"mh-excerpt\"><p>Willkommensgru\u00df auf dem Weg in die Stadt: Stadtvorstand pflanzt Zier\u00e4pfel Unz\u00e4hlige rosa \u00fcberlaufene Bl\u00fcten, aromatische Fr\u00fcchte und ein zarter Duft \u2013 der Zierapfel, der seit dieser Woche den Unteren Domgarten bereichert, bietet zahlreiche Vorz\u00fcge. &nbsp; <a class=\"mh-excerpt-more\" href=\"https:\/\/speyer24news.com\/?p=43823\" title=\"Speyer\">[&#8230;]<\/a><\/p>\n<\/div>","protected":false},"author":3,"featured_media":23902,"comment_status":"open","ping_status":"open","sticky":false,"template":"","format":"standard","meta":{"_monsterinsights_skip_tracking":false,"_monsterinsights_sitenote_active":false,"_monsterinsights_sitenote_note":"","_monsterinsights_sitenote_category":0,"footnotes":""},"categories":[9],"tags":[975,6195,6,13660,13658,13659],"aioseo_notices":[],"amp_enabled":true,"_links":{"self":[{"href":"https:\/\/speyer24news.com\/index.php?rest_route=\/wp\/v2\/posts\/43823"}],"collection":[{"href":"https:\/\/speyer24news.com\/index.php?rest_route=\/wp\/v2\/posts"}],"about":[{"href":"https:\/\/speyer24news.com\/index.php?rest_route=\/wp\/v2\/types\/post"}],"author":[{"embeddable":true,"href":"https:\/\/speyer24news.com\/index.php?rest_route=\/wp\/v2\/users\/3"}],"replies":[{"embeddable":true,"href":"https:\/\/speyer24news.com\/index.php?rest_route=%2Fwp%2Fv2%2Fcomments&post=43823"}],"version-history":[{"count":1,"href":"https:\/\/speyer24news.com\/index.php?rest_route=\/wp\/v2\/posts\/43823\/revisions"}],"predecessor-version":[{"id":43826,"href":"https:\/\/speyer24news.com\/index.php?rest_route=\/wp\/v2\/posts\/43823\/revisions\/43826"}],"wp:featuredmedia":[{"embeddable":true,"href":"https:\/\/speyer24news.com\/index.php?rest_route=\/wp\/v2\/media\/23902"}],"wp:attachment":[{"href":"https:\/\/speyer24news.com\/index.php?rest_route=%2Fwp%2Fv2%2Fmedia&parent=43823"}],"wp:term":[{"taxonomy":"category","embeddable":true,"href":"https:\/\/speyer24news.com\/index.php?rest_route=%2Fwp%2Fv2%2Fcategories&post=43823"},{"taxonomy":"post_tag","embeddable":true,"href":"https:\/\/speyer24news.com\/index.php?rest_route=%2Fwp%2Fv2%2Ftags&post=43823"}],"curies":[{"name":"wp","href":"https:\/\/api.w.org\/{rel}","templated":true}]}}