{"id":43829,"date":"2022-04-04T08:08:55","date_gmt":"2022-04-04T07:08:55","guid":{"rendered":"https:\/\/speyer24news.com\/?p=43829"},"modified":"2022-04-04T08:08:58","modified_gmt":"2022-04-04T07:08:58","slug":"speyer-138","status":"publish","type":"post","link":"https:\/\/speyer24news.com\/?p=43829","title":{"rendered":"Speyer"},"content":{"rendered":"<style type=\"text\/css\">\r\n\t.ads_top_disp{}\r\n\t.ads_top_corner_disp{ float:left; margin:0px 10px 10px 0px; }\r\n\t.ads_first_p_disp{}\r\n\t.ads_bottom_disp{}\r\n\t<\/style>\n<h2 class=\"wp-block-heading\">Statement von Oberb\u00fcrgermeisterin Stefanie Seiler zur Vergabe der Landesgartenschau 2027<\/h2>\n\n\n\n<div class=\"wp-block-image\"><figure class=\"aligncenter size-full\"><img decoding=\"async\" loading=\"lazy\" width=\"500\" height=\"625\" src=\"https:\/\/speyer24news.com\/wp-content\/uploads\/2022\/04\/Gratualition-NW-LaGa.jpg\" alt=\"\" class=\"wp-image-43830\" srcset=\"https:\/\/speyer24news.com\/wp-content\/uploads\/2022\/04\/Gratualition-NW-LaGa.jpg 500w, https:\/\/speyer24news.com\/wp-content\/uploads\/2022\/04\/Gratualition-NW-LaGa-240x300.jpg 240w\" sizes=\"(max-width: 500px) 100vw, 500px\" \/><\/figure><\/div>\n\n\n\n<p>Am Dienstag, 29. M\u00e4rz 2022 hat der Ministerrat des Landes Rheinland-Pfalz beschlossen und verk\u00fcndet, dass Neustadt an der Weinstra\u00dfe die Landesgartenschau 2027 ausrichten wird. Die Bewerbung der Stadt Speyer war somit leider nicht erfolgreich. Oberb\u00fcrgermeisterin Stefanie Seiler zur Entscheidung: \u201eNat\u00fcrlich sind wir entt\u00e4uscht, dass wir den Zuschlag f\u00fcr die Landesgartenschau 2027 nicht erhalten haben, aber die Konkurrenz war stark \u2013 alle Kommunen haben dem Land hervorragende Bewerbungen vorgelegt. F\u00fcr das Land Rheinland-Pfalz ist es gro\u00dfartig, dass es gleich sechs starke Bewerbungen gab. Das ist alles andere selbstverst\u00e4ndlich und zeigt das Engagement der rheinland-pf\u00e4lzischen Kommunen im Bereich der nachhaltigen und zukunftsorientierten Stadtentwicklung.<\/p>\n\n\n\n<p>Von unserem Konzept, das mit viel Herzblut und Leidenschaft f\u00fcr die Sache erarbeitet wurde, bin ich nach wie vor \u00fcberzeugt. Vor allem bin ich froh, dass wir damit eine Basis f\u00fcr die Quartiersentwicklung im Norden geschaffen haben, die uns die Sto\u00dfrichtung f\u00fcr die kommenden Jahre vorgibt. Die Arbeit war also keineswegs umsonst, denn auch ohne Landesgartenschau 2027 werden wir verschiedene Punkte aus dem Konzept umsetzen. So sollen beispielsweise im Norden der Stadt gro\u00dfz\u00fcgig Fl\u00e4chen entsiegelt und ein Park geschaffen werden, der als gr\u00fcne Lunge des Quartiers fungieren soll.<\/p>\n\n\n\n<div class=\"wp-block-image\"><figure class=\"aligncenter size-full\"><img decoding=\"async\" loading=\"lazy\" width=\"671\" height=\"313\" src=\"https:\/\/speyer24news.com\/wp-content\/uploads\/2021\/10\/Landesgartenschau-2027-Logo.jpg\" alt=\"\" class=\"wp-image-41652\" srcset=\"https:\/\/speyer24news.com\/wp-content\/uploads\/2021\/10\/Landesgartenschau-2027-Logo.jpg 671w, https:\/\/speyer24news.com\/wp-content\/uploads\/2021\/10\/Landesgartenschau-2027-Logo-300x140.jpg 300w\" sizes=\"(max-width: 671px) 100vw, 671px\" \/><\/figure><\/div>\n\n\n\n<p>Mein Dank gilt meinen Mitarbeiterinnen und Mitarbeitern, die in k\u00fcrzester Zeit viel Zusatzarbeit geleistet und ein Konzept auf die Beine gestellt haben, von dem unsere Stadt langfristig profitieren wird. Ihr Einsatz kann ihnen insbesondere mit Blick auf die teils unsachliche Kritik von au\u00dfen nicht hoch genug angerechnet werden.<\/p>\n\n\n\n<p>Der Stadt Neustadt gratulieren wir ganz herzlich und w\u00fcnschen eine spannende Vorbereitungszeit sowie viel Erfolg bei der Umsetzung ihres Konzepts.\u201c\u00a0<\/p>\n\n\n\n<p><em>Stadtverwaltung Speyer<br>29.03.2022<\/em><\/p>\n","protected":false},"excerpt":{"rendered":"<div class=\"mh-excerpt\"><p>Statement von Oberb\u00fcrgermeisterin Stefanie Seiler zur Vergabe der Landesgartenschau 2027 Am Dienstag, 29. M\u00e4rz 2022 hat der Ministerrat des Landes Rheinland-Pfalz beschlossen und verk\u00fcndet, dass Neustadt an der Weinstra\u00dfe die Landesgartenschau 2027 ausrichten wird. Die <a class=\"mh-excerpt-more\" href=\"https:\/\/speyer24news.com\/?p=43829\" title=\"Speyer\">[&#8230;]<\/a><\/p>\n<\/div>","protected":false},"author":3,"featured_media":23902,"comment_status":"open","ping_status":"open","sticky":false,"template":"","format":"standard","meta":{"_monsterinsights_skip_tracking":false,"_monsterinsights_sitenote_active":false,"_monsterinsights_sitenote_note":"","_monsterinsights_sitenote_category":0,"footnotes":""},"categories":[9],"tags":[6294,13132,13662,13133,13661,6295,699,6],"aioseo_notices":[],"amp_enabled":true,"_links":{"self":[{"href":"https:\/\/speyer24news.com\/index.php?rest_route=\/wp\/v2\/posts\/43829"}],"collection":[{"href":"https:\/\/speyer24news.com\/index.php?rest_route=\/wp\/v2\/posts"}],"about":[{"href":"https:\/\/speyer24news.com\/index.php?rest_route=\/wp\/v2\/types\/post"}],"author":[{"embeddable":true,"href":"https:\/\/speyer24news.com\/index.php?rest_route=\/wp\/v2\/users\/3"}],"replies":[{"embeddable":true,"href":"https:\/\/speyer24news.com\/index.php?rest_route=%2Fwp%2Fv2%2Fcomments&post=43829"}],"version-history":[{"count":1,"href":"https:\/\/speyer24news.com\/index.php?rest_route=\/wp\/v2\/posts\/43829\/revisions"}],"predecessor-version":[{"id":43831,"href":"https:\/\/speyer24news.com\/index.php?rest_route=\/wp\/v2\/posts\/43829\/revisions\/43831"}],"wp:featuredmedia":[{"embeddable":true,"href":"https:\/\/speyer24news.com\/index.php?rest_route=\/wp\/v2\/media\/23902"}],"wp:attachment":[{"href":"https:\/\/speyer24news.com\/index.php?rest_route=%2Fwp%2Fv2%2Fmedia&parent=43829"}],"wp:term":[{"taxonomy":"category","embeddable":true,"href":"https:\/\/speyer24news.com\/index.php?rest_route=%2Fwp%2Fv2%2Fcategories&post=43829"},{"taxonomy":"post_tag","embeddable":true,"href":"https:\/\/speyer24news.com\/index.php?rest_route=%2Fwp%2Fv2%2Ftags&post=43829"}],"curies":[{"name":"wp","href":"https:\/\/api.w.org\/{rel}","templated":true}]}}