{"id":43853,"date":"2022-04-04T11:32:29","date_gmt":"2022-04-04T10:32:29","guid":{"rendered":"https:\/\/speyer24news.com\/?p=43853"},"modified":"2022-04-04T13:45:42","modified_gmt":"2022-04-04T12:45:42","slug":"historisches-museum-speyer","status":"publish","type":"post","link":"https:\/\/speyer24news.com\/?p=43853","title":{"rendered":"Kultur \/ Historisches Museum Speyer"},"content":{"rendered":"<style type=\"text\/css\">\r\n\t.ads_top_disp{}\r\n\t.ads_top_corner_disp{ float:left; margin:0px 10px 10px 0px; }\r\n\t.ads_first_p_disp{}\r\n\t.ads_bottom_disp{}\r\n\t<\/style>\n<div class=\"wp-block-image\"><figure class=\"aligncenter size-full\"><img decoding=\"async\" loading=\"lazy\" width=\"800\" height=\"600\" src=\"https:\/\/speyer24news.com\/wp-content\/uploads\/2021\/11\/Historisches-Museum-Speyer-Expedition-Erde-2021.jpg\" alt=\"\" class=\"wp-image-42470\" srcset=\"https:\/\/speyer24news.com\/wp-content\/uploads\/2021\/11\/Historisches-Museum-Speyer-Expedition-Erde-2021.jpg 800w, https:\/\/speyer24news.com\/wp-content\/uploads\/2021\/11\/Historisches-Museum-Speyer-Expedition-Erde-2021-300x225.jpg 300w, https:\/\/speyer24news.com\/wp-content\/uploads\/2021\/11\/Historisches-Museum-Speyer-Expedition-Erde-2021-768x576.jpg 768w, https:\/\/speyer24news.com\/wp-content\/uploads\/2021\/11\/Historisches-Museum-Speyer-Expedition-Erde-2021-678x509.jpg 678w, https:\/\/speyer24news.com\/wp-content\/uploads\/2021\/11\/Historisches-Museum-Speyer-Expedition-Erde-2021-326x245.jpg 326w, https:\/\/speyer24news.com\/wp-content\/uploads\/2021\/11\/Historisches-Museum-Speyer-Expedition-Erde-2021-80x60.jpg 80w\" sizes=\"(max-width: 800px) 100vw, 800px\" \/><\/figure><\/div>\n\n\n\n<h2 class=\"wp-block-heading\">\u201eExpedition Erde\u201c z\u00e4hlt 25.000sten Gast<\/h2>\n\n\n\n<h3 class=\"wp-block-heading\">Langsamer Anstieg der Besucherzahlen nach Corona-Durststrecke<\/h3>\n\n\n\n<div class=\"wp-block-image\"><figure class=\"aligncenter size-full\"><img decoding=\"async\" loading=\"lazy\" width=\"800\" height=\"533\" src=\"https:\/\/speyer24news.com\/wp-content\/uploads\/2022\/04\/Besucherehrung_Erde-2.jpg\" alt=\"\" class=\"wp-image-43864\" srcset=\"https:\/\/speyer24news.com\/wp-content\/uploads\/2022\/04\/Besucherehrung_Erde-2.jpg 800w, https:\/\/speyer24news.com\/wp-content\/uploads\/2022\/04\/Besucherehrung_Erde-2-300x200.jpg 300w, https:\/\/speyer24news.com\/wp-content\/uploads\/2022\/04\/Besucherehrung_Erde-2-768x512.jpg 768w\" sizes=\"(max-width: 800px) 100vw, 800px\" \/><figcaption>Alexander Schubert, Nadja Nickel, Cath\u00e9rine Biasini und Werner Schnieller in der Ausstellung &#8222;Expedition Erde&#8220;<br><em>Foto: Historisches Museum der Pfalz\/Julia Paul<\/em><\/figcaption><\/figure><\/div>\n\n\n\n<p>Nadja Nickel aus Weingarten ist die 25.000ste Besucherin der Ausstellung \u201eExpedition Erde\u201c im Historischen Museum der Pfalz. Die 40-j\u00e4hrige Erzieherin besuchte die Schau zusammen mit einer Gruppe Vorschulkindern der Kita Sternschnuppe aus Gommersheim. \u201eF\u00fcr die Kinder ist ein Museumsbesuch immer ein ganz besonderes Erlebnis. Vor allem wenn sie, wie hier, nicht nur gucken, sondern viele Sachen auch anfassen d\u00fcrfen. Daf\u00fcr nehmen wir gerne eine halbe Stunde Fahrt in Kauf, \u201c erkl\u00e4rte sie begeistert. Auch privat besucht Nadja Nickel, die lange Jahre in Speyer wohnte, gerne das Historische Museum der Pfalz und hat besonders die Ausstellung \u201e\u00c4gyptens Sch\u00e4tze entdecken\u201c in Erinnerung.&nbsp;<\/p>\n\n\n\n<p>Begr\u00fc\u00dft wurde sie von Werner Schineller, dem Vorsitzenden des Stiftungsvorstandes des Historischen Museums der Pfalz, Museumdirektor Alexander Schubert und Ausstellungskuratorin Catherine Biasini. Freudig nahm die Erzieherin einen Gutschein f\u00fcr die kommende Familienausstellung \u201eDer Gr\u00fcffelo kommt zur\u00fcck\u201c, ein K\u00f6rbchen mit bienenfreundlichen Fr\u00fchbl\u00fchern und ein Stofftier aus der Gr\u00fcffelo-Geschichte entgegen.&nbsp;<\/p>\n\n\n\n<p>Nach dem corona-bedingten Einbruch der Besucherzahlen in den vergangenen beiden Jahren, kommen langsam wieder mehr Menschen ins Museum. \u201eDas Historische Museum der Pfalz zeigt mit \u201aExpedition Erde\u2018 eine hervorragende Ausstellung, die in unsere Zeit passt. Die Schau verdient mehr Besucherinnen und Besucher als durch die Umst\u00e4nde m\u00f6glich waren,\u201c erkl\u00e4rte Werner Schineller. \u201eUnter normalen Umst\u00e4nden w\u00fcrden wir nach f\u00fcnf Monaten Laufzeit den 75.000sten oder sogar 80.000sten Jubil\u00e4umsgast erwarten. Wir freuen uns sehr, dass nun endlich wieder Leben in unsere Ausstellung kommt und wieder mehr Menschen unser Haus besuchen\u201c, erg\u00e4nzte Alexander Schubert.&nbsp;<\/p>\n\n\n\n<div class=\"wp-block-image\"><figure class=\"aligncenter size-full\"><img decoding=\"async\" loading=\"lazy\" width=\"500\" height=\"620\" src=\"https:\/\/speyer24news.com\/wp-content\/uploads\/2022\/04\/Besucherehrung_Erde-1.jpg\" alt=\"\" class=\"wp-image-43865\" srcset=\"https:\/\/speyer24news.com\/wp-content\/uploads\/2022\/04\/Besucherehrung_Erde-1.jpg 500w, https:\/\/speyer24news.com\/wp-content\/uploads\/2022\/04\/Besucherehrung_Erde-1-242x300.jpg 242w\" sizes=\"(max-width: 500px) 100vw, 500px\" \/><\/figure><\/div>\n\n\n\n<p>Die Ausstellung \u201eExpedition Erde. Im Reich von Maulwurf und Regenwurm. Eine Mitmachausstellung des Zoom Kindermuseum Wien\u201c ist noch bis zum 19. Juni im Historischen Museum der Pfalz zu sehen. Fesselnde Mitmachstationen, faszinierende Inszenierungen und kindgerechte Medienstationen vermitteln, warum es so wichtig ist, mit der Ressource Boden achtsam und sorgsam umzugehen.<\/p>\n\n\n\n<h3 class=\"wp-block-heading\">\u00d6ffnungszeiten und weitere Informationen<\/h3>\n\n\n\n<p>Das Historische Museum der Pfalz ist Dienstag bis Sonntag von 10 bis 18 Uhr ge\u00f6ffnet. Aktuell gilt f\u00fcr den Besuch des Museums die 3G-Regel (geimpft, getestet oder genesen). Weitere Informationen zur Ausstellung unter&nbsp;<a href=\"https:\/\/deref-web.de\/mail\/client\/QMHyYxbU5UE\/dereferrer\/?redirectUrl=http%3A%2F%2Fwww.expedition-erde-ausstellung.de\" target=\"_blank\" rel=\"noreferrer noopener\">www.expedition-erde-ausstellung.de<\/a>&nbsp;und zum Museum unter&nbsp;<a href=\"https:\/\/deref-web.de\/mail\/client\/O8hjddZLn4E\/dereferrer\/?redirectUrl=http%3A%2F%2Fwww.museum.speyer.de\" target=\"_blank\" rel=\"noreferrer noopener\">www.museum.speyer.de<\/a><\/p>\n\n\n\n<p><em>Historisches Museum der Pfalz Speyer<br>30.03.2022<\/em><\/p>\n\n\n\n<h2 class=\"wp-block-heading\">Ausblick 2022 und 2023<\/h2>\n\n\n\n<h3 class=\"wp-block-heading\">Im Fokus die gro\u00dfe Landesausstellung &#8222;Die Habsburger im Mittelalter&#8220;<\/h3>\n\n\n\n<div class=\"wp-block-image\"><figure class=\"aligncenter size-full\"><img decoding=\"async\" loading=\"lazy\" width=\"800\" height=\"669\" src=\"https:\/\/speyer24news.com\/wp-content\/uploads\/2022\/04\/DSC00224.jpg\" alt=\"\" class=\"wp-image-43861\" srcset=\"https:\/\/speyer24news.com\/wp-content\/uploads\/2022\/04\/DSC00224.jpg 800w, https:\/\/speyer24news.com\/wp-content\/uploads\/2022\/04\/DSC00224-300x251.jpg 300w, https:\/\/speyer24news.com\/wp-content\/uploads\/2022\/04\/DSC00224-768x642.jpg 768w\" sizes=\"(max-width: 800px) 100vw, 800px\" \/><\/figure><\/div>\n\n\n\n<p>Nach der Salier-Ausstellung (2011) und der L\u00f6wenherz-Ausstellung (2017\/18) wird mit der n\u00e4chsten rheinland-pf\u00e4lzischen Landesausstellung zu den Habsburgern erneut die gro\u00dfe europ\u00e4ische Geschichte des Mittelalters fest in Speyer und in der Pfalz verortet sein.<\/p>\n\n\n\n<div class=\"wp-block-image\"><figure class=\"aligncenter size-full\"><img decoding=\"async\" loading=\"lazy\" width=\"500\" height=\"667\" src=\"https:\/\/speyer24news.com\/wp-content\/uploads\/2022\/04\/DSC00225.jpg\" alt=\"\" class=\"wp-image-43862\" srcset=\"https:\/\/speyer24news.com\/wp-content\/uploads\/2022\/04\/DSC00225.jpg 500w, https:\/\/speyer24news.com\/wp-content\/uploads\/2022\/04\/DSC00225-225x300.jpg 225w\" sizes=\"(max-width: 500px) 100vw, 500px\" \/><\/figure><\/div>\n\n\n\n<p>Die gro\u00dfe Sonderausstellung mit dem Titel \u201eDie Habsburger im Mittelalter. Aufstieg einer Dynastie\u201c sp\u00fcrt ab dem 16. Oktober der Entwicklung eines Grafengeschlechts zum Kaiserhaus nach und erz\u00e4hlt die faszinierende und beeindruckende Erfolgsgeschichte der habsburgischen Dynastie. Der Focus liegt auf den Herrschern des Mittelalters, die das Geschehen in ganz Europa beeinflussten. Direktor Alexander Schubert sagt: \u201eKeine andere Dynastie hat die Geschicke Europas vergleichbar lange gepr\u00e4gt wie die Familie der Habsburger. Deshalb \u00fcberrascht es, dass in Deutschland bisher noch keine gro\u00dfe Epochenschau zu diesem Herrschergeschlecht gezeigt wurde, wie es f\u00fcr die anderen mittelalterlichen Dynastien der Ottonen, Salier, Welfen, Staufer oder Wittelsbacher der Fall war.\u201c Speyer sei der perfekte Ort f\u00fcr die Ausrichtung dieser Landesausstellung, liegen doch mit Rudolf I. und Albrecht I. jene Habsburger K\u00f6nige im Dom begraben, die einst den Aufstieg der Dynastie begr\u00fcndeten.<\/p>\n\n\n\n<div class=\"wp-block-image\"><figure class=\"aligncenter size-full\"><img decoding=\"async\" loading=\"lazy\" width=\"500\" height=\"667\" src=\"https:\/\/speyer24news.com\/wp-content\/uploads\/2022\/04\/DSC00222.jpg\" alt=\"\" class=\"wp-image-43863\" srcset=\"https:\/\/speyer24news.com\/wp-content\/uploads\/2022\/04\/DSC00222.jpg 500w, https:\/\/speyer24news.com\/wp-content\/uploads\/2022\/04\/DSC00222-225x300.jpg 225w\" sizes=\"(max-width: 500px) 100vw, 500px\" \/><\/figure><\/div>\n\n\n\n<p>Mit einer umfassenden Neupr\u00e4sentation unter dem Titel \u201eKreuz und Krone\u201c wird das Dom- und Di\u00f6zesanmuseum ab 19. September im Historischen Museum der Pfalz als vollst\u00e4ndig neu konzipierte Pr\u00e4sentation wiederer\u00f6ffnet. Neben den einzigartigen Grabsch\u00e4tzen der salischen Kaiser und K\u00f6nige, darunter die Grabkronen Kaiser Konrads II. und Kaiserin Giselas, werden kostbare liturgische Ger\u00e4te aus mehreren Jahrhunderten gezeigt wie auch die Baugeschichte des Domes erl\u00e4utert. \u201eDie Ausstellung zieht in die am besten passenden Museumsr\u00e4ume um. Das Untergeschoss des historischen Geb\u00e4udes mutet von der Architektur her wie ein Sakralbau an und hat die Atmosph\u00e4re einer Krypta\u201c, so Schubert.<\/p>\n\n\n\n<div class=\"wp-block-image\"><figure class=\"aligncenter size-full\"><img decoding=\"async\" loading=\"lazy\" width=\"800\" height=\"533\" src=\"https:\/\/speyer24news.com\/wp-content\/uploads\/2019\/11\/Gr\u00fcffelo-Raum.jpg\" alt=\"\" class=\"wp-image-21880\" srcset=\"https:\/\/speyer24news.com\/wp-content\/uploads\/2019\/11\/Gr\u00fcffelo-Raum.jpg 800w, https:\/\/speyer24news.com\/wp-content\/uploads\/2019\/11\/Gr\u00fcffelo-Raum-300x200.jpg 300w, https:\/\/speyer24news.com\/wp-content\/uploads\/2019\/11\/Gr\u00fcffelo-Raum-768x512.jpg 768w\" sizes=\"(max-width: 800px) 100vw, 800px\" \/><\/figure><\/div>\n\n\n\n<p>Nachdem zum gro\u00dfen Bedauern des vor allem j\u00fcngeren Museumspublikums die vergangene Gr\u00fcffelo-Ausstellung pandemie-bedingt vorzeitig beendet werden musste, wird sich ab Dezember 2022 eine neu gestaltete Familien-Ausstellung mit dem Titel \u201eDer Gr\u00fcffelo kommt zur\u00fcck\u201c nochmals dem liebgewonnenen Bilderbuchmonster widmen.<br>Eine eigene Ausstellungsreihe begibt sich auf die Zeitreise durch die Epochen pf\u00e4lzischer Geschichte. Bereits mit den Ausstellungen \u201eWeltb\u00fchne Speyer. Die \u00c4ra der gro\u00dfen Staatsbesuche\u201c, \u201eKaiser Valentinian I.\u201c oder aktuell \u201eRendezvous. Frankreichs Milit\u00e4r in der Pfalz 1945\u20131999\u201c wurden Themen der pf\u00e4lzischen Geschichte in den Fokus gestellt. Die Ausstellung \u201eK\u00f6nig Ludwig I. \u2013 Sehnsucht Pfalz\u201c setzt jetzt diese Ausstellungsreihe 2023 fort.<\/p>\n\n\n\n<p>Aktuelle Informationen zu Preisen und Corona-Vorgaben unter&nbsp;<a href=\"https:\/\/deref-web.de\/mail\/client\/O8hjddZLn4E\/dereferrer\/?redirectUrl=http%3A%2F%2Fwww.museum.speyer.de\" target=\"_blank\" rel=\"noreferrer noopener\">www.museum.speyer.de<\/a>.<\/p>\n\n\n\n<p><em>Text: Historisches Museum der Pfalz Speyer Foto: Speyer 24\/7 News, dak<br>10.03.2022<\/em><\/p>\n\n\n\n<h2 class=\"wp-block-heading\">Osterferienprogramm f\u00fcr junge Entdecker<\/h2>\n\n\n\n<h3 class=\"wp-block-heading\">Workshops zur Ausstellung \u201eExpedition Erde\u201c in Speyer<\/h3>\n\n\n\n<div class=\"wp-block-image\"><figure class=\"aligncenter size-full\"><img decoding=\"async\" loading=\"lazy\" width=\"500\" height=\"707\" src=\"https:\/\/speyer24news.com\/wp-content\/uploads\/2022\/04\/Plakat_Expedition-Erde.jpg\" alt=\"\" class=\"wp-image-43857\" srcset=\"https:\/\/speyer24news.com\/wp-content\/uploads\/2022\/04\/Plakat_Expedition-Erde.jpg 500w, https:\/\/speyer24news.com\/wp-content\/uploads\/2022\/04\/Plakat_Expedition-Erde-212x300.jpg 212w\" sizes=\"(max-width: 500px) 100vw, 500px\" \/><figcaption>Plakat der aktuellen Sonderausstellung &#8222;Expedition Erde&#8220;<br><em>Foto: Historisches Museum der Pfalz \/ Gestaltung: M.-L.<br>Malek \/ Grafik: M. Ruppel <\/em><\/figcaption><\/figure><\/div>\n\n\n\n<p>Begleitend zur Sonderausstellung \u201eExpedition Erde. Im Reich von Maulwurf und Regenwurm\u201c im Historischen Museum der Pfalz finden vom 13. bis zum 14. April und vom 19. bis zum 22. April Ferienworkshops f\u00fcr Kinder zwischen sechs und zw\u00f6lf Jahren statt.&nbsp;<\/p>\n\n\n\n<p>Das Programm startet jeweils um 10 Uhr und endet um 13 Uhr. Die Teilnahme kostet pro Kind und Vormittag 10 Euro. Karten f\u00fcr die einzelnen Termine sind unter dem Stichwort &#8222;Veranstaltungen&#8220; im Online-Shop unter&nbsp;<a href=\"https:\/\/deref-web.de\/mail\/client\/vcIvjOUlHac\/dereferrer\/?redirectUrl=http%3A%2F%2Fwww.tickets.museum.speyer.de\" target=\"_blank\" rel=\"noreferrer noopener\">www.tickets.museum.speyer.de<\/a>&nbsp;erh\u00e4ltlich.<\/p>\n\n\n\n<div class=\"wp-block-image\"><figure class=\"aligncenter size-full\"><img decoding=\"async\" loading=\"lazy\" width=\"800\" height=\"533\" src=\"https:\/\/speyer24news.com\/wp-content\/uploads\/2022\/04\/Maulwurf.jpg\" alt=\"\" class=\"wp-image-43858\" srcset=\"https:\/\/speyer24news.com\/wp-content\/uploads\/2022\/04\/Maulwurf.jpg 800w, https:\/\/speyer24news.com\/wp-content\/uploads\/2022\/04\/Maulwurf-300x200.jpg 300w, https:\/\/speyer24news.com\/wp-content\/uploads\/2022\/04\/Maulwurf-768x512.jpg 768w\" sizes=\"(max-width: 800px) 100vw, 800px\" \/><figcaption>Ein heimischer Maulwurf auf seinem H\u00fcgel<br><em>Foto: Historisches Museum der Pfalz \/ Shutterstock<\/em><\/figcaption><\/figure><\/div>\n\n\n\n<p>Jeder Tag widmet sich einem anderen Motto und beginnt mit einer auf das Thema abgestimmten F\u00fchrung durch die Ausstellung. Anschlie\u00dfend folgt der praktische Teil zu dem jeweiligen Workshop-Programm. F\u00fcr die Pause sollte sich jedes Kind ein kleinen Imbiss mitbringen.<\/p>\n\n\n\n<div class=\"wp-block-image\"><figure class=\"aligncenter size-full\"><img decoding=\"async\" loading=\"lazy\" width=\"800\" height=\"533\" src=\"https:\/\/speyer24news.com\/wp-content\/uploads\/2022\/04\/Kinder-mit-PET_Flasche.jpg\" alt=\"\" class=\"wp-image-43860\" srcset=\"https:\/\/speyer24news.com\/wp-content\/uploads\/2022\/04\/Kinder-mit-PET_Flasche.jpg 800w, https:\/\/speyer24news.com\/wp-content\/uploads\/2022\/04\/Kinder-mit-PET_Flasche-300x200.jpg 300w, https:\/\/speyer24news.com\/wp-content\/uploads\/2022\/04\/Kinder-mit-PET_Flasche-768x512.jpg 768w\" sizes=\"(max-width: 800px) 100vw, 800px\" \/><figcaption>Kinder basteln aus einer leeren PET Flasche einen Kr\u00e4utergarten zum h\u00e4ngen.<br><em>Foto: Historisches Museum der Pfalz \/ Christine Lincke<\/em><\/figcaption><\/figure><\/div>\n\n\n\n<p>Das Ferienangebot startet am Mittwoch, 13. April, mit einer F\u00fchrung zum Thema \u201eMaulwurf\u201c. Anschlie\u00dfend gestalten die Kinder einen Maulwurf aus unterschiedlichen Materialien. Am Donnerstag, 14. April, ist Abfallvermeidung das Thema. Aus einer PET-Flasche stellen die Kinder einen kleinen Kr\u00e4utergarten her. Die Erdhummel steht am Dienstag, 19. April, im Mittelpunkt des Programms. Um den Fortbestand der Wildbienen zu unterst\u00fctzen, fertigen die Teilnehmerinnen und Teilnehmer ein Insektenhotel an. Zu einer spannenden Exkursion in den Domgarten bricht die Gruppe am Mittwoch, 20. April, auf. Dort werden mit Becherlupen Bodentiere wie Ameisen, Steinl\u00e4ufer oder Feuerwanzen gesucht. Am Donnerstag, 21. April, dreht sich alles um Pilze. Im Workshop erfahren die Kinder, wie man mit Champignons drucken kann. Mit dem \u201eTag der Erde\u201c am Freitag, 22. April, endet die Workshop-Reihe. Im Fokus steht der Blaue Planet. Mit Erdfarben malen die Ferienkinder ein Bild zu diesem Thema.<\/p>\n\n\n\n<div class=\"wp-block-image\"><figure class=\"aligncenter size-full\"><img decoding=\"async\" loading=\"lazy\" width=\"800\" height=\"434\" src=\"https:\/\/speyer24news.com\/wp-content\/uploads\/2022\/04\/Dose-collage.jpg\" alt=\"\" class=\"wp-image-43859\" srcset=\"https:\/\/speyer24news.com\/wp-content\/uploads\/2022\/04\/Dose-collage.jpg 800w, https:\/\/speyer24news.com\/wp-content\/uploads\/2022\/04\/Dose-collage-300x163.jpg 300w, https:\/\/speyer24news.com\/wp-content\/uploads\/2022\/04\/Dose-collage-768x417.jpg 768w\" sizes=\"(max-width: 800px) 100vw, 800px\" \/><figcaption>Aus einfachen Dingen wie einer leeren Konservendose und Bambusst\u00f6cken lassen sich tolle Insektenhotels basteln.<br><em>Foto: Historisches Museum der Pfalz \/ Karin Birk<\/em><\/figcaption><\/figure><\/div>\n\n\n\n<h3 class=\"wp-block-heading\">Museums-\u00d6ffnungszeiten und weitere Informationen<\/h3>\n\n\n\n<p>Das Historische Museum der Pfalz ist Dienstag bis Sonntag von 10 bis 18 Uhr ge\u00f6ffnet.<br>Am Ostermontag, 18. April, hat das Museum ebenfalls von 10 bis 18 Uhr ge\u00f6ffnet.<br>Weitere Informationen zu den Ferienworkshops und zur Sonderausstellung \u201eExpedition Erde. Im Reich von Maulwurf und Regenwurm. Eine Mitmachausstellung des Zoom Kindermuseum Wien\u201c finden sich unter&nbsp;<a href=\"https:\/\/deref-web.de\/mail\/client\/QMHyYxbU5UE\/dereferrer\/?redirectUrl=http%3A%2F%2Fwww.expedition-erde-ausstellung.de\" target=\"_blank\" rel=\"noreferrer noopener\">www.expedition-erde-ausstellung.de<\/a>.<\/p>\n\n\n\n<p>Aktuelle Informationen zu Preisen und Corona-Vorgaben unter&nbsp;<a href=\"https:\/\/deref-web.de\/mail\/client\/O8hjddZLn4E\/dereferrer\/?redirectUrl=http%3A%2F%2Fwww.museum.speyer.de\" target=\"_blank\" rel=\"noreferrer noopener\">www.museum.speyer.de<\/a>.<\/p>\n\n\n\n<p><em>Historisches Museum der Pfalz Speyer<br>10.03.2022<\/em><\/p>\n\n\n\n<h2 class=\"wp-block-heading\">Speyerer Goldhut in London ausgestellt<\/h2>\n\n\n\n<div class=\"wp-block-image\"><figure class=\"aligncenter size-full\"><img decoding=\"async\" loading=\"lazy\" width=\"800\" height=\"679\" src=\"https:\/\/speyer24news.com\/wp-content\/uploads\/2022\/04\/Goldhut_Speyer.jpg\" alt=\"\" class=\"wp-image-43854\" srcset=\"https:\/\/speyer24news.com\/wp-content\/uploads\/2022\/04\/Goldhut_Speyer.jpg 800w, https:\/\/speyer24news.com\/wp-content\/uploads\/2022\/04\/Goldhut_Speyer-300x255.jpg 300w, https:\/\/speyer24news.com\/wp-content\/uploads\/2022\/04\/Goldhut_Speyer-768x652.jpg 768w\" sizes=\"(max-width: 800px) 100vw, 800px\" \/><figcaption>Der Goldene Hut von Schifferstadt entstand um 1300 vor Christus und ist ein viel gefragtes Objekt.<br><em>Foto: Historisches Museum der Pfalz Speyer<\/em><\/figcaption><\/figure><\/div>\n\n\n\n<p>Wertvolles Fundst\u00fcck reist im Passagierraum \u00fcber den \u00c4rmelkanal&nbsp;Das ber\u00fchmteste Objekt aus der urgeschichtlichen Sammlung des Historischen Museums der Pfalz ist aktuell in London zu sehen: Der \u201eGoldene Hut von Schifferstadt\u201c. Er ist der \u00e4lteste von weltweit vier bekannten Kegelh\u00fcten dieser Art und stammt aus der Zeit um 1300 vor Christus. Das British Museum zeigt den Goldhut gemeinsam mit der Himmelsscheibe von Nebra und anderen bedeutenden europ\u00e4ischen Fundst\u00fccken aus der Bronzezeit in der Ausstellung \u201eThe world of Stonehenge\u201c bis zum 17. Juli.&nbsp;<\/p>\n\n\n\n<p>Aufgrund seiner historischen Bedeutung ist der Goldhut ein viel gefragtes Objekt. Bis Anfang Januar war er als Leihgabe in der Ausstellung \u201eDie Welt der Himmelsscheibe von Nebra \u2013 Neue Horizonte\u201c in Halle zu sehen.&nbsp;<\/p>\n\n\n\n<div class=\"wp-block-image\"><figure class=\"aligncenter size-full\"><img decoding=\"async\" loading=\"lazy\" width=\"500\" height=\"685\" src=\"https:\/\/speyer24news.com\/wp-content\/uploads\/2022\/04\/Goldhut-verpackt.jpg\" alt=\"\" class=\"wp-image-43855\" srcset=\"https:\/\/speyer24news.com\/wp-content\/uploads\/2022\/04\/Goldhut-verpackt.jpg 500w, https:\/\/speyer24news.com\/wp-content\/uploads\/2022\/04\/Goldhut-verpackt-219x300.jpg 219w\" sizes=\"(max-width: 500px) 100vw, 500px\" \/><figcaption>Blick hinter die Kulissen: Der Goldhut wird f\u00fcr den Transport verpackt.<br><em>Foto: Historisches Museum der Pfalz Speyer<\/em><\/figcaption><\/figure><\/div>\n\n\n\n<p>Der Transport des wertvollen Fundst\u00fccks ist nur unter optimalen konservatorischen Bedingungen und h\u00f6chsten Sicherheitsvorkehrungen m\u00f6glich. Daher wird der Goldhut stets von erfahrenen Kunstspeditionen transportiert und von einer Restauratorin oder einem Restaurator als Kurierperson begleitet. F\u00fcr den Weg \u00fcber den \u00c4rmelkanal reiste das aufwendig verpackte Original diesmal im Passagierraum einer Linienmaschine. Nur dort sind die Klimawerte bei Flugreisen ausreichend stabil und die Begleitperson kann direkt neben dem Objekt sitzen.&nbsp;<\/p>\n\n\n\n<p>Nach Ende der Ausstellung \u201eThe world of Stonehenge\u201c kehrt der Goldhut von London nach Speyer zur\u00fcck. Dort wird er zun\u00e4chst im Museumsdepot verwahrt. Das Publikum wird den Goldhut wieder sehen k\u00f6nnen, sobald die dringend erforderliche Sanierung des Erweiterungsbaus erfolgt ist und die Sammlungsausstellung neu eingerichtet werden konnte.<\/p>\n\n\n\n<div class=\"wp-block-image\"><figure class=\"aligncenter size-full\"><img decoding=\"async\" loading=\"lazy\" width=\"500\" height=\"651\" src=\"https:\/\/speyer24news.com\/wp-content\/uploads\/2022\/04\/Goldhut_London.jpg\" alt=\"\" class=\"wp-image-43856\" srcset=\"https:\/\/speyer24news.com\/wp-content\/uploads\/2022\/04\/Goldhut_London.jpg 500w, https:\/\/speyer24news.com\/wp-content\/uploads\/2022\/04\/Goldhut_London-230x300.jpg 230w\" sizes=\"(max-width: 500px) 100vw, 500px\" \/><figcaption>Bis 17. Juli ist der Goldhut in London zu sehen.<br><em>Foto: Historisches Museum der Pfalz Speyer<\/em><\/figcaption><\/figure><\/div>\n\n\n\n<h2 class=\"wp-block-heading\">\u00d6ffnungszeiten und weitere Informationen<\/h2>\n\n\n\n<p>Aktuell sind im Historischen Museum der Pfalz die Sammlungsausstellung \u201eLuther und die Protestanten in der Pfalz\u201c und das Weinmuseum zu sehen sowie die Sonderausstellungen \u201eExpedition Erde. Im Reich von Maulwurf und Regenwurm. Eine Mitmachausstellung des Zoom Kindermuseum Wien\u201c und \u201eRendezvous. Frankreichs Milit\u00e4r in der Pfalz 1945-1999\u201c.&nbsp;<\/p>\n\n\n\n<p>Das Historische Museum der Pfalz ist Dienstag bis Sonntag von 10 bis 18 Uhr ge\u00f6ffnet. Weitere Informationen unter&nbsp;<a href=\"https:\/\/deref-web.de\/mail\/client\/O8hjddZLn4E\/dereferrer\/?redirectUrl=http%3A%2F%2Fwww.museum.speyer.de\" target=\"_blank\" rel=\"noreferrer noopener\">www.museum.speyer.de<\/a><\/p>\n\n\n\n<p><em>Historisches Museum der Pfalz Speyer<br>17.02.2022<\/em><\/p>\n","protected":false},"excerpt":{"rendered":"<div class=\"mh-excerpt\"><p>\u201eExpedition Erde\u201c z\u00e4hlt 25.000sten Gast Langsamer Anstieg der Besucherzahlen nach Corona-Durststrecke Nadja Nickel aus Weingarten ist die 25.000ste Besucherin der Ausstellung \u201eExpedition Erde\u201c im Historischen Museum der Pfalz. Die 40-j\u00e4hrige Erzieherin besuchte die Schau zusammen <a class=\"mh-excerpt-more\" href=\"https:\/\/speyer24news.com\/?p=43853\" title=\"Kultur \/ Historisches Museum Speyer\">[&#8230;]<\/a><\/p>\n<\/div>","protected":false},"author":3,"featured_media":31878,"comment_status":"open","ping_status":"open","sticky":false,"template":"","format":"standard","meta":{"_monsterinsights_skip_tracking":false,"_monsterinsights_sitenote_active":false,"_monsterinsights_sitenote_note":"","_monsterinsights_sitenote_category":0,"footnotes":""},"categories":[14],"tags":[52,861,1191,540,577,2200,6],"aioseo_notices":[],"amp_enabled":true,"_links":{"self":[{"href":"https:\/\/speyer24news.com\/index.php?rest_route=\/wp\/v2\/posts\/43853"}],"collection":[{"href":"https:\/\/speyer24news.com\/index.php?rest_route=\/wp\/v2\/posts"}],"about":[{"href":"https:\/\/speyer24news.com\/index.php?rest_route=\/wp\/v2\/types\/post"}],"author":[{"embeddable":true,"href":"https:\/\/speyer24news.com\/index.php?rest_route=\/wp\/v2\/users\/3"}],"replies":[{"embeddable":true,"href":"https:\/\/speyer24news.com\/index.php?rest_route=%2Fwp%2Fv2%2Fcomments&post=43853"}],"version-history":[{"count":3,"href":"https:\/\/speyer24news.com\/index.php?rest_route=\/wp\/v2\/posts\/43853\/revisions"}],"predecessor-version":[{"id":43875,"href":"https:\/\/speyer24news.com\/index.php?rest_route=\/wp\/v2\/posts\/43853\/revisions\/43875"}],"wp:featuredmedia":[{"embeddable":true,"href":"https:\/\/speyer24news.com\/index.php?rest_route=\/wp\/v2\/media\/31878"}],"wp:attachment":[{"href":"https:\/\/speyer24news.com\/index.php?rest_route=%2Fwp%2Fv2%2Fmedia&parent=43853"}],"wp:term":[{"taxonomy":"category","embeddable":true,"href":"https:\/\/speyer24news.com\/index.php?rest_route=%2Fwp%2Fv2%2Fcategories&post=43853"},{"taxonomy":"post_tag","embeddable":true,"href":"https:\/\/speyer24news.com\/index.php?rest_route=%2Fwp%2Fv2%2Ftags&post=43853"}],"curies":[{"name":"wp","href":"https:\/\/api.w.org\/{rel}","templated":true}]}}