{"id":43997,"date":"2022-04-06T16:26:24","date_gmt":"2022-04-06T15:26:24","guid":{"rendered":"https:\/\/speyer24news.com\/?p=43997"},"modified":"2022-04-06T16:26:26","modified_gmt":"2022-04-06T15:26:26","slug":"stadtnotizen-speyer-27","status":"publish","type":"post","link":"https:\/\/speyer24news.com\/?p=43997","title":{"rendered":"Stadtnotizen Speyer"},"content":{"rendered":"<style type=\"text\/css\">\r\n\t.ads_top_disp{}\r\n\t.ads_top_corner_disp{ float:left; margin:0px 10px 10px 0px; }\r\n\t.ads_first_p_disp{}\r\n\t.ads_bottom_disp{}\r\n\t<\/style>\n<div class=\"wp-block-image\"><figure class=\"aligncenter size-full\"><img decoding=\"async\" loading=\"lazy\" width=\"800\" height=\"600\" src=\"https:\/\/speyer24news.com\/wp-content\/uploads\/2020\/01\/Speyer-Stadtnachrichten-2.jpg\" alt=\"\" class=\"wp-image-23901\" srcset=\"https:\/\/speyer24news.com\/wp-content\/uploads\/2020\/01\/Speyer-Stadtnachrichten-2.jpg 800w, https:\/\/speyer24news.com\/wp-content\/uploads\/2020\/01\/Speyer-Stadtnachrichten-2-300x225.jpg 300w, https:\/\/speyer24news.com\/wp-content\/uploads\/2020\/01\/Speyer-Stadtnachrichten-2-768x576.jpg 768w, https:\/\/speyer24news.com\/wp-content\/uploads\/2020\/01\/Speyer-Stadtnachrichten-2-678x509.jpg 678w, https:\/\/speyer24news.com\/wp-content\/uploads\/2020\/01\/Speyer-Stadtnachrichten-2-326x245.jpg 326w, https:\/\/speyer24news.com\/wp-content\/uploads\/2020\/01\/Speyer-Stadtnachrichten-2-80x60.jpg 80w\" sizes=\"(max-width: 800px) 100vw, 800px\" \/><\/figure><\/div>\n\n\n\n<h2 class=\"wp-block-heading\">Maskenpflicht in st\u00e4dtischen Ausstellungs- und Veranstaltungsr\u00e4umen bleibt bestehen<\/h2>\n\n\n\n<div class=\"wp-block-image\"><figure class=\"aligncenter size-full\"><img decoding=\"async\" loading=\"lazy\" width=\"600\" height=\"603\" src=\"https:\/\/speyer24news.com\/wp-content\/uploads\/2021\/06\/Maskenpflicht.jpeg\" alt=\"\" class=\"wp-image-37618\" srcset=\"https:\/\/speyer24news.com\/wp-content\/uploads\/2021\/06\/Maskenpflicht.jpeg 600w, https:\/\/speyer24news.com\/wp-content\/uploads\/2021\/06\/Maskenpflicht-150x150.jpeg 150w\" sizes=\"(max-width: 600px) 100vw, 600px\" \/><\/figure><\/div>\n\n\n\n<p>Die Stadtverwaltung informiert, dass die Maskenpflicht in den st\u00e4dtischen Ausstellungsr\u00e4umen Purrmann-Haus und Kulturhof Flachsgasse sowie in den st\u00e4dtischen Veranstaltungsr\u00e4umen Stadthalle, Alter Stadtsaal und Historischer Ratssaal im Rahmen des Hausrechts bis auf Weiteres aufrechterhalten wird. Sobald ein fester Sitzplatz eingenommen wird, entf\u00e4llt die Maskenpflicht.<\/p>\n\n\n\n<p><em>Text: Stadtverwaltung Speyer Foto: \u00a9 Speyer 24\/7 News<br>06.04.2022<\/em><\/p>\n\n\n\n<h2 class=\"wp-block-heading\">\u00d6ffnungszeiten zu Ostern im Kulturhof Flachsgasse und im Purrmann-Haus<\/h2>\n\n\n\n<div class=\"wp-block-image\"><figure class=\"aligncenter size-full\"><img decoding=\"async\" loading=\"lazy\" width=\"640\" height=\"480\" src=\"https:\/\/speyer24news.com\/wp-content\/uploads\/2019\/09\/Kulturhof-Flachsgasse-1.jpg\" alt=\"\" class=\"wp-image-19807\" srcset=\"https:\/\/speyer24news.com\/wp-content\/uploads\/2019\/09\/Kulturhof-Flachsgasse-1.jpg 640w, https:\/\/speyer24news.com\/wp-content\/uploads\/2019\/09\/Kulturhof-Flachsgasse-1-300x225.jpg 300w, https:\/\/speyer24news.com\/wp-content\/uploads\/2019\/09\/Kulturhof-Flachsgasse-1-326x245.jpg 326w, https:\/\/speyer24news.com\/wp-content\/uploads\/2019\/09\/Kulturhof-Flachsgasse-1-80x60.jpg 80w\" sizes=\"(max-width: 640px) 100vw, 640px\" \/><\/figure><\/div>\n\n\n\n<p>\u00dcber die Osterfeiertage haben die st\u00e4dtischen Kultureinrichtungen wie folgt ge\u00f6ffnet:<\/p>\n\n\n\n<p>Der Kulturhof Flachsgasse hat von Gr\u00fcndonnerstag bis Ostersonntag regul\u00e4r von 11 bis 18 Uhr ge\u00f6ffnet. Am Ostermontag ist die Galerie geschlossen. \u00a0\u00a0\u00a0\u00a0\u00a0\u00a0\u00a0<br>Zu sehen sind die Ausstellungen\u00a0<em>Felice Nittolo: Memorie preziose &#8211; Kostbare Erinnerungen\u00a0<\/em>in der St\u00e4dtischen Galerie sowie\u00a0<em>Arvid Boecker \u2013 Anne Haring: Silent Field\u00a0<\/em>in den R\u00e4umen des Kunstvereins.<\/p>\n\n\n\n<p>Das Purrmann-Haus hat am Karfreitag von 11 bis 13 Uhr und am Ostersamstag von 11 bis 16 Uhr ge\u00f6ffnet. Ostersonntag und Ostermontag ist das Museum geschlossen.<\/p>\n\n\n\n<p><em>Text: Stadtverwaltung Speyer Foto: \u00a9 Speyer 24\/7 News<br>06.04.2022<\/em><\/p>\n\n\n\n<h2 class=\"wp-block-heading\">Informationen zum Wochenmarkt<\/h2>\n\n\n\n<div class=\"wp-block-image\"><figure class=\"aligncenter size-full\"><img decoding=\"async\" loading=\"lazy\" width=\"800\" height=\"578\" src=\"https:\/\/speyer24news.com\/wp-content\/uploads\/2022\/04\/Wochenmarkt-Festplatz-02.jpg\" alt=\"\" class=\"wp-image-43998\" srcset=\"https:\/\/speyer24news.com\/wp-content\/uploads\/2022\/04\/Wochenmarkt-Festplatz-02.jpg 800w, https:\/\/speyer24news.com\/wp-content\/uploads\/2022\/04\/Wochenmarkt-Festplatz-02-300x217.jpg 300w, https:\/\/speyer24news.com\/wp-content\/uploads\/2022\/04\/Wochenmarkt-Festplatz-02-768x555.jpg 768w\" sizes=\"(max-width: 800px) 100vw, 800px\" \/><\/figure><\/div>\n\n\n\n<p>Die Stadtverwaltung informiert, dass der Samstagsmarkt auch w\u00e4hrend der Fr\u00fchjahrsmesse an den <strong>Samstagen 9. April, 16. April und 23. April 2022<\/strong> am bekannten Standort auf dem Festplatz stattfinden wird. W\u00e4hrend der Marktzeiten k\u00f6nnen die Besucher*innen kostenfrei den Parkplatz am Naturfreundehaus nutzen.<\/p>\n\n\n\n<p>Der Freitagsmarkt auf dem Berliner Platz wird in der Karwoche wegen des Feiertags am Karfreitag von Freitag, 15. April auf Donnerstag, 14. April 2022 vorverlegt.<\/p>\n\n\n\n<p><em>Text: Stadtverwaltung Speyer Foto: \u00a9 Stadt Speyer<br>06.04.2022<\/em><\/p>\n","protected":false},"excerpt":{"rendered":"<div class=\"mh-excerpt\"><p>Maskenpflicht in st\u00e4dtischen Ausstellungs- und Veranstaltungsr\u00e4umen bleibt bestehen Die Stadtverwaltung informiert, dass die Maskenpflicht in den st\u00e4dtischen Ausstellungsr\u00e4umen Purrmann-Haus und Kulturhof Flachsgasse sowie in den st\u00e4dtischen Veranstaltungsr\u00e4umen Stadthalle, Alter Stadtsaal und Historischer Ratssaal im Rahmen <a class=\"mh-excerpt-more\" href=\"https:\/\/speyer24news.com\/?p=43997\" title=\"Stadtnotizen Speyer\">[&#8230;]<\/a><\/p>\n<\/div>","protected":false},"author":3,"featured_media":23902,"comment_status":"open","ping_status":"open","sticky":false,"template":"","format":"standard","meta":{"_monsterinsights_skip_tracking":false,"_monsterinsights_sitenote_active":false,"_monsterinsights_sitenote_note":"","_monsterinsights_sitenote_category":0,"footnotes":""},"categories":[47],"tags":[936,10530,6551,12046,13715,13716,10531,6,657,1296,7102,13717,13718,44],"aioseo_notices":[],"amp_enabled":true,"_links":{"self":[{"href":"https:\/\/speyer24news.com\/index.php?rest_route=\/wp\/v2\/posts\/43997"}],"collection":[{"href":"https:\/\/speyer24news.com\/index.php?rest_route=\/wp\/v2\/posts"}],"about":[{"href":"https:\/\/speyer24news.com\/index.php?rest_route=\/wp\/v2\/types\/post"}],"author":[{"embeddable":true,"href":"https:\/\/speyer24news.com\/index.php?rest_route=\/wp\/v2\/users\/3"}],"replies":[{"embeddable":true,"href":"https:\/\/speyer24news.com\/index.php?rest_route=%2Fwp%2Fv2%2Fcomments&post=43997"}],"version-history":[{"count":1,"href":"https:\/\/speyer24news.com\/index.php?rest_route=\/wp\/v2\/posts\/43997\/revisions"}],"predecessor-version":[{"id":43999,"href":"https:\/\/speyer24news.com\/index.php?rest_route=\/wp\/v2\/posts\/43997\/revisions\/43999"}],"wp:featuredmedia":[{"embeddable":true,"href":"https:\/\/speyer24news.com\/index.php?rest_route=\/wp\/v2\/media\/23902"}],"wp:attachment":[{"href":"https:\/\/speyer24news.com\/index.php?rest_route=%2Fwp%2Fv2%2Fmedia&parent=43997"}],"wp:term":[{"taxonomy":"category","embeddable":true,"href":"https:\/\/speyer24news.com\/index.php?rest_route=%2Fwp%2Fv2%2Fcategories&post=43997"},{"taxonomy":"post_tag","embeddable":true,"href":"https:\/\/speyer24news.com\/index.php?rest_route=%2Fwp%2Fv2%2Ftags&post=43997"}],"curies":[{"name":"wp","href":"https:\/\/api.w.org\/{rel}","templated":true}]}}