{"id":44002,"date":"2022-04-06T18:13:27","date_gmt":"2022-04-06T17:13:27","guid":{"rendered":"https:\/\/speyer24news.com\/?p=44002"},"modified":"2022-04-06T18:13:29","modified_gmt":"2022-04-06T17:13:29","slug":"historisches-museum-der-pfalz-speyer-16","status":"publish","type":"post","link":"https:\/\/speyer24news.com\/?p=44002","title":{"rendered":"Historisches Museum der Pfalz Speyer"},"content":{"rendered":"<style type=\"text\/css\">\r\n\t.ads_top_disp{}\r\n\t.ads_top_corner_disp{ float:left; margin:0px 10px 10px 0px; }\r\n\t.ads_first_p_disp{}\r\n\t.ads_bottom_disp{}\r\n\t<\/style>\n<div class=\"wp-block-image\"><figure class=\"aligncenter size-full\"><img decoding=\"async\" loading=\"lazy\" width=\"800\" height=\"600\" src=\"https:\/\/speyer24news.com\/wp-content\/uploads\/2021\/11\/Historisches-Museum-Speyer-Expedition-Erde-2021.jpg\" alt=\"\" class=\"wp-image-42470\" srcset=\"https:\/\/speyer24news.com\/wp-content\/uploads\/2021\/11\/Historisches-Museum-Speyer-Expedition-Erde-2021.jpg 800w, https:\/\/speyer24news.com\/wp-content\/uploads\/2021\/11\/Historisches-Museum-Speyer-Expedition-Erde-2021-300x225.jpg 300w, https:\/\/speyer24news.com\/wp-content\/uploads\/2021\/11\/Historisches-Museum-Speyer-Expedition-Erde-2021-768x576.jpg 768w, https:\/\/speyer24news.com\/wp-content\/uploads\/2021\/11\/Historisches-Museum-Speyer-Expedition-Erde-2021-678x509.jpg 678w, https:\/\/speyer24news.com\/wp-content\/uploads\/2021\/11\/Historisches-Museum-Speyer-Expedition-Erde-2021-326x245.jpg 326w, https:\/\/speyer24news.com\/wp-content\/uploads\/2021\/11\/Historisches-Museum-Speyer-Expedition-Erde-2021-80x60.jpg 80w\" sizes=\"(max-width: 800px) 100vw, 800px\" \/><\/figure><\/div>\n\n\n\n<h2 class=\"wp-block-heading\">Ameisenvolk zu Gast im Museum<\/h2>\n\n\n\n<div class=\"wp-block-image\"><figure class=\"aligncenter size-full\"><img decoding=\"async\" loading=\"lazy\" width=\"800\" height=\"639\" src=\"https:\/\/speyer24news.com\/wp-content\/uploads\/2022\/04\/Ameisennest.jpg\" alt=\"\" class=\"wp-image-44003\" srcset=\"https:\/\/speyer24news.com\/wp-content\/uploads\/2022\/04\/Ameisennest.jpg 800w, https:\/\/speyer24news.com\/wp-content\/uploads\/2022\/04\/Ameisennest-300x240.jpg 300w, https:\/\/speyer24news.com\/wp-content\/uploads\/2022\/04\/Ameisennest-768x613.jpg 768w\" sizes=\"(max-width: 800px) 100vw, 800px\" \/><figcaption>Gro\u00dfes Ameisen-Nest in der Ausstellung \u201eExpedition Erde\u201c.<br><em>Foto: Historisches Museum der Pfalz\/Julia Paul<\/em><\/figcaption><\/figure><\/div>\n\n\n\n<p>Ab sofort zeigt die Ausstellung \u201eExpedition Erde\u201c im Historischen Museum der Pfalz ein lebendiges Ameisenvolk. Die Ameisen spielen im \u00d6kosystem unserer Natur eine wesentliche Rolle und k\u00f6nnen von den Besucherinnen und Besuchern bei ihrer Arbeit beobachtet werden. Mit der Ausstellung l\u00e4dt das Historische Museum der Pfalz zu einer ungew\u00f6hnlichen Reise in die Welt unter der Erdoberfl\u00e4che ein und will f\u00fcr den Wert unseres Bodens sensibilisieren. Die Tiere wurden unter der Aufsicht geschulter Heger der Wasgauer Ameisenfreunde umgesiedelt, nach Ende der Ausstellung kehrt das Volk zur\u00fcck in den Wald.<\/p>\n\n\n\n<div class=\"wp-block-image\"><figure class=\"aligncenter size-full\"><img decoding=\"async\" loading=\"lazy\" width=\"500\" height=\"750\" src=\"https:\/\/speyer24news.com\/wp-content\/uploads\/2022\/04\/Ameisen-kommen-ins-Museum.jpg\" alt=\"\" class=\"wp-image-44004\" srcset=\"https:\/\/speyer24news.com\/wp-content\/uploads\/2022\/04\/Ameisen-kommen-ins-Museum.jpg 500w, https:\/\/speyer24news.com\/wp-content\/uploads\/2022\/04\/Ameisen-kommen-ins-Museum-200x300.jpg 200w\" sizes=\"(max-width: 500px) 100vw, 500px\" \/><figcaption>Manuel Schwamm, Heger der Ameisenfreunde Wasgau bringt die Ameisen in das Terrarium, in das sogenannte Formicarium in der Ausstellung.<br><em>Foto: Historisches Museum der Pfalz\/Julia Paul<\/em> <\/figcaption><\/figure><\/div>\n\n\n\n<p>\u201eEs ist f\u00fcr ein Historisches Museum sicherlich un\u00fcblich, lebende Tiere auszustellen. Mit unserem Ameisenvolk machen wir eine Ausnahme, um die faszinierende Welt der kleinen Bodenbewohner ganz hautnah zu zeigen. Es ist faszinierend, die Tiere bei der Organisation ihres H\u00fcgels zu beobachten. Da lohnt es sich durchaus, \u00f6fter ins Museum zu kommen\u201c, so Museumsdirektor Alexander Schubert.<\/p>\n\n\n\n<p>Die Kahlr\u00fcckige Waldameise oder auch Kleine Rote Waldameise findet in der Ausstellung alle R\u00e4ume, die sie zum Leben braucht von der Brutstation bis zum Friedhof. In der freien Natur bringen die Ameisen durch das Anlegen der Nester Sauerstoff in den Boden und verbessern dadurch die Bodendurchl\u00fcftung. Sie r\u00e4umen aber auch\u00a0den Wald auf, indem sie Aas fressen, weshalb sie auch als Gesundheitspolizei des Waldes bezeichnet werden. Sie vertilgen sehr viele Baumsch\u00e4dlinge, verbreiten den Samen von etlichen Waldblumen und tragen somit zu einer gro\u00dfen Diversit\u00e4t an Pflanzen bei. Mit dem Abbau von Holz bilden sie wertvollen Humus.<\/p>\n\n\n\n<div class=\"wp-block-image\"><figure class=\"aligncenter size-full\"><img decoding=\"async\" loading=\"lazy\" width=\"800\" height=\"577\" src=\"https:\/\/speyer24news.com\/wp-content\/uploads\/2022\/04\/Ameisengaenge.jpg\" alt=\"\" class=\"wp-image-44005\" srcset=\"https:\/\/speyer24news.com\/wp-content\/uploads\/2022\/04\/Ameisengaenge.jpg 800w, https:\/\/speyer24news.com\/wp-content\/uploads\/2022\/04\/Ameisengaenge-300x216.jpg 300w, https:\/\/speyer24news.com\/wp-content\/uploads\/2022\/04\/Ameisengaenge-768x554.jpg 768w\" sizes=\"(max-width: 800px) 100vw, 800px\" \/><figcaption>Ein Gangsystem verbindet die Ameisen-Terrarien in der Ausstellung \u201eExpedition Erde\u201c.<br><em>Foto: Historisches Museum der Pfalz\/Julia Paul<\/em> <\/figcaption><\/figure><\/div>\n\n\n\n<p>Almut Neef, die das Projekt vom Jungen Museum betreut, sagte: \u201eEs ist \u00e4u\u00dferst faszinierend, aus extremer N\u00e4he diesen erstaunlichen kleinen Lebewesen bei all ihren unterschiedlichen T\u00e4tigkeiten zuschauen zu k\u00f6nnen. Alles scheint nach einem gro\u00dfen, ausgekl\u00fcgelten Plan abzulaufen. Wir sind uns der gro\u00dfen Verantwortung bewusst, die wir f\u00fcr den Schutz dieses Ameisenvolkes tragen.&#8220;<\/p>\n\n\n\n<p>Die Ausstellung \u201eExpedition Erde. Im Reich von Maulwurf und Regenwurm. Eine Mitmachausstellung des Zoom Kindermuseum Wien\u201c ist noch bis zum 19. Juni im Historischen Museum der Pfalz zu sehen. Fesselnde Mitmachstationen, faszinierende Inszenierungen und kindgerechte Medienstationen vermitteln, warum es so wichtig ist, mit der Ressource Boden achtsam und sorgsam umzugehen.\u00a0<\/p>\n\n\n\n<div class=\"wp-block-image\"><figure class=\"aligncenter size-full\"><img decoding=\"async\" loading=\"lazy\" width=\"800\" height=\"516\" src=\"https:\/\/speyer24news.com\/wp-content\/uploads\/2022\/04\/Ameisenvolk.jpg\" alt=\"\" class=\"wp-image-44006\" srcset=\"https:\/\/speyer24news.com\/wp-content\/uploads\/2022\/04\/Ameisenvolk.jpg 800w, https:\/\/speyer24news.com\/wp-content\/uploads\/2022\/04\/Ameisenvolk-300x194.jpg 300w, https:\/\/speyer24news.com\/wp-content\/uploads\/2022\/04\/Ameisenvolk-768x495.jpg 768w\" sizes=\"(max-width: 800px) 100vw, 800px\" \/><\/figure><\/div>\n\n\n\n<h4 class=\"wp-block-heading\">\u00d6ffnungszeiten und weitere Informationen<\/h4>\n\n\n\n<p>Das Historische Museum der Pfalz ist Dienstag bis Sonntag sowie an den Feiertagen wie auch an Ostermontag von 10 bis 18 Uhr ge\u00f6ffnet. Weitere Informationen zur Ausstellung\u00a0<a href=\"https:\/\/deref-web.de\/mail\/client\/QMHyYxbU5UE\/dereferrer\/?redirectUrl=http%3A%2F%2Fwww.expedition-erde-ausstellung.de\" target=\"_blank\" rel=\"noreferrer noopener\">www.expedition-erde-ausstellung.de<\/a>\u00a0und zum Museum unter\u00a0<a href=\"https:\/\/deref-web.de\/mail\/client\/O8hjddZLn4E\/dereferrer\/?redirectUrl=http%3A%2F%2Fwww.museum.speyer.de\" target=\"_blank\" rel=\"noreferrer noopener\">www.museum.speyer.de<\/a><\/p>\n\n\n\n<p><em>Text: Historisches Museum der Pfalz Speyer Foto: Historisches Museum der Pfalz\/Julia Paul<br>04.04.2022<\/em><\/p>\n","protected":false},"excerpt":{"rendered":"<div class=\"mh-excerpt\"><p>Ameisenvolk zu Gast im Museum Ab sofort zeigt die Ausstellung \u201eExpedition Erde\u201c im Historischen Museum der Pfalz ein lebendiges Ameisenvolk. Die Ameisen spielen im \u00d6kosystem unserer Natur eine wesentliche Rolle und k\u00f6nnen von den Besucherinnen <a class=\"mh-excerpt-more\" href=\"https:\/\/speyer24news.com\/?p=44002\" title=\"Historisches Museum der Pfalz Speyer\">[&#8230;]<\/a><\/p>\n<\/div>","protected":false},"author":3,"featured_media":31878,"comment_status":"open","ping_status":"open","sticky":false,"template":"","format":"standard","meta":{"_monsterinsights_skip_tracking":false,"_monsterinsights_sitenote_active":false,"_monsterinsights_sitenote_note":"","_monsterinsights_sitenote_category":0,"footnotes":""},"categories":[14],"tags":[13719,13720,13062,13063,861,1191,540,6],"aioseo_notices":[],"amp_enabled":true,"_links":{"self":[{"href":"https:\/\/speyer24news.com\/index.php?rest_route=\/wp\/v2\/posts\/44002"}],"collection":[{"href":"https:\/\/speyer24news.com\/index.php?rest_route=\/wp\/v2\/posts"}],"about":[{"href":"https:\/\/speyer24news.com\/index.php?rest_route=\/wp\/v2\/types\/post"}],"author":[{"embeddable":true,"href":"https:\/\/speyer24news.com\/index.php?rest_route=\/wp\/v2\/users\/3"}],"replies":[{"embeddable":true,"href":"https:\/\/speyer24news.com\/index.php?rest_route=%2Fwp%2Fv2%2Fcomments&post=44002"}],"version-history":[{"count":1,"href":"https:\/\/speyer24news.com\/index.php?rest_route=\/wp\/v2\/posts\/44002\/revisions"}],"predecessor-version":[{"id":44007,"href":"https:\/\/speyer24news.com\/index.php?rest_route=\/wp\/v2\/posts\/44002\/revisions\/44007"}],"wp:featuredmedia":[{"embeddable":true,"href":"https:\/\/speyer24news.com\/index.php?rest_route=\/wp\/v2\/media\/31878"}],"wp:attachment":[{"href":"https:\/\/speyer24news.com\/index.php?rest_route=%2Fwp%2Fv2%2Fmedia&parent=44002"}],"wp:term":[{"taxonomy":"category","embeddable":true,"href":"https:\/\/speyer24news.com\/index.php?rest_route=%2Fwp%2Fv2%2Fcategories&post=44002"},{"taxonomy":"post_tag","embeddable":true,"href":"https:\/\/speyer24news.com\/index.php?rest_route=%2Fwp%2Fv2%2Ftags&post=44002"}],"curies":[{"name":"wp","href":"https:\/\/api.w.org\/{rel}","templated":true}]}}