{"id":44038,"date":"2022-04-07T09:12:00","date_gmt":"2022-04-07T08:12:00","guid":{"rendered":"https:\/\/speyer24news.com\/?p=44038"},"modified":"2022-04-07T09:12:03","modified_gmt":"2022-04-07T08:12:03","slug":"wilhelma-zoologisch-botanischer-garten-stuttgart-30","status":"publish","type":"post","link":"https:\/\/speyer24news.com\/?p=44038","title":{"rendered":"Wilhelma &#8211; Zoologisch-Botanischer Garten Stuttgart"},"content":{"rendered":"<style type=\"text\/css\">\r\n\t.ads_top_disp{}\r\n\t.ads_top_corner_disp{ float:left; margin:0px 10px 10px 0px; }\r\n\t.ads_first_p_disp{}\r\n\t.ads_bottom_disp{}\r\n\t<\/style>\n<div class=\"wp-block-image\"><figure class=\"aligncenter size-full\"><img decoding=\"async\" loading=\"lazy\" width=\"800\" height=\"600\" src=\"https:\/\/speyer24news.com\/wp-content\/uploads\/2020\/09\/IMG_20200828_112835.jpg\" alt=\"\" class=\"wp-image-30180\" srcset=\"https:\/\/speyer24news.com\/wp-content\/uploads\/2020\/09\/IMG_20200828_112835.jpg 800w, https:\/\/speyer24news.com\/wp-content\/uploads\/2020\/09\/IMG_20200828_112835-300x225.jpg 300w, https:\/\/speyer24news.com\/wp-content\/uploads\/2020\/09\/IMG_20200828_112835-768x576.jpg 768w, https:\/\/speyer24news.com\/wp-content\/uploads\/2020\/09\/IMG_20200828_112835-678x509.jpg 678w, https:\/\/speyer24news.com\/wp-content\/uploads\/2020\/09\/IMG_20200828_112835-326x245.jpg 326w, https:\/\/speyer24news.com\/wp-content\/uploads\/2020\/09\/IMG_20200828_112835-80x60.jpg 80w\" sizes=\"(max-width: 800px) 100vw, 800px\" \/><\/figure><\/div>\n\n\n\n<h2 class=\"wp-block-heading\">Okapi-Kuh Nyota ist zum dritten Mal Mutter geworden<\/h2>\n\n\n\n<h3 class=\"wp-block-heading\">Neuer Erfolg bei der Nachzucht seltener Okapis in der Wilhelma<\/h3>\n\n\n\n<div class=\"wp-block-image\"><figure class=\"aligncenter size-full\"><img decoding=\"async\" loading=\"lazy\" width=\"800\" height=\"600\" src=\"https:\/\/speyer24news.com\/wp-content\/uploads\/2022\/04\/KW-13b-Neuer-Erfolg-bei-der-Okapi-Nachzucht-01.04.2022-Bild-3.jpg\" alt=\"\" class=\"wp-image-44078\" srcset=\"https:\/\/speyer24news.com\/wp-content\/uploads\/2022\/04\/KW-13b-Neuer-Erfolg-bei-der-Okapi-Nachzucht-01.04.2022-Bild-3.jpg 800w, https:\/\/speyer24news.com\/wp-content\/uploads\/2022\/04\/KW-13b-Neuer-Erfolg-bei-der-Okapi-Nachzucht-01.04.2022-Bild-3-300x225.jpg 300w, https:\/\/speyer24news.com\/wp-content\/uploads\/2022\/04\/KW-13b-Neuer-Erfolg-bei-der-Okapi-Nachzucht-01.04.2022-Bild-3-768x576.jpg 768w, https:\/\/speyer24news.com\/wp-content\/uploads\/2022\/04\/KW-13b-Neuer-Erfolg-bei-der-Okapi-Nachzucht-01.04.2022-Bild-3-678x509.jpg 678w, https:\/\/speyer24news.com\/wp-content\/uploads\/2022\/04\/KW-13b-Neuer-Erfolg-bei-der-Okapi-Nachzucht-01.04.2022-Bild-3-326x245.jpg 326w, https:\/\/speyer24news.com\/wp-content\/uploads\/2022\/04\/KW-13b-Neuer-Erfolg-bei-der-Okapi-Nachzucht-01.04.2022-Bild-3-80x60.jpg 80w\" sizes=\"(max-width: 800px) 100vw, 800px\" \/><figcaption>Das Okapi-Kalb bleibt als \u201eAblieger\u201c die ersten Lebenswochen allein in seinem Versteck im Stroh zur\u00fcck.<br><em>Foto: Wilhelma Stuttgart<\/em><\/figcaption><\/figure><\/div>\n\n\n\n<p>Ein neugeborenes Okapi-Kalb bereichert seit dem 2. M\u00e4rz das Giraffenhaus in der Wilhelma in Stuttgart. Zu sehen ist das Jungtier im Au\u00dfengehege allerdings bisher nicht. Das wird noch ein paar Tage dauern. Denn das K\u00e4lbchen versteckt sich im Stroh im Innenbereich der Anlage. Es versucht, sich m\u00f6glichst still und unauff\u00e4llig zu verhalten. Erst, wenn es gro\u00df und schnell genug ist, um vor m\u00f6glichen Fressfeinden zu fliehen, wird es dem Muttertier nach drau\u00dfen folgen. Okapi-Kuh Nyota hat das Kalb \u2013 wie es f\u00fcr die Tierart typisch ist \u2013 nach der Geburt an diesem sicheren Ort zur\u00fcckgelassen, um nicht durch ihren Geruch Aufmerksamkeit auf das Jungtier zu ziehen. Zum S\u00e4ugen und Reinigen des Fells kehrt sie aber regelm\u00e4\u00dfig zu ihrem Nachwuchs zur\u00fcck. Die Waldgiraffe verwendet f\u00fcr die Fellpflege ihre charakteristische, besonders lange und bewegliche, blaue Zunge.<\/p>\n\n\n\n<p>1989 gelang der Wilhelma ihre erste Okapi-Nachzucht. Seitdem konnte sie insgesamt 14 erfolgreiche Nachzuchten verzeichnen. Nachdem mit dem 2020 geborenen Laluk zuletzt ein kleiner Bulle die Afrikaanlage erg\u00e4nzt hatte, darf sich der Zoologisch-Botanische Garten in diesem Jahr \u00fcber weiblichen Nachwuchs freuen. F\u00fcr Nyota war es die dritte Geburt. Die Aufzucht ihres ersten K\u00e4lbchens im Jahr 2018 \u00fcberforderte sie noch. Ihre Unsicherheit f\u00fchrte dazu, dass sie das Jungtier nicht s\u00e4ugte. Um ihr Zweitgeborenes k\u00fcmmerte sie sich dann aber vorbildlich. Auch die Aufzucht ihres j\u00fcngsten Nachwuchses gelingt ihr bisher problemlos. Sie selbst hatte einen schweren Start ins Leben. Als ihre Mutter Kabinda 16 Tage nach Nyotas Geburt an einem chronischen Nierenleiden starb, hatte die Kleine sich schon an das S\u00e4ugen durch das Muttertier gew\u00f6hnt. Das machte das Aufp\u00e4ppeln mit einer Flasche sehr schwierig. Zum Gl\u00fcck nahm sich die damals elfj\u00e4hrige Okapi-Kuh Ibina des Jungtiers an und zog es als dessen Leihmutter auf.<\/p>\n\n\n\n<div class=\"wp-block-image\"><figure class=\"aligncenter size-full\"><img decoding=\"async\" loading=\"lazy\" width=\"800\" height=\"600\" src=\"https:\/\/speyer24news.com\/wp-content\/uploads\/2022\/04\/KW-13b-Neuer-Erfolg-bei-der-Okapi-Nachzucht-01.04.2022-Bild-4-1.jpg\" alt=\"\" class=\"wp-image-44081\" srcset=\"https:\/\/speyer24news.com\/wp-content\/uploads\/2022\/04\/KW-13b-Neuer-Erfolg-bei-der-Okapi-Nachzucht-01.04.2022-Bild-4-1.jpg 800w, https:\/\/speyer24news.com\/wp-content\/uploads\/2022\/04\/KW-13b-Neuer-Erfolg-bei-der-Okapi-Nachzucht-01.04.2022-Bild-4-1-300x225.jpg 300w, https:\/\/speyer24news.com\/wp-content\/uploads\/2022\/04\/KW-13b-Neuer-Erfolg-bei-der-Okapi-Nachzucht-01.04.2022-Bild-4-1-768x576.jpg 768w, https:\/\/speyer24news.com\/wp-content\/uploads\/2022\/04\/KW-13b-Neuer-Erfolg-bei-der-Okapi-Nachzucht-01.04.2022-Bild-4-1-678x509.jpg 678w, https:\/\/speyer24news.com\/wp-content\/uploads\/2022\/04\/KW-13b-Neuer-Erfolg-bei-der-Okapi-Nachzucht-01.04.2022-Bild-4-1-326x245.jpg 326w, https:\/\/speyer24news.com\/wp-content\/uploads\/2022\/04\/KW-13b-Neuer-Erfolg-bei-der-Okapi-Nachzucht-01.04.2022-Bild-4-1-80x60.jpg 80w\" sizes=\"(max-width: 800px) 100vw, 800px\" \/><figcaption>Die Okapi-Mutter verbringt den Tag in Distanz zu ihrem Jungtier und schaut nur vorbei um es zu s\u00e4ugen und sein Fell zu reinigen.<br><em>Foto: Wilhelma Stuttgart<\/em><\/figcaption><\/figure><\/div>\n\n\n\n<p>Die seltenen Tiere zeichnen sich durch ihre r\u00f6tlich-braune bis fast schwarze F\u00e4rbung aus, die perfekt auf die Tarnung in W\u00e4ldern abgestimmt ist. Eine Besonderheit sind die schwarzen und wei\u00dfen Streifen an den Beinen und dem hinteren Teil des Rumpfs, die das Licht- und Schattenspiel zischen den \u00c4sten der B\u00e4ume imitieren und das Erscheinungsbild\u00a0der Tiere so besonders gut verschleiern. Erst 1901 beschrieben Forscher die scheuen Kurzhalsgiraffen erstmals auf Grundlage von Fellst\u00fccken aus Uganda. Heute leben noch rund 10.000 bis 20.000 Okapis in den Regenw\u00e4ldern Kongos, in Uganda sind sie bereits ausgestorben. Die Wilhelma tr\u00e4gt zum Erhalt ihres Lebensraums bei, indem sie das Okapi Wildlife Reserve im Ituri-Tal unterst\u00fctzt. Dort leben sch\u00e4tzungsweise 25 bis 50 Prozent der bestehenden Okapi-Population. Aber auch die Nachzucht ist ein wichtiger Baustein der Arterhaltung. Im Rahmen des Europ\u00e4ischen Erhaltungszuchtprogramms (EEP) entsteht so in den Zoos eine Reservepopulation, die im Notfall ausgewildert werden kann, sollte das Okapi in der Natur aussterben. Das macht den erneuten Erfolg umso wertvoller.<\/p>\n\n\n\n<figure class=\"wp-block-gallery columns-2 is-cropped wp-block-gallery-1 is-layout-flex wp-block-gallery-is-layout-flex\"><ul class=\"blocks-gallery-grid\"><li class=\"blocks-gallery-item\"><figure><img decoding=\"async\" loading=\"lazy\" width=\"800\" height=\"600\" src=\"https:\/\/speyer24news.com\/wp-content\/uploads\/2022\/04\/KW-13b-Neuer-Erfolg-bei-der-Okapi-Nachzucht-01.04.2022-Bild-1.jpg\" alt=\"\" data-id=\"44076\" data-full-url=\"https:\/\/speyer24news.com\/wp-content\/uploads\/2022\/04\/KW-13b-Neuer-Erfolg-bei-der-Okapi-Nachzucht-01.04.2022-Bild-1.jpg\" data-link=\"https:\/\/speyer24news.com\/?attachment_id=44076\" class=\"wp-image-44076\" srcset=\"https:\/\/speyer24news.com\/wp-content\/uploads\/2022\/04\/KW-13b-Neuer-Erfolg-bei-der-Okapi-Nachzucht-01.04.2022-Bild-1.jpg 800w, https:\/\/speyer24news.com\/wp-content\/uploads\/2022\/04\/KW-13b-Neuer-Erfolg-bei-der-Okapi-Nachzucht-01.04.2022-Bild-1-300x225.jpg 300w, https:\/\/speyer24news.com\/wp-content\/uploads\/2022\/04\/KW-13b-Neuer-Erfolg-bei-der-Okapi-Nachzucht-01.04.2022-Bild-1-768x576.jpg 768w, https:\/\/speyer24news.com\/wp-content\/uploads\/2022\/04\/KW-13b-Neuer-Erfolg-bei-der-Okapi-Nachzucht-01.04.2022-Bild-1-678x509.jpg 678w, https:\/\/speyer24news.com\/wp-content\/uploads\/2022\/04\/KW-13b-Neuer-Erfolg-bei-der-Okapi-Nachzucht-01.04.2022-Bild-1-326x245.jpg 326w, https:\/\/speyer24news.com\/wp-content\/uploads\/2022\/04\/KW-13b-Neuer-Erfolg-bei-der-Okapi-Nachzucht-01.04.2022-Bild-1-80x60.jpg 80w\" sizes=\"(max-width: 800px) 100vw, 800px\" \/><\/figure><\/li><li class=\"blocks-gallery-item\"><figure><img decoding=\"async\" loading=\"lazy\" width=\"500\" height=\"667\" src=\"https:\/\/speyer24news.com\/wp-content\/uploads\/2022\/04\/KW-13b-Neuer-Erfolg-bei-der-Okapi-Nachzucht-01.04.2022-Bild-2.jpg\" alt=\"\" data-id=\"44077\" data-full-url=\"https:\/\/speyer24news.com\/wp-content\/uploads\/2022\/04\/KW-13b-Neuer-Erfolg-bei-der-Okapi-Nachzucht-01.04.2022-Bild-2.jpg\" data-link=\"https:\/\/speyer24news.com\/?attachment_id=44077\" class=\"wp-image-44077\" srcset=\"https:\/\/speyer24news.com\/wp-content\/uploads\/2022\/04\/KW-13b-Neuer-Erfolg-bei-der-Okapi-Nachzucht-01.04.2022-Bild-2.jpg 500w, https:\/\/speyer24news.com\/wp-content\/uploads\/2022\/04\/KW-13b-Neuer-Erfolg-bei-der-Okapi-Nachzucht-01.04.2022-Bild-2-225x300.jpg 225w\" sizes=\"(max-width: 500px) 100vw, 500px\" \/><\/figure><\/li><li class=\"blocks-gallery-item\"><figure><img decoding=\"async\" loading=\"lazy\" width=\"800\" height=\"600\" src=\"https:\/\/speyer24news.com\/wp-content\/uploads\/2022\/04\/KW-13b-Neuer-Erfolg-bei-der-Okapi-Nachzucht-01.04.2022-Bild-4.jpg\" alt=\"\" data-id=\"44079\" data-full-url=\"https:\/\/speyer24news.com\/wp-content\/uploads\/2022\/04\/KW-13b-Neuer-Erfolg-bei-der-Okapi-Nachzucht-01.04.2022-Bild-4.jpg\" data-link=\"https:\/\/speyer24news.com\/?attachment_id=44079\" class=\"wp-image-44079\" srcset=\"https:\/\/speyer24news.com\/wp-content\/uploads\/2022\/04\/KW-13b-Neuer-Erfolg-bei-der-Okapi-Nachzucht-01.04.2022-Bild-4.jpg 800w, https:\/\/speyer24news.com\/wp-content\/uploads\/2022\/04\/KW-13b-Neuer-Erfolg-bei-der-Okapi-Nachzucht-01.04.2022-Bild-4-300x225.jpg 300w, https:\/\/speyer24news.com\/wp-content\/uploads\/2022\/04\/KW-13b-Neuer-Erfolg-bei-der-Okapi-Nachzucht-01.04.2022-Bild-4-768x576.jpg 768w, https:\/\/speyer24news.com\/wp-content\/uploads\/2022\/04\/KW-13b-Neuer-Erfolg-bei-der-Okapi-Nachzucht-01.04.2022-Bild-4-678x509.jpg 678w, https:\/\/speyer24news.com\/wp-content\/uploads\/2022\/04\/KW-13b-Neuer-Erfolg-bei-der-Okapi-Nachzucht-01.04.2022-Bild-4-326x245.jpg 326w, https:\/\/speyer24news.com\/wp-content\/uploads\/2022\/04\/KW-13b-Neuer-Erfolg-bei-der-Okapi-Nachzucht-01.04.2022-Bild-4-80x60.jpg 80w\" sizes=\"(max-width: 800px) 100vw, 800px\" \/><\/figure><\/li><li class=\"blocks-gallery-item\"><figure><img decoding=\"async\" loading=\"lazy\" width=\"500\" height=\"667\" src=\"https:\/\/speyer24news.com\/wp-content\/uploads\/2022\/04\/KW-13b-Neuer-Erfolg-bei-der-Okapi-Nachzucht-01.04.2022-Bild-5.jpg\" alt=\"\" data-id=\"44080\" data-full-url=\"https:\/\/speyer24news.com\/wp-content\/uploads\/2022\/04\/KW-13b-Neuer-Erfolg-bei-der-Okapi-Nachzucht-01.04.2022-Bild-5.jpg\" data-link=\"https:\/\/speyer24news.com\/?attachment_id=44080\" class=\"wp-image-44080\" srcset=\"https:\/\/speyer24news.com\/wp-content\/uploads\/2022\/04\/KW-13b-Neuer-Erfolg-bei-der-Okapi-Nachzucht-01.04.2022-Bild-5.jpg 500w, https:\/\/speyer24news.com\/wp-content\/uploads\/2022\/04\/KW-13b-Neuer-Erfolg-bei-der-Okapi-Nachzucht-01.04.2022-Bild-5-225x300.jpg 225w\" sizes=\"(max-width: 500px) 100vw, 500px\" \/><\/figure><\/li><li class=\"blocks-gallery-item\"><figure><img decoding=\"async\" loading=\"lazy\" width=\"800\" height=\"600\" src=\"https:\/\/speyer24news.com\/wp-content\/uploads\/2022\/04\/KW-13b-Neuer-Erfolg-bei-der-Okapi-Nachzucht-01.04.2022-Bild-3.jpg\" alt=\"\" data-id=\"44078\" data-full-url=\"https:\/\/speyer24news.com\/wp-content\/uploads\/2022\/04\/KW-13b-Neuer-Erfolg-bei-der-Okapi-Nachzucht-01.04.2022-Bild-3.jpg\" data-link=\"https:\/\/speyer24news.com\/?attachment_id=44078\" class=\"wp-image-44078\" srcset=\"https:\/\/speyer24news.com\/wp-content\/uploads\/2022\/04\/KW-13b-Neuer-Erfolg-bei-der-Okapi-Nachzucht-01.04.2022-Bild-3.jpg 800w, https:\/\/speyer24news.com\/wp-content\/uploads\/2022\/04\/KW-13b-Neuer-Erfolg-bei-der-Okapi-Nachzucht-01.04.2022-Bild-3-300x225.jpg 300w, https:\/\/speyer24news.com\/wp-content\/uploads\/2022\/04\/KW-13b-Neuer-Erfolg-bei-der-Okapi-Nachzucht-01.04.2022-Bild-3-768x576.jpg 768w, https:\/\/speyer24news.com\/wp-content\/uploads\/2022\/04\/KW-13b-Neuer-Erfolg-bei-der-Okapi-Nachzucht-01.04.2022-Bild-3-678x509.jpg 678w, https:\/\/speyer24news.com\/wp-content\/uploads\/2022\/04\/KW-13b-Neuer-Erfolg-bei-der-Okapi-Nachzucht-01.04.2022-Bild-3-326x245.jpg 326w, https:\/\/speyer24news.com\/wp-content\/uploads\/2022\/04\/KW-13b-Neuer-Erfolg-bei-der-Okapi-Nachzucht-01.04.2022-Bild-3-80x60.jpg 80w\" sizes=\"(max-width: 800px) 100vw, 800px\" \/><\/figure><\/li><\/ul><figcaption class=\"blocks-gallery-caption\">Das Okapi-Kalb bleibt als \u201eAblieger\u201c die ersten Lebenswochen allein in seinem Versteck im Stroh zur\u00fcck. Die Okapi-Mutter verbringt den Tag in Distanz zu ihrem Jungtier und schaut nur vorbei um es zu s\u00e4ugen und sein Fell zu reinigen.\u00a0<strong>Foto: Wilhelma Stuttgart<\/strong><\/figcaption><\/figure>\n\n\n\n<p><em>Wilhelma &#8211; Zoologisch-Botanischer Garten Stuttgart<br>01.04.2022<\/em><\/p>\n\n\n\n<h2 class=\"wp-block-heading\">Erste Bl\u00fcte mit Publikum seit drei Jahren<\/h2>\n\n\n\n<h3 class=\"wp-block-heading\">Magnolienpracht der Wilhelma erreicht jetzt ihren H\u00f6hepunkt<\/h3>\n\n\n\n<div class=\"wp-block-image\"><figure class=\"aligncenter size-full\"><img decoding=\"async\" loading=\"lazy\" width=\"800\" height=\"425\" src=\"https:\/\/speyer24news.com\/wp-content\/uploads\/2022\/04\/KW-13a-Magnolienbluete-steuert-auf-Hoehepunkt-zu-30.03.2022-Bild-1.jpg\" alt=\"\" class=\"wp-image-44069\" srcset=\"https:\/\/speyer24news.com\/wp-content\/uploads\/2022\/04\/KW-13a-Magnolienbluete-steuert-auf-Hoehepunkt-zu-30.03.2022-Bild-1.jpg 800w, https:\/\/speyer24news.com\/wp-content\/uploads\/2022\/04\/KW-13a-Magnolienbluete-steuert-auf-Hoehepunkt-zu-30.03.2022-Bild-1-300x159.jpg 300w, https:\/\/speyer24news.com\/wp-content\/uploads\/2022\/04\/KW-13a-Magnolienbluete-steuert-auf-Hoehepunkt-zu-30.03.2022-Bild-1-768x408.jpg 768w\" sizes=\"(max-width: 800px) 100vw, 800px\" \/><figcaption>Vor der historischen Kulisse des Maurischen Gartens bl\u00fchen im Moment rund 70 Magnolien in verschiedensten Farben und Formen.<br><em>Foto: Wilhelma Stuttgart<\/em><\/figcaption><\/figure><\/div>\n\n\n\n<p>Strahlende Bl\u00fcten und strahlende Gesichter: Diese Kombination gab es im Magnolienhain der Wilhelma in Stuttgart das letzte Mal vor drei Jahren. Corona-Schlie\u00dfungen verhinderten 2020\/21 das Lustwandeln im Maurischen Garten zur sch\u00f6nsten Zeit des Jahres. Bei dem Sonnenwetter im M\u00e4rz und den zuletzt auch milden Temperaturen haben die B\u00e4ume sich in den vergangenen Tagen schnell entwickelt. Jetzt sind an fast allen der rund 70 B\u00e4ume die meisten Bl\u00fcten ge\u00f6ffnet und tauchen das Herz der Wilhelma in Rosarot.<\/p>\n\n\n\n<p>Den Anfang machten vor der historischen Kulisse des Zoologisch-Botanischen Gartens traditionell die Fr\u00fchstarter der schneewei\u00dfen Sternmagnolien mit ihren schmalen spitzen Bl\u00fctenbl\u00e4ttern. Eine Br\u00fccke schlug die Rosafarbene Sternmagnolie \u201eLeonard Messel\u201c. In gleicher Form nahm sie farblich bereits das Pastell der etwas sp\u00e4ter folgenden Tulpenmagnolien vorweg. Den zeitlichen Abschluss bilden regelm\u00e4\u00dfig die Purpur-Magnolien. Das Fr\u00fchlingshighlight, wenn alle gemeinsam in ihrer puren Bl\u00fctenpracht stehen, ist ab jetzt rund zwei Wochen zu bewundern, bevor das Blattgr\u00fcn sprie\u00dft \u2013 soweit das Wetter mitspielt.<\/p>\n\n\n\n<div class=\"wp-block-image\"><figure class=\"aligncenter size-full\"><img decoding=\"async\" loading=\"lazy\" width=\"800\" height=\"591\" src=\"https:\/\/speyer24news.com\/wp-content\/uploads\/2022\/04\/KW-13a-Magnolienbluete-steuert-auf-Hoehepunkt-zu-30.03.2022-Bild-3.jpg\" alt=\"\" class=\"wp-image-44071\" srcset=\"https:\/\/speyer24news.com\/wp-content\/uploads\/2022\/04\/KW-13a-Magnolienbluete-steuert-auf-Hoehepunkt-zu-30.03.2022-Bild-3.jpg 800w, https:\/\/speyer24news.com\/wp-content\/uploads\/2022\/04\/KW-13a-Magnolienbluete-steuert-auf-Hoehepunkt-zu-30.03.2022-Bild-3-300x222.jpg 300w, https:\/\/speyer24news.com\/wp-content\/uploads\/2022\/04\/KW-13a-Magnolienbluete-steuert-auf-Hoehepunkt-zu-30.03.2022-Bild-3-768x567.jpg 768w, https:\/\/speyer24news.com\/wp-content\/uploads\/2022\/04\/KW-13a-Magnolienbluete-steuert-auf-Hoehepunkt-zu-30.03.2022-Bild-3-80x60.jpg 80w\" sizes=\"(max-width: 800px) 100vw, 800px\" \/><figcaption> Erstmals seit drei Jahren d\u00fcrfen G\u00e4ste zur Zeit der Magnolienbl\u00fcte die Wilhelma besuchen.<br><em>Foto: Wilhelma Stuttgart <\/em><\/figcaption><\/figure><\/div>\n\n\n\n<p>\u201eDer Fr\u00fchling war bisher \u00e4u\u00dferst trocken. Den B\u00e4umen, die jetzt im Saft stehen m\u00fcssen, t\u00e4te daher Regen gut\u201c, sagt Katja Siegmann, Leiterin des Fachbereichs Parkpflege in der Wilhelma. \u201eBei N\u00e4sse k\u00f6nnen sich zwar die Bl\u00fcten br\u00e4unlich verf\u00e4rben. Wir setzen aber darauf, dass sich nach einem Regenguss genug noch geschlossene Knospen in unverf\u00e4lschter Sch\u00f6nheit \u00f6ffnen.\u201c Ein knackiger Frost w\u00fcrde dagegen die Freude f\u00fcr dieses Jahr j\u00e4h beenden.<\/p>\n\n\n\n<p>Nicht alle B\u00e4ume gedeihen an dem f\u00fcr Magnolien schwierigen Standort. Zwei Exemplare mussten vor kurzem gef\u00e4llt werden. Durch vielseitige Pflege und gelegentliches Nachpflanzen ist es den G\u00e4rtnerinnen und G\u00e4rtner gelungen, \u00fcber die Jahrhunderte einen Bestand von 70 Magnolien zu halten, der die gr\u00f6\u00dfte Ansammlung dieser Art n\u00f6rdlich der Alpen darstellt. Rund ein Dutzend der knorrigen Gew\u00e4chse stammt noch aus der k\u00f6niglichen Entstehungszeit der Wilhelma. Verschiedene Ma\u00dfnahmen verbessern den Untergrund f\u00fcr die Magnolien. So wurden zum Beispiel in den vergangenen Jahren 1700 L\u00f6cher gebohrt und mit Lava-Kies gef\u00fcllt, um eine bessere Bel\u00fcftung des Bodens zu schaffen. Gezielt angesiedelte Regenw\u00fcrmer sollen klassisch die Erde auflockern und jeweils nach der Bl\u00fctezeit ausgebrachte Laubh\u00e4cksel liefern zus\u00e4tzlich nat\u00fcrliche N\u00e4hrstoffe.<\/p>\n\n\n\n<figure class=\"wp-block-gallery columns-2 is-cropped wp-block-gallery-3 is-layout-flex wp-block-gallery-is-layout-flex\"><ul class=\"blocks-gallery-grid\"><li class=\"blocks-gallery-item\"><figure><img decoding=\"async\" loading=\"lazy\" width=\"800\" height=\"600\" src=\"https:\/\/speyer24news.com\/wp-content\/uploads\/2022\/04\/KW-13a-Magnolienbluete-steuert-auf-Hoehepunkt-zu-30.03.2022-Bild-2.jpg\" alt=\"\" data-id=\"44070\" data-full-url=\"https:\/\/speyer24news.com\/wp-content\/uploads\/2022\/04\/KW-13a-Magnolienbluete-steuert-auf-Hoehepunkt-zu-30.03.2022-Bild-2.jpg\" data-link=\"https:\/\/speyer24news.com\/?attachment_id=44070\" class=\"wp-image-44070\" srcset=\"https:\/\/speyer24news.com\/wp-content\/uploads\/2022\/04\/KW-13a-Magnolienbluete-steuert-auf-Hoehepunkt-zu-30.03.2022-Bild-2.jpg 800w, https:\/\/speyer24news.com\/wp-content\/uploads\/2022\/04\/KW-13a-Magnolienbluete-steuert-auf-Hoehepunkt-zu-30.03.2022-Bild-2-300x225.jpg 300w, https:\/\/speyer24news.com\/wp-content\/uploads\/2022\/04\/KW-13a-Magnolienbluete-steuert-auf-Hoehepunkt-zu-30.03.2022-Bild-2-768x576.jpg 768w, https:\/\/speyer24news.com\/wp-content\/uploads\/2022\/04\/KW-13a-Magnolienbluete-steuert-auf-Hoehepunkt-zu-30.03.2022-Bild-2-678x509.jpg 678w, https:\/\/speyer24news.com\/wp-content\/uploads\/2022\/04\/KW-13a-Magnolienbluete-steuert-auf-Hoehepunkt-zu-30.03.2022-Bild-2-326x245.jpg 326w, https:\/\/speyer24news.com\/wp-content\/uploads\/2022\/04\/KW-13a-Magnolienbluete-steuert-auf-Hoehepunkt-zu-30.03.2022-Bild-2-80x60.jpg 80w\" sizes=\"(max-width: 800px) 100vw, 800px\" \/><\/figure><\/li><li class=\"blocks-gallery-item\"><figure><img decoding=\"async\" loading=\"lazy\" width=\"800\" height=\"591\" src=\"https:\/\/speyer24news.com\/wp-content\/uploads\/2022\/04\/KW-13a-Magnolienbluete-steuert-auf-Hoehepunkt-zu-30.03.2022-Bild-3.jpg\" alt=\"\" data-id=\"44071\" data-full-url=\"https:\/\/speyer24news.com\/wp-content\/uploads\/2022\/04\/KW-13a-Magnolienbluete-steuert-auf-Hoehepunkt-zu-30.03.2022-Bild-3.jpg\" data-link=\"https:\/\/speyer24news.com\/?attachment_id=44071\" class=\"wp-image-44071\" srcset=\"https:\/\/speyer24news.com\/wp-content\/uploads\/2022\/04\/KW-13a-Magnolienbluete-steuert-auf-Hoehepunkt-zu-30.03.2022-Bild-3.jpg 800w, https:\/\/speyer24news.com\/wp-content\/uploads\/2022\/04\/KW-13a-Magnolienbluete-steuert-auf-Hoehepunkt-zu-30.03.2022-Bild-3-300x222.jpg 300w, https:\/\/speyer24news.com\/wp-content\/uploads\/2022\/04\/KW-13a-Magnolienbluete-steuert-auf-Hoehepunkt-zu-30.03.2022-Bild-3-768x567.jpg 768w, https:\/\/speyer24news.com\/wp-content\/uploads\/2022\/04\/KW-13a-Magnolienbluete-steuert-auf-Hoehepunkt-zu-30.03.2022-Bild-3-80x60.jpg 80w\" sizes=\"(max-width: 800px) 100vw, 800px\" \/><\/figure><\/li><li class=\"blocks-gallery-item\"><figure><img decoding=\"async\" loading=\"lazy\" width=\"800\" height=\"600\" src=\"https:\/\/speyer24news.com\/wp-content\/uploads\/2022\/04\/KW-13a-Magnolienbluete-steuert-auf-Hoehepunkt-zu-30.03.2022-Bild-4.jpg\" alt=\"\" data-id=\"44072\" data-full-url=\"https:\/\/speyer24news.com\/wp-content\/uploads\/2022\/04\/KW-13a-Magnolienbluete-steuert-auf-Hoehepunkt-zu-30.03.2022-Bild-4.jpg\" data-link=\"https:\/\/speyer24news.com\/?attachment_id=44072\" class=\"wp-image-44072\" srcset=\"https:\/\/speyer24news.com\/wp-content\/uploads\/2022\/04\/KW-13a-Magnolienbluete-steuert-auf-Hoehepunkt-zu-30.03.2022-Bild-4.jpg 800w, https:\/\/speyer24news.com\/wp-content\/uploads\/2022\/04\/KW-13a-Magnolienbluete-steuert-auf-Hoehepunkt-zu-30.03.2022-Bild-4-300x225.jpg 300w, https:\/\/speyer24news.com\/wp-content\/uploads\/2022\/04\/KW-13a-Magnolienbluete-steuert-auf-Hoehepunkt-zu-30.03.2022-Bild-4-768x576.jpg 768w, https:\/\/speyer24news.com\/wp-content\/uploads\/2022\/04\/KW-13a-Magnolienbluete-steuert-auf-Hoehepunkt-zu-30.03.2022-Bild-4-678x509.jpg 678w, https:\/\/speyer24news.com\/wp-content\/uploads\/2022\/04\/KW-13a-Magnolienbluete-steuert-auf-Hoehepunkt-zu-30.03.2022-Bild-4-326x245.jpg 326w, https:\/\/speyer24news.com\/wp-content\/uploads\/2022\/04\/KW-13a-Magnolienbluete-steuert-auf-Hoehepunkt-zu-30.03.2022-Bild-4-80x60.jpg 80w\" sizes=\"(max-width: 800px) 100vw, 800px\" \/><\/figure><\/li><li class=\"blocks-gallery-item\"><figure><img decoding=\"async\" loading=\"lazy\" width=\"800\" height=\"570\" src=\"https:\/\/speyer24news.com\/wp-content\/uploads\/2022\/04\/KW-13a-Magnolienbluete-steuert-auf-Hoehepunkt-zu-30.03.2022-Bild-5.jpg\" alt=\"\" data-id=\"44073\" data-full-url=\"https:\/\/speyer24news.com\/wp-content\/uploads\/2022\/04\/KW-13a-Magnolienbluete-steuert-auf-Hoehepunkt-zu-30.03.2022-Bild-5.jpg\" data-link=\"https:\/\/speyer24news.com\/?attachment_id=44073\" class=\"wp-image-44073\" srcset=\"https:\/\/speyer24news.com\/wp-content\/uploads\/2022\/04\/KW-13a-Magnolienbluete-steuert-auf-Hoehepunkt-zu-30.03.2022-Bild-5.jpg 800w, https:\/\/speyer24news.com\/wp-content\/uploads\/2022\/04\/KW-13a-Magnolienbluete-steuert-auf-Hoehepunkt-zu-30.03.2022-Bild-5-300x214.jpg 300w, https:\/\/speyer24news.com\/wp-content\/uploads\/2022\/04\/KW-13a-Magnolienbluete-steuert-auf-Hoehepunkt-zu-30.03.2022-Bild-5-768x547.jpg 768w\" sizes=\"(max-width: 800px) 100vw, 800px\" \/><\/figure><\/li><li class=\"blocks-gallery-item\"><figure><img decoding=\"async\" loading=\"lazy\" width=\"800\" height=\"600\" src=\"https:\/\/speyer24news.com\/wp-content\/uploads\/2022\/04\/KW-13a-Magnolienbluete-steuert-auf-Hoehepunkt-zu-30.03.2022-Bild-6.jpg\" alt=\"\" data-id=\"44074\" data-full-url=\"https:\/\/speyer24news.com\/wp-content\/uploads\/2022\/04\/KW-13a-Magnolienbluete-steuert-auf-Hoehepunkt-zu-30.03.2022-Bild-6.jpg\" data-link=\"https:\/\/speyer24news.com\/?attachment_id=44074\" class=\"wp-image-44074\" srcset=\"https:\/\/speyer24news.com\/wp-content\/uploads\/2022\/04\/KW-13a-Magnolienbluete-steuert-auf-Hoehepunkt-zu-30.03.2022-Bild-6.jpg 800w, https:\/\/speyer24news.com\/wp-content\/uploads\/2022\/04\/KW-13a-Magnolienbluete-steuert-auf-Hoehepunkt-zu-30.03.2022-Bild-6-300x225.jpg 300w, https:\/\/speyer24news.com\/wp-content\/uploads\/2022\/04\/KW-13a-Magnolienbluete-steuert-auf-Hoehepunkt-zu-30.03.2022-Bild-6-768x576.jpg 768w, https:\/\/speyer24news.com\/wp-content\/uploads\/2022\/04\/KW-13a-Magnolienbluete-steuert-auf-Hoehepunkt-zu-30.03.2022-Bild-6-678x509.jpg 678w, https:\/\/speyer24news.com\/wp-content\/uploads\/2022\/04\/KW-13a-Magnolienbluete-steuert-auf-Hoehepunkt-zu-30.03.2022-Bild-6-326x245.jpg 326w, https:\/\/speyer24news.com\/wp-content\/uploads\/2022\/04\/KW-13a-Magnolienbluete-steuert-auf-Hoehepunkt-zu-30.03.2022-Bild-6-80x60.jpg 80w\" sizes=\"(max-width: 800px) 100vw, 800px\" \/><\/figure><\/li><li class=\"blocks-gallery-item\"><figure><img decoding=\"async\" loading=\"lazy\" width=\"500\" height=\"667\" src=\"https:\/\/speyer24news.com\/wp-content\/uploads\/2022\/04\/KW-13a-Magnolienbluete-steuert-auf-Hoehepunkt-zu-30.03.2022-Bild-7.jpg\" alt=\"\" data-id=\"44075\" data-full-url=\"https:\/\/speyer24news.com\/wp-content\/uploads\/2022\/04\/KW-13a-Magnolienbluete-steuert-auf-Hoehepunkt-zu-30.03.2022-Bild-7.jpg\" data-link=\"https:\/\/speyer24news.com\/?attachment_id=44075\" class=\"wp-image-44075\" srcset=\"https:\/\/speyer24news.com\/wp-content\/uploads\/2022\/04\/KW-13a-Magnolienbluete-steuert-auf-Hoehepunkt-zu-30.03.2022-Bild-7.jpg 500w, https:\/\/speyer24news.com\/wp-content\/uploads\/2022\/04\/KW-13a-Magnolienbluete-steuert-auf-Hoehepunkt-zu-30.03.2022-Bild-7-225x300.jpg 225w\" sizes=\"(max-width: 500px) 100vw, 500px\" \/><\/figure><\/li><li class=\"blocks-gallery-item\"><figure><img decoding=\"async\" loading=\"lazy\" width=\"800\" height=\"425\" src=\"https:\/\/speyer24news.com\/wp-content\/uploads\/2022\/04\/KW-13a-Magnolienbluete-steuert-auf-Hoehepunkt-zu-30.03.2022-Bild-1.jpg\" alt=\"\" data-id=\"44069\" data-full-url=\"https:\/\/speyer24news.com\/wp-content\/uploads\/2022\/04\/KW-13a-Magnolienbluete-steuert-auf-Hoehepunkt-zu-30.03.2022-Bild-1.jpg\" data-link=\"https:\/\/speyer24news.com\/?attachment_id=44069\" class=\"wp-image-44069\" srcset=\"https:\/\/speyer24news.com\/wp-content\/uploads\/2022\/04\/KW-13a-Magnolienbluete-steuert-auf-Hoehepunkt-zu-30.03.2022-Bild-1.jpg 800w, https:\/\/speyer24news.com\/wp-content\/uploads\/2022\/04\/KW-13a-Magnolienbluete-steuert-auf-Hoehepunkt-zu-30.03.2022-Bild-1-300x159.jpg 300w, https:\/\/speyer24news.com\/wp-content\/uploads\/2022\/04\/KW-13a-Magnolienbluete-steuert-auf-Hoehepunkt-zu-30.03.2022-Bild-1-768x408.jpg 768w\" sizes=\"(max-width: 800px) 100vw, 800px\" \/><\/figure><\/li><\/ul><figcaption class=\"blocks-gallery-caption\"> Erstmals seit drei Jahren d\u00fcrfen G\u00e4ste zur Zeit der Magnolienbl\u00fcte die Wilhelma besuchen.\u00a0<strong>Foto: Wilhelma Stuttgart<\/strong> <\/figcaption><\/figure>\n\n\n\n<p><em>Wilhelma &#8211; Zoologisch-Botanischer Garten Stuttgart<br>30.03.2022<\/em><\/p>\n\n\n\n<h2 class=\"wp-block-heading\">Azaleenschau in der Wilhelma<\/h2>\n\n\n\n<h3 class=\"wp-block-heading\">Kultivierte Bl\u00fctenpracht zum Fr\u00fchlingsbeginn<\/h3>\n\n\n\n<div class=\"wp-block-image\"><figure class=\"aligncenter size-full\"><img decoding=\"async\" loading=\"lazy\" width=\"800\" height=\"600\" src=\"https:\/\/speyer24news.com\/wp-content\/uploads\/2022\/04\/KW-12a-Azaleenschau-lockt-mit-ueppiger-Bluete-25.03.2022-Bild-1.jpg\" alt=\"\" class=\"wp-image-44063\" srcset=\"https:\/\/speyer24news.com\/wp-content\/uploads\/2022\/04\/KW-12a-Azaleenschau-lockt-mit-ueppiger-Bluete-25.03.2022-Bild-1.jpg 800w, https:\/\/speyer24news.com\/wp-content\/uploads\/2022\/04\/KW-12a-Azaleenschau-lockt-mit-ueppiger-Bluete-25.03.2022-Bild-1-300x225.jpg 300w, https:\/\/speyer24news.com\/wp-content\/uploads\/2022\/04\/KW-12a-Azaleenschau-lockt-mit-ueppiger-Bluete-25.03.2022-Bild-1-768x576.jpg 768w, https:\/\/speyer24news.com\/wp-content\/uploads\/2022\/04\/KW-12a-Azaleenschau-lockt-mit-ueppiger-Bluete-25.03.2022-Bild-1-678x509.jpg 678w, https:\/\/speyer24news.com\/wp-content\/uploads\/2022\/04\/KW-12a-Azaleenschau-lockt-mit-ueppiger-Bluete-25.03.2022-Bild-1-326x245.jpg 326w, https:\/\/speyer24news.com\/wp-content\/uploads\/2022\/04\/KW-12a-Azaleenschau-lockt-mit-ueppiger-Bluete-25.03.2022-Bild-1-80x60.jpg 80w\" sizes=\"(max-width: 800px) 100vw, 800px\" \/><figcaption>Aus rund 90 Arten und Sorten hat die Wilhelma ihre Azaleenschau gestaltet.<br><em>Foto: Wilhelma Stuttgart<\/em><\/figcaption><\/figure><\/div>\n\n\n\n<p>Der Fr\u00fchling bricht sich Bahn, doch die Natur kommt erst langsam nach. Bis auf die kleinen Fr\u00fchbl\u00fcher wie Schneegl\u00f6ckchen oder Krokusse, die fast nur als Bl\u00fcte aus dem Boden hervorlugen, bietet sich die Landschaft meist noch graubraun dar. Winterm\u00fcden Blumenfreunden pr\u00e4sentieren sich dagegen in der Azaleenschau der Wilhelma bereits mannshohe Str\u00e4ucher in vollem Ornat. Edel gewandet in einen Bl\u00fctenmantel aus Rosa und Rot, Purpur und Wei\u00df strahlen die Rhododendren in der historischen Gew\u00e4chshauszeile um die Wette.<\/p>\n\n\n\n<p>Nebenan bl\u00fchen noch die Kamelien, die im Jahreslauf des Zoologisch-Botanischen Gartens in Stuttgart jeweils den Auftakt der Bl\u00fctenpracht machen. Doch \u00fcber und \u00fcber mit Bl\u00fcten \u00fcbers\u00e4t haben die Azaleen ihnen jetzt den Rang abgelaufen. Die \u00e4ltesten Sorten in der Wilhelma gehen auf K\u00f6nig Wilhelm I. von W\u00fcrttemberg zur\u00fcck, der sie vor \u00fcber 170 Jahren in seinem royalen Refugium kultivieren lie\u00df. Seither hat die Wilhelma die Sammlung auf 90 Arten und Sorten ausgebaut, womit sie bundesweit zu den vornehmsten Adressen z\u00e4hlt. Die Vorfahren dieser Azaleen-Z\u00fcchtungen stammen von den Heidekrautgew\u00e4chsen ab, die Ende des 17. Jahrhunderts aus Japan und China nach Europa gebracht wurden. In ihren ostasiatischen Heimatregionen gedeihen sie speziell in wintermilden Bergregionen bei hohen Niederschl\u00e4gen auf sauren, humusreichen B\u00f6den. Zeitweilig gab es weltweit an die 2.000 Sorten. Nicht alle \u00fcberdauerten. In deutschen Sammlungen sind heute zirka 700 Sorten erfasst.<\/p>\n\n\n\n<div class=\"wp-block-image\"><figure class=\"aligncenter size-full\"><img decoding=\"async\" loading=\"lazy\" width=\"800\" height=\"600\" src=\"https:\/\/speyer24news.com\/wp-content\/uploads\/2022\/04\/KW-12a-Azaleenschau-lockt-mit-ueppiger-Bluete-25.03.2022-Bild-5.jpg\" alt=\"\" class=\"wp-image-44067\" srcset=\"https:\/\/speyer24news.com\/wp-content\/uploads\/2022\/04\/KW-12a-Azaleenschau-lockt-mit-ueppiger-Bluete-25.03.2022-Bild-5.jpg 800w, https:\/\/speyer24news.com\/wp-content\/uploads\/2022\/04\/KW-12a-Azaleenschau-lockt-mit-ueppiger-Bluete-25.03.2022-Bild-5-300x225.jpg 300w, https:\/\/speyer24news.com\/wp-content\/uploads\/2022\/04\/KW-12a-Azaleenschau-lockt-mit-ueppiger-Bluete-25.03.2022-Bild-5-768x576.jpg 768w, https:\/\/speyer24news.com\/wp-content\/uploads\/2022\/04\/KW-12a-Azaleenschau-lockt-mit-ueppiger-Bluete-25.03.2022-Bild-5-678x509.jpg 678w, https:\/\/speyer24news.com\/wp-content\/uploads\/2022\/04\/KW-12a-Azaleenschau-lockt-mit-ueppiger-Bluete-25.03.2022-Bild-5-326x245.jpg 326w, https:\/\/speyer24news.com\/wp-content\/uploads\/2022\/04\/KW-12a-Azaleenschau-lockt-mit-ueppiger-Bluete-25.03.2022-Bild-5-80x60.jpg 80w\" sizes=\"(max-width: 800px) 100vw, 800px\" \/><\/figure><\/div>\n\n\n\n<p>Den illustren Wilhelma-Bestand haben die G\u00e4rtnerinnen und G\u00e4rtner kreativ als Topfpflanzen, B\u00fcsche oder Str\u00e4ucher in Form gebracht, um den G\u00e4sten einen vielgestaltigen Anblick zu bieten. Ein starker optischer Magnet ist dabei die pyramidenartig geschnittene Azalee der Sorte \u201eLara\u201c. So sch\u00f6n sie anzuschauen sind: Den lieblichen Duft in der Schau verstr\u00f6men nicht die gro\u00dfen Stars, sondern kleine Nebendarsteller, wie Hyazinthen und Primeln. Zu sehen ist die Bl\u00fctenschau bis in den Mai. Dann ziehen die Azaleen ins Freiland, wo sie an einem gesch\u00fctzten, halbschattigen Ort Kraft f\u00fcr die n\u00e4chste Bl\u00fchsaison tanken.<\/p>\n\n\n\n<figure class=\"wp-block-gallery columns-2 is-cropped wp-block-gallery-5 is-layout-flex wp-block-gallery-is-layout-flex\"><ul class=\"blocks-gallery-grid\"><li class=\"blocks-gallery-item\"><figure><img decoding=\"async\" loading=\"lazy\" width=\"800\" height=\"600\" src=\"https:\/\/speyer24news.com\/wp-content\/uploads\/2022\/04\/KW-12a-Azaleenschau-lockt-mit-ueppiger-Bluete-25.03.2022-Bild-1.jpg\" alt=\"\" data-id=\"44063\" data-full-url=\"https:\/\/speyer24news.com\/wp-content\/uploads\/2022\/04\/KW-12a-Azaleenschau-lockt-mit-ueppiger-Bluete-25.03.2022-Bild-1.jpg\" data-link=\"https:\/\/speyer24news.com\/?attachment_id=44063\" class=\"wp-image-44063\" srcset=\"https:\/\/speyer24news.com\/wp-content\/uploads\/2022\/04\/KW-12a-Azaleenschau-lockt-mit-ueppiger-Bluete-25.03.2022-Bild-1.jpg 800w, https:\/\/speyer24news.com\/wp-content\/uploads\/2022\/04\/KW-12a-Azaleenschau-lockt-mit-ueppiger-Bluete-25.03.2022-Bild-1-300x225.jpg 300w, https:\/\/speyer24news.com\/wp-content\/uploads\/2022\/04\/KW-12a-Azaleenschau-lockt-mit-ueppiger-Bluete-25.03.2022-Bild-1-768x576.jpg 768w, https:\/\/speyer24news.com\/wp-content\/uploads\/2022\/04\/KW-12a-Azaleenschau-lockt-mit-ueppiger-Bluete-25.03.2022-Bild-1-678x509.jpg 678w, https:\/\/speyer24news.com\/wp-content\/uploads\/2022\/04\/KW-12a-Azaleenschau-lockt-mit-ueppiger-Bluete-25.03.2022-Bild-1-326x245.jpg 326w, https:\/\/speyer24news.com\/wp-content\/uploads\/2022\/04\/KW-12a-Azaleenschau-lockt-mit-ueppiger-Bluete-25.03.2022-Bild-1-80x60.jpg 80w\" sizes=\"(max-width: 800px) 100vw, 800px\" \/><\/figure><\/li><li class=\"blocks-gallery-item\"><figure><img decoding=\"async\" loading=\"lazy\" width=\"800\" height=\"600\" src=\"https:\/\/speyer24news.com\/wp-content\/uploads\/2022\/04\/KW-12a-Azaleenschau-lockt-mit-ueppiger-Bluete-25.03.2022-Bild-2.jpg\" alt=\"\" data-id=\"44064\" data-full-url=\"https:\/\/speyer24news.com\/wp-content\/uploads\/2022\/04\/KW-12a-Azaleenschau-lockt-mit-ueppiger-Bluete-25.03.2022-Bild-2.jpg\" data-link=\"https:\/\/speyer24news.com\/?attachment_id=44064\" class=\"wp-image-44064\" srcset=\"https:\/\/speyer24news.com\/wp-content\/uploads\/2022\/04\/KW-12a-Azaleenschau-lockt-mit-ueppiger-Bluete-25.03.2022-Bild-2.jpg 800w, https:\/\/speyer24news.com\/wp-content\/uploads\/2022\/04\/KW-12a-Azaleenschau-lockt-mit-ueppiger-Bluete-25.03.2022-Bild-2-300x225.jpg 300w, https:\/\/speyer24news.com\/wp-content\/uploads\/2022\/04\/KW-12a-Azaleenschau-lockt-mit-ueppiger-Bluete-25.03.2022-Bild-2-768x576.jpg 768w, https:\/\/speyer24news.com\/wp-content\/uploads\/2022\/04\/KW-12a-Azaleenschau-lockt-mit-ueppiger-Bluete-25.03.2022-Bild-2-678x509.jpg 678w, https:\/\/speyer24news.com\/wp-content\/uploads\/2022\/04\/KW-12a-Azaleenschau-lockt-mit-ueppiger-Bluete-25.03.2022-Bild-2-326x245.jpg 326w, https:\/\/speyer24news.com\/wp-content\/uploads\/2022\/04\/KW-12a-Azaleenschau-lockt-mit-ueppiger-Bluete-25.03.2022-Bild-2-80x60.jpg 80w\" sizes=\"(max-width: 800px) 100vw, 800px\" \/><\/figure><\/li><li class=\"blocks-gallery-item\"><figure><img decoding=\"async\" loading=\"lazy\" width=\"800\" height=\"600\" src=\"https:\/\/speyer24news.com\/wp-content\/uploads\/2022\/04\/KW-12a-Azaleenschau-lockt-mit-ueppiger-Bluete-25.03.2022-Bild-3.jpg\" alt=\"\" data-id=\"44065\" data-full-url=\"https:\/\/speyer24news.com\/wp-content\/uploads\/2022\/04\/KW-12a-Azaleenschau-lockt-mit-ueppiger-Bluete-25.03.2022-Bild-3.jpg\" data-link=\"https:\/\/speyer24news.com\/?attachment_id=44065\" class=\"wp-image-44065\" srcset=\"https:\/\/speyer24news.com\/wp-content\/uploads\/2022\/04\/KW-12a-Azaleenschau-lockt-mit-ueppiger-Bluete-25.03.2022-Bild-3.jpg 800w, https:\/\/speyer24news.com\/wp-content\/uploads\/2022\/04\/KW-12a-Azaleenschau-lockt-mit-ueppiger-Bluete-25.03.2022-Bild-3-300x225.jpg 300w, https:\/\/speyer24news.com\/wp-content\/uploads\/2022\/04\/KW-12a-Azaleenschau-lockt-mit-ueppiger-Bluete-25.03.2022-Bild-3-768x576.jpg 768w, https:\/\/speyer24news.com\/wp-content\/uploads\/2022\/04\/KW-12a-Azaleenschau-lockt-mit-ueppiger-Bluete-25.03.2022-Bild-3-678x509.jpg 678w, https:\/\/speyer24news.com\/wp-content\/uploads\/2022\/04\/KW-12a-Azaleenschau-lockt-mit-ueppiger-Bluete-25.03.2022-Bild-3-326x245.jpg 326w, https:\/\/speyer24news.com\/wp-content\/uploads\/2022\/04\/KW-12a-Azaleenschau-lockt-mit-ueppiger-Bluete-25.03.2022-Bild-3-80x60.jpg 80w\" sizes=\"(max-width: 800px) 100vw, 800px\" \/><\/figure><\/li><li class=\"blocks-gallery-item\"><figure><img decoding=\"async\" loading=\"lazy\" width=\"800\" height=\"600\" src=\"https:\/\/speyer24news.com\/wp-content\/uploads\/2022\/04\/KW-12a-Azaleenschau-lockt-mit-ueppiger-Bluete-25.03.2022-Bild-4.jpg\" alt=\"\" data-id=\"44066\" data-full-url=\"https:\/\/speyer24news.com\/wp-content\/uploads\/2022\/04\/KW-12a-Azaleenschau-lockt-mit-ueppiger-Bluete-25.03.2022-Bild-4.jpg\" data-link=\"https:\/\/speyer24news.com\/?attachment_id=44066\" class=\"wp-image-44066\" srcset=\"https:\/\/speyer24news.com\/wp-content\/uploads\/2022\/04\/KW-12a-Azaleenschau-lockt-mit-ueppiger-Bluete-25.03.2022-Bild-4.jpg 800w, https:\/\/speyer24news.com\/wp-content\/uploads\/2022\/04\/KW-12a-Azaleenschau-lockt-mit-ueppiger-Bluete-25.03.2022-Bild-4-300x225.jpg 300w, https:\/\/speyer24news.com\/wp-content\/uploads\/2022\/04\/KW-12a-Azaleenschau-lockt-mit-ueppiger-Bluete-25.03.2022-Bild-4-768x576.jpg 768w, https:\/\/speyer24news.com\/wp-content\/uploads\/2022\/04\/KW-12a-Azaleenschau-lockt-mit-ueppiger-Bluete-25.03.2022-Bild-4-678x509.jpg 678w, https:\/\/speyer24news.com\/wp-content\/uploads\/2022\/04\/KW-12a-Azaleenschau-lockt-mit-ueppiger-Bluete-25.03.2022-Bild-4-326x245.jpg 326w, https:\/\/speyer24news.com\/wp-content\/uploads\/2022\/04\/KW-12a-Azaleenschau-lockt-mit-ueppiger-Bluete-25.03.2022-Bild-4-80x60.jpg 80w\" sizes=\"(max-width: 800px) 100vw, 800px\" \/><\/figure><\/li><li class=\"blocks-gallery-item\"><figure><img decoding=\"async\" loading=\"lazy\" width=\"800\" height=\"600\" src=\"https:\/\/speyer24news.com\/wp-content\/uploads\/2022\/04\/KW-12a-Azaleenschau-lockt-mit-ueppiger-Bluete-25.03.2022-Bild-5.jpg\" alt=\"\" data-id=\"44067\" data-full-url=\"https:\/\/speyer24news.com\/wp-content\/uploads\/2022\/04\/KW-12a-Azaleenschau-lockt-mit-ueppiger-Bluete-25.03.2022-Bild-5.jpg\" data-link=\"https:\/\/speyer24news.com\/?attachment_id=44067\" class=\"wp-image-44067\" srcset=\"https:\/\/speyer24news.com\/wp-content\/uploads\/2022\/04\/KW-12a-Azaleenschau-lockt-mit-ueppiger-Bluete-25.03.2022-Bild-5.jpg 800w, https:\/\/speyer24news.com\/wp-content\/uploads\/2022\/04\/KW-12a-Azaleenschau-lockt-mit-ueppiger-Bluete-25.03.2022-Bild-5-300x225.jpg 300w, https:\/\/speyer24news.com\/wp-content\/uploads\/2022\/04\/KW-12a-Azaleenschau-lockt-mit-ueppiger-Bluete-25.03.2022-Bild-5-768x576.jpg 768w, https:\/\/speyer24news.com\/wp-content\/uploads\/2022\/04\/KW-12a-Azaleenschau-lockt-mit-ueppiger-Bluete-25.03.2022-Bild-5-678x509.jpg 678w, https:\/\/speyer24news.com\/wp-content\/uploads\/2022\/04\/KW-12a-Azaleenschau-lockt-mit-ueppiger-Bluete-25.03.2022-Bild-5-326x245.jpg 326w, https:\/\/speyer24news.com\/wp-content\/uploads\/2022\/04\/KW-12a-Azaleenschau-lockt-mit-ueppiger-Bluete-25.03.2022-Bild-5-80x60.jpg 80w\" sizes=\"(max-width: 800px) 100vw, 800px\" \/><\/figure><\/li><li class=\"blocks-gallery-item\"><figure><img decoding=\"async\" loading=\"lazy\" width=\"800\" height=\"600\" src=\"https:\/\/speyer24news.com\/wp-content\/uploads\/2022\/04\/KW-12a-Azaleenschau-lockt-mit-ueppiger-Bluete-25.03.2022-Bild-6.jpg\" alt=\"\" data-id=\"44068\" data-full-url=\"https:\/\/speyer24news.com\/wp-content\/uploads\/2022\/04\/KW-12a-Azaleenschau-lockt-mit-ueppiger-Bluete-25.03.2022-Bild-6.jpg\" data-link=\"https:\/\/speyer24news.com\/?attachment_id=44068\" class=\"wp-image-44068\" srcset=\"https:\/\/speyer24news.com\/wp-content\/uploads\/2022\/04\/KW-12a-Azaleenschau-lockt-mit-ueppiger-Bluete-25.03.2022-Bild-6.jpg 800w, https:\/\/speyer24news.com\/wp-content\/uploads\/2022\/04\/KW-12a-Azaleenschau-lockt-mit-ueppiger-Bluete-25.03.2022-Bild-6-300x225.jpg 300w, https:\/\/speyer24news.com\/wp-content\/uploads\/2022\/04\/KW-12a-Azaleenschau-lockt-mit-ueppiger-Bluete-25.03.2022-Bild-6-768x576.jpg 768w, https:\/\/speyer24news.com\/wp-content\/uploads\/2022\/04\/KW-12a-Azaleenschau-lockt-mit-ueppiger-Bluete-25.03.2022-Bild-6-678x509.jpg 678w, https:\/\/speyer24news.com\/wp-content\/uploads\/2022\/04\/KW-12a-Azaleenschau-lockt-mit-ueppiger-Bluete-25.03.2022-Bild-6-326x245.jpg 326w, https:\/\/speyer24news.com\/wp-content\/uploads\/2022\/04\/KW-12a-Azaleenschau-lockt-mit-ueppiger-Bluete-25.03.2022-Bild-6-80x60.jpg 80w\" sizes=\"(max-width: 800px) 100vw, 800px\" \/><\/figure><\/li><\/ul><figcaption class=\"blocks-gallery-caption\">Aus rund 90 Arten und Sorten hat die Wilhelma ihre Azaleenschau gestaltet.\u00a0<strong>Foto: Wilhelma Stuttgart<\/strong><\/figcaption><\/figure>\n\n\n\n<p><em>Wilhelma &#8211; Zoologisch-Botanischer Garten Stuttgart<br>25.03.2022<\/em><\/p>\n\n\n\n<h2 class=\"wp-block-heading\">Ma\u00dfvolle Corona-Lockerungen: Maskenpflicht bleibt \u2013 Verordnung entscheidet \u00fcber 3G-Regel<\/h2>\n\n\n\n<h3 class=\"wp-block-heading\">Mehr Flexibilit\u00e4t und Verg\u00fcnstigungen bei Wilhelma-Besuch<\/h3>\n\n\n\n<div class=\"wp-block-image\"><figure class=\"aligncenter size-full\"><img decoding=\"async\" loading=\"lazy\" width=\"800\" height=\"557\" src=\"https:\/\/speyer24news.com\/wp-content\/uploads\/2022\/04\/KW-11a-Massvolle-Corona-Lockerungen-in-der-Wilhelma-18.03.2022-Bild-1.jpg\" alt=\"\" class=\"wp-image-44059\" srcset=\"https:\/\/speyer24news.com\/wp-content\/uploads\/2022\/04\/KW-11a-Massvolle-Corona-Lockerungen-in-der-Wilhelma-18.03.2022-Bild-1.jpg 800w, https:\/\/speyer24news.com\/wp-content\/uploads\/2022\/04\/KW-11a-Massvolle-Corona-Lockerungen-in-der-Wilhelma-18.03.2022-Bild-1-300x209.jpg 300w, https:\/\/speyer24news.com\/wp-content\/uploads\/2022\/04\/KW-11a-Massvolle-Corona-Lockerungen-in-der-Wilhelma-18.03.2022-Bild-1-768x535.jpg 768w\" sizes=\"(max-width: 800px) 100vw, 800px\" \/><figcaption>Der Blick durch die Panoramascheibe auf das Flussbecken im Amazonienhaus ist wieder m\u00f6glich. So ist der Breitschnauzenkaiman auf Augenh\u00f6he zu betrachten.<br><em>Foto: Wilhelma Stuttgart<\/em><\/figcaption><\/figure><\/div>\n\n\n\n<p>Der Wegfall vieler Corona-Restriktionen erleichtert den Wilhelma-Besuch ab der kommenden Woche deutlich. Ab Montag, 21. M\u00e4rz, gibt es mehr M\u00f6glichkeiten, Eintrittskarten zu kaufen und das erstmals zu allen verg\u00fcnstigten Tarifen von der Vor-Corona-Zeit, wie f\u00fcr Familien, Studierende und Gruppen. Das Limit der G\u00e4ste pro Tag und deren Festlegung auf Einlasszeitfenster fallen weg. Au\u00dferdem sind die letzten H\u00e4user und Ecken des Zoologisch-Botanischen Gartens in Stuttgart, die aus Infektionsschutzgr\u00fcnden vorsichtshalber bisher gesperrt blieben, wieder zug\u00e4nglich.<\/p>\n\n\n\n<p>Ob sich f\u00fcr den Einlass die 3G-Regel gleicherma\u00dfen er\u00fcbrigt, h\u00e4ngt von den kurzfristigen Regelungen der neuen Corona-Verordnung des Landes Baden-W\u00fcrttemberg ab. Aktuell zeichnet sich ab, dass die derzeitige Regelung bis zum 2. April fortgeschrieben werden d\u00fcrfte. Das hie\u00dfe, dass weiterhin die G\u00e4ste entweder geimpft, genesen oder getestet sein m\u00fcssen \u2013 mit den \u00fcblichen Ausnahmen \u2013 und dies am Eingang belegen m\u00fcssen. Daher ist es angeraten, sich vor einem Wilhelma-Besuch \u00fcber die jeweils aktuellsten Vorgaben auf der Internetseite der Wilhelma zu informieren.<\/p>\n\n\n\n<div class=\"wp-block-image\"><figure class=\"aligncenter size-full\"><img decoding=\"async\" loading=\"lazy\" width=\"800\" height=\"600\" src=\"https:\/\/speyer24news.com\/wp-content\/uploads\/2022\/04\/KW-11a-Massvolle-Corona-Lockerungen-in-der-Wilhelma-18.03.2022-Bild-2-Foto-Olaf-Kuehl.jpg\" alt=\"\" class=\"wp-image-44060\" srcset=\"https:\/\/speyer24news.com\/wp-content\/uploads\/2022\/04\/KW-11a-Massvolle-Corona-Lockerungen-in-der-Wilhelma-18.03.2022-Bild-2-Foto-Olaf-Kuehl.jpg 800w, https:\/\/speyer24news.com\/wp-content\/uploads\/2022\/04\/KW-11a-Massvolle-Corona-Lockerungen-in-der-Wilhelma-18.03.2022-Bild-2-Foto-Olaf-Kuehl-300x225.jpg 300w, https:\/\/speyer24news.com\/wp-content\/uploads\/2022\/04\/KW-11a-Massvolle-Corona-Lockerungen-in-der-Wilhelma-18.03.2022-Bild-2-Foto-Olaf-Kuehl-768x576.jpg 768w, https:\/\/speyer24news.com\/wp-content\/uploads\/2022\/04\/KW-11a-Massvolle-Corona-Lockerungen-in-der-Wilhelma-18.03.2022-Bild-2-Foto-Olaf-Kuehl-678x509.jpg 678w, https:\/\/speyer24news.com\/wp-content\/uploads\/2022\/04\/KW-11a-Massvolle-Corona-Lockerungen-in-der-Wilhelma-18.03.2022-Bild-2-Foto-Olaf-Kuehl-326x245.jpg 326w, https:\/\/speyer24news.com\/wp-content\/uploads\/2022\/04\/KW-11a-Massvolle-Corona-Lockerungen-in-der-Wilhelma-18.03.2022-Bild-2-Foto-Olaf-Kuehl-80x60.jpg 80w\" sizes=\"(max-width: 800px) 100vw, 800px\" \/><figcaption>Unter Wasser gleiten die riesigen Arapaimas an der Scheibe vorbei.<br><em>Foto: Wilhelma Stuttgart \/ Olaf K\u00fchl<\/em><\/figcaption><\/figure><\/div>\n\n\n\n<p>Bald sind so auch die Innengehege von Elefanten, Nashorn und Tapiren freigegeben. Damit ist etwa das Elefantenbaden zu beobachten. Nur bei den Raubkatzen bleiben die T\u00fcren noch geschlossen \u2013 dies allerdings wegen Bauma\u00dfnahmen. Die L\u00f6wen und Jaguare sind jedoch sowieso meist in den Au\u00dfengehegen zu erleben. Die St\u00e4lle auf dem Schaubauernhof sind nun zu besichtigen. Auf der Empore im Maurischen Landhaus empfangen die asiatischen V\u00f6gel ab Montag Besuch, wie der Balistar als gro\u00dfer Sangesk\u00fcnstler und die Blaukr\u00f6nchen, die zu den kleinsten Papageien geh\u00f6ren. Ebenso l\u00e4uft das Kino im Menschenaffenhaus wieder an. Und die Panoramascheibe auf Wasserniveau erlaubt im Amazonienhaus seit langem endlich den Blick auf die Flusslandschaft mit dem Breitschnauzenkaiman und den riesigen Arapaimas.<\/p>\n\n\n\n<div class=\"wp-block-image\"><figure class=\"aligncenter size-full\"><img decoding=\"async\" loading=\"lazy\" width=\"800\" height=\"600\" src=\"https:\/\/speyer24news.com\/wp-content\/uploads\/2022\/04\/KW-11a-Massvolle-Corona-Lockerungen-in-der-Wilhelma-18.03.2022-Bild-3.jpg\" alt=\"\" class=\"wp-image-44061\" srcset=\"https:\/\/speyer24news.com\/wp-content\/uploads\/2022\/04\/KW-11a-Massvolle-Corona-Lockerungen-in-der-Wilhelma-18.03.2022-Bild-3.jpg 800w, https:\/\/speyer24news.com\/wp-content\/uploads\/2022\/04\/KW-11a-Massvolle-Corona-Lockerungen-in-der-Wilhelma-18.03.2022-Bild-3-300x225.jpg 300w, https:\/\/speyer24news.com\/wp-content\/uploads\/2022\/04\/KW-11a-Massvolle-Corona-Lockerungen-in-der-Wilhelma-18.03.2022-Bild-3-768x576.jpg 768w, https:\/\/speyer24news.com\/wp-content\/uploads\/2022\/04\/KW-11a-Massvolle-Corona-Lockerungen-in-der-Wilhelma-18.03.2022-Bild-3-678x509.jpg 678w, https:\/\/speyer24news.com\/wp-content\/uploads\/2022\/04\/KW-11a-Massvolle-Corona-Lockerungen-in-der-Wilhelma-18.03.2022-Bild-3-326x245.jpg 326w, https:\/\/speyer24news.com\/wp-content\/uploads\/2022\/04\/KW-11a-Massvolle-Corona-Lockerungen-in-der-Wilhelma-18.03.2022-Bild-3-80x60.jpg 80w\" sizes=\"(max-width: 800px) 100vw, 800px\" \/><figcaption>Weil das Elefantenhaus \u00f6ffnet, sind Pama und Zella ab Montag wieder beim Baden zu beobachten.<br><em>Foto: Wilhelma Stuttgart<\/em><\/figcaption><\/figure><\/div>\n\n\n\n<p>Da die Zahl der G\u00e4ste nicht mehr begrenzt sein wird, ist selbst bei Spontanbesuchen gesichert, dass alle hineinkommen. Die Streichung der gestaffelten Einlasszeitfenster bietet zudem mehr Flexibilit\u00e4t. Dauerkarten-Besitzer brauchen entsprechend keine Terminbuchung mehr. Eine Pflicht zum Online-Ticket ist damit nicht mehr gegeben. Jedoch bleibt der digitale Vorverkauf daheim oder unterwegs der bequemste Weg, Warteschlangen zu vermeiden. Wer jedoch erst vor Ort die Karten kaufen will, hat mehrere Optionen: die beiden Hauptkassen und der Kassen-Container vor dem Haupteingang als Ausweichquartier, weil der historische Pavillon restauriert wird, sowie Kassenautomaten vor dem Parkhaus und direkt an der Stadtbahnhaltestelle \u201eWilhelma\u201c. In dem Kassen-Container werden jetzt auch Jahreskarten ausgestellt.<\/p>\n\n\n\n<p>Das Parkhaus kehrt zum ehemaligen Modus zur\u00fcck: Die Parkscheine werden nicht mehr vorab online f\u00fcr ganze Tage vergeben, sondern am Automaten bezahlt \u2013 und das wie fr\u00fcher bei Abfahrt stundenweise. Dadurch k\u00f6nnen die Stellpl\u00e4tze mehrmals am Tag vergeben und besser ausgenutzt werden.<\/p>\n\n\n\n<div class=\"wp-block-image\"><figure class=\"aligncenter size-full\"><img decoding=\"async\" loading=\"lazy\" width=\"500\" height=\"667\" src=\"https:\/\/speyer24news.com\/wp-content\/uploads\/2022\/04\/KW-11a-Massvolle-Corona-Lockerungen-in-der-Wilhelma-18.03.2022-Bild-4.jpg\" alt=\"\" class=\"wp-image-44062\" srcset=\"https:\/\/speyer24news.com\/wp-content\/uploads\/2022\/04\/KW-11a-Massvolle-Corona-Lockerungen-in-der-Wilhelma-18.03.2022-Bild-4.jpg 500w, https:\/\/speyer24news.com\/wp-content\/uploads\/2022\/04\/KW-11a-Massvolle-Corona-Lockerungen-in-der-Wilhelma-18.03.2022-Bild-4-225x300.jpg 225w\" sizes=\"(max-width: 500px) 100vw, 500px\" \/><figcaption>Die asiatischen V\u00f6gel auf der Empore im Maurischen Landhaus waren zuletzt au\u00dfer Sichtweite f\u00fcr die Besucherinnen und Besucher, so auch der Balistar \u2013 ein wahrer Sangesk\u00fcnstler.<br><em>Foto: Wilhelma Stuttgart<\/em><\/figcaption><\/figure><\/div>\n\n\n\n<p>\u201eDie Lockerungen bedeuten nicht, dass wir Corona ab jetzt locker nehmen\u201c, betont Direktor Dr. Thomas K\u00f6lpin. Nach wie vor sei es viel besser, sich nicht mit COVID-19 anzustecken. \u201eDaher behalten wir zum gegenseitigen Schutz der G\u00e4ste, unserer Belegschaft und der Tiere die Maskenpflicht in den H\u00e4usern, am Haupteingang sowie vor bestimmten Au\u00dfengehegen bei.\u201c Dieser Schutz sei bei Tierarten, von denen erwiesen ist, dass sie sich ebenfalls mit Corona anstecken k\u00f6nnen, angebracht, wenn der Mindestabstand baulich nicht gesichert ist. Die betroffenen Zonen vor manchen Gehegen der Raubtiere und Affen sind ausgeschildert. Genauso bleibt die Einbahnstra\u00dfenregelung in den Geb\u00e4uden und der Freiflugvoliere erhalten, damit es nicht zu Gedr\u00e4nge durch Begegnungsverkehr kommt. \u201eEs ist sch\u00f6n, dass ohne das G\u00e4stelimit niemand mehr Sorge haben muss, am Wunschtag nicht unterzukommen\u201c, sagt K\u00f6lpin. \u201eDas Aufheben der Personenbeschr\u00e4nkung in den H\u00e4usern gibt zudem mehr Menschen die Chance, zum Beispiel das beliebte Aquarium und Terrarium zu besuchen. Wir setzen dabei auf die gegenseitige R\u00fccksichtnahme. Denn nach Jahren der Pandemie ist das Bed\u00fcrfnis nach Mindestabstand gewachsen. Ein Haus mit einer fr\u00fcher ganz normalen Menge an Menschen m\u00f6gen heute manche als voll empfinden.\u201c<\/p>\n\n\n\n<p><em>Text: Wilhelma &#8211; Zoologisch-Botanischer Garten Stuttgart Foto: Wilhelma Stuttgart \/ Olaf K\u00fchl<br>18.03.2022<\/em><\/p>\n\n\n\n<h2 class=\"wp-block-heading\">Freud und Leid bei Geburten im Menschenaffenhaus<\/h2>\n\n\n\n<h3 class=\"wp-block-heading\">Mehrfacher Kindersegen bei Bonobos tr\u00e4gt zum Erhalt der Art bei<\/h3>\n\n\n\n<div class=\"wp-block-image\"><figure class=\"aligncenter size-full\"><img decoding=\"async\" loading=\"lazy\" width=\"800\" height=\"573\" src=\"https:\/\/speyer24news.com\/wp-content\/uploads\/2022\/04\/KW-10a-Freud-und-Leid-bei-Bonobo-Geburten-11.03.2022-Bild-1-Bikita-mt-Baby-Foto-Mehnert.jpg\" alt=\"\" class=\"wp-image-44053\" srcset=\"https:\/\/speyer24news.com\/wp-content\/uploads\/2022\/04\/KW-10a-Freud-und-Leid-bei-Bonobo-Geburten-11.03.2022-Bild-1-Bikita-mt-Baby-Foto-Mehnert.jpg 800w, https:\/\/speyer24news.com\/wp-content\/uploads\/2022\/04\/KW-10a-Freud-und-Leid-bei-Bonobo-Geburten-11.03.2022-Bild-1-Bikita-mt-Baby-Foto-Mehnert-300x215.jpg 300w, https:\/\/speyer24news.com\/wp-content\/uploads\/2022\/04\/KW-10a-Freud-und-Leid-bei-Bonobo-Geburten-11.03.2022-Bild-1-Bikita-mt-Baby-Foto-Mehnert-768x550.jpg 768w\" sizes=\"(max-width: 800px) 100vw, 800px\" \/><figcaption>Bikita mit ihrem Neugeborenen. In der ersten Zeit schl\u00e4ft der Nachwuchs viel.<br><em>Foto: Wolfgang Mehnert<\/em><\/figcaption><\/figure><\/div>\n\n\n\n<p>Die Bonobo-Anlage der Wilhelma ist in diesen Wochen eine wahre Babystation. Bei den Menschenaffen sind zwei Jungtiere bereits auf die Welt gekommen. Und ein drittes Weibchen ist so hochtr\u00e4chtig, dass jederzeit die Wehen einsetzen k\u00f6nnen. Es gab jedoch auch eine Schwergeburt, die die Mutter und das Ungeborene nicht \u00fcberlebten. F\u00fcr die Erhaltung der sehr bedrohten Tierart sind diese Nachzuchten ein wertvoller Beitrag. Auf der Roten Liste der Weltnaturschutzunion (IUCN) tragen die n\u00e4chsten Verwandten der Menschen den Status \u201estark gef\u00e4hrdet\u201c. Durch den zunehmenden Verlust ihres Lebensraums in den W\u00e4ldern Zentralafrikas sowie Wilderei und Krankheiten steht ihr \u00dcberleben auf dem Spiel.<\/p>\n\n\n\n<p>\u201eDie Freude ist riesengro\u00df, dass wir gleich mehrfach gesunden Nachwuchs haben\u201c, sagt Dr. Thomas K\u00f6lpin, Direktor des Zoologisch-Botanischen Gartens in Stuttgart. \u201eBei aller Begeisterung betr\u00fcbt uns der Verlust der beiden anderen Tiere. Wie in der Natur besteht auch im Zoo immer die Gefahr, dass eine Geburt missgl\u00fccken kann. Aber es ist ein Jammer um jeden einzelnen der seltenen Menschenaffen.\u201c Die 13,5 Jahre alte Fimi ist w\u00e4hrend einer Schwergeburt gestorben. Wie die Obduktion ergab, hatte sich im Mutterleib die Nabelschnur so um den F\u00f6tus gewickelt, dass es Fimi unm\u00f6glich war, ihn zu geb\u00e4ren. Da Wildtiere versuchen, alle gesundheitlichen Probleme, solange es geht, zu verbergen, zeigen sie erst sehr sp\u00e4t Symptome \u2013 so auch Fimi bei ihren Komplikationen. Daher kam der tiermedizinische Eingriff f\u00fcr Mutter und Kind zu sp\u00e4t.\u00a0<\/p>\n\n\n\n<div class=\"wp-block-image\"><figure class=\"aligncenter size-full\"><img decoding=\"async\" loading=\"lazy\" width=\"500\" height=\"662\" src=\"https:\/\/speyer24news.com\/wp-content\/uploads\/2022\/04\/KW-10a-Freud-und-Leid-bei-Bonobo-Geburten-11.03.2022-Bild-5-Fimi-Foto-Jarczewski.jpg\" alt=\"\" class=\"wp-image-44057\" srcset=\"https:\/\/speyer24news.com\/wp-content\/uploads\/2022\/04\/KW-10a-Freud-und-Leid-bei-Bonobo-Geburten-11.03.2022-Bild-5-Fimi-Foto-Jarczewski.jpg 500w, https:\/\/speyer24news.com\/wp-content\/uploads\/2022\/04\/KW-10a-Freud-und-Leid-bei-Bonobo-Geburten-11.03.2022-Bild-5-Fimi-Foto-Jarczewski-227x300.jpg 227w\" sizes=\"(max-width: 500px) 100vw, 500px\" \/><figcaption>Fimi starb bei einer Schwergeburt.<br><em>Foto: Wilhelma Stuttgart \/ Bea Jarczewski<\/em><\/figcaption><\/figure><\/div>\n\n\n\n<p>Ungetr\u00fcbte Freude macht dagegen der Kindersegen bei Banbo und Bikita: Sie brachten ihre Spr\u00f6sslinge selbstst\u00e4ndig ohne Probleme auf die Welt. Die Neugeborenen klammern sich hingebungsvoll an ihre M\u00fctter, die sie permanent halten und s\u00e4ugen. So ist noch kein enth\u00fcllender Blick gelungen, ob es M\u00e4nnlein oder Weiblein sind. Die Namensgebung kann warten. \u201eInzwischen haben die Kleinen ihre Augen auf und nehmen das Umfeld immer besser wahr\u201c, sagt Bea Jarczewski, die Leiterin des Menschenaffen-Reviers. \u201eAber vorerst stehen fast nur Schlafen und Trinken auf dem Programm.\u201c Die weitere Hoffnung richtet sich auf \u201eMary Rose\u201c. Die Zw\u00f6lfj\u00e4hrige kam 2018 aus dem Columbus Zoo in Ohio (USA) nach Stuttgart. F\u00fcr die \u201eAmerikanerin\u201c w\u00e4re es der erste Nachwuchs und dieser\u00a0deshalb besonders wertvoll f\u00fcr die genetische Vielfalt der Zuchtgruppe.<\/p>\n\n\n\n<div class=\"wp-block-image\"><figure class=\"aligncenter size-full\"><img decoding=\"async\" loading=\"lazy\" width=\"800\" height=\"630\" src=\"https:\/\/speyer24news.com\/wp-content\/uploads\/2022\/04\/KW-10a-Freud-und-Leid-bei-Bonobo-Geburten-11.03.2022-Bild-3-Banbo-mit-Baby-Foto-Mehnert-1.jpg\" alt=\"\" class=\"wp-image-44058\" srcset=\"https:\/\/speyer24news.com\/wp-content\/uploads\/2022\/04\/KW-10a-Freud-und-Leid-bei-Bonobo-Geburten-11.03.2022-Bild-3-Banbo-mit-Baby-Foto-Mehnert-1.jpg 800w, https:\/\/speyer24news.com\/wp-content\/uploads\/2022\/04\/KW-10a-Freud-und-Leid-bei-Bonobo-Geburten-11.03.2022-Bild-3-Banbo-mit-Baby-Foto-Mehnert-1-300x236.jpg 300w, https:\/\/speyer24news.com\/wp-content\/uploads\/2022\/04\/KW-10a-Freud-und-Leid-bei-Bonobo-Geburten-11.03.2022-Bild-3-Banbo-mit-Baby-Foto-Mehnert-1-768x605.jpg 768w\" sizes=\"(max-width: 800px) 100vw, 800px\" \/><figcaption>Banbo brachte ihr Junges ohne Probleme auf die Welt.<br><em>Foto: Wolfgang Mehnert<\/em><\/figcaption><\/figure><\/div>\n\n\n\n<p>Mit den neuerlichen Nachzuchten stellt die Wilhelma ihre Rolle als eine der international f\u00fchrenden Institutionen im Einsatz gegen das Aussterben der Bonobos unter Beweis. Sie betreut in der speziell daf\u00fcr ausgelegten Anlage von 2013 eine der gr\u00f6\u00dften und erfolgreichsten Bonobo-Gruppen weltweit. 23 der rund 220 Bonobos im weltweiten Zoonetzwerk f\u00fcr die Erhaltungszucht sind in Stuttgart zu Hause. \u00dcber diesen Aufbau einer Reservepopulation in menschlicher Obhut hinaus f\u00f6rdert die Wilhelma seit 2013 kontinuierlich Schutzprogramme f\u00fcr Bonobos vor Ort in Afrika. Mit Spenden ihrer G\u00e4ste unterst\u00fctzt sie Projekte in der Demokratischen Republik Kongo: \u201eLola ya Bonobo\u201c betreibt eine Auffangstation, die beschlagnahmte Bonobowaisen rettet und auswildert; \u201eBonobo alive\u201c finanziert Anti-Wilderer-Patrouillen.<\/p>\n\n\n\n<figure class=\"wp-block-gallery columns-2 is-cropped wp-block-gallery-7 is-layout-flex wp-block-gallery-is-layout-flex\"><ul class=\"blocks-gallery-grid\"><li class=\"blocks-gallery-item\"><figure><img decoding=\"async\" loading=\"lazy\" width=\"800\" height=\"573\" src=\"https:\/\/speyer24news.com\/wp-content\/uploads\/2022\/04\/KW-10a-Freud-und-Leid-bei-Bonobo-Geburten-11.03.2022-Bild-1-Bikita-mt-Baby-Foto-Mehnert.jpg\" alt=\"\" data-id=\"44053\" data-full-url=\"https:\/\/speyer24news.com\/wp-content\/uploads\/2022\/04\/KW-10a-Freud-und-Leid-bei-Bonobo-Geburten-11.03.2022-Bild-1-Bikita-mt-Baby-Foto-Mehnert.jpg\" data-link=\"https:\/\/speyer24news.com\/?attachment_id=44053\" class=\"wp-image-44053\" srcset=\"https:\/\/speyer24news.com\/wp-content\/uploads\/2022\/04\/KW-10a-Freud-und-Leid-bei-Bonobo-Geburten-11.03.2022-Bild-1-Bikita-mt-Baby-Foto-Mehnert.jpg 800w, https:\/\/speyer24news.com\/wp-content\/uploads\/2022\/04\/KW-10a-Freud-und-Leid-bei-Bonobo-Geburten-11.03.2022-Bild-1-Bikita-mt-Baby-Foto-Mehnert-300x215.jpg 300w, https:\/\/speyer24news.com\/wp-content\/uploads\/2022\/04\/KW-10a-Freud-und-Leid-bei-Bonobo-Geburten-11.03.2022-Bild-1-Bikita-mt-Baby-Foto-Mehnert-768x550.jpg 768w\" sizes=\"(max-width: 800px) 100vw, 800px\" \/><figcaption class=\"blocks-gallery-item__caption\"><img decoding=\"async\" src=\"https:\/\/speyer24news.com\/wp-content\/uploads\/2022\/04\/KW-10a-Freud-und-Leid-bei-Bonobo-Geburten-11.03.2022-Bild-1-Bikita-mt-Baby-Foto-Mehnert.jpg\" alt=\"\">Bikita mit ihrem Neugeborenen. In der ersten Zeit schl\u00e4ft der Nachwuchs viel.\u00a0<strong>Foto: Wolfgang Mehnert<\/strong><\/figcaption><\/figure><\/li><li class=\"blocks-gallery-item\"><figure><img decoding=\"async\" loading=\"lazy\" width=\"500\" height=\"712\" src=\"https:\/\/speyer24news.com\/wp-content\/uploads\/2022\/04\/KW-10a-Freud-und-Leid-bei-Bonobo-Geburten-11.03.2022-Bild-2-Banbo-mit-Baby-Foto-Mueller.jpg\" alt=\"\" data-id=\"44054\" data-full-url=\"https:\/\/speyer24news.com\/wp-content\/uploads\/2022\/04\/KW-10a-Freud-und-Leid-bei-Bonobo-Geburten-11.03.2022-Bild-2-Banbo-mit-Baby-Foto-Mueller.jpg\" data-link=\"https:\/\/speyer24news.com\/?attachment_id=44054\" class=\"wp-image-44054\" srcset=\"https:\/\/speyer24news.com\/wp-content\/uploads\/2022\/04\/KW-10a-Freud-und-Leid-bei-Bonobo-Geburten-11.03.2022-Bild-2-Banbo-mit-Baby-Foto-Mueller.jpg 500w, https:\/\/speyer24news.com\/wp-content\/uploads\/2022\/04\/KW-10a-Freud-und-Leid-bei-Bonobo-Geburten-11.03.2022-Bild-2-Banbo-mit-Baby-Foto-Mueller-211x300.jpg 211w\" sizes=\"(max-width: 500px) 100vw, 500px\" \/><figcaption class=\"blocks-gallery-item__caption\">Banbo tr\u00e4gt ihr Jungtier dicht am K\u00f6rper. So ist dessen Geschlecht noch nicht zu erkennen.\u00a0<strong>Foto: Jana M\u00fcller<\/strong><\/figcaption><\/figure><\/li><li class=\"blocks-gallery-item\"><figure><img decoding=\"async\" loading=\"lazy\" width=\"800\" height=\"630\" src=\"https:\/\/speyer24news.com\/wp-content\/uploads\/2022\/04\/KW-10a-Freud-und-Leid-bei-Bonobo-Geburten-11.03.2022-Bild-3-Banbo-mit-Baby-Foto-Mehnert.jpg\" alt=\"\" data-id=\"44055\" data-full-url=\"https:\/\/speyer24news.com\/wp-content\/uploads\/2022\/04\/KW-10a-Freud-und-Leid-bei-Bonobo-Geburten-11.03.2022-Bild-3-Banbo-mit-Baby-Foto-Mehnert.jpg\" data-link=\"https:\/\/speyer24news.com\/?attachment_id=44055\" class=\"wp-image-44055\" srcset=\"https:\/\/speyer24news.com\/wp-content\/uploads\/2022\/04\/KW-10a-Freud-und-Leid-bei-Bonobo-Geburten-11.03.2022-Bild-3-Banbo-mit-Baby-Foto-Mehnert.jpg 800w, https:\/\/speyer24news.com\/wp-content\/uploads\/2022\/04\/KW-10a-Freud-und-Leid-bei-Bonobo-Geburten-11.03.2022-Bild-3-Banbo-mit-Baby-Foto-Mehnert-300x236.jpg 300w, https:\/\/speyer24news.com\/wp-content\/uploads\/2022\/04\/KW-10a-Freud-und-Leid-bei-Bonobo-Geburten-11.03.2022-Bild-3-Banbo-mit-Baby-Foto-Mehnert-768x605.jpg 768w\" sizes=\"(max-width: 800px) 100vw, 800px\" \/><figcaption class=\"blocks-gallery-item__caption\">Banbo brachte ihr Junges ohne Probleme auf die Welt.\u00a0<strong>Foto: Wolfgang Mehnert<\/strong><\/figcaption><\/figure><\/li><li class=\"blocks-gallery-item\"><figure><img decoding=\"async\" loading=\"lazy\" width=\"800\" height=\"582\" src=\"https:\/\/speyer24news.com\/wp-content\/uploads\/2022\/04\/KW-10a-Freud-und-Leid-bei-Bonobo-Geburten-11.03.2022-Bild-4-Banbos-Baby-Foto-Mueller.jpg\" alt=\"\" data-id=\"44056\" data-full-url=\"https:\/\/speyer24news.com\/wp-content\/uploads\/2022\/04\/KW-10a-Freud-und-Leid-bei-Bonobo-Geburten-11.03.2022-Bild-4-Banbos-Baby-Foto-Mueller.jpg\" data-link=\"https:\/\/speyer24news.com\/?attachment_id=44056\" class=\"wp-image-44056\" srcset=\"https:\/\/speyer24news.com\/wp-content\/uploads\/2022\/04\/KW-10a-Freud-und-Leid-bei-Bonobo-Geburten-11.03.2022-Bild-4-Banbos-Baby-Foto-Mueller.jpg 800w, https:\/\/speyer24news.com\/wp-content\/uploads\/2022\/04\/KW-10a-Freud-und-Leid-bei-Bonobo-Geburten-11.03.2022-Bild-4-Banbos-Baby-Foto-Mueller-300x218.jpg 300w, https:\/\/speyer24news.com\/wp-content\/uploads\/2022\/04\/KW-10a-Freud-und-Leid-bei-Bonobo-Geburten-11.03.2022-Bild-4-Banbos-Baby-Foto-Mueller-768x559.jpg 768w\" sizes=\"(max-width: 800px) 100vw, 800px\" \/><figcaption class=\"blocks-gallery-item__caption\">Inzwischen haben die Neugeborenen, hier Banbos Jungtier, die Augen offen.\u00a0<strong>Foto: Jana M\u00fcller<\/strong><\/figcaption><\/figure><\/li><li class=\"blocks-gallery-item\"><figure><img decoding=\"async\" loading=\"lazy\" width=\"500\" height=\"662\" src=\"https:\/\/speyer24news.com\/wp-content\/uploads\/2022\/04\/KW-10a-Freud-und-Leid-bei-Bonobo-Geburten-11.03.2022-Bild-5-Fimi-Foto-Jarczewski.jpg\" alt=\"\" data-id=\"44057\" data-full-url=\"https:\/\/speyer24news.com\/wp-content\/uploads\/2022\/04\/KW-10a-Freud-und-Leid-bei-Bonobo-Geburten-11.03.2022-Bild-5-Fimi-Foto-Jarczewski.jpg\" data-link=\"https:\/\/speyer24news.com\/?attachment_id=44057\" class=\"wp-image-44057\" srcset=\"https:\/\/speyer24news.com\/wp-content\/uploads\/2022\/04\/KW-10a-Freud-und-Leid-bei-Bonobo-Geburten-11.03.2022-Bild-5-Fimi-Foto-Jarczewski.jpg 500w, https:\/\/speyer24news.com\/wp-content\/uploads\/2022\/04\/KW-10a-Freud-und-Leid-bei-Bonobo-Geburten-11.03.2022-Bild-5-Fimi-Foto-Jarczewski-227x300.jpg 227w\" sizes=\"(max-width: 500px) 100vw, 500px\" \/><figcaption class=\"blocks-gallery-item__caption\">Fimi starb bei einer Schwergeburt.\u00a0<strong>Foto: Wilhelma Stuttgart \/ Bea Jarczewski<\/strong><\/figcaption><\/figure><\/li><\/ul><\/figure>\n\n\n\n<p><em>Text: Wilhelma &#8211; Zoologisch-Botanischer Garten Stuttgart Foto: Wilhelma Stuttgart \/ Bea Jarczewski &amp; Wolfgang Mehnert<br>11.03.2022<\/em><\/p>\n\n\n\n<h2 class=\"wp-block-heading\">Kooperation zur 13. Zitrusausstellung der Wilhelma \u2013 Besondere Gerichte im Restaurant<\/h2>\n\n\n\n<h3 class=\"wp-block-heading\">Beliebte Fr\u00fcchte bezaubern mit Vielfalt und Geschmack<\/h3>\n\n\n\n<div class=\"wp-block-image\"><figure class=\"aligncenter size-full\"><img decoding=\"async\" loading=\"lazy\" width=\"800\" height=\"600\" src=\"https:\/\/speyer24news.com\/wp-content\/uploads\/2022\/04\/KW-09a-Zitrusfruechte-Ausstellung-04.03.2022-Bild-1.jpg\" alt=\"\" class=\"wp-image-44046\" srcset=\"https:\/\/speyer24news.com\/wp-content\/uploads\/2022\/04\/KW-09a-Zitrusfruechte-Ausstellung-04.03.2022-Bild-1.jpg 800w, https:\/\/speyer24news.com\/wp-content\/uploads\/2022\/04\/KW-09a-Zitrusfruechte-Ausstellung-04.03.2022-Bild-1-300x225.jpg 300w, https:\/\/speyer24news.com\/wp-content\/uploads\/2022\/04\/KW-09a-Zitrusfruechte-Ausstellung-04.03.2022-Bild-1-768x576.jpg 768w, https:\/\/speyer24news.com\/wp-content\/uploads\/2022\/04\/KW-09a-Zitrusfruechte-Ausstellung-04.03.2022-Bild-1-678x509.jpg 678w, https:\/\/speyer24news.com\/wp-content\/uploads\/2022\/04\/KW-09a-Zitrusfruechte-Ausstellung-04.03.2022-Bild-1-326x245.jpg 326w, https:\/\/speyer24news.com\/wp-content\/uploads\/2022\/04\/KW-09a-Zitrusfruechte-Ausstellung-04.03.2022-Bild-1-80x60.jpg 80w\" sizes=\"(max-width: 800px) 100vw, 800px\" \/><figcaption>Die Zitruspflanzenschau zeigt im Wintergarten rund 20 verschiedene Sorten.<br><em>Foto: Wilhelma Stuttgart<\/em><\/figcaption><\/figure><\/div>\n\n\n\n<p>F\u00fcr die einen ist es eine Gl\u00fccks- f\u00fcr die anderen eine Ungl\u00fcckszahl: f\u00fcr die Wilhelma in jedem Fall eine Freude. Denn zum 13. Mal zeigen die G\u00e4rtnerinnen und G\u00e4rtner des Zoologisch-Botanischen Gartens Stuttgart die atemberaubende Vielfalt der Zitrusfr\u00fcchte. Bis zum Sonntag, 27. M\u00e4rz, sind die sauren, s\u00fc\u00dfen und teilweise auch bitteren Fr\u00fcchte im Wintergarten zu sehen. Allzu gerne m\u00f6chten viele G\u00e4ste sie einmal probieren. Das geht in der Schau nicht, sonst bliebe nichts davon \u00fcber. Aber als Besonderheit im 13. Jahr der Ausstellung startet eine Kooperation mit dem Gastronomie-Betreiber in der Wilhelma. Dazu bietet March\u00e9 im Restaurant \u201eAmazonica\u201c in den kommenden drei Wochen mit Zitrus verfeinerte Gerichte an \u2013 zum Teil direkt aus Fr\u00fcchten der Wilhelma. Im Wechsel findet sich t\u00e4glich jeweils eine Kreation von S\u00e4ften \u00fcber ein Hauptgericht bis zum Dessert auf der Speisekarte. Diesmal kann man die speziellen Fr\u00fcchte also nicht nur bestaunen, sondern einige zumindest im Restaurant auch probieren.<\/p>\n\n\n\n<p>Die Jahreszeit, in der die Wilhelma die Zitrusfr\u00fcchte pr\u00e4sentiert, ist nicht willk\u00fcrlich gew\u00e4hlt. Jetzt zum Ende des Winters hin ist die Hochbl\u00fcte der Zitruspflanzen, die urspr\u00fcnglich aus Asien stammen. Sie bl\u00fchen und fruchten zwar gleichzeitig und fast das ganze Jahr hindurch, die st\u00e4rkste Bl\u00fctenpracht ist aber derzeit zu bestaunen. Deswegen kommt beim Besuch der Ausstellung eine weitere Sinneswahrnehmung hinzu: Die Bl\u00fcten duften und bezaubern alle, die ihre Nase n\u00e4her an sie halten.<\/p>\n\n\n\n<figure class=\"wp-block-image size-full\"><img decoding=\"async\" loading=\"lazy\" width=\"800\" height=\"600\" src=\"https:\/\/speyer24news.com\/wp-content\/uploads\/2022\/04\/KW-09a-Zitrusfruechte-Ausstellung-04.03.2022-Bild-5.jpg\" alt=\"\" class=\"wp-image-44050\" srcset=\"https:\/\/speyer24news.com\/wp-content\/uploads\/2022\/04\/KW-09a-Zitrusfruechte-Ausstellung-04.03.2022-Bild-5.jpg 800w, https:\/\/speyer24news.com\/wp-content\/uploads\/2022\/04\/KW-09a-Zitrusfruechte-Ausstellung-04.03.2022-Bild-5-300x225.jpg 300w, https:\/\/speyer24news.com\/wp-content\/uploads\/2022\/04\/KW-09a-Zitrusfruechte-Ausstellung-04.03.2022-Bild-5-768x576.jpg 768w, https:\/\/speyer24news.com\/wp-content\/uploads\/2022\/04\/KW-09a-Zitrusfruechte-Ausstellung-04.03.2022-Bild-5-678x509.jpg 678w, https:\/\/speyer24news.com\/wp-content\/uploads\/2022\/04\/KW-09a-Zitrusfruechte-Ausstellung-04.03.2022-Bild-5-326x245.jpg 326w, https:\/\/speyer24news.com\/wp-content\/uploads\/2022\/04\/KW-09a-Zitrusfruechte-Ausstellung-04.03.2022-Bild-5-80x60.jpg 80w\" sizes=\"(max-width: 800px) 100vw, 800px\" \/><figcaption>Die Schau erg\u00e4nzen Namensvettern, die keine Zitruspflanzen sind, aber einen \u00e4hnlichen Duft verbreiten.<br><em>Foto: Wilhelma Stuttgart<\/em><\/figcaption><\/figure>\n\n\n\n<p>Von den weltweit 31 bekannten Arten und mehreren hundert Sorten zeigt die Wilhelma diesmal \u00fcber 20 verschiedene Auspr\u00e4gungen. Von den weithin bekannten Mandarinen, Orangen und Zitronen bis hin zu Rarit\u00e4ten wie Chinotto, Ugli, \u201eBuddhas Hand\u201c oder Deutsche Landsknechthose. Urspr\u00fcnglich brachten Araber die Gew\u00e4chse nach Afrika und Europa. Gr\u00f6\u00dfere Mengen trugen die Schiffe der portugiesischen Seefahrer im 15. und 16. Jahrhundert zu uns. Lange Zeit waren diese Multitalente unter den Nutzpflanzen in erster Linie wegen der \u00e4therischen \u00d6le unter ihrer wachsigen Au\u00dfenhaut gefragt: zur Herstellung von Heilmitteln und von D\u00fcften, die zudem vor Insekten sch\u00fctzen. Erst sp\u00e4ter entdeckte man sie als leckeres Obst.<\/p>\n\n\n\n<p>Neben der Farben- und Formenvielfalt der Zitrusfr\u00fcchte zeigt die Ausstellung auch Pflanzen, deren Namen auf Zitrusfr\u00fcchte verweisen: Ob Zitronengras, Zitronenthymian, Zitronenmelisse, Zitroneneukalyptus oder Zitronenverbene \u2013 ihre Bl\u00e4tter duften intensiv nach Zitrone. Auch bei den ausgestellten Duftpelargonien, wie \u201eQueen of Lemon\u201c oder \u201ePrince of Orange\u201c, sind der Grund f\u00fcr den Wohlgeruch ihrer Bl\u00e4tter \u00e4therische \u00d6le, mit denen sich sowohl Zitrusfr\u00fcchte als auch die Duftpflanzen gegen Fra\u00dfinsekten sch\u00fctzen.<\/p>\n\n\n\n<figure class=\"wp-block-gallery aligncenter columns-2 is-cropped wp-block-gallery-9 is-layout-flex wp-block-gallery-is-layout-flex\"><ul class=\"blocks-gallery-grid\"><li class=\"blocks-gallery-item\"><figure><img decoding=\"async\" loading=\"lazy\" width=\"800\" height=\"600\" src=\"https:\/\/speyer24news.com\/wp-content\/uploads\/2022\/04\/KW-09a-Zitrusfruechte-Ausstellung-04.03.2022-Bild-1.jpg\" alt=\"\" data-id=\"44046\" data-full-url=\"https:\/\/speyer24news.com\/wp-content\/uploads\/2022\/04\/KW-09a-Zitrusfruechte-Ausstellung-04.03.2022-Bild-1.jpg\" data-link=\"https:\/\/speyer24news.com\/?attachment_id=44046\" class=\"wp-image-44046\" srcset=\"https:\/\/speyer24news.com\/wp-content\/uploads\/2022\/04\/KW-09a-Zitrusfruechte-Ausstellung-04.03.2022-Bild-1.jpg 800w, https:\/\/speyer24news.com\/wp-content\/uploads\/2022\/04\/KW-09a-Zitrusfruechte-Ausstellung-04.03.2022-Bild-1-300x225.jpg 300w, https:\/\/speyer24news.com\/wp-content\/uploads\/2022\/04\/KW-09a-Zitrusfruechte-Ausstellung-04.03.2022-Bild-1-768x576.jpg 768w, https:\/\/speyer24news.com\/wp-content\/uploads\/2022\/04\/KW-09a-Zitrusfruechte-Ausstellung-04.03.2022-Bild-1-678x509.jpg 678w, https:\/\/speyer24news.com\/wp-content\/uploads\/2022\/04\/KW-09a-Zitrusfruechte-Ausstellung-04.03.2022-Bild-1-326x245.jpg 326w, https:\/\/speyer24news.com\/wp-content\/uploads\/2022\/04\/KW-09a-Zitrusfruechte-Ausstellung-04.03.2022-Bild-1-80x60.jpg 80w\" sizes=\"(max-width: 800px) 100vw, 800px\" \/><\/figure><\/li><li class=\"blocks-gallery-item\"><figure><img decoding=\"async\" loading=\"lazy\" width=\"800\" height=\"600\" src=\"https:\/\/speyer24news.com\/wp-content\/uploads\/2022\/04\/KW-09a-Zitrusfruechte-Ausstellung-04.03.2022-Bild-2.jpg\" alt=\"\" data-id=\"44047\" data-full-url=\"https:\/\/speyer24news.com\/wp-content\/uploads\/2022\/04\/KW-09a-Zitrusfruechte-Ausstellung-04.03.2022-Bild-2.jpg\" data-link=\"https:\/\/speyer24news.com\/?attachment_id=44047\" class=\"wp-image-44047\" srcset=\"https:\/\/speyer24news.com\/wp-content\/uploads\/2022\/04\/KW-09a-Zitrusfruechte-Ausstellung-04.03.2022-Bild-2.jpg 800w, https:\/\/speyer24news.com\/wp-content\/uploads\/2022\/04\/KW-09a-Zitrusfruechte-Ausstellung-04.03.2022-Bild-2-300x225.jpg 300w, https:\/\/speyer24news.com\/wp-content\/uploads\/2022\/04\/KW-09a-Zitrusfruechte-Ausstellung-04.03.2022-Bild-2-768x576.jpg 768w, https:\/\/speyer24news.com\/wp-content\/uploads\/2022\/04\/KW-09a-Zitrusfruechte-Ausstellung-04.03.2022-Bild-2-678x509.jpg 678w, https:\/\/speyer24news.com\/wp-content\/uploads\/2022\/04\/KW-09a-Zitrusfruechte-Ausstellung-04.03.2022-Bild-2-326x245.jpg 326w, https:\/\/speyer24news.com\/wp-content\/uploads\/2022\/04\/KW-09a-Zitrusfruechte-Ausstellung-04.03.2022-Bild-2-80x60.jpg 80w\" sizes=\"(max-width: 800px) 100vw, 800px\" \/><\/figure><\/li><li class=\"blocks-gallery-item\"><figure><img decoding=\"async\" loading=\"lazy\" width=\"800\" height=\"600\" src=\"https:\/\/speyer24news.com\/wp-content\/uploads\/2022\/04\/KW-09a-Zitrusfruechte-Ausstellung-04.03.2022-Bild-3.jpg\" alt=\"\" data-id=\"44048\" data-full-url=\"https:\/\/speyer24news.com\/wp-content\/uploads\/2022\/04\/KW-09a-Zitrusfruechte-Ausstellung-04.03.2022-Bild-3.jpg\" data-link=\"https:\/\/speyer24news.com\/?attachment_id=44048\" class=\"wp-image-44048\" srcset=\"https:\/\/speyer24news.com\/wp-content\/uploads\/2022\/04\/KW-09a-Zitrusfruechte-Ausstellung-04.03.2022-Bild-3.jpg 800w, https:\/\/speyer24news.com\/wp-content\/uploads\/2022\/04\/KW-09a-Zitrusfruechte-Ausstellung-04.03.2022-Bild-3-300x225.jpg 300w, https:\/\/speyer24news.com\/wp-content\/uploads\/2022\/04\/KW-09a-Zitrusfruechte-Ausstellung-04.03.2022-Bild-3-768x576.jpg 768w, https:\/\/speyer24news.com\/wp-content\/uploads\/2022\/04\/KW-09a-Zitrusfruechte-Ausstellung-04.03.2022-Bild-3-678x509.jpg 678w, https:\/\/speyer24news.com\/wp-content\/uploads\/2022\/04\/KW-09a-Zitrusfruechte-Ausstellung-04.03.2022-Bild-3-326x245.jpg 326w, https:\/\/speyer24news.com\/wp-content\/uploads\/2022\/04\/KW-09a-Zitrusfruechte-Ausstellung-04.03.2022-Bild-3-80x60.jpg 80w\" sizes=\"(max-width: 800px) 100vw, 800px\" \/><\/figure><\/li><li class=\"blocks-gallery-item\"><figure><img decoding=\"async\" loading=\"lazy\" width=\"800\" height=\"600\" src=\"https:\/\/speyer24news.com\/wp-content\/uploads\/2022\/04\/KW-09a-Zitrusfruechte-Ausstellung-04.03.2022-Bild-4.jpg\" alt=\"\" data-id=\"44049\" data-full-url=\"https:\/\/speyer24news.com\/wp-content\/uploads\/2022\/04\/KW-09a-Zitrusfruechte-Ausstellung-04.03.2022-Bild-4.jpg\" data-link=\"https:\/\/speyer24news.com\/?attachment_id=44049\" class=\"wp-image-44049\" srcset=\"https:\/\/speyer24news.com\/wp-content\/uploads\/2022\/04\/KW-09a-Zitrusfruechte-Ausstellung-04.03.2022-Bild-4.jpg 800w, https:\/\/speyer24news.com\/wp-content\/uploads\/2022\/04\/KW-09a-Zitrusfruechte-Ausstellung-04.03.2022-Bild-4-300x225.jpg 300w, https:\/\/speyer24news.com\/wp-content\/uploads\/2022\/04\/KW-09a-Zitrusfruechte-Ausstellung-04.03.2022-Bild-4-768x576.jpg 768w, https:\/\/speyer24news.com\/wp-content\/uploads\/2022\/04\/KW-09a-Zitrusfruechte-Ausstellung-04.03.2022-Bild-4-678x509.jpg 678w, https:\/\/speyer24news.com\/wp-content\/uploads\/2022\/04\/KW-09a-Zitrusfruechte-Ausstellung-04.03.2022-Bild-4-326x245.jpg 326w, https:\/\/speyer24news.com\/wp-content\/uploads\/2022\/04\/KW-09a-Zitrusfruechte-Ausstellung-04.03.2022-Bild-4-80x60.jpg 80w\" sizes=\"(max-width: 800px) 100vw, 800px\" \/><\/figure><\/li><li class=\"blocks-gallery-item\"><figure><img decoding=\"async\" loading=\"lazy\" width=\"800\" height=\"600\" src=\"https:\/\/speyer24news.com\/wp-content\/uploads\/2022\/04\/KW-09a-Zitrusfruechte-Ausstellung-04.03.2022-Bild-5.jpg\" alt=\"\" data-id=\"44050\" data-full-url=\"https:\/\/speyer24news.com\/wp-content\/uploads\/2022\/04\/KW-09a-Zitrusfruechte-Ausstellung-04.03.2022-Bild-5.jpg\" data-link=\"https:\/\/speyer24news.com\/?attachment_id=44050\" class=\"wp-image-44050\" srcset=\"https:\/\/speyer24news.com\/wp-content\/uploads\/2022\/04\/KW-09a-Zitrusfruechte-Ausstellung-04.03.2022-Bild-5.jpg 800w, https:\/\/speyer24news.com\/wp-content\/uploads\/2022\/04\/KW-09a-Zitrusfruechte-Ausstellung-04.03.2022-Bild-5-300x225.jpg 300w, https:\/\/speyer24news.com\/wp-content\/uploads\/2022\/04\/KW-09a-Zitrusfruechte-Ausstellung-04.03.2022-Bild-5-768x576.jpg 768w, https:\/\/speyer24news.com\/wp-content\/uploads\/2022\/04\/KW-09a-Zitrusfruechte-Ausstellung-04.03.2022-Bild-5-678x509.jpg 678w, https:\/\/speyer24news.com\/wp-content\/uploads\/2022\/04\/KW-09a-Zitrusfruechte-Ausstellung-04.03.2022-Bild-5-326x245.jpg 326w, https:\/\/speyer24news.com\/wp-content\/uploads\/2022\/04\/KW-09a-Zitrusfruechte-Ausstellung-04.03.2022-Bild-5-80x60.jpg 80w\" sizes=\"(max-width: 800px) 100vw, 800px\" \/><\/figure><\/li><li class=\"blocks-gallery-item\"><figure><img decoding=\"async\" loading=\"lazy\" width=\"500\" height=\"667\" src=\"https:\/\/speyer24news.com\/wp-content\/uploads\/2022\/04\/KW-09a-Zitrusfruechte-Ausstellung-04.03.2022-Bild-6.jpg\" alt=\"\" data-id=\"44051\" data-full-url=\"https:\/\/speyer24news.com\/wp-content\/uploads\/2022\/04\/KW-09a-Zitrusfruechte-Ausstellung-04.03.2022-Bild-6.jpg\" data-link=\"https:\/\/speyer24news.com\/?attachment_id=44051\" class=\"wp-image-44051\" srcset=\"https:\/\/speyer24news.com\/wp-content\/uploads\/2022\/04\/KW-09a-Zitrusfruechte-Ausstellung-04.03.2022-Bild-6.jpg 500w, https:\/\/speyer24news.com\/wp-content\/uploads\/2022\/04\/KW-09a-Zitrusfruechte-Ausstellung-04.03.2022-Bild-6-225x300.jpg 225w\" sizes=\"(max-width: 500px) 100vw, 500px\" \/><\/figure><\/li><\/ul><\/figure>\n\n\n\n<p><em>Wilhelma &#8211; Zoologisch-Botanischer Garten Stuttgart<br>04.03.2022<\/em><\/p>\n\n\n\n<h2 class=\"wp-block-heading\">Neues internationales Zoo-Ranking<\/h2>\n\n\n\n<h3 class=\"wp-block-heading\">Qualit\u00e4tssprung: Wilhelma jetzt Nummer f\u00fcnf in Europa<\/h3>\n\n\n\n<div class=\"wp-block-image\"><figure class=\"aligncenter size-full\"><img decoding=\"async\" loading=\"lazy\" width=\"800\" height=\"600\" src=\"https:\/\/speyer24news.com\/wp-content\/uploads\/2022\/04\/KW-08a-Wilhelma-springt-im-Zoo-Ranking-auf-Platz-fuenf-in-Europa-21.02.2022-Bild-1.jpg\" alt=\"\" class=\"wp-image-44041\" srcset=\"https:\/\/speyer24news.com\/wp-content\/uploads\/2022\/04\/KW-08a-Wilhelma-springt-im-Zoo-Ranking-auf-Platz-fuenf-in-Europa-21.02.2022-Bild-1.jpg 800w, https:\/\/speyer24news.com\/wp-content\/uploads\/2022\/04\/KW-08a-Wilhelma-springt-im-Zoo-Ranking-auf-Platz-fuenf-in-Europa-21.02.2022-Bild-1-300x225.jpg 300w, https:\/\/speyer24news.com\/wp-content\/uploads\/2022\/04\/KW-08a-Wilhelma-springt-im-Zoo-Ranking-auf-Platz-fuenf-in-Europa-21.02.2022-Bild-1-768x576.jpg 768w, https:\/\/speyer24news.com\/wp-content\/uploads\/2022\/04\/KW-08a-Wilhelma-springt-im-Zoo-Ranking-auf-Platz-fuenf-in-Europa-21.02.2022-Bild-1-678x509.jpg 678w, https:\/\/speyer24news.com\/wp-content\/uploads\/2022\/04\/KW-08a-Wilhelma-springt-im-Zoo-Ranking-auf-Platz-fuenf-in-Europa-21.02.2022-Bild-1-326x245.jpg 326w, https:\/\/speyer24news.com\/wp-content\/uploads\/2022\/04\/KW-08a-Wilhelma-springt-im-Zoo-Ranking-auf-Platz-fuenf-in-Europa-21.02.2022-Bild-1-80x60.jpg 80w\" sizes=\"(max-width: 800px) 100vw, 800px\" \/><figcaption>Mit der neuen Schneeleoparden-Anlage von 2018 konnte die Wilhelma punkten.<br><em>Foto: Wilhelma Stuttgart<\/em><\/figcaption><\/figure><\/div>\n\n\n\n<p>Mit der Wilhelma geht es weiter voran. Das belegt auch die neueste Bewertung der besten Zoos Europas. In dem regelm\u00e4\u00dfigen Ranking schaffte der Zoologisch-Botanische Garten in Stuttgart einen kr\u00e4ftigen Sprung von Platz zehn auf Rang f\u00fcnf. Oben stehen weiter der Tiergarten Sch\u00f6nbrunn in Wien sowie die Zoos in Leipzig und Z\u00fcrich. Aus deutscher Sicht hat sonst nur noch der Zoo Berlin die Nase vor der Wilhelma. Den Tierpark Hellabrunn hat sie dagegen jetzt hinter sich gelassen in der Rangfolge, die alle zwei Jahre neu erstellt wird. Die k\u00fcrzlich ver\u00f6ffentlichte Tabelle ergibt sich aus der Auswertung der j\u00fcngsten Erhebung von Anfang 2020.<\/p>\n\n\n\n<div class=\"wp-block-image\"><figure class=\"aligncenter size-full\"><img decoding=\"async\" loading=\"lazy\" width=\"500\" height=\"667\" src=\"https:\/\/speyer24news.com\/wp-content\/uploads\/2022\/04\/KW-08a-Wilhelma-springt-im-Zoo-Ranking-auf-Platz-fuenf-in-Europa-21.02.2022-Bild-2.jpg\" alt=\"\" class=\"wp-image-44042\" srcset=\"https:\/\/speyer24news.com\/wp-content\/uploads\/2022\/04\/KW-08a-Wilhelma-springt-im-Zoo-Ranking-auf-Platz-fuenf-in-Europa-21.02.2022-Bild-2.jpg 500w, https:\/\/speyer24news.com\/wp-content\/uploads\/2022\/04\/KW-08a-Wilhelma-springt-im-Zoo-Ranking-auf-Platz-fuenf-in-Europa-21.02.2022-Bild-2-225x300.jpg 225w\" sizes=\"(max-width: 500px) 100vw, 500px\" \/><figcaption>F\u00fcr die Krokodil-Haltung bekam die Wilhelma-Bestnoten.<br><em>Foto: Wilhelma Stuttgart<\/em><\/figcaption><\/figure><\/div>\n\n\n\n<p>Damit hat sich die Wilhelma unter den Top-Adressen der gro\u00dfen Einrichtungen mit mehr als einer Million G\u00e4ste pro Jahr fest etabliert. Sie teilt sich den f\u00fcnften Rang punktgleich mit drei weiteren Institutionen: ZooParc Beauval, Chester Zoo und Pairi Daiza. \u201eDie Spitze r\u00fcckt zusammen\u201c, sagt Direktor Dr. Thomas K\u00f6lpin, \u201eWenn wir mit den jeweils besten Zoos von Frankreich, England und Belgien auf einer Stufe stehen, sind wir in gro\u00dfartiger Gesellschaft.\u201c Auch der Abstand nach ganz oben hat sich verringert. Dauersieger Sch\u00f6nbrunn konnte seine Quote der erreichbaren Punkte von 2016 bis 2020 von 84,6 auf 86,5 Prozent steigern. Die Wilhelma legte in der Zeit von 71,0 auf 79,4 Prozent zu. \u201eWir messen uns mit den Gr\u00f6\u00dften und Besten\u201c, sagt K\u00f6lpin. \u201eAuch die anderen investieren und verbessern sich. Wenn wir dennoch in die Verfolgergruppe aufsteigen, ist das besonders hoch einzusch\u00e4tzen. Als ich 2014 nach Stuttgart kam, lag die Wilhelma noch auf Rang 14. Der kontinuierliche Aufstieg seither zeigt, dass das Engagement Anerkennung findet.\u201c<\/p>\n\n\n\n<div class=\"wp-block-image\"><figure class=\"aligncenter size-full\"><img decoding=\"async\" loading=\"lazy\" width=\"800\" height=\"609\" src=\"https:\/\/speyer24news.com\/wp-content\/uploads\/2022\/04\/KW-08a-Wilhelma-springt-im-Zoo-Ranking-auf-Platz-fuenf-in-Europa-21.02.2022-Bild-3.jpg\" alt=\"\" class=\"wp-image-44043\" srcset=\"https:\/\/speyer24news.com\/wp-content\/uploads\/2022\/04\/KW-08a-Wilhelma-springt-im-Zoo-Ranking-auf-Platz-fuenf-in-Europa-21.02.2022-Bild-3.jpg 800w, https:\/\/speyer24news.com\/wp-content\/uploads\/2022\/04\/KW-08a-Wilhelma-springt-im-Zoo-Ranking-auf-Platz-fuenf-in-Europa-21.02.2022-Bild-3-300x228.jpg 300w, https:\/\/speyer24news.com\/wp-content\/uploads\/2022\/04\/KW-08a-Wilhelma-springt-im-Zoo-Ranking-auf-Platz-fuenf-in-Europa-21.02.2022-Bild-3-768x585.jpg 768w, https:\/\/speyer24news.com\/wp-content\/uploads\/2022\/04\/KW-08a-Wilhelma-springt-im-Zoo-Ranking-auf-Platz-fuenf-in-Europa-21.02.2022-Bild-3-80x60.jpg 80w\" sizes=\"(max-width: 800px) 100vw, 800px\" \/><figcaption>F\u00fcr die Krokodil-Haltung bekam die Wilhelma-Bestnoten.<br><em>Foto: Wilhelma Stuttgart<\/em><\/figcaption><\/figure><\/div>\n\n\n\n<p>Erstmals hat das Ranking ein Autorenduo erarbeitet. Der Zoo-Analyst Anthony Sheridan, der das Ranking aus der Taufe gehoben hatte, bereist 126 Tierparks seit 2008 immer wieder, um Daten, Fakten und frische Eindr\u00fccke zu sammeln. Der Engl\u00e4nder hat sich mit Alex R\u00fcbel einen ausgewiesenen Insider an Bord geholt. Unter der fast 30-j\u00e4hrigen F\u00fchrung des ehemaligen Direktors entwickelte sich der Z\u00fcrcher Zoo zu einem internationalen Aush\u00e4ngeschild. Gemeinsam haben sie rund 40 Einzelkriterien in den Kategorien Besucher-Faktoren, Bildung \/ Natur- und Artenschutz sowie Wirtschaft und Organisation unter die Lupe genommen. Die Wilhelma konnte in allen dreien Bereichen zulegen. Zu einer Aufwertung f\u00fchrten zum Beispiel die neue Schneeleoparden-Anlage 2018 und die Einf\u00fchrung des Artenschutz-Euros 2019. Best\u00e4tigt wurden zudem die Bestnoten f\u00fcr die Menschenaffen-Anlage und die Krokodilhalle. Noch nicht ber\u00fccksichtig ist das 2020 er\u00f6ffnete Gemeinschaftsgehege f\u00fcr Yaks und Kamele.<\/p>\n\n\n\n<div class=\"wp-block-image\"><figure class=\"aligncenter size-full\"><img decoding=\"async\" loading=\"lazy\" width=\"800\" height=\"533\" src=\"https:\/\/speyer24news.com\/wp-content\/uploads\/2022\/04\/KW-08a-Wilhelma-springt-im-Zoo-Ranking-auf-Platz-fuenf-in-Europa-21.02.2022-Bild-4.jpg\" alt=\"\" class=\"wp-image-44044\" srcset=\"https:\/\/speyer24news.com\/wp-content\/uploads\/2022\/04\/KW-08a-Wilhelma-springt-im-Zoo-Ranking-auf-Platz-fuenf-in-Europa-21.02.2022-Bild-4.jpg 800w, https:\/\/speyer24news.com\/wp-content\/uploads\/2022\/04\/KW-08a-Wilhelma-springt-im-Zoo-Ranking-auf-Platz-fuenf-in-Europa-21.02.2022-Bild-4-300x200.jpg 300w, https:\/\/speyer24news.com\/wp-content\/uploads\/2022\/04\/KW-08a-Wilhelma-springt-im-Zoo-Ranking-auf-Platz-fuenf-in-Europa-21.02.2022-Bild-4-768x512.jpg 768w\" sizes=\"(max-width: 800px) 100vw, 800px\" \/><figcaption>Die moderne Anlage f\u00fcr Menschenaffen erf\u00fcllte die hohen Standards der Juroren.<br><em>Foto: Wilhelma Stuttgart<\/em><\/figcaption><\/figure><\/div>\n\n\n\n<p>Was grunds\u00e4tzlich in das Ranking nicht einflie\u00dft, ist die au\u00dferordentliche Artenvielfalt der Wilhelma. Hier hat sie dank ihrer fast 1200 Arten mit dem Zoo Berlin ein Alleinstellungsmerkmal in Europa. Die Autoren werten jedoch f\u00fcr die Vergleichbarkeit in erster Linie 45 besonders markante Flaggschiff-Tierarten und deren Haltung aus. Auch f\u00fcr Aquarium und Botanischen Garten erh\u00e4lt die Wilhelma Lob, sie werden jedoch nicht bewertet. Trotzdem sieht der Direktor Steigerungspotenzial: \u201eWir haben bereits weitere zukunftsweisende Projekte gestartet, sodass wir anstreben, zu der absoluten Spitze ganz aufschlie\u00dfen zu k\u00f6nnen\u201c, sagt K\u00f6lpin. Bei den Neuheiten macht in diesem Jahr den ersten Schritt das vielseitige Haus f\u00fcr Kleins\u00e4uger, V\u00f6gel und Insektivoren. Es folgt die Terra Australis mit Koalas und interessanten Begleittierarten von Down Under. Und in Vorbereitung sind bereits ein Landschaftsgehege f\u00fcr Sibirische Tiger und die gro\u00dfe Elefantenwelt.<\/p>\n\n\n\n<div class=\"wp-block-image\"><figure class=\"aligncenter size-full\"><img decoding=\"async\" loading=\"lazy\" width=\"800\" height=\"533\" src=\"https:\/\/speyer24news.com\/wp-content\/uploads\/2022\/04\/KW-08a-Wilhelma-springt-im-Zoo-Ranking-auf-Platz-fuenf-in-Europa-21.02.2022-Bild-5.jpg\" alt=\"\" class=\"wp-image-44045\" srcset=\"https:\/\/speyer24news.com\/wp-content\/uploads\/2022\/04\/KW-08a-Wilhelma-springt-im-Zoo-Ranking-auf-Platz-fuenf-in-Europa-21.02.2022-Bild-5.jpg 800w, https:\/\/speyer24news.com\/wp-content\/uploads\/2022\/04\/KW-08a-Wilhelma-springt-im-Zoo-Ranking-auf-Platz-fuenf-in-Europa-21.02.2022-Bild-5-300x200.jpg 300w, https:\/\/speyer24news.com\/wp-content\/uploads\/2022\/04\/KW-08a-Wilhelma-springt-im-Zoo-Ranking-auf-Platz-fuenf-in-Europa-21.02.2022-Bild-5-768x512.jpg 768w\" sizes=\"(max-width: 800px) 100vw, 800px\" \/><figcaption>Die moderne Anlage f\u00fcr Menschenaffen erf\u00fcllte die hohen Standards der Juroren.<br><em>Foto: Wilhelma Stuttgart<\/em><\/figcaption><\/figure><\/div>\n\n\n\n<p><em>Wilhelma &#8211; Zoologisch-Botanischer Garten Stuttgart<br>21.02.2022<\/em><\/p>\n\n\n\n<h2 class=\"wp-block-heading\">Spende hilft Weiterentwicklung der Wilhelma<\/h2>\n\n\n\n<h3 class=\"wp-block-heading\">Firma Klingbeil \u00fcbernimmt Patenschaft f\u00fcr Netzgiraffe Nyiri<\/h3>\n\n\n\n<div class=\"wp-block-image\"><figure class=\"aligncenter size-full\"><img decoding=\"async\" loading=\"lazy\" width=\"800\" height=\"600\" src=\"https:\/\/speyer24news.com\/wp-content\/uploads\/2022\/04\/KW-07a-Patenschaft-fuer-Wilhelma-Giraffe-Nyiri-18.02.2022-Bild-1.jpg\" alt=\"\" class=\"wp-image-44039\" srcset=\"https:\/\/speyer24news.com\/wp-content\/uploads\/2022\/04\/KW-07a-Patenschaft-fuer-Wilhelma-Giraffe-Nyiri-18.02.2022-Bild-1.jpg 800w, https:\/\/speyer24news.com\/wp-content\/uploads\/2022\/04\/KW-07a-Patenschaft-fuer-Wilhelma-Giraffe-Nyiri-18.02.2022-Bild-1-300x225.jpg 300w, https:\/\/speyer24news.com\/wp-content\/uploads\/2022\/04\/KW-07a-Patenschaft-fuer-Wilhelma-Giraffe-Nyiri-18.02.2022-Bild-1-768x576.jpg 768w, https:\/\/speyer24news.com\/wp-content\/uploads\/2022\/04\/KW-07a-Patenschaft-fuer-Wilhelma-Giraffe-Nyiri-18.02.2022-Bild-1-678x509.jpg 678w, https:\/\/speyer24news.com\/wp-content\/uploads\/2022\/04\/KW-07a-Patenschaft-fuer-Wilhelma-Giraffe-Nyiri-18.02.2022-Bild-1-326x245.jpg 326w, https:\/\/speyer24news.com\/wp-content\/uploads\/2022\/04\/KW-07a-Patenschaft-fuer-Wilhelma-Giraffe-Nyiri-18.02.2022-Bild-1-80x60.jpg 80w\" sizes=\"(max-width: 800px) 100vw, 800px\" \/><figcaption>Wilhelma-Direktor Dr. Thomas K\u00f6lpin \u00fcbergab die Patenschaftsurkunde vor dem Giraffengehege an Gesch\u00e4ftsf\u00fchrerin\u00a0Verena Klingbeil und Elena Schirmer von der Firma Klingbeil.<br><em>Foto: Wilhelma Stuttgart<\/em><\/figcaption><\/figure><\/div>\n\n\n\n<p>Die Erdm\u00e4nnchen haben mit Abstand die meisten Patinnen und Paten, doch auch das gr\u00f6\u00dfte Wilhelma-Tier hat inzwischen eine F\u00fcrsprecherin. Die Firma Klingbeil aus Ilsfeld bei Heilbronn hat die Patenschaft f\u00fcr Nyiri \u00fcbernommen. Die Netzgiraffe ist im vergangenen Jahr aus dem K\u00f6lner Zoo nach Stuttgart gekommen. Mit gut vier Metern \u00fcberragt sie die noch massigeren Elefanten. \u201eF\u00fcr den Zoologisch-Botanischen Garten ist das sowohl eine finanzielle als auch ideelle Unterst\u00fctzung\u201c, sagt Wilhelma-Direktor Dr. Thomas K\u00f6lpin. \u201eDass uns Firmen aus der Region so ihre Verbundenheit zeigen, ist f\u00fcr uns und unsere Arbeit viel wert.\u201c<\/p>\n\n\n\n<p>F\u00fcr die neue Patin war die Wahl von Nyiri kein Zufall: \u201eWir freuen uns sehr, dass wir die Wilhelma und ihre vielf\u00e4ltigen Projekte durch unsere Patenschaft f\u00f6rdern k\u00f6nnen\u201c, sagt Verena Klingbeil. Sie f\u00fchrt das mittelst\u00e4ndische Familienunternehmen in zweiter Generation. \u201eGiraffen sind sch\u00f6ne und durch Ihre Gr\u00f6\u00dfe beeindruckende Tiere \u2013 wir haben uns sofort in Nyiri verliebt.\u201c Zudem sei es wichtig, den Giraffen-Bestand der Zoos zu sichern und perspektivisch zu vergr\u00f6\u00dfern, da Giraffen seit 2016 zu den gef\u00e4hrdeten Tierarten auf der Roten Liste der Weltnaturschutzunion IUCN z\u00e4hlen. \u201eUnser Wunsch ist es, vor allem Kindern und Jugendlichen die M\u00f6glichkeit zu geben, eine gro\u00dfe Artenvielfalt zu erleben\u201c, betont Klingbeil. \u201eDie Wilhelma liegt uns daher auch als Naherholungspark mitten in der Stadt besonders am Herzen.\u201c<\/p>\n\n\n\n<div class=\"wp-block-image\"><figure class=\"aligncenter size-full\"><img decoding=\"async\" loading=\"lazy\" width=\"500\" height=\"663\" src=\"https:\/\/speyer24news.com\/wp-content\/uploads\/2022\/04\/KW-07a-Patenschaft-fuer-Wilhelma-Giraffe-Nyiri-18.02.2022-Bild-2.jpg\" alt=\"\" class=\"wp-image-44040\" srcset=\"https:\/\/speyer24news.com\/wp-content\/uploads\/2022\/04\/KW-07a-Patenschaft-fuer-Wilhelma-Giraffe-Nyiri-18.02.2022-Bild-2.jpg 500w, https:\/\/speyer24news.com\/wp-content\/uploads\/2022\/04\/KW-07a-Patenschaft-fuer-Wilhelma-Giraffe-Nyiri-18.02.2022-Bild-2-226x300.jpg 226w\" sizes=\"(max-width: 500px) 100vw, 500px\" \/><figcaption>Die Netzgiraffe Nyiri kam 2021 aus dem K\u00f6lner Zoo in die Wilhelma.<br><em>Foto: Wilhelma Stuttgart<\/em><\/figcaption><\/figure><\/div>\n\n\n\n<p>Die 1978 gegr\u00fcndete Klingbeil GmbH stellt mit rund 35 Mitarbeitern in Ilsfeld Produkte der Klebetechnik her. Dazu geh\u00f6ren selbstklebende Etiketten und Formstanzteile sowie Zuschnitte von Kennzeichnungsfolien und Klebeb\u00e4ndern f\u00fcr die Weiterverarbeitung bei den Kunden aus der Industrie.<\/p>\n\n\n\n<p>Die Patenschaftsgelder flie\u00dfen nicht in die laufenden Ausgaben der Wilhelma, wie Heizung, Wasser oder Strom, sondern kommen in einen gesonderten Topf. \u201eIn den derzeit schwierigen Zeiten mit den erheblichen Einnahmeausf\u00e4llen m\u00fcssen wir Priorit\u00e4ten bei Investitionen setzen\u201c, sagt Direktor K\u00f6lpin. \u201eDie Spenden der Patinnen und Paten helfen uns daher, Projekte zu erm\u00f6glichen, die sonst nicht in dieser Form oder erst viel sp\u00e4ter zu realisieren w\u00e4ren.\u201c Aktuelle Beispiele daf\u00fcr, was auf diese Weise aufgewertet werden konnte, sind der Neubau der Schneeleoparden-Anlage 2018 und die Erneuerung des Au\u00dfengeheges der Brillenb\u00e4ren 2021. Auch in die artgerechte Ausstattung des neuen Geb\u00e4udes f\u00fcr Kleins\u00e4uger, V\u00f6gel und Insektivoren, das 2022 in Betrieb gehen wird, flie\u00dfen Patenschaftsgelder.<\/p>\n\n\n\n<p><em>Wilhelma &#8211; Zoologisch-Botanischer Garten Stuttgart<br>18.02.2022<\/em><\/p>\n","protected":false},"excerpt":{"rendered":"<div class=\"mh-excerpt\"><p>Okapi-Kuh Nyota ist zum dritten Mal Mutter geworden Neuer Erfolg bei der Nachzucht seltener Okapis in der Wilhelma Ein neugeborenes Okapi-Kalb bereichert seit dem 2. M\u00e4rz das Giraffenhaus in der Wilhelma in Stuttgart. Zu sehen <a class=\"mh-excerpt-more\" href=\"https:\/\/speyer24news.com\/?p=44038\" title=\"Wilhelma &#8211; Zoologisch-Botanischer Garten Stuttgart\">[&#8230;]<\/a><\/p>\n<\/div>","protected":false},"author":3,"featured_media":30171,"comment_status":"open","ping_status":"open","sticky":false,"template":"","format":"standard","meta":{"_monsterinsights_skip_tracking":false,"_monsterinsights_sitenote_active":false,"_monsterinsights_sitenote_note":"","_monsterinsights_sitenote_category":0,"footnotes":""},"categories":[11],"tags":[13741,13740,13744,13745,13743,8421,8422,13742,13751,13749,13750,13738,13739,11420,11419,13735,13736,13737,8419,12978,8420,10083,11544,11418,13747,13748,13746,8811,6716,8418],"aioseo_notices":[],"amp_enabled":true,"_links":{"self":[{"href":"https:\/\/speyer24news.com\/index.php?rest_route=\/wp\/v2\/posts\/44038"}],"collection":[{"href":"https:\/\/speyer24news.com\/index.php?rest_route=\/wp\/v2\/posts"}],"about":[{"href":"https:\/\/speyer24news.com\/index.php?rest_route=\/wp\/v2\/types\/post"}],"author":[{"embeddable":true,"href":"https:\/\/speyer24news.com\/index.php?rest_route=\/wp\/v2\/users\/3"}],"replies":[{"embeddable":true,"href":"https:\/\/speyer24news.com\/index.php?rest_route=%2Fwp%2Fv2%2Fcomments&post=44038"}],"version-history":[{"count":1,"href":"https:\/\/speyer24news.com\/index.php?rest_route=\/wp\/v2\/posts\/44038\/revisions"}],"predecessor-version":[{"id":44082,"href":"https:\/\/speyer24news.com\/index.php?rest_route=\/wp\/v2\/posts\/44038\/revisions\/44082"}],"wp:featuredmedia":[{"embeddable":true,"href":"https:\/\/speyer24news.com\/index.php?rest_route=\/wp\/v2\/media\/30171"}],"wp:attachment":[{"href":"https:\/\/speyer24news.com\/index.php?rest_route=%2Fwp%2Fv2%2Fmedia&parent=44038"}],"wp:term":[{"taxonomy":"category","embeddable":true,"href":"https:\/\/speyer24news.com\/index.php?rest_route=%2Fwp%2Fv2%2Fcategories&post=44038"},{"taxonomy":"post_tag","embeddable":true,"href":"https:\/\/speyer24news.com\/index.php?rest_route=%2Fwp%2Fv2%2Ftags&post=44038"}],"curies":[{"name":"wp","href":"https:\/\/api.w.org\/{rel}","templated":true}]}}