{"id":44186,"date":"2022-04-08T01:33:54","date_gmt":"2022-04-08T00:33:54","guid":{"rendered":"https:\/\/speyer24news.com\/?p=44186"},"modified":"2022-04-08T01:33:56","modified_gmt":"2022-04-08T00:33:56","slug":"geschwindigkeitskontrollen-blitzer-kw-15-11-04-17-04-22","status":"publish","type":"post","link":"https:\/\/speyer24news.com\/?p=44186","title":{"rendered":"Geschwindigkeitskontrollen \/ Blitzer KW 15 (11.04. \u2013 17.04.22)"},"content":{"rendered":"<style type=\"text\/css\">\r\n\t.ads_top_disp{}\r\n\t.ads_top_corner_disp{ float:left; margin:0px 10px 10px 0px; }\r\n\t.ads_first_p_disp{}\r\n\t.ads_bottom_disp{}\r\n\t<\/style>\n<h2 class=\"wp-block-heading\">Geschwindigkeitskontrollen f\u00fcr die Woche vom 11. bis 14. April<\/h2>\n\n\n\n<div class=\"wp-block-image\"><figure class=\"aligncenter\"><img decoding=\"async\" loading=\"lazy\" width=\"640\" height=\"497\" src=\"https:\/\/speyer24news.com\/wp-content\/uploads\/2020\/12\/Blitzer-2.jpg\" alt=\"\" class=\"wp-image-31937\" srcset=\"https:\/\/speyer24news.com\/wp-content\/uploads\/2020\/12\/Blitzer-2.jpg 640w, https:\/\/speyer24news.com\/wp-content\/uploads\/2020\/12\/Blitzer-2-300x233.jpg 300w\" sizes=\"(max-width: 640px) 100vw, 640px\" \/><\/figure><\/div>\n\n\n\n<p><strong>(Mannheim) \u2013<\/strong>\u00a0Die Stadt Mannheim f\u00fchrt vom 11. bis 14. April in folgenden Stra\u00dfen mobile Geschwindigkeitskontrollen durch:<\/p>\n\n\n\n<ul><li><strong>Gl\u00fccksteinallee<\/strong><\/li><li><strong>Gontardstra\u00dfe<\/strong><\/li><li><strong>Meerfeldstra\u00dfe (Diesterwegschule)<\/strong><\/li><li><strong>Nietzschestra\u00dfe<\/strong><\/li><li><strong>Oppauer Stra\u00dfe (Waldhofschule)<\/strong><\/li><li><strong>Otto-Beck-Stra\u00dfe (Pestalozzischule)<\/strong><\/li><li><strong>Seckenheimer Stra\u00dfe<\/strong><\/li><li><strong>Speckweg<\/strong><\/li><li><strong>Spessartstra\u00dfe (Br\u00fcder-Grimm-Schule)<\/strong><\/li><li><strong>Tullastra\u00dfe<\/strong><\/li><li><strong>Waldpforte (Alfred-Delp-Schule)<\/strong><\/li><li><strong>Werderplatz (Oststadtschule)<\/strong><\/li><li><strong>Wiesbadener Stra\u00dfe (Friedrich-Ebert-Schule)<\/strong><\/li><li><strong>Wingertsbuckel<\/strong><\/li><\/ul>\n\n\n\n<p>Kurzfristige \u00c4nderungen oder zus\u00e4tzliche Messstellen sind aus aktuellem Anlass m\u00f6glich.<\/p>\n\n\n\n<p><em>Stadt Mannheim<br>07.04.2022<\/em><\/p>\n\n\n\n<h2 class=\"wp-block-heading\">Radarkontrollen f\u00fcr die Woche vom 11. April bis 17. April 2022<\/h2>\n\n\n\n<div class=\"wp-block-image\"><figure class=\"aligncenter\"><img decoding=\"async\" loading=\"lazy\" width=\"800\" height=\"600\" src=\"https:\/\/speyer24news.com\/wp-content\/uploads\/2020\/03\/Blitzer-1.jpg\" alt=\"\" class=\"wp-image-25724\" srcset=\"https:\/\/speyer24news.com\/wp-content\/uploads\/2020\/03\/Blitzer-1.jpg 800w, https:\/\/speyer24news.com\/wp-content\/uploads\/2020\/03\/Blitzer-1-300x225.jpg 300w, https:\/\/speyer24news.com\/wp-content\/uploads\/2020\/03\/Blitzer-1-768x576.jpg 768w, https:\/\/speyer24news.com\/wp-content\/uploads\/2020\/03\/Blitzer-1-678x509.jpg 678w, https:\/\/speyer24news.com\/wp-content\/uploads\/2020\/03\/Blitzer-1-326x245.jpg 326w, https:\/\/speyer24news.com\/wp-content\/uploads\/2020\/03\/Blitzer-1-80x60.jpg 80w\" sizes=\"(max-width: 800px) 100vw, 800px\" \/><\/figure><\/div>\n\n\n\n<p><strong>(Ludwigshafen) \u2013<\/strong>\u00a0Die Stadt Ludwigshafen nimmt in folgenden Stadtteilen Radarkontrollen vor.<\/p>\n\n\n\n<ul><li><strong>Montag, 11. April: Edigheim, Oppau und Gartenstadt<\/strong><\/li><li><strong>Dienstag, 12. April: Mitte, Ruchheim und Oggersheim<\/strong><\/li><li><strong>Mittwoch, 13. April: Nord, Friesenheim und Pfingstweide<\/strong><\/li><li><strong>Donnerstag, 14. April: Mundenheim, Maudach und S\u00fcd<\/strong><\/li><\/ul>\n\n\n\n<p>Kurzfristige \u00c4nderungen beh\u00e4lt sich der Bereich Stra\u00dfenverkehr vor. Kontrollen k\u00f6nnen auch kurzfristig an anderen Stellen stattfinden.<\/p>\n\n\n\n<p><em>Stadt Ludwigshafen<br>07.04.2022<\/em><\/p>\n\n\n\n<h2 class=\"wp-block-heading\">(Pr\u00e4sidiumsbereich Rheinpfalz) \u2013&nbsp;Radarkontrollen des Polizeipr\u00e4sidiums Rheinpfalz im April 2022<\/h2>\n\n\n\n<div class=\"wp-block-image\"><figure class=\"aligncenter\"><img decoding=\"async\" loading=\"lazy\" width=\"800\" height=\"450\" src=\"https:\/\/speyer24news.com\/wp-content\/uploads\/2020\/12\/Blitzer-Logo.jpg\" alt=\"\" class=\"wp-image-31938\" srcset=\"https:\/\/speyer24news.com\/wp-content\/uploads\/2020\/12\/Blitzer-Logo.jpg 800w, https:\/\/speyer24news.com\/wp-content\/uploads\/2020\/12\/Blitzer-Logo-300x169.jpg 300w, https:\/\/speyer24news.com\/wp-content\/uploads\/2020\/12\/Blitzer-Logo-768x432.jpg 768w, https:\/\/speyer24news.com\/wp-content\/uploads\/2020\/12\/Blitzer-Logo-678x381.jpg 678w\" sizes=\"(max-width: 800px) 100vw, 800px\" \/><\/figure><\/div>\n\n\n\n<h4 class=\"wp-block-heading\">Im Bereich der&nbsp;<strong>Polizeidirektion Ludwigshafen<\/strong>&nbsp;finden wie folgt Kontrollen statt:<\/h4>\n\n\n\n<ul><li><strong>Montag (11.04.2022) im Bereich Ludwigshafen<\/strong><\/li><li><strong>Freitag (22.04.2022) im Bereich Lambsheim<\/strong><\/li><li><strong>Dienstag (26.04.2022) im Bereich B\u00f6hl-Iggelheim<\/strong><\/li><\/ul>\n\n\n\n<h4 class=\"wp-block-heading\">Im Bereich der&nbsp;<strong>Polizeidirektion Landau<\/strong>&nbsp;finden wie folgt Kontrollen statt:<\/h4>\n\n\n\n<ul><li><strong>Dienstag (12.04.2022) im Bereich Lustadt<\/strong><\/li><li><strong>Donnerstag (21.04.2022) im Bereich Kandel<\/strong><\/li><li><strong>Mittwoch (27.04.2021) im Bereich Rohrbach<\/strong><\/li><\/ul>\n\n\n\n<h4 class=\"wp-block-heading\">Im Bereich der&nbsp;<strong>Polizeidirektion Neustadt<\/strong>&nbsp;finden wie folgt Kontrollen statt:<\/h4>\n\n\n\n<ul><li><strong>Freitag (08.04.2022) im Bereich Bad D\u00fcrkheim<\/strong><\/li><li><strong>Donnerstag (14.04.2022) im Bereich Neustadt<\/strong><\/li><li><strong>Dienstag (19.04.2022) im Bereich Obrigheim<\/strong><\/li><li><strong>Freitag (29.04.2021) im Bereich Meckenheim<\/strong><\/li><\/ul>\n\n\n\n<h4 class=\"wp-block-heading\">Die Polizei weist ausdr\u00fccklich darauf hin, dass Kontrollen auch au\u00dferhalb der genannten Zeiten und \u00d6rtlichkeiten stattfinden.<\/h4>\n\n\n\n<p><em>Polizeipr\u00e4sidium Rheinpfalz<br>31.03.2022<\/em><\/p>\n","protected":false},"excerpt":{"rendered":"<div class=\"mh-excerpt\"><p>Geschwindigkeitskontrollen f\u00fcr die Woche vom 11. bis 14. April (Mannheim) \u2013\u00a0Die Stadt Mannheim f\u00fchrt vom 11. bis 14. April in folgenden Stra\u00dfen mobile Geschwindigkeitskontrollen durch: Gl\u00fccksteinallee Gontardstra\u00dfe Meerfeldstra\u00dfe (Diesterwegschule) Nietzschestra\u00dfe Oppauer Stra\u00dfe (Waldhofschule) Otto-Beck-Stra\u00dfe (Pestalozzischule) <a class=\"mh-excerpt-more\" href=\"https:\/\/speyer24news.com\/?p=44186\" title=\"Geschwindigkeitskontrollen \/ Blitzer KW 15 (11.04. \u2013 17.04.22)\">[&#8230;]<\/a><\/p>\n<\/div>","protected":false},"author":3,"featured_media":33649,"comment_status":"open","ping_status":"open","sticky":false,"template":"","format":"standard","meta":{"_monsterinsights_skip_tracking":false,"_monsterinsights_sitenote_active":false,"_monsterinsights_sitenote_note":"","_monsterinsights_sitenote_category":0,"footnotes":""},"categories":[64],"tags":[18,7702,4819,4814,7703,19,5148,4822,4817,5149,4228,947,5146,4820,4815,5147,28,779,5152,4821,4816,5153,227,17,7699,7068,7004,949,5150,4818,4813,5151,1310,948,10894,10893],"aioseo_notices":[],"amp_enabled":true,"_links":{"self":[{"href":"https:\/\/speyer24news.com\/index.php?rest_route=\/wp\/v2\/posts\/44186"}],"collection":[{"href":"https:\/\/speyer24news.com\/index.php?rest_route=\/wp\/v2\/posts"}],"about":[{"href":"https:\/\/speyer24news.com\/index.php?rest_route=\/wp\/v2\/types\/post"}],"author":[{"embeddable":true,"href":"https:\/\/speyer24news.com\/index.php?rest_route=\/wp\/v2\/users\/3"}],"replies":[{"embeddable":true,"href":"https:\/\/speyer24news.com\/index.php?rest_route=%2Fwp%2Fv2%2Fcomments&post=44186"}],"version-history":[{"count":1,"href":"https:\/\/speyer24news.com\/index.php?rest_route=\/wp\/v2\/posts\/44186\/revisions"}],"predecessor-version":[{"id":44187,"href":"https:\/\/speyer24news.com\/index.php?rest_route=\/wp\/v2\/posts\/44186\/revisions\/44187"}],"wp:featuredmedia":[{"embeddable":true,"href":"https:\/\/speyer24news.com\/index.php?rest_route=\/wp\/v2\/media\/33649"}],"wp:attachment":[{"href":"https:\/\/speyer24news.com\/index.php?rest_route=%2Fwp%2Fv2%2Fmedia&parent=44186"}],"wp:term":[{"taxonomy":"category","embeddable":true,"href":"https:\/\/speyer24news.com\/index.php?rest_route=%2Fwp%2Fv2%2Fcategories&post=44186"},{"taxonomy":"post_tag","embeddable":true,"href":"https:\/\/speyer24news.com\/index.php?rest_route=%2Fwp%2Fv2%2Ftags&post=44186"}],"curies":[{"name":"wp","href":"https:\/\/api.w.org\/{rel}","templated":true}]}}