{"id":44213,"date":"2022-04-08T02:55:24","date_gmt":"2022-04-08T01:55:24","guid":{"rendered":"https:\/\/speyer24news.com\/?p=44213"},"modified":"2022-04-08T02:55:25","modified_gmt":"2022-04-08T01:55:25","slug":"rhein-pfalz-kreis-86","status":"publish","type":"post","link":"https:\/\/speyer24news.com\/?p=44213","title":{"rendered":"Rhein-Pfalz-Kreis"},"content":{"rendered":"<style type=\"text\/css\">\r\n\t.ads_top_disp{}\r\n\t.ads_top_corner_disp{ float:left; margin:0px 10px 10px 0px; }\r\n\t.ads_first_p_disp{}\r\n\t.ads_bottom_disp{}\r\n\t<\/style>\n<h2 class=\"wp-block-heading\">Hilfe f\u00fcr die Ukraine &#8211; \u00a0weiterer Transport von Sachspenden an den Partnerlandkreis in Oppeln\/Polen<\/h2>\n\n\n\n<div class=\"wp-block-image\"><figure class=\"aligncenter size-full\"><img decoding=\"async\" loading=\"lazy\" width=\"800\" height=\"593\" src=\"https:\/\/speyer24news.com\/wp-content\/uploads\/2022\/04\/IMG-20220404-WA0000.jpg\" alt=\"\" class=\"wp-image-44220\" srcset=\"https:\/\/speyer24news.com\/wp-content\/uploads\/2022\/04\/IMG-20220404-WA0000.jpg 800w, https:\/\/speyer24news.com\/wp-content\/uploads\/2022\/04\/IMG-20220404-WA0000-300x222.jpg 300w, https:\/\/speyer24news.com\/wp-content\/uploads\/2022\/04\/IMG-20220404-WA0000-768x569.jpg 768w, https:\/\/speyer24news.com\/wp-content\/uploads\/2022\/04\/IMG-20220404-WA0000-80x60.jpg 80w\" sizes=\"(max-width: 800px) 100vw, 800px\" \/><\/figure><\/div>\n\n\n\n<p>Seit \u00fcber sechs Wochen dauert der Krieg in der Ukraine mit unverminderter H\u00e4rte an und der Strom der gefl\u00fcchteten Menschen aus dem Kriegsgebiet rei\u00dft nicht ab. Hilfsg\u00fcter werden weiterhin dringend ben\u00f6tigt. Der Rhein-Pfalz-Kreis hat daher aus den Sammlungen seiner Gemeinden einen weiteren Hilfstransport in den Partnerlandkreis nach Oppeln\/Polen organisiert, zur direkten Weiterleitung in dessen Partnerlandkreis Kalusch in der Ukraine.<\/p>\n\n\n\n<p>Am fr\u00fchen Morgen des 04. Aprils 2022 sind zwei Feuerwehr-Fahrzeuge aus dem Rhein-Pfalz-Kreis Richtung Polen gestartet. Geladen hatten die beiden Fahrzeuge insgesamt 20 Paletten voll mit ben\u00f6tigten Hilfsg\u00fctern wie Hygieneartikel, Medikamente und Lebensmittel.<\/p>\n\n\n\n<p>Landrat Clemens K\u00f6rner bedankt sich auch im Namen der B\u00fcrgermeisterinnen und B\u00fcrgermeister ganz herzlich bei den B\u00fcrgerinnen und B\u00fcrgern des Rhein-Pfalz-Kreises f\u00fcr die hohe Spendenbereitschaft. \u201eEin weiterer gro\u00dfer Dank geht an alle Ehrenamtlichen, an die Hilfsorganisationen, die \u00f6rtlichen Feuerwehren und unseren Brand- und Katastrophenschutz, die diese Sammelaktionen \u00fcberhaupt erst m\u00f6glich gemacht haben\u201c, betont Landrat K\u00f6rner.<\/p>\n\n\n\n<p>Weiterhin wird dem Landkreis Oppeln nochmals ein Betrag i.H.v. 5.000 Euro aus den Geldspenden der Bev\u00f6lkerung des Rhein-Pfalz-Kreises zur Verf\u00fcgung gestellt, um vor Ort Lebensmittel, Medizinprodukte und weitere notwendige G\u00fcter f\u00fcr die Fl\u00fcchtlingshilfe direkt kaufen zu k\u00f6nnen bzw. nach M\u00f6glichkeit an den Partnerkreis Kalusch in der Ukraine zu bringen.<\/p>\n\n\n\n<p>Dies war bereits der zweite Hilfstransport nach Polen und die zweite Geldspende. Ein weiterer Transport mit Feldbetten erfolgte Mitte M\u00e4rz an den Partner-Saalekreis zur Weiterleitung an dessen polnischen Partnerkreis Pajeczanski.<\/p>\n\n\n\n<p>B\u00fcrgerinnen und B\u00fcrger, die gerne weiteres Hilfsmaterial spenden wollen, m\u00f6chten sich bitte auf der Homepage ihrer Gemeinde bzgl. \u00d6rtlichkeit der Sammelstellen und \u00d6ffnungszeiten erkundigen. Die Liste der ben\u00f6tigten Materialien ist auch auf der Internetseite des Rhein-Pfalz-Kreises unter <a href=\"http:\/\/www.rhein-pfalz-kreis.de\">www.rhein-pfalz-kreis.de<\/a> und bei den jeweiligen Gemeinden einsehbar.<\/p>\n\n\n\n<p>F\u00fcr weitere Geldspenden ist das Spendenkonto des Rhein-Pfalz-Kreises mit dem <strong>Verwendungszweck \u201eUkraine\u201c, IBAN DE21 5455 0010 0193 9148 50<\/strong> eingerichtet.<\/p>\n\n\n\n<p><em>Kreisverwaltung Rhein-Pfalz-Kreis<br>05.04.2022<\/em><\/p>\n\n\n\n<h2 class=\"wp-block-heading\">Kreiswohnungsverband: Wohnungen in Limburgerhof sind bezugsfertig<\/h2>\n\n\n\n<div class=\"wp-block-image\"><figure class=\"aligncenter size-full\"><img decoding=\"async\" loading=\"lazy\" width=\"800\" height=\"462\" src=\"https:\/\/speyer24news.com\/wp-content\/uploads\/2022\/04\/Gruppenfoto-1.jpg\" alt=\"\" class=\"wp-image-44219\" srcset=\"https:\/\/speyer24news.com\/wp-content\/uploads\/2022\/04\/Gruppenfoto-1.jpg 800w, https:\/\/speyer24news.com\/wp-content\/uploads\/2022\/04\/Gruppenfoto-1-300x173.jpg 300w, https:\/\/speyer24news.com\/wp-content\/uploads\/2022\/04\/Gruppenfoto-1-768x444.jpg 768w\" sizes=\"(max-width: 800px) 100vw, 800px\" \/><\/figure><\/div>\n\n\n\n<p><strong>Limburgerhof &#8211; <\/strong>Das Projekt des Kreiswohnungsverbandes Rhein-Pfalz in der Goethestra\u00dfe 2a in Limburgerhof ist abgeschlossen: Die neugebauten Wohnungen sind bezugsfertig.<\/p>\n\n\n\n<p>Landrat und Vorstand des Kreiswohnungsverbandes Clemens K\u00f6rner, Volker Spindler, Gesch\u00e4ftsf\u00fchrer des Kreiswohnungsverbandes Rhein-Pfalz sowie Mitarbeiter der Stadtwerke Schifferstadt, zeigten am Mittwoch, 23. M\u00e4rz 2022, stolz den anwesenden B\u00fcrgermeistern der umliegenden Gemeinden das abgeschlossene Projekt mit seiner funktionalen Aufteilung der Wohnungen und der modernen und zeitgem\u00e4\u00dfen Gestaltung der R\u00e4ume. Bei dem gr\u00f6\u00dften zusammenh\u00e4ngenden Standort des Kreiswohnungsverbandes in Limburgerhof ist mit den 12 neu entstandenen Wohneinheiten ein Pilotprojekt erfolgreich beendet worden: Erdw\u00e4rme im Zusammenhang mit einer Solarstrom-Anlage auf dem Dach des Neubaus wird k\u00fcnftig die Wohnungen umweltvertr\u00e4glich und kosteng\u00fcnstig mit Energie versorgen.<\/p>\n\n\n\n<p>Durch die Kooperation des Kreiswohnungsverbandes und der Stadtwerke Schifferstadt profitieren die Mieter*innen bei hohem Komfort langfristig von einem sehr g\u00fcnstigen Versorgungspreis und niedrigen Betriebskosten, was sich bei den momentanen hohen Energiekosten schnell und deutlich im Haushaltsbudget der Mieter*innen bemerkbar machen wird. Sollte zus\u00e4tzlich Strom ben\u00f6tigt werden, liefern die Stadtwerke Schifferstadt \u00d6kostrom aus erneuerbaren Energien. So wird es Mietern erm\u00f6glicht, kosteng\u00fcnstig Strom und W\u00e4rme zu beziehen, gleichzeitig eine \u00f6kologische Energieerzeugung vor Ort zu f\u00f6rdern und damit einen Beitrag zum Klimaschutz leisten.<\/p>\n\n\n\n<p>\u201eWir freuen uns, dass wir im Rhein-Pfalz-Kreis mit diesem Pilotprojekt moderne und zukunftsorientierte Energieversorgung umsetzen und unseren Mietern kosteng\u00fcnstig anbieten k\u00f6nnen. Gerade die aktuelle Situation zeigt, wie wichtig es ist, von den herk\u00f6mmlichen fossilen Brennstoffen wegzukommen. Ich danke allen Beteiligten, die dieses Pilotprojekt unterst\u00fctzten und sich damit f\u00fcr den Klimaschutz eingesetzt haben\u201c, erl\u00e4utert Landrat Clemens K\u00f6rner.<\/p>\n\n\n\n<p>Der Gesch\u00e4ftsf\u00fchrer Volker Spindler erg\u00e4nzt: \u201eDie Neubauten werden CO\u00b2-neutral im Winter mit Erdw\u00e4rme beheizt. Diese Erdw\u00e4rmenutzung erm\u00f6glicht auch einen anderen angenehmen Effekt: im Sommer wird das Geb\u00e4ude dadurch ohne gro\u00dfen Aufwand gek\u00fchlt. Weiterhin erm\u00f6glicht die durch die integrierte Solaranlage mit Energie versorgte W\u00e4rmepumpe eine hohe Energieeffizienz. Auf den Dachfl\u00e4chen wurde zudem eine Mieterstromanlage mit Stromspeicher errichtet. Damit wurde das Geb\u00e4ude weitgehend energieautark.\u201c<\/p>\n\n\n\n<p>Begonnen wurde mit dem Bau der Wohnungen zum Jahresende 2020. Insgesamt wurden 12 Wohnungen mit je 60 m\u00b2 Wohnfl\u00e4che gebaut, eine davon ist rollstuhlgerecht und die anderen barrierefrei ausgebaut. Die Erdgeschosswohnungen verf\u00fcgen \u00fcber eine Terrasse, die Wohnungen im Obergeschoss \u00fcber einen Balkon. Bezugsberechtigt f\u00fcr die \u00f6ffentlich gef\u00f6rderten Mietwohnungen sind Familien mit geringen bis mittleren Einkommen.<\/p>\n\n\n\n<p>Die Gesamtbaukosten betrugen insgesamt 2,3 Mio. Euro. Das Land hat ein zinsloses Darlehen von ca. 1 Mio. Euro gew\u00e4hrt und gab dar\u00fcber hinaus noch ca. 200.000 Euro Tilgungszusch\u00fcsse.<\/p>\n\n\n\n<p>Die Mitglieder des Kreiswohnungsverbandes sind der \u00dcberzeugung, dass es richtig war, die Neubaut\u00e4tigkeit wieder aufzunehmen und betonen, dass das Neubauprogramm des Unternehmens auch in Zukunft fortgesetzt werden soll.<\/p>\n\n\n\n<p><em>Kreisverwaltung Rhein-Pfalz-Kreis<br>05.04.2022<\/em><\/p>\n\n\n\n<h2 class=\"wp-block-heading\">Pfalzcard startete am 01.04.2022 in die neue Saison<\/h2>\n\n\n\n<div class=\"wp-block-image\"><figure class=\"aligncenter size-full\"><img decoding=\"async\" loading=\"lazy\" width=\"800\" height=\"518\" src=\"https:\/\/speyer24news.com\/wp-content\/uploads\/2019\/05\/Logo-Pfalzcard.jpg\" alt=\"\" class=\"wp-image-14062\" srcset=\"https:\/\/speyer24news.com\/wp-content\/uploads\/2019\/05\/Logo-Pfalzcard.jpg 800w, https:\/\/speyer24news.com\/wp-content\/uploads\/2019\/05\/Logo-Pfalzcard-300x194.jpg 300w, https:\/\/speyer24news.com\/wp-content\/uploads\/2019\/05\/Logo-Pfalzcard-768x497.jpg 768w\" sizes=\"(max-width: 800px) 100vw, 800px\" \/><\/figure><\/div>\n\n\n\n<p><strong>Neustadt &#8211; <\/strong>Nachdem die letzten beiden Jahre ma\u00dfgeblich von Corona gekennzeichnet waren, hofft die Pfalzcard GmbH nun auf ein erfolgreiches Jahr f\u00fcr alle Partner. Den treuen Partnern sei Dank, waren die Zeitr\u00e4ume der \u00d6ffnungen zwischen den Lockdowns dennoch erfolgreich.<br>Die neue Brosch\u00fcre mit allen Freizeit-Attraktionen f\u00fcr die Saison 2022\/2023 ist bereits Mitte M\u00e4rz erschienen und weist 121 kostenlose Leistungen auf.<br>Neu dabei ist das Weingut Reinhardt\/\/WEINWERK in Ruppertsberg. Pfalzcard-Inhaber kommen dort in den Genuss einer kostenlosen 3er-Weinprobe.<\/p>\n\n\n\n<p>Etwas vergr\u00f6\u00dfert hat sich auch die Zahl der teilnehmenden Unterkunftsbetriebe. 5 neue \u00dcbernachtungsangebote sind dazugekommen, darunter mit dem Hotel Krone in Herxheim b. Landau und der Villa Waldfrieden in Annweiler auch zwei gr\u00f6\u00dfere Betriebe. Daneben erg\u00e4nzen weitere gem\u00fctliche Ferienh\u00e4user und -wohnungen und erstmals auch ein Tiny House das Beherbergungsangebot. Eine \u00dcbersicht \u00fcber alle Gastgeber und Freizeitangebote bietet die Homepage <a href=\"http:\/\/www.pfalzcard.de\">www.pfalzcard.de<\/a><\/p>\n\n\n\n<p>Am 1. April f\u00e4llt auch der Startschuss f\u00fcr zwei neue Varianten der etablierten G\u00e4stekarte: der Pfalzcard \u201efer deh\u00e4m\u201c und der Pfalzcard f\u00fcr Sponsoren. Bei der Pfalzcard \u201efer deh\u00e4m\u201c handelt es sich um eine Kaufkarte, die ausschlie\u00dflich von Einheimischen erworben werden kann. Die Karte wird personalisiert ausgestellt und erm\u00f6glicht den kostenfreien Eintritt zu allen Freizeitangeboten &#8211; je einmal pro Saison (01.04.- 31.03. des Folgejahres). Die kostenlose \u00d6PNV-Nutzung ist, im Gegensatz zur Pfalzcard f\u00fcr Urlaubsg\u00e4ste, bei diesem Kartentyp nicht inkludiert.<br>\u00a0<br>Bei der Sponsoren-Karte handelt es sich um einen Mix aus Werbeleistungen und &#8211; je nach Paket &#8211; mehreren Pfalzcards. Die Sponsoren-Karten werden ebenfalls personalisiert ausgestellt und sind eine Saison lang g\u00fcltig. Wie bei der Heimatkarte k\u00f6nnen alle Freizeitangebote w\u00e4hrend des G\u00fcltigkeitszeitraums je einmal kostenlos in Anspruch genommen. Auch bei diesem Kartentyp ist die kostenlose \u00d6PNV-Nutzung ausgeschlossen.<\/p>\n\n\n\n<h4 class=\"wp-block-heading\">Zur Sache: Die Pfalzcard<\/h4>\n\n\n\n<p>Die Pfalzcard ist nach wie vor die einzige G\u00e4stekarte in Rheinland-Pfalz und wird von rund 120 Gastgebern an die Pfalzbesucher, die in diesen H\u00e4usern \u00fcbernachten, ausgegeben. Mit der Karte k\u00f6nnen die G\u00e4ste \u00fcber 120 Freizeit-Einrichtungen der Region &#8211; von Schwimmb\u00e4der und Thermen \u00fcber Bergwerke bis zu Zoos und Museen &#8211; kostenlos besuchen. Au\u00dferdem gilt die Karte als Fahrschein f\u00fcr Busse und Bahnen im Netz des Verkehrsverbunds Rhein-Neckar (VRN).<\/p>\n\n\n\n<p><em>Pfalzcard GmbH<br>05.04.2022<\/em><\/p>\n\n\n\n<h2 class=\"wp-block-heading\">W\u00fcrdigung f\u00fcr ehrenamtliches Engagement im Rhein-Pfalz-Kreis<\/h2>\n\n\n\n<h3 class=\"wp-block-heading\">Vergabe des 10. Ehrenamtspreises<\/h3>\n\n\n\n<div class=\"wp-block-image\"><figure class=\"aligncenter size-full\"><img decoding=\"async\" loading=\"lazy\" width=\"800\" height=\"603\" src=\"https:\/\/speyer24news.com\/wp-content\/uploads\/2022\/04\/Ehrenamtspreistraeger-gesamt-1.jpg\" alt=\"\" class=\"wp-image-44215\" srcset=\"https:\/\/speyer24news.com\/wp-content\/uploads\/2022\/04\/Ehrenamtspreistraeger-gesamt-1.jpg 800w, https:\/\/speyer24news.com\/wp-content\/uploads\/2022\/04\/Ehrenamtspreistraeger-gesamt-1-300x226.jpg 300w, https:\/\/speyer24news.com\/wp-content\/uploads\/2022\/04\/Ehrenamtspreistraeger-gesamt-1-768x579.jpg 768w, https:\/\/speyer24news.com\/wp-content\/uploads\/2022\/04\/Ehrenamtspreistraeger-gesamt-1-326x245.jpg 326w, https:\/\/speyer24news.com\/wp-content\/uploads\/2022\/04\/Ehrenamtspreistraeger-gesamt-1-80x60.jpg 80w\" sizes=\"(max-width: 800px) 100vw, 800px\" \/><\/figure><\/div>\n\n\n\n<p>Zum zehnten Mal sind Ehrenamtspreise an Organisationen, Vereine oder Personen aus dem Rhein-Pfalz-Kreis \u00fcbergeben worden. Der Preis, der eigentlich alle zwei Jahre vergeben wird, konnte pandemiebedingt letztes Jahr nicht ausgeschrieben werden. Der Rhythmus hat sich daher einmalig um ein Jahr verschoben.<\/p>\n\n\n\n<p>Die Preistr\u00e4ger haben sich durch ein besonderes ehrenamtliches Engagement in den vergangenen drei Jahren ausgezeichnet und in dieser Zeit projektbezogen gewirkt. Die offizielle \u00dcbergabe der Preise erfolgte am Donnerstag, dem 31. M\u00e4rz 2022, im Vereinsheim Berghausen, bei der die Preistr\u00e4ger ihre Projekte vorstellten. Bei den teilweise emotionalen Reden der Ehrenamtlichen ist deutlich geworden, mit wieviel Herzblut die Verantwortlichen ihre Projekte betreiben. Respekt vor so viel Engagement!<\/p>\n\n\n\n<div class=\"wp-block-image\"><figure class=\"aligncenter size-full\"><img decoding=\"async\" loading=\"lazy\" width=\"800\" height=\"699\" src=\"https:\/\/speyer24news.com\/wp-content\/uploads\/2022\/04\/Ehrenamtspreistraeger-Berghausen-1.-Preis.jpg\" alt=\"\" class=\"wp-image-44217\" srcset=\"https:\/\/speyer24news.com\/wp-content\/uploads\/2022\/04\/Ehrenamtspreistraeger-Berghausen-1.-Preis.jpg 800w, https:\/\/speyer24news.com\/wp-content\/uploads\/2022\/04\/Ehrenamtspreistraeger-Berghausen-1.-Preis-300x262.jpg 300w, https:\/\/speyer24news.com\/wp-content\/uploads\/2022\/04\/Ehrenamtspreistraeger-Berghausen-1.-Preis-768x671.jpg 768w\" sizes=\"(max-width: 800px) 100vw, 800px\" \/><\/figure><\/div>\n\n\n\n<p>\u00dcber 500 Euro freute sich die dritte Platzierung, <strong>Gabriele Hilf mit WUNDERbar g.V.<\/strong> f\u00fcr Mut-Mach-Shirts f\u00fcr Kinder (vertreten durch Sigrid B\u00e4r). Den zweiten Preis erhielt der <strong>Verein f\u00fcr Geschichte und Kultur Maxdorf 2010 e.V.<\/strong> mit 1.000 Euro f\u00fcr das Einrichten eines Geschichts-Archivs in Maxdorf, Erstellen eines Lageplans der alten Grabplatten\/Grabsteine des Maxdorfer Friedhofes, Erstellen einer Aufstellung von Kunstwerken f\u00fcr das Gemeindegebiet Maxdorf und Erinnerungstafeln. Der erste Preis ging an den <strong>FV Berghausen \u2013 Abteilung FVB.hilft,<\/strong> dotiert mit 1.500 Euro, f\u00fcr vorbildliche Nachbarschaftshilfe in der Pandemie.<\/p>\n\n\n\n<div class=\"wp-block-image\"><figure class=\"aligncenter size-full\"><img decoding=\"async\" loading=\"lazy\" width=\"800\" height=\"663\" src=\"https:\/\/speyer24news.com\/wp-content\/uploads\/2022\/04\/Ehrenamtspreistraeger-Maxdorf-2.-Preis.jpg\" alt=\"\" class=\"wp-image-44218\" srcset=\"https:\/\/speyer24news.com\/wp-content\/uploads\/2022\/04\/Ehrenamtspreistraeger-Maxdorf-2.-Preis.jpg 800w, https:\/\/speyer24news.com\/wp-content\/uploads\/2022\/04\/Ehrenamtspreistraeger-Maxdorf-2.-Preis-300x249.jpg 300w, https:\/\/speyer24news.com\/wp-content\/uploads\/2022\/04\/Ehrenamtspreistraeger-Maxdorf-2.-Preis-768x636.jpg 768w\" sizes=\"(max-width: 800px) 100vw, 800px\" \/><\/figure><\/div>\n\n\n\n<p>Insgesamt wurden 7 Bewerbungen in der Kreisverwaltung eingereicht. Nach einer Vorauswahl der Jury hat der Kreistag drei Organisationen und Personen den Ehrenamtspreis aus dem Landkreis zugesprochen. \u201eDas war mal wieder keine leichte Entscheidung der Jury. Alle Projekte h\u00e4tten einen Preis verdient, aber wir m\u00fcssen eine Auswahl treffen. Das Ehrenamt ist eine wichtige St\u00fctze unserer Gesellschaft. Auch bei uns im Landkreis leisten viele Ehrenamtliche zahlreiche Stunden unentgeltlich in den Vereinen, Institutionen und Organisationen, die Landkreis und Gemeinden einfach nicht leisten k\u00f6nnen. F\u00fcr diesen vorbildlichen Einsatz m\u00f6chten wir uns mit der Vergabe des Ehrenamtspreises bedanken und das ehrenamtliche Engagement anerkennen\u201c, erl\u00e4uterte Landrat und Vorsitzender der Jury Clemens K\u00f6rner die Entscheidung.<\/p>\n\n\n\n<div class=\"wp-block-image\"><figure class=\"aligncenter size-full\"><img decoding=\"async\" loading=\"lazy\" width=\"500\" height=\"626\" src=\"https:\/\/speyer24news.com\/wp-content\/uploads\/2022\/04\/Ehrenamtspreistraeger-Da-Schau-3.-Preis.jpg\" alt=\"\" class=\"wp-image-44216\" srcset=\"https:\/\/speyer24news.com\/wp-content\/uploads\/2022\/04\/Ehrenamtspreistraeger-Da-Schau-3.-Preis.jpg 500w, https:\/\/speyer24news.com\/wp-content\/uploads\/2022\/04\/Ehrenamtspreistraeger-Da-Schau-3.-Preis-240x300.jpg 240w\" sizes=\"(max-width: 500px) 100vw, 500px\" \/><\/figure><\/div>\n\n\n\n<h3 class=\"wp-block-heading\">Der Ehrenamtspreis des Rhein-Pfalz-Kreises<\/h3>\n\n\n\n<p>Mit dem Ehrenamtspreis m\u00f6chte der Rhein-Pfalz-Kreis seit 2001 alle zwei Jahre das b\u00fcrgerliche Engagement f\u00f6rdern und unterst\u00fctzen. Geehrt werden k\u00f6nnen Einzelpersonen, Initiativen und Gruppen, die in besonders anzuerkennender Weise auf wirtschaftlichem, kulturellem oder sozialem Gebiet zum Wohl des Rhein-Pfalz-Kreises, seiner Einrichtungen und Einwohner gewirkt haben. Ein besonderes Augenmerk wird auf die ehrenamtliche Arbeit in Kindertagesst\u00e4tten und Schulen gelegt. Voraussetzung f\u00fcr eine Ehrung ist, dass die ehrenamtliche Leistung innerhalb des 2-Jahres-Zeitraums im Gebiet des Rhein-Pfalz-Kreises erbracht wurde. Vorschlagsberechtigt ist jede Person. \u00dcber die Vergabe des Ehrenamtspreises entscheidet der Kreistag nach einer Vorauswahl durch eine Jury unter Vorsitz von Landrat Clemens K\u00f6rner. Die Preise sollen zweckgebunden f\u00fcr weitere Projekte verwendet werden.<\/p>\n\n\n\n<p><em>Kreisverwaltung Rhein-Pfalz-Kreis<br>04.04.2022<\/em><\/p>\n\n\n\n<h2 class=\"wp-block-heading\">Neuer Flyer \u201ePf\u00e4lzer Spargelgenuss\u201c \u2013 Angebote rund um das \u201ewei\u00dfe Gold\u201c im Rhein-Pfalz-Kreis und im Landkreis Germersheim<\/h2>\n\n\n\n<div class=\"wp-block-image\"><figure class=\"aligncenter size-full\"><img decoding=\"async\" loading=\"lazy\" width=\"500\" height=\"1017\" src=\"https:\/\/speyer24news.com\/wp-content\/uploads\/2022\/04\/Spargelfyer2022-final_titel.jpg\" alt=\"\" class=\"wp-image-44214\" srcset=\"https:\/\/speyer24news.com\/wp-content\/uploads\/2022\/04\/Spargelfyer2022-final_titel.jpg 500w, https:\/\/speyer24news.com\/wp-content\/uploads\/2022\/04\/Spargelfyer2022-final_titel-147x300.jpg 147w\" sizes=\"(max-width: 500px) 100vw, 500px\" \/><\/figure><\/div>\n\n\n\n<p>Rechtzeitig vor dem Start der Spargelsaison 2022 informieren die Tourismusvereine der Landkreise Rhein-Pfalz-Kreis und Germersheim \u00fcber die Angebote rund um das \u201ewei\u00dfe Gold\u201c.<\/p>\n\n\n\n<p>Auf einer \u00dcbersichtskarte sind wieder insgesamt 24 Erzeugerbetriebe in beiden Landkreisen dargestellt, die das k\u00f6stliche Gem\u00fcse w\u00e4hrend der Saison t\u00e4glich frisch ab Hof anbieten. Und wer den passenden Wein oder Schinken zu seinem Spargelgericht sucht, wird bei den aufgef\u00fchrten Weing\u00fctern sowie Metzgereien garantiert f\u00fcndig. Da kann man sich schon jetzt auf die Spargelzeit freuen.<\/p>\n\n\n\n<p>Dar\u00fcber hinaus gibt es eine \u00dcbersicht \u00fcber besondere Veranstaltungen rund um den Spargel.<\/p>\n\n\n\n<p>Spargelbuffets und besondere Spargelkreationen bieten der Hofmarkt Zapf und Koch\u2019s Restaurant in Kandel, Z\u00fcrkers Hofsch\u00e4nke in Dudenhofen, das Hotel Darstein in Altrip, das Restaurant Ebnet in Mutterstadt sowie das Restaurant Sembries in Dudenhofen. Beim Spargelkochkurs in der 1A Kochschule in Bellheim werden verschiedene Spargelvariationen gemeinsam zubereitet und verkostet.&nbsp;<\/p>\n\n\n\n<p>Die Ortsgemeinde Dudenhofen und ortsans\u00e4ssige Vereine bieten an den Sonntagen ab 24. April wieder das traditionelle Spargelessen in der Festhalle in Dudenhofen an.<\/p>\n\n\n\n<p>Und wer mit dem Fahrrad auf Spargeltour gehen m\u00f6chte, ist in der Pf\u00e4lzer Rheinebene, dem Gem\u00fcsegarten Deutschlands, genau richtig. Unsere Genie\u00dferrouten laden auch in der Spargelzeit ein, den Genuss mit der Bewegung an der frischen Luft zu kombinieren. Genussradler finden neben dem Kraut- und R\u00fcbenradweg, dem Riesling-Zander-Radweg, der Hof-zu-Hof Tour oder dem Radweg vom Rhein zum Wein weitere Genussrouten im Rhein-Pfalz-Kreis und dem Landkreis Germersheim. Einfach den Markierungen folgen und von dieser genussreichen Region \u00fcberzeugen.<\/p>\n\n\n\n<p>Diese und viele weitere Touren sind in der Radkarte Pfalz \u2013 Tourentipps &amp; Ladestationen \u2013 dargestellt. Diese sowie der Spargelflyer gibt es ab sofort kostenlos beim Tourismusverein Rhein-Pfalz-Kreis e.V. (0621\/5909-4140, <a href=\"mailto:info@rhein-pfalz-aktiv.de\">info@rhein-pfalz-aktiv.de<\/a>) und dem S\u00fcdpfalz-Tourismus Landkreis Germersheim e.V. (07274\/53-300, <a href=\"mailto:info@suedpfalz-tourismus.de\">info@suedpfalz-tourismus.de<\/a>), sowie als digitales PDF-Dokument auf den Webseiten <a href=\"http:\/\/www.rhein-pfalz-aktiv.de\">www.rhein-pfalz-aktiv.de<\/a> und <a href=\"http:\/\/www.suedpfalz-tourismus.de\">www.suedpfalz-tourismus.de<\/a>.<\/p>\n\n\n\n<p><em>Kreisverwaltung Rhein-Pfalz-Kreis<br>31.03.2022<\/em><\/p>\n\n\n\n<h1 class=\"has-text-align-center wp-block-heading\">Kurse der Kreisvolkshochschule (KVHS)<\/h1>\n\n\n\n<div class=\"wp-block-image\"><figure class=\"aligncenter size-full\"><img decoding=\"async\" loading=\"lazy\" width=\"640\" height=\"295\" src=\"https:\/\/speyer24news.com\/wp-content\/uploads\/2020\/03\/VHS-1.png\" alt=\"\" class=\"wp-image-25692\" srcset=\"https:\/\/speyer24news.com\/wp-content\/uploads\/2020\/03\/VHS-1.png 640w, https:\/\/speyer24news.com\/wp-content\/uploads\/2020\/03\/VHS-1-300x138.png 300w\" sizes=\"(max-width: 640px) 100vw, 640px\" \/><\/figure><\/div>\n\n\n\n<h2 class=\"wp-block-heading\">Wie kann ich meine mentale Widerstandskraft im Alltag steigern?<\/h2>\n\n\n\n<p><strong>Schifferstadt &#8211;<\/strong> Viele von uns haben in den vergangenen Monaten konkret erlebt, wie schnell es im Leben zu Krisen und erh\u00f6hten Belastungen kommen kann. Das Leben stellt jedem einzelnen von uns tagt\u00e4glich neue Aufgaben, die wir nicht immer beeinflussen k\u00f6nnen. Wie wir mit diesen Herausforderungen aber umgehen, haben wir selbst in der Hand. Wie sieht es mit der eigenen pers\u00f6nlichen Resilienz \u2013 mit der pers\u00f6nlichen inneren St\u00e4rke aus, um in belastenden Situation widerstandsf\u00e4hig zu sein und zu bleiben?<\/p>\n\n\n\n<p>Wer neugierig darauf ist, was Resilienz bedeutet und was wir tun k\u00f6nnen, um gut f\u00fcr uns zu sorgen, dem bietet ein Seminar der Volkshochschule des Rhein-Pfalz-Kreises am <strong>23. April 2022<\/strong> im Bildungszentrum Schifferstadt von 10 bis 15:30 Uhr einen Mix aus Information, Diskussion und Selbsterfahrung. Ziel des Tages ist, das pers\u00f6nliche Bewusstsein zu st\u00e4rken und erste neue Impulse mitzunehmen, um die pers\u00f6nliche Widerstandskraft praktisch zu st\u00e4rken.<\/p>\n\n\n\n<p>Die Referentin ist zertifizierter Coach und Trainerin f\u00fcr Resilienz. Wer m\u00f6chte, kann das Thema am <strong>14. Mai<\/strong> ebenfalls im Bildungszentrum in Schifferstadt noch vertiefen.<\/p>\n\n\n\n<p>Die Geb\u00fchr betr\u00e4gt zwischen 53 und 24 Euro und richtet sich nach der Anzahl der Teilnehmenden. Anmeldungen sind online unter <a href=\"http:\/\/www.vhs-rpk.de\">www.vhs-rpk.de<\/a> (Kursnummer G106018S01) oder bei der \u00f6rtlichen Volkshochschule Schifferstadt (E-Mail <a href=\"mailto:vhs@schifferstadt.de\">vhs@schifferstadt.de<\/a> oder unter 06235 44 302) bis 14. April 2022 m\u00f6glich.<\/p>\n\n\n\n<p><em>Kreisverwaltung Rhein-Pfalz-Kreis \/ Kreisvolkshochschule<br>07.04.2022<\/em><\/p>\n\n\n\n<h2 class=\"wp-block-heading\">Leichter Lernen mit Hirn, Humor und Herz<\/h2>\n\n\n\n<p><strong>Schifferstadt &#8211; <\/strong>Wir alle lernen t\u00e4glich&#8230;in den unterschiedlichsten Bereichen. Nur wissen Sie auch, wie Lernen funktioniert? Wie gelingt Lernen leichter? Am <strong>26. April 2022<\/strong> k\u00f6nnen Interessierte von 18:30 bis 20:30 Uhr bei der Volkshochschule des Rhein-Pfalz-Kreises im Bildungszentrum in Schifferstadt, Neust\u00fcckweg 2 eine &#8222;Gebrauchsanleitung&#8220; f\u00fcr das Gehirn bekommen.<\/p>\n\n\n\n<p>Der Vortrag ist f\u00fcr jeden geeignet, der sich mit dem Thema Lernen auseinandersetzen muss oder will. Das sind z. B. Eltern von schulpflichtigen Kindern ebenso wie Auszubildende, die sich neuen Stoff aneignen m\u00fcssen. Die Teilnehmenden erfahren, wie sie gehirngerecht Lernen, welche Methoden und Techniken es gibt, Dinge besser zu behalten und unter welchen Voraussetzungen das Gehirn aufnahmef\u00e4hig ist.<\/p>\n\n\n\n<p>Die Geb\u00fchr betr\u00e4gt 10 Euro. Anmeldungen sind online unter <a href=\"http:\/\/www.vhs-rpk.de\">www.vhs-rpk.de<\/a> (Kursnummer G105112S01) oder bei der \u00f6rtlichen Volkshochschule Schifferstadt (E-Mail <a href=\"mailto:vhs@schifferstadt.de\">vhs@schifferstadt.de<\/a> oder unter 06235 44 302) m\u00f6glich.<\/p>\n\n\n\n<p><em>Kreisverwaltung Rhein-Pfalz-Kreis \/ Kreisvolkshochschule<br>07.04.2022<\/em><\/p>\n\n\n\n<h2 class=\"wp-block-heading\">Babysitterausbildung<\/h2>\n\n\n\n<p><strong>Schifferstadt &#8211;<\/strong> In Kooperation mit dem Kinderschutzbund bietet die Volkshochschule des Rhein-Pfalz-Kreises am 30. April und 01. Mai 2022 in den R\u00e4umen des Kinderschutzbundes in Schifferstadt, Rehbachstra\u00dfe 4, eine Babysitterausbildung f\u00fcr Jugendliche ab 14 und Erwachsene an.<\/p>\n\n\n\n<p>An diesem Wochenende erhalten die Teilnehmenden Informationen, Anregungen und Tipps f\u00fcr den richtigen Umgang mit Kindern vom Baby bis zum 10-J\u00e4hrigen. Sie erfahren, was es hei\u00dft, Verantwortung f\u00fcr ein Kind in verschiedenen Entwicklungsstufen zu \u00fcbernehmen. Auch Angst, Aggression und Trotz sind ein Thema. Sie lernen die unterschiedlichsten Besch\u00e4ftigungsm\u00f6glichkeiten kennen, erfahren ihre Rechte und Pflichten und \u00fcben Erste-Hilfe-Ma\u00dfnahmen. Nach erfolgreich absolvierter Babysitterausbildung erh\u00e4lt jede\/r Teilnehmende eine Bescheinigung.<\/p>\n\n\n\n<p>Die Kurszeiten sind samstags von 9 bis 15 Uhr und sonntags von 9 bis 12 Uhr. Die Geb\u00fchr betr\u00e4gt 35 Euro ab 8 Teilnehmende bzw. 47 Euro f\u00fcr 6-7 TN.<\/p>\n\n\n\n<p>Anmeldungen sind online unter <a href=\"http:\/\/www.vhs-rpk.de\">www.vhs-rpk.de<\/a> (Kursnummer G105124S01) oder bei der \u00f6rtlichen Volkshochschule Schifferstadt (E-Mail <a href=\"mailto:vhs@schifferstadt.de\">vhs@schifferstadt.de<\/a> oder unter 06235 44 302) m\u00f6glich.<\/p>\n\n\n\n<p><em>Kreisverwaltung Rhein-Pfalz-Kreis \/ Kreisvolkshochschule<br>07.04.2022<\/em><\/p>\n\n\n\n<h2 class=\"wp-block-heading\">L&#8217;\u00e9change franco-allemand: ein Austausch mit Franzosen aus der Partnerstadt<\/h2>\n\n\n\n<p><strong>Dudenhofen &#8211;<\/strong> Mainvilliers, eine franz\u00f6sische Partnergemeinde von R\u00f6merberg, sucht den sprachlichen Austausch mit deutschen Sprachlernern, die in ihrem Franz\u00f6sischkurs ebenfalls den Austausch mit &#8222;echten Menschen&#8220; suchen.<\/p>\n\n\n\n<p>In diesem Kurs <strong>ab Montag, 09. Mai 2022<\/strong> um 17:30 Uhr werden in der Realschule plus Dudenhofen verschiedene Kommunikationswege mit der franz\u00f6sischen Gruppe ausprobiert &#8211; Briefe und Postkarten schreiben, ein E-Mail-Austausch, per Telefon oder eine Videokonferenz!<\/p>\n\n\n\n<p>Authentische Sprache in authentischen Situationen! Osez-le et soyez-y!<\/p>\n\n\n\n<p>Vorkenntnisse auf mindestens Stufe A2&nbsp;werden empfohlen.<\/p>\n\n\n\n<p>Es ist keine Voraussetzung aus R\u00f6merberg oder Mitglied des Partnerschaftsvereins zu sein um teilzunehmen! Interesse am Austausch, Kommunikationsbereitschaft und Spa\u00df an der franz\u00f6sischen Sprache sind ausreichend.<\/p>\n\n\n\n<p>Anmeldung bei der Volkshochschule des Rhein-Pfalz-Kreises unter <a href=\"http:\/\/www.vhs-rpk.de\">www.vhs-rpk.de<\/a> (Kurs-Nr. G408299E02).<\/p>\n\n\n\n<p><em>Kreisverwaltung Rhein-Pfalz-Kreis \/ Kreisvolkshochschule<br>05.04.2022<\/em><\/p>\n","protected":false},"excerpt":{"rendered":"<div class=\"mh-excerpt\"><p>Hilfe f\u00fcr die Ukraine &#8211; \u00a0weiterer Transport von Sachspenden an den Partnerlandkreis in Oppeln\/Polen Seit \u00fcber sechs Wochen dauert der Krieg in der Ukraine mit unverminderter H\u00e4rte an und der Strom der gefl\u00fcchteten Menschen aus <a class=\"mh-excerpt-more\" href=\"https:\/\/speyer24news.com\/?p=44213\" title=\"Rhein-Pfalz-Kreis\">[&#8230;]<\/a><\/p>\n<\/div>","protected":false},"author":3,"featured_media":25960,"comment_status":"open","ping_status":"open","sticky":false,"template":"","format":"standard","meta":{"_monsterinsights_skip_tracking":false,"_monsterinsights_sitenote_active":false,"_monsterinsights_sitenote_note":"","_monsterinsights_sitenote_category":0,"footnotes":""},"categories":[1564],"tags":[1032,13795,11885,11886,13797,1664,3856,8577,221,6986,6987,59,1226,13796,427,1565,127,726,13792,13793,459,2582,13794],"aioseo_notices":[],"amp_enabled":true,"_links":{"self":[{"href":"https:\/\/speyer24news.com\/index.php?rest_route=\/wp\/v2\/posts\/44213"}],"collection":[{"href":"https:\/\/speyer24news.com\/index.php?rest_route=\/wp\/v2\/posts"}],"about":[{"href":"https:\/\/speyer24news.com\/index.php?rest_route=\/wp\/v2\/types\/post"}],"author":[{"embeddable":true,"href":"https:\/\/speyer24news.com\/index.php?rest_route=\/wp\/v2\/users\/3"}],"replies":[{"embeddable":true,"href":"https:\/\/speyer24news.com\/index.php?rest_route=%2Fwp%2Fv2%2Fcomments&post=44213"}],"version-history":[{"count":1,"href":"https:\/\/speyer24news.com\/index.php?rest_route=\/wp\/v2\/posts\/44213\/revisions"}],"predecessor-version":[{"id":44221,"href":"https:\/\/speyer24news.com\/index.php?rest_route=\/wp\/v2\/posts\/44213\/revisions\/44221"}],"wp:featuredmedia":[{"embeddable":true,"href":"https:\/\/speyer24news.com\/index.php?rest_route=\/wp\/v2\/media\/25960"}],"wp:attachment":[{"href":"https:\/\/speyer24news.com\/index.php?rest_route=%2Fwp%2Fv2%2Fmedia&parent=44213"}],"wp:term":[{"taxonomy":"category","embeddable":true,"href":"https:\/\/speyer24news.com\/index.php?rest_route=%2Fwp%2Fv2%2Fcategories&post=44213"},{"taxonomy":"post_tag","embeddable":true,"href":"https:\/\/speyer24news.com\/index.php?rest_route=%2Fwp%2Fv2%2Ftags&post=44213"}],"curies":[{"name":"wp","href":"https:\/\/api.w.org\/{rel}","templated":true}]}}