{"id":44268,"date":"2022-04-09T00:20:08","date_gmt":"2022-04-08T23:20:08","guid":{"rendered":"https:\/\/speyer24news.com\/?p=44268"},"modified":"2022-04-11T05:46:11","modified_gmt":"2022-04-11T04:46:11","slug":"personensuche-vermisste-person-6","status":"publish","type":"post","link":"https:\/\/speyer24news.com\/?p=44268","title":{"rendered":"Personensuche \/ Vermisste Person"},"content":{"rendered":"<style type=\"text\/css\">\r\n\t.ads_top_disp{}\r\n\t.ads_top_corner_disp{ float:left; margin:0px 10px 10px 0px; }\r\n\t.ads_first_p_disp{}\r\n\t.ads_bottom_disp{}\r\n\t<\/style>\n<h1 class=\"wp-block-heading\">17-J\u00e4hriger Vermisster aus Dielheim aufgefunden<\/h1>\n\n\n\n<p><strong>(Dielheim \/ Rhein-Neckar-Kreis) &#8211;<\/strong> Der 17-j\u00e4hrige Ben. G wurde am Sonntagnachmittag nach einem Zeugenhinweis lebend aufgefunden. Er wurde zur medizinischen Behandlung in ein Krankenhaus eingeliefert.<\/p>\n\n\n\n<p><em>Polizeipr\u00e4sidium Mannheim<br>10.04.2022<\/em><\/p>\n\n\n\n<h1 class=\"wp-block-heading\">17-J\u00e4hriger aus Dielheim vermisst<\/h1>\n\n\n\n<h2 class=\"wp-block-heading\">Wer hat Ben G. gesehen und kann Hinweise geben?<\/h2>\n\n\n\n<p><strong>(Dielheim \/ Rhein-Neckar-Kreis) &#8211;<\/strong> Seit Mittwoch, den 6. April 2022 wird der 17-j\u00e4hrige Ben G. aus Dielheim vermisst. Er wurde zuletzt beim Verlassen seiner Wohnanschrift gesehen und ist seither unbekannten Aufenthalts. Ben G. befindet sich in einer psychischen Ausnahmesituation \u2013 es ist daher nicht auszuschlie\u00dfen, dass er sich in hilfloser Lage befindet.<\/p>\n\n\n\n<p><strong>Als weiterer m\u00f6glicher Hinwendungsort kommt der Gro\u00dfraum Speyer (Rheinland-Pfalz) in Frage<\/strong>.<\/p>\n\n\n\n<h3 class=\"wp-block-heading\">Personenbeschreibung:<\/h3>\n\n\n\n<ul><li><strong>m\u00e4nnlich<\/strong><\/li><li><strong>ca. 170 cm gro\u00df<\/strong><\/li><li><strong>ca.50 kg<\/strong><\/li><li><strong>braune struppelige Haare sowie braune Augen<\/strong><\/li><li><strong>Brillentr\u00e4ger<\/strong><\/li><\/ul>\n\n\n\n<p>Die Kriminalpolizeidirektion Heidelberg hat die Fahndung nach dem Vermissten aufgenommen. Eine \u00dcberpr\u00fcfung aller bekannten Hinwendungsorte sowie eine sofort eingeleitete Fahndung f\u00fchrten bislang nicht zum Auffinden von Ben G.<\/p>\n\n\n\n<p>Zeugen, die den Vermissten gesehen haben oder Hinweise zum Aufenthaltsort von Ben G. geben k\u00f6nnen, werden gebeten, sich unter der Tel.: 0621\/174-4444 an das kriminalpolizeiliche Hinweistelefon oder unter der Tel.: 110 an den Polizeinotruf zu wenden. Zudem nimmt auch jede andere Polizeidienststelle Hinweise entgegen.<\/p>\n\n\n\n<p><em>Polizeipr\u00e4sidium Mannheim<br>07.04.2022<\/em><\/p>\n","protected":false},"excerpt":{"rendered":"<div class=\"mh-excerpt\"><p>17-J\u00e4hriger Vermisster aus Dielheim aufgefunden (Dielheim \/ Rhein-Neckar-Kreis) &#8211; Der 17-j\u00e4hrige Ben. G wurde am Sonntagnachmittag nach einem Zeugenhinweis lebend aufgefunden. Er wurde zur medizinischen Behandlung in ein Krankenhaus eingeliefert. Polizeipr\u00e4sidium Mannheim10.04.2022 17-J\u00e4hriger aus Dielheim <a class=\"mh-excerpt-more\" href=\"https:\/\/speyer24news.com\/?p=44268\" title=\"Personensuche \/ Vermisste Person\">[&#8230;]<\/a><\/p>\n<\/div>","protected":false},"author":3,"featured_media":29028,"comment_status":"open","ping_status":"open","sticky":false,"template":"","format":"standard","meta":{"_monsterinsights_skip_tracking":false,"_monsterinsights_sitenote_active":false,"_monsterinsights_sitenote_note":"","_monsterinsights_sitenote_category":0,"footnotes":""},"categories":[12],"tags":[11397,1881,13137,13261,103,6,1117,12342,13830,13264,12343,12341],"aioseo_notices":[],"amp_enabled":true,"_links":{"self":[{"href":"https:\/\/speyer24news.com\/index.php?rest_route=\/wp\/v2\/posts\/44268"}],"collection":[{"href":"https:\/\/speyer24news.com\/index.php?rest_route=\/wp\/v2\/posts"}],"about":[{"href":"https:\/\/speyer24news.com\/index.php?rest_route=\/wp\/v2\/types\/post"}],"author":[{"embeddable":true,"href":"https:\/\/speyer24news.com\/index.php?rest_route=\/wp\/v2\/users\/3"}],"replies":[{"embeddable":true,"href":"https:\/\/speyer24news.com\/index.php?rest_route=%2Fwp%2Fv2%2Fcomments&post=44268"}],"version-history":[{"count":4,"href":"https:\/\/speyer24news.com\/index.php?rest_route=\/wp\/v2\/posts\/44268\/revisions"}],"predecessor-version":[{"id":44354,"href":"https:\/\/speyer24news.com\/index.php?rest_route=\/wp\/v2\/posts\/44268\/revisions\/44354"}],"wp:featuredmedia":[{"embeddable":true,"href":"https:\/\/speyer24news.com\/index.php?rest_route=\/wp\/v2\/media\/29028"}],"wp:attachment":[{"href":"https:\/\/speyer24news.com\/index.php?rest_route=%2Fwp%2Fv2%2Fmedia&parent=44268"}],"wp:term":[{"taxonomy":"category","embeddable":true,"href":"https:\/\/speyer24news.com\/index.php?rest_route=%2Fwp%2Fv2%2Fcategories&post=44268"},{"taxonomy":"post_tag","embeddable":true,"href":"https:\/\/speyer24news.com\/index.php?rest_route=%2Fwp%2Fv2%2Ftags&post=44268"}],"curies":[{"name":"wp","href":"https:\/\/api.w.org\/{rel}","templated":true}]}}