{"id":44355,"date":"2022-04-11T06:00:14","date_gmt":"2022-04-11T05:00:14","guid":{"rendered":"https:\/\/speyer24news.com\/?p=44355"},"modified":"2022-04-11T06:00:18","modified_gmt":"2022-04-11T05:00:18","slug":"polizei-776","status":"publish","type":"post","link":"https:\/\/speyer24news.com\/?p=44355","title":{"rendered":"Polizei"},"content":{"rendered":"<style type=\"text\/css\">\r\n\t.ads_top_disp{}\r\n\t.ads_top_corner_disp{ float:left; margin:0px 10px 10px 0px; }\r\n\t.ads_first_p_disp{}\r\n\t.ads_bottom_disp{}\r\n\t<\/style>\n<h2 class=\"wp-block-heading\">Polizeimeldungen vom Sonntag (10.04.2022)<\/h2>\n\n\n\n<div class=\"wp-block-image\"><figure class=\"aligncenter size-full\"><img decoding=\"async\" loading=\"lazy\" width=\"375\" height=\"500\" src=\"https:\/\/speyer24news.com\/wp-content\/uploads\/2022\/03\/Aktuelles-Polizeilogo.jpg\" alt=\"\" class=\"wp-image-43591\" srcset=\"https:\/\/speyer24news.com\/wp-content\/uploads\/2022\/03\/Aktuelles-Polizeilogo.jpg 375w, https:\/\/speyer24news.com\/wp-content\/uploads\/2022\/03\/Aktuelles-Polizeilogo-225x300.jpg 225w\" sizes=\"(max-width: 375px) 100vw, 375px\" \/><\/figure><\/div>\n\n\n\n<h2 class=\"wp-block-heading\">(Speyer) &#8211; Bei der Fr\u00fchjahrsmesse mit Bet\u00e4ubungsmittel aufgefallen<\/h2>\n\n\n\n<p>Am Abend des 09.04.22 tat sich ein 19-J\u00e4hriger aus Speyer auf der Fr\u00fchjahrsmesse durch diverse P\u00f6beleien hervor. Bei der daraus resultierenden Kontrolle durch die Polizei, konnte bei ihm Bet\u00e4ubungsmittel aufgefunden werden. Jetzt muss er sich wegen Versto\u00df gegen das Bet\u00e4ubungsmittelgesetz strafrechtlich verantworten.<\/p>\n\n\n\n<h2 class=\"wp-block-heading\">(Speyer) &#8211; T\u00e4terfestnahme nach Diebstahl von Parf\u00fcm<\/h2>\n\n\n\n<p>Am Nachmittag des 09.04.2022, kurz vor 16:00, Uhr entwendeten zwei T\u00e4ter in einem Kaufhaus in der Maximilianstra\u00dfe in Speyer mehrere Parf\u00fcms. Nach einer fu\u00dfl\u00e4ufigen Flucht, konnten die beiden in der Bahnhofstra\u00dfe festgenommen werden. Dabei konnte Parf\u00fcm im Wert von 450 EUR aufgefunden werden. Nach Durchf\u00fchrung der strafprozessualen Ma\u00dfnahmen, wurden beide wieder entlassen.<\/p>\n\n\n\n<h2 class=\"wp-block-heading\">(Schifferstadt) &#8211; Zeugen gesucht nach versuchtem Einbruchsdiebstahl in Schifferstadt<\/h2>\n\n\n\n<p>Innerhalb von zwei Stunden versuchten unbekannte T\u00e4ter sich Zutritt zu einem Grundst\u00fcck im Bereich der Stra\u00dfe &#8222;Am Wasserturm&#8220; in Schifferstadt zu verschaffen. Der Eigent\u00fcmer verlie\u00df am Donnerstag, dem 07.04.22, gegen 09:00 Uhr sein Anwesen und musste bei seiner R\u00fcckkehr gegen 11:00 Uhr feststellen, dass versucht wurde sein Gartentor auszuh\u00e4ngen. Da sich das Tor verkeilte, gelang es dem\/den T\u00e4ter\/n nicht das Grundst\u00fcck zu betreten. Zeugen, die Hinweise geben k\u00f6nnen, werden gebeten, sich mit der Polizeiinspektion Schifferstadt unter 06235 495-0 oder unter\u00a0<a href=\"mailto:pischifferstadt@polizei.rlp.de\">pischifferstadt@polizei.rlp.de<\/a>\u00a0in Verbindung zu setzen.<\/p>\n\n\n\n<h2 class=\"wp-block-heading\">(A 65 \/ Landau-S\u00fcd) &#8211; Verkehrsunfall mit schwerverletzter Person<\/h2>\n\n\n\n<div class=\"wp-block-image\"><figure class=\"aligncenter size-full\"><img decoding=\"async\" loading=\"lazy\" width=\"800\" height=\"600\" src=\"https:\/\/speyer24news.com\/wp-content\/uploads\/2022\/04\/1-1.jpg\" alt=\"\" class=\"wp-image-44356\" srcset=\"https:\/\/speyer24news.com\/wp-content\/uploads\/2022\/04\/1-1.jpg 800w, https:\/\/speyer24news.com\/wp-content\/uploads\/2022\/04\/1-1-300x225.jpg 300w, https:\/\/speyer24news.com\/wp-content\/uploads\/2022\/04\/1-1-768x576.jpg 768w, https:\/\/speyer24news.com\/wp-content\/uploads\/2022\/04\/1-1-678x509.jpg 678w, https:\/\/speyer24news.com\/wp-content\/uploads\/2022\/04\/1-1-326x245.jpg 326w, https:\/\/speyer24news.com\/wp-content\/uploads\/2022\/04\/1-1-80x60.jpg 80w\" sizes=\"(max-width: 800px) 100vw, 800px\" \/><\/figure><\/div>\n\n\n\n<p>Am 10.04.2022 befuhr gegen 04:30 Uhr ein 28-J\u00e4hriger Mann mit seinem Pkw die A65 in Fahrtrichtung Karlsruhe. An der Anschlussstelle Landau S\u00fcd kam er aus bislang ungekl\u00e4rter Ursache von der Fahrbahn ab und kollidierte mit einem Baum. Der lebensgef\u00e4hrlich verletzte Fahrer konnte durch die Rettungskr\u00e4fte aus seinem Fahrzeug geborgen werden. Die Anschlussstelle musste zur Unfallaufnahme f\u00fcr ca. vier Stunden gesperrt werden. Die Feuerwehr war mit drei Fahrzeugen und mit 23 Einsatzkr\u00e4ften vor Ort. Zur Kl\u00e4rung des Unfallherganges wurde auf Anordnung der Staatsanwaltschaft ein Gutachter beauftragt. Die Ermittlungen dauern an.<\/p>\n\n\n\n<h2 class=\"wp-block-heading\">(Neustadt) &#8211; Diebstahl von Geldb\u00f6rse, Zeugen gesucht<\/h2>\n\n\n\n<p>Am 09.04.2022 gegen 08:00 Uhr hielt sich eine 52-j\u00e4hrige Frau aus Neustadt in einer Bank in der Friedrichstra\u00dfe in 67433 Neustadt\/W. auf um Geld abzuheben. Bereits im Eingangsbereich der Bankfiliale entnahm sie ihre EC-Karte aus der Geldb\u00f6rse und verstaute diese mutma\u00dflich wieder. Nachdem sie ihre Bankgesch\u00e4fte erledigt hatte und ihre EC-Karte wegstecken wollte, stellte sie das Fehlen ihres roten Geldbeutels fest. Im Eingangsbereich wurde sie von einem bislang unbekannten Zeugen darauf hingewiesen, dass eine blonde Frau (ca. 60 Jahre alt) einen roten Gegenstand aufgehoben habe und anschlie\u00dfend davongelaufen sei. Die vermeintliche T\u00e4terin konnte nicht mehr angetroffen werden. In der Geldb\u00f6rse befanden sich neben ca. 10 Euro Bargeld, diverse Bank-und Krankenkarten der Gesch\u00e4digten.<\/p>\n\n\n\n<p>Zeugen der Tat werden gebeten, sich mit der Polizeiinspektion Neustadt\/W. telefonisch unter der 06321-8540 oder per E-Mail:&nbsp;<a href=\"mailto:pineustadt@polizei.rlp.de\">pineustadt@polizei.rlp.de<\/a>&nbsp;in Verbindung zu setzen.<\/p>\n\n\n\n<h2 class=\"wp-block-heading\">(Neustadt) &#8211; Schneegl\u00e4tte f\u00fchrt zu Unfall \/ Zwei verletzte Personen<\/h2>\n\n\n\n<p>In den fr\u00fchen Morgenstunden des 09.04.2022 befuhr eine 22-j\u00e4hrige Neustadterin die Bundesstra\u00dfe 39 in Fahrtrichtung Speyer. Hierbei \u00fcberholte diese ein Fahrzeug. Beim Wiedereinordnen kam die Fahrzeugf\u00fchrerin aufgrund der vorherrschenden Witterung (Schneegl\u00e4tte) ins Schleudern, verlor die Kontrolle \u00fcber ihr Fahrzeug und kollidierte im Anschluss mit einem am Fahrbahnrand stehenden Baum. Die Neustadterin und ihre 30-j\u00e4hrige Beifahrerin aus Neustadt wurden durch das Verkehrsunfallgeschehen leicht verletzt und kamen zwecks weiterer medizinischer Behandlung in ein \u00f6rtliches Krankenhaus. Am unfallbeteiligten Fahrzeug entstand ein wirtschaftlicher Totalschaden.<\/p>\n\n\n\n<h2 class=\"wp-block-heading\">(Meckenheim) &#8211; Verkehrsunfall mit verletztem Fahrradfahrer<\/h2>\n\n\n\n<p>Am Samstag, den 09.04.2022, gg. 18:40 Uhr, \u00fcbersah ein 34j\u00e4hriger PKW-Fahrer aufgrund tief stehender Sonne an der Einm\u00fcndung Bahnhofstra\u00dfe\/Ha\u00dflocher Stra\u00dfe\/Steingasse in Meckenheim einen 65j\u00e4hrigen Fahrradfahrer und missachtete dessen Vorfahrt. Der PKW-Fahrer bog von der Bahnhofstra\u00dfe nach links in die Ha\u00dflocher Stra\u00dfe ein. Der Fahrradfahrer seinerseits wollte von der Steingasse nach links in die Bahnhofstra\u00dfe einbiegen. Im Einm\u00fcndungsbereich kam es zur Kollision der Verkehrsteilnehmer. Bei dem Unfall wurde der Fahrradfahrer mittelschwer verletzt und zur weiteren Untersuchung in ein Krankenhaus gebracht. An dem PKW entstand geringer Sachschaden.<\/p>\n\n\n\n<h2 class=\"wp-block-heading\">(Bad D\u00fcrkheim) &#8211; Unfall verursacht und gefl\u00fcchtet<\/h2>\n\n\n\n<p>Im Zeitraum vom 08.04.2022, 22:00 Uhr bis 09.04.2022, 08:00 Uhr kam es in der Wormser Stra\u00dfe in Bad D\u00fcrkheim zu einer Verkehrsunfallflucht. Ein bislang unbekannter Unfallverursacher besch\u00e4digte beim Vorbeifahren aufgrund ungen\u00fcgenden Sicherheitsabstandes einen ordnungsgem\u00e4\u00df am Stra\u00dfenrand geparkten PKW. Anschlie\u00dfend entfernte sich der Unfallverursacher unerlaubt von der Unfall\u00f6rtlichkeit. Es entstand ein Sachschaden in H\u00f6he von 6000 Euro.<\/p>\n\n\n\n<p>Zum aktuellen Zeitpunkt liegen keine Hinweise auf den fl\u00fcchtigen Fahrer vor. Zeugen des Vorfalls werden gebeten, sich mit der Polizeiinspektion Bad D\u00fcrkheim in Verbindung zu setzen.<\/p>\n\n\n\n<h2 class=\"wp-block-heading\">(Kleinniedesheim) &#8211; Unfall verursacht: 2.500 Euro Schaden und niemand war verantwortlich<\/h2>\n\n\n\n<p>Mit einem Blumenk\u00fcbel und einer Regenrinne kollidiert und anschlie\u00dfend von der Unfallstelle gefl\u00fcchtet ist ein bislang unbekannter Fahrzeugf\u00fchrer am Samstagabend gegen 21:00 Uhr. Bei der Unfallaufnahme in der Bobenheimer Stra\u00dfe konnten die Beamten ein Kennzeichen auffinden, das wom\u00f6glich mit dem Verkehrsunfall in Verbindung steht. Die Ermittlungen bei dem Halter des Fahrzeugs verliefen jedoch zum aktuellen Zeitpunkt nicht zielf\u00fchrend. Die Polizei bittet daher um Zeugenhinweise: Wer kann Angaben zu dem Unfallhergang, den Insassen oder dem Fahrzeug machen?<\/p>\n\n\n\n<p>Zeugen werden gebeten sich an die Polizeiinspektion Frankenthal unter der Tel.-Nr.: 06233\/313-0 oder an die Polizeiwache Maxdorf unter der Tel.-Nr.: 06237\/934-1100 zu wenden. Gerne nehmen wir Ihre Hinweise auch per E-Mail unter\u00a0<a href=\"mailto:pifrankenthal@polizei.rlp.de\">pifrankenthal@polizei.rlp.de<\/a>\u00a0entgegen.<\/p>\n\n\n\n<h2 class=\"wp-block-heading\">(Frankenthal) &#8211; Wenn schon, denn schon<\/h2>\n\n\n\n<p>Bei einem Ladendiebstahl erwischt und anschlie\u00dfend von der Polizei durchsucht wurde ein 29-J\u00e4hriger am Samstagabend von der Polizei. Hierbei fanden die Beamten zus\u00e4tzlich eine geringe Menge Cannabis. Wegen des Diebstahls der Socken aus einem Gesch\u00e4ft in der Wormser Stra\u00dfe und dem Auffinden von Bet\u00e4ubungsmitteln erwarten ihn nun Anzeigen. Zur Durchf\u00fchrung des Strafverfahrens wurde daher eine Sicherheitsleistung in H\u00f6he von 100 Euro erhoben.<\/p>\n\n\n\n<h2 class=\"wp-block-heading\">(Frankenthal) &#8211; Ohne Kennzeichen und ohne Fahrerlaubnis unterwegs<\/h2>\n\n\n\n<p>Nicht angebrachte Kennzeichen an einem Kleinkraftrad und ein gutes Auge der Polizeibeamten f\u00fchrten zu keinem guten Ende f\u00fcr einen 20-j\u00e4hrigen Frankenthaler. Dieser kam der Streife am Samstagnachmittag auf dem R\u00f6ntgenplatz entgegen. Durch einen Blick in den R\u00fcckspiegel fiel den Beamten auf, dass an dem Kleinkraftrad kein Kennzeichen angebracht war. Bei der anschlie\u00dfend durchgef\u00fchrten Verkehrskontrolle r\u00e4umte der 20-J\u00e4hrige ein, keinen F\u00fchrerschein zu besitzen. Ihn erwarten nun Anzeigen wegen des Verdachts des Fahrens ohne Fahrerlaubnis sowie des Versto\u00dfes gegen das Pflichtversicherungsgesetz.<\/p>\n\n\n\n<h2 class=\"wp-block-heading\">(Ludwigshafen Ruchheim) &#8211; Illegaler Bus bef\u00f6rdert 10.000 Euro und gesuchte Personen<\/h2>\n\n\n\n<div class=\"wp-block-image\"><figure class=\"aligncenter size-full\"><img decoding=\"async\" loading=\"lazy\" width=\"800\" height=\"600\" src=\"https:\/\/speyer24news.com\/wp-content\/uploads\/2022\/04\/Presse.jpg\" alt=\"\" class=\"wp-image-44357\" srcset=\"https:\/\/speyer24news.com\/wp-content\/uploads\/2022\/04\/Presse.jpg 800w, https:\/\/speyer24news.com\/wp-content\/uploads\/2022\/04\/Presse-300x225.jpg 300w, https:\/\/speyer24news.com\/wp-content\/uploads\/2022\/04\/Presse-768x576.jpg 768w, https:\/\/speyer24news.com\/wp-content\/uploads\/2022\/04\/Presse-678x509.jpg 678w, https:\/\/speyer24news.com\/wp-content\/uploads\/2022\/04\/Presse-326x245.jpg 326w, https:\/\/speyer24news.com\/wp-content\/uploads\/2022\/04\/Presse-80x60.jpg 80w\" sizes=\"(max-width: 800px) 100vw, 800px\" \/><\/figure><\/div>\n\n\n\n<p>In der Nacht zum Montag, den 11.04.2022, fiel einer Streife der Autobahnpolizei in Ruchheim ein Kleinbus auf, der die BAB 61 in Richtung S\u00fcden befuhr und einen PKW auf einem Anh\u00e4nger transportierte. Bei der anschlie\u00dfenden Verkehrskontrolle konnte festgestellt werde, dass der Betreiber des Personen- und G\u00fctertransportunternehmens, welcher eine kleine Reisegruppe samt Gep\u00e4ck von Frankreich nach Moldawien fuhr, keine Lizenz zum Internationalen Personentransport besa\u00df. Im Verlauf der Kontrolle staunten die eingesetzten Beamten nicht schlecht, f\u00fchrte der Unternehmer doch mehr als 10.000 Euro Bargeld in kleinen Scheinen mit sich, f\u00fcr das er keinerlei Erkl\u00e4rung hatte. Zus\u00e4tzlich waren drei der Mitfahrer:innen zur Fahndung ausgeschrieben. Den mitgef\u00fchrten Dokumenten war zu entnehmen, dass die drei Personen nach versagtem Asyl in Deutschland in Frankreich ihr Gl\u00fcck erneut erfolglos versucht hatten und sich nun wieder in Deutschland befanden.<\/p>\n\n\n\n<p>Es wurde eine vierstellige Sicherheitsleistung erhoben. Zwei der drei Mitfahrer:innen wurden nach der Sicherstellung deutscher Dokumente aus der polizeilichen Ma\u00dfnahme entlassen. Der Dritte Fahrgast verblieb im Gewahrsam der Polizei, dieser war zur Abschiebung ausgeschrieben.<\/p>\n\n\n\n<h2 class=\"wp-block-heading\">(Ludwigshafen) &#8211; Oppau Klingelstreiche unter Alkoholeinfluss<\/h2>\n\n\n\n<p>Am 10.04.2022 klingelte ein 17-J\u00e4hriger aus Ludwigshafen gegen 01:03 Uhr im Ludwigshafener Ortsteil Oppau an mehreren Wohnungen, was durch Zeugen beobachtet werden konnte. Der Jugendliche konnte durch die Polizei kontrolliert werden und stimmte hierbei einem freiwilligen Atemalkoholtest zu, der einen Wert von 0,65 Promille ergab. Offenbar durch den Alkohol ermuntert kam der Jugendliche auf die Idee, n\u00e4chtliche Klingelstreiche zu ver\u00fcben.<\/p>\n\n\n\n<h2 class=\"wp-block-heading\">(Ludwigshafen) &#8211; Verkehrskontrollen im Stadtgebiet<\/h2>\n\n\n\n<p>Mit dem Ziel der Verkehrspr\u00e4vention wurden in der Nacht von Samstag auf Sonntag verst\u00e4rkt Verkehrskontrollen im Stadtgebiet durchgef\u00fchrt. Im Rahmen der Kontrollen wurden diverse Verst\u00f6\u00dfe festgestellt. Unter anderem wurden Strafverfahren wegen des Versto\u00dfes gegen das Pflichtversicherungsgesetz, gegen das Kraftfahrzeugsteuergesetz sowie des Fahrens ohne Fahrerlaubnis eingeleitet.<\/p>\n\n\n\n<h2 class=\"wp-block-heading\">(Ludwigshafen) &#8211; Fahren ohne Fahrerlaubnis unter Bet\u00e4ubungsmitteleinfluss<\/h2>\n\n\n\n<p>Im Rahmen einer Verkehrskontrolle im Ludwigshafener Stadtteil S\u00fcd konnte durch die eingesetzten Polizeibeamten erhoben werden, dass der 20-j\u00e4hrige Fahrzeugf\u00fchrer nicht im Besitz einer g\u00fcltigen Fahrerlaubnis war. Auch konnten die Beamten drogentypische Auffallerscheinungen bei dem Mann feststellen. Ein Drogenschnelltest verlief positiv. Dem Mann wurde daraufhin durch einen Arzt eine Blutprobe entnommen. Er muss sich nun in einem Strafverfahren wegen des Fahrens ohne Fahrerlaubnis sowie des F\u00fchrens eines Kraftfahrzeugs unter Bet\u00e4ubungsmitteleinfluss verantworten.<\/p>\n\n\n\n<h2 class=\"wp-block-heading\">(Mannheim) &#8211; Autofahrer mit 1,7 Promille f\u00e4hrt Schlangenlinien<\/h2>\n\n\n\n<p>Am Sonntagmorgen, um 03:15 Uhr, wurde eine Streife des Polizeirevieres Mannheim-Neckarstadt auf der Jungbuschbr\u00fccke auf einen Opel-Fahrer aufmerksam, da dieser mit erheblichen Schlangenlinien gefahren war. Bei der anschlie\u00dfenden Verkehrskontrolle des 26-j\u00e4hrigen Fahrers machte dieser einen sichtlich alkoholisierten Eindruck. Ein Atemalkoholtest ergab einen Alkoholwert von ca. 1,8 Promille. Dem Fahrer wurde daraufhin eine Blutprobe entnommen und sein F\u00fchrerschein wurde einbehalten. Da dieser keinen festen Wohnsitz in Deutschland hat, wurde zus\u00e4tzlich eine Sicherheitsleistung erhoben. Gegen den Mann wird nun wegen Trunkenheit im Verkehr ermittelt.<\/p>\n\n\n\n<h2 class=\"wp-block-heading\">(Heidelberg) &#8211; Alkoholisierter Fahrradfahrer verursacht einen Verkehrsunfall und verletzt sich hierbei<\/h2>\n\n\n\n<p>Zu einem Verkehrsunfall zwischen einem Pkw und einem Fahrradfahrer kam es am Sonntag, um 01.10 Uhr, im Bereich der Altstadt. Ein 21-j\u00e4hriger VW-Fahrer befuhr die die Zwingerstra\u00dfe in Richtung Kettengasse. Im Einm\u00fcndungsbereich der beiden Stra\u00dfen kam es zu einem Zusammensto\u00df, mit einem von links kommenden 24-j\u00e4hrigen Fahrradfahrer. Dieser kam zu Sturz und wurde mit Verdacht auf Sch\u00e4del-Hirn-Trauma in ein nahegelegenes Krankenhaus gebracht. W\u00e4hrend der Unfallaufnahme konnte Alkoholgeruch bei dem Fahrradfahrer festgestellt werden. Ein durchgef\u00fchrter Atemalkoholtest ergab einen Wert von ca. 1,9 Promille. Dem 24-J\u00e4hrigen wurde eine Blutprobe entnommen. Am Pkw entstand ein Schaden von ca. 2.000 Euro. Neben einer Strafanzeige wegen Gef\u00e4hrdung des Stra\u00dfenverkehrs und Trunkenheit im Verkehr erwarten dem Fahrradfahrer auch f\u00fchrerscheinrechtliche Konsequenzen. Der Verkehrsunfall wurde durch das Polizeirevier Heidelberg-Mitte aufgenommen.<\/p>\n\n\n\n<h2 class=\"wp-block-heading\">(Heidelberg) &#8211; Verkehrsunfall mit einem verletzten Beteiligten und erheblichem Sachschaden<\/h2>\n\n\n\n<p>Ein leicht verletzter Autofahrer und erheblicher Sachschaden sind das Ergebnis eines Verkehrsunfalls am Samstagnachmittag gegen 16:00 Uhr. Ein 23-j\u00e4hriger Mann war mit seinem Ford auf der R\u00f6merstra\u00dfe stadteinw\u00e4rts unterwegs. Beim Fahrstreifenwechsel von rechts nach links \u00fcbersah er einen Toyota, welcher in gleiche Richtung fuhr. Die 68-j\u00e4hrige Fahrerin konnte den Zusammensto\u00df nicht mehr verhindern. Beide Fahrzeuge wurden bei dem Unfall erheblich besch\u00e4digt und mussten abgeschleppt werden. Die Fahrerin des Toyota erlitt hierdurch leichte Verletzungen. F\u00fcr die Dauer der Unfallaufnahme musste die Stra\u00dfe f\u00fcr ca. eine Stunde gesperrt werden. Es war ein Gesamtschaden in H\u00f6he von ca. 9.000 Euro entstanden. Der Unfall wurde durch das Polizeirevier Heidelberg-S\u00fcd aufgenommen.<\/p>\n\n\n\n<h2 class=\"wp-block-heading\">(Walldorf \/ Rhein-Neckar-Kreis) &#8211; Drei Verletzte bei Verkehrsunfall auf der BAB 5<\/h2>\n\n\n\n<p>Am Samstagmorgen, gegen 11:00 Uhr, kam es auf der BAB 5 zwischen der Anschlussstelle Kronau und dem Autobahnkreuz Walldorf zu einem Verkehrsunfall mit drei leichtverletzten Person. Ein 34-j\u00e4hriger Fahrer, welcher auf der Autobahn in Richtung Norden unterwegs war, musste auf dem rechten Fahrstreifen seinen Hyundai bis zum Stillstand anhalten, da vor ihm ein 48-j\u00e4hriger VW-Fahrer verkehrsbedingt anhalten musste. Die hinter dem Hyundai fahrende 56-j\u00e4hrige Fahrerin eines Peugeot erkannte dies zu sp\u00e4t und fuhr auf den Hyundai auf. Der 34-j\u00e4hrige Fahrer hatte kurz zuvor die drohende Kollision erkannt und versucht auf die mittlere Spur auszuweichen. Der Unfall konnte jedoch nicht vermieden werden. Nach der Kollision mit dem Hyundai kollidierte der Peugeot mit dem VW. Alle drei Personen wurden in umliegenden Krankenh\u00e4user verbracht. F\u00fcr die Dauer der Unfallaufnahme musste der rechte Fahrstreifen f\u00fcr ca. eine Stunde gesperrt werden. Die verunfallten Fahrzeuge waren nicht mehr fahrbereit und mussten abgeschleppt werden. Der entstandene Gesamtschaden betr\u00e4gt ca. 30.000 Euro. Der Unfall wurde durch den Verkehrsdienst Walldorf aufgenommen.<\/p>\n\n\n\n<h2 class=\"wp-block-heading\">(Dielheim \/ Rhein-Neckar-Kreis) &#8211; 17-J\u00e4hriger Vermisster aus Dielheim aufgefunden<\/h2>\n\n\n\n<h3 class=\"has-text-align-center wp-block-heading\">Pressemeldung Nr. 2<\/h3>\n\n\n\n<p>Der 17-j\u00e4hrige Ben. G wurde am Sonntagnachmittag nach einem Zeugenhinweis lebend aufgefunden. Er wurde zur medizinischen Behandlung in ein Krankenhaus eingeliefert.<\/p>\n\n\n\n<h2 class=\"wp-block-heading\">(Helmstadt-Bargen \/ Rhein-Neckar-Kreis) &#8211; Verkehrsunfall auf B292 zwischen Helmstadt und Aglasterhausen<\/h2>\n\n\n\n<p>Am 09.04.2022 kam es kurz nach 04:00 Uhr morgens auf der B292 in Fahrtrichtung Aglasterhausen kurz vor der Einm\u00fcndung zur K4188 zu einem Verkehrsunfall, bei dem von insgesamt drei Insassen eines Fahrzeuges zwei Personen leicht verletzt wurden. Im Kurvenbereich verlor der 19-j\u00e4hrige Pkw-Fahrer eines Audi die Kontrolle \u00fcber sein Fahrzeug und kollidierte mit der dortigen Leitplanke. Weitere Fahrzeuge waren bei dem Verkehrsunfall nicht beteiligt. Sowohl der Fahrzeugf\u00fchrer als auch eine Beifahrerin wurden hierbei gl\u00fccklicherweise nur leicht verletzt; die dritte Fahrzeuginsassin blieb unverletzt. Der 19-j\u00e4hrige Fahrzeugf\u00fchrer, der vorsorglich in das nahe gelegene Krankenhaus nach Sinsheim gebracht wurde, konnte noch am gleichen Tag nach erfolgter medizinischer Versorgung entlassen werden. Bei dem Fahrzeug entstand ein Sachschaden von ca. 1000EUR.<\/p>\n\n\n\n<p>W\u00e4hrend der Unfallaufnahme vor Ort konnte auf der zweispurigen B292 vom nachfolgenden Verkehr nur eine Fahrspur genutzt werden.<\/p>\n","protected":false},"excerpt":{"rendered":"<div class=\"mh-excerpt\"><p>Polizeimeldungen vom Sonntag (10.04.2022) (Speyer) &#8211; Bei der Fr\u00fchjahrsmesse mit Bet\u00e4ubungsmittel aufgefallen Am Abend des 09.04.22 tat sich ein 19-J\u00e4hriger aus Speyer auf der Fr\u00fchjahrsmesse durch diverse P\u00f6beleien hervor. Bei der daraus resultierenden Kontrolle durch <a class=\"mh-excerpt-more\" href=\"https:\/\/speyer24news.com\/?p=44355\" title=\"Polizei\">[&#8230;]<\/a><\/p>\n<\/div>","protected":false},"author":3,"featured_media":26162,"comment_status":"open","ping_status":"open","sticky":false,"template":"","format":"standard","meta":{"_monsterinsights_skip_tracking":false,"_monsterinsights_sitenote_active":false,"_monsterinsights_sitenote_note":"","_monsterinsights_sitenote_category":0,"footnotes":""},"categories":[12],"tags":[7243,7244,3614,702,61,2555,6955,6986,6263,63,105,11150,6987,53,4854,13534,4683,1548,4905,11592,102,213,13541,55,6368,5261,103,106,2803,2423,427,2625,380,62,104,979,1565],"aioseo_notices":[],"amp_enabled":true,"_links":{"self":[{"href":"https:\/\/speyer24news.com\/index.php?rest_route=\/wp\/v2\/posts\/44355"}],"collection":[{"href":"https:\/\/speyer24news.com\/index.php?rest_route=\/wp\/v2\/posts"}],"about":[{"href":"https:\/\/speyer24news.com\/index.php?rest_route=\/wp\/v2\/types\/post"}],"author":[{"embeddable":true,"href":"https:\/\/speyer24news.com\/index.php?rest_route=\/wp\/v2\/users\/3"}],"replies":[{"embeddable":true,"href":"https:\/\/speyer24news.com\/index.php?rest_route=%2Fwp%2Fv2%2Fcomments&post=44355"}],"version-history":[{"count":1,"href":"https:\/\/speyer24news.com\/index.php?rest_route=\/wp\/v2\/posts\/44355\/revisions"}],"predecessor-version":[{"id":44358,"href":"https:\/\/speyer24news.com\/index.php?rest_route=\/wp\/v2\/posts\/44355\/revisions\/44358"}],"wp:featuredmedia":[{"embeddable":true,"href":"https:\/\/speyer24news.com\/index.php?rest_route=\/wp\/v2\/media\/26162"}],"wp:attachment":[{"href":"https:\/\/speyer24news.com\/index.php?rest_route=%2Fwp%2Fv2%2Fmedia&parent=44355"}],"wp:term":[{"taxonomy":"category","embeddable":true,"href":"https:\/\/speyer24news.com\/index.php?rest_route=%2Fwp%2Fv2%2Fcategories&post=44355"},{"taxonomy":"post_tag","embeddable":true,"href":"https:\/\/speyer24news.com\/index.php?rest_route=%2Fwp%2Fv2%2Ftags&post=44355"}],"curies":[{"name":"wp","href":"https:\/\/api.w.org\/{rel}","templated":true}]}}