{"id":44366,"date":"2022-04-11T21:20:14","date_gmt":"2022-04-11T20:20:14","guid":{"rendered":"https:\/\/speyer24news.com\/?p=44366"},"modified":"2022-04-11T21:24:02","modified_gmt":"2022-04-11T20:24:02","slug":"kirche-103","status":"publish","type":"post","link":"https:\/\/speyer24news.com\/?p=44366","title":{"rendered":"Kirche"},"content":{"rendered":"<style type=\"text\/css\">\r\n\t.ads_top_disp{}\r\n\t.ads_top_corner_disp{ float:left; margin:0px 10px 10px 0px; }\r\n\t.ads_first_p_disp{}\r\n\t.ads_bottom_disp{}\r\n\t<\/style>\n<h2 class=\"wp-block-heading\">Die Karwoche und Ostern am Dom zu Speyer 2022<\/h2>\n\n\n\n<h3 class=\"wp-block-heading\">Gottesdienste mit Bischof Wiesemann und Weihbischof Georgens<\/h3>\n\n\n\n<div class=\"wp-block-image\"><figure class=\"aligncenter size-full\"><img decoding=\"async\" loading=\"lazy\" width=\"800\" height=\"545\" src=\"https:\/\/speyer24news.com\/wp-content\/uploads\/2019\/04\/Osternacht2.jpg\" alt=\"\" class=\"wp-image-12602\" srcset=\"https:\/\/speyer24news.com\/wp-content\/uploads\/2019\/04\/Osternacht2.jpg 800w, https:\/\/speyer24news.com\/wp-content\/uploads\/2019\/04\/Osternacht2-300x204.jpg 300w, https:\/\/speyer24news.com\/wp-content\/uploads\/2019\/04\/Osternacht2-768x523.jpg 768w\" sizes=\"(max-width: 800px) 100vw, 800px\" \/><figcaption>Speyer, Osternacht, die Osterkerze wird angez\u00fcndet.<br><em><em>Foto:<\/em><\/em> <em>\u00a9 Domkapitel Speyer \/ Klaus Landry<\/em><\/figcaption><\/figure><\/div>\n\n\n\n<p><strong>Speyer &#8211;<\/strong>&nbsp;Mit dem&nbsp;<strong>Palmsonntag<\/strong>, der in diesem Jahr auf den&nbsp;<strong>10. April<\/strong>&nbsp;f\u00e4llt, beginnt die Karwoche oder Heilige Woche. Bischof Dr. Karl-Heinz Wiesemann feiert aus diesem Anlass um 10 Uhr ein Pontifikalamt mit Palmenweihe im Dom zu Speyer. Etwas Pflanzengr\u00fcn wird auch auf die Gr\u00e4ber der Kaiser und K\u00f6nige im Dom gelegt \u2013 ein Brauch der bereits f\u00fcr das 15. Jahrhundert dokumentiert ist. Die Dombl\u00e4ser und die Domsingknaben sorgen f\u00fcr den festlichen musikalischen Rahmen des Gottesdienstes.<\/p>\n\n\n\n<p>Am Nachmittag des Palmsonntags bringt die Dommusik die Matth\u00e4us-Passion von Johann Sebastian Bach zur Auff\u00fchrung. Das Konzert beginnt um 16 Uhr in der Ged\u00e4chtniskirche Speyer. Es singen der Konzertchor des M\u00e4dchenchores am Dom zu Speyer, die M\u00e4nnerstimmen der Speyerer Domsingknaben sowie der Domchor Speyer.<\/p>\n\n\n\n<p>In der Karwoche zwischen Palmsonntag und Ostern findet traditionell die Chrisammesse statt. An diesem Tag werden in der Bischofskirche die f\u00fcr die Sakramentenspendung ben\u00f6tigten heiligen \u00d6le geweiht. Die Priester der Di\u00f6zese sind zur Mitfeier eingeladen und nehmen das geweihte&nbsp;\u00d6l f\u00fcr den Gebrauch in ihrer Pfarrei mit. Bischof Wiesemann zelebriert die&nbsp;<strong>Chrisammesse am Montag, 11. April<\/strong>, um 17 Uhr. Die musikalische Gestaltung \u00fcbernimmt der M\u00e4dchenchor am Dom zu Speyer.<\/p>\n\n\n\n<p>Die heiligen drei Tage, das&nbsp;\u201eTriduum Paschale\u201c,&nbsp;beginnen mit dem&nbsp;<strong>Gr\u00fcndonnerstag, dem 14. April<\/strong>. Am Morgen um 8 Uhr feiert das Domkapitel im Dom eine Trauermette, die musikalische Gestaltung \u00fcbernimmt die Schola Cantorum Saliensis. Dem Abendmahlsamt um 19.30 Uhr steht Bischof Dr. Karl-Heinz Wiesemann vor. Es singen der Konzertchor des M\u00e4dchenchores und die M\u00e4nnerstimmen der Domsingknaben. <\/p>\n\n\n\n<p>Am&nbsp;<strong>Karfreitag, 15. April<\/strong>, findet um 8 Uhr eine Trauermette statt. Um 10 Uhr l\u00e4dt die Dompfarrei Pax Christi zu einer Kreuzwegandacht f\u00fcr Kinder in den Dom ein. Es singen die Nachwuchs- und Aufbauch\u00f6re des M\u00e4dchenchores und der Domsingknaben.<\/p>\n\n\n\n<p>Um 15 Uhr beginnt die Karfreitagsliturgie mit Bischof Dr. Karl-Heinz Wiesemann und Weihbischof Otto Georgens, der die Predigt h\u00e4lt. Dieser Gottesdienst ist in seiner Gestaltung einmalig im ganzen Kirchenjahr und folgt einer besonders alten liturgischen Gestaltung. Musikalisch gestaltet wird er vom Domchor, dem Konzertchor des M\u00e4dchenchores und den M\u00e4nnerstimmen der Domsingknaben.<\/p>\n\n\n\n<p>\u00dcberdies kann am Karfreitag in den Beichtst\u00fchlen im n\u00f6rdlichen Seitenschiff zwischen 11 und 13 Uhr und ab 17 Uhr das Sakrament der Vers\u00f6hnung empfangen werden. Zur stillen Besichtigung ist die Kathedrale am Karfreitag ausschlie\u00dflich zwischen 13 und 14 Uhr ge\u00f6ffnet.<\/p>\n\n\n\n<div class=\"wp-block-image\"><figure class=\"aligncenter size-full\"><img decoding=\"async\" loading=\"lazy\" width=\"800\" height=\"586\" src=\"https:\/\/speyer24news.com\/wp-content\/uploads\/2020\/03\/Osterkerze2-by-Landry_m.jpg\" alt=\"\" class=\"wp-image-25557\" srcset=\"https:\/\/speyer24news.com\/wp-content\/uploads\/2020\/03\/Osterkerze2-by-Landry_m.jpg 800w, https:\/\/speyer24news.com\/wp-content\/uploads\/2020\/03\/Osterkerze2-by-Landry_m-300x220.jpg 300w, https:\/\/speyer24news.com\/wp-content\/uploads\/2020\/03\/Osterkerze2-by-Landry_m-768x563.jpg 768w, https:\/\/speyer24news.com\/wp-content\/uploads\/2020\/03\/Osterkerze2-by-Landry_m-80x60.jpg 80w\" sizes=\"(max-width: 800px) 100vw, 800px\" \/><figcaption>Speyer, Dom, die Osterkerze wird, gesegnet von Bischof Karl-Heinz Wiesemann in der Osternacht am Osterfeuer in der Vorhalle entz\u00fcndet und in den dunklen Dom getragen.<br><em><em>Foto:<\/em><\/em> <em>\u00a9 Domkapitel Speyer \/ Klaus Landry<\/em><\/figcaption><\/figure><\/div>\n\n\n\n<p>Das Hochfest der Auferstehung Jesu Christi beginnt mit der&nbsp;<strong>Feier der Osternacht, die am Samstag, 16. April, um 21 Uhr&nbsp;<\/strong>gefeiert wird. Zu Beginn liegt der Dom in v\u00f6lliger Dunkelheit. In der Vorhalle wird das Osterfeuer entz\u00fcndet, bevor mit der Osterkerze und dem Ruf \u201eLumen Christi \u2013 Deo gratias\u201c (Christus, das Licht \u2013 Dank sei Gott) das Licht in die Kathedrale hinein getragen wird. Bischof Dr. Karl-Heinz Wiesemann wird die Osternacht im Dom zelebrieren und dabei zwei erwachsenen Taufbewerbern das Sakrament der Taufe spenden. Der Domchor, der Konzertchor des M\u00e4dchenchores und die M\u00e4nnerstimmen der Domsingknaben sorgen f\u00fcr die feierliche musikalische Gestaltung. In diesem Gottesdienst erklingt auch erstmals seit Gr\u00fcndonnerstag wieder die Orgel des Doms, gespielt von Domorganist Markus Eichenlaub.<\/p>\n\n\n\n<p>Am&nbsp;<strong>Ostersonntag, 17. April<\/strong>, feiert Bischof Wiesemann um 10 Uhr ein Pontifikalamt und um 16.30 Uhr eine Pontifikalvesper. Den Gottesdienst am Vormittag gestalten die Nachwuchs- und Aufbauch\u00f6re des M\u00e4dchenchores und der Domsingknaben sowie die Dombl\u00e4ser musikalisch. In der Vesper singt ein Vokalensemble der Dommusik.<\/p>\n\n\n\n<p>Am&nbsp;<strong>Ostermontag, 18. April<\/strong>&nbsp;wird um 10 Uhr&nbsp;Weihbischof Otto Georgens ein Pontifikalamt im&nbsp;Dom feiern. Es singt der Domchor.<\/p>\n\n\n\n<p>Die Orgel wird in allen Pontifikal\u00e4mtern von Domorganist Markus Eichenlaub gespielt. Die \u00fcbrigen Gottesdienste&nbsp;wird der Zweite Domorganist Christoph Keggenhoff diesen Dienst \u00fcbernehmen.<\/p>\n\n\n\n<p>Gottesdienste im Dom werden weiterhin unter der 3G-Regel gefeiert. Ein Immunisierungsnachweis oder zertifizierter Testnachweis sowie ein Lichtbildausweis sind daher beim Betreten des Doms vorzuzeigen.<\/p>\n\n\n\n<p><em><em>Text: Bistum Speyer Foto: \u00a9 Domkapitel Speyer \/ Klaus Landry<\/em><br>06.04.2022<\/em><\/p>\n\n\n\n<h2 class=\"wp-block-heading\">Oliven\u00f6l aus dem Heiligen Land<\/h2>\n\n\n\n<h3 class=\"wp-block-heading\">Orden der Ritter vom Heiligen Grab spendet \u00d6l zur Herstellung der Heiligen \u00d6le<\/h3>\n\n\n\n<div class=\"wp-block-image\"><figure class=\"aligncenter size-full\"><img decoding=\"async\" loading=\"lazy\" width=\"800\" height=\"605\" src=\"https:\/\/speyer24news.com\/wp-content\/uploads\/2022\/04\/Chrisamoel_m.jpg\" alt=\"\" class=\"wp-image-44371\" srcset=\"https:\/\/speyer24news.com\/wp-content\/uploads\/2022\/04\/Chrisamoel_m.jpg 800w, https:\/\/speyer24news.com\/wp-content\/uploads\/2022\/04\/Chrisamoel_m-300x227.jpg 300w, https:\/\/speyer24news.com\/wp-content\/uploads\/2022\/04\/Chrisamoel_m-768x581.jpg 768w, https:\/\/speyer24news.com\/wp-content\/uploads\/2022\/04\/Chrisamoel_m-80x60.jpg 80w\" sizes=\"(max-width: 800px) 100vw, 800px\" \/><figcaption>Domsakristan Markus Belz, Domdekan Dr. Christoph Kohl, Vertreter der Grabesritter: Dr. Christopher Wolf, Dr. Georg M\u00fcller, Domkapitular em. Gerhard Fischer, Melanie Lang, Winfried Szkutnik (v.l.n.r.) bei der \u00dcbergabe des Oliven\u00f6ls in der Sakristei des Doms<br><em><em>Foto:<\/em><\/em> <em>\u00a9 Domkapitel Speyer \/ Klaus Landry<\/em><\/figcaption><\/figure><\/div>\n\n\n\n<p><strong>Speyer &#8211;<\/strong> Der Ritterorden vom Heiligen Grab zu Jerusalem spendet auch in diesem Jahr das \u00d6l, welches im Bistum Speyer als Grundlage f\u00fcr die sogenannten Heiligen \u00d6le ben\u00f6tigt wird. Diese \u00d6le werden bei der Chrisam-Messe am Montag, 11. M\u00e4rz, 17 Uhr durch Bischof Wiesemann im Dom geweiht. Die Grabesritter spenden dem Dom und der Di\u00f6zese Oliven\u00f6l, welches von B\u00e4umen im Heiligen Land stammt. \u00dcbergeben wurden 30 Liter \u00d6l am 5. April an den Domdekan und Kustos der Kathedrale Dr. Christoph Maria Kohl und Domsakristan Markus Belz durch den leitenden Komtur der Komturei Speyer-Kaiserslautern, Dr. Christopher Wolf, den Provinzprior Offizial Dr. Georg M\u00fcller, sowie den Ordensmitgliedern Domkapitular em. Gerhard Fischer, Winfried Skzutnik und Melanie Lang. \u00dcber den Erwerb und die Spende des \u00d6ls an die Di\u00f6zese kommt der Orden seinem Ziel nach, die Verbindung zwischen dem Heiligen Land und den in Deutschland lebenden Christen zu st\u00e4rken, so Dr. Christopher Wolf. Domdekan Dr. Christoph Kohl betonte, dass die Herkunft des \u00d6ls aus der Heimat Jesu sehr gut zur Bedeutung und Verwendung der Heiligen \u00d6le innerhalb des katholischen Ritus passe.<\/p>\n\n\n\n<h4 class=\"wp-block-heading\">Die Heiligen \u00d6le<\/h4>\n\n\n\n<div class=\"wp-block-image\"><figure class=\"aligncenter size-full\"><img decoding=\"async\" loading=\"lazy\" width=\"800\" height=\"602\" src=\"https:\/\/speyer24news.com\/wp-content\/uploads\/2022\/04\/Chrisamoel2_m.jpg\" alt=\"\" class=\"wp-image-44372\" srcset=\"https:\/\/speyer24news.com\/wp-content\/uploads\/2022\/04\/Chrisamoel2_m.jpg 800w, https:\/\/speyer24news.com\/wp-content\/uploads\/2022\/04\/Chrisamoel2_m-300x226.jpg 300w, https:\/\/speyer24news.com\/wp-content\/uploads\/2022\/04\/Chrisamoel2_m-768x578.jpg 768w, https:\/\/speyer24news.com\/wp-content\/uploads\/2022\/04\/Chrisamoel2_m-678x509.jpg 678w, https:\/\/speyer24news.com\/wp-content\/uploads\/2022\/04\/Chrisamoel2_m-326x245.jpg 326w, https:\/\/speyer24news.com\/wp-content\/uploads\/2022\/04\/Chrisamoel2_m-80x60.jpg 80w\" sizes=\"(max-width: 800px) 100vw, 800px\" \/><\/figure><\/div>\n\n\n\n<p>Die Heiligen \u00d6le bestehen aus einer Mischung aus Oliven\u00f6l und Harzen oder \u00e4therischen \u00d6len. Dabei unterscheidet man zwischen drei verschiedenen \u00d6len. Das wichtigste ist das Chrisam, welches unter anderem bei der Taufe, Firmung und bei der Priesterweihe verwendet wird. Au\u00dferdem gibt es noch das Kranken\u00f6l f\u00fcr das Sakrament der Krankensalbung und das Katechumenen\u00f6l, mit dem Taufbewerber vor der Taufe gesalbt werden. Da das Salben mit \u00d6l zur Zeit der Bibel nur K\u00f6nigen vorbehalten war, bringt die Salbung mit Chrisam zum Ausdruck, dass alle Menschen eine \u201ek\u00f6nigliche\u201c, unantastbare W\u00fcrde besitzen.<\/p>\n\n\n\n<div class=\"wp-block-image\"><figure class=\"alignleft size-full is-resized\"><img decoding=\"async\" loading=\"lazy\" src=\"https:\/\/speyer24news.com\/wp-content\/uploads\/2021\/05\/Ritterorden-vom-Heiligen-Grab-zu-Jerusalem.jpg\" alt=\"\" class=\"wp-image-37081\" width=\"340\" height=\"418\" srcset=\"https:\/\/speyer24news.com\/wp-content\/uploads\/2021\/05\/Ritterorden-vom-Heiligen-Grab-zu-Jerusalem.jpg 483w, https:\/\/speyer24news.com\/wp-content\/uploads\/2021\/05\/Ritterorden-vom-Heiligen-Grab-zu-Jerusalem-244x300.jpg 244w\" sizes=\"(max-width: 340px) 100vw, 340px\" \/><\/figure><\/div>\n\n\n\n<p>Die \u00d6le werden in der Chrisam-Messe geweiht und zur Verteilung an die Kirchen des Bistums an deren Priester weitergegeben. Traditionell wurde die Chrisam-Messe am Gr\u00fcndonnerstag gefeiert. Inzwischen feiern viele Bist\u00fcmer bereits an einem fr\u00fcheren Tag der Karwoche. Die Chrisam-Messe im Speyerer Dom findet am Montag statt, um Priestern aus dem Bistum zu erm\u00f6glichen, zu der Messe zu kommen.<\/p>\n\n\n\n<h4 class=\"wp-block-heading\">Der Ritterorden vom Heiligen Grab zu Jerusalem<\/h4>\n\n\n\n<p>Die Grabesritter sind ein p\u00e4pstlicher Orden, dem sowohl katholische Laien als auch Geistliche angeh\u00f6ren. Der Ritterorden vom Heiligen Grab zu Jerusalem hat es sich zur besonderen Aufgabe gesetzt, die katholische Kirche im Heiligen Land, besonders das Lateinische Patriachat, zu unterst\u00fctzen. Dies reicht vom Unterhalt der 51 Pfarrgemeinden des Patriachats und der Unterst\u00fctzung von \u00fcber 40 Schulen, zahlreichen Kinderg\u00e4rten, Sozialstationen und Altenheimen bis zur Ausbildung junger Leute und der direkten Hilfe f\u00fcr sozial Schwache und Benachteiligte. Ohne das Wirken des Ordens w\u00e4re die Arbeit vieler christlicher Einrichtungen und Gemeinschaften nicht m\u00f6glich. Die Einrichtungen selbst sind alle inklusiv, das bedeutet, dass sie Angeh\u00f6rigen aller Religionen offen stehen.<\/p>\n\n\n\n<p><em>Text: Bistum Speyer Foto: \u00a9 Domkapitel Speyer \/ Klaus Landry<br>06.04.2022<\/em><\/p>\n\n\n\n<h2 class=\"wp-block-heading\">Der Kanzler blickt auf den Dom<\/h2>\n\n\n\n<h3 class=\"wp-block-heading\">Gedenkb\u00fcste f\u00fcr Alt-Bundeskanzler Helmut Kohl neben dem Dom eingeweiht \u2013 Europ\u00e4ische Stiftung Kaiserdom zu Speyer w\u00fcrdigt damit den Gr\u00fcndungsvorsitzenden ihres Kuratoriums<\/h3>\n\n\n\n<div class=\"wp-block-image\"><figure class=\"aligncenter size-full\"><img decoding=\"async\" loading=\"lazy\" width=\"800\" height=\"606\" src=\"https:\/\/speyer24news.com\/wp-content\/uploads\/2022\/04\/EnthuellungKohlBueste52_m.jpg\" alt=\"\" class=\"wp-image-44367\" srcset=\"https:\/\/speyer24news.com\/wp-content\/uploads\/2022\/04\/EnthuellungKohlBueste52_m.jpg 800w, https:\/\/speyer24news.com\/wp-content\/uploads\/2022\/04\/EnthuellungKohlBueste52_m-300x227.jpg 300w, https:\/\/speyer24news.com\/wp-content\/uploads\/2022\/04\/EnthuellungKohlBueste52_m-768x582.jpg 768w, https:\/\/speyer24news.com\/wp-content\/uploads\/2022\/04\/EnthuellungKohlBueste52_m-80x60.jpg 80w\" sizes=\"(max-width: 800px) 100vw, 800px\" \/><figcaption>Enth\u00fcllung der B\u00fcste neben der Dom-Info, links neben der B\u00fcste Stifter Willi Kuhn, im Vordergrund rechts der K\u00fcnstler Wolf Spitzer<br><em><em>Foto:<\/em><\/em> <em>\u00a9 Europ\u00e4ische Stiftung Kaiserdom zu Speyer \/ Klaus Landry<\/em><\/figcaption><\/figure><\/div>\n\n\n\n<p>Viele der Festg\u00e4ste waren am 3. April bereits zum Kapitelsamt um 10 Uhr in den Dom gekommen. Domdekan und Domkustos Dr. Christoph Kohl, der an diesem Morgen die Messe hielt, begr\u00fc\u00dfte sie in der romanischen Kathedrale, der-Bundeskanzler Dr. Helmut Kohl in solch besonderer Weise verbunden war. Der heutige Geburtstag des Altkanzlers sei eine besonders gute Gelegenheit, an Helmut Kohl zu denken, so der Domdekan, und mit ihm an alle Wohlt\u00e4ter des Doms.<\/p>\n\n\n\n<div class=\"wp-block-image\"><figure class=\"aligncenter size-full\"><img decoding=\"async\" loading=\"lazy\" width=\"800\" height=\"600\" src=\"https:\/\/speyer24news.com\/wp-content\/uploads\/2022\/04\/EnthuellungKohlBueste17_m.jpg\" alt=\"\" class=\"wp-image-44368\" srcset=\"https:\/\/speyer24news.com\/wp-content\/uploads\/2022\/04\/EnthuellungKohlBueste17_m.jpg 800w, https:\/\/speyer24news.com\/wp-content\/uploads\/2022\/04\/EnthuellungKohlBueste17_m-300x225.jpg 300w, https:\/\/speyer24news.com\/wp-content\/uploads\/2022\/04\/EnthuellungKohlBueste17_m-768x576.jpg 768w, https:\/\/speyer24news.com\/wp-content\/uploads\/2022\/04\/EnthuellungKohlBueste17_m-678x509.jpg 678w, https:\/\/speyer24news.com\/wp-content\/uploads\/2022\/04\/EnthuellungKohlBueste17_m-326x245.jpg 326w, https:\/\/speyer24news.com\/wp-content\/uploads\/2022\/04\/EnthuellungKohlBueste17_m-80x60.jpg 80w\" sizes=\"(max-width: 800px) 100vw, 800px\" \/><figcaption>Die B\u00fcste mit ihrem Erschaffer Wolf Spitzer (sitzend), im Hintergrund die Frau des K\u00fcnstlers, Jutta Spitzer, und die Stifter, Ehepaar Susanne und Willi Kuhn, rechts daneben (v.l.n.r.) Prof. Dr. Alfried Wieczorek, Vorstandsvorsitzender der Europ\u00e4ischen Stiftung Kaiserdom zu Speyer, Domdekan und Domkustos Dr. Christoph Kohl, Ministerpr\u00e4sident a.D. Kurt Beck, Ministerpr\u00e4sident a.D. Dr. Bernhard Vogel und Bischof Dr. Karl-Heinz Wiesemann.<br><em><em>Foto:<\/em><\/em> <em>\u00a9 Europ\u00e4ische Stiftung Kaiserdom zu Speyer \/ Klaus Landry<\/em><\/figcaption><\/figure><\/div>\n\n\n\n<p>Nach dem Gottesdienst versammelten sich mehr als hundert Menschen auf der S\u00fcdseite des Doms, wo die Gedenkb\u00fcste ihren Platz gefunden hat. Auf einem Sandsteinsockel ruht die etwa lebensgro\u00dfe Bronzeplastik des Kanzlers der Einheit und Ehrenb\u00fcrgers Europas. Die B\u00fcste ist so positioniert, dass Helmut Kohl auf den Dom blickt. Geschaffen wurde sie vom Speyerer K\u00fcnstler Wolf Spitzer und erm\u00f6glicht durch eine Spende des Ehepaars Willi und Susanne Kuhn aus Jockgrim. Die Initiative zur Aufstellung der Gedenkb\u00fcste kam von der Europ\u00e4ischen Stiftung Kaiserdom zu Speyer, an deren Gr\u00fcndung Helmut Kohl ma\u00dfgeblich beteiligt war und deren Kuratorium er \u00fcber lange Jahre bis zu seinem Tod vorstand. Unter den G\u00e4sten waren viele Unterst\u00fctzer des Doms aus den Reihen der Stiftung, der Stadtspitze und auch von Seiten des Bistums.<\/p>\n\n\n\n<div class=\"wp-block-image\"><figure class=\"alignleft size-full is-resized\"><img decoding=\"async\" src=\"https:\/\/speyer24news.com\/wp-content\/uploads\/2022\/04\/KohlBueste3_m.jpg\" alt=\"\" class=\"wp-image-44369\" width=\"-107\" height=\"-160\" srcset=\"https:\/\/speyer24news.com\/wp-content\/uploads\/2022\/04\/KohlBueste3_m.jpg 500w, https:\/\/speyer24news.com\/wp-content\/uploads\/2022\/04\/KohlBueste3_m-200x300.jpg 200w\" sizes=\"(max-width: 500px) 100vw, 500px\" \/><\/figure><\/div>\n\n\n\n<p>Begr\u00fc\u00dft wurden die Festg\u00e4ste vom Vorstandsvorsitzenden der Europ\u00e4ischen Stiftung Prof. Dr. Alfried Wieczorek. Er hob hervor, dass Helmut Kohl den Menschen, insbesondere den Pf\u00e4lzern, immer nah sein wollte. Diese Haltung komme auch in der nun eingeweihten B\u00fcste zum Ausdruck. Sie sei so proportioniert und positioniert, dass Helmut Kohl nicht auf die Menschen herabblicke, sondern ihnen auf Augenh\u00f6he begegne. Als Vorsitzender der Stiftung dankte er dem Ehepaar Willi und Susanne Kuhn als Stiftern der B\u00fcste und ihrem Erschaffer, Wolf Spitzer.<\/p>\n\n\n\n<p>Als Vertreter der Ministerpr\u00e4sidentin Malu Dreyer und als amtierender Kuratoriums-Vorsitzender der Europ\u00e4ischen Stiftung sprach Ministerpr\u00e4sident a.D. Kurt Beck zu den Anwesenden. Er hoffe, dass das Denkmal seinen Zweck erf\u00fclle, indem es Menschen zum Nachdenken bringe. Angesichts der derzeitigen Situation werde deutlich, dass das Leben in Frieden keine Selbstverst\u00e4ndlichkeit sei. \u201eHelmut Kohl verdanken wir Frieden in weiten Teilen von Europa\u201c, so Beck.<\/p>\n\n\n\n<p>Domdekan und Domkustos Dr. Christoph Kohl berichtete, dass er den Alt-Bundeskanzler bei jeder seiner Domf\u00fchrungen mindestens zweimal erw\u00e4hne. Einmal in Verbindung mit den zahlreichen Besuchen, die dieser mit und ohne Staatsg\u00e4sten dem Dom abgestattet habe und zum anderen als gro\u00dfen Unterst\u00fctzer des Doms. So kam auf Helmut Kohls Vermittlung eine hohe Spende der Unternehmerfamilie Quandt zustande, die den Neubau der gro\u00dfen Domorgel erm\u00f6glicht habe. Es sei daher auch das Anliegen des Domkapitels gewesen, Kohl bereits zu dessen Lebzeiten mit einer Gedenkplatte in der Vorhalle zu w\u00fcrdigen.<\/p>\n\n\n\n<div class=\"wp-block-image\"><figure class=\"aligncenter size-full\"><img decoding=\"async\" loading=\"lazy\" width=\"800\" height=\"583\" src=\"https:\/\/speyer24news.com\/wp-content\/uploads\/2022\/04\/Kohl-Bueste7_m.jpg\" alt=\"\" class=\"wp-image-44370\" srcset=\"https:\/\/speyer24news.com\/wp-content\/uploads\/2022\/04\/Kohl-Bueste7_m.jpg 800w, https:\/\/speyer24news.com\/wp-content\/uploads\/2022\/04\/Kohl-Bueste7_m-300x219.jpg 300w, https:\/\/speyer24news.com\/wp-content\/uploads\/2022\/04\/Kohl-Bueste7_m-768x560.jpg 768w\" sizes=\"(max-width: 800px) 100vw, 800px\" \/><figcaption>Bronzeb\u00fcste auf Sandsteinsockel neben der Dom-Info im s\u00fcdlichen Domgarten.<br><em><em>Foto:<\/em><\/em> <em>\u00a9 Europ\u00e4ische Stiftung Kaiserdom zu Speyer \/ Klaus Landry<\/em><\/figcaption><\/figure><\/div>\n\n\n\n<p>Konstantin Spitzer, der Sohn des K\u00fcnstlers Wolf Spitzer, der ebenfalls anwesend war, verlas abschlie\u00dfend dessen Worte zu seinem Kunstwerk. Er habe versucht, sich der Pers\u00f6nlichkeit Kohls zu n\u00e4hern und ein Wesensportr\u00e4t zu schaffen, das die Lebensstationen, Erlebnisse und physiognomischen Eigenheiten des Bundeskanzlers beinhalte. Gestaltet ist die B\u00fcste in der f\u00fcr Spitzer typischen Form einer detailreichen Bronzeplastik mit teilweiser Kolorierung. Der Sockel aus rotem Sandstein, einem Hauptbaumaterial des Dom, stelle die Verbindung zu diesem her. Zwei vertikale Bronzeb\u00e4nder mit den Inschriften \u201eKanzler der Einheit\u201c und \u201eEhrenb\u00fcrger Europas\u201c verdeutlichen die Verdienste Kohls. Enth\u00fcllt wurde die B\u00fcste schlie\u00dflich von Stifter Willi Kuhn und der Ehefrau des K\u00fcnstlers, Jutta Spitzer.<\/p>\n\n\n\n<p>Die Europ\u00e4ische Stiftung Kaiserdom zu Speyer hat einen Flyer mit Erl\u00e4uterungen zur Plastik herausgebracht, der in der Dom-Info erh\u00e4ltlich ist.<\/p>\n\n\n\n<p><em>Text: Europ\u00e4ische Stiftung Kaiserdom zu Speyer Foto: \u00a9 Europ\u00e4ische Stiftung Kaiserdom zu Speyer, Foto: Klaus Landry<br>04.04.2022<\/em><\/p>\n","protected":false},"excerpt":{"rendered":"<div class=\"mh-excerpt\"><p>Die Karwoche und Ostern am Dom zu Speyer 2022 Gottesdienste mit Bischof Wiesemann und Weihbischof Georgens Speyer &#8211;&nbsp;Mit dem&nbsp;Palmsonntag, der in diesem Jahr auf den&nbsp;10. April&nbsp;f\u00e4llt, beginnt die Karwoche oder Heilige Woche. Bischof Dr. Karl-Heinz <a class=\"mh-excerpt-more\" href=\"https:\/\/speyer24news.com\/?p=44366\" title=\"Kirche\">[&#8230;]<\/a><\/p>\n<\/div>","protected":false},"author":3,"featured_media":26096,"comment_status":"open","ping_status":"open","sticky":false,"template":"","format":"standard","meta":{"_monsterinsights_skip_tracking":false,"_monsterinsights_sitenote_active":false,"_monsterinsights_sitenote_note":"","_monsterinsights_sitenote_category":0,"footnotes":""},"categories":[120],"tags":[13849,953,174,4446,6526,121,4865,13852,13851,13850,13847,13848,532,10936,951,13846,10775,6,1410],"aioseo_notices":[],"amp_enabled":true,"_links":{"self":[{"href":"https:\/\/speyer24news.com\/index.php?rest_route=\/wp\/v2\/posts\/44366"}],"collection":[{"href":"https:\/\/speyer24news.com\/index.php?rest_route=\/wp\/v2\/posts"}],"about":[{"href":"https:\/\/speyer24news.com\/index.php?rest_route=\/wp\/v2\/types\/post"}],"author":[{"embeddable":true,"href":"https:\/\/speyer24news.com\/index.php?rest_route=\/wp\/v2\/users\/3"}],"replies":[{"embeddable":true,"href":"https:\/\/speyer24news.com\/index.php?rest_route=%2Fwp%2Fv2%2Fcomments&post=44366"}],"version-history":[{"count":2,"href":"https:\/\/speyer24news.com\/index.php?rest_route=\/wp\/v2\/posts\/44366\/revisions"}],"predecessor-version":[{"id":44377,"href":"https:\/\/speyer24news.com\/index.php?rest_route=\/wp\/v2\/posts\/44366\/revisions\/44377"}],"wp:featuredmedia":[{"embeddable":true,"href":"https:\/\/speyer24news.com\/index.php?rest_route=\/wp\/v2\/media\/26096"}],"wp:attachment":[{"href":"https:\/\/speyer24news.com\/index.php?rest_route=%2Fwp%2Fv2%2Fmedia&parent=44366"}],"wp:term":[{"taxonomy":"category","embeddable":true,"href":"https:\/\/speyer24news.com\/index.php?rest_route=%2Fwp%2Fv2%2Fcategories&post=44366"},{"taxonomy":"post_tag","embeddable":true,"href":"https:\/\/speyer24news.com\/index.php?rest_route=%2Fwp%2Fv2%2Ftags&post=44366"}],"curies":[{"name":"wp","href":"https:\/\/api.w.org\/{rel}","templated":true}]}}