{"id":44835,"date":"2022-04-17T08:43:43","date_gmt":"2022-04-17T07:43:43","guid":{"rendered":"https:\/\/speyer24news.com\/?p=44835"},"modified":"2022-04-17T08:43:46","modified_gmt":"2022-04-17T07:43:46","slug":"wilhelma-zoologisch-botanischer-garten-stuttgart-32","status":"publish","type":"post","link":"https:\/\/speyer24news.com\/?p=44835","title":{"rendered":"Wilhelma \u2013 Zoologisch-Botanischer Garten Stuttgart"},"content":{"rendered":"<style type=\"text\/css\">\r\n\t.ads_top_disp{}\r\n\t.ads_top_corner_disp{ float:left; margin:0px 10px 10px 0px; }\r\n\t.ads_first_p_disp{}\r\n\t.ads_bottom_disp{}\r\n\t<\/style>\n<div class=\"wp-block-image\"><figure class=\"aligncenter size-full\"><img decoding=\"async\" loading=\"lazy\" width=\"800\" height=\"600\" src=\"https:\/\/speyer24news.com\/wp-content\/uploads\/2020\/09\/IMG_20200828_112835.jpg\" alt=\"\" class=\"wp-image-30180\" srcset=\"https:\/\/speyer24news.com\/wp-content\/uploads\/2020\/09\/IMG_20200828_112835.jpg 800w, https:\/\/speyer24news.com\/wp-content\/uploads\/2020\/09\/IMG_20200828_112835-300x225.jpg 300w, https:\/\/speyer24news.com\/wp-content\/uploads\/2020\/09\/IMG_20200828_112835-768x576.jpg 768w, https:\/\/speyer24news.com\/wp-content\/uploads\/2020\/09\/IMG_20200828_112835-678x509.jpg 678w, https:\/\/speyer24news.com\/wp-content\/uploads\/2020\/09\/IMG_20200828_112835-326x245.jpg 326w, https:\/\/speyer24news.com\/wp-content\/uploads\/2020\/09\/IMG_20200828_112835-80x60.jpg 80w\" sizes=\"(max-width: 800px) 100vw, 800px\" \/><\/figure><\/div>\n\n\n\n<h2 class=\"wp-block-heading\">Ruhestand nach 47 Jahren Wilhelma \/ \u00dcberraschung zum Abschied<\/h2>\n\n\n\n<h3 class=\"wp-block-heading\">\u201eCrocodile Harry\u201c hinterl\u00e4sst gro\u00dfen Eindruck<\/h3>\n\n\n\n<div class=\"wp-block-image\"><figure class=\"aligncenter size-full\"><img decoding=\"async\" loading=\"lazy\" width=\"800\" height=\"621\" src=\"https:\/\/speyer24news.com\/wp-content\/uploads\/2022\/04\/Wilhelma-Tierpfleger-Harry-Aberle-2021-mit-Leistenkrokodil-Frederick-Foto-Harald-Loeffler-Bild-2.jpg\" alt=\"\" class=\"wp-image-44839\" srcset=\"https:\/\/speyer24news.com\/wp-content\/uploads\/2022\/04\/Wilhelma-Tierpfleger-Harry-Aberle-2021-mit-Leistenkrokodil-Frederick-Foto-Harald-Loeffler-Bild-2.jpg 800w, https:\/\/speyer24news.com\/wp-content\/uploads\/2022\/04\/Wilhelma-Tierpfleger-Harry-Aberle-2021-mit-Leistenkrokodil-Frederick-Foto-Harald-Loeffler-Bild-2-300x233.jpg 300w, https:\/\/speyer24news.com\/wp-content\/uploads\/2022\/04\/Wilhelma-Tierpfleger-Harry-Aberle-2021-mit-Leistenkrokodil-Frederick-Foto-Harald-Loeffler-Bild-2-768x596.jpg 768w\" sizes=\"(max-width: 800px) 100vw, 800px\" \/><figcaption>Harry Aberle bringt mit Frederick, das gr\u00f6\u00dfte Krokodil Deutschlands, zum Springen.<br><em>Foto: Harald L\u00f6ffler \/ Eye-of-the-Tiger<\/em><\/figcaption><\/figure><\/div>\n\n\n\n<p>\u201eJeder Tag kann mein letzter sein\u201c, ist das Credo von Harry Aberle, dem Spezialisten in der Wilhelma f\u00fcr die gef\u00e4hrlichsten Krokodile mit einer Bei\u00dfkraft von einer Tonne und die gr\u00f6\u00dfte Giftspritze unter den Schlangen, die Gabunviper. An Ostern ist nun sein letzter Tag gekommen im Zoologisch-Botanischen Garten in Stuttgart: nach 47 Jahren. Dass der 64-J\u00e4hrige den Ruhestand \u00fcberhaupt erreicht, verdankt er seinem umsichtigen Umgang mit den ihm anvertrauten Tieren aller Arten. \u201eRoutine ist Segen und Fluch zugleich\u201c, wei\u00df er. Bei gef\u00e4hrlichen Tiere entscheiden Kleinigkeiten: Jeder Griff muss sitzen, tausend Mal, ohne gedankenlos zu werden. Seine zupackende Art war Triebfeder und Lebensversicherung einer au\u00dfergew\u00f6hnlichen Laufbahn.<\/p>\n\n\n\n<p>International bekannt ist er daf\u00fcr, dass er Tong, dem wei\u00dfen Leistenkrokodil, in jahrelangem Training das Springen beigebracht hat. In der Natur schnappen sich die Panzerechsen so V\u00f6gel, Reptilien oder S\u00e4ugetiere, die auf \u00c4sten \u00fcber dem Fluss sitzen. Eine \u00f6ffentliche F\u00fctterung dieser Art gibt es in Europa kein zweites Mal.<\/p>\n\n\n\n<p>Aberle leitet das Tierpflege-Team im Terrarium, das rund 100 Arten von Reptilien und Amphibien h\u00fctet: von Krokodilen und Schlangen \u00fcber verschiedenste Echsen und Schildkr\u00f6ten bis zu Fr\u00f6schen. Zum Abschied hat er eine \u00dcberraschung parat: \u201eFreddy. Freddy, komm!\u201c Sein lautes Kommando verhallt. Wenn der Revierleiter ruft, springt kein Azubi. Daf\u00fcr kommt im Wasser Bewegung auf. Gut getarnt, wie aus dem Nichts, gleitet Frederick heran: das gr\u00f6\u00dfte Krokodil Deutschlands. Aufs Wort wuchtet der Koloss ohne jeden Anlauf seine 520 Kilo bis zu den Hinterbeinen aus dem Wasser und schnappt mit seinen 64 Z\u00e4hnen nach dem Huhn in der Hand des Pflegers hoch \u00fcber ihm. Doch w\u00e4hrend das mehr als 4,30 Meter lange Leistenkrokodil wieder ins Wasser kracht, klatscht niemand. Diese F\u00fctterung von Frederick vor Publikum zu probieren, w\u00e4re selbst \u201eCrocodile Harry\u201c zu heikel. Sein j\u00fcngster Erfolg als Krokodilfl\u00fcsterer, den er mit dem riesigen Bullen anfangs nicht f\u00fcr m\u00f6glich hielt, erf\u00fcllt ihn mit Stolz, doch ein Hasardeur ist er nicht. So lie\u00df der angehende Ruhest\u00e4ndler die rekordverd\u00e4chtige Aktion kurz vor seinem Ausscheiden zun\u00e4chst nur von der Kamera f\u00fcr die Nachwelt festhalten.<\/p>\n\n\n\n<div class=\"wp-block-image\"><figure class=\"aligncenter size-full\"><img decoding=\"async\" loading=\"lazy\" width=\"500\" height=\"688\" src=\"https:\/\/speyer24news.com\/wp-content\/uploads\/2022\/04\/Wilhelma-Tierpfleger-Harry-Aberle-2021-mit-Leistenkrokodil-Frederick-Foto-Harald-Loeffler-Bild-1.jpg\" alt=\"\" class=\"wp-image-44840\" srcset=\"https:\/\/speyer24news.com\/wp-content\/uploads\/2022\/04\/Wilhelma-Tierpfleger-Harry-Aberle-2021-mit-Leistenkrokodil-Frederick-Foto-Harald-Loeffler-Bild-1.jpg 500w, https:\/\/speyer24news.com\/wp-content\/uploads\/2022\/04\/Wilhelma-Tierpfleger-Harry-Aberle-2021-mit-Leistenkrokodil-Frederick-Foto-Harald-Loeffler-Bild-1-218x300.jpg 218w\" sizes=\"(max-width: 500px) 100vw, 500px\" \/><\/figure><\/div>\n\n\n\n<p>\u201eDie Wilhelma hat rund 100 Tierpflegerinnen und -pfleger, die eine super Arbeit machen, aber Harry Aberle ist ein Unikat\u201c, sagt Direktor Dr. Thomas K\u00f6lpin. \u201eEr hat nicht nur mit gro\u00dfer Energie \u00fcber Jahrzehnte an der Weiterentwicklung des Terrariums mitgearbeitet. Als Dienst an der Allgemeinheit hat er sein Fachwissen auch nach au\u00dfen getragen, um Polizei und Feuerwehr zu schulen, wie sie richtig reagieren, falls sie bei einem Einsatz unerwartet auf potenziell gef\u00e4hrliche Reptilien oder Spinnen sto\u00dfen.\u201c Im Zweifel ist er auf Anruf der Blaulicht-Fraktion zu jeder Tages- oder Nachtzeit selbst ausger\u00fcckt, um in Amtshilfe Tiere mit null bis acht Beinen sicher einzufangen oder deren Art zu bestimmen.<\/p>\n\n\n\n<p>\u201eNicht zuletzt durch seine unterhaltsame Art hat Harry Aberle einen enormen Wiedererkennungswert gewonnen\u201c, meint K\u00f6lpin. \u201e\u00dcber die Zoo-Dokuserien im Fernsehen ist er zu einem Markenzeichen der Wilhelma geworden, das frei Schnauze spricht. Eine gro\u00dfe Klappe soll ihm als Krokodilpfleger gestattet sein.\u201c<\/p>\n\n\n\n<p>In und f\u00fcr die Wilhelma gelebt, hat der Vaihinger gef\u00fchlt eigentlich schon immer. Denn als der kleine Harry Laufen lernte, machte er seine ersten eigenen Schritte in der Wilhelma \u201evor den Flamingos\u201c, so berichteten ihm seine Eltern. In der Schule antwortete er auf die Frage, was er einmal werden m\u00f6chte, schon damals: Pfleger in der Wilhelma. Sein Lehrer erwiderte wenig p\u00e4dagogisch: \u201eAuf Dich haben die gerade noch gewartet.\u201c Obwohl die Stellen in der Zootierpflege \u00e4u\u00dferst begehrt sind und die Wilhelma teilweise hundert Mal mehr Bewerbungen erh\u00e4lt als sie Ausbildungspl\u00e4tze hat, machte Aberle seinen Weg. Nach einem Schulpraktikum 1972 begann er 1975 seine Lehre, und arbeitete danach bis 1989 im Aquarium, bevor er zu seinen geliebten Reptilien gewechselt ist. Seit 2015 ist er Revierleiter im Terrarium.<\/p>\n\n\n\n<div class=\"wp-block-image\"><figure class=\"aligncenter size-full\"><img decoding=\"async\" loading=\"lazy\" width=\"800\" height=\"533\" src=\"https:\/\/speyer24news.com\/wp-content\/uploads\/2022\/04\/Wilhelma-Tierpfleger-Harry-Aberle-2013-mit-Brillenschlange-Foto-Harald-Loeffler.jpg\" alt=\"\" class=\"wp-image-44841\" srcset=\"https:\/\/speyer24news.com\/wp-content\/uploads\/2022\/04\/Wilhelma-Tierpfleger-Harry-Aberle-2013-mit-Brillenschlange-Foto-Harald-Loeffler.jpg 800w, https:\/\/speyer24news.com\/wp-content\/uploads\/2022\/04\/Wilhelma-Tierpfleger-Harry-Aberle-2013-mit-Brillenschlange-Foto-Harald-Loeffler-300x200.jpg 300w, https:\/\/speyer24news.com\/wp-content\/uploads\/2022\/04\/Wilhelma-Tierpfleger-Harry-Aberle-2013-mit-Brillenschlange-Foto-Harald-Loeffler-768x512.jpg 768w\" sizes=\"(max-width: 800px) 100vw, 800px\" \/><figcaption>Harry Aberle war \u00fcber Jahrzehnte der Wilhelma-Spezialist f\u00fcr Giftschlangen, wie diese als Brillenschlange bekannte Kobra.<br><em>Foto: Harald L\u00f6ffler \/ Eye-of-the-Tiger<\/em><\/figcaption><\/figure><\/div>\n\n\n\n<p>\u201eEine hemmungslose Begeisterung f\u00fcr das Terrarium und die Wilhelma als Ganzes\u201c, attestiert ihm Isabel Koch, die zoologische Kuratorin f\u00fcr den Bereich. \u201eTiere k\u00f6nnen ihn nicht aus der Ruhe bringen, aber es regt ihn auf, wenn irgendwo auf dem Gel\u00e4nde etwas nicht in Ordnung ist.\u201c So zeichnet ihn der Wille aus, immer noch etwas zu verbessern. Neben der Betreuung der Tiere bewies er ein H\u00e4ndchen f\u00fcr die Gestaltung der Gehege und Freude am Detail. \u201eAuf seinen privaten Reisen durch die Weltgeschichte hat er sein gutes Auge f\u00fcr Landschaften und Proportionen geschult\u201c, sagt Koch. \u201eZusammen mit seinem handwerklichen Geschick ist er f\u00fcr mich darin unerreicht, wenn es darum geht, gro\u00dfe Landschaften und auch kleine Terrarien optisch ansprechend und artgerecht auszustatten.\u201c So hat er etwa im Taggecko-Gehege den Teil eines Gummibaums einer Kautschuk-Plantage nachgebaut. Dass ihm das t\u00e4uschend echt gelungen ist, macht ihm heute noch eine diebische Freude: \u201eManche Besucher warten wirklich davor, ob der Milchsaft tropft\u201c, erz\u00e4hlt Aberle.<\/p>\n\n\n\n<p>Ein legend\u00e4res Tier, das er gepflegt hatte, war der \u201eGro\u00dfe Wei\u00dfe\u201c: ein m\u00e4chtiger Krokodilbulle, der nach seinem Tod im Jahr 2000 vom benachbarten Naturkundemuseum pr\u00e4pariert wurde. Die Wilhelma erhielt als Anschauungsmaterial f\u00fcr Schulklassen den Abguss eines seiner Hinterf\u00fc\u00dfe. Typisch Aberle: Bei dem gro\u00dfen Umbau der Krokodilhalle 2006 war er es, der damit noch schnell in den frisch modellierten Boden Spuren pr\u00e4gte. So schuf er einen nat\u00fcrlicheren Anblick der Uferlandschaft und verewigte den \u201eGro\u00dfen Wei\u00dfen\u201c. Aberle hinterl\u00e4sst selbst gro\u00dfe Fu\u00dfstapfen, wenn er an Ostern einen der wohl spektakul\u00e4rsten Arbeitspl\u00e4tze in Deutschland freimacht. Diesen neu zu besetzen, f\u00e4llt nicht leicht. Bis 5. Mai l\u00e4uft die Bewerbungsfrist.<\/p>\n\n\n\n<p><em>Text: Wilhelma \u2013 Zoologisch-Botanischer Garten Stuttgart Foto: Harald L\u00f6ffler \/ Eye-of-the-Tiger<br>12.04.2022<\/em><\/p>\n\n\n\n<h2 class=\"wp-block-heading\">Erster Nachwuchs bei Trampeltieren seit 2009<\/h2>\n\n\n\n<h3 class=\"wp-block-heading\">Wintereinbruch: Kaltstart ins Leben f\u00fcr kleines Kamelfohlen<\/h3>\n\n\n\n<div class=\"wp-block-image\"><figure class=\"aligncenter size-full\"><img decoding=\"async\" loading=\"lazy\" width=\"800\" height=\"600\" src=\"https:\/\/speyer24news.com\/wp-content\/uploads\/2022\/04\/KW-14a-Erstes-Trampeltier-Fohlen-seit-13-Jahren-08.04.2022-Bild-3.jpg\" alt=\"\" class=\"wp-image-44836\" srcset=\"https:\/\/speyer24news.com\/wp-content\/uploads\/2022\/04\/KW-14a-Erstes-Trampeltier-Fohlen-seit-13-Jahren-08.04.2022-Bild-3.jpg 800w, https:\/\/speyer24news.com\/wp-content\/uploads\/2022\/04\/KW-14a-Erstes-Trampeltier-Fohlen-seit-13-Jahren-08.04.2022-Bild-3-300x225.jpg 300w, https:\/\/speyer24news.com\/wp-content\/uploads\/2022\/04\/KW-14a-Erstes-Trampeltier-Fohlen-seit-13-Jahren-08.04.2022-Bild-3-768x576.jpg 768w, https:\/\/speyer24news.com\/wp-content\/uploads\/2022\/04\/KW-14a-Erstes-Trampeltier-Fohlen-seit-13-Jahren-08.04.2022-Bild-3-678x509.jpg 678w, https:\/\/speyer24news.com\/wp-content\/uploads\/2022\/04\/KW-14a-Erstes-Trampeltier-Fohlen-seit-13-Jahren-08.04.2022-Bild-3-326x245.jpg 326w, https:\/\/speyer24news.com\/wp-content\/uploads\/2022\/04\/KW-14a-Erstes-Trampeltier-Fohlen-seit-13-Jahren-08.04.2022-Bild-3-80x60.jpg 80w\" sizes=\"(max-width: 800px) 100vw, 800px\" \/><\/figure><\/div>\n\n\n\n<p>Ein Ereignis mit doppeltem Seltenheitswert f\u00fcr Stuttgart: Erstmals seit 13 Jahren haben die Trampeltiere in der Wilhelma Nachwuchs. Das Fohlen der auf Hitze und Trockenheit spezialisierten W\u00fcstenbewohner kam ausgerechnet w\u00e4hrend des sp\u00e4ten Wintereinbruchs Anfang April mit Frost und Schnee zur Welt. Mit der Geburt schlie\u00dft sich ein Kreis im Zoologisch-Botanischen Garten. Die Stute Chiara war 2009 das letzte Trampeltier gewesen, das in der Wilhelma geboren wurde. Nun ist sie selbst die Mutter des ersten Jungtiers nach der l\u00e4ngeren Pause.<\/p>\n\n\n\n<p>Die neue Anlage f\u00fcr Asiatische Huftiere, die 2020 er\u00f6ffnet wurde, bietet gute Voraussetzung f\u00fcr die Aufzucht. Anders als bei der fr\u00fcheren Koppel am Schaubauernhof, lassen sich hier Muttertier und Fohlen von dem Kamelhengst, aber auch den neuen Mitbewohnern, den Hausyaks, abtrennen, um damit sie in den ersten Tagen in Ruhe ihre Beziehung aufbauen k\u00f6nnen. Das ist bei Trampeltieren besonders wichtig, damit die Stute ihr Jungtier annimmt und s\u00e4ugt.<\/p>\n\n\n\n<div class=\"wp-block-image\"><figure class=\"aligncenter size-full\"><img decoding=\"async\" loading=\"lazy\" width=\"800\" height=\"600\" src=\"https:\/\/speyer24news.com\/wp-content\/uploads\/2022\/04\/KW-14a-Erstes-Trampeltier-Fohlen-seit-13-Jahren-08.04.2022-Bild-1.jpg\" alt=\"\" class=\"wp-image-44837\" srcset=\"https:\/\/speyer24news.com\/wp-content\/uploads\/2022\/04\/KW-14a-Erstes-Trampeltier-Fohlen-seit-13-Jahren-08.04.2022-Bild-1.jpg 800w, https:\/\/speyer24news.com\/wp-content\/uploads\/2022\/04\/KW-14a-Erstes-Trampeltier-Fohlen-seit-13-Jahren-08.04.2022-Bild-1-300x225.jpg 300w, https:\/\/speyer24news.com\/wp-content\/uploads\/2022\/04\/KW-14a-Erstes-Trampeltier-Fohlen-seit-13-Jahren-08.04.2022-Bild-1-768x576.jpg 768w, https:\/\/speyer24news.com\/wp-content\/uploads\/2022\/04\/KW-14a-Erstes-Trampeltier-Fohlen-seit-13-Jahren-08.04.2022-Bild-1-678x509.jpg 678w, https:\/\/speyer24news.com\/wp-content\/uploads\/2022\/04\/KW-14a-Erstes-Trampeltier-Fohlen-seit-13-Jahren-08.04.2022-Bild-1-326x245.jpg 326w, https:\/\/speyer24news.com\/wp-content\/uploads\/2022\/04\/KW-14a-Erstes-Trampeltier-Fohlen-seit-13-Jahren-08.04.2022-Bild-1-80x60.jpg 80w\" sizes=\"(max-width: 800px) 100vw, 800px\" \/><\/figure><\/div>\n\n\n\n<p>\u201eDie ersten Stunden sind entscheidend, bis das Neugeborene bei der Mutter trinkt\u201c, sagt Revierleiter Stephan Paspalaris. \u201eSonst versiegt die Milchproduktion.\u201c Als der kleine Hengst, der am 1. April gegen 7 Uhr geboren wurde, nach einigen Stunden noch etwas unbeholfen auf den Beinen stand, haben ihn die Tierpflegerinnen und -pfleger deshalb ans Euter gef\u00fchrt und angesetzt. \u201eZwei Portionen Milchersatz haben wir am Anfang zugef\u00fcttert, damit er schnell zu Kr\u00e4ften kommt\u201c, berichtet Paspalaris. Seither klappt es und Chiara versorgt ihren Erstling selbstst\u00e4ndig. Bei Kamelen ist die Muttermilch ein rechter Powerdrink, der sehr nahrhaft ist und viel Vitamin C enth\u00e4lt. Bereits nach drei Monaten haben sich so bei den Jungtieren die Fettspeicher in den beiden f\u00fcr Trampeltiere typischen H\u00f6ckern auf dem R\u00fccken gef\u00fcllt und aufgerichtet. Auch wenn sie rund ein dreiviertel Jahr ges\u00e4ugt werden, nehmen die Fohlen schon nach wenigen Wochen auch festes Futter auf.<\/p>\n\n\n\n<div class=\"wp-block-image\"><figure class=\"aligncenter size-full\"><img decoding=\"async\" loading=\"lazy\" width=\"800\" height=\"600\" src=\"https:\/\/speyer24news.com\/wp-content\/uploads\/2022\/04\/KW-14a-Erstes-Trampeltier-Fohlen-seit-13-Jahren-08.04.2022-Bild-5.jpg\" alt=\"\" class=\"wp-image-44838\" srcset=\"https:\/\/speyer24news.com\/wp-content\/uploads\/2022\/04\/KW-14a-Erstes-Trampeltier-Fohlen-seit-13-Jahren-08.04.2022-Bild-5.jpg 800w, https:\/\/speyer24news.com\/wp-content\/uploads\/2022\/04\/KW-14a-Erstes-Trampeltier-Fohlen-seit-13-Jahren-08.04.2022-Bild-5-300x225.jpg 300w, https:\/\/speyer24news.com\/wp-content\/uploads\/2022\/04\/KW-14a-Erstes-Trampeltier-Fohlen-seit-13-Jahren-08.04.2022-Bild-5-768x576.jpg 768w, https:\/\/speyer24news.com\/wp-content\/uploads\/2022\/04\/KW-14a-Erstes-Trampeltier-Fohlen-seit-13-Jahren-08.04.2022-Bild-5-678x509.jpg 678w, https:\/\/speyer24news.com\/wp-content\/uploads\/2022\/04\/KW-14a-Erstes-Trampeltier-Fohlen-seit-13-Jahren-08.04.2022-Bild-5-326x245.jpg 326w, https:\/\/speyer24news.com\/wp-content\/uploads\/2022\/04\/KW-14a-Erstes-Trampeltier-Fohlen-seit-13-Jahren-08.04.2022-Bild-5-80x60.jpg 80w\" sizes=\"(max-width: 800px) 100vw, 800px\" \/><\/figure><\/div>\n\n\n\n<p>Hauskamele sind als widerstandsf\u00e4hige Nutztiere, die Hitze wie K\u00e4lte trotzen und Trockenheit lange erdulden, in Grasl\u00e4ndern, Halbw\u00fcsten und winterkalten W\u00fcsten von Kleinasien bis in die Mandschurei sehr beliebt. Sie dienen seit rund 4500 Jahren als Reit- und Lasttiere und liefern Fleisch, Milch, Wolle, Leder und Dung als Brennstoff. Wildkamele sind hingegen sehr selten geworden. Derzeit geht man von einem Restbestand von weniger als 1000 Tieren aus, die noch in China und der Mongolei anzutreffen sind. Daher gilt das Wildkamel als vom Aussterben bedroht.<\/p>\n\n\n\n<p>In der Wilhelma ist vermutlich auch die Stute Faya tr\u00e4chtig. Allerdings hat sie noch kein Euter gebildet. Es kann also bei ihr mit dem Nachwuchs noch dauern. Trampeltiere haben eine Tragzeit von 13 Monaten.<\/p>\n\n\n\n<p><em>Wilhelma \u2013 Zoologisch-Botanischer Garten Stuttgart<br>08.04.2022<\/em><\/p>\n","protected":false},"excerpt":{"rendered":"<div class=\"mh-excerpt\"><p>Ruhestand nach 47 Jahren Wilhelma \/ \u00dcberraschung zum Abschied \u201eCrocodile Harry\u201c hinterl\u00e4sst gro\u00dfen Eindruck \u201eJeder Tag kann mein letzter sein\u201c, ist das Credo von Harry Aberle, dem Spezialisten in der Wilhelma f\u00fcr die gef\u00e4hrlichsten Krokodile <a class=\"mh-excerpt-more\" href=\"https:\/\/speyer24news.com\/?p=44835\" title=\"Wilhelma \u2013 Zoologisch-Botanischer Garten Stuttgart\">[&#8230;]<\/a><\/p>\n<\/div>","protected":false},"author":3,"featured_media":30171,"comment_status":"open","ping_status":"open","sticky":false,"template":"","format":"standard","meta":{"_monsterinsights_skip_tracking":false,"_monsterinsights_sitenote_active":false,"_monsterinsights_sitenote_note":"","_monsterinsights_sitenote_category":0,"footnotes":""},"categories":[11],"tags":[8421,8422,13928,8569,13929,8419,12978,8420,10083,11544,11418,142,8486,8811,8418],"aioseo_notices":[],"amp_enabled":true,"_links":{"self":[{"href":"https:\/\/speyer24news.com\/index.php?rest_route=\/wp\/v2\/posts\/44835"}],"collection":[{"href":"https:\/\/speyer24news.com\/index.php?rest_route=\/wp\/v2\/posts"}],"about":[{"href":"https:\/\/speyer24news.com\/index.php?rest_route=\/wp\/v2\/types\/post"}],"author":[{"embeddable":true,"href":"https:\/\/speyer24news.com\/index.php?rest_route=\/wp\/v2\/users\/3"}],"replies":[{"embeddable":true,"href":"https:\/\/speyer24news.com\/index.php?rest_route=%2Fwp%2Fv2%2Fcomments&post=44835"}],"version-history":[{"count":1,"href":"https:\/\/speyer24news.com\/index.php?rest_route=\/wp\/v2\/posts\/44835\/revisions"}],"predecessor-version":[{"id":44842,"href":"https:\/\/speyer24news.com\/index.php?rest_route=\/wp\/v2\/posts\/44835\/revisions\/44842"}],"wp:featuredmedia":[{"embeddable":true,"href":"https:\/\/speyer24news.com\/index.php?rest_route=\/wp\/v2\/media\/30171"}],"wp:attachment":[{"href":"https:\/\/speyer24news.com\/index.php?rest_route=%2Fwp%2Fv2%2Fmedia&parent=44835"}],"wp:term":[{"taxonomy":"category","embeddable":true,"href":"https:\/\/speyer24news.com\/index.php?rest_route=%2Fwp%2Fv2%2Fcategories&post=44835"},{"taxonomy":"post_tag","embeddable":true,"href":"https:\/\/speyer24news.com\/index.php?rest_route=%2Fwp%2Fv2%2Ftags&post=44835"}],"curies":[{"name":"wp","href":"https:\/\/api.w.org\/{rel}","templated":true}]}}