{"id":44859,"date":"2022-04-17T17:18:57","date_gmt":"2022-04-17T16:18:57","guid":{"rendered":"https:\/\/speyer24news.com\/?p=44859"},"modified":"2022-04-17T17:19:01","modified_gmt":"2022-04-17T16:19:01","slug":"polizei-782","status":"publish","type":"post","link":"https:\/\/speyer24news.com\/?p=44859","title":{"rendered":"Polizei"},"content":{"rendered":"<style type=\"text\/css\">\r\n\t.ads_top_disp{}\r\n\t.ads_top_corner_disp{ float:left; margin:0px 10px 10px 0px; }\r\n\t.ads_first_p_disp{}\r\n\t.ads_bottom_disp{}\r\n\t<\/style>\n<h2 class=\"wp-block-heading\">Polizeimeldungen vom Sonntag (17.04.2022)<\/h2>\n\n\n\n<div class=\"wp-block-image\"><figure class=\"aligncenter size-full\"><img decoding=\"async\" loading=\"lazy\" width=\"375\" height=\"500\" src=\"https:\/\/speyer24news.com\/wp-content\/uploads\/2022\/03\/Aktuelles-Polizeilogo.jpg\" alt=\"\" class=\"wp-image-43591\" srcset=\"https:\/\/speyer24news.com\/wp-content\/uploads\/2022\/03\/Aktuelles-Polizeilogo.jpg 375w, https:\/\/speyer24news.com\/wp-content\/uploads\/2022\/03\/Aktuelles-Polizeilogo-225x300.jpg 225w\" sizes=\"(max-width: 375px) 100vw, 375px\" \/><\/figure><\/div>\n\n\n\n<h2 class=\"wp-block-heading\">(Speyer) &#8211; Schl\u00e4gereien auf der Fr\u00fchjahrsmesse<\/h2>\n\n\n\n<div class=\"wp-block-image\"><figure class=\"aligncenter size-full\"><img decoding=\"async\" loading=\"lazy\" width=\"800\" height=\"533\" src=\"https:\/\/speyer24news.com\/wp-content\/uploads\/2021\/11\/Schlaegerei.jpg\" alt=\"\" class=\"wp-image-42366\" srcset=\"https:\/\/speyer24news.com\/wp-content\/uploads\/2021\/11\/Schlaegerei.jpg 800w, https:\/\/speyer24news.com\/wp-content\/uploads\/2021\/11\/Schlaegerei-300x200.jpg 300w, https:\/\/speyer24news.com\/wp-content\/uploads\/2021\/11\/Schlaegerei-768x512.jpg 768w\" sizes=\"(max-width: 800px) 100vw, 800px\" \/><\/figure><\/div>\n\n\n\n<p>Am 16.04.22 gegen 17:45 Uhr kam es auf dem Gel\u00e4nde der Fr\u00fchjahrsmesse zu einer Schl\u00e4gerei zwischen zwei m\u00e4nnlichen Personen. Aufgrund einer angeblich nicht get\u00e4tigten Fahrt an einem Fahrgesch\u00e4ft gerieten ein 19-j\u00e4hriger Mitarbeiter und ein 25-j\u00e4hriger Fahrgast in Streit worauf eine wechselseitige Handgreiflichkeit entstand. Beide Personen erlitten Verletzungen im Gesicht, lehnten jedoch eine medizinische Versorgung ab.<\/p>\n\n\n\n<p>Am sp\u00e4teren Abend um 23:00 Uhr wurde der Polizei in Speyer erneut eine Schl\u00e4gerei zwischen f\u00fcnf Personen gemeldet. Vor Ort waren die drei m\u00e4nnlichen T\u00e4ter bereits gefl\u00fcchtet. Die zwei Gesch\u00e4digten, ein 20-und 24-j\u00e4hriger Mann wurden unvermittelt von den Personen angegriffen. Der 24-j\u00e4hrige Gesch\u00e4digte erlitt Verletzungen im Gesicht und musste durch den Rettungsdienst in ein Krankenhaus verbracht werden.<\/p>\n\n\n\n<h2 class=\"wp-block-heading\">(Speyer) &#8211; Einbruchsserie in Kleingartenanlage<a href=\"https:\/\/www.facebook.com\/sharer.php?u=https%3A%2F%2Fwww.presseportal.de%2Fblaulicht%2Fpm%2F117688%2F5198386%2F%3Futm_source%3Dfacebook%26utm_medium%3Dsocial\"><\/a><a href=\"https:\/\/twitter.com\/intent\/tweet?text=POL-PDLU%3A%20Einbruchsserie%20in%20Kleingartenanlage&amp;url=https%3A%2F%2Fwww.presseportal.de%2Fblaulicht%2Fpm%2F117688%2F5198386%2F%3Futm_source%3Dtwitter%26utm_medium%3Dsocial&amp;hashtags=ots&amp;lang=de\"><\/a><a href=\"https:\/\/web.whatsapp.com\/send?text=POL-PDLU%3A%20Einbruchsserie%20in%20Kleingartenanlage%0A%0Ahttps%3A%2F%2Fwww.presseportal.de%2Fblaulicht%2Fpm%2F117688%2F5198386%2F%3Futm_source%3Dwhatsapp%26utm_medium%3Dsocial\"><\/a><a href=\"https:\/\/www.xing.com\/app\/user?op=share;url=https%3A%2F%2Fwww.presseportal.de%2Fblaulicht%2Fpm%2F117688%2F5198386%2F%3Futm_source%3Dxing%26utm_medium%3Dsocial\"><\/a><a href=\"http:\/\/www.linkedin.com\/shareArticle?mini=true&amp;url=https%3A%2F%2Fwww.presseportal.de%2Fblaulicht%2Fpm%2F117688%2F5198386%2F%3Futm_source%3Dlinkedin%26utm_medium%3Dsocial&amp;title=POL-PDLU%3A+Einbruchsserie+in+Kleingartenanlage\"><\/a><a href=\"mailto:?subject=POL-PDLU%3A%20Einbruchsserie%20in%20Kleingartenanlage&amp;body=https:\/\/www.presseportal.de\/blaulicht\/pm\/117688\/5198386\"><\/a><\/h2>\n\n\n\n<p>Im Zeitraum vom 15.04.2022 bis 16.04.2022 verschafften sich bisher unbekannte T\u00e4ter Zutritt zu bisher zw\u00f6lf Gartenparzellen in der Kuhweide in Speyer. Dabei wurden zum Gro\u00dfteil Gartenh\u00e4user sowie Ger\u00e4teschuppen aufgebrochen oder Fensterscheiben eingeschlagen. Haupts\u00e4chlich wurden Kabel und elektrische Ger\u00e4te entwendet.<\/p>\n\n\n\n<p>Wer hat im genannten Zeitraum verd\u00e4chtige Personen oder Fahrzeuge im Umfeld beobachtet? Hinweise telefonisch an die Polizei Speyer unter der 06232 \/ 137-0 oder per E-Mail an\u00a0<a href=\"mailto:pispeyer@polizei.rlp.de\">pispeyer@polizei.rlp.de<\/a>.<\/p>\n\n\n\n<h2 class=\"wp-block-heading\">(Schifferstadt) &#8211; T\u00e4terermittlung nach Handydiebstahl im Freizeitparkpark<\/h2>\n\n\n\n<p>Am Samstag, den 16.04.2022, besuchte die Gesch\u00e4digte einen Freizeitpark, wo sie ihr Handy im Bereich der Toiletten liegen lie\u00df. Als sie dies bemerkte und kurz darauf nachsah, stellte sie fest, dass das Handy nicht mehr da war. \u00dcber eine, auf dem Telefon installierte, App, konnte die Verliererin am Folgetag ihr Handy orten und feststellen, dass sich dieses in Schifferstadt befindet, woraufhin sie Anzeige bei der Polizei erstattete. Im Rahmen weiterer Ermittlungen der Beamten konnten weitere Hinweise erlangt werden, welche letztlich zum Erlass eines richterlichen Durchsuchungsbeschlusses f\u00fchrten. Noch vor der Vollstreckung r\u00e4umte der Bewohner des Hauses, in welchem das Handy geortet wurde, ein, dass eine Angeh\u00f6rige am Vortag das Handy gefunden und an sich genommen habe um es abzugeben. Letztendlich konnte das Telefon sichergestellt und die Verliererin dar\u00fcber in Kenntnis gesetzt werden. \u00dcber den Fortgang des Verfahrens wird die Staatsanwaltschaft entscheiden.<\/p>\n\n\n\n<h2 class=\"wp-block-heading\">(Schifferstadt) &#8211; Versuchter Fahrraddiebstahl<\/h2>\n\n\n\n<p>Am Karfreitag, 15.04.2022, zwischen 19:30 &#8211; 23:20 Uhr, wurde am Hauptbahnhof in Schifferstadt, an den dortigen Fahrradunterst\u00e4nden durch unbekannte T\u00e4ter versucht ein Fahrrad zu entwenden. Die Besitzerin des Fahrrads bemerkte den versuchten Diebstahl, als sie ihr besch\u00e4digtes Fahrradschloss feststellte, welches sich mit dem Schl\u00fcssel nicht mehr \u00f6ffnen lie\u00df. M\u00f6glicherweise wurde der oder die bislang unbekannten T\u00e4ter bei der Tatausf\u00fchrung gest\u00f6rt und lie\u00dfen somit von ihrem Vorhaben ab. Zeugen, die Hinweise geben k\u00f6nnen, werden gebeten, sich mit der Polizeiinspektion Schifferstadt unter 06235 495-0 oder unter\u00a0<a href=\"mailto:pischifferstadt@polizei.rlp.de\">pischifferstadt@polizei.rlp.de<\/a>\u00a0in Verbindung zu setzen.<\/p>\n\n\n\n<h2 class=\"wp-block-heading\">(B\u00f6hl-Iggelheim) &#8211; Verkehrsunfall mit unbekanntem Gesch\u00e4digten<\/h2>\n\n\n\n<p>Am Samstag, den 16.04.2022, gegen 11:45 Uhr, streifte ein Verkehrsteilnehmer, auf dem Kundenparkplatz des Wasgau Marktes in B\u00f6hl-Iggelheim, einen anderen, auf dem Parkplatz abgestellten, PKW. Der Unfallverursacher stellte den leichten Streifschaden an seinem Fahrzeug jedoch erst bei sich zu Hause fest, woraufhin er die Polizei verst\u00e4ndigte. Der vermutlich gestreifte PKW auf dem Parkplatz konnte durch die aufnehmenden Beamten vor Ort nicht mehr festgestellt werden. Bei diesem soll es sich um einen schwarzen bzw. dunklen Audi A1 handeln. Auf Grund der versp\u00e4teten Meldung wurde eine Strafanzeige wegen unerlaubtem Entfernens vom Unfallort aufgenommen. Zeugen, die Hinweise geben k\u00f6nnen, werden gebeten, sich mit der Polizeiinspektion Schifferstadt unter 06235 495-0 oder unter\u00a0<a href=\"mailto:pischifferstadt@polizei.rlp.de\">pischifferstadt@polizei.rlp.de<\/a>\u00a0in Verbindung zu setzen.<\/p>\n\n\n\n<h2 class=\"wp-block-heading\">(Germersheim) &#8211; Betrunken Fahrradfahrer erfasst<\/h2>\n\n\n\n<p>Einen Fahrradfahrer, der gerade dabei war, die Fahrbahn zu \u00fcberqueren, erfasste am Samstagabend gegen 21:30 Uhr ein 33-j\u00e4hriger Autofahrer, der am Kreisverkehr M\u00fcnchener Stra\u00dfe in die Hafenstra\u00dfe abbiegen wollte. Die aufnehmenden Beamten stellten bei dem Fahrer Alkoholgeruch fest. Ein Test ergab einen Wert von 1,9 Promille. Dem Mann wurde eine Blutprobe entnommen. Die Beamten stellten seinen F\u00fchrerschein sicher. Der Fahrradfahrer blieb trotz Sturz unverletzt. Der Sachschaden bel\u00e4uft sich auf ca. 500 Euro.<\/p>\n\n\n\n<h2 class=\"wp-block-heading\">(W\u00f6rth) &#8211; Granatenfund<\/h2>\n\n\n\n<p>Samstagabend bemerkten Angeh\u00f6rige einer Rettungshundestaffel eine Granate im Bienwald und verst\u00e4ndigten die Polizei. Vor Ort konnte eine deutsche Wurfgranate aus dem zweiten Weltkrieg festgestellt werden. Da sich die Granate an einem stark frequentierten Waldweg befand, wurde die \u00d6rtlichkeit bis zum Eintreffen des Kampfmittelr\u00e4umdienstes gesichert.<\/p>\n\n\n\n<h2 class=\"wp-block-heading\">(Bad Bergzabern) &#8211; Versuchter Fahrraddiebstahl<\/h2>\n\n\n\n<p>Am 16.4.22, gg. 02-02:30 Uhr, versuchte eine m\u00e4nnliche Person in der Pfalzgrafenstra\u00dfe ein Fahrrad von einem Radtr\u00e4ger zu entwenden. Da beide R\u00e4der angeschlossen waren misslang dies. Beim Versuch wurde sowohl der Radtr\u00e4ger auf der Anh\u00e4ngekupplung als auch die beiden R\u00e4der besch\u00e4digt. Der Schaden bel\u00e4uft sich auf ca. 1000.- EUR. Eine Zeugin sah den Mann nach der Tat in Rtg. Schirmannweg gehen.<\/p>\n\n\n\n<p>Zeugen werden gebeten sich bei der Polizeiinspektion Bad Bergzabern, Tel.: 0634393340, zu melden<\/p>\n\n\n\n<h2 class=\"wp-block-heading\">(Bad Bergzabern) &#8211; Unfall und weg<\/h2>\n\n\n\n<p>Ein PKW-Fahrer verursachte am 16.4.22 einen Unfall auf dem Parkplatz des SBK. Hierbei stie\u00df der Mann mit seinem blauen Ford Focus mit PS-Kennzeichen gg. einen geparkten roten Hyundai. Nach dem Unfall stieg der Verursacher aus, besah sich den Schaden (ca. 500.- EUR) und fuhr anschlie\u00dfend davon. Zum Gl\u00fcck sah ein aufmerksamer Fu\u00dfg\u00e4nger den Vorfall, notierte das Kennzeichen und informierte die Gesch\u00e4digte. Die Ermittlungen nach dem Verursacher laufen. Ein Strafverfahren wurde eingeleitet.<\/p>\n\n\n\n<h2 class=\"wp-block-heading\">(Klingenm\u00fcnster) &#8211; Au\u00dfenspiegel abgerissen<\/h2>\n\n\n\n<p>Ein Fahrzeugf\u00fchrer besch\u00e4digte am 16.4.22, gg. 17:45 Uhr, einen in der Weinstra\u00dfe, auf H\u00f6he Hausnummer 1A, geparkten roten Opel Astra. Hierbei wurde bei der Vorbeifahrt der Au\u00dfenspiegel der Fahrerseite abgerissen. Der Verursacher entfernte sich einfach. Der Schaden bel\u00e4uft sich auf rund 100.- EUR.<\/p>\n\n\n\n<p>Zeugen werden gebeten sich bei der Polizeiinspektion Bad Bergzabern, Tel.: 0634393340, zu melden.<\/p>\n\n\n\n<h2 class=\"wp-block-heading\">(Landau) &#8211; PKW-Aufbruch<\/h2>\n\n\n\n<p>In den fr\u00fchen Morgenstunden des 17.04.2022, gegen 03:30 Uhr, teilt ein aufmerksamer Zeuge mit, dass er im Bereich des Ostrings in Landau ein klirrendes Ger\u00e4usch von der Stra\u00dfe aus wahrnahm. Im Zuge der \u00dcberpr\u00fcfung wurde daraufhin eine eingeworfene Scheibe an einem geparkten PKW festgestellt. Der oder die unbekannten T\u00e4ter waren jedoch nicht mehr vor Ort. Aus dem PKW wurden Tabakwaren entwendet. Zeugen, die Hinweise zu dem Vorfall geben k\u00f6nnen, werden gebeten sich bei der Polizei Landau unter der Telefonnummer 06341-2870 oder per E-Mail an&nbsp;<a href=\"mailto:pilandau@polizei.rlp.de\">pilandau@polizei.rlp.de<\/a>&nbsp;zu melden.<\/p>\n\n\n\n<h2 class=\"wp-block-heading\">(Stadtgebiet Landau) &#8211; Versuchter Einbruchsdiebstahl<\/h2>\n\n\n\n<p>In der Zeit von Donnerstag, den 14.04.2022, 22:00 Uhr, bis Samstag, 16.04.2022, 15:00 Uhr, versuchten bislang noch unbekannte T\u00e4ter sich gewaltsam Zutritt zu einem Restaurant in der Landauer Friedrich-Ebert-Stra\u00dfe zu verschaffen. Sehr wahrscheinlich waren die T\u00e4ter in den N\u00e4chten auf Freitag oder Samstag aktiv. Die Polizei geht davon aus, dass die T\u00e4ter gest\u00f6rt wurden und von ihrem Vorhaben ablie\u00dfen. Zeugen, die Hinweise zu dem Vorfall geben k\u00f6nnen, werden gebeten sich bei der Polizei Landau unter der Telefonnummer 06341-2870 oder per E-Mail an&nbsp;<a href=\"mailto:pilandau@polizei.rlp.de\">pilandau@polizei.rlp.de<\/a>&nbsp;zu melden.<\/p>\n\n\n\n<h2 class=\"wp-block-heading\">(K 6 \/ B\u00f6bingen) &#8211; Zwei verletzte Kradfahrer nach Verkehrsunfall<a href=\"https:\/\/www.facebook.com\/sharer.php?u=https%3A%2F%2Fwww.presseportal.de%2Fblaulicht%2Fpm%2F117686%2F5198529%2F%3Futm_source%3Dfacebook%26utm_medium%3Dsocial\"><\/a><a href=\"https:\/\/twitter.com\/intent\/tweet?text=POL-PDLD%3A%20Zwei%20verletzte%20Kradfahrer%20nach%20Verkehrsunfall&amp;url=https%3A%2F%2Fwww.presseportal.de%2Fblaulicht%2Fpm%2F117686%2F5198529%2F%3Futm_source%3Dtwitter%26utm_medium%3Dsocial&amp;hashtags=ots&amp;lang=de\"><\/a><a href=\"https:\/\/web.whatsapp.com\/send?text=POL-PDLD%3A%20Zwei%20verletzte%20Kradfahrer%20nach%20Verkehrsunfall%0A%0Ahttps%3A%2F%2Fwww.presseportal.de%2Fblaulicht%2Fpm%2F117686%2F5198529%2F%3Futm_source%3Dwhatsapp%26utm_medium%3Dsocial\"><\/a><a href=\"https:\/\/www.xing.com\/app\/user?op=share;url=https%3A%2F%2Fwww.presseportal.de%2Fblaulicht%2Fpm%2F117686%2F5198529%2F%3Futm_source%3Dxing%26utm_medium%3Dsocial\"><\/a><a href=\"http:\/\/www.linkedin.com\/shareArticle?mini=true&amp;url=https%3A%2F%2Fwww.presseportal.de%2Fblaulicht%2Fpm%2F117686%2F5198529%2F%3Futm_source%3Dlinkedin%26utm_medium%3Dsocial&amp;title=POL-PDLD%3A+Zwei+verletzte+Kradfahrer+nach+Verkehrsunfall\"><\/a><a href=\"mailto:?subject=POL-PDLD%3A%20Zwei%20verletzte%20Kradfahrer%20nach%20Verkehrsunfall&amp;body=https:\/\/www.presseportal.de\/blaulicht\/pm\/117686\/5198529\"><\/a><\/h2>\n\n\n\n<p>Am Samstag, 16.04.2022 befuhr ein Ehepaar aus dem Rhein-Pfalz-Kreis mit seinen Kraftr\u00e4dern die K6 in Fahrtrichtung Speyer. Der 48-j\u00e4hrige Ehemann wollte an der Kreuzung zur K36 nach Geinsheim abbiegen. Seine nachfolgende 40-j\u00e4hrige Gattin \u00fcbersah dies und fuhr auf das Krad des Ehemanns auf. Beide Fahrzeugf\u00fchrer st\u00fcrzten und zogen sich dabei Verletzungen zu. Sie wurden zur weiteren Versorgung in ein umliegendes Krankenhaus verbracht. Es entstand Sachschaden in H\u00f6he von 10000EUR.<\/p>\n\n\n\n<h2 class=\"wp-block-heading\">(Neustadt) &#8211; Trunkenheit im Verkehr<\/h2>\n\n\n\n<p>Am 15.04.2022 gegen 20:20 Uhr meldete ein aufmerksamer Zeuge ein schlagenlinienfahrenden Pkw auf der L516 zwischen Deidesheim und Mu\u00dfbach. Der Zeuge (Polizeibeamter in Freizeit) folgte dem Pkw und konnte schlie\u00dflich mitteilen, dass der Fahrer in der Deidesheimer Stra\u00dfe angehalten habe. Als die Streife vor Ort eintraf, konnten sie bei dem 59-j\u00e4hrigen Fahrer aus dem Bereich Neustadt Alkoholgeruch wahrnehmen. Ein Atemalkoholtest bei dem Mann ergab einen Wert von 1,26 Promille. Der Mann wurde zwecks Blutprobe zur Dienststelle verbracht und sein F\u00fchrerschein sichergestellt. Gegen den Herrn wurde ein Strafverfahren eingeleitet.<\/p>\n\n\n\n<h2 class=\"wp-block-heading\">(Neustadt) &#8211; Unter Drogen gleich mehrere Unf\u00e4lle gebaut&#8230;<\/h2>\n\n\n\n<p>&#8230; hat am 15.04.2022 gegen 18:00 Uhr ein 43-J\u00e4hriger aus dem Bereich Neustadt. Zun\u00e4chst wurde gemeldet, dass der Mann mit seinem Pkw auf dem Kohlplatz in zwei geparkte Pkw gefahren sei. Bei der Unfallaufnahme stellten die Beamten drogentypische Auffallerscheinungen beim Unfallverursacher fest, weshalb ihm ein Urintest angeboten wurde. Dieser reagierte positiv auf Opiate. Der Mann wurde deshalb mit zur Dienststelle genommen, wo ihm eine Blutprobe entnommen wurde. Da der Mann keinen F\u00fchrerschein mit sich f\u00fchrte, muss noch ermittelt werden, ob er \u00fcberhaupt im Besitz eines solchen ist. Noch w\u00e4hrend der Ma\u00dfnahmen auf der Dienststelle meldete sich eine weitere Gesch\u00e4digte bei der Polizei und gab an, dass ihr jemand auf dem Kohlplatz ins Hoftor gefahren und gefl\u00fcchtet sei. Auch dieser Unfall konnte dem 43-J\u00e4hrigen zugeordnet werden. Gegen den Mann wird daher nicht nur wegen Gef\u00e4hrdung des Stra\u00dfenverkehrs sondern auch wegen unerlaubtem Entfernen vom Unfallort ermittelt.<\/p>\n\n\n\n<h2 class=\"wp-block-heading\">(Neustadt) &#8211; E-Scooter ohne Versicherungsschutz<\/h2>\n\n\n\n<p>Gleich zwei E-Scooter ohne Versicherungskennzeichen konnte die Polizei am Nachtmittag des 15.04.2022 im Stadtgebiet feststellen und kontrollieren. Bei den Fahrern handelte es sich einmal um 71-J\u00e4hrige aus Litauen und einmal um einen 20-J\u00e4hrigen aus dem Bereich Neustadt. Gegen beide wurden Strafanzeigen wegen des Versto\u00dfes gegen das Pflichtversicherungsgesetz eingeleitet. Auch die Fahrzeughalter m\u00fcssen mit einer Strafanzeige rechnen.<\/p>\n\n\n\n<h2 class=\"wp-block-heading\">(Bad D\u00fcrkheim) &#8211; Unfall mit Folgen<\/h2>\n\n\n\n<div class=\"wp-block-image\"><figure class=\"aligncenter size-full\"><img decoding=\"async\" loading=\"lazy\" width=\"800\" height=\"600\" src=\"https:\/\/speyer24news.com\/wp-content\/uploads\/2022\/04\/Unfallfahrzeug.jpeg\" alt=\"\" class=\"wp-image-44860\" srcset=\"https:\/\/speyer24news.com\/wp-content\/uploads\/2022\/04\/Unfallfahrzeug.jpeg 800w, https:\/\/speyer24news.com\/wp-content\/uploads\/2022\/04\/Unfallfahrzeug-300x225.jpeg 300w, https:\/\/speyer24news.com\/wp-content\/uploads\/2022\/04\/Unfallfahrzeug-768x576.jpeg 768w, https:\/\/speyer24news.com\/wp-content\/uploads\/2022\/04\/Unfallfahrzeug-678x509.jpeg 678w, https:\/\/speyer24news.com\/wp-content\/uploads\/2022\/04\/Unfallfahrzeug-326x245.jpeg 326w, https:\/\/speyer24news.com\/wp-content\/uploads\/2022\/04\/Unfallfahrzeug-80x60.jpeg 80w\" sizes=\"(max-width: 800px) 100vw, 800px\" \/><\/figure><\/div>\n\n\n\n<p>Am 17.04.2022 gegen 04:55 Uhr konnte durch eine Streife der PI Bad D\u00fcrkheim ein massiv besch\u00e4digter BMW in der Altenbacher Stra\u00dfe in Bad D\u00fcrkheim festgestellt werden. Dieser war offensichtlich mit einem Baum und einem Verkehrsschild kollidiert. Der 26-j\u00e4hrige BMW-Fahrer gab gegen\u00fcber den Beamten an, einen Sekundenschlaf gehabt zu haben. Durch die Beamten konnten Auff\u00e4lligkeiten festgestellt werden, die auf den Konsum von Bet\u00e4ubungsmitteln, durch den Unfallverursacher, schlie\u00dfen lie\u00dfen. Freiwillige Tests wurden durch den 26-J\u00e4hrigen abgelehnt. Vor Ort konnten, durch die eingesetzten Rettungssanit\u00e4ter, keine schweren Verletzungen festgestellt werden. Die eingesetzten Beamten begleiteten den Unfallverursacher mit in das Krankenhaus, wo ihm eine Blutprobe entnommen wurde. Anschlie\u00dfend wurde der Fahrer, zur weiteren Untersuchung, im Krankenhaus aufgenommen. Das Fahrzeug war nicht mehr fahrbereit. Der Schaden wird auf ca. 40.000EUR gesch\u00e4tzt. Der 22-j\u00e4hrige Beifahrer musste mit leichten Verletzungen ebenfalls ins Krankenhaus verbracht werden. Der 26-J\u00e4hrige muss sich nun im Strafverfahren verantworten. Zudem wurde sein F\u00fchrerschein vorl\u00e4ufig entzogen.<\/p>\n\n\n\n<h2 class=\"wp-block-heading\">(Gr\u00fcnstadt) &#8211; Fahren unter Bet\u00e4ubungsmitteleinfluss<\/h2>\n\n\n\n<p>Am Samstag, 16.04.2022 gegen 19:15 Uhr wurde der Fahrer eines Peugeot in der Kirchheimer Stra\u00dfe in Gr\u00fcnstadt einer Verkehrskontrolle unterzogen. Hierbei konnten die Beamten bei dem 21-j\u00e4hrigen Fahrer aus dem Landkreis Bad D\u00fcrkheim drogentypische Auffallerscheinungen feststellen. Ein anschlie\u00dfender Drogenschnelltest verlief positiv auf THC. Dem jungen Mann wurde die Weiterfahrt untersagt und ihm wurde auf der Dienststelle eine Blutprobe entnommen. Entsprechende Verfahren wegen Trunkenheit im Verkehr und Versto\u00dfes gegen das Bet\u00e4ubungsmittelgesetz wurden eingeleitet. Zudem wird die zust\u00e4ndige F\u00fchrerscheinstelle \u00fcber den Sachverhalt in Kenntnis gesetzt.<\/p>\n\n\n\n<h2 class=\"wp-block-heading\">(Frankenthal) &#8211; Aufmerksame Unfallzeugen bei Verkehrsunfallflucht<\/h2>\n\n\n\n<p>Am Samstag, 16.04.2022, ca. 09.55 Uhr, parkte der schwarze Hyundai I 30 eines 52-J\u00e4hrigen Fahrzeughalters ordnungsgem\u00e4\u00df auf einem Parkplatz in H\u00f6he Dathenushaus in der Carl-Theodor-Stra\u00dfe in Frankenthal. Zur Abstellzeit versuchte der Fahrer eines grauen VW Bora in einen benachbarten Stellplatz einzuparken und kollidierte dabei mit dem geparkten Hyundai. Nach dem Verkehrsunfall stieg der Unfallverursacher aus seinem Fahrzeug, nahm den entstandenen Schaden in Augenschein und entfernte sich im Anschluss unerlaubt vom Unfallort. Aufmerksame Unfallzeugen beobachteten den Unfallhergang, notierten sich das Kennzeichen des Unfallverursachers sowie eine Personenbeschreibung des Fahrers und verst\u00e4ndigten die Polizei. Dank der Unfallzeugen muss der Gesch\u00e4digte die Kosten von ca. 500 EUR nicht selbst tragen.<\/p>\n\n\n\n<h2 class=\"wp-block-heading\">(Frankenthal) &#8211; T\u00e4terfestnahme nach Wohnungseinbruch<\/h2>\n\n\n\n<p>Am Freitag, 15.04.2022, gegen 22.57 Uhr, wurde die Polizei Frankenthal durch den Eigent\u00fcmer eines Wohnanwesens in der Johann-Kraus-Stra\u00dfe in Frankenthal \u00fcber einen m\u00f6glichen Einbruch in sein Wohnhaus informiert. In dem Wohnhaus w\u00fcrde sich aktuell niemand berechtigt aufhalten. Von au\u00dfen k\u00f6nne er jedoch Licht in dem Anwesen feststellen. Das Anwesen wurde von mehreren Polizeibeamten umstellt. Im Au\u00dfenbereich wurde dabei unter anderem ein offenstehendes Fenster festgestellt. Bei der Durchsuchung des Hauses wurden drei T\u00e4ter festgestellt, die daraufhin aus dem Haus fl\u00fcchten wollten. Die drei T\u00e4ter konnten erfolgreich festgenommen werden. Ein T\u00e4ter warf auf der Flucht mit einem Stuhl nach einem Polizeibeamten und sprang danach aus einem Fenster. Bei dem darauffolgenden Sturz aus etwa zwei Meter H\u00f6he zog er sich Verletzungen zu, die in einem Krankenhaus versorgt wurden. Ein Polizeibeamter erlitt durch den Wurf mit dem Stuhl Prellungen. Die H\u00f6he des Diebesgutes konnte bislang noch nicht beziffert werden.<\/p>\n\n\n\n<h2 class=\"wp-block-heading\">(Ludwigshafen) &#8211; Aggressiver und betrunkener Randalierer<\/h2>\n\n\n\n<div class=\"wp-block-image\"><figure class=\"aligncenter size-full\"><img decoding=\"async\" loading=\"lazy\" width=\"800\" height=\"425\" src=\"https:\/\/speyer24news.com\/wp-content\/uploads\/2020\/12\/Taser-PI-LU.jpg\" alt=\"\" class=\"wp-image-31596\" srcset=\"https:\/\/speyer24news.com\/wp-content\/uploads\/2020\/12\/Taser-PI-LU.jpg 800w, https:\/\/speyer24news.com\/wp-content\/uploads\/2020\/12\/Taser-PI-LU-300x159.jpg 300w, https:\/\/speyer24news.com\/wp-content\/uploads\/2020\/12\/Taser-PI-LU-768x408.jpg 768w\" sizes=\"(max-width: 800px) 100vw, 800px\" \/><\/figure><\/div>\n\n\n\n<p>In der Nacht vom 16.04.2022 auf den 17.04.2022 wurden mehrere randalierende Jugendliche am Hallenbad der Hermann-Hesse-Stra\u00dfe gemeldet. Bei Eintreffen der Polizei, ging ein augenscheinlich stark alkoholisierter heranwachsender Ludwigshafener bedrohlich und aggressiv auf die Beamten los. Trotz mehrfacher verbaler Aufforderung stehen zu bleiben und unter Androhung des Distanzelektroimpulsger\u00e4tes (&#8222;Taser&#8220;), setzte der Heranwachsende sein Handeln dennoch fort. Mittels &#8222;Tasereinsatz&#8220; konnte ein Angriff des Heranwachsenden verhindert werden. Der Heranwachsende wurde anschlie\u00dfend, auf Grund seines Tabletten- und Alkoholkonsums, zur \u00dcberwachung ins Krankenhaus &#8222;Zum guten Hirten&#8220; verbracht. Es wurde niemand verletzt.<\/p>\n\n\n\n<h2 class=\"wp-block-heading\">(Ludwigshafen) &#8211; Mit 2,63 Promille Unfall verursacht<\/h2>\n\n\n\n<p>Am Samstagabend des 16.04.2022 um 20:05 Uhr kam es in der Industriestra\u00dfe zu einem Auffahrunfall. Im Rahmen der Unfallaufnahme stellten die Beamten bei den beiden Insassen des unfallverursachenden PKW eine Beeinflussung durch Alkohol fest. Der Atemalkoholtest des 51j\u00e4hrigen, aus Hessen stammenden, Fahrers ergab einen Wert von 2,63 Promille. Die 49j\u00e4hrige, aus Ludwigshafen stammende, Beifahrerin hingegen gab an, selbst gefahren zu sein. Beiden Insassen wurde eine Blutprobe entnommen und Anzeigen wegen Stra\u00dfenverkehrsgef\u00e4hrdung und versuchter Strafvereitelung gefertigt. Ebenso wurde eine Anzeige wegen des Versto\u00dfes gegen das Waffengesetz aufgenommen, da im unfallverursachenden PKW ein sogenanntes Butterflymesser vorgefunden wurde. Insgesamt entstand ein Sachschaden von ca. 10 000 EUR.<\/p>\n\n\n\n<p>Zeugen des Vorfalls werden gebeten sich bei der Polizeiinspektion 2 unter der 0621-9632222 zu melden.<\/p>\n\n\n\n<h2 class=\"wp-block-heading\">(Ludwigshafen) &#8211; Verkehrsunfallflucht<\/h2>\n\n\n\n<p>Am Samstag, den 16.04.2022, kam es zwischen 14:00 Uhr &#8211; 16:30 Uhr zu einer Verkehrsunfallflucht in der St\u00fctzelstra\u00dfe. Demnach besch\u00e4digte, nach ersten Ermittlungen, ein Fahrradfahrer den geparkten grauen Mercedes-Benz eines Anwohners. Es entstand Sachschaden am Mercedes in H\u00f6he von 1500EUR.<\/p>\n\n\n\n<p>Zeugen werden gebeten sich bei der Polizeiinspektion 2 unter der 0621-9632222 zu melden.<\/p>\n\n\n\n<h2 class=\"wp-block-heading\">(Ludwigshafen) &#8211; Trunkenheit im Verkehr<\/h2>\n\n\n\n<p>Zwecks Ahndung eines Gurtversto\u00dfes wurde durch eine Funkstreifenwagenbesatzung der Polizeiinspektion Ludwigshafen 1 am Samstagnachmittag, 16.04.2022, um 15:48 Uhr mit dem 57-j\u00e4hrigen Fahrer eines PKW im Stadtteil Gartenstadt eine anlassbedingte Verkehrskontrolle durchgef\u00fchrt. Im Rahmen dessen konnte Atemalkoholgeruch bei dem 57-J\u00e4hrigen festgestellt werden. Ein im Anschluss unter freiwilliger Mitwirkung durchgef\u00fchrter Atemalkoholtest ergab einen Wert von 1,1 Promille, weshalb dem PKW Fahrer aufgrund des Tatverdachts der Trunkenheit im Verkehr eine Blutprobe entnommen wurde.<\/p>\n\n\n\n<h2 class=\"wp-block-heading\">(Ludwigshafen) &#8211; Verkehrsunfall mit Personenschaden<\/h2>\n\n\n\n<p>In Folge unzureichenden Sicherheitsabstands kam es am Samstagnachmittag, 16.04.2022, gegen 14:30 Uhr auf dem Beschleunigungsstreifen der Auffahrt zur B37 Fahrtrichtung Mannheim von der Bruchwiesenstra\u00dfe in Ludwigshafen am Rhein kommend zum Auffahrunfall zweier PKW. Aufgrund der Gew\u00e4hrung des durchgehenden Verkehrs musste die vorausfahrende 36-J\u00e4hrige verkehrsbedingt abbremsen, woraufhin der 38-J\u00e4hrige Unfallverursacher ihr auffuhr. In Folge dessen wurde die 36-J\u00e4hrige leicht verletzt und zur weiteren medizinischen Behandlung in ein umliegendes Krankenhaus verbracht. Der Unfallverursacher blieb unverletzt. An beiden PKW entstand Gesamtsachschaden in H\u00f6he von ca. 3000 Euro.<\/p>\n\n\n\n<h2 class=\"wp-block-heading\">(Mannheim) &#8211; Schwerer Verkehrsunfall zwischen zwei PKW mit sechs zum Teil schwer verletzten Personen in der Wachenburgstra\u00dfe \/ Polizei und Rettungsdienst vor Ort im Einsatz<\/h2>\n\n\n\n<div class=\"wp-block-image\"><figure class=\"aligncenter size-full\"><img decoding=\"async\" loading=\"lazy\" width=\"640\" height=\"428\" src=\"https:\/\/speyer24news.com\/wp-content\/uploads\/2021\/02\/Feuerwehr-Polizei.jpg\" alt=\"\" class=\"wp-image-33096\" srcset=\"https:\/\/speyer24news.com\/wp-content\/uploads\/2021\/02\/Feuerwehr-Polizei.jpg 640w, https:\/\/speyer24news.com\/wp-content\/uploads\/2021\/02\/Feuerwehr-Polizei-300x201.jpg 300w\" sizes=\"(max-width: 640px) 100vw, 640px\" \/><\/figure><\/div>\n\n\n\n<h3 class=\"has-text-align-center wp-block-heading\">Pressemeldung Nr. 1<\/h3>\n\n\n\n<p>Am Sonntagmittag gegen 14:00 Uhr ereignete sich in der Wachenburgstra\u00dfe in Mannheim ein Verkehrsunfall zwischen zwei Fahrzeugen, bei dem mehrere Personen verletzt wurden. \u00dcber die Schwere der Verletzungen liegen zum aktuellen Zeitpunkt noch keine Informationen vor. Polizei und Rettungskr\u00e4fte befinden sich aktuell vor Ort im Einsatz. Die Wachenburgstra\u00dfe ist aktuell zwischen Pfingstberg und Rheinau in beide Fahrtrichtungen gesperrt.<\/p>\n\n\n\n<h3 class=\"has-text-align-center wp-block-heading\">Pressemeldung Nr. 2<\/h3>\n\n\n\n<p>Am Sonntagmittag gegen ca. 14:00 Uhr kam es in der Wachenburgstra\u00dfe in Mannheim zu einem schweren Verkehrsunfall zwischen zwei PKW, bei dem insgesamt sechs Personen zum Teil schwer verletzt wurden. Der 53-j\u00e4hrige Fahrer eines BMW befuhr die Wachenburgstra\u00dfe zun\u00e4chst in Richtung Mannheim-Rheinau, als er sein Fahrzeug kurz vor der \u00dcberleitung zur B36 auf der Fahrbahn wenden wollte. Der von hinten herannahende 35-j\u00e4hrige Fahrer eines Opel, der nach aktuellem Ermittlungsstand vermutlich mit \u00fcberh\u00f6hter Geschwindigkeit unterwegs war, konnte sein Fahrzeug nicht rechtzeitig zum stehen bringen und kollidierte mit dem wendenden BMW. Der Opel wurde durch den Aufprall nach links abgewiesen, wo er nach dem Zusammensto\u00df mit einem am Fahrbahnrand geparkten Transporter schlie\u00dflich zum Stehen kam, w\u00e4hrend der BMW nach rechts abgewiesen wurde und am dortigen Fahrbahnrand stehen blieb. Der BMW-Fahrer wurde durch den Unfall leicht verletzt, w\u00e4hrend seine beiden Mitfahrerinnen gl\u00fccklicherweise unverletzt blieben. Vier der insgesamt f\u00fcnf Insassen des Opel, darunter auch zwei Kinder, wurden mindestens leicht, die Beifahrerin lebensgef\u00e4hrlich verletzt. Die insgesamt sechs verletzten Personen wurden vor Ort durch Rettungskr\u00e4fte versorgt und in umliegende Krankenh\u00e4user eingeliefert. Insgesamt entstand ein Sachschaden in H\u00f6he von ca. 50.000 Euro. Der Verkehrsdienst der Polizei Mannheim hat die Ermittlungen zum Unfallhergang aufgenommen.<\/p>\n\n\n\n<p>Zeugen, die den Unfall beobachtet haben und sachdienliche Informationen zum Unfallhergang machen k\u00f6nnen, werden gebeten, sich mit dem Verkehrsdienst der Polizei Mannheim unter der Telefonnummer 0621\/174-4220 in Verbindung zu setzen.<\/p>\n\n\n\n<h2 class=\"wp-block-heading\">(Mannheim-K\u00e4fertal) &#8211; Unfallflucht \/ Polizei sucht Zeugen<\/h2>\n\n\n\n<p>Im Zeitraum zwischen dem 14.04 und 16.04.2022 ereignete sich in der Ziehtenstrasse in Mannheim-K\u00e4fertal eine Verkehrsunfallflucht. Ein bislang unbekannter PKW-Fahrer besch\u00e4digte mit seinem Fahrzeug, einen ordnungsgem\u00e4\u00df geparkten Skoda. Dieser wurde durch den Zusammensto\u00df an der linken vorderen Sto\u00dfstange besch\u00e4digt. Der Unfallverursacher entfernte sich unerlaubt vom Unfallort und kam seiner Anzeigepflicht nicht nach. Der entstandene Sachschaden bel\u00e4uft sich auf ca. 1300EUR. Zeugen die auf den Unfall aufmerksam geworden sind, werden gebeten, sich beim Polizeirevier Mannheim-K\u00e4fertal, Tel.: 0621\/718490 zu melden.<\/p>\n\n\n\n<h2 class=\"wp-block-heading\">(Walldorf \/ Rhein-Neckar-Kreis) &#8211; Fahrzeug \u00fcberschl\u00e4gt sich mehrfach \/ Zwei Personen leicht verletzt<\/h2>\n\n\n\n<p>Am fr\u00fchen Sonntagmorgen, gegen 04.00 Uhr, ereignete sich auf der L723 zwischen Walldorf und Wiesloch ein Verkehrsunfall mit einem BMW. Nach derzeitigem Ermittlungsstand befuhr der 27-j\u00e4hrige BMW-Fahrer die L723 von der Autobahn A5 kommend in Richtung Wiesloch und \u00fcberholte auf H\u00f6he der Dietmar-Hopp-Allee ein auf dem rechten Fahrstreifen fahrenden Pkw. Nach dem \u00dcberholvorgang verlor der 27-J\u00e4hrige auf Grund \u00fcberh\u00f6hter Geschwindigkeit die Kontrolle \u00fcber das Fahrzeug, kam auf den Gr\u00fcnstreifen und besch\u00e4digte dort mehrere Verkehrsschilder. Im weiteren Verlauf \u00fcberschlug sich der BMW mehrfach und kam im Kreuzungsbereich der Wieslocher Stra\u00dfe auf der Seite liegend zum Stehen. Das Tr\u00fcmmerfeld erstreckte sich auf eine Strecke von \u00fcber 250 Metern. Der Fahrer des BMWs und sein 25-j\u00e4hriger Beifahrer wurden bei dem Unfall leicht verletzt und kamen in \u00f6rtliche Krankenh\u00e4user. An dem BMW entstand Totalschaden, die Schadensh\u00f6he bel\u00e4uft sich auf ca. 20.000 Euro. F\u00fcr die Dauer der Unfallaufnahme blieb die L723 in Richtung Wiesloch gesperrt. Die Sperrung konnte kurz vor 07.00 Uhr aufgehoben werden. Der Rettungsdienst, die Freiwillige Feuerwehr Walldorf sowie das Polizeirevier Wiesloch befanden sich im Einsatz.<\/p>\n\n\n\n<h2 class=\"wp-block-heading\">(Altlu\u00dfheim \/ Rhein-Neckar-Kreis) &#8211; Diesel aus LKW abgezapft \/ Zwei Tatverd\u00e4chtige festgenommen<\/h2>\n\n\n\n<div class=\"wp-block-image\"><figure class=\"aligncenter size-full\"><img decoding=\"async\" loading=\"lazy\" width=\"800\" height=\"533\" src=\"https:\/\/speyer24news.com\/wp-content\/uploads\/2021\/10\/Festnahme-Handschellen.jpg\" alt=\"\" class=\"wp-image-41224\" srcset=\"https:\/\/speyer24news.com\/wp-content\/uploads\/2021\/10\/Festnahme-Handschellen.jpg 800w, https:\/\/speyer24news.com\/wp-content\/uploads\/2021\/10\/Festnahme-Handschellen-300x200.jpg 300w, https:\/\/speyer24news.com\/wp-content\/uploads\/2021\/10\/Festnahme-Handschellen-768x512.jpg 768w\" sizes=\"(max-width: 800px) 100vw, 800px\" \/><\/figure><\/div>\n\n\n\n<p>In der Nacht von Samstag auf Sonntag, gegen 00.30 Uhr, beobachtete in der Gersdorfer Stra\u00dfe ein aufmerksamer Zeuge vier M\u00e4nner, die sich an einem LKW zu schaffen machten und Diesel abzapften. Der Zeuge verst\u00e4ndigte daraufhin umgehend die Polizei. Noch vor Eintreffen der Polizeistreifen fl\u00fcchteten die Personen. Das Tatwerkzeug lie\u00dfen sie jedoch zur\u00fcck. Bei der anschlie\u00dfenden Fahndung konnten mit Hilfe der Personenbeschreibung zwei Tatverd\u00e4chtige festgenommen werden. Die zwei M\u00e4nner wiesen zudem deutlichen Dieselgeruch auf. Bei dem LKW stand noch ein Audi, mit dem die M\u00e4nner unterwegs waren. In diesem befanden sich mehrere 20-Liter-Kanister, einer war bereits zum Teil mit Diesel gef\u00fcllt. W\u00e4hrend der Fahndung konnte in der n\u00e4heren Umgebung zum Tatort noch ein LKW mit aufgebrochenem Tank festgestellt werden, sowie ein weiterer PKW mit mehreren Kanistern. Die beiden Autos wurden durch die Polizei sichergestellt und abgeschleppt. Die Tatverd\u00e4chtigen wurden nach Abschluss der polizeilichen Ma\u00dfnahmen wieder auf freien Fu\u00df entlassen.<\/p>\n\n\n\n<h2 class=\"wp-block-heading\">(Wiesloch \/ Rhein-Neckar-Kreis) &#8211; Radfahrer angefahren, Zeugen gesucht<\/h2>\n\n\n\n<p>Nach jetzigen Erkenntnissen ereignete sich am 16.04.22 gegen 17:30 Uhr in Wiesloch in der Messplatzstra\u00dfe ein Verkehrsunfall. Ein 41-j\u00e4hriger Radfahrer wollte an der dortigen Ampel die Stra\u00dfe \u00fcberqueren. Als die Ampel f\u00fcr ihn gr\u00fcn anzeigte sei er losgefahren. Mitten auf der Fahrbahn, sei pl\u00f6tzlich ein schwarzer PKW auf ihn zugefahren, der aus Richtung der ESSO-Tankstelle gekommen sei. Bei dem Versuch dem Fahrzeug auszuweichen, sei es dann zum Zusammensto\u00df gekommen. Der Radfahrer stie\u00df mit dem Kopf seitlich an das Dach des PKW\u00b4s, zu einem Sturz sei es aber nicht gekommen. Der Radfahrer musste sich danach in \u00e4rztliche Behandlung begeben. Der schwarze PKW, vermutlich ein Daimler-Benz sei ohne anzuhalten, einfach weitergefahren. Zeugen, die sachdienliche Angaben zu dem Unfall machen k\u00f6nnen, werden gebeten, sich bei dem Revier in Wiesloch unter der Tel: 06222 \/ 57090 zu melden.<\/p>\n\n\n\n<h2 class=\"wp-block-heading\">(Sinsheim \/ Rhein-Neckar-Kreis) &#8211; Verkehrsunfall mit anschlie\u00dfender Unfallflucht<\/h2>\n\n\n\n<p>Am Samstag ereignete sich gegen 21:40 Uhr auf der B39 bei Sinsheim ein Verkehrsunfall. Dort war ein LKW zwischen Kirchhardt und Steinsfurt unterwegs, als eine 18-j\u00e4hrige PKW Fahrerin in einer langgezogenen Kurve versuchte den LKW zu \u00fcberholen. Hierbei \u00fcbersah sie aber den ihr entgegenkommenden 25-j\u00e4hrigen PKW-Fahrer mit seinem Renault und kollidierte mit diesem auf H\u00f6he des LKW\u00b4s. Dem Renault Fahrer gelang es noch seitlich etwas auszuweichen um so einen Frontalzusammensto\u00df zu verhindern. Der Kleinwagen der 18-j\u00e4hrigen wurde zwischen dem Renault und dem LKW eingeklemmt und an beiden Seiten besch\u00e4digt. Der LKW Fahrer setzte seine Fahrt fort ohne anzuhalten. Ob er den Unfall bemerkt hat, ist derzeit Gegenstand der Ermittlungen. Der LKW-Fahrer ist jedoch ein wichtiger Zeuge und wird gebeten sich telefonisch mit dem Polizeirevier in Sinsheim unter der Tel. 07261-6900 zu melden. Die Ermittlungen zu dem Unfallhergang hat das Revier Sinsheim aufgenommen.<\/p>\n\n\n\n<h2 class=\"wp-block-heading\">(Weinheim \/ Rhein-Neckar-Kreis) &#8211; Dachstuhlbrand schnell unter Kontrolle und gel\u00f6scht<\/h2>\n\n\n\n<p>Aus bisher unbekannter Ursache ist es in der Grundelbachstra\u00dfe in Weinheim in einem Mehrfamilienhaus im Dachstuhl zu einer Brandentwicklung gekommen. Die Feuerwehr konnte nach kurzer Zeit ein Glutnest im Bereich des Dachbodens ausfindig machen und dieses auch l\u00f6schen. Personen kamen nicht zu Schaden, auch der Sachschaden f\u00e4llt mit Sch\u00e4tzungsweise ca. 6000 Euro gl\u00fccklicherweise gering aus. Die genauen Umst\u00e4nde, die zu dem Brand gef\u00fchrt haben, werden von den Brandermittlern des zust\u00e4ndigen Polizeireviers in Weinheim gekl\u00e4rt werden m\u00fcssen. Die Feuerwehr Weinheim war mit 6 Fahrzeugen und 24 Mann vor Ort.<\/p>\n","protected":false},"excerpt":{"rendered":"<div class=\"mh-excerpt\"><p>Polizeimeldungen vom Sonntag (17.04.2022) (Speyer) &#8211; Schl\u00e4gereien auf der Fr\u00fchjahrsmesse Am 16.04.22 gegen 17:45 Uhr kam es auf dem Gel\u00e4nde der Fr\u00fchjahrsmesse zu einer Schl\u00e4gerei zwischen zwei m\u00e4nnlichen Personen. Aufgrund einer angeblich nicht get\u00e4tigten Fahrt <a class=\"mh-excerpt-more\" href=\"https:\/\/speyer24news.com\/?p=44859\" title=\"Polizei\">[&#8230;]<\/a><\/p>\n<\/div>","protected":false},"author":3,"featured_media":26162,"comment_status":"open","ping_status":"open","sticky":false,"template":"","format":"standard","meta":{"_monsterinsights_skip_tracking":false,"_monsterinsights_sitenote_active":false,"_monsterinsights_sitenote_note":"","_monsterinsights_sitenote_category":0,"footnotes":""},"categories":[12],"tags":[7243,7244,3614,702,61,2555,6955,6986,6263,63,105,11150,6987,53,4854,13534,4683,1548,4905,11592,102,213,13541,55,6368,5261,103,106,2803,2423,427,2625,380,62,104,979,1565],"aioseo_notices":[],"amp_enabled":true,"_links":{"self":[{"href":"https:\/\/speyer24news.com\/index.php?rest_route=\/wp\/v2\/posts\/44859"}],"collection":[{"href":"https:\/\/speyer24news.com\/index.php?rest_route=\/wp\/v2\/posts"}],"about":[{"href":"https:\/\/speyer24news.com\/index.php?rest_route=\/wp\/v2\/types\/post"}],"author":[{"embeddable":true,"href":"https:\/\/speyer24news.com\/index.php?rest_route=\/wp\/v2\/users\/3"}],"replies":[{"embeddable":true,"href":"https:\/\/speyer24news.com\/index.php?rest_route=%2Fwp%2Fv2%2Fcomments&post=44859"}],"version-history":[{"count":1,"href":"https:\/\/speyer24news.com\/index.php?rest_route=\/wp\/v2\/posts\/44859\/revisions"}],"predecessor-version":[{"id":44861,"href":"https:\/\/speyer24news.com\/index.php?rest_route=\/wp\/v2\/posts\/44859\/revisions\/44861"}],"wp:featuredmedia":[{"embeddable":true,"href":"https:\/\/speyer24news.com\/index.php?rest_route=\/wp\/v2\/media\/26162"}],"wp:attachment":[{"href":"https:\/\/speyer24news.com\/index.php?rest_route=%2Fwp%2Fv2%2Fmedia&parent=44859"}],"wp:term":[{"taxonomy":"category","embeddable":true,"href":"https:\/\/speyer24news.com\/index.php?rest_route=%2Fwp%2Fv2%2Fcategories&post=44859"},{"taxonomy":"post_tag","embeddable":true,"href":"https:\/\/speyer24news.com\/index.php?rest_route=%2Fwp%2Fv2%2Ftags&post=44859"}],"curies":[{"name":"wp","href":"https:\/\/api.w.org\/{rel}","templated":true}]}}