{"id":44877,"date":"2022-04-17T18:29:08","date_gmt":"2022-04-17T17:29:08","guid":{"rendered":"https:\/\/speyer24news.com\/?p=44877"},"modified":"2022-04-17T18:29:10","modified_gmt":"2022-04-17T17:29:10","slug":"hassloch-112","status":"publish","type":"post","link":"https:\/\/speyer24news.com\/?p=44877","title":{"rendered":"Ha\u00dfloch"},"content":{"rendered":"<style type=\"text\/css\">\r\n\t.ads_top_disp{}\r\n\t.ads_top_corner_disp{ float:left; margin:0px 10px 10px 0px; }\r\n\t.ads_first_p_disp{}\r\n\t.ads_bottom_disp{}\r\n\t<\/style>\n<h2 class=\"wp-block-heading\">Neuer Musikschulbeirat gew\u00e4hlt<\/h2>\n\n\n\n<div class=\"wp-block-image\"><figure class=\"aligncenter size-full\"><img decoding=\"async\" loading=\"lazy\" width=\"400\" height=\"242\" src=\"https:\/\/speyer24news.com\/wp-content\/uploads\/2019\/12\/Hassloch-Musikschule.png\" alt=\"\" class=\"wp-image-23475\" srcset=\"https:\/\/speyer24news.com\/wp-content\/uploads\/2019\/12\/Hassloch-Musikschule.png 400w, https:\/\/speyer24news.com\/wp-content\/uploads\/2019\/12\/Hassloch-Musikschule-300x182.png 300w\" sizes=\"(max-width: 400px) 100vw, 400px\" \/><\/figure><\/div>\n\n\n\n<p>Im Rahmen der Feierlichkeiten zur Zertifizierung der Musikschule zur \u201eGesunden Musikschule\u201c wurde auch ein neuer Musikschulbeirat gew\u00e4hlt. Der Beirat hat die Aufgabe, die Interessen der Sch\u00fclerinnen und Sch\u00fcler und ihrer Erziehungsberechtigten gegen\u00fcber dem Tr\u00e4ger zu vertreten.<\/p>\n\n\n\n<p>Der neu gew\u00e4hlte Musikschulbeirat besteht aus f\u00fcnf Mitgliedern und einem Vertreter. Das sind Dr. J\u00f6rg Zintl, Thorsten Heck, Tanja Gleich, Daniela Nestler-Scherr, Boris Wagner Peterson und Dimitri Kolios. Nahezu alle Mitglieder kennen die Arbeit im Beirat, da sie auch im bisherigen Beirat vertreten waren. Neu im Bund ist Dimitri Kolios, der sich erstmals hat aufstellen lassen. Alter und neuer Vorsitzender des Beirats ist Dr. J\u00f6rg Zintl, den Posten des stellvertretenden Vorsitzenden \u00fcbernimmt Thorsten Heck.<\/p>\n\n\n\n<p>Der Musikschulbeirat wurde f\u00fcr die Dauer von drei Jahren gew\u00e4hlt. Wahlberechtigt und w\u00e4hlbar waren die Erziehungsberechtigten der minderj\u00e4hrigen Sch\u00fclerinnen und Sch\u00fcler sowie alle vollj\u00e4hrigen Sch\u00fclerinnen und Sch\u00fcler.<\/p>\n\n\n\n<p>Die Arbeit des Musikschulbeirats besteht laut dem Vorsitzenden Dr. J\u00f6rg Zintl aus einem Dialog mit der Musikschulleitung sowie der Moderation bei Differenzen zwischen Sch\u00fclern und Lehrkr\u00e4ften, wobei es diese in der Vergangenheit kaum gegeben h\u00e4tte. Er beschreibt die Kommunikationskultur an der Musikschule als sehr gut und freut sich mit seinen Beiratskollegen auf die neue Amtszeit. Auch Musikschulleiterin Tatjana Geiger gratulierte dem neu gew\u00e4hlten Beirat und setzt weiterhin auf ein gutes Miteinander und einen regen Austausch.<\/p>\n\n\n\n<p><em>Gemeindeverwaltung Ha\u00dfloch<br>14.04.2022<\/em><\/p>\n\n\n\n<h2 class=\"wp-block-heading\">\u201eDemenz\u2010Partner&#8220; werden \u2013 Basisschulung in Ha\u00dfloch am 19. Mai 2022<\/h2>\n\n\n\n<div class=\"wp-block-image\"><figure class=\"aligncenter size-full\"><a href=\"www.demenz-partner.de\"><img decoding=\"async\" loading=\"lazy\" width=\"800\" height=\"400\" src=\"https:\/\/speyer24news.com\/wp-content\/uploads\/2022\/04\/Demenz-Partner-Logo.png\" alt=\"\" class=\"wp-image-44880\" srcset=\"https:\/\/speyer24news.com\/wp-content\/uploads\/2022\/04\/Demenz-Partner-Logo.png 800w, https:\/\/speyer24news.com\/wp-content\/uploads\/2022\/04\/Demenz-Partner-Logo-300x150.png 300w, https:\/\/speyer24news.com\/wp-content\/uploads\/2022\/04\/Demenz-Partner-Logo-768x384.png 768w\" sizes=\"(max-width: 800px) 100vw, 800px\" \/><\/a><\/figure><\/div>\n\n\n\n<p>In Deutschland leiden rund 1,7 Millionen Menschen an Demenz.\u00a0 Die meisten von ihnen sind 65 Jahre und \u00e4lter. Mit der Veranstaltung \u201eDemenz-Partner\u201c, welche an die weltweiten Aktivit\u00e4ten der Aktion Dementia Friends ankn\u00fcpft, soll den Teilnehmern der richtige Umgang mit Dementen n\u00e4her gebracht werden. In einem 90 min\u00fctigen Kompaktkurs erlernt man die Grundlagen zu dem Krankheitsbild (wie beispielsweise Form, Symptome usw.), denn Menschen mit solch einer Erkrankung brauchen ein sensibles und informiertes Umfeld. \u201eNeben Kenntnissen zum Krankheitsbild werden in erster Linie alltagspraktische Tipps zum Umgang mit Menschen mit Demenz vermittelt\u201c, erkl\u00e4rt der zust\u00e4ndige Beigeordnete Claus Wolfer und freut sich daher, dass die Deutsche Alzheimer Gesellschaft die Schulung \u201eDemenz-Partner\u201c auch in Ha\u00dfloch anbietet.<\/p>\n\n\n\n<p>Die Schulung ist kostenlos und findet am 19. Mai 2022 um 19:00 Uhr im Kulturviereck, Gillergasse 14, statt. Angesprochen sind alle Interessierten, die mehr \u00fcber das Thema Demenz und den Umgang mit Demenzerkrankten erfahren m\u00f6chten. Referentin ist Dr. rer. nat. Claudia Krack, Vorst\u00e4ndin der Alzheimer Gesellschaft Rheinland-Pfalz e.V. Aus organisatorischen Gr\u00fcnden wird um eine Anmeldung im Ha\u00dflocher Seniorenb\u00fcro bei Beate Gebhard-Diehl unter Tel. 06324\u2010935\u2010359 oder bei <a href=\"mailto:beate.gebhard-diehl@hassloch.de\">beate.gebhard-diehl@hassloch.de<\/a> gebeten.<\/p>\n\n\n\n<p>Schulungen der beschriebenen Art f\u00fchrt die Deutsche Alzheimer Gesellschaft bereits seit einigen Jahren an vielen Orten in Deutschland durch. Ziel ist das Thema Demenz in die Mitte der Gesellschaft zu tragen, das Wissen in der Bev\u00f6lkerung zum Thema Demenz zu mehren sowie Hemmschwellen gegen\u00fcber Menschen mit Demenz abzubauen. Weitere Informationen zur Initiative finden Sie unter <a href=\"http:\/\/www.demenz-partner.de\">www.demenz-partner.de<\/a>.<\/p>\n\n\n\n<p><em>Gemeindeverwaltung Ha\u00dfloch<br>14.04.2022<\/em><\/p>\n\n\n\n<h2 class=\"wp-block-heading\">\u201eAn der Fohlenweide\u201c ist erste Ha\u00dflocher Fahrradstra\u00dfe<\/h2>\n\n\n\n<div class=\"wp-block-image\"><figure class=\"aligncenter size-full\"><img decoding=\"async\" loading=\"lazy\" width=\"800\" height=\"533\" src=\"https:\/\/speyer24news.com\/wp-content\/uploads\/2022\/04\/Fahrrad.jpg\" alt=\"\" class=\"wp-image-44879\" srcset=\"https:\/\/speyer24news.com\/wp-content\/uploads\/2022\/04\/Fahrrad.jpg 800w, https:\/\/speyer24news.com\/wp-content\/uploads\/2022\/04\/Fahrrad-300x200.jpg 300w, https:\/\/speyer24news.com\/wp-content\/uploads\/2022\/04\/Fahrrad-768x512.jpg 768w\" sizes=\"(max-width: 800px) 100vw, 800px\" \/><\/figure><\/div>\n\n\n\n<p>Die Stra\u00dfe \u201eAn der Fohlenweide\u201c ist Ha\u00dflochs erste Fahrradstra\u00dfe. Auf dem rund einen Kilometer langen Abschnitt zwischen Kirchgasse und Rennbahnstra\u00dfe hat sich der motorisierte Verkehr unterzuordnen und darf den Radverkehr nicht behindern. Ebenso ist es Radfahrenden gestattet, nebeneinander zu fahren. Die zul\u00e4ssige H\u00f6chstgeschwindigkeit im Streckenabschnitt der Fahrradstra\u00dfe betr\u00e4gt 30 km\/h. Beginn und Ende der Fahrradstra\u00dfe ist durch entsprechende Schilder gekennzeichnet.<\/p>\n\n\n\n<h4 class=\"wp-block-heading\">Kurz zusammengefasst gilt in der Fahrradstra\u00dfe:<\/h4>\n\n\n\n<ul><li><strong>Vorrang f\u00fcr Radfahrer<\/strong><\/li><li><strong>Radfahrende d\u00fcrfen nebeneinander fahren<\/strong><\/li><li><strong>Rechtsfahrgebot f\u00fcr alle Verkehrsteilnehmer<\/strong><\/li><li><strong>Rechts-vor-Links-Regel gilt f\u00fcr alle Verkehrsteilnehmer<\/strong><\/li><li><strong>Tempo 30 f\u00fcr alle Verkehrsteilnehmer<\/strong><\/li><li><strong>\u00dcberholen mit 1,50 Metern Mindestabstand erlaubt<\/strong><\/li><li><strong>Parken in erlaubten Bereichen m\u00f6glich<\/strong><\/li><\/ul>\n\n\n\n<p>Die Umfirmierung zur Fahrradstra\u00dfe erfolgte im Zusammenhang mit der Ausbauma\u00dfnahme in der zweiten H\u00e4lfte des vergangenen Jahres. Da die Stra\u00dfe \u201eAn der Fohlenweide\u201c in das gro\u00dfr\u00e4umige Radwegenetz des Landes Rheinland-Pfalz eingebettet und Bestandteil der Radverbindung von Lachen-Speyerdorf weiter in Richtung Iggelheim ist, war der Ausbau der Stra\u00dfe im Fall einer Umwidmung zur Fahrradstra\u00dfe f\u00f6rderf\u00e4hig. So wurden die f\u00f6rderf\u00e4higen Baukosten der rund 570.000 Euro teuren Stra\u00dfenausbauma\u00dfnahme zu 80 Prozent durch das Land bezuschusst. Der Bauausschuss hatte die Arbeiten im Mai 2021 einstimmig vergeben. Die Ausf\u00fchrung begann im Juni vergangenen Jahres und konnte im Dezember abgeschlossen werden.<\/p>\n\n\n\n<p>Eine Sanierung der Stra\u00dfe \u201eAn der Fohlenweide\u201c zwischen Rennbahnstra\u00dfe und der Einfahrt zum Naturfreundehaus war aufgrund ihres maroden Zustandes erforderlich. Zun\u00e4chst wurde der marode Asphaltbelag vollst\u00e4ndig herausgenommen und anschlie\u00dfend durch Betonpflaster ersetzt. Die Pflasterung bietet den Vorteil, dass Wurzelsch\u00e4den bei einer gepflasterten Fahrbahn k\u00fcnftig deutlich schneller behoben werden k\u00f6nnen als bei einer asphaltierten Stra\u00dfe. Da der Bereich \u201eAn der Fohlenweide\u201c einen hohen Baumbestand aufweist, sind entsprechende Wurzelsch\u00e4den nicht auszuschlie\u00dfen. Der Bereich zwischen Naturfreundehaus und Kirchgasse wurde bereits im Jahr 2019 saniert. Auch hier hatte man auf Betonpflaster gesetzt.<\/p>\n\n\n\n<p>Die Umwidmung der Stra\u00dfe \u201eAn der Fohlenweide\u201c zur Fahrradstra\u00dfe bietet aus Sicht der Verwaltung einen doppelten Mehrwert. Zum einen wurde eine ohnehin anstehende Stra\u00dfenausbauma\u00dfnahme durch einen sechsstelligen Landeszuschuss gef\u00f6rdert, und zum anderen erhalten Radfahrer Vorrang auf einem Streckenabschnitt, der aufgrund seiner unmittelbaren N\u00e4he zum Wald eine gern genommene Route f\u00fcr Naherholungssuchende ist.<\/p>\n\n\n\n<p><em>Gemeindeverwaltung Ha\u00dfloch<br>13.04.2022<\/em><\/p>\n\n\n\n<h2 class=\"wp-block-heading\">Freiwilligentag in der Metropolregion<\/h2>\n\n\n\n<h3 class=\"wp-block-heading\">Auch Ha\u00dflocher Vereine und Einrichtungen sind aufgerufen, Projekte anzumelden<\/h3>\n\n\n\n<div class=\"wp-block-image\"><figure class=\"aligncenter size-full\"><img decoding=\"async\" loading=\"lazy\" width=\"350\" height=\"346\" src=\"https:\/\/speyer24news.com\/wp-content\/uploads\/2020\/06\/Wir-schaffen-was.png\" alt=\"\" class=\"wp-image-28263\" srcset=\"https:\/\/speyer24news.com\/wp-content\/uploads\/2020\/06\/Wir-schaffen-was.png 350w, https:\/\/speyer24news.com\/wp-content\/uploads\/2020\/06\/Wir-schaffen-was-300x297.png 300w\" sizes=\"(max-width: 350px) 100vw, 350px\" \/><\/figure><\/div>\n\n\n\n<p>Am 17. September 2022 hei\u00dft es wieder: Wir schaffen was! Bei der achten Auflage des Freiwilligentages wird die gesamte Rhein-Neckar-Region in Bewegung versetzt, um Herzensw\u00fcnsche von Vereinen, Kinderg\u00e4rten, Schulen und anderen Organisationen zu erf\u00fcllen. Beim letzten Freiwilligentag im Jahr 2020 engagierten sich auf diesem Weg rund 4.500 Menschen in 298 Projekten.<\/p>\n\n\n\n<p>Der Beigeordnete und Vereinsdezernent Claus Wolfer ermutigt Ha\u00dflocher Vereine und Einrichtungen, sich mit einem Projekt f\u00fcr den Freiwilligentag anzumelden. Vor zwei Jahren wurde im Zuge des Freiwilligentages beispielsweise die Futterk\u00fcche im Vogelpark auf Vordermann gebracht und hat einen frischen Anstrich erhalten. In den Kitas Arche Noah und Paul-Gerhardt wurde das jeweilige Au\u00dfengel\u00e4nde versch\u00f6nert und der Verein B\u00fcrgerengagement hat den Graben an der M\u00f6rderrichtstelle von Unrat sowie Unkraut befreit, um die Wasserdurchl\u00e4ssigkeit zu gew\u00e4hrleisten.<\/p>\n\n\n\n<p>Auch in diesem Jahr sind den Projektideen f\u00fcr den Freiwilligentag keine Grenzen gesetzt: Soll ein Au\u00dfengel\u00e4nde begr\u00fcnt werden oder ein Gemeinschaftsraum ein neues Gesicht bekommen? Stehen irgendwelche handwerklichen Arbeiten an oder braucht man eventuell Unterst\u00fctzung zur Realisierung einer Veranstaltung? All das sind Projekte, die man \u00fcber die Homepage des Freiwilligentags unter <a href=\"http:\/\/www.wir-schaffen-was.de\">www.wir-schaffen-was.de<\/a> eintragen kann. Sobald das Projekt eingetragen ist, ist dieses \u00f6ffentlich einsehbar und interessierte Helfer k\u00f6nnen sich f\u00fcr dieses Projekt anmelden, um dann am 17. September vor Ort dabei zu sein und bei der Umsetzung zu helfen. Die Anmeldeplattform f\u00fcr Vereine, Firmen, Schulen, Kinderg\u00e4rten und weitere Einrichtungen ist ab sofort freigeschaltet und \u00fcber <a href=\"http:\/\/www.wir-schaffen-was.de\">www.wir-schaffen-was.de<\/a> zu erreichen. Als kommunale Ansprechpartnerin f\u00fcr den Freiwilligen Tag 2022 steht au\u00dferdem auch Beate Gebhard-Diehl aus dem Ha\u00dflocher Seniorenb\u00fcro f\u00fcr Fragen zur Verf\u00fcgung (Telefon: 06324-935359, E-Mail: <a href=\"mailto:beate.gebhard-diehl@hassloch.de\">beate.gebhard-diehl@hassloch.de<\/a>).<\/p>\n\n\n\n<p><em>Gemeindeverwaltung Ha\u00dfloch<br>12.04.2022<\/em><\/p>\n\n\n\n<h2 class=\"wp-block-heading\">Auftaktveranstaltung zur Neuaufstellung des Fl\u00e4chennutzungsplans am 10. Mai<\/h2>\n\n\n\n<p>Die Gemeinde Ha\u00dfloch beabsichtigt die Neuaufstellung ihres Fl\u00e4chennutzungsplans. Im Fl\u00e4chennutzungsplan wird f\u00fcr das gesamte Gemeindegebiet die sich aus der beabsichtigten st\u00e4dtebaulichen Entwicklung ergebende Art der Bodennutzung in den Grundz\u00fcgen dargestellt. So werden zum Beispiel die f\u00fcr die Bebauung vorgesehenen Fl\u00e4chen, Fl\u00e4chen f\u00fcr Verkehrsanlagen, Gr\u00fcnfl\u00e4chen, aber auch die Fl\u00e4chen f\u00fcr die Landwirtschaft und Waldfl\u00e4chen abgebildet.<\/p>\n\n\n\n<p>Der Fl\u00e4chennutzungsplan stellt ein Programm der Gemeinde dar, das f\u00fcr sie selbst und andere Beh\u00f6rden bindend ist. F\u00fcr Privatpersonen k\u00f6nnen aus dem Fl\u00e4chennutzungsplan in der Regel keine unmittelbaren rechtlichen Wirkungen abgeleitet werden. Als \u201evorbereitender Bauleitplan\u201c ist der Fl\u00e4chennutzungsplan aber Grundlage f\u00fcr die Entwicklung von Bebauungspl\u00e4nen, die f\u00fcr Teile des Gemeindegebietes aufgestellt werden und verbindliche Regelungen f\u00fcr die B\u00fcrger und die Baugenehmigungsbeh\u00f6rden enthalten.<\/p>\n\n\n\n<p>Zur fr\u00fchzeitigen Einbindung der \u00d6ffentlichkeit in den beginnenden Planungsprozess werden alle interessierten B\u00fcrger zu einer Auftaktveranstaltung eingeladen, in der die allgemeinen Aufgaben und Ziele der Fl\u00e4chennutzungsplanung und der damit verbundenen Landschaftsplanung n\u00e4her erl\u00e4utert werden und die M\u00f6glichkeit gegeben wird, eigene Vorschl\u00e4ge und Anregungen noch vor Erstellung des ersten Planentwurfs in das Verfahren einzubringen.<\/p>\n\n\n\n<p>Die Veranstaltung findet am <strong>Dienstag, den 10.05.2022 um 18:00 Uhr im Kulturviereck, Gillergasse 14, Ha\u00dfloch<\/strong>, statt. Alle interessierten B\u00fcrgerinnen und B\u00fcrger sind eingeladen, eine vorherige Anmeldung ist nicht erforderlich.<\/p>\n\n\n\n<p><em>Gemeindeverwaltung Ha\u00dfloch<br>11.04.2022<\/em><\/p>\n\n\n\n<h2 class=\"wp-block-heading\">Zertifizierung der Ha\u00dflocher Musikschule zur \u201eGesunden Musikschule\u201c<\/h2>\n\n\n\n<div class=\"wp-block-image\"><figure class=\"aligncenter size-full\"><img decoding=\"async\" loading=\"lazy\" width=\"800\" height=\"585\" src=\"https:\/\/speyer24news.com\/wp-content\/uploads\/2022\/04\/Bild-Zertifizierung-im-Saal-Loewer.jpeg\" alt=\"\" class=\"wp-image-44878\" srcset=\"https:\/\/speyer24news.com\/wp-content\/uploads\/2022\/04\/Bild-Zertifizierung-im-Saal-Loewer.jpeg 800w, https:\/\/speyer24news.com\/wp-content\/uploads\/2022\/04\/Bild-Zertifizierung-im-Saal-Loewer-300x219.jpeg 300w, https:\/\/speyer24news.com\/wp-content\/uploads\/2022\/04\/Bild-Zertifizierung-im-Saal-Loewer-768x562.jpeg 768w, https:\/\/speyer24news.com\/wp-content\/uploads\/2022\/04\/Bild-Zertifizierung-im-Saal-Loewer-80x60.jpeg 80w\" sizes=\"(max-width: 800px) 100vw, 800px\" \/><\/figure><\/div>\n\n\n\n<p>Im November 2019 hat Musikschullehrer Wolfgang Singer eine einj\u00e4hrige Aus- und Weiterbildung zum Mentor f\u00fcr Musikschulgesundheit erfolgreich abgeschlossen. Seither fungiert er als wichtiger Multiplikator und hat in Zusammenarbeit mit der Musikschulleitung sowie den Kolleginnen und Kollegen das Thema in den Musikschulalltag integriert. Das Engagement bei der Fokussierung auf die Musikschulgesundheit wurde nun entsprechend gew\u00fcrdigt. Die Ha\u00dflocher Musikschule wurde durch die Internationale Musikschulakademie Schloss Kapfenburg in Zusammenarbeit mit dem <strong>F<\/strong>reiburger <strong>I<\/strong>nstitut f\u00fcr <strong>M<\/strong>usikermedizin offiziell als \u201eGesunden Musikschule\u201c zertifiziert.<\/p>\n\n\n\n<p>\u201eJeder, der mal mehrere Stunden Gitarre, Geige, Cello, Blockfl\u00f6te oder irgendein anderes Instrument am St\u00fcck gespielt hat, wei\u00df, dass man in der Spielsituation keine nat\u00fcrliche K\u00f6rperhaltung einnimmt\u201c, so Hans-Dieter Karsch von der Musikschulakademie Schloss Kapfenburg. Aus diesem Grund wurde mit Spezialisten ein Programm entwickelt, das sich dem Thema Musikschulgesundheit annimmt. Neben der musikalischen Ausbildung wird den Sch\u00fclerinnen und Sch\u00fclern dabei ein solides Grundwissen im Bereich Musikgesundheit vermittelt. Dazu geh\u00f6ren beispielsweise Stressbew\u00e4ltigungs- und Atemtechniken oder die physiologische Haltung am Instrument. So kann man Haltungssch\u00e4den und \u00dcberlastungen, aber auch mentalen Problemen, wie zum Beispiel Auftritts\u00e4ngsten, vorbeugen.<\/p>\n\n\n\n<p>\u201eDie Zertifizierung zur Gesunden Musikschule ist ein Alleinstellungsmerkmal in der Region, auf das wir sehr stolz sind\u201c, so Musikschulleiterin Tatjana Geiger. In der Tat gebe es in Rheinland-Pfalz bisher nur wenige Musikschulen, die eine entsprechende Zertifizierung erhalten haben. Daher hofft Hans-Dieter Karsch, dass die jetzige Auszeichnung der Ha\u00dflocher Musikschule auch Strahlkraft besitze, um weitere Lehrkr\u00e4fte f\u00fcr das Mentorenprogramm zu gewinnen. \u201eF\u00fcr ein ausdrucksstarkes Musizieren mit viel Freude ist das Wohlbefinden des eigenen K\u00f6rpers essentiell\u201c, wei\u00df auch Wolfgang Singer, der inzwischen seit \u00fcber 25 Jahren an der Musikschule Ha\u00dfloch unterrichtet und das Programm zur Musikschulgesundheit in f\u00fcnf Modulen durchlaufen hat.<\/p>\n\n\n\n<p>Die Zertifizierung war eingebettet in ein Vorspiel mehrerer Ensembles: Das Jugendstreichorchester, das Celloorchester, die Veeh-Harfen-Gruppe und das Blockfl\u00f6ten-Ensemble nutzten die Feierstunde f\u00fcr einen ersten \u00f6ffentlichen Auftritt seit langer Zeit. \u201eW\u00e4hrend der Corona-Pandemie mussten viele musikschuleigene Veranstaltungsreihen zur\u00fcckstehen. Somit war es auch f\u00fcr mich der erste Auftritt, den ich in meiner Funktion als zust\u00e4ndiger Dezernent live miterleben durfte\u201c, so der Beigeordnete Thomas G\u00f6tz, der dem gesamten Team der Musikschule ebenfalls zur Zertifizierung gratulierte. \u201eEs\u00a0 war f\u00fcr alle Beteiligten ein sch\u00f6ner Anlass, mal wieder vor Publikum spielen zu k\u00f6nnen, wenngleich es nach so langer Zeit auch mit etwas Aufregung und Lampenfieber verbunden war\u201c, so Musikschulleiterin Tatjana Geiger. Eine weitere Veranstaltung, die das Spielen vor Publikum erm\u00f6glicht, ist bereits in Planung. Am 9. Juli soll es eine neue Auflage von \u201eMusikschule on the Road\u201c geben. Hierbei werden unterschiedliche Ensembles, Bands und Orchester der Musikschule durch den Ha\u00dflocher Ortskern ziehen und an verschiedenen Stationen das Erlernte zum Besten geben. \u201eDie Feierstunde zur Zertifizierung war sozusagen eine erste Generalprobe\u201c, so Geiger weiter.<\/p>\n\n\n\n<p><em>Gemeindeverwaltung Ha\u00dfloch<br>11.04.2022<\/em><\/p>\n","protected":false},"excerpt":{"rendered":"<div class=\"mh-excerpt\"><p>Neuer Musikschulbeirat gew\u00e4hlt Im Rahmen der Feierlichkeiten zur Zertifizierung der Musikschule zur \u201eGesunden Musikschule\u201c wurde auch ein neuer Musikschulbeirat gew\u00e4hlt. Der Beirat hat die Aufgabe, die Interessen der Sch\u00fclerinnen und Sch\u00fcler und ihrer Erziehungsberechtigten gegen\u00fcber <a class=\"mh-excerpt-more\" href=\"https:\/\/speyer24news.com\/?p=44877\" title=\"Ha\u00dfloch\">[&#8230;]<\/a><\/p>\n<\/div>","protected":false},"author":3,"featured_media":25888,"comment_status":"open","ping_status":"open","sticky":false,"template":"","format":"standard","meta":{"_monsterinsights_skip_tracking":false,"_monsterinsights_sitenote_active":false,"_monsterinsights_sitenote_note":"","_monsterinsights_sitenote_category":0,"footnotes":""},"categories":[235],"tags":[13952,13946,13947,13948,13949,13950,13957,13954,13955,7686,13953,180,13951,291,3184,7580,13956,13958],"aioseo_notices":[],"amp_enabled":true,"_links":{"self":[{"href":"https:\/\/speyer24news.com\/index.php?rest_route=\/wp\/v2\/posts\/44877"}],"collection":[{"href":"https:\/\/speyer24news.com\/index.php?rest_route=\/wp\/v2\/posts"}],"about":[{"href":"https:\/\/speyer24news.com\/index.php?rest_route=\/wp\/v2\/types\/post"}],"author":[{"embeddable":true,"href":"https:\/\/speyer24news.com\/index.php?rest_route=\/wp\/v2\/users\/3"}],"replies":[{"embeddable":true,"href":"https:\/\/speyer24news.com\/index.php?rest_route=%2Fwp%2Fv2%2Fcomments&post=44877"}],"version-history":[{"count":1,"href":"https:\/\/speyer24news.com\/index.php?rest_route=\/wp\/v2\/posts\/44877\/revisions"}],"predecessor-version":[{"id":44881,"href":"https:\/\/speyer24news.com\/index.php?rest_route=\/wp\/v2\/posts\/44877\/revisions\/44881"}],"wp:featuredmedia":[{"embeddable":true,"href":"https:\/\/speyer24news.com\/index.php?rest_route=\/wp\/v2\/media\/25888"}],"wp:attachment":[{"href":"https:\/\/speyer24news.com\/index.php?rest_route=%2Fwp%2Fv2%2Fmedia&parent=44877"}],"wp:term":[{"taxonomy":"category","embeddable":true,"href":"https:\/\/speyer24news.com\/index.php?rest_route=%2Fwp%2Fv2%2Fcategories&post=44877"},{"taxonomy":"post_tag","embeddable":true,"href":"https:\/\/speyer24news.com\/index.php?rest_route=%2Fwp%2Fv2%2Ftags&post=44877"}],"curies":[{"name":"wp","href":"https:\/\/api.w.org\/{rel}","templated":true}]}}